{"id":365452,"date":"2023-02-16T16:07:02","date_gmt":"2023-02-16T19:07:02","guid":{"rendered":"https:\/\/www.suno.com.br\/noticias\/?p=365452"},"modified":"2023-02-16T16:24:28","modified_gmt":"2023-02-16T19:24:28","slug":"vale-vale3-acoes-16022023","status":"publish","type":"post","link":"https:\/\/www.suno.com.br\/noticias\/vale-vale3-acoes-16022023\/","title":{"rendered":"Em dia de balan\u00e7o, a\u00e7\u00f5es da Vale (VALE3) operam em alta no Ibovespa; confira cota\u00e7\u00e3o"},"content":{"rendered":"<p>Em dia de balan\u00e7o financeiro do quatro trimestre de 2022, as a\u00e7\u00f5es da&nbsp;<strong>Vale<\/strong>&nbsp;(VALE3) operam em alta nesta quinta-feira (16). Por volta das 16h, as a\u00e7\u00f5es da mineradora avan\u00e7avam 1,01%, cotadas a R$ 89,90, ap\u00f3s uma semana de volatilidade nos pap\u00e9is, com quedas di\u00e1rias. Junto a alta da blue chip, o Ibovespa avan\u00e7a 0,07% aos 109.681 pontos. <\/p>\t<div class=\"wrapper-featured-image\">\n\t\t<figure class=\"spotlightImg\">\n\n\t\t\t<picture>\n\t\t\t\t<source media=\"(max-width: 768px)\" srcset=\"https:\/\/files.sunoresearch.com.br\/n\/uploads\/2021\/02\/7945dc6a-image_processing20200201-29235-jyogwq_easy-resize.com_-400x200.webp\">\n\t\t\t\t<img loading=\"lazy\" decoding=\"async\" class=\"newsContent__article__imgCapa lazyloadDisabled \" src=\"https:\/\/files.sunoresearch.com.br\/n\/uploads\/2021\/02\/7945dc6a-image_processing20200201-29235-jyogwq_easy-resize.com_-800x450.webp\" width=\"800\" height=\"450\" alt=\"Em dia de balan\u00e7o, a\u00e7\u00f5es da Vale (VALE3) operam em alta no Ibovespa; confira cota\u00e7\u00e3o\" fetchpriority=high \/>\n\t\t\t<\/picture>\n\n\t\t\t<figcaption class=\"wp-caption-text wp-caption-text--show\">Vale (VALE3). Foto: Reprodu\u00e7\u00e3o\/Facebook<\/figcaption>\n\t\t<\/figure>\n\t<\/div>\n\n\n\n\n\n\t<p>\n\t\t<a href=\"\" target=\"_blank\" data-element=\"shortcode-suno-banner\" title=\"Banner SUNO, clique e saiba mais\">\n\t\t\t<picture>\n\t\t\t\t<source media=\"(max-width: 500px)\" srcset=\"\">\n\t\t\t\t<img class=\"newsContent__article__imgCapa newsContent__article__imgCapa--banner\"\n\t\t\t\t\tsrc=\"\"\n\t\t\t\t\tdata-promo-id=\"89005\"\t\t\t\t\t\t\t\t\t\t\t\t\t\t\talt=\"\"\n\t\t\t\t>\n\t\t\t<\/picture>\n\t\t<\/a>\n\t<\/p>\n\n\n\n\n\n<p>No \u00faltimo m\u00eas, os&nbsp;<strong>ativos da Vale<\/strong>&nbsp;operaram com uma desvaloriza\u00e7\u00e3o de 3,93%. No entanto, no acumulado dos \u00faltimos 12 meses, subiram 14,47%, de acordo com os dados do&nbsp;<a href=\"https:\/\/statusinvest.com.br\/acoes\/vale3?__hstc=189907700.06ce5f9bd2d3492cf6a03ae3f979f831.1672843763501.1676567878160.1676571446866.170&amp;__hssc=189907700.6.1676571446866&amp;__hsfp=1782981590\" target=\"_blank\" rel=\"noreferrer noopener\">Status Invest<\/a>.<\/p>\n\n\n\n<p>Apesar disso, junto \u00e0&nbsp;<strong>alta da Vale no Ibovespa<\/strong>, as empresas do setor de minera\u00e7\u00e3o e siderurgia operam em volatilidade, com perdas e ganhos entre os pares.<\/p>\n\n\n\t<p>\n\t\t<a href=\"https:\/\/lp.suno.com.br\/planilha-controle-gastos\/\" target=\"_blank\" data-element=\"shortcode-suno-banner\" title=\"Banner SUNO, clique e saiba mais\">\n\t\t\t<picture>\n\t\t\t\t<source media=\"(max-width: 500px)\" srcset=\"https:\/\/files.sunoresearch.com.br\/n\/uploads\/2023\/03\/400x300-Planilha-controle-de-gastos.png\">\n\t\t\t\t<img class=\"newsContent__article__imgCapa newsContent__article__imgCapa--banner\"\n\t\t\t\t\tsrc=\"https:\/\/files.sunoresearch.com.br\/n\/uploads\/2023\/03\/1420x240-Planilha-controle-de-gastos.png\"\n\t\t\t\t\tdata-promo-id=\"101751\"\t\t\t\t\t\t\t\t\t\twidth='1420' height='240'\t\t\t\t\talt=\"https:\/\/files.sunoresearch.com.br\/n\/uploads\/2023\/03\/1420x240-Planilha-controle-de-gastos.png\"\n\t\t\t\t>\n\t\t\t<\/picture>\n\t\t<\/a>\n\t<\/p>\n\n\n\n\n\n<p>Entre o desempenho das a\u00e7\u00f5es em minera\u00e7\u00e3o e siderurgia na bolsa hoje:<\/p>\n\n\n\n<ul class=\"wp-block-list\">\n<li>CSN (CSNA3): +2,26%<\/li>\n\n\n\n<li>Usiminas (USIM5): +0,41%<\/li>\n\n\n\n<li>Metal\u00fargica Gerdau (GOAU4): +1,75%<\/li>\n\n\n\n<li>Gerdau (GGBR4): +1,68%<\/li>\n<\/ul>\n\n\n\n<p>Entre as raz\u00f5es para a&nbsp;<strong>alta da Vale no Ibovespa<\/strong>&nbsp;est\u00e1 a cota\u00e7\u00e3o do min\u00e9rio de ferro. Ap\u00f3s um recente freio no \u201crali\u201d, a commodity voltou a ganhar a aten\u00e7\u00e3o dos investidores que a poss\u00edvel recupera\u00e7\u00e3o da demanda chinesa.<\/p>\n\n\n\n<p>Nesta quinta-feira, o min\u00e9rio de ferro, negociado na bolsa de Dalian, avan\u00e7ou 1,79% e fechou em aproximadamente a US$ 128,35 (880 iuanes) a tonelada.<\/p>\n\n\n\t<p>\n\t\t<a href=\"https:\/\/lp.suno.com.br\/planilha-da-vida-financeira\/\" target=\"_blank\" data-element=\"shortcode-suno-banner\" title=\"Banner SUNO, clique e saiba mais\">\n\t\t\t<picture>\n\t\t\t\t<source media=\"(max-width: 500px)\" srcset=\"https:\/\/files.sunoresearch.com.br\/n\/uploads\/2023\/04\/400x300-Planilha-vida-financeira-true.png\">\n\t\t\t\t<img class=\"newsContent__article__imgCapa newsContent__article__imgCapa--banner\"\n\t\t\t\t\tsrc=\"https:\/\/files.sunoresearch.com.br\/n\/uploads\/2023\/04\/1420x240-Planilha-vida-financeira-true.png\"\n\t\t\t\t\tdata-promo-id=\"106682\"\t\t\t\t\t\t\t\t\t\twidth='1420' height='240'\t\t\t\t\talt=\"https:\/\/files.sunoresearch.com.br\/n\/uploads\/2023\/04\/1420x240-Planilha-vida-financeira-true.png\"\n\t\t\t\t>\n\t\t\t<\/picture>\n\t\t<\/a>\n\t<\/p>\n\n\n\n\n\n<h2 class=\"wp-block-heading\" id=\"h-lucro-da-vale-vai-cair-pela-metade-no-4t22-veja-as-projecoes-de-especialistas\">Lucro da Vale vai cair pela metade no 4T22? Veja as proje\u00e7\u00f5es de especialistas<\/h2>\n\n\n\n<p>A&nbsp;<strong>Vale<\/strong>&nbsp;divulgou na \u00faltima semana o seu&nbsp;<a href=\"https:\/\/www.suno.com.br\/noticias\/vale-vale3-relatorio-producao-minerio-4t22\/\" target=\"_blank\" rel=\"noreferrer noopener\">relat\u00f3rio de produ\u00e7\u00e3o<\/a>&nbsp;referente ao quarto trimestre e \u00e0 soma de 2022. Com resultados abaixo da meta da pr\u00f3pria mineradora, e um poss\u00edvel freio no recente rali da commodity na China, o balan\u00e7o financeiro \u2014 que ser\u00e1 divulgado dia 16 \u2014 \u00e9 esperado com quedas em alguns indicadores, com destaque para o&nbsp;<a href=\"https:\/\/www.suno.com.br\/artigos\/lucro-liquido\/\" target=\"_blank\" rel=\"noreferrer noopener\">lucro l\u00edquido<\/a>.<\/p>\n\n\n\t<div data-element=\"shortcode-read-more\" class=\"knowMore\">\n\t\t\t\t<span class=\"knowMore__title\">Leia mais<\/span>\n\t\t\t\t<a class=\"knowMore__link\" href=\"https:\/\/www.suno.com.br\/noticias\/vale-vale3-previa-balanco-4t22\/\">\n\t\t\tLucro da Vale (VALE3) vai cair pela metade no 4T22? Veja as proje\u00e7\u00f5es de especialistas\t\t<\/a>\n\t<\/div>\n\n\n\n\n<p>Em rela\u00e7\u00e3o ao<strong>&nbsp;lucro l\u00edquido da Vale no 4T22<\/strong>, apenas a Genial projetou um valor \u2014 e n\u00e3o \u00e9 o dos mais otimistas. A casa espera que os ganhos apresentados tanto no min\u00e9rio de ferro quanto nos metais b\u00e1sicos reflitam em um resultado no&nbsp;<a target=\"_blank\" href=\"https:\/\/www.suno.com.br\/artigos\/lucro-liquido\/\" rel=\"noreferrer noopener\">lucro l\u00edquido<\/a>&nbsp;de US$ 3 bilh\u00f5es.&nbsp;<\/p>\n\n\n\t<p>\n\t\t<a href=\"https:\/\/lp.suno.com.br\/ebook-como-analisar-uma-acao\/\" target=\"_blank\" data-element=\"shortcode-suno-banner\" title=\"Banner SUNO, clique e saiba mais\">\n\t\t\t<picture>\n\t\t\t\t<source media=\"(max-width: 500px)\" srcset=\"https:\/\/files.sunoresearch.com.br\/n\/uploads\/2023\/03\/Ebook-Acoes-Mobile-1.jpg\">\n\t\t\t\t<img class=\"newsContent__article__imgCapa newsContent__article__imgCapa--banner\"\n\t\t\t\t\tsrc=\"https:\/\/files.sunoresearch.com.br\/n\/uploads\/2023\/03\/Ebook-Acoes-Desktop-1.jpg\"\n\t\t\t\t\tdata-promo-id=\"171998\"\t\t\t\t\t\t\t\t\t\twidth='1420' height='286'\t\t\t\t\talt=\"https:\/\/files.sunoresearch.com.br\/n\/uploads\/2023\/03\/Ebook-Acoes-Desktop-1.jpg\"\n\t\t\t\t>\n\t\t\t<\/picture>\n\t\t<\/a>\n\t<\/p>\n\n\n\n\n\n<p>\u201cA base comparativa no trimestre\/trimestre sofre efeito n\u00e3o recorrente, que ajudou no aumento de&nbsp;<a target=\"_blank\" href=\"https:\/\/www.suno.com.br\/artigos\/lucro-liquido\/\" rel=\"noreferrer noopener\">lucro l\u00edquido<\/a>&nbsp;no 3T22. No 4T21 a companhia auferiu lucro l\u00edquido recorde por topo de ciclo do min\u00e9rio de ferro.\u201d<\/p>\n\n\n\n<p>\u00c9 importante lembrar que, no 3T22, a <strong>Vale<\/strong> obteve um&nbsp;<a href=\"https:\/\/www.suno.com.br\/artigos\/lucro-liquido\/\" target=\"_blank\" rel=\"noreferrer noopener\">lucro l\u00edquido<\/a>&nbsp;de US$ 4,45 bilh\u00f5es e de<a href=\"https:\/\/www.suno.com.br\/noticias\/vale-vale3-lucro-4t21-2021-salta-4-vezes\/\">&nbsp;US$ 5,42 bilh\u00f5es no 4T21<\/a>&nbsp;(resultado recorde). Se a proje\u00e7\u00e3o da Genial se cumprir, \u00e9 esperada uma queda de 32% frente ao trimestre imediatamente anterior e de 55% na compara\u00e7\u00e3o anual.<\/p>\n\n\n\t<p>\n\t\t<a href=\"https:\/\/lp.suno.com.br\/planilha-de-controle-de-investimentos\/\" target=\"_blank\" data-element=\"shortcode-suno-banner\" title=\"Banner SUNO, clique e saiba mais\">\n\t\t\t<picture>\n\t\t\t\t<source media=\"(max-width: 500px)\" srcset=\"https:\/\/files.sunoresearch.com.br\/n\/uploads\/2023\/03\/400x300-Controle-de-Investimentos.png\">\n\t\t\t\t<img class=\"newsContent__article__imgCapa newsContent__article__imgCapa--banner\"\n\t\t\t\t\tsrc=\"https:\/\/files.sunoresearch.com.br\/n\/uploads\/2023\/03\/1420x240-Controle-de-Investimentos.png\"\n\t\t\t\t\tdata-promo-id=\"75934\"\t\t\t\t\t\t\t\t\t\twidth='1420' height='240'\t\t\t\t\talt=\"https:\/\/files.sunoresearch.com.br\/n\/uploads\/2023\/03\/1420x240-Controle-de-Investimentos.png\"\n\t\t\t\t>\n\t\t\t<\/picture>\n\t\t<\/a>\n\t<\/p>\n\n\n\n\n\t\t<div class=\"web-stories-list alignnone has-archive-link is-view-type-carousel is-style-default is-carousel\" data-id=\"1\">\n\t\t\t<div\n\t\t\tclass=\"web-stories-list__inner-wrapper carousel-1\"\n\t\t\tstyle=\"--ws-story-max-width:185px\"\n\t\t\t>\n\t\t\t\t\t\t<div class=\"web-stories-list__archive-link\">\n\t\t\t<a href=\"https:\/\/www.suno.com.br\/noticias\/web-stories\/\">\n\t\t\t\tConfira os melhores webstories!\t\t\t<\/a>\n\t\t<\/div>\n\t\t\t\t\t\t\t<div\n\t\t\t\t\tclass=\"web-stories-list__carousel carousel\"\n\t\t\t\t\tdata-id=\"carousel-1\"\n\t\t\t\t\tdata-prev=\"Voltar\"\n\t\t\t\t\tdata-next=\"Avan\u00e7ar\"\n\t\t\t\t\t>\n\t\t\t\t\t\t\t\t\t<div\n\t\t\t\tclass=\"web-stories-list__story\"\n\t\t\t\tdata-wp-interactive=\"web-stories-block\"\n\t\t\t\tdata-wp-context='{\"instanceId\":1}'\t\t\t\tdata-wp-on--click=\"actions.open\"\n\t\t\t\tdata-wp-on-window--popstate=\"actions.onPopstate\"\n\t\t\t\t>\n\t\t\t\t\t\t\t<div class=\"web-stories-list__story-poster\">\n\t\t\t\t<a href=\"https:\/\/www.suno.com.br\/noticias\/web-stories\/por-que-as-acoes-da-nvidia-estao-despencando\/\" >\n\t\t\t\t\t<img\n\t\t\t\t\t\tsrc=\"https:\/\/files.sunoresearch.com.br\/n\/uploads\/2025\/11\/cropped-pexels-stasknop-19356873-scaled-1.webp\"\n\t\t\t\t\t\talt=\"Por que as a\u00e7\u00f5es da Nvidia est\u00e3o despencando?\"\n\t\t\t\t\t\twidth=\"185\"\n\t\t\t\t\t\theight=\"308\"\n\t\t\t\t\t\t\t\t\t\t\t\t\tsrcset=\"https:\/\/files.sunoresearch.com.br\/n\/uploads\/2025\/11\/cropped-pexels-stasknop-19356873-scaled-1.webp 640w, https:\/\/files.sunoresearch.com.br\/n\/uploads\/2025\/11\/cropped-pexels-stasknop-19356873-scaled-1-225x300.webp 225w, https:\/\/files.sunoresearch.com.br\/n\/uploads\/2025\/11\/cropped-pexels-stasknop-19356873-scaled-1-150x200.webp 150w\"\n\t\t\t\t\t\t\t\t\t\t\t\t\t\t\t\t\t\t\tsizes=\"(max-width: 640px) 100vw, 640px\"\n\t\t\t\t\t\t\t\t\t\t\t\tloading=\"lazy\"\n\t\t\t\t\t\tdecoding=\"async\"\n\t\t\t\t\t>\n\t\t\t\t<\/a>\n\t\t\t<\/div>\n\t\t\t\t\t<div class=\"web-stories-list__story-content-overlay\">\n\t\t\t\t\t\t\t<div class=\"story-content-overlay__title\">\n\t\t\t\t\tPor que as a\u00e7\u00f5es da Nvidia est\u00e3o despencando?\t\t\t\t<\/div>\n\t\t\t\n\t\t\t\n\t\t\t\n\t\t\t\t\t<\/div>\n\t\t\t\t\t<\/div>\n\t\t\t\t\t\t<div\n\t\t\t\tclass=\"web-stories-list__story\"\n\t\t\t\tdata-wp-interactive=\"web-stories-block\"\n\t\t\t\tdata-wp-context='{\"instanceId\":1}'\t\t\t\tdata-wp-on--click=\"actions.open\"\n\t\t\t\tdata-wp-on-window--popstate=\"actions.onPopstate\"\n\t\t\t\t>\n\t\t\t\t\t\t\t<div class=\"web-stories-list__story-poster\">\n\t\t\t\t<a href=\"https:\/\/www.suno.com.br\/noticias\/web-stories\/quanto-falta-para-elon-musk-se-tornar-trilionario\/\" >\n\t\t\t\t\t<img\n\t\t\t\t\t\tsrc=\"https:\/\/files.sunoresearch.com.br\/n\/uploads\/2026\/01\/cropped-Elon-Musk-jpg.webp\"\n\t\t\t\t\t\talt=\"Quanto falta para Elon Musk se tornar trilion\u00e1rio?\"\n\t\t\t\t\t\twidth=\"185\"\n\t\t\t\t\t\theight=\"308\"\n\t\t\t\t\t\t\t\t\t\t\t\t\tsrcset=\"https:\/\/files.sunoresearch.com.br\/n\/uploads\/2026\/01\/cropped-Elon-Musk-jpg.webp 640w, https:\/\/files.sunoresearch.com.br\/n\/uploads\/2026\/01\/cropped-Elon-Musk-jpg-225x300.webp 225w, https:\/\/files.sunoresearch.com.br\/n\/uploads\/2026\/01\/cropped-Elon-Musk-jpg-150x200.webp 150w\"\n\t\t\t\t\t\t\t\t\t\t\t\t\t\t\t\t\t\t\tsizes=\"(max-width: 640px) 100vw, 640px\"\n\t\t\t\t\t\t\t\t\t\t\t\tloading=\"lazy\"\n\t\t\t\t\t\tdecoding=\"async\"\n\t\t\t\t\t>\n\t\t\t\t<\/a>\n\t\t\t<\/div>\n\t\t\t\t\t<div class=\"web-stories-list__story-content-overlay\">\n\t\t\t\t\t\t\t<div class=\"story-content-overlay__title\">\n\t\t\t\t\tQuanto falta para Elon Musk se tornar trilion\u00e1rio?\t\t\t\t<\/div>\n\t\t\t\n\t\t\t\n\t\t\t\n\t\t\t\t\t<\/div>\n\t\t\t\t\t<\/div>\n\t\t\t\t\t\t<div\n\t\t\t\tclass=\"web-stories-list__story\"\n\t\t\t\tdata-wp-interactive=\"web-stories-block\"\n\t\t\t\tdata-wp-context='{\"instanceId\":1}'\t\t\t\tdata-wp-on--click=\"actions.open\"\n\t\t\t\tdata-wp-on-window--popstate=\"actions.onPopstate\"\n\t\t\t\t>\n\t\t\t\t\t\t\t<div class=\"web-stories-list__story-poster\">\n\t\t\t\t<a href=\"https:\/\/www.suno.com.br\/noticias\/web-stories\/ate-onde-vai-a-alta-do-ibovespa\/\" >\n\t\t\t\t\t<img\n\t\t\t\t\t\tsrc=\"https:\/\/files.sunoresearch.com.br\/n\/uploads\/2025\/11\/cropped-iStock-1215609239-jpg.webp\"\n\t\t\t\t\t\talt=\"At\u00e9 onde vai a alta do Ibovespa?\"\n\t\t\t\t\t\twidth=\"185\"\n\t\t\t\t\t\theight=\"308\"\n\t\t\t\t\t\t\t\t\t\t\t\t\tsrcset=\"https:\/\/files.sunoresearch.com.br\/n\/uploads\/2025\/11\/cropped-iStock-1215609239-jpg.webp 640w, https:\/\/files.sunoresearch.com.br\/n\/uploads\/2025\/11\/cropped-iStock-1215609239-jpg-225x300.webp 225w, https:\/\/files.sunoresearch.com.br\/n\/uploads\/2025\/11\/cropped-iStock-1215609239-jpg-150x200.webp 150w\"\n\t\t\t\t\t\t\t\t\t\t\t\t\t\t\t\t\t\t\tsizes=\"(max-width: 640px) 100vw, 640px\"\n\t\t\t\t\t\t\t\t\t\t\t\tloading=\"lazy\"\n\t\t\t\t\t\tdecoding=\"async\"\n\t\t\t\t\t>\n\t\t\t\t<\/a>\n\t\t\t<\/div>\n\t\t\t\t\t<div class=\"web-stories-list__story-content-overlay\">\n\t\t\t\t\t\t\t<div class=\"story-content-overlay__title\">\n\t\t\t\t\tAt\u00e9 onde vai a alta do Ibovespa?\t\t\t\t<\/div>\n\t\t\t\n\t\t\t\n\t\t\t\n\t\t\t\t\t<\/div>\n\t\t\t\t\t<\/div>\n\t\t\t\t\t\t<div\n\t\t\t\tclass=\"web-stories-list__story\"\n\t\t\t\tdata-wp-interactive=\"web-stories-block\"\n\t\t\t\tdata-wp-context='{\"instanceId\":1}'\t\t\t\tdata-wp-on--click=\"actions.open\"\n\t\t\t\tdata-wp-on-window--popstate=\"actions.onPopstate\"\n\t\t\t\t>\n\t\t\t\t\t\t\t<div class=\"web-stories-list__story-poster\">\n\t\t\t\t<a href=\"https:\/\/www.suno.com.br\/noticias\/web-stories\/banco-brasileiro-itau-lista-marcas-mais-valiosas-mundo\/\" >\n\t\t\t\t\t<img\n\t\t\t\t\t\tsrc=\"https:\/\/files.sunoresearch.com.br\/n\/uploads\/2024\/01\/cropped-predio-itau.webp\"\n\t\t\t\t\t\talt=\"Banco brasileiro est\u00e1 entre as 500 marcas mais valiosas do mundo\"\n\t\t\t\t\t\twidth=\"185\"\n\t\t\t\t\t\theight=\"308\"\n\t\t\t\t\t\t\t\t\t\t\t\t\tsrcset=\"https:\/\/files.sunoresearch.com.br\/n\/uploads\/2024\/01\/cropped-predio-itau.webp 640w, https:\/\/files.sunoresearch.com.br\/n\/uploads\/2024\/01\/cropped-predio-itau-225x300.webp 225w, https:\/\/files.sunoresearch.com.br\/n\/uploads\/2024\/01\/cropped-predio-itau-150x200.webp 150w\"\n\t\t\t\t\t\t\t\t\t\t\t\t\t\t\t\t\t\t\tsizes=\"(max-width: 640px) 100vw, 640px\"\n\t\t\t\t\t\t\t\t\t\t\t\tloading=\"lazy\"\n\t\t\t\t\t\tdecoding=\"async\"\n\t\t\t\t\t>\n\t\t\t\t<\/a>\n\t\t\t<\/div>\n\t\t\t\t\t<div class=\"web-stories-list__story-content-overlay\">\n\t\t\t\t\t\t\t<div class=\"story-content-overlay__title\">\n\t\t\t\t\tBanco brasileiro est\u00e1 entre as 500 marcas mais valiosas do mundo\t\t\t\t<\/div>\n\t\t\t\n\t\t\t\n\t\t\t\n\t\t\t\t\t<\/div>\n\t\t\t\t\t<\/div>\n\t\t\t\t\t\t<div\n\t\t\t\tclass=\"web-stories-list__story\"\n\t\t\t\tdata-wp-interactive=\"web-stories-block\"\n\t\t\t\tdata-wp-context='{\"instanceId\":1}'\t\t\t\tdata-wp-on--click=\"actions.open\"\n\t\t\t\tdata-wp-on-window--popstate=\"actions.onPopstate\"\n\t\t\t\t>\n\t\t\t\t\t\t\t<div class=\"web-stories-list__story-poster\">\n\t\t\t\t<a href=\"https:\/\/www.suno.com.br\/noticias\/web-stories\/flamengo-lista-times-mais-ricos-do-mundo-hoje\/\" >\n\t\t\t\t\t<img\n\t\t\t\t\t\tsrc=\"https:\/\/files.sunoresearch.com.br\/n\/uploads\/2026\/01\/cropped-brazil-6755874_1280-jpg.webp\"\n\t\t\t\t\t\talt=\"Flamengo na lista! Veja os times mais ricos do mundo hoje\"\n\t\t\t\t\t\twidth=\"185\"\n\t\t\t\t\t\theight=\"308\"\n\t\t\t\t\t\t\t\t\t\t\t\t\tsrcset=\"https:\/\/files.sunoresearch.com.br\/n\/uploads\/2026\/01\/cropped-brazil-6755874_1280-jpg.webp 640w, https:\/\/files.sunoresearch.com.br\/n\/uploads\/2026\/01\/cropped-brazil-6755874_1280-jpg-225x300.webp 225w, https:\/\/files.sunoresearch.com.br\/n\/uploads\/2026\/01\/cropped-brazil-6755874_1280-jpg-150x200.webp 150w\"\n\t\t\t\t\t\t\t\t\t\t\t\t\t\t\t\t\t\t\tsizes=\"(max-width: 640px) 100vw, 640px\"\n\t\t\t\t\t\t\t\t\t\t\t\tloading=\"lazy\"\n\t\t\t\t\t\tdecoding=\"async\"\n\t\t\t\t\t>\n\t\t\t\t<\/a>\n\t\t\t<\/div>\n\t\t\t\t\t<div class=\"web-stories-list__story-content-overlay\">\n\t\t\t\t\t\t\t<div class=\"story-content-overlay__title\">\n\t\t\t\t\tFlamengo na lista! Veja os times mais ricos do mundo hoje\t\t\t\t<\/div>\n\t\t\t\n\t\t\t\n\t\t\t\n\t\t\t\t\t<\/div>\n\t\t\t\t\t<\/div>\n\t\t\t\t\t\t\t\t<\/div>\n\t\t\t\t\t<div tabindex=\"0\" aria-label=\"Voltar\" class=\"glider-prev\"><\/div>\n\t\t\t\t\t<div tabindex=\"0\" aria-label=\"Avan\u00e7ar\" class=\"glider-next\"><\/div>\n\t\t\t\t\t\t\t\t<\/div>\n\t\t<\/div>\n\t\t","protected":false},"excerpt":{"rendered":"<p>Em dia de balan\u00e7o financeiro do quatro trimestre de 2022, as a\u00e7\u00f5es da&nbsp;Vale&nbsp;(VALE3) operam em alta nesta quinta-feira (16). Por volta das 16h, as a\u00e7\u00f5es da mineradora avan\u00e7avam 1,01%, cotadas a R$ 89,90, ap\u00f3s uma semana de volatilidade nos pap\u00e9is, com quedas di\u00e1rias. Junto a alta da blue chip, o Ibovespa avan\u00e7a 0,07% aos 109.681 [&hellip;]<\/p>\n","protected":false},"author":233,"featured_media":121098,"comment_status":"closed","ping_status":"closed","sticky":false,"template":"","format":"standard","meta":[],"categories":[60],"tags":[286,676],"suno_strategy":[],"class_list":["post-365452","post","type-post","status-publish","format-standard","has-post-thumbnail","hentry","category-mercado","tag-acoes","tag-vale-vale3"],"yoast_head":"<!-- This site is optimized with the Yoast SEO plugin v24.4 - https:\/\/yoast.com\/wordpress\/plugins\/seo\/ -->\n<title>Em dia de balan\u00e7o, a\u00e7\u00f5es da Vale (VALE3) operam em alta no Ibovespa<\/title>\n<meta name=\"description\" content=\"As a\u00e7\u00f5es da Vale (VALE3) sobem no preg\u00e3o desta quinta. Por volta das 15h30, os pap\u00e9is da companhia tinham alta de 0,95%. Entenda!\" \/>\n<meta name=\"robots\" content=\"index, follow, max-snippet:-1, max-image-preview:large, max-video-preview:-1\" \/>\n<link rel=\"canonical\" href=\"https:\/\/www.suno.com.br\/noticias\/vale-vale3-acoes-16022023\/\" \/>\n<meta property=\"og:locale\" content=\"pt_BR\" \/>\n<meta property=\"og:type\" content=\"article\" \/>\n<meta property=\"og:title\" content=\"Em dia de balan\u00e7o, a\u00e7\u00f5es da Vale (VALE3) operam em alta no Ibovespa\" \/>\n<meta property=\"og:description\" content=\"As a\u00e7\u00f5es da Vale (VALE3) sobem no preg\u00e3o desta quinta. Por volta das 15h30, os pap\u00e9is da companhia tinham alta de 0,95%. Entenda!\" \/>\n<meta property=\"og:url\" content=\"https:\/\/www.suno.com.br\/noticias\/vale-vale3-acoes-16022023\/\" \/>\n<meta property=\"og:site_name\" content=\"Suno Not\u00edcias\" \/>\n<meta property=\"article:publisher\" content=\"https:\/\/facebook.com\/sunoresearch\" \/>\n<meta property=\"og:image\" content=\"https:\/\/files.sunoresearch.com.br\/n\/uploads\/2021\/02\/7945dc6a-image_processing20200201-29235-jyogwq_easy-resize.com_.jpg\" \/>\n\t<meta property=\"og:image:width\" content=\"1280\" \/>\n\t<meta property=\"og:image:height\" content=\"822\" \/>\n\t<meta property=\"og:image:type\" content=\"image\/jpeg\" \/>\n<meta name=\"author\" content=\"Janize Cola\u00e7o\" \/>\n<meta name=\"twitter:card\" content=\"summary_large_image\" \/>\n<meta name=\"twitter:creator\" content=\"@sunoresearch\" \/>\n<meta name=\"twitter:site\" content=\"@sunoresearch\" \/>\n<meta name=\"twitter:label1\" content=\"Escrito por\" \/>\n\t<meta name=\"twitter:data1\" content=\"Janize Cola\u00e7o\" \/>\n\t<meta name=\"twitter:label2\" content=\"Est. tempo de leitura\" \/>\n\t<meta name=\"twitter:data2\" content=\"3 minutos\" \/>\n<script type=\"application\/ld+json\" class=\"yoast-schema-graph\">{\"@context\":\"https:\/\/schema.org\",\"@graph\":[{\"@type\":\"NewsArticle\",\"@id\":\"https:\/\/www.suno.com.br\/noticias\/vale-vale3-acoes-16022023\/#article\",\"isPartOf\":{\"@id\":\"https:\/\/www.suno.com.br\/noticias\/vale-vale3-acoes-16022023\/\"},\"author\":{\"name\":\"Janize Cola\u00e7o\",\"@id\":\"https:\/\/www.suno.com.br\/noticias\/#\/schema\/person\/d689f06da5678e1f0b1ee402f001d676\"},\"headline\":\"Em dia de balan\u00e7o, a\u00e7\u00f5es da Vale (VALE3) operam em alta no Ibovespa; confira cota\u00e7\u00e3o\",\"datePublished\":\"2023-02-16T19:07:02+00:00\",\"dateModified\":\"2023-02-16T19:24:28+00:00\",\"mainEntityOfPage\":{\"@id\":\"https:\/\/www.suno.com.br\/noticias\/vale-vale3-acoes-16022023\/\"},\"wordCount\":484,\"publisher\":{\"@id\":\"https:\/\/www.suno.com.br\/noticias\/#organization\"},\"image\":{\"@id\":\"https:\/\/www.suno.com.br\/noticias\/vale-vale3-acoes-16022023\/#primaryimage\"},\"thumbnailUrl\":\"https:\/\/files.sunoresearch.com.br\/n\/uploads\/2021\/02\/7945dc6a-image_processing20200201-29235-jyogwq_easy-resize.com_-jpg.webp\",\"keywords\":[\"A\u00e7\u00f5es\",\"Vale (VALE3)\"],\"articleSection\":[\"Mercado\"],\"inLanguage\":\"pt-BR\"},{\"@type\":\"WebPage\",\"@id\":\"https:\/\/www.suno.com.br\/noticias\/vale-vale3-acoes-16022023\/\",\"url\":\"https:\/\/www.suno.com.br\/noticias\/vale-vale3-acoes-16022023\/\",\"name\":\"Em dia de balan\u00e7o, a\u00e7\u00f5es da Vale (VALE3) operam em alta no Ibovespa\",\"isPartOf\":{\"@id\":\"https:\/\/www.suno.com.br\/noticias\/#website\"},\"primaryImageOfPage\":{\"@id\":\"https:\/\/www.suno.com.br\/noticias\/vale-vale3-acoes-16022023\/#primaryimage\"},\"image\":{\"@id\":\"https:\/\/www.suno.com.br\/noticias\/vale-vale3-acoes-16022023\/#primaryimage\"},\"thumbnailUrl\":\"https:\/\/files.sunoresearch.com.br\/n\/uploads\/2021\/02\/7945dc6a-image_processing20200201-29235-jyogwq_easy-resize.com_-jpg.webp\",\"datePublished\":\"2023-02-16T19:07:02+00:00\",\"dateModified\":\"2023-02-16T19:24:28+00:00\",\"description\":\"As a\u00e7\u00f5es da Vale (VALE3) sobem no preg\u00e3o desta quinta. Por volta das 15h30, os pap\u00e9is da companhia tinham alta de 0,95%. Entenda!\",\"breadcrumb\":{\"@id\":\"https:\/\/www.suno.com.br\/noticias\/vale-vale3-acoes-16022023\/#breadcrumb\"},\"inLanguage\":\"pt-BR\",\"potentialAction\":[{\"@type\":\"ReadAction\",\"target\":[\"https:\/\/www.suno.com.br\/noticias\/vale-vale3-acoes-16022023\/\"]}]},{\"@type\":\"ImageObject\",\"inLanguage\":\"pt-BR\",\"@id\":\"https:\/\/www.suno.com.br\/noticias\/vale-vale3-acoes-16022023\/#primaryimage\",\"url\":\"https:\/\/files.sunoresearch.com.br\/n\/uploads\/2021\/02\/7945dc6a-image_processing20200201-29235-jyogwq_easy-resize.com_-jpg.webp\",\"contentUrl\":\"https:\/\/files.sunoresearch.com.br\/n\/uploads\/2021\/02\/7945dc6a-image_processing20200201-29235-jyogwq_easy-resize.com_-jpg.webp\",\"width\":1280,\"height\":822,\"caption\":\"Vale (VALE3). Foto: Reprodu\u00e7\u00e3o\/Facebook\"},{\"@type\":\"BreadcrumbList\",\"@id\":\"https:\/\/www.suno.com.br\/noticias\/vale-vale3-acoes-16022023\/#breadcrumb\",\"itemListElement\":[{\"@type\":\"ListItem\",\"position\":1,\"name\":\"Not\u00edcias\",\"item\":\"https:\/\/www.suno.com.br\/noticias\/\"},{\"@type\":\"ListItem\",\"position\":2,\"name\":\"Mercado\",\"item\":\"https:\/\/www.suno.com.br\/noticias\/mercado\/\"},{\"@type\":\"ListItem\",\"position\":3,\"name\":\"Em dia de balan\u00e7o, a\u00e7\u00f5es da Vale (VALE3) operam em alta no Ibovespa; confira cota\u00e7\u00e3o\"}]},{\"@type\":\"WebSite\",\"@id\":\"https:\/\/www.suno.com.br\/noticias\/#website\",\"url\":\"https:\/\/www.suno.com.br\/noticias\/\",\"name\":\"Suno Not\u00edcias\",\"description\":\"Seu portal de informa\u00e7\u00e3o sobre o mundo dos investimentos\",\"publisher\":{\"@id\":\"https:\/\/www.suno.com.br\/noticias\/#organization\"},\"potentialAction\":[{\"@type\":\"SearchAction\",\"target\":{\"@type\":\"EntryPoint\",\"urlTemplate\":\"https:\/\/www.suno.com.br\/noticias\/?s={search_term_string}\"},\"query-input\":{\"@type\":\"PropertyValueSpecification\",\"valueRequired\":true,\"valueName\":\"search_term_string\"}}],\"inLanguage\":\"pt-BR\"},{\"@type\":\"Organization\",\"@id\":\"https:\/\/www.suno.com.br\/noticias\/#organization\",\"name\":\"Suno Not\u00edcias\",\"url\":\"https:\/\/www.suno.com.br\/noticias\/\",\"logo\":{\"@type\":\"ImageObject\",\"inLanguage\":\"pt-BR\",\"@id\":\"https:\/\/www.suno.com.br\/noticias\/#\/schema\/logo\/image\/\",\"url\":\"https:\/\/files.sunoresearch.com.br\/n\/uploads\/2021\/09\/suno-logo.png\",\"contentUrl\":\"https:\/\/files.sunoresearch.com.br\/n\/uploads\/2021\/09\/suno-logo.png\",\"width\":180,\"height\":180,\"caption\":\"Suno Not\u00edcias\"},\"image\":{\"@id\":\"https:\/\/www.suno.com.br\/noticias\/#\/schema\/logo\/image\/\"},\"sameAs\":[\"https:\/\/facebook.com\/sunoresearch\",\"https:\/\/x.com\/sunoresearch\",\"https:\/\/www.instagram.com\/suno\",\"https:\/\/www.linkedin.com\/company\/suno-research\/\",\"https:\/\/www.youtube.com\/c\/sunoresearch\"]},{\"@type\":\"Person\",\"@id\":\"https:\/\/www.suno.com.br\/noticias\/#\/schema\/person\/d689f06da5678e1f0b1ee402f001d676\",\"name\":\"Janize Cola\u00e7o\",\"image\":{\"@type\":\"ImageObject\",\"inLanguage\":\"pt-BR\",\"@id\":\"https:\/\/www.suno.com.br\/noticias\/#\/schema\/person\/image\/\",\"url\":\"https:\/\/secure.gravatar.com\/avatar\/32b3bf89abae63ca2cf961bc051522d0?s=96&r=g\",\"contentUrl\":\"https:\/\/secure.gravatar.com\/avatar\/32b3bf89abae63ca2cf961bc051522d0?s=96&r=g\",\"caption\":\"Janize Cola\u00e7o\"},\"description\":\"Jornalista formada pela PUC-SP com passagens pela Record TV, Globo Cond\u00e9 Nast, Revista Panrotas e Editora Via. Hoje, \u00e9 rep\u00f3rter no Suno Not\u00edcias, cobrindo pautas sobre mercado, pol\u00edtica, economia e bolsa de valores.\",\"url\":\"https:\/\/www.suno.com.br\/noticias\/author\/janize-colaco\/\"}]}<\/script>\n<!-- \/ Yoast SEO plugin. -->","yoast_head_json":{"title":"Em dia de balan\u00e7o, a\u00e7\u00f5es da Vale (VALE3) operam em alta no Ibovespa","description":"As a\u00e7\u00f5es da Vale (VALE3) sobem no preg\u00e3o desta quinta. Por volta das 15h30, os pap\u00e9is da companhia tinham alta de 0,95%. Entenda!","robots":{"index":"index","follow":"follow","max-snippet":"max-snippet:-1","max-image-preview":"max-image-preview:large","max-video-preview":"max-video-preview:-1"},"canonical":"https:\/\/www.suno.com.br\/noticias\/vale-vale3-acoes-16022023\/","og_locale":"pt_BR","og_type":"article","og_title":"Em dia de balan\u00e7o, a\u00e7\u00f5es da Vale (VALE3) operam em alta no Ibovespa","og_description":"As a\u00e7\u00f5es da Vale (VALE3) sobem no preg\u00e3o desta quinta. Por volta das 15h30, os pap\u00e9is da companhia tinham alta de 0,95%. Entenda!","og_url":"https:\/\/www.suno.com.br\/noticias\/vale-vale3-acoes-16022023\/","og_site_name":"Suno Not\u00edcias","article_publisher":"https:\/\/facebook.com\/sunoresearch","og_image":[{"width":1280,"height":822,"url":"https:\/\/files.sunoresearch.com.br\/n\/uploads\/2021\/02\/7945dc6a-image_processing20200201-29235-jyogwq_easy-resize.com_.jpg","type":"image\/jpeg"}],"author":"Janize Cola\u00e7o","twitter_card":"summary_large_image","twitter_creator":"@sunoresearch","twitter_site":"@sunoresearch","twitter_misc":{"Escrito por":"Janize Cola\u00e7o","Est. tempo de leitura":"3 minutos"},"schema":{"@context":"https:\/\/schema.org","@graph":[{"@type":"NewsArticle","@id":"https:\/\/www.suno.com.br\/noticias\/vale-vale3-acoes-16022023\/#article","isPartOf":{"@id":"https:\/\/www.suno.com.br\/noticias\/vale-vale3-acoes-16022023\/"},"author":{"name":"Janize Cola\u00e7o","@id":"https:\/\/www.suno.com.br\/noticias\/#\/schema\/person\/d689f06da5678e1f0b1ee402f001d676"},"headline":"Em dia de balan\u00e7o, a\u00e7\u00f5es da Vale (VALE3) operam em alta no Ibovespa; confira cota\u00e7\u00e3o","datePublished":"2023-02-16T19:07:02+00:00","dateModified":"2023-02-16T19:24:28+00:00","mainEntityOfPage":{"@id":"https:\/\/www.suno.com.br\/noticias\/vale-vale3-acoes-16022023\/"},"wordCount":484,"publisher":{"@id":"https:\/\/www.suno.com.br\/noticias\/#organization"},"image":{"@id":"https:\/\/www.suno.com.br\/noticias\/vale-vale3-acoes-16022023\/#primaryimage"},"thumbnailUrl":"https:\/\/files.sunoresearch.com.br\/n\/uploads\/2021\/02\/7945dc6a-image_processing20200201-29235-jyogwq_easy-resize.com_-jpg.webp","keywords":["A\u00e7\u00f5es","Vale (VALE3)"],"articleSection":["Mercado"],"inLanguage":"pt-BR"},{"@type":"WebPage","@id":"https:\/\/www.suno.com.br\/noticias\/vale-vale3-acoes-16022023\/","url":"https:\/\/www.suno.com.br\/noticias\/vale-vale3-acoes-16022023\/","name":"Em dia de balan\u00e7o, a\u00e7\u00f5es da Vale (VALE3) operam em alta no Ibovespa","isPartOf":{"@id":"https:\/\/www.suno.com.br\/noticias\/#website"},"primaryImageOfPage":{"@id":"https:\/\/www.suno.com.br\/noticias\/vale-vale3-acoes-16022023\/#primaryimage"},"image":{"@id":"https:\/\/www.suno.com.br\/noticias\/vale-vale3-acoes-16022023\/#primaryimage"},"thumbnailUrl":"https:\/\/files.sunoresearch.com.br\/n\/uploads\/2021\/02\/7945dc6a-image_processing20200201-29235-jyogwq_easy-resize.com_-jpg.webp","datePublished":"2023-02-16T19:07:02+00:00","dateModified":"2023-02-16T19:24:28+00:00","description":"As a\u00e7\u00f5es da Vale (VALE3) sobem no preg\u00e3o desta quinta. Por volta das 15h30, os pap\u00e9is da companhia tinham alta de 0,95%. Entenda!","breadcrumb":{"@id":"https:\/\/www.suno.com.br\/noticias\/vale-vale3-acoes-16022023\/#breadcrumb"},"inLanguage":"pt-BR","potentialAction":[{"@type":"ReadAction","target":["https:\/\/www.suno.com.br\/noticias\/vale-vale3-acoes-16022023\/"]}]},{"@type":"ImageObject","inLanguage":"pt-BR","@id":"https:\/\/www.suno.com.br\/noticias\/vale-vale3-acoes-16022023\/#primaryimage","url":"https:\/\/files.sunoresearch.com.br\/n\/uploads\/2021\/02\/7945dc6a-image_processing20200201-29235-jyogwq_easy-resize.com_-jpg.webp","contentUrl":"https:\/\/files.sunoresearch.com.br\/n\/uploads\/2021\/02\/7945dc6a-image_processing20200201-29235-jyogwq_easy-resize.com_-jpg.webp","width":1280,"height":822,"caption":"Vale (VALE3). Foto: Reprodu\u00e7\u00e3o\/Facebook"},{"@type":"BreadcrumbList","@id":"https:\/\/www.suno.com.br\/noticias\/vale-vale3-acoes-16022023\/#breadcrumb","itemListElement":[{"@type":"ListItem","position":1,"name":"Not\u00edcias","item":"https:\/\/www.suno.com.br\/noticias\/"},{"@type":"ListItem","position":2,"name":"Mercado","item":"https:\/\/www.suno.com.br\/noticias\/mercado\/"},{"@type":"ListItem","position":3,"name":"Em dia de balan\u00e7o, a\u00e7\u00f5es da Vale (VALE3) operam em alta no Ibovespa; confira cota\u00e7\u00e3o"}]},{"@type":"WebSite","@id":"https:\/\/www.suno.com.br\/noticias\/#website","url":"https:\/\/www.suno.com.br\/noticias\/","name":"Suno Not\u00edcias","description":"Seu portal de informa\u00e7\u00e3o sobre o mundo dos investimentos","publisher":{"@id":"https:\/\/www.suno.com.br\/noticias\/#organization"},"potentialAction":[{"@type":"SearchAction","target":{"@type":"EntryPoint","urlTemplate":"https:\/\/www.suno.com.br\/noticias\/?s={search_term_string}"},"query-input":{"@type":"PropertyValueSpecification","valueRequired":true,"valueName":"search_term_string"}}],"inLanguage":"pt-BR"},{"@type":"Organization","@id":"https:\/\/www.suno.com.br\/noticias\/#organization","name":"Suno Not\u00edcias","url":"https:\/\/www.suno.com.br\/noticias\/","logo":{"@type":"ImageObject","inLanguage":"pt-BR","@id":"https:\/\/www.suno.com.br\/noticias\/#\/schema\/logo\/image\/","url":"https:\/\/files.sunoresearch.com.br\/n\/uploads\/2021\/09\/suno-logo.png","contentUrl":"https:\/\/files.sunoresearch.com.br\/n\/uploads\/2021\/09\/suno-logo.png","width":180,"height":180,"caption":"Suno Not\u00edcias"},"image":{"@id":"https:\/\/www.suno.com.br\/noticias\/#\/schema\/logo\/image\/"},"sameAs":["https:\/\/facebook.com\/sunoresearch","https:\/\/x.com\/sunoresearch","https:\/\/www.instagram.com\/suno","https:\/\/www.linkedin.com\/company\/suno-research\/","https:\/\/www.youtube.com\/c\/sunoresearch"]},{"@type":"Person","@id":"https:\/\/www.suno.com.br\/noticias\/#\/schema\/person\/d689f06da5678e1f0b1ee402f001d676","name":"Janize Cola\u00e7o","image":{"@type":"ImageObject","inLanguage":"pt-BR","@id":"https:\/\/www.suno.com.br\/noticias\/#\/schema\/person\/image\/","url":"https:\/\/secure.gravatar.com\/avatar\/32b3bf89abae63ca2cf961bc051522d0?s=96&r=g","contentUrl":"https:\/\/secure.gravatar.com\/avatar\/32b3bf89abae63ca2cf961bc051522d0?s=96&r=g","caption":"Janize Cola\u00e7o"},"description":"Jornalista formada pela PUC-SP com passagens pela Record TV, Globo Cond\u00e9 Nast, Revista Panrotas e Editora Via. Hoje, \u00e9 rep\u00f3rter no Suno Not\u00edcias, cobrindo pautas sobre mercado, pol\u00edtica, economia e bolsa de valores.","url":"https:\/\/www.suno.com.br\/noticias\/author\/janize-colaco\/"}]}},"default_loop_html":"<div class=\"cardsPage__listCard__boxs\"><div class=\"cardsPage__listCard__boxs__img\"><a href=\"https:\/\/www.suno.com.br\/noticias\/vale-vale3-acoes-16022023\/\"><img class=\"mask\" src=\"https:\/\/www.suno.com.br\/noticias\/wp-content\/themes\/suno\/resources\/images\/spotlight\/spotlight1img\/bg-mask.png\" alt=\"Image Mask\"\/><img src=\"https:\/\/files.sunoresearch.com.br\/n\/uploads\/2021\/02\/7945dc6a-image_processing20200201-29235-jyogwq_easy-resize.com_-400x200.webp\" alt=\"Em dia de balan\u00e7o, a\u00e7\u00f5es da Vale (VALE3) operam em alta no Ibovespa; confira cota\u00e7\u00e3o\"\/><\/a><span class=\"spotlightCategory\"><a href=\"https:\/\/www.suno.com.br\/noticias\/mercado\/\">Mercado<\/a><\/span><\/div><div class=\"cardsPage__listCard__boxs__content\"><a href=\"https:\/\/www.suno.com.br\/noticias\/vale-vale3-acoes-16022023\/\"><h2 class=\"content__title\">Em dia de balan\u00e7o, a\u00e7\u00f5es da Vale (VALE3) operam em alta no Ibovespa; confira cota\u00e7\u00e3o<\/h2><\/a><div class=\"newsContent__article__meta\"><div class=\"newsContent__article__meta__authorBox\"><a href=\"https:\/\/www.suno.com.br\/noticias\/author\/janize-colaco\/\" class=\"authorBox__avatar noMobi\"><img src=\"https:\/\/files.sunoresearch.com.br\/n\/uploads\/2022\/11\/20221120_111807-1-150x150.jpg\" alt=\"Janize Cola\u00e7o\"><\/a><div class=\"authorBox__name\"><span>por\n\t\t\t<a href=\"https:\/\/www.suno.com.br\/noticias\/author\/janize-colaco\/\"><span itemprop=\"author\">Janize Cola\u00e7o<\/span><\/a><\/span><time datetime=\"2023-02-16T16:07:02-03:00\" itemprop=\"datePublished\">16\/02\/2023 16:07<\/time><\/div><\/div><\/div><\/div><\/div>","single_layout":"posts","amp_enabled":true,"_links":{"self":[{"href":"https:\/\/www.suno.com.br\/noticias\/wp-json\/wp\/v2\/posts\/365452"}],"collection":[{"href":"https:\/\/www.suno.com.br\/noticias\/wp-json\/wp\/v2\/posts"}],"about":[{"href":"https:\/\/www.suno.com.br\/noticias\/wp-json\/wp\/v2\/types\/post"}],"author":[{"embeddable":true,"href":"https:\/\/www.suno.com.br\/noticias\/wp-json\/wp\/v2\/users\/233"}],"replies":[{"embeddable":true,"href":"https:\/\/www.suno.com.br\/noticias\/wp-json\/wp\/v2\/comments?post=365452"}],"version-history":[{"count":3,"href":"https:\/\/www.suno.com.br\/noticias\/wp-json\/wp\/v2\/posts\/365452\/revisions"}],"predecessor-version":[{"id":365502,"href":"https:\/\/www.suno.com.br\/noticias\/wp-json\/wp\/v2\/posts\/365452\/revisions\/365502"}],"wp:featuredmedia":[{"embeddable":true,"href":"https:\/\/www.suno.com.br\/noticias\/wp-json\/wp\/v2\/media\/121098"}],"wp:attachment":[{"href":"https:\/\/www.suno.com.br\/noticias\/wp-json\/wp\/v2\/media?parent=365452"}],"wp:term":[{"taxonomy":"category","embeddable":true,"href":"https:\/\/www.suno.com.br\/noticias\/wp-json\/wp\/v2\/categories?post=365452"},{"taxonomy":"post_tag","embeddable":true,"href":"https:\/\/www.suno.com.br\/noticias\/wp-json\/wp\/v2\/tags?post=365452"},{"taxonomy":"suno_strategy","embeddable":true,"href":"https:\/\/www.suno.com.br\/noticias\/wp-json\/wp\/v2\/suno_strategy?post=365452"}],"curies":[{"name":"wp","href":"https:\/\/api.w.org\/{rel}","templated":true}]}}