{"id":36545,"date":"2019-09-05T10:44:34","date_gmt":"2019-09-05T13:44:34","guid":{"rendered":"https:\/\/www.suno.com.br\/noticias\/?p=36545"},"modified":"2021-02-17T22:47:53","modified_gmt":"2021-02-18T01:47:53","slug":"credit-suisse-banco-central-ilan-godfajn-presidente","status":"publish","type":"post","link":"https:\/\/www.suno.com.br\/noticias\/credit-suisse-banco-central-ilan-godfajn-presidente\/","title":{"rendered":"Ex-presidente do BC ser\u00e1 o presidente do novo conselho do Credit Suisse"},"content":{"rendered":"<p>A institui\u00e7\u00e3o financeira su\u00ed\u00e7a, Credit Suisse, informou nesta quinta-feira (5), que o ex-presidente do <strong><a href=\"https:\/\/www.suno.com.br\/artigos\/bacen\/\">Banco Central<\/a><\/strong>, <strong><a href=\"https:\/\/www.suno.com.br\/tudo-sobre\/ilan-goldfajn\/\">Ilan Goldfajn<\/a><\/strong>, ser\u00e1 o novo presidente do conselho do banco su\u00ed\u00e7o no Brasil.<\/p>\t<div class=\"wrapper-featured-image\">\n\t\t<figure class=\"spotlightImg\">\n\n\t\t\t<picture>\n\t\t\t\t<source media=\"(max-width: 768px)\" srcset=\"https:\/\/files.sunoresearch.com.br\/n\/uploads\/2019\/09\/8353e95b-ilan-presidente-banco-central-credit-suisse-400x200.webp\">\n\t\t\t\t<img loading=\"lazy\" decoding=\"async\" class=\"newsContent__article__imgCapa lazyloadDisabled newsContent__article__imgCapa--noCaption\" src=\"https:\/\/files.sunoresearch.com.br\/n\/uploads\/2019\/09\/8353e95b-ilan-presidente-banco-central-credit-suisse-800x450.webp\" width=\"800\" height=\"450\" alt=\"Ex-presidente do BC ser\u00e1 o presidente do novo conselho do Credit Suisse\" fetchpriority=high \/>\n\t\t\t<\/picture>\n\n\t\t\t<figcaption class=\"wp-caption-text wp-caption-text--hide\">Ex-presidente do Banco Central \u00e9 novo presidente do Credit Suisse<\/figcaption>\n\t\t<\/figure>\n\t<\/div>\n\n\n<p>&#8220;Na posi\u00e7\u00e3o de presidente do conselho, n\u00e3o estatut\u00e1rio, Ilan desempenhar\u00e1 o papel estrat\u00e9gico de promover uma colabora\u00e7\u00e3o cada vez mais forte entre todas as divis\u00f5es do <strong>Credit Suisse<\/strong> no Brasil&#8221;, informou a institui\u00e7\u00e3o por comunicado.<\/p>\n\n<p>O banco ressalta que Godfajn auxiliar\u00e1 nas defini\u00e7\u00f5es de estrat\u00e9gias, sendo uma delas\u00a0o fortalecimento de economias que participam da c\u00fapula do <strong><a href=\"https:\/\/www.suno.com.br\/artigos\/g20\/\">G20<\/a><\/strong>.<\/p>\n<p>&#8220;Al\u00e9m disso, participar\u00e1 ativamente de discuss\u00f5es sobre cen\u00e1rios de m\u00e9dio e longo prazos, analisar\u00e1 oportunidades de investimento, buscar\u00e1 e desenvolver\u00e1 produtos e servi\u00e7os e ajudar\u00e1 a definir estrat\u00e9gias de investimento&#8221;, informou o documento.<\/p>\n<h2>Credit Suisse registra alta de 45% no lucro l\u00edquido<\/h2>\n<p>O banco su\u00ed\u00e7o, Credit Suisse, conseguiu um significativo crescimento no segundo trimestre deste ano. De acordo com o resultado divulgado nesta quarta-feira (31), o <strong>banco de investimentos<\/strong> obteve <strong><a href=\"https:\/\/www.suno.com.br\/artigos\/lucro-liquido\/\">lucro l\u00edquido<\/a><\/strong> de US$ 945,6 milh\u00f5es.<\/p>\n<p>No ano anterior, no mesmo per\u00edodo, o Credit\u00a0havia atingido um lucro de aproximadamente US$ 653 milh\u00f5es. Ou seja, o avan\u00e7o no segundo trimestre deste ano, ante 2018, foi de 45%. O crescimento no segundo trimestre se deve as opera\u00e7\u00f5es de mercados e aos neg\u00f3cios dom\u00e9sticos.<\/p>\n<p><a href=\"\/\/www.suno.com.br\/noticias\/credit-suisse-balanco\/\">Confira Tamb\u00e9m: Credit Suisse divulga balan\u00e7o do 1T19 com lucro e receita acima do esperado<\/a><\/p>\n<p>A receita permaneceu est\u00e1vel no per\u00edodo. O valor est\u00e1 em US$ 5,63. As estimativas dos especialistas indicavam lucro l\u00edquido de aproximadamente US$ 813 milh\u00f5es e US$ 5,37 bilh\u00f5es neste trimestre.<\/p>\n<p>Em comunicado, o executivo-chefe do Credit Suisse, Tidjane Thiam, comentou os resultados do banco de investimentos.\u201cEsses resultados&#8230; indicam que nosso banco emergiu de tr\u00eas anos de reestrutura\u00e7\u00e3o com uma franquia forte e uma plataforma eficiente, permitindo-nos dar apoio a nossos clientes e gerar crescentes retornos para nossos acionistas\u201d.<\/p>\n\t<p>\n\t\t<a href=\"https:\/\/lp.suno.com.br\/suno-one\/?utm_campaign=_SNC6964518A_\" target=\"_blank\" data-element=\"shortcode-suno-banner\" title=\"Banner SUNO, clique e saiba mais\">\n\t\t\t<picture>\n\t\t\t\t<source media=\"(max-width: 500px)\" srcset=\"https:\/\/files.sunoresearch.com.br\/n\/uploads\/2025\/09\/400x300-Suno-One-png.webp\">\n\t\t\t\t<img class=\"newsContent__article__imgCapa newsContent__article__imgCapa--banner\"\n\t\t\t\t\tsrc=\"https:\/\/files.sunoresearch.com.br\/n\/uploads\/2025\/09\/1420x240-Suno-One-png.webp\"\n\t\t\t\t\tdata-promo-id=\"85810\"\t\t\t\t\t\t\t\t\t\twidth='1420' height='240'\t\t\t\t\talt=\"https:\/\/files.sunoresearch.com.br\/n\/uploads\/2025\/09\/1420x240-Suno-One-png.webp\"\n\t\t\t\t>\n\t\t\t<\/picture>\n\t\t<\/a>\n\t<\/p>\n\n\n<p>Entre 2015 e 2017, o <a href=\"https:\/\/www.suno.com.br\/artigos\/bancos-de-investimento\/\"><strong>banco de investimentos<\/strong><\/a> teve que lidar com danos em sua receita e em seu lucro. Isso porque teve que gastar para reestruturar o banco, fazer acordos legais e lidar com as mudan\u00e7as tribut\u00e1rias nos Estados Unidos. Entretanto, em 2018, a companhia lucrou US$ 2,08 bilh\u00f5es.<\/p>\n<p>O banco ainda informou que os resultados deste trimestre deixou a institui\u00e7\u00e3o &#8220;mais sustent\u00e1vel&#8221;. O <strong>Credit Suisse<\/strong> aguarda um <strong><a href=\"https:\/\/www.suno.com.br\/noticias\/china-eua-guerra-comercial-retorno-negociacoes\/\">acordo de com\u00e9rcio<\/a><\/strong> entre Estados Unidos e China, que pode impulsionar ainda mais a institui\u00e7\u00e3o.<\/p>\n","protected":false},"excerpt":{"rendered":"<p>A institui\u00e7\u00e3o financeira su\u00ed\u00e7a, Credit Suisse, informou nesta quinta-feira (5), que o ex-presidente do Banco Central, Ilan Goldfajn, ser\u00e1 o novo presidente do conselho do banco su\u00ed\u00e7o no Brasil. Ex-presidente do Banco Central \u00e9 novo presidente do Credit Suisse &#8220;Na posi\u00e7\u00e3o de presidente do conselho, n\u00e3o estatut\u00e1rio, Ilan desempenhar\u00e1 o papel estrat\u00e9gico de promover uma [&hellip;]<\/p>\n","protected":false},"author":15,"featured_media":36549,"comment_status":"closed","ping_status":"closed","sticky":false,"template":"","format":"standard","meta":[],"categories":[64],"tags":[1842,1788,980],"suno_strategy":[],"class_list":["post-36545","post","type-post","status-publish","format-standard","has-post-thumbnail","hentry","category-negocios","tag-banco-central-bc","tag-credit-suisse-c1su34","tag-guerra-comercial"],"yoast_head":"<!-- This site is optimized with the Yoast SEO plugin v24.4 - https:\/\/yoast.com\/wordpress\/plugins\/seo\/ -->\n<title>Ex-presidente do Banco Central \u00e9 novo presidente do Credit Suisse<\/title>\n<meta name=\"description\" content=\"O Credit Suisse informou nesta quinta (5), que o ex-presidente do Banco Central, Ilan Goldfajn, \u00e9 o novo presidente do conselho. Clique aqui\" \/>\n<meta name=\"robots\" content=\"index, follow, max-snippet:-1, max-image-preview:large, max-video-preview:-1\" \/>\n<link rel=\"canonical\" href=\"https:\/\/www.suno.com.br\/noticias\/credit-suisse-banco-central-ilan-godfajn-presidente\/\" \/>\n<meta property=\"og:locale\" content=\"pt_BR\" \/>\n<meta property=\"og:type\" content=\"article\" \/>\n<meta property=\"og:title\" content=\"Ex-presidente do Banco Central \u00e9 novo presidente do Credit Suisse\" \/>\n<meta property=\"og:description\" content=\"O Credit Suisse informou nesta quinta (5), que o ex-presidente do Banco Central, Ilan Goldfajn, \u00e9 o novo presidente do conselho. Clique aqui\" \/>\n<meta property=\"og:url\" content=\"https:\/\/www.suno.com.br\/noticias\/credit-suisse-banco-central-ilan-godfajn-presidente\/\" \/>\n<meta property=\"og:site_name\" content=\"Suno Not\u00edcias\" \/>\n<meta property=\"article:publisher\" content=\"https:\/\/facebook.com\/sunoresearch\" \/>\n<meta property=\"og:image\" content=\"https:\/\/files.sunoresearch.com.br\/n\/uploads\/2019\/09\/8353e95b-ilan-presidente-banco-central-credit-suisse-1024x683.jpg\" \/>\n\t<meta property=\"og:image:width\" content=\"1024\" \/>\n\t<meta property=\"og:image:height\" content=\"683\" \/>\n\t<meta property=\"og:image:type\" content=\"image\/jpeg\" \/>\n<meta name=\"author\" content=\"Poliana Santos\" \/>\n<meta name=\"twitter:card\" content=\"summary_large_image\" \/>\n<meta name=\"twitter:creator\" content=\"@sunoresearch\" \/>\n<meta name=\"twitter:site\" content=\"@sunoresearch\" \/>\n<meta name=\"twitter:label1\" content=\"Escrito por\" \/>\n\t<meta name=\"twitter:data1\" content=\"Poliana Santos\" \/>\n\t<meta name=\"twitter:label2\" content=\"Est. tempo de leitura\" \/>\n\t<meta name=\"twitter:data2\" content=\"2 minutos\" \/>\n<script type=\"application\/ld+json\" class=\"yoast-schema-graph\">{\"@context\":\"https:\/\/schema.org\",\"@graph\":[{\"@type\":\"NewsArticle\",\"@id\":\"https:\/\/www.suno.com.br\/noticias\/credit-suisse-banco-central-ilan-godfajn-presidente\/#article\",\"isPartOf\":{\"@id\":\"https:\/\/www.suno.com.br\/noticias\/credit-suisse-banco-central-ilan-godfajn-presidente\/\"},\"author\":{\"name\":\"Poliana Santos\",\"@id\":\"https:\/\/www.suno.com.br\/noticias\/#\/schema\/person\/02ec1f752758247878a2bf4abee1aeda\"},\"headline\":\"Ex-presidente do BC ser\u00e1 o presidente do novo conselho do Credit Suisse\",\"datePublished\":\"2019-09-05T13:44:34+00:00\",\"dateModified\":\"2021-02-18T01:47:53+00:00\",\"mainEntityOfPage\":{\"@id\":\"https:\/\/www.suno.com.br\/noticias\/credit-suisse-banco-central-ilan-godfajn-presidente\/\"},\"wordCount\":435,\"publisher\":{\"@id\":\"https:\/\/www.suno.com.br\/noticias\/#organization\"},\"image\":{\"@id\":\"https:\/\/www.suno.com.br\/noticias\/credit-suisse-banco-central-ilan-godfajn-presidente\/#primaryimage\"},\"thumbnailUrl\":\"https:\/\/files.sunoresearch.com.br\/n\/uploads\/2019\/09\/8353e95b-ilan-presidente-banco-central-credit-suisse-scaled.webp\",\"keywords\":[\"Banco Central (BC)\",\"Credit Suisse (C1SU34)\",\"guerra comercial\"],\"articleSection\":[\"Neg\u00f3cios\"],\"inLanguage\":\"pt-BR\"},{\"@type\":\"WebPage\",\"@id\":\"https:\/\/www.suno.com.br\/noticias\/credit-suisse-banco-central-ilan-godfajn-presidente\/\",\"url\":\"https:\/\/www.suno.com.br\/noticias\/credit-suisse-banco-central-ilan-godfajn-presidente\/\",\"name\":\"Ex-presidente do Banco Central \u00e9 novo presidente do Credit Suisse\",\"isPartOf\":{\"@id\":\"https:\/\/www.suno.com.br\/noticias\/#website\"},\"primaryImageOfPage\":{\"@id\":\"https:\/\/www.suno.com.br\/noticias\/credit-suisse-banco-central-ilan-godfajn-presidente\/#primaryimage\"},\"image\":{\"@id\":\"https:\/\/www.suno.com.br\/noticias\/credit-suisse-banco-central-ilan-godfajn-presidente\/#primaryimage\"},\"thumbnailUrl\":\"https:\/\/files.sunoresearch.com.br\/n\/uploads\/2019\/09\/8353e95b-ilan-presidente-banco-central-credit-suisse-scaled.webp\",\"datePublished\":\"2019-09-05T13:44:34+00:00\",\"dateModified\":\"2021-02-18T01:47:53+00:00\",\"description\":\"O Credit Suisse informou nesta quinta (5), que o ex-presidente do Banco Central, Ilan Goldfajn, \u00e9 o novo presidente do conselho. Clique aqui\",\"breadcrumb\":{\"@id\":\"https:\/\/www.suno.com.br\/noticias\/credit-suisse-banco-central-ilan-godfajn-presidente\/#breadcrumb\"},\"inLanguage\":\"pt-BR\",\"potentialAction\":[{\"@type\":\"ReadAction\",\"target\":[\"https:\/\/www.suno.com.br\/noticias\/credit-suisse-banco-central-ilan-godfajn-presidente\/\"]}]},{\"@type\":\"ImageObject\",\"inLanguage\":\"pt-BR\",\"@id\":\"https:\/\/www.suno.com.br\/noticias\/credit-suisse-banco-central-ilan-godfajn-presidente\/#primaryimage\",\"url\":\"https:\/\/files.sunoresearch.com.br\/n\/uploads\/2019\/09\/8353e95b-ilan-presidente-banco-central-credit-suisse-scaled.webp\",\"contentUrl\":\"https:\/\/files.sunoresearch.com.br\/n\/uploads\/2019\/09\/8353e95b-ilan-presidente-banco-central-credit-suisse-scaled.webp\",\"width\":2560,\"height\":1707,\"caption\":\"Ex-presidente do Banco Central \u00e9 novo presidente do Credit Suisse\"},{\"@type\":\"BreadcrumbList\",\"@id\":\"https:\/\/www.suno.com.br\/noticias\/credit-suisse-banco-central-ilan-godfajn-presidente\/#breadcrumb\",\"itemListElement\":[{\"@type\":\"ListItem\",\"position\":1,\"name\":\"Not\u00edcias\",\"item\":\"https:\/\/www.suno.com.br\/noticias\/\"},{\"@type\":\"ListItem\",\"position\":2,\"name\":\"Neg\u00f3cios\",\"item\":\"https:\/\/www.suno.com.br\/noticias\/negocios\/\"},{\"@type\":\"ListItem\",\"position\":3,\"name\":\"Ex-presidente do BC ser\u00e1 o presidente do novo conselho do Credit Suisse\"}]},{\"@type\":\"WebSite\",\"@id\":\"https:\/\/www.suno.com.br\/noticias\/#website\",\"url\":\"https:\/\/www.suno.com.br\/noticias\/\",\"name\":\"Suno Not\u00edcias\",\"description\":\"Seu portal de informa\u00e7\u00e3o sobre o mundo dos investimentos\",\"publisher\":{\"@id\":\"https:\/\/www.suno.com.br\/noticias\/#organization\"},\"potentialAction\":[{\"@type\":\"SearchAction\",\"target\":{\"@type\":\"EntryPoint\",\"urlTemplate\":\"https:\/\/www.suno.com.br\/noticias\/?s={search_term_string}\"},\"query-input\":{\"@type\":\"PropertyValueSpecification\",\"valueRequired\":true,\"valueName\":\"search_term_string\"}}],\"inLanguage\":\"pt-BR\"},{\"@type\":\"Organization\",\"@id\":\"https:\/\/www.suno.com.br\/noticias\/#organization\",\"name\":\"Suno Not\u00edcias\",\"url\":\"https:\/\/www.suno.com.br\/noticias\/\",\"logo\":{\"@type\":\"ImageObject\",\"inLanguage\":\"pt-BR\",\"@id\":\"https:\/\/www.suno.com.br\/noticias\/#\/schema\/logo\/image\/\",\"url\":\"https:\/\/files.sunoresearch.com.br\/n\/uploads\/2021\/09\/suno-logo.png\",\"contentUrl\":\"https:\/\/files.sunoresearch.com.br\/n\/uploads\/2021\/09\/suno-logo.png\",\"width\":180,\"height\":180,\"caption\":\"Suno Not\u00edcias\"},\"image\":{\"@id\":\"https:\/\/www.suno.com.br\/noticias\/#\/schema\/logo\/image\/\"},\"sameAs\":[\"https:\/\/facebook.com\/sunoresearch\",\"https:\/\/x.com\/sunoresearch\",\"https:\/\/www.instagram.com\/suno\",\"https:\/\/www.linkedin.com\/company\/suno-research\/\",\"https:\/\/www.youtube.com\/c\/sunoresearch\"]},{\"@type\":\"Person\",\"@id\":\"https:\/\/www.suno.com.br\/noticias\/#\/schema\/person\/02ec1f752758247878a2bf4abee1aeda\",\"name\":\"Poliana Santos\",\"image\":{\"@type\":\"ImageObject\",\"inLanguage\":\"pt-BR\",\"@id\":\"https:\/\/www.suno.com.br\/noticias\/#\/schema\/person\/image\/\",\"url\":\"https:\/\/secure.gravatar.com\/avatar\/0645bd32f23d87b2130f2b2dff1d3f8d?s=96&r=g\",\"contentUrl\":\"https:\/\/secure.gravatar.com\/avatar\/0645bd32f23d87b2130f2b2dff1d3f8d?s=96&r=g\",\"caption\":\"Poliana Santos\"},\"description\":\"Rep\u00f3rter no Suno Not\u00edcias, com cobertura em mercado financeiro, economia, finan\u00e7as pessoais, renda fixa e varejo. Jornalista formada pela Faculdade C\u00e1sper L\u00edbero e possui passagem na R\u00e1dio Gazeta AM com a produ\u00e7\u00e3o de conte\u00fado sobre economia, pol\u00edtica, sa\u00fade, moda e m\u00fasica. Possui certificado de conclus\u00e3o do curso de An\u00e1lise de Balan\u00e7os pela Funda\u00e7\u00e3o Bradesco, Agenda Brasil pela FAAP, Educa\u00e7\u00e3o Pol\u00edtica por Alexandre Garcia e do Tesouro Direto e Mercado de A\u00e7\u00f5es pela B3.\",\"url\":\"https:\/\/www.suno.com.br\/noticias\/author\/poliana-santos\/\"}]}<\/script>\n<!-- \/ Yoast SEO plugin. -->","yoast_head_json":{"title":"Ex-presidente do Banco Central \u00e9 novo presidente do Credit Suisse","description":"O Credit Suisse informou nesta quinta (5), que o ex-presidente do Banco Central, Ilan Goldfajn, \u00e9 o novo presidente do conselho. Clique aqui","robots":{"index":"index","follow":"follow","max-snippet":"max-snippet:-1","max-image-preview":"max-image-preview:large","max-video-preview":"max-video-preview:-1"},"canonical":"https:\/\/www.suno.com.br\/noticias\/credit-suisse-banco-central-ilan-godfajn-presidente\/","og_locale":"pt_BR","og_type":"article","og_title":"Ex-presidente do Banco Central \u00e9 novo presidente do Credit Suisse","og_description":"O Credit Suisse informou nesta quinta (5), que o ex-presidente do Banco Central, Ilan Goldfajn, \u00e9 o novo presidente do conselho. Clique aqui","og_url":"https:\/\/www.suno.com.br\/noticias\/credit-suisse-banco-central-ilan-godfajn-presidente\/","og_site_name":"Suno Not\u00edcias","article_publisher":"https:\/\/facebook.com\/sunoresearch","og_image":[{"width":1024,"height":683,"url":"https:\/\/files.sunoresearch.com.br\/n\/uploads\/2019\/09\/8353e95b-ilan-presidente-banco-central-credit-suisse-1024x683.jpg","type":"image\/jpeg"}],"author":"Poliana Santos","twitter_card":"summary_large_image","twitter_creator":"@sunoresearch","twitter_site":"@sunoresearch","twitter_misc":{"Escrito por":"Poliana Santos","Est. tempo de leitura":"2 minutos"},"schema":{"@context":"https:\/\/schema.org","@graph":[{"@type":"NewsArticle","@id":"https:\/\/www.suno.com.br\/noticias\/credit-suisse-banco-central-ilan-godfajn-presidente\/#article","isPartOf":{"@id":"https:\/\/www.suno.com.br\/noticias\/credit-suisse-banco-central-ilan-godfajn-presidente\/"},"author":{"name":"Poliana Santos","@id":"https:\/\/www.suno.com.br\/noticias\/#\/schema\/person\/02ec1f752758247878a2bf4abee1aeda"},"headline":"Ex-presidente do BC ser\u00e1 o presidente do novo conselho do Credit Suisse","datePublished":"2019-09-05T13:44:34+00:00","dateModified":"2021-02-18T01:47:53+00:00","mainEntityOfPage":{"@id":"https:\/\/www.suno.com.br\/noticias\/credit-suisse-banco-central-ilan-godfajn-presidente\/"},"wordCount":435,"publisher":{"@id":"https:\/\/www.suno.com.br\/noticias\/#organization"},"image":{"@id":"https:\/\/www.suno.com.br\/noticias\/credit-suisse-banco-central-ilan-godfajn-presidente\/#primaryimage"},"thumbnailUrl":"https:\/\/files.sunoresearch.com.br\/n\/uploads\/2019\/09\/8353e95b-ilan-presidente-banco-central-credit-suisse-scaled.webp","keywords":["Banco Central (BC)","Credit Suisse (C1SU34)","guerra comercial"],"articleSection":["Neg\u00f3cios"],"inLanguage":"pt-BR"},{"@type":"WebPage","@id":"https:\/\/www.suno.com.br\/noticias\/credit-suisse-banco-central-ilan-godfajn-presidente\/","url":"https:\/\/www.suno.com.br\/noticias\/credit-suisse-banco-central-ilan-godfajn-presidente\/","name":"Ex-presidente do Banco Central \u00e9 novo presidente do Credit Suisse","isPartOf":{"@id":"https:\/\/www.suno.com.br\/noticias\/#website"},"primaryImageOfPage":{"@id":"https:\/\/www.suno.com.br\/noticias\/credit-suisse-banco-central-ilan-godfajn-presidente\/#primaryimage"},"image":{"@id":"https:\/\/www.suno.com.br\/noticias\/credit-suisse-banco-central-ilan-godfajn-presidente\/#primaryimage"},"thumbnailUrl":"https:\/\/files.sunoresearch.com.br\/n\/uploads\/2019\/09\/8353e95b-ilan-presidente-banco-central-credit-suisse-scaled.webp","datePublished":"2019-09-05T13:44:34+00:00","dateModified":"2021-02-18T01:47:53+00:00","description":"O Credit Suisse informou nesta quinta (5), que o ex-presidente do Banco Central, Ilan Goldfajn, \u00e9 o novo presidente do conselho. Clique aqui","breadcrumb":{"@id":"https:\/\/www.suno.com.br\/noticias\/credit-suisse-banco-central-ilan-godfajn-presidente\/#breadcrumb"},"inLanguage":"pt-BR","potentialAction":[{"@type":"ReadAction","target":["https:\/\/www.suno.com.br\/noticias\/credit-suisse-banco-central-ilan-godfajn-presidente\/"]}]},{"@type":"ImageObject","inLanguage":"pt-BR","@id":"https:\/\/www.suno.com.br\/noticias\/credit-suisse-banco-central-ilan-godfajn-presidente\/#primaryimage","url":"https:\/\/files.sunoresearch.com.br\/n\/uploads\/2019\/09\/8353e95b-ilan-presidente-banco-central-credit-suisse-scaled.webp","contentUrl":"https:\/\/files.sunoresearch.com.br\/n\/uploads\/2019\/09\/8353e95b-ilan-presidente-banco-central-credit-suisse-scaled.webp","width":2560,"height":1707,"caption":"Ex-presidente do Banco Central \u00e9 novo presidente do Credit Suisse"},{"@type":"BreadcrumbList","@id":"https:\/\/www.suno.com.br\/noticias\/credit-suisse-banco-central-ilan-godfajn-presidente\/#breadcrumb","itemListElement":[{"@type":"ListItem","position":1,"name":"Not\u00edcias","item":"https:\/\/www.suno.com.br\/noticias\/"},{"@type":"ListItem","position":2,"name":"Neg\u00f3cios","item":"https:\/\/www.suno.com.br\/noticias\/negocios\/"},{"@type":"ListItem","position":3,"name":"Ex-presidente do BC ser\u00e1 o presidente do novo conselho do Credit Suisse"}]},{"@type":"WebSite","@id":"https:\/\/www.suno.com.br\/noticias\/#website","url":"https:\/\/www.suno.com.br\/noticias\/","name":"Suno Not\u00edcias","description":"Seu portal de informa\u00e7\u00e3o sobre o mundo dos investimentos","publisher":{"@id":"https:\/\/www.suno.com.br\/noticias\/#organization"},"potentialAction":[{"@type":"SearchAction","target":{"@type":"EntryPoint","urlTemplate":"https:\/\/www.suno.com.br\/noticias\/?s={search_term_string}"},"query-input":{"@type":"PropertyValueSpecification","valueRequired":true,"valueName":"search_term_string"}}],"inLanguage":"pt-BR"},{"@type":"Organization","@id":"https:\/\/www.suno.com.br\/noticias\/#organization","name":"Suno Not\u00edcias","url":"https:\/\/www.suno.com.br\/noticias\/","logo":{"@type":"ImageObject","inLanguage":"pt-BR","@id":"https:\/\/www.suno.com.br\/noticias\/#\/schema\/logo\/image\/","url":"https:\/\/files.sunoresearch.com.br\/n\/uploads\/2021\/09\/suno-logo.png","contentUrl":"https:\/\/files.sunoresearch.com.br\/n\/uploads\/2021\/09\/suno-logo.png","width":180,"height":180,"caption":"Suno Not\u00edcias"},"image":{"@id":"https:\/\/www.suno.com.br\/noticias\/#\/schema\/logo\/image\/"},"sameAs":["https:\/\/facebook.com\/sunoresearch","https:\/\/x.com\/sunoresearch","https:\/\/www.instagram.com\/suno","https:\/\/www.linkedin.com\/company\/suno-research\/","https:\/\/www.youtube.com\/c\/sunoresearch"]},{"@type":"Person","@id":"https:\/\/www.suno.com.br\/noticias\/#\/schema\/person\/02ec1f752758247878a2bf4abee1aeda","name":"Poliana Santos","image":{"@type":"ImageObject","inLanguage":"pt-BR","@id":"https:\/\/www.suno.com.br\/noticias\/#\/schema\/person\/image\/","url":"https:\/\/secure.gravatar.com\/avatar\/0645bd32f23d87b2130f2b2dff1d3f8d?s=96&r=g","contentUrl":"https:\/\/secure.gravatar.com\/avatar\/0645bd32f23d87b2130f2b2dff1d3f8d?s=96&r=g","caption":"Poliana Santos"},"description":"Rep\u00f3rter no Suno Not\u00edcias, com cobertura em mercado financeiro, economia, finan\u00e7as pessoais, renda fixa e varejo. Jornalista formada pela Faculdade C\u00e1sper L\u00edbero e possui passagem na R\u00e1dio Gazeta AM com a produ\u00e7\u00e3o de conte\u00fado sobre economia, pol\u00edtica, sa\u00fade, moda e m\u00fasica. Possui certificado de conclus\u00e3o do curso de An\u00e1lise de Balan\u00e7os pela Funda\u00e7\u00e3o Bradesco, Agenda Brasil pela FAAP, Educa\u00e7\u00e3o Pol\u00edtica por Alexandre Garcia e do Tesouro Direto e Mercado de A\u00e7\u00f5es pela B3.","url":"https:\/\/www.suno.com.br\/noticias\/author\/poliana-santos\/"}]}},"default_loop_html":"<div class=\"cardsPage__listCard__boxs\"><div class=\"cardsPage__listCard__boxs__img\"><a href=\"https:\/\/www.suno.com.br\/noticias\/credit-suisse-banco-central-ilan-godfajn-presidente\/\"><img class=\"mask\" src=\"https:\/\/www.suno.com.br\/noticias\/wp-content\/themes\/suno\/resources\/images\/spotlight\/spotlight1img\/bg-mask.png\" alt=\"Image Mask\"\/><img src=\"https:\/\/files.sunoresearch.com.br\/n\/uploads\/2019\/09\/8353e95b-ilan-presidente-banco-central-credit-suisse-400x200.webp\" alt=\"Ex-presidente do BC ser\u00e1 o presidente do novo conselho do Credit Suisse\"\/><\/a><span class=\"spotlightCategory\"><a href=\"https:\/\/www.suno.com.br\/noticias\/negocios\/\">Neg\u00f3cios<\/a><\/span><\/div><div class=\"cardsPage__listCard__boxs__content\"><a href=\"https:\/\/www.suno.com.br\/noticias\/credit-suisse-banco-central-ilan-godfajn-presidente\/\"><h2 class=\"content__title\">Ex-presidente do BC ser\u00e1 o presidente do novo conselho do Credit Suisse<\/h2><\/a><div class=\"newsContent__article__meta\"><div class=\"newsContent__article__meta__authorBox\"><a href=\"https:\/\/www.suno.com.br\/noticias\/author\/poliana-santos\/\" class=\"authorBox__avatar noMobi\"><img src=\"https:\/\/files.sunoresearch.com.br\/n\/uploads\/2020\/08\/7ef34026-whatsapp-image-2020-08-03-at-12.37.57-150x150.webp\" alt=\"Poliana Santos\"><\/a><div class=\"authorBox__name\"><span>por\n\t\t\t<a href=\"https:\/\/www.suno.com.br\/noticias\/author\/poliana-santos\/\"><span itemprop=\"author\">Poliana Santos<\/span><\/a><\/span><time datetime=\"2019-09-05T10:44:34-03:00\" itemprop=\"datePublished\">05\/09\/2019 10:44<\/time><\/div><\/div><\/div><\/div><\/div>","single_layout":"posts","amp_enabled":true,"_links":{"self":[{"href":"https:\/\/www.suno.com.br\/noticias\/wp-json\/wp\/v2\/posts\/36545"}],"collection":[{"href":"https:\/\/www.suno.com.br\/noticias\/wp-json\/wp\/v2\/posts"}],"about":[{"href":"https:\/\/www.suno.com.br\/noticias\/wp-json\/wp\/v2\/types\/post"}],"author":[{"embeddable":true,"href":"https:\/\/www.suno.com.br\/noticias\/wp-json\/wp\/v2\/users\/15"}],"replies":[{"embeddable":true,"href":"https:\/\/www.suno.com.br\/noticias\/wp-json\/wp\/v2\/comments?post=36545"}],"version-history":[{"count":0,"href":"https:\/\/www.suno.com.br\/noticias\/wp-json\/wp\/v2\/posts\/36545\/revisions"}],"wp:featuredmedia":[{"embeddable":true,"href":"https:\/\/www.suno.com.br\/noticias\/wp-json\/wp\/v2\/media\/36549"}],"wp:attachment":[{"href":"https:\/\/www.suno.com.br\/noticias\/wp-json\/wp\/v2\/media?parent=36545"}],"wp:term":[{"taxonomy":"category","embeddable":true,"href":"https:\/\/www.suno.com.br\/noticias\/wp-json\/wp\/v2\/categories?post=36545"},{"taxonomy":"post_tag","embeddable":true,"href":"https:\/\/www.suno.com.br\/noticias\/wp-json\/wp\/v2\/tags?post=36545"},{"taxonomy":"suno_strategy","embeddable":true,"href":"https:\/\/www.suno.com.br\/noticias\/wp-json\/wp\/v2\/suno_strategy?post=36545"}],"curies":[{"name":"wp","href":"https:\/\/api.w.org\/{rel}","templated":true}]}}