{"id":365174,"date":"2023-02-16T09:59:43","date_gmt":"2023-02-16T12:59:43","guid":{"rendered":"https:\/\/www.suno.com.br\/noticias\/?p=365174"},"modified":"2023-02-16T12:54:00","modified_gmt":"2023-02-16T15:54:00","slug":"equivocada-e-injusta-oi-oibr3-abre-jogo-crise","status":"publish","type":"post","link":"https:\/\/www.suno.com.br\/noticias\/equivocada-e-injusta-oi-oibr3-abre-jogo-crise\/","title":{"rendered":"&#8220;Equivocada e injusta&#8221;: Oi (OIBR3) abre o jogo sobre crise p\u00f3s-recupera\u00e7\u00e3o judicial"},"content":{"rendered":"<p>A <strong>Oi<\/strong> (<a href=\"https:\/\/suno.com.br\/acoes\/oibr3\/\" target=\"_blank\" rel=\"noreferrer noopener\">OIBR3<\/a>) se manifestou sobre a <a class=\"suno-keyword\" data-force=\"no\" data-priority=\"1\" href=\"https:\/\/www.suno.com.br\/artigos\/crise-financeira\/\" target=\"_blank\" rel=\"noopener\">crise financeira<\/a> que enfrenta ap\u00f3s o t\u00e9rmino da sua recupera\u00e7\u00e3o judicial. Em comunicado enviado \u00e0 imprensa na noite de quarta (15), a empresa disse que alguns pontos do seu processo de reestrutura\u00e7\u00e3o est\u00e3o sendo tratados de forma &#8220;equivocada e injusta&#8221;.<\/p><div class=\"videoFull \">\n\t\t\t<div class=\"videoWrapper yt-lazyload center\"\n\t\t\t\tdata-width=\"960\"\n\t\t\t\tdata-height=\"540\"\n\t\t\t\tdata-id=\"WafRONIcWrY\"\n\t\t\t\tdata-alt=\"V\u00eddeo do YouTube - clique para reproduzir\"\n\t\t\t\tdata-logo=\"3\"\n\t\t\t\tdata-imagequality=\"maxres\">\n\t\t\t<\/div>\n\t\t<\/div><script type=\"application\/ld+json\">{\"@context\":\"https:\/\/schema.org\",\"@type\":\"VideoObject\",\"name\":\"Americanas (AMER3) tem novo CEO | Lucro da B3 (B3SA3) encolhe | Reuni\u00e3o do CMN\",\"description\":\"\ud83d\udd0e \ud83d\udcca[\ud835\uddf2\ud835\uddd5\ud835\uddfc\ud835\uddfc\ud835\uddf8 \ud835\uddda\ud835\udde5\ud835\uddd4\ud835\udde7\ud835\udde8\ud835\udddc\ud835\udde7\ud835\udde2] \ud835\uddd4\ud835\uddfd\ud835\uddff\ud835\uddf2\ud835\uddfb\ud835\uddf1\ud835\uddee \ud835\uddf0\ud835\uddfc\ud835\uddfa\ud835\uddfc \ud835\uddee\ud835\uddfb\ud835\uddee\ud835\uddf9\ud835\uddf6\ud835\ude00\ud835\uddee\ud835\uddff \ud835\ude02\ud835\uddfa\ud835\uddee \ud835\uddee\u00e7\u00e3\ud835\uddfc\u200b \ud83d\udc47 https:\/\/lp.suno.com.br\/ebook-como-analisar-uma-acao\/?utm_source=youtube.noticias&utm_medium=live&utm_campaign=ebookcomoanalisarumaacao.20230206&utm_content=ytnoticias.morning.10022023 #morningcall #Not\u00edcias #investimentos #ibovespa #ibovespahoje #cmn #b3 #b3sa3 #a\u00e7\u00f5es #ibcbr #economia #vale3 #vale #mercadofinanceiro #amer3 #americanas \ud83d\udd34\ud835\udc08\ud835\udc0d\ud835\udc12\ud835\udc02\ud835\udc11\ud835\udc04\ud835\udc15\ud835\udc00-\ud835\udc12\ud835\udc04 \ud835\udc0d\ud835\udc0e \ud835\udc02\ud835\udc00\ud835\udc0d\ud835\udc00\ud835\udc0b \ud835\udc04 \ud835\udc00\ud835\udc13\ud835\udc08\ud835\udc15\ud835\udc04 \ud835\udc0e \ud835\udc12\ud835\udc08\ud835\udc0d\ud835\udc0e \ud83d\udc47 https:\/\/bit.ly\/INSCREVA-SEATIVEOSINO \ud83d\udea8\ud83d\udcda\ud83d\udcb8\ud835\udc01\ud835\udc1a\ud835\udc22\ud835\udc31\ud835\udc1e \ud835\udc28 \ud835\udc1e\ud835\udc01\ud835\udc28\ud835\udc28\ud835\udc24: \ud835\udc06\ud835\udc2e\ud835\udc22\ud835\udc1a \ud835\udc02\ud835\udc28\ud835\udc26\ud835\udc29\ud835\udc25\ud835\udc1e\ud835\udc2d\ud835\udc28 \ud835\udc1d\ud835\udc28 \ud835\udc08\ud835\udc27\ud835\udc2f\ud835\udc1e\ud835\udc2c\ud835\udc2d\ud835\udc22\ud835\udc1d\ud835\udc28\ud835\udc2b \ud835\udc08\ud835\udc27\ud835\udc22\ud835\udc1c\ud835\udc22\ud835\udc1a\ud835\udc27\ud835\udc2d\ud835\udc1e \ud835\udc27\ud835\udc28 \ud835\udc25\ud835\udc22\ud835\udc27\ud835\udc24 \ud83d\udc47 http:\/\/bit.ly\/3Dnk2xT \ud83d\udcda \ud835\udfcf\ud835\udfce \ud835\udc0b\ud835\udc22\ud835\udc2f\ud835\udc2b\ud835\udc28\ud835\udc2c \ud835\udc2a\ud835\udc2e\ud835\udc1e \ud835\udc13\ud835\udc28\ud835\udc1d\ud835\udc28 \ud835\udc08\ud835\udc27\ud835\udc2f\ud835\udc1e\ud835\udc2c\ud835\udc2d\ud835\udc22\ud835\udc1d\ud835\udc28\ud835\udc2b \ud835\udc1d\ud835\udc1e\ud835\udc2f\ud835\udc1e\ud835\udc2b\ud835\udc22\ud835\udc1a \ud835\udc0b\ud835\udc1e\ud835\udc2b\ud83d\udc47\u2026\",\"duration\":\"PT32M42S\",\"embedUrl\":\"https:\/\/www.youtube.com\/embed\/WafRONIcWrY\",\"regionsAllowed\":\"pt-BR\",\"interactionStatistic\":{\"@type\":\"InteractionCounter\",\"interactionType\":{\"@type\":\"WatchAction\"},\"userInteractionCount\":3617},\"thumbnailUrl\":\"https:\/\/i.ytimg.com\/vi\/WafRONIcWrY\/default.jpg\",\"uploadDate\":\"2023-02-16T12:41:42Z\"}<\/script>\n\n\n\n\n\t<p>\n\t\t<a href=\"\" target=\"_blank\" data-element=\"shortcode-suno-banner\" title=\"Banner SUNO, clique e saiba mais\">\n\t\t\t<picture>\n\t\t\t\t<source media=\"(max-width: 500px)\" srcset=\"\">\n\t\t\t\t<img class=\"newsContent__article__imgCapa newsContent__article__imgCapa--banner\"\n\t\t\t\t\tsrc=\"\"\n\t\t\t\t\tdata-promo-id=\"250705\"\t\t\t\t\t\t\t\t\t\t\t\t\t\t\talt=\"\"\n\t\t\t\t>\n\t\t\t<\/picture>\n\t\t<\/a>\n\t<\/p>\n\n\n\n\n\n<p>&#8220;O pedido de tutela antecipada \u00e0 Justi\u00e7a, feito no fim de janeiro, faz parte das a\u00e7\u00f5es leg\u00edtimas da Oi em busca de sustentabilidade de <a class=\"suno-keyword\" data-force=\"no\" data-priority=\"1\" href=\"https:\/\/www.suno.com.br\/artigos\/longo-prazo\/\" target=\"_blank\" rel=\"noopener\">longo prazo<\/a>, ap\u00f3s cumprir todas as obriga\u00e7\u00f5es at\u00e9 aqui decorrentes do Plano de <strong>Recupera\u00e7\u00e3o Judicial<\/strong> &#8211; aprovado em 2018 e encerrado ao final de 2022&#8243;, detalhou a empresa no comunicado.<\/p>\n\n\n\n<p>Gra\u00e7as ao pedido de tutela antecipada, a Oi conta com uma <strong>prote\u00e7\u00e3o jur\u00eddica<\/strong> contra os credores, que est\u00e3o impedidos de cobrar os d\u00e9bitos da empresa. Caixa Econ\u00f4mica Federal, <a href=\"https:\/\/suno.com.br\/acoes\/bbas3\/\" target=\"_blank\" rel=\"noreferrer noopener\">Banco do Brasil (BBAS3)<\/a> e <a class=\"suno-keyword\" data-force=\"yes\" data-priority=\"2\" href=\"https:\/\/www.suno.com.br\/acoes\/BBDC4\/\" target=\"_blank\" rel=\"noopener\">Bradesco (BBDC4)<\/a> questionaram essa decis\u00e3o na Justi\u00e7a.<\/p>\n\n\n\n<p>&#8220;Esse processo tem sido realizado de maneira integralmente privada e a d\u00edvida inicial da empresa, que em valores atualizados seria de cerca de R$ 90 bilh\u00f5es, foi reduzida hoje a aproximadamente R$ 33 bilh\u00f5es &#8211; incluindo a quita\u00e7\u00e3o de 100% dos passivos com o BNDES, de quase R$ 5 bilh\u00f5es&#8221;, prosseguiu a companhia em nota enviada ao jornal O Estado de S\u00e3o Paulo.<\/p>\n\n\n\n<blockquote class=\"wp-block-quote is-layout-flow wp-block-quote-is-layout-flow\">\n<p>O caso da Oi \u00e9 emblem\u00e1tico n\u00e3o apenas por ser uma das maiores recupera\u00e7\u00f5es da hist\u00f3ria do pa\u00eds, mas principalmente pelas imensas transforma\u00e7\u00f5es, ainda em curso, que v\u00eam acompanhando a empresa desde ent\u00e3o. <\/p>\n<\/blockquote>\n\n\n\t<p>\n\t\t<a href=\"https:\/\/lp.suno.com.br\/planilha-controle-gastos\/\" target=\"_blank\" data-element=\"shortcode-suno-banner\" title=\"Banner SUNO, clique e saiba mais\">\n\t\t\t<picture>\n\t\t\t\t<source media=\"(max-width: 500px)\" srcset=\"https:\/\/files.sunoresearch.com.br\/n\/uploads\/2023\/03\/400x300-Planilha-controle-de-gastos.png\">\n\t\t\t\t<img class=\"newsContent__article__imgCapa newsContent__article__imgCapa--banner\"\n\t\t\t\t\tsrc=\"https:\/\/files.sunoresearch.com.br\/n\/uploads\/2023\/03\/1420x240-Planilha-controle-de-gastos.png\"\n\t\t\t\t\tdata-promo-id=\"101751\"\t\t\t\t\t\t\t\t\t\twidth='1420' height='240'\t\t\t\t\talt=\"https:\/\/files.sunoresearch.com.br\/n\/uploads\/2023\/03\/1420x240-Planilha-controle-de-gastos.png\"\n\t\t\t\t>\n\t\t\t<\/picture>\n\t\t<\/a>\n\t<\/p>\n\n\n\n\n\n<p>No comunicado emitido ap\u00f3s a conclus\u00e3o da <strong>recupera\u00e7\u00e3o judicial da Oi<\/strong>, a empresa argumentou que teve uma mudan\u00e7a radical na sua governan\u00e7a e que o novo alto escal\u00e3o tem executado um &#8220;intenso plano de transforma\u00e7\u00e3o&#8221;. <\/p>\n\n\n\n<p>&#8220;Esse plano incluiu complexos processos de vendas de ativos, redu\u00e7\u00e3o de custos e, ao mesmo tempo, a cria\u00e7\u00e3o de uma das maiores empresas e base de usu\u00e1rios de fibra \u00f3tica do mundo, com a<strong> V.tal<\/strong> e o servi\u00e7o Oi Fibra, al\u00e9m da reconhecida posi\u00e7\u00e3o da Oi Solu\u00e7\u00f5es no provimento de solu\u00e7\u00f5es de TIC para grandes empresas do Pa\u00eds&#8221;, ressaltou.<\/p>\n\n\n\n\t<div data-element=\"shortcode-read-more\" class=\"readToo\">\n\t\t\t\t<span class=\"readToo__title\">Leia mais<\/span>\n\t\t\t\t<ul class=\"readToo__list\">\n\t\t\t<li><a href=\"https:\/\/www.suno.com.br\/noticias\/oi-oibr3-bancos-tentam-derrubar-protecao-redores\/\">Oi (OIBR3): bancos tentam derrubar na Justi\u00e7a prote\u00e7\u00e3o da empresa a credores<\/a><\/li><li><a href=\"https:\/\/www.suno.com.br\/noticias\/oi-oibr3-justica-eua-protecao-recuperacao-judicial\/\">Oi (OIBR3) recebe prote\u00e7\u00e3o judicial nos EUA com medo de &#8220;danos irrepar\u00e1veis&#8221;<\/a><\/li>\t\t<\/ul>\n\t<\/div>\n\n\n\n\n<p>&#8220;O processo de <strong>recupera\u00e7\u00e3o da Oi<\/strong>, no entanto, ainda que cumprido \u00e0 risca at\u00e9 aqui, n\u00e3o est\u00e1 completo e precisa de a\u00e7\u00f5es adicionais, sobretudo por causa de condi\u00e7\u00f5es ex\u00f3genas e n\u00e3o control\u00e1veis inerentes a qualquer plano de <a class=\"suno-keyword\" data-force=\"no\" data-priority=\"1\" href=\"https:\/\/www.suno.com.br\/artigos\/longo-prazo\/\" target=\"_blank\" rel=\"noopener\">longo prazo<\/a>, como a deteriora\u00e7\u00e3o do ambiente macroecon\u00f4mico, um decl\u00ednio em ritmo ainda mais acelerado das receitas de telefonia fixa e impactos de obriga\u00e7\u00f5es do passado&#8221;, afirmou.<\/p>\n\n\n\n<p>Segundo a empresa, os principais <strong>problemas da Oi<\/strong> atualmente encontram-se na reestrutura\u00e7\u00e3o da d\u00edvida e no equacionamento da deficit\u00e1ria concess\u00e3o de telefonia fixa.<\/p>\n\n\n\n<p>&#8220;A Oi acredita estar construindo, assim, uma empresa vi\u00e1vel, com o equil\u00edbrio entre a resolu\u00e7\u00e3o de temas do passado e o desenvolvimento da Nova Oi e sua estrat\u00e9gia de foco na fibra, servi\u00e7os digitais e experi\u00eancia dos clientes&#8221;, destacou a empresa.<\/p>\n\n\n\t<p>\n\t\t<a href=\"https:\/\/lp.suno.com.br\/ebook-como-analisar-uma-acao\/\" target=\"_blank\" data-element=\"shortcode-suno-banner\" title=\"Banner SUNO, clique e saiba mais\">\n\t\t\t<picture>\n\t\t\t\t<source media=\"(max-width: 500px)\" srcset=\"https:\/\/files.sunoresearch.com.br\/n\/uploads\/2023\/03\/Ebook-Acoes-Mobile-1.jpg\">\n\t\t\t\t<img class=\"newsContent__article__imgCapa newsContent__article__imgCapa--banner\"\n\t\t\t\t\tsrc=\"https:\/\/files.sunoresearch.com.br\/n\/uploads\/2023\/03\/Ebook-Acoes-Desktop-1.jpg\"\n\t\t\t\t\tdata-promo-id=\"171998\"\t\t\t\t\t\t\t\t\t\twidth='1420' height='286'\t\t\t\t\talt=\"https:\/\/files.sunoresearch.com.br\/n\/uploads\/2023\/03\/Ebook-Acoes-Desktop-1.jpg\"\n\t\t\t\t>\n\t\t\t<\/picture>\n\t\t<\/a>\n\t<\/p>\n\n\n\n\n\n<h2 class=\"wp-block-heading\" id=\"h-oi-confira-o-posicionamento-na-integra\">Oi: Confira o posicionamento na \u00edntegra<\/h2>\n\n\n\n<p><em>Em considera\u00e7\u00e3o a todos os seus stakeholders, incluindo os mais de 25 mil profissionais diretos, parceiros, fornecedores, credores, acionistas, institui\u00e7\u00f5es e demais atores que v\u00eam participando da jornada de recupera\u00e7\u00e3o da Oi, a companhia esclarece pontos que t\u00eam sido tratados de maneira equivocada e injusta sobre o seu processo de reestrutura\u00e7\u00e3o.<\/em><\/p>\n\n\n\n<p><em>O pedido de tutela antecipada \u00e0 Justi\u00e7a, feito no fim de janeiro, faz parte das a\u00e7\u00f5es leg\u00edtimas da Oi em busca de sustentabilidade de <a class=\"suno-keyword\" target=\"_blank\" data-force=\"no\" data-priority=\"1\" href=\"https:\/\/www.suno.com.br\/artigos\/longo-prazo\/\" rel=\"noopener\">longo prazo<\/a>, ap\u00f3s cumprir todas as obriga\u00e7\u00f5es at\u00e9 aqui decorrentes do Plano de Recupera\u00e7\u00e3o Judicial &#8211; aprovado em 2018 e encerrado ao final de 2022. Esse processo tem sido realizado de maneira integralmente privada e a d\u00edvida inicial da empresa, que em valores atualizados seria de cerca de R$ 90 bilh\u00f5es, foi reduzida hoje a aproximadamente R$ 33 bilh\u00f5es &#8211; incluindo a quita\u00e7\u00e3o de 100% dos passivos com o BNDES, de quase R$ 5 bilh\u00f5es.<\/em><\/p>\n\n\n\n<p><em>A recupera\u00e7\u00e3o da Oi, originalmente, tornou-se necess\u00e1ria diante de uma sucess\u00e3o de decis\u00f5es e acontecimentos passados, de diversas naturezas, que levaram a companhia a uma situa\u00e7\u00e3o de estrutura de capital e d\u00edvida incompat\u00edveis com a sua capacidade de gera\u00e7\u00e3o de resultados, tais como: os impactos financeiros das fus\u00f5es com Brasil Telecom e Portugal Telecom, al\u00e9m do peso de um ambiente regulat\u00f3rio j\u00e1 desatualizado h\u00e1 muito tempo, tornando a concess\u00e3o de telefonia fixa (que j\u00e1 foi o principal servi\u00e7o da operadora) insustent\u00e1vel h\u00e1 quase uma d\u00e9cada.<\/em><\/p>\n\n\n\n<p><em>O instituto da Recupera\u00e7\u00e3o Judicial \u00e9 um mecanismo importante do capitalismo democr\u00e1tico e, se bem aplicado, tem um papel extremamente positivo no soerguimento de empresas com bons ativos e potencial de neg\u00f3cios, a exemplo dos casos considerados bem-sucedidos da American Airlines, da GM (que contou com aporte do governo norte-americano de mais de R$ 100 bilh\u00f5es) e da Hertz.<\/em><\/p>\n\n\n\n<p><em>O caso da Oi \u00e9 emblem\u00e1tico n\u00e3o apenas por ser uma das maiores recupera\u00e7\u00f5es da hist\u00f3ria do pa\u00eds, mas principalmente pelas imensas transforma\u00e7\u00f5es, ainda em curso, que v\u00eam acompanhando a empresa desde ent\u00e3o. Uma das mais importantes \u00e9 a completa mudan\u00e7a na sua governan\u00e7a, o que fez da Oi uma empresa aberta de capital difuso (sem grupo controlador), com um Conselho independente e um novo time de gest\u00e3o, reconhecidamente id\u00f4neo e de reputa\u00e7\u00e3o ilibada, que junto fez uma revis\u00e3o completa de estrat\u00e9gia e tem executado um intenso plano de transforma\u00e7\u00e3o.<\/em><\/p>\n\n\n\n<p><em>Esse plano incluiu complexos processos de vendas de ativos, redu\u00e7\u00e3o de custos e, ao mesmo tempo, a cria\u00e7\u00e3o de uma das maiores empresas e base de usu\u00e1rios de fibra \u00f3tica do mundo, com a V.tal e o servi\u00e7o Oi Fibra, al\u00e9m da reconhecida posi\u00e7\u00e3o da Oi Solu\u00e7\u00f5es no provimento de solu\u00e7\u00f5es de TIC para grandes empresas do pa\u00eds.<\/em><\/p>\n\n\n\n<p><em>O processo de recupera\u00e7\u00e3o da Oi, no entanto, ainda que cumprido \u00e0 risca at\u00e9 aqui, n\u00e3o est\u00e1 completo e precisa de a\u00e7\u00f5es adicionais, sobretudo por conta de condi\u00e7\u00f5es ex\u00f3genas e n\u00e3o control\u00e1veis inerentes a qualquer plano de <a class=\"suno-keyword\" target=\"_blank\" data-force=\"no\" data-priority=\"1\" href=\"https:\/\/www.suno.com.br\/artigos\/longo-prazo\/\" rel=\"noopener\">longo prazo<\/a>, como a deteriora\u00e7\u00e3o do ambiente macroecon\u00f4mico, um decl\u00ednio em ritmo ainda mais acelerado das receitas de telefonia fixa e impactos de obriga\u00e7\u00f5es do passado. Com isso, faz-se necess\u00e1rio endere\u00e7ar, de maneira definitiva, os dois principais problemas da companhia.<\/em><\/p>\n\n\n\n<p><em>De um lado, a continuidade do processo de restrutura\u00e7\u00e3o de sua d\u00edvida, em discuss\u00e3o com os principais credores financeiros da empresa &#8211; sendo a maioria deles fundos internacionais &#8211; e que tem como premissa n\u00e3o impactar a opera\u00e7\u00e3o de dia a dia da companhia. Do outro, a necessidade de equacionamento de sua sabidamente deficit\u00e1ria concess\u00e3o de telefonia fixa, para a qual a Oi abriu procedimento arbitral, de elevad\u00edssima monta, em face do poder concedente, e que vem sendo discutida intensamente com os \u00f3rg\u00e3os reguladores e de supervis\u00e3o.<\/em><\/p>\n\n\n\n<p><em>A <strong>Oi<\/strong> acredita estar construindo, assim, uma empresa vi\u00e1vel, com o equil\u00edbrio entre a resolu\u00e7\u00e3o de temas do passado e o desenvolvimento da Nova Oi e sua estrat\u00e9gia de foco na fibra, servi\u00e7os digitais e experi\u00eancia dos clientes. Para isso, mais do que nunca, o comprometimento e o trabalho incans\u00e1veis de todos os seus profissionais e sua administra\u00e7\u00e3o ser\u00e1 cr\u00edtico. E todo o time da Oi segue, de maneira s\u00e9ria, \u00edntegra, transparente e pautado nas boas pr\u00e1ticas de gest\u00e3o e governan\u00e7a, empenhado no processo recupera\u00e7\u00e3o da companhia, que tem papel social e contribui\u00e7\u00e3o ineg\u00e1veis para o Brasil, gerando hoje mais de 60 mil empregos diretos e indiretos e ajudando a conectar, integrar e desenvolver sua popula\u00e7\u00e3o, outras empresas e todo o pa\u00eds.<\/em><\/p>\n\n\n\t<p>\n\t\t<a href=\"https:\/\/lp.suno.com.br\/planilha-de-controle-de-investimentos\/\" target=\"_blank\" data-element=\"shortcode-suno-banner\" title=\"Banner SUNO, clique e saiba mais\">\n\t\t\t<picture>\n\t\t\t\t<source media=\"(max-width: 500px)\" srcset=\"https:\/\/files.sunoresearch.com.br\/n\/uploads\/2023\/03\/400x300-Controle-de-Investimentos.png\">\n\t\t\t\t<img class=\"newsContent__article__imgCapa newsContent__article__imgCapa--banner\"\n\t\t\t\t\tsrc=\"https:\/\/files.sunoresearch.com.br\/n\/uploads\/2023\/03\/1420x240-Controle-de-Investimentos.png\"\n\t\t\t\t\tdata-promo-id=\"75934\"\t\t\t\t\t\t\t\t\t\twidth='1420' height='240'\t\t\t\t\talt=\"https:\/\/files.sunoresearch.com.br\/n\/uploads\/2023\/03\/1420x240-Controle-de-Investimentos.png\"\n\t\t\t\t>\n\t\t\t<\/picture>\n\t\t<\/a>\n\t<\/p>\n\n\n","protected":false},"excerpt":{"rendered":"<p>A Oi (OIBR3) se manifestou sobre a crise financeira que enfrenta ap\u00f3s o t\u00e9rmino da sua recupera\u00e7\u00e3o judicial. Em comunicado enviado \u00e0 imprensa na noite de quarta (15), a empresa disse que alguns pontos do seu processo de reestrutura\u00e7\u00e3o est\u00e3o sendo tratados de forma &#8220;equivocada e injusta&#8221;. &#8220;O pedido de tutela antecipada \u00e0 Justi\u00e7a, feito [&hellip;]<\/p>\n","protected":false},"author":232,"featured_media":357961,"comment_status":"closed","ping_status":"closed","sticky":false,"template":"","format":"standard","meta":[],"categories":[60],"tags":[286,584,314],"suno_strategy":[],"class_list":["post-365174","post","type-post","status-publish","format-standard","has-post-thumbnail","hentry","category-mercado","tag-acoes","tag-oi-oibr3-oibr4","tag-recuperacao-judicial"],"yoast_head":"<!-- This site is optimized with the Yoast SEO plugin v24.4 - https:\/\/yoast.com\/wordpress\/plugins\/seo\/ -->\n<title>&quot;Equivocada e injusta&quot;: Oi (OIBR3) abre o jogo sobre crise p\u00f3s-RJ<\/title>\n<meta name=\"description\" content=\"A Oi (OIBR3) se manifestou sobre a crise financeira que enfrenta ap\u00f3s o t\u00e9rmino da sua recupera\u00e7\u00e3o judicial. Clique e confira!\" \/>\n<meta name=\"robots\" content=\"index, follow, max-snippet:-1, max-image-preview:large, max-video-preview:-1\" \/>\n<link rel=\"canonical\" href=\"https:\/\/www.suno.com.br\/noticias\/equivocada-e-injusta-oi-oibr3-abre-jogo-crise\/\" \/>\n<meta property=\"og:locale\" content=\"pt_BR\" \/>\n<meta property=\"og:type\" content=\"article\" \/>\n<meta property=\"og:title\" content=\"&quot;Equivocada e injusta&quot;: Oi (OIBR3) abre o jogo sobre crise p\u00f3s-RJ\" \/>\n<meta property=\"og:description\" content=\"A Oi (OIBR3) se manifestou sobre a crise financeira que enfrenta ap\u00f3s o t\u00e9rmino da sua recupera\u00e7\u00e3o judicial. Clique e confira!\" \/>\n<meta property=\"og:url\" content=\"https:\/\/www.suno.com.br\/noticias\/equivocada-e-injusta-oi-oibr3-abre-jogo-crise\/\" \/>\n<meta property=\"og:site_name\" content=\"Suno Not\u00edcias\" \/>\n<meta property=\"article:publisher\" content=\"https:\/\/facebook.com\/sunoresearch\" \/>\n<meta property=\"og:image\" content=\"https:\/\/files.sunoresearch.com.br\/n\/uploads\/2023\/02\/oi-oibr3-dividas-intervencao-anatel-foto-divulgacao.jpg\" \/>\n\t<meta property=\"og:image:width\" content=\"1200\" \/>\n\t<meta property=\"og:image:height\" content=\"675\" \/>\n\t<meta property=\"og:image:type\" content=\"image\/jpeg\" \/>\n<meta name=\"author\" content=\"Erick Matheus Nery\" \/>\n<meta name=\"twitter:card\" content=\"summary_large_image\" \/>\n<meta name=\"twitter:creator\" content=\"@sunoresearch\" \/>\n<meta name=\"twitter:site\" content=\"@sunoresearch\" \/>\n<meta name=\"twitter:label1\" content=\"Escrito por\" \/>\n\t<meta name=\"twitter:data1\" content=\"Erick Matheus Nery\" \/>\n\t<meta name=\"twitter:label2\" content=\"Est. tempo de leitura\" \/>\n\t<meta name=\"twitter:data2\" content=\"7 minutos\" \/>\n<script type=\"application\/ld+json\" class=\"yoast-schema-graph\">{\"@context\":\"https:\/\/schema.org\",\"@graph\":[{\"@type\":\"NewsArticle\",\"@id\":\"https:\/\/www.suno.com.br\/noticias\/equivocada-e-injusta-oi-oibr3-abre-jogo-crise\/#article\",\"isPartOf\":{\"@id\":\"https:\/\/www.suno.com.br\/noticias\/equivocada-e-injusta-oi-oibr3-abre-jogo-crise\/\"},\"author\":{\"name\":\"Erick Matheus Nery\",\"@id\":\"https:\/\/www.suno.com.br\/noticias\/#\/schema\/person\/6899bc3f19d1a7315f807131c2c013a0\"},\"headline\":\"&#8220;Equivocada e injusta&#8221;: Oi (OIBR3) abre o jogo sobre crise p\u00f3s-recupera\u00e7\u00e3o judicial\",\"datePublished\":\"2023-02-16T12:59:43+00:00\",\"dateModified\":\"2023-02-16T15:54:00+00:00\",\"mainEntityOfPage\":{\"@id\":\"https:\/\/www.suno.com.br\/noticias\/equivocada-e-injusta-oi-oibr3-abre-jogo-crise\/\"},\"wordCount\":1368,\"publisher\":{\"@id\":\"https:\/\/www.suno.com.br\/noticias\/#organization\"},\"image\":{\"@id\":\"https:\/\/www.suno.com.br\/noticias\/equivocada-e-injusta-oi-oibr3-abre-jogo-crise\/#primaryimage\"},\"thumbnailUrl\":\"https:\/\/files.sunoresearch.com.br\/n\/uploads\/2023\/02\/oi-oibr3-dividas-intervencao-anatel-foto-divulgacao.jpg\",\"keywords\":[\"A\u00e7\u00f5es\",\"Oi (OIBR3\/OIBR4)\",\"recupera\u00e7\u00e3o judicial\"],\"articleSection\":[\"Mercado\"],\"inLanguage\":\"pt-BR\"},{\"@type\":\"WebPage\",\"@id\":\"https:\/\/www.suno.com.br\/noticias\/equivocada-e-injusta-oi-oibr3-abre-jogo-crise\/\",\"url\":\"https:\/\/www.suno.com.br\/noticias\/equivocada-e-injusta-oi-oibr3-abre-jogo-crise\/\",\"name\":\"\\\"Equivocada e injusta\\\": Oi (OIBR3) abre o jogo sobre crise p\u00f3s-RJ\",\"isPartOf\":{\"@id\":\"https:\/\/www.suno.com.br\/noticias\/#website\"},\"primaryImageOfPage\":{\"@id\":\"https:\/\/www.suno.com.br\/noticias\/equivocada-e-injusta-oi-oibr3-abre-jogo-crise\/#primaryimage\"},\"image\":{\"@id\":\"https:\/\/www.suno.com.br\/noticias\/equivocada-e-injusta-oi-oibr3-abre-jogo-crise\/#primaryimage\"},\"thumbnailUrl\":\"https:\/\/files.sunoresearch.com.br\/n\/uploads\/2023\/02\/oi-oibr3-dividas-intervencao-anatel-foto-divulgacao.jpg\",\"datePublished\":\"2023-02-16T12:59:43+00:00\",\"dateModified\":\"2023-02-16T15:54:00+00:00\",\"description\":\"A Oi (OIBR3) se manifestou sobre a crise financeira que enfrenta ap\u00f3s o t\u00e9rmino da sua recupera\u00e7\u00e3o judicial. Clique e confira!\",\"breadcrumb\":{\"@id\":\"https:\/\/www.suno.com.br\/noticias\/equivocada-e-injusta-oi-oibr3-abre-jogo-crise\/#breadcrumb\"},\"inLanguage\":\"pt-BR\",\"potentialAction\":[{\"@type\":\"ReadAction\",\"target\":[\"https:\/\/www.suno.com.br\/noticias\/equivocada-e-injusta-oi-oibr3-abre-jogo-crise\/\"]}]},{\"@type\":\"ImageObject\",\"inLanguage\":\"pt-BR\",\"@id\":\"https:\/\/www.suno.com.br\/noticias\/equivocada-e-injusta-oi-oibr3-abre-jogo-crise\/#primaryimage\",\"url\":\"https:\/\/files.sunoresearch.com.br\/n\/uploads\/2023\/02\/oi-oibr3-dividas-intervencao-anatel-foto-divulgacao.jpg\",\"contentUrl\":\"https:\/\/files.sunoresearch.com.br\/n\/uploads\/2023\/02\/oi-oibr3-dividas-intervencao-anatel-foto-divulgacao.jpg\",\"width\":1200,\"height\":675,\"caption\":\"Oi (OIBR3). Foto: Divulga\u00e7\u00e3o.\"},{\"@type\":\"BreadcrumbList\",\"@id\":\"https:\/\/www.suno.com.br\/noticias\/equivocada-e-injusta-oi-oibr3-abre-jogo-crise\/#breadcrumb\",\"itemListElement\":[{\"@type\":\"ListItem\",\"position\":1,\"name\":\"Not\u00edcias\",\"item\":\"https:\/\/www.suno.com.br\/noticias\/\"},{\"@type\":\"ListItem\",\"position\":2,\"name\":\"Mercado\",\"item\":\"https:\/\/www.suno.com.br\/noticias\/mercado\/\"},{\"@type\":\"ListItem\",\"position\":3,\"name\":\"&#8220;Equivocada e injusta&#8221;: Oi (OIBR3) abre o jogo sobre crise p\u00f3s-recupera\u00e7\u00e3o judicial\"}]},{\"@type\":\"WebSite\",\"@id\":\"https:\/\/www.suno.com.br\/noticias\/#website\",\"url\":\"https:\/\/www.suno.com.br\/noticias\/\",\"name\":\"Suno Not\u00edcias\",\"description\":\"Seu portal de informa\u00e7\u00e3o sobre o mundo dos investimentos\",\"publisher\":{\"@id\":\"https:\/\/www.suno.com.br\/noticias\/#organization\"},\"potentialAction\":[{\"@type\":\"SearchAction\",\"target\":{\"@type\":\"EntryPoint\",\"urlTemplate\":\"https:\/\/www.suno.com.br\/noticias\/?s={search_term_string}\"},\"query-input\":{\"@type\":\"PropertyValueSpecification\",\"valueRequired\":true,\"valueName\":\"search_term_string\"}}],\"inLanguage\":\"pt-BR\"},{\"@type\":\"Organization\",\"@id\":\"https:\/\/www.suno.com.br\/noticias\/#organization\",\"name\":\"Suno Not\u00edcias\",\"url\":\"https:\/\/www.suno.com.br\/noticias\/\",\"logo\":{\"@type\":\"ImageObject\",\"inLanguage\":\"pt-BR\",\"@id\":\"https:\/\/www.suno.com.br\/noticias\/#\/schema\/logo\/image\/\",\"url\":\"https:\/\/files.sunoresearch.com.br\/n\/uploads\/2021\/09\/suno-logo.png\",\"contentUrl\":\"https:\/\/files.sunoresearch.com.br\/n\/uploads\/2021\/09\/suno-logo.png\",\"width\":180,\"height\":180,\"caption\":\"Suno Not\u00edcias\"},\"image\":{\"@id\":\"https:\/\/www.suno.com.br\/noticias\/#\/schema\/logo\/image\/\"},\"sameAs\":[\"https:\/\/facebook.com\/sunoresearch\",\"https:\/\/x.com\/sunoresearch\",\"https:\/\/www.instagram.com\/suno\",\"https:\/\/www.linkedin.com\/company\/suno-research\/\",\"https:\/\/www.youtube.com\/c\/sunoresearch\"]},{\"@type\":\"Person\",\"@id\":\"https:\/\/www.suno.com.br\/noticias\/#\/schema\/person\/6899bc3f19d1a7315f807131c2c013a0\",\"name\":\"Erick Matheus Nery\",\"image\":{\"@type\":\"ImageObject\",\"inLanguage\":\"pt-BR\",\"@id\":\"https:\/\/www.suno.com.br\/noticias\/#\/schema\/person\/image\/\",\"url\":\"https:\/\/secure.gravatar.com\/avatar\/518ddffe438ccb767782d372a66304d2?s=96&r=g\",\"contentUrl\":\"https:\/\/secure.gravatar.com\/avatar\/518ddffe438ccb767782d372a66304d2?s=96&r=g\",\"caption\":\"Erick Matheus Nery\"},\"description\":\"Formado em Jornalismo pela Universidade Federal do Par\u00e1 (UFPA), conta com extens\u00e3o em Jornalismo Econ\u00f4mico pela Funda\u00e7\u00e3o Get\u00falio Vargas (FGV). No Suno Not\u00edcias, atua como rep\u00f3rter de Mercado, com foco nos setores de telecomunica\u00e7\u00f5es, varejo, alimentos e renda fixa. Conta com passagens pelo jornal O Estado de S\u00e3o Paulo, como trainee de Jornalismo Econ\u00f4mico, e pelo site Not\u00edcias da TV.\",\"url\":\"https:\/\/www.suno.com.br\/noticias\/author\/erick-nery\/\"}]}<\/script>\n<!-- \/ Yoast SEO plugin. -->","yoast_head_json":{"title":"\"Equivocada e injusta\": Oi (OIBR3) abre o jogo sobre crise p\u00f3s-RJ","description":"A Oi (OIBR3) se manifestou sobre a crise financeira que enfrenta ap\u00f3s o t\u00e9rmino da sua recupera\u00e7\u00e3o judicial. Clique e confira!","robots":{"index":"index","follow":"follow","max-snippet":"max-snippet:-1","max-image-preview":"max-image-preview:large","max-video-preview":"max-video-preview:-1"},"canonical":"https:\/\/www.suno.com.br\/noticias\/equivocada-e-injusta-oi-oibr3-abre-jogo-crise\/","og_locale":"pt_BR","og_type":"article","og_title":"\"Equivocada e injusta\": Oi (OIBR3) abre o jogo sobre crise p\u00f3s-RJ","og_description":"A Oi (OIBR3) se manifestou sobre a crise financeira que enfrenta ap\u00f3s o t\u00e9rmino da sua recupera\u00e7\u00e3o judicial. Clique e confira!","og_url":"https:\/\/www.suno.com.br\/noticias\/equivocada-e-injusta-oi-oibr3-abre-jogo-crise\/","og_site_name":"Suno Not\u00edcias","article_publisher":"https:\/\/facebook.com\/sunoresearch","og_image":[{"width":1200,"height":675,"url":"https:\/\/files.sunoresearch.com.br\/n\/uploads\/2023\/02\/oi-oibr3-dividas-intervencao-anatel-foto-divulgacao.jpg","type":"image\/jpeg"}],"author":"Erick Matheus Nery","twitter_card":"summary_large_image","twitter_creator":"@sunoresearch","twitter_site":"@sunoresearch","twitter_misc":{"Escrito por":"Erick Matheus Nery","Est. tempo de leitura":"7 minutos"},"schema":{"@context":"https:\/\/schema.org","@graph":[{"@type":"NewsArticle","@id":"https:\/\/www.suno.com.br\/noticias\/equivocada-e-injusta-oi-oibr3-abre-jogo-crise\/#article","isPartOf":{"@id":"https:\/\/www.suno.com.br\/noticias\/equivocada-e-injusta-oi-oibr3-abre-jogo-crise\/"},"author":{"name":"Erick Matheus Nery","@id":"https:\/\/www.suno.com.br\/noticias\/#\/schema\/person\/6899bc3f19d1a7315f807131c2c013a0"},"headline":"&#8220;Equivocada e injusta&#8221;: Oi (OIBR3) abre o jogo sobre crise p\u00f3s-recupera\u00e7\u00e3o judicial","datePublished":"2023-02-16T12:59:43+00:00","dateModified":"2023-02-16T15:54:00+00:00","mainEntityOfPage":{"@id":"https:\/\/www.suno.com.br\/noticias\/equivocada-e-injusta-oi-oibr3-abre-jogo-crise\/"},"wordCount":1368,"publisher":{"@id":"https:\/\/www.suno.com.br\/noticias\/#organization"},"image":{"@id":"https:\/\/www.suno.com.br\/noticias\/equivocada-e-injusta-oi-oibr3-abre-jogo-crise\/#primaryimage"},"thumbnailUrl":"https:\/\/files.sunoresearch.com.br\/n\/uploads\/2023\/02\/oi-oibr3-dividas-intervencao-anatel-foto-divulgacao.jpg","keywords":["A\u00e7\u00f5es","Oi (OIBR3\/OIBR4)","recupera\u00e7\u00e3o judicial"],"articleSection":["Mercado"],"inLanguage":"pt-BR"},{"@type":"WebPage","@id":"https:\/\/www.suno.com.br\/noticias\/equivocada-e-injusta-oi-oibr3-abre-jogo-crise\/","url":"https:\/\/www.suno.com.br\/noticias\/equivocada-e-injusta-oi-oibr3-abre-jogo-crise\/","name":"\"Equivocada e injusta\": Oi (OIBR3) abre o jogo sobre crise p\u00f3s-RJ","isPartOf":{"@id":"https:\/\/www.suno.com.br\/noticias\/#website"},"primaryImageOfPage":{"@id":"https:\/\/www.suno.com.br\/noticias\/equivocada-e-injusta-oi-oibr3-abre-jogo-crise\/#primaryimage"},"image":{"@id":"https:\/\/www.suno.com.br\/noticias\/equivocada-e-injusta-oi-oibr3-abre-jogo-crise\/#primaryimage"},"thumbnailUrl":"https:\/\/files.sunoresearch.com.br\/n\/uploads\/2023\/02\/oi-oibr3-dividas-intervencao-anatel-foto-divulgacao.jpg","datePublished":"2023-02-16T12:59:43+00:00","dateModified":"2023-02-16T15:54:00+00:00","description":"A Oi (OIBR3) se manifestou sobre a crise financeira que enfrenta ap\u00f3s o t\u00e9rmino da sua recupera\u00e7\u00e3o judicial. Clique e confira!","breadcrumb":{"@id":"https:\/\/www.suno.com.br\/noticias\/equivocada-e-injusta-oi-oibr3-abre-jogo-crise\/#breadcrumb"},"inLanguage":"pt-BR","potentialAction":[{"@type":"ReadAction","target":["https:\/\/www.suno.com.br\/noticias\/equivocada-e-injusta-oi-oibr3-abre-jogo-crise\/"]}]},{"@type":"ImageObject","inLanguage":"pt-BR","@id":"https:\/\/www.suno.com.br\/noticias\/equivocada-e-injusta-oi-oibr3-abre-jogo-crise\/#primaryimage","url":"https:\/\/files.sunoresearch.com.br\/n\/uploads\/2023\/02\/oi-oibr3-dividas-intervencao-anatel-foto-divulgacao.jpg","contentUrl":"https:\/\/files.sunoresearch.com.br\/n\/uploads\/2023\/02\/oi-oibr3-dividas-intervencao-anatel-foto-divulgacao.jpg","width":1200,"height":675,"caption":"Oi (OIBR3). Foto: Divulga\u00e7\u00e3o."},{"@type":"BreadcrumbList","@id":"https:\/\/www.suno.com.br\/noticias\/equivocada-e-injusta-oi-oibr3-abre-jogo-crise\/#breadcrumb","itemListElement":[{"@type":"ListItem","position":1,"name":"Not\u00edcias","item":"https:\/\/www.suno.com.br\/noticias\/"},{"@type":"ListItem","position":2,"name":"Mercado","item":"https:\/\/www.suno.com.br\/noticias\/mercado\/"},{"@type":"ListItem","position":3,"name":"&#8220;Equivocada e injusta&#8221;: Oi (OIBR3) abre o jogo sobre crise p\u00f3s-recupera\u00e7\u00e3o judicial"}]},{"@type":"WebSite","@id":"https:\/\/www.suno.com.br\/noticias\/#website","url":"https:\/\/www.suno.com.br\/noticias\/","name":"Suno Not\u00edcias","description":"Seu portal de informa\u00e7\u00e3o sobre o mundo dos investimentos","publisher":{"@id":"https:\/\/www.suno.com.br\/noticias\/#organization"},"potentialAction":[{"@type":"SearchAction","target":{"@type":"EntryPoint","urlTemplate":"https:\/\/www.suno.com.br\/noticias\/?s={search_term_string}"},"query-input":{"@type":"PropertyValueSpecification","valueRequired":true,"valueName":"search_term_string"}}],"inLanguage":"pt-BR"},{"@type":"Organization","@id":"https:\/\/www.suno.com.br\/noticias\/#organization","name":"Suno Not\u00edcias","url":"https:\/\/www.suno.com.br\/noticias\/","logo":{"@type":"ImageObject","inLanguage":"pt-BR","@id":"https:\/\/www.suno.com.br\/noticias\/#\/schema\/logo\/image\/","url":"https:\/\/files.sunoresearch.com.br\/n\/uploads\/2021\/09\/suno-logo.png","contentUrl":"https:\/\/files.sunoresearch.com.br\/n\/uploads\/2021\/09\/suno-logo.png","width":180,"height":180,"caption":"Suno Not\u00edcias"},"image":{"@id":"https:\/\/www.suno.com.br\/noticias\/#\/schema\/logo\/image\/"},"sameAs":["https:\/\/facebook.com\/sunoresearch","https:\/\/x.com\/sunoresearch","https:\/\/www.instagram.com\/suno","https:\/\/www.linkedin.com\/company\/suno-research\/","https:\/\/www.youtube.com\/c\/sunoresearch"]},{"@type":"Person","@id":"https:\/\/www.suno.com.br\/noticias\/#\/schema\/person\/6899bc3f19d1a7315f807131c2c013a0","name":"Erick Matheus Nery","image":{"@type":"ImageObject","inLanguage":"pt-BR","@id":"https:\/\/www.suno.com.br\/noticias\/#\/schema\/person\/image\/","url":"https:\/\/secure.gravatar.com\/avatar\/518ddffe438ccb767782d372a66304d2?s=96&r=g","contentUrl":"https:\/\/secure.gravatar.com\/avatar\/518ddffe438ccb767782d372a66304d2?s=96&r=g","caption":"Erick Matheus Nery"},"description":"Formado em Jornalismo pela Universidade Federal do Par\u00e1 (UFPA), conta com extens\u00e3o em Jornalismo Econ\u00f4mico pela Funda\u00e7\u00e3o Get\u00falio Vargas (FGV). No Suno Not\u00edcias, atua como rep\u00f3rter de Mercado, com foco nos setores de telecomunica\u00e7\u00f5es, varejo, alimentos e renda fixa. Conta com passagens pelo jornal O Estado de S\u00e3o Paulo, como trainee de Jornalismo Econ\u00f4mico, e pelo site Not\u00edcias da TV.","url":"https:\/\/www.suno.com.br\/noticias\/author\/erick-nery\/"}]}},"default_loop_html":"<div class=\"cardsPage__listCard__boxs\"><div class=\"cardsPage__listCard__boxs__img\"><a href=\"https:\/\/www.suno.com.br\/noticias\/equivocada-e-injusta-oi-oibr3-abre-jogo-crise\/\"><img class=\"mask\" src=\"https:\/\/www.suno.com.br\/noticias\/wp-content\/themes\/suno\/resources\/images\/spotlight\/spotlight1img\/bg-mask.png\" alt=\"Image Mask\"\/><img src=\"https:\/\/files.sunoresearch.com.br\/n\/uploads\/2023\/02\/oi-oibr3-dividas-intervencao-anatel-foto-divulgacao-400x200.jpg\" alt=\"&#8220;Equivocada e injusta&#8221;: Oi (OIBR3) abre o jogo sobre crise p\u00f3s-recupera\u00e7\u00e3o judicial\"\/><\/a><span class=\"spotlightCategory\"><a href=\"https:\/\/www.suno.com.br\/noticias\/mercado\/\">Mercado<\/a><\/span><\/div><div class=\"cardsPage__listCard__boxs__content\"><a href=\"https:\/\/www.suno.com.br\/noticias\/equivocada-e-injusta-oi-oibr3-abre-jogo-crise\/\"><h2 class=\"content__title\">&#8220;Equivocada e injusta&#8221;: Oi (OIBR3) abre o jogo sobre crise p\u00f3s-recupera\u00e7\u00e3o judicial<\/h2><\/a><div class=\"newsContent__article__meta\"><div class=\"newsContent__article__meta__authorBox\"><a href=\"https:\/\/www.suno.com.br\/noticias\/author\/eduardo-vargas\/\" class=\"authorBox__avatar noMobi\"><img src=\"https:\/\/secure.gravatar.com\/avatar\/dac340933427a22924c9f99d1eb2e3f2?s=96&#038;r=g\" alt=\"Eduardo Vargas\"><\/a><div class=\"authorBox__name\"><span>por\n\t\t\t<a href=\"https:\/\/www.suno.com.br\/noticias\/author\/eduardo-vargas\/\"><span itemprop=\"author\">Eduardo Vargas<\/span><\/a><\/span><time datetime=\"2023-02-16T09:59:43-03:00\" itemprop=\"datePublished\">16\/02\/2023 09:59<\/time><\/div><\/div><\/div><\/div><\/div>","single_layout":"posts","amp_enabled":true,"_links":{"self":[{"href":"https:\/\/www.suno.com.br\/noticias\/wp-json\/wp\/v2\/posts\/365174"}],"collection":[{"href":"https:\/\/www.suno.com.br\/noticias\/wp-json\/wp\/v2\/posts"}],"about":[{"href":"https:\/\/www.suno.com.br\/noticias\/wp-json\/wp\/v2\/types\/post"}],"author":[{"embeddable":true,"href":"https:\/\/www.suno.com.br\/noticias\/wp-json\/wp\/v2\/users\/232"}],"replies":[{"embeddable":true,"href":"https:\/\/www.suno.com.br\/noticias\/wp-json\/wp\/v2\/comments?post=365174"}],"version-history":[{"count":2,"href":"https:\/\/www.suno.com.br\/noticias\/wp-json\/wp\/v2\/posts\/365174\/revisions"}],"predecessor-version":[{"id":365353,"href":"https:\/\/www.suno.com.br\/noticias\/wp-json\/wp\/v2\/posts\/365174\/revisions\/365353"}],"wp:featuredmedia":[{"embeddable":true,"href":"https:\/\/www.suno.com.br\/noticias\/wp-json\/wp\/v2\/media\/357961"}],"wp:attachment":[{"href":"https:\/\/www.suno.com.br\/noticias\/wp-json\/wp\/v2\/media?parent=365174"}],"wp:term":[{"taxonomy":"category","embeddable":true,"href":"https:\/\/www.suno.com.br\/noticias\/wp-json\/wp\/v2\/categories?post=365174"},{"taxonomy":"post_tag","embeddable":true,"href":"https:\/\/www.suno.com.br\/noticias\/wp-json\/wp\/v2\/tags?post=365174"},{"taxonomy":"suno_strategy","embeddable":true,"href":"https:\/\/www.suno.com.br\/noticias\/wp-json\/wp\/v2\/suno_strategy?post=365174"}],"curies":[{"name":"wp","href":"https:\/\/api.w.org\/{rel}","templated":true}]}}