{"id":365114,"date":"2023-02-16T16:10:10","date_gmt":"2023-02-16T19:10:10","guid":{"rendered":"https:\/\/www.suno.com.br\/noticias\/?p=365114"},"modified":"2023-02-17T15:42:50","modified_gmt":"2023-02-17T18:42:50","slug":"banco-safra-crise-americanas-familia","status":"publish","type":"post","link":"https:\/\/www.suno.com.br\/noticias\/banco-safra-crise-americanas-familia\/","title":{"rendered":"Justi\u00e7a determina que Banco Safra entregue documentos sobre concess\u00e3o de cr\u00e9dito"},"content":{"rendered":"<p>O <strong>Banco Safra <\/strong>ter\u00e1 de entregar \u00e0 Justi\u00e7a diversos documentos, incluindo uma rela\u00e7\u00e3o dos dez maiores devedores do banco e relat\u00f3rios que embasaram a <a class=\"suno-keyword\" data-force=\"no\" data-priority=\"1\" href=\"https:\/\/www.suno.com.br\/artigos\/concessao-de-credito\/\" target=\"_blank\" rel=\"noopener\">concess\u00e3o de cr\u00e9dito<\/a> para a varejista.<\/p>\t<div class=\"wrapper-featured-image\">\n\t\t<figure class=\"spotlightImg\">\n\n\t\t\t<picture>\n\t\t\t\t<source media=\"(max-width: 768px)\" srcset=\"https:\/\/files.sunoresearch.com.br\/n\/uploads\/2020\/08\/28aee65c-shutterstock_1561052579-1280x720-1-400x200.webp\">\n\t\t\t\t<img loading=\"lazy\" decoding=\"async\" class=\"newsContent__article__imgCapa lazyloadDisabled \" src=\"https:\/\/files.sunoresearch.com.br\/n\/uploads\/2020\/08\/28aee65c-shutterstock_1561052579-1280x720-1-800x450.webp\" width=\"800\" height=\"450\" alt=\"Justi\u00e7a determina que Banco Safra entregue documentos sobre concess\u00e3o de cr\u00e9dito\" fetchpriority=high \/>\n\t\t\t<\/picture>\n\n\t\t\t<figcaption class=\"wp-caption-text wp-caption-text--show\">O Conselho Administrativo de Defesa Econ\u00f4mica (Cade) aprovou, sem restri\u00e7\u00f5es, a compra dos ativos do Itaucard pelo Banco Safra.<\/figcaption>\n\t\t<\/figure>\n\t<\/div>\n\n\n\n\n\n\t<p>\n\t\t<a href=\"\" target=\"_blank\" data-element=\"shortcode-suno-banner\" title=\"Banner SUNO, clique e saiba mais\">\n\t\t\t<picture>\n\t\t\t\t<source media=\"(max-width: 500px)\" srcset=\"\">\n\t\t\t\t<img class=\"newsContent__article__imgCapa newsContent__article__imgCapa--banner\"\n\t\t\t\t\tsrc=\"\"\n\t\t\t\t\tdata-promo-id=\"138420\"\t\t\t\t\t\t\t\t\t\t\t\t\t\t\talt=\"\"\n\t\t\t\t>\n\t\t\t<\/picture>\n\t\t<\/a>\n\t<\/p>\n\n\n\n\n\n<p>A decis\u00e3o foi de Luiz Felipe Bedendi, da 1\u00aa Vara Empresarial de S\u00e3o Paulo, que deu cinco dias para que os documentos sejam entregues.<\/p>\n\n\n\n<p>A solicita\u00e7\u00e3o dos documentos detalhados sobre as informa\u00e7\u00f5es financeiros do banco vem ap\u00f3s um crescimento da carteira de cr\u00e9dito em meio \u00e0 alta da inadimpl\u00eancia.<\/p>\n\n\n\n\t<div data-element=\"shortcode-read-more\" class=\"readToo\">\n\t\t\t\t<span class=\"readToo__title\">Leia mais<\/span>\n\t\t\t\t<ul class=\"readToo__list\">\n\t\t\t<li><a href=\"https:\/\/www.suno.com.br\/noticias\/vale-vale3-acoes-16022023\/\">Em dia de balan\u00e7o, a\u00e7\u00f5es da Vale (VALE3) operam em alta no Ibovespa; confira cota\u00e7\u00e3o<\/a><\/li><li><a href=\"https:\/\/www.suno.com.br\/noticias\/americanas-amer3-novo-executivo-ceo\/\">Conselho da Americanas (AMER3) anuncia novo executivo para comandar a companhia<\/a><\/li><li><a href=\"https:\/\/www.suno.com.br\/noticias\/americanas-amer3-justica-nega-suspensao-recuperacao-judicial\/\">Americanas (AMER3): Justi\u00e7a nega recurso do Safra para suspender recupera\u00e7\u00e3o judicial<\/a><\/li><li><a href=\"https:\/\/www.suno.com.br\/noticias\/banco-safra-compra-bilionaria-alfa\/\">Banco Safra faz aquisi\u00e7\u00e3o bilion\u00e1ria de conglomerado financeiro<\/a><\/li>\t\t<\/ul>\n\t<\/div>\n\n\n\n\n<p>O que motivou ainda mais a solicita\u00e7\u00e3o foi justamente o<strong> caso Americanas<\/strong>, que, por se tratar de uma situa\u00e7\u00e3o que afetou a carteira e o provisionamento de diversos bancos, foi utilizada como instrumento para balizar a peti\u00e7\u00e3o.<\/p>\n\n\n\n<p>&#8220;Sob qualquer \u00e2ngulo de an\u00e1lise, n\u00e3o se tem d\u00favida em afirmar que um n\u00edvel t\u00e3o elevado de concentra\u00e7\u00e3o de risco em um \u00fanico devedor, envolvendo valor t\u00e3o elevado em rela\u00e7\u00e3o ao <a class=\"suno-keyword\" target=\"_blank\" data-force=\"no\" data-priority=\"2\" href=\"https:\/\/www.suno.com.br\/artigos\/patrimonio-liquido\/\" rel=\"noopener\">patrim\u00f4nio l\u00edquido<\/a>, jamais poderia ocorrer sem qualquer conhecimento do conselho de administra\u00e7\u00e3o&#8221;, diz a peti\u00e7\u00e3o.<\/p>\n\n\n\n<p>&#8220;O conselho de administra\u00e7\u00e3o n\u00e3o tinha absolutamente nenhuma informa\u00e7\u00e3o anterior a respeito das opera\u00e7\u00f5es com a Americanas S.A. (nem com ningu\u00e9m mais, n\u00e3o custa lembrar), apesar dos insistentes pedidos anteriores dos requerentes a respeito da mat\u00e9ria e de envolverem elevad\u00edssimo risco, em virtude de seu valor desproporcionalmente alto em rela\u00e7\u00e3o ao patrim\u00f4nio l\u00edquido do banco&#8221;, segue.<\/p>\n\n\n\n<p>O banco destacou que ir\u00e1 recorrer da decis\u00e3o e que se trata de uma liminar.<\/p>\n\n\n\t<p>\n\t\t<a href=\"https:\/\/lp.suno.com.br\/planilha-controle-gastos\/\" target=\"_blank\" data-element=\"shortcode-suno-banner\" title=\"Banner SUNO, clique e saiba mais\">\n\t\t\t<picture>\n\t\t\t\t<source media=\"(max-width: 500px)\" srcset=\"https:\/\/files.sunoresearch.com.br\/n\/uploads\/2023\/03\/400x300-Planilha-controle-de-gastos.png\">\n\t\t\t\t<img class=\"newsContent__article__imgCapa newsContent__article__imgCapa--banner\"\n\t\t\t\t\tsrc=\"https:\/\/files.sunoresearch.com.br\/n\/uploads\/2023\/03\/1420x240-Planilha-controle-de-gastos.png\"\n\t\t\t\t\tdata-promo-id=\"101751\"\t\t\t\t\t\t\t\t\t\twidth='1420' height='240'\t\t\t\t\talt=\"https:\/\/files.sunoresearch.com.br\/n\/uploads\/2023\/03\/1420x240-Planilha-controle-de-gastos.png\"\n\t\t\t\t>\n\t\t\t<\/picture>\n\t\t<\/a>\n\t<\/p>\n\n\n\n\n\n<p><a href=\"https:\/\/www.suno.com.br\/noticias\/divida-americanas-amer3-grandes-bancos\/\" target=\"_blank\" rel=\"noreferrer noopener\">Em uma nova lista, divulgada h\u00e1 poucos dias<\/a>, a Americanas mostrou que <strong>deve cerca de R$ 2,527 bilh\u00f5es ao Banco Safra<\/strong>.<\/p>\n\n\n\n<p>Com isso o <strong>banco <\/strong>fica pr\u00f3ximo dos maiores credores, que contemplam <a class=\"suno-keyword\" data-force=\"yes\" data-priority=\"2\" href=\"https:\/\/www.suno.com.br\/acoes\/BBDC4\/\" target=\"_blank\" rel=\"noopener\">Bradesco (BBDC4)<\/a> e <a class=\"suno-keyword\" data-force=\"yes\" data-priority=\"2\" href=\"https:\/\/www.suno.com.br\/acoes\/ITUB4\/\" target=\"_blank\" rel=\"noopener\">Ita\u00fa (ITUB4)<\/a>, com R$ 4,8 bilh\u00f5es e R$ 4,3 bilh\u00f5es, e <a class=\"suno-keyword\" data-force=\"yes\" data-priority=\"2\" href=\"https:\/\/www.suno.com.br\/acoes\/SANB11\/\" target=\"_blank\" rel=\"noopener\">Santander (SANB11)<\/a> e <a class=\"suno-keyword\" data-force=\"yes\" data-priority=\"2\" href=\"https:\/\/www.suno.com.br\/acoes\/BPAC11\/\" target=\"_blank\" rel=\"noopener\">BTG Pactual (BPAC11)<\/a>, com R$ 3,6 bilh\u00f5es e R$ 2,65 bilh\u00f5es. <\/p>\n\n\n\n<h2 class=\"wp-block-heading\" id=\"h-posicionamento-do-banco-safra\">Posicionamento do Banco Safra <\/h2>\n\n\n\n<p>Em notas \u00e0 imprensa, o <strong>Banco e a Fam\u00edlia Safra<\/strong> explica:<\/p>\n\n\n\n<p>&#8220;O Banco Safra \u00e9 uma institui\u00e7\u00e3o absolutamente \u00e9tica, que adota as melhores pr\u00e1ticas de governan\u00e7a do mercado. Essa a\u00e7\u00e3o \u00e9 movida por dois conselheiros indicados por um <a class=\"suno-keyword\" data-force=\"no\" data-priority=\"1\" href=\"https:\/\/www.suno.com.br\/artigos\/acionista-dissidente\/\" target=\"_blank\" rel=\"noopener\">acionista dissidente<\/a>. O Banco Safra refuta todas as alega\u00e7\u00f5es e apresentar\u00e1 manifesta\u00e7\u00e3o em ju\u00edzo&#8221;, diz o banco <strong>Safra<\/strong>.<\/p>\n\n\n\t<p>\n\t\t<a href=\"https:\/\/lp.suno.com.br\/planilha-da-vida-financeira\/\" target=\"_blank\" data-element=\"shortcode-suno-banner\" title=\"Banner SUNO, clique e saiba mais\">\n\t\t\t<picture>\n\t\t\t\t<source media=\"(max-width: 500px)\" srcset=\"https:\/\/files.sunoresearch.com.br\/n\/uploads\/2023\/04\/400x300-Planilha-vida-financeira-true.png\">\n\t\t\t\t<img class=\"newsContent__article__imgCapa newsContent__article__imgCapa--banner\"\n\t\t\t\t\tsrc=\"https:\/\/files.sunoresearch.com.br\/n\/uploads\/2023\/04\/1420x240-Planilha-vida-financeira-true.png\"\n\t\t\t\t\tdata-promo-id=\"106682\"\t\t\t\t\t\t\t\t\t\twidth='1420' height='240'\t\t\t\t\talt=\"https:\/\/files.sunoresearch.com.br\/n\/uploads\/2023\/04\/1420x240-Planilha-vida-financeira-true.png\"\n\t\t\t\t>\n\t\t\t<\/picture>\n\t\t<\/a>\n\t<\/p>\n\n\n","protected":false},"excerpt":{"rendered":"<p>O Banco Safra ter\u00e1 de entregar \u00e0 Justi\u00e7a diversos documentos, incluindo uma rela\u00e7\u00e3o dos dez maiores devedores do banco e relat\u00f3rios que embasaram a concess\u00e3o de cr\u00e9dito para a varejista. O Conselho Administrativo de Defesa Econ\u00f4mica (Cade) aprovou, sem restri\u00e7\u00f5es, a compra dos ativos do Itaucard pelo Banco Safra. A decis\u00e3o foi de Luiz Felipe [&hellip;]<\/p>\n","protected":false},"author":73,"featured_media":81559,"comment_status":"closed","ping_status":"closed","sticky":false,"template":"","format":"standard","meta":[],"categories":[64],"tags":[106605,1518],"suno_strategy":[],"class_list":["post-365114","post","type-post","status-publish","format-standard","has-post-thumbnail","hentry","category-negocios","tag-americanas-s-a-amer3","tag-banco-safra"],"yoast_head":"<!-- This site is optimized with the Yoast SEO plugin v24.4 - https:\/\/yoast.com\/wordpress\/plugins\/seo\/ -->\n<title>Justi\u00e7a determina que Banco Safra entregue documentos sobre cr\u00e9dito<\/title>\n<meta name=\"description\" content=\"Ap\u00f3s caso Americanas, Justi\u00e7a concedeu acesso a novos documentos do Banco Safra. Confira mais detalhes sobre a decis\u00e3o!\" \/>\n<meta name=\"robots\" content=\"index, follow, max-snippet:-1, max-image-preview:large, max-video-preview:-1\" \/>\n<link rel=\"canonical\" href=\"https:\/\/www.suno.com.br\/noticias\/banco-safra-crise-americanas-familia\/\" \/>\n<meta property=\"og:locale\" content=\"pt_BR\" \/>\n<meta property=\"og:type\" content=\"article\" \/>\n<meta property=\"og:title\" content=\"Justi\u00e7a determina que Banco Safra entregue documentos sobre cr\u00e9dito\" \/>\n<meta property=\"og:description\" content=\"Ap\u00f3s caso Americanas, Justi\u00e7a concedeu acesso a novos documentos do Banco Safra. Confira mais detalhes sobre a decis\u00e3o!\" \/>\n<meta property=\"og:url\" content=\"https:\/\/www.suno.com.br\/noticias\/banco-safra-crise-americanas-familia\/\" \/>\n<meta property=\"og:site_name\" content=\"Suno Not\u00edcias\" \/>\n<meta property=\"article:publisher\" content=\"https:\/\/facebook.com\/sunoresearch\" \/>\n<meta property=\"og:image\" content=\"https:\/\/files.sunoresearch.com.br\/n\/uploads\/2020\/08\/28aee65c-shutterstock_1561052579-1280x720-1.jpg\" \/>\n\t<meta property=\"og:image:width\" content=\"1280\" \/>\n\t<meta property=\"og:image:height\" content=\"720\" \/>\n\t<meta property=\"og:image:type\" content=\"image\/jpeg\" \/>\n<meta name=\"author\" content=\"Eduardo Vargas\" \/>\n<meta name=\"twitter:card\" content=\"summary_large_image\" \/>\n<meta name=\"twitter:creator\" content=\"@sunoresearch\" \/>\n<meta name=\"twitter:site\" content=\"@sunoresearch\" \/>\n<meta name=\"twitter:label1\" content=\"Escrito por\" \/>\n\t<meta name=\"twitter:data1\" content=\"Eduardo Vargas\" \/>\n\t<meta name=\"twitter:label2\" content=\"Est. tempo de leitura\" \/>\n\t<meta name=\"twitter:data2\" content=\"2 minutos\" \/>\n<script type=\"application\/ld+json\" class=\"yoast-schema-graph\">{\"@context\":\"https:\/\/schema.org\",\"@graph\":[{\"@type\":\"NewsArticle\",\"@id\":\"https:\/\/www.suno.com.br\/noticias\/banco-safra-crise-americanas-familia\/#article\",\"isPartOf\":{\"@id\":\"https:\/\/www.suno.com.br\/noticias\/banco-safra-crise-americanas-familia\/\"},\"author\":{\"name\":\"Eduardo Vargas\",\"@id\":\"https:\/\/www.suno.com.br\/noticias\/#\/schema\/person\/7f4d362bf3518e76090143ae77bb49a5\"},\"headline\":\"Justi\u00e7a determina que Banco Safra entregue documentos sobre concess\u00e3o de cr\u00e9dito\",\"datePublished\":\"2023-02-16T19:10:10+00:00\",\"dateModified\":\"2023-02-17T18:42:50+00:00\",\"mainEntityOfPage\":{\"@id\":\"https:\/\/www.suno.com.br\/noticias\/banco-safra-crise-americanas-familia\/\"},\"wordCount\":419,\"publisher\":{\"@id\":\"https:\/\/www.suno.com.br\/noticias\/#organization\"},\"image\":{\"@id\":\"https:\/\/www.suno.com.br\/noticias\/banco-safra-crise-americanas-familia\/#primaryimage\"},\"thumbnailUrl\":\"https:\/\/files.sunoresearch.com.br\/n\/uploads\/2020\/08\/28aee65c-shutterstock_1561052579-1280x720-1-jpg.webp\",\"keywords\":[\"Americanas (AMER3)\",\"Banco Safra\"],\"articleSection\":[\"Neg\u00f3cios\"],\"inLanguage\":\"pt-BR\"},{\"@type\":\"WebPage\",\"@id\":\"https:\/\/www.suno.com.br\/noticias\/banco-safra-crise-americanas-familia\/\",\"url\":\"https:\/\/www.suno.com.br\/noticias\/banco-safra-crise-americanas-familia\/\",\"name\":\"Justi\u00e7a determina que Banco Safra entregue documentos sobre cr\u00e9dito\",\"isPartOf\":{\"@id\":\"https:\/\/www.suno.com.br\/noticias\/#website\"},\"primaryImageOfPage\":{\"@id\":\"https:\/\/www.suno.com.br\/noticias\/banco-safra-crise-americanas-familia\/#primaryimage\"},\"image\":{\"@id\":\"https:\/\/www.suno.com.br\/noticias\/banco-safra-crise-americanas-familia\/#primaryimage\"},\"thumbnailUrl\":\"https:\/\/files.sunoresearch.com.br\/n\/uploads\/2020\/08\/28aee65c-shutterstock_1561052579-1280x720-1-jpg.webp\",\"datePublished\":\"2023-02-16T19:10:10+00:00\",\"dateModified\":\"2023-02-17T18:42:50+00:00\",\"description\":\"Ap\u00f3s caso Americanas, Justi\u00e7a concedeu acesso a novos documentos do Banco Safra. Confira mais detalhes sobre a decis\u00e3o!\",\"breadcrumb\":{\"@id\":\"https:\/\/www.suno.com.br\/noticias\/banco-safra-crise-americanas-familia\/#breadcrumb\"},\"inLanguage\":\"pt-BR\",\"potentialAction\":[{\"@type\":\"ReadAction\",\"target\":[\"https:\/\/www.suno.com.br\/noticias\/banco-safra-crise-americanas-familia\/\"]}]},{\"@type\":\"ImageObject\",\"inLanguage\":\"pt-BR\",\"@id\":\"https:\/\/www.suno.com.br\/noticias\/banco-safra-crise-americanas-familia\/#primaryimage\",\"url\":\"https:\/\/files.sunoresearch.com.br\/n\/uploads\/2020\/08\/28aee65c-shutterstock_1561052579-1280x720-1-jpg.webp\",\"contentUrl\":\"https:\/\/files.sunoresearch.com.br\/n\/uploads\/2020\/08\/28aee65c-shutterstock_1561052579-1280x720-1-jpg.webp\",\"width\":1280,\"height\":720,\"caption\":\"O Conselho Administrativo de Defesa Econ\u00f4mica (Cade) aprovou, sem restri\u00e7\u00f5es, a compra dos ativos do Itaucard pelo Banco Safra.\"},{\"@type\":\"BreadcrumbList\",\"@id\":\"https:\/\/www.suno.com.br\/noticias\/banco-safra-crise-americanas-familia\/#breadcrumb\",\"itemListElement\":[{\"@type\":\"ListItem\",\"position\":1,\"name\":\"Not\u00edcias\",\"item\":\"https:\/\/www.suno.com.br\/noticias\/\"},{\"@type\":\"ListItem\",\"position\":2,\"name\":\"Neg\u00f3cios\",\"item\":\"https:\/\/www.suno.com.br\/noticias\/negocios\/\"},{\"@type\":\"ListItem\",\"position\":3,\"name\":\"Justi\u00e7a determina que Banco Safra entregue documentos sobre concess\u00e3o de cr\u00e9dito\"}]},{\"@type\":\"WebSite\",\"@id\":\"https:\/\/www.suno.com.br\/noticias\/#website\",\"url\":\"https:\/\/www.suno.com.br\/noticias\/\",\"name\":\"Suno Not\u00edcias\",\"description\":\"Seu portal de informa\u00e7\u00e3o sobre o mundo dos investimentos\",\"publisher\":{\"@id\":\"https:\/\/www.suno.com.br\/noticias\/#organization\"},\"potentialAction\":[{\"@type\":\"SearchAction\",\"target\":{\"@type\":\"EntryPoint\",\"urlTemplate\":\"https:\/\/www.suno.com.br\/noticias\/?s={search_term_string}\"},\"query-input\":{\"@type\":\"PropertyValueSpecification\",\"valueRequired\":true,\"valueName\":\"search_term_string\"}}],\"inLanguage\":\"pt-BR\"},{\"@type\":\"Organization\",\"@id\":\"https:\/\/www.suno.com.br\/noticias\/#organization\",\"name\":\"Suno Not\u00edcias\",\"url\":\"https:\/\/www.suno.com.br\/noticias\/\",\"logo\":{\"@type\":\"ImageObject\",\"inLanguage\":\"pt-BR\",\"@id\":\"https:\/\/www.suno.com.br\/noticias\/#\/schema\/logo\/image\/\",\"url\":\"https:\/\/files.sunoresearch.com.br\/n\/uploads\/2021\/09\/suno-logo.png\",\"contentUrl\":\"https:\/\/files.sunoresearch.com.br\/n\/uploads\/2021\/09\/suno-logo.png\",\"width\":180,\"height\":180,\"caption\":\"Suno Not\u00edcias\"},\"image\":{\"@id\":\"https:\/\/www.suno.com.br\/noticias\/#\/schema\/logo\/image\/\"},\"sameAs\":[\"https:\/\/facebook.com\/sunoresearch\",\"https:\/\/x.com\/sunoresearch\",\"https:\/\/www.instagram.com\/suno\",\"https:\/\/www.linkedin.com\/company\/suno-research\/\",\"https:\/\/www.youtube.com\/c\/sunoresearch\"]},{\"@type\":\"Person\",\"@id\":\"https:\/\/www.suno.com.br\/noticias\/#\/schema\/person\/7f4d362bf3518e76090143ae77bb49a5\",\"name\":\"Eduardo Vargas\",\"image\":{\"@type\":\"ImageObject\",\"inLanguage\":\"pt-BR\",\"@id\":\"https:\/\/www.suno.com.br\/noticias\/#\/schema\/person\/image\/\",\"url\":\"https:\/\/secure.gravatar.com\/avatar\/dac340933427a22924c9f99d1eb2e3f2?s=96&r=g\",\"contentUrl\":\"https:\/\/secure.gravatar.com\/avatar\/dac340933427a22924c9f99d1eb2e3f2?s=96&r=g\",\"caption\":\"Eduardo Vargas\"},\"description\":\"Jornalista formado pela UFSC, cobre macroeconomia, neg\u00f3cios e startups para o Suno Not\u00edcias, escrevendo principalmente not\u00edcias sobre o mercado financeiro e a bolsa de valores. No YouTube e no Instagram, \u00e9 respons\u00e1vel pela produ\u00e7\u00e3o de Reels e Shorts do Suno Not\u00edcias. Anteriormente, trabalhou cobrindo economia e cotidiano no ND+ e para o ND, maior jornal impresso de Santa Catarina. Cursou um semestre letivo de Estudos de M\u00eddia na Universidad de Buenos Aires.\",\"url\":\"https:\/\/www.suno.com.br\/noticias\/author\/eduardo-vargas\/\"}]}<\/script>\n<!-- \/ Yoast SEO plugin. -->","yoast_head_json":{"title":"Justi\u00e7a determina que Banco Safra entregue documentos sobre cr\u00e9dito","description":"Ap\u00f3s caso Americanas, Justi\u00e7a concedeu acesso a novos documentos do Banco Safra. Confira mais detalhes sobre a decis\u00e3o!","robots":{"index":"index","follow":"follow","max-snippet":"max-snippet:-1","max-image-preview":"max-image-preview:large","max-video-preview":"max-video-preview:-1"},"canonical":"https:\/\/www.suno.com.br\/noticias\/banco-safra-crise-americanas-familia\/","og_locale":"pt_BR","og_type":"article","og_title":"Justi\u00e7a determina que Banco Safra entregue documentos sobre cr\u00e9dito","og_description":"Ap\u00f3s caso Americanas, Justi\u00e7a concedeu acesso a novos documentos do Banco Safra. Confira mais detalhes sobre a decis\u00e3o!","og_url":"https:\/\/www.suno.com.br\/noticias\/banco-safra-crise-americanas-familia\/","og_site_name":"Suno Not\u00edcias","article_publisher":"https:\/\/facebook.com\/sunoresearch","og_image":[{"width":1280,"height":720,"url":"https:\/\/files.sunoresearch.com.br\/n\/uploads\/2020\/08\/28aee65c-shutterstock_1561052579-1280x720-1.jpg","type":"image\/jpeg"}],"author":"Eduardo Vargas","twitter_card":"summary_large_image","twitter_creator":"@sunoresearch","twitter_site":"@sunoresearch","twitter_misc":{"Escrito por":"Eduardo Vargas","Est. tempo de leitura":"2 minutos"},"schema":{"@context":"https:\/\/schema.org","@graph":[{"@type":"NewsArticle","@id":"https:\/\/www.suno.com.br\/noticias\/banco-safra-crise-americanas-familia\/#article","isPartOf":{"@id":"https:\/\/www.suno.com.br\/noticias\/banco-safra-crise-americanas-familia\/"},"author":{"name":"Eduardo Vargas","@id":"https:\/\/www.suno.com.br\/noticias\/#\/schema\/person\/7f4d362bf3518e76090143ae77bb49a5"},"headline":"Justi\u00e7a determina que Banco Safra entregue documentos sobre concess\u00e3o de cr\u00e9dito","datePublished":"2023-02-16T19:10:10+00:00","dateModified":"2023-02-17T18:42:50+00:00","mainEntityOfPage":{"@id":"https:\/\/www.suno.com.br\/noticias\/banco-safra-crise-americanas-familia\/"},"wordCount":419,"publisher":{"@id":"https:\/\/www.suno.com.br\/noticias\/#organization"},"image":{"@id":"https:\/\/www.suno.com.br\/noticias\/banco-safra-crise-americanas-familia\/#primaryimage"},"thumbnailUrl":"https:\/\/files.sunoresearch.com.br\/n\/uploads\/2020\/08\/28aee65c-shutterstock_1561052579-1280x720-1-jpg.webp","keywords":["Americanas (AMER3)","Banco Safra"],"articleSection":["Neg\u00f3cios"],"inLanguage":"pt-BR"},{"@type":"WebPage","@id":"https:\/\/www.suno.com.br\/noticias\/banco-safra-crise-americanas-familia\/","url":"https:\/\/www.suno.com.br\/noticias\/banco-safra-crise-americanas-familia\/","name":"Justi\u00e7a determina que Banco Safra entregue documentos sobre cr\u00e9dito","isPartOf":{"@id":"https:\/\/www.suno.com.br\/noticias\/#website"},"primaryImageOfPage":{"@id":"https:\/\/www.suno.com.br\/noticias\/banco-safra-crise-americanas-familia\/#primaryimage"},"image":{"@id":"https:\/\/www.suno.com.br\/noticias\/banco-safra-crise-americanas-familia\/#primaryimage"},"thumbnailUrl":"https:\/\/files.sunoresearch.com.br\/n\/uploads\/2020\/08\/28aee65c-shutterstock_1561052579-1280x720-1-jpg.webp","datePublished":"2023-02-16T19:10:10+00:00","dateModified":"2023-02-17T18:42:50+00:00","description":"Ap\u00f3s caso Americanas, Justi\u00e7a concedeu acesso a novos documentos do Banco Safra. Confira mais detalhes sobre a decis\u00e3o!","breadcrumb":{"@id":"https:\/\/www.suno.com.br\/noticias\/banco-safra-crise-americanas-familia\/#breadcrumb"},"inLanguage":"pt-BR","potentialAction":[{"@type":"ReadAction","target":["https:\/\/www.suno.com.br\/noticias\/banco-safra-crise-americanas-familia\/"]}]},{"@type":"ImageObject","inLanguage":"pt-BR","@id":"https:\/\/www.suno.com.br\/noticias\/banco-safra-crise-americanas-familia\/#primaryimage","url":"https:\/\/files.sunoresearch.com.br\/n\/uploads\/2020\/08\/28aee65c-shutterstock_1561052579-1280x720-1-jpg.webp","contentUrl":"https:\/\/files.sunoresearch.com.br\/n\/uploads\/2020\/08\/28aee65c-shutterstock_1561052579-1280x720-1-jpg.webp","width":1280,"height":720,"caption":"O Conselho Administrativo de Defesa Econ\u00f4mica (Cade) aprovou, sem restri\u00e7\u00f5es, a compra dos ativos do Itaucard pelo Banco Safra."},{"@type":"BreadcrumbList","@id":"https:\/\/www.suno.com.br\/noticias\/banco-safra-crise-americanas-familia\/#breadcrumb","itemListElement":[{"@type":"ListItem","position":1,"name":"Not\u00edcias","item":"https:\/\/www.suno.com.br\/noticias\/"},{"@type":"ListItem","position":2,"name":"Neg\u00f3cios","item":"https:\/\/www.suno.com.br\/noticias\/negocios\/"},{"@type":"ListItem","position":3,"name":"Justi\u00e7a determina que Banco Safra entregue documentos sobre concess\u00e3o de cr\u00e9dito"}]},{"@type":"WebSite","@id":"https:\/\/www.suno.com.br\/noticias\/#website","url":"https:\/\/www.suno.com.br\/noticias\/","name":"Suno Not\u00edcias","description":"Seu portal de informa\u00e7\u00e3o sobre o mundo dos investimentos","publisher":{"@id":"https:\/\/www.suno.com.br\/noticias\/#organization"},"potentialAction":[{"@type":"SearchAction","target":{"@type":"EntryPoint","urlTemplate":"https:\/\/www.suno.com.br\/noticias\/?s={search_term_string}"},"query-input":{"@type":"PropertyValueSpecification","valueRequired":true,"valueName":"search_term_string"}}],"inLanguage":"pt-BR"},{"@type":"Organization","@id":"https:\/\/www.suno.com.br\/noticias\/#organization","name":"Suno Not\u00edcias","url":"https:\/\/www.suno.com.br\/noticias\/","logo":{"@type":"ImageObject","inLanguage":"pt-BR","@id":"https:\/\/www.suno.com.br\/noticias\/#\/schema\/logo\/image\/","url":"https:\/\/files.sunoresearch.com.br\/n\/uploads\/2021\/09\/suno-logo.png","contentUrl":"https:\/\/files.sunoresearch.com.br\/n\/uploads\/2021\/09\/suno-logo.png","width":180,"height":180,"caption":"Suno Not\u00edcias"},"image":{"@id":"https:\/\/www.suno.com.br\/noticias\/#\/schema\/logo\/image\/"},"sameAs":["https:\/\/facebook.com\/sunoresearch","https:\/\/x.com\/sunoresearch","https:\/\/www.instagram.com\/suno","https:\/\/www.linkedin.com\/company\/suno-research\/","https:\/\/www.youtube.com\/c\/sunoresearch"]},{"@type":"Person","@id":"https:\/\/www.suno.com.br\/noticias\/#\/schema\/person\/7f4d362bf3518e76090143ae77bb49a5","name":"Eduardo Vargas","image":{"@type":"ImageObject","inLanguage":"pt-BR","@id":"https:\/\/www.suno.com.br\/noticias\/#\/schema\/person\/image\/","url":"https:\/\/secure.gravatar.com\/avatar\/dac340933427a22924c9f99d1eb2e3f2?s=96&r=g","contentUrl":"https:\/\/secure.gravatar.com\/avatar\/dac340933427a22924c9f99d1eb2e3f2?s=96&r=g","caption":"Eduardo Vargas"},"description":"Jornalista formado pela UFSC, cobre macroeconomia, neg\u00f3cios e startups para o Suno Not\u00edcias, escrevendo principalmente not\u00edcias sobre o mercado financeiro e a bolsa de valores. No YouTube e no Instagram, \u00e9 respons\u00e1vel pela produ\u00e7\u00e3o de Reels e Shorts do Suno Not\u00edcias. Anteriormente, trabalhou cobrindo economia e cotidiano no ND+ e para o ND, maior jornal impresso de Santa Catarina. Cursou um semestre letivo de Estudos de M\u00eddia na Universidad de Buenos Aires.","url":"https:\/\/www.suno.com.br\/noticias\/author\/eduardo-vargas\/"}]}},"default_loop_html":"<div class=\"cardsPage__listCard__boxs\"><div class=\"cardsPage__listCard__boxs__img\"><a href=\"https:\/\/www.suno.com.br\/noticias\/banco-safra-crise-americanas-familia\/\"><img class=\"mask\" src=\"https:\/\/www.suno.com.br\/noticias\/wp-content\/themes\/suno\/resources\/images\/spotlight\/spotlight1img\/bg-mask.png\" alt=\"Image Mask\"\/><img src=\"https:\/\/files.sunoresearch.com.br\/n\/uploads\/2020\/08\/28aee65c-shutterstock_1561052579-1280x720-1-400x200.webp\" alt=\"Justi\u00e7a determina que Banco Safra entregue documentos sobre concess\u00e3o de cr\u00e9dito\"\/><\/a><span class=\"spotlightCategory\"><a href=\"https:\/\/www.suno.com.br\/noticias\/negocios\/\">Neg\u00f3cios<\/a><\/span><\/div><div class=\"cardsPage__listCard__boxs__content\"><a href=\"https:\/\/www.suno.com.br\/noticias\/banco-safra-crise-americanas-familia\/\"><h2 class=\"content__title\">Justi\u00e7a determina que Banco Safra entregue documentos sobre concess\u00e3o de cr\u00e9dito<\/h2><\/a><div class=\"newsContent__article__meta\"><div class=\"newsContent__article__meta__authorBox\"><a href=\"https:\/\/www.suno.com.br\/noticias\/author\/eduardo-vargas\/\" class=\"authorBox__avatar noMobi\"><img src=\"https:\/\/secure.gravatar.com\/avatar\/dac340933427a22924c9f99d1eb2e3f2?s=96&#038;r=g\" alt=\"Eduardo Vargas\"><\/a><div class=\"authorBox__name\"><span>por\n\t\t\t<a href=\"https:\/\/www.suno.com.br\/noticias\/author\/eduardo-vargas\/\"><span itemprop=\"author\">Eduardo Vargas<\/span><\/a><\/span><time datetime=\"2023-02-16T16:10:10-03:00\" itemprop=\"datePublished\">16\/02\/2023 16:10<\/time><\/div><\/div><\/div><\/div><\/div>","single_layout":"posts","amp_enabled":true,"_links":{"self":[{"href":"https:\/\/www.suno.com.br\/noticias\/wp-json\/wp\/v2\/posts\/365114"}],"collection":[{"href":"https:\/\/www.suno.com.br\/noticias\/wp-json\/wp\/v2\/posts"}],"about":[{"href":"https:\/\/www.suno.com.br\/noticias\/wp-json\/wp\/v2\/types\/post"}],"author":[{"embeddable":true,"href":"https:\/\/www.suno.com.br\/noticias\/wp-json\/wp\/v2\/users\/73"}],"replies":[{"embeddable":true,"href":"https:\/\/www.suno.com.br\/noticias\/wp-json\/wp\/v2\/comments?post=365114"}],"version-history":[{"count":3,"href":"https:\/\/www.suno.com.br\/noticias\/wp-json\/wp\/v2\/posts\/365114\/revisions"}],"predecessor-version":[{"id":366231,"href":"https:\/\/www.suno.com.br\/noticias\/wp-json\/wp\/v2\/posts\/365114\/revisions\/366231"}],"wp:featuredmedia":[{"embeddable":true,"href":"https:\/\/www.suno.com.br\/noticias\/wp-json\/wp\/v2\/media\/81559"}],"wp:attachment":[{"href":"https:\/\/www.suno.com.br\/noticias\/wp-json\/wp\/v2\/media?parent=365114"}],"wp:term":[{"taxonomy":"category","embeddable":true,"href":"https:\/\/www.suno.com.br\/noticias\/wp-json\/wp\/v2\/categories?post=365114"},{"taxonomy":"post_tag","embeddable":true,"href":"https:\/\/www.suno.com.br\/noticias\/wp-json\/wp\/v2\/tags?post=365114"},{"taxonomy":"suno_strategy","embeddable":true,"href":"https:\/\/www.suno.com.br\/noticias\/wp-json\/wp\/v2\/suno_strategy?post=365114"}],"curies":[{"name":"wp","href":"https:\/\/api.w.org\/{rel}","templated":true}]}}