{"id":36505,"date":"2019-09-05T10:02:14","date_gmt":"2019-09-05T13:02:14","guid":{"rendered":"https:\/\/www.suno.com.br\/noticias\/?p=36505"},"modified":"2019-09-08T14:57:26","modified_gmt":"2019-09-08T17:57:26","slug":"china-eua-guerra-comercial-retorno-negociacoes","status":"publish","type":"post","link":"https:\/\/www.suno.com.br\/noticias\/china-eua-guerra-comercial-retorno-negociacoes\/","title":{"rendered":"Guerra comercial: China e EUA retornar\u00e3o a negociar em outubro"},"content":{"rendered":"<p>Em mais um cap\u00edtulo de guerra comercial, os representantes e negociadores dos <strong>Estados Unidos<\/strong> e da <strong>China<\/strong>, informaram que retornar\u00e3o as negocia\u00e7\u00f5es no in\u00edcio de outubro.<\/p>\t<div class=\"wrapper-featured-image\">\n\t\t<figure class=\"spotlightImg\">\n\n\t\t\t<picture>\n\t\t\t\t<source media=\"(max-width: 768px)\" srcset=\"https:\/\/files.sunoresearch.com.br\/n\/uploads\/2019\/08\/38c14748-guerra-comercial-400x200.webp\">\n\t\t\t\t<img loading=\"lazy\" decoding=\"async\" class=\"newsContent__article__imgCapa lazyloadDisabled newsContent__article__imgCapa--noCaption\" src=\"https:\/\/files.sunoresearch.com.br\/n\/uploads\/2019\/08\/38c14748-guerra-comercial-800x450.webp\" width=\"800\" height=\"450\" alt=\"Guerra comercial: China e EUA retornar\u00e3o a negociar em outubro\" fetchpriority=high \/>\n\t\t\t<\/picture>\n\n\t\t\t<figcaption class=\"wp-caption-text wp-caption-text--hide\">China: Ap\u00f3s fechamento de consulado, rea\u00e7\u00e3o aos EUA \u00e9 necess\u00e1ria<\/figcaption>\n\t\t<\/figure>\n\t<\/div>\n\n\n\n<p>Mesmo ap\u00f3s a imposi\u00e7\u00e3o de tarifas entre ambos os pa\u00edses, fomentando ainda mais a <strong>guerra comercial<\/strong>, o vice-premier chin\u00eas, <strong>Liu He<\/strong>, e o representante americano, <strong>Robert Lighthizer<\/strong>, e o secret\u00e1rio do Tesouro, <strong>Steven Mnunchin<\/strong>, conversaram por telefone nesta quinta-feira (5).<\/p>\n<p>De acordo com o comunicado, os dois pa\u00edses concordaram em &#8220;trabalhar juntos visando san\u00e7\u00f5es pr\u00e1ticas para criar confiss\u00f5es favor\u00e1veis para as consultas&#8221;, al\u00e9m disso, informaram que\u00a0 &#8220;manter\u00e3o uma estreita comunica\u00e7\u00e3o&#8221;, antes das negocia\u00e7\u00f5es iniciarem.<\/p>\n<h2>Guerra Comercial<\/h2>\n<p>A China entrar\u00e1 com um processo na <a href=\"https:\/\/www.suno.com.br\/artigos\/omc-organizacao-mundial-do-comercio\/\">Organiza\u00e7\u00e3o Mundial do Com\u00e9rcio (OMC)<\/a> contra as tarifas impostas pelos Estados Unidos, na <a href=\"https:\/\/www.suno.com.br\/artigos\/a-guerra-comercial\/\">guerra comercial<\/a>. A informa\u00e7\u00e3o foi divulgada na \u00faltima segunda-feira (2) por meio de um comunicado do Minist\u00e9rio do Com\u00e9rcio chin\u00eas.<\/p>\n\t<p>\n\t\t<a href=\"https:\/\/lp.suno.com.br\/planilha-controle-gastos\/\" target=\"_blank\" data-element=\"shortcode-suno-banner\" title=\"Banner SUNO, clique e saiba mais\">\n\t\t\t<picture>\n\t\t\t\t<source media=\"(max-width: 500px)\" srcset=\"https:\/\/files.sunoresearch.com.br\/n\/uploads\/2023\/03\/400x300-Planilha-controle-de-gastos.png\">\n\t\t\t\t<img class=\"newsContent__article__imgCapa newsContent__article__imgCapa--banner\"\n\t\t\t\t\tsrc=\"https:\/\/files.sunoresearch.com.br\/n\/uploads\/2023\/03\/1420x240-Planilha-controle-de-gastos.png\"\n\t\t\t\t\tdata-promo-id=\"102417\"\t\t\t\t\t\t\t\t\t\twidth='1420' height='240'\t\t\t\t\talt=\"https:\/\/files.sunoresearch.com.br\/n\/uploads\/2023\/03\/1420x240-Planilha-controle-de-gastos.png\"\n\t\t\t\t>\n\t\t\t<\/picture>\n\t\t<\/a>\n\t<\/p>\n\n\n<p>As novas tarifas, de US$ 300 bilh\u00f5es sobre produtos chineses, impostas pelo governo norte-americano entraram em vigor no \u00faltimo domingo (1). A OMC dever\u00e1 analisar o pedido da China com base no contexto da guerra comercial.<\/p>\n<p><a href=\"\/\/www.suno.com.br\/noticias\/trump-china-guerra-comercial-eua\/\">Confira Tamb\u00e9m: Acordo comercial com China retornar\u00e1 em breve, diz Trump<\/a><\/p>\n<p>\u201cEm acordo com as regras relevantes da OMC, a China vai salvaguardar firmemente os seus direitos e interesses leg\u00edtimos e defender resolutamente o sistema de com\u00e9rcio multilateral e a ordem internacional do com\u00e9rcio&#8221;, diz o comunicado divulgado pelo pa\u00eds asi\u00e1tico.<\/p>\n<p>O pa\u00eds ressalta ainda que as tarifas violam o acordo realizado entre o presidente norte-americano, <strong><a href=\"https:\/\/www.suno.com.br\/tudo-sobre\/donald-trump\/\">Donald Trump<\/a><\/strong>, e o presidente chin\u00eas, Xi Jinping, em Osaka. Os dois mandat\u00e1rios se encontraram no Jap\u00e3o durante a c\u00fapula do G20, no dia 29 de junho.<\/p>\n<h2>Retalia\u00e7\u00e3o da China<\/h2>\n<p>Em resposta \u00e0s novas tarifas impostas pelo governo de Trump sobre produtos chineses, o pa\u00eds asi\u00e1tico ir\u00e1 impor tarifas adicionais sobre US$ 75 bilh\u00f5es de produtos norte-americanos.<\/p>\n<p>O minist\u00e9rio de Economia da China informou que as taxas entre 5% e 25%, atingindo principalmente os autom\u00f3veis. A implementa\u00e7\u00e3o deve ocorrer em duas etapas. A primeira teve in\u00edcio no \u00faltimo domingo (1) e a pr\u00f3xima valer\u00e1 a partir de 15 de dezembro.<\/p>\n<p><a href=\"\/\/www.suno.com.br\/noticias\/guerra-comercial-brasil-vencedor-fintch-solutions\/\">Confira Tamb\u00e9m: Guerra comercial beneficia exporta\u00e7\u00f5es do Brasil, diz Fintch Solutions<\/a><\/p>\n<p>As datas anunciadas pelo governo da China s\u00e3o as mesmas que <a href=\"https:\/\/www.suno.com.br\/tudo-sobre\/donald-trump\/\">Donald Trump<\/a> escolheu para as tarifas dos Estados Unidos sobre os produtos chineses.<\/p>\n<p>O mercado nacional e internacional est\u00e1 atento ao desdobramento da <strong>guerra comercial<\/strong>.<\/p>\n","protected":false},"excerpt":{"rendered":"<p>Em mais um cap\u00edtulo de guerra comercial, os representantes e negociadores dos Estados Unidos e da China, informaram que retornar\u00e3o as negocia\u00e7\u00f5es no in\u00edcio de outubro. China: Ap\u00f3s fechamento de consulado, rea\u00e7\u00e3o aos EUA \u00e9 necess\u00e1ria Mesmo ap\u00f3s a imposi\u00e7\u00e3o de tarifas entre ambos os pa\u00edses, fomentando ainda mais a guerra comercial, o vice-premier chin\u00eas, [&hellip;]<\/p>\n","protected":false},"author":15,"featured_media":33391,"comment_status":"closed","ping_status":"closed","sticky":false,"template":"","format":"standard","meta":[],"categories":[63],"tags":[711,793,980],"suno_strategy":[],"class_list":["post-36505","post","type-post","status-publish","format-standard","has-post-thumbnail","hentry","category-internacional","tag-china","tag-estados-unidos-eua","tag-guerra-comercial"],"yoast_head":"<!-- This site is optimized with the Yoast SEO plugin v24.4 - https:\/\/yoast.com\/wordpress\/plugins\/seo\/ -->\n<title>Guerra comercial: China e EUA retornar\u00e3o a negociar em outubro<\/title>\n<meta name=\"description\" content=\"De acordo com o comunicado os representantes dos pa\u00edses que disputam a guerra comercial conversaram por telefone nesta quinta. Clique aqui\" \/>\n<meta name=\"robots\" content=\"index, follow, max-snippet:-1, max-image-preview:large, max-video-preview:-1\" \/>\n<link rel=\"canonical\" href=\"https:\/\/www.suno.com.br\/noticias\/china-eua-guerra-comercial-retorno-negociacoes\/\" \/>\n<meta property=\"og:locale\" content=\"pt_BR\" \/>\n<meta property=\"og:type\" content=\"article\" \/>\n<meta property=\"og:title\" content=\"Guerra comercial: China e EUA retornar\u00e3o a negociar em outubro\" \/>\n<meta property=\"og:description\" content=\"De acordo com o comunicado os representantes dos pa\u00edses que disputam a guerra comercial conversaram por telefone nesta quinta. Clique aqui\" \/>\n<meta property=\"og:url\" content=\"https:\/\/www.suno.com.br\/noticias\/china-eua-guerra-comercial-retorno-negociacoes\/\" \/>\n<meta property=\"og:site_name\" content=\"Suno Not\u00edcias\" \/>\n<meta property=\"article:publisher\" content=\"https:\/\/facebook.com\/sunoresearch\" \/>\n<meta property=\"og:image\" content=\"https:\/\/files.sunoresearch.com.br\/n\/uploads\/2019\/08\/38c14748-guerra-comercial.jpg\" \/>\n\t<meta property=\"og:image:width\" content=\"3265\" \/>\n\t<meta property=\"og:image:height\" content=\"1935\" \/>\n\t<meta property=\"og:image:type\" content=\"image\/jpeg\" \/>\n<meta name=\"author\" content=\"Poliana Santos\" \/>\n<meta name=\"twitter:card\" content=\"summary_large_image\" \/>\n<meta name=\"twitter:creator\" content=\"@sunoresearch\" \/>\n<meta name=\"twitter:site\" content=\"@sunoresearch\" \/>\n<meta name=\"twitter:label1\" content=\"Escrito por\" \/>\n\t<meta name=\"twitter:data1\" content=\"Poliana Santos\" \/>\n\t<meta name=\"twitter:label2\" content=\"Est. tempo de leitura\" \/>\n\t<meta name=\"twitter:data2\" content=\"2 minutos\" \/>\n<script type=\"application\/ld+json\" class=\"yoast-schema-graph\">{\"@context\":\"https:\/\/schema.org\",\"@graph\":[{\"@type\":\"NewsArticle\",\"@id\":\"https:\/\/www.suno.com.br\/noticias\/china-eua-guerra-comercial-retorno-negociacoes\/#article\",\"isPartOf\":{\"@id\":\"https:\/\/www.suno.com.br\/noticias\/china-eua-guerra-comercial-retorno-negociacoes\/\"},\"author\":{\"name\":\"Poliana Santos\",\"@id\":\"https:\/\/www.suno.com.br\/noticias\/#\/schema\/person\/02ec1f752758247878a2bf4abee1aeda\"},\"headline\":\"Guerra comercial: China e EUA retornar\u00e3o a negociar em outubro\",\"datePublished\":\"2019-09-05T13:02:14+00:00\",\"dateModified\":\"2019-09-08T17:57:26+00:00\",\"mainEntityOfPage\":{\"@id\":\"https:\/\/www.suno.com.br\/noticias\/china-eua-guerra-comercial-retorno-negociacoes\/\"},\"wordCount\":445,\"publisher\":{\"@id\":\"https:\/\/www.suno.com.br\/noticias\/#organization\"},\"image\":{\"@id\":\"https:\/\/www.suno.com.br\/noticias\/china-eua-guerra-comercial-retorno-negociacoes\/#primaryimage\"},\"thumbnailUrl\":\"https:\/\/files.sunoresearch.com.br\/n\/uploads\/2019\/08\/38c14748-guerra-comercial-scaled.webp\",\"keywords\":[\"China\",\"Estados Unidos (EUA)\",\"guerra comercial\"],\"articleSection\":[\"Internacional\"],\"inLanguage\":\"pt-BR\"},{\"@type\":\"WebPage\",\"@id\":\"https:\/\/www.suno.com.br\/noticias\/china-eua-guerra-comercial-retorno-negociacoes\/\",\"url\":\"https:\/\/www.suno.com.br\/noticias\/china-eua-guerra-comercial-retorno-negociacoes\/\",\"name\":\"Guerra comercial: China e EUA retornar\u00e3o a negociar em outubro\",\"isPartOf\":{\"@id\":\"https:\/\/www.suno.com.br\/noticias\/#website\"},\"primaryImageOfPage\":{\"@id\":\"https:\/\/www.suno.com.br\/noticias\/china-eua-guerra-comercial-retorno-negociacoes\/#primaryimage\"},\"image\":{\"@id\":\"https:\/\/www.suno.com.br\/noticias\/china-eua-guerra-comercial-retorno-negociacoes\/#primaryimage\"},\"thumbnailUrl\":\"https:\/\/files.sunoresearch.com.br\/n\/uploads\/2019\/08\/38c14748-guerra-comercial-scaled.webp\",\"datePublished\":\"2019-09-05T13:02:14+00:00\",\"dateModified\":\"2019-09-08T17:57:26+00:00\",\"description\":\"De acordo com o comunicado os representantes dos pa\u00edses que disputam a guerra comercial conversaram por telefone nesta quinta. Clique aqui\",\"breadcrumb\":{\"@id\":\"https:\/\/www.suno.com.br\/noticias\/china-eua-guerra-comercial-retorno-negociacoes\/#breadcrumb\"},\"inLanguage\":\"pt-BR\",\"potentialAction\":[{\"@type\":\"ReadAction\",\"target\":[\"https:\/\/www.suno.com.br\/noticias\/china-eua-guerra-comercial-retorno-negociacoes\/\"]}]},{\"@type\":\"ImageObject\",\"inLanguage\":\"pt-BR\",\"@id\":\"https:\/\/www.suno.com.br\/noticias\/china-eua-guerra-comercial-retorno-negociacoes\/#primaryimage\",\"url\":\"https:\/\/files.sunoresearch.com.br\/n\/uploads\/2019\/08\/38c14748-guerra-comercial-scaled.webp\",\"contentUrl\":\"https:\/\/files.sunoresearch.com.br\/n\/uploads\/2019\/08\/38c14748-guerra-comercial-scaled.webp\",\"width\":2560,\"height\":1517,\"caption\":\"China: Ap\u00f3s fechamento de consulado, rea\u00e7\u00e3o aos EUA \u00e9 necess\u00e1ria\"},{\"@type\":\"BreadcrumbList\",\"@id\":\"https:\/\/www.suno.com.br\/noticias\/china-eua-guerra-comercial-retorno-negociacoes\/#breadcrumb\",\"itemListElement\":[{\"@type\":\"ListItem\",\"position\":1,\"name\":\"Not\u00edcias\",\"item\":\"https:\/\/www.suno.com.br\/noticias\/\"},{\"@type\":\"ListItem\",\"position\":2,\"name\":\"Internacional\",\"item\":\"https:\/\/www.suno.com.br\/noticias\/internacional\/\"},{\"@type\":\"ListItem\",\"position\":3,\"name\":\"Guerra comercial: China e EUA retornar\u00e3o a negociar em outubro\"}]},{\"@type\":\"WebSite\",\"@id\":\"https:\/\/www.suno.com.br\/noticias\/#website\",\"url\":\"https:\/\/www.suno.com.br\/noticias\/\",\"name\":\"Suno Not\u00edcias\",\"description\":\"Seu portal de informa\u00e7\u00e3o sobre o mundo dos investimentos\",\"publisher\":{\"@id\":\"https:\/\/www.suno.com.br\/noticias\/#organization\"},\"potentialAction\":[{\"@type\":\"SearchAction\",\"target\":{\"@type\":\"EntryPoint\",\"urlTemplate\":\"https:\/\/www.suno.com.br\/noticias\/?s={search_term_string}\"},\"query-input\":{\"@type\":\"PropertyValueSpecification\",\"valueRequired\":true,\"valueName\":\"search_term_string\"}}],\"inLanguage\":\"pt-BR\"},{\"@type\":\"Organization\",\"@id\":\"https:\/\/www.suno.com.br\/noticias\/#organization\",\"name\":\"Suno Not\u00edcias\",\"url\":\"https:\/\/www.suno.com.br\/noticias\/\",\"logo\":{\"@type\":\"ImageObject\",\"inLanguage\":\"pt-BR\",\"@id\":\"https:\/\/www.suno.com.br\/noticias\/#\/schema\/logo\/image\/\",\"url\":\"https:\/\/files.sunoresearch.com.br\/n\/uploads\/2021\/09\/suno-logo.png\",\"contentUrl\":\"https:\/\/files.sunoresearch.com.br\/n\/uploads\/2021\/09\/suno-logo.png\",\"width\":180,\"height\":180,\"caption\":\"Suno Not\u00edcias\"},\"image\":{\"@id\":\"https:\/\/www.suno.com.br\/noticias\/#\/schema\/logo\/image\/\"},\"sameAs\":[\"https:\/\/facebook.com\/sunoresearch\",\"https:\/\/x.com\/sunoresearch\",\"https:\/\/www.instagram.com\/suno\",\"https:\/\/www.linkedin.com\/company\/suno-research\/\",\"https:\/\/www.youtube.com\/c\/sunoresearch\"]},{\"@type\":\"Person\",\"@id\":\"https:\/\/www.suno.com.br\/noticias\/#\/schema\/person\/02ec1f752758247878a2bf4abee1aeda\",\"name\":\"Poliana Santos\",\"image\":{\"@type\":\"ImageObject\",\"inLanguage\":\"pt-BR\",\"@id\":\"https:\/\/www.suno.com.br\/noticias\/#\/schema\/person\/image\/\",\"url\":\"https:\/\/secure.gravatar.com\/avatar\/0645bd32f23d87b2130f2b2dff1d3f8d?s=96&r=g\",\"contentUrl\":\"https:\/\/secure.gravatar.com\/avatar\/0645bd32f23d87b2130f2b2dff1d3f8d?s=96&r=g\",\"caption\":\"Poliana Santos\"},\"description\":\"Rep\u00f3rter no Suno Not\u00edcias, com cobertura em mercado financeiro, economia, finan\u00e7as pessoais, renda fixa e varejo. Jornalista formada pela Faculdade C\u00e1sper L\u00edbero e possui passagem na R\u00e1dio Gazeta AM com a produ\u00e7\u00e3o de conte\u00fado sobre economia, pol\u00edtica, sa\u00fade, moda e m\u00fasica. Possui certificado de conclus\u00e3o do curso de An\u00e1lise de Balan\u00e7os pela Funda\u00e7\u00e3o Bradesco, Agenda Brasil pela FAAP, Educa\u00e7\u00e3o Pol\u00edtica por Alexandre Garcia e do Tesouro Direto e Mercado de A\u00e7\u00f5es pela B3.\",\"url\":\"https:\/\/www.suno.com.br\/noticias\/author\/poliana-santos\/\"}]}<\/script>\n<!-- \/ Yoast SEO plugin. -->","yoast_head_json":{"title":"Guerra comercial: China e EUA retornar\u00e3o a negociar em outubro","description":"De acordo com o comunicado os representantes dos pa\u00edses que disputam a guerra comercial conversaram por telefone nesta quinta. Clique aqui","robots":{"index":"index","follow":"follow","max-snippet":"max-snippet:-1","max-image-preview":"max-image-preview:large","max-video-preview":"max-video-preview:-1"},"canonical":"https:\/\/www.suno.com.br\/noticias\/china-eua-guerra-comercial-retorno-negociacoes\/","og_locale":"pt_BR","og_type":"article","og_title":"Guerra comercial: China e EUA retornar\u00e3o a negociar em outubro","og_description":"De acordo com o comunicado os representantes dos pa\u00edses que disputam a guerra comercial conversaram por telefone nesta quinta. Clique aqui","og_url":"https:\/\/www.suno.com.br\/noticias\/china-eua-guerra-comercial-retorno-negociacoes\/","og_site_name":"Suno Not\u00edcias","article_publisher":"https:\/\/facebook.com\/sunoresearch","og_image":[{"width":3265,"height":1935,"url":"https:\/\/files.sunoresearch.com.br\/n\/uploads\/2019\/08\/38c14748-guerra-comercial.jpg","type":"image\/jpeg"}],"author":"Poliana Santos","twitter_card":"summary_large_image","twitter_creator":"@sunoresearch","twitter_site":"@sunoresearch","twitter_misc":{"Escrito por":"Poliana Santos","Est. tempo de leitura":"2 minutos"},"schema":{"@context":"https:\/\/schema.org","@graph":[{"@type":"NewsArticle","@id":"https:\/\/www.suno.com.br\/noticias\/china-eua-guerra-comercial-retorno-negociacoes\/#article","isPartOf":{"@id":"https:\/\/www.suno.com.br\/noticias\/china-eua-guerra-comercial-retorno-negociacoes\/"},"author":{"name":"Poliana Santos","@id":"https:\/\/www.suno.com.br\/noticias\/#\/schema\/person\/02ec1f752758247878a2bf4abee1aeda"},"headline":"Guerra comercial: China e EUA retornar\u00e3o a negociar em outubro","datePublished":"2019-09-05T13:02:14+00:00","dateModified":"2019-09-08T17:57:26+00:00","mainEntityOfPage":{"@id":"https:\/\/www.suno.com.br\/noticias\/china-eua-guerra-comercial-retorno-negociacoes\/"},"wordCount":445,"publisher":{"@id":"https:\/\/www.suno.com.br\/noticias\/#organization"},"image":{"@id":"https:\/\/www.suno.com.br\/noticias\/china-eua-guerra-comercial-retorno-negociacoes\/#primaryimage"},"thumbnailUrl":"https:\/\/files.sunoresearch.com.br\/n\/uploads\/2019\/08\/38c14748-guerra-comercial-scaled.webp","keywords":["China","Estados Unidos (EUA)","guerra comercial"],"articleSection":["Internacional"],"inLanguage":"pt-BR"},{"@type":"WebPage","@id":"https:\/\/www.suno.com.br\/noticias\/china-eua-guerra-comercial-retorno-negociacoes\/","url":"https:\/\/www.suno.com.br\/noticias\/china-eua-guerra-comercial-retorno-negociacoes\/","name":"Guerra comercial: China e EUA retornar\u00e3o a negociar em outubro","isPartOf":{"@id":"https:\/\/www.suno.com.br\/noticias\/#website"},"primaryImageOfPage":{"@id":"https:\/\/www.suno.com.br\/noticias\/china-eua-guerra-comercial-retorno-negociacoes\/#primaryimage"},"image":{"@id":"https:\/\/www.suno.com.br\/noticias\/china-eua-guerra-comercial-retorno-negociacoes\/#primaryimage"},"thumbnailUrl":"https:\/\/files.sunoresearch.com.br\/n\/uploads\/2019\/08\/38c14748-guerra-comercial-scaled.webp","datePublished":"2019-09-05T13:02:14+00:00","dateModified":"2019-09-08T17:57:26+00:00","description":"De acordo com o comunicado os representantes dos pa\u00edses que disputam a guerra comercial conversaram por telefone nesta quinta. Clique aqui","breadcrumb":{"@id":"https:\/\/www.suno.com.br\/noticias\/china-eua-guerra-comercial-retorno-negociacoes\/#breadcrumb"},"inLanguage":"pt-BR","potentialAction":[{"@type":"ReadAction","target":["https:\/\/www.suno.com.br\/noticias\/china-eua-guerra-comercial-retorno-negociacoes\/"]}]},{"@type":"ImageObject","inLanguage":"pt-BR","@id":"https:\/\/www.suno.com.br\/noticias\/china-eua-guerra-comercial-retorno-negociacoes\/#primaryimage","url":"https:\/\/files.sunoresearch.com.br\/n\/uploads\/2019\/08\/38c14748-guerra-comercial-scaled.webp","contentUrl":"https:\/\/files.sunoresearch.com.br\/n\/uploads\/2019\/08\/38c14748-guerra-comercial-scaled.webp","width":2560,"height":1517,"caption":"China: Ap\u00f3s fechamento de consulado, rea\u00e7\u00e3o aos EUA \u00e9 necess\u00e1ria"},{"@type":"BreadcrumbList","@id":"https:\/\/www.suno.com.br\/noticias\/china-eua-guerra-comercial-retorno-negociacoes\/#breadcrumb","itemListElement":[{"@type":"ListItem","position":1,"name":"Not\u00edcias","item":"https:\/\/www.suno.com.br\/noticias\/"},{"@type":"ListItem","position":2,"name":"Internacional","item":"https:\/\/www.suno.com.br\/noticias\/internacional\/"},{"@type":"ListItem","position":3,"name":"Guerra comercial: China e EUA retornar\u00e3o a negociar em outubro"}]},{"@type":"WebSite","@id":"https:\/\/www.suno.com.br\/noticias\/#website","url":"https:\/\/www.suno.com.br\/noticias\/","name":"Suno Not\u00edcias","description":"Seu portal de informa\u00e7\u00e3o sobre o mundo dos investimentos","publisher":{"@id":"https:\/\/www.suno.com.br\/noticias\/#organization"},"potentialAction":[{"@type":"SearchAction","target":{"@type":"EntryPoint","urlTemplate":"https:\/\/www.suno.com.br\/noticias\/?s={search_term_string}"},"query-input":{"@type":"PropertyValueSpecification","valueRequired":true,"valueName":"search_term_string"}}],"inLanguage":"pt-BR"},{"@type":"Organization","@id":"https:\/\/www.suno.com.br\/noticias\/#organization","name":"Suno Not\u00edcias","url":"https:\/\/www.suno.com.br\/noticias\/","logo":{"@type":"ImageObject","inLanguage":"pt-BR","@id":"https:\/\/www.suno.com.br\/noticias\/#\/schema\/logo\/image\/","url":"https:\/\/files.sunoresearch.com.br\/n\/uploads\/2021\/09\/suno-logo.png","contentUrl":"https:\/\/files.sunoresearch.com.br\/n\/uploads\/2021\/09\/suno-logo.png","width":180,"height":180,"caption":"Suno Not\u00edcias"},"image":{"@id":"https:\/\/www.suno.com.br\/noticias\/#\/schema\/logo\/image\/"},"sameAs":["https:\/\/facebook.com\/sunoresearch","https:\/\/x.com\/sunoresearch","https:\/\/www.instagram.com\/suno","https:\/\/www.linkedin.com\/company\/suno-research\/","https:\/\/www.youtube.com\/c\/sunoresearch"]},{"@type":"Person","@id":"https:\/\/www.suno.com.br\/noticias\/#\/schema\/person\/02ec1f752758247878a2bf4abee1aeda","name":"Poliana Santos","image":{"@type":"ImageObject","inLanguage":"pt-BR","@id":"https:\/\/www.suno.com.br\/noticias\/#\/schema\/person\/image\/","url":"https:\/\/secure.gravatar.com\/avatar\/0645bd32f23d87b2130f2b2dff1d3f8d?s=96&r=g","contentUrl":"https:\/\/secure.gravatar.com\/avatar\/0645bd32f23d87b2130f2b2dff1d3f8d?s=96&r=g","caption":"Poliana Santos"},"description":"Rep\u00f3rter no Suno Not\u00edcias, com cobertura em mercado financeiro, economia, finan\u00e7as pessoais, renda fixa e varejo. Jornalista formada pela Faculdade C\u00e1sper L\u00edbero e possui passagem na R\u00e1dio Gazeta AM com a produ\u00e7\u00e3o de conte\u00fado sobre economia, pol\u00edtica, sa\u00fade, moda e m\u00fasica. Possui certificado de conclus\u00e3o do curso de An\u00e1lise de Balan\u00e7os pela Funda\u00e7\u00e3o Bradesco, Agenda Brasil pela FAAP, Educa\u00e7\u00e3o Pol\u00edtica por Alexandre Garcia e do Tesouro Direto e Mercado de A\u00e7\u00f5es pela B3.","url":"https:\/\/www.suno.com.br\/noticias\/author\/poliana-santos\/"}]}},"default_loop_html":"<div class=\"cardsPage__listCard__boxs\"><div class=\"cardsPage__listCard__boxs__img\"><a href=\"https:\/\/www.suno.com.br\/noticias\/china-eua-guerra-comercial-retorno-negociacoes\/\"><img class=\"mask\" src=\"https:\/\/www.suno.com.br\/noticias\/wp-content\/themes\/suno\/resources\/images\/spotlight\/spotlight1img\/bg-mask.png\" alt=\"Image Mask\"\/><img src=\"https:\/\/files.sunoresearch.com.br\/n\/uploads\/2019\/08\/38c14748-guerra-comercial-400x200.webp\" alt=\"Guerra comercial: China e EUA retornar\u00e3o a negociar em outubro\"\/><\/a><span class=\"spotlightCategory\"><a href=\"https:\/\/www.suno.com.br\/noticias\/internacional\/\">Internacional<\/a><\/span><\/div><div class=\"cardsPage__listCard__boxs__content\"><a href=\"https:\/\/www.suno.com.br\/noticias\/china-eua-guerra-comercial-retorno-negociacoes\/\"><h2 class=\"content__title\">Guerra comercial: China e EUA retornar\u00e3o a negociar em outubro<\/h2><\/a><div class=\"newsContent__article__meta\"><div class=\"newsContent__article__meta__authorBox\"><a href=\"https:\/\/www.suno.com.br\/noticias\/author\/poliana-santos\/\" class=\"authorBox__avatar noMobi\"><img src=\"https:\/\/files.sunoresearch.com.br\/n\/uploads\/2020\/08\/7ef34026-whatsapp-image-2020-08-03-at-12.37.57-150x150.webp\" alt=\"Poliana Santos\"><\/a><div class=\"authorBox__name\"><span>por\n\t\t\t<a href=\"https:\/\/www.suno.com.br\/noticias\/author\/poliana-santos\/\"><span itemprop=\"author\">Poliana Santos<\/span><\/a><\/span><time datetime=\"2019-09-05T10:02:14-03:00\" itemprop=\"datePublished\">05\/09\/2019 10:02<\/time><\/div><\/div><\/div><\/div><\/div>","single_layout":"posts","amp_enabled":true,"_links":{"self":[{"href":"https:\/\/www.suno.com.br\/noticias\/wp-json\/wp\/v2\/posts\/36505"}],"collection":[{"href":"https:\/\/www.suno.com.br\/noticias\/wp-json\/wp\/v2\/posts"}],"about":[{"href":"https:\/\/www.suno.com.br\/noticias\/wp-json\/wp\/v2\/types\/post"}],"author":[{"embeddable":true,"href":"https:\/\/www.suno.com.br\/noticias\/wp-json\/wp\/v2\/users\/15"}],"replies":[{"embeddable":true,"href":"https:\/\/www.suno.com.br\/noticias\/wp-json\/wp\/v2\/comments?post=36505"}],"version-history":[{"count":0,"href":"https:\/\/www.suno.com.br\/noticias\/wp-json\/wp\/v2\/posts\/36505\/revisions"}],"wp:featuredmedia":[{"embeddable":true,"href":"https:\/\/www.suno.com.br\/noticias\/wp-json\/wp\/v2\/media\/33391"}],"wp:attachment":[{"href":"https:\/\/www.suno.com.br\/noticias\/wp-json\/wp\/v2\/media?parent=36505"}],"wp:term":[{"taxonomy":"category","embeddable":true,"href":"https:\/\/www.suno.com.br\/noticias\/wp-json\/wp\/v2\/categories?post=36505"},{"taxonomy":"post_tag","embeddable":true,"href":"https:\/\/www.suno.com.br\/noticias\/wp-json\/wp\/v2\/tags?post=36505"},{"taxonomy":"suno_strategy","embeddable":true,"href":"https:\/\/www.suno.com.br\/noticias\/wp-json\/wp\/v2\/suno_strategy?post=36505"}],"curies":[{"name":"wp","href":"https:\/\/api.w.org\/{rel}","templated":true}]}}