{"id":365037,"date":"2023-02-15T22:15:04","date_gmt":"2023-02-16T01:15:04","guid":{"rendered":"https:\/\/www.suno.com.br\/noticias\/?p=365037"},"modified":"2023-02-15T22:15:07","modified_gmt":"2023-02-16T01:15:07","slug":"americanas-amer3-novo-executivo-ceo","status":"publish","type":"post","link":"https:\/\/www.suno.com.br\/noticias\/americanas-amer3-novo-executivo-ceo\/","title":{"rendered":"Conselho da Americanas (AMER3) anuncia novo executivo para comandar a companhia"},"content":{"rendered":"<p>Mais de um m\u00eas ap\u00f3s divulgar a descoberta de um rombo bilion\u00e1rio que resultou na sa\u00edda do CEO S\u00e9rgio Rial, a <a href=\"https:\/\/www.suno.com.br\/acoes\/amer3\/\"><strong>Americanas<\/strong> (AMER3)<\/a> informou nesta quarta (15) que seu <a class=\"suno-keyword\" data-force=\"no\" data-priority=\"1\" href=\"https:\/\/www.suno.com.br\/artigos\/conselho-administracao\/\" target=\"_blank\" rel=\"noopener\">conselho de administra\u00e7\u00e3o<\/a> elegeu um novo executivo para comandar a companhia. O novo diretor-presidente da varejista &#8211; em recupera\u00e7\u00e3o judicial, com d\u00edvidas de mais de R$ 40 bi &#8211; \u00e9 Leonardo Coelho Pereira. Ele vai substituir o interino Jo\u00e3o Guerra e assume o cargo hoje.<\/p>\t<div class=\"wrapper-featured-image\">\n\t\t<figure class=\"spotlightImg\">\n\n\t\t\t<picture>\n\t\t\t\t<source media=\"(max-width: 768px)\" srcset=\"https:\/\/files.sunoresearch.com.br\/n\/uploads\/2023\/01\/americanas-amer3-recuperacao-judicial-analise-foto-divulgacao-400x200.jpg\">\n\t\t\t\t<img loading=\"lazy\" decoding=\"async\" class=\"newsContent__article__imgCapa lazyloadDisabled \" src=\"https:\/\/files.sunoresearch.com.br\/n\/uploads\/2023\/01\/americanas-amer3-recuperacao-judicial-analise-foto-divulgacao-800x450.jpg\" width=\"800\" height=\"450\" alt=\"Conselho da Americanas (AMER3) anuncia novo executivo para comandar a companhia\" fetchpriority=high \/>\n\t\t\t<\/picture>\n\n\t\t\t<figcaption class=\"wp-caption-text wp-caption-text--show\">Americanas (AMER3). Foto: Divulga\u00e7\u00e3o<\/figcaption>\n\t\t<\/figure>\n\t<\/div>\n\n\n\n\n\n\t<p>\n\t\t<a href=\"\" target=\"_blank\" data-element=\"shortcode-suno-banner\" title=\"Banner SUNO, clique e saiba mais\">\n\t\t\t<picture>\n\t\t\t\t<source media=\"(max-width: 500px)\" srcset=\"\">\n\t\t\t\t<img class=\"newsContent__article__imgCapa newsContent__article__imgCapa--banner\"\n\t\t\t\t\tsrc=\"\"\n\t\t\t\t\tdata-promo-id=\"265277\"\t\t\t\t\t\t\t\t\t\t\t\t\t\t\talt=\"\"\n\t\t\t\t>\n\t\t\t<\/picture>\n\t\t<\/a>\n\t<\/p>\n\n\n\n\n\n<p>Segundo comunicado da companhia, o <strong>novo CEO da Americanas<\/strong> &#8220;\u00e9 um executivo com s\u00f3lidas e bem-sucedidas experi\u00eancias em empresas do setor de varejo, assim como em ambiente de consultoria de reestrutura\u00e7\u00e3o&#8221;. <\/p>\n\n\n\n<p>Coelho, novo <strong>diretor-presidente da Americanas<\/strong>, exerceu &#8220;posi\u00e7\u00f5es de lideran\u00e7a em empresas dominantes em seus segmentos.&#8221;  Acrescenta a varejista: &#8220;Atuou como s\u00f3cio na Alvarez &amp; Marsal desde 2011, na \u00e1rea de Reestrutura\u00e7\u00e3o, com passagens relevantes em v\u00e1rios segmentos econ\u00f4micos, como varejo, sportainment, agro, petr\u00f3leo, constru\u00e7\u00e3o e energia.&#8221;<\/p>\n\n\n\n<p>O executivo que vai comandar a Americanas trabalhou por mais de 10 anos na C-Level (como CEO e CFO) em multinacionais no Brasil, Alemanha, It\u00e1lia, Chile, Argentina e Uruguai.<\/p>\n\n\n\n<p>Jo\u00e3o Guerra voltar\u00e1, de acordo com a Americanas, ao cargo de Diretor de Recursos Humanos.<\/p>\n\n\n\n\t<div data-element=\"shortcode-read-more\" class=\"readToo\">\n\t\t\t\t<span class=\"readToo__title\">Leia mais<\/span>\n\t\t\t\t<ul class=\"readToo__list\">\n\t\t\t<li><a href=\"https:\/\/www.suno.com.br\/noticias\/nome-sujo-americanas-amer3-contrata-banco-citi\/\">Com &#8220;nome sujo&#8221;, Americanas (AMER3) vai atr\u00e1s de outro banco para ajud\u00e1-la em solu\u00e7\u00e3o financeira<\/a><\/li><li><a href=\"https:\/\/www.suno.com.br\/noticias\/americanas-amer3-venda-ativos-recuperacao-judicial\/\">O que a Americanas (AMER3) pode vender para &#8216;tirar \u00e1gua do pesco\u00e7o&#8217;<\/a><\/li><li><a href=\"https:\/\/www.suno.com.br\/noticias\/americanas-amer3-parceiro-lemann-ajuda-crise\/\">Agora vai? Parceiro de Lemann entra nas negocia\u00e7\u00f5es da Americanas (AMER3) com bancos<\/a><\/li>\t\t<\/ul>\n\t<\/div>\n\n\n\n\t<p>\n\t\t<a href=\"https:\/\/lp.suno.com.br\/planilha-controle-gastos\/\" target=\"_blank\" data-element=\"shortcode-suno-banner\" title=\"Banner SUNO, clique e saiba mais\">\n\t\t\t<picture>\n\t\t\t\t<source media=\"(max-width: 500px)\" srcset=\"https:\/\/files.sunoresearch.com.br\/n\/uploads\/2023\/03\/400x300-Planilha-controle-de-gastos.png\">\n\t\t\t\t<img class=\"newsContent__article__imgCapa newsContent__article__imgCapa--banner\"\n\t\t\t\t\tsrc=\"https:\/\/files.sunoresearch.com.br\/n\/uploads\/2023\/03\/1420x240-Planilha-controle-de-gastos.png\"\n\t\t\t\t\tdata-promo-id=\"101751\"\t\t\t\t\t\t\t\t\t\twidth='1420' height='240'\t\t\t\t\talt=\"https:\/\/files.sunoresearch.com.br\/n\/uploads\/2023\/03\/1420x240-Planilha-controle-de-gastos.png\"\n\t\t\t\t>\n\t\t\t<\/picture>\n\t\t<\/a>\n\t<\/p>\n\n\n\n\n\n<figure class=\"wp-block-image size-full\"><img loading=\"lazy\" decoding=\"async\" width=\"500\" height=\"438\" src=\"https:\/\/files.sunoresearch.com.br\/n\/uploads\/2023\/02\/leonardo-coelho-americanas-1.jpg\" alt=\"\" class=\"wp-image-365071\" srcset=\"https:\/\/files.sunoresearch.com.br\/n\/uploads\/2023\/02\/leonardo-coelho-americanas-1.jpg 500w, https:\/\/files.sunoresearch.com.br\/n\/uploads\/2023\/02\/leonardo-coelho-americanas-1-300x263.jpg 300w, https:\/\/files.sunoresearch.com.br\/n\/uploads\/2023\/02\/leonardo-coelho-americanas-1-150x131.jpg 150w\" sizes=\"(max-width: 500px) 100vw, 500px\" \/><figcaption class=\"wp-element-caption\">Coelho, novo <strong>diretor-presidente da Americanas<\/strong>. era s\u00f3cio do escrit\u00f3rio  Alvarez &amp; Marsal<\/figcaption><\/figure>\n\n\n\n<h2 class=\"wp-block-heading\" id=\"h-novo-membro-do-comite-que-apura-o-rombo\">Novo membro do Comit\u00ea que apura o rombo<\/h2>\n\n\n\n<p>A Americanas tamb\u00e9m anunciou nesta quarta que o Conselho elegeu Antonio Luiz Pizarro Manso para substituir Vanessa Claro Lopes como membro do Comit\u00ea Independente, que apura o rombo bilion\u00e1rio na contabilidade da companhia.<\/p>\n\n\n\n<p>Vanessa Claro Lopes renunciou ao cargo de integrante do Comit\u00ea Independente, criado pelo Conselho de Administra\u00e7\u00e3o em 11 de janeiro de 2023. Segunda a empresa, a executiva &#8220;disse que teve dificuldade em conciliar a agenda do Comit\u00ea Independente com os demais compromissos da Conselheira com a companhia e outras empresas&#8221;. <\/p>\n\n\n\n<p>Antonio Luiz Pizarro Manso \u00e9 formado em Engenharia Mec\u00e2nica pela PUC-Rio e p\u00f3s-graduado pelo IBMEC no curso MBA Executivo em Finan\u00e7as. A Americanas detalha no <a class=\"suno-keyword\" target=\"_blank\" data-force=\"no\" data-priority=\"1\" href=\"https:\/\/www.suno.com.br\/artigos\/fato-relevante\/\" rel=\"noopener\">Fato Relevante<\/a> divulgado hoje: &#8220;Com extensa carreira profissional, foi executivo em diversas empresas nacionais e estrangeiras. Participou de Conselhos de Administra\u00e7\u00e3o e Consultivo e do Comit\u00ea de Investimento, Finan\u00e7as, de Recursos Humanos e de Auditoria de v\u00e1rias empresas, como Itapo\u00e1 Terminais Portu\u00e1rios, Fibria<br>Celulose, Solv\u00ed Participa\u00e7\u00f5es SA, TAM, LM Wind Power do Brasil, Grupo Abril, Latam Airlines Group e Banco Caixa Geral Brasil.&#8221; <\/p>\n\n\n\n<p>Pizarro foi membro do Comit\u00ea de Investiga\u00e7\u00e3o Independente ligado ao Conselho de Administra\u00e7\u00e3o da <a class=\"suno-keyword\" target=\"_blank\" data-force=\"yes\" data-priority=\"2\" href=\"https:\/\/www.suno.com.br\/acoes\/HYPE3\/\" rel=\"noopener\">Hypera (HYPE3)<\/a>.<\/p>\n\n\n\n<h2 class=\"wp-block-heading\" id=\"h-americanas-tenta-sobreviver-a-recuperacao-judicial\">Americanas tenta sobreviver \u00e0 recupera\u00e7\u00e3o judicial<\/h2>\n\n\n\n<p>No \u00faltimo m\u00eas, a<strong>&nbsp;Americanas (<\/strong><a href=\"https:\/\/www.suno.com.br\/acoes\/amer3\/\" target=\"_blank\" rel=\"noreferrer noopener\">AMER3<\/a><strong>)<\/strong>&nbsp;tornou-se praticamente um sin\u00f4nimo de not\u00edcias ruins: suspeita de fraudes, d\u00edvidas bilion\u00e1rias,&nbsp;<a href=\"https:\/\/www.suno.com.br\/artigos\/recuperacao-judicial\/\" target=\"_blank\" rel=\"noreferrer noopener\">recupera\u00e7\u00e3o judicial<\/a>, entre outras problemas. Enquanto se afasta lentamente do olho do furac\u00e3o, a varejista de&nbsp;<a href=\"https:\/\/www.suno.com.br\/tudo-sobre\/jorge-paulo-lemann\/\" target=\"_blank\" rel=\"noreferrer noopener\">Jorge Paulo Lemann<\/a>,&nbsp;<a href=\"https:\/\/www.suno.com.br\/tudo-sobre\/marcel-herrmann-telles\/\" target=\"_blank\" rel=\"noreferrer noopener\">Marcel Telles<\/a>&nbsp;e&nbsp;<a href=\"https:\/\/www.suno.com.br\/tudo-sobre\/carlos-alberto-sicupira\/\" target=\"_blank\" rel=\"noreferrer noopener\">Carlos Alberto Sicupira<\/a>&nbsp;enfrenta as cicatrizes causadas pela crise para sobreviver a essa tempestade.<\/p>\n\n\n\n<p>De acordo com um levantamento feito pela WebGlobal a pedido do Suno Not\u00edcias, entre os dias 11 a 22 de janeiro, as ofertas no&nbsp;<strong>e-commerce da Americanas<\/strong>&nbsp;ca\u00edram 31,16%, e os produtos ofertados apresentaram um recuo de 18,86%.<\/p>\n\n\n\n<p>\u201cAs ofertas s\u00e3o todos os produtos que est\u00e3o sendo vendidos nas lojas. Por exemplo, tenho um iPhone 13 Rosa. Associo todas as ofertas [an\u00fancios] da loja a esse produto\u201d, explica Marcelo Magalh\u00e3es, diretor de produtos da WebGlobal.<\/p>\n\n\n\n<p>Uma das hip\u00f3teses apontadas pela companhia de monitoramento do&nbsp;<strong>mercado online<\/strong>&nbsp;para essa queda foi o receio dos vendedores de que a companhia apresentasse problemas no repasse de pagamentos.<\/p>\n\n\n\n<p>Contudo, ap\u00f3s esse primeiro tombo, a&nbsp;<strong>Americanas<\/strong>&nbsp;come\u00e7ou a se recuperar e, entre os dias 25 de janeiro a 8 de fevereiro, viu as ofertas no digital crescerem 20%.&nbsp;<\/p>\n\n\n\t<div data-element=\"shortcode-read-more\" class=\"knowMore\">\n\t\t\t\t<span class=\"knowMore__title\">Leia mais<\/span>\n\t\t\t\t<a class=\"knowMore__link\" href=\"https:\/\/www.suno.com.br\/noticias\/americanas-amer3-furacao-recuperacao-judicial\/\">\n\t\t\tDentro do furac\u00e3o, Americanas (AMER3) enfrenta cicatrizes para sobreviver \u00e0 recupera\u00e7\u00e3o judicial\t\t<\/a>\n\t<\/div>\n\n\n\n\t<p>\n\t\t<a href=\"https:\/\/lp.suno.com.br\/ebook-como-analisar-uma-acao\/\" target=\"_blank\" data-element=\"shortcode-suno-banner\" title=\"Banner SUNO, clique e saiba mais\">\n\t\t\t<picture>\n\t\t\t\t<source media=\"(max-width: 500px)\" srcset=\"https:\/\/files.sunoresearch.com.br\/n\/uploads\/2023\/03\/Ebook-Acoes-Mobile-1.jpg\">\n\t\t\t\t<img class=\"newsContent__article__imgCapa newsContent__article__imgCapa--banner\"\n\t\t\t\t\tsrc=\"https:\/\/files.sunoresearch.com.br\/n\/uploads\/2023\/03\/Ebook-Acoes-Desktop-1.jpg\"\n\t\t\t\t\tdata-promo-id=\"171998\"\t\t\t\t\t\t\t\t\t\twidth='1420' height='286'\t\t\t\t\talt=\"https:\/\/files.sunoresearch.com.br\/n\/uploads\/2023\/03\/Ebook-Acoes-Desktop-1.jpg\"\n\t\t\t\t>\n\t\t\t<\/picture>\n\t\t<\/a>\n\t<\/p>\n\n\n","protected":false},"excerpt":{"rendered":"<p>Mais de um m\u00eas ap\u00f3s divulgar a descoberta de um rombo bilion\u00e1rio que resultou na sa\u00edda do CEO S\u00e9rgio Rial, a Americanas (AMER3) informou nesta quarta (15) que seu conselho de administra\u00e7\u00e3o elegeu um novo executivo para comandar a companhia. O novo diretor-presidente da varejista &#8211; em recupera\u00e7\u00e3o judicial, com d\u00edvidas de mais de R$ [&hellip;]<\/p>\n","protected":false},"author":98,"featured_media":349660,"comment_status":"closed","ping_status":"closed","sticky":false,"template":"","format":"standard","meta":[],"categories":[64],"tags":[286,106605],"suno_strategy":[],"class_list":["post-365037","post","type-post","status-publish","format-standard","has-post-thumbnail","hentry","category-negocios","tag-acoes","tag-americanas-s-a-amer3"],"yoast_head":"<!-- This site is optimized with the Yoast SEO plugin v24.4 - https:\/\/yoast.com\/wordpress\/plugins\/seo\/ -->\n<title>Americanas (AMER3) anuncia novo executivo como CEO da companhia<\/title>\n<meta name=\"description\" content=\"A Americanas (AMER3) informou nesta quarta (15) que seu conselho de administra\u00e7\u00e3o elegeu um novo executivo para comandar a companhia\" \/>\n<meta name=\"robots\" content=\"index, follow, max-snippet:-1, max-image-preview:large, max-video-preview:-1\" \/>\n<link rel=\"canonical\" href=\"https:\/\/www.suno.com.br\/noticias\/americanas-amer3-novo-executivo-ceo\/\" \/>\n<meta property=\"og:locale\" content=\"pt_BR\" \/>\n<meta property=\"og:type\" content=\"article\" \/>\n<meta property=\"og:title\" content=\"Americanas (AMER3) anuncia novo executivo como CEO da companhia\" \/>\n<meta property=\"og:description\" content=\"A Americanas (AMER3) informou nesta quarta (15) que seu conselho de administra\u00e7\u00e3o elegeu um novo executivo para comandar a companhia\" \/>\n<meta property=\"og:url\" content=\"https:\/\/www.suno.com.br\/noticias\/americanas-amer3-novo-executivo-ceo\/\" \/>\n<meta property=\"og:site_name\" content=\"Suno Not\u00edcias\" \/>\n<meta property=\"article:publisher\" content=\"https:\/\/facebook.com\/sunoresearch\" \/>\n<meta property=\"og:image\" content=\"https:\/\/files.sunoresearch.com.br\/n\/uploads\/2023\/01\/americanas-amer3-recuperacao-judicial-analise-foto-divulgacao.jpg\" \/>\n\t<meta property=\"og:image:width\" content=\"1200\" \/>\n\t<meta property=\"og:image:height\" content=\"675\" \/>\n\t<meta property=\"og:image:type\" content=\"image\/jpeg\" \/>\n<meta name=\"author\" content=\"Marco Ant\u00f4nio Lopes\" \/>\n<meta name=\"twitter:card\" content=\"summary_large_image\" \/>\n<meta name=\"twitter:creator\" content=\"@sunoresearch\" \/>\n<meta name=\"twitter:site\" content=\"@sunoresearch\" \/>\n<meta name=\"twitter:label1\" content=\"Escrito por\" \/>\n\t<meta name=\"twitter:data1\" content=\"Marco Ant\u00f4nio Lopes\" \/>\n\t<meta name=\"twitter:label2\" content=\"Est. tempo de leitura\" \/>\n\t<meta name=\"twitter:data2\" content=\"4 minutos\" \/>\n<script type=\"application\/ld+json\" class=\"yoast-schema-graph\">{\"@context\":\"https:\/\/schema.org\",\"@graph\":[{\"@type\":\"NewsArticle\",\"@id\":\"https:\/\/www.suno.com.br\/noticias\/americanas-amer3-novo-executivo-ceo\/#article\",\"isPartOf\":{\"@id\":\"https:\/\/www.suno.com.br\/noticias\/americanas-amer3-novo-executivo-ceo\/\"},\"author\":{\"name\":\"Marco Ant\u00f4nio Lopes\",\"@id\":\"https:\/\/www.suno.com.br\/noticias\/#\/schema\/person\/829bbe8d57f84333b966b96229c6bf5f\"},\"headline\":\"Conselho da Americanas (AMER3) anuncia novo executivo para comandar a companhia\",\"datePublished\":\"2023-02-16T01:15:04+00:00\",\"dateModified\":\"2023-02-16T01:15:07+00:00\",\"mainEntityOfPage\":{\"@id\":\"https:\/\/www.suno.com.br\/noticias\/americanas-amer3-novo-executivo-ceo\/\"},\"wordCount\":665,\"publisher\":{\"@id\":\"https:\/\/www.suno.com.br\/noticias\/#organization\"},\"image\":{\"@id\":\"https:\/\/www.suno.com.br\/noticias\/americanas-amer3-novo-executivo-ceo\/#primaryimage\"},\"thumbnailUrl\":\"https:\/\/files.sunoresearch.com.br\/n\/uploads\/2023\/01\/americanas-amer3-recuperacao-judicial-analise-foto-divulgacao.jpg\",\"keywords\":[\"A\u00e7\u00f5es\",\"Americanas (AMER3)\"],\"articleSection\":[\"Neg\u00f3cios\"],\"inLanguage\":\"pt-BR\"},{\"@type\":\"WebPage\",\"@id\":\"https:\/\/www.suno.com.br\/noticias\/americanas-amer3-novo-executivo-ceo\/\",\"url\":\"https:\/\/www.suno.com.br\/noticias\/americanas-amer3-novo-executivo-ceo\/\",\"name\":\"Americanas (AMER3) anuncia novo executivo como CEO da companhia\",\"isPartOf\":{\"@id\":\"https:\/\/www.suno.com.br\/noticias\/#website\"},\"primaryImageOfPage\":{\"@id\":\"https:\/\/www.suno.com.br\/noticias\/americanas-amer3-novo-executivo-ceo\/#primaryimage\"},\"image\":{\"@id\":\"https:\/\/www.suno.com.br\/noticias\/americanas-amer3-novo-executivo-ceo\/#primaryimage\"},\"thumbnailUrl\":\"https:\/\/files.sunoresearch.com.br\/n\/uploads\/2023\/01\/americanas-amer3-recuperacao-judicial-analise-foto-divulgacao.jpg\",\"datePublished\":\"2023-02-16T01:15:04+00:00\",\"dateModified\":\"2023-02-16T01:15:07+00:00\",\"description\":\"A Americanas (AMER3) informou nesta quarta (15) que seu conselho de administra\u00e7\u00e3o elegeu um novo executivo para comandar a companhia\",\"breadcrumb\":{\"@id\":\"https:\/\/www.suno.com.br\/noticias\/americanas-amer3-novo-executivo-ceo\/#breadcrumb\"},\"inLanguage\":\"pt-BR\",\"potentialAction\":[{\"@type\":\"ReadAction\",\"target\":[\"https:\/\/www.suno.com.br\/noticias\/americanas-amer3-novo-executivo-ceo\/\"]}]},{\"@type\":\"ImageObject\",\"inLanguage\":\"pt-BR\",\"@id\":\"https:\/\/www.suno.com.br\/noticias\/americanas-amer3-novo-executivo-ceo\/#primaryimage\",\"url\":\"https:\/\/files.sunoresearch.com.br\/n\/uploads\/2023\/01\/americanas-amer3-recuperacao-judicial-analise-foto-divulgacao.jpg\",\"contentUrl\":\"https:\/\/files.sunoresearch.com.br\/n\/uploads\/2023\/01\/americanas-amer3-recuperacao-judicial-analise-foto-divulgacao.jpg\",\"width\":1200,\"height\":675,\"caption\":\"Americanas (AMER3). Foto: Divulga\u00e7\u00e3o\"},{\"@type\":\"BreadcrumbList\",\"@id\":\"https:\/\/www.suno.com.br\/noticias\/americanas-amer3-novo-executivo-ceo\/#breadcrumb\",\"itemListElement\":[{\"@type\":\"ListItem\",\"position\":1,\"name\":\"Not\u00edcias\",\"item\":\"https:\/\/www.suno.com.br\/noticias\/\"},{\"@type\":\"ListItem\",\"position\":2,\"name\":\"Neg\u00f3cios\",\"item\":\"https:\/\/www.suno.com.br\/noticias\/negocios\/\"},{\"@type\":\"ListItem\",\"position\":3,\"name\":\"Conselho da Americanas (AMER3) anuncia novo executivo para comandar a companhia\"}]},{\"@type\":\"WebSite\",\"@id\":\"https:\/\/www.suno.com.br\/noticias\/#website\",\"url\":\"https:\/\/www.suno.com.br\/noticias\/\",\"name\":\"Suno Not\u00edcias\",\"description\":\"Seu portal de informa\u00e7\u00e3o sobre o mundo dos investimentos\",\"publisher\":{\"@id\":\"https:\/\/www.suno.com.br\/noticias\/#organization\"},\"potentialAction\":[{\"@type\":\"SearchAction\",\"target\":{\"@type\":\"EntryPoint\",\"urlTemplate\":\"https:\/\/www.suno.com.br\/noticias\/?s={search_term_string}\"},\"query-input\":{\"@type\":\"PropertyValueSpecification\",\"valueRequired\":true,\"valueName\":\"search_term_string\"}}],\"inLanguage\":\"pt-BR\"},{\"@type\":\"Organization\",\"@id\":\"https:\/\/www.suno.com.br\/noticias\/#organization\",\"name\":\"Suno Not\u00edcias\",\"url\":\"https:\/\/www.suno.com.br\/noticias\/\",\"logo\":{\"@type\":\"ImageObject\",\"inLanguage\":\"pt-BR\",\"@id\":\"https:\/\/www.suno.com.br\/noticias\/#\/schema\/logo\/image\/\",\"url\":\"https:\/\/files.sunoresearch.com.br\/n\/uploads\/2021\/09\/suno-logo.png\",\"contentUrl\":\"https:\/\/files.sunoresearch.com.br\/n\/uploads\/2021\/09\/suno-logo.png\",\"width\":180,\"height\":180,\"caption\":\"Suno Not\u00edcias\"},\"image\":{\"@id\":\"https:\/\/www.suno.com.br\/noticias\/#\/schema\/logo\/image\/\"},\"sameAs\":[\"https:\/\/facebook.com\/sunoresearch\",\"https:\/\/x.com\/sunoresearch\",\"https:\/\/www.instagram.com\/suno\",\"https:\/\/www.linkedin.com\/company\/suno-research\/\",\"https:\/\/www.youtube.com\/c\/sunoresearch\"]},{\"@type\":\"Person\",\"@id\":\"https:\/\/www.suno.com.br\/noticias\/#\/schema\/person\/829bbe8d57f84333b966b96229c6bf5f\",\"name\":\"Marco Ant\u00f4nio Lopes\",\"image\":{\"@type\":\"ImageObject\",\"inLanguage\":\"pt-BR\",\"@id\":\"https:\/\/www.suno.com.br\/noticias\/#\/schema\/person\/image\/\",\"url\":\"https:\/\/secure.gravatar.com\/avatar\/385167b012fbc1cde32c5446ee253313?s=96&r=g\",\"contentUrl\":\"https:\/\/secure.gravatar.com\/avatar\/385167b012fbc1cde32c5446ee253313?s=96&r=g\",\"caption\":\"Marco Ant\u00f4nio Lopes\"},\"description\":\"Jornalista, \u00e9 editor no Suno Not\u00edcias. Trabalhou nas revistas Playboy, Super, Veja Comer &amp; Beber, Homem Vogue e Universo Masculino, al\u00e9m dos portais Abril.com, R7, nas editorias de Home, Esportes, Hora 7, Entretenimento e Geral, e Eu Quero Investir. Autor do livro Bruce Lee: Definitivo (Editora Conrad). Colaborou nas revistas Nova, Veja SP, Grandes Guerras, Placar, Bizz, Casa Claudia e Quatro Rodas.\",\"url\":\"https:\/\/www.suno.com.br\/noticias\/author\/marco-lopes\/\"}]}<\/script>\n<!-- \/ Yoast SEO plugin. -->","yoast_head_json":{"title":"Americanas (AMER3) anuncia novo executivo como CEO da companhia","description":"A Americanas (AMER3) informou nesta quarta (15) que seu conselho de administra\u00e7\u00e3o elegeu um novo executivo para comandar a companhia","robots":{"index":"index","follow":"follow","max-snippet":"max-snippet:-1","max-image-preview":"max-image-preview:large","max-video-preview":"max-video-preview:-1"},"canonical":"https:\/\/www.suno.com.br\/noticias\/americanas-amer3-novo-executivo-ceo\/","og_locale":"pt_BR","og_type":"article","og_title":"Americanas (AMER3) anuncia novo executivo como CEO da companhia","og_description":"A Americanas (AMER3) informou nesta quarta (15) que seu conselho de administra\u00e7\u00e3o elegeu um novo executivo para comandar a companhia","og_url":"https:\/\/www.suno.com.br\/noticias\/americanas-amer3-novo-executivo-ceo\/","og_site_name":"Suno Not\u00edcias","article_publisher":"https:\/\/facebook.com\/sunoresearch","og_image":[{"width":1200,"height":675,"url":"https:\/\/files.sunoresearch.com.br\/n\/uploads\/2023\/01\/americanas-amer3-recuperacao-judicial-analise-foto-divulgacao.jpg","type":"image\/jpeg"}],"author":"Marco Ant\u00f4nio Lopes","twitter_card":"summary_large_image","twitter_creator":"@sunoresearch","twitter_site":"@sunoresearch","twitter_misc":{"Escrito por":"Marco Ant\u00f4nio Lopes","Est. tempo de leitura":"4 minutos"},"schema":{"@context":"https:\/\/schema.org","@graph":[{"@type":"NewsArticle","@id":"https:\/\/www.suno.com.br\/noticias\/americanas-amer3-novo-executivo-ceo\/#article","isPartOf":{"@id":"https:\/\/www.suno.com.br\/noticias\/americanas-amer3-novo-executivo-ceo\/"},"author":{"name":"Marco Ant\u00f4nio Lopes","@id":"https:\/\/www.suno.com.br\/noticias\/#\/schema\/person\/829bbe8d57f84333b966b96229c6bf5f"},"headline":"Conselho da Americanas (AMER3) anuncia novo executivo para comandar a companhia","datePublished":"2023-02-16T01:15:04+00:00","dateModified":"2023-02-16T01:15:07+00:00","mainEntityOfPage":{"@id":"https:\/\/www.suno.com.br\/noticias\/americanas-amer3-novo-executivo-ceo\/"},"wordCount":665,"publisher":{"@id":"https:\/\/www.suno.com.br\/noticias\/#organization"},"image":{"@id":"https:\/\/www.suno.com.br\/noticias\/americanas-amer3-novo-executivo-ceo\/#primaryimage"},"thumbnailUrl":"https:\/\/files.sunoresearch.com.br\/n\/uploads\/2023\/01\/americanas-amer3-recuperacao-judicial-analise-foto-divulgacao.jpg","keywords":["A\u00e7\u00f5es","Americanas (AMER3)"],"articleSection":["Neg\u00f3cios"],"inLanguage":"pt-BR"},{"@type":"WebPage","@id":"https:\/\/www.suno.com.br\/noticias\/americanas-amer3-novo-executivo-ceo\/","url":"https:\/\/www.suno.com.br\/noticias\/americanas-amer3-novo-executivo-ceo\/","name":"Americanas (AMER3) anuncia novo executivo como CEO da companhia","isPartOf":{"@id":"https:\/\/www.suno.com.br\/noticias\/#website"},"primaryImageOfPage":{"@id":"https:\/\/www.suno.com.br\/noticias\/americanas-amer3-novo-executivo-ceo\/#primaryimage"},"image":{"@id":"https:\/\/www.suno.com.br\/noticias\/americanas-amer3-novo-executivo-ceo\/#primaryimage"},"thumbnailUrl":"https:\/\/files.sunoresearch.com.br\/n\/uploads\/2023\/01\/americanas-amer3-recuperacao-judicial-analise-foto-divulgacao.jpg","datePublished":"2023-02-16T01:15:04+00:00","dateModified":"2023-02-16T01:15:07+00:00","description":"A Americanas (AMER3) informou nesta quarta (15) que seu conselho de administra\u00e7\u00e3o elegeu um novo executivo para comandar a companhia","breadcrumb":{"@id":"https:\/\/www.suno.com.br\/noticias\/americanas-amer3-novo-executivo-ceo\/#breadcrumb"},"inLanguage":"pt-BR","potentialAction":[{"@type":"ReadAction","target":["https:\/\/www.suno.com.br\/noticias\/americanas-amer3-novo-executivo-ceo\/"]}]},{"@type":"ImageObject","inLanguage":"pt-BR","@id":"https:\/\/www.suno.com.br\/noticias\/americanas-amer3-novo-executivo-ceo\/#primaryimage","url":"https:\/\/files.sunoresearch.com.br\/n\/uploads\/2023\/01\/americanas-amer3-recuperacao-judicial-analise-foto-divulgacao.jpg","contentUrl":"https:\/\/files.sunoresearch.com.br\/n\/uploads\/2023\/01\/americanas-amer3-recuperacao-judicial-analise-foto-divulgacao.jpg","width":1200,"height":675,"caption":"Americanas (AMER3). Foto: Divulga\u00e7\u00e3o"},{"@type":"BreadcrumbList","@id":"https:\/\/www.suno.com.br\/noticias\/americanas-amer3-novo-executivo-ceo\/#breadcrumb","itemListElement":[{"@type":"ListItem","position":1,"name":"Not\u00edcias","item":"https:\/\/www.suno.com.br\/noticias\/"},{"@type":"ListItem","position":2,"name":"Neg\u00f3cios","item":"https:\/\/www.suno.com.br\/noticias\/negocios\/"},{"@type":"ListItem","position":3,"name":"Conselho da Americanas (AMER3) anuncia novo executivo para comandar a companhia"}]},{"@type":"WebSite","@id":"https:\/\/www.suno.com.br\/noticias\/#website","url":"https:\/\/www.suno.com.br\/noticias\/","name":"Suno Not\u00edcias","description":"Seu portal de informa\u00e7\u00e3o sobre o mundo dos investimentos","publisher":{"@id":"https:\/\/www.suno.com.br\/noticias\/#organization"},"potentialAction":[{"@type":"SearchAction","target":{"@type":"EntryPoint","urlTemplate":"https:\/\/www.suno.com.br\/noticias\/?s={search_term_string}"},"query-input":{"@type":"PropertyValueSpecification","valueRequired":true,"valueName":"search_term_string"}}],"inLanguage":"pt-BR"},{"@type":"Organization","@id":"https:\/\/www.suno.com.br\/noticias\/#organization","name":"Suno Not\u00edcias","url":"https:\/\/www.suno.com.br\/noticias\/","logo":{"@type":"ImageObject","inLanguage":"pt-BR","@id":"https:\/\/www.suno.com.br\/noticias\/#\/schema\/logo\/image\/","url":"https:\/\/files.sunoresearch.com.br\/n\/uploads\/2021\/09\/suno-logo.png","contentUrl":"https:\/\/files.sunoresearch.com.br\/n\/uploads\/2021\/09\/suno-logo.png","width":180,"height":180,"caption":"Suno Not\u00edcias"},"image":{"@id":"https:\/\/www.suno.com.br\/noticias\/#\/schema\/logo\/image\/"},"sameAs":["https:\/\/facebook.com\/sunoresearch","https:\/\/x.com\/sunoresearch","https:\/\/www.instagram.com\/suno","https:\/\/www.linkedin.com\/company\/suno-research\/","https:\/\/www.youtube.com\/c\/sunoresearch"]},{"@type":"Person","@id":"https:\/\/www.suno.com.br\/noticias\/#\/schema\/person\/829bbe8d57f84333b966b96229c6bf5f","name":"Marco Ant\u00f4nio Lopes","image":{"@type":"ImageObject","inLanguage":"pt-BR","@id":"https:\/\/www.suno.com.br\/noticias\/#\/schema\/person\/image\/","url":"https:\/\/secure.gravatar.com\/avatar\/385167b012fbc1cde32c5446ee253313?s=96&r=g","contentUrl":"https:\/\/secure.gravatar.com\/avatar\/385167b012fbc1cde32c5446ee253313?s=96&r=g","caption":"Marco Ant\u00f4nio Lopes"},"description":"Jornalista, \u00e9 editor no Suno Not\u00edcias. Trabalhou nas revistas Playboy, Super, Veja Comer &amp; Beber, Homem Vogue e Universo Masculino, al\u00e9m dos portais Abril.com, R7, nas editorias de Home, Esportes, Hora 7, Entretenimento e Geral, e Eu Quero Investir. Autor do livro Bruce Lee: Definitivo (Editora Conrad). Colaborou nas revistas Nova, Veja SP, Grandes Guerras, Placar, Bizz, Casa Claudia e Quatro Rodas.","url":"https:\/\/www.suno.com.br\/noticias\/author\/marco-lopes\/"}]}},"default_loop_html":"<div class=\"cardsPage__listCard__boxs\"><div class=\"cardsPage__listCard__boxs__img\"><a href=\"https:\/\/www.suno.com.br\/noticias\/americanas-amer3-novo-executivo-ceo\/\"><img class=\"mask\" src=\"https:\/\/www.suno.com.br\/noticias\/wp-content\/themes\/suno\/resources\/images\/spotlight\/spotlight1img\/bg-mask.png\" alt=\"Image Mask\"\/><img src=\"https:\/\/files.sunoresearch.com.br\/n\/uploads\/2023\/01\/americanas-amer3-recuperacao-judicial-analise-foto-divulgacao-400x200.jpg\" alt=\"Conselho da Americanas (AMER3) anuncia novo executivo para comandar a companhia\"\/><\/a><span class=\"spotlightCategory\"><a href=\"https:\/\/www.suno.com.br\/noticias\/negocios\/\">Neg\u00f3cios<\/a><\/span><\/div><div class=\"cardsPage__listCard__boxs__content\"><a href=\"https:\/\/www.suno.com.br\/noticias\/americanas-amer3-novo-executivo-ceo\/\"><h2 class=\"content__title\">Conselho da Americanas (AMER3) anuncia novo executivo para comandar a companhia<\/h2><\/a><div class=\"newsContent__article__meta\"><div class=\"newsContent__article__meta__authorBox\"><a href=\"https:\/\/www.suno.com.br\/noticias\/author\/erick-nery\/\" class=\"authorBox__avatar noMobi\"><img src=\"https:\/\/secure.gravatar.com\/avatar\/518ddffe438ccb767782d372a66304d2?s=96&#038;r=g\" alt=\"Erick Matheus Nery\"><\/a><div class=\"authorBox__name\"><span>por\n\t\t\t<a href=\"https:\/\/www.suno.com.br\/noticias\/author\/erick-nery\/\"><span itemprop=\"author\">Erick Matheus Nery<\/span><\/a><\/span><time datetime=\"2023-02-15T22:15:04-03:00\" itemprop=\"datePublished\">15\/02\/2023 22:15<\/time><\/div><\/div><\/div><\/div><\/div>","single_layout":"posts","amp_enabled":true,"_links":{"self":[{"href":"https:\/\/www.suno.com.br\/noticias\/wp-json\/wp\/v2\/posts\/365037"}],"collection":[{"href":"https:\/\/www.suno.com.br\/noticias\/wp-json\/wp\/v2\/posts"}],"about":[{"href":"https:\/\/www.suno.com.br\/noticias\/wp-json\/wp\/v2\/types\/post"}],"author":[{"embeddable":true,"href":"https:\/\/www.suno.com.br\/noticias\/wp-json\/wp\/v2\/users\/98"}],"replies":[{"embeddable":true,"href":"https:\/\/www.suno.com.br\/noticias\/wp-json\/wp\/v2\/comments?post=365037"}],"version-history":[{"count":2,"href":"https:\/\/www.suno.com.br\/noticias\/wp-json\/wp\/v2\/posts\/365037\/revisions"}],"predecessor-version":[{"id":365073,"href":"https:\/\/www.suno.com.br\/noticias\/wp-json\/wp\/v2\/posts\/365037\/revisions\/365073"}],"wp:featuredmedia":[{"embeddable":true,"href":"https:\/\/www.suno.com.br\/noticias\/wp-json\/wp\/v2\/media\/349660"}],"wp:attachment":[{"href":"https:\/\/www.suno.com.br\/noticias\/wp-json\/wp\/v2\/media?parent=365037"}],"wp:term":[{"taxonomy":"category","embeddable":true,"href":"https:\/\/www.suno.com.br\/noticias\/wp-json\/wp\/v2\/categories?post=365037"},{"taxonomy":"post_tag","embeddable":true,"href":"https:\/\/www.suno.com.br\/noticias\/wp-json\/wp\/v2\/tags?post=365037"},{"taxonomy":"suno_strategy","embeddable":true,"href":"https:\/\/www.suno.com.br\/noticias\/wp-json\/wp\/v2\/suno_strategy?post=365037"}],"curies":[{"name":"wp","href":"https:\/\/api.w.org\/{rel}","templated":true}]}}