{"id":36491,"date":"2019-09-05T07:54:04","date_gmt":"2019-09-05T10:54:04","guid":{"rendered":"https:\/\/www.suno.com.br\/noticias\/?p=36491"},"modified":"2021-02-17T22:47:53","modified_gmt":"2021-02-18T01:47:53","slug":"fluxo-cambial-saldo-negativo-agosto","status":"publish","type":"post","link":"https:\/\/www.suno.com.br\/noticias\/fluxo-cambial-saldo-negativo-agosto\/","title":{"rendered":"Fluxo cambial tem saldo negativo em agosto"},"content":{"rendered":"<p>O saldo do fluxo cambial (volume de <a href=\"https:\/\/www.suno.com.br\/artigos\/dolar\/\">d\u00f3lares<\/a> que entram e saem do Pa\u00eds) foi negativo no m\u00eas de agosto.<\/p>\t<div class=\"wrapper-featured-image\">\n\t\t<figure class=\"spotlightImg\">\n\n\t\t\t<picture>\n\t\t\t\t<source media=\"(max-width: 768px)\" srcset=\"https:\/\/files.sunoresearch.com.br\/n\/uploads\/2019\/08\/2ee6064e-exporta\u00e7\u00f5es-400x200.webp\">\n\t\t\t\t<img loading=\"lazy\" decoding=\"async\" class=\"newsContent__article__imgCapa lazyloadDisabled newsContent__article__imgCapa--noCaption\" src=\"https:\/\/files.sunoresearch.com.br\/n\/uploads\/2019\/08\/2ee6064e-exporta\u00e7\u00f5es-800x450.webp\" width=\"800\" height=\"450\" alt=\"Fluxo cambial tem saldo negativo em agosto\" fetchpriority=high \/>\n\t\t\t<\/picture>\n\n\t\t\t<figcaption class=\"wp-caption-text wp-caption-text--hide\">PIB: bancos norte-americanos estimam contra\u00e7\u00e3o da economia brasileira<\/figcaption>\n\t\t<\/figure>\n\t<\/div>\n\n\n\n<p>O <strong>Brasil<\/strong> fechou o \u00faltimo m\u00eas com o saldo negativo em US$ 4,317 bilh\u00f5es, segundo a divulga\u00e7\u00e3o do Banco Central (BC) na \u00faltima quarta-feira (4). Em julho, o saldo positivo do <strong>fluxo cambial<\/strong> foi de US$ 2,912 bilh\u00f5es.<\/p>\n<p>A sa\u00edda l\u00edquida atrav\u00e9s do canal financeiro, envolvendo investimentos estrangeiros, remessas de lucros e pagamento de juros, entre outras opera\u00e7\u00f5es, foi de US$ 8,545 bilh\u00f5es. As entradas foram do montante de US$ 39,754 bilh\u00f5es e de US$ 48,299 bilh\u00f5es em retiradas.<\/p>\n<p>O <strong>com\u00e9rcio exterior<\/strong> apresentou um resultado oposto. Devido \u00e0s exporta\u00e7\u00f5es somarem US$ 19,204 bilh\u00f5es contra US$ 14,975 bilh\u00f5es das importa\u00e7\u00f5es, o saldo foi positivo em US$ 4,229 bilh\u00f5es.<\/p>\n<h2>Fluxo cambial em 2019<\/h2>\n<p>No acumulado do ano, o fluxo cambial, at\u00e9 o m\u00eas de agosto, reporta um saldo negativo em US$ 6,526 bilh\u00f5es. No per\u00edodo, tamb\u00e9m foi registrado o saldo negativo do canal financeiro. A sa\u00edda l\u00edquida total foi de US$ 20,277 bilh\u00f5es, ap\u00f3s a entrada de US$ 367,600 bilh\u00f5es e retiradas de US$ 387,877 bilh\u00f5es.<\/p>\n\t<p>\n\t\t<a href=\"https:\/\/lp.suno.com.br\/ebook-investindo-em-fiis\/\" target=\"_blank\" data-element=\"shortcode-suno-banner\" title=\"Banner SUNO, clique e saiba mais\">\n\t\t\t<picture>\n\t\t\t\t<source media=\"(max-width: 500px)\" srcset=\"https:\/\/files.sunoresearch.com.br\/n\/uploads\/2023\/03\/Ebook-Fundos-Imobiliarios-Mobile-1.jpg\">\n\t\t\t\t<img class=\"newsContent__article__imgCapa newsContent__article__imgCapa--banner\"\n\t\t\t\t\tsrc=\"https:\/\/files.sunoresearch.com.br\/n\/uploads\/2023\/03\/Ebook-Fundos-Imobiliarios-Desktop-1.jpg\"\n\t\t\t\t\tdata-promo-id=\"313843\"\t\t\t\t\t\t\t\t\t\twidth='1420' height='286'\t\t\t\t\talt=\"https:\/\/files.sunoresearch.com.br\/n\/uploads\/2023\/03\/Ebook-Fundos-Imobiliarios-Desktop-1.jpg\"\n\t\t\t\t>\n\t\t\t<\/picture>\n\t\t<\/a>\n\t<\/p>\n\n\n<p>O com\u00e9rcio exterior, mais uma vez, mostrou um resultado positivo. No per\u00edodo de janeiro a agosto, o resultado \u00e9 de US$ 13,752 positivos. As exporta\u00e7\u00f5es somaram US$ 126,811 bilh\u00f5es e as sa\u00eddas foram de US$ 113,059 bilh\u00f5es.<\/p>\n<p>Somente na semana passada, de acordo com o <strong>Banco Central<\/strong>, o fluxo foi negativo em US$ 921 milh\u00f5es. J\u00e1 no canal financeiro, houve a sa\u00edda de US$ 2,115 bilh\u00f5es. O com\u00e9rcio exterior mostrou-se positivo em US$ 1,194 bilh\u00f5es no intervalo temporal em quest\u00e3o.<\/p>\n<p><a href=\"https:\/\/www.suno.com.br\/noticias\/boletim-focus-aumento-previsao-pib\/\">Veja tamb\u00e9m: Boletim Focus aumenta pr\u00e9via para crescimento do PIB<\/a><\/p>\n<p>O indicador \u00e9 calculado com base nos saldos do fluxo financeiro, como remessas de lucros, dividendos ao exterior, investimentos em t\u00edtulos e investimentos estrangeiros diretos, al\u00e9m de outras opera\u00e7\u00f5es.<\/p>\n<p>O <strong>fluxo comercial<\/strong> envolve opera\u00e7\u00f5es de c\u00e2mbio relacionadas a exporta\u00e7\u00f5es e importa\u00e7\u00f5es, e \u00e9 divulgado semanalmente e mensalmente pelo BC.<\/p>\n","protected":false},"excerpt":{"rendered":"<p>O saldo do fluxo cambial (volume de d\u00f3lares que entram e saem do Pa\u00eds) foi negativo no m\u00eas de agosto. PIB: bancos norte-americanos estimam contra\u00e7\u00e3o da economia brasileira O Brasil fechou o \u00faltimo m\u00eas com o saldo negativo em US$ 4,317 bilh\u00f5es, segundo a divulga\u00e7\u00e3o do Banco Central (BC) na \u00faltima quarta-feira (4). Em julho, [&hellip;]<\/p>\n","protected":false},"author":24,"featured_media":32810,"comment_status":"closed","ping_status":"closed","sticky":false,"template":"","format":"standard","meta":[],"categories":[62],"tags":[1842,923,326,1540],"suno_strategy":[],"class_list":["post-36491","post","type-post","status-publish","format-standard","has-post-thumbnail","hentry","category-economia","tag-banco-central-bc","tag-comercio-exterior","tag-dolar","tag-fluxo-cambial"],"yoast_head":"<!-- This site is optimized with the Yoast SEO plugin v24.4 - https:\/\/yoast.com\/wordpress\/plugins\/seo\/ -->\n<title>Fluxo cambial tem saldo negativo em agosto<\/title>\n<meta name=\"description\" content=\"O saldo do fluxo cambial (volume de d\u00f3lares que entram e saem do Pa\u00eds) foi negativo no m\u00eas de agosto.\u00a0Clique aqui e saiba mais.\" \/>\n<meta name=\"robots\" content=\"index, follow, max-snippet:-1, max-image-preview:large, max-video-preview:-1\" \/>\n<link rel=\"canonical\" href=\"https:\/\/www.suno.com.br\/noticias\/fluxo-cambial-saldo-negativo-agosto\/\" \/>\n<meta property=\"og:locale\" content=\"pt_BR\" \/>\n<meta property=\"og:type\" content=\"article\" \/>\n<meta property=\"og:title\" content=\"Fluxo cambial tem saldo negativo em agosto\" \/>\n<meta property=\"og:description\" content=\"O saldo do fluxo cambial (volume de d\u00f3lares que entram e saem do Pa\u00eds) foi negativo no m\u00eas de agosto.\u00a0Clique aqui e saiba mais.\" \/>\n<meta property=\"og:url\" content=\"https:\/\/www.suno.com.br\/noticias\/fluxo-cambial-saldo-negativo-agosto\/\" \/>\n<meta property=\"og:site_name\" content=\"Suno Not\u00edcias\" \/>\n<meta property=\"article:publisher\" content=\"https:\/\/facebook.com\/sunoresearch\" \/>\n<meta property=\"og:image\" content=\"https:\/\/files.sunoresearch.com.br\/n\/uploads\/2019\/08\/2ee6064e-exporta\u00e7\u00f5es-1024x683.jpg\" \/>\n\t<meta property=\"og:image:width\" content=\"1024\" \/>\n\t<meta property=\"og:image:height\" content=\"683\" \/>\n\t<meta property=\"og:image:type\" content=\"image\/jpeg\" \/>\n<meta name=\"author\" content=\"Jader Lazarini\" \/>\n<meta name=\"twitter:card\" content=\"summary_large_image\" \/>\n<meta name=\"twitter:creator\" content=\"@sunoresearch\" \/>\n<meta name=\"twitter:site\" content=\"@sunoresearch\" \/>\n<meta name=\"twitter:label1\" content=\"Escrito por\" \/>\n\t<meta name=\"twitter:data1\" content=\"Jader Lazarini\" \/>\n\t<meta name=\"twitter:label2\" content=\"Est. tempo de leitura\" \/>\n\t<meta name=\"twitter:data2\" content=\"2 minutos\" \/>\n<script type=\"application\/ld+json\" class=\"yoast-schema-graph\">{\"@context\":\"https:\/\/schema.org\",\"@graph\":[{\"@type\":\"NewsArticle\",\"@id\":\"https:\/\/www.suno.com.br\/noticias\/fluxo-cambial-saldo-negativo-agosto\/#article\",\"isPartOf\":{\"@id\":\"https:\/\/www.suno.com.br\/noticias\/fluxo-cambial-saldo-negativo-agosto\/\"},\"author\":{\"name\":\"Jader Lazarini\",\"@id\":\"https:\/\/www.suno.com.br\/noticias\/#\/schema\/person\/918d79de1f0281f01599b93f9ea6e23f\"},\"headline\":\"Fluxo cambial tem saldo negativo em agosto\",\"datePublished\":\"2019-09-05T10:54:04+00:00\",\"dateModified\":\"2021-02-18T01:47:53+00:00\",\"mainEntityOfPage\":{\"@id\":\"https:\/\/www.suno.com.br\/noticias\/fluxo-cambial-saldo-negativo-agosto\/\"},\"wordCount\":363,\"publisher\":{\"@id\":\"https:\/\/www.suno.com.br\/noticias\/#organization\"},\"image\":{\"@id\":\"https:\/\/www.suno.com.br\/noticias\/fluxo-cambial-saldo-negativo-agosto\/#primaryimage\"},\"thumbnailUrl\":\"https:\/\/files.sunoresearch.com.br\/n\/uploads\/2019\/08\/2ee6064e-exporta\u00e7\u00f5es-scaled.webp\",\"keywords\":[\"Banco Central (BC)\",\"comercio exterior\",\"d\u00f3lar\",\"fluxo cambial\"],\"articleSection\":[\"Economia\"],\"inLanguage\":\"pt-BR\"},{\"@type\":\"WebPage\",\"@id\":\"https:\/\/www.suno.com.br\/noticias\/fluxo-cambial-saldo-negativo-agosto\/\",\"url\":\"https:\/\/www.suno.com.br\/noticias\/fluxo-cambial-saldo-negativo-agosto\/\",\"name\":\"Fluxo cambial tem saldo negativo em agosto\",\"isPartOf\":{\"@id\":\"https:\/\/www.suno.com.br\/noticias\/#website\"},\"primaryImageOfPage\":{\"@id\":\"https:\/\/www.suno.com.br\/noticias\/fluxo-cambial-saldo-negativo-agosto\/#primaryimage\"},\"image\":{\"@id\":\"https:\/\/www.suno.com.br\/noticias\/fluxo-cambial-saldo-negativo-agosto\/#primaryimage\"},\"thumbnailUrl\":\"https:\/\/files.sunoresearch.com.br\/n\/uploads\/2019\/08\/2ee6064e-exporta\u00e7\u00f5es-scaled.webp\",\"datePublished\":\"2019-09-05T10:54:04+00:00\",\"dateModified\":\"2021-02-18T01:47:53+00:00\",\"description\":\"O saldo do fluxo cambial (volume de d\u00f3lares que entram e saem do Pa\u00eds) foi negativo no m\u00eas de agosto.\u00a0Clique aqui e saiba mais.\",\"breadcrumb\":{\"@id\":\"https:\/\/www.suno.com.br\/noticias\/fluxo-cambial-saldo-negativo-agosto\/#breadcrumb\"},\"inLanguage\":\"pt-BR\",\"potentialAction\":[{\"@type\":\"ReadAction\",\"target\":[\"https:\/\/www.suno.com.br\/noticias\/fluxo-cambial-saldo-negativo-agosto\/\"]}]},{\"@type\":\"ImageObject\",\"inLanguage\":\"pt-BR\",\"@id\":\"https:\/\/www.suno.com.br\/noticias\/fluxo-cambial-saldo-negativo-agosto\/#primaryimage\",\"url\":\"https:\/\/files.sunoresearch.com.br\/n\/uploads\/2019\/08\/2ee6064e-exporta\u00e7\u00f5es-scaled.webp\",\"contentUrl\":\"https:\/\/files.sunoresearch.com.br\/n\/uploads\/2019\/08\/2ee6064e-exporta\u00e7\u00f5es-scaled.webp\",\"width\":2560,\"height\":1707,\"caption\":\"PIB: bancos norte-americanos estimam contra\u00e7\u00e3o da economia brasileira\"},{\"@type\":\"BreadcrumbList\",\"@id\":\"https:\/\/www.suno.com.br\/noticias\/fluxo-cambial-saldo-negativo-agosto\/#breadcrumb\",\"itemListElement\":[{\"@type\":\"ListItem\",\"position\":1,\"name\":\"Not\u00edcias\",\"item\":\"https:\/\/www.suno.com.br\/noticias\/\"},{\"@type\":\"ListItem\",\"position\":2,\"name\":\"Economia\",\"item\":\"https:\/\/www.suno.com.br\/noticias\/economia\/\"},{\"@type\":\"ListItem\",\"position\":3,\"name\":\"Fluxo cambial tem saldo negativo em agosto\"}]},{\"@type\":\"WebSite\",\"@id\":\"https:\/\/www.suno.com.br\/noticias\/#website\",\"url\":\"https:\/\/www.suno.com.br\/noticias\/\",\"name\":\"Suno Not\u00edcias\",\"description\":\"Seu portal de informa\u00e7\u00e3o sobre o mundo dos investimentos\",\"publisher\":{\"@id\":\"https:\/\/www.suno.com.br\/noticias\/#organization\"},\"potentialAction\":[{\"@type\":\"SearchAction\",\"target\":{\"@type\":\"EntryPoint\",\"urlTemplate\":\"https:\/\/www.suno.com.br\/noticias\/?s={search_term_string}\"},\"query-input\":{\"@type\":\"PropertyValueSpecification\",\"valueRequired\":true,\"valueName\":\"search_term_string\"}}],\"inLanguage\":\"pt-BR\"},{\"@type\":\"Organization\",\"@id\":\"https:\/\/www.suno.com.br\/noticias\/#organization\",\"name\":\"Suno Not\u00edcias\",\"url\":\"https:\/\/www.suno.com.br\/noticias\/\",\"logo\":{\"@type\":\"ImageObject\",\"inLanguage\":\"pt-BR\",\"@id\":\"https:\/\/www.suno.com.br\/noticias\/#\/schema\/logo\/image\/\",\"url\":\"https:\/\/files.sunoresearch.com.br\/n\/uploads\/2021\/09\/suno-logo.png\",\"contentUrl\":\"https:\/\/files.sunoresearch.com.br\/n\/uploads\/2021\/09\/suno-logo.png\",\"width\":180,\"height\":180,\"caption\":\"Suno Not\u00edcias\"},\"image\":{\"@id\":\"https:\/\/www.suno.com.br\/noticias\/#\/schema\/logo\/image\/\"},\"sameAs\":[\"https:\/\/facebook.com\/sunoresearch\",\"https:\/\/x.com\/sunoresearch\",\"https:\/\/www.instagram.com\/suno\",\"https:\/\/www.linkedin.com\/company\/suno-research\/\",\"https:\/\/www.youtube.com\/c\/sunoresearch\"]},{\"@type\":\"Person\",\"@id\":\"https:\/\/www.suno.com.br\/noticias\/#\/schema\/person\/918d79de1f0281f01599b93f9ea6e23f\",\"name\":\"Jader Lazarini\",\"image\":{\"@type\":\"ImageObject\",\"inLanguage\":\"pt-BR\",\"@id\":\"https:\/\/www.suno.com.br\/noticias\/#\/schema\/person\/image\/\",\"url\":\"https:\/\/secure.gravatar.com\/avatar\/3c1ad8caa51589841baeb923fcddea97?s=96&r=g\",\"contentUrl\":\"https:\/\/secure.gravatar.com\/avatar\/3c1ad8caa51589841baeb923fcddea97?s=96&r=g\",\"caption\":\"Jader Lazarini\"},\"description\":\"Jader Lazarini escreve sobre investimentos, finan\u00e7as, economia e neg\u00f3cios. \u00c9 bacharel em Rela\u00e7\u00f5es Internacionais e analista CNPI (2619).\",\"url\":\"https:\/\/www.suno.com.br\/noticias\/author\/jader-lazarini\/\"}]}<\/script>\n<!-- \/ Yoast SEO plugin. -->","yoast_head_json":{"title":"Fluxo cambial tem saldo negativo em agosto","description":"O saldo do fluxo cambial (volume de d\u00f3lares que entram e saem do Pa\u00eds) foi negativo no m\u00eas de agosto.\u00a0Clique aqui e saiba mais.","robots":{"index":"index","follow":"follow","max-snippet":"max-snippet:-1","max-image-preview":"max-image-preview:large","max-video-preview":"max-video-preview:-1"},"canonical":"https:\/\/www.suno.com.br\/noticias\/fluxo-cambial-saldo-negativo-agosto\/","og_locale":"pt_BR","og_type":"article","og_title":"Fluxo cambial tem saldo negativo em agosto","og_description":"O saldo do fluxo cambial (volume de d\u00f3lares que entram e saem do Pa\u00eds) foi negativo no m\u00eas de agosto.\u00a0Clique aqui e saiba mais.","og_url":"https:\/\/www.suno.com.br\/noticias\/fluxo-cambial-saldo-negativo-agosto\/","og_site_name":"Suno Not\u00edcias","article_publisher":"https:\/\/facebook.com\/sunoresearch","og_image":[{"width":1024,"height":683,"url":"https:\/\/files.sunoresearch.com.br\/n\/uploads\/2019\/08\/2ee6064e-exporta\u00e7\u00f5es-1024x683.jpg","type":"image\/jpeg"}],"author":"Jader Lazarini","twitter_card":"summary_large_image","twitter_creator":"@sunoresearch","twitter_site":"@sunoresearch","twitter_misc":{"Escrito por":"Jader Lazarini","Est. tempo de leitura":"2 minutos"},"schema":{"@context":"https:\/\/schema.org","@graph":[{"@type":"NewsArticle","@id":"https:\/\/www.suno.com.br\/noticias\/fluxo-cambial-saldo-negativo-agosto\/#article","isPartOf":{"@id":"https:\/\/www.suno.com.br\/noticias\/fluxo-cambial-saldo-negativo-agosto\/"},"author":{"name":"Jader Lazarini","@id":"https:\/\/www.suno.com.br\/noticias\/#\/schema\/person\/918d79de1f0281f01599b93f9ea6e23f"},"headline":"Fluxo cambial tem saldo negativo em agosto","datePublished":"2019-09-05T10:54:04+00:00","dateModified":"2021-02-18T01:47:53+00:00","mainEntityOfPage":{"@id":"https:\/\/www.suno.com.br\/noticias\/fluxo-cambial-saldo-negativo-agosto\/"},"wordCount":363,"publisher":{"@id":"https:\/\/www.suno.com.br\/noticias\/#organization"},"image":{"@id":"https:\/\/www.suno.com.br\/noticias\/fluxo-cambial-saldo-negativo-agosto\/#primaryimage"},"thumbnailUrl":"https:\/\/files.sunoresearch.com.br\/n\/uploads\/2019\/08\/2ee6064e-exporta\u00e7\u00f5es-scaled.webp","keywords":["Banco Central (BC)","comercio exterior","d\u00f3lar","fluxo cambial"],"articleSection":["Economia"],"inLanguage":"pt-BR"},{"@type":"WebPage","@id":"https:\/\/www.suno.com.br\/noticias\/fluxo-cambial-saldo-negativo-agosto\/","url":"https:\/\/www.suno.com.br\/noticias\/fluxo-cambial-saldo-negativo-agosto\/","name":"Fluxo cambial tem saldo negativo em agosto","isPartOf":{"@id":"https:\/\/www.suno.com.br\/noticias\/#website"},"primaryImageOfPage":{"@id":"https:\/\/www.suno.com.br\/noticias\/fluxo-cambial-saldo-negativo-agosto\/#primaryimage"},"image":{"@id":"https:\/\/www.suno.com.br\/noticias\/fluxo-cambial-saldo-negativo-agosto\/#primaryimage"},"thumbnailUrl":"https:\/\/files.sunoresearch.com.br\/n\/uploads\/2019\/08\/2ee6064e-exporta\u00e7\u00f5es-scaled.webp","datePublished":"2019-09-05T10:54:04+00:00","dateModified":"2021-02-18T01:47:53+00:00","description":"O saldo do fluxo cambial (volume de d\u00f3lares que entram e saem do Pa\u00eds) foi negativo no m\u00eas de agosto.\u00a0Clique aqui e saiba mais.","breadcrumb":{"@id":"https:\/\/www.suno.com.br\/noticias\/fluxo-cambial-saldo-negativo-agosto\/#breadcrumb"},"inLanguage":"pt-BR","potentialAction":[{"@type":"ReadAction","target":["https:\/\/www.suno.com.br\/noticias\/fluxo-cambial-saldo-negativo-agosto\/"]}]},{"@type":"ImageObject","inLanguage":"pt-BR","@id":"https:\/\/www.suno.com.br\/noticias\/fluxo-cambial-saldo-negativo-agosto\/#primaryimage","url":"https:\/\/files.sunoresearch.com.br\/n\/uploads\/2019\/08\/2ee6064e-exporta\u00e7\u00f5es-scaled.webp","contentUrl":"https:\/\/files.sunoresearch.com.br\/n\/uploads\/2019\/08\/2ee6064e-exporta\u00e7\u00f5es-scaled.webp","width":2560,"height":1707,"caption":"PIB: bancos norte-americanos estimam contra\u00e7\u00e3o da economia brasileira"},{"@type":"BreadcrumbList","@id":"https:\/\/www.suno.com.br\/noticias\/fluxo-cambial-saldo-negativo-agosto\/#breadcrumb","itemListElement":[{"@type":"ListItem","position":1,"name":"Not\u00edcias","item":"https:\/\/www.suno.com.br\/noticias\/"},{"@type":"ListItem","position":2,"name":"Economia","item":"https:\/\/www.suno.com.br\/noticias\/economia\/"},{"@type":"ListItem","position":3,"name":"Fluxo cambial tem saldo negativo em agosto"}]},{"@type":"WebSite","@id":"https:\/\/www.suno.com.br\/noticias\/#website","url":"https:\/\/www.suno.com.br\/noticias\/","name":"Suno Not\u00edcias","description":"Seu portal de informa\u00e7\u00e3o sobre o mundo dos investimentos","publisher":{"@id":"https:\/\/www.suno.com.br\/noticias\/#organization"},"potentialAction":[{"@type":"SearchAction","target":{"@type":"EntryPoint","urlTemplate":"https:\/\/www.suno.com.br\/noticias\/?s={search_term_string}"},"query-input":{"@type":"PropertyValueSpecification","valueRequired":true,"valueName":"search_term_string"}}],"inLanguage":"pt-BR"},{"@type":"Organization","@id":"https:\/\/www.suno.com.br\/noticias\/#organization","name":"Suno Not\u00edcias","url":"https:\/\/www.suno.com.br\/noticias\/","logo":{"@type":"ImageObject","inLanguage":"pt-BR","@id":"https:\/\/www.suno.com.br\/noticias\/#\/schema\/logo\/image\/","url":"https:\/\/files.sunoresearch.com.br\/n\/uploads\/2021\/09\/suno-logo.png","contentUrl":"https:\/\/files.sunoresearch.com.br\/n\/uploads\/2021\/09\/suno-logo.png","width":180,"height":180,"caption":"Suno Not\u00edcias"},"image":{"@id":"https:\/\/www.suno.com.br\/noticias\/#\/schema\/logo\/image\/"},"sameAs":["https:\/\/facebook.com\/sunoresearch","https:\/\/x.com\/sunoresearch","https:\/\/www.instagram.com\/suno","https:\/\/www.linkedin.com\/company\/suno-research\/","https:\/\/www.youtube.com\/c\/sunoresearch"]},{"@type":"Person","@id":"https:\/\/www.suno.com.br\/noticias\/#\/schema\/person\/918d79de1f0281f01599b93f9ea6e23f","name":"Jader Lazarini","image":{"@type":"ImageObject","inLanguage":"pt-BR","@id":"https:\/\/www.suno.com.br\/noticias\/#\/schema\/person\/image\/","url":"https:\/\/secure.gravatar.com\/avatar\/3c1ad8caa51589841baeb923fcddea97?s=96&r=g","contentUrl":"https:\/\/secure.gravatar.com\/avatar\/3c1ad8caa51589841baeb923fcddea97?s=96&r=g","caption":"Jader Lazarini"},"description":"Jader Lazarini escreve sobre investimentos, finan\u00e7as, economia e neg\u00f3cios. \u00c9 bacharel em Rela\u00e7\u00f5es Internacionais e analista CNPI (2619).","url":"https:\/\/www.suno.com.br\/noticias\/author\/jader-lazarini\/"}]}},"default_loop_html":"<div class=\"cardsPage__listCard__boxs\"><div class=\"cardsPage__listCard__boxs__img\"><a href=\"https:\/\/www.suno.com.br\/noticias\/fluxo-cambial-saldo-negativo-agosto\/\"><img class=\"mask\" src=\"https:\/\/www.suno.com.br\/noticias\/wp-content\/themes\/suno\/resources\/images\/spotlight\/spotlight1img\/bg-mask.png\" alt=\"Image Mask\"\/><img src=\"https:\/\/files.sunoresearch.com.br\/n\/uploads\/2019\/08\/2ee6064e-exporta\u00e7\u00f5es-400x200.webp\" alt=\"Fluxo cambial tem saldo negativo em agosto\"\/><\/a><span class=\"spotlightCategory\"><a href=\"https:\/\/www.suno.com.br\/noticias\/economia\/\">Economia<\/a><\/span><\/div><div class=\"cardsPage__listCard__boxs__content\"><a href=\"https:\/\/www.suno.com.br\/noticias\/fluxo-cambial-saldo-negativo-agosto\/\"><h2 class=\"content__title\">Fluxo cambial tem saldo negativo em agosto<\/h2><\/a><div class=\"newsContent__article__meta\"><div class=\"newsContent__article__meta__authorBox\"><a href=\"https:\/\/www.suno.com.br\/noticias\/author\/jader-lazarini\/\" class=\"authorBox__avatar noMobi\"><img src=\"https:\/\/files.sunoresearch.com.br\/n\/uploads\/2021\/01\/178e6598-foto-perfil-2-150x150.jpg\" alt=\"Jader Lazarini\"><\/a><div class=\"authorBox__name\"><span>por\n\t\t\t<a href=\"https:\/\/www.suno.com.br\/noticias\/author\/jader-lazarini\/\"><span itemprop=\"author\">Jader Lazarini<\/span><\/a><\/span><time datetime=\"2019-09-05T07:54:04-03:00\" itemprop=\"datePublished\">05\/09\/2019 07:54<\/time><\/div><\/div><\/div><\/div><\/div>","single_layout":"posts","amp_enabled":true,"_links":{"self":[{"href":"https:\/\/www.suno.com.br\/noticias\/wp-json\/wp\/v2\/posts\/36491"}],"collection":[{"href":"https:\/\/www.suno.com.br\/noticias\/wp-json\/wp\/v2\/posts"}],"about":[{"href":"https:\/\/www.suno.com.br\/noticias\/wp-json\/wp\/v2\/types\/post"}],"author":[{"embeddable":true,"href":"https:\/\/www.suno.com.br\/noticias\/wp-json\/wp\/v2\/users\/24"}],"replies":[{"embeddable":true,"href":"https:\/\/www.suno.com.br\/noticias\/wp-json\/wp\/v2\/comments?post=36491"}],"version-history":[{"count":0,"href":"https:\/\/www.suno.com.br\/noticias\/wp-json\/wp\/v2\/posts\/36491\/revisions"}],"wp:featuredmedia":[{"embeddable":true,"href":"https:\/\/www.suno.com.br\/noticias\/wp-json\/wp\/v2\/media\/32810"}],"wp:attachment":[{"href":"https:\/\/www.suno.com.br\/noticias\/wp-json\/wp\/v2\/media?parent=36491"}],"wp:term":[{"taxonomy":"category","embeddable":true,"href":"https:\/\/www.suno.com.br\/noticias\/wp-json\/wp\/v2\/categories?post=36491"},{"taxonomy":"post_tag","embeddable":true,"href":"https:\/\/www.suno.com.br\/noticias\/wp-json\/wp\/v2\/tags?post=36491"},{"taxonomy":"suno_strategy","embeddable":true,"href":"https:\/\/www.suno.com.br\/noticias\/wp-json\/wp\/v2\/suno_strategy?post=36491"}],"curies":[{"name":"wp","href":"https:\/\/api.w.org\/{rel}","templated":true}]}}