{"id":364729,"date":"2023-02-15T17:49:57","date_gmt":"2023-02-15T20:49:57","guid":{"rendered":"https:\/\/www.suno.com.br\/noticias\/?p=364729"},"modified":"2023-02-15T18:06:46","modified_gmt":"2023-02-15T21:06:46","slug":"nome-sujo-americanas-amer3-contrata-banco-citi","status":"publish","type":"post","link":"https:\/\/www.suno.com.br\/noticias\/nome-sujo-americanas-amer3-contrata-banco-citi\/","title":{"rendered":"Com &#8220;nome sujo&#8221;, Americanas (AMER3) vai atr\u00e1s de outro banco para ajud\u00e1-la em solu\u00e7\u00e3o financeira"},"content":{"rendered":"<p>Com d\u00edvidas nos principais bancos do Pa\u00eds, a <strong>Americanas<\/strong> (<a href=\"https:\/\/suno.com.br\/acoes\/amer3\/\" target=\"_blank\" rel=\"noreferrer noopener\">AMER3<\/a>) foi atr\u00e1s de uma institui\u00e7\u00e3o financeira afastada dessa crise para conseguir encontrar uma sa\u00edda aos d\u00e9bitos que superam os R$ 40 bilh\u00f5es. Segundo informa\u00e7\u00f5es divulgadas nesta quarta (15), a varejista contratou os servi\u00e7os do Citi, banco que auxiliar\u00e1 o neg\u00f3cio a monetizar ativos e buscar outras solu\u00e7\u00f5es financeiras.<\/p><div class=\"videoFull \">\n\t\t\t<div class=\"videoWrapper yt-lazyload center\"\n\t\t\t\tdata-width=\"960\"\n\t\t\t\tdata-height=\"540\"\n\t\t\t\tdata-id=\"cKpDOWL4jdQ\"\n\t\t\t\tdata-alt=\"V\u00eddeo do YouTube - clique para reproduzir\"\n\t\t\t\tdata-logo=\"3\"\n\t\t\t\tdata-imagequality=\"maxres\">\n\t\t\t<\/div>\n\t\t<\/div><script type=\"application\/ld+json\">{\"@context\":\"https:\/\/schema.org\",\"@type\":\"VideoObject\",\"name\":\"Varejo (MELI34, VIIA3, AMER3): os perigos e as oportunidades | Gest\u00e3o Ativa | Suno Not\u00edcias\",\"description\":\"\ud83d\udd0e \ud83d\udcca[\ud835\uddf2\ud835\uddd5\ud835\uddfc\ud835\uddfc\ud835\uddf8 \ud835\uddda\ud835\udde5\ud835\uddd4\ud835\udde7\ud835\udde8\ud835\udddc\ud835\udde7\ud835\udde2] \ud835\uddd4\ud835\uddfd\ud835\uddff\ud835\uddf2\ud835\uddfb\ud835\uddf1\ud835\uddee \ud835\uddf0\ud835\uddfc\ud835\uddfa\ud835\uddfc \ud835\uddee\ud835\uddfb\ud835\uddee\ud835\uddf9\ud835\uddf6\ud835\ude00\ud835\uddee\ud835\uddff \ud835\ude02\ud835\uddfa\ud835\uddee \ud835\uddee\u00e7\u00e3\ud835\uddfc\u200b \ud83d\udc47 https:\/\/lp.suno.com.br\/ebook-como-analisar-uma-acao\/?utm_source=youtube.noticias&utm_medium=live&utm_campaign=ebookcomoanalisarumaacao.20230206&utm_content=ytnoticias.morning.10022023 #gest\u00e3oativa #a\u00e7\u00f5es #varejo #mercadolivre #meli34 #viia3 #via #empresas #americanas #amer3 \ud83d\udd34\ud835\udc08\ud835\udc0d\ud835\udc12\ud835\udc02\ud835\udc11\ud835\udc04\ud835\udc15\ud835\udc00-\ud835\udc12\ud835\udc04 \ud835\udc0d\ud835\udc0e \ud835\udc02\ud835\udc00\ud835\udc0d\ud835\udc00\ud835\udc0b \ud835\udc04 \ud835\udc00\ud835\udc13\ud835\udc08\ud835\udc15\ud835\udc04 \ud835\udc0e \ud835\udc12\ud835\udc08\ud835\udc0d\ud835\udc0e \ud83d\udc47 https:\/\/bit.ly\/INSCREVA-SEATIVEOSINO Diante de recentes oscila\u00e7\u00f5es e not\u00edcias que marcaram o mercado, vale a pena investir no setor de varejo? Para o gestor Jo\u00e3o Luiz Braga, da Encore,\u2026\",\"duration\":\"PT22M28S\",\"embedUrl\":\"https:\/\/www.youtube.com\/embed\/cKpDOWL4jdQ\",\"regionsAllowed\":\"pt-BR\",\"interactionStatistic\":{\"@type\":\"InteractionCounter\",\"interactionType\":{\"@type\":\"WatchAction\"},\"userInteractionCount\":582},\"thumbnailUrl\":\"https:\/\/i.ytimg.com\/vi\/cKpDOWL4jdQ\/default.jpg\",\"uploadDate\":\"2023-02-15T18:00:25Z\"}<\/script>\n\n\n\n\n\t<p>\n\t\t<a href=\"\" target=\"_blank\" data-element=\"shortcode-suno-banner\" title=\"Banner SUNO, clique e saiba mais\">\n\t\t\t<picture>\n\t\t\t\t<source media=\"(max-width: 500px)\" srcset=\"\">\n\t\t\t\t<img class=\"newsContent__article__imgCapa newsContent__article__imgCapa--banner\"\n\t\t\t\t\tsrc=\"\"\n\t\t\t\t\tdata-promo-id=\"265277\"\t\t\t\t\t\t\t\t\t\t\t\t\t\t\talt=\"\"\n\t\t\t\t>\n\t\t\t<\/picture>\n\t\t<\/a>\n\t<\/p>\n\n\n\n\n\n<p>De acordo com a apura\u00e7\u00e3o do jornal Valor Econ\u00f4mico, a contrata\u00e7\u00e3o do <strong>Citi<\/strong> ocorreu justamente pela institui\u00e7\u00e3o financeira ser uma das poucas para a quais a empresa ainda tem nome limpo. Al\u00e9m do Citi, j\u00e1 trabalham no caso o banco de investimentos Rothschild &amp; Co e a consultoria Alavarez &amp; Marsal.<\/p>\n\n\n\n<p>Na quinta (16), ser\u00e1 realizada uma reuni\u00e3o entre a <strong>varejista<\/strong> e os bancos credores, como <a class=\"suno-keyword\" target=\"_blank\" data-force=\"yes\" data-priority=\"2\" href=\"https:\/\/www.suno.com.br\/acoes\/BPAC11\/\" rel=\"noopener\">BTG Pactual (BPAC11)<\/a>, <a class=\"suno-keyword\" target=\"_blank\" data-force=\"yes\" data-priority=\"2\" href=\"https:\/\/www.suno.com.br\/acoes\/BBDC4\/\" rel=\"noopener\">Bradesco (BBDC4)<\/a>, <a class=\"suno-keyword\" target=\"_blank\" data-force=\"yes\" data-priority=\"2\" href=\"https:\/\/www.suno.com.br\/acoes\/SANB11\/\" rel=\"noopener\">Santander (SANB11)<\/a>, entre outros. <\/p>\n\n\n\n<p>A expectativa dos credores \u00e9 de que os acionistas de refer\u00eancia Jorge Paulo <strong>Lemann<\/strong>, Marcel Telles e Beto Sicupira apresentam uma proposta firme para solucionar essa crise.<\/p>\n\n\n\t<p>\n\t\t<a href=\"https:\/\/lp.suno.com.br\/planilha-controle-gastos\/\" target=\"_blank\" data-element=\"shortcode-suno-banner\" title=\"Banner SUNO, clique e saiba mais\">\n\t\t\t<picture>\n\t\t\t\t<source media=\"(max-width: 500px)\" srcset=\"https:\/\/files.sunoresearch.com.br\/n\/uploads\/2023\/03\/400x300-Planilha-controle-de-gastos.png\">\n\t\t\t\t<img class=\"newsContent__article__imgCapa newsContent__article__imgCapa--banner\"\n\t\t\t\t\tsrc=\"https:\/\/files.sunoresearch.com.br\/n\/uploads\/2023\/03\/1420x240-Planilha-controle-de-gastos.png\"\n\t\t\t\t\tdata-promo-id=\"101751\"\t\t\t\t\t\t\t\t\t\twidth='1420' height='240'\t\t\t\t\talt=\"https:\/\/files.sunoresearch.com.br\/n\/uploads\/2023\/03\/1420x240-Planilha-controle-de-gastos.png\"\n\t\t\t\t>\n\t\t\t<\/picture>\n\t\t<\/a>\n\t<\/p>\n\n\n\n\n\n<p>Roberto Thompson, s\u00f3cio da <a class=\"suno-keyword\" target=\"_blank\" data-force=\"no\" data-priority=\"1\" href=\"https:\/\/www.suno.com.br\/artigos\/3g-capital\/\" rel=\"noopener\">3G Capital<\/a>, participar\u00e1 da reuni\u00e3o. Segundo fontes do Valor, o parceiro de Lemann estaria com mandato para falar em nome dos acionistas de refer\u00eancia durante o encontro.<\/p>\n\n\n\n<p>Atualmente, um dos principais ativos nas m\u00e3os da Americanas \u00e9 a rede de hortifruti Natural da Terra, comprada pela varejista em 2021 por R$ 2,1 bilh\u00f5es. Contudo, os especialistas em finan\u00e7as avisam que dificilmente o neg\u00f3cio conseguir\u00e1 ser vendido por esse valor.<\/p>\n\n\n\t<p>\n\t\t<a href=\"https:\/\/lp.suno.com.br\/ebook-como-analisar-uma-acao\/\" target=\"_blank\" data-element=\"shortcode-suno-banner\" title=\"Banner SUNO, clique e saiba mais\">\n\t\t\t<picture>\n\t\t\t\t<source media=\"(max-width: 500px)\" srcset=\"https:\/\/files.sunoresearch.com.br\/n\/uploads\/2023\/03\/Ebook-Acoes-Mobile-1.jpg\">\n\t\t\t\t<img class=\"newsContent__article__imgCapa newsContent__article__imgCapa--banner\"\n\t\t\t\t\tsrc=\"https:\/\/files.sunoresearch.com.br\/n\/uploads\/2023\/03\/Ebook-Acoes-Desktop-1.jpg\"\n\t\t\t\t\tdata-promo-id=\"171998\"\t\t\t\t\t\t\t\t\t\twidth='1420' height='286'\t\t\t\t\talt=\"https:\/\/files.sunoresearch.com.br\/n\/uploads\/2023\/03\/Ebook-Acoes-Desktop-1.jpg\"\n\t\t\t\t>\n\t\t\t<\/picture>\n\t\t<\/a>\n\t<\/p>\n\n\n\n\n\n<h2 class=\"wp-block-heading\" id=\"h-recuperacao-judicial-da-americanas-e-os-bancos\">Recupera\u00e7\u00e3o judicial da Americanas e os bancos<\/h2>\n\n\n\n<p>A&nbsp;<strong>recupera\u00e7\u00e3o judicial da&nbsp;Americanas<\/strong>&nbsp;conta com d\u00edvidas que superam os R$ 40 bilh\u00f5es. Na semana passada, a&nbsp;<a href=\"https:\/\/www.suno.com.br\/noticias\/americanas-amer3-justica-injecao-socios\/\" target=\"_blank\" rel=\"noreferrer noopener\">Justi\u00e7a autorizou um empr\u00e9stimo DIP de at\u00e9 R$ 2 bilh\u00f5es<\/a>, sendo que R$ 1 bilh\u00e3o foi aportado emergencialmente pelos acionistas de refer\u00eancia.<\/p>\n\n\n\n\t<div data-element=\"shortcode-read-more\" class=\"readToo\">\n\t\t\t\t<span class=\"readToo__title\">Leia mais<\/span>\n\t\t\t\t<ul class=\"readToo__list\">\n\t\t\t<li><a href=\"https:\/\/www.suno.com.br\/noticias\/americanas-amer3-venda-ativos-recuperacao-judicial\/\">O que a Americanas (AMER3) pode vender para &#8216;tirar \u00e1gua do pesco\u00e7o&#8217;<\/a><\/li><li><a href=\"https:\/\/www.suno.com.br\/noticias\/americanas-amer3-bndes-ajuda-fornecedores\/\">Americanas (AMER3): Fornecedores podem ser beneficiados por linha do BNDES; entenda<\/a><\/li>\t\t<\/ul>\n\t<\/div>\n\n\n\n\n<p>A nova lista de credores do processo de recupera\u00e7\u00e3o judicial da&nbsp;<a href=\"https:\/\/www.suno.com.br\/acoes\/amer3\/\" target=\"_blank\" rel=\"noreferrer noopener\"><strong>Americanas<\/strong><\/a>&nbsp;atualizou a d\u00edvida total da varejista com os cinco maiores bancos do Pa\u00eds, de R$ 13,1 bilh\u00f5es para R$ 15,2 bilh\u00f5es. A maior altera\u00e7\u00e3o ocorreu na d\u00edvida da empresa com o <a class=\"suno-keyword\" target=\"_blank\" data-force=\"yes\" data-priority=\"2\" href=\"https:\/\/www.suno.com.br\/acoes\/ITUB4\/\" rel=\"noopener\">Ita\u00fa Unibanco (ITUB4)<\/a>, que passou de R$ 2,9 bilh\u00f5es para R$ 4,3 bilh\u00f5es.<\/p>\n\n\n\t<p>\n\t\t<a href=\"https:\/\/lp.suno.com.br\/planilha-de-controle-de-investimentos\/\" target=\"_blank\" data-element=\"shortcode-suno-banner\" title=\"Banner SUNO, clique e saiba mais\">\n\t\t\t<picture>\n\t\t\t\t<source media=\"(max-width: 500px)\" srcset=\"https:\/\/files.sunoresearch.com.br\/n\/uploads\/2023\/03\/400x300-Controle-de-Investimentos.png\">\n\t\t\t\t<img class=\"newsContent__article__imgCapa newsContent__article__imgCapa--banner\"\n\t\t\t\t\tsrc=\"https:\/\/files.sunoresearch.com.br\/n\/uploads\/2023\/03\/1420x240-Controle-de-Investimentos.png\"\n\t\t\t\t\tdata-promo-id=\"75934\"\t\t\t\t\t\t\t\t\t\twidth='1420' height='240'\t\t\t\t\talt=\"https:\/\/files.sunoresearch.com.br\/n\/uploads\/2023\/03\/1420x240-Controle-de-Investimentos.png\"\n\t\t\t\t>\n\t\t\t<\/picture>\n\t\t<\/a>\n\t<\/p>\n\n\n","protected":false},"excerpt":{"rendered":"<p>Com d\u00edvidas nos principais bancos do Pa\u00eds, a Americanas (AMER3) foi atr\u00e1s de uma institui\u00e7\u00e3o financeira afastada dessa crise para conseguir encontrar uma sa\u00edda aos d\u00e9bitos que superam os R$ 40 bilh\u00f5es. Segundo informa\u00e7\u00f5es divulgadas nesta quarta (15), a varejista contratou os servi\u00e7os do Citi, banco que auxiliar\u00e1 o neg\u00f3cio a monetizar ativos e buscar [&hellip;]<\/p>\n","protected":false},"author":232,"featured_media":350275,"comment_status":"closed","ping_status":"closed","sticky":false,"template":"","format":"standard","meta":[],"categories":[60],"tags":[286,106605,1181],"suno_strategy":[],"class_list":["post-364729","post","type-post","status-publish","format-standard","has-post-thumbnail","hentry","category-mercado","tag-acoes","tag-americanas-s-a-amer3","tag-citibank"],"yoast_head":"<!-- This site is optimized with the Yoast SEO plugin v24.4 - https:\/\/yoast.com\/wordpress\/plugins\/seo\/ -->\n<title>Com &quot;nome sujo&quot;, Americanas (AMER3) contrata novo banco durante crise<\/title>\n<meta name=\"description\" content=\"Com d\u00edvidas nos principais bancos do Pa\u00eds, a Americanas (AMER3) foi atr\u00e1s do banco Citi para encontrar uma sa\u00edda aos seus d\u00e9bitos. Veja!\" \/>\n<meta name=\"robots\" content=\"index, follow, max-snippet:-1, max-image-preview:large, max-video-preview:-1\" \/>\n<link rel=\"canonical\" href=\"https:\/\/www.suno.com.br\/noticias\/nome-sujo-americanas-amer3-contrata-banco-citi\/\" \/>\n<meta property=\"og:locale\" content=\"pt_BR\" \/>\n<meta property=\"og:type\" content=\"article\" \/>\n<meta property=\"og:title\" content=\"Com &quot;nome sujo&quot;, Americanas (AMER3) contrata novo banco durante crise\" \/>\n<meta property=\"og:description\" content=\"Com d\u00edvidas nos principais bancos do Pa\u00eds, a Americanas (AMER3) foi atr\u00e1s do banco Citi para encontrar uma sa\u00edda aos seus d\u00e9bitos. Veja!\" \/>\n<meta property=\"og:url\" content=\"https:\/\/www.suno.com.br\/noticias\/nome-sujo-americanas-amer3-contrata-banco-citi\/\" \/>\n<meta property=\"og:site_name\" content=\"Suno Not\u00edcias\" \/>\n<meta property=\"article:publisher\" content=\"https:\/\/facebook.com\/sunoresearch\" \/>\n<meta property=\"og:image\" content=\"https:\/\/files.sunoresearch.com.br\/n\/uploads\/2023\/01\/Americanas-Express.jpg\" \/>\n\t<meta property=\"og:image:width\" content=\"1550\" \/>\n\t<meta property=\"og:image:height\" content=\"824\" \/>\n\t<meta property=\"og:image:type\" content=\"image\/jpeg\" \/>\n<meta name=\"author\" content=\"Erick Matheus Nery\" \/>\n<meta name=\"twitter:card\" content=\"summary_large_image\" \/>\n<meta name=\"twitter:creator\" content=\"@sunoresearch\" \/>\n<meta name=\"twitter:site\" content=\"@sunoresearch\" \/>\n<meta name=\"twitter:label1\" content=\"Escrito por\" \/>\n\t<meta name=\"twitter:data1\" content=\"Erick Matheus Nery\" \/>\n\t<meta name=\"twitter:label2\" content=\"Est. tempo de leitura\" \/>\n\t<meta name=\"twitter:data2\" content=\"2 minutos\" \/>\n<script type=\"application\/ld+json\" class=\"yoast-schema-graph\">{\"@context\":\"https:\/\/schema.org\",\"@graph\":[{\"@type\":\"NewsArticle\",\"@id\":\"https:\/\/www.suno.com.br\/noticias\/nome-sujo-americanas-amer3-contrata-banco-citi\/#article\",\"isPartOf\":{\"@id\":\"https:\/\/www.suno.com.br\/noticias\/nome-sujo-americanas-amer3-contrata-banco-citi\/\"},\"author\":{\"name\":\"Erick Matheus Nery\",\"@id\":\"https:\/\/www.suno.com.br\/noticias\/#\/schema\/person\/6899bc3f19d1a7315f807131c2c013a0\"},\"headline\":\"Com &#8220;nome sujo&#8221;, Americanas (AMER3) vai atr\u00e1s de outro banco para ajud\u00e1-la em solu\u00e7\u00e3o financeira\",\"datePublished\":\"2023-02-15T20:49:57+00:00\",\"dateModified\":\"2023-02-15T21:06:46+00:00\",\"mainEntityOfPage\":{\"@id\":\"https:\/\/www.suno.com.br\/noticias\/nome-sujo-americanas-amer3-contrata-banco-citi\/\"},\"wordCount\":401,\"publisher\":{\"@id\":\"https:\/\/www.suno.com.br\/noticias\/#organization\"},\"image\":{\"@id\":\"https:\/\/www.suno.com.br\/noticias\/nome-sujo-americanas-amer3-contrata-banco-citi\/#primaryimage\"},\"thumbnailUrl\":\"https:\/\/files.sunoresearch.com.br\/n\/uploads\/2023\/01\/Americanas-Express.jpg\",\"keywords\":[\"A\u00e7\u00f5es\",\"Americanas (AMER3)\",\"Citibank\"],\"articleSection\":[\"Mercado\"],\"inLanguage\":\"pt-BR\"},{\"@type\":\"WebPage\",\"@id\":\"https:\/\/www.suno.com.br\/noticias\/nome-sujo-americanas-amer3-contrata-banco-citi\/\",\"url\":\"https:\/\/www.suno.com.br\/noticias\/nome-sujo-americanas-amer3-contrata-banco-citi\/\",\"name\":\"Com \\\"nome sujo\\\", Americanas (AMER3) contrata novo banco durante crise\",\"isPartOf\":{\"@id\":\"https:\/\/www.suno.com.br\/noticias\/#website\"},\"primaryImageOfPage\":{\"@id\":\"https:\/\/www.suno.com.br\/noticias\/nome-sujo-americanas-amer3-contrata-banco-citi\/#primaryimage\"},\"image\":{\"@id\":\"https:\/\/www.suno.com.br\/noticias\/nome-sujo-americanas-amer3-contrata-banco-citi\/#primaryimage\"},\"thumbnailUrl\":\"https:\/\/files.sunoresearch.com.br\/n\/uploads\/2023\/01\/Americanas-Express.jpg\",\"datePublished\":\"2023-02-15T20:49:57+00:00\",\"dateModified\":\"2023-02-15T21:06:46+00:00\",\"description\":\"Com d\u00edvidas nos principais bancos do Pa\u00eds, a Americanas (AMER3) foi atr\u00e1s do banco Citi para encontrar uma sa\u00edda aos seus d\u00e9bitos. Veja!\",\"breadcrumb\":{\"@id\":\"https:\/\/www.suno.com.br\/noticias\/nome-sujo-americanas-amer3-contrata-banco-citi\/#breadcrumb\"},\"inLanguage\":\"pt-BR\",\"potentialAction\":[{\"@type\":\"ReadAction\",\"target\":[\"https:\/\/www.suno.com.br\/noticias\/nome-sujo-americanas-amer3-contrata-banco-citi\/\"]}]},{\"@type\":\"ImageObject\",\"inLanguage\":\"pt-BR\",\"@id\":\"https:\/\/www.suno.com.br\/noticias\/nome-sujo-americanas-amer3-contrata-banco-citi\/#primaryimage\",\"url\":\"https:\/\/files.sunoresearch.com.br\/n\/uploads\/2023\/01\/Americanas-Express.jpg\",\"contentUrl\":\"https:\/\/files.sunoresearch.com.br\/n\/uploads\/2023\/01\/Americanas-Express.jpg\",\"width\":1550,\"height\":824,\"caption\":\"Americanas (AMER3) - Foto: Divulga\u00e7\u00e3o\"},{\"@type\":\"BreadcrumbList\",\"@id\":\"https:\/\/www.suno.com.br\/noticias\/nome-sujo-americanas-amer3-contrata-banco-citi\/#breadcrumb\",\"itemListElement\":[{\"@type\":\"ListItem\",\"position\":1,\"name\":\"Not\u00edcias\",\"item\":\"https:\/\/www.suno.com.br\/noticias\/\"},{\"@type\":\"ListItem\",\"position\":2,\"name\":\"Mercado\",\"item\":\"https:\/\/www.suno.com.br\/noticias\/mercado\/\"},{\"@type\":\"ListItem\",\"position\":3,\"name\":\"Com &#8220;nome sujo&#8221;, Americanas (AMER3) vai atr\u00e1s de outro banco para ajud\u00e1-la em solu\u00e7\u00e3o financeira\"}]},{\"@type\":\"WebSite\",\"@id\":\"https:\/\/www.suno.com.br\/noticias\/#website\",\"url\":\"https:\/\/www.suno.com.br\/noticias\/\",\"name\":\"Suno Not\u00edcias\",\"description\":\"Seu portal de informa\u00e7\u00e3o sobre o mundo dos investimentos\",\"publisher\":{\"@id\":\"https:\/\/www.suno.com.br\/noticias\/#organization\"},\"potentialAction\":[{\"@type\":\"SearchAction\",\"target\":{\"@type\":\"EntryPoint\",\"urlTemplate\":\"https:\/\/www.suno.com.br\/noticias\/?s={search_term_string}\"},\"query-input\":{\"@type\":\"PropertyValueSpecification\",\"valueRequired\":true,\"valueName\":\"search_term_string\"}}],\"inLanguage\":\"pt-BR\"},{\"@type\":\"Organization\",\"@id\":\"https:\/\/www.suno.com.br\/noticias\/#organization\",\"name\":\"Suno Not\u00edcias\",\"url\":\"https:\/\/www.suno.com.br\/noticias\/\",\"logo\":{\"@type\":\"ImageObject\",\"inLanguage\":\"pt-BR\",\"@id\":\"https:\/\/www.suno.com.br\/noticias\/#\/schema\/logo\/image\/\",\"url\":\"https:\/\/files.sunoresearch.com.br\/n\/uploads\/2021\/09\/suno-logo.png\",\"contentUrl\":\"https:\/\/files.sunoresearch.com.br\/n\/uploads\/2021\/09\/suno-logo.png\",\"width\":180,\"height\":180,\"caption\":\"Suno Not\u00edcias\"},\"image\":{\"@id\":\"https:\/\/www.suno.com.br\/noticias\/#\/schema\/logo\/image\/\"},\"sameAs\":[\"https:\/\/facebook.com\/sunoresearch\",\"https:\/\/x.com\/sunoresearch\",\"https:\/\/www.instagram.com\/suno\",\"https:\/\/www.linkedin.com\/company\/suno-research\/\",\"https:\/\/www.youtube.com\/c\/sunoresearch\"]},{\"@type\":\"Person\",\"@id\":\"https:\/\/www.suno.com.br\/noticias\/#\/schema\/person\/6899bc3f19d1a7315f807131c2c013a0\",\"name\":\"Erick Matheus Nery\",\"image\":{\"@type\":\"ImageObject\",\"inLanguage\":\"pt-BR\",\"@id\":\"https:\/\/www.suno.com.br\/noticias\/#\/schema\/person\/image\/\",\"url\":\"https:\/\/secure.gravatar.com\/avatar\/518ddffe438ccb767782d372a66304d2?s=96&r=g\",\"contentUrl\":\"https:\/\/secure.gravatar.com\/avatar\/518ddffe438ccb767782d372a66304d2?s=96&r=g\",\"caption\":\"Erick Matheus Nery\"},\"description\":\"Formado em Jornalismo pela Universidade Federal do Par\u00e1 (UFPA), conta com extens\u00e3o em Jornalismo Econ\u00f4mico pela Funda\u00e7\u00e3o Get\u00falio Vargas (FGV). No Suno Not\u00edcias, atua como rep\u00f3rter de Mercado, com foco nos setores de telecomunica\u00e7\u00f5es, varejo, alimentos e renda fixa. Conta com passagens pelo jornal O Estado de S\u00e3o Paulo, como trainee de Jornalismo Econ\u00f4mico, e pelo site Not\u00edcias da TV.\",\"url\":\"https:\/\/www.suno.com.br\/noticias\/author\/erick-nery\/\"}]}<\/script>\n<!-- \/ Yoast SEO plugin. -->","yoast_head_json":{"title":"Com \"nome sujo\", Americanas (AMER3) contrata novo banco durante crise","description":"Com d\u00edvidas nos principais bancos do Pa\u00eds, a Americanas (AMER3) foi atr\u00e1s do banco Citi para encontrar uma sa\u00edda aos seus d\u00e9bitos. Veja!","robots":{"index":"index","follow":"follow","max-snippet":"max-snippet:-1","max-image-preview":"max-image-preview:large","max-video-preview":"max-video-preview:-1"},"canonical":"https:\/\/www.suno.com.br\/noticias\/nome-sujo-americanas-amer3-contrata-banco-citi\/","og_locale":"pt_BR","og_type":"article","og_title":"Com \"nome sujo\", Americanas (AMER3) contrata novo banco durante crise","og_description":"Com d\u00edvidas nos principais bancos do Pa\u00eds, a Americanas (AMER3) foi atr\u00e1s do banco Citi para encontrar uma sa\u00edda aos seus d\u00e9bitos. Veja!","og_url":"https:\/\/www.suno.com.br\/noticias\/nome-sujo-americanas-amer3-contrata-banco-citi\/","og_site_name":"Suno Not\u00edcias","article_publisher":"https:\/\/facebook.com\/sunoresearch","og_image":[{"width":1550,"height":824,"url":"https:\/\/files.sunoresearch.com.br\/n\/uploads\/2023\/01\/Americanas-Express.jpg","type":"image\/jpeg"}],"author":"Erick Matheus Nery","twitter_card":"summary_large_image","twitter_creator":"@sunoresearch","twitter_site":"@sunoresearch","twitter_misc":{"Escrito por":"Erick Matheus Nery","Est. tempo de leitura":"2 minutos"},"schema":{"@context":"https:\/\/schema.org","@graph":[{"@type":"NewsArticle","@id":"https:\/\/www.suno.com.br\/noticias\/nome-sujo-americanas-amer3-contrata-banco-citi\/#article","isPartOf":{"@id":"https:\/\/www.suno.com.br\/noticias\/nome-sujo-americanas-amer3-contrata-banco-citi\/"},"author":{"name":"Erick Matheus Nery","@id":"https:\/\/www.suno.com.br\/noticias\/#\/schema\/person\/6899bc3f19d1a7315f807131c2c013a0"},"headline":"Com &#8220;nome sujo&#8221;, Americanas (AMER3) vai atr\u00e1s de outro banco para ajud\u00e1-la em solu\u00e7\u00e3o financeira","datePublished":"2023-02-15T20:49:57+00:00","dateModified":"2023-02-15T21:06:46+00:00","mainEntityOfPage":{"@id":"https:\/\/www.suno.com.br\/noticias\/nome-sujo-americanas-amer3-contrata-banco-citi\/"},"wordCount":401,"publisher":{"@id":"https:\/\/www.suno.com.br\/noticias\/#organization"},"image":{"@id":"https:\/\/www.suno.com.br\/noticias\/nome-sujo-americanas-amer3-contrata-banco-citi\/#primaryimage"},"thumbnailUrl":"https:\/\/files.sunoresearch.com.br\/n\/uploads\/2023\/01\/Americanas-Express.jpg","keywords":["A\u00e7\u00f5es","Americanas (AMER3)","Citibank"],"articleSection":["Mercado"],"inLanguage":"pt-BR"},{"@type":"WebPage","@id":"https:\/\/www.suno.com.br\/noticias\/nome-sujo-americanas-amer3-contrata-banco-citi\/","url":"https:\/\/www.suno.com.br\/noticias\/nome-sujo-americanas-amer3-contrata-banco-citi\/","name":"Com \"nome sujo\", Americanas (AMER3) contrata novo banco durante crise","isPartOf":{"@id":"https:\/\/www.suno.com.br\/noticias\/#website"},"primaryImageOfPage":{"@id":"https:\/\/www.suno.com.br\/noticias\/nome-sujo-americanas-amer3-contrata-banco-citi\/#primaryimage"},"image":{"@id":"https:\/\/www.suno.com.br\/noticias\/nome-sujo-americanas-amer3-contrata-banco-citi\/#primaryimage"},"thumbnailUrl":"https:\/\/files.sunoresearch.com.br\/n\/uploads\/2023\/01\/Americanas-Express.jpg","datePublished":"2023-02-15T20:49:57+00:00","dateModified":"2023-02-15T21:06:46+00:00","description":"Com d\u00edvidas nos principais bancos do Pa\u00eds, a Americanas (AMER3) foi atr\u00e1s do banco Citi para encontrar uma sa\u00edda aos seus d\u00e9bitos. Veja!","breadcrumb":{"@id":"https:\/\/www.suno.com.br\/noticias\/nome-sujo-americanas-amer3-contrata-banco-citi\/#breadcrumb"},"inLanguage":"pt-BR","potentialAction":[{"@type":"ReadAction","target":["https:\/\/www.suno.com.br\/noticias\/nome-sujo-americanas-amer3-contrata-banco-citi\/"]}]},{"@type":"ImageObject","inLanguage":"pt-BR","@id":"https:\/\/www.suno.com.br\/noticias\/nome-sujo-americanas-amer3-contrata-banco-citi\/#primaryimage","url":"https:\/\/files.sunoresearch.com.br\/n\/uploads\/2023\/01\/Americanas-Express.jpg","contentUrl":"https:\/\/files.sunoresearch.com.br\/n\/uploads\/2023\/01\/Americanas-Express.jpg","width":1550,"height":824,"caption":"Americanas (AMER3) - Foto: Divulga\u00e7\u00e3o"},{"@type":"BreadcrumbList","@id":"https:\/\/www.suno.com.br\/noticias\/nome-sujo-americanas-amer3-contrata-banco-citi\/#breadcrumb","itemListElement":[{"@type":"ListItem","position":1,"name":"Not\u00edcias","item":"https:\/\/www.suno.com.br\/noticias\/"},{"@type":"ListItem","position":2,"name":"Mercado","item":"https:\/\/www.suno.com.br\/noticias\/mercado\/"},{"@type":"ListItem","position":3,"name":"Com &#8220;nome sujo&#8221;, Americanas (AMER3) vai atr\u00e1s de outro banco para ajud\u00e1-la em solu\u00e7\u00e3o financeira"}]},{"@type":"WebSite","@id":"https:\/\/www.suno.com.br\/noticias\/#website","url":"https:\/\/www.suno.com.br\/noticias\/","name":"Suno Not\u00edcias","description":"Seu portal de informa\u00e7\u00e3o sobre o mundo dos investimentos","publisher":{"@id":"https:\/\/www.suno.com.br\/noticias\/#organization"},"potentialAction":[{"@type":"SearchAction","target":{"@type":"EntryPoint","urlTemplate":"https:\/\/www.suno.com.br\/noticias\/?s={search_term_string}"},"query-input":{"@type":"PropertyValueSpecification","valueRequired":true,"valueName":"search_term_string"}}],"inLanguage":"pt-BR"},{"@type":"Organization","@id":"https:\/\/www.suno.com.br\/noticias\/#organization","name":"Suno Not\u00edcias","url":"https:\/\/www.suno.com.br\/noticias\/","logo":{"@type":"ImageObject","inLanguage":"pt-BR","@id":"https:\/\/www.suno.com.br\/noticias\/#\/schema\/logo\/image\/","url":"https:\/\/files.sunoresearch.com.br\/n\/uploads\/2021\/09\/suno-logo.png","contentUrl":"https:\/\/files.sunoresearch.com.br\/n\/uploads\/2021\/09\/suno-logo.png","width":180,"height":180,"caption":"Suno Not\u00edcias"},"image":{"@id":"https:\/\/www.suno.com.br\/noticias\/#\/schema\/logo\/image\/"},"sameAs":["https:\/\/facebook.com\/sunoresearch","https:\/\/x.com\/sunoresearch","https:\/\/www.instagram.com\/suno","https:\/\/www.linkedin.com\/company\/suno-research\/","https:\/\/www.youtube.com\/c\/sunoresearch"]},{"@type":"Person","@id":"https:\/\/www.suno.com.br\/noticias\/#\/schema\/person\/6899bc3f19d1a7315f807131c2c013a0","name":"Erick Matheus Nery","image":{"@type":"ImageObject","inLanguage":"pt-BR","@id":"https:\/\/www.suno.com.br\/noticias\/#\/schema\/person\/image\/","url":"https:\/\/secure.gravatar.com\/avatar\/518ddffe438ccb767782d372a66304d2?s=96&r=g","contentUrl":"https:\/\/secure.gravatar.com\/avatar\/518ddffe438ccb767782d372a66304d2?s=96&r=g","caption":"Erick Matheus Nery"},"description":"Formado em Jornalismo pela Universidade Federal do Par\u00e1 (UFPA), conta com extens\u00e3o em Jornalismo Econ\u00f4mico pela Funda\u00e7\u00e3o Get\u00falio Vargas (FGV). No Suno Not\u00edcias, atua como rep\u00f3rter de Mercado, com foco nos setores de telecomunica\u00e7\u00f5es, varejo, alimentos e renda fixa. Conta com passagens pelo jornal O Estado de S\u00e3o Paulo, como trainee de Jornalismo Econ\u00f4mico, e pelo site Not\u00edcias da TV.","url":"https:\/\/www.suno.com.br\/noticias\/author\/erick-nery\/"}]}},"default_loop_html":"<div class=\"cardsPage__listCard__boxs\"><div class=\"cardsPage__listCard__boxs__img\"><a href=\"https:\/\/www.suno.com.br\/noticias\/nome-sujo-americanas-amer3-contrata-banco-citi\/\"><img class=\"mask\" src=\"https:\/\/www.suno.com.br\/noticias\/wp-content\/themes\/suno\/resources\/images\/spotlight\/spotlight1img\/bg-mask.png\" alt=\"Image Mask\"\/><img src=\"https:\/\/files.sunoresearch.com.br\/n\/uploads\/2023\/01\/Americanas-Express-400x200.jpg\" alt=\"Com &#8220;nome sujo&#8221;, Americanas (AMER3) vai atr\u00e1s de outro banco para ajud\u00e1-la em solu\u00e7\u00e3o financeira\"\/><\/a><span class=\"spotlightCategory\"><a href=\"https:\/\/www.suno.com.br\/noticias\/mercado\/\">Mercado<\/a><\/span><\/div><div class=\"cardsPage__listCard__boxs__content\"><a href=\"https:\/\/www.suno.com.br\/noticias\/nome-sujo-americanas-amer3-contrata-banco-citi\/\"><h2 class=\"content__title\">Com &#8220;nome sujo&#8221;, Americanas (AMER3) vai atr\u00e1s de outro banco para ajud\u00e1-la em solu\u00e7\u00e3o financeira<\/h2><\/a><div class=\"newsContent__article__meta\"><div class=\"newsContent__article__meta__authorBox\"><a href=\"https:\/\/www.suno.com.br\/noticias\/author\/erick-nery\/\" class=\"authorBox__avatar noMobi\"><img src=\"https:\/\/secure.gravatar.com\/avatar\/518ddffe438ccb767782d372a66304d2?s=96&#038;r=g\" alt=\"Erick Matheus Nery\"><\/a><div class=\"authorBox__name\"><span>por\n\t\t\t<a href=\"https:\/\/www.suno.com.br\/noticias\/author\/erick-nery\/\"><span itemprop=\"author\">Erick Matheus Nery<\/span><\/a><\/span><time datetime=\"2023-02-15T17:49:57-03:00\" itemprop=\"datePublished\">15\/02\/2023 17:49<\/time><\/div><\/div><\/div><\/div><\/div>","single_layout":"posts","amp_enabled":true,"_links":{"self":[{"href":"https:\/\/www.suno.com.br\/noticias\/wp-json\/wp\/v2\/posts\/364729"}],"collection":[{"href":"https:\/\/www.suno.com.br\/noticias\/wp-json\/wp\/v2\/posts"}],"about":[{"href":"https:\/\/www.suno.com.br\/noticias\/wp-json\/wp\/v2\/types\/post"}],"author":[{"embeddable":true,"href":"https:\/\/www.suno.com.br\/noticias\/wp-json\/wp\/v2\/users\/232"}],"replies":[{"embeddable":true,"href":"https:\/\/www.suno.com.br\/noticias\/wp-json\/wp\/v2\/comments?post=364729"}],"version-history":[{"count":2,"href":"https:\/\/www.suno.com.br\/noticias\/wp-json\/wp\/v2\/posts\/364729\/revisions"}],"predecessor-version":[{"id":364862,"href":"https:\/\/www.suno.com.br\/noticias\/wp-json\/wp\/v2\/posts\/364729\/revisions\/364862"}],"wp:featuredmedia":[{"embeddable":true,"href":"https:\/\/www.suno.com.br\/noticias\/wp-json\/wp\/v2\/media\/350275"}],"wp:attachment":[{"href":"https:\/\/www.suno.com.br\/noticias\/wp-json\/wp\/v2\/media?parent=364729"}],"wp:term":[{"taxonomy":"category","embeddable":true,"href":"https:\/\/www.suno.com.br\/noticias\/wp-json\/wp\/v2\/categories?post=364729"},{"taxonomy":"post_tag","embeddable":true,"href":"https:\/\/www.suno.com.br\/noticias\/wp-json\/wp\/v2\/tags?post=364729"},{"taxonomy":"suno_strategy","embeddable":true,"href":"https:\/\/www.suno.com.br\/noticias\/wp-json\/wp\/v2\/suno_strategy?post=364729"}],"curies":[{"name":"wp","href":"https:\/\/api.w.org\/{rel}","templated":true}]}}