{"id":364710,"date":"2023-02-15T17:20:43","date_gmt":"2023-02-15T20:20:43","guid":{"rendered":"https:\/\/www.suno.com.br\/noticias\/?p=364710"},"modified":"2023-02-15T17:32:28","modified_gmt":"2023-02-15T20:32:28","slug":"fintech-neon-demissao-massa-dificil","status":"publish","type":"post","link":"https:\/\/www.suno.com.br\/noticias\/fintech-neon-demissao-massa-dificil\/","title":{"rendered":"Mais uma demiss\u00e3o em massa! Fintech Neon corta funcion\u00e1rios: &#8220;Dif\u00edcil, mas fundamental&#8221;"},"content":{"rendered":"<p>A fintech <strong>Neon<\/strong> realizou uma demiss\u00e3o em massa nesta quarta (15). No LinkedIn, ex-colaboradores do <a class=\"suno-keyword\" data-force=\"no\" data-priority=\"2\" href=\"https:\/\/www.suno.com.br\/artigos\/banco-digital\/\" target=\"_blank\" rel=\"noopener\">banco digital<\/a> lamentaram a iniciativa. Questionada pelo Suno Not\u00edcias, a empresa disse que o corte foi &#8220;dif\u00edcil, mas fundamental&#8221; para a preserva\u00e7\u00e3o da efici\u00eancia operacional do neg\u00f3cio.<\/p><div class=\"videoFull \">\n\t\t\t<div class=\"videoWrapper yt-lazyload center\"\n\t\t\t\tdata-width=\"960\"\n\t\t\t\tdata-height=\"540\"\n\t\t\t\tdata-id=\"ICaQ7po2Zss\"\n\t\t\t\tdata-alt=\"V\u00eddeo do YouTube - clique para reproduzir\"\n\t\t\t\tdata-logo=\"3\"\n\t\t\t\tdata-imagequality=\"maxres\">\n\t\t\t<\/div>\n\t\t<\/div><script type=\"application\/ld+json\">{\"@context\":\"https:\/\/schema.org\",\"@type\":\"VideoObject\",\"name\":\"Nubank (NUBR33) reverte preju\u00edzo | Lucro da Weg (WEGE3) avan\u00e7a 36% | Haddad no foco antes de CMN\",\"description\":\"\ud83d\udd0e \ud83d\udcca[\ud835\uddf2\ud835\uddd5\ud835\uddfc\ud835\uddfc\ud835\uddf8 \ud835\uddda\ud835\udde5\ud835\uddd4\ud835\udde7\ud835\udde8\ud835\udddc\ud835\udde7\ud835\udde2] \ud835\uddd4\ud835\uddfd\ud835\uddff\ud835\uddf2\ud835\uddfb\ud835\uddf1\ud835\uddee \ud835\uddf0\ud835\uddfc\ud835\uddfa\ud835\uddfc \ud835\uddee\ud835\uddfb\ud835\uddee\ud835\uddf9\ud835\uddf6\ud835\ude00\ud835\uddee\ud835\uddff \ud835\ude02\ud835\uddfa\ud835\uddee \ud835\uddee\u00e7\u00e3\ud835\uddfc\u200b \ud83d\udc47 https:\/\/lp.suno.com.br\/ebook-como-analisar-uma-acao\/?utm_source=youtube.noticias&utm_medium=live&utm_campaign=ebookcomoanalisarumaacao.20230206&utm_content=ytnoticias.morning.10022023 #morningcall #Not\u00edcias #mercadofinanceiro #investimentos #ibovespa #nubank #nubr33 #balan\u00e7os #weg #wege3 #dividendos #raiz4 #raizen \ud83d\udd34\ud835\udc08\ud835\udc0d\ud835\udc12\ud835\udc02\ud835\udc11\ud835\udc04\ud835\udc15\ud835\udc00-\ud835\udc12\ud835\udc04 \ud835\udc0d\ud835\udc0e \ud835\udc02\ud835\udc00\ud835\udc0d\ud835\udc00\ud835\udc0b \ud835\udc04 \ud835\udc00\ud835\udc13\ud835\udc08\ud835\udc15\ud835\udc04 \ud835\udc0e \ud835\udc12\ud835\udc08\ud835\udc0d\ud835\udc0e \ud83d\udc47 https:\/\/bit.ly\/INSCREVA-SEATIVEOSINO \ud83d\udea8\ud83d\udcda\ud83d\udcb8\ud835\udc01\ud835\udc1a\ud835\udc22\ud835\udc31\ud835\udc1e \ud835\udc28 \ud835\udc1e\ud835\udc01\ud835\udc28\ud835\udc28\ud835\udc24: \ud835\udc06\ud835\udc2e\ud835\udc22\ud835\udc1a \ud835\udc02\ud835\udc28\ud835\udc26\ud835\udc29\ud835\udc25\ud835\udc1e\ud835\udc2d\ud835\udc28 \ud835\udc1d\ud835\udc28 \ud835\udc08\ud835\udc27\ud835\udc2f\ud835\udc1e\ud835\udc2c\ud835\udc2d\ud835\udc22\ud835\udc1d\ud835\udc28\ud835\udc2b \ud835\udc08\ud835\udc27\ud835\udc22\ud835\udc1c\ud835\udc22\ud835\udc1a\ud835\udc27\ud835\udc2d\ud835\udc1e \ud835\udc27\ud835\udc28 \ud835\udc25\ud835\udc22\ud835\udc27\ud835\udc24 \ud83d\udc47 http:\/\/bit.ly\/3Dnk2xT \ud83d\udcda \ud835\udfcf\ud835\udfce \ud835\udc0b\ud835\udc22\ud835\udc2f\ud835\udc2b\ud835\udc28\ud835\udc2c \ud835\udc2a\ud835\udc2e\ud835\udc1e \ud835\udc13\ud835\udc28\ud835\udc1d\ud835\udc28 \ud835\udc08\ud835\udc27\ud835\udc2f\ud835\udc1e\ud835\udc2c\ud835\udc2d\ud835\udc22\ud835\udc1d\ud835\udc28\ud835\udc2b \ud835\udc1d\ud835\udc1e\ud835\udc2f\ud835\udc1e\ud835\udc2b\ud835\udc22\ud835\udc1a \ud835\udc0b\ud835\udc1e\ud835\udc2b\ud83d\udc47 https:\/\/lp.suno.com.br\/ebook-10-livros\/?utm_source=youtube.noticias&utm_medium=video&utm_campaign=ebook10livrosparainvestidores.20230105&utm_content=youtube.noticias.05012023 \ud83d\udcda \ud83d\udcb8\u2026\",\"duration\":\"PT28M19S\",\"embedUrl\":\"https:\/\/www.youtube.com\/embed\/ICaQ7po2Zss\",\"regionsAllowed\":\"pt-BR\",\"interactionStatistic\":{\"@type\":\"InteractionCounter\",\"interactionType\":{\"@type\":\"WatchAction\"},\"userInteractionCount\":3502},\"thumbnailUrl\":\"https:\/\/i.ytimg.com\/vi\/ICaQ7po2Zss\/default.jpg\",\"uploadDate\":\"2023-02-15T12:32:58Z\"}<\/script>\n\n\n\n\n\t<p>\n\t\t<a href=\"\" target=\"_blank\" data-element=\"shortcode-suno-banner\" title=\"Banner SUNO, clique e saiba mais\">\n\t\t\t<picture>\n\t\t\t\t<source media=\"(max-width: 500px)\" srcset=\"\">\n\t\t\t\t<img class=\"newsContent__article__imgCapa newsContent__article__imgCapa--banner\"\n\t\t\t\t\tsrc=\"\"\n\t\t\t\t\tdata-promo-id=\"240038\"\t\t\t\t\t\t\t\t\t\t\t\t\t\t\talt=\"\"\n\t\t\t\t>\n\t\t\t<\/picture>\n\t\t<\/a>\n\t<\/p>\n\n\n\n\n\n<p>&#8220;A Neon fez ajustes necess\u00e1rios ao seu quadro de colaboradores como forma de fazer frente aos <strong>desafios macroecon\u00f4micos<\/strong> deste ano. Com base nos ciclos de avalia\u00e7\u00e3o de performance recorrentes e desprioriza\u00e7\u00e3o de algumas iniciativas, o movimento foi dif\u00edcil, mas fundamental para preservar o que nossa <a class=\"suno-keyword\" data-force=\"no\" data-priority=\"1\" href=\"https:\/\/www.suno.com.br\/artigos\/eficiencia-operacional\/\" target=\"_blank\" rel=\"noopener\">efici\u00eancia operacional<\/a> exige: manter a sustentabilidade do neg\u00f3cio sem onerar o cliente final&#8221;, destacou a fintech no comunicado enviado \u00e0 reportagem. <\/p>\n\n\n\n<blockquote class=\"wp-block-quote is-layout-flow wp-block-quote-is-layout-flow\">\n<p>Seguimos confiantes em nosso time e reiteramos nosso compromisso em promover caminhos financeiros mais simples e justos ao brasileiro trabalhador.<\/p>\n<\/blockquote>\n\n\n\n<p>Na rede social corporativa, a reportagem identificou relatos de cortes nas \u00e1reas de Produtos e Tecnologia.  A <strong>fintech<\/strong> n\u00e3o respondeu aos questionamentos da reportagem sobre o n\u00famero de colaboradores desligados neste corte.<\/p>\n\n\n\n<p>A fintech que oferece de cart\u00e3o de cr\u00e9dito a conta digital &#8211; com mais de 22 milh\u00f5es de clientes &#8211; teria desligado, segundo informa o Broadcast, servi\u00e7o da Ag\u00eancia Estado, cerca de 200 pessoas. <\/p>\n\n\n\t<p>\n\t\t<a href=\"https:\/\/lp.suno.com.br\/planilha-controle-gastos\/\" target=\"_blank\" data-element=\"shortcode-suno-banner\" title=\"Banner SUNO, clique e saiba mais\">\n\t\t\t<picture>\n\t\t\t\t<source media=\"(max-width: 500px)\" srcset=\"https:\/\/files.sunoresearch.com.br\/n\/uploads\/2023\/03\/400x300-Planilha-controle-de-gastos.png\">\n\t\t\t\t<img class=\"newsContent__article__imgCapa newsContent__article__imgCapa--banner\"\n\t\t\t\t\tsrc=\"https:\/\/files.sunoresearch.com.br\/n\/uploads\/2023\/03\/1420x240-Planilha-controle-de-gastos.png\"\n\t\t\t\t\tdata-promo-id=\"101751\"\t\t\t\t\t\t\t\t\t\twidth='1420' height='240'\t\t\t\t\talt=\"https:\/\/files.sunoresearch.com.br\/n\/uploads\/2023\/03\/1420x240-Planilha-controle-de-gastos.png\"\n\t\t\t\t>\n\t\t\t<\/picture>\n\t\t<\/a>\n\t<\/p>\n\n\n\n\n\n<h2 class=\"wp-block-heading\" id=\"h-layoffs-nas-fintechs-e-empresas-de-tecnologia\">Layoffs nas fintechs e empresas de tecnologia<\/h2>\n\n\n\n<p>Deixando de ser apontados como uma tend\u00eancia, os\u00a0<strong>layoffs<\/strong>\u00a0agora s\u00e3o a realidade das empresas de tecnologia e fintechs. No Brasil e no mundo, diariamente est\u00e3o sendo anunciados cortes nos quadro de funcion\u00e1rios como forma de lidar com as incertezas econ\u00f4micas.<\/p>\n\n\n\t<div data-element=\"shortcode-read-more\" class=\"knowMore\">\n\t\t\t\t<span class=\"knowMore__title\">Leia mais<\/span>\n\t\t\t\t<a class=\"knowMore__link\" href=\"https:\/\/www.suno.com.br\/noticias\/layoffs-empresas-tecnologia-demissoes-2023\/\">\n\t\t\tLayoffs \u00e0 solta: saiba quais empresas de tecnologia anunciaram demiss\u00f5es em massa em 2023\t\t<\/a>\n\t<\/div>\n\n\n\n\n<p>Esse movimento j\u00e1 vinha ocorrendo desde o ano passado, sobretudo na ind\u00fastria tecnol\u00f3gica. Segundo um relat\u00f3rio da empresa de recrutamento Challenger, Gray &amp; Christmas, apenas nos Estados Unidos foram mais de 97 mil&nbsp;<strong>demiss\u00f5es no setor de tecnologia<\/strong>. O n\u00famero mostra um avan\u00e7o de 649% em rela\u00e7\u00e3o ao registrado em 2021, de 13 mil baixas.<\/p>\n\n\n\t<p>\n\t\t<a href=\"https:\/\/lp.suno.com.br\/planilha-da-vida-financeira\/\" target=\"_blank\" data-element=\"shortcode-suno-banner\" title=\"Banner SUNO, clique e saiba mais\">\n\t\t\t<picture>\n\t\t\t\t<source media=\"(max-width: 500px)\" srcset=\"https:\/\/files.sunoresearch.com.br\/n\/uploads\/2023\/04\/400x300-Planilha-vida-financeira-true.png\">\n\t\t\t\t<img class=\"newsContent__article__imgCapa newsContent__article__imgCapa--banner\"\n\t\t\t\t\tsrc=\"https:\/\/files.sunoresearch.com.br\/n\/uploads\/2023\/04\/1420x240-Planilha-vida-financeira-true.png\"\n\t\t\t\t\tdata-promo-id=\"106682\"\t\t\t\t\t\t\t\t\t\twidth='1420' height='240'\t\t\t\t\talt=\"https:\/\/files.sunoresearch.com.br\/n\/uploads\/2023\/04\/1420x240-Planilha-vida-financeira-true.png\"\n\t\t\t\t>\n\t\t\t<\/picture>\n\t\t<\/a>\n\t<\/p>\n\n\n\n\n\n<p>Embora n\u00e3o haja um recorte para as demiss\u00f5es no Brasil, um levantamento feito pela Layoffs.fyi apontou que apenas nos 15 primeiros dias de 2023 foram demitidos 24.151 mil funcion\u00e1rios em 91 mil&nbsp;empresas de tecnologia&nbsp;ao redor do mundo. Por dia, 1,6 mil pessoas perderam seus empregos durante o per\u00edodo avaliado.<\/p>\n\n\n\n<p>Al\u00e9m da fintech <strong>Neon<\/strong>, nos \u00faltimos dias, ocorreram cortes em empresas como C6 Bank e \u00danico.<\/p>\n\n\n\t<p>\n\t\t<a href=\"https:\/\/lp.suno.com.br\/ebook-como-analisar-uma-acao\/\" target=\"_blank\" data-element=\"shortcode-suno-banner\" title=\"Banner SUNO, clique e saiba mais\">\n\t\t\t<picture>\n\t\t\t\t<source media=\"(max-width: 500px)\" srcset=\"https:\/\/files.sunoresearch.com.br\/n\/uploads\/2023\/03\/Ebook-Acoes-Mobile-1.jpg\">\n\t\t\t\t<img class=\"newsContent__article__imgCapa newsContent__article__imgCapa--banner\"\n\t\t\t\t\tsrc=\"https:\/\/files.sunoresearch.com.br\/n\/uploads\/2023\/03\/Ebook-Acoes-Desktop-1.jpg\"\n\t\t\t\t\tdata-promo-id=\"171998\"\t\t\t\t\t\t\t\t\t\twidth='1420' height='286'\t\t\t\t\talt=\"https:\/\/files.sunoresearch.com.br\/n\/uploads\/2023\/03\/Ebook-Acoes-Desktop-1.jpg\"\n\t\t\t\t>\n\t\t\t<\/picture>\n\t\t<\/a>\n\t<\/p>\n\n\n","protected":false},"excerpt":{"rendered":"<p>A fintech Neon realizou uma demiss\u00e3o em massa nesta quarta (15). No LinkedIn, ex-colaboradores do banco digital lamentaram a iniciativa. Questionada pelo Suno Not\u00edcias, a empresa disse que o corte foi &#8220;dif\u00edcil, mas fundamental&#8221; para a preserva\u00e7\u00e3o da efici\u00eancia operacional do neg\u00f3cio. &#8220;A Neon fez ajustes necess\u00e1rios ao seu quadro de colaboradores como forma de [&hellip;]<\/p>\n","protected":false},"author":232,"featured_media":364721,"comment_status":"closed","ping_status":"closed","sticky":false,"template":"","format":"standard","meta":[],"categories":[106394],"tags":[2625,1629,1489],"suno_strategy":[],"class_list":["post-364710","post","type-post","status-publish","format-standard","has-post-thumbnail","hentry","category-startups","tag-demissoes","tag-fintechs","tag-neon-pagamentos"],"yoast_head":"<!-- This site is optimized with the Yoast SEO plugin v24.4 - https:\/\/yoast.com\/wordpress\/plugins\/seo\/ -->\n<title>Fintech Neon faz demiss\u00e3o em massa: &quot;Dif\u00edcil, mas fundamental&quot;<\/title>\n<meta name=\"description\" content=\"A fintech Neon realizou uma demiss\u00e3o em massa nesta quarta (15). A empresa disse que o corte foi &quot;dif\u00edcil, mas fundamental&quot; para o neg\u00f3cio.\" \/>\n<meta name=\"robots\" content=\"index, follow, max-snippet:-1, max-image-preview:large, max-video-preview:-1\" \/>\n<link rel=\"canonical\" href=\"https:\/\/www.suno.com.br\/noticias\/fintech-neon-demissao-massa-dificil\/\" \/>\n<meta property=\"og:locale\" content=\"pt_BR\" \/>\n<meta property=\"og:type\" content=\"article\" \/>\n<meta property=\"og:title\" content=\"Fintech Neon faz demiss\u00e3o em massa: &quot;Dif\u00edcil, mas fundamental&quot;\" \/>\n<meta property=\"og:description\" content=\"A fintech Neon realizou uma demiss\u00e3o em massa nesta quarta (15). A empresa disse que o corte foi &quot;dif\u00edcil, mas fundamental&quot; para o neg\u00f3cio.\" \/>\n<meta property=\"og:url\" content=\"https:\/\/www.suno.com.br\/noticias\/fintech-neon-demissao-massa-dificil\/\" \/>\n<meta property=\"og:site_name\" content=\"Suno Not\u00edcias\" \/>\n<meta property=\"article:publisher\" content=\"https:\/\/facebook.com\/sunoresearch\" \/>\n<meta property=\"og:image\" content=\"https:\/\/files.sunoresearch.com.br\/n\/uploads\/2023\/02\/neon-fintech-demissao-massa-foto-facebook.jpg\" \/>\n\t<meta property=\"og:image:width\" content=\"1200\" \/>\n\t<meta property=\"og:image:height\" content=\"675\" \/>\n\t<meta property=\"og:image:type\" content=\"image\/jpeg\" \/>\n<meta name=\"author\" content=\"Erick Matheus Nery\" \/>\n<meta name=\"twitter:card\" content=\"summary_large_image\" \/>\n<meta name=\"twitter:creator\" content=\"@sunoresearch\" \/>\n<meta name=\"twitter:site\" content=\"@sunoresearch\" \/>\n<meta name=\"twitter:label1\" content=\"Escrito por\" \/>\n\t<meta name=\"twitter:data1\" content=\"Erick Matheus Nery\" \/>\n\t<meta name=\"twitter:label2\" content=\"Est. tempo de leitura\" \/>\n\t<meta name=\"twitter:data2\" content=\"3 minutos\" \/>\n<script type=\"application\/ld+json\" class=\"yoast-schema-graph\">{\"@context\":\"https:\/\/schema.org\",\"@graph\":[{\"@type\":\"NewsArticle\",\"@id\":\"https:\/\/www.suno.com.br\/noticias\/fintech-neon-demissao-massa-dificil\/#article\",\"isPartOf\":{\"@id\":\"https:\/\/www.suno.com.br\/noticias\/fintech-neon-demissao-massa-dificil\/\"},\"author\":{\"name\":\"Erick Matheus Nery\",\"@id\":\"https:\/\/www.suno.com.br\/noticias\/#\/schema\/person\/6899bc3f19d1a7315f807131c2c013a0\"},\"headline\":\"Mais uma demiss\u00e3o em massa! Fintech Neon corta funcion\u00e1rios: &#8220;Dif\u00edcil, mas fundamental&#8221;\",\"datePublished\":\"2023-02-15T20:20:43+00:00\",\"dateModified\":\"2023-02-15T20:32:28+00:00\",\"mainEntityOfPage\":{\"@id\":\"https:\/\/www.suno.com.br\/noticias\/fintech-neon-demissao-massa-dificil\/\"},\"wordCount\":419,\"publisher\":{\"@id\":\"https:\/\/www.suno.com.br\/noticias\/#organization\"},\"image\":{\"@id\":\"https:\/\/www.suno.com.br\/noticias\/fintech-neon-demissao-massa-dificil\/#primaryimage\"},\"thumbnailUrl\":\"https:\/\/files.sunoresearch.com.br\/n\/uploads\/2023\/02\/neon-fintech-demissao-massa-foto-facebook.jpg\",\"keywords\":[\"demiss\u00f5es\",\"fintechs\",\"Neon Pagamentos\"],\"articleSection\":[\"Startups\"],\"inLanguage\":\"pt-BR\"},{\"@type\":\"WebPage\",\"@id\":\"https:\/\/www.suno.com.br\/noticias\/fintech-neon-demissao-massa-dificil\/\",\"url\":\"https:\/\/www.suno.com.br\/noticias\/fintech-neon-demissao-massa-dificil\/\",\"name\":\"Fintech Neon faz demiss\u00e3o em massa: \\\"Dif\u00edcil, mas fundamental\\\"\",\"isPartOf\":{\"@id\":\"https:\/\/www.suno.com.br\/noticias\/#website\"},\"primaryImageOfPage\":{\"@id\":\"https:\/\/www.suno.com.br\/noticias\/fintech-neon-demissao-massa-dificil\/#primaryimage\"},\"image\":{\"@id\":\"https:\/\/www.suno.com.br\/noticias\/fintech-neon-demissao-massa-dificil\/#primaryimage\"},\"thumbnailUrl\":\"https:\/\/files.sunoresearch.com.br\/n\/uploads\/2023\/02\/neon-fintech-demissao-massa-foto-facebook.jpg\",\"datePublished\":\"2023-02-15T20:20:43+00:00\",\"dateModified\":\"2023-02-15T20:32:28+00:00\",\"description\":\"A fintech Neon realizou uma demiss\u00e3o em massa nesta quarta (15). A empresa disse que o corte foi \\\"dif\u00edcil, mas fundamental\\\" para o neg\u00f3cio.\",\"breadcrumb\":{\"@id\":\"https:\/\/www.suno.com.br\/noticias\/fintech-neon-demissao-massa-dificil\/#breadcrumb\"},\"inLanguage\":\"pt-BR\",\"potentialAction\":[{\"@type\":\"ReadAction\",\"target\":[\"https:\/\/www.suno.com.br\/noticias\/fintech-neon-demissao-massa-dificil\/\"]}]},{\"@type\":\"ImageObject\",\"inLanguage\":\"pt-BR\",\"@id\":\"https:\/\/www.suno.com.br\/noticias\/fintech-neon-demissao-massa-dificil\/#primaryimage\",\"url\":\"https:\/\/files.sunoresearch.com.br\/n\/uploads\/2023\/02\/neon-fintech-demissao-massa-foto-facebook.jpg\",\"contentUrl\":\"https:\/\/files.sunoresearch.com.br\/n\/uploads\/2023\/02\/neon-fintech-demissao-massa-foto-facebook.jpg\",\"width\":1200,\"height\":675,\"caption\":\"Cart\u00e3o Neon. Foto: Reprodu\u00e7\u00e3o\/Facebook.\"},{\"@type\":\"BreadcrumbList\",\"@id\":\"https:\/\/www.suno.com.br\/noticias\/fintech-neon-demissao-massa-dificil\/#breadcrumb\",\"itemListElement\":[{\"@type\":\"ListItem\",\"position\":1,\"name\":\"Not\u00edcias\",\"item\":\"https:\/\/www.suno.com.br\/noticias\/\"},{\"@type\":\"ListItem\",\"position\":2,\"name\":\"Startups\",\"item\":\"https:\/\/www.suno.com.br\/noticias\/startups\/\"},{\"@type\":\"ListItem\",\"position\":3,\"name\":\"Mais uma demiss\u00e3o em massa! Fintech Neon corta funcion\u00e1rios: &#8220;Dif\u00edcil, mas fundamental&#8221;\"}]},{\"@type\":\"WebSite\",\"@id\":\"https:\/\/www.suno.com.br\/noticias\/#website\",\"url\":\"https:\/\/www.suno.com.br\/noticias\/\",\"name\":\"Suno Not\u00edcias\",\"description\":\"Seu portal de informa\u00e7\u00e3o sobre o mundo dos investimentos\",\"publisher\":{\"@id\":\"https:\/\/www.suno.com.br\/noticias\/#organization\"},\"potentialAction\":[{\"@type\":\"SearchAction\",\"target\":{\"@type\":\"EntryPoint\",\"urlTemplate\":\"https:\/\/www.suno.com.br\/noticias\/?s={search_term_string}\"},\"query-input\":{\"@type\":\"PropertyValueSpecification\",\"valueRequired\":true,\"valueName\":\"search_term_string\"}}],\"inLanguage\":\"pt-BR\"},{\"@type\":\"Organization\",\"@id\":\"https:\/\/www.suno.com.br\/noticias\/#organization\",\"name\":\"Suno Not\u00edcias\",\"url\":\"https:\/\/www.suno.com.br\/noticias\/\",\"logo\":{\"@type\":\"ImageObject\",\"inLanguage\":\"pt-BR\",\"@id\":\"https:\/\/www.suno.com.br\/noticias\/#\/schema\/logo\/image\/\",\"url\":\"https:\/\/files.sunoresearch.com.br\/n\/uploads\/2021\/09\/suno-logo.png\",\"contentUrl\":\"https:\/\/files.sunoresearch.com.br\/n\/uploads\/2021\/09\/suno-logo.png\",\"width\":180,\"height\":180,\"caption\":\"Suno Not\u00edcias\"},\"image\":{\"@id\":\"https:\/\/www.suno.com.br\/noticias\/#\/schema\/logo\/image\/\"},\"sameAs\":[\"https:\/\/facebook.com\/sunoresearch\",\"https:\/\/x.com\/sunoresearch\",\"https:\/\/www.instagram.com\/suno\",\"https:\/\/www.linkedin.com\/company\/suno-research\/\",\"https:\/\/www.youtube.com\/c\/sunoresearch\"]},{\"@type\":\"Person\",\"@id\":\"https:\/\/www.suno.com.br\/noticias\/#\/schema\/person\/6899bc3f19d1a7315f807131c2c013a0\",\"name\":\"Erick Matheus Nery\",\"image\":{\"@type\":\"ImageObject\",\"inLanguage\":\"pt-BR\",\"@id\":\"https:\/\/www.suno.com.br\/noticias\/#\/schema\/person\/image\/\",\"url\":\"https:\/\/secure.gravatar.com\/avatar\/518ddffe438ccb767782d372a66304d2?s=96&r=g\",\"contentUrl\":\"https:\/\/secure.gravatar.com\/avatar\/518ddffe438ccb767782d372a66304d2?s=96&r=g\",\"caption\":\"Erick Matheus Nery\"},\"description\":\"Formado em Jornalismo pela Universidade Federal do Par\u00e1 (UFPA), conta com extens\u00e3o em Jornalismo Econ\u00f4mico pela Funda\u00e7\u00e3o Get\u00falio Vargas (FGV). No Suno Not\u00edcias, atua como rep\u00f3rter de Mercado, com foco nos setores de telecomunica\u00e7\u00f5es, varejo, alimentos e renda fixa. Conta com passagens pelo jornal O Estado de S\u00e3o Paulo, como trainee de Jornalismo Econ\u00f4mico, e pelo site Not\u00edcias da TV.\",\"url\":\"https:\/\/www.suno.com.br\/noticias\/author\/erick-nery\/\"}]}<\/script>\n<!-- \/ Yoast SEO plugin. -->","yoast_head_json":{"title":"Fintech Neon faz demiss\u00e3o em massa: \"Dif\u00edcil, mas fundamental\"","description":"A fintech Neon realizou uma demiss\u00e3o em massa nesta quarta (15). A empresa disse que o corte foi \"dif\u00edcil, mas fundamental\" para o neg\u00f3cio.","robots":{"index":"index","follow":"follow","max-snippet":"max-snippet:-1","max-image-preview":"max-image-preview:large","max-video-preview":"max-video-preview:-1"},"canonical":"https:\/\/www.suno.com.br\/noticias\/fintech-neon-demissao-massa-dificil\/","og_locale":"pt_BR","og_type":"article","og_title":"Fintech Neon faz demiss\u00e3o em massa: \"Dif\u00edcil, mas fundamental\"","og_description":"A fintech Neon realizou uma demiss\u00e3o em massa nesta quarta (15). A empresa disse que o corte foi \"dif\u00edcil, mas fundamental\" para o neg\u00f3cio.","og_url":"https:\/\/www.suno.com.br\/noticias\/fintech-neon-demissao-massa-dificil\/","og_site_name":"Suno Not\u00edcias","article_publisher":"https:\/\/facebook.com\/sunoresearch","og_image":[{"width":1200,"height":675,"url":"https:\/\/files.sunoresearch.com.br\/n\/uploads\/2023\/02\/neon-fintech-demissao-massa-foto-facebook.jpg","type":"image\/jpeg"}],"author":"Erick Matheus Nery","twitter_card":"summary_large_image","twitter_creator":"@sunoresearch","twitter_site":"@sunoresearch","twitter_misc":{"Escrito por":"Erick Matheus Nery","Est. tempo de leitura":"3 minutos"},"schema":{"@context":"https:\/\/schema.org","@graph":[{"@type":"NewsArticle","@id":"https:\/\/www.suno.com.br\/noticias\/fintech-neon-demissao-massa-dificil\/#article","isPartOf":{"@id":"https:\/\/www.suno.com.br\/noticias\/fintech-neon-demissao-massa-dificil\/"},"author":{"name":"Erick Matheus Nery","@id":"https:\/\/www.suno.com.br\/noticias\/#\/schema\/person\/6899bc3f19d1a7315f807131c2c013a0"},"headline":"Mais uma demiss\u00e3o em massa! Fintech Neon corta funcion\u00e1rios: &#8220;Dif\u00edcil, mas fundamental&#8221;","datePublished":"2023-02-15T20:20:43+00:00","dateModified":"2023-02-15T20:32:28+00:00","mainEntityOfPage":{"@id":"https:\/\/www.suno.com.br\/noticias\/fintech-neon-demissao-massa-dificil\/"},"wordCount":419,"publisher":{"@id":"https:\/\/www.suno.com.br\/noticias\/#organization"},"image":{"@id":"https:\/\/www.suno.com.br\/noticias\/fintech-neon-demissao-massa-dificil\/#primaryimage"},"thumbnailUrl":"https:\/\/files.sunoresearch.com.br\/n\/uploads\/2023\/02\/neon-fintech-demissao-massa-foto-facebook.jpg","keywords":["demiss\u00f5es","fintechs","Neon Pagamentos"],"articleSection":["Startups"],"inLanguage":"pt-BR"},{"@type":"WebPage","@id":"https:\/\/www.suno.com.br\/noticias\/fintech-neon-demissao-massa-dificil\/","url":"https:\/\/www.suno.com.br\/noticias\/fintech-neon-demissao-massa-dificil\/","name":"Fintech Neon faz demiss\u00e3o em massa: \"Dif\u00edcil, mas fundamental\"","isPartOf":{"@id":"https:\/\/www.suno.com.br\/noticias\/#website"},"primaryImageOfPage":{"@id":"https:\/\/www.suno.com.br\/noticias\/fintech-neon-demissao-massa-dificil\/#primaryimage"},"image":{"@id":"https:\/\/www.suno.com.br\/noticias\/fintech-neon-demissao-massa-dificil\/#primaryimage"},"thumbnailUrl":"https:\/\/files.sunoresearch.com.br\/n\/uploads\/2023\/02\/neon-fintech-demissao-massa-foto-facebook.jpg","datePublished":"2023-02-15T20:20:43+00:00","dateModified":"2023-02-15T20:32:28+00:00","description":"A fintech Neon realizou uma demiss\u00e3o em massa nesta quarta (15). A empresa disse que o corte foi \"dif\u00edcil, mas fundamental\" para o neg\u00f3cio.","breadcrumb":{"@id":"https:\/\/www.suno.com.br\/noticias\/fintech-neon-demissao-massa-dificil\/#breadcrumb"},"inLanguage":"pt-BR","potentialAction":[{"@type":"ReadAction","target":["https:\/\/www.suno.com.br\/noticias\/fintech-neon-demissao-massa-dificil\/"]}]},{"@type":"ImageObject","inLanguage":"pt-BR","@id":"https:\/\/www.suno.com.br\/noticias\/fintech-neon-demissao-massa-dificil\/#primaryimage","url":"https:\/\/files.sunoresearch.com.br\/n\/uploads\/2023\/02\/neon-fintech-demissao-massa-foto-facebook.jpg","contentUrl":"https:\/\/files.sunoresearch.com.br\/n\/uploads\/2023\/02\/neon-fintech-demissao-massa-foto-facebook.jpg","width":1200,"height":675,"caption":"Cart\u00e3o Neon. Foto: Reprodu\u00e7\u00e3o\/Facebook."},{"@type":"BreadcrumbList","@id":"https:\/\/www.suno.com.br\/noticias\/fintech-neon-demissao-massa-dificil\/#breadcrumb","itemListElement":[{"@type":"ListItem","position":1,"name":"Not\u00edcias","item":"https:\/\/www.suno.com.br\/noticias\/"},{"@type":"ListItem","position":2,"name":"Startups","item":"https:\/\/www.suno.com.br\/noticias\/startups\/"},{"@type":"ListItem","position":3,"name":"Mais uma demiss\u00e3o em massa! Fintech Neon corta funcion\u00e1rios: &#8220;Dif\u00edcil, mas fundamental&#8221;"}]},{"@type":"WebSite","@id":"https:\/\/www.suno.com.br\/noticias\/#website","url":"https:\/\/www.suno.com.br\/noticias\/","name":"Suno Not\u00edcias","description":"Seu portal de informa\u00e7\u00e3o sobre o mundo dos investimentos","publisher":{"@id":"https:\/\/www.suno.com.br\/noticias\/#organization"},"potentialAction":[{"@type":"SearchAction","target":{"@type":"EntryPoint","urlTemplate":"https:\/\/www.suno.com.br\/noticias\/?s={search_term_string}"},"query-input":{"@type":"PropertyValueSpecification","valueRequired":true,"valueName":"search_term_string"}}],"inLanguage":"pt-BR"},{"@type":"Organization","@id":"https:\/\/www.suno.com.br\/noticias\/#organization","name":"Suno Not\u00edcias","url":"https:\/\/www.suno.com.br\/noticias\/","logo":{"@type":"ImageObject","inLanguage":"pt-BR","@id":"https:\/\/www.suno.com.br\/noticias\/#\/schema\/logo\/image\/","url":"https:\/\/files.sunoresearch.com.br\/n\/uploads\/2021\/09\/suno-logo.png","contentUrl":"https:\/\/files.sunoresearch.com.br\/n\/uploads\/2021\/09\/suno-logo.png","width":180,"height":180,"caption":"Suno Not\u00edcias"},"image":{"@id":"https:\/\/www.suno.com.br\/noticias\/#\/schema\/logo\/image\/"},"sameAs":["https:\/\/facebook.com\/sunoresearch","https:\/\/x.com\/sunoresearch","https:\/\/www.instagram.com\/suno","https:\/\/www.linkedin.com\/company\/suno-research\/","https:\/\/www.youtube.com\/c\/sunoresearch"]},{"@type":"Person","@id":"https:\/\/www.suno.com.br\/noticias\/#\/schema\/person\/6899bc3f19d1a7315f807131c2c013a0","name":"Erick Matheus Nery","image":{"@type":"ImageObject","inLanguage":"pt-BR","@id":"https:\/\/www.suno.com.br\/noticias\/#\/schema\/person\/image\/","url":"https:\/\/secure.gravatar.com\/avatar\/518ddffe438ccb767782d372a66304d2?s=96&r=g","contentUrl":"https:\/\/secure.gravatar.com\/avatar\/518ddffe438ccb767782d372a66304d2?s=96&r=g","caption":"Erick Matheus Nery"},"description":"Formado em Jornalismo pela Universidade Federal do Par\u00e1 (UFPA), conta com extens\u00e3o em Jornalismo Econ\u00f4mico pela Funda\u00e7\u00e3o Get\u00falio Vargas (FGV). No Suno Not\u00edcias, atua como rep\u00f3rter de Mercado, com foco nos setores de telecomunica\u00e7\u00f5es, varejo, alimentos e renda fixa. Conta com passagens pelo jornal O Estado de S\u00e3o Paulo, como trainee de Jornalismo Econ\u00f4mico, e pelo site Not\u00edcias da TV.","url":"https:\/\/www.suno.com.br\/noticias\/author\/erick-nery\/"}]}},"default_loop_html":"<div class=\"cardsPage__listCard__boxs\"><div class=\"cardsPage__listCard__boxs__img\"><a href=\"https:\/\/www.suno.com.br\/noticias\/fintech-neon-demissao-massa-dificil\/\"><img class=\"mask\" src=\"https:\/\/www.suno.com.br\/noticias\/wp-content\/themes\/suno\/resources\/images\/spotlight\/spotlight1img\/bg-mask.png\" alt=\"Image Mask\"\/><img src=\"https:\/\/files.sunoresearch.com.br\/n\/uploads\/2023\/02\/neon-fintech-demissao-massa-foto-facebook-400x200.jpg\" alt=\"Mais uma demiss\u00e3o em massa! Fintech Neon corta funcion\u00e1rios: &#8220;Dif\u00edcil, mas fundamental&#8221;\"\/><\/a><span class=\"spotlightCategory\"><a href=\"https:\/\/www.suno.com.br\/noticias\/startups\/\">Startups<\/a><\/span><\/div><div class=\"cardsPage__listCard__boxs__content\"><a href=\"https:\/\/www.suno.com.br\/noticias\/fintech-neon-demissao-massa-dificil\/\"><h2 class=\"content__title\">Mais uma demiss\u00e3o em massa! Fintech Neon corta funcion\u00e1rios: &#8220;Dif\u00edcil, mas fundamental&#8221;<\/h2><\/a><div class=\"newsContent__article__meta\"><div class=\"newsContent__article__meta__authorBox\"><a href=\"https:\/\/www.suno.com.br\/noticias\/author\/erick-nery\/\" class=\"authorBox__avatar noMobi\"><img src=\"https:\/\/secure.gravatar.com\/avatar\/518ddffe438ccb767782d372a66304d2?s=96&#038;r=g\" alt=\"Erick Matheus Nery\"><\/a><div class=\"authorBox__name\"><span>por\n\t\t\t<a href=\"https:\/\/www.suno.com.br\/noticias\/author\/erick-nery\/\"><span itemprop=\"author\">Erick Matheus Nery<\/span><\/a><\/span><time datetime=\"2023-02-15T17:20:43-03:00\" itemprop=\"datePublished\">15\/02\/2023 17:20<\/time><\/div><\/div><\/div><\/div><\/div>","single_layout":"posts","amp_enabled":true,"_links":{"self":[{"href":"https:\/\/www.suno.com.br\/noticias\/wp-json\/wp\/v2\/posts\/364710"}],"collection":[{"href":"https:\/\/www.suno.com.br\/noticias\/wp-json\/wp\/v2\/posts"}],"about":[{"href":"https:\/\/www.suno.com.br\/noticias\/wp-json\/wp\/v2\/types\/post"}],"author":[{"embeddable":true,"href":"https:\/\/www.suno.com.br\/noticias\/wp-json\/wp\/v2\/users\/232"}],"replies":[{"embeddable":true,"href":"https:\/\/www.suno.com.br\/noticias\/wp-json\/wp\/v2\/comments?post=364710"}],"version-history":[{"count":3,"href":"https:\/\/www.suno.com.br\/noticias\/wp-json\/wp\/v2\/posts\/364710\/revisions"}],"predecessor-version":[{"id":364795,"href":"https:\/\/www.suno.com.br\/noticias\/wp-json\/wp\/v2\/posts\/364710\/revisions\/364795"}],"wp:featuredmedia":[{"embeddable":true,"href":"https:\/\/www.suno.com.br\/noticias\/wp-json\/wp\/v2\/media\/364721"}],"wp:attachment":[{"href":"https:\/\/www.suno.com.br\/noticias\/wp-json\/wp\/v2\/media?parent=364710"}],"wp:term":[{"taxonomy":"category","embeddable":true,"href":"https:\/\/www.suno.com.br\/noticias\/wp-json\/wp\/v2\/categories?post=364710"},{"taxonomy":"post_tag","embeddable":true,"href":"https:\/\/www.suno.com.br\/noticias\/wp-json\/wp\/v2\/tags?post=364710"},{"taxonomy":"suno_strategy","embeddable":true,"href":"https:\/\/www.suno.com.br\/noticias\/wp-json\/wp\/v2\/suno_strategy?post=364710"}],"curies":[{"name":"wp","href":"https:\/\/api.w.org\/{rel}","templated":true}]}}