{"id":36405,"date":"2019-09-04T11:55:09","date_gmt":"2019-09-04T14:55:09","guid":{"rendered":"https:\/\/www.suno.com.br\/noticias\/?p=36405"},"modified":"2019-09-04T11:56:06","modified_gmt":"2019-09-04T14:56:06","slug":"amazon-microsoft-acirram-disputa-mercado-servicos-cloud","status":"publish","type":"post","link":"https:\/\/www.suno.com.br\/noticias\/amazon-microsoft-acirram-disputa-mercado-servicos-cloud\/","title":{"rendered":"Amazon e Microsoft acirram disputa no mercado por conta de &#8216;servi\u00e7os de cloud&#8217;"},"content":{"rendered":"<p>A Amazon e a <strong>Microsoft<\/strong> est\u00e3o em mais um duelo no mercado, mas dessa vez n\u00e3o \u00e9 em rela\u00e7\u00e3o ao setor varejista. As empresas est\u00e3o em uma disputa pelo dom\u00ednio dos servi\u00e7os de <strong>cloud<\/strong> <strong>computing<\/strong>, a &#8220;computa\u00e7\u00e3o em nuvem&#8221;.<\/p>\t<div class=\"wrapper-featured-image\">\n\t\t<figure class=\"spotlightImg\">\n\n\t\t\t<picture>\n\t\t\t\t<source media=\"(max-width: 768px)\" srcset=\"https:\/\/files.sunoresearch.com.br\/n\/uploads\/2019\/09\/c76ae37d-amazon-400x200.webp\">\n\t\t\t\t<img loading=\"lazy\" decoding=\"async\" class=\"newsContent__article__imgCapa lazyloadDisabled newsContent__article__imgCapa--noCaption\" src=\"https:\/\/files.sunoresearch.com.br\/n\/uploads\/2019\/09\/c76ae37d-amazon-800x450.webp\" width=\"800\" height=\"450\" alt=\"Amazon e Microsoft acirram disputa no mercado por conta de &#8216;servi\u00e7os de cloud&#8217;\" fetchpriority=high \/>\n\t\t\t<\/picture>\n\n\t\t\t<figcaption class=\"wp-caption-text wp-caption-text--hide\">Pandemia do coronav\u00edrus permitiu a expans\u00e3o da Amazon em 2020<\/figcaption>\n\t\t<\/figure>\n\t<\/div>\n\n\n\n<p>De acordo com o analista da consultoria americana Welbush Secrities, Dan Ives, a Microsoft est\u00e1 na frente para ganhar o setor de <strong>cloud<\/strong> <strong>services<\/strong>, que tamb\u00e9m \u00e9 um objetivo da <strong>Amazon<\/strong>. &#8220;No trimestre encerrado em setembro, registrou-se uma clara acelera\u00e7\u00e3o dos neg\u00f3cios em nuvem no setor corporativo, tanto no mercado americano quanto no da Europa&#8221;, afirmou Ives.<\/p>\n<p>Segundo Ives, o <strong>Azure<\/strong>, servi\u00e7o de nuvem da <strong>Microsoft<\/strong>, tem chegado mais perto ao perceber um crescimento nas despesas por parte das companhias em rela\u00e7\u00e3o ao uso de computa\u00e7\u00e3o em nuvem. &#8220;Acreditamos que a Microsoft esteja pronta para ganhar uma parte do mercado pretendida pela Amazon\u201d, afirmou o analista.<\/p>\n<p>A previs\u00e3o de Ives tem como base os resultados trimestrais da Amazon e da Microsoft. \u201cApesar Amazon continuar na lideran\u00e7a do setor, a Microsoft claramente come\u00e7a a diminuir a dist\u00e2ncia entre as duas empresas&#8221;, analisa Ives.<\/p>\n\t<p>\n\t\t<a href=\"https:\/\/lp.suno.com.br\/asset\/suno-fundo-de-fundos-snff11\/\" target=\"_blank\" data-element=\"shortcode-suno-banner\" title=\"Banner SUNO, clique e saiba mais\">\n\t\t\t<picture>\n\t\t\t\t<source media=\"(max-width: 500px)\" srcset=\"https:\/\/files.sunoresearch.com.br\/n\/uploads\/2024\/01\/400x300-Mobile-Artigos-3-SNFF-AO.png\">\n\t\t\t\t<img class=\"newsContent__article__imgCapa newsContent__article__imgCapa--banner\"\n\t\t\t\t\tsrc=\"https:\/\/files.sunoresearch.com.br\/n\/uploads\/2024\/01\/1420x240-Banner-Artigos-1-_-Banner-Materias-1-SNFF-AO.png\"\n\t\t\t\t\tdata-promo-id=\"364418\"\t\t\t\t\t\t\t\t\t\twidth='1420' height='240'\t\t\t\t\talt=\"https:\/\/files.sunoresearch.com.br\/n\/uploads\/2024\/01\/1420x240-Banner-Artigos-1-_-Banner-Materias-1-SNFF-AO.png\"\n\t\t\t\t>\n\t\t\t<\/picture>\n\t\t<\/a>\n\t<\/p>\n\n\n<p>No \u00faltimo boletim sobre seu balan\u00e7o financeiro, a Microsoft comunicou que o Azure teve um crescimento de 73% nos primeiros tr\u00eas meses do ano em compara\u00e7\u00e3o ao mesmo per\u00edodo do ano passado. Entretanto, <strong>Amazon<\/strong> <strong>Web<\/strong> <strong>Service<\/strong>, da Amazon, teve um crescimento mais t\u00edmido, de somente 37%.<\/p>\n<p><a href=\"https:\/\/www.suno.com.br\/noticias\/banco-inter-passa-planos-odontologicos\/\">Veja tamb\u00e9m: Banco Inter passa a oferecer planos odontol\u00f3gicos\u00a0<\/a><\/p>\n<p>A consultoria americana Gartner afirmou que o <strong>Amazon<\/strong> <strong>Web<\/strong> <strong>Services<\/strong> obteve 47,8% do mercado de nuvem em 2018. Dessa forma, a companhia de <strong>Jeff<\/strong> <strong>Bezos<\/strong> registrou uma receita de aproximadamente US$ 15,5 bilh\u00f5es de d\u00f3lares com o servi\u00e7o. Enquanto isso, a <strong>Azure<\/strong> faturou apenas US$ 5 bilh\u00f5es de d\u00f3lares.<\/p>\n<p>Entre os anos de 2017 e 2018, as receitas da Azure aumentaram 60,9%. J\u00e1 a <strong>Amazon<\/strong> teve crescimento de 26,8% no mesmo per\u00edodo. Outras empresas como Alibaba, Google e IBM serviram, em 2018, apenas 13,8% das pessoas que utilizam servi\u00e7os de cloud.<\/p>\n","protected":false},"excerpt":{"rendered":"<p>A Amazon e a Microsoft est\u00e3o em mais um duelo no mercado, mas dessa vez n\u00e3o \u00e9 em rela\u00e7\u00e3o ao setor varejista. As empresas est\u00e3o em uma disputa pelo dom\u00ednio dos servi\u00e7os de cloud computing, a &#8220;computa\u00e7\u00e3o em nuvem&#8221;. Pandemia do coronav\u00edrus permitiu a expans\u00e3o da Amazon em 2020 De acordo com o analista da [&hellip;]<\/p>\n","protected":false},"author":19,"featured_media":36419,"comment_status":"closed","ping_status":"closed","sticky":false,"template":"","format":"standard","meta":[],"categories":[64],"tags":[694,688],"suno_strategy":[],"class_list":["post-36405","post","type-post","status-publish","format-standard","has-post-thumbnail","hentry","category-negocios","tag-amazon-amzo34","tag-microsoft-msft34"],"yoast_head":"<!-- This site is optimized with the Yoast SEO plugin v24.4 - https:\/\/yoast.com\/wordpress\/plugins\/seo\/ -->\n<title>Amazon e Microsoft acirram disputa por conta de &#039;servi\u00e7os de nuvem&#039;<\/title>\n<meta name=\"description\" content=\"A Amazon e a Microsoft est\u00e3o em mais um duelo no mercado, mas dessa vez n\u00e3o \u00e9 em rela\u00e7\u00e3o ao setor varejista. Clique aqui para saber mais.\" \/>\n<meta name=\"robots\" content=\"index, follow, max-snippet:-1, max-image-preview:large, max-video-preview:-1\" \/>\n<link rel=\"canonical\" href=\"https:\/\/www.suno.com.br\/noticias\/amazon-microsoft-acirram-disputa-mercado-servicos-cloud\/\" \/>\n<meta property=\"og:locale\" content=\"pt_BR\" \/>\n<meta property=\"og:type\" content=\"article\" \/>\n<meta property=\"og:title\" content=\"Amazon e Microsoft acirram disputa por conta de &#039;servi\u00e7os de nuvem&#039;\" \/>\n<meta property=\"og:description\" content=\"A Amazon e a Microsoft est\u00e3o em mais um duelo no mercado, mas dessa vez n\u00e3o \u00e9 em rela\u00e7\u00e3o ao setor varejista. Clique aqui para saber mais.\" \/>\n<meta property=\"og:url\" content=\"https:\/\/www.suno.com.br\/noticias\/amazon-microsoft-acirram-disputa-mercado-servicos-cloud\/\" \/>\n<meta property=\"og:site_name\" content=\"Suno Not\u00edcias\" \/>\n<meta property=\"article:publisher\" content=\"https:\/\/facebook.com\/sunoresearch\" \/>\n<meta property=\"og:image\" content=\"https:\/\/files.sunoresearch.com.br\/n\/uploads\/2019\/09\/c76ae37d-amazon.jpg\" \/>\n\t<meta property=\"og:image:width\" content=\"1600\" \/>\n\t<meta property=\"og:image:height\" content=\"752\" \/>\n\t<meta property=\"og:image:type\" content=\"image\/jpeg\" \/>\n<meta name=\"author\" content=\"Juliano Passaro\" \/>\n<meta name=\"twitter:card\" content=\"summary_large_image\" \/>\n<meta name=\"twitter:creator\" content=\"@sunoresearch\" \/>\n<meta name=\"twitter:site\" content=\"@sunoresearch\" \/>\n<meta name=\"twitter:label1\" content=\"Escrito por\" \/>\n\t<meta name=\"twitter:data1\" content=\"Juliano Passaro\" \/>\n\t<meta name=\"twitter:label2\" content=\"Est. tempo de leitura\" \/>\n\t<meta name=\"twitter:data2\" content=\"2 minutos\" \/>\n<script type=\"application\/ld+json\" class=\"yoast-schema-graph\">{\"@context\":\"https:\/\/schema.org\",\"@graph\":[{\"@type\":\"NewsArticle\",\"@id\":\"https:\/\/www.suno.com.br\/noticias\/amazon-microsoft-acirram-disputa-mercado-servicos-cloud\/#article\",\"isPartOf\":{\"@id\":\"https:\/\/www.suno.com.br\/noticias\/amazon-microsoft-acirram-disputa-mercado-servicos-cloud\/\"},\"author\":{\"name\":\"Juliano Passaro\",\"@id\":\"https:\/\/www.suno.com.br\/noticias\/#\/schema\/person\/1db762f78ffd8919a648a63e425953e3\"},\"headline\":\"Amazon e Microsoft acirram disputa no mercado por conta de &#8216;servi\u00e7os de cloud&#8217;\",\"datePublished\":\"2019-09-04T14:55:09+00:00\",\"dateModified\":\"2019-09-04T14:56:06+00:00\",\"mainEntityOfPage\":{\"@id\":\"https:\/\/www.suno.com.br\/noticias\/amazon-microsoft-acirram-disputa-mercado-servicos-cloud\/\"},\"wordCount\":363,\"publisher\":{\"@id\":\"https:\/\/www.suno.com.br\/noticias\/#organization\"},\"image\":{\"@id\":\"https:\/\/www.suno.com.br\/noticias\/amazon-microsoft-acirram-disputa-mercado-servicos-cloud\/#primaryimage\"},\"thumbnailUrl\":\"https:\/\/files.sunoresearch.com.br\/n\/uploads\/2019\/09\/c76ae37d-amazon-jpg.webp\",\"keywords\":[\"Amazon (AMZO34)\",\"Microsoft (MSFT34)\"],\"articleSection\":[\"Neg\u00f3cios\"],\"inLanguage\":\"pt-BR\"},{\"@type\":\"WebPage\",\"@id\":\"https:\/\/www.suno.com.br\/noticias\/amazon-microsoft-acirram-disputa-mercado-servicos-cloud\/\",\"url\":\"https:\/\/www.suno.com.br\/noticias\/amazon-microsoft-acirram-disputa-mercado-servicos-cloud\/\",\"name\":\"Amazon e Microsoft acirram disputa por conta de 'servi\u00e7os de nuvem'\",\"isPartOf\":{\"@id\":\"https:\/\/www.suno.com.br\/noticias\/#website\"},\"primaryImageOfPage\":{\"@id\":\"https:\/\/www.suno.com.br\/noticias\/amazon-microsoft-acirram-disputa-mercado-servicos-cloud\/#primaryimage\"},\"image\":{\"@id\":\"https:\/\/www.suno.com.br\/noticias\/amazon-microsoft-acirram-disputa-mercado-servicos-cloud\/#primaryimage\"},\"thumbnailUrl\":\"https:\/\/files.sunoresearch.com.br\/n\/uploads\/2019\/09\/c76ae37d-amazon-jpg.webp\",\"datePublished\":\"2019-09-04T14:55:09+00:00\",\"dateModified\":\"2019-09-04T14:56:06+00:00\",\"description\":\"A Amazon e a Microsoft est\u00e3o em mais um duelo no mercado, mas dessa vez n\u00e3o \u00e9 em rela\u00e7\u00e3o ao setor varejista. Clique aqui para saber mais.\",\"breadcrumb\":{\"@id\":\"https:\/\/www.suno.com.br\/noticias\/amazon-microsoft-acirram-disputa-mercado-servicos-cloud\/#breadcrumb\"},\"inLanguage\":\"pt-BR\",\"potentialAction\":[{\"@type\":\"ReadAction\",\"target\":[\"https:\/\/www.suno.com.br\/noticias\/amazon-microsoft-acirram-disputa-mercado-servicos-cloud\/\"]}]},{\"@type\":\"ImageObject\",\"inLanguage\":\"pt-BR\",\"@id\":\"https:\/\/www.suno.com.br\/noticias\/amazon-microsoft-acirram-disputa-mercado-servicos-cloud\/#primaryimage\",\"url\":\"https:\/\/files.sunoresearch.com.br\/n\/uploads\/2019\/09\/c76ae37d-amazon-jpg.webp\",\"contentUrl\":\"https:\/\/files.sunoresearch.com.br\/n\/uploads\/2019\/09\/c76ae37d-amazon-jpg.webp\",\"width\":1600,\"height\":752,\"caption\":\"Pandemia do coronav\u00edrus permitiu a expans\u00e3o da Amazon em 2020\"},{\"@type\":\"BreadcrumbList\",\"@id\":\"https:\/\/www.suno.com.br\/noticias\/amazon-microsoft-acirram-disputa-mercado-servicos-cloud\/#breadcrumb\",\"itemListElement\":[{\"@type\":\"ListItem\",\"position\":1,\"name\":\"Not\u00edcias\",\"item\":\"https:\/\/www.suno.com.br\/noticias\/\"},{\"@type\":\"ListItem\",\"position\":2,\"name\":\"Neg\u00f3cios\",\"item\":\"https:\/\/www.suno.com.br\/noticias\/negocios\/\"},{\"@type\":\"ListItem\",\"position\":3,\"name\":\"Amazon e Microsoft acirram disputa no mercado por conta de &#8216;servi\u00e7os de cloud&#8217;\"}]},{\"@type\":\"WebSite\",\"@id\":\"https:\/\/www.suno.com.br\/noticias\/#website\",\"url\":\"https:\/\/www.suno.com.br\/noticias\/\",\"name\":\"Suno Not\u00edcias\",\"description\":\"Seu portal de informa\u00e7\u00e3o sobre o mundo dos investimentos\",\"publisher\":{\"@id\":\"https:\/\/www.suno.com.br\/noticias\/#organization\"},\"potentialAction\":[{\"@type\":\"SearchAction\",\"target\":{\"@type\":\"EntryPoint\",\"urlTemplate\":\"https:\/\/www.suno.com.br\/noticias\/?s={search_term_string}\"},\"query-input\":{\"@type\":\"PropertyValueSpecification\",\"valueRequired\":true,\"valueName\":\"search_term_string\"}}],\"inLanguage\":\"pt-BR\"},{\"@type\":\"Organization\",\"@id\":\"https:\/\/www.suno.com.br\/noticias\/#organization\",\"name\":\"Suno Not\u00edcias\",\"url\":\"https:\/\/www.suno.com.br\/noticias\/\",\"logo\":{\"@type\":\"ImageObject\",\"inLanguage\":\"pt-BR\",\"@id\":\"https:\/\/www.suno.com.br\/noticias\/#\/schema\/logo\/image\/\",\"url\":\"https:\/\/files.sunoresearch.com.br\/n\/uploads\/2021\/09\/suno-logo.png\",\"contentUrl\":\"https:\/\/files.sunoresearch.com.br\/n\/uploads\/2021\/09\/suno-logo.png\",\"width\":180,\"height\":180,\"caption\":\"Suno Not\u00edcias\"},\"image\":{\"@id\":\"https:\/\/www.suno.com.br\/noticias\/#\/schema\/logo\/image\/\"},\"sameAs\":[\"https:\/\/facebook.com\/sunoresearch\",\"https:\/\/x.com\/sunoresearch\",\"https:\/\/www.instagram.com\/suno\",\"https:\/\/www.linkedin.com\/company\/suno-research\/\",\"https:\/\/www.youtube.com\/c\/sunoresearch\"]},{\"@type\":\"Person\",\"@id\":\"https:\/\/www.suno.com.br\/noticias\/#\/schema\/person\/1db762f78ffd8919a648a63e425953e3\",\"name\":\"Juliano Passaro\",\"image\":{\"@type\":\"ImageObject\",\"inLanguage\":\"pt-BR\",\"@id\":\"https:\/\/www.suno.com.br\/noticias\/#\/schema\/person\/image\/\",\"url\":\"https:\/\/secure.gravatar.com\/avatar\/743d4df28eebf6dcc46b4ad03c319e92?s=96&r=g\",\"contentUrl\":\"https:\/\/secure.gravatar.com\/avatar\/743d4df28eebf6dcc46b4ad03c319e92?s=96&r=g\",\"caption\":\"Juliano Passaro\"},\"description\":\"Juliano Passaro escreve sobre pol\u00edtica, economia e neg\u00f3cios para o portal da Suno Research. Antes da Suno, trabalhou no Portal da Band. \u00c9 formado em jornalismo pela Universidade Presbiteriana Mackenzie.\",\"url\":\"https:\/\/www.suno.com.br\/noticias\/author\/juliano\/\"}]}<\/script>\n<!-- \/ Yoast SEO plugin. -->","yoast_head_json":{"title":"Amazon e Microsoft acirram disputa por conta de 'servi\u00e7os de nuvem'","description":"A Amazon e a Microsoft est\u00e3o em mais um duelo no mercado, mas dessa vez n\u00e3o \u00e9 em rela\u00e7\u00e3o ao setor varejista. Clique aqui para saber mais.","robots":{"index":"index","follow":"follow","max-snippet":"max-snippet:-1","max-image-preview":"max-image-preview:large","max-video-preview":"max-video-preview:-1"},"canonical":"https:\/\/www.suno.com.br\/noticias\/amazon-microsoft-acirram-disputa-mercado-servicos-cloud\/","og_locale":"pt_BR","og_type":"article","og_title":"Amazon e Microsoft acirram disputa por conta de 'servi\u00e7os de nuvem'","og_description":"A Amazon e a Microsoft est\u00e3o em mais um duelo no mercado, mas dessa vez n\u00e3o \u00e9 em rela\u00e7\u00e3o ao setor varejista. Clique aqui para saber mais.","og_url":"https:\/\/www.suno.com.br\/noticias\/amazon-microsoft-acirram-disputa-mercado-servicos-cloud\/","og_site_name":"Suno Not\u00edcias","article_publisher":"https:\/\/facebook.com\/sunoresearch","og_image":[{"width":1600,"height":752,"url":"https:\/\/files.sunoresearch.com.br\/n\/uploads\/2019\/09\/c76ae37d-amazon.jpg","type":"image\/jpeg"}],"author":"Juliano Passaro","twitter_card":"summary_large_image","twitter_creator":"@sunoresearch","twitter_site":"@sunoresearch","twitter_misc":{"Escrito por":"Juliano Passaro","Est. tempo de leitura":"2 minutos"},"schema":{"@context":"https:\/\/schema.org","@graph":[{"@type":"NewsArticle","@id":"https:\/\/www.suno.com.br\/noticias\/amazon-microsoft-acirram-disputa-mercado-servicos-cloud\/#article","isPartOf":{"@id":"https:\/\/www.suno.com.br\/noticias\/amazon-microsoft-acirram-disputa-mercado-servicos-cloud\/"},"author":{"name":"Juliano Passaro","@id":"https:\/\/www.suno.com.br\/noticias\/#\/schema\/person\/1db762f78ffd8919a648a63e425953e3"},"headline":"Amazon e Microsoft acirram disputa no mercado por conta de &#8216;servi\u00e7os de cloud&#8217;","datePublished":"2019-09-04T14:55:09+00:00","dateModified":"2019-09-04T14:56:06+00:00","mainEntityOfPage":{"@id":"https:\/\/www.suno.com.br\/noticias\/amazon-microsoft-acirram-disputa-mercado-servicos-cloud\/"},"wordCount":363,"publisher":{"@id":"https:\/\/www.suno.com.br\/noticias\/#organization"},"image":{"@id":"https:\/\/www.suno.com.br\/noticias\/amazon-microsoft-acirram-disputa-mercado-servicos-cloud\/#primaryimage"},"thumbnailUrl":"https:\/\/files.sunoresearch.com.br\/n\/uploads\/2019\/09\/c76ae37d-amazon-jpg.webp","keywords":["Amazon (AMZO34)","Microsoft (MSFT34)"],"articleSection":["Neg\u00f3cios"],"inLanguage":"pt-BR"},{"@type":"WebPage","@id":"https:\/\/www.suno.com.br\/noticias\/amazon-microsoft-acirram-disputa-mercado-servicos-cloud\/","url":"https:\/\/www.suno.com.br\/noticias\/amazon-microsoft-acirram-disputa-mercado-servicos-cloud\/","name":"Amazon e Microsoft acirram disputa por conta de 'servi\u00e7os de nuvem'","isPartOf":{"@id":"https:\/\/www.suno.com.br\/noticias\/#website"},"primaryImageOfPage":{"@id":"https:\/\/www.suno.com.br\/noticias\/amazon-microsoft-acirram-disputa-mercado-servicos-cloud\/#primaryimage"},"image":{"@id":"https:\/\/www.suno.com.br\/noticias\/amazon-microsoft-acirram-disputa-mercado-servicos-cloud\/#primaryimage"},"thumbnailUrl":"https:\/\/files.sunoresearch.com.br\/n\/uploads\/2019\/09\/c76ae37d-amazon-jpg.webp","datePublished":"2019-09-04T14:55:09+00:00","dateModified":"2019-09-04T14:56:06+00:00","description":"A Amazon e a Microsoft est\u00e3o em mais um duelo no mercado, mas dessa vez n\u00e3o \u00e9 em rela\u00e7\u00e3o ao setor varejista. Clique aqui para saber mais.","breadcrumb":{"@id":"https:\/\/www.suno.com.br\/noticias\/amazon-microsoft-acirram-disputa-mercado-servicos-cloud\/#breadcrumb"},"inLanguage":"pt-BR","potentialAction":[{"@type":"ReadAction","target":["https:\/\/www.suno.com.br\/noticias\/amazon-microsoft-acirram-disputa-mercado-servicos-cloud\/"]}]},{"@type":"ImageObject","inLanguage":"pt-BR","@id":"https:\/\/www.suno.com.br\/noticias\/amazon-microsoft-acirram-disputa-mercado-servicos-cloud\/#primaryimage","url":"https:\/\/files.sunoresearch.com.br\/n\/uploads\/2019\/09\/c76ae37d-amazon-jpg.webp","contentUrl":"https:\/\/files.sunoresearch.com.br\/n\/uploads\/2019\/09\/c76ae37d-amazon-jpg.webp","width":1600,"height":752,"caption":"Pandemia do coronav\u00edrus permitiu a expans\u00e3o da Amazon em 2020"},{"@type":"BreadcrumbList","@id":"https:\/\/www.suno.com.br\/noticias\/amazon-microsoft-acirram-disputa-mercado-servicos-cloud\/#breadcrumb","itemListElement":[{"@type":"ListItem","position":1,"name":"Not\u00edcias","item":"https:\/\/www.suno.com.br\/noticias\/"},{"@type":"ListItem","position":2,"name":"Neg\u00f3cios","item":"https:\/\/www.suno.com.br\/noticias\/negocios\/"},{"@type":"ListItem","position":3,"name":"Amazon e Microsoft acirram disputa no mercado por conta de &#8216;servi\u00e7os de cloud&#8217;"}]},{"@type":"WebSite","@id":"https:\/\/www.suno.com.br\/noticias\/#website","url":"https:\/\/www.suno.com.br\/noticias\/","name":"Suno Not\u00edcias","description":"Seu portal de informa\u00e7\u00e3o sobre o mundo dos investimentos","publisher":{"@id":"https:\/\/www.suno.com.br\/noticias\/#organization"},"potentialAction":[{"@type":"SearchAction","target":{"@type":"EntryPoint","urlTemplate":"https:\/\/www.suno.com.br\/noticias\/?s={search_term_string}"},"query-input":{"@type":"PropertyValueSpecification","valueRequired":true,"valueName":"search_term_string"}}],"inLanguage":"pt-BR"},{"@type":"Organization","@id":"https:\/\/www.suno.com.br\/noticias\/#organization","name":"Suno Not\u00edcias","url":"https:\/\/www.suno.com.br\/noticias\/","logo":{"@type":"ImageObject","inLanguage":"pt-BR","@id":"https:\/\/www.suno.com.br\/noticias\/#\/schema\/logo\/image\/","url":"https:\/\/files.sunoresearch.com.br\/n\/uploads\/2021\/09\/suno-logo.png","contentUrl":"https:\/\/files.sunoresearch.com.br\/n\/uploads\/2021\/09\/suno-logo.png","width":180,"height":180,"caption":"Suno Not\u00edcias"},"image":{"@id":"https:\/\/www.suno.com.br\/noticias\/#\/schema\/logo\/image\/"},"sameAs":["https:\/\/facebook.com\/sunoresearch","https:\/\/x.com\/sunoresearch","https:\/\/www.instagram.com\/suno","https:\/\/www.linkedin.com\/company\/suno-research\/","https:\/\/www.youtube.com\/c\/sunoresearch"]},{"@type":"Person","@id":"https:\/\/www.suno.com.br\/noticias\/#\/schema\/person\/1db762f78ffd8919a648a63e425953e3","name":"Juliano Passaro","image":{"@type":"ImageObject","inLanguage":"pt-BR","@id":"https:\/\/www.suno.com.br\/noticias\/#\/schema\/person\/image\/","url":"https:\/\/secure.gravatar.com\/avatar\/743d4df28eebf6dcc46b4ad03c319e92?s=96&r=g","contentUrl":"https:\/\/secure.gravatar.com\/avatar\/743d4df28eebf6dcc46b4ad03c319e92?s=96&r=g","caption":"Juliano Passaro"},"description":"Juliano Passaro escreve sobre pol\u00edtica, economia e neg\u00f3cios para o portal da Suno Research. Antes da Suno, trabalhou no Portal da Band. \u00c9 formado em jornalismo pela Universidade Presbiteriana Mackenzie.","url":"https:\/\/www.suno.com.br\/noticias\/author\/juliano\/"}]}},"default_loop_html":"<div class=\"cardsPage__listCard__boxs\"><div class=\"cardsPage__listCard__boxs__img\"><a href=\"https:\/\/www.suno.com.br\/noticias\/amazon-microsoft-acirram-disputa-mercado-servicos-cloud\/\"><img class=\"mask\" src=\"https:\/\/www.suno.com.br\/noticias\/wp-content\/themes\/suno\/resources\/images\/spotlight\/spotlight1img\/bg-mask.png\" alt=\"Image Mask\"\/><img src=\"https:\/\/files.sunoresearch.com.br\/n\/uploads\/2019\/09\/c76ae37d-amazon-400x200.webp\" alt=\"Amazon e Microsoft acirram disputa no mercado por conta de &#8216;servi\u00e7os de cloud&#8217;\"\/><\/a><span class=\"spotlightCategory\"><a href=\"https:\/\/www.suno.com.br\/noticias\/negocios\/\">Neg\u00f3cios<\/a><\/span><\/div><div class=\"cardsPage__listCard__boxs__content\"><a href=\"https:\/\/www.suno.com.br\/noticias\/amazon-microsoft-acirram-disputa-mercado-servicos-cloud\/\"><h2 class=\"content__title\">Amazon e Microsoft acirram disputa no mercado por conta de &#8216;servi\u00e7os de cloud&#8217;<\/h2><\/a><div class=\"newsContent__article__meta\"><div class=\"newsContent__article__meta__authorBox\"><a href=\"https:\/\/www.suno.com.br\/noticias\/author\/juliano\/\" class=\"authorBox__avatar noMobi\"><img src=\"https:\/\/files.sunoresearch.com.br\/n\/uploads\/2019\/06\/7cc3efea-whatsapp-image-2019-07-18-at-21.59.33-e1563499821209-150x150.webp\" alt=\"Juliano Passaro\"><\/a><div class=\"authorBox__name\"><span>por\n\t\t\t<a href=\"https:\/\/www.suno.com.br\/noticias\/author\/juliano\/\"><span itemprop=\"author\">Juliano Passaro<\/span><\/a><\/span><time datetime=\"2019-09-04T11:55:09-03:00\" itemprop=\"datePublished\">04\/09\/2019 11:55<\/time><\/div><\/div><\/div><\/div><\/div>","single_layout":"posts","amp_enabled":true,"_links":{"self":[{"href":"https:\/\/www.suno.com.br\/noticias\/wp-json\/wp\/v2\/posts\/36405"}],"collection":[{"href":"https:\/\/www.suno.com.br\/noticias\/wp-json\/wp\/v2\/posts"}],"about":[{"href":"https:\/\/www.suno.com.br\/noticias\/wp-json\/wp\/v2\/types\/post"}],"author":[{"embeddable":true,"href":"https:\/\/www.suno.com.br\/noticias\/wp-json\/wp\/v2\/users\/19"}],"replies":[{"embeddable":true,"href":"https:\/\/www.suno.com.br\/noticias\/wp-json\/wp\/v2\/comments?post=36405"}],"version-history":[{"count":0,"href":"https:\/\/www.suno.com.br\/noticias\/wp-json\/wp\/v2\/posts\/36405\/revisions"}],"wp:featuredmedia":[{"embeddable":true,"href":"https:\/\/www.suno.com.br\/noticias\/wp-json\/wp\/v2\/media\/36419"}],"wp:attachment":[{"href":"https:\/\/www.suno.com.br\/noticias\/wp-json\/wp\/v2\/media?parent=36405"}],"wp:term":[{"taxonomy":"category","embeddable":true,"href":"https:\/\/www.suno.com.br\/noticias\/wp-json\/wp\/v2\/categories?post=36405"},{"taxonomy":"post_tag","embeddable":true,"href":"https:\/\/www.suno.com.br\/noticias\/wp-json\/wp\/v2\/tags?post=36405"},{"taxonomy":"suno_strategy","embeddable":true,"href":"https:\/\/www.suno.com.br\/noticias\/wp-json\/wp\/v2\/suno_strategy?post=36405"}],"curies":[{"name":"wp","href":"https:\/\/api.w.org\/{rel}","templated":true}]}}