{"id":36393,"date":"2019-09-04T10:49:43","date_gmt":"2019-09-04T13:49:43","guid":{"rendered":"https:\/\/www.suno.com.br\/noticias\/?p=36393"},"modified":"2021-05-29T20:51:16","modified_gmt":"2021-05-29T23:51:16","slug":"banco-inter-passa-planos-odontologicos","status":"publish","type":"post","link":"https:\/\/www.suno.com.br\/noticias\/banco-inter-passa-planos-odontologicos\/","title":{"rendered":"Banco Inter passa a oferecer planos odontol\u00f3gicos"},"content":{"rendered":"<p>Na \u00faltima ter\u00e7a-feira (3), o Banco Inter (<strong>BIDI11<\/strong>) anunciou mais um diferencial em seu modelo de neg\u00f3cios.<\/p>\t<div class=\"wrapper-featured-image\">\n\t\t<figure class=\"spotlightImg\">\n\n\t\t\t<picture>\n\t\t\t\t<source media=\"(max-width: 768px)\" srcset=\"https:\/\/files.sunoresearch.com.br\/n\/uploads\/2019\/09\/0b0f5602-banco-inter-400x200.webp\">\n\t\t\t\t<img loading=\"lazy\" decoding=\"async\" class=\"newsContent__article__imgCapa lazyloadDisabled newsContent__article__imgCapa--noCaption\" src=\"https:\/\/files.sunoresearch.com.br\/n\/uploads\/2019\/09\/0b0f5602-banco-inter-800x450.webp\" width=\"800\" height=\"450\" alt=\"Banco Inter passa a oferecer planos odontol\u00f3gicos\" fetchpriority=high \/>\n\t\t\t<\/picture>\n\n\t\t\t<figcaption class=\"wp-caption-text wp-caption-text--hide\">Banco Inter (BIDI11) leiloar\u00e1 15 im\u00f3veis na pr\u00f3xima ter\u00e7a-feira<\/figcaption>\n\t\t<\/figure>\n\t<\/div>\n\n\n<p>Em parceria com a <strong>Metlife<\/strong>, provedora multinacional de seguros, 0 <strong>Banco Inter<\/strong> passar\u00e1 a oferecer planos odontol\u00f3gicos totalmente digitais.<\/p>\n\n<p>\u201cEstamos muito felizes em firmar essa parceria com uma empresa como a MetLife, que \u00e9 refer\u00eancia mundial e possui mais de 150 anos de hist\u00f3ria\u201d, disse Paulo Padilha, diretor executivo da <strong>Inter Seguros<\/strong>.<\/p>\n<p>Os pre\u00e7os iniciam a partir de R$ 37,90 por pessoa, com a possibilidade de contrata\u00e7\u00e3o individual ou familiar. O plano inclui consultas, radiografias e procedimentos como cirurgia, por exemplo. A data do vencimento do plano \u00e9 de escolha do cliente, e o pagamento \u00e9 feito atrav\u00e9s do d\u00e9bito autom\u00e1tico.<\/p>\n<p>Paula Toguchi, Superintendente de Produto Dental da <strong>MetLife<\/strong>, diz que os clientes tem cada vez mais assimilado a import\u00e2ncia da sa\u00fade bucal, o que influencia diretamente na qualidade de vida.<\/p>\n\t<p>\n\t\t<a href=\"https:\/\/lp.suno.com.br\/plataforma-de-controle-de-investimentos\/\" target=\"_blank\" data-element=\"shortcode-suno-banner\" title=\"Banner SUNO, clique e saiba mais\">\n\t\t\t<picture>\n\t\t\t\t<source media=\"(max-width: 500px)\" srcset=\"https:\/\/files.sunoresearch.com.br\/n\/uploads\/2023\/03\/400x300-Controle-de-Investimentos.png\">\n\t\t\t\t<img class=\"newsContent__article__imgCapa newsContent__article__imgCapa--banner\"\n\t\t\t\t\tsrc=\"https:\/\/files.sunoresearch.com.br\/n\/uploads\/2023\/03\/1420x240-Controle-de-Investimentos.png\"\n\t\t\t\t\tdata-promo-id=\"383162\"\t\t\t\t\t\t\t\t\t\twidth='1420' height='240'\t\t\t\t\talt=\"https:\/\/files.sunoresearch.com.br\/n\/uploads\/2023\/03\/1420x240-Controle-de-Investimentos.png\"\n\t\t\t\t>\n\t\t\t<\/picture>\n\t\t<\/a>\n\t<\/p>\n\n\n<p>\u201cPara a opera\u00e7\u00e3o, desenvolvemos APIs que conectam os sistemas do banco com nossa estrutura digital, o que garante agilidade na contrata\u00e7\u00e3o e acesso \u00e0 rede de dentistas MetLife\u201d, disse a executiva, uma das respons\u00e1veis pela parceria com o <strong>Banco Inter<\/strong>.<\/p>\n<p>A car\u00eancia do plano tem os seguintes termos:<\/p>\n<ul>\n<li>24 horas para procedimentos de urg\u00eancia e emerg\u00eancia<\/li>\n<li>90 dias para demais procedimentos<\/li>\n<li>180 dias para pr\u00f3teses<\/li>\n<\/ul>\n<h2>Banco Inter com 3 milh\u00f5es de correntistas<\/h2>\n<p>A novidade junto \u00e0 Metlife vem ap\u00f3s, na \u00faltima sexta-feira (30), o <strong>Banco Inter<\/strong> ter divulgado o n\u00famero de tr\u00eas milh\u00f5es de correntistas. Com isso, a institui\u00e7\u00e3o financeira se tornou o s\u00e9timo maior banco do Brasil, levando em considera\u00e7\u00e3o o volume de clientes.<\/p>\n<p>Uma das estrat\u00e9gias utilizadas pelo <a href=\"https:\/\/www.suno.com.br\/artigos\/banco-digital\/\"><strong>banco digital<\/strong><\/a> para atrair clientes s\u00e3o as tarifas baixas. Segundo o banco, seus clientes economizaram mais de R$ 1 bilh\u00e3o somente em 2019.<\/p>\n<p><a href=\"https:\/\/www.suno.com.br\/noticias\/banco-inter-tres-milhoes-correntistas\/\">Confira: Banco Inter atinge a marca de tr\u00eas milh\u00f5es de correntistas<\/a><\/p>\n<p>Para exemplificar, o valor m\u00e9dio cobrado pelas institui\u00e7\u00f5es financeiras tradicionais no <strong>Brasil<\/strong> para uma transfer\u00eancia por meio de DOC\/TED varia entre R$ 17,00 a R$ 24,76.<\/p>\n<h2>Reflexo acion\u00e1rio<\/h2>\n<p>A institui\u00e7\u00e3o financeira est\u00e1 no processo de uma nova convers\u00e3o das <a href=\"https:\/\/www.suno.com.br\/artigos\/o-que-sao-acoes-ordinarias-preferenciais-e-units\/\">units<\/a>.<\/p>\n<p><a href=\"https:\/\/www.suno.com.br\/noticias\/banco-inter-2o-periodo-conversao-acoes-programa-units\/\">Saiba mais: Banco Inter far\u00e1 2\u00ba per\u00edodo de convers\u00e3o de a\u00e7\u00f5es em programa de units<\/a><\/p>\n<p>Segundo o comunicado do banco, a convers\u00e3o de a\u00e7\u00f5es ir\u00e1 acontecer no per\u00edodo entre os dias 26 de agosto e 13 de setembro, &#8220;observando os limites legais da propor\u00e7\u00e3o entre o n\u00famero de a\u00e7\u00f5es ordin\u00e1rias e preferenciais de emiss\u00e3o do Banco e a propor\u00e7\u00e3o da participa\u00e7\u00e3o de cada acionista no capital social total do Banco&#8221;.<\/p>\n<p>Na \u00faltima ter\u00e7a-feira (4), as a\u00e7\u00f5es (units) do <strong>Banco Inter<\/strong> fecharam o preg\u00e3o na <a href=\"https:\/\/www.suno.com.br\/artigos\/b3\/\">Bolsa de Valores de S\u00e3o Paulo<\/a> com uma queda de 1,96%. Levando em considera\u00e7\u00e3o as a\u00e7\u00f5es preferenciais (<strong>BIDI4<\/strong>), os pap\u00e9is do banco possuem uma valoriza\u00e7\u00e3o de 330,02% nos \u00faltimos 12 meses.<\/p>\n","protected":false},"excerpt":{"rendered":"<p>Na \u00faltima ter\u00e7a-feira (3), o Banco Inter (BIDI11) anunciou mais um diferencial em seu modelo de neg\u00f3cios. Banco Inter (BIDI11) leiloar\u00e1 15 im\u00f3veis na pr\u00f3xima ter\u00e7a-feira Em parceria com a Metlife, provedora multinacional de seguros, 0 Banco Inter passar\u00e1 a oferecer planos odontol\u00f3gicos totalmente digitais. \u201cEstamos muito felizes em firmar essa parceria com uma empresa [&hellip;]<\/p>\n","protected":false},"author":24,"featured_media":36401,"comment_status":"closed","ping_status":"closed","sticky":false,"template":"","format":"standard","meta":[],"categories":[64],"tags":[369,1937,1222],"suno_strategy":[],"class_list":["post-36393","post","type-post","status-publish","format-standard","has-post-thumbnail","hentry","category-negocios","tag-banco-inter-bidi11-bidi4-bidi3","tag-bolsa-de-valores-de-sao-paulo-b3","tag-seguros"],"yoast_head":"<!-- This site is optimized with the Yoast SEO plugin v24.4 - https:\/\/yoast.com\/wordpress\/plugins\/seo\/ -->\n<title>Banco Inter passa a oferecer planos odontol\u00f3gicos<\/title>\n<meta name=\"description\" content=\"Na \u00faltima ter\u00e7a-feira (3), o Banco Inter (BIDI11) anunciou mais um diferencial em seu modelo de neg\u00f3cios. Clique aqui e saiba mais.\" \/>\n<meta name=\"robots\" content=\"index, follow, max-snippet:-1, max-image-preview:large, max-video-preview:-1\" \/>\n<link rel=\"canonical\" href=\"https:\/\/www.suno.com.br\/noticias\/banco-inter-passa-planos-odontologicos\/\" \/>\n<meta property=\"og:locale\" content=\"pt_BR\" \/>\n<meta property=\"og:type\" content=\"article\" \/>\n<meta property=\"og:title\" content=\"Banco Inter passa a oferecer planos odontol\u00f3gicos\" \/>\n<meta property=\"og:description\" content=\"Na \u00faltima ter\u00e7a-feira (3), o Banco Inter (BIDI11) anunciou mais um diferencial em seu modelo de neg\u00f3cios. Clique aqui e saiba mais.\" \/>\n<meta property=\"og:url\" content=\"https:\/\/www.suno.com.br\/noticias\/banco-inter-passa-planos-odontologicos\/\" \/>\n<meta property=\"og:site_name\" content=\"Suno Not\u00edcias\" \/>\n<meta property=\"article:publisher\" content=\"https:\/\/facebook.com\/sunoresearch\" \/>\n<meta property=\"og:image\" content=\"https:\/\/files.sunoresearch.com.br\/n\/uploads\/2019\/09\/0b0f5602-banco-inter.jpg\" \/>\n\t<meta property=\"og:image:width\" content=\"1260\" \/>\n\t<meta property=\"og:image:height\" content=\"710\" \/>\n\t<meta property=\"og:image:type\" content=\"image\/jpeg\" \/>\n<meta name=\"author\" content=\"Jader Lazarini\" \/>\n<meta name=\"twitter:card\" content=\"summary_large_image\" \/>\n<meta name=\"twitter:creator\" content=\"@sunoresearch\" \/>\n<meta name=\"twitter:site\" content=\"@sunoresearch\" \/>\n<meta name=\"twitter:label1\" content=\"Escrito por\" \/>\n\t<meta name=\"twitter:data1\" content=\"Jader Lazarini\" \/>\n\t<meta name=\"twitter:label2\" content=\"Est. tempo de leitura\" \/>\n\t<meta name=\"twitter:data2\" content=\"2 minutos\" \/>\n<script type=\"application\/ld+json\" class=\"yoast-schema-graph\">{\"@context\":\"https:\/\/schema.org\",\"@graph\":[{\"@type\":\"NewsArticle\",\"@id\":\"https:\/\/www.suno.com.br\/noticias\/banco-inter-passa-planos-odontologicos\/#article\",\"isPartOf\":{\"@id\":\"https:\/\/www.suno.com.br\/noticias\/banco-inter-passa-planos-odontologicos\/\"},\"author\":{\"name\":\"Jader Lazarini\",\"@id\":\"https:\/\/www.suno.com.br\/noticias\/#\/schema\/person\/918d79de1f0281f01599b93f9ea6e23f\"},\"headline\":\"Banco Inter passa a oferecer planos odontol\u00f3gicos\",\"datePublished\":\"2019-09-04T13:49:43+00:00\",\"dateModified\":\"2021-05-29T23:51:16+00:00\",\"mainEntityOfPage\":{\"@id\":\"https:\/\/www.suno.com.br\/noticias\/banco-inter-passa-planos-odontologicos\/\"},\"wordCount\":505,\"publisher\":{\"@id\":\"https:\/\/www.suno.com.br\/noticias\/#organization\"},\"image\":{\"@id\":\"https:\/\/www.suno.com.br\/noticias\/banco-inter-passa-planos-odontologicos\/#primaryimage\"},\"thumbnailUrl\":\"https:\/\/files.sunoresearch.com.br\/n\/uploads\/2019\/09\/0b0f5602-banco-inter-jpg.webp\",\"keywords\":[\"Banco Inter (BIDI11\/BIDI4\/BIDI3)\",\"Bolsa de Valores de S\u00e3o Paulo (B3)\",\"seguros\"],\"articleSection\":[\"Neg\u00f3cios\"],\"inLanguage\":\"pt-BR\"},{\"@type\":\"WebPage\",\"@id\":\"https:\/\/www.suno.com.br\/noticias\/banco-inter-passa-planos-odontologicos\/\",\"url\":\"https:\/\/www.suno.com.br\/noticias\/banco-inter-passa-planos-odontologicos\/\",\"name\":\"Banco Inter passa a oferecer planos odontol\u00f3gicos\",\"isPartOf\":{\"@id\":\"https:\/\/www.suno.com.br\/noticias\/#website\"},\"primaryImageOfPage\":{\"@id\":\"https:\/\/www.suno.com.br\/noticias\/banco-inter-passa-planos-odontologicos\/#primaryimage\"},\"image\":{\"@id\":\"https:\/\/www.suno.com.br\/noticias\/banco-inter-passa-planos-odontologicos\/#primaryimage\"},\"thumbnailUrl\":\"https:\/\/files.sunoresearch.com.br\/n\/uploads\/2019\/09\/0b0f5602-banco-inter-jpg.webp\",\"datePublished\":\"2019-09-04T13:49:43+00:00\",\"dateModified\":\"2021-05-29T23:51:16+00:00\",\"description\":\"Na \u00faltima ter\u00e7a-feira (3), o Banco Inter (BIDI11) anunciou mais um diferencial em seu modelo de neg\u00f3cios. Clique aqui e saiba mais.\",\"breadcrumb\":{\"@id\":\"https:\/\/www.suno.com.br\/noticias\/banco-inter-passa-planos-odontologicos\/#breadcrumb\"},\"inLanguage\":\"pt-BR\",\"potentialAction\":[{\"@type\":\"ReadAction\",\"target\":[\"https:\/\/www.suno.com.br\/noticias\/banco-inter-passa-planos-odontologicos\/\"]}]},{\"@type\":\"ImageObject\",\"inLanguage\":\"pt-BR\",\"@id\":\"https:\/\/www.suno.com.br\/noticias\/banco-inter-passa-planos-odontologicos\/#primaryimage\",\"url\":\"https:\/\/files.sunoresearch.com.br\/n\/uploads\/2019\/09\/0b0f5602-banco-inter-jpg.webp\",\"contentUrl\":\"https:\/\/files.sunoresearch.com.br\/n\/uploads\/2019\/09\/0b0f5602-banco-inter-jpg.webp\",\"width\":1260,\"height\":710,\"caption\":\"Banco Inter (BIDI11) leiloar\u00e1 15 im\u00f3veis na pr\u00f3xima ter\u00e7a-feira\"},{\"@type\":\"BreadcrumbList\",\"@id\":\"https:\/\/www.suno.com.br\/noticias\/banco-inter-passa-planos-odontologicos\/#breadcrumb\",\"itemListElement\":[{\"@type\":\"ListItem\",\"position\":1,\"name\":\"Not\u00edcias\",\"item\":\"https:\/\/www.suno.com.br\/noticias\/\"},{\"@type\":\"ListItem\",\"position\":2,\"name\":\"Neg\u00f3cios\",\"item\":\"https:\/\/www.suno.com.br\/noticias\/negocios\/\"},{\"@type\":\"ListItem\",\"position\":3,\"name\":\"Banco Inter passa a oferecer planos odontol\u00f3gicos\"}]},{\"@type\":\"WebSite\",\"@id\":\"https:\/\/www.suno.com.br\/noticias\/#website\",\"url\":\"https:\/\/www.suno.com.br\/noticias\/\",\"name\":\"Suno Not\u00edcias\",\"description\":\"Seu portal de informa\u00e7\u00e3o sobre o mundo dos investimentos\",\"publisher\":{\"@id\":\"https:\/\/www.suno.com.br\/noticias\/#organization\"},\"potentialAction\":[{\"@type\":\"SearchAction\",\"target\":{\"@type\":\"EntryPoint\",\"urlTemplate\":\"https:\/\/www.suno.com.br\/noticias\/?s={search_term_string}\"},\"query-input\":{\"@type\":\"PropertyValueSpecification\",\"valueRequired\":true,\"valueName\":\"search_term_string\"}}],\"inLanguage\":\"pt-BR\"},{\"@type\":\"Organization\",\"@id\":\"https:\/\/www.suno.com.br\/noticias\/#organization\",\"name\":\"Suno Not\u00edcias\",\"url\":\"https:\/\/www.suno.com.br\/noticias\/\",\"logo\":{\"@type\":\"ImageObject\",\"inLanguage\":\"pt-BR\",\"@id\":\"https:\/\/www.suno.com.br\/noticias\/#\/schema\/logo\/image\/\",\"url\":\"https:\/\/files.sunoresearch.com.br\/n\/uploads\/2021\/09\/suno-logo.png\",\"contentUrl\":\"https:\/\/files.sunoresearch.com.br\/n\/uploads\/2021\/09\/suno-logo.png\",\"width\":180,\"height\":180,\"caption\":\"Suno Not\u00edcias\"},\"image\":{\"@id\":\"https:\/\/www.suno.com.br\/noticias\/#\/schema\/logo\/image\/\"},\"sameAs\":[\"https:\/\/facebook.com\/sunoresearch\",\"https:\/\/x.com\/sunoresearch\",\"https:\/\/www.instagram.com\/suno\",\"https:\/\/www.linkedin.com\/company\/suno-research\/\",\"https:\/\/www.youtube.com\/c\/sunoresearch\"]},{\"@type\":\"Person\",\"@id\":\"https:\/\/www.suno.com.br\/noticias\/#\/schema\/person\/918d79de1f0281f01599b93f9ea6e23f\",\"name\":\"Jader Lazarini\",\"image\":{\"@type\":\"ImageObject\",\"inLanguage\":\"pt-BR\",\"@id\":\"https:\/\/www.suno.com.br\/noticias\/#\/schema\/person\/image\/\",\"url\":\"https:\/\/secure.gravatar.com\/avatar\/3c1ad8caa51589841baeb923fcddea97?s=96&r=g\",\"contentUrl\":\"https:\/\/secure.gravatar.com\/avatar\/3c1ad8caa51589841baeb923fcddea97?s=96&r=g\",\"caption\":\"Jader Lazarini\"},\"description\":\"Jader Lazarini escreve sobre investimentos, finan\u00e7as, economia e neg\u00f3cios. \u00c9 bacharel em Rela\u00e7\u00f5es Internacionais e analista CNPI (2619).\",\"url\":\"https:\/\/www.suno.com.br\/noticias\/author\/jader-lazarini\/\"}]}<\/script>\n<!-- \/ Yoast SEO plugin. -->","yoast_head_json":{"title":"Banco Inter passa a oferecer planos odontol\u00f3gicos","description":"Na \u00faltima ter\u00e7a-feira (3), o Banco Inter (BIDI11) anunciou mais um diferencial em seu modelo de neg\u00f3cios. Clique aqui e saiba mais.","robots":{"index":"index","follow":"follow","max-snippet":"max-snippet:-1","max-image-preview":"max-image-preview:large","max-video-preview":"max-video-preview:-1"},"canonical":"https:\/\/www.suno.com.br\/noticias\/banco-inter-passa-planos-odontologicos\/","og_locale":"pt_BR","og_type":"article","og_title":"Banco Inter passa a oferecer planos odontol\u00f3gicos","og_description":"Na \u00faltima ter\u00e7a-feira (3), o Banco Inter (BIDI11) anunciou mais um diferencial em seu modelo de neg\u00f3cios. Clique aqui e saiba mais.","og_url":"https:\/\/www.suno.com.br\/noticias\/banco-inter-passa-planos-odontologicos\/","og_site_name":"Suno Not\u00edcias","article_publisher":"https:\/\/facebook.com\/sunoresearch","og_image":[{"width":1260,"height":710,"url":"https:\/\/files.sunoresearch.com.br\/n\/uploads\/2019\/09\/0b0f5602-banco-inter.jpg","type":"image\/jpeg"}],"author":"Jader Lazarini","twitter_card":"summary_large_image","twitter_creator":"@sunoresearch","twitter_site":"@sunoresearch","twitter_misc":{"Escrito por":"Jader Lazarini","Est. tempo de leitura":"2 minutos"},"schema":{"@context":"https:\/\/schema.org","@graph":[{"@type":"NewsArticle","@id":"https:\/\/www.suno.com.br\/noticias\/banco-inter-passa-planos-odontologicos\/#article","isPartOf":{"@id":"https:\/\/www.suno.com.br\/noticias\/banco-inter-passa-planos-odontologicos\/"},"author":{"name":"Jader Lazarini","@id":"https:\/\/www.suno.com.br\/noticias\/#\/schema\/person\/918d79de1f0281f01599b93f9ea6e23f"},"headline":"Banco Inter passa a oferecer planos odontol\u00f3gicos","datePublished":"2019-09-04T13:49:43+00:00","dateModified":"2021-05-29T23:51:16+00:00","mainEntityOfPage":{"@id":"https:\/\/www.suno.com.br\/noticias\/banco-inter-passa-planos-odontologicos\/"},"wordCount":505,"publisher":{"@id":"https:\/\/www.suno.com.br\/noticias\/#organization"},"image":{"@id":"https:\/\/www.suno.com.br\/noticias\/banco-inter-passa-planos-odontologicos\/#primaryimage"},"thumbnailUrl":"https:\/\/files.sunoresearch.com.br\/n\/uploads\/2019\/09\/0b0f5602-banco-inter-jpg.webp","keywords":["Banco Inter (BIDI11\/BIDI4\/BIDI3)","Bolsa de Valores de S\u00e3o Paulo (B3)","seguros"],"articleSection":["Neg\u00f3cios"],"inLanguage":"pt-BR"},{"@type":"WebPage","@id":"https:\/\/www.suno.com.br\/noticias\/banco-inter-passa-planos-odontologicos\/","url":"https:\/\/www.suno.com.br\/noticias\/banco-inter-passa-planos-odontologicos\/","name":"Banco Inter passa a oferecer planos odontol\u00f3gicos","isPartOf":{"@id":"https:\/\/www.suno.com.br\/noticias\/#website"},"primaryImageOfPage":{"@id":"https:\/\/www.suno.com.br\/noticias\/banco-inter-passa-planos-odontologicos\/#primaryimage"},"image":{"@id":"https:\/\/www.suno.com.br\/noticias\/banco-inter-passa-planos-odontologicos\/#primaryimage"},"thumbnailUrl":"https:\/\/files.sunoresearch.com.br\/n\/uploads\/2019\/09\/0b0f5602-banco-inter-jpg.webp","datePublished":"2019-09-04T13:49:43+00:00","dateModified":"2021-05-29T23:51:16+00:00","description":"Na \u00faltima ter\u00e7a-feira (3), o Banco Inter (BIDI11) anunciou mais um diferencial em seu modelo de neg\u00f3cios. Clique aqui e saiba mais.","breadcrumb":{"@id":"https:\/\/www.suno.com.br\/noticias\/banco-inter-passa-planos-odontologicos\/#breadcrumb"},"inLanguage":"pt-BR","potentialAction":[{"@type":"ReadAction","target":["https:\/\/www.suno.com.br\/noticias\/banco-inter-passa-planos-odontologicos\/"]}]},{"@type":"ImageObject","inLanguage":"pt-BR","@id":"https:\/\/www.suno.com.br\/noticias\/banco-inter-passa-planos-odontologicos\/#primaryimage","url":"https:\/\/files.sunoresearch.com.br\/n\/uploads\/2019\/09\/0b0f5602-banco-inter-jpg.webp","contentUrl":"https:\/\/files.sunoresearch.com.br\/n\/uploads\/2019\/09\/0b0f5602-banco-inter-jpg.webp","width":1260,"height":710,"caption":"Banco Inter (BIDI11) leiloar\u00e1 15 im\u00f3veis na pr\u00f3xima ter\u00e7a-feira"},{"@type":"BreadcrumbList","@id":"https:\/\/www.suno.com.br\/noticias\/banco-inter-passa-planos-odontologicos\/#breadcrumb","itemListElement":[{"@type":"ListItem","position":1,"name":"Not\u00edcias","item":"https:\/\/www.suno.com.br\/noticias\/"},{"@type":"ListItem","position":2,"name":"Neg\u00f3cios","item":"https:\/\/www.suno.com.br\/noticias\/negocios\/"},{"@type":"ListItem","position":3,"name":"Banco Inter passa a oferecer planos odontol\u00f3gicos"}]},{"@type":"WebSite","@id":"https:\/\/www.suno.com.br\/noticias\/#website","url":"https:\/\/www.suno.com.br\/noticias\/","name":"Suno Not\u00edcias","description":"Seu portal de informa\u00e7\u00e3o sobre o mundo dos investimentos","publisher":{"@id":"https:\/\/www.suno.com.br\/noticias\/#organization"},"potentialAction":[{"@type":"SearchAction","target":{"@type":"EntryPoint","urlTemplate":"https:\/\/www.suno.com.br\/noticias\/?s={search_term_string}"},"query-input":{"@type":"PropertyValueSpecification","valueRequired":true,"valueName":"search_term_string"}}],"inLanguage":"pt-BR"},{"@type":"Organization","@id":"https:\/\/www.suno.com.br\/noticias\/#organization","name":"Suno Not\u00edcias","url":"https:\/\/www.suno.com.br\/noticias\/","logo":{"@type":"ImageObject","inLanguage":"pt-BR","@id":"https:\/\/www.suno.com.br\/noticias\/#\/schema\/logo\/image\/","url":"https:\/\/files.sunoresearch.com.br\/n\/uploads\/2021\/09\/suno-logo.png","contentUrl":"https:\/\/files.sunoresearch.com.br\/n\/uploads\/2021\/09\/suno-logo.png","width":180,"height":180,"caption":"Suno Not\u00edcias"},"image":{"@id":"https:\/\/www.suno.com.br\/noticias\/#\/schema\/logo\/image\/"},"sameAs":["https:\/\/facebook.com\/sunoresearch","https:\/\/x.com\/sunoresearch","https:\/\/www.instagram.com\/suno","https:\/\/www.linkedin.com\/company\/suno-research\/","https:\/\/www.youtube.com\/c\/sunoresearch"]},{"@type":"Person","@id":"https:\/\/www.suno.com.br\/noticias\/#\/schema\/person\/918d79de1f0281f01599b93f9ea6e23f","name":"Jader Lazarini","image":{"@type":"ImageObject","inLanguage":"pt-BR","@id":"https:\/\/www.suno.com.br\/noticias\/#\/schema\/person\/image\/","url":"https:\/\/secure.gravatar.com\/avatar\/3c1ad8caa51589841baeb923fcddea97?s=96&r=g","contentUrl":"https:\/\/secure.gravatar.com\/avatar\/3c1ad8caa51589841baeb923fcddea97?s=96&r=g","caption":"Jader Lazarini"},"description":"Jader Lazarini escreve sobre investimentos, finan\u00e7as, economia e neg\u00f3cios. \u00c9 bacharel em Rela\u00e7\u00f5es Internacionais e analista CNPI (2619).","url":"https:\/\/www.suno.com.br\/noticias\/author\/jader-lazarini\/"}]}},"default_loop_html":"<div class=\"cardsPage__listCard__boxs\"><div class=\"cardsPage__listCard__boxs__img\"><a href=\"https:\/\/www.suno.com.br\/noticias\/banco-inter-passa-planos-odontologicos\/\"><img class=\"mask\" src=\"https:\/\/www.suno.com.br\/noticias\/wp-content\/themes\/suno\/resources\/images\/spotlight\/spotlight1img\/bg-mask.png\" alt=\"Image Mask\"\/><img src=\"https:\/\/files.sunoresearch.com.br\/n\/uploads\/2019\/09\/0b0f5602-banco-inter-400x200.webp\" alt=\"Banco Inter passa a oferecer planos odontol\u00f3gicos\"\/><\/a><span class=\"spotlightCategory\"><a href=\"https:\/\/www.suno.com.br\/noticias\/negocios\/\">Neg\u00f3cios<\/a><\/span><\/div><div class=\"cardsPage__listCard__boxs__content\"><a href=\"https:\/\/www.suno.com.br\/noticias\/banco-inter-passa-planos-odontologicos\/\"><h2 class=\"content__title\">Banco Inter passa a oferecer planos odontol\u00f3gicos<\/h2><\/a><div class=\"newsContent__article__meta\"><div class=\"newsContent__article__meta__authorBox\"><a href=\"https:\/\/www.suno.com.br\/noticias\/author\/jader-lazarini\/\" class=\"authorBox__avatar noMobi\"><img src=\"https:\/\/files.sunoresearch.com.br\/n\/uploads\/2021\/01\/178e6598-foto-perfil-2-150x150.jpg\" alt=\"Jader Lazarini\"><\/a><div class=\"authorBox__name\"><span>por\n\t\t\t<a href=\"https:\/\/www.suno.com.br\/noticias\/author\/jader-lazarini\/\"><span itemprop=\"author\">Jader Lazarini<\/span><\/a><\/span><time datetime=\"2019-09-04T10:49:43-03:00\" itemprop=\"datePublished\">04\/09\/2019 10:49<\/time><\/div><\/div><\/div><\/div><\/div>","single_layout":"posts","amp_enabled":true,"_links":{"self":[{"href":"https:\/\/www.suno.com.br\/noticias\/wp-json\/wp\/v2\/posts\/36393"}],"collection":[{"href":"https:\/\/www.suno.com.br\/noticias\/wp-json\/wp\/v2\/posts"}],"about":[{"href":"https:\/\/www.suno.com.br\/noticias\/wp-json\/wp\/v2\/types\/post"}],"author":[{"embeddable":true,"href":"https:\/\/www.suno.com.br\/noticias\/wp-json\/wp\/v2\/users\/24"}],"replies":[{"embeddable":true,"href":"https:\/\/www.suno.com.br\/noticias\/wp-json\/wp\/v2\/comments?post=36393"}],"version-history":[{"count":1,"href":"https:\/\/www.suno.com.br\/noticias\/wp-json\/wp\/v2\/posts\/36393\/revisions"}],"predecessor-version":[{"id":152302,"href":"https:\/\/www.suno.com.br\/noticias\/wp-json\/wp\/v2\/posts\/36393\/revisions\/152302"}],"wp:featuredmedia":[{"embeddable":true,"href":"https:\/\/www.suno.com.br\/noticias\/wp-json\/wp\/v2\/media\/36401"}],"wp:attachment":[{"href":"https:\/\/www.suno.com.br\/noticias\/wp-json\/wp\/v2\/media?parent=36393"}],"wp:term":[{"taxonomy":"category","embeddable":true,"href":"https:\/\/www.suno.com.br\/noticias\/wp-json\/wp\/v2\/categories?post=36393"},{"taxonomy":"post_tag","embeddable":true,"href":"https:\/\/www.suno.com.br\/noticias\/wp-json\/wp\/v2\/tags?post=36393"},{"taxonomy":"suno_strategy","embeddable":true,"href":"https:\/\/www.suno.com.br\/noticias\/wp-json\/wp\/v2\/suno_strategy?post=36393"}],"curies":[{"name":"wp","href":"https:\/\/api.w.org\/{rel}","templated":true}]}}