{"id":363880,"date":"2023-02-14T15:27:08","date_gmt":"2023-02-14T18:27:08","guid":{"rendered":"https:\/\/www.suno.com.br\/noticias\/?p=363880"},"modified":"2023-02-14T15:50:35","modified_gmt":"2023-02-14T18:50:35","slug":"imposto-renda-2023-data-entrega-declaracoes","status":"publish","type":"post","link":"https:\/\/www.suno.com.br\/noticias\/imposto-renda-2023-data-entrega-declaracoes\/","title":{"rendered":"Imposto de Renda 2023: Receita bate o martelo e define data para entrega das declara\u00e7\u00f5es; confira"},"content":{"rendered":"<p>A <a class=\"suno-keyword\" target=\"_blank\" data-force=\"no\" data-priority=\"3\" href=\"https:\/\/www.suno.com.br\/artigos\/receita-federal\/\" rel=\"noopener\">Receita Federal<\/a> bateu o martelo e definiu o per\u00edodo de entrega das declara\u00e7\u00f5es do <strong>Imposto de Renda 2023<\/strong>. Segundo informa\u00e7\u00f5es divulgadas nesta ter\u00e7a (14), os contribuintes ter\u00e3o que prestar contas com o Le\u00e3o no per\u00edodo entre 15 de mar\u00e7o e 31 de maio.<\/p>\t<div class=\"wrapper-featured-image\">\n\t\t<figure class=\"spotlightImg\">\n\n\t\t\t<picture>\n\t\t\t\t<source media=\"(max-width: 768px)\" srcset=\"https:\/\/files.sunoresearch.com.br\/n\/uploads\/2023\/02\/imposto-de-renda-2023-foto-marcelo-camargo-agencira-brasil-400x200.jpg\">\n\t\t\t\t<img loading=\"lazy\" decoding=\"async\" class=\"newsContent__article__imgCapa lazyloadDisabled \" src=\"https:\/\/files.sunoresearch.com.br\/n\/uploads\/2023\/02\/imposto-de-renda-2023-foto-marcelo-camargo-agencira-brasil-800x450.jpg\" width=\"800\" height=\"450\" alt=\"Imposto de Renda 2023: Receita bate o martelo e define data para entrega das declara\u00e7\u00f5es; confira\" fetchpriority=high \/>\n\t\t\t<\/picture>\n\n\t\t\t<figcaption class=\"wp-caption-text wp-caption-text--show\">Imposto de Renda. Foto: Marcelo Camargo\/Ag\u00eancia Brasil<\/figcaption>\n\t\t<\/figure>\n\t<\/div>\n\n\n\n\n\n\t<p>\n\t\t<a href=\"\" target=\"_blank\" data-element=\"shortcode-suno-banner\" title=\"Banner SUNO, clique e saiba mais\">\n\t\t\t<picture>\n\t\t\t\t<source media=\"(max-width: 500px)\" srcset=\"\">\n\t\t\t\t<img class=\"newsContent__article__imgCapa newsContent__article__imgCapa--banner\"\n\t\t\t\t\tsrc=\"\"\n\t\t\t\t\tdata-promo-id=\"77027\"\t\t\t\t\t\t\t\t\t\t\t\t\t\t\talt=\"\"\n\t\t\t\t>\n\t\t\t<\/picture>\n\t\t<\/a>\n\t<\/p>\n\n\n\n\n\n<p>Tradicionalmente, a <strong>entrega da declara\u00e7\u00e3o do Imposto de Renda<\/strong> come\u00e7a no in\u00edcio de mar\u00e7o. Por\u00e9m, segundo o \u00f3rg\u00e3o, essa altera\u00e7\u00e3o para o meio do m\u00eas tem como objetivo permitir com que os contribuintes contem com os benef\u00edcios da declara\u00e7\u00e3o pr\u00e9-preenchida desde o in\u00edcio do prazo.<\/p>\n\n\n\n<p>&#8220;Como a maioria das informa\u00e7\u00f5es que ser\u00e3o disponibilizadas aos contribuintes pela declara\u00e7\u00e3o pr\u00e9-preenchida chegar\u00e3o \u00e0 <strong>Receita Federal<\/strong> no final de fevereiro, h\u00e1 a necessidade de um prazo para consolida\u00e7\u00e3o dos dados. A pr\u00e9-preenchida proporciona menos erros e maior comodidade ao contribuinte&#8221;, explicou o auditor fiscal Jos\u00e9 Carlos Fernandes da Fonseca, supervisor nacional do programa do <a class=\"suno-keyword\" target=\"_blank\" data-force=\"no\" data-priority=\"2\" href=\"https:\/\/www.suno.com.br\/guias\/imposto-de-renda-guia\/\" rel=\"noopener\">Imposto de Renda<\/a>, em comunicado \u00e0 imprensa.<\/p>\n\n\n\t<p>\n\t\t<a href=\"\" target=\"_blank\" data-element=\"shortcode-suno-banner\" title=\"Banner SUNO, clique e saiba mais\">\n\t\t\t<picture>\n\t\t\t\t<source media=\"(max-width: 500px)\" srcset=\"\">\n\t\t\t\t<img class=\"newsContent__article__imgCapa newsContent__article__imgCapa--banner\"\n\t\t\t\t\tsrc=\"\"\n\t\t\t\t\tdata-promo-id=\"257748\"\t\t\t\t\t\t\t\t\t\t\t\t\t\t\talt=\"\"\n\t\t\t\t>\n\t\t\t<\/picture>\n\t\t<\/a>\n\t<\/p>\n\n\n\n\n\n<h2 class=\"wp-block-heading\" id=\"h-imposto-de-renda-2023-documentos-necessarios\">Imposto de Renda 2023: Documentos necess\u00e1rios<\/h2>\n\n\n\n<p>De forma geral, a lista de<strong>&nbsp;documentos do Imposto de Renda<\/strong>&nbsp;contempla os seguintes dados:<\/p>\n\n\n\n<ul class=\"wp-block-list\">\n<li>CPF<\/li>\n\n\n\n<li>Comprovante de resid\u00eancia<\/li>\n\n\n\n<li>T\u00edtulo de eleitor<\/li>\n\n\n\n<li>N\u00famero da conta e da ag\u00eancia banc\u00e1ria para o recebimento da restitui\u00e7\u00e3o<\/li>\n\n\n\n<li>Informa\u00e7\u00f5es dos dependentes e do companheiro (a), caso haja: Nome completo, CPF e data de nascimento.<\/li>\n<\/ul>\n\n\n\t<div data-element=\"shortcode-read-more\" class=\"knowMore\">\n\t\t\t\t<span class=\"knowMore__title\">Leia mais<\/span>\n\t\t\t\t<a class=\"knowMore__link\" href=\"https:\/\/www.suno.com.br\/noticias\/imposto-renda-2023-documentos-necessarios-lista\/\">\n\t\t\tImposto de Renda 2023: veja os documentos necess\u00e1rios e se prepare para a declara\u00e7\u00e3o\t\t<\/a>\n\t<\/div>\n\n\n\n\n<p>Caso o contribuinte tenha feito a declara\u00e7\u00e3o em 2022, \u00e9 necess\u00e1rio informar o n\u00famero do documento.<\/p>\n\n\n\n<p>Uma das&nbsp;<strong>exig\u00eancias da Receita Federal<\/strong>&nbsp;\u00e9 que os contribuintes informem o CPF de todos os dependentes, de qualquer idade. Caso o dependente n\u00e3o possua o documento, a solicita\u00e7\u00e3o desse cadastro dever\u00e1 ser realizada nas ag\u00eancias dos Correios, do Banco do Brasil ou da Caixa Econ\u00f4mica Federal.<\/p>\n\n\n\t<p>\n\t\t<a href=\"https:\/\/lp.suno.com.br\/planilha-controle-gastos\/\" target=\"_blank\" data-element=\"shortcode-suno-banner\" title=\"Banner SUNO, clique e saiba mais\">\n\t\t\t<picture>\n\t\t\t\t<source media=\"(max-width: 500px)\" srcset=\"https:\/\/files.sunoresearch.com.br\/n\/uploads\/2023\/03\/400x300-Planilha-controle-de-gastos.png\">\n\t\t\t\t<img class=\"newsContent__article__imgCapa newsContent__article__imgCapa--banner\"\n\t\t\t\t\tsrc=\"https:\/\/files.sunoresearch.com.br\/n\/uploads\/2023\/03\/1420x240-Planilha-controle-de-gastos.png\"\n\t\t\t\t\tdata-promo-id=\"101751\"\t\t\t\t\t\t\t\t\t\twidth='1420' height='240'\t\t\t\t\talt=\"https:\/\/files.sunoresearch.com.br\/n\/uploads\/2023\/03\/1420x240-Planilha-controle-de-gastos.png\"\n\t\t\t\t>\n\t\t\t<\/picture>\n\t\t<\/a>\n\t<\/p>\n\n\n\n\n\n<p>Al\u00e9m desses documentos b\u00e1sicos, o contribuinte precisar\u00e1 de informa\u00e7\u00f5es pessoais, como os comprovantes de renda, que variam conforme cada caso (trabalhador CLT, MEI, aposentados e pensionistas).<\/p>\n\n\n\n<p>Investimentos em&nbsp;<a href=\"https:\/\/www.suno.com.br\/artigos\/renda-variavel-7-dicas\/\" target=\"_blank\" rel=\"noreferrer noopener\">renda vari\u00e1vel<\/a>, compra e venda de bens de valor como carros e im\u00f3veis e financiamentos tamb\u00e9m devem estar presentes na declara\u00e7\u00e3o do&nbsp;<strong>Imposto de Renda 2023<\/strong>.<\/p>\n\n\n\t<p>\n\t\t<a href=\"https:\/\/lp.suno.com.br\/planilha-da-vida-financeira\/\" target=\"_blank\" data-element=\"shortcode-suno-banner\" title=\"Banner SUNO, clique e saiba mais\">\n\t\t\t<picture>\n\t\t\t\t<source media=\"(max-width: 500px)\" srcset=\"https:\/\/files.sunoresearch.com.br\/n\/uploads\/2023\/04\/400x300-Planilha-vida-financeira-true.png\">\n\t\t\t\t<img class=\"newsContent__article__imgCapa newsContent__article__imgCapa--banner\"\n\t\t\t\t\tsrc=\"https:\/\/files.sunoresearch.com.br\/n\/uploads\/2023\/04\/1420x240-Planilha-vida-financeira-true.png\"\n\t\t\t\t\tdata-promo-id=\"106682\"\t\t\t\t\t\t\t\t\t\twidth='1420' height='240'\t\t\t\t\talt=\"https:\/\/files.sunoresearch.com.br\/n\/uploads\/2023\/04\/1420x240-Planilha-vida-financeira-true.png\"\n\t\t\t\t>\n\t\t\t<\/picture>\n\t\t<\/a>\n\t<\/p>\n\n\n","protected":false},"excerpt":{"rendered":"<p>A Receita Federal bateu o martelo e definiu o per\u00edodo de entrega das declara\u00e7\u00f5es do Imposto de Renda 2023. Segundo informa\u00e7\u00f5es divulgadas nesta ter\u00e7a (14), os contribuintes ter\u00e3o que prestar contas com o Le\u00e3o no per\u00edodo entre 15 de mar\u00e7o e 31 de maio. Imposto de Renda. Foto: Marcelo Camargo\/Ag\u00eancia Brasil Tradicionalmente, a entrega da [&hellip;]<\/p>\n","protected":false},"author":232,"featured_media":363902,"comment_status":"closed","ping_status":"closed","sticky":false,"template":"","format":"standard","meta":[],"categories":[65],"tags":[303],"suno_strategy":[],"class_list":["post-363880","post","type-post","status-publish","format-standard","has-post-thumbnail","hentry","category-financas-pessoais","tag-imposto-de-renda"],"yoast_head":"<!-- This site is optimized with the Yoast SEO plugin v24.4 - https:\/\/yoast.com\/wordpress\/plugins\/seo\/ -->\n<title>Imposto de Renda 2023: Receita define data para entrega das declara\u00e7\u00f5es<\/title>\n<meta name=\"description\" content=\"A Receita Federal bateu o martelo e definiu o per\u00edodo de entrega das declara\u00e7\u00f5es do Imposto de Renda 2023. Saiba mais!\" \/>\n<meta name=\"robots\" content=\"index, follow, max-snippet:-1, max-image-preview:large, max-video-preview:-1\" \/>\n<link rel=\"canonical\" href=\"https:\/\/www.suno.com.br\/noticias\/imposto-renda-2023-data-entrega-declaracoes\/\" \/>\n<meta property=\"og:locale\" content=\"pt_BR\" \/>\n<meta property=\"og:type\" content=\"article\" \/>\n<meta property=\"og:title\" content=\"Imposto de Renda 2023: Receita define data para entrega das declara\u00e7\u00f5es\" \/>\n<meta property=\"og:description\" content=\"A Receita Federal bateu o martelo e definiu o per\u00edodo de entrega das declara\u00e7\u00f5es do Imposto de Renda 2023. Saiba mais!\" \/>\n<meta property=\"og:url\" content=\"https:\/\/www.suno.com.br\/noticias\/imposto-renda-2023-data-entrega-declaracoes\/\" \/>\n<meta property=\"og:site_name\" content=\"Suno Not\u00edcias\" \/>\n<meta property=\"article:publisher\" content=\"https:\/\/facebook.com\/sunoresearch\" \/>\n<meta property=\"og:image\" content=\"https:\/\/files.sunoresearch.com.br\/n\/uploads\/2023\/02\/imposto-de-renda-2023-foto-marcelo-camargo-agencira-brasil.jpg\" \/>\n\t<meta property=\"og:image:width\" content=\"1200\" \/>\n\t<meta property=\"og:image:height\" content=\"675\" \/>\n\t<meta property=\"og:image:type\" content=\"image\/jpeg\" \/>\n<meta name=\"author\" content=\"Erick Matheus Nery\" \/>\n<meta name=\"twitter:card\" content=\"summary_large_image\" \/>\n<meta name=\"twitter:creator\" content=\"@sunoresearch\" \/>\n<meta name=\"twitter:site\" content=\"@sunoresearch\" \/>\n<meta name=\"twitter:label1\" content=\"Escrito por\" \/>\n\t<meta name=\"twitter:data1\" content=\"Erick Matheus Nery\" \/>\n\t<meta name=\"twitter:label2\" content=\"Est. tempo de leitura\" \/>\n\t<meta name=\"twitter:data2\" content=\"2 minutos\" \/>\n<script type=\"application\/ld+json\" class=\"yoast-schema-graph\">{\"@context\":\"https:\/\/schema.org\",\"@graph\":[{\"@type\":\"NewsArticle\",\"@id\":\"https:\/\/www.suno.com.br\/noticias\/imposto-renda-2023-data-entrega-declaracoes\/#article\",\"isPartOf\":{\"@id\":\"https:\/\/www.suno.com.br\/noticias\/imposto-renda-2023-data-entrega-declaracoes\/\"},\"author\":{\"name\":\"Erick Matheus Nery\",\"@id\":\"https:\/\/www.suno.com.br\/noticias\/#\/schema\/person\/6899bc3f19d1a7315f807131c2c013a0\"},\"headline\":\"Imposto de Renda 2023: Receita bate o martelo e define data para entrega das declara\u00e7\u00f5es; confira\",\"datePublished\":\"2023-02-14T18:27:08+00:00\",\"dateModified\":\"2023-02-14T18:50:35+00:00\",\"mainEntityOfPage\":{\"@id\":\"https:\/\/www.suno.com.br\/noticias\/imposto-renda-2023-data-entrega-declaracoes\/\"},\"wordCount\":397,\"publisher\":{\"@id\":\"https:\/\/www.suno.com.br\/noticias\/#organization\"},\"image\":{\"@id\":\"https:\/\/www.suno.com.br\/noticias\/imposto-renda-2023-data-entrega-declaracoes\/#primaryimage\"},\"thumbnailUrl\":\"https:\/\/files.sunoresearch.com.br\/n\/uploads\/2023\/02\/imposto-de-renda-2023-foto-marcelo-camargo-agencira-brasil.jpg\",\"keywords\":[\"Imposto de Renda\"],\"articleSection\":[\"Finan\u00e7as Pessoais\"],\"inLanguage\":\"pt-BR\"},{\"@type\":\"WebPage\",\"@id\":\"https:\/\/www.suno.com.br\/noticias\/imposto-renda-2023-data-entrega-declaracoes\/\",\"url\":\"https:\/\/www.suno.com.br\/noticias\/imposto-renda-2023-data-entrega-declaracoes\/\",\"name\":\"Imposto de Renda 2023: Receita define data para entrega das declara\u00e7\u00f5es\",\"isPartOf\":{\"@id\":\"https:\/\/www.suno.com.br\/noticias\/#website\"},\"primaryImageOfPage\":{\"@id\":\"https:\/\/www.suno.com.br\/noticias\/imposto-renda-2023-data-entrega-declaracoes\/#primaryimage\"},\"image\":{\"@id\":\"https:\/\/www.suno.com.br\/noticias\/imposto-renda-2023-data-entrega-declaracoes\/#primaryimage\"},\"thumbnailUrl\":\"https:\/\/files.sunoresearch.com.br\/n\/uploads\/2023\/02\/imposto-de-renda-2023-foto-marcelo-camargo-agencira-brasil.jpg\",\"datePublished\":\"2023-02-14T18:27:08+00:00\",\"dateModified\":\"2023-02-14T18:50:35+00:00\",\"description\":\"A Receita Federal bateu o martelo e definiu o per\u00edodo de entrega das declara\u00e7\u00f5es do Imposto de Renda 2023. Saiba mais!\",\"breadcrumb\":{\"@id\":\"https:\/\/www.suno.com.br\/noticias\/imposto-renda-2023-data-entrega-declaracoes\/#breadcrumb\"},\"inLanguage\":\"pt-BR\",\"potentialAction\":[{\"@type\":\"ReadAction\",\"target\":[\"https:\/\/www.suno.com.br\/noticias\/imposto-renda-2023-data-entrega-declaracoes\/\"]}]},{\"@type\":\"ImageObject\",\"inLanguage\":\"pt-BR\",\"@id\":\"https:\/\/www.suno.com.br\/noticias\/imposto-renda-2023-data-entrega-declaracoes\/#primaryimage\",\"url\":\"https:\/\/files.sunoresearch.com.br\/n\/uploads\/2023\/02\/imposto-de-renda-2023-foto-marcelo-camargo-agencira-brasil.jpg\",\"contentUrl\":\"https:\/\/files.sunoresearch.com.br\/n\/uploads\/2023\/02\/imposto-de-renda-2023-foto-marcelo-camargo-agencira-brasil.jpg\",\"width\":1200,\"height\":675,\"caption\":\"Imposto de Renda. Foto: Marcelo Camargo\/Ag\u00eancia Brasil\"},{\"@type\":\"BreadcrumbList\",\"@id\":\"https:\/\/www.suno.com.br\/noticias\/imposto-renda-2023-data-entrega-declaracoes\/#breadcrumb\",\"itemListElement\":[{\"@type\":\"ListItem\",\"position\":1,\"name\":\"Not\u00edcias\",\"item\":\"https:\/\/www.suno.com.br\/noticias\/\"},{\"@type\":\"ListItem\",\"position\":2,\"name\":\"Finan\u00e7as Pessoais\",\"item\":\"https:\/\/www.suno.com.br\/noticias\/financas-pessoais\/\"},{\"@type\":\"ListItem\",\"position\":3,\"name\":\"Imposto de Renda 2023: Receita bate o martelo e define data para entrega das declara\u00e7\u00f5es; confira\"}]},{\"@type\":\"WebSite\",\"@id\":\"https:\/\/www.suno.com.br\/noticias\/#website\",\"url\":\"https:\/\/www.suno.com.br\/noticias\/\",\"name\":\"Suno Not\u00edcias\",\"description\":\"Seu portal de informa\u00e7\u00e3o sobre o mundo dos investimentos\",\"publisher\":{\"@id\":\"https:\/\/www.suno.com.br\/noticias\/#organization\"},\"potentialAction\":[{\"@type\":\"SearchAction\",\"target\":{\"@type\":\"EntryPoint\",\"urlTemplate\":\"https:\/\/www.suno.com.br\/noticias\/?s={search_term_string}\"},\"query-input\":{\"@type\":\"PropertyValueSpecification\",\"valueRequired\":true,\"valueName\":\"search_term_string\"}}],\"inLanguage\":\"pt-BR\"},{\"@type\":\"Organization\",\"@id\":\"https:\/\/www.suno.com.br\/noticias\/#organization\",\"name\":\"Suno Not\u00edcias\",\"url\":\"https:\/\/www.suno.com.br\/noticias\/\",\"logo\":{\"@type\":\"ImageObject\",\"inLanguage\":\"pt-BR\",\"@id\":\"https:\/\/www.suno.com.br\/noticias\/#\/schema\/logo\/image\/\",\"url\":\"https:\/\/files.sunoresearch.com.br\/n\/uploads\/2021\/09\/suno-logo.png\",\"contentUrl\":\"https:\/\/files.sunoresearch.com.br\/n\/uploads\/2021\/09\/suno-logo.png\",\"width\":180,\"height\":180,\"caption\":\"Suno Not\u00edcias\"},\"image\":{\"@id\":\"https:\/\/www.suno.com.br\/noticias\/#\/schema\/logo\/image\/\"},\"sameAs\":[\"https:\/\/facebook.com\/sunoresearch\",\"https:\/\/x.com\/sunoresearch\",\"https:\/\/www.instagram.com\/suno\",\"https:\/\/www.linkedin.com\/company\/suno-research\/\",\"https:\/\/www.youtube.com\/c\/sunoresearch\"]},{\"@type\":\"Person\",\"@id\":\"https:\/\/www.suno.com.br\/noticias\/#\/schema\/person\/6899bc3f19d1a7315f807131c2c013a0\",\"name\":\"Erick Matheus Nery\",\"image\":{\"@type\":\"ImageObject\",\"inLanguage\":\"pt-BR\",\"@id\":\"https:\/\/www.suno.com.br\/noticias\/#\/schema\/person\/image\/\",\"url\":\"https:\/\/secure.gravatar.com\/avatar\/518ddffe438ccb767782d372a66304d2?s=96&r=g\",\"contentUrl\":\"https:\/\/secure.gravatar.com\/avatar\/518ddffe438ccb767782d372a66304d2?s=96&r=g\",\"caption\":\"Erick Matheus Nery\"},\"description\":\"Formado em Jornalismo pela Universidade Federal do Par\u00e1 (UFPA), conta com extens\u00e3o em Jornalismo Econ\u00f4mico pela Funda\u00e7\u00e3o Get\u00falio Vargas (FGV). No Suno Not\u00edcias, atua como rep\u00f3rter de Mercado, com foco nos setores de telecomunica\u00e7\u00f5es, varejo, alimentos e renda fixa. Conta com passagens pelo jornal O Estado de S\u00e3o Paulo, como trainee de Jornalismo Econ\u00f4mico, e pelo site Not\u00edcias da TV.\",\"url\":\"https:\/\/www.suno.com.br\/noticias\/author\/erick-nery\/\"}]}<\/script>\n<!-- \/ Yoast SEO plugin. -->","yoast_head_json":{"title":"Imposto de Renda 2023: Receita define data para entrega das declara\u00e7\u00f5es","description":"A Receita Federal bateu o martelo e definiu o per\u00edodo de entrega das declara\u00e7\u00f5es do Imposto de Renda 2023. Saiba mais!","robots":{"index":"index","follow":"follow","max-snippet":"max-snippet:-1","max-image-preview":"max-image-preview:large","max-video-preview":"max-video-preview:-1"},"canonical":"https:\/\/www.suno.com.br\/noticias\/imposto-renda-2023-data-entrega-declaracoes\/","og_locale":"pt_BR","og_type":"article","og_title":"Imposto de Renda 2023: Receita define data para entrega das declara\u00e7\u00f5es","og_description":"A Receita Federal bateu o martelo e definiu o per\u00edodo de entrega das declara\u00e7\u00f5es do Imposto de Renda 2023. Saiba mais!","og_url":"https:\/\/www.suno.com.br\/noticias\/imposto-renda-2023-data-entrega-declaracoes\/","og_site_name":"Suno Not\u00edcias","article_publisher":"https:\/\/facebook.com\/sunoresearch","og_image":[{"width":1200,"height":675,"url":"https:\/\/files.sunoresearch.com.br\/n\/uploads\/2023\/02\/imposto-de-renda-2023-foto-marcelo-camargo-agencira-brasil.jpg","type":"image\/jpeg"}],"author":"Erick Matheus Nery","twitter_card":"summary_large_image","twitter_creator":"@sunoresearch","twitter_site":"@sunoresearch","twitter_misc":{"Escrito por":"Erick Matheus Nery","Est. tempo de leitura":"2 minutos"},"schema":{"@context":"https:\/\/schema.org","@graph":[{"@type":"NewsArticle","@id":"https:\/\/www.suno.com.br\/noticias\/imposto-renda-2023-data-entrega-declaracoes\/#article","isPartOf":{"@id":"https:\/\/www.suno.com.br\/noticias\/imposto-renda-2023-data-entrega-declaracoes\/"},"author":{"name":"Erick Matheus Nery","@id":"https:\/\/www.suno.com.br\/noticias\/#\/schema\/person\/6899bc3f19d1a7315f807131c2c013a0"},"headline":"Imposto de Renda 2023: Receita bate o martelo e define data para entrega das declara\u00e7\u00f5es; confira","datePublished":"2023-02-14T18:27:08+00:00","dateModified":"2023-02-14T18:50:35+00:00","mainEntityOfPage":{"@id":"https:\/\/www.suno.com.br\/noticias\/imposto-renda-2023-data-entrega-declaracoes\/"},"wordCount":397,"publisher":{"@id":"https:\/\/www.suno.com.br\/noticias\/#organization"},"image":{"@id":"https:\/\/www.suno.com.br\/noticias\/imposto-renda-2023-data-entrega-declaracoes\/#primaryimage"},"thumbnailUrl":"https:\/\/files.sunoresearch.com.br\/n\/uploads\/2023\/02\/imposto-de-renda-2023-foto-marcelo-camargo-agencira-brasil.jpg","keywords":["Imposto de Renda"],"articleSection":["Finan\u00e7as Pessoais"],"inLanguage":"pt-BR"},{"@type":"WebPage","@id":"https:\/\/www.suno.com.br\/noticias\/imposto-renda-2023-data-entrega-declaracoes\/","url":"https:\/\/www.suno.com.br\/noticias\/imposto-renda-2023-data-entrega-declaracoes\/","name":"Imposto de Renda 2023: Receita define data para entrega das declara\u00e7\u00f5es","isPartOf":{"@id":"https:\/\/www.suno.com.br\/noticias\/#website"},"primaryImageOfPage":{"@id":"https:\/\/www.suno.com.br\/noticias\/imposto-renda-2023-data-entrega-declaracoes\/#primaryimage"},"image":{"@id":"https:\/\/www.suno.com.br\/noticias\/imposto-renda-2023-data-entrega-declaracoes\/#primaryimage"},"thumbnailUrl":"https:\/\/files.sunoresearch.com.br\/n\/uploads\/2023\/02\/imposto-de-renda-2023-foto-marcelo-camargo-agencira-brasil.jpg","datePublished":"2023-02-14T18:27:08+00:00","dateModified":"2023-02-14T18:50:35+00:00","description":"A Receita Federal bateu o martelo e definiu o per\u00edodo de entrega das declara\u00e7\u00f5es do Imposto de Renda 2023. Saiba mais!","breadcrumb":{"@id":"https:\/\/www.suno.com.br\/noticias\/imposto-renda-2023-data-entrega-declaracoes\/#breadcrumb"},"inLanguage":"pt-BR","potentialAction":[{"@type":"ReadAction","target":["https:\/\/www.suno.com.br\/noticias\/imposto-renda-2023-data-entrega-declaracoes\/"]}]},{"@type":"ImageObject","inLanguage":"pt-BR","@id":"https:\/\/www.suno.com.br\/noticias\/imposto-renda-2023-data-entrega-declaracoes\/#primaryimage","url":"https:\/\/files.sunoresearch.com.br\/n\/uploads\/2023\/02\/imposto-de-renda-2023-foto-marcelo-camargo-agencira-brasil.jpg","contentUrl":"https:\/\/files.sunoresearch.com.br\/n\/uploads\/2023\/02\/imposto-de-renda-2023-foto-marcelo-camargo-agencira-brasil.jpg","width":1200,"height":675,"caption":"Imposto de Renda. Foto: Marcelo Camargo\/Ag\u00eancia Brasil"},{"@type":"BreadcrumbList","@id":"https:\/\/www.suno.com.br\/noticias\/imposto-renda-2023-data-entrega-declaracoes\/#breadcrumb","itemListElement":[{"@type":"ListItem","position":1,"name":"Not\u00edcias","item":"https:\/\/www.suno.com.br\/noticias\/"},{"@type":"ListItem","position":2,"name":"Finan\u00e7as Pessoais","item":"https:\/\/www.suno.com.br\/noticias\/financas-pessoais\/"},{"@type":"ListItem","position":3,"name":"Imposto de Renda 2023: Receita bate o martelo e define data para entrega das declara\u00e7\u00f5es; confira"}]},{"@type":"WebSite","@id":"https:\/\/www.suno.com.br\/noticias\/#website","url":"https:\/\/www.suno.com.br\/noticias\/","name":"Suno Not\u00edcias","description":"Seu portal de informa\u00e7\u00e3o sobre o mundo dos investimentos","publisher":{"@id":"https:\/\/www.suno.com.br\/noticias\/#organization"},"potentialAction":[{"@type":"SearchAction","target":{"@type":"EntryPoint","urlTemplate":"https:\/\/www.suno.com.br\/noticias\/?s={search_term_string}"},"query-input":{"@type":"PropertyValueSpecification","valueRequired":true,"valueName":"search_term_string"}}],"inLanguage":"pt-BR"},{"@type":"Organization","@id":"https:\/\/www.suno.com.br\/noticias\/#organization","name":"Suno Not\u00edcias","url":"https:\/\/www.suno.com.br\/noticias\/","logo":{"@type":"ImageObject","inLanguage":"pt-BR","@id":"https:\/\/www.suno.com.br\/noticias\/#\/schema\/logo\/image\/","url":"https:\/\/files.sunoresearch.com.br\/n\/uploads\/2021\/09\/suno-logo.png","contentUrl":"https:\/\/files.sunoresearch.com.br\/n\/uploads\/2021\/09\/suno-logo.png","width":180,"height":180,"caption":"Suno Not\u00edcias"},"image":{"@id":"https:\/\/www.suno.com.br\/noticias\/#\/schema\/logo\/image\/"},"sameAs":["https:\/\/facebook.com\/sunoresearch","https:\/\/x.com\/sunoresearch","https:\/\/www.instagram.com\/suno","https:\/\/www.linkedin.com\/company\/suno-research\/","https:\/\/www.youtube.com\/c\/sunoresearch"]},{"@type":"Person","@id":"https:\/\/www.suno.com.br\/noticias\/#\/schema\/person\/6899bc3f19d1a7315f807131c2c013a0","name":"Erick Matheus Nery","image":{"@type":"ImageObject","inLanguage":"pt-BR","@id":"https:\/\/www.suno.com.br\/noticias\/#\/schema\/person\/image\/","url":"https:\/\/secure.gravatar.com\/avatar\/518ddffe438ccb767782d372a66304d2?s=96&r=g","contentUrl":"https:\/\/secure.gravatar.com\/avatar\/518ddffe438ccb767782d372a66304d2?s=96&r=g","caption":"Erick Matheus Nery"},"description":"Formado em Jornalismo pela Universidade Federal do Par\u00e1 (UFPA), conta com extens\u00e3o em Jornalismo Econ\u00f4mico pela Funda\u00e7\u00e3o Get\u00falio Vargas (FGV). No Suno Not\u00edcias, atua como rep\u00f3rter de Mercado, com foco nos setores de telecomunica\u00e7\u00f5es, varejo, alimentos e renda fixa. Conta com passagens pelo jornal O Estado de S\u00e3o Paulo, como trainee de Jornalismo Econ\u00f4mico, e pelo site Not\u00edcias da TV.","url":"https:\/\/www.suno.com.br\/noticias\/author\/erick-nery\/"}]}},"default_loop_html":"<div class=\"cardsPage__listCard__boxs\"><div class=\"cardsPage__listCard__boxs__img\"><a href=\"https:\/\/www.suno.com.br\/noticias\/imposto-renda-2023-data-entrega-declaracoes\/\"><img class=\"mask\" src=\"https:\/\/www.suno.com.br\/noticias\/wp-content\/themes\/suno\/resources\/images\/spotlight\/spotlight1img\/bg-mask.png\" alt=\"Image Mask\"\/><img src=\"https:\/\/files.sunoresearch.com.br\/n\/uploads\/2023\/02\/imposto-de-renda-2023-foto-marcelo-camargo-agencira-brasil-400x200.jpg\" alt=\"Imposto de Renda 2023: Receita bate o martelo e define data para entrega das declara\u00e7\u00f5es; confira\"\/><\/a><span class=\"spotlightCategory\"><a href=\"https:\/\/www.suno.com.br\/noticias\/financas-pessoais\/\">Finan\u00e7as Pessoais<\/a><\/span><\/div><div class=\"cardsPage__listCard__boxs__content\"><a href=\"https:\/\/www.suno.com.br\/noticias\/imposto-renda-2023-data-entrega-declaracoes\/\"><h2 class=\"content__title\">Imposto de Renda 2023: Receita bate o martelo e define data para entrega das declara\u00e7\u00f5es; confira<\/h2><\/a><div class=\"newsContent__article__meta\"><div class=\"newsContent__article__meta__authorBox\"><a href=\"https:\/\/www.suno.com.br\/noticias\/author\/erick-nery\/\" class=\"authorBox__avatar noMobi\"><img src=\"https:\/\/secure.gravatar.com\/avatar\/518ddffe438ccb767782d372a66304d2?s=96&#038;r=g\" alt=\"Erick Matheus Nery\"><\/a><div class=\"authorBox__name\"><span>por\n\t\t\t<a href=\"https:\/\/www.suno.com.br\/noticias\/author\/erick-nery\/\"><span itemprop=\"author\">Erick Matheus Nery<\/span><\/a><\/span><time datetime=\"2023-02-14T15:27:08-03:00\" itemprop=\"datePublished\">14\/02\/2023 15:27<\/time><\/div><\/div><\/div><\/div><\/div>","single_layout":"posts","amp_enabled":true,"_links":{"self":[{"href":"https:\/\/www.suno.com.br\/noticias\/wp-json\/wp\/v2\/posts\/363880"}],"collection":[{"href":"https:\/\/www.suno.com.br\/noticias\/wp-json\/wp\/v2\/posts"}],"about":[{"href":"https:\/\/www.suno.com.br\/noticias\/wp-json\/wp\/v2\/types\/post"}],"author":[{"embeddable":true,"href":"https:\/\/www.suno.com.br\/noticias\/wp-json\/wp\/v2\/users\/232"}],"replies":[{"embeddable":true,"href":"https:\/\/www.suno.com.br\/noticias\/wp-json\/wp\/v2\/comments?post=363880"}],"version-history":[{"count":3,"href":"https:\/\/www.suno.com.br\/noticias\/wp-json\/wp\/v2\/posts\/363880\/revisions"}],"predecessor-version":[{"id":363915,"href":"https:\/\/www.suno.com.br\/noticias\/wp-json\/wp\/v2\/posts\/363880\/revisions\/363915"}],"wp:featuredmedia":[{"embeddable":true,"href":"https:\/\/www.suno.com.br\/noticias\/wp-json\/wp\/v2\/media\/363902"}],"wp:attachment":[{"href":"https:\/\/www.suno.com.br\/noticias\/wp-json\/wp\/v2\/media?parent=363880"}],"wp:term":[{"taxonomy":"category","embeddable":true,"href":"https:\/\/www.suno.com.br\/noticias\/wp-json\/wp\/v2\/categories?post=363880"},{"taxonomy":"post_tag","embeddable":true,"href":"https:\/\/www.suno.com.br\/noticias\/wp-json\/wp\/v2\/tags?post=363880"},{"taxonomy":"suno_strategy","embeddable":true,"href":"https:\/\/www.suno.com.br\/noticias\/wp-json\/wp\/v2\/suno_strategy?post=363880"}],"curies":[{"name":"wp","href":"https:\/\/api.w.org\/{rel}","templated":true}]}}