{"id":36375,"date":"2019-09-04T09:41:41","date_gmt":"2019-09-04T12:41:41","guid":{"rendered":"https:\/\/www.suno.com.br\/noticias\/?p=36375"},"modified":"2019-09-04T09:45:48","modified_gmt":"2019-09-04T12:45:48","slug":"agenda-do-dia-previdencia-brexit-itau-oi","status":"publish","type":"post","link":"https:\/\/www.suno.com.br\/noticias\/agenda-do-dia-previdencia-brexit-itau-oi\/","title":{"rendered":"Agenda do Dia: reforma da Previd\u00eancia, Brexit, Ita\u00fa e Oi"},"content":{"rendered":"<p>Os assuntos da Agenda do Dia desta quarta-feira (4) prometem movimentar o mercado dom\u00e9stico e internacional.<\/p>\t<div class=\"wrapper-featured-image\">\n\t\t<figure class=\"spotlightImg\">\n\n\t\t\t<picture>\n\t\t\t\t<source media=\"(max-width: 768px)\" srcset=\"https:\/\/files.sunoresearch.com.br\/n\/uploads\/2019\/08\/f83a7260-senado-400x200.webp\">\n\t\t\t\t<img loading=\"lazy\" decoding=\"async\" class=\"newsContent__article__imgCapa lazyloadDisabled newsContent__article__imgCapa--noCaption\" src=\"https:\/\/files.sunoresearch.com.br\/n\/uploads\/2019\/08\/f83a7260-senado-800x450.webp\" width=\"800\" height=\"450\" alt=\"Agenda do Dia: reforma da Previd\u00eancia, Brexit, Ita\u00fa e Oi\" fetchpriority=high \/>\n\t\t\t<\/picture>\n\n\t\t\t<figcaption class=\"wp-caption-text wp-caption-text--hide\">Serasa: Projeto quer proibir novos nomes sujos em 2020<\/figcaption>\n\t\t<\/figure>\n\t<\/div>\n\n\n\n<p>Na <strong>Agenda do Dia<\/strong> temos o relator da <strong>reforma da Previd\u00eancia<\/strong>, Tasso Jereissati (PSDB-CE), dizendo que a tramita\u00e7\u00e3o da proposta no\u00a0Senado deve encerrar-se nesta quarta-feira (4). Na \u00faltima ter\u00e7a-feira (3), o Parlamento brit\u00e2nico aprovou uma mo\u00e7\u00e3o para um projeto de lei que pretende impedir o <strong>Brexit<\/strong> sem acordo.<\/p>\n<p>Segundo um relat\u00f3rio do banco Safra, o <strong>Ita\u00fa Unibanco<\/strong> ir\u00e1 distribuir aos acionistas, em 2019, mais dividendos do que o esperado.<\/p>\n<p>Estas e outras not\u00edcias fazem parte da <strong style=\"font-size: 1.21429rem;\">Agenda<\/strong> <strong style=\"font-size: 1.21429rem;\">do<\/strong> <strong style=\"font-size: 1.21429rem;\">Dia <\/strong> desta quarta. Confira os principais pontos:<\/p>\n<h2>Andamento da reforma da Previd\u00eancia<\/h2>\n<p>O relator da <strong>reforma da Previd\u00eancia<\/strong>, Tasso Jereissati (PSDB-CE), e a presidente da comiss\u00e3o, Simone Tebet (MDB-MS), creem que a tramita\u00e7\u00e3o da proposta no Senado acabar\u00e1 hoje.<\/p>\n<p>Com o fim do prazo para a apresenta\u00e7\u00e3o de emendas, Jereissati far\u00e1 a leitura do novo parecer e o projeto ser\u00e1 votado at\u00e9 o final do dia.<\/p>\n<p>A presidente da Comiss\u00e3o de Constitui\u00e7\u00e3o e Justi\u00e7a (<strong>CCJ<\/strong>) aguarda uma longa reuni\u00e3o nesta quarta-feira. Segundo Tebet, a sess\u00e3o come\u00e7ar\u00e1 10h. Al\u00e9m do voto de Jereissati, tamb\u00e9m ser\u00e3o lidos os votos separados \u00e0 proposta.<\/p>\n\t<p>\n\t\t<a href=\"https:\/\/lp.suno.com.br\/ebook-gratuito-investindo-no-exterior\/\" target=\"_blank\" data-element=\"shortcode-suno-banner\" title=\"Banner SUNO, clique e saiba mais\">\n\t\t\t<picture>\n\t\t\t\t<source media=\"(max-width: 500px)\" srcset=\"https:\/\/files.sunoresearch.com.br\/n\/uploads\/2023\/03\/400x300-Investindo-no-exterior.png\">\n\t\t\t\t<img class=\"newsContent__article__imgCapa newsContent__article__imgCapa--banner\"\n\t\t\t\t\tsrc=\"https:\/\/files.sunoresearch.com.br\/n\/uploads\/2023\/03\/1420x240-Investindo-no-exterior.png\"\n\t\t\t\t\tdata-promo-id=\"383161\"\t\t\t\t\t\t\t\t\t\twidth='1420' height='240'\t\t\t\t\talt=\"https:\/\/files.sunoresearch.com.br\/n\/uploads\/2023\/03\/1420x240-Investindo-no-exterior.png\"\n\t\t\t\t>\n\t\t\t<\/picture>\n\t\t<\/a>\n\t<\/p>\n\n\n<p>\u201cVamos fixar um prazo para a leitura desses votos e, em seguida, abrimos para a discuss\u00e3o, encerramos a discuss\u00e3o e vamos para a vota\u00e7\u00e3o\u201d, disse Tebet.<\/p>\n<h2>Desdobramentos do Brexit<\/h2>\n<p>O Parlamento brit\u00e2nico, na volta do seu recess\u00e3o de ver\u00e3o, aprovou na noite da \u00faltima ter\u00e7a-feira (3), uma mo\u00e7\u00e3o de urg\u00eancia. A vota\u00e7\u00e3o do projeito de lei ter\u00e1 por objetivo impedir o <strong>Brexit<\/strong> sem acordo com a Uni\u00e3o Europeia.<\/p>\n<p>Ap\u00f3s a derrota, <strong>Boris Johnson<\/strong>, primeiro-ministro do Reino Unido, indicou propor elei\u00e7\u00f5es antecipadas se a medida for aprovada nesta quarta-feira (4).<\/p>\n<p><a href=\"https:\/\/www.suno.com.br\/noticias\/brexit-libra-cai-menor-patamar-2016\/\">Veja tamb\u00e9m: Brexit: libra cai ao menor patamar desde 2016<\/a><\/p>\n<p>Foi a primeira vez desde 1894 que um premi\u00ea brit\u00e2nico n\u00e3o era derrota em sua primeira vota\u00e7\u00e3o no Parlamento.<\/p>\n<h2>Ita\u00fa aumenta a distribui\u00e7\u00e3o dos lucros<\/h2>\n<p>Segundo o banco Safra, o <strong>Ita\u00fa Unibanco<\/strong> (ITUB3; ITUB4), maior banco da Am\u00e9rica Latina, pagar\u00e1 mais <a href=\"https:\/\/www.suno.com.br\/artigos\/estrategia-de-dividendos\/\">dividendos<\/a> neste ano do que o esperado.<\/p>\n<p>Os analistas analistas Luis F. Azevedo e Silvio D\u00f3ria, do banco Safra, refor\u00e7aram que, levando em considera\u00e7\u00e3o a pol\u00edtica de dividendos vigente, o <a href=\"https:\/\/www.suno.com.br\/artigos\/payout\/\"><strong>payout<\/strong><\/a> (percentual do lucro destinado \u00e0 distribui\u00e7\u00e3o de dividendos) ficar\u00e1 em 55%, frente a 49% previsto anteriormente.<\/p>\n<p>O Ita\u00fa registrou um <strong><a href=\"https:\/\/www.suno.com.br\/artigos\/lucro-liquido\/\">lucro l\u00edquido<\/a><\/strong> de R$ 7,034 bilh\u00f5es no segundo trimestre de 2019. O valor indica uma alta de 10,2% ante o mesmo per\u00edodo do ano passado.<\/p>\n<h2>Mudan\u00e7as na Oi<\/h2>\n<p>A <strong>Justi\u00e7a<\/strong> do Rio de Janeiro homologou na noite da \u00faltima segunda-feira (2) o plano de transi\u00e7\u00e3o do comando da Oi. A informa\u00e7\u00e3o foi divulgada pelo jornal &#8220;Valor Econ\u00f4mico&#8221;.<\/p>\n<p><a href=\"https:\/\/www.suno.com.br\/noticias\/oi-conversa-bancos-levantar-2-bi\/\">Saiba mais: Oi conversa com bancos para levantar at\u00e9 R$ 2,5 bilh\u00f5es, diz jornal\u00a0<\/a><\/p>\n<p>Entre os poss\u00edveis candidatos a assumir o papel de COO (na sigla em ingl\u00eas), est\u00e1 Rodrigo Abreu. O executivo \u00e9 membro do conselho de administra\u00e7\u00e3o da <strong>Oi<\/strong> e ex-presidente da <strong>TIM Brasil.<\/strong><\/p>\n<p>O processo foi iniciado em junho, e estava em an\u00e1lise pelo Minist\u00e9rio P\u00fablico.<\/p>\n<h2>Protestos em Hong Kong<\/h2>\n<p>A chefe-executiva de Hong Kong, Carrie Lam, ir\u00e1 retirar o pol\u00eamico projeto de extradi\u00e7\u00e3o de cidad\u00e3os para a <strong>China<\/strong> continental, onde a Justi\u00e7a \u00e9 controlada pelo Partido Comunista.<\/p>\n<p>Essa proposta disparou manifesta\u00e7\u00f5es no territ\u00f3rio semiaut\u00f4nomo nos \u00faltimos tr\u00eas meses. O cen\u00e1rio atual \u00e9 considerado o mais cr\u00edtico em Hong Kong desde 1997, quando o territ\u00f3rio foi devolvido pelo Reino Unido \u00e0 China.<\/p>\n<p>As bolsas asi\u00e1ticas, em sua maioria, fecharam as suas sess\u00f5es em alta.<\/p>\n<p>A <strong style=\"font-size: 1.21429rem;\">Agenda<\/strong> <strong style=\"font-size: 1.21429rem;\">do<\/strong> <strong style=\"font-size: 1.21429rem;\">Dia<\/strong> da <a href=\"https:\/\/www.youtube.com\/watch?v=VcctrqdbbCQ\"><strong>Suno<\/strong><\/a><strong>\u00a0<\/strong>mostra os principais acontecimentos que prometem movimentar o mercado durante o dia.<\/p>\n","protected":false},"excerpt":{"rendered":"<p>Os assuntos da Agenda do Dia desta quarta-feira (4) prometem movimentar o mercado dom\u00e9stico e internacional. Serasa: Projeto quer proibir novos nomes sujos em 2020 Na Agenda do Dia temos o relator da reforma da Previd\u00eancia, Tasso Jereissati (PSDB-CE), dizendo que a tramita\u00e7\u00e3o da proposta no\u00a0Senado deve encerrar-se nesta quarta-feira (4). Na \u00faltima ter\u00e7a-feira (3), [&hellip;]<\/p>\n","protected":false},"author":24,"featured_media":34891,"comment_status":"closed","ping_status":"closed","sticky":false,"template":"","format":"standard","meta":[],"categories":[64],"tags":[753,1880,519,584,940],"suno_strategy":[],"class_list":["post-36375","post","type-post","status-publish","format-standard","has-post-thumbnail","hentry","category-negocios","tag-brexit","tag-hong-kong","tag-itau-unibanco-itub3-itub4","tag-oi-oibr3-oibr4","tag-reforma-da-previdencia"],"yoast_head":"<!-- This site is optimized with the Yoast SEO plugin v24.4 - https:\/\/yoast.com\/wordpress\/plugins\/seo\/ -->\n<title>Agenda do Dia: reforma da Previd\u00eancia, Brexit, Ita\u00fa e Oi<\/title>\n<meta name=\"description\" content=\"Os assuntos da Agenda do Dia desta quarta-feira (4) prometem movimentar o mercado interno e internacional. Clique e saiba mais.\" \/>\n<meta name=\"robots\" content=\"index, follow, max-snippet:-1, max-image-preview:large, max-video-preview:-1\" \/>\n<link rel=\"canonical\" href=\"https:\/\/www.suno.com.br\/noticias\/agenda-do-dia-previdencia-brexit-itau-oi\/\" \/>\n<meta property=\"og:locale\" content=\"pt_BR\" \/>\n<meta property=\"og:type\" content=\"article\" \/>\n<meta property=\"og:title\" content=\"Agenda do Dia: reforma da Previd\u00eancia, Brexit, Ita\u00fa e Oi\" \/>\n<meta property=\"og:description\" content=\"Os assuntos da Agenda do Dia desta quarta-feira (4) prometem movimentar o mercado interno e internacional. Clique e saiba mais.\" \/>\n<meta property=\"og:url\" content=\"https:\/\/www.suno.com.br\/noticias\/agenda-do-dia-previdencia-brexit-itau-oi\/\" \/>\n<meta property=\"og:site_name\" content=\"Suno Not\u00edcias\" \/>\n<meta property=\"article:publisher\" content=\"https:\/\/facebook.com\/sunoresearch\" \/>\n<meta property=\"og:image\" content=\"https:\/\/files.sunoresearch.com.br\/n\/uploads\/2019\/08\/f83a7260-senado.jpg\" \/>\n\t<meta property=\"og:image:width\" content=\"2662\" \/>\n\t<meta property=\"og:image:height\" content=\"1772\" \/>\n\t<meta property=\"og:image:type\" content=\"image\/jpeg\" \/>\n<meta name=\"author\" content=\"Jader Lazarini\" \/>\n<meta name=\"twitter:card\" content=\"summary_large_image\" \/>\n<meta name=\"twitter:creator\" content=\"@sunoresearch\" \/>\n<meta name=\"twitter:site\" content=\"@sunoresearch\" \/>\n<meta name=\"twitter:label1\" content=\"Escrito por\" \/>\n\t<meta name=\"twitter:data1\" content=\"Jader Lazarini\" \/>\n\t<meta name=\"twitter:label2\" content=\"Est. tempo de leitura\" \/>\n\t<meta name=\"twitter:data2\" content=\"3 minutos\" \/>\n<script type=\"application\/ld+json\" class=\"yoast-schema-graph\">{\"@context\":\"https:\/\/schema.org\",\"@graph\":[{\"@type\":\"NewsArticle\",\"@id\":\"https:\/\/www.suno.com.br\/noticias\/agenda-do-dia-previdencia-brexit-itau-oi\/#article\",\"isPartOf\":{\"@id\":\"https:\/\/www.suno.com.br\/noticias\/agenda-do-dia-previdencia-brexit-itau-oi\/\"},\"author\":{\"name\":\"Jader Lazarini\",\"@id\":\"https:\/\/www.suno.com.br\/noticias\/#\/schema\/person\/918d79de1f0281f01599b93f9ea6e23f\"},\"headline\":\"Agenda do Dia: reforma da Previd\u00eancia, Brexit, Ita\u00fa e Oi\",\"datePublished\":\"2019-09-04T12:41:41+00:00\",\"dateModified\":\"2019-09-04T12:45:48+00:00\",\"mainEntityOfPage\":{\"@id\":\"https:\/\/www.suno.com.br\/noticias\/agenda-do-dia-previdencia-brexit-itau-oi\/\"},\"wordCount\":666,\"publisher\":{\"@id\":\"https:\/\/www.suno.com.br\/noticias\/#organization\"},\"image\":{\"@id\":\"https:\/\/www.suno.com.br\/noticias\/agenda-do-dia-previdencia-brexit-itau-oi\/#primaryimage\"},\"thumbnailUrl\":\"https:\/\/files.sunoresearch.com.br\/n\/uploads\/2019\/08\/f83a7260-senado-scaled.webp\",\"keywords\":[\"Brexit\",\"Hong Kong\",\"Ita\u00fa Unibanco (ITUB3\/ITUB4)\",\"Oi (OIBR3\/OIBR4)\",\"Reforma da Previd\u00eancia\"],\"articleSection\":[\"Neg\u00f3cios\"],\"inLanguage\":\"pt-BR\"},{\"@type\":\"WebPage\",\"@id\":\"https:\/\/www.suno.com.br\/noticias\/agenda-do-dia-previdencia-brexit-itau-oi\/\",\"url\":\"https:\/\/www.suno.com.br\/noticias\/agenda-do-dia-previdencia-brexit-itau-oi\/\",\"name\":\"Agenda do Dia: reforma da Previd\u00eancia, Brexit, Ita\u00fa e Oi\",\"isPartOf\":{\"@id\":\"https:\/\/www.suno.com.br\/noticias\/#website\"},\"primaryImageOfPage\":{\"@id\":\"https:\/\/www.suno.com.br\/noticias\/agenda-do-dia-previdencia-brexit-itau-oi\/#primaryimage\"},\"image\":{\"@id\":\"https:\/\/www.suno.com.br\/noticias\/agenda-do-dia-previdencia-brexit-itau-oi\/#primaryimage\"},\"thumbnailUrl\":\"https:\/\/files.sunoresearch.com.br\/n\/uploads\/2019\/08\/f83a7260-senado-scaled.webp\",\"datePublished\":\"2019-09-04T12:41:41+00:00\",\"dateModified\":\"2019-09-04T12:45:48+00:00\",\"description\":\"Os assuntos da Agenda do Dia desta quarta-feira (4) prometem movimentar o mercado interno e internacional. Clique e saiba mais.\",\"breadcrumb\":{\"@id\":\"https:\/\/www.suno.com.br\/noticias\/agenda-do-dia-previdencia-brexit-itau-oi\/#breadcrumb\"},\"inLanguage\":\"pt-BR\",\"potentialAction\":[{\"@type\":\"ReadAction\",\"target\":[\"https:\/\/www.suno.com.br\/noticias\/agenda-do-dia-previdencia-brexit-itau-oi\/\"]}]},{\"@type\":\"ImageObject\",\"inLanguage\":\"pt-BR\",\"@id\":\"https:\/\/www.suno.com.br\/noticias\/agenda-do-dia-previdencia-brexit-itau-oi\/#primaryimage\",\"url\":\"https:\/\/files.sunoresearch.com.br\/n\/uploads\/2019\/08\/f83a7260-senado-scaled.webp\",\"contentUrl\":\"https:\/\/files.sunoresearch.com.br\/n\/uploads\/2019\/08\/f83a7260-senado-scaled.webp\",\"width\":2560,\"height\":1704,\"caption\":\"Serasa: Projeto quer proibir novos nomes sujos em 2020\"},{\"@type\":\"BreadcrumbList\",\"@id\":\"https:\/\/www.suno.com.br\/noticias\/agenda-do-dia-previdencia-brexit-itau-oi\/#breadcrumb\",\"itemListElement\":[{\"@type\":\"ListItem\",\"position\":1,\"name\":\"Not\u00edcias\",\"item\":\"https:\/\/www.suno.com.br\/noticias\/\"},{\"@type\":\"ListItem\",\"position\":2,\"name\":\"Neg\u00f3cios\",\"item\":\"https:\/\/www.suno.com.br\/noticias\/negocios\/\"},{\"@type\":\"ListItem\",\"position\":3,\"name\":\"Agenda do Dia: reforma da Previd\u00eancia, Brexit, Ita\u00fa e Oi\"}]},{\"@type\":\"WebSite\",\"@id\":\"https:\/\/www.suno.com.br\/noticias\/#website\",\"url\":\"https:\/\/www.suno.com.br\/noticias\/\",\"name\":\"Suno Not\u00edcias\",\"description\":\"Seu portal de informa\u00e7\u00e3o sobre o mundo dos investimentos\",\"publisher\":{\"@id\":\"https:\/\/www.suno.com.br\/noticias\/#organization\"},\"potentialAction\":[{\"@type\":\"SearchAction\",\"target\":{\"@type\":\"EntryPoint\",\"urlTemplate\":\"https:\/\/www.suno.com.br\/noticias\/?s={search_term_string}\"},\"query-input\":{\"@type\":\"PropertyValueSpecification\",\"valueRequired\":true,\"valueName\":\"search_term_string\"}}],\"inLanguage\":\"pt-BR\"},{\"@type\":\"Organization\",\"@id\":\"https:\/\/www.suno.com.br\/noticias\/#organization\",\"name\":\"Suno Not\u00edcias\",\"url\":\"https:\/\/www.suno.com.br\/noticias\/\",\"logo\":{\"@type\":\"ImageObject\",\"inLanguage\":\"pt-BR\",\"@id\":\"https:\/\/www.suno.com.br\/noticias\/#\/schema\/logo\/image\/\",\"url\":\"https:\/\/files.sunoresearch.com.br\/n\/uploads\/2021\/09\/suno-logo.png\",\"contentUrl\":\"https:\/\/files.sunoresearch.com.br\/n\/uploads\/2021\/09\/suno-logo.png\",\"width\":180,\"height\":180,\"caption\":\"Suno Not\u00edcias\"},\"image\":{\"@id\":\"https:\/\/www.suno.com.br\/noticias\/#\/schema\/logo\/image\/\"},\"sameAs\":[\"https:\/\/facebook.com\/sunoresearch\",\"https:\/\/x.com\/sunoresearch\",\"https:\/\/www.instagram.com\/suno\",\"https:\/\/www.linkedin.com\/company\/suno-research\/\",\"https:\/\/www.youtube.com\/c\/sunoresearch\"]},{\"@type\":\"Person\",\"@id\":\"https:\/\/www.suno.com.br\/noticias\/#\/schema\/person\/918d79de1f0281f01599b93f9ea6e23f\",\"name\":\"Jader Lazarini\",\"image\":{\"@type\":\"ImageObject\",\"inLanguage\":\"pt-BR\",\"@id\":\"https:\/\/www.suno.com.br\/noticias\/#\/schema\/person\/image\/\",\"url\":\"https:\/\/secure.gravatar.com\/avatar\/3c1ad8caa51589841baeb923fcddea97?s=96&r=g\",\"contentUrl\":\"https:\/\/secure.gravatar.com\/avatar\/3c1ad8caa51589841baeb923fcddea97?s=96&r=g\",\"caption\":\"Jader Lazarini\"},\"description\":\"Jader Lazarini escreve sobre investimentos, finan\u00e7as, economia e neg\u00f3cios. \u00c9 bacharel em Rela\u00e7\u00f5es Internacionais e analista CNPI (2619).\",\"url\":\"https:\/\/www.suno.com.br\/noticias\/author\/jader-lazarini\/\"}]}<\/script>\n<!-- \/ Yoast SEO plugin. -->","yoast_head_json":{"title":"Agenda do Dia: reforma da Previd\u00eancia, Brexit, Ita\u00fa e Oi","description":"Os assuntos da Agenda do Dia desta quarta-feira (4) prometem movimentar o mercado interno e internacional. Clique e saiba mais.","robots":{"index":"index","follow":"follow","max-snippet":"max-snippet:-1","max-image-preview":"max-image-preview:large","max-video-preview":"max-video-preview:-1"},"canonical":"https:\/\/www.suno.com.br\/noticias\/agenda-do-dia-previdencia-brexit-itau-oi\/","og_locale":"pt_BR","og_type":"article","og_title":"Agenda do Dia: reforma da Previd\u00eancia, Brexit, Ita\u00fa e Oi","og_description":"Os assuntos da Agenda do Dia desta quarta-feira (4) prometem movimentar o mercado interno e internacional. Clique e saiba mais.","og_url":"https:\/\/www.suno.com.br\/noticias\/agenda-do-dia-previdencia-brexit-itau-oi\/","og_site_name":"Suno Not\u00edcias","article_publisher":"https:\/\/facebook.com\/sunoresearch","og_image":[{"width":2662,"height":1772,"url":"https:\/\/files.sunoresearch.com.br\/n\/uploads\/2019\/08\/f83a7260-senado.jpg","type":"image\/jpeg"}],"author":"Jader Lazarini","twitter_card":"summary_large_image","twitter_creator":"@sunoresearch","twitter_site":"@sunoresearch","twitter_misc":{"Escrito por":"Jader Lazarini","Est. tempo de leitura":"3 minutos"},"schema":{"@context":"https:\/\/schema.org","@graph":[{"@type":"NewsArticle","@id":"https:\/\/www.suno.com.br\/noticias\/agenda-do-dia-previdencia-brexit-itau-oi\/#article","isPartOf":{"@id":"https:\/\/www.suno.com.br\/noticias\/agenda-do-dia-previdencia-brexit-itau-oi\/"},"author":{"name":"Jader Lazarini","@id":"https:\/\/www.suno.com.br\/noticias\/#\/schema\/person\/918d79de1f0281f01599b93f9ea6e23f"},"headline":"Agenda do Dia: reforma da Previd\u00eancia, Brexit, Ita\u00fa e Oi","datePublished":"2019-09-04T12:41:41+00:00","dateModified":"2019-09-04T12:45:48+00:00","mainEntityOfPage":{"@id":"https:\/\/www.suno.com.br\/noticias\/agenda-do-dia-previdencia-brexit-itau-oi\/"},"wordCount":666,"publisher":{"@id":"https:\/\/www.suno.com.br\/noticias\/#organization"},"image":{"@id":"https:\/\/www.suno.com.br\/noticias\/agenda-do-dia-previdencia-brexit-itau-oi\/#primaryimage"},"thumbnailUrl":"https:\/\/files.sunoresearch.com.br\/n\/uploads\/2019\/08\/f83a7260-senado-scaled.webp","keywords":["Brexit","Hong Kong","Ita\u00fa Unibanco (ITUB3\/ITUB4)","Oi (OIBR3\/OIBR4)","Reforma da Previd\u00eancia"],"articleSection":["Neg\u00f3cios"],"inLanguage":"pt-BR"},{"@type":"WebPage","@id":"https:\/\/www.suno.com.br\/noticias\/agenda-do-dia-previdencia-brexit-itau-oi\/","url":"https:\/\/www.suno.com.br\/noticias\/agenda-do-dia-previdencia-brexit-itau-oi\/","name":"Agenda do Dia: reforma da Previd\u00eancia, Brexit, Ita\u00fa e Oi","isPartOf":{"@id":"https:\/\/www.suno.com.br\/noticias\/#website"},"primaryImageOfPage":{"@id":"https:\/\/www.suno.com.br\/noticias\/agenda-do-dia-previdencia-brexit-itau-oi\/#primaryimage"},"image":{"@id":"https:\/\/www.suno.com.br\/noticias\/agenda-do-dia-previdencia-brexit-itau-oi\/#primaryimage"},"thumbnailUrl":"https:\/\/files.sunoresearch.com.br\/n\/uploads\/2019\/08\/f83a7260-senado-scaled.webp","datePublished":"2019-09-04T12:41:41+00:00","dateModified":"2019-09-04T12:45:48+00:00","description":"Os assuntos da Agenda do Dia desta quarta-feira (4) prometem movimentar o mercado interno e internacional. Clique e saiba mais.","breadcrumb":{"@id":"https:\/\/www.suno.com.br\/noticias\/agenda-do-dia-previdencia-brexit-itau-oi\/#breadcrumb"},"inLanguage":"pt-BR","potentialAction":[{"@type":"ReadAction","target":["https:\/\/www.suno.com.br\/noticias\/agenda-do-dia-previdencia-brexit-itau-oi\/"]}]},{"@type":"ImageObject","inLanguage":"pt-BR","@id":"https:\/\/www.suno.com.br\/noticias\/agenda-do-dia-previdencia-brexit-itau-oi\/#primaryimage","url":"https:\/\/files.sunoresearch.com.br\/n\/uploads\/2019\/08\/f83a7260-senado-scaled.webp","contentUrl":"https:\/\/files.sunoresearch.com.br\/n\/uploads\/2019\/08\/f83a7260-senado-scaled.webp","width":2560,"height":1704,"caption":"Serasa: Projeto quer proibir novos nomes sujos em 2020"},{"@type":"BreadcrumbList","@id":"https:\/\/www.suno.com.br\/noticias\/agenda-do-dia-previdencia-brexit-itau-oi\/#breadcrumb","itemListElement":[{"@type":"ListItem","position":1,"name":"Not\u00edcias","item":"https:\/\/www.suno.com.br\/noticias\/"},{"@type":"ListItem","position":2,"name":"Neg\u00f3cios","item":"https:\/\/www.suno.com.br\/noticias\/negocios\/"},{"@type":"ListItem","position":3,"name":"Agenda do Dia: reforma da Previd\u00eancia, Brexit, Ita\u00fa e Oi"}]},{"@type":"WebSite","@id":"https:\/\/www.suno.com.br\/noticias\/#website","url":"https:\/\/www.suno.com.br\/noticias\/","name":"Suno Not\u00edcias","description":"Seu portal de informa\u00e7\u00e3o sobre o mundo dos investimentos","publisher":{"@id":"https:\/\/www.suno.com.br\/noticias\/#organization"},"potentialAction":[{"@type":"SearchAction","target":{"@type":"EntryPoint","urlTemplate":"https:\/\/www.suno.com.br\/noticias\/?s={search_term_string}"},"query-input":{"@type":"PropertyValueSpecification","valueRequired":true,"valueName":"search_term_string"}}],"inLanguage":"pt-BR"},{"@type":"Organization","@id":"https:\/\/www.suno.com.br\/noticias\/#organization","name":"Suno Not\u00edcias","url":"https:\/\/www.suno.com.br\/noticias\/","logo":{"@type":"ImageObject","inLanguage":"pt-BR","@id":"https:\/\/www.suno.com.br\/noticias\/#\/schema\/logo\/image\/","url":"https:\/\/files.sunoresearch.com.br\/n\/uploads\/2021\/09\/suno-logo.png","contentUrl":"https:\/\/files.sunoresearch.com.br\/n\/uploads\/2021\/09\/suno-logo.png","width":180,"height":180,"caption":"Suno Not\u00edcias"},"image":{"@id":"https:\/\/www.suno.com.br\/noticias\/#\/schema\/logo\/image\/"},"sameAs":["https:\/\/facebook.com\/sunoresearch","https:\/\/x.com\/sunoresearch","https:\/\/www.instagram.com\/suno","https:\/\/www.linkedin.com\/company\/suno-research\/","https:\/\/www.youtube.com\/c\/sunoresearch"]},{"@type":"Person","@id":"https:\/\/www.suno.com.br\/noticias\/#\/schema\/person\/918d79de1f0281f01599b93f9ea6e23f","name":"Jader Lazarini","image":{"@type":"ImageObject","inLanguage":"pt-BR","@id":"https:\/\/www.suno.com.br\/noticias\/#\/schema\/person\/image\/","url":"https:\/\/secure.gravatar.com\/avatar\/3c1ad8caa51589841baeb923fcddea97?s=96&r=g","contentUrl":"https:\/\/secure.gravatar.com\/avatar\/3c1ad8caa51589841baeb923fcddea97?s=96&r=g","caption":"Jader Lazarini"},"description":"Jader Lazarini escreve sobre investimentos, finan\u00e7as, economia e neg\u00f3cios. \u00c9 bacharel em Rela\u00e7\u00f5es Internacionais e analista CNPI (2619).","url":"https:\/\/www.suno.com.br\/noticias\/author\/jader-lazarini\/"}]}},"default_loop_html":"<div class=\"cardsPage__listCard__boxs\"><div class=\"cardsPage__listCard__boxs__img\"><a href=\"https:\/\/www.suno.com.br\/noticias\/agenda-do-dia-previdencia-brexit-itau-oi\/\"><img class=\"mask\" src=\"https:\/\/www.suno.com.br\/noticias\/wp-content\/themes\/suno\/resources\/images\/spotlight\/spotlight1img\/bg-mask.png\" alt=\"Image Mask\"\/><img src=\"https:\/\/files.sunoresearch.com.br\/n\/uploads\/2019\/08\/f83a7260-senado-400x200.webp\" alt=\"Agenda do Dia: reforma da Previd\u00eancia, Brexit, Ita\u00fa e Oi\"\/><\/a><span class=\"spotlightCategory\"><a href=\"https:\/\/www.suno.com.br\/noticias\/negocios\/\">Neg\u00f3cios<\/a><\/span><\/div><div class=\"cardsPage__listCard__boxs__content\"><a href=\"https:\/\/www.suno.com.br\/noticias\/agenda-do-dia-previdencia-brexit-itau-oi\/\"><h2 class=\"content__title\">Agenda do Dia: reforma da Previd\u00eancia, Brexit, Ita\u00fa e Oi<\/h2><\/a><div class=\"newsContent__article__meta\"><div class=\"newsContent__article__meta__authorBox\"><a href=\"https:\/\/www.suno.com.br\/noticias\/author\/jader-lazarini\/\" class=\"authorBox__avatar noMobi\"><img src=\"https:\/\/files.sunoresearch.com.br\/n\/uploads\/2021\/01\/178e6598-foto-perfil-2-150x150.jpg\" alt=\"Jader Lazarini\"><\/a><div class=\"authorBox__name\"><span>por\n\t\t\t<a href=\"https:\/\/www.suno.com.br\/noticias\/author\/jader-lazarini\/\"><span itemprop=\"author\">Jader Lazarini<\/span><\/a><\/span><time datetime=\"2019-09-04T09:41:41-03:00\" itemprop=\"datePublished\">04\/09\/2019 09:41<\/time><\/div><\/div><\/div><\/div><\/div>","single_layout":"posts","amp_enabled":true,"_links":{"self":[{"href":"https:\/\/www.suno.com.br\/noticias\/wp-json\/wp\/v2\/posts\/36375"}],"collection":[{"href":"https:\/\/www.suno.com.br\/noticias\/wp-json\/wp\/v2\/posts"}],"about":[{"href":"https:\/\/www.suno.com.br\/noticias\/wp-json\/wp\/v2\/types\/post"}],"author":[{"embeddable":true,"href":"https:\/\/www.suno.com.br\/noticias\/wp-json\/wp\/v2\/users\/24"}],"replies":[{"embeddable":true,"href":"https:\/\/www.suno.com.br\/noticias\/wp-json\/wp\/v2\/comments?post=36375"}],"version-history":[{"count":0,"href":"https:\/\/www.suno.com.br\/noticias\/wp-json\/wp\/v2\/posts\/36375\/revisions"}],"wp:featuredmedia":[{"embeddable":true,"href":"https:\/\/www.suno.com.br\/noticias\/wp-json\/wp\/v2\/media\/34891"}],"wp:attachment":[{"href":"https:\/\/www.suno.com.br\/noticias\/wp-json\/wp\/v2\/media?parent=36375"}],"wp:term":[{"taxonomy":"category","embeddable":true,"href":"https:\/\/www.suno.com.br\/noticias\/wp-json\/wp\/v2\/categories?post=36375"},{"taxonomy":"post_tag","embeddable":true,"href":"https:\/\/www.suno.com.br\/noticias\/wp-json\/wp\/v2\/tags?post=36375"},{"taxonomy":"suno_strategy","embeddable":true,"href":"https:\/\/www.suno.com.br\/noticias\/wp-json\/wp\/v2\/suno_strategy?post=36375"}],"curies":[{"name":"wp","href":"https:\/\/api.w.org\/{rel}","templated":true}]}}