{"id":36358,"date":"2019-09-03T21:04:44","date_gmt":"2019-09-04T00:04:44","guid":{"rendered":"https:\/\/www.suno.com.br\/noticias\/?p=36358"},"modified":"2019-09-17T20:54:54","modified_gmt":"2019-09-17T23:54:54","slug":"moodys-eleva-perspectiva-cemig-rating-global-empresa","status":"publish","type":"post","link":"https:\/\/www.suno.com.br\/noticias\/moodys-eleva-perspectiva-cemig-rating-global-empresa\/","title":{"rendered":"Moody&#8217;s eleva perspectiva da Cemig e mant\u00e9m rating global da empresa"},"content":{"rendered":"<p>A ag\u00eancia de classifica\u00e7\u00e3o de risco <strong>Moody&#8217;s<\/strong>, nesta ter\u00e7a-feira (03), alterou a perspectiva da companhia el\u00e9trica Cemig (CMIG3), passando de est\u00e1vel para positiva. Al\u00e9m disso, a ag\u00eancia permaneceu com o rating global da empresa em <strong>B1<\/strong>. O rating nacional da el\u00e9trica foi elevado para &#8220;<strong>Baa1.br<\/strong>&#8220;. As informa\u00e7\u00f5es foram divulgadas pela ag\u00eancia Reuters.<\/p>\t<div class=\"wrapper-featured-image\">\n\t\t<figure class=\"spotlightImg\">\n\n\t\t\t<picture>\n\t\t\t\t<source media=\"(max-width: 768px)\" srcset=\"https:\/\/files.sunoresearch.com.br\/n\/uploads\/2019\/08\/2f665c2f-cemig-400x200.webp\">\n\t\t\t\t<img loading=\"lazy\" decoding=\"async\" class=\"newsContent__article__imgCapa lazyloadDisabled newsContent__article__imgCapa--noCaption\" src=\"https:\/\/files.sunoresearch.com.br\/n\/uploads\/2019\/08\/2f665c2f-cemig-jpg.webp\" width=\"800\" height=\"450\" alt=\"Moody&#8217;s eleva perspectiva da Cemig e mant\u00e9m rating global da empresa\" fetchpriority=high \/>\n\t\t\t<\/picture>\n\n\t\t\t<figcaption class=\"wp-caption-text wp-caption-text--hide\">Segundo o fato relevante da Cemig, os deb\u00eantures foram emitidos em s\u00e9rie \u00fanica, com prazo de 11 anos<\/figcaption>\n\t\t<\/figure>\n\t<\/div>\n\n\n\n<p>Segundo a ag\u00eancia, as notas levam em considera\u00e7\u00e3o a baixa chance de apoio extraordin\u00e1rio do Estado em caso de problemas financeiras da <strong>Cemig,<\/strong> um n\u00edvel elevado de depend\u00eancia entre da empresa e o Estado, o perfil de cr\u00e9dito da el\u00e9trica e o rating para Minas Gerais (B2 est\u00e1vel) .<\/p>\n<p>Em comunicado a ag\u00eancia afirmou que: \u201cAs a\u00e7\u00f5es de rating refletem uma percep\u00e7\u00e3o de melhora cont\u00ednua do perfil de liquidez da <strong>Cemig,<\/strong> al\u00e9m de uma estrat\u00e9gia de gest\u00e3o de passivos e pol\u00edtica financeira mais prudentes\u201d.<\/p>\n<h2>Cemig desconsidera capitaliza\u00e7\u00e3o<\/h2>\n<p>A el\u00e9trica mineira afirmou, na \u00faltima sexta (03), que desconsidera a capitaliza\u00e7\u00e3o via oferta de a\u00e7\u00f5es.<\/p>\n<p>Nesta sexta-feira (30), a <strong>Cemig<\/strong> esclareceu a investidores que n\u00e3o est\u00e1 considerando uma arrecada\u00e7\u00e3o de capital atrav\u00e9s de uma oferta secund\u00e1ria de a\u00e7\u00f5es <strong>(<\/strong><a href=\"https:\/\/www.suno.com.br\/artigos\/follow-on\/\"><strong>follow on<\/strong><\/a><strong>).<\/strong><\/p>\n\t<p>\n\t\t<a href=\"https:\/\/lp.suno.com.br\/ebook-investindo-em-fiis\/\" target=\"_blank\" data-element=\"shortcode-suno-banner\" title=\"Banner SUNO, clique e saiba mais\">\n\t\t\t<picture>\n\t\t\t\t<source media=\"(max-width: 500px)\" srcset=\"https:\/\/files.sunoresearch.com.br\/n\/uploads\/2023\/07\/Ebook-Fundos-Imobiliarios-Mobile.jpg\">\n\t\t\t\t<img class=\"newsContent__article__imgCapa newsContent__article__imgCapa--banner\"\n\t\t\t\t\tsrc=\"https:\/\/files.sunoresearch.com.br\/n\/uploads\/2023\/07\/Ebook-Fundos-Imobiliarios-Desktop.jpg\"\n\t\t\t\t\tdata-promo-id=\"378301\"\t\t\t\t\t\t\t\t\t\twidth='1420' height='286'\t\t\t\t\talt=\"https:\/\/files.sunoresearch.com.br\/n\/uploads\/2023\/07\/Ebook-Fundos-Imobiliarios-Desktop.jpg\"\n\t\t\t\t>\n\t\t\t<\/picture>\n\t\t<\/a>\n\t<\/p>\n\n\n<p>A companhia acrescentou que permanece &#8220;permanentemente avaliando op\u00e7\u00f5es para otimizar seu fluxo de caixa e gerir sua d\u00edvida, com foco em desalavancagem, redu\u00e7\u00e3o do custo m\u00e9dio da d\u00edvida e alongamento do prazo m\u00e9dio de pagamento&#8221;.<\/p>\n<p>O governo de Minas Gerais tem um plano de privatizar a tradicional companhia estatal.<\/p>\n<p><a href=\"https:\/\/www.suno.com.br\/noticias\/cemig-desconsidera-capitalizacao-via-oferta-de-acoes\/\">Saiba mais: Cemig desconsidera capitaliza\u00e7\u00e3o via oferta de a\u00e7\u00f5es<\/a><\/p>\n<p>Analistas afirmaram \u00e0 &#8220;Reuters&#8221; recentemente que o esfor\u00e7o do governador mineiro, Romeu Zema, para privatizar a <strong>Cemig<\/strong> est\u00e1 longe de ser algo banal, dado que seria necess\u00e1ria a aprova\u00e7\u00e3o por 3\/5 da Assembleia Legislativa ou a realiza\u00e7\u00e3o de um referendo popular.<\/p>\n<p>Na \u00faltima ter\u00e7a (27), o presidente da <strong>Cemig,<\/strong> Cledorvino Belini, esteve na Bolsa de Valores de Nova York e disse que &#8220;em minha vis\u00e3o, o tempo necess\u00e1rio para isso ocorrer seria, no m\u00e1ximo de seis meses&#8221;.<\/p>\n<p>Al\u00e9m disso, disse que est\u00e3o avaliando as possibilidades de operarem fora do Pa\u00eds.&#8221;\u00c9 mais barato operar (no Brasil) do que fora, mas, ao mesmo tempo mantemos ambas as op\u00e7\u00f5es, pois tamb\u00e9m reconhecemos a import\u00e2ncia do mercado aqui (em Nova York)&#8221;, completou o presidente da <strong>Cemig.<\/strong><\/p>\n","protected":false},"excerpt":{"rendered":"<p>A ag\u00eancia de classifica\u00e7\u00e3o de risco Moody&#8217;s, nesta ter\u00e7a-feira (03), alterou a perspectiva da companhia el\u00e9trica Cemig (CMIG3), passando de est\u00e1vel para positiva. Al\u00e9m disso, a ag\u00eancia permaneceu com o rating global da empresa em B1. O rating nacional da el\u00e9trica foi elevado para &#8220;Baa1.br&#8220;. As informa\u00e7\u00f5es foram divulgadas pela ag\u00eancia Reuters. Segundo o fato [&hellip;]<\/p>\n","protected":false},"author":23,"featured_media":34361,"comment_status":"closed","ping_status":"closed","sticky":false,"template":"","format":"standard","meta":[],"categories":[64],"tags":[420,921,963,922],"suno_strategy":[],"class_list":["post-36358","post","type-post","status-publish","format-standard","has-post-thumbnail","hentry","category-negocios","tag-cemig-cmig3-cmig4","tag-minas-gerais","tag-moodys","tag-romeu-zema"],"yoast_head":"<!-- This site is optimized with the Yoast SEO plugin v24.4 - https:\/\/yoast.com\/wordpress\/plugins\/seo\/ -->\n<title>Moody&#039;s eleva perspectiva da Cemig e mant\u00e9m rating global da empresa<\/title>\n<meta name=\"description\" content=\"A Moody&#039;s alterou a perspectiva da companhia el\u00e9trica Cemig passando de est\u00e1vel para positiva. Clique aqui para saber mais.\" \/>\n<meta name=\"robots\" content=\"index, follow, max-snippet:-1, max-image-preview:large, max-video-preview:-1\" \/>\n<link rel=\"canonical\" href=\"https:\/\/www.suno.com.br\/noticias\/moodys-eleva-perspectiva-cemig-rating-global-empresa\/\" \/>\n<meta property=\"og:locale\" content=\"pt_BR\" \/>\n<meta property=\"og:type\" content=\"article\" \/>\n<meta property=\"og:title\" content=\"Moody&#039;s eleva perspectiva da Cemig e mant\u00e9m rating global da empresa\" \/>\n<meta property=\"og:description\" content=\"A Moody&#039;s alterou a perspectiva da companhia el\u00e9trica Cemig passando de est\u00e1vel para positiva. Clique aqui para saber mais.\" \/>\n<meta property=\"og:url\" content=\"https:\/\/www.suno.com.br\/noticias\/moodys-eleva-perspectiva-cemig-rating-global-empresa\/\" \/>\n<meta property=\"og:site_name\" content=\"Suno Not\u00edcias\" \/>\n<meta property=\"article:publisher\" content=\"https:\/\/facebook.com\/sunoresearch\" \/>\n<meta property=\"og:image\" content=\"https:\/\/files.sunoresearch.com.br\/n\/uploads\/2019\/08\/2f665c2f-cemig.jpg\" \/>\n\t<meta property=\"og:image:width\" content=\"680\" \/>\n\t<meta property=\"og:image:height\" content=\"453\" \/>\n\t<meta property=\"og:image:type\" content=\"image\/jpeg\" \/>\n<meta name=\"author\" content=\"Rafael Lara\" \/>\n<meta name=\"twitter:card\" content=\"summary_large_image\" \/>\n<meta name=\"twitter:creator\" content=\"@sunoresearch\" \/>\n<meta name=\"twitter:site\" content=\"@sunoresearch\" \/>\n<meta name=\"twitter:label1\" content=\"Escrito por\" \/>\n\t<meta name=\"twitter:data1\" content=\"Rafael Lara\" \/>\n\t<meta name=\"twitter:label2\" content=\"Est. tempo de leitura\" \/>\n\t<meta name=\"twitter:data2\" content=\"2 minutos\" \/>\n<script type=\"application\/ld+json\" class=\"yoast-schema-graph\">{\"@context\":\"https:\/\/schema.org\",\"@graph\":[{\"@type\":\"NewsArticle\",\"@id\":\"https:\/\/www.suno.com.br\/noticias\/moodys-eleva-perspectiva-cemig-rating-global-empresa\/#article\",\"isPartOf\":{\"@id\":\"https:\/\/www.suno.com.br\/noticias\/moodys-eleva-perspectiva-cemig-rating-global-empresa\/\"},\"author\":{\"name\":\"Rafael Lara\",\"@id\":\"https:\/\/www.suno.com.br\/noticias\/#\/schema\/person\/098743caeed97b37f51315c9576c4078\"},\"headline\":\"Moody&#8217;s eleva perspectiva da Cemig e mant\u00e9m rating global da empresa\",\"datePublished\":\"2019-09-04T00:04:44+00:00\",\"dateModified\":\"2019-09-17T23:54:54+00:00\",\"mainEntityOfPage\":{\"@id\":\"https:\/\/www.suno.com.br\/noticias\/moodys-eleva-perspectiva-cemig-rating-global-empresa\/\"},\"wordCount\":430,\"publisher\":{\"@id\":\"https:\/\/www.suno.com.br\/noticias\/#organization\"},\"image\":{\"@id\":\"https:\/\/www.suno.com.br\/noticias\/moodys-eleva-perspectiva-cemig-rating-global-empresa\/#primaryimage\"},\"thumbnailUrl\":\"https:\/\/files.sunoresearch.com.br\/n\/uploads\/2019\/08\/2f665c2f-cemig-jpg.webp\",\"keywords\":[\"Cemig (CMIG3\/CMIG4)\",\"Minas Gerais\",\"Moody's\",\"Romeu Zema\"],\"articleSection\":[\"Neg\u00f3cios\"],\"inLanguage\":\"pt-BR\"},{\"@type\":\"WebPage\",\"@id\":\"https:\/\/www.suno.com.br\/noticias\/moodys-eleva-perspectiva-cemig-rating-global-empresa\/\",\"url\":\"https:\/\/www.suno.com.br\/noticias\/moodys-eleva-perspectiva-cemig-rating-global-empresa\/\",\"name\":\"Moody's eleva perspectiva da Cemig e mant\u00e9m rating global da empresa\",\"isPartOf\":{\"@id\":\"https:\/\/www.suno.com.br\/noticias\/#website\"},\"primaryImageOfPage\":{\"@id\":\"https:\/\/www.suno.com.br\/noticias\/moodys-eleva-perspectiva-cemig-rating-global-empresa\/#primaryimage\"},\"image\":{\"@id\":\"https:\/\/www.suno.com.br\/noticias\/moodys-eleva-perspectiva-cemig-rating-global-empresa\/#primaryimage\"},\"thumbnailUrl\":\"https:\/\/files.sunoresearch.com.br\/n\/uploads\/2019\/08\/2f665c2f-cemig-jpg.webp\",\"datePublished\":\"2019-09-04T00:04:44+00:00\",\"dateModified\":\"2019-09-17T23:54:54+00:00\",\"description\":\"A Moody's alterou a perspectiva da companhia el\u00e9trica Cemig passando de est\u00e1vel para positiva. Clique aqui para saber mais.\",\"breadcrumb\":{\"@id\":\"https:\/\/www.suno.com.br\/noticias\/moodys-eleva-perspectiva-cemig-rating-global-empresa\/#breadcrumb\"},\"inLanguage\":\"pt-BR\",\"potentialAction\":[{\"@type\":\"ReadAction\",\"target\":[\"https:\/\/www.suno.com.br\/noticias\/moodys-eleva-perspectiva-cemig-rating-global-empresa\/\"]}]},{\"@type\":\"ImageObject\",\"inLanguage\":\"pt-BR\",\"@id\":\"https:\/\/www.suno.com.br\/noticias\/moodys-eleva-perspectiva-cemig-rating-global-empresa\/#primaryimage\",\"url\":\"https:\/\/files.sunoresearch.com.br\/n\/uploads\/2019\/08\/2f665c2f-cemig-jpg.webp\",\"contentUrl\":\"https:\/\/files.sunoresearch.com.br\/n\/uploads\/2019\/08\/2f665c2f-cemig-jpg.webp\",\"width\":680,\"height\":453,\"caption\":\"Segundo o fato relevante da Cemig, os deb\u00eantures foram emitidos em s\u00e9rie \u00fanica, com prazo de 11 anos\"},{\"@type\":\"BreadcrumbList\",\"@id\":\"https:\/\/www.suno.com.br\/noticias\/moodys-eleva-perspectiva-cemig-rating-global-empresa\/#breadcrumb\",\"itemListElement\":[{\"@type\":\"ListItem\",\"position\":1,\"name\":\"Not\u00edcias\",\"item\":\"https:\/\/www.suno.com.br\/noticias\/\"},{\"@type\":\"ListItem\",\"position\":2,\"name\":\"Neg\u00f3cios\",\"item\":\"https:\/\/www.suno.com.br\/noticias\/negocios\/\"},{\"@type\":\"ListItem\",\"position\":3,\"name\":\"Moody&#8217;s eleva perspectiva da Cemig e mant\u00e9m rating global da empresa\"}]},{\"@type\":\"WebSite\",\"@id\":\"https:\/\/www.suno.com.br\/noticias\/#website\",\"url\":\"https:\/\/www.suno.com.br\/noticias\/\",\"name\":\"Suno Not\u00edcias\",\"description\":\"Seu portal de informa\u00e7\u00e3o sobre o mundo dos investimentos\",\"publisher\":{\"@id\":\"https:\/\/www.suno.com.br\/noticias\/#organization\"},\"potentialAction\":[{\"@type\":\"SearchAction\",\"target\":{\"@type\":\"EntryPoint\",\"urlTemplate\":\"https:\/\/www.suno.com.br\/noticias\/?s={search_term_string}\"},\"query-input\":{\"@type\":\"PropertyValueSpecification\",\"valueRequired\":true,\"valueName\":\"search_term_string\"}}],\"inLanguage\":\"pt-BR\"},{\"@type\":\"Organization\",\"@id\":\"https:\/\/www.suno.com.br\/noticias\/#organization\",\"name\":\"Suno Not\u00edcias\",\"url\":\"https:\/\/www.suno.com.br\/noticias\/\",\"logo\":{\"@type\":\"ImageObject\",\"inLanguage\":\"pt-BR\",\"@id\":\"https:\/\/www.suno.com.br\/noticias\/#\/schema\/logo\/image\/\",\"url\":\"https:\/\/files.sunoresearch.com.br\/n\/uploads\/2021\/09\/suno-logo.png\",\"contentUrl\":\"https:\/\/files.sunoresearch.com.br\/n\/uploads\/2021\/09\/suno-logo.png\",\"width\":180,\"height\":180,\"caption\":\"Suno Not\u00edcias\"},\"image\":{\"@id\":\"https:\/\/www.suno.com.br\/noticias\/#\/schema\/logo\/image\/\"},\"sameAs\":[\"https:\/\/facebook.com\/sunoresearch\",\"https:\/\/x.com\/sunoresearch\",\"https:\/\/www.instagram.com\/suno\",\"https:\/\/www.linkedin.com\/company\/suno-research\/\",\"https:\/\/www.youtube.com\/c\/sunoresearch\"]},{\"@type\":\"Person\",\"@id\":\"https:\/\/www.suno.com.br\/noticias\/#\/schema\/person\/098743caeed97b37f51315c9576c4078\",\"name\":\"Rafael Lara\",\"image\":{\"@type\":\"ImageObject\",\"inLanguage\":\"pt-BR\",\"@id\":\"https:\/\/www.suno.com.br\/noticias\/#\/schema\/person\/image\/\",\"url\":\"https:\/\/secure.gravatar.com\/avatar\/dfc254ab9bb2ea1895d98b9e9dae4bdd?s=96&r=g\",\"contentUrl\":\"https:\/\/secure.gravatar.com\/avatar\/dfc254ab9bb2ea1895d98b9e9dae4bdd?s=96&r=g\",\"caption\":\"Rafael Lara\"},\"description\":\"Rafael Lara cursa jornalismo na Faculdade C\u00e1sper L\u00edbero. Escreve sobre pol\u00edtica, economia e neg\u00f3cios para o portal Suno Not\u00edcias. Antes, colaborou na TV Gazeta na produ\u00e7\u00e3o do programa Edi\u00e7\u00e3o Extra.\",\"url\":\"https:\/\/www.suno.com.br\/noticias\/author\/rafael\/\"}]}<\/script>\n<!-- \/ Yoast SEO plugin. -->","yoast_head_json":{"title":"Moody's eleva perspectiva da Cemig e mant\u00e9m rating global da empresa","description":"A Moody's alterou a perspectiva da companhia el\u00e9trica Cemig passando de est\u00e1vel para positiva. Clique aqui para saber mais.","robots":{"index":"index","follow":"follow","max-snippet":"max-snippet:-1","max-image-preview":"max-image-preview:large","max-video-preview":"max-video-preview:-1"},"canonical":"https:\/\/www.suno.com.br\/noticias\/moodys-eleva-perspectiva-cemig-rating-global-empresa\/","og_locale":"pt_BR","og_type":"article","og_title":"Moody's eleva perspectiva da Cemig e mant\u00e9m rating global da empresa","og_description":"A Moody's alterou a perspectiva da companhia el\u00e9trica Cemig passando de est\u00e1vel para positiva. Clique aqui para saber mais.","og_url":"https:\/\/www.suno.com.br\/noticias\/moodys-eleva-perspectiva-cemig-rating-global-empresa\/","og_site_name":"Suno Not\u00edcias","article_publisher":"https:\/\/facebook.com\/sunoresearch","og_image":[{"width":680,"height":453,"url":"https:\/\/files.sunoresearch.com.br\/n\/uploads\/2019\/08\/2f665c2f-cemig.jpg","type":"image\/jpeg"}],"author":"Rafael Lara","twitter_card":"summary_large_image","twitter_creator":"@sunoresearch","twitter_site":"@sunoresearch","twitter_misc":{"Escrito por":"Rafael Lara","Est. tempo de leitura":"2 minutos"},"schema":{"@context":"https:\/\/schema.org","@graph":[{"@type":"NewsArticle","@id":"https:\/\/www.suno.com.br\/noticias\/moodys-eleva-perspectiva-cemig-rating-global-empresa\/#article","isPartOf":{"@id":"https:\/\/www.suno.com.br\/noticias\/moodys-eleva-perspectiva-cemig-rating-global-empresa\/"},"author":{"name":"Rafael Lara","@id":"https:\/\/www.suno.com.br\/noticias\/#\/schema\/person\/098743caeed97b37f51315c9576c4078"},"headline":"Moody&#8217;s eleva perspectiva da Cemig e mant\u00e9m rating global da empresa","datePublished":"2019-09-04T00:04:44+00:00","dateModified":"2019-09-17T23:54:54+00:00","mainEntityOfPage":{"@id":"https:\/\/www.suno.com.br\/noticias\/moodys-eleva-perspectiva-cemig-rating-global-empresa\/"},"wordCount":430,"publisher":{"@id":"https:\/\/www.suno.com.br\/noticias\/#organization"},"image":{"@id":"https:\/\/www.suno.com.br\/noticias\/moodys-eleva-perspectiva-cemig-rating-global-empresa\/#primaryimage"},"thumbnailUrl":"https:\/\/files.sunoresearch.com.br\/n\/uploads\/2019\/08\/2f665c2f-cemig-jpg.webp","keywords":["Cemig (CMIG3\/CMIG4)","Minas Gerais","Moody's","Romeu Zema"],"articleSection":["Neg\u00f3cios"],"inLanguage":"pt-BR"},{"@type":"WebPage","@id":"https:\/\/www.suno.com.br\/noticias\/moodys-eleva-perspectiva-cemig-rating-global-empresa\/","url":"https:\/\/www.suno.com.br\/noticias\/moodys-eleva-perspectiva-cemig-rating-global-empresa\/","name":"Moody's eleva perspectiva da Cemig e mant\u00e9m rating global da empresa","isPartOf":{"@id":"https:\/\/www.suno.com.br\/noticias\/#website"},"primaryImageOfPage":{"@id":"https:\/\/www.suno.com.br\/noticias\/moodys-eleva-perspectiva-cemig-rating-global-empresa\/#primaryimage"},"image":{"@id":"https:\/\/www.suno.com.br\/noticias\/moodys-eleva-perspectiva-cemig-rating-global-empresa\/#primaryimage"},"thumbnailUrl":"https:\/\/files.sunoresearch.com.br\/n\/uploads\/2019\/08\/2f665c2f-cemig-jpg.webp","datePublished":"2019-09-04T00:04:44+00:00","dateModified":"2019-09-17T23:54:54+00:00","description":"A Moody's alterou a perspectiva da companhia el\u00e9trica Cemig passando de est\u00e1vel para positiva. Clique aqui para saber mais.","breadcrumb":{"@id":"https:\/\/www.suno.com.br\/noticias\/moodys-eleva-perspectiva-cemig-rating-global-empresa\/#breadcrumb"},"inLanguage":"pt-BR","potentialAction":[{"@type":"ReadAction","target":["https:\/\/www.suno.com.br\/noticias\/moodys-eleva-perspectiva-cemig-rating-global-empresa\/"]}]},{"@type":"ImageObject","inLanguage":"pt-BR","@id":"https:\/\/www.suno.com.br\/noticias\/moodys-eleva-perspectiva-cemig-rating-global-empresa\/#primaryimage","url":"https:\/\/files.sunoresearch.com.br\/n\/uploads\/2019\/08\/2f665c2f-cemig-jpg.webp","contentUrl":"https:\/\/files.sunoresearch.com.br\/n\/uploads\/2019\/08\/2f665c2f-cemig-jpg.webp","width":680,"height":453,"caption":"Segundo o fato relevante da Cemig, os deb\u00eantures foram emitidos em s\u00e9rie \u00fanica, com prazo de 11 anos"},{"@type":"BreadcrumbList","@id":"https:\/\/www.suno.com.br\/noticias\/moodys-eleva-perspectiva-cemig-rating-global-empresa\/#breadcrumb","itemListElement":[{"@type":"ListItem","position":1,"name":"Not\u00edcias","item":"https:\/\/www.suno.com.br\/noticias\/"},{"@type":"ListItem","position":2,"name":"Neg\u00f3cios","item":"https:\/\/www.suno.com.br\/noticias\/negocios\/"},{"@type":"ListItem","position":3,"name":"Moody&#8217;s eleva perspectiva da Cemig e mant\u00e9m rating global da empresa"}]},{"@type":"WebSite","@id":"https:\/\/www.suno.com.br\/noticias\/#website","url":"https:\/\/www.suno.com.br\/noticias\/","name":"Suno Not\u00edcias","description":"Seu portal de informa\u00e7\u00e3o sobre o mundo dos investimentos","publisher":{"@id":"https:\/\/www.suno.com.br\/noticias\/#organization"},"potentialAction":[{"@type":"SearchAction","target":{"@type":"EntryPoint","urlTemplate":"https:\/\/www.suno.com.br\/noticias\/?s={search_term_string}"},"query-input":{"@type":"PropertyValueSpecification","valueRequired":true,"valueName":"search_term_string"}}],"inLanguage":"pt-BR"},{"@type":"Organization","@id":"https:\/\/www.suno.com.br\/noticias\/#organization","name":"Suno Not\u00edcias","url":"https:\/\/www.suno.com.br\/noticias\/","logo":{"@type":"ImageObject","inLanguage":"pt-BR","@id":"https:\/\/www.suno.com.br\/noticias\/#\/schema\/logo\/image\/","url":"https:\/\/files.sunoresearch.com.br\/n\/uploads\/2021\/09\/suno-logo.png","contentUrl":"https:\/\/files.sunoresearch.com.br\/n\/uploads\/2021\/09\/suno-logo.png","width":180,"height":180,"caption":"Suno Not\u00edcias"},"image":{"@id":"https:\/\/www.suno.com.br\/noticias\/#\/schema\/logo\/image\/"},"sameAs":["https:\/\/facebook.com\/sunoresearch","https:\/\/x.com\/sunoresearch","https:\/\/www.instagram.com\/suno","https:\/\/www.linkedin.com\/company\/suno-research\/","https:\/\/www.youtube.com\/c\/sunoresearch"]},{"@type":"Person","@id":"https:\/\/www.suno.com.br\/noticias\/#\/schema\/person\/098743caeed97b37f51315c9576c4078","name":"Rafael Lara","image":{"@type":"ImageObject","inLanguage":"pt-BR","@id":"https:\/\/www.suno.com.br\/noticias\/#\/schema\/person\/image\/","url":"https:\/\/secure.gravatar.com\/avatar\/dfc254ab9bb2ea1895d98b9e9dae4bdd?s=96&r=g","contentUrl":"https:\/\/secure.gravatar.com\/avatar\/dfc254ab9bb2ea1895d98b9e9dae4bdd?s=96&r=g","caption":"Rafael Lara"},"description":"Rafael Lara cursa jornalismo na Faculdade C\u00e1sper L\u00edbero. Escreve sobre pol\u00edtica, economia e neg\u00f3cios para o portal Suno Not\u00edcias. Antes, colaborou na TV Gazeta na produ\u00e7\u00e3o do programa Edi\u00e7\u00e3o Extra.","url":"https:\/\/www.suno.com.br\/noticias\/author\/rafael\/"}]}},"default_loop_html":"<div class=\"cardsPage__listCard__boxs\"><div class=\"cardsPage__listCard__boxs__img\"><a href=\"https:\/\/www.suno.com.br\/noticias\/moodys-eleva-perspectiva-cemig-rating-global-empresa\/\"><img class=\"mask\" src=\"https:\/\/www.suno.com.br\/noticias\/wp-content\/themes\/suno\/resources\/images\/spotlight\/spotlight1img\/bg-mask.png\" alt=\"Image Mask\"\/><img src=\"https:\/\/files.sunoresearch.com.br\/n\/uploads\/2019\/08\/2f665c2f-cemig-400x200.webp\" alt=\"Moody&#8217;s eleva perspectiva da Cemig e mant\u00e9m rating global da empresa\"\/><\/a><span class=\"spotlightCategory\"><a href=\"https:\/\/www.suno.com.br\/noticias\/negocios\/\">Neg\u00f3cios<\/a><\/span><\/div><div class=\"cardsPage__listCard__boxs__content\"><a href=\"https:\/\/www.suno.com.br\/noticias\/moodys-eleva-perspectiva-cemig-rating-global-empresa\/\"><h2 class=\"content__title\">Moody&#8217;s eleva perspectiva da Cemig e mant\u00e9m rating global da empresa<\/h2><\/a><div class=\"newsContent__article__meta\"><div class=\"newsContent__article__meta__authorBox\"><a href=\"https:\/\/www.suno.com.br\/noticias\/author\/rafael\/\" class=\"authorBox__avatar noMobi\"><img src=\"https:\/\/secure.gravatar.com\/avatar\/dfc254ab9bb2ea1895d98b9e9dae4bdd?s=96&#038;r=g\" alt=\"Rafael Lara\"><\/a><div class=\"authorBox__name\"><span>por\n\t\t\t<a href=\"https:\/\/www.suno.com.br\/noticias\/author\/rafael\/\"><span itemprop=\"author\">Rafael Lara<\/span><\/a><\/span><time datetime=\"2019-09-03T21:04:44-03:00\" itemprop=\"datePublished\">03\/09\/2019 21:04<\/time><\/div><\/div><\/div><\/div><\/div>","single_layout":"posts","amp_enabled":true,"_links":{"self":[{"href":"https:\/\/www.suno.com.br\/noticias\/wp-json\/wp\/v2\/posts\/36358"}],"collection":[{"href":"https:\/\/www.suno.com.br\/noticias\/wp-json\/wp\/v2\/posts"}],"about":[{"href":"https:\/\/www.suno.com.br\/noticias\/wp-json\/wp\/v2\/types\/post"}],"author":[{"embeddable":true,"href":"https:\/\/www.suno.com.br\/noticias\/wp-json\/wp\/v2\/users\/23"}],"replies":[{"embeddable":true,"href":"https:\/\/www.suno.com.br\/noticias\/wp-json\/wp\/v2\/comments?post=36358"}],"version-history":[{"count":0,"href":"https:\/\/www.suno.com.br\/noticias\/wp-json\/wp\/v2\/posts\/36358\/revisions"}],"wp:featuredmedia":[{"embeddable":true,"href":"https:\/\/www.suno.com.br\/noticias\/wp-json\/wp\/v2\/media\/34361"}],"wp:attachment":[{"href":"https:\/\/www.suno.com.br\/noticias\/wp-json\/wp\/v2\/media?parent=36358"}],"wp:term":[{"taxonomy":"category","embeddable":true,"href":"https:\/\/www.suno.com.br\/noticias\/wp-json\/wp\/v2\/categories?post=36358"},{"taxonomy":"post_tag","embeddable":true,"href":"https:\/\/www.suno.com.br\/noticias\/wp-json\/wp\/v2\/tags?post=36358"},{"taxonomy":"suno_strategy","embeddable":true,"href":"https:\/\/www.suno.com.br\/noticias\/wp-json\/wp\/v2\/suno_strategy?post=36358"}],"curies":[{"name":"wp","href":"https:\/\/api.w.org\/{rel}","templated":true}]}}