{"id":363570,"date":"2023-02-14T09:41:54","date_gmt":"2023-02-14T12:41:54","guid":{"rendered":"https:\/\/www.suno.com.br\/noticias\/?p=363570"},"modified":"2023-02-14T09:41:59","modified_gmt":"2023-02-14T12:41:59","slug":"americanas-amer3-parceiro-lemann-ajuda-crise","status":"publish","type":"post","link":"https:\/\/www.suno.com.br\/noticias\/americanas-amer3-parceiro-lemann-ajuda-crise\/","title":{"rendered":"Agora vai? Parceiro de Lemann entra nas negocia\u00e7\u00f5es da Americanas (AMER3) com bancos"},"content":{"rendered":"<p>A novela da <a class=\"suno-keyword\" data-force=\"no\" data-priority=\"2\" href=\"https:\/\/www.suno.com.br\/artigos\/recuperacao-judicial\/\" target=\"_blank\" rel=\"noopener\">recupera\u00e7\u00e3o judicial<\/a> da <strong>Americanas<\/strong> (<a href=\"https:\/\/www.suno.com.br\/acoes\/amer3\/\" target=\"_blank\" rel=\"noreferrer noopener\">AMER3<\/a>) deve ganhar mais um cap\u00edtulo na quinta (16) com direito a entrada de um novo personagem: Roberto Thompson, s\u00f3cio da <a class=\"suno-keyword\" data-force=\"no\" data-priority=\"1\" href=\"https:\/\/www.suno.com.br\/artigos\/3g-capital\/\" target=\"_blank\" rel=\"noopener\">3G Capital<\/a>. Segundo informa\u00e7\u00f5es divulgadas na segunda (13), o parceiro de Jorge Paulo Lemann estaria com mandato para falar em nome dos acionistas de refer\u00eancia da varejista durante um novo encontro com os bancos.<\/p><div class=\"videoFull \">\n\t\t\t<div class=\"videoWrapper yt-lazyload center\"\n\t\t\t\tdata-width=\"960\"\n\t\t\t\tdata-height=\"540\"\n\t\t\t\tdata-id=\"LlFwgg3gQrM\"\n\t\t\t\tdata-alt=\"V\u00eddeo do YouTube - clique para reproduzir\"\n\t\t\t\tdata-logo=\"3\"\n\t\t\t\tdata-imagequality=\"maxres\">\n\t\t\t<\/div>\n\t\t<\/div><script type=\"application\/ld+json\">{\"@context\":\"https:\/\/schema.org\",\"@type\":\"VideoObject\",\"name\":\"Banco do Brasil (BBAS3): lucro sobe 52% | Campos Neto contra alta de metas de infla\u00e7\u00e3o | CPI nos EUA\",\"description\":\"\ud83d\udcb0 COMUNIDADE VIVA DE DIVIDENDOS | \ud835\udfd7\ud835\udfce \ud835\udc1d\ud835\udc22\ud835\udc1a\ud835\udc2c \ud835\udc29\ud835\udc1a\ud835\udc2b\ud835\udc1a \ud835\udc2f\ud835\udc28\ud835\udc1c\ud835\udc1e\u0302 \ud835\udc2b\ud835\udc1e\ud835\udc1c\ud835\udc1e\ud835\udc1b\ud835\udc1e\ud835\udc2b \ud835\udc11\ud835\udc04\ud835\udc0d\ud835\udc03\ud835\udc00 \ud835\udc04\ud835\udc17\ud835\udc13\ud835\udc11\ud835\udc00 \ud835\udc29\ud835\udc1e\ud835\udc25\ud835\udc1a \ud835\udc29\ud835\udc2b\ud835\udc22\ud835\udc26\ud835\udc1e\ud835\udc22\ud835\udc2b\ud835\udc1a \ud835\udc2f\ud835\udc1e\ud835\udc33 \ud835\udc28\ud835\udc2e \ud835\udc1e\ud835\udc2c\ud835\udc1c\ud835\udc1a\ud835\udc25\ud835\udc1a\ud835\udc2b \ud835\udc2c\ud835\udc1e\ud835\udc2e\ud835\udc2c \ud835\udc2b\ud835\udc1e\ud835\udc27\ud835\udc1d\ud835\udc22\ud835\udc26\ud835\udc1e\ud835\udc27\ud835\udc2d\ud835\udc28\ud835\udc2c \ud835\udc2b\ud835\udc2e\ud835\udc26\ud835\udc28 \ud835\udc1a\ud835\udc28\ud835\udc2c \ud835\udfd1, \ud835\udfd2 \ud835\udc28\ud835\udc2e \ud835\udfd3 \ud835\udc1d\ud835\udc22\u0301\ud835\udc20\ud835\udc22\ud835\udc2d\ud835\udc28\ud835\udc2c \ud835\udc26\ud835\udc1e\ud835\udc27\ud835\udc2c\ud835\udc1a\ud835\udc22\ud835\udc2c\ud83d\udc47 https:\/\/lp.suno.com.br\/cl\/comunidade-viva-de-dividendos\/?utm_source=youtube.noticias&utm_medium=live&utm_campaign=RS.CVD23.ns.20230213&utm_content=noticias.morning.14022023 \ud83d\udd0e \ud83d\udcca[\ud835\uddf2\ud835\uddd5\ud835\uddfc\ud835\uddfc\ud835\uddf8 \ud835\uddda\ud835\udde5\ud835\uddd4\ud835\udde7\ud835\udde8\ud835\udddc\ud835\udde7\ud835\udde2] \ud835\uddd4\ud835\uddfd\ud835\uddff\ud835\uddf2\ud835\uddfb\ud835\uddf1\ud835\uddee \ud835\uddf0\ud835\uddfc\ud835\uddfa\ud835\uddfc \ud835\uddee\ud835\uddfb\ud835\uddee\ud835\uddf9\ud835\uddf6\ud835\ude00\ud835\uddee\ud835\uddff \ud835\ude02\ud835\uddfa\ud835\uddee \ud835\uddee\u00e7\u00e3\ud835\uddfc\u200b \ud83d\udc47 https:\/\/lp.suno.com.br\/ebook-como-analisar-uma-acao\/?utm_source=youtube.noticias&utm_medium=live&utm_campaign=ebookcomoanalisarumaacao.20230206&utm_content=ytnoticias.morning.10022023 #morningcall #Not\u00edcias #investimentos #bbas3 #bb #bancodobrasil #dividendos #jcp #ibovespa #camposneto #robertocamposneto #bancocentral #bc #infla\u00e7\u00e3o #cpi #estadosunidos\u2026\",\"duration\":\"PT45M38S\",\"embedUrl\":\"https:\/\/www.youtube.com\/embed\/LlFwgg3gQrM\",\"regionsAllowed\":\"pt-BR\",\"interactionStatistic\":{\"@type\":\"InteractionCounter\",\"interactionType\":{\"@type\":\"WatchAction\"},\"userInteractionCount\":2763},\"thumbnailUrl\":\"https:\/\/i.ytimg.com\/vi\/LlFwgg3gQrM\/default.jpg\",\"uploadDate\":\"2023-02-14T13:02:06Z\"}<\/script>\n\n\n\n\n\t<p>\n\t\t<a href=\"\" target=\"_blank\" data-element=\"shortcode-suno-banner\" title=\"Banner SUNO, clique e saiba mais\">\n\t\t\t<picture>\n\t\t\t\t<source media=\"(max-width: 500px)\" srcset=\"\">\n\t\t\t\t<img class=\"newsContent__article__imgCapa newsContent__article__imgCapa--banner\"\n\t\t\t\t\tsrc=\"\"\n\t\t\t\t\tdata-promo-id=\"265277\"\t\t\t\t\t\t\t\t\t\t\t\t\t\t\talt=\"\"\n\t\t\t\t>\n\t\t\t<\/picture>\n\t\t<\/a>\n\t<\/p>\n\n\n\n\n\n<p>De acordo com a apura\u00e7\u00e3o do jornal Valor Econ\u00f4mico, a presen\u00e7a de Thompson no encontr foi interpretada pelos agentes econ\u00f4micos como um sinal de que<strong> Lemann<\/strong>, Marcel Telles e Carlos Alberto Sicupira poder\u00e3o propor uma capitaliza\u00e7\u00e3o da companhia.<\/p>\n\n\n\n<p>O<strong> s\u00f3cio da 3G Capital<\/strong> fez parte do <a class=\"suno-keyword\" target=\"_blank\" data-force=\"no\" data-priority=\"1\" href=\"https:\/\/www.suno.com.br\/artigos\/conselho-administracao\/\" rel=\"noopener\">conselho de administra\u00e7\u00e3o<\/a> da Americanas entre 2004 e 2020.<\/p>\n\n\n\t<p>\n\t\t<a href=\"https:\/\/lp.suno.com.br\/planilha-controle-gastos\/\" target=\"_blank\" data-element=\"shortcode-suno-banner\" title=\"Banner SUNO, clique e saiba mais\">\n\t\t\t<picture>\n\t\t\t\t<source media=\"(max-width: 500px)\" srcset=\"https:\/\/files.sunoresearch.com.br\/n\/uploads\/2023\/03\/400x300-Planilha-controle-de-gastos.png\">\n\t\t\t\t<img class=\"newsContent__article__imgCapa newsContent__article__imgCapa--banner\"\n\t\t\t\t\tsrc=\"https:\/\/files.sunoresearch.com.br\/n\/uploads\/2023\/03\/1420x240-Planilha-controle-de-gastos.png\"\n\t\t\t\t\tdata-promo-id=\"101751\"\t\t\t\t\t\t\t\t\t\twidth='1420' height='240'\t\t\t\t\talt=\"https:\/\/files.sunoresearch.com.br\/n\/uploads\/2023\/03\/1420x240-Planilha-controle-de-gastos.png\"\n\t\t\t\t>\n\t\t\t<\/picture>\n\t\t<\/a>\n\t<\/p>\n\n\n\n\n\n<p>Na reuni\u00e3o marcada para quinta, a varejista deve apresentar uma proposta de<strong> renegocia\u00e7\u00e3o das d\u00edvidas<\/strong>. Al\u00e9m da presen\u00e7a de Thompson, quem estar\u00e1 presente no encontro \u00e9 Luiz Muniz, s\u00f3cio do banco de investimentos Rothschild&amp;Co., contratado pela Americanas para atuar na crise.<\/p>\n\n\n\n<p>Na semana passada, Sicupira conversou com os bancos mas n\u00e3o apresentou nenhuma proposta concreta para o <strong>pagamento das d\u00edvidas da Americanas<\/strong>.<\/p>\n\n\n\n<p>Procurada pelo Valor, a Americanas n\u00e3o comentou sobre o assunto.<\/p>\n\n\n\t<p>\n\t\t<a href=\"https:\/\/lp.suno.com.br\/ebook-como-analisar-uma-acao\/\" target=\"_blank\" data-element=\"shortcode-suno-banner\" title=\"Banner SUNO, clique e saiba mais\">\n\t\t\t<picture>\n\t\t\t\t<source media=\"(max-width: 500px)\" srcset=\"https:\/\/files.sunoresearch.com.br\/n\/uploads\/2023\/03\/Ebook-Acoes-Mobile-1.jpg\">\n\t\t\t\t<img class=\"newsContent__article__imgCapa newsContent__article__imgCapa--banner\"\n\t\t\t\t\tsrc=\"https:\/\/files.sunoresearch.com.br\/n\/uploads\/2023\/03\/Ebook-Acoes-Desktop-1.jpg\"\n\t\t\t\t\tdata-promo-id=\"171998\"\t\t\t\t\t\t\t\t\t\twidth='1420' height='286'\t\t\t\t\talt=\"https:\/\/files.sunoresearch.com.br\/n\/uploads\/2023\/03\/Ebook-Acoes-Desktop-1.jpg\"\n\t\t\t\t>\n\t\t\t<\/picture>\n\t\t<\/a>\n\t<\/p>\n\n\n\n\n\n<h2 class=\"wp-block-heading\" id=\"h-recuperacao-judicial-da-americanas\">Recupera\u00e7\u00e3o judicial da Americanas<\/h2>\n\n\n\n<p>A&nbsp;<strong>recupera\u00e7\u00e3o judicial da Americanas<\/strong>&nbsp;conta com d\u00edvidas que superam os R$ 40 bilh\u00f5es. Na semana passada, a&nbsp;<a href=\"https:\/\/www.suno.com.br\/noticias\/americanas-amer3-justica-injecao-socios\/\" target=\"_blank\" rel=\"noreferrer noopener\">Justi\u00e7a autorizou um empr\u00e9stimo DIP de at\u00e9 R$ 2 bilh\u00f5es<\/a>, sendo que R$ 1 bilh\u00e3o foi aportado emergencialmente pelos acionistas de refer\u00eancia.<\/p>\n\n\n\n<p>Na \u00faltima sexta (11), a<strong>&nbsp;crise na Americanas<\/strong>&nbsp;completou um m\u00eas. Em comunicado enviado \u00e0 imprensa, a varejista ressaltou que suas opera\u00e7\u00f5es seguem normalmente nos pontos f\u00edsicos e digitais.<\/p>\n\n\n\n<p>\u201cPara nossos clientes, o resultado do que estamos fazendo juntos \u00e9 que a experi\u00eancia nas lojas, no site e no app continua sendo exatamente a mesma. As lojas seguem abertas e com prateleiras cheias. As entregas, garantidas. Protegemos nosso maior aliado e amigo de toda hora: o cliente\u201d, destacou Jo\u00e3o Guerra, CEO interino da&nbsp;<strong>Americanas<\/strong>.<\/p>\n\n\n\t<p>\n\t\t<a href=\"https:\/\/lp.suno.com.br\/planilha-de-controle-de-investimentos\/\" target=\"_blank\" data-element=\"shortcode-suno-banner\" title=\"Banner SUNO, clique e saiba mais\">\n\t\t\t<picture>\n\t\t\t\t<source media=\"(max-width: 500px)\" srcset=\"https:\/\/files.sunoresearch.com.br\/n\/uploads\/2023\/03\/400x300-Controle-de-Investimentos.png\">\n\t\t\t\t<img class=\"newsContent__article__imgCapa newsContent__article__imgCapa--banner\"\n\t\t\t\t\tsrc=\"https:\/\/files.sunoresearch.com.br\/n\/uploads\/2023\/03\/1420x240-Controle-de-Investimentos.png\"\n\t\t\t\t\tdata-promo-id=\"75934\"\t\t\t\t\t\t\t\t\t\twidth='1420' height='240'\t\t\t\t\talt=\"https:\/\/files.sunoresearch.com.br\/n\/uploads\/2023\/03\/1420x240-Controle-de-Investimentos.png\"\n\t\t\t\t>\n\t\t\t<\/picture>\n\t\t<\/a>\n\t<\/p>\n\n\n","protected":false},"excerpt":{"rendered":"<p>A novela da recupera\u00e7\u00e3o judicial da Americanas (AMER3) deve ganhar mais um cap\u00edtulo na quinta (16) com direito a entrada de um novo personagem: Roberto Thompson, s\u00f3cio da 3G Capital. Segundo informa\u00e7\u00f5es divulgadas na segunda (13), o parceiro de Jorge Paulo Lemann estaria com mandato para falar em nome dos acionistas de refer\u00eancia da varejista [&hellip;]<\/p>\n","protected":false},"author":232,"featured_media":355346,"comment_status":"closed","ping_status":"closed","sticky":false,"template":"","format":"standard","meta":[],"categories":[60],"tags":[286,106605],"suno_strategy":[],"class_list":["post-363570","post","type-post","status-publish","format-standard","has-post-thumbnail","hentry","category-mercado","tag-acoes","tag-americanas-s-a-amer3"],"yoast_head":"<!-- This site is optimized with the Yoast SEO plugin v24.4 - https:\/\/yoast.com\/wordpress\/plugins\/seo\/ -->\n<title>Parceiro de Lemann vai ajudar Americanas (AMER3) na crise<\/title>\n<meta name=\"description\" content=\"Um parceiro de Jorge Paulo Lemann na 3G Capital vai ajudar a Americanas a negociar suas d\u00edvidas com bancos. Saiba mais!\" \/>\n<meta name=\"robots\" content=\"index, follow, max-snippet:-1, max-image-preview:large, max-video-preview:-1\" \/>\n<link rel=\"canonical\" href=\"https:\/\/www.suno.com.br\/noticias\/americanas-amer3-parceiro-lemann-ajuda-crise\/\" \/>\n<meta property=\"og:locale\" content=\"pt_BR\" \/>\n<meta property=\"og:type\" content=\"article\" \/>\n<meta property=\"og:title\" content=\"Parceiro de Lemann vai ajudar Americanas (AMER3) na crise\" \/>\n<meta property=\"og:description\" content=\"Um parceiro de Jorge Paulo Lemann na 3G Capital vai ajudar a Americanas a negociar suas d\u00edvidas com bancos. Saiba mais!\" \/>\n<meta property=\"og:url\" content=\"https:\/\/www.suno.com.br\/noticias\/americanas-amer3-parceiro-lemann-ajuda-crise\/\" \/>\n<meta property=\"og:site_name\" content=\"Suno Not\u00edcias\" \/>\n<meta property=\"article:publisher\" content=\"https:\/\/facebook.com\/sunoresearch\" \/>\n<meta property=\"og:image\" content=\"https:\/\/files.sunoresearch.com.br\/n\/uploads\/2023\/01\/jorge-paulo-lemann-americanas-amer3-crise-foto-youtube.jpg\" \/>\n\t<meta property=\"og:image:width\" content=\"1200\" \/>\n\t<meta property=\"og:image:height\" content=\"675\" \/>\n\t<meta property=\"og:image:type\" content=\"image\/jpeg\" \/>\n<meta name=\"author\" content=\"Erick Matheus Nery\" \/>\n<meta name=\"twitter:card\" content=\"summary_large_image\" \/>\n<meta name=\"twitter:creator\" content=\"@sunoresearch\" \/>\n<meta name=\"twitter:site\" content=\"@sunoresearch\" \/>\n<meta name=\"twitter:label1\" content=\"Escrito por\" \/>\n\t<meta name=\"twitter:data1\" content=\"Erick Matheus Nery\" \/>\n\t<meta name=\"twitter:label2\" content=\"Est. tempo de leitura\" \/>\n\t<meta name=\"twitter:data2\" content=\"2 minutos\" \/>\n<script type=\"application\/ld+json\" class=\"yoast-schema-graph\">{\"@context\":\"https:\/\/schema.org\",\"@graph\":[{\"@type\":\"NewsArticle\",\"@id\":\"https:\/\/www.suno.com.br\/noticias\/americanas-amer3-parceiro-lemann-ajuda-crise\/#article\",\"isPartOf\":{\"@id\":\"https:\/\/www.suno.com.br\/noticias\/americanas-amer3-parceiro-lemann-ajuda-crise\/\"},\"author\":{\"name\":\"Erick Matheus Nery\",\"@id\":\"https:\/\/www.suno.com.br\/noticias\/#\/schema\/person\/6899bc3f19d1a7315f807131c2c013a0\"},\"headline\":\"Agora vai? Parceiro de Lemann entra nas negocia\u00e7\u00f5es da Americanas (AMER3) com bancos\",\"datePublished\":\"2023-02-14T12:41:54+00:00\",\"dateModified\":\"2023-02-14T12:41:59+00:00\",\"mainEntityOfPage\":{\"@id\":\"https:\/\/www.suno.com.br\/noticias\/americanas-amer3-parceiro-lemann-ajuda-crise\/\"},\"wordCount\":376,\"publisher\":{\"@id\":\"https:\/\/www.suno.com.br\/noticias\/#organization\"},\"image\":{\"@id\":\"https:\/\/www.suno.com.br\/noticias\/americanas-amer3-parceiro-lemann-ajuda-crise\/#primaryimage\"},\"thumbnailUrl\":\"https:\/\/files.sunoresearch.com.br\/n\/uploads\/2023\/01\/jorge-paulo-lemann-americanas-amer3-crise-foto-youtube.jpg\",\"keywords\":[\"A\u00e7\u00f5es\",\"Americanas (AMER3)\"],\"articleSection\":[\"Mercado\"],\"inLanguage\":\"pt-BR\"},{\"@type\":\"WebPage\",\"@id\":\"https:\/\/www.suno.com.br\/noticias\/americanas-amer3-parceiro-lemann-ajuda-crise\/\",\"url\":\"https:\/\/www.suno.com.br\/noticias\/americanas-amer3-parceiro-lemann-ajuda-crise\/\",\"name\":\"Parceiro de Lemann vai ajudar Americanas (AMER3) na crise\",\"isPartOf\":{\"@id\":\"https:\/\/www.suno.com.br\/noticias\/#website\"},\"primaryImageOfPage\":{\"@id\":\"https:\/\/www.suno.com.br\/noticias\/americanas-amer3-parceiro-lemann-ajuda-crise\/#primaryimage\"},\"image\":{\"@id\":\"https:\/\/www.suno.com.br\/noticias\/americanas-amer3-parceiro-lemann-ajuda-crise\/#primaryimage\"},\"thumbnailUrl\":\"https:\/\/files.sunoresearch.com.br\/n\/uploads\/2023\/01\/jorge-paulo-lemann-americanas-amer3-crise-foto-youtube.jpg\",\"datePublished\":\"2023-02-14T12:41:54+00:00\",\"dateModified\":\"2023-02-14T12:41:59+00:00\",\"description\":\"Um parceiro de Jorge Paulo Lemann na 3G Capital vai ajudar a Americanas a negociar suas d\u00edvidas com bancos. Saiba mais!\",\"breadcrumb\":{\"@id\":\"https:\/\/www.suno.com.br\/noticias\/americanas-amer3-parceiro-lemann-ajuda-crise\/#breadcrumb\"},\"inLanguage\":\"pt-BR\",\"potentialAction\":[{\"@type\":\"ReadAction\",\"target\":[\"https:\/\/www.suno.com.br\/noticias\/americanas-amer3-parceiro-lemann-ajuda-crise\/\"]}]},{\"@type\":\"ImageObject\",\"inLanguage\":\"pt-BR\",\"@id\":\"https:\/\/www.suno.com.br\/noticias\/americanas-amer3-parceiro-lemann-ajuda-crise\/#primaryimage\",\"url\":\"https:\/\/files.sunoresearch.com.br\/n\/uploads\/2023\/01\/jorge-paulo-lemann-americanas-amer3-crise-foto-youtube.jpg\",\"contentUrl\":\"https:\/\/files.sunoresearch.com.br\/n\/uploads\/2023\/01\/jorge-paulo-lemann-americanas-amer3-crise-foto-youtube.jpg\",\"width\":1200,\"height\":675,\"caption\":\"Jorge Paulo Lemann. Foto: YouTube\"},{\"@type\":\"BreadcrumbList\",\"@id\":\"https:\/\/www.suno.com.br\/noticias\/americanas-amer3-parceiro-lemann-ajuda-crise\/#breadcrumb\",\"itemListElement\":[{\"@type\":\"ListItem\",\"position\":1,\"name\":\"Not\u00edcias\",\"item\":\"https:\/\/www.suno.com.br\/noticias\/\"},{\"@type\":\"ListItem\",\"position\":2,\"name\":\"Mercado\",\"item\":\"https:\/\/www.suno.com.br\/noticias\/mercado\/\"},{\"@type\":\"ListItem\",\"position\":3,\"name\":\"Agora vai? Parceiro de Lemann entra nas negocia\u00e7\u00f5es da Americanas (AMER3) com bancos\"}]},{\"@type\":\"WebSite\",\"@id\":\"https:\/\/www.suno.com.br\/noticias\/#website\",\"url\":\"https:\/\/www.suno.com.br\/noticias\/\",\"name\":\"Suno Not\u00edcias\",\"description\":\"Seu portal de informa\u00e7\u00e3o sobre o mundo dos investimentos\",\"publisher\":{\"@id\":\"https:\/\/www.suno.com.br\/noticias\/#organization\"},\"potentialAction\":[{\"@type\":\"SearchAction\",\"target\":{\"@type\":\"EntryPoint\",\"urlTemplate\":\"https:\/\/www.suno.com.br\/noticias\/?s={search_term_string}\"},\"query-input\":{\"@type\":\"PropertyValueSpecification\",\"valueRequired\":true,\"valueName\":\"search_term_string\"}}],\"inLanguage\":\"pt-BR\"},{\"@type\":\"Organization\",\"@id\":\"https:\/\/www.suno.com.br\/noticias\/#organization\",\"name\":\"Suno Not\u00edcias\",\"url\":\"https:\/\/www.suno.com.br\/noticias\/\",\"logo\":{\"@type\":\"ImageObject\",\"inLanguage\":\"pt-BR\",\"@id\":\"https:\/\/www.suno.com.br\/noticias\/#\/schema\/logo\/image\/\",\"url\":\"https:\/\/files.sunoresearch.com.br\/n\/uploads\/2021\/09\/suno-logo.png\",\"contentUrl\":\"https:\/\/files.sunoresearch.com.br\/n\/uploads\/2021\/09\/suno-logo.png\",\"width\":180,\"height\":180,\"caption\":\"Suno Not\u00edcias\"},\"image\":{\"@id\":\"https:\/\/www.suno.com.br\/noticias\/#\/schema\/logo\/image\/\"},\"sameAs\":[\"https:\/\/facebook.com\/sunoresearch\",\"https:\/\/x.com\/sunoresearch\",\"https:\/\/www.instagram.com\/suno\",\"https:\/\/www.linkedin.com\/company\/suno-research\/\",\"https:\/\/www.youtube.com\/c\/sunoresearch\"]},{\"@type\":\"Person\",\"@id\":\"https:\/\/www.suno.com.br\/noticias\/#\/schema\/person\/6899bc3f19d1a7315f807131c2c013a0\",\"name\":\"Erick Matheus Nery\",\"image\":{\"@type\":\"ImageObject\",\"inLanguage\":\"pt-BR\",\"@id\":\"https:\/\/www.suno.com.br\/noticias\/#\/schema\/person\/image\/\",\"url\":\"https:\/\/secure.gravatar.com\/avatar\/518ddffe438ccb767782d372a66304d2?s=96&r=g\",\"contentUrl\":\"https:\/\/secure.gravatar.com\/avatar\/518ddffe438ccb767782d372a66304d2?s=96&r=g\",\"caption\":\"Erick Matheus Nery\"},\"description\":\"Formado em Jornalismo pela Universidade Federal do Par\u00e1 (UFPA), conta com extens\u00e3o em Jornalismo Econ\u00f4mico pela Funda\u00e7\u00e3o Get\u00falio Vargas (FGV). No Suno Not\u00edcias, atua como rep\u00f3rter de Mercado, com foco nos setores de telecomunica\u00e7\u00f5es, varejo, alimentos e renda fixa. Conta com passagens pelo jornal O Estado de S\u00e3o Paulo, como trainee de Jornalismo Econ\u00f4mico, e pelo site Not\u00edcias da TV.\",\"url\":\"https:\/\/www.suno.com.br\/noticias\/author\/erick-nery\/\"}]}<\/script>\n<!-- \/ Yoast SEO plugin. -->","yoast_head_json":{"title":"Parceiro de Lemann vai ajudar Americanas (AMER3) na crise","description":"Um parceiro de Jorge Paulo Lemann na 3G Capital vai ajudar a Americanas a negociar suas d\u00edvidas com bancos. Saiba mais!","robots":{"index":"index","follow":"follow","max-snippet":"max-snippet:-1","max-image-preview":"max-image-preview:large","max-video-preview":"max-video-preview:-1"},"canonical":"https:\/\/www.suno.com.br\/noticias\/americanas-amer3-parceiro-lemann-ajuda-crise\/","og_locale":"pt_BR","og_type":"article","og_title":"Parceiro de Lemann vai ajudar Americanas (AMER3) na crise","og_description":"Um parceiro de Jorge Paulo Lemann na 3G Capital vai ajudar a Americanas a negociar suas d\u00edvidas com bancos. Saiba mais!","og_url":"https:\/\/www.suno.com.br\/noticias\/americanas-amer3-parceiro-lemann-ajuda-crise\/","og_site_name":"Suno Not\u00edcias","article_publisher":"https:\/\/facebook.com\/sunoresearch","og_image":[{"width":1200,"height":675,"url":"https:\/\/files.sunoresearch.com.br\/n\/uploads\/2023\/01\/jorge-paulo-lemann-americanas-amer3-crise-foto-youtube.jpg","type":"image\/jpeg"}],"author":"Erick Matheus Nery","twitter_card":"summary_large_image","twitter_creator":"@sunoresearch","twitter_site":"@sunoresearch","twitter_misc":{"Escrito por":"Erick Matheus Nery","Est. tempo de leitura":"2 minutos"},"schema":{"@context":"https:\/\/schema.org","@graph":[{"@type":"NewsArticle","@id":"https:\/\/www.suno.com.br\/noticias\/americanas-amer3-parceiro-lemann-ajuda-crise\/#article","isPartOf":{"@id":"https:\/\/www.suno.com.br\/noticias\/americanas-amer3-parceiro-lemann-ajuda-crise\/"},"author":{"name":"Erick Matheus Nery","@id":"https:\/\/www.suno.com.br\/noticias\/#\/schema\/person\/6899bc3f19d1a7315f807131c2c013a0"},"headline":"Agora vai? Parceiro de Lemann entra nas negocia\u00e7\u00f5es da Americanas (AMER3) com bancos","datePublished":"2023-02-14T12:41:54+00:00","dateModified":"2023-02-14T12:41:59+00:00","mainEntityOfPage":{"@id":"https:\/\/www.suno.com.br\/noticias\/americanas-amer3-parceiro-lemann-ajuda-crise\/"},"wordCount":376,"publisher":{"@id":"https:\/\/www.suno.com.br\/noticias\/#organization"},"image":{"@id":"https:\/\/www.suno.com.br\/noticias\/americanas-amer3-parceiro-lemann-ajuda-crise\/#primaryimage"},"thumbnailUrl":"https:\/\/files.sunoresearch.com.br\/n\/uploads\/2023\/01\/jorge-paulo-lemann-americanas-amer3-crise-foto-youtube.jpg","keywords":["A\u00e7\u00f5es","Americanas (AMER3)"],"articleSection":["Mercado"],"inLanguage":"pt-BR"},{"@type":"WebPage","@id":"https:\/\/www.suno.com.br\/noticias\/americanas-amer3-parceiro-lemann-ajuda-crise\/","url":"https:\/\/www.suno.com.br\/noticias\/americanas-amer3-parceiro-lemann-ajuda-crise\/","name":"Parceiro de Lemann vai ajudar Americanas (AMER3) na crise","isPartOf":{"@id":"https:\/\/www.suno.com.br\/noticias\/#website"},"primaryImageOfPage":{"@id":"https:\/\/www.suno.com.br\/noticias\/americanas-amer3-parceiro-lemann-ajuda-crise\/#primaryimage"},"image":{"@id":"https:\/\/www.suno.com.br\/noticias\/americanas-amer3-parceiro-lemann-ajuda-crise\/#primaryimage"},"thumbnailUrl":"https:\/\/files.sunoresearch.com.br\/n\/uploads\/2023\/01\/jorge-paulo-lemann-americanas-amer3-crise-foto-youtube.jpg","datePublished":"2023-02-14T12:41:54+00:00","dateModified":"2023-02-14T12:41:59+00:00","description":"Um parceiro de Jorge Paulo Lemann na 3G Capital vai ajudar a Americanas a negociar suas d\u00edvidas com bancos. Saiba mais!","breadcrumb":{"@id":"https:\/\/www.suno.com.br\/noticias\/americanas-amer3-parceiro-lemann-ajuda-crise\/#breadcrumb"},"inLanguage":"pt-BR","potentialAction":[{"@type":"ReadAction","target":["https:\/\/www.suno.com.br\/noticias\/americanas-amer3-parceiro-lemann-ajuda-crise\/"]}]},{"@type":"ImageObject","inLanguage":"pt-BR","@id":"https:\/\/www.suno.com.br\/noticias\/americanas-amer3-parceiro-lemann-ajuda-crise\/#primaryimage","url":"https:\/\/files.sunoresearch.com.br\/n\/uploads\/2023\/01\/jorge-paulo-lemann-americanas-amer3-crise-foto-youtube.jpg","contentUrl":"https:\/\/files.sunoresearch.com.br\/n\/uploads\/2023\/01\/jorge-paulo-lemann-americanas-amer3-crise-foto-youtube.jpg","width":1200,"height":675,"caption":"Jorge Paulo Lemann. Foto: YouTube"},{"@type":"BreadcrumbList","@id":"https:\/\/www.suno.com.br\/noticias\/americanas-amer3-parceiro-lemann-ajuda-crise\/#breadcrumb","itemListElement":[{"@type":"ListItem","position":1,"name":"Not\u00edcias","item":"https:\/\/www.suno.com.br\/noticias\/"},{"@type":"ListItem","position":2,"name":"Mercado","item":"https:\/\/www.suno.com.br\/noticias\/mercado\/"},{"@type":"ListItem","position":3,"name":"Agora vai? Parceiro de Lemann entra nas negocia\u00e7\u00f5es da Americanas (AMER3) com bancos"}]},{"@type":"WebSite","@id":"https:\/\/www.suno.com.br\/noticias\/#website","url":"https:\/\/www.suno.com.br\/noticias\/","name":"Suno Not\u00edcias","description":"Seu portal de informa\u00e7\u00e3o sobre o mundo dos investimentos","publisher":{"@id":"https:\/\/www.suno.com.br\/noticias\/#organization"},"potentialAction":[{"@type":"SearchAction","target":{"@type":"EntryPoint","urlTemplate":"https:\/\/www.suno.com.br\/noticias\/?s={search_term_string}"},"query-input":{"@type":"PropertyValueSpecification","valueRequired":true,"valueName":"search_term_string"}}],"inLanguage":"pt-BR"},{"@type":"Organization","@id":"https:\/\/www.suno.com.br\/noticias\/#organization","name":"Suno Not\u00edcias","url":"https:\/\/www.suno.com.br\/noticias\/","logo":{"@type":"ImageObject","inLanguage":"pt-BR","@id":"https:\/\/www.suno.com.br\/noticias\/#\/schema\/logo\/image\/","url":"https:\/\/files.sunoresearch.com.br\/n\/uploads\/2021\/09\/suno-logo.png","contentUrl":"https:\/\/files.sunoresearch.com.br\/n\/uploads\/2021\/09\/suno-logo.png","width":180,"height":180,"caption":"Suno Not\u00edcias"},"image":{"@id":"https:\/\/www.suno.com.br\/noticias\/#\/schema\/logo\/image\/"},"sameAs":["https:\/\/facebook.com\/sunoresearch","https:\/\/x.com\/sunoresearch","https:\/\/www.instagram.com\/suno","https:\/\/www.linkedin.com\/company\/suno-research\/","https:\/\/www.youtube.com\/c\/sunoresearch"]},{"@type":"Person","@id":"https:\/\/www.suno.com.br\/noticias\/#\/schema\/person\/6899bc3f19d1a7315f807131c2c013a0","name":"Erick Matheus Nery","image":{"@type":"ImageObject","inLanguage":"pt-BR","@id":"https:\/\/www.suno.com.br\/noticias\/#\/schema\/person\/image\/","url":"https:\/\/secure.gravatar.com\/avatar\/518ddffe438ccb767782d372a66304d2?s=96&r=g","contentUrl":"https:\/\/secure.gravatar.com\/avatar\/518ddffe438ccb767782d372a66304d2?s=96&r=g","caption":"Erick Matheus Nery"},"description":"Formado em Jornalismo pela Universidade Federal do Par\u00e1 (UFPA), conta com extens\u00e3o em Jornalismo Econ\u00f4mico pela Funda\u00e7\u00e3o Get\u00falio Vargas (FGV). No Suno Not\u00edcias, atua como rep\u00f3rter de Mercado, com foco nos setores de telecomunica\u00e7\u00f5es, varejo, alimentos e renda fixa. Conta com passagens pelo jornal O Estado de S\u00e3o Paulo, como trainee de Jornalismo Econ\u00f4mico, e pelo site Not\u00edcias da TV.","url":"https:\/\/www.suno.com.br\/noticias\/author\/erick-nery\/"}]}},"default_loop_html":"<div class=\"cardsPage__listCard__boxs\"><div class=\"cardsPage__listCard__boxs__img\"><a href=\"https:\/\/www.suno.com.br\/noticias\/americanas-amer3-parceiro-lemann-ajuda-crise\/\"><img class=\"mask\" src=\"https:\/\/www.suno.com.br\/noticias\/wp-content\/themes\/suno\/resources\/images\/spotlight\/spotlight1img\/bg-mask.png\" alt=\"Image Mask\"\/><img src=\"https:\/\/files.sunoresearch.com.br\/n\/uploads\/2023\/01\/jorge-paulo-lemann-americanas-amer3-crise-foto-youtube-400x200.jpg\" alt=\"Agora vai? Parceiro de Lemann entra nas negocia\u00e7\u00f5es da Americanas (AMER3) com bancos\"\/><\/a><span class=\"spotlightCategory\"><a href=\"https:\/\/www.suno.com.br\/noticias\/mercado\/\">Mercado<\/a><\/span><\/div><div class=\"cardsPage__listCard__boxs__content\"><a href=\"https:\/\/www.suno.com.br\/noticias\/americanas-amer3-parceiro-lemann-ajuda-crise\/\"><h2 class=\"content__title\">Agora vai? Parceiro de Lemann entra nas negocia\u00e7\u00f5es da Americanas (AMER3) com bancos<\/h2><\/a><div class=\"newsContent__article__meta\"><div class=\"newsContent__article__meta__authorBox\"><a href=\"https:\/\/www.suno.com.br\/noticias\/author\/erick-nery\/\" class=\"authorBox__avatar noMobi\"><img src=\"https:\/\/secure.gravatar.com\/avatar\/518ddffe438ccb767782d372a66304d2?s=96&#038;r=g\" alt=\"Erick Matheus Nery\"><\/a><div class=\"authorBox__name\"><span>por\n\t\t\t<a href=\"https:\/\/www.suno.com.br\/noticias\/author\/erick-nery\/\"><span itemprop=\"author\">Erick Matheus Nery<\/span><\/a><\/span><time datetime=\"2023-02-14T09:41:54-03:00\" itemprop=\"datePublished\">14\/02\/2023 09:41<\/time><\/div><\/div><\/div><\/div><\/div>","single_layout":"posts","amp_enabled":true,"_links":{"self":[{"href":"https:\/\/www.suno.com.br\/noticias\/wp-json\/wp\/v2\/posts\/363570"}],"collection":[{"href":"https:\/\/www.suno.com.br\/noticias\/wp-json\/wp\/v2\/posts"}],"about":[{"href":"https:\/\/www.suno.com.br\/noticias\/wp-json\/wp\/v2\/types\/post"}],"author":[{"embeddable":true,"href":"https:\/\/www.suno.com.br\/noticias\/wp-json\/wp\/v2\/users\/232"}],"replies":[{"embeddable":true,"href":"https:\/\/www.suno.com.br\/noticias\/wp-json\/wp\/v2\/comments?post=363570"}],"version-history":[{"count":3,"href":"https:\/\/www.suno.com.br\/noticias\/wp-json\/wp\/v2\/posts\/363570\/revisions"}],"predecessor-version":[{"id":363598,"href":"https:\/\/www.suno.com.br\/noticias\/wp-json\/wp\/v2\/posts\/363570\/revisions\/363598"}],"wp:featuredmedia":[{"embeddable":true,"href":"https:\/\/www.suno.com.br\/noticias\/wp-json\/wp\/v2\/media\/355346"}],"wp:attachment":[{"href":"https:\/\/www.suno.com.br\/noticias\/wp-json\/wp\/v2\/media?parent=363570"}],"wp:term":[{"taxonomy":"category","embeddable":true,"href":"https:\/\/www.suno.com.br\/noticias\/wp-json\/wp\/v2\/categories?post=363570"},{"taxonomy":"post_tag","embeddable":true,"href":"https:\/\/www.suno.com.br\/noticias\/wp-json\/wp\/v2\/tags?post=363570"},{"taxonomy":"suno_strategy","embeddable":true,"href":"https:\/\/www.suno.com.br\/noticias\/wp-json\/wp\/v2\/suno_strategy?post=363570"}],"curies":[{"name":"wp","href":"https:\/\/api.w.org\/{rel}","templated":true}]}}