{"id":363558,"date":"2023-02-14T09:07:02","date_gmt":"2023-02-14T12:07:02","guid":{"rendered":"https:\/\/www.suno.com.br\/noticias\/?p=363558"},"modified":"2023-02-14T09:07:07","modified_gmt":"2023-02-14T12:07:07","slug":"oi-oibr3-justica-eua-protecao-recuperacao-judicial","status":"publish","type":"post","link":"https:\/\/www.suno.com.br\/noticias\/oi-oibr3-justica-eua-protecao-recuperacao-judicial\/","title":{"rendered":"Oi (OIBR3) recebe prote\u00e7\u00e3o judicial nos EUA com medo de &#8220;danos irrepar\u00e1veis&#8221;"},"content":{"rendered":"<p>A <strong>Oi<\/strong> (<a href=\"https:\/\/www.suno.com.br\/acoes\/oibr3\" target=\"_blank\" rel=\"noreferrer noopener\">OIBR3<\/a>) conseguiu prote\u00e7\u00e3o judicial. O pedido foi atendido pela Corte de Fal\u00eancias de Nova York aceitou nesta segunda (13), ap\u00f3s a empresa de <a href=\"https:\/\/www.suno.com.br\/noticias\/oi-oibr3-ceo-abre-jogo-pre-rj\/\" target=\"_blank\" rel=\"noreferrer noopener\">telecomunica\u00e7\u00f5es apresentar o pedido na semana anterior<\/a>.<\/p><div class=\"videoFull \">\n\t\t\t<div class=\"videoWrapper yt-lazyload center\"\n\t\t\t\tdata-width=\"960\"\n\t\t\t\tdata-height=\"540\"\n\t\t\t\tdata-id=\"LlFwgg3gQrM\"\n\t\t\t\tdata-alt=\"V\u00eddeo do YouTube - clique para reproduzir\"\n\t\t\t\tdata-logo=\"3\"\n\t\t\t\tdata-imagequality=\"maxres\">\n\t\t\t<\/div>\n\t\t<\/div><script type=\"application\/ld+json\">{\"@context\":\"https:\/\/schema.org\",\"@type\":\"VideoObject\",\"name\":\"Banco do Brasil (BBAS3): lucro sobe 52% | Campos Neto contra alta de metas de infla\u00e7\u00e3o | CPI nos EUA\",\"description\":\"\ud83d\udcb0 COMUNIDADE VIVA DE DIVIDENDOS | \ud835\udfd7\ud835\udfce \ud835\udc1d\ud835\udc22\ud835\udc1a\ud835\udc2c \ud835\udc29\ud835\udc1a\ud835\udc2b\ud835\udc1a \ud835\udc2f\ud835\udc28\ud835\udc1c\ud835\udc1e\u0302 \ud835\udc2b\ud835\udc1e\ud835\udc1c\ud835\udc1e\ud835\udc1b\ud835\udc1e\ud835\udc2b \ud835\udc11\ud835\udc04\ud835\udc0d\ud835\udc03\ud835\udc00 \ud835\udc04\ud835\udc17\ud835\udc13\ud835\udc11\ud835\udc00 \ud835\udc29\ud835\udc1e\ud835\udc25\ud835\udc1a \ud835\udc29\ud835\udc2b\ud835\udc22\ud835\udc26\ud835\udc1e\ud835\udc22\ud835\udc2b\ud835\udc1a \ud835\udc2f\ud835\udc1e\ud835\udc33 \ud835\udc28\ud835\udc2e \ud835\udc1e\ud835\udc2c\ud835\udc1c\ud835\udc1a\ud835\udc25\ud835\udc1a\ud835\udc2b \ud835\udc2c\ud835\udc1e\ud835\udc2e\ud835\udc2c \ud835\udc2b\ud835\udc1e\ud835\udc27\ud835\udc1d\ud835\udc22\ud835\udc26\ud835\udc1e\ud835\udc27\ud835\udc2d\ud835\udc28\ud835\udc2c \ud835\udc2b\ud835\udc2e\ud835\udc26\ud835\udc28 \ud835\udc1a\ud835\udc28\ud835\udc2c \ud835\udfd1, \ud835\udfd2 \ud835\udc28\ud835\udc2e \ud835\udfd3 \ud835\udc1d\ud835\udc22\u0301\ud835\udc20\ud835\udc22\ud835\udc2d\ud835\udc28\ud835\udc2c \ud835\udc26\ud835\udc1e\ud835\udc27\ud835\udc2c\ud835\udc1a\ud835\udc22\ud835\udc2c\ud83d\udc47 https:\/\/lp.suno.com.br\/cl\/comunidade-viva-de-dividendos\/?utm_source=youtube.noticias&utm_medium=live&utm_campaign=RS.CVD23.ns.20230213&utm_content=noticias.morning.14022023 \ud83d\udd0e \ud83d\udcca[\ud835\uddf2\ud835\uddd5\ud835\uddfc\ud835\uddfc\ud835\uddf8 \ud835\uddda\ud835\udde5\ud835\uddd4\ud835\udde7\ud835\udde8\ud835\udddc\ud835\udde7\ud835\udde2] \ud835\uddd4\ud835\uddfd\ud835\uddff\ud835\uddf2\ud835\uddfb\ud835\uddf1\ud835\uddee \ud835\uddf0\ud835\uddfc\ud835\uddfa\ud835\uddfc \ud835\uddee\ud835\uddfb\ud835\uddee\ud835\uddf9\ud835\uddf6\ud835\ude00\ud835\uddee\ud835\uddff \ud835\ude02\ud835\uddfa\ud835\uddee \ud835\uddee\u00e7\u00e3\ud835\uddfc\u200b \ud83d\udc47 https:\/\/lp.suno.com.br\/ebook-como-analisar-uma-acao\/?utm_source=youtube.noticias&utm_medium=live&utm_campaign=ebookcomoanalisarumaacao.20230206&utm_content=ytnoticias.morning.10022023 #morningcall #Not\u00edcias #investimentos #bbas3 #bb #bancodobrasil #dividendos #jcp #ibovespa #camposneto #robertocamposneto #bancocentral #bc #infla\u00e7\u00e3o #cpi #estadosunidos\u2026\",\"duration\":\"PT45M38S\",\"embedUrl\":\"https:\/\/www.youtube.com\/embed\/LlFwgg3gQrM\",\"regionsAllowed\":\"pt-BR\",\"interactionStatistic\":{\"@type\":\"InteractionCounter\",\"interactionType\":{\"@type\":\"WatchAction\"},\"userInteractionCount\":2763},\"thumbnailUrl\":\"https:\/\/i.ytimg.com\/vi\/LlFwgg3gQrM\/default.jpg\",\"uploadDate\":\"2023-02-14T13:02:06Z\"}<\/script>\n\n\n\n\n\t<p>\n\t\t<a href=\"\" target=\"_blank\" data-element=\"shortcode-suno-banner\" title=\"Banner SUNO, clique e saiba mais\">\n\t\t\t<picture>\n\t\t\t\t<source media=\"(max-width: 500px)\" srcset=\"\">\n\t\t\t\t<img class=\"newsContent__article__imgCapa newsContent__article__imgCapa--banner\"\n\t\t\t\t\tsrc=\"\"\n\t\t\t\t\tdata-promo-id=\"138420\"\t\t\t\t\t\t\t\t\t\t\t\t\t\t\talt=\"\"\n\t\t\t\t>\n\t\t\t<\/picture>\n\t\t<\/a>\n\t<\/p>\n\n\n\n\n\n<p>Uma primeira <strong>audi\u00eancia <\/strong>sobre o caso da Oi j\u00e1 foi agendada para o dia 29 de mar\u00e7o. <\/p>\n\n\n\n<p>O juiz respons\u00e1vel pelo caso, John P. Mastando III, afirmou que a medida provis\u00f3ria contra execu\u00e7\u00f5es de d\u00edvidas solicitada nos <strong>EUA <\/strong>\u00e9 &#8220;urgentemente necess\u00e1ria&#8221; para proteger os bens das empresas e os interesses dos credores enquanto o Tribunal aguarda a considera\u00e7\u00e3o do pedido pendente de reconhecimento do processo no Brasil.<\/p>\n\n\n\n<p>O magistrado tamb\u00e9m reconheceu que as alega\u00e7\u00f5es apresentadas pelos advogados da Oi at\u00e9 o momento demonstraram que existe um risco material de que <strong>o grupo empresarial sofra &#8220;danos irrepar\u00e1veis&#8221;<\/strong> na aus\u00eancia de uma tutela na Justi\u00e7a americana.<\/p>\n\n\n\t<p>\n\t\t<a href=\"https:\/\/lp.suno.com.br\/planilha-controle-gastos\/\" target=\"_blank\" data-element=\"shortcode-suno-banner\" title=\"Banner SUNO, clique e saiba mais\">\n\t\t\t<picture>\n\t\t\t\t<source media=\"(max-width: 500px)\" srcset=\"https:\/\/files.sunoresearch.com.br\/n\/uploads\/2023\/03\/400x300-Planilha-controle-de-gastos.png\">\n\t\t\t\t<img class=\"newsContent__article__imgCapa newsContent__article__imgCapa--banner\"\n\t\t\t\t\tsrc=\"https:\/\/files.sunoresearch.com.br\/n\/uploads\/2023\/03\/1420x240-Planilha-controle-de-gastos.png\"\n\t\t\t\t\tdata-promo-id=\"101751\"\t\t\t\t\t\t\t\t\t\twidth='1420' height='240'\t\t\t\t\talt=\"https:\/\/files.sunoresearch.com.br\/n\/uploads\/2023\/03\/1420x240-Planilha-controle-de-gastos.png\"\n\t\t\t\t>\n\t\t\t<\/picture>\n\t\t<\/a>\n\t<\/p>\n\n\n\n\n\n<h2 class=\"wp-block-heading\" id=\"h-inicio-da-volta-da-oi-a-recuperacao-judicial\">In\u00edcio da &#8216;volta&#8217; da Oi \u00e0 Recupera\u00e7\u00e3o Judicial<\/h2>\n\n\n\n<p>No come\u00e7o deste m\u00eas, a 7.\u00aa Vara Empresarial do Rio de Janeiro j\u00e1 havia dado \u00e0 Oi e \u00e0s suas subsidi\u00e1rias Portugal Telecom e Oi Brasil Holdings o direito tempor\u00e1rio (v\u00e1lido por 30 dias) de <strong><a href=\"https:\/\/www.suno.com.br\/noticias\/oi-oibr3-recuperacao-judicial-eua-pedido\/\" target=\"_blank\" rel=\"noreferrer noopener\">n\u00e3o pagar suas d\u00edvidas nem de ter garantias executadas<\/a><\/strong>.<\/p>\n\n\n\n<p>Isso veio ap\u00f3s a tele admitir que n\u00e3o tinha condi\u00e7\u00f5es de arcar com o pagamento de R$ 600 milh\u00f5es em d\u00edvidas cujo vencimento ocorreria no \u00faltimo dia 5. <\/p>\n\n\n\n<p>O montante inclu\u00eda t\u00edtulos de d\u00edvidas emitidos no mercado internacional, <a href=\"https:\/\/www.suno.com.br\/artigos\/bonds\/\" target=\"_blank\" rel=\"noreferrer noopener\">os chamados bonds<\/a>. <\/p>\n\n\n\n<p>Caso a Oi n\u00e3o encontre uma solu\u00e7\u00e3o na negocia\u00e7\u00e3o com os credores dentro do prazo concedido de 30 dias, restar\u00e1 apenas oficializar o pedido de recupera\u00e7\u00e3o por aqui.<\/p>\n\n\n\n<p>Uma vez que a <strong>Oi <\/strong>recebeu a tutela de urg\u00eancia no Brasil, tamb\u00e9m foi necess\u00e1rio fazer um pedido semelhante na Justi\u00e7a dos EUA. &#8220;Na aus\u00eancia do al\u00edvio concedido por esta Corte, os credores poderiam tomar a\u00e7\u00f5es nos Estados Unidos que interfeririam na condu\u00e7\u00e3o do processo brasileiro em detrimento do conjunto credor como um todo&#8221;, descreveu o juiz da Corte de Fal\u00eancias de Nova York.<\/p>\n\n\n\n<p>Com Estad\u00e3o Conte\u00fado<\/p>\n\n\n\t<p>\n\t\t<a href=\"https:\/\/lp.suno.com.br\/planilha-da-vida-financeira\/\" target=\"_blank\" data-element=\"shortcode-suno-banner\" title=\"Banner SUNO, clique e saiba mais\">\n\t\t\t<picture>\n\t\t\t\t<source media=\"(max-width: 500px)\" srcset=\"https:\/\/files.sunoresearch.com.br\/n\/uploads\/2023\/04\/400x300-Planilha-vida-financeira-true.png\">\n\t\t\t\t<img class=\"newsContent__article__imgCapa newsContent__article__imgCapa--banner\"\n\t\t\t\t\tsrc=\"https:\/\/files.sunoresearch.com.br\/n\/uploads\/2023\/04\/1420x240-Planilha-vida-financeira-true.png\"\n\t\t\t\t\tdata-promo-id=\"106682\"\t\t\t\t\t\t\t\t\t\twidth='1420' height='240'\t\t\t\t\talt=\"https:\/\/files.sunoresearch.com.br\/n\/uploads\/2023\/04\/1420x240-Planilha-vida-financeira-true.png\"\n\t\t\t\t>\n\t\t\t<\/picture>\n\t\t<\/a>\n\t<\/p>\n\n\n","protected":false},"excerpt":{"rendered":"<p>A Oi (OIBR3) conseguiu prote\u00e7\u00e3o judicial. O pedido foi atendido pela Corte de Fal\u00eancias de Nova York aceitou nesta segunda (13), ap\u00f3s a empresa de telecomunica\u00e7\u00f5es apresentar o pedido na semana anterior. Uma primeira audi\u00eancia sobre o caso da Oi j\u00e1 foi agendada para o dia 29 de mar\u00e7o. O juiz respons\u00e1vel pelo caso, John [&hellip;]<\/p>\n","protected":false},"author":73,"featured_media":265652,"comment_status":"closed","ping_status":"closed","sticky":false,"template":"","format":"standard","meta":[],"categories":[64],"tags":[286,106444,584,314],"suno_strategy":[],"class_list":["post-363558","post","type-post","status-publish","format-standard","has-post-thumbnail","hentry","category-negocios","tag-acoes","tag-agencias","tag-oi-oibr3-oibr4","tag-recuperacao-judicial"],"yoast_head":"<!-- This site is optimized with the Yoast SEO plugin v24.4 - https:\/\/yoast.com\/wordpress\/plugins\/seo\/ -->\n<title>Oi (OIBR3) recebe prote\u00e7\u00e3o judicial nos EUA temendo &quot;danos irrepar\u00e1veis&quot;<\/title>\n<meta name=\"description\" content=\"Uma primeira audi\u00eancia sobre o caso da Oi na Justi\u00e7a dos EUA j\u00e1 foi agendada para o dia 29 de mar\u00e7o. Clique e confira!\" \/>\n<meta name=\"robots\" content=\"index, follow, max-snippet:-1, max-image-preview:large, max-video-preview:-1\" \/>\n<link rel=\"canonical\" href=\"https:\/\/www.suno.com.br\/noticias\/oi-oibr3-justica-eua-protecao-recuperacao-judicial\/\" \/>\n<meta property=\"og:locale\" content=\"pt_BR\" \/>\n<meta property=\"og:type\" content=\"article\" \/>\n<meta property=\"og:title\" content=\"Oi (OIBR3) recebe prote\u00e7\u00e3o judicial nos EUA temendo &quot;danos irrepar\u00e1veis&quot;\" \/>\n<meta property=\"og:description\" content=\"Uma primeira audi\u00eancia sobre o caso da Oi na Justi\u00e7a dos EUA j\u00e1 foi agendada para o dia 29 de mar\u00e7o. Clique e confira!\" \/>\n<meta property=\"og:url\" content=\"https:\/\/www.suno.com.br\/noticias\/oi-oibr3-justica-eua-protecao-recuperacao-judicial\/\" \/>\n<meta property=\"og:site_name\" content=\"Suno Not\u00edcias\" \/>\n<meta property=\"article:publisher\" content=\"https:\/\/facebook.com\/sunoresearch\" \/>\n<meta property=\"og:image\" content=\"https:\/\/files.sunoresearch.com.br\/n\/uploads\/2022\/06\/Radar.-Oi-OIBR3-tem-processo-de-recuperacao-adiado-novamente-Banrisul-BRSR6-e-Romi-ROMI3-pagarao-R-1686-milhoes-em-JCP-Banco-do-Brasil-BBAS3-briga-com-FII-pela-reducao-do-aluguel-1.jpg\" \/>\n\t<meta property=\"og:image:width\" content=\"2000\" \/>\n\t<meta property=\"og:image:height\" content=\"1333\" \/>\n\t<meta property=\"og:image:type\" content=\"image\/jpeg\" \/>\n<meta name=\"author\" content=\"Eduardo Vargas\" \/>\n<meta name=\"twitter:card\" content=\"summary_large_image\" \/>\n<meta name=\"twitter:creator\" content=\"@sunoresearch\" \/>\n<meta name=\"twitter:site\" content=\"@sunoresearch\" \/>\n<meta name=\"twitter:label1\" content=\"Escrito por\" \/>\n\t<meta name=\"twitter:data1\" content=\"Eduardo Vargas\" \/>\n\t<meta name=\"twitter:label2\" content=\"Est. tempo de leitura\" \/>\n\t<meta name=\"twitter:data2\" content=\"2 minutos\" \/>\n<script type=\"application\/ld+json\" class=\"yoast-schema-graph\">{\"@context\":\"https:\/\/schema.org\",\"@graph\":[{\"@type\":\"NewsArticle\",\"@id\":\"https:\/\/www.suno.com.br\/noticias\/oi-oibr3-justica-eua-protecao-recuperacao-judicial\/#article\",\"isPartOf\":{\"@id\":\"https:\/\/www.suno.com.br\/noticias\/oi-oibr3-justica-eua-protecao-recuperacao-judicial\/\"},\"author\":{\"name\":\"Eduardo Vargas\",\"@id\":\"https:\/\/www.suno.com.br\/noticias\/#\/schema\/person\/7f4d362bf3518e76090143ae77bb49a5\"},\"headline\":\"Oi (OIBR3) recebe prote\u00e7\u00e3o judicial nos EUA com medo de &#8220;danos irrepar\u00e1veis&#8221;\",\"datePublished\":\"2023-02-14T12:07:02+00:00\",\"dateModified\":\"2023-02-14T12:07:07+00:00\",\"mainEntityOfPage\":{\"@id\":\"https:\/\/www.suno.com.br\/noticias\/oi-oibr3-justica-eua-protecao-recuperacao-judicial\/\"},\"wordCount\":386,\"publisher\":{\"@id\":\"https:\/\/www.suno.com.br\/noticias\/#organization\"},\"image\":{\"@id\":\"https:\/\/www.suno.com.br\/noticias\/oi-oibr3-justica-eua-protecao-recuperacao-judicial\/#primaryimage\"},\"thumbnailUrl\":\"https:\/\/files.sunoresearch.com.br\/n\/uploads\/2022\/06\/Radar.-Oi-OIBR3-tem-processo-de-recuperacao-adiado-novamente-Banrisul-BRSR6-e-Romi-ROMI3-pagarao-R-1686-milhoes-em-JCP-Banco-do-Brasil-BBAS3-briga-com-FII-pela-reducao-do-aluguel-1.jpg\",\"keywords\":[\"A\u00e7\u00f5es\",\"Ag\u00eancias\",\"Oi (OIBR3\/OIBR4)\",\"recupera\u00e7\u00e3o judicial\"],\"articleSection\":[\"Neg\u00f3cios\"],\"inLanguage\":\"pt-BR\"},{\"@type\":\"WebPage\",\"@id\":\"https:\/\/www.suno.com.br\/noticias\/oi-oibr3-justica-eua-protecao-recuperacao-judicial\/\",\"url\":\"https:\/\/www.suno.com.br\/noticias\/oi-oibr3-justica-eua-protecao-recuperacao-judicial\/\",\"name\":\"Oi (OIBR3) recebe prote\u00e7\u00e3o judicial nos EUA temendo \\\"danos irrepar\u00e1veis\\\"\",\"isPartOf\":{\"@id\":\"https:\/\/www.suno.com.br\/noticias\/#website\"},\"primaryImageOfPage\":{\"@id\":\"https:\/\/www.suno.com.br\/noticias\/oi-oibr3-justica-eua-protecao-recuperacao-judicial\/#primaryimage\"},\"image\":{\"@id\":\"https:\/\/www.suno.com.br\/noticias\/oi-oibr3-justica-eua-protecao-recuperacao-judicial\/#primaryimage\"},\"thumbnailUrl\":\"https:\/\/files.sunoresearch.com.br\/n\/uploads\/2022\/06\/Radar.-Oi-OIBR3-tem-processo-de-recuperacao-adiado-novamente-Banrisul-BRSR6-e-Romi-ROMI3-pagarao-R-1686-milhoes-em-JCP-Banco-do-Brasil-BBAS3-briga-com-FII-pela-reducao-do-aluguel-1.jpg\",\"datePublished\":\"2023-02-14T12:07:02+00:00\",\"dateModified\":\"2023-02-14T12:07:07+00:00\",\"description\":\"Uma primeira audi\u00eancia sobre o caso da Oi na Justi\u00e7a dos EUA j\u00e1 foi agendada para o dia 29 de mar\u00e7o. Clique e confira!\",\"breadcrumb\":{\"@id\":\"https:\/\/www.suno.com.br\/noticias\/oi-oibr3-justica-eua-protecao-recuperacao-judicial\/#breadcrumb\"},\"inLanguage\":\"pt-BR\",\"potentialAction\":[{\"@type\":\"ReadAction\",\"target\":[\"https:\/\/www.suno.com.br\/noticias\/oi-oibr3-justica-eua-protecao-recuperacao-judicial\/\"]}]},{\"@type\":\"ImageObject\",\"inLanguage\":\"pt-BR\",\"@id\":\"https:\/\/www.suno.com.br\/noticias\/oi-oibr3-justica-eua-protecao-recuperacao-judicial\/#primaryimage\",\"url\":\"https:\/\/files.sunoresearch.com.br\/n\/uploads\/2022\/06\/Radar.-Oi-OIBR3-tem-processo-de-recuperacao-adiado-novamente-Banrisul-BRSR6-e-Romi-ROMI3-pagarao-R-1686-milhoes-em-JCP-Banco-do-Brasil-BBAS3-briga-com-FII-pela-reducao-do-aluguel-1.jpg\",\"contentUrl\":\"https:\/\/files.sunoresearch.com.br\/n\/uploads\/2022\/06\/Radar.-Oi-OIBR3-tem-processo-de-recuperacao-adiado-novamente-Banrisul-BRSR6-e-Romi-ROMI3-pagarao-R-1686-milhoes-em-JCP-Banco-do-Brasil-BBAS3-briga-com-FII-pela-reducao-do-aluguel-1.jpg\",\"width\":2000,\"height\":1333,\"caption\":\"Oi (OIBR3). Foto: Getty Images.\"},{\"@type\":\"BreadcrumbList\",\"@id\":\"https:\/\/www.suno.com.br\/noticias\/oi-oibr3-justica-eua-protecao-recuperacao-judicial\/#breadcrumb\",\"itemListElement\":[{\"@type\":\"ListItem\",\"position\":1,\"name\":\"Not\u00edcias\",\"item\":\"https:\/\/www.suno.com.br\/noticias\/\"},{\"@type\":\"ListItem\",\"position\":2,\"name\":\"Neg\u00f3cios\",\"item\":\"https:\/\/www.suno.com.br\/noticias\/negocios\/\"},{\"@type\":\"ListItem\",\"position\":3,\"name\":\"Oi (OIBR3) recebe prote\u00e7\u00e3o judicial nos EUA com medo de &#8220;danos irrepar\u00e1veis&#8221;\"}]},{\"@type\":\"WebSite\",\"@id\":\"https:\/\/www.suno.com.br\/noticias\/#website\",\"url\":\"https:\/\/www.suno.com.br\/noticias\/\",\"name\":\"Suno Not\u00edcias\",\"description\":\"Seu portal de informa\u00e7\u00e3o sobre o mundo dos investimentos\",\"publisher\":{\"@id\":\"https:\/\/www.suno.com.br\/noticias\/#organization\"},\"potentialAction\":[{\"@type\":\"SearchAction\",\"target\":{\"@type\":\"EntryPoint\",\"urlTemplate\":\"https:\/\/www.suno.com.br\/noticias\/?s={search_term_string}\"},\"query-input\":{\"@type\":\"PropertyValueSpecification\",\"valueRequired\":true,\"valueName\":\"search_term_string\"}}],\"inLanguage\":\"pt-BR\"},{\"@type\":\"Organization\",\"@id\":\"https:\/\/www.suno.com.br\/noticias\/#organization\",\"name\":\"Suno Not\u00edcias\",\"url\":\"https:\/\/www.suno.com.br\/noticias\/\",\"logo\":{\"@type\":\"ImageObject\",\"inLanguage\":\"pt-BR\",\"@id\":\"https:\/\/www.suno.com.br\/noticias\/#\/schema\/logo\/image\/\",\"url\":\"https:\/\/files.sunoresearch.com.br\/n\/uploads\/2021\/09\/suno-logo.png\",\"contentUrl\":\"https:\/\/files.sunoresearch.com.br\/n\/uploads\/2021\/09\/suno-logo.png\",\"width\":180,\"height\":180,\"caption\":\"Suno Not\u00edcias\"},\"image\":{\"@id\":\"https:\/\/www.suno.com.br\/noticias\/#\/schema\/logo\/image\/\"},\"sameAs\":[\"https:\/\/facebook.com\/sunoresearch\",\"https:\/\/x.com\/sunoresearch\",\"https:\/\/www.instagram.com\/suno\",\"https:\/\/www.linkedin.com\/company\/suno-research\/\",\"https:\/\/www.youtube.com\/c\/sunoresearch\"]},{\"@type\":\"Person\",\"@id\":\"https:\/\/www.suno.com.br\/noticias\/#\/schema\/person\/7f4d362bf3518e76090143ae77bb49a5\",\"name\":\"Eduardo Vargas\",\"image\":{\"@type\":\"ImageObject\",\"inLanguage\":\"pt-BR\",\"@id\":\"https:\/\/www.suno.com.br\/noticias\/#\/schema\/person\/image\/\",\"url\":\"https:\/\/secure.gravatar.com\/avatar\/dac340933427a22924c9f99d1eb2e3f2?s=96&r=g\",\"contentUrl\":\"https:\/\/secure.gravatar.com\/avatar\/dac340933427a22924c9f99d1eb2e3f2?s=96&r=g\",\"caption\":\"Eduardo Vargas\"},\"description\":\"Jornalista formado pela UFSC, cobre macroeconomia, neg\u00f3cios e startups para o Suno Not\u00edcias, escrevendo principalmente not\u00edcias sobre o mercado financeiro e a bolsa de valores. No YouTube e no Instagram, \u00e9 respons\u00e1vel pela produ\u00e7\u00e3o de Reels e Shorts do Suno Not\u00edcias. Anteriormente, trabalhou cobrindo economia e cotidiano no ND+ e para o ND, maior jornal impresso de Santa Catarina. Cursou um semestre letivo de Estudos de M\u00eddia na Universidad de Buenos Aires.\",\"url\":\"https:\/\/www.suno.com.br\/noticias\/author\/eduardo-vargas\/\"}]}<\/script>\n<!-- \/ Yoast SEO plugin. -->","yoast_head_json":{"title":"Oi (OIBR3) recebe prote\u00e7\u00e3o judicial nos EUA temendo \"danos irrepar\u00e1veis\"","description":"Uma primeira audi\u00eancia sobre o caso da Oi na Justi\u00e7a dos EUA j\u00e1 foi agendada para o dia 29 de mar\u00e7o. Clique e confira!","robots":{"index":"index","follow":"follow","max-snippet":"max-snippet:-1","max-image-preview":"max-image-preview:large","max-video-preview":"max-video-preview:-1"},"canonical":"https:\/\/www.suno.com.br\/noticias\/oi-oibr3-justica-eua-protecao-recuperacao-judicial\/","og_locale":"pt_BR","og_type":"article","og_title":"Oi (OIBR3) recebe prote\u00e7\u00e3o judicial nos EUA temendo \"danos irrepar\u00e1veis\"","og_description":"Uma primeira audi\u00eancia sobre o caso da Oi na Justi\u00e7a dos EUA j\u00e1 foi agendada para o dia 29 de mar\u00e7o. Clique e confira!","og_url":"https:\/\/www.suno.com.br\/noticias\/oi-oibr3-justica-eua-protecao-recuperacao-judicial\/","og_site_name":"Suno Not\u00edcias","article_publisher":"https:\/\/facebook.com\/sunoresearch","og_image":[{"width":2000,"height":1333,"url":"https:\/\/files.sunoresearch.com.br\/n\/uploads\/2022\/06\/Radar.-Oi-OIBR3-tem-processo-de-recuperacao-adiado-novamente-Banrisul-BRSR6-e-Romi-ROMI3-pagarao-R-1686-milhoes-em-JCP-Banco-do-Brasil-BBAS3-briga-com-FII-pela-reducao-do-aluguel-1.jpg","type":"image\/jpeg"}],"author":"Eduardo Vargas","twitter_card":"summary_large_image","twitter_creator":"@sunoresearch","twitter_site":"@sunoresearch","twitter_misc":{"Escrito por":"Eduardo Vargas","Est. tempo de leitura":"2 minutos"},"schema":{"@context":"https:\/\/schema.org","@graph":[{"@type":"NewsArticle","@id":"https:\/\/www.suno.com.br\/noticias\/oi-oibr3-justica-eua-protecao-recuperacao-judicial\/#article","isPartOf":{"@id":"https:\/\/www.suno.com.br\/noticias\/oi-oibr3-justica-eua-protecao-recuperacao-judicial\/"},"author":{"name":"Eduardo Vargas","@id":"https:\/\/www.suno.com.br\/noticias\/#\/schema\/person\/7f4d362bf3518e76090143ae77bb49a5"},"headline":"Oi (OIBR3) recebe prote\u00e7\u00e3o judicial nos EUA com medo de &#8220;danos irrepar\u00e1veis&#8221;","datePublished":"2023-02-14T12:07:02+00:00","dateModified":"2023-02-14T12:07:07+00:00","mainEntityOfPage":{"@id":"https:\/\/www.suno.com.br\/noticias\/oi-oibr3-justica-eua-protecao-recuperacao-judicial\/"},"wordCount":386,"publisher":{"@id":"https:\/\/www.suno.com.br\/noticias\/#organization"},"image":{"@id":"https:\/\/www.suno.com.br\/noticias\/oi-oibr3-justica-eua-protecao-recuperacao-judicial\/#primaryimage"},"thumbnailUrl":"https:\/\/files.sunoresearch.com.br\/n\/uploads\/2022\/06\/Radar.-Oi-OIBR3-tem-processo-de-recuperacao-adiado-novamente-Banrisul-BRSR6-e-Romi-ROMI3-pagarao-R-1686-milhoes-em-JCP-Banco-do-Brasil-BBAS3-briga-com-FII-pela-reducao-do-aluguel-1.jpg","keywords":["A\u00e7\u00f5es","Ag\u00eancias","Oi (OIBR3\/OIBR4)","recupera\u00e7\u00e3o judicial"],"articleSection":["Neg\u00f3cios"],"inLanguage":"pt-BR"},{"@type":"WebPage","@id":"https:\/\/www.suno.com.br\/noticias\/oi-oibr3-justica-eua-protecao-recuperacao-judicial\/","url":"https:\/\/www.suno.com.br\/noticias\/oi-oibr3-justica-eua-protecao-recuperacao-judicial\/","name":"Oi (OIBR3) recebe prote\u00e7\u00e3o judicial nos EUA temendo \"danos irrepar\u00e1veis\"","isPartOf":{"@id":"https:\/\/www.suno.com.br\/noticias\/#website"},"primaryImageOfPage":{"@id":"https:\/\/www.suno.com.br\/noticias\/oi-oibr3-justica-eua-protecao-recuperacao-judicial\/#primaryimage"},"image":{"@id":"https:\/\/www.suno.com.br\/noticias\/oi-oibr3-justica-eua-protecao-recuperacao-judicial\/#primaryimage"},"thumbnailUrl":"https:\/\/files.sunoresearch.com.br\/n\/uploads\/2022\/06\/Radar.-Oi-OIBR3-tem-processo-de-recuperacao-adiado-novamente-Banrisul-BRSR6-e-Romi-ROMI3-pagarao-R-1686-milhoes-em-JCP-Banco-do-Brasil-BBAS3-briga-com-FII-pela-reducao-do-aluguel-1.jpg","datePublished":"2023-02-14T12:07:02+00:00","dateModified":"2023-02-14T12:07:07+00:00","description":"Uma primeira audi\u00eancia sobre o caso da Oi na Justi\u00e7a dos EUA j\u00e1 foi agendada para o dia 29 de mar\u00e7o. Clique e confira!","breadcrumb":{"@id":"https:\/\/www.suno.com.br\/noticias\/oi-oibr3-justica-eua-protecao-recuperacao-judicial\/#breadcrumb"},"inLanguage":"pt-BR","potentialAction":[{"@type":"ReadAction","target":["https:\/\/www.suno.com.br\/noticias\/oi-oibr3-justica-eua-protecao-recuperacao-judicial\/"]}]},{"@type":"ImageObject","inLanguage":"pt-BR","@id":"https:\/\/www.suno.com.br\/noticias\/oi-oibr3-justica-eua-protecao-recuperacao-judicial\/#primaryimage","url":"https:\/\/files.sunoresearch.com.br\/n\/uploads\/2022\/06\/Radar.-Oi-OIBR3-tem-processo-de-recuperacao-adiado-novamente-Banrisul-BRSR6-e-Romi-ROMI3-pagarao-R-1686-milhoes-em-JCP-Banco-do-Brasil-BBAS3-briga-com-FII-pela-reducao-do-aluguel-1.jpg","contentUrl":"https:\/\/files.sunoresearch.com.br\/n\/uploads\/2022\/06\/Radar.-Oi-OIBR3-tem-processo-de-recuperacao-adiado-novamente-Banrisul-BRSR6-e-Romi-ROMI3-pagarao-R-1686-milhoes-em-JCP-Banco-do-Brasil-BBAS3-briga-com-FII-pela-reducao-do-aluguel-1.jpg","width":2000,"height":1333,"caption":"Oi (OIBR3). Foto: Getty Images."},{"@type":"BreadcrumbList","@id":"https:\/\/www.suno.com.br\/noticias\/oi-oibr3-justica-eua-protecao-recuperacao-judicial\/#breadcrumb","itemListElement":[{"@type":"ListItem","position":1,"name":"Not\u00edcias","item":"https:\/\/www.suno.com.br\/noticias\/"},{"@type":"ListItem","position":2,"name":"Neg\u00f3cios","item":"https:\/\/www.suno.com.br\/noticias\/negocios\/"},{"@type":"ListItem","position":3,"name":"Oi (OIBR3) recebe prote\u00e7\u00e3o judicial nos EUA com medo de &#8220;danos irrepar\u00e1veis&#8221;"}]},{"@type":"WebSite","@id":"https:\/\/www.suno.com.br\/noticias\/#website","url":"https:\/\/www.suno.com.br\/noticias\/","name":"Suno Not\u00edcias","description":"Seu portal de informa\u00e7\u00e3o sobre o mundo dos investimentos","publisher":{"@id":"https:\/\/www.suno.com.br\/noticias\/#organization"},"potentialAction":[{"@type":"SearchAction","target":{"@type":"EntryPoint","urlTemplate":"https:\/\/www.suno.com.br\/noticias\/?s={search_term_string}"},"query-input":{"@type":"PropertyValueSpecification","valueRequired":true,"valueName":"search_term_string"}}],"inLanguage":"pt-BR"},{"@type":"Organization","@id":"https:\/\/www.suno.com.br\/noticias\/#organization","name":"Suno Not\u00edcias","url":"https:\/\/www.suno.com.br\/noticias\/","logo":{"@type":"ImageObject","inLanguage":"pt-BR","@id":"https:\/\/www.suno.com.br\/noticias\/#\/schema\/logo\/image\/","url":"https:\/\/files.sunoresearch.com.br\/n\/uploads\/2021\/09\/suno-logo.png","contentUrl":"https:\/\/files.sunoresearch.com.br\/n\/uploads\/2021\/09\/suno-logo.png","width":180,"height":180,"caption":"Suno Not\u00edcias"},"image":{"@id":"https:\/\/www.suno.com.br\/noticias\/#\/schema\/logo\/image\/"},"sameAs":["https:\/\/facebook.com\/sunoresearch","https:\/\/x.com\/sunoresearch","https:\/\/www.instagram.com\/suno","https:\/\/www.linkedin.com\/company\/suno-research\/","https:\/\/www.youtube.com\/c\/sunoresearch"]},{"@type":"Person","@id":"https:\/\/www.suno.com.br\/noticias\/#\/schema\/person\/7f4d362bf3518e76090143ae77bb49a5","name":"Eduardo Vargas","image":{"@type":"ImageObject","inLanguage":"pt-BR","@id":"https:\/\/www.suno.com.br\/noticias\/#\/schema\/person\/image\/","url":"https:\/\/secure.gravatar.com\/avatar\/dac340933427a22924c9f99d1eb2e3f2?s=96&r=g","contentUrl":"https:\/\/secure.gravatar.com\/avatar\/dac340933427a22924c9f99d1eb2e3f2?s=96&r=g","caption":"Eduardo Vargas"},"description":"Jornalista formado pela UFSC, cobre macroeconomia, neg\u00f3cios e startups para o Suno Not\u00edcias, escrevendo principalmente not\u00edcias sobre o mercado financeiro e a bolsa de valores. No YouTube e no Instagram, \u00e9 respons\u00e1vel pela produ\u00e7\u00e3o de Reels e Shorts do Suno Not\u00edcias. Anteriormente, trabalhou cobrindo economia e cotidiano no ND+ e para o ND, maior jornal impresso de Santa Catarina. Cursou um semestre letivo de Estudos de M\u00eddia na Universidad de Buenos Aires.","url":"https:\/\/www.suno.com.br\/noticias\/author\/eduardo-vargas\/"}]}},"default_loop_html":"<div class=\"cardsPage__listCard__boxs\"><div class=\"cardsPage__listCard__boxs__img\"><a href=\"https:\/\/www.suno.com.br\/noticias\/oi-oibr3-justica-eua-protecao-recuperacao-judicial\/\"><img class=\"mask\" src=\"https:\/\/www.suno.com.br\/noticias\/wp-content\/themes\/suno\/resources\/images\/spotlight\/spotlight1img\/bg-mask.png\" alt=\"Image Mask\"\/><img src=\"https:\/\/files.sunoresearch.com.br\/n\/uploads\/2022\/06\/Radar.-Oi-OIBR3-tem-processo-de-recuperacao-adiado-novamente-Banrisul-BRSR6-e-Romi-ROMI3-pagarao-R-1686-milhoes-em-JCP-Banco-do-Brasil-BBAS3-briga-com-FII-pela-reducao-do-aluguel-1-400x200.jpg\" alt=\"Oi (OIBR3) recebe prote\u00e7\u00e3o judicial nos EUA com medo de &#8220;danos irrepar\u00e1veis&#8221;\"\/><\/a><span class=\"spotlightCategory\"><a href=\"https:\/\/www.suno.com.br\/noticias\/negocios\/\">Neg\u00f3cios<\/a><\/span><\/div><div class=\"cardsPage__listCard__boxs__content\"><a href=\"https:\/\/www.suno.com.br\/noticias\/oi-oibr3-justica-eua-protecao-recuperacao-judicial\/\"><h2 class=\"content__title\">Oi (OIBR3) recebe prote\u00e7\u00e3o judicial nos EUA com medo de &#8220;danos irrepar\u00e1veis&#8221;<\/h2><\/a><div class=\"newsContent__article__meta\"><div class=\"newsContent__article__meta__authorBox\"><a href=\"https:\/\/www.suno.com.br\/noticias\/author\/eduardo-vargas\/\" class=\"authorBox__avatar noMobi\"><img src=\"https:\/\/secure.gravatar.com\/avatar\/dac340933427a22924c9f99d1eb2e3f2?s=96&#038;r=g\" alt=\"Eduardo Vargas\"><\/a><div class=\"authorBox__name\"><span>por\n\t\t\t<a href=\"https:\/\/www.suno.com.br\/noticias\/author\/eduardo-vargas\/\"><span itemprop=\"author\">Eduardo Vargas<\/span><\/a><\/span><time datetime=\"2023-02-14T09:07:02-03:00\" itemprop=\"datePublished\">14\/02\/2023 09:07<\/time><\/div><\/div><\/div><\/div><\/div>","single_layout":"posts","amp_enabled":true,"_links":{"self":[{"href":"https:\/\/www.suno.com.br\/noticias\/wp-json\/wp\/v2\/posts\/363558"}],"collection":[{"href":"https:\/\/www.suno.com.br\/noticias\/wp-json\/wp\/v2\/posts"}],"about":[{"href":"https:\/\/www.suno.com.br\/noticias\/wp-json\/wp\/v2\/types\/post"}],"author":[{"embeddable":true,"href":"https:\/\/www.suno.com.br\/noticias\/wp-json\/wp\/v2\/users\/73"}],"replies":[{"embeddable":true,"href":"https:\/\/www.suno.com.br\/noticias\/wp-json\/wp\/v2\/comments?post=363558"}],"version-history":[{"count":3,"href":"https:\/\/www.suno.com.br\/noticias\/wp-json\/wp\/v2\/posts\/363558\/revisions"}],"predecessor-version":[{"id":363576,"href":"https:\/\/www.suno.com.br\/noticias\/wp-json\/wp\/v2\/posts\/363558\/revisions\/363576"}],"wp:featuredmedia":[{"embeddable":true,"href":"https:\/\/www.suno.com.br\/noticias\/wp-json\/wp\/v2\/media\/265652"}],"wp:attachment":[{"href":"https:\/\/www.suno.com.br\/noticias\/wp-json\/wp\/v2\/media?parent=363558"}],"wp:term":[{"taxonomy":"category","embeddable":true,"href":"https:\/\/www.suno.com.br\/noticias\/wp-json\/wp\/v2\/categories?post=363558"},{"taxonomy":"post_tag","embeddable":true,"href":"https:\/\/www.suno.com.br\/noticias\/wp-json\/wp\/v2\/tags?post=363558"},{"taxonomy":"suno_strategy","embeddable":true,"href":"https:\/\/www.suno.com.br\/noticias\/wp-json\/wp\/v2\/suno_strategy?post=363558"}],"curies":[{"name":"wp","href":"https:\/\/api.w.org\/{rel}","templated":true}]}}