{"id":363454,"date":"2023-02-13T22:54:21","date_gmt":"2023-02-14T01:54:21","guid":{"rendered":"https:\/\/www.suno.com.br\/noticias\/?p=363454"},"modified":"2023-02-13T22:54:43","modified_gmt":"2023-02-14T01:54:43","slug":"radar-banco-do-brasil-bbas3-itausa-itsa4-nubank-nubr33","status":"publish","type":"post","link":"https:\/\/www.suno.com.br\/noticias\/radar-banco-do-brasil-bbas3-itausa-itsa4-nubank-nubr33\/","title":{"rendered":"Radar: Banco do Brasil (BBAS3) pagar\u00e1 dividendos bilion\u00e1rios; Ita\u00fasa (ITSA4)\u00a0confirma pagamento de JCP e as previs\u00f5es para o 4T22 do Nubank (NUBR33)"},"content":{"rendered":"<p>Ap\u00f3s reportar um lucro bilion\u00e1rio no quarto trimestre, o&nbsp;<a href=\"https:\/\/www.suno.com.br\/artigos\/conselho-administracao\/\" target=\"_blank\" rel=\"noreferrer noopener\">conselho de administra\u00e7\u00e3o<\/a>&nbsp;do <strong>Banco do Brasil<\/strong> (BBAS3)&nbsp;aprovou o pagamento de proventos cujo montante \u00e9 de R$ 2,3 bilh\u00f5es. Em&nbsp;<a href=\"https:\/\/www.suno.com.br\/artigos\/fato-relevante\/\" target=\"_blank\" rel=\"noreferrer noopener\">fato relevante<\/a>&nbsp;divulgado nesta segunda-feira (13), o banco informou o&nbsp;pagamento de&nbsp;<strong>juros sobre o capital pr\u00f3prio (JCP)<\/strong>&nbsp;no valor de R$ 1,6 bilh\u00f5es e de dividendos&nbsp;em R$ 671 milh\u00f5es.<\/p>\t<div class=\"wrapper-featured-image\">\n\t\t<figure class=\"spotlightImg\">\n\n\t\t\t<picture>\n\t\t\t\t<source media=\"(max-width: 768px)\" srcset=\"https:\/\/files.sunoresearch.com.br\/n\/uploads\/2022\/05\/bb-seguridade-400x200.jpg\">\n\t\t\t\t<img loading=\"lazy\" decoding=\"async\" class=\"newsContent__article__imgCapa lazyloadDisabled \" src=\"https:\/\/files.sunoresearch.com.br\/n\/uploads\/2022\/05\/bb-seguridade-800x450.jpg\" width=\"800\" height=\"450\" alt=\"Radar: Banco do Brasil (BBAS3) pagar\u00e1 dividendos bilion\u00e1rios; Ita\u00fasa (ITSA4)\u00a0confirma pagamento de JCP e as previs\u00f5es para o 4T22 do Nubank (NUBR33)\" fetchpriority=high \/>\n\t\t\t<\/picture>\n\n\t\t\t<figcaption class=\"wp-caption-text wp-caption-text--show\">BB Seguridade (BBSE3). Foto: Divulga\u00e7\u00e3o<\/figcaption>\n\t\t<\/figure>\n\t<\/div>\n\n\n\n\n\n\t<p>\n\t\t<a href=\"\" target=\"_blank\" data-element=\"shortcode-suno-banner\" title=\"Banner SUNO, clique e saiba mais\">\n\t\t\t<picture>\n\t\t\t\t<source media=\"(max-width: 500px)\" srcset=\"\">\n\t\t\t\t<img class=\"newsContent__article__imgCapa newsContent__article__imgCapa--banner\"\n\t\t\t\t\tsrc=\"\"\n\t\t\t\t\tdata-promo-id=\"138420\"\t\t\t\t\t\t\t\t\t\t\t\t\t\t\talt=\"\"\n\t\t\t\t>\n\t\t\t<\/picture>\n\t\t<\/a>\n\t<\/p>\n\n\n\n\n\n<p>Segundo o comunicado, ser\u00e1 pago em JCP o valor bruto de R$ 0,5826 por&nbsp;<strong>a\u00e7\u00e3o do Banco do Brasil<\/strong>&nbsp;\u2014 montante que ser\u00e1 atualizado pela taxa Selic at\u00e9 a data do pagamento, que ocorrer\u00e1 em 3 de mar\u00e7o de 2023.<\/p>\n\n\n\n<p>Ter\u00e3o direito aos&nbsp;<strong>JCP do Banco do Brasil (BBAS3)<\/strong>&nbsp;todos os acionistas com base acion\u00e1ria no dia 23 de fevereiro. A partir do dia 24 de fevereiro \u201cas a\u00e7\u00f5es ser\u00e3o negociadas \u2018ex&nbsp;<a href=\"https:\/\/www.suno.com.br\/artigos\/entenda-o-jcp\/\" target=\"_blank\" rel=\"noreferrer noopener\">juros sobre capital pr\u00f3prio<\/a>&#8216;&#8221;, pontua o comunicado.<\/p>\n\n\n\n<h2 class=\"wp-block-heading\" id=\"h-jcp-do-banco-do-brasil-bbas3\">JCP do Banco do Brasil (BBAS3)<\/h2>\n\n\n\n<ul class=\"wp-block-list\">\n<li><strong>Valor total: <\/strong>R$ 1.636.622.703,42<\/li>\n\n\n\n<li><strong>Valor por a\u00e7\u00e3o:<\/strong> R$ 0,58263078375 (em 13\/02 &#8211; valor ser\u00e1 atualizado conforme a Selic na data do pagamento)<\/li>\n\n\n\n<li><strong>Data de corte:<\/strong> 23 de fevereiro de 2023<\/li>\n\n\n\n<li><strong>Data do pagamento:<\/strong> 3 de mar\u00e7o de 2023<\/li>\n<\/ul>\n\n\n\n<p>J\u00e1 em rela\u00e7\u00e3o aos&nbsp;<strong>dividendos<\/strong>&nbsp;<strong>do Banco do Brasil<\/strong>, que acumulam um valor de R$ $ 671.995 milh\u00f5es, ser\u00e1 pago R$ 0,2392 por a\u00e7\u00e3o \u2014 o valor tamb\u00e9m ser\u00e1 atualizado pela Selic. Ter\u00e3o direito aos&nbsp;<strong>proventos do BBAS3<\/strong>&nbsp;todos os acionistas com base acion\u00e1ria no dia 23 de fevereiro. <\/p>\n\n\n\n<p>A partir do dia 24 de fevereiro as a\u00e7\u00f5es n\u00e3o dar\u00e3o mais direito aos dividendos. O pagamento tamb\u00e9m dever\u00e1 ocorrer no dia 3 de mar\u00e7o.<\/p>\n\n\n\n<p>Segundo documento arquivado na Comiss\u00e3o de Valores Mobili\u00e1rios (CVM), tanto os proventos do JCP quanto os&nbsp;<a href=\"https:\/\/www.suno.com.br\/guias\/dividendos\/\" target=\"_blank\" rel=\"noreferrer noopener\">dividendos<\/a>&nbsp;fazem parte&nbsp;dos pagamentos obrigat\u00f3rios relativos ao quarto trimestre de 2022.<\/p>\n\n\n\n<h2 class=\"wp-block-heading\" id=\"h-dividendos-do-banco-do-brasil-bbas3\">Dividendos do Banco do Brasil (BBAS3)<\/h2>\n\n\n\n<ul class=\"wp-block-list\">\n<li><strong>Valor total:<\/strong>&nbsp;R$ 671.995.087,13<\/li>\n\n\n\n<li><strong>Valor por a\u00e7\u00e3o:<\/strong>&nbsp;R$ 0,23922741843 (em 13\/02 &#8211; valor ser\u00e1 atualizado conforme a Selic na data do pagamento)<\/li>\n\n\n\n<li><strong>Data de corte:<\/strong>&nbsp;23 de fevereiro de 2023<\/li>\n\n\n\n<li><strong>Data do pagamento:<\/strong>&nbsp;3 de mar\u00e7o de 2023<\/li>\n\n\n\n<li><strong>Rendimento (dividend yield) do pagamento:<\/strong>&nbsp;10,33%<\/li>\n<\/ul>\n\n\n\n<p>No preg\u00e3o de hoje, a cota\u00e7\u00e3o das&nbsp;a\u00e7\u00f5es do <strong>Banco do Brasil <\/strong>(BBAS3)&nbsp;subiu 0,57%, para R$ 40,60. No ano, o papel acumula alta de 31,09%.<\/p>\n\n\n\n<p><em>Al\u00e9m d<\/em>o<strong>&nbsp;<em>Banco do Brasil<\/em><\/strong><em>, confira outros destaques desta segunda-feira:<\/em><a href=\"https:\/\/lp.suno.com.br\/pv\/aniversario-suno-6-anos\/\" target=\"_blank\" rel=\"noreferrer noopener\"><\/a><a href=\"https:\/\/lp.suno.com.br\/pv\/aniversario-suno-6-anos\/\" target=\"_blank\" rel=\"noreferrer noopener\"><\/a><a href=\"http:\/\/lp.suno.com.br\/pv\/sr-comunidade-viva-de-dividendos\/\" target=\"_blank\" rel=\"noreferrer noopener\"><\/a><\/p>\n\n\n\t<p>\n\t\t<a href=\"https:\/\/lp.suno.com.br\/planilha-controle-gastos\/\" target=\"_blank\" data-element=\"shortcode-suno-banner\" title=\"Banner SUNO, clique e saiba mais\">\n\t\t\t<picture>\n\t\t\t\t<source media=\"(max-width: 500px)\" srcset=\"https:\/\/files.sunoresearch.com.br\/n\/uploads\/2023\/03\/400x300-Planilha-controle-de-gastos.png\">\n\t\t\t\t<img class=\"newsContent__article__imgCapa newsContent__article__imgCapa--banner\"\n\t\t\t\t\tsrc=\"https:\/\/files.sunoresearch.com.br\/n\/uploads\/2023\/03\/1420x240-Planilha-controle-de-gastos.png\"\n\t\t\t\t\tdata-promo-id=\"101751\"\t\t\t\t\t\t\t\t\t\twidth='1420' height='240'\t\t\t\t\talt=\"https:\/\/files.sunoresearch.com.br\/n\/uploads\/2023\/03\/1420x240-Planilha-controle-de-gastos.png\"\n\t\t\t\t>\n\t\t\t<\/picture>\n\t\t<\/a>\n\t<\/p>\n\n\n\n\n\n<h2 class=\"wp-block-heading\">Ita\u00fasa (ITSA4)&nbsp;confirma data de pagamento de JCP; veja valores<\/h2>\n\n\n\n<ul class=\"wp-block-list\">\n<li>A&nbsp;<a href=\"https:\/\/www.suno.com.br\/acoes\/ITSA4\/\" target=\"_blank\" rel=\"noreferrer noopener\"><strong>Ita\u00fasa<\/strong>&nbsp;(ITSA4)<\/a>&nbsp;informou na noite desta segunda-feira (13) que o conselho de administra\u00e7\u00e3o deliberou para o dia 10 de mar\u00e7o o pagamento da primeira parcela dos juros sobre o capital pr\u00f3prio (JCP) milion\u00e1rio, <a href=\"https:\/\/www.suno.com.br\/noticias\/itausa-itsa4-jcp-proventos-adicionais\/\" target=\"_blank\" rel=\"noreferrer noopener\">anunciado em dezembro<\/a>.<\/li>\n\n\n\n<li>Segundo o comunicado, ser\u00e1 pago em JCP o valor bruto de R$ 0,141 por&nbsp;<strong>a\u00e7\u00e3o<\/strong> <strong>da Ita\u00fasa<\/strong> \u2014 com a dedu\u00e7\u00e3o do Imposto de Renda, o valor passa para R$ 0,11985 por a\u00e7\u00e3o.<\/li>\n\n\n\n<li>Apenas os investidores com a\u00e7\u00f5es&nbsp;<strong><a href=\"https:\/\/statusinvest.com.br\/acoes\/itsa4?__hstc=189907700.06ce5f9bd2d3492cf6a03ae3f979f831.1672843763501.1676311947022.1676321574912.154&amp;__hssc=189907700.44.1676321574912&amp;__hsfp=1782981590\" target=\"_blank\" rel=\"noreferrer noopener\">ITSA4&nbsp;<\/a><\/strong>no dia 8 dezembro ter\u00e3o direito de receber os rendimentos. A partir do dia 9 de dezembro, as a\u00e7\u00f5es ser\u00e3o negociadas sem direito aos&nbsp;<a href=\"https:\/\/www.suno.com.br\/guias\/dividendos\/\" target=\"_blank\" rel=\"noreferrer noopener\">dividendos<\/a>.<\/li>\n\n\n\n<li>Segundo documento arquivado na Comiss\u00e3o de Valores Mobili\u00e1rios (CVM), esses proventos s\u00e3o juros sobre o&nbsp;<a href=\"https:\/\/www.suno.com.br\/artigos\/capital-proprio\/\" target=\"_blank\" rel=\"noreferrer noopener\">capital pr\u00f3prio<\/a>&nbsp;adicionais.<\/li>\n\n\n\n<li><strong>JCP da Ita\u00fasa<\/strong><\/li>\n\n\n\n<li>Valor por a\u00e7\u00e3o: R$ 0,141 (bruto) &#8211; R$ 0,11985 com a dedu\u00e7\u00e3o do IR<\/li>\n\n\n\n<li>Data de corte: 8 de dezembro<\/li>\n\n\n\n<li>Data do pagamento: 10 de mar\u00e7o de 2023<\/li>\n\n\n\n<li>No preg\u00e3o de hoje, as a\u00e7\u00f5es da Ita\u00fasa subiram 2,46%, cotadas a R$ 8,74. No ano, o papel acumula queda de 5,41%.<\/li>\n\n\n\n<li><strong>Ita\u00fasa \u00e9 rebaixada para neutro<\/strong><\/li>\n\n\n\n<li>Os analistas do Goldman Sachs rebaixaram a recomenda\u00e7\u00e3o das a\u00e7\u00f5es da Ita\u00fasa&nbsp;de compra para neutro, vendo um cen\u00e1rio menos atrativo para a companhia em 2023. Na an\u00e1lise, os especialistas citam os m\u00faltiplos e os desafios do portf\u00f3lio da holding.<\/li>\n\n\n\n<li>\u201cEmbora a gente veja que novas aquisi\u00e7\u00f5es podem ajudar gradualmente a diversifica\u00e7\u00e3o de receitas, consideramos potenciais riscos de execu\u00e7\u00e3o associados \u00e0 adi\u00e7\u00e3o de novos investimentos no portf\u00f3lio da holding\u201d, destacam os analistas do banco.<\/li>\n\n\n\n<li>Isso porque os analistas cortaram as estimativas de m\u00faltiplos, destacando que o desconto para o valor patrimonial l\u00edquido projetado \u00e9 de 16%. Nesse indicador, o desconto atual \u00e9 de cerca de 19%, ante uma m\u00e9dia hist\u00f3rica de 15,4%.<\/li>\n\n\n\n<li>Com essa mudan\u00e7a na tese do Goldman Sachs, o pre\u00e7o-alvo para as&nbsp;a\u00e7\u00f5es da<strong> Ita\u00fasa<\/strong>&nbsp;passaram para R$ 10, ante R$ 10,70 anteriores.<\/li>\n<\/ul>\n\n\n\n<h2 class=\"wp-block-heading\">Nubank (NUBR33) ter\u00e1 lucro ou preju\u00edzo no acumulado de 2022?<\/h2>\n\n\n\n<ul class=\"wp-block-list\">\n<li>O <strong>Nubank <\/strong>(<a class=\"suno-keyword\" data-force=\"yes\" data-priority=\"2\" href=\"https:\/\/www.suno.com.br\/bdrs\/nubr33\/\" target=\"_blank\" rel=\"noopener\">NUBR33<\/a>), fintech que ficou famosa pelo grande market share entre pessoas f\u00edsicas no Brasil, vai reportar seu balan\u00e7o financeiro nesta ter\u00e7a-feira (14), ap\u00f3s o preg\u00e3o na Bolsa de Valores de Nova York (NYSE), onde \u00e9 listada.<\/li>\n\n\n\n<li>Segundo as estimativas do <a class=\"suno-keyword\" data-force=\"yes\" data-priority=\"2\" href=\"https:\/\/www.suno.com.br\/acoes\/BPAC11\/\" target=\"_blank\" rel=\"noopener\">BTG Pactual (BPAC11)<\/a>, o <strong>Nubank ainda deve seguir no vermelho <\/strong>em 2022, sendo que a estimativa da casa \u00e9 de que o banco feche o ano com preju\u00edzo l\u00edquido de US$ 26 milh\u00f5es.<\/li>\n\n\n\n<li>A recomenda\u00e7\u00e3o da casa \u00e9 neutra para os pap\u00e9is, com pre\u00e7o-alvo de US$ 4,50 para as a\u00e7\u00f5es listadas nos EUA, ao passo que os pap\u00e9is s\u00e3o negociados a cerca de US$ 4,80 atualmente.<\/li>\n\n\n\n<li>Em seu \u00faltimo parecer, os analistas da casa destacaram que atingir clientes de renda mais alta e <strong>cr\u00e9dito <\/strong>de qualidade ainda s\u00e3o desafios da fintech.<\/li>\n\n\n\n<li>&#8220;Nubank \u00e9 uma <strong>fintech <\/strong>de muito sucesso, oferecendo servi\u00e7os e produtos altamente diferenciados para a popula\u00e7\u00e3o de baixa renda, especialmente seu <a class=\"suno-keyword\" data-force=\"no\" data-priority=\"3\" href=\"https:\/\/www.suno.com.br\/artigos\/cartao-de-credito\/\" target=\"_blank\" rel=\"noopener\">cart\u00e3o de cr\u00e9dito<\/a>, al\u00e9m de ajudar a democratizar o acesso a servi\u00e7os financeiros no Brasil. Mas, para justificar seu <a class=\"suno-keyword\" data-force=\"no\" data-priority=\"1\" href=\"https:\/\/www.suno.com.br\/artigos\/valor-de-mercado\/\" target=\"_blank\" rel=\"noopener\">valor de mercado<\/a> de US$ 22 bilh\u00f5es e expandir seu mercado endere\u00e7\u00e1vel total (TAM, ou Total Addressable Market), acreditamos que \u00e9 crucial come\u00e7ar a subir na pir\u00e2mide e atrair cada vez mais clientes segmentos mais ricos da popula\u00e7\u00e3o&#8221;, diz a casa.<\/li>\n\n\n\n<li>Analistas da XP, por sua vez, projetam um <strong>preju\u00edzo <\/strong>l\u00edquido de US$ 177 milh\u00f5es, com <a class=\"suno-keyword\" data-force=\"no\" data-priority=\"1\" href=\"https:\/\/www.suno.com.br\/artigos\/margem-bruta-entenda-sua-importancia\/\" target=\"_blank\" rel=\"noopener\">margem bruta<\/a> de 37% e um <a class=\"suno-keyword\" data-force=\"no\" data-priority=\"1\" href=\"https:\/\/www.suno.com.br\/artigos\/lucro-bruto\/\" target=\"_blank\" rel=\"noopener\">lucro bruto<\/a> de US$ 552 bilh\u00f5es.<\/li>\n\n\n\n<li>A expectativa da casa \u00e9 de um aumento marginal na inadimpl\u00eancia, para 4,8%.<\/li>\n\n\n\n<li>A recomenda\u00e7\u00e3o \u00e9 neutra, da mesma forma, com pre\u00e7o-alvo de R$ 4 para os <a class=\"suno-keyword\" target=\"_blank\" data-force=\"yes\" data-priority=\"2\" href=\"https:\/\/www.suno.com.br\/bdrs\/\" rel=\"noopener\">BDRs<\/a> <strong>NUBR33<\/strong>, que s\u00e3o negociados em cerca de R$ 4,18 atualmente.<\/li>\n\n\n\n<li>O UBS-BB, por sua vez, considera o Nubank como um banco com potencial positivo. A proje\u00e7\u00e3o da casa \u00e9 de US$ 100 milh\u00f5es de lucro, com impacto positivo do volume de pagamentos do trimestre.<\/li>\n\n\n\n<li>\u201cA expans\u00e3o de base de clientes deve continuar forte no quarto trimestre, enquanto receita m\u00e9dia por cliente ativo [ARPAC, na sigla em ingl\u00eas] tende a se expandir ainda mais\u201d, diz a casa.<\/li>\n\n\n\n<li><strong>O que os s\u00f3cios do Nubank dizem<\/strong><\/li>\n\n\n\n<li>A Absoluto Partners, que investe no Nubank desde meados de 2021, disse em sua recente carta anual que v\u00ea o banco com bons olhos e que o controle de custos \u00e9 eficiente dentro da casa.<\/li>\n\n\n\n<li>&#8220;Diferente do senso comum, acreditamos que o fator mais poderoso do modelo de neg\u00f3cio do Nubank diz respeito \u00e0 sua base de custo, que corresponde a uma fra\u00e7\u00e3o da estrutura dos bancos tradicionais. A maior efici\u00eancia permite, simultaneamente, oferta de servi\u00e7os a pre\u00e7os mais baixos para os clientes e<br>captura de rentabilidade mais expressiva&#8221;, dizem os gestores.<\/li>\n\n\n\n<li>Os gestores citam o dado de que foram quase 20 milh\u00f5es de clientes nos \u00faltimos 12 meses (considerando uma janela at\u00e9 o fim do 3T22), chegando a cerca de 40% da popula\u00e7\u00e3o adulta do Brasil.<\/li>\n\n\n\n<li>&#8220;Dessa forma, o banco tem acesso a uma \u201cpiscina\u201d sem igual e crescente de clientes para introduzir seus produtos e servi\u00e7os e ganhar participa\u00e7\u00e3o nos principais neg\u00f3cios da ind\u00fastria financeira. T\u00e3o importante quanto o n\u00famero de clientes, o Nu vem conseguindo estabelecer um alto n\u00edvel de engajamento com sua base, uma vez que passa a ser o principal banco de relacionamento de mais de 50% de seus clientes 12 meses ap\u00f3s a abertura da conta&#8221;, diz a Absoluto.<\/li>\n\n\n\n<li>A casa destaca quatro pilares como &#8216;diferenciais&#8217; da fintech:<\/li>\n\n\n\n<li>Custo de servir<\/li>\n\n\n\n<li>Custo de Cr\u00e9dito<\/li>\n\n\n\n<li>Custo de Aquisi\u00e7\u00e3o de Clientes<\/li>\n\n\n\n<li>Custo de funding<\/li>\n\n\n\n<li>A carta menciona o fato de que a receita m\u00e9dia por cliente do Nubank est\u00e1 em US$ 7,9 ao m\u00eas, ante mais de US$ 20 ao m\u00eas de &#8220;safras mais antigas, que por sua vez continuam crescendo&#8221;.<\/li>\n\n\n\n<li>Em paralelo, o &#8220;custo de servir&#8221; deve se manter em US$ 1 ao m\u00eas. <\/li>\n\n\n\n<li>Com isso, a Absoluto pontua que o modelo de neg\u00f3cio do roxinho se mostra mais &#8220;eficiente&#8221; do que o de incumbentes.<\/li>\n\n\n\n<li>&#8220;Dentre as quatro alavancas de custo descritas acima, o custo de servir trata-se provavelmente do maior diferencial competitivo. Como refer\u00eancia, a base de custo do Nubank est\u00e1 em R$ 9 bilh\u00f5es ao ano (dados do 3T22) , enquanto a opera\u00e7\u00e3o de varejo do Ita\u00fa (sem considerar asset\/<a class=\"suno-keyword\" data-force=\"no\" data-priority=\"1\" href=\"https:\/\/www.suno.com.br\/artigos\/wealth-management\/\" target=\"_blank\" rel=\"noopener\">wealth management<\/a>, atacado e LatAm), que consideramos a mais eficiente dentre os incumbentes, est\u00e1 em R$ 38 bilh\u00f5es ao ano. Essa discrep\u00e2ncia de quase R$ 3 0bi se d\u00e1 apesar de n\u00famero de clientes semelhante entre Ita\u00fa e Nubank e n\u00famero de correntistas mais alto do Nubank&#8221;, consta na carta.<\/li>\n\n\n\n<li>Os gestores destacam os n\u00fameros de 49,2 milh\u00f5es de clientes ativos na NuConta do <strong>Nubank<\/strong> ante 34,1 milh\u00f5es de clientes ativos no segmento de cart\u00e3o de d\u00e9bito do <a class=\"suno-keyword\" data-force=\"yes\" data-priority=\"2\" href=\"https:\/\/www.suno.com.br\/acoes\/ITUB4\/\" target=\"_blank\" rel=\"noopener\">Ita\u00fa (ITUB4)<\/a>, que \u00e9 o maior banco privado do pa\u00eds.<\/li>\n<\/ul>\n\n\n\t<p>\n\t\t<a href=\"https:\/\/lp.suno.com.br\/planilha-da-vida-financeira\/\" target=\"_blank\" data-element=\"shortcode-suno-banner\" title=\"Banner SUNO, clique e saiba mais\">\n\t\t\t<picture>\n\t\t\t\t<source media=\"(max-width: 500px)\" srcset=\"https:\/\/files.sunoresearch.com.br\/n\/uploads\/2023\/04\/400x300-Planilha-vida-financeira-true.png\">\n\t\t\t\t<img class=\"newsContent__article__imgCapa newsContent__article__imgCapa--banner\"\n\t\t\t\t\tsrc=\"https:\/\/files.sunoresearch.com.br\/n\/uploads\/2023\/04\/1420x240-Planilha-vida-financeira-true.png\"\n\t\t\t\t\tdata-promo-id=\"106682\"\t\t\t\t\t\t\t\t\t\twidth='1420' height='240'\t\t\t\t\talt=\"https:\/\/files.sunoresearch.com.br\/n\/uploads\/2023\/04\/1420x240-Planilha-vida-financeira-true.png\"\n\t\t\t\t>\n\t\t\t<\/picture>\n\t\t<\/a>\n\t<\/p>\n\n\n\n\n\n<h2 class=\"wp-block-heading\">Carrefour (CRFB3): lucro no 4T22 tem queda de 28% na compara\u00e7\u00e3o anual, e fica em R$ 550 mi<\/h2>\n\n\n\n<ul class=\"wp-block-list\">\n<li>O Grupo <strong><a href=\"https:\/\/www.suno.com.br\/acoes\/crfb3\/\">Carrefour Brasil (CRFB3)<\/a><\/strong> apresentou <a class=\"suno-keyword\" data-force=\"no\" data-priority=\"1\" href=\"https:\/\/www.suno.com.br\/artigos\/lucro-liquido\/\" target=\"_blank\" rel=\"noopener\">lucro l\u00edquido<\/a> ao controlador de R$ 550 milh\u00f5es no quarto trimestre de 2022, o que representa queda de 28% em rela\u00e7\u00e3o ao mesmo per\u00edodo do ano anterior.<\/li>\n\n\n\n<li>Para o diretor financeiro da companhia, David Murciano, a queda dessa \u00faltima linha do<strong> balan\u00e7o do Carrefour<\/strong> \u00e9 natural se considerada a d\u00edvida da empresa e o patamar de juros do Pa\u00eds. A companhia trabalha com o cen\u00e1rio de que a taxa de juros brasileira permane\u00e7a em dois d\u00edgitos em 2023.<\/li>\n\n\n\n<li>&#8220;A queda (do lucro) vem do custo da <strong>d\u00edvida do Carrefour<\/strong>. O n\u00edvel de alavancagem, na verdade, melhorou&#8221;, disse Murciano. Ele explica que, como o <strong>modelo de neg\u00f3cios de atacarejo<\/strong> gera caixa para a companhia, o endividamento deve progressivamente diminuir. Al\u00e9m disso, o executivo cita sinergias com o BIG, empresa adquirida pela rede, e o bra\u00e7o de ativos imobili\u00e1rios da companhia, que tamb\u00e9m deve trazer recursos novos e, consequentemente, reduzir proporcionalmente o endividamento do grupo.<\/li>\n\n\n\n<li>Para al\u00e9m disso, Murciano diz que h\u00e1 negocia\u00e7\u00f5es com bancos para melhorar o custo das d\u00edvidas, apesar dos outros movimentos serem mais significativos. &#8220;O mais l\u00f3gico \u00e9 baixar a alavancagem pela <a class=\"suno-keyword\" target=\"_blank\" data-force=\"no\" data-priority=\"1\" href=\"https:\/\/www.suno.com.br\/artigos\/geracao-de-caixa\/\" rel=\"noopener\">gera\u00e7\u00e3o de caixa<\/a>. O ambiente de negocia\u00e7\u00e3o (com <a class=\"suno-keyword\" target=\"_blank\" data-force=\"no\" data-priority=\"1\" href=\"https:\/\/www.suno.com.br\/artigos\/instituicoes-financeiras\/\" rel=\"noopener\">institui\u00e7\u00f5es financeiras<\/a>) ficou um pouco mais dif\u00edcil, mas o Carrefour tem boa entrada nos bancos&#8221;, afirmou.<\/li>\n\n\n\n<li>O lucro antes de juros, impostos <a class=\"suno-keyword\" target=\"_blank\" data-force=\"no\" data-priority=\"1\" href=\"https:\/\/www.suno.com.br\/artigos\/depreciacao-amortizacao\/\" rel=\"noopener\">deprecia\u00e7\u00e3o e amortiza\u00e7\u00e3o<\/a> (<strong>Ebitda do Carrefour<\/strong>) ajustado foi de R$ 1,974 bilh\u00e3o, alta 12,4% ante o \u00faltimo trimestre de 2021. <\/li>\n\n\n\n<li>A <strong>receita l\u00edquida do Carrefour<\/strong>, por sua vez, foi de R$ 28,158 bilh\u00f5es, alta de 36% ante o mesmo per\u00edodo de 2021. <\/li>\n\n\n\n<li><strong>Press\u00e3o sobre as margens do Carrefour<\/strong><\/li>\n\n\n\n<li>As convers\u00f5es de lojas adquiridas do Grupo Big para os formatos do Carrefour, pressionam as <strong>margens do Carrefour<\/strong>, mas Murciano se diz satisfeito com o ritmo de convers\u00f5es e com a <a class=\"suno-keyword\" target=\"_blank\" data-force=\"no\" data-priority=\"1\" href=\"https:\/\/www.suno.com.br\/artigos\/saude-financeira\/\" rel=\"noopener\">sa\u00fade financeira<\/a> da empresa. Se o Grupo Big fosse exclu\u00eddo da conta, a <strong>margem Ebitda<\/strong> teria sido de 8,9%, no resultado consolidado, ela foi de 7%.<\/li>\n\n\n\n<li>&#8220;No trimestre convertemos 34 lojas do Atacad\u00e3o (21 do Maxxi e 13 do BIG Hipermercado), 17 lojas do Hipermercado Carrefour (convertida do BIG Hipermercado) e 1 loja Sams Club (convertida do BIG Hipermercado). Encerramos o ano com 48% do total de lojas a serem convertidas j\u00e1 abertas&#8221;, dia a companhia em seu release de resultados. Murciano acrescenta que o ritmo acelerado de convers\u00f5es deve ser mantido neste primeiro semestre de 2023.<\/li>\n\n\n\n<li><strong>Alta nas vendas<\/strong><\/li>\n\n\n\n<li>As vendas brutas no modelo de atacarejo atingiram R$ 20,7 bilh\u00f5es, alta de 23,9%, frente ao mesmo per\u00edodo de 2021. O <strong>desempenho do Carrefour<\/strong> foi impulsionado por vendas em mesmas lojas (conceito que considera apenas estabelecimentos abertos h\u00e1 um ano) de 10,0%. Outros 4,6% de crescimento vieram da expans\u00e3o org\u00e2nica do Atacad\u00e3o e mais 9,3% das convers\u00f5es de lojas da bandeira Maxxi em Atacad\u00e3o e lojas Maxxi que seguem com mesma marca.<\/li>\n\n\n\n<li>&#8220;Vimos os volumes melhorando gradativamente de forma sequencial no Atacad\u00e3o, impulsionados pela sazonalidade do trimestre (Black Friday, Copa do Mundo e Festas de fim de ano). Como a infla\u00e7\u00e3o voltou a crescer no per\u00edodo, tamb\u00e9m vimos um efeito ligeiramente positivo dos clientes B2B (<a class=\"suno-keyword\" target=\"_blank\" data-force=\"no\" data-priority=\"2\" href=\"https:\/\/www.suno.com.br\/artigos\/pessoa-juridica\/\" rel=\"noopener\">pessoa jur\u00eddica<\/a>)&#8221;, diz a companhia no release de resultados.<\/li>\n\n\n\n<li>Murciano destacou que o atacarejo manteve <a class=\"suno-keyword\" target=\"_blank\" data-force=\"no\" data-priority=\"1\" href=\"https:\/\/www.suno.com.br\/artigos\/margem-bruta-entenda-sua-importancia\/\" rel=\"noopener\">margem bruta<\/a> e Ebitda (exclu\u00eddo o Grupo Big) &#8220;praticamente est\u00e1veis&#8221; em 15,3% e 7,8%, com ligeiras quedas de 0,2 ponto porcentual e 0,1 p.p, respectivamente. A <a class=\"suno-keyword\" target=\"_blank\" data-force=\"no\" data-priority=\"1\" href=\"https:\/\/www.suno.com.br\/artigos\/margem-ebitda\/\" rel=\"noopener\">margem Ebitda<\/a> dessa divis\u00e3o de neg\u00f3cios com o Grupo Big na conta caiu 1,6 p.p., ficando em 6,3%<\/li>\n\n\n\n<li><strong>Vendas no varejo<\/strong><\/li>\n\n\n\n<li>As vendas brutas do varejo totalizaram R$ 9,1 bilh\u00f5es, com alta de 49,8% na compara\u00e7\u00e3o anual, sendo R$ 6,7 bilh\u00f5es no Carrefour e R$ 2,4 bilh\u00f5es no BIG. O <strong>desempenho no 4T22<\/strong> foi impulsionado pelo crescimento em mesmas lojas (excluindo gasolina) de 14,4% no Carrefour.<\/li>\n\n\n\n<li>As despesas com vendas, gerais e administrativas foram de R$ 1,8 bilh\u00e3o, alta de 81,3%, e representaram 22,3% das vendas l\u00edquidas. Esse foi o reflexo do impacto das convers\u00f5es de lojas.<\/li>\n\n\n\n<li>O <strong>faturamento do Banco Carrefour <\/strong>totalizou R$ 14,5 bilh\u00f5es no \u00faltimo trimestre de 2022, com alta de 9,1% ante o mesmo per\u00edodo de 2021. Murciano destacou melhoras na inadimpl\u00eancia das carteiras do banco. &#8220;Ap\u00f3s um terceiro trimestre mais vol\u00e1til, ajustamos algumas alavancas de <a class=\"suno-keyword\" target=\"_blank\" data-force=\"no\" data-priority=\"1\" href=\"https:\/\/www.suno.com.br\/artigos\/concessao-de-credito\/\" rel=\"noopener\">concess\u00e3o de cr\u00e9dito<\/a> que foram liberadas no per\u00edodo, levando o \u00edndice Over 30 (atrasos acima de 30 dias) a uma melhora de 0,7 p.p., na compara\u00e7\u00e3o com o trimestre anterior, ficando em 17,5%. Over 90 (atrasos acima de 90 dias) tamb\u00e9m melhorou 0,6 p.p. para 13,3%&#8221;, escreveu a companhia.<\/li>\n\n\n\n<li><em>Com Estad\u00e3o Conte\u00fado<\/em><\/li>\n<\/ul>\n\n\n\t<p>\n\t\t<a href=\"https:\/\/lp.suno.com.br\/ebook-como-analisar-uma-acao\/\" target=\"_blank\" data-element=\"shortcode-suno-banner\" title=\"Banner SUNO, clique e saiba mais\">\n\t\t\t<picture>\n\t\t\t\t<source media=\"(max-width: 500px)\" srcset=\"https:\/\/files.sunoresearch.com.br\/n\/uploads\/2023\/03\/Ebook-Acoes-Mobile-1.jpg\">\n\t\t\t\t<img class=\"newsContent__article__imgCapa newsContent__article__imgCapa--banner\"\n\t\t\t\t\tsrc=\"https:\/\/files.sunoresearch.com.br\/n\/uploads\/2023\/03\/Ebook-Acoes-Desktop-1.jpg\"\n\t\t\t\t\tdata-promo-id=\"171998\"\t\t\t\t\t\t\t\t\t\twidth='1420' height='286'\t\t\t\t\talt=\"https:\/\/files.sunoresearch.com.br\/n\/uploads\/2023\/03\/Ebook-Acoes-Desktop-1.jpg\"\n\t\t\t\t>\n\t\t\t<\/picture>\n\t\t<\/a>\n\t<\/p>\n\n\n\n\n\n<h2 class=\"wp-block-heading\">WEG (WEGE3): a\u00e7\u00e3o que tem \u00f3timas avalia\u00e7\u00f5es de BTG, XP e Genial ter\u00e1 lucro bilion\u00e1rio no 4T22?<\/h2>\n\n\n\n<ul class=\"wp-block-list\">\n<li>As a\u00e7\u00f5es da<strong> WEG<\/strong> (<a href=\"https:\/\/suno.com.br\/acoes\/wege3\/\" target=\"_blank\" rel=\"noreferrer noopener\">WEGE3<\/a>) conseguem unir os times do <a class=\"suno-keyword\" data-force=\"yes\" data-priority=\"2\" href=\"https:\/\/www.suno.com.br\/acoes\/BPAC11\/\" target=\"_blank\" rel=\"noopener\">BTG Pactual (BPAC11)<\/a>, da XP Investimentos e da Genial Investimentos no mesmo coro de compra. A empresa divulgar\u00e1 seus resultados do quarto trimestre de 2022 nesta quarta (15), e os analistas esperam que a companhia apresente ao mercado mais um <a class=\"suno-keyword\" data-force=\"no\" data-priority=\"1\" href=\"https:\/\/www.suno.com.br\/artigos\/lucro-liquido\/\" target=\"_blank\" rel=\"noopener\">lucro l\u00edquido<\/a> bilion\u00e1rio.<\/li>\n\n\n\n<li>\u201cEsperamos que a WEG entregue um <strong>trimestre forte<\/strong> para fechar o ano, colocando de lado as preocupa\u00e7\u00f5es com a desacelera\u00e7\u00e3o do crescimento\u201d, destacam os analistas do BTG Marcel Zambello, Fernanda Recchia e Lucas Marquiori.<\/li>\n\n\n\n<li>Lucas Laghi e Pedro Bruno, da XP, tamb\u00e9m esperam que os <strong>resultados da WEG<\/strong> &#8220;continuem acompanhando as tend\u00eancias positivas observadas nos \u00faltimos trimestres&#8221;.<\/li>\n\n\n\n<li>Os analistas da Genial Ygor Araujo e Bernardo Noel participaram do \u00faltimo WEG Day e trouxeram o que viram <em>in loco<\/em> para as suas <strong>pr\u00e9vias do 4T22<\/strong>. \u201cPudemos observar que a f\u00e1brica de motores industriais operava em capacidade pr\u00f3xima \u00e0 m\u00e1xima, o que no final do dia deve se refletir em manuten\u00e7\u00e3o dos fortes volumes de entregas no 4T22\u201d, dizem.<\/li>\n\n\n\n<li>No \u00faltimo <strong>balan\u00e7o da WEG<\/strong>, referente ao terceiro trimestre de 2022, a empresa reportou um um Ebitda (Lucros antes de juros, impostos, <a class=\"suno-keyword\" target=\"_blank\" data-force=\"no\" data-priority=\"1\" href=\"https:\/\/www.suno.com.br\/artigos\/depreciacao-amortizacao\/\" rel=\"noopener\">deprecia\u00e7\u00e3o e amortiza\u00e7\u00e3o<\/a>) de R$ 1,5 bilh\u00e3o, 37,1% superior ao conquistado no mesmo per\u00edodo de 2021 e 24,8% maior do que o registrado no 2T22.&nbsp;<\/li>\n\n\n\n<li><strong>WEG: O que esperar no 4T22?<\/strong><\/li>\n\n\n\n<li>Segundo o BTG, &#8220;apesar das preocupa\u00e7\u00f5es com uma desacelera\u00e7\u00e3o na Europa, vemos o cen\u00e1rio persistente de infla\u00e7\u00e3o de energia como positivo para a WEG no <a class=\"suno-keyword\" target=\"_blank\" data-force=\"no\" data-priority=\"1\" href=\"https:\/\/www.suno.com.br\/artigos\/longo-prazo\/\" rel=\"noopener\">longo prazo<\/a>, pois cria oportunidades para motores e outros produtos de energia\u201d.<\/li>\n\n\n\n<li>\u201cO cen\u00e1rio incerto sobre os custos de produ\u00e7\u00e3o da Europa e m\u00e3o de obra elevada nos Estados Unidos, pode contribuir para que a WEG se torne mais competitiva dada a sua verticaliza\u00e7\u00e3o e maior concentra\u00e7\u00e3o de custos de produ\u00e7\u00e3o no Brasil\u201d, complementa a Genial.<\/li>\n\n\n\n<li>Os analistas da XP apontam dois fatores que contribuir\u00e3o para n\u00fameros positivos no <strong>balan\u00e7o da WEG do 4T22<\/strong>:<\/li>\n\n\n\n<li>Mercados externos contribuindo para o aumento sequencial da receita;<\/li>\n\n\n\n<li>Manuten\u00e7\u00e3o de um s\u00f3lido n\u00edvel de receita no segmento GTD (gera\u00e7\u00e3o, transmiss\u00e3o e distribui\u00e7\u00e3o de energia) dom\u00e9stico, impulsionado pelo forte desempenho de produtos expostos \u00e0 energia solar.<\/li>\n\n\n\n<li>BTG, XP e Genial trabalham com recomenda\u00e7\u00e3o de compra nas <strong>a\u00e7\u00f5es da WEG<\/strong>, com os pre\u00e7os-alvo de R$ 50, R$ 50 e R$ 47,50, respectivamente.<\/li>\n\n\n\n<li>De acordo com o mapeamento do Status Invest, as a\u00e7\u00f5es da <strong>WEG<\/strong> fecharam o preg\u00e3o de sexta (10) sendo negociadas por R$ 38,60. Nos \u00faltimos doze meses, os pap\u00e9is apresentaram uma valoriza\u00e7\u00e3o de 28,20%.<\/li>\n<\/ul>\n\n\n\n<h2 class=\"wp-block-heading\">Americanas (AMER3) deve R$ 1 bilh\u00e3o a pequenos fornecedores<\/h2>\n\n\n\n<ul class=\"wp-block-list\">\n<li>Al\u00e9m dos bilh\u00f5es devidos aos grandes bancos, a <strong>Americanas <\/strong>(<a href=\"https:\/\/www.suno.com.br\/acoes\/amer3\" target=\"_blank\" rel=\"noreferrer noopener\">AMER3<\/a>), tamb\u00e9m soma grandes d\u00edvidas com pequenas e m\u00e9dias empresas.<\/li>\n\n\n\n<li>A Americanas deve pelo menos R$ 875 milh\u00f5es, num c\u00e1lculo inicial, para um volume de mais de 6 mil micro, pequenas e m\u00e9dias empresas que eram <strong>fornecedoras <\/strong>de produtos ou servi\u00e7os. <\/li>\n\n\n\n<li>Sem receber as <strong>d\u00edvidas <\/strong>e com o caixa desfalcado pela <a href=\"https:\/\/www.suno.com.br\/noticias\/fgc-fundo-garantidor-credito\/\" target=\"_blank\" rel=\"noreferrer noopener\"><strong>inadimpl\u00eancia<\/strong><\/a>, algumas j\u00e1 come\u00e7am a reduzir produ\u00e7\u00e3o e a fazer cortes no quadro de funcion\u00e1rios.<\/li>\n\n\n\n<li>Os c\u00e1lculos foram feitos pelo jornal o Estado de S. Paulo com base na <a href=\"https:\/\/www.suno.com.br\/noticias\/americanas-amer3-lemann-telles-sicupira-credores\/\" target=\"_blank\" rel=\"noreferrer noopener\">lista de <strong>credores <\/strong>entregue \u00e0 Justi\u00e7a <\/a>e incluem diversos setores, como de alimentos, editoras de livros, prestadoras de servi\u00e7os de TI e manuten\u00e7\u00e3o. <\/li>\n\n\n\n<li>N\u00e3o foram considerados na conta passivos trabalhistas, bancos, grandes empresas, sindicatos e associa\u00e7\u00f5es, fundos, alugu\u00e9is e empresas de luz e internet.<\/li>\n\n\n\n<li>Al\u00e9m disso, para as pequenas e micro <strong>empresas<\/strong>, que podem ter impacto mais forte do que as m\u00e9dias, a Americanas deve R$ 109,4 milh\u00f5es. <\/li>\n\n\n\n<li>As <a href=\"https:\/\/www.suno.com.br\/noticias\/divida-americanas-amer3-grandes-bancos\/\" target=\"_blank\" rel=\"noreferrer noopener\">d\u00edvidas nesse segmento<\/a>, no documento da Americanas, variam entre R$ 10 e R$ 26 milh\u00f5es. <\/li>\n\n\n\n<li>Do total de credores nessa categoria, 20 t\u00eam mais de R$ 1 milh\u00e3o a receber e 102 aguardam pagamentos entre R$ 100 mil e R$ 1 milh\u00e3o. <\/li>\n\n\n\n<li>O maior n\u00famero de credores entre os pequenos (441) t\u00eam entre R$ 1 mil e R$ 50 mil a receber. Para outros 73 fornecedores, a Americanas deve entre R$ 50 mil e R$ 100 mil, e 315 arcam com d\u00edvidas de at\u00e9 R$ 1 mil.<\/li>\n\n\n\n<li>A Ingram Micro Brasil, distribuidora americana de produtos e servi\u00e7os de tecnologia da informa\u00e7\u00e3o, \u00e9 a maior credora entre as consideradas pequenas empresas listadas no documento oficial da Americanas &#8211; apesar de a d\u00edvida, de R$ 26,4 milh\u00f5es, indicar uma empresa de porte maior. <\/li>\n\n\n\n<li>Procurada, a empresa, distribuidora de produtos da JBL, n\u00e3o quis comentar.<\/li>\n\n\n\n<li>Na lista entregue \u00e0 Justi\u00e7a, a reportagem encontrou fornecedores que j\u00e1 receberam parte dos valores, mas continuavam como credores, e tamb\u00e9m algumas empresas que n\u00e3o foram inclu\u00eddas no montante.<\/li>\n\n\n\n<li><strong>Efeito domin\u00f3 na Americanas<\/strong><\/li>\n\n\n\n<li>Anunciado no in\u00edcio de janeiro, o rombo da Americanas j\u00e1 provoca um efeito domin\u00f3 entre pequenos e m\u00e9dios fornecedores, que t\u00eam boa parte das receitas concentrada na varejista. <\/li>\n\n\n\n<li>Alguns est\u00e3o reduzindo as opera\u00e7\u00f5es, demitindo funcion\u00e1rios e buscando financiamento banc\u00e1rio para tentar compensar o desequil\u00edbrio financeiro.<\/li>\n\n\n\n<li>&#8220;\u00c9 como se algu\u00e9m tivesse entrado na minha empresa, tirado 35% do meu caixa e sa\u00edsse andando pela porta da frente. \u00c9 mais ou menos desta forma como eu me sinto&#8221;, disse ao <b>Estad\u00e3o<\/b> o propriet\u00e1rio de uma ind\u00fastria de material escolar, de porte m\u00e9dio, que preferiu n\u00e3o ser identificado. A d\u00edvida da Americanas com a empresa equivale a pouco mais de um ter\u00e7o do seu faturamento.<\/li>\n\n\n\n<li>No in\u00edcio da pandemia, o empres\u00e1rio selecionou os melhores clientes para escapar do risco de inadimpl\u00eancia que aumentaria com a crise sanit\u00e1ria. Das cinco varejistas mais seguras, a Americanas era a \u00fanica cujo risco de inadimpl\u00eancia seria zero. <\/li>\n\n\n\n<li>O resultado levou em conta o fato de a companhia ser auditada por uma empresa de renome, a PwC, ser listada na B3 e ter como acionistas os bilion\u00e1rios <a class=\"suno-keyword\" target=\"_blank\" data-force=\"no\" data-priority=\"2\" href=\"https:\/\/www.suno.com.br\/tudo-sobre\/jorge-paulo-lemann\/\" rel=\"noopener\">Jorge Paulo Lemann<\/a>, Beto Sicupira e Marcel Telles.<\/li>\n\n\n\n<li>Quando a crise da varejista veio \u00e0 tona, ele diz que tomou uma &#8220;cacetada&#8221;. No momento, tenta reduzir tudo. &#8220;Linhas de produ\u00e7\u00e3o, pessoal, o que der para sobreviver.&#8221; Sem revelar n\u00fameros, afirma que as demiss\u00f5es ser\u00e3o significativas. Paralelamente, tenta renegociar pagamentos com fornecedores e buscar cr\u00e9dito nos bancos.<\/li>\n\n\n\n<li>&#8220;Fomos pegos de surpresa&#8221;, afirma outro empres\u00e1rio, de pequeno porte, que produz artigos de cama, mesa e banho e tamb\u00e9m pediu anonimato. No momento, ele reduziu o ritmo de produ\u00e7\u00e3o e tenta redirecionar as mercadorias que venderia para a Americanas para outros clientes.<\/li>\n\n\n\n<li>Por ora, ele n\u00e3o planeja demiss\u00f5es nem busca financiamentos banc\u00e1rios. A empresa vai tentar cobrir o rombo com recursos dos s\u00f3cios. &#8220;Esse valor vai fazer falta, \u00e9 muito dinheiro e n\u00e3o se sabe se vamos receber e quando&#8221;, afirma o empres\u00e1rio. <\/li>\n\n\n\n<li>Sozinha, a <strong>Americanas<\/strong> respondeu no ano passado por 10% das vendas da empresa.<\/li>\n\n\n\n<li>Com Estad\u00e3o Conte\u00fado<\/li>\n<\/ul>\n\n\n\n<p><em>Do&nbsp;<\/em><strong><em>Banco do Brasil<\/em><\/strong><em>&nbsp;\u00e0 Americanas, essas foram as empresas que se destacaram hoje. Para ler todas as mat\u00e9rias&nbsp;<\/em><a href=\"https:\/\/www.suno.com.br\/noticias\/todos\/\" target=\"_blank\" rel=\"noreferrer noopener\">clique aqui.<\/a><a href=\"https:\/\/lps.suno.com.br\/cl\/6-anos-suno-quem-ganha-e-voce\/\" target=\"_blank\" rel=\"noreferrer noopener\"><\/a><a href=\"https:\/\/lp.suno.com.br\/planilha-de-controle-de-investimentos\/\" target=\"_blank\" rel=\"noreferrer noopener\"><\/a><a href=\"https:\/\/lps.suno.com.br\/cl\/6-anos-suno-quem-ganha-e-voce\/\" target=\"_blank\" rel=\"noreferrer noopener\"><\/a><a href=\"https:\/\/lp.suno.com.br\/planilha-de-controle-de-investimentos\/\" target=\"_blank\" rel=\"noreferrer noopener\"><\/a><a href=\"https:\/\/lp.suno.com.br\/pv\/aniversario-suno-6-anos\/\" target=\"_blank\" rel=\"noreferrer noopener\"><\/a><a href=\"https:\/\/lp.suno.com.br\/planilha-de-controle-de-investimentos\/\" target=\"_blank\" rel=\"noreferrer noopener\"><\/a><\/p>\n\n\n\t<p>\n\t\t<a href=\"https:\/\/lp.suno.com.br\/planilha-de-controle-de-investimentos\/\" target=\"_blank\" data-element=\"shortcode-suno-banner\" title=\"Banner SUNO, clique e saiba mais\">\n\t\t\t<picture>\n\t\t\t\t<source media=\"(max-width: 500px)\" srcset=\"https:\/\/files.sunoresearch.com.br\/n\/uploads\/2023\/03\/400x300-Controle-de-Investimentos.png\">\n\t\t\t\t<img class=\"newsContent__article__imgCapa newsContent__article__imgCapa--banner\"\n\t\t\t\t\tsrc=\"https:\/\/files.sunoresearch.com.br\/n\/uploads\/2023\/03\/1420x240-Controle-de-Investimentos.png\"\n\t\t\t\t\tdata-promo-id=\"75934\"\t\t\t\t\t\t\t\t\t\twidth='1420' height='240'\t\t\t\t\talt=\"https:\/\/files.sunoresearch.com.br\/n\/uploads\/2023\/03\/1420x240-Controle-de-Investimentos.png\"\n\t\t\t\t>\n\t\t\t<\/picture>\n\t\t<\/a>\n\t<\/p>\n\n\n","protected":false},"excerpt":{"rendered":"<p>Ap\u00f3s reportar um lucro bilion\u00e1rio no quarto trimestre, o&nbsp;conselho de administra\u00e7\u00e3o&nbsp;do Banco do Brasil (BBAS3)&nbsp;aprovou o pagamento de proventos cujo montante \u00e9 de R$ 2,3 bilh\u00f5es. Em&nbsp;fato relevante&nbsp;divulgado nesta segunda-feira (13), o banco informou o&nbsp;pagamento de&nbsp;juros sobre o capital pr\u00f3prio (JCP)&nbsp;no valor de R$ 1,6 bilh\u00f5es e de dividendos&nbsp;em R$ 671 milh\u00f5es. BB Seguridade (BBSE3). [&hellip;]<\/p>\n","protected":false},"author":194,"featured_media":257503,"comment_status":"closed","ping_status":"closed","sticky":false,"template":"","format":"standard","meta":[],"categories":[64],"tags":[106605,732,405,517,848,681],"suno_strategy":[106960],"class_list":["post-363454","post","type-post","status-publish","format-standard","has-post-thumbnail","hentry","category-negocios","tag-americanas-s-a-amer3","tag-banco-do-brasil-bbas3","tag-carrefour-crfb3","tag-itausa-itsa3-itsa4","tag-nubank","tag-weg-wege3"],"yoast_head":"<!-- This site is optimized with the Yoast SEO plugin v24.4 - https:\/\/yoast.com\/wordpress\/plugins\/seo\/ -->\n<title>Radar: Banco do Brasil (BBAS3) pagar\u00e1 dividendos bilion\u00e1rios; Ita\u00fasa (ITSA4)\u00a0confirma pagamento de JCP e as previs\u00f5es para o 4T22 do Nubank (NUBR33)<\/title>\n<meta name=\"description\" content=\"Banco do Brasil pagar\u00e1 JCP bilion\u00e1rios, Ita\u00fana marca data de pagamento de JCP e lucro do Nubank em 2022 ainda \u00e9 uma inc\u00f3gnita. Saiba mais.\" \/>\n<meta name=\"robots\" content=\"index, follow, max-snippet:-1, max-image-preview:large, max-video-preview:-1\" \/>\n<link rel=\"canonical\" href=\"https:\/\/www.suno.com.br\/noticias\/radar-banco-do-brasil-bbas3-itausa-itsa4-nubank-nubr33\/\" \/>\n<meta property=\"og:locale\" content=\"pt_BR\" \/>\n<meta property=\"og:type\" content=\"article\" \/>\n<meta property=\"og:title\" content=\"Radar: Banco do Brasil (BBAS3) pagar\u00e1 dividendos bilion\u00e1rios; Ita\u00fasa (ITSA4)\u00a0confirma pagamento de JCP e as previs\u00f5es para o 4T22 do Nubank (NUBR33)\" \/>\n<meta property=\"og:description\" content=\"Banco do Brasil pagar\u00e1 JCP bilion\u00e1rios, Ita\u00fana marca data de pagamento de JCP e lucro do Nubank em 2022 ainda \u00e9 uma inc\u00f3gnita. Saiba mais.\" \/>\n<meta property=\"og:url\" content=\"https:\/\/www.suno.com.br\/noticias\/radar-banco-do-brasil-bbas3-itausa-itsa4-nubank-nubr33\/\" \/>\n<meta property=\"og:site_name\" content=\"Suno Not\u00edcias\" \/>\n<meta property=\"article:publisher\" content=\"https:\/\/facebook.com\/sunoresearch\" \/>\n<meta property=\"og:image\" content=\"https:\/\/files.sunoresearch.com.br\/n\/uploads\/2022\/05\/bb-seguridade.jpg\" \/>\n\t<meta property=\"og:image:width\" content=\"1200\" \/>\n\t<meta property=\"og:image:height\" content=\"823\" \/>\n\t<meta property=\"og:image:type\" content=\"image\/jpeg\" \/>\n<meta name=\"author\" content=\"Isabella Taglapietra\" \/>\n<meta name=\"twitter:card\" content=\"summary_large_image\" \/>\n<meta name=\"twitter:creator\" content=\"@sunoresearch\" \/>\n<meta name=\"twitter:site\" content=\"@sunoresearch\" \/>\n<meta name=\"twitter:label1\" content=\"Escrito por\" \/>\n\t<meta name=\"twitter:data1\" content=\"Isabella Taglapietra\" \/>\n\t<meta name=\"twitter:label2\" content=\"Est. tempo de leitura\" \/>\n\t<meta name=\"twitter:data2\" content=\"19 minutos\" \/>\n<script type=\"application\/ld+json\" class=\"yoast-schema-graph\">{\"@context\":\"https:\/\/schema.org\",\"@graph\":[{\"@type\":\"NewsArticle\",\"@id\":\"https:\/\/www.suno.com.br\/noticias\/radar-banco-do-brasil-bbas3-itausa-itsa4-nubank-nubr33\/#article\",\"isPartOf\":{\"@id\":\"https:\/\/www.suno.com.br\/noticias\/radar-banco-do-brasil-bbas3-itausa-itsa4-nubank-nubr33\/\"},\"author\":{\"name\":\"Isabella Taglapietra\",\"@id\":\"https:\/\/www.suno.com.br\/noticias\/#\/schema\/person\/a0be106724f6f5d705d70f04333cb249\"},\"headline\":\"Radar: Banco do Brasil (BBAS3) pagar\u00e1 dividendos bilion\u00e1rios; Ita\u00fasa (ITSA4)\u00a0confirma pagamento de JCP e as previs\u00f5es para o 4T22 do Nubank (NUBR33)\",\"datePublished\":\"2023-02-14T01:54:21+00:00\",\"dateModified\":\"2023-02-14T01:54:43+00:00\",\"mainEntityOfPage\":{\"@id\":\"https:\/\/www.suno.com.br\/noticias\/radar-banco-do-brasil-bbas3-itausa-itsa4-nubank-nubr33\/\"},\"wordCount\":3639,\"publisher\":{\"@id\":\"https:\/\/www.suno.com.br\/noticias\/#organization\"},\"image\":{\"@id\":\"https:\/\/www.suno.com.br\/noticias\/radar-banco-do-brasil-bbas3-itausa-itsa4-nubank-nubr33\/#primaryimage\"},\"thumbnailUrl\":\"https:\/\/files.sunoresearch.com.br\/n\/uploads\/2022\/05\/bb-seguridade.jpg\",\"keywords\":[\"Americanas (AMER3)\",\"Banco do Brasil (BBAS3)\",\"Carrefour (CRFB3)\",\"Ita\u00fasa (ITSA3\/ITSA4)\",\"Nubank (NUBR33)\",\"Weg (WEGE3)\"],\"articleSection\":[\"Neg\u00f3cios\"],\"inLanguage\":\"pt-BR\"},{\"@type\":\"WebPage\",\"@id\":\"https:\/\/www.suno.com.br\/noticias\/radar-banco-do-brasil-bbas3-itausa-itsa4-nubank-nubr33\/\",\"url\":\"https:\/\/www.suno.com.br\/noticias\/radar-banco-do-brasil-bbas3-itausa-itsa4-nubank-nubr33\/\",\"name\":\"Radar: Banco do Brasil (BBAS3) pagar\u00e1 dividendos bilion\u00e1rios; Ita\u00fasa (ITSA4)\u00a0confirma pagamento de JCP e as previs\u00f5es para o 4T22 do Nubank (NUBR33)\",\"isPartOf\":{\"@id\":\"https:\/\/www.suno.com.br\/noticias\/#website\"},\"primaryImageOfPage\":{\"@id\":\"https:\/\/www.suno.com.br\/noticias\/radar-banco-do-brasil-bbas3-itausa-itsa4-nubank-nubr33\/#primaryimage\"},\"image\":{\"@id\":\"https:\/\/www.suno.com.br\/noticias\/radar-banco-do-brasil-bbas3-itausa-itsa4-nubank-nubr33\/#primaryimage\"},\"thumbnailUrl\":\"https:\/\/files.sunoresearch.com.br\/n\/uploads\/2022\/05\/bb-seguridade.jpg\",\"datePublished\":\"2023-02-14T01:54:21+00:00\",\"dateModified\":\"2023-02-14T01:54:43+00:00\",\"description\":\"Banco do Brasil pagar\u00e1 JCP bilion\u00e1rios, Ita\u00fana marca data de pagamento de JCP e lucro do Nubank em 2022 ainda \u00e9 uma inc\u00f3gnita. Saiba mais.\",\"breadcrumb\":{\"@id\":\"https:\/\/www.suno.com.br\/noticias\/radar-banco-do-brasil-bbas3-itausa-itsa4-nubank-nubr33\/#breadcrumb\"},\"inLanguage\":\"pt-BR\",\"potentialAction\":[{\"@type\":\"ReadAction\",\"target\":[\"https:\/\/www.suno.com.br\/noticias\/radar-banco-do-brasil-bbas3-itausa-itsa4-nubank-nubr33\/\"]}]},{\"@type\":\"ImageObject\",\"inLanguage\":\"pt-BR\",\"@id\":\"https:\/\/www.suno.com.br\/noticias\/radar-banco-do-brasil-bbas3-itausa-itsa4-nubank-nubr33\/#primaryimage\",\"url\":\"https:\/\/files.sunoresearch.com.br\/n\/uploads\/2022\/05\/bb-seguridade.jpg\",\"contentUrl\":\"https:\/\/files.sunoresearch.com.br\/n\/uploads\/2022\/05\/bb-seguridade.jpg\",\"width\":1200,\"height\":823,\"caption\":\"BB Seguridade (BBSE3). Foto: Divulga\u00e7\u00e3o\"},{\"@type\":\"BreadcrumbList\",\"@id\":\"https:\/\/www.suno.com.br\/noticias\/radar-banco-do-brasil-bbas3-itausa-itsa4-nubank-nubr33\/#breadcrumb\",\"itemListElement\":[{\"@type\":\"ListItem\",\"position\":1,\"name\":\"Not\u00edcias\",\"item\":\"https:\/\/www.suno.com.br\/noticias\/\"},{\"@type\":\"ListItem\",\"position\":2,\"name\":\"Neg\u00f3cios\",\"item\":\"https:\/\/www.suno.com.br\/noticias\/negocios\/\"},{\"@type\":\"ListItem\",\"position\":3,\"name\":\"Radar: Banco do Brasil (BBAS3) pagar\u00e1 dividendos bilion\u00e1rios; Ita\u00fasa (ITSA4)\u00a0confirma pagamento de JCP e as previs\u00f5es para o 4T22 do Nubank (NUBR33)\"}]},{\"@type\":\"WebSite\",\"@id\":\"https:\/\/www.suno.com.br\/noticias\/#website\",\"url\":\"https:\/\/www.suno.com.br\/noticias\/\",\"name\":\"Suno Not\u00edcias\",\"description\":\"Seu portal de informa\u00e7\u00e3o sobre o mundo dos investimentos\",\"publisher\":{\"@id\":\"https:\/\/www.suno.com.br\/noticias\/#organization\"},\"potentialAction\":[{\"@type\":\"SearchAction\",\"target\":{\"@type\":\"EntryPoint\",\"urlTemplate\":\"https:\/\/www.suno.com.br\/noticias\/?s={search_term_string}\"},\"query-input\":{\"@type\":\"PropertyValueSpecification\",\"valueRequired\":true,\"valueName\":\"search_term_string\"}}],\"inLanguage\":\"pt-BR\"},{\"@type\":\"Organization\",\"@id\":\"https:\/\/www.suno.com.br\/noticias\/#organization\",\"name\":\"Suno Not\u00edcias\",\"url\":\"https:\/\/www.suno.com.br\/noticias\/\",\"logo\":{\"@type\":\"ImageObject\",\"inLanguage\":\"pt-BR\",\"@id\":\"https:\/\/www.suno.com.br\/noticias\/#\/schema\/logo\/image\/\",\"url\":\"https:\/\/files.sunoresearch.com.br\/n\/uploads\/2021\/09\/suno-logo.png\",\"contentUrl\":\"https:\/\/files.sunoresearch.com.br\/n\/uploads\/2021\/09\/suno-logo.png\",\"width\":180,\"height\":180,\"caption\":\"Suno Not\u00edcias\"},\"image\":{\"@id\":\"https:\/\/www.suno.com.br\/noticias\/#\/schema\/logo\/image\/\"},\"sameAs\":[\"https:\/\/facebook.com\/sunoresearch\",\"https:\/\/x.com\/sunoresearch\",\"https:\/\/www.instagram.com\/suno\",\"https:\/\/www.linkedin.com\/company\/suno-research\/\",\"https:\/\/www.youtube.com\/c\/sunoresearch\"]},{\"@type\":\"Person\",\"@id\":\"https:\/\/www.suno.com.br\/noticias\/#\/schema\/person\/a0be106724f6f5d705d70f04333cb249\",\"name\":\"Isabella Taglapietra\",\"image\":{\"@type\":\"ImageObject\",\"inLanguage\":\"pt-BR\",\"@id\":\"https:\/\/www.suno.com.br\/noticias\/#\/schema\/person\/image\/\",\"url\":\"https:\/\/secure.gravatar.com\/avatar\/089c9e06b71de293117116aaf339e22f?s=96&r=g\",\"contentUrl\":\"https:\/\/secure.gravatar.com\/avatar\/089c9e06b71de293117116aaf339e22f?s=96&r=g\",\"caption\":\"Isabella Taglapietra\"},\"description\":\"Rep\u00f3rter freelancer no Suno Not\u00edcias, cobre not\u00edcias di\u00e1rias sobre economia, balan\u00e7os trimestrais e pesquisas. Formada em jornalismo pela Faculdade C\u00e1sper L\u00edbero e p\u00f3s-graduanda em mercado de capitais pela Fecap, atuou como rep\u00f3rter de economia e finan\u00e7as no portal CRC!News e Elas que Lucrem, al\u00e9m de social media para empresas do mercado financeiro.\",\"url\":\"https:\/\/www.suno.com.br\/noticias\/author\/isabella-taglapietra\/\"}]}<\/script>\n<!-- \/ Yoast SEO plugin. -->","yoast_head_json":{"title":"Radar: Banco do Brasil (BBAS3) pagar\u00e1 dividendos bilion\u00e1rios; Ita\u00fasa (ITSA4)\u00a0confirma pagamento de JCP e as previs\u00f5es para o 4T22 do Nubank (NUBR33)","description":"Banco do Brasil pagar\u00e1 JCP bilion\u00e1rios, Ita\u00fana marca data de pagamento de JCP e lucro do Nubank em 2022 ainda \u00e9 uma inc\u00f3gnita. Saiba mais.","robots":{"index":"index","follow":"follow","max-snippet":"max-snippet:-1","max-image-preview":"max-image-preview:large","max-video-preview":"max-video-preview:-1"},"canonical":"https:\/\/www.suno.com.br\/noticias\/radar-banco-do-brasil-bbas3-itausa-itsa4-nubank-nubr33\/","og_locale":"pt_BR","og_type":"article","og_title":"Radar: Banco do Brasil (BBAS3) pagar\u00e1 dividendos bilion\u00e1rios; Ita\u00fasa (ITSA4)\u00a0confirma pagamento de JCP e as previs\u00f5es para o 4T22 do Nubank (NUBR33)","og_description":"Banco do Brasil pagar\u00e1 JCP bilion\u00e1rios, Ita\u00fana marca data de pagamento de JCP e lucro do Nubank em 2022 ainda \u00e9 uma inc\u00f3gnita. Saiba mais.","og_url":"https:\/\/www.suno.com.br\/noticias\/radar-banco-do-brasil-bbas3-itausa-itsa4-nubank-nubr33\/","og_site_name":"Suno Not\u00edcias","article_publisher":"https:\/\/facebook.com\/sunoresearch","og_image":[{"width":1200,"height":823,"url":"https:\/\/files.sunoresearch.com.br\/n\/uploads\/2022\/05\/bb-seguridade.jpg","type":"image\/jpeg"}],"author":"Isabella Taglapietra","twitter_card":"summary_large_image","twitter_creator":"@sunoresearch","twitter_site":"@sunoresearch","twitter_misc":{"Escrito por":"Isabella Taglapietra","Est. tempo de leitura":"19 minutos"},"schema":{"@context":"https:\/\/schema.org","@graph":[{"@type":"NewsArticle","@id":"https:\/\/www.suno.com.br\/noticias\/radar-banco-do-brasil-bbas3-itausa-itsa4-nubank-nubr33\/#article","isPartOf":{"@id":"https:\/\/www.suno.com.br\/noticias\/radar-banco-do-brasil-bbas3-itausa-itsa4-nubank-nubr33\/"},"author":{"name":"Isabella Taglapietra","@id":"https:\/\/www.suno.com.br\/noticias\/#\/schema\/person\/a0be106724f6f5d705d70f04333cb249"},"headline":"Radar: Banco do Brasil (BBAS3) pagar\u00e1 dividendos bilion\u00e1rios; Ita\u00fasa (ITSA4)\u00a0confirma pagamento de JCP e as previs\u00f5es para o 4T22 do Nubank (NUBR33)","datePublished":"2023-02-14T01:54:21+00:00","dateModified":"2023-02-14T01:54:43+00:00","mainEntityOfPage":{"@id":"https:\/\/www.suno.com.br\/noticias\/radar-banco-do-brasil-bbas3-itausa-itsa4-nubank-nubr33\/"},"wordCount":3639,"publisher":{"@id":"https:\/\/www.suno.com.br\/noticias\/#organization"},"image":{"@id":"https:\/\/www.suno.com.br\/noticias\/radar-banco-do-brasil-bbas3-itausa-itsa4-nubank-nubr33\/#primaryimage"},"thumbnailUrl":"https:\/\/files.sunoresearch.com.br\/n\/uploads\/2022\/05\/bb-seguridade.jpg","keywords":["Americanas (AMER3)","Banco do Brasil (BBAS3)","Carrefour (CRFB3)","Ita\u00fasa (ITSA3\/ITSA4)","Nubank (NUBR33)","Weg (WEGE3)"],"articleSection":["Neg\u00f3cios"],"inLanguage":"pt-BR"},{"@type":"WebPage","@id":"https:\/\/www.suno.com.br\/noticias\/radar-banco-do-brasil-bbas3-itausa-itsa4-nubank-nubr33\/","url":"https:\/\/www.suno.com.br\/noticias\/radar-banco-do-brasil-bbas3-itausa-itsa4-nubank-nubr33\/","name":"Radar: Banco do Brasil (BBAS3) pagar\u00e1 dividendos bilion\u00e1rios; Ita\u00fasa (ITSA4)\u00a0confirma pagamento de JCP e as previs\u00f5es para o 4T22 do Nubank (NUBR33)","isPartOf":{"@id":"https:\/\/www.suno.com.br\/noticias\/#website"},"primaryImageOfPage":{"@id":"https:\/\/www.suno.com.br\/noticias\/radar-banco-do-brasil-bbas3-itausa-itsa4-nubank-nubr33\/#primaryimage"},"image":{"@id":"https:\/\/www.suno.com.br\/noticias\/radar-banco-do-brasil-bbas3-itausa-itsa4-nubank-nubr33\/#primaryimage"},"thumbnailUrl":"https:\/\/files.sunoresearch.com.br\/n\/uploads\/2022\/05\/bb-seguridade.jpg","datePublished":"2023-02-14T01:54:21+00:00","dateModified":"2023-02-14T01:54:43+00:00","description":"Banco do Brasil pagar\u00e1 JCP bilion\u00e1rios, Ita\u00fana marca data de pagamento de JCP e lucro do Nubank em 2022 ainda \u00e9 uma inc\u00f3gnita. Saiba mais.","breadcrumb":{"@id":"https:\/\/www.suno.com.br\/noticias\/radar-banco-do-brasil-bbas3-itausa-itsa4-nubank-nubr33\/#breadcrumb"},"inLanguage":"pt-BR","potentialAction":[{"@type":"ReadAction","target":["https:\/\/www.suno.com.br\/noticias\/radar-banco-do-brasil-bbas3-itausa-itsa4-nubank-nubr33\/"]}]},{"@type":"ImageObject","inLanguage":"pt-BR","@id":"https:\/\/www.suno.com.br\/noticias\/radar-banco-do-brasil-bbas3-itausa-itsa4-nubank-nubr33\/#primaryimage","url":"https:\/\/files.sunoresearch.com.br\/n\/uploads\/2022\/05\/bb-seguridade.jpg","contentUrl":"https:\/\/files.sunoresearch.com.br\/n\/uploads\/2022\/05\/bb-seguridade.jpg","width":1200,"height":823,"caption":"BB Seguridade (BBSE3). Foto: Divulga\u00e7\u00e3o"},{"@type":"BreadcrumbList","@id":"https:\/\/www.suno.com.br\/noticias\/radar-banco-do-brasil-bbas3-itausa-itsa4-nubank-nubr33\/#breadcrumb","itemListElement":[{"@type":"ListItem","position":1,"name":"Not\u00edcias","item":"https:\/\/www.suno.com.br\/noticias\/"},{"@type":"ListItem","position":2,"name":"Neg\u00f3cios","item":"https:\/\/www.suno.com.br\/noticias\/negocios\/"},{"@type":"ListItem","position":3,"name":"Radar: Banco do Brasil (BBAS3) pagar\u00e1 dividendos bilion\u00e1rios; Ita\u00fasa (ITSA4)\u00a0confirma pagamento de JCP e as previs\u00f5es para o 4T22 do Nubank (NUBR33)"}]},{"@type":"WebSite","@id":"https:\/\/www.suno.com.br\/noticias\/#website","url":"https:\/\/www.suno.com.br\/noticias\/","name":"Suno Not\u00edcias","description":"Seu portal de informa\u00e7\u00e3o sobre o mundo dos investimentos","publisher":{"@id":"https:\/\/www.suno.com.br\/noticias\/#organization"},"potentialAction":[{"@type":"SearchAction","target":{"@type":"EntryPoint","urlTemplate":"https:\/\/www.suno.com.br\/noticias\/?s={search_term_string}"},"query-input":{"@type":"PropertyValueSpecification","valueRequired":true,"valueName":"search_term_string"}}],"inLanguage":"pt-BR"},{"@type":"Organization","@id":"https:\/\/www.suno.com.br\/noticias\/#organization","name":"Suno Not\u00edcias","url":"https:\/\/www.suno.com.br\/noticias\/","logo":{"@type":"ImageObject","inLanguage":"pt-BR","@id":"https:\/\/www.suno.com.br\/noticias\/#\/schema\/logo\/image\/","url":"https:\/\/files.sunoresearch.com.br\/n\/uploads\/2021\/09\/suno-logo.png","contentUrl":"https:\/\/files.sunoresearch.com.br\/n\/uploads\/2021\/09\/suno-logo.png","width":180,"height":180,"caption":"Suno Not\u00edcias"},"image":{"@id":"https:\/\/www.suno.com.br\/noticias\/#\/schema\/logo\/image\/"},"sameAs":["https:\/\/facebook.com\/sunoresearch","https:\/\/x.com\/sunoresearch","https:\/\/www.instagram.com\/suno","https:\/\/www.linkedin.com\/company\/suno-research\/","https:\/\/www.youtube.com\/c\/sunoresearch"]},{"@type":"Person","@id":"https:\/\/www.suno.com.br\/noticias\/#\/schema\/person\/a0be106724f6f5d705d70f04333cb249","name":"Isabella Taglapietra","image":{"@type":"ImageObject","inLanguage":"pt-BR","@id":"https:\/\/www.suno.com.br\/noticias\/#\/schema\/person\/image\/","url":"https:\/\/secure.gravatar.com\/avatar\/089c9e06b71de293117116aaf339e22f?s=96&r=g","contentUrl":"https:\/\/secure.gravatar.com\/avatar\/089c9e06b71de293117116aaf339e22f?s=96&r=g","caption":"Isabella Taglapietra"},"description":"Rep\u00f3rter freelancer no Suno Not\u00edcias, cobre not\u00edcias di\u00e1rias sobre economia, balan\u00e7os trimestrais e pesquisas. Formada em jornalismo pela Faculdade C\u00e1sper L\u00edbero e p\u00f3s-graduanda em mercado de capitais pela Fecap, atuou como rep\u00f3rter de economia e finan\u00e7as no portal CRC!News e Elas que Lucrem, al\u00e9m de social media para empresas do mercado financeiro.","url":"https:\/\/www.suno.com.br\/noticias\/author\/isabella-taglapietra\/"}]}},"default_loop_html":"<div class=\"cardsPage__listCard__boxs\"><div class=\"cardsPage__listCard__boxs__img\"><a href=\"https:\/\/www.suno.com.br\/noticias\/radar-banco-do-brasil-bbas3-itausa-itsa4-nubank-nubr33\/\"><img class=\"mask\" src=\"https:\/\/www.suno.com.br\/noticias\/wp-content\/themes\/suno\/resources\/images\/spotlight\/spotlight1img\/bg-mask.png\" alt=\"Image Mask\"\/><img src=\"https:\/\/files.sunoresearch.com.br\/n\/uploads\/2022\/05\/bb-seguridade-400x200.jpg\" alt=\"Radar: Banco do Brasil (BBAS3) pagar\u00e1 dividendos bilion\u00e1rios; Ita\u00fasa (ITSA4)\u00a0confirma pagamento de JCP e as previs\u00f5es para o 4T22 do Nubank (NUBR33)\"\/><\/a><span class=\"spotlightCategory\"><a href=\"https:\/\/www.suno.com.br\/noticias\/negocios\/\">Neg\u00f3cios<\/a><\/span><\/div><div class=\"cardsPage__listCard__boxs__content\"><a href=\"https:\/\/www.suno.com.br\/noticias\/radar-banco-do-brasil-bbas3-itausa-itsa4-nubank-nubr33\/\"><h2 class=\"content__title\">Radar: Banco do Brasil (BBAS3) pagar\u00e1 dividendos bilion\u00e1rios; Ita\u00fasa (ITSA4)\u00a0confirma pagamento de JCP e as previs\u00f5es para o 4T22 do Nubank (NUBR33)<\/h2><\/a><div class=\"newsContent__article__meta\"><div class=\"newsContent__article__meta__authorBox\"><a href=\"https:\/\/www.suno.com.br\/noticias\/author\/isabella-taglapietra\/\" class=\"authorBox__avatar noMobi\"><img src=\"https:\/\/files.sunoresearch.com.br\/n\/uploads\/2022\/08\/WhatsApp-Image-2022-08-04-at-12.40.27-150x150.jpeg\" alt=\"Isabella Taglapietra\"><\/a><div class=\"authorBox__name\"><span>por\n\t\t\t<a href=\"https:\/\/www.suno.com.br\/noticias\/author\/isabella-taglapietra\/\"><span itemprop=\"author\">Isabella Taglapietra<\/span><\/a><\/span><time datetime=\"2023-02-13T22:54:21-03:00\" itemprop=\"datePublished\">13\/02\/2023 22:54<\/time><\/div><\/div><\/div><\/div><\/div>","single_layout":"posts","amp_enabled":true,"_links":{"self":[{"href":"https:\/\/www.suno.com.br\/noticias\/wp-json\/wp\/v2\/posts\/363454"}],"collection":[{"href":"https:\/\/www.suno.com.br\/noticias\/wp-json\/wp\/v2\/posts"}],"about":[{"href":"https:\/\/www.suno.com.br\/noticias\/wp-json\/wp\/v2\/types\/post"}],"author":[{"embeddable":true,"href":"https:\/\/www.suno.com.br\/noticias\/wp-json\/wp\/v2\/users\/194"}],"replies":[{"embeddable":true,"href":"https:\/\/www.suno.com.br\/noticias\/wp-json\/wp\/v2\/comments?post=363454"}],"version-history":[{"count":2,"href":"https:\/\/www.suno.com.br\/noticias\/wp-json\/wp\/v2\/posts\/363454\/revisions"}],"predecessor-version":[{"id":363473,"href":"https:\/\/www.suno.com.br\/noticias\/wp-json\/wp\/v2\/posts\/363454\/revisions\/363473"}],"wp:featuredmedia":[{"embeddable":true,"href":"https:\/\/www.suno.com.br\/noticias\/wp-json\/wp\/v2\/media\/257503"}],"wp:attachment":[{"href":"https:\/\/www.suno.com.br\/noticias\/wp-json\/wp\/v2\/media?parent=363454"}],"wp:term":[{"taxonomy":"category","embeddable":true,"href":"https:\/\/www.suno.com.br\/noticias\/wp-json\/wp\/v2\/categories?post=363454"},{"taxonomy":"post_tag","embeddable":true,"href":"https:\/\/www.suno.com.br\/noticias\/wp-json\/wp\/v2\/tags?post=363454"},{"taxonomy":"suno_strategy","embeddable":true,"href":"https:\/\/www.suno.com.br\/noticias\/wp-json\/wp\/v2\/suno_strategy?post=363454"}],"curies":[{"name":"wp","href":"https:\/\/api.w.org\/{rel}","templated":true}]}}