{"id":36323,"date":"2019-09-03T17:40:23","date_gmt":"2019-09-03T20:40:23","guid":{"rendered":"https:\/\/www.suno.com.br\/noticias\/?p=36323"},"modified":"2019-09-03T17:40:23","modified_gmt":"2019-09-03T20:40:23","slug":"dolar-queda-reforma-tributaria-03092019","status":"publish","type":"post","link":"https:\/\/www.suno.com.br\/noticias\/dolar-queda-reforma-tributaria-03092019\/","title":{"rendered":"D\u00f3lar encerra em leve queda com reforma tribut\u00e1ria no radar do mercado"},"content":{"rendered":"<p>O d\u00f3lar encerrou nesta ter\u00e7a-feira (3) em leve <strong>queda<\/strong> de -0,086%. A moeda norte-americana fechou o preg\u00e3o cotada em R$ 4,1798 na venda.<\/p>\t<div class=\"wrapper-featured-image\">\n\t\t<figure class=\"spotlightImg\">\n\n\t\t\t<picture>\n\t\t\t\t<source media=\"(max-width: 768px)\" srcset=\"https:\/\/files.sunoresearch.com.br\/n\/uploads\/2019\/04\/f2aa5d4d-d\u00f3lar-400x200.webp\">\n\t\t\t\t<img loading=\"lazy\" decoding=\"async\" class=\"newsContent__article__imgCapa lazyloadDisabled newsContent__article__imgCapa--noCaption\" src=\"https:\/\/files.sunoresearch.com.br\/n\/uploads\/2019\/04\/f2aa5d4d-d\u00f3lar-jpg.webp\" width=\"800\" height=\"450\" alt=\"D\u00f3lar encerra em leve queda com reforma tribut\u00e1ria no radar do mercado\" fetchpriority=high \/>\n\t\t\t<\/picture>\n\n\t\t\t<figcaption class=\"wp-caption-text wp-caption-text--hide\">Na \u00faltima sess\u00e3o, sexta-feira (4), o d\u00f3lar encerrou em leve alta de 0,331%, a R$ 5,3081.<\/figcaption>\n\t\t<\/figure>\n\t<\/div>\n\n\n<p>A cota\u00e7\u00e3o m\u00e1xima do <strong>d\u00f3lar<\/strong> nesta ter\u00e7a-feira foi de R$ 4,1823, registrada por volta das 16h10. A m\u00ednima foi de R$ 4,1568, \u00e0s 11h49.<\/p>\n\n<p>Os investidores continuam acompanhando a <strong>reforma tribut\u00e1ria<\/strong> e a poss\u00edvel volta de um imposto nos moldes da <strong>CPMF<\/strong>. Al\u00e9m disso, a queda da produ\u00e7\u00e3o industrial tamb\u00e9m refletiu no c\u00e2mbio.<\/p>\n<p>No cen\u00e1rio externo, as oscila\u00e7\u00f5es da <strong>libra esterlina<\/strong> movimentaram os mercados do mundo inteiro.<\/p>\n<h2>Nova CPMF<\/h2>\n<p>A equipe econ\u00f4mica do governo federal est\u00e1 arquitetando novos planos para poder defender a substitui\u00e7\u00e3o da atual contribui\u00e7\u00e3o sobre folha de pagamentos por um novo imposto no estilo da <a href=\"https:\/\/www.suno.com.br\/artigos\/cpmf\/\">CPMF<\/a>.<\/p>\n<p><a href=\"https:\/\/www.suno.com.br\/noticias\/equipe-economica-criar-estrategia-ratificar-nova-cpmf\/\">Saiba mais: Equipe econ\u00f4mica tenta criar estrat\u00e9gia para ratificar nova CPMF<\/a><\/p>\n<p>A ideia \u00e9 mostrar que o modelo estudado pela equipe pode beneficiar a economia e tamb\u00e9m criar novos postos de trabalho.<\/p>\n<p>De acordo com o site &#8220;O Globo&#8221;, o novo tributo poderia ter menos influ\u00eancia sobre o faturamento das empresas. <span style=\"font-size: 1.21429rem;\">Com isso, o imposto deixaria de pesar 14,2% e passaria para 3,25%.<\/span><\/p>\n<h2>Queda da produ\u00e7\u00e3o industrial<\/h2>\n<p>A produ\u00e7\u00e3o industrial caiu 0,3% em compara\u00e7\u00e3o com o m\u00eas passado, segundo o Instituto Brasileiro de Geografia e Estat\u00edstica (IBGE). \u00c9 o terceiro m\u00eas de queda do \u00edndice.<\/p>\n<p><a href=\"https:\/\/www.suno.com.br\/noticias\/producao-industrial-cai-pior-julho-em-4-anos\/\">Saiba mais: Produ\u00e7\u00e3o industrial cai 0,3%, registrando o pior julho em 4 anos<\/a><\/p>\n<p>Em compara\u00e7\u00e3o com julho ano passado, o tombo foi ainda mais acentuado, de 2,5%. No acumulado de 2019, a queda \u00e9 de 1,7%.<\/p>\n<p>Com o resultado deste m\u00eas, o patamar da produ\u00e7\u00e3o das ind\u00fastrias no Brasil est\u00e1 em 18,3% abaixo do ponto mais alto do indicador, ocorrido em maio de 2011.<\/p>\n<h2>Queda da libra<\/h2>\n<p>Em meio a uma semana decisiva para o debate sobre o Brexit, a sa\u00edda do Reino Unido da Uni\u00e3o Europeia \u00e9 um dos motivos pelas oscila\u00e7\u00f5es da libra esterlina nos \u00faltimos anos.<\/p>\n<p><a href=\"https:\/\/www.suno.com.br\/noticias\/brexit-libra-cai-menor-patamar-2016\/\">Saiba mais: Brexit: libra cai ao menor patamar desde 2016<\/a><\/p>\n<p>De manh\u00e3, a libra atingiu a maior minima em 34 anos, em rela\u00e7\u00e3o ao d\u00f3lar. O primeiro-ministro do Reino Unido, Boris Johnson,\u00a0amea\u00e7ou expulsar membros do seu partido que n\u00e3o votarem a favor de suas propostas.<\/p>\n<p>Ap\u00f3s o governo perder a maioria no Parlamento com a mudan\u00e7a de partido do conservador Phillip Lee, que se transferiu ao Partido Liberal Democrata, a libra recuperou o que havia perdido, contudo, ainda fechou em queda de -0,012% nesta ter\u00e7a.<\/p>\n\t<p>\n\t\t<a href=\"https:\/\/www.suno.com.br\/wealth\/\" target=\"_blank\" data-element=\"shortcode-suno-banner\" title=\"Banner SUNO, clique e saiba mais\">\n\t\t\t<picture>\n\t\t\t\t<source media=\"(max-width: 500px)\" srcset=\"https:\/\/files.sunoresearch.com.br\/n\/uploads\/2024\/01\/400x300-Mobile-WEALTH.png\">\n\t\t\t\t<img class=\"newsContent__article__imgCapa newsContent__article__imgCapa--banner\"\n\t\t\t\t\tsrc=\"https:\/\/files.sunoresearch.com.br\/n\/uploads\/2024\/01\/1420x240-Banner-Artigos-1-_-Banner-Materias-1-6.png\"\n\t\t\t\t\tdata-promo-id=\"512147\"\t\t\t\t\t\t\t\t\t\twidth='1420' height='240'\t\t\t\t\talt=\"https:\/\/files.sunoresearch.com.br\/n\/uploads\/2024\/01\/1420x240-Banner-Artigos-1-_-Banner-Materias-1-6.png\"\n\t\t\t\t>\n\t\t\t<\/picture>\n\t\t<\/a>\n\t<\/p>\n\n\n<h2>\u00daltima cota\u00e7\u00e3o do d\u00f3lar<\/h2>\n<p>Na \u00faltima sess\u00e3o, na segunda-feira (2), o <a href=\"https:\/\/www.suno.com.br\/artigos\/dolar\/\"><strong>d\u00f3lar<\/strong><\/a> encerrou em alta de +0,997% com sua venda a R$ 4,1834.<\/p>\n","protected":false},"excerpt":{"rendered":"<p>O d\u00f3lar encerrou nesta ter\u00e7a-feira (3) em leve queda de -0,086%. A moeda norte-americana fechou o preg\u00e3o cotada em R$ 4,1798 na venda. Na \u00faltima sess\u00e3o, sexta-feira (4), o d\u00f3lar encerrou em leve alta de 0,331%, a R$ 5,3081. A cota\u00e7\u00e3o m\u00e1xima do d\u00f3lar nesta ter\u00e7a-feira foi de R$ 4,1823, registrada por volta das 16h10. [&hellip;]<\/p>\n","protected":false},"author":18,"featured_media":20035,"comment_status":"closed","ping_status":"closed","sticky":false,"template":"","format":"standard","meta":[],"categories":[60],"tags":[1618,326,989,820,1286],"suno_strategy":[],"class_list":["post-36323","post","type-post","status-publish","format-standard","has-post-thumbnail","hentry","category-mercado","tag-cpmf","tag-dolar","tag-libra","tag-producao-industrial","tag-reforma-tributaria"],"yoast_head":"<!-- This site is optimized with the Yoast SEO plugin v24.4 - https:\/\/yoast.com\/wordpress\/plugins\/seo\/ -->\n<title>D\u00f3lar encerra em leve queda com reforma tribut\u00e1ria no radar do mercado<\/title>\n<meta name=\"description\" content=\"O d\u00f3lar encerrou o preg\u00e3o desta ter\u00e7a-feira (3) em leve queda de -0,086%, cotada em R$ 4,1798 na venda. Clique para saber mais.\" \/>\n<meta name=\"robots\" content=\"index, follow, max-snippet:-1, max-image-preview:large, max-video-preview:-1\" \/>\n<link rel=\"canonical\" href=\"https:\/\/www.suno.com.br\/noticias\/dolar-queda-reforma-tributaria-03092019\/\" \/>\n<meta property=\"og:locale\" content=\"pt_BR\" \/>\n<meta property=\"og:type\" content=\"article\" \/>\n<meta property=\"og:title\" content=\"D\u00f3lar encerra em leve queda com reforma tribut\u00e1ria no radar do mercado\" \/>\n<meta property=\"og:description\" content=\"O d\u00f3lar encerrou o preg\u00e3o desta ter\u00e7a-feira (3) em leve queda de -0,086%, cotada em R$ 4,1798 na venda. Clique para saber mais.\" \/>\n<meta property=\"og:url\" content=\"https:\/\/www.suno.com.br\/noticias\/dolar-queda-reforma-tributaria-03092019\/\" \/>\n<meta property=\"og:site_name\" content=\"Suno Not\u00edcias\" \/>\n<meta property=\"article:publisher\" content=\"https:\/\/facebook.com\/sunoresearch\" \/>\n<meta property=\"og:image\" content=\"https:\/\/files.sunoresearch.com.br\/n\/uploads\/2019\/04\/f2aa5d4d-d\u00f3lar.jpg\" \/>\n\t<meta property=\"og:image:width\" content=\"615\" \/>\n\t<meta property=\"og:image:height\" content=\"410\" \/>\n\t<meta property=\"og:image:type\" content=\"image\/jpeg\" \/>\n<meta name=\"author\" content=\"Giovanna Oliveira\" \/>\n<meta name=\"twitter:card\" content=\"summary_large_image\" \/>\n<meta name=\"twitter:creator\" content=\"@sunoresearch\" \/>\n<meta name=\"twitter:site\" content=\"@sunoresearch\" \/>\n<meta name=\"twitter:label1\" content=\"Escrito por\" \/>\n\t<meta name=\"twitter:data1\" content=\"Giovanna Oliveira\" \/>\n\t<meta name=\"twitter:label2\" content=\"Est. tempo de leitura\" \/>\n\t<meta name=\"twitter:data2\" content=\"2 minutos\" \/>\n<script type=\"application\/ld+json\" class=\"yoast-schema-graph\">{\"@context\":\"https:\/\/schema.org\",\"@graph\":[{\"@type\":\"NewsArticle\",\"@id\":\"https:\/\/www.suno.com.br\/noticias\/dolar-queda-reforma-tributaria-03092019\/#article\",\"isPartOf\":{\"@id\":\"https:\/\/www.suno.com.br\/noticias\/dolar-queda-reforma-tributaria-03092019\/\"},\"author\":{\"name\":\"Giovanna Oliveira\",\"@id\":\"https:\/\/www.suno.com.br\/noticias\/#\/schema\/person\/4e19e3d2575736e5283d58eb3199d120\"},\"headline\":\"D\u00f3lar encerra em leve queda com reforma tribut\u00e1ria no radar do mercado\",\"datePublished\":\"2019-09-03T20:40:23+00:00\",\"mainEntityOfPage\":{\"@id\":\"https:\/\/www.suno.com.br\/noticias\/dolar-queda-reforma-tributaria-03092019\/\"},\"wordCount\":469,\"publisher\":{\"@id\":\"https:\/\/www.suno.com.br\/noticias\/#organization\"},\"image\":{\"@id\":\"https:\/\/www.suno.com.br\/noticias\/dolar-queda-reforma-tributaria-03092019\/#primaryimage\"},\"thumbnailUrl\":\"https:\/\/files.sunoresearch.com.br\/n\/uploads\/2019\/04\/f2aa5d4d-d\u00f3lar-jpg.webp\",\"keywords\":[\"CPMF\",\"d\u00f3lar\",\"Libra\",\"produ\u00e7\u00e3o industrial\",\"reforma tribut\u00e1ria\"],\"articleSection\":[\"Mercado\"],\"inLanguage\":\"pt-BR\"},{\"@type\":\"WebPage\",\"@id\":\"https:\/\/www.suno.com.br\/noticias\/dolar-queda-reforma-tributaria-03092019\/\",\"url\":\"https:\/\/www.suno.com.br\/noticias\/dolar-queda-reforma-tributaria-03092019\/\",\"name\":\"D\u00f3lar encerra em leve queda com reforma tribut\u00e1ria no radar do mercado\",\"isPartOf\":{\"@id\":\"https:\/\/www.suno.com.br\/noticias\/#website\"},\"primaryImageOfPage\":{\"@id\":\"https:\/\/www.suno.com.br\/noticias\/dolar-queda-reforma-tributaria-03092019\/#primaryimage\"},\"image\":{\"@id\":\"https:\/\/www.suno.com.br\/noticias\/dolar-queda-reforma-tributaria-03092019\/#primaryimage\"},\"thumbnailUrl\":\"https:\/\/files.sunoresearch.com.br\/n\/uploads\/2019\/04\/f2aa5d4d-d\u00f3lar-jpg.webp\",\"datePublished\":\"2019-09-03T20:40:23+00:00\",\"description\":\"O d\u00f3lar encerrou o preg\u00e3o desta ter\u00e7a-feira (3) em leve queda de -0,086%, cotada em R$ 4,1798 na venda. Clique para saber mais.\",\"breadcrumb\":{\"@id\":\"https:\/\/www.suno.com.br\/noticias\/dolar-queda-reforma-tributaria-03092019\/#breadcrumb\"},\"inLanguage\":\"pt-BR\",\"potentialAction\":[{\"@type\":\"ReadAction\",\"target\":[\"https:\/\/www.suno.com.br\/noticias\/dolar-queda-reforma-tributaria-03092019\/\"]}]},{\"@type\":\"ImageObject\",\"inLanguage\":\"pt-BR\",\"@id\":\"https:\/\/www.suno.com.br\/noticias\/dolar-queda-reforma-tributaria-03092019\/#primaryimage\",\"url\":\"https:\/\/files.sunoresearch.com.br\/n\/uploads\/2019\/04\/f2aa5d4d-d\u00f3lar-jpg.webp\",\"contentUrl\":\"https:\/\/files.sunoresearch.com.br\/n\/uploads\/2019\/04\/f2aa5d4d-d\u00f3lar-jpg.webp\",\"width\":615,\"height\":410,\"caption\":\"Na \u00faltima sess\u00e3o, sexta-feira (4), o d\u00f3lar encerrou em leve alta de 0,331%, a R$ 5,3081.\"},{\"@type\":\"BreadcrumbList\",\"@id\":\"https:\/\/www.suno.com.br\/noticias\/dolar-queda-reforma-tributaria-03092019\/#breadcrumb\",\"itemListElement\":[{\"@type\":\"ListItem\",\"position\":1,\"name\":\"Not\u00edcias\",\"item\":\"https:\/\/www.suno.com.br\/noticias\/\"},{\"@type\":\"ListItem\",\"position\":2,\"name\":\"Mercado\",\"item\":\"https:\/\/www.suno.com.br\/noticias\/mercado\/\"},{\"@type\":\"ListItem\",\"position\":3,\"name\":\"D\u00f3lar encerra em leve queda com reforma tribut\u00e1ria no radar do mercado\"}]},{\"@type\":\"WebSite\",\"@id\":\"https:\/\/www.suno.com.br\/noticias\/#website\",\"url\":\"https:\/\/www.suno.com.br\/noticias\/\",\"name\":\"Suno Not\u00edcias\",\"description\":\"Seu portal de informa\u00e7\u00e3o sobre o mundo dos investimentos\",\"publisher\":{\"@id\":\"https:\/\/www.suno.com.br\/noticias\/#organization\"},\"potentialAction\":[{\"@type\":\"SearchAction\",\"target\":{\"@type\":\"EntryPoint\",\"urlTemplate\":\"https:\/\/www.suno.com.br\/noticias\/?s={search_term_string}\"},\"query-input\":{\"@type\":\"PropertyValueSpecification\",\"valueRequired\":true,\"valueName\":\"search_term_string\"}}],\"inLanguage\":\"pt-BR\"},{\"@type\":\"Organization\",\"@id\":\"https:\/\/www.suno.com.br\/noticias\/#organization\",\"name\":\"Suno Not\u00edcias\",\"url\":\"https:\/\/www.suno.com.br\/noticias\/\",\"logo\":{\"@type\":\"ImageObject\",\"inLanguage\":\"pt-BR\",\"@id\":\"https:\/\/www.suno.com.br\/noticias\/#\/schema\/logo\/image\/\",\"url\":\"https:\/\/files.sunoresearch.com.br\/n\/uploads\/2021\/09\/suno-logo.png\",\"contentUrl\":\"https:\/\/files.sunoresearch.com.br\/n\/uploads\/2021\/09\/suno-logo.png\",\"width\":180,\"height\":180,\"caption\":\"Suno Not\u00edcias\"},\"image\":{\"@id\":\"https:\/\/www.suno.com.br\/noticias\/#\/schema\/logo\/image\/\"},\"sameAs\":[\"https:\/\/facebook.com\/sunoresearch\",\"https:\/\/x.com\/sunoresearch\",\"https:\/\/www.instagram.com\/suno\",\"https:\/\/www.linkedin.com\/company\/suno-research\/\",\"https:\/\/www.youtube.com\/c\/sunoresearch\"]},{\"@type\":\"Person\",\"@id\":\"https:\/\/www.suno.com.br\/noticias\/#\/schema\/person\/4e19e3d2575736e5283d58eb3199d120\",\"name\":\"Giovanna Oliveira\",\"image\":{\"@type\":\"ImageObject\",\"inLanguage\":\"pt-BR\",\"@id\":\"https:\/\/www.suno.com.br\/noticias\/#\/schema\/person\/image\/\",\"url\":\"https:\/\/secure.gravatar.com\/avatar\/9a37b3ae208962ac568992d0ffdbc2eb?s=96&r=g\",\"contentUrl\":\"https:\/\/secure.gravatar.com\/avatar\/9a37b3ae208962ac568992d0ffdbc2eb?s=96&r=g\",\"caption\":\"Giovanna Oliveira\"},\"description\":\"Giovanna Oliveira escreve sobre economia e pol\u00edtica. Foi rep\u00f3rter do portal de jornalismo da ESPM-SP e produziu conte\u00fado para a Corinthians TV. \u00c9 estudante da ESPM.\",\"url\":\"https:\/\/www.suno.com.br\/noticias\/author\/giovanna\/\"}]}<\/script>\n<!-- \/ Yoast SEO plugin. -->","yoast_head_json":{"title":"D\u00f3lar encerra em leve queda com reforma tribut\u00e1ria no radar do mercado","description":"O d\u00f3lar encerrou o preg\u00e3o desta ter\u00e7a-feira (3) em leve queda de -0,086%, cotada em R$ 4,1798 na venda. Clique para saber mais.","robots":{"index":"index","follow":"follow","max-snippet":"max-snippet:-1","max-image-preview":"max-image-preview:large","max-video-preview":"max-video-preview:-1"},"canonical":"https:\/\/www.suno.com.br\/noticias\/dolar-queda-reforma-tributaria-03092019\/","og_locale":"pt_BR","og_type":"article","og_title":"D\u00f3lar encerra em leve queda com reforma tribut\u00e1ria no radar do mercado","og_description":"O d\u00f3lar encerrou o preg\u00e3o desta ter\u00e7a-feira (3) em leve queda de -0,086%, cotada em R$ 4,1798 na venda. Clique para saber mais.","og_url":"https:\/\/www.suno.com.br\/noticias\/dolar-queda-reforma-tributaria-03092019\/","og_site_name":"Suno Not\u00edcias","article_publisher":"https:\/\/facebook.com\/sunoresearch","og_image":[{"width":615,"height":410,"url":"https:\/\/files.sunoresearch.com.br\/n\/uploads\/2019\/04\/f2aa5d4d-d\u00f3lar.jpg","type":"image\/jpeg"}],"author":"Giovanna Oliveira","twitter_card":"summary_large_image","twitter_creator":"@sunoresearch","twitter_site":"@sunoresearch","twitter_misc":{"Escrito por":"Giovanna Oliveira","Est. tempo de leitura":"2 minutos"},"schema":{"@context":"https:\/\/schema.org","@graph":[{"@type":"NewsArticle","@id":"https:\/\/www.suno.com.br\/noticias\/dolar-queda-reforma-tributaria-03092019\/#article","isPartOf":{"@id":"https:\/\/www.suno.com.br\/noticias\/dolar-queda-reforma-tributaria-03092019\/"},"author":{"name":"Giovanna Oliveira","@id":"https:\/\/www.suno.com.br\/noticias\/#\/schema\/person\/4e19e3d2575736e5283d58eb3199d120"},"headline":"D\u00f3lar encerra em leve queda com reforma tribut\u00e1ria no radar do mercado","datePublished":"2019-09-03T20:40:23+00:00","mainEntityOfPage":{"@id":"https:\/\/www.suno.com.br\/noticias\/dolar-queda-reforma-tributaria-03092019\/"},"wordCount":469,"publisher":{"@id":"https:\/\/www.suno.com.br\/noticias\/#organization"},"image":{"@id":"https:\/\/www.suno.com.br\/noticias\/dolar-queda-reforma-tributaria-03092019\/#primaryimage"},"thumbnailUrl":"https:\/\/files.sunoresearch.com.br\/n\/uploads\/2019\/04\/f2aa5d4d-d\u00f3lar-jpg.webp","keywords":["CPMF","d\u00f3lar","Libra","produ\u00e7\u00e3o industrial","reforma tribut\u00e1ria"],"articleSection":["Mercado"],"inLanguage":"pt-BR"},{"@type":"WebPage","@id":"https:\/\/www.suno.com.br\/noticias\/dolar-queda-reforma-tributaria-03092019\/","url":"https:\/\/www.suno.com.br\/noticias\/dolar-queda-reforma-tributaria-03092019\/","name":"D\u00f3lar encerra em leve queda com reforma tribut\u00e1ria no radar do mercado","isPartOf":{"@id":"https:\/\/www.suno.com.br\/noticias\/#website"},"primaryImageOfPage":{"@id":"https:\/\/www.suno.com.br\/noticias\/dolar-queda-reforma-tributaria-03092019\/#primaryimage"},"image":{"@id":"https:\/\/www.suno.com.br\/noticias\/dolar-queda-reforma-tributaria-03092019\/#primaryimage"},"thumbnailUrl":"https:\/\/files.sunoresearch.com.br\/n\/uploads\/2019\/04\/f2aa5d4d-d\u00f3lar-jpg.webp","datePublished":"2019-09-03T20:40:23+00:00","description":"O d\u00f3lar encerrou o preg\u00e3o desta ter\u00e7a-feira (3) em leve queda de -0,086%, cotada em R$ 4,1798 na venda. Clique para saber mais.","breadcrumb":{"@id":"https:\/\/www.suno.com.br\/noticias\/dolar-queda-reforma-tributaria-03092019\/#breadcrumb"},"inLanguage":"pt-BR","potentialAction":[{"@type":"ReadAction","target":["https:\/\/www.suno.com.br\/noticias\/dolar-queda-reforma-tributaria-03092019\/"]}]},{"@type":"ImageObject","inLanguage":"pt-BR","@id":"https:\/\/www.suno.com.br\/noticias\/dolar-queda-reforma-tributaria-03092019\/#primaryimage","url":"https:\/\/files.sunoresearch.com.br\/n\/uploads\/2019\/04\/f2aa5d4d-d\u00f3lar-jpg.webp","contentUrl":"https:\/\/files.sunoresearch.com.br\/n\/uploads\/2019\/04\/f2aa5d4d-d\u00f3lar-jpg.webp","width":615,"height":410,"caption":"Na \u00faltima sess\u00e3o, sexta-feira (4), o d\u00f3lar encerrou em leve alta de 0,331%, a R$ 5,3081."},{"@type":"BreadcrumbList","@id":"https:\/\/www.suno.com.br\/noticias\/dolar-queda-reforma-tributaria-03092019\/#breadcrumb","itemListElement":[{"@type":"ListItem","position":1,"name":"Not\u00edcias","item":"https:\/\/www.suno.com.br\/noticias\/"},{"@type":"ListItem","position":2,"name":"Mercado","item":"https:\/\/www.suno.com.br\/noticias\/mercado\/"},{"@type":"ListItem","position":3,"name":"D\u00f3lar encerra em leve queda com reforma tribut\u00e1ria no radar do mercado"}]},{"@type":"WebSite","@id":"https:\/\/www.suno.com.br\/noticias\/#website","url":"https:\/\/www.suno.com.br\/noticias\/","name":"Suno Not\u00edcias","description":"Seu portal de informa\u00e7\u00e3o sobre o mundo dos investimentos","publisher":{"@id":"https:\/\/www.suno.com.br\/noticias\/#organization"},"potentialAction":[{"@type":"SearchAction","target":{"@type":"EntryPoint","urlTemplate":"https:\/\/www.suno.com.br\/noticias\/?s={search_term_string}"},"query-input":{"@type":"PropertyValueSpecification","valueRequired":true,"valueName":"search_term_string"}}],"inLanguage":"pt-BR"},{"@type":"Organization","@id":"https:\/\/www.suno.com.br\/noticias\/#organization","name":"Suno Not\u00edcias","url":"https:\/\/www.suno.com.br\/noticias\/","logo":{"@type":"ImageObject","inLanguage":"pt-BR","@id":"https:\/\/www.suno.com.br\/noticias\/#\/schema\/logo\/image\/","url":"https:\/\/files.sunoresearch.com.br\/n\/uploads\/2021\/09\/suno-logo.png","contentUrl":"https:\/\/files.sunoresearch.com.br\/n\/uploads\/2021\/09\/suno-logo.png","width":180,"height":180,"caption":"Suno Not\u00edcias"},"image":{"@id":"https:\/\/www.suno.com.br\/noticias\/#\/schema\/logo\/image\/"},"sameAs":["https:\/\/facebook.com\/sunoresearch","https:\/\/x.com\/sunoresearch","https:\/\/www.instagram.com\/suno","https:\/\/www.linkedin.com\/company\/suno-research\/","https:\/\/www.youtube.com\/c\/sunoresearch"]},{"@type":"Person","@id":"https:\/\/www.suno.com.br\/noticias\/#\/schema\/person\/4e19e3d2575736e5283d58eb3199d120","name":"Giovanna Oliveira","image":{"@type":"ImageObject","inLanguage":"pt-BR","@id":"https:\/\/www.suno.com.br\/noticias\/#\/schema\/person\/image\/","url":"https:\/\/secure.gravatar.com\/avatar\/9a37b3ae208962ac568992d0ffdbc2eb?s=96&r=g","contentUrl":"https:\/\/secure.gravatar.com\/avatar\/9a37b3ae208962ac568992d0ffdbc2eb?s=96&r=g","caption":"Giovanna Oliveira"},"description":"Giovanna Oliveira escreve sobre economia e pol\u00edtica. Foi rep\u00f3rter do portal de jornalismo da ESPM-SP e produziu conte\u00fado para a Corinthians TV. \u00c9 estudante da ESPM.","url":"https:\/\/www.suno.com.br\/noticias\/author\/giovanna\/"}]}},"default_loop_html":"<div class=\"cardsPage__listCard__boxs\"><div class=\"cardsPage__listCard__boxs__img\"><a href=\"https:\/\/www.suno.com.br\/noticias\/dolar-queda-reforma-tributaria-03092019\/\"><img class=\"mask\" src=\"https:\/\/www.suno.com.br\/noticias\/wp-content\/themes\/suno\/resources\/images\/spotlight\/spotlight1img\/bg-mask.png\" alt=\"Image Mask\"\/><img src=\"https:\/\/files.sunoresearch.com.br\/n\/uploads\/2019\/04\/f2aa5d4d-d\u00f3lar-400x200.webp\" alt=\"D\u00f3lar encerra em leve queda com reforma tribut\u00e1ria no radar do mercado\"\/><\/a><span class=\"spotlightCategory\"><a href=\"https:\/\/www.suno.com.br\/noticias\/mercado\/\">Mercado<\/a><\/span><\/div><div class=\"cardsPage__listCard__boxs__content\"><a href=\"https:\/\/www.suno.com.br\/noticias\/dolar-queda-reforma-tributaria-03092019\/\"><h2 class=\"content__title\">D\u00f3lar encerra em leve queda com reforma tribut\u00e1ria no radar do mercado<\/h2><\/a><div class=\"newsContent__article__meta\"><div class=\"newsContent__article__meta__authorBox\"><a href=\"https:\/\/www.suno.com.br\/noticias\/author\/giovanna\/\" class=\"authorBox__avatar noMobi\"><img src=\"https:\/\/files.sunoresearch.com.br\/n\/uploads\/2019\/06\/952a89ca-screenshot_20190608-171507-150x150.webp\" alt=\"Giovanna Oliveira\"><\/a><div class=\"authorBox__name\"><span>por\n\t\t\t<a href=\"https:\/\/www.suno.com.br\/noticias\/author\/giovanna\/\"><span itemprop=\"author\">Giovanna Oliveira<\/span><\/a><\/span><time datetime=\"2019-09-03T17:40:23-03:00\" itemprop=\"datePublished\">03\/09\/2019 17:40<\/time><\/div><\/div><\/div><\/div><\/div>","single_layout":"posts","amp_enabled":true,"_links":{"self":[{"href":"https:\/\/www.suno.com.br\/noticias\/wp-json\/wp\/v2\/posts\/36323"}],"collection":[{"href":"https:\/\/www.suno.com.br\/noticias\/wp-json\/wp\/v2\/posts"}],"about":[{"href":"https:\/\/www.suno.com.br\/noticias\/wp-json\/wp\/v2\/types\/post"}],"author":[{"embeddable":true,"href":"https:\/\/www.suno.com.br\/noticias\/wp-json\/wp\/v2\/users\/18"}],"replies":[{"embeddable":true,"href":"https:\/\/www.suno.com.br\/noticias\/wp-json\/wp\/v2\/comments?post=36323"}],"version-history":[{"count":0,"href":"https:\/\/www.suno.com.br\/noticias\/wp-json\/wp\/v2\/posts\/36323\/revisions"}],"wp:featuredmedia":[{"embeddable":true,"href":"https:\/\/www.suno.com.br\/noticias\/wp-json\/wp\/v2\/media\/20035"}],"wp:attachment":[{"href":"https:\/\/www.suno.com.br\/noticias\/wp-json\/wp\/v2\/media?parent=36323"}],"wp:term":[{"taxonomy":"category","embeddable":true,"href":"https:\/\/www.suno.com.br\/noticias\/wp-json\/wp\/v2\/categories?post=36323"},{"taxonomy":"post_tag","embeddable":true,"href":"https:\/\/www.suno.com.br\/noticias\/wp-json\/wp\/v2\/tags?post=36323"},{"taxonomy":"suno_strategy","embeddable":true,"href":"https:\/\/www.suno.com.br\/noticias\/wp-json\/wp\/v2\/suno_strategy?post=36323"}],"curies":[{"name":"wp","href":"https:\/\/api.w.org\/{rel}","templated":true}]}}