{"id":36322,"date":"2019-09-03T18:02:54","date_gmt":"2019-09-03T21:02:54","guid":{"rendered":"https:\/\/www.suno.com.br\/noticias\/?p=36322"},"modified":"2019-09-03T18:02:54","modified_gmt":"2019-09-03T21:02:54","slug":"ibovespa-queda-094-volta-99-mil-pontos-03092019","status":"publish","type":"post","link":"https:\/\/www.suno.com.br\/noticias\/ibovespa-queda-094-volta-99-mil-pontos-03092019\/","title":{"rendered":"Ibovespa registra queda de -0,94% e volta aos 99 mil pontos"},"content":{"rendered":"<p>O Ibovespa fechou nesta ter\u00e7a-feira (03) em baixa. <a href=\"https:\/\/www.suno.com.br\/artigos\/b3\/\">O principal \u00edndice da Bolsa de Valores de S\u00e3o Paulo (B3)<\/a> teve queda de -0,94% a 99.680,828 pontos.<\/p>\t<div class=\"wrapper-featured-image\">\n\t\t<figure class=\"spotlightImg\">\n\n\t\t\t<picture>\n\t\t\t\t<source media=\"(max-width: 768px)\" srcset=\"https:\/\/files.sunoresearch.com.br\/n\/uploads\/2019\/01\/202c40f8-bolsa-valores-na-china2-400x200.webp\">\n\t\t\t\t<img loading=\"lazy\" decoding=\"async\" class=\"newsContent__article__imgCapa lazyloadDisabled newsContent__article__imgCapa--noCaption\" src=\"https:\/\/files.sunoresearch.com.br\/n\/uploads\/2019\/01\/202c40f8-bolsa-valores-na-china2-800x450.webp\" width=\"800\" height=\"450\" alt=\"Ibovespa registra queda de -0,94% e volta aos 99 mil pontos\" fetchpriority=high \/>\n\t\t\t<\/picture>\n\n\t\t\t<figcaption class=\"wp-caption-text wp-caption-text--hide\">Investimentos na \u00c1sia podem ser op\u00e7\u00e3o de diversifica\u00e7\u00e3o na pandemia<\/figcaption>\n\t\t<\/figure>\n\t<\/div>\n\n\n\n<p>O <strong>Ibovespa<\/strong> teve baixa devido, principalmente, \u00e0 divulga\u00e7\u00e3o de dados do <strong>Instituto Brasileiro de Geografia e Estat\u00edstica (IBGE)<\/strong> que mostram que a produ\u00e7\u00e3o industrial caiu 0,3% em julho, o pior resultado do m\u00eas em 4 anos.<\/p>\n<p>Al\u00e9m disso contribu\u00edram para a queda: O an\u00fancio da <strong>Caixa Econ\u00f4mica Federal<\/strong> em rela\u00e7\u00e3o ao banco pretender realizar a oferta inicial de a\u00e7\u00f5es <strong>(<a href=\"https:\/\/www.suno.com.br\/artigos\/ipo\/\">IPO<\/a>)<\/strong> e que a equipe econ\u00f4mica do governo est\u00e1 tentando criar novas estrat\u00e9gias para ratificar a nova <strong><a href=\"https:\/\/www.suno.com.br\/artigos\/cpmf\/\">CPMF<\/a>.<\/strong><\/p>\n<h2>Produ\u00e7\u00e3o industrial registrou o pior julho em 4 anos<\/h2>\n<p>A produ\u00e7\u00e3o industrial caiu 0,3% em compara\u00e7\u00e3o com o m\u00eas passado, segundo o <strong>Instituto Brasileiro de Geografia e Estat\u00edstica (IBGE).<\/strong> Esta \u00e9 a terceira queda mensal seguida.<\/p>\n<p><a href=\"https:\/\/www.suno.com.br\/noticias\/producao-industrial-cai-pior-julho-em-4-anos\/\">Saiba mais: Produ\u00e7\u00e3o industrial cai 0,3%, registrando o pior julho em 4 anos<\/a><\/p>\n<p>Em compara\u00e7\u00e3o com julho ano passado, o tombo foi ainda mais acentuado, de 2,5%. No acumulado de 2019, a queda \u00e9 de 1,7%. Com o resultado deste m\u00eas, o patamar da produ\u00e7\u00e3o industrial no <strong>Brasil<\/strong> est\u00e1 em 18,3% abaixo do ponto mais alto do indicador, ocorrido em maio de 2011.<\/p>\n<h2>Caixa pretende fazer IPO<\/h2>\n<p>A <strong>Caixa Econ\u00f4mica Federal<\/strong> pretende realizar a oferta inicial de a\u00e7\u00f5es (IPO) da Caixa Seguridade, subsidi\u00e1ria da estatal, ainda neste ano. A informa\u00e7\u00e3o foi divulgada nesta ter\u00e7a-feira (3) pelo presidente do banco, <strong>Pedro Guimar\u00e3es.<\/strong><\/p>\n<p><a href=\"https:\/\/www.suno.com.br\/noticias\/caixa-pretende-ipo-seguros-cartoes\/\">Saiba mais: Caixa pretende fazer IPO das \u00e1reas de seguros e cart\u00f5es<\/a><\/p>\n<p>Al\u00e9m da abertura de capital da seguradora, a Caixa tamb\u00e9m espera fazer a venda de ativos da empresa de cart\u00f5es. No entanto, segundo Guimar\u00e3es, o processo para a \u00e1rea de cart\u00f5es \u00e9 mais complexo pois a empresa faz parte da <strong>Caixa Participa\u00e7\u00f5es,<\/strong> holding do banco.<\/p>\n<p>&#8220;A Caixa Seguridade tem mais chances de sair esse ano. Mas n\u00e3o h\u00e1 pressa. Estamos seguindo todos os passos do regulador&#8221;, afirmou o presidente do banco estatal.<\/p>\n<h2>Nova CPMF<\/h2>\n<p>A <strong>equipe econ\u00f4mica<\/strong> est\u00e1 arquitetando novos planos para poder defender a substitui\u00e7\u00e3o da atual contribui\u00e7\u00e3o sobre folha de pagamentos por um novo imposto no estilo da <strong>CPMF.<\/strong> A ideia \u00e9 mostrar que o modelo estudado pela equipe pode beneficiar a economia e tamb\u00e9m criar novos postos de trabalho.<\/p>\n<p><a href=\"https:\/\/www.suno.com.br\/noticias\/equipe-economica-criar-estrategia-ratificar-nova-cpmf\/\">Saiba mais: Equipe econ\u00f4mica tenta criar estrat\u00e9gia para ratificar nova CPMF<\/a><\/p>\n<p>De acordo com o site &#8220;O Globo&#8221;, o novo tributo nos moldes da <strong>CPMF<\/strong> poderia ter menos influ\u00eancia sobre o faturamento das empresas. Dessa forma, o imposto deixaria de pesar 14,2% e passaria para 3,25%.<\/p>\n<h2>\u00daltima cota\u00e7\u00e3o do Ibovespa<\/h2>\n<p>Na \u00faltima sess\u00e3o, na segunda-feira (2), o <a href=\"https:\/\/www.youtube.com\/watch?v=xla7ZbzQkvU\"><strong>Ibovespa<\/strong><\/a> em queda de -0,5% a 100.625,74 pontos.<\/p>\n","protected":false},"excerpt":{"rendered":"<p>O Ibovespa fechou nesta ter\u00e7a-feira (03) em baixa. O principal \u00edndice da Bolsa de Valores de S\u00e3o Paulo (B3) teve queda de -0,94% a 99.680,828 pontos. Investimentos na \u00c1sia podem ser op\u00e7\u00e3o de diversifica\u00e7\u00e3o na pandemia O Ibovespa teve baixa devido, principalmente, \u00e0 divulga\u00e7\u00e3o de dados do Instituto Brasileiro de Geografia e Estat\u00edstica (IBGE) que [&hellip;]<\/p>\n","protected":false},"author":23,"featured_media":10084,"comment_status":"closed","ping_status":"closed","sticky":false,"template":"","format":"standard","meta":[],"categories":[60],"tags":[367,1199,1618,721,820],"suno_strategy":[],"class_list":["post-36322","post","type-post","status-publish","format-standard","has-post-thumbnail","hentry","category-mercado","tag-b3-b3sa3","tag-caixa-economica-federal-cef","tag-cpmf","tag-ibovespa","tag-producao-industrial"],"yoast_head":"<!-- This site is optimized with the Yoast SEO plugin v24.4 - https:\/\/yoast.com\/wordpress\/plugins\/seo\/ -->\n<title>Ibovespa registra queda de -0,94% e volta aos 99 mil pontos<\/title>\n<meta name=\"description\" content=\"O Ibovespa fechou em baixa. O principal \u00edndice da Bolsa de Valores de S\u00e3o Paulo (B3) caiu -0,94% a 99.680,828 pontos. Clique para mais.\" \/>\n<meta name=\"robots\" content=\"index, follow, max-snippet:-1, max-image-preview:large, max-video-preview:-1\" \/>\n<link rel=\"canonical\" href=\"https:\/\/www.suno.com.br\/noticias\/ibovespa-queda-094-volta-99-mil-pontos-03092019\/\" \/>\n<meta property=\"og:locale\" content=\"pt_BR\" \/>\n<meta property=\"og:type\" content=\"article\" \/>\n<meta property=\"og:title\" content=\"Ibovespa registra queda de -0,94% e volta aos 99 mil pontos\" \/>\n<meta property=\"og:description\" content=\"O Ibovespa fechou em baixa. O principal \u00edndice da Bolsa de Valores de S\u00e3o Paulo (B3) caiu -0,94% a 99.680,828 pontos. Clique para mais.\" \/>\n<meta property=\"og:url\" content=\"https:\/\/www.suno.com.br\/noticias\/ibovespa-queda-094-volta-99-mil-pontos-03092019\/\" \/>\n<meta property=\"og:site_name\" content=\"Suno Not\u00edcias\" \/>\n<meta property=\"article:publisher\" content=\"https:\/\/facebook.com\/sunoresearch\" \/>\n<meta property=\"og:image\" content=\"https:\/\/files.sunoresearch.com.br\/n\/uploads\/2019\/01\/202c40f8-bolsa-valores-na-china2.jpg\" \/>\n\t<meta property=\"og:image:width\" content=\"800\" \/>\n\t<meta property=\"og:image:height\" content=\"533\" \/>\n\t<meta property=\"og:image:type\" content=\"image\/jpeg\" \/>\n<meta name=\"author\" content=\"Rafael Lara\" \/>\n<meta name=\"twitter:card\" content=\"summary_large_image\" \/>\n<meta name=\"twitter:creator\" content=\"@sunoresearch\" \/>\n<meta name=\"twitter:site\" content=\"@sunoresearch\" \/>\n<meta name=\"twitter:label1\" content=\"Escrito por\" \/>\n\t<meta name=\"twitter:data1\" content=\"Rafael Lara\" \/>\n\t<meta name=\"twitter:label2\" content=\"Est. tempo de leitura\" \/>\n\t<meta name=\"twitter:data2\" content=\"2 minutos\" \/>\n<script type=\"application\/ld+json\" class=\"yoast-schema-graph\">{\"@context\":\"https:\/\/schema.org\",\"@graph\":[{\"@type\":\"NewsArticle\",\"@id\":\"https:\/\/www.suno.com.br\/noticias\/ibovespa-queda-094-volta-99-mil-pontos-03092019\/#article\",\"isPartOf\":{\"@id\":\"https:\/\/www.suno.com.br\/noticias\/ibovespa-queda-094-volta-99-mil-pontos-03092019\/\"},\"author\":{\"name\":\"Rafael Lara\",\"@id\":\"https:\/\/www.suno.com.br\/noticias\/#\/schema\/person\/098743caeed97b37f51315c9576c4078\"},\"headline\":\"Ibovespa registra queda de -0,94% e volta aos 99 mil pontos\",\"datePublished\":\"2019-09-03T21:02:54+00:00\",\"mainEntityOfPage\":{\"@id\":\"https:\/\/www.suno.com.br\/noticias\/ibovespa-queda-094-volta-99-mil-pontos-03092019\/\"},\"wordCount\":474,\"publisher\":{\"@id\":\"https:\/\/www.suno.com.br\/noticias\/#organization\"},\"image\":{\"@id\":\"https:\/\/www.suno.com.br\/noticias\/ibovespa-queda-094-volta-99-mil-pontos-03092019\/#primaryimage\"},\"thumbnailUrl\":\"https:\/\/files.sunoresearch.com.br\/n\/uploads\/2019\/01\/202c40f8-bolsa-valores-na-china2-jpg.webp\",\"keywords\":[\"B3 (B3SA3)\",\"Caixa Econ\u00f4mica Federal (CEF)\",\"CPMF\",\"Ibovespa\",\"produ\u00e7\u00e3o industrial\"],\"articleSection\":[\"Mercado\"],\"inLanguage\":\"pt-BR\"},{\"@type\":\"WebPage\",\"@id\":\"https:\/\/www.suno.com.br\/noticias\/ibovespa-queda-094-volta-99-mil-pontos-03092019\/\",\"url\":\"https:\/\/www.suno.com.br\/noticias\/ibovespa-queda-094-volta-99-mil-pontos-03092019\/\",\"name\":\"Ibovespa registra queda de -0,94% e volta aos 99 mil pontos\",\"isPartOf\":{\"@id\":\"https:\/\/www.suno.com.br\/noticias\/#website\"},\"primaryImageOfPage\":{\"@id\":\"https:\/\/www.suno.com.br\/noticias\/ibovespa-queda-094-volta-99-mil-pontos-03092019\/#primaryimage\"},\"image\":{\"@id\":\"https:\/\/www.suno.com.br\/noticias\/ibovespa-queda-094-volta-99-mil-pontos-03092019\/#primaryimage\"},\"thumbnailUrl\":\"https:\/\/files.sunoresearch.com.br\/n\/uploads\/2019\/01\/202c40f8-bolsa-valores-na-china2-jpg.webp\",\"datePublished\":\"2019-09-03T21:02:54+00:00\",\"description\":\"O Ibovespa fechou em baixa. O principal \u00edndice da Bolsa de Valores de S\u00e3o Paulo (B3) caiu -0,94% a 99.680,828 pontos. Clique para mais.\",\"breadcrumb\":{\"@id\":\"https:\/\/www.suno.com.br\/noticias\/ibovespa-queda-094-volta-99-mil-pontos-03092019\/#breadcrumb\"},\"inLanguage\":\"pt-BR\",\"potentialAction\":[{\"@type\":\"ReadAction\",\"target\":[\"https:\/\/www.suno.com.br\/noticias\/ibovespa-queda-094-volta-99-mil-pontos-03092019\/\"]}]},{\"@type\":\"ImageObject\",\"inLanguage\":\"pt-BR\",\"@id\":\"https:\/\/www.suno.com.br\/noticias\/ibovespa-queda-094-volta-99-mil-pontos-03092019\/#primaryimage\",\"url\":\"https:\/\/files.sunoresearch.com.br\/n\/uploads\/2019\/01\/202c40f8-bolsa-valores-na-china2-jpg.webp\",\"contentUrl\":\"https:\/\/files.sunoresearch.com.br\/n\/uploads\/2019\/01\/202c40f8-bolsa-valores-na-china2-jpg.webp\",\"width\":800,\"height\":533,\"caption\":\"Investimentos na \u00c1sia podem ser op\u00e7\u00e3o de diversifica\u00e7\u00e3o na pandemia\"},{\"@type\":\"BreadcrumbList\",\"@id\":\"https:\/\/www.suno.com.br\/noticias\/ibovespa-queda-094-volta-99-mil-pontos-03092019\/#breadcrumb\",\"itemListElement\":[{\"@type\":\"ListItem\",\"position\":1,\"name\":\"Not\u00edcias\",\"item\":\"https:\/\/www.suno.com.br\/noticias\/\"},{\"@type\":\"ListItem\",\"position\":2,\"name\":\"Mercado\",\"item\":\"https:\/\/www.suno.com.br\/noticias\/mercado\/\"},{\"@type\":\"ListItem\",\"position\":3,\"name\":\"Ibovespa registra queda de -0,94% e volta aos 99 mil pontos\"}]},{\"@type\":\"WebSite\",\"@id\":\"https:\/\/www.suno.com.br\/noticias\/#website\",\"url\":\"https:\/\/www.suno.com.br\/noticias\/\",\"name\":\"Suno Not\u00edcias\",\"description\":\"Seu portal de informa\u00e7\u00e3o sobre o mundo dos investimentos\",\"publisher\":{\"@id\":\"https:\/\/www.suno.com.br\/noticias\/#organization\"},\"potentialAction\":[{\"@type\":\"SearchAction\",\"target\":{\"@type\":\"EntryPoint\",\"urlTemplate\":\"https:\/\/www.suno.com.br\/noticias\/?s={search_term_string}\"},\"query-input\":{\"@type\":\"PropertyValueSpecification\",\"valueRequired\":true,\"valueName\":\"search_term_string\"}}],\"inLanguage\":\"pt-BR\"},{\"@type\":\"Organization\",\"@id\":\"https:\/\/www.suno.com.br\/noticias\/#organization\",\"name\":\"Suno Not\u00edcias\",\"url\":\"https:\/\/www.suno.com.br\/noticias\/\",\"logo\":{\"@type\":\"ImageObject\",\"inLanguage\":\"pt-BR\",\"@id\":\"https:\/\/www.suno.com.br\/noticias\/#\/schema\/logo\/image\/\",\"url\":\"https:\/\/files.sunoresearch.com.br\/n\/uploads\/2021\/09\/suno-logo.png\",\"contentUrl\":\"https:\/\/files.sunoresearch.com.br\/n\/uploads\/2021\/09\/suno-logo.png\",\"width\":180,\"height\":180,\"caption\":\"Suno Not\u00edcias\"},\"image\":{\"@id\":\"https:\/\/www.suno.com.br\/noticias\/#\/schema\/logo\/image\/\"},\"sameAs\":[\"https:\/\/facebook.com\/sunoresearch\",\"https:\/\/x.com\/sunoresearch\",\"https:\/\/www.instagram.com\/suno\",\"https:\/\/www.linkedin.com\/company\/suno-research\/\",\"https:\/\/www.youtube.com\/c\/sunoresearch\"]},{\"@type\":\"Person\",\"@id\":\"https:\/\/www.suno.com.br\/noticias\/#\/schema\/person\/098743caeed97b37f51315c9576c4078\",\"name\":\"Rafael Lara\",\"image\":{\"@type\":\"ImageObject\",\"inLanguage\":\"pt-BR\",\"@id\":\"https:\/\/www.suno.com.br\/noticias\/#\/schema\/person\/image\/\",\"url\":\"https:\/\/secure.gravatar.com\/avatar\/dfc254ab9bb2ea1895d98b9e9dae4bdd?s=96&r=g\",\"contentUrl\":\"https:\/\/secure.gravatar.com\/avatar\/dfc254ab9bb2ea1895d98b9e9dae4bdd?s=96&r=g\",\"caption\":\"Rafael Lara\"},\"description\":\"Rafael Lara cursa jornalismo na Faculdade C\u00e1sper L\u00edbero. Escreve sobre pol\u00edtica, economia e neg\u00f3cios para o portal Suno Not\u00edcias. Antes, colaborou na TV Gazeta na produ\u00e7\u00e3o do programa Edi\u00e7\u00e3o Extra.\",\"url\":\"https:\/\/www.suno.com.br\/noticias\/author\/rafael\/\"}]}<\/script>\n<!-- \/ Yoast SEO plugin. -->","yoast_head_json":{"title":"Ibovespa registra queda de -0,94% e volta aos 99 mil pontos","description":"O Ibovespa fechou em baixa. O principal \u00edndice da Bolsa de Valores de S\u00e3o Paulo (B3) caiu -0,94% a 99.680,828 pontos. Clique para mais.","robots":{"index":"index","follow":"follow","max-snippet":"max-snippet:-1","max-image-preview":"max-image-preview:large","max-video-preview":"max-video-preview:-1"},"canonical":"https:\/\/www.suno.com.br\/noticias\/ibovespa-queda-094-volta-99-mil-pontos-03092019\/","og_locale":"pt_BR","og_type":"article","og_title":"Ibovespa registra queda de -0,94% e volta aos 99 mil pontos","og_description":"O Ibovespa fechou em baixa. O principal \u00edndice da Bolsa de Valores de S\u00e3o Paulo (B3) caiu -0,94% a 99.680,828 pontos. Clique para mais.","og_url":"https:\/\/www.suno.com.br\/noticias\/ibovespa-queda-094-volta-99-mil-pontos-03092019\/","og_site_name":"Suno Not\u00edcias","article_publisher":"https:\/\/facebook.com\/sunoresearch","og_image":[{"width":800,"height":533,"url":"https:\/\/files.sunoresearch.com.br\/n\/uploads\/2019\/01\/202c40f8-bolsa-valores-na-china2.jpg","type":"image\/jpeg"}],"author":"Rafael Lara","twitter_card":"summary_large_image","twitter_creator":"@sunoresearch","twitter_site":"@sunoresearch","twitter_misc":{"Escrito por":"Rafael Lara","Est. tempo de leitura":"2 minutos"},"schema":{"@context":"https:\/\/schema.org","@graph":[{"@type":"NewsArticle","@id":"https:\/\/www.suno.com.br\/noticias\/ibovespa-queda-094-volta-99-mil-pontos-03092019\/#article","isPartOf":{"@id":"https:\/\/www.suno.com.br\/noticias\/ibovespa-queda-094-volta-99-mil-pontos-03092019\/"},"author":{"name":"Rafael Lara","@id":"https:\/\/www.suno.com.br\/noticias\/#\/schema\/person\/098743caeed97b37f51315c9576c4078"},"headline":"Ibovespa registra queda de -0,94% e volta aos 99 mil pontos","datePublished":"2019-09-03T21:02:54+00:00","mainEntityOfPage":{"@id":"https:\/\/www.suno.com.br\/noticias\/ibovespa-queda-094-volta-99-mil-pontos-03092019\/"},"wordCount":474,"publisher":{"@id":"https:\/\/www.suno.com.br\/noticias\/#organization"},"image":{"@id":"https:\/\/www.suno.com.br\/noticias\/ibovespa-queda-094-volta-99-mil-pontos-03092019\/#primaryimage"},"thumbnailUrl":"https:\/\/files.sunoresearch.com.br\/n\/uploads\/2019\/01\/202c40f8-bolsa-valores-na-china2-jpg.webp","keywords":["B3 (B3SA3)","Caixa Econ\u00f4mica Federal (CEF)","CPMF","Ibovespa","produ\u00e7\u00e3o industrial"],"articleSection":["Mercado"],"inLanguage":"pt-BR"},{"@type":"WebPage","@id":"https:\/\/www.suno.com.br\/noticias\/ibovespa-queda-094-volta-99-mil-pontos-03092019\/","url":"https:\/\/www.suno.com.br\/noticias\/ibovespa-queda-094-volta-99-mil-pontos-03092019\/","name":"Ibovespa registra queda de -0,94% e volta aos 99 mil pontos","isPartOf":{"@id":"https:\/\/www.suno.com.br\/noticias\/#website"},"primaryImageOfPage":{"@id":"https:\/\/www.suno.com.br\/noticias\/ibovespa-queda-094-volta-99-mil-pontos-03092019\/#primaryimage"},"image":{"@id":"https:\/\/www.suno.com.br\/noticias\/ibovespa-queda-094-volta-99-mil-pontos-03092019\/#primaryimage"},"thumbnailUrl":"https:\/\/files.sunoresearch.com.br\/n\/uploads\/2019\/01\/202c40f8-bolsa-valores-na-china2-jpg.webp","datePublished":"2019-09-03T21:02:54+00:00","description":"O Ibovespa fechou em baixa. O principal \u00edndice da Bolsa de Valores de S\u00e3o Paulo (B3) caiu -0,94% a 99.680,828 pontos. Clique para mais.","breadcrumb":{"@id":"https:\/\/www.suno.com.br\/noticias\/ibovespa-queda-094-volta-99-mil-pontos-03092019\/#breadcrumb"},"inLanguage":"pt-BR","potentialAction":[{"@type":"ReadAction","target":["https:\/\/www.suno.com.br\/noticias\/ibovespa-queda-094-volta-99-mil-pontos-03092019\/"]}]},{"@type":"ImageObject","inLanguage":"pt-BR","@id":"https:\/\/www.suno.com.br\/noticias\/ibovespa-queda-094-volta-99-mil-pontos-03092019\/#primaryimage","url":"https:\/\/files.sunoresearch.com.br\/n\/uploads\/2019\/01\/202c40f8-bolsa-valores-na-china2-jpg.webp","contentUrl":"https:\/\/files.sunoresearch.com.br\/n\/uploads\/2019\/01\/202c40f8-bolsa-valores-na-china2-jpg.webp","width":800,"height":533,"caption":"Investimentos na \u00c1sia podem ser op\u00e7\u00e3o de diversifica\u00e7\u00e3o na pandemia"},{"@type":"BreadcrumbList","@id":"https:\/\/www.suno.com.br\/noticias\/ibovespa-queda-094-volta-99-mil-pontos-03092019\/#breadcrumb","itemListElement":[{"@type":"ListItem","position":1,"name":"Not\u00edcias","item":"https:\/\/www.suno.com.br\/noticias\/"},{"@type":"ListItem","position":2,"name":"Mercado","item":"https:\/\/www.suno.com.br\/noticias\/mercado\/"},{"@type":"ListItem","position":3,"name":"Ibovespa registra queda de -0,94% e volta aos 99 mil pontos"}]},{"@type":"WebSite","@id":"https:\/\/www.suno.com.br\/noticias\/#website","url":"https:\/\/www.suno.com.br\/noticias\/","name":"Suno Not\u00edcias","description":"Seu portal de informa\u00e7\u00e3o sobre o mundo dos investimentos","publisher":{"@id":"https:\/\/www.suno.com.br\/noticias\/#organization"},"potentialAction":[{"@type":"SearchAction","target":{"@type":"EntryPoint","urlTemplate":"https:\/\/www.suno.com.br\/noticias\/?s={search_term_string}"},"query-input":{"@type":"PropertyValueSpecification","valueRequired":true,"valueName":"search_term_string"}}],"inLanguage":"pt-BR"},{"@type":"Organization","@id":"https:\/\/www.suno.com.br\/noticias\/#organization","name":"Suno Not\u00edcias","url":"https:\/\/www.suno.com.br\/noticias\/","logo":{"@type":"ImageObject","inLanguage":"pt-BR","@id":"https:\/\/www.suno.com.br\/noticias\/#\/schema\/logo\/image\/","url":"https:\/\/files.sunoresearch.com.br\/n\/uploads\/2021\/09\/suno-logo.png","contentUrl":"https:\/\/files.sunoresearch.com.br\/n\/uploads\/2021\/09\/suno-logo.png","width":180,"height":180,"caption":"Suno Not\u00edcias"},"image":{"@id":"https:\/\/www.suno.com.br\/noticias\/#\/schema\/logo\/image\/"},"sameAs":["https:\/\/facebook.com\/sunoresearch","https:\/\/x.com\/sunoresearch","https:\/\/www.instagram.com\/suno","https:\/\/www.linkedin.com\/company\/suno-research\/","https:\/\/www.youtube.com\/c\/sunoresearch"]},{"@type":"Person","@id":"https:\/\/www.suno.com.br\/noticias\/#\/schema\/person\/098743caeed97b37f51315c9576c4078","name":"Rafael Lara","image":{"@type":"ImageObject","inLanguage":"pt-BR","@id":"https:\/\/www.suno.com.br\/noticias\/#\/schema\/person\/image\/","url":"https:\/\/secure.gravatar.com\/avatar\/dfc254ab9bb2ea1895d98b9e9dae4bdd?s=96&r=g","contentUrl":"https:\/\/secure.gravatar.com\/avatar\/dfc254ab9bb2ea1895d98b9e9dae4bdd?s=96&r=g","caption":"Rafael Lara"},"description":"Rafael Lara cursa jornalismo na Faculdade C\u00e1sper L\u00edbero. Escreve sobre pol\u00edtica, economia e neg\u00f3cios para o portal Suno Not\u00edcias. Antes, colaborou na TV Gazeta na produ\u00e7\u00e3o do programa Edi\u00e7\u00e3o Extra.","url":"https:\/\/www.suno.com.br\/noticias\/author\/rafael\/"}]}},"default_loop_html":"<div class=\"cardsPage__listCard__boxs\"><div class=\"cardsPage__listCard__boxs__img\"><a href=\"https:\/\/www.suno.com.br\/noticias\/ibovespa-queda-094-volta-99-mil-pontos-03092019\/\"><img class=\"mask\" src=\"https:\/\/www.suno.com.br\/noticias\/wp-content\/themes\/suno\/resources\/images\/spotlight\/spotlight1img\/bg-mask.png\" alt=\"Image Mask\"\/><img src=\"https:\/\/files.sunoresearch.com.br\/n\/uploads\/2019\/01\/202c40f8-bolsa-valores-na-china2-400x200.webp\" alt=\"Ibovespa registra queda de -0,94% e volta aos 99 mil pontos\"\/><\/a><span class=\"spotlightCategory\"><a href=\"https:\/\/www.suno.com.br\/noticias\/mercado\/\">Mercado<\/a><\/span><\/div><div class=\"cardsPage__listCard__boxs__content\"><a href=\"https:\/\/www.suno.com.br\/noticias\/ibovespa-queda-094-volta-99-mil-pontos-03092019\/\"><h2 class=\"content__title\">Ibovespa registra queda de -0,94% e volta aos 99 mil pontos<\/h2><\/a><div class=\"newsContent__article__meta\"><div class=\"newsContent__article__meta__authorBox\"><a href=\"https:\/\/www.suno.com.br\/noticias\/author\/rafael\/\" class=\"authorBox__avatar noMobi\"><img src=\"https:\/\/secure.gravatar.com\/avatar\/dfc254ab9bb2ea1895d98b9e9dae4bdd?s=96&#038;r=g\" alt=\"Rafael Lara\"><\/a><div class=\"authorBox__name\"><span>por\n\t\t\t<a href=\"https:\/\/www.suno.com.br\/noticias\/author\/rafael\/\"><span itemprop=\"author\">Rafael Lara<\/span><\/a><\/span><time datetime=\"2019-09-03T18:02:54-03:00\" itemprop=\"datePublished\">03\/09\/2019 18:02<\/time><\/div><\/div><\/div><\/div><\/div>","single_layout":"posts","amp_enabled":true,"_links":{"self":[{"href":"https:\/\/www.suno.com.br\/noticias\/wp-json\/wp\/v2\/posts\/36322"}],"collection":[{"href":"https:\/\/www.suno.com.br\/noticias\/wp-json\/wp\/v2\/posts"}],"about":[{"href":"https:\/\/www.suno.com.br\/noticias\/wp-json\/wp\/v2\/types\/post"}],"author":[{"embeddable":true,"href":"https:\/\/www.suno.com.br\/noticias\/wp-json\/wp\/v2\/users\/23"}],"replies":[{"embeddable":true,"href":"https:\/\/www.suno.com.br\/noticias\/wp-json\/wp\/v2\/comments?post=36322"}],"version-history":[{"count":0,"href":"https:\/\/www.suno.com.br\/noticias\/wp-json\/wp\/v2\/posts\/36322\/revisions"}],"wp:featuredmedia":[{"embeddable":true,"href":"https:\/\/www.suno.com.br\/noticias\/wp-json\/wp\/v2\/media\/10084"}],"wp:attachment":[{"href":"https:\/\/www.suno.com.br\/noticias\/wp-json\/wp\/v2\/media?parent=36322"}],"wp:term":[{"taxonomy":"category","embeddable":true,"href":"https:\/\/www.suno.com.br\/noticias\/wp-json\/wp\/v2\/categories?post=36322"},{"taxonomy":"post_tag","embeddable":true,"href":"https:\/\/www.suno.com.br\/noticias\/wp-json\/wp\/v2\/tags?post=36322"},{"taxonomy":"suno_strategy","embeddable":true,"href":"https:\/\/www.suno.com.br\/noticias\/wp-json\/wp\/v2\/suno_strategy?post=36322"}],"curies":[{"name":"wp","href":"https:\/\/api.w.org\/{rel}","templated":true}]}}