{"id":36306,"date":"2019-09-03T16:58:55","date_gmt":"2019-09-03T19:58:55","guid":{"rendered":"https:\/\/www.suno.com.br\/noticias\/?p=36306"},"modified":"2021-05-11T20:45:52","modified_gmt":"2021-05-11T23:45:52","slug":"fitch-reavalia-rating-argentina-rd-cc","status":"publish","type":"post","link":"https:\/\/www.suno.com.br\/noticias\/fitch-reavalia-rating-argentina-rd-cc\/","title":{"rendered":"Fitch reavalia rating da Argentina de &#8220;RD&#8221; para &#8220;CC&#8221;"},"content":{"rendered":"<p>A ag\u00eancia de classifica\u00e7\u00e3o <strong>Fitch,<\/strong>\u00a0 elevou nesta ter\u00e7a-feira (3), o rating da <a href=\"https:\/\/www.suno.com.br\/noticias\/tags\/argentina\/\">Argentina<\/a>. A avalia\u00e7\u00e3o de risco sobre a divida soberana do pa\u00eds vizinho, passou de <strong>&#8220;RD&#8221;<\/strong> (default restrito) para <strong>&#8220;CC&#8221;.<\/strong><\/p>\t<div class=\"wrapper-featured-image\">\n\t\t<figure class=\"spotlightImg\">\n\n\t\t\t<picture>\n\t\t\t\t<source media=\"(max-width: 768px)\" srcset=\"https:\/\/files.sunoresearch.com.br\/n\/uploads\/2019\/09\/ea8c24b1-argentina23-400x200.webp\">\n\t\t\t\t<img loading=\"lazy\" decoding=\"async\" class=\"newsContent__article__imgCapa lazyloadDisabled newsContent__article__imgCapa--noCaption\" src=\"https:\/\/files.sunoresearch.com.br\/n\/uploads\/2019\/09\/ea8c24b1-argentina23-800x450.webp\" width=\"800\" height=\"450\" alt=\"Fitch reavalia rating da Argentina de &#8220;RD&#8221; para &#8220;CC&#8221;\" fetchpriority=high \/>\n\t\t\t<\/picture>\n\n\t\t\t<figcaption class=\"wp-caption-text wp-caption-text--hide\">Foto: Pexels.<\/figcaption>\n\t\t<\/figure>\n\t<\/div>\n\n\n\n<p>De acordo com a Fitch, a mudan\u00e7a positiva ocorreu devido ao pagamento dos instrumentos de d\u00edvida a curto prazo, que foram realizados no dia 30 de agosto. A Fitch classificou a a\u00e7\u00e3o como &#8220;troca de d\u00edvida em dificuldades financeiras&#8221;, o chamado &#8220;DDE&#8221;.<\/p>\n<p>A Fitch \u00e9 a segunda ag\u00eancia de classifica\u00e7\u00e3o a rever sua nota sobre a d\u00edvida <strong>argentina.<\/strong> Segundo a ag\u00eancia, a nota reflete uma expectativa de uma prov\u00e1vel reestrutura\u00e7\u00e3o da d\u00edvida, ou at\u00e9 mesmo, outra inadimpl\u00eancia do pa\u00eds.<\/p>\n<h2>Fitch havia classificado o rating da Argentina como &#8220;default restrito&#8221;<\/h2>\n<p>Na \u00faltima sexta-feira (30), a ag\u00eancia de risco <strong>Fitch<\/strong> havia rebaixado o rating da <strong>Argentina<\/strong> para &#8220;default restrito&#8221;. \u00c9 a segunda empresa a falar no default nesta sexta-feira (30), a <strong>Standard &amp; Poors<\/strong> rebaixou a Argentina para &#8220;CCC-&#8220;.<\/p>\n\t<p>\n\t\t<a href=\"https:\/\/lp.suno.com.br\/minicurso-investindo-fiis\/\" target=\"_blank\" data-element=\"shortcode-suno-banner\" title=\"Banner SUNO, clique e saiba mais\">\n\t\t\t<picture>\n\t\t\t\t<source media=\"(max-width: 500px)\" srcset=\"https:\/\/files.sunoresearch.com.br\/n\/uploads\/2023\/07\/400x300-Minicurso-FIIS.png\">\n\t\t\t\t<img class=\"newsContent__article__imgCapa newsContent__article__imgCapa--banner\"\n\t\t\t\t\tsrc=\"https:\/\/files.sunoresearch.com.br\/n\/uploads\/2023\/07\/1420x240-Minicurso-FIIS.png\"\n\t\t\t\t\tdata-promo-id=\"311935\"\t\t\t\t\t\t\t\t\t\twidth='1420' height='240'\t\t\t\t\talt=\"https:\/\/files.sunoresearch.com.br\/n\/uploads\/2023\/07\/1420x240-Minicurso-FIIS.png\"\n\t\t\t\t>\n\t\t\t<\/picture>\n\t\t<\/a>\n\t<\/p>\n\n\n<p>Ap\u00f3s o decreto de morat\u00f3ria realizado, na \u00faltima quarta-feira (30), pelo governo da <strong>Argentina<\/strong> aos t\u00edtulos de curto prazo em posse de investidores institucionais locais, como fundos de investimentos e de pens\u00e3o, a Fitch tomou a decis\u00e3o do rebaixamento da nota.<\/p>\n<p>A nota da d\u00edvida de curto e longo prazo em moeda estrangeira caiu de &#8220;CCC&#8221; para &#8220;RD&#8221;. J\u00e1 a d\u00edvida em moeda local sofreu uma queda de &#8220;C&#8221; para &#8220;RD&#8221;. A altera\u00e7\u00e3o indica uma mais alta probabilidade de falha no pagamento ou default.<\/p>\n<h2>S&amp;P tamb\u00e9m revisou o rating do pa\u00eds vizinho<\/h2>\n<p>Nesta sexta-feira (30) a ag\u00eancia de classifica\u00e7\u00e3o de risco, S&amp;P Global Ratings (S&amp;PGR), revisou positivamente o rating da <strong>Argentina.<\/strong> A nota de cr\u00e9dito a longo prazo do pa\u00eds vizinho, passou de &#8220;SD&#8221; para &#8220;CCC-&#8221; com perspectiva negativa.<\/p>\n<p><a href=\"https:\/\/www.suno.com.br\/noticias\/sp-anuncia-elevacao-rating-argentina-sd-ccc\/\">Saiba mais: S&amp;P rev\u00ea rating da Argentina de &#8220;SD&#8221; para &#8220;CCC-&#8220;<\/a><\/p>\n<p>A medida volta atr\u00e1s \u00e0 anunciada na \u00faltima quinta-feira (29), em que a ag\u00eancia havia rebaixado o rating do pa\u00eds de &#8220;B-&#8221; para &#8220;SD&#8221;. O grau \u00e0 curto prazo tamb\u00e9m foi elevado, passando de &#8220;SD&#8221; para &#8220;C&#8221;, nesta sexta.<\/p>\n\t<p>\n\t\t<a href=\"https:\/\/lp.suno.com.br\/ao\/servico-especializado-suno-tf\/?utm_source=adwords&#038;utm_medium=search&#038;utm_campaign=search.servico.funilconsultoria&#038;utm_content=1147_responsivo-a&#038;hsa_acc=2326072784&#038;hsa_cam=18022897917&#038;hsa_grp=141470255993&#038;hsa_ad=616145467912&#038;hsa_src=g&#038;hsa_tgt=kwd-303658942458&#038;hsa_kw=gestora+de+investimentos&#038;hsa_mt=b&#038;hsa_net=adwords&#038;hsa_ver=3&#038;gad_source=1&#038;gclid=CjwKCAjw1emzBhB8EiwAHwZZxQMvA3xJVRzLGZ70LmuSzR55X-KvxijSay8c5Hm88Sznnq97j8XbORoC-sMQAvD_BwE\" target=\"_blank\" data-element=\"shortcode-suno-banner\" title=\"Banner SUNO, clique e saiba mais\">\n\t\t\t<picture>\n\t\t\t\t<source media=\"(max-width: 500px)\" srcset=\"https:\/\/files.sunoresearch.com.br\/n\/uploads\/2024\/06\/400x300-Mobile-Artigos-4-1.png\">\n\t\t\t\t<img class=\"newsContent__article__imgCapa newsContent__article__imgCapa--banner\"\n\t\t\t\t\tsrc=\"https:\/\/files.sunoresearch.com.br\/n\/uploads\/2024\/06\/1420x240-Banner-Artigos-1-_-Banner-Materias-2-1.png\"\n\t\t\t\t\tdata-promo-id=\"563609\"\t\t\t\t\t\t\t\t\t\twidth='1420' height='240'\t\t\t\t\talt=\"https:\/\/files.sunoresearch.com.br\/n\/uploads\/2024\/06\/1420x240-Banner-Artigos-1-_-Banner-Materias-2-1.png\"\n\t\t\t\t>\n\t\t\t<\/picture>\n\t\t<\/a>\n\t<\/p>\n\n\n<p>Para a ag\u00eancia, a morat\u00f3ria decretada na \u00faltima quarta-feira (30) pela <strong>Argentina<\/strong> sobre \u00e0 d\u00edvida do <a href=\"https:\/\/www.suno.com.br\/artigos\/fmi\/\"><strong>Fundo Monet\u00e1rio Internacional (FMI)<\/strong><\/a> constitu\u00eda um default seguindo os crit\u00e9rios da S&amp;PGR, o que justificaria o rebaixamento. O montante de US$ 56 bilh\u00f5es deveria inciar a ser devolvido do final de 2019 at\u00e9 2021.<\/p>\n","protected":false},"excerpt":{"rendered":"<p>A ag\u00eancia de classifica\u00e7\u00e3o Fitch,\u00a0 elevou nesta ter\u00e7a-feira (3), o rating da Argentina. A avalia\u00e7\u00e3o de risco sobre a divida soberana do pa\u00eds vizinho, passou de &#8220;RD&#8221; (default restrito) para &#8220;CC&#8221;. Foto: Pexels. De acordo com a Fitch, a mudan\u00e7a positiva ocorreu devido ao pagamento dos instrumentos de d\u00edvida a curto prazo, que foram realizados [&hellip;]<\/p>\n","protected":false},"author":23,"featured_media":36307,"comment_status":"closed","ping_status":"closed","sticky":false,"template":"","format":"standard","meta":[],"categories":[63],"tags":[699,1842,1277,806,2337],"suno_strategy":[],"class_list":["post-36306","post","type-post","status-publish","format-standard","has-post-thumbnail","hentry","category-internacional","tag-argentina","tag-banco-central-bc","tag-fitch","tag-fundo-monetario-internacional-fmi","tag-standard-poors-sp"],"yoast_head":"<!-- This site is optimized with the Yoast SEO plugin v24.4 - https:\/\/yoast.com\/wordpress\/plugins\/seo\/ -->\n<title>Fitch reavalia rating da Argentina de &quot;RD&quot; para &quot;CC&quot;<\/title>\n<meta name=\"description\" content=\"A Fitch\u00a0elevou o rating da Argentina. A avalia\u00e7\u00e3o de risco sobre a divida soberana do pa\u00eds passou de &quot;RD&quot; para &quot;CC&quot;.\u00a0 Clique aqui para mais.\" \/>\n<meta name=\"robots\" content=\"index, follow, max-snippet:-1, max-image-preview:large, max-video-preview:-1\" \/>\n<link rel=\"canonical\" href=\"https:\/\/www.suno.com.br\/noticias\/fitch-reavalia-rating-argentina-rd-cc\/\" \/>\n<meta property=\"og:locale\" content=\"pt_BR\" \/>\n<meta property=\"og:type\" content=\"article\" \/>\n<meta property=\"og:title\" content=\"Fitch reavalia rating da Argentina de &quot;RD&quot; para &quot;CC&quot;\" \/>\n<meta property=\"og:description\" content=\"A Fitch\u00a0elevou o rating da Argentina. A avalia\u00e7\u00e3o de risco sobre a divida soberana do pa\u00eds passou de &quot;RD&quot; para &quot;CC&quot;.\u00a0 Clique aqui para mais.\" \/>\n<meta property=\"og:url\" content=\"https:\/\/www.suno.com.br\/noticias\/fitch-reavalia-rating-argentina-rd-cc\/\" \/>\n<meta property=\"og:site_name\" content=\"Suno Not\u00edcias\" \/>\n<meta property=\"article:publisher\" content=\"https:\/\/facebook.com\/sunoresearch\" \/>\n<meta property=\"og:image\" content=\"https:\/\/files.sunoresearch.com.br\/n\/uploads\/2019\/09\/ea8c24b1-argentina23.jpg\" \/>\n\t<meta property=\"og:image:width\" content=\"1920\" \/>\n\t<meta property=\"og:image:height\" content=\"1200\" \/>\n\t<meta property=\"og:image:type\" content=\"image\/jpeg\" \/>\n<meta name=\"author\" content=\"Rafael Lara\" \/>\n<meta name=\"twitter:card\" content=\"summary_large_image\" \/>\n<meta name=\"twitter:creator\" content=\"@sunoresearch\" \/>\n<meta name=\"twitter:site\" content=\"@sunoresearch\" \/>\n<meta name=\"twitter:label1\" content=\"Escrito por\" \/>\n\t<meta name=\"twitter:data1\" content=\"Rafael Lara\" \/>\n\t<meta name=\"twitter:label2\" content=\"Est. tempo de leitura\" \/>\n\t<meta name=\"twitter:data2\" content=\"2 minutos\" \/>\n<script type=\"application\/ld+json\" class=\"yoast-schema-graph\">{\"@context\":\"https:\/\/schema.org\",\"@graph\":[{\"@type\":\"NewsArticle\",\"@id\":\"https:\/\/www.suno.com.br\/noticias\/fitch-reavalia-rating-argentina-rd-cc\/#article\",\"isPartOf\":{\"@id\":\"https:\/\/www.suno.com.br\/noticias\/fitch-reavalia-rating-argentina-rd-cc\/\"},\"author\":{\"name\":\"Rafael Lara\",\"@id\":\"https:\/\/www.suno.com.br\/noticias\/#\/schema\/person\/098743caeed97b37f51315c9576c4078\"},\"headline\":\"Fitch reavalia rating da Argentina de &#8220;RD&#8221; para &#8220;CC&#8221;\",\"datePublished\":\"2019-09-03T19:58:55+00:00\",\"dateModified\":\"2021-05-11T23:45:52+00:00\",\"mainEntityOfPage\":{\"@id\":\"https:\/\/www.suno.com.br\/noticias\/fitch-reavalia-rating-argentina-rd-cc\/\"},\"wordCount\":442,\"publisher\":{\"@id\":\"https:\/\/www.suno.com.br\/noticias\/#organization\"},\"image\":{\"@id\":\"https:\/\/www.suno.com.br\/noticias\/fitch-reavalia-rating-argentina-rd-cc\/#primaryimage\"},\"thumbnailUrl\":\"https:\/\/files.sunoresearch.com.br\/n\/uploads\/2019\/09\/ea8c24b1-argentina23-jpg.webp\",\"keywords\":[\"Argentina\",\"Banco Central (BC)\",\"Fitch\",\"Fundo Monet\u00e1rio Internacional (FMI)\",\"Standard &amp; Poor's (S&amp;P)\"],\"articleSection\":[\"Internacional\"],\"inLanguage\":\"pt-BR\"},{\"@type\":\"WebPage\",\"@id\":\"https:\/\/www.suno.com.br\/noticias\/fitch-reavalia-rating-argentina-rd-cc\/\",\"url\":\"https:\/\/www.suno.com.br\/noticias\/fitch-reavalia-rating-argentina-rd-cc\/\",\"name\":\"Fitch reavalia rating da Argentina de \\\"RD\\\" para \\\"CC\\\"\",\"isPartOf\":{\"@id\":\"https:\/\/www.suno.com.br\/noticias\/#website\"},\"primaryImageOfPage\":{\"@id\":\"https:\/\/www.suno.com.br\/noticias\/fitch-reavalia-rating-argentina-rd-cc\/#primaryimage\"},\"image\":{\"@id\":\"https:\/\/www.suno.com.br\/noticias\/fitch-reavalia-rating-argentina-rd-cc\/#primaryimage\"},\"thumbnailUrl\":\"https:\/\/files.sunoresearch.com.br\/n\/uploads\/2019\/09\/ea8c24b1-argentina23-jpg.webp\",\"datePublished\":\"2019-09-03T19:58:55+00:00\",\"dateModified\":\"2021-05-11T23:45:52+00:00\",\"description\":\"A Fitch\u00a0elevou o rating da Argentina. A avalia\u00e7\u00e3o de risco sobre a divida soberana do pa\u00eds passou de \\\"RD\\\" para \\\"CC\\\".\u00a0 Clique aqui para mais.\",\"breadcrumb\":{\"@id\":\"https:\/\/www.suno.com.br\/noticias\/fitch-reavalia-rating-argentina-rd-cc\/#breadcrumb\"},\"inLanguage\":\"pt-BR\",\"potentialAction\":[{\"@type\":\"ReadAction\",\"target\":[\"https:\/\/www.suno.com.br\/noticias\/fitch-reavalia-rating-argentina-rd-cc\/\"]}]},{\"@type\":\"ImageObject\",\"inLanguage\":\"pt-BR\",\"@id\":\"https:\/\/www.suno.com.br\/noticias\/fitch-reavalia-rating-argentina-rd-cc\/#primaryimage\",\"url\":\"https:\/\/files.sunoresearch.com.br\/n\/uploads\/2019\/09\/ea8c24b1-argentina23-jpg.webp\",\"contentUrl\":\"https:\/\/files.sunoresearch.com.br\/n\/uploads\/2019\/09\/ea8c24b1-argentina23-jpg.webp\",\"width\":1920,\"height\":1200,\"caption\":\"Foto: Pexels.\"},{\"@type\":\"BreadcrumbList\",\"@id\":\"https:\/\/www.suno.com.br\/noticias\/fitch-reavalia-rating-argentina-rd-cc\/#breadcrumb\",\"itemListElement\":[{\"@type\":\"ListItem\",\"position\":1,\"name\":\"Not\u00edcias\",\"item\":\"https:\/\/www.suno.com.br\/noticias\/\"},{\"@type\":\"ListItem\",\"position\":2,\"name\":\"Internacional\",\"item\":\"https:\/\/www.suno.com.br\/noticias\/internacional\/\"},{\"@type\":\"ListItem\",\"position\":3,\"name\":\"Fitch reavalia rating da Argentina de &#8220;RD&#8221; para &#8220;CC&#8221;\"}]},{\"@type\":\"WebSite\",\"@id\":\"https:\/\/www.suno.com.br\/noticias\/#website\",\"url\":\"https:\/\/www.suno.com.br\/noticias\/\",\"name\":\"Suno Not\u00edcias\",\"description\":\"Seu portal de informa\u00e7\u00e3o sobre o mundo dos investimentos\",\"publisher\":{\"@id\":\"https:\/\/www.suno.com.br\/noticias\/#organization\"},\"potentialAction\":[{\"@type\":\"SearchAction\",\"target\":{\"@type\":\"EntryPoint\",\"urlTemplate\":\"https:\/\/www.suno.com.br\/noticias\/?s={search_term_string}\"},\"query-input\":{\"@type\":\"PropertyValueSpecification\",\"valueRequired\":true,\"valueName\":\"search_term_string\"}}],\"inLanguage\":\"pt-BR\"},{\"@type\":\"Organization\",\"@id\":\"https:\/\/www.suno.com.br\/noticias\/#organization\",\"name\":\"Suno Not\u00edcias\",\"url\":\"https:\/\/www.suno.com.br\/noticias\/\",\"logo\":{\"@type\":\"ImageObject\",\"inLanguage\":\"pt-BR\",\"@id\":\"https:\/\/www.suno.com.br\/noticias\/#\/schema\/logo\/image\/\",\"url\":\"https:\/\/files.sunoresearch.com.br\/n\/uploads\/2021\/09\/suno-logo.png\",\"contentUrl\":\"https:\/\/files.sunoresearch.com.br\/n\/uploads\/2021\/09\/suno-logo.png\",\"width\":180,\"height\":180,\"caption\":\"Suno Not\u00edcias\"},\"image\":{\"@id\":\"https:\/\/www.suno.com.br\/noticias\/#\/schema\/logo\/image\/\"},\"sameAs\":[\"https:\/\/facebook.com\/sunoresearch\",\"https:\/\/x.com\/sunoresearch\",\"https:\/\/www.instagram.com\/suno\",\"https:\/\/www.linkedin.com\/company\/suno-research\/\",\"https:\/\/www.youtube.com\/c\/sunoresearch\"]},{\"@type\":\"Person\",\"@id\":\"https:\/\/www.suno.com.br\/noticias\/#\/schema\/person\/098743caeed97b37f51315c9576c4078\",\"name\":\"Rafael Lara\",\"image\":{\"@type\":\"ImageObject\",\"inLanguage\":\"pt-BR\",\"@id\":\"https:\/\/www.suno.com.br\/noticias\/#\/schema\/person\/image\/\",\"url\":\"https:\/\/secure.gravatar.com\/avatar\/dfc254ab9bb2ea1895d98b9e9dae4bdd?s=96&r=g\",\"contentUrl\":\"https:\/\/secure.gravatar.com\/avatar\/dfc254ab9bb2ea1895d98b9e9dae4bdd?s=96&r=g\",\"caption\":\"Rafael Lara\"},\"description\":\"Rafael Lara cursa jornalismo na Faculdade C\u00e1sper L\u00edbero. Escreve sobre pol\u00edtica, economia e neg\u00f3cios para o portal Suno Not\u00edcias. Antes, colaborou na TV Gazeta na produ\u00e7\u00e3o do programa Edi\u00e7\u00e3o Extra.\",\"url\":\"https:\/\/www.suno.com.br\/noticias\/author\/rafael\/\"}]}<\/script>\n<!-- \/ Yoast SEO plugin. -->","yoast_head_json":{"title":"Fitch reavalia rating da Argentina de \"RD\" para \"CC\"","description":"A Fitch\u00a0elevou o rating da Argentina. A avalia\u00e7\u00e3o de risco sobre a divida soberana do pa\u00eds passou de \"RD\" para \"CC\".\u00a0 Clique aqui para mais.","robots":{"index":"index","follow":"follow","max-snippet":"max-snippet:-1","max-image-preview":"max-image-preview:large","max-video-preview":"max-video-preview:-1"},"canonical":"https:\/\/www.suno.com.br\/noticias\/fitch-reavalia-rating-argentina-rd-cc\/","og_locale":"pt_BR","og_type":"article","og_title":"Fitch reavalia rating da Argentina de \"RD\" para \"CC\"","og_description":"A Fitch\u00a0elevou o rating da Argentina. A avalia\u00e7\u00e3o de risco sobre a divida soberana do pa\u00eds passou de \"RD\" para \"CC\".\u00a0 Clique aqui para mais.","og_url":"https:\/\/www.suno.com.br\/noticias\/fitch-reavalia-rating-argentina-rd-cc\/","og_site_name":"Suno Not\u00edcias","article_publisher":"https:\/\/facebook.com\/sunoresearch","og_image":[{"width":1920,"height":1200,"url":"https:\/\/files.sunoresearch.com.br\/n\/uploads\/2019\/09\/ea8c24b1-argentina23.jpg","type":"image\/jpeg"}],"author":"Rafael Lara","twitter_card":"summary_large_image","twitter_creator":"@sunoresearch","twitter_site":"@sunoresearch","twitter_misc":{"Escrito por":"Rafael Lara","Est. tempo de leitura":"2 minutos"},"schema":{"@context":"https:\/\/schema.org","@graph":[{"@type":"NewsArticle","@id":"https:\/\/www.suno.com.br\/noticias\/fitch-reavalia-rating-argentina-rd-cc\/#article","isPartOf":{"@id":"https:\/\/www.suno.com.br\/noticias\/fitch-reavalia-rating-argentina-rd-cc\/"},"author":{"name":"Rafael Lara","@id":"https:\/\/www.suno.com.br\/noticias\/#\/schema\/person\/098743caeed97b37f51315c9576c4078"},"headline":"Fitch reavalia rating da Argentina de &#8220;RD&#8221; para &#8220;CC&#8221;","datePublished":"2019-09-03T19:58:55+00:00","dateModified":"2021-05-11T23:45:52+00:00","mainEntityOfPage":{"@id":"https:\/\/www.suno.com.br\/noticias\/fitch-reavalia-rating-argentina-rd-cc\/"},"wordCount":442,"publisher":{"@id":"https:\/\/www.suno.com.br\/noticias\/#organization"},"image":{"@id":"https:\/\/www.suno.com.br\/noticias\/fitch-reavalia-rating-argentina-rd-cc\/#primaryimage"},"thumbnailUrl":"https:\/\/files.sunoresearch.com.br\/n\/uploads\/2019\/09\/ea8c24b1-argentina23-jpg.webp","keywords":["Argentina","Banco Central (BC)","Fitch","Fundo Monet\u00e1rio Internacional (FMI)","Standard &amp; Poor's (S&amp;P)"],"articleSection":["Internacional"],"inLanguage":"pt-BR"},{"@type":"WebPage","@id":"https:\/\/www.suno.com.br\/noticias\/fitch-reavalia-rating-argentina-rd-cc\/","url":"https:\/\/www.suno.com.br\/noticias\/fitch-reavalia-rating-argentina-rd-cc\/","name":"Fitch reavalia rating da Argentina de \"RD\" para \"CC\"","isPartOf":{"@id":"https:\/\/www.suno.com.br\/noticias\/#website"},"primaryImageOfPage":{"@id":"https:\/\/www.suno.com.br\/noticias\/fitch-reavalia-rating-argentina-rd-cc\/#primaryimage"},"image":{"@id":"https:\/\/www.suno.com.br\/noticias\/fitch-reavalia-rating-argentina-rd-cc\/#primaryimage"},"thumbnailUrl":"https:\/\/files.sunoresearch.com.br\/n\/uploads\/2019\/09\/ea8c24b1-argentina23-jpg.webp","datePublished":"2019-09-03T19:58:55+00:00","dateModified":"2021-05-11T23:45:52+00:00","description":"A Fitch\u00a0elevou o rating da Argentina. A avalia\u00e7\u00e3o de risco sobre a divida soberana do pa\u00eds passou de \"RD\" para \"CC\".\u00a0 Clique aqui para mais.","breadcrumb":{"@id":"https:\/\/www.suno.com.br\/noticias\/fitch-reavalia-rating-argentina-rd-cc\/#breadcrumb"},"inLanguage":"pt-BR","potentialAction":[{"@type":"ReadAction","target":["https:\/\/www.suno.com.br\/noticias\/fitch-reavalia-rating-argentina-rd-cc\/"]}]},{"@type":"ImageObject","inLanguage":"pt-BR","@id":"https:\/\/www.suno.com.br\/noticias\/fitch-reavalia-rating-argentina-rd-cc\/#primaryimage","url":"https:\/\/files.sunoresearch.com.br\/n\/uploads\/2019\/09\/ea8c24b1-argentina23-jpg.webp","contentUrl":"https:\/\/files.sunoresearch.com.br\/n\/uploads\/2019\/09\/ea8c24b1-argentina23-jpg.webp","width":1920,"height":1200,"caption":"Foto: Pexels."},{"@type":"BreadcrumbList","@id":"https:\/\/www.suno.com.br\/noticias\/fitch-reavalia-rating-argentina-rd-cc\/#breadcrumb","itemListElement":[{"@type":"ListItem","position":1,"name":"Not\u00edcias","item":"https:\/\/www.suno.com.br\/noticias\/"},{"@type":"ListItem","position":2,"name":"Internacional","item":"https:\/\/www.suno.com.br\/noticias\/internacional\/"},{"@type":"ListItem","position":3,"name":"Fitch reavalia rating da Argentina de &#8220;RD&#8221; para &#8220;CC&#8221;"}]},{"@type":"WebSite","@id":"https:\/\/www.suno.com.br\/noticias\/#website","url":"https:\/\/www.suno.com.br\/noticias\/","name":"Suno Not\u00edcias","description":"Seu portal de informa\u00e7\u00e3o sobre o mundo dos investimentos","publisher":{"@id":"https:\/\/www.suno.com.br\/noticias\/#organization"},"potentialAction":[{"@type":"SearchAction","target":{"@type":"EntryPoint","urlTemplate":"https:\/\/www.suno.com.br\/noticias\/?s={search_term_string}"},"query-input":{"@type":"PropertyValueSpecification","valueRequired":true,"valueName":"search_term_string"}}],"inLanguage":"pt-BR"},{"@type":"Organization","@id":"https:\/\/www.suno.com.br\/noticias\/#organization","name":"Suno Not\u00edcias","url":"https:\/\/www.suno.com.br\/noticias\/","logo":{"@type":"ImageObject","inLanguage":"pt-BR","@id":"https:\/\/www.suno.com.br\/noticias\/#\/schema\/logo\/image\/","url":"https:\/\/files.sunoresearch.com.br\/n\/uploads\/2021\/09\/suno-logo.png","contentUrl":"https:\/\/files.sunoresearch.com.br\/n\/uploads\/2021\/09\/suno-logo.png","width":180,"height":180,"caption":"Suno Not\u00edcias"},"image":{"@id":"https:\/\/www.suno.com.br\/noticias\/#\/schema\/logo\/image\/"},"sameAs":["https:\/\/facebook.com\/sunoresearch","https:\/\/x.com\/sunoresearch","https:\/\/www.instagram.com\/suno","https:\/\/www.linkedin.com\/company\/suno-research\/","https:\/\/www.youtube.com\/c\/sunoresearch"]},{"@type":"Person","@id":"https:\/\/www.suno.com.br\/noticias\/#\/schema\/person\/098743caeed97b37f51315c9576c4078","name":"Rafael Lara","image":{"@type":"ImageObject","inLanguage":"pt-BR","@id":"https:\/\/www.suno.com.br\/noticias\/#\/schema\/person\/image\/","url":"https:\/\/secure.gravatar.com\/avatar\/dfc254ab9bb2ea1895d98b9e9dae4bdd?s=96&r=g","contentUrl":"https:\/\/secure.gravatar.com\/avatar\/dfc254ab9bb2ea1895d98b9e9dae4bdd?s=96&r=g","caption":"Rafael Lara"},"description":"Rafael Lara cursa jornalismo na Faculdade C\u00e1sper L\u00edbero. Escreve sobre pol\u00edtica, economia e neg\u00f3cios para o portal Suno Not\u00edcias. Antes, colaborou na TV Gazeta na produ\u00e7\u00e3o do programa Edi\u00e7\u00e3o Extra.","url":"https:\/\/www.suno.com.br\/noticias\/author\/rafael\/"}]}},"default_loop_html":"<div class=\"cardsPage__listCard__boxs\"><div class=\"cardsPage__listCard__boxs__img\"><a href=\"https:\/\/www.suno.com.br\/noticias\/fitch-reavalia-rating-argentina-rd-cc\/\"><img class=\"mask\" src=\"https:\/\/www.suno.com.br\/noticias\/wp-content\/themes\/suno\/resources\/images\/spotlight\/spotlight1img\/bg-mask.png\" alt=\"Image Mask\"\/><img src=\"https:\/\/files.sunoresearch.com.br\/n\/uploads\/2019\/09\/ea8c24b1-argentina23-400x200.webp\" alt=\"Fitch reavalia rating da Argentina de &#8220;RD&#8221; para &#8220;CC&#8221;\"\/><\/a><span class=\"spotlightCategory\"><a href=\"https:\/\/www.suno.com.br\/noticias\/internacional\/\">Internacional<\/a><\/span><\/div><div class=\"cardsPage__listCard__boxs__content\"><a href=\"https:\/\/www.suno.com.br\/noticias\/fitch-reavalia-rating-argentina-rd-cc\/\"><h2 class=\"content__title\">Fitch reavalia rating da Argentina de &#8220;RD&#8221; para &#8220;CC&#8221;<\/h2><\/a><div class=\"newsContent__article__meta\"><div class=\"newsContent__article__meta__authorBox\"><a href=\"https:\/\/www.suno.com.br\/noticias\/author\/rafael\/\" class=\"authorBox__avatar noMobi\"><img src=\"https:\/\/secure.gravatar.com\/avatar\/dfc254ab9bb2ea1895d98b9e9dae4bdd?s=96&#038;r=g\" alt=\"Rafael Lara\"><\/a><div class=\"authorBox__name\"><span>por\n\t\t\t<a href=\"https:\/\/www.suno.com.br\/noticias\/author\/rafael\/\"><span itemprop=\"author\">Rafael Lara<\/span><\/a><\/span><time datetime=\"2019-09-03T16:58:55-03:00\" itemprop=\"datePublished\">03\/09\/2019 16:58<\/time><\/div><\/div><\/div><\/div><\/div>","single_layout":"posts","amp_enabled":true,"_links":{"self":[{"href":"https:\/\/www.suno.com.br\/noticias\/wp-json\/wp\/v2\/posts\/36306"}],"collection":[{"href":"https:\/\/www.suno.com.br\/noticias\/wp-json\/wp\/v2\/posts"}],"about":[{"href":"https:\/\/www.suno.com.br\/noticias\/wp-json\/wp\/v2\/types\/post"}],"author":[{"embeddable":true,"href":"https:\/\/www.suno.com.br\/noticias\/wp-json\/wp\/v2\/users\/23"}],"replies":[{"embeddable":true,"href":"https:\/\/www.suno.com.br\/noticias\/wp-json\/wp\/v2\/comments?post=36306"}],"version-history":[{"count":1,"href":"https:\/\/www.suno.com.br\/noticias\/wp-json\/wp\/v2\/posts\/36306\/revisions"}],"predecessor-version":[{"id":147313,"href":"https:\/\/www.suno.com.br\/noticias\/wp-json\/wp\/v2\/posts\/36306\/revisions\/147313"}],"wp:featuredmedia":[{"embeddable":true,"href":"https:\/\/www.suno.com.br\/noticias\/wp-json\/wp\/v2\/media\/36307"}],"wp:attachment":[{"href":"https:\/\/www.suno.com.br\/noticias\/wp-json\/wp\/v2\/media?parent=36306"}],"wp:term":[{"taxonomy":"category","embeddable":true,"href":"https:\/\/www.suno.com.br\/noticias\/wp-json\/wp\/v2\/categories?post=36306"},{"taxonomy":"post_tag","embeddable":true,"href":"https:\/\/www.suno.com.br\/noticias\/wp-json\/wp\/v2\/tags?post=36306"},{"taxonomy":"suno_strategy","embeddable":true,"href":"https:\/\/www.suno.com.br\/noticias\/wp-json\/wp\/v2\/suno_strategy?post=36306"}],"curies":[{"name":"wp","href":"https:\/\/api.w.org\/{rel}","templated":true}]}}