{"id":36276,"date":"2019-09-03T13:46:41","date_gmt":"2019-09-03T16:46:41","guid":{"rendered":"https:\/\/www.suno.com.br\/noticias\/?p=36276"},"modified":"2021-06-13T23:42:00","modified_gmt":"2021-06-14T02:42:00","slug":"nosso-federal-reserve-nao-age-trump-corte-juros","status":"publish","type":"post","link":"https:\/\/www.suno.com.br\/noticias\/nosso-federal-reserve-nao-age-trump-corte-juros\/","title":{"rendered":"&#8216;Nosso Federal Reserve n\u00e3o age&#8217;, diz Trump sobre corte de juros"},"content":{"rendered":"<p>O presidente dos <strong>Estados<\/strong> <strong>Unidos<\/strong>, Donald Trump, atacou o <a href=\"https:\/\/www.suno.com.br\/artigos\/fed\/\"><strong>Federal Reserve (Fed)<\/strong><\/a> novamente, em uma rede social, nesta ter\u00e7a-feira (3). O mandat\u00e1rio norte-americano salientou que a Alemanha e &#8220;muitos outros pa\u00edses&#8221; possuem taxas negativas de juros.<\/p>\t<div class=\"wrapper-featured-image\">\n\t\t<figure class=\"spotlightImg\">\n\n\t\t\t<picture>\n\t\t\t\t<source media=\"(max-width: 768px)\" srcset=\"https:\/\/files.sunoresearch.com.br\/n\/uploads\/2019\/02\/3a7fd482-acordo-comercial-400x200.webp\">\n\t\t\t\t<img loading=\"lazy\" decoding=\"async\" class=\"newsContent__article__imgCapa lazyloadDisabled newsContent__article__imgCapa--noCaption\" src=\"https:\/\/files.sunoresearch.com.br\/n\/uploads\/2019\/02\/3a7fd482-acordo-comercial-800x450.webp\" width=\"800\" height=\"450\" alt=\"&#8216;Nosso Federal Reserve n\u00e3o age&#8217;, diz Trump sobre corte de juros\" fetchpriority=high \/>\n\t\t\t<\/picture>\n\n\t\t\t<figcaption class=\"wp-caption-text wp-caption-text--hide\">Donald Trump: Pelosi indica deputados para seguir com impeachment<\/figcaption>\n\t\t<\/figure>\n\t<\/div>\n\n\n\n<p>&#8220;Eles s\u00e3o pagos para emprestar dinheiro&#8221;, afirmou <strong>Trump<\/strong> no Twitter, fazendo refer\u00eancia a outros pa\u00edses que t\u00eam juros baixos. &#8220;Nosso Federal Reserve n\u00e3o age!&#8221;, disse o presidente dos <strong>EUA<\/strong>.<\/p>\n<h2>Queda do euro em rela\u00e7\u00e3o ao d\u00f3lar<\/h2>\n<p>Em mais um ataque do presidente dos <strong>Estados<\/strong> <strong>Unidos<\/strong>, Donald Trump, ao <strong>Fed,<\/strong> o mandat\u00e1rio norte-americano culpou o banco central dos EUA por n\u00e3o ter a\u00e7\u00e3o sobre a forte queda do euro frente ao d\u00f3lar. As acusa\u00e7\u00f5es foram feitas na \u00faltima sexta-feira (30), tamb\u00e9m via Twitter.<\/p>\n<h2>Mais pedidos de Trump por corte nos juros<\/h2>\n<p>Na \u00faltimas semanas do m\u00eas de agosto, os pedidos de Trump por corte nos juros se intensificaram. No dia 19 de agosto, o presidente dos <strong>Estados<\/strong> <strong>Unidos<\/strong>\u00a0pediu ao banco central norte-americano, <a href=\"https:\/\/www.suno.com.br\/artigos\/fed\/\">Fed<\/a>, um corte na <strong>taxa<\/strong> <strong>de<\/strong> <strong>juros<\/strong> de ao menos 1 ponto percentual.<\/p>\n\t<p>\n\t\t<a href=\"https:\/\/lp.suno.com.br\/ebook-como-analisar-uma-acao\/\" target=\"_blank\" data-element=\"shortcode-suno-banner\" title=\"Banner SUNO, clique e saiba mais\">\n\t\t\t<picture>\n\t\t\t\t<source media=\"(max-width: 500px)\" srcset=\"https:\/\/files.sunoresearch.com.br\/n\/uploads\/2023\/03\/Ebook-Acoes-Mobile.jpg\">\n\t\t\t\t<img class=\"newsContent__article__imgCapa newsContent__article__imgCapa--banner\"\n\t\t\t\t\tsrc=\"https:\/\/files.sunoresearch.com.br\/n\/uploads\/2023\/03\/Ebook-Acoes-Desktop.jpg\"\n\t\t\t\t\tdata-promo-id=\"311946\"\t\t\t\t\t\t\t\t\t\twidth='1420' height='286'\t\t\t\t\talt=\"https:\/\/files.sunoresearch.com.br\/n\/uploads\/2023\/03\/Ebook-Acoes-Desktop.jpg\"\n\t\t\t\t>\n\t\t\t<\/picture>\n\t\t<\/a>\n\t<\/p>\n\n\n<p>\u201cA taxa do Fed, durante um curto per\u00edodo de tempo, deve ser reduzida em<br \/>\npelo menos 100 pontos-base, talvez com algum al\u00edvio quantitativo tamb\u00e9m.<br \/>\nSe isso acontecesse, nossa economia seria ainda melhor, e a economia mundial expandiria rapidamente &#8211; bom para todos&#8221;, afirmou o <strong>presidente<\/strong> no Twitter.<\/p>\n<p>Na sua conta no Twitter, <strong>Trump<\/strong> tamb\u00e9m salientou que a economia dos Estados Unidos est\u00e1 &#8220;muito forte&#8221; e culpou a oposi\u00e7\u00e3o democrata e <a href=\"https:\/\/www.suno.com.br\/tudo-sobre\/jerome-powell\/\"><strong>Jerome<\/strong> <strong>Powell<\/strong> <\/a>(presidente do Fed) pela tentativa de fazer parecer o oposto, como estrat\u00e9gia para as elei\u00e7\u00f5es de 2020.<\/p>\n<p><a href=\"https:\/\/www.suno.com.br\/noticias\/brexit-libra-cai-menor-patamar-2016\/\">Veja tamb\u00e9m: Brexit: libra cai ao menor patamar desde 2016\u00a0<\/a><\/p>\n<p>O presidente norte-americano, Donald Trump, voltou a fazer duras cr\u00edticas ao Banco Central dos Estados Unidos e ao presidente do banco, Powell.<\/p>\n<p>Durante a semana,<strong> Trump<\/strong> tem criticado as pol\u00edticas monet\u00e1rias do Fed, pois segundo o mandat\u00e1rio, tem dificultado o crescimento econ\u00f4mico dos EUA. Al\u00e9m disso, de acordo com o presidente, <strong>Powell<\/strong> tem impossibilitado o desenvolvimento econ\u00f4mico devido a sua posi\u00e7\u00e3o democrata que \u00e9 oposit\u00f3ria ao governo Republicano.<\/p>\n<p>No Twitter, o presidente americano afirmou que tem obtido bons resultados com os acordos comerciais\u00a0 e o que o \u00fanico problema que o governo enfrenta \u00e9 o Fed.<\/p>\n<p>&#8220;Indo muito bem com a<a href=\"https:\/\/www.suno.com.br\/noticias\/china-quer-encontrar-meio-termo-encerrar-guerra-comercial\/\"> China<\/a> e outros acordos comerciais. O \u00fanico problema que temos \u00e9 Jay Powell. Ele \u00e9 como um jogador de golfe que n\u00e3o consegue jogar, n\u00e3o tem talento&#8221;, disse Trump.<\/p>\n","protected":false},"excerpt":{"rendered":"<p>O presidente dos Estados Unidos, Donald Trump, atacou o Federal Reserve (Fed) novamente, em uma rede social, nesta ter\u00e7a-feira (3). O mandat\u00e1rio norte-americano salientou que a Alemanha e &#8220;muitos outros pa\u00edses&#8221; possuem taxas negativas de juros. Donald Trump: Pelosi indica deputados para seguir com impeachment &#8220;Eles s\u00e3o pagos para emprestar dinheiro&#8221;, afirmou Trump no Twitter, [&hellip;]<\/p>\n","protected":false},"author":19,"featured_media":15071,"comment_status":"closed","ping_status":"closed","sticky":false,"template":"","format":"standard","meta":[],"categories":[63],"tags":[724,793,776],"suno_strategy":[],"class_list":["post-36276","post","type-post","status-publish","format-standard","has-post-thumbnail","hentry","category-internacional","tag-donald-trump","tag-estados-unidos-eua","tag-federal-reseve-fed"],"yoast_head":"<!-- This site is optimized with the Yoast SEO plugin v24.4 - https:\/\/yoast.com\/wordpress\/plugins\/seo\/ -->\n<title>&#039;Nosso Federal Reserve n\u00e3o age&#039;, diz Trump sobre corte de juros<\/title>\n<meta name=\"description\" content=\"O presidente dos Estados Unidos, Donald Trump, atacou o Federal Reserve (banco central dos EUA) novamente. Clique e saiba mais.\" \/>\n<meta name=\"robots\" content=\"index, follow, max-snippet:-1, max-image-preview:large, max-video-preview:-1\" \/>\n<link rel=\"canonical\" href=\"https:\/\/www.suno.com.br\/noticias\/nosso-federal-reserve-nao-age-trump-corte-juros\/\" \/>\n<meta property=\"og:locale\" content=\"pt_BR\" \/>\n<meta property=\"og:type\" content=\"article\" \/>\n<meta property=\"og:title\" content=\"&#039;Nosso Federal Reserve n\u00e3o age&#039;, diz Trump sobre corte de juros\" \/>\n<meta property=\"og:description\" content=\"O presidente dos Estados Unidos, Donald Trump, atacou o Federal Reserve (banco central dos EUA) novamente. Clique e saiba mais.\" \/>\n<meta property=\"og:url\" content=\"https:\/\/www.suno.com.br\/noticias\/nosso-federal-reserve-nao-age-trump-corte-juros\/\" \/>\n<meta property=\"og:site_name\" content=\"Suno Not\u00edcias\" \/>\n<meta property=\"article:publisher\" content=\"https:\/\/facebook.com\/sunoresearch\" \/>\n<meta property=\"og:image\" content=\"https:\/\/files.sunoresearch.com.br\/n\/uploads\/2019\/02\/3a7fd482-acordo-comercial.jpg\" \/>\n\t<meta property=\"og:image:width\" content=\"1000\" \/>\n\t<meta property=\"og:image:height\" content=\"541\" \/>\n\t<meta property=\"og:image:type\" content=\"image\/jpeg\" \/>\n<meta name=\"author\" content=\"Juliano Passaro\" \/>\n<meta name=\"twitter:card\" content=\"summary_large_image\" \/>\n<meta name=\"twitter:creator\" content=\"@sunoresearch\" \/>\n<meta name=\"twitter:site\" content=\"@sunoresearch\" \/>\n<meta name=\"twitter:label1\" content=\"Escrito por\" \/>\n\t<meta name=\"twitter:data1\" content=\"Juliano Passaro\" \/>\n\t<meta name=\"twitter:label2\" content=\"Est. tempo de leitura\" \/>\n\t<meta name=\"twitter:data2\" content=\"2 minutos\" \/>\n<script type=\"application\/ld+json\" class=\"yoast-schema-graph\">{\"@context\":\"https:\/\/schema.org\",\"@graph\":[{\"@type\":\"NewsArticle\",\"@id\":\"https:\/\/www.suno.com.br\/noticias\/nosso-federal-reserve-nao-age-trump-corte-juros\/#article\",\"isPartOf\":{\"@id\":\"https:\/\/www.suno.com.br\/noticias\/nosso-federal-reserve-nao-age-trump-corte-juros\/\"},\"author\":{\"name\":\"Juliano Passaro\",\"@id\":\"https:\/\/www.suno.com.br\/noticias\/#\/schema\/person\/1db762f78ffd8919a648a63e425953e3\"},\"headline\":\"&#8216;Nosso Federal Reserve n\u00e3o age&#8217;, diz Trump sobre corte de juros\",\"datePublished\":\"2019-09-03T16:46:41+00:00\",\"dateModified\":\"2021-06-14T02:42:00+00:00\",\"mainEntityOfPage\":{\"@id\":\"https:\/\/www.suno.com.br\/noticias\/nosso-federal-reserve-nao-age-trump-corte-juros\/\"},\"wordCount\":442,\"publisher\":{\"@id\":\"https:\/\/www.suno.com.br\/noticias\/#organization\"},\"image\":{\"@id\":\"https:\/\/www.suno.com.br\/noticias\/nosso-federal-reserve-nao-age-trump-corte-juros\/#primaryimage\"},\"thumbnailUrl\":\"https:\/\/files.sunoresearch.com.br\/n\/uploads\/2019\/02\/3a7fd482-acordo-comercial-jpg.webp\",\"keywords\":[\"Donald Trump\",\"Estados Unidos (EUA)\",\"Federal Reserve (FED)\"],\"articleSection\":[\"Internacional\"],\"inLanguage\":\"pt-BR\"},{\"@type\":\"WebPage\",\"@id\":\"https:\/\/www.suno.com.br\/noticias\/nosso-federal-reserve-nao-age-trump-corte-juros\/\",\"url\":\"https:\/\/www.suno.com.br\/noticias\/nosso-federal-reserve-nao-age-trump-corte-juros\/\",\"name\":\"'Nosso Federal Reserve n\u00e3o age', diz Trump sobre corte de juros\",\"isPartOf\":{\"@id\":\"https:\/\/www.suno.com.br\/noticias\/#website\"},\"primaryImageOfPage\":{\"@id\":\"https:\/\/www.suno.com.br\/noticias\/nosso-federal-reserve-nao-age-trump-corte-juros\/#primaryimage\"},\"image\":{\"@id\":\"https:\/\/www.suno.com.br\/noticias\/nosso-federal-reserve-nao-age-trump-corte-juros\/#primaryimage\"},\"thumbnailUrl\":\"https:\/\/files.sunoresearch.com.br\/n\/uploads\/2019\/02\/3a7fd482-acordo-comercial-jpg.webp\",\"datePublished\":\"2019-09-03T16:46:41+00:00\",\"dateModified\":\"2021-06-14T02:42:00+00:00\",\"description\":\"O presidente dos Estados Unidos, Donald Trump, atacou o Federal Reserve (banco central dos EUA) novamente. Clique e saiba mais.\",\"breadcrumb\":{\"@id\":\"https:\/\/www.suno.com.br\/noticias\/nosso-federal-reserve-nao-age-trump-corte-juros\/#breadcrumb\"},\"inLanguage\":\"pt-BR\",\"potentialAction\":[{\"@type\":\"ReadAction\",\"target\":[\"https:\/\/www.suno.com.br\/noticias\/nosso-federal-reserve-nao-age-trump-corte-juros\/\"]}]},{\"@type\":\"ImageObject\",\"inLanguage\":\"pt-BR\",\"@id\":\"https:\/\/www.suno.com.br\/noticias\/nosso-federal-reserve-nao-age-trump-corte-juros\/#primaryimage\",\"url\":\"https:\/\/files.sunoresearch.com.br\/n\/uploads\/2019\/02\/3a7fd482-acordo-comercial-jpg.webp\",\"contentUrl\":\"https:\/\/files.sunoresearch.com.br\/n\/uploads\/2019\/02\/3a7fd482-acordo-comercial-jpg.webp\",\"width\":1000,\"height\":541,\"caption\":\"Donald Trump: Pelosi indica deputados para seguir com impeachment\"},{\"@type\":\"BreadcrumbList\",\"@id\":\"https:\/\/www.suno.com.br\/noticias\/nosso-federal-reserve-nao-age-trump-corte-juros\/#breadcrumb\",\"itemListElement\":[{\"@type\":\"ListItem\",\"position\":1,\"name\":\"Not\u00edcias\",\"item\":\"https:\/\/www.suno.com.br\/noticias\/\"},{\"@type\":\"ListItem\",\"position\":2,\"name\":\"Internacional\",\"item\":\"https:\/\/www.suno.com.br\/noticias\/internacional\/\"},{\"@type\":\"ListItem\",\"position\":3,\"name\":\"&#8216;Nosso Federal Reserve n\u00e3o age&#8217;, diz Trump sobre corte de juros\"}]},{\"@type\":\"WebSite\",\"@id\":\"https:\/\/www.suno.com.br\/noticias\/#website\",\"url\":\"https:\/\/www.suno.com.br\/noticias\/\",\"name\":\"Suno Not\u00edcias\",\"description\":\"Seu portal de informa\u00e7\u00e3o sobre o mundo dos investimentos\",\"publisher\":{\"@id\":\"https:\/\/www.suno.com.br\/noticias\/#organization\"},\"potentialAction\":[{\"@type\":\"SearchAction\",\"target\":{\"@type\":\"EntryPoint\",\"urlTemplate\":\"https:\/\/www.suno.com.br\/noticias\/?s={search_term_string}\"},\"query-input\":{\"@type\":\"PropertyValueSpecification\",\"valueRequired\":true,\"valueName\":\"search_term_string\"}}],\"inLanguage\":\"pt-BR\"},{\"@type\":\"Organization\",\"@id\":\"https:\/\/www.suno.com.br\/noticias\/#organization\",\"name\":\"Suno Not\u00edcias\",\"url\":\"https:\/\/www.suno.com.br\/noticias\/\",\"logo\":{\"@type\":\"ImageObject\",\"inLanguage\":\"pt-BR\",\"@id\":\"https:\/\/www.suno.com.br\/noticias\/#\/schema\/logo\/image\/\",\"url\":\"https:\/\/files.sunoresearch.com.br\/n\/uploads\/2021\/09\/suno-logo.png\",\"contentUrl\":\"https:\/\/files.sunoresearch.com.br\/n\/uploads\/2021\/09\/suno-logo.png\",\"width\":180,\"height\":180,\"caption\":\"Suno Not\u00edcias\"},\"image\":{\"@id\":\"https:\/\/www.suno.com.br\/noticias\/#\/schema\/logo\/image\/\"},\"sameAs\":[\"https:\/\/facebook.com\/sunoresearch\",\"https:\/\/x.com\/sunoresearch\",\"https:\/\/www.instagram.com\/suno\",\"https:\/\/www.linkedin.com\/company\/suno-research\/\",\"https:\/\/www.youtube.com\/c\/sunoresearch\"]},{\"@type\":\"Person\",\"@id\":\"https:\/\/www.suno.com.br\/noticias\/#\/schema\/person\/1db762f78ffd8919a648a63e425953e3\",\"name\":\"Juliano Passaro\",\"image\":{\"@type\":\"ImageObject\",\"inLanguage\":\"pt-BR\",\"@id\":\"https:\/\/www.suno.com.br\/noticias\/#\/schema\/person\/image\/\",\"url\":\"https:\/\/secure.gravatar.com\/avatar\/743d4df28eebf6dcc46b4ad03c319e92?s=96&r=g\",\"contentUrl\":\"https:\/\/secure.gravatar.com\/avatar\/743d4df28eebf6dcc46b4ad03c319e92?s=96&r=g\",\"caption\":\"Juliano Passaro\"},\"description\":\"Juliano Passaro escreve sobre pol\u00edtica, economia e neg\u00f3cios para o portal da Suno Research. Antes da Suno, trabalhou no Portal da Band. \u00c9 formado em jornalismo pela Universidade Presbiteriana Mackenzie.\",\"url\":\"https:\/\/www.suno.com.br\/noticias\/author\/juliano\/\"}]}<\/script>\n<!-- \/ Yoast SEO plugin. -->","yoast_head_json":{"title":"'Nosso Federal Reserve n\u00e3o age', diz Trump sobre corte de juros","description":"O presidente dos Estados Unidos, Donald Trump, atacou o Federal Reserve (banco central dos EUA) novamente. Clique e saiba mais.","robots":{"index":"index","follow":"follow","max-snippet":"max-snippet:-1","max-image-preview":"max-image-preview:large","max-video-preview":"max-video-preview:-1"},"canonical":"https:\/\/www.suno.com.br\/noticias\/nosso-federal-reserve-nao-age-trump-corte-juros\/","og_locale":"pt_BR","og_type":"article","og_title":"'Nosso Federal Reserve n\u00e3o age', diz Trump sobre corte de juros","og_description":"O presidente dos Estados Unidos, Donald Trump, atacou o Federal Reserve (banco central dos EUA) novamente. Clique e saiba mais.","og_url":"https:\/\/www.suno.com.br\/noticias\/nosso-federal-reserve-nao-age-trump-corte-juros\/","og_site_name":"Suno Not\u00edcias","article_publisher":"https:\/\/facebook.com\/sunoresearch","og_image":[{"width":1000,"height":541,"url":"https:\/\/files.sunoresearch.com.br\/n\/uploads\/2019\/02\/3a7fd482-acordo-comercial.jpg","type":"image\/jpeg"}],"author":"Juliano Passaro","twitter_card":"summary_large_image","twitter_creator":"@sunoresearch","twitter_site":"@sunoresearch","twitter_misc":{"Escrito por":"Juliano Passaro","Est. tempo de leitura":"2 minutos"},"schema":{"@context":"https:\/\/schema.org","@graph":[{"@type":"NewsArticle","@id":"https:\/\/www.suno.com.br\/noticias\/nosso-federal-reserve-nao-age-trump-corte-juros\/#article","isPartOf":{"@id":"https:\/\/www.suno.com.br\/noticias\/nosso-federal-reserve-nao-age-trump-corte-juros\/"},"author":{"name":"Juliano Passaro","@id":"https:\/\/www.suno.com.br\/noticias\/#\/schema\/person\/1db762f78ffd8919a648a63e425953e3"},"headline":"&#8216;Nosso Federal Reserve n\u00e3o age&#8217;, diz Trump sobre corte de juros","datePublished":"2019-09-03T16:46:41+00:00","dateModified":"2021-06-14T02:42:00+00:00","mainEntityOfPage":{"@id":"https:\/\/www.suno.com.br\/noticias\/nosso-federal-reserve-nao-age-trump-corte-juros\/"},"wordCount":442,"publisher":{"@id":"https:\/\/www.suno.com.br\/noticias\/#organization"},"image":{"@id":"https:\/\/www.suno.com.br\/noticias\/nosso-federal-reserve-nao-age-trump-corte-juros\/#primaryimage"},"thumbnailUrl":"https:\/\/files.sunoresearch.com.br\/n\/uploads\/2019\/02\/3a7fd482-acordo-comercial-jpg.webp","keywords":["Donald Trump","Estados Unidos (EUA)","Federal Reserve (FED)"],"articleSection":["Internacional"],"inLanguage":"pt-BR"},{"@type":"WebPage","@id":"https:\/\/www.suno.com.br\/noticias\/nosso-federal-reserve-nao-age-trump-corte-juros\/","url":"https:\/\/www.suno.com.br\/noticias\/nosso-federal-reserve-nao-age-trump-corte-juros\/","name":"'Nosso Federal Reserve n\u00e3o age', diz Trump sobre corte de juros","isPartOf":{"@id":"https:\/\/www.suno.com.br\/noticias\/#website"},"primaryImageOfPage":{"@id":"https:\/\/www.suno.com.br\/noticias\/nosso-federal-reserve-nao-age-trump-corte-juros\/#primaryimage"},"image":{"@id":"https:\/\/www.suno.com.br\/noticias\/nosso-federal-reserve-nao-age-trump-corte-juros\/#primaryimage"},"thumbnailUrl":"https:\/\/files.sunoresearch.com.br\/n\/uploads\/2019\/02\/3a7fd482-acordo-comercial-jpg.webp","datePublished":"2019-09-03T16:46:41+00:00","dateModified":"2021-06-14T02:42:00+00:00","description":"O presidente dos Estados Unidos, Donald Trump, atacou o Federal Reserve (banco central dos EUA) novamente. Clique e saiba mais.","breadcrumb":{"@id":"https:\/\/www.suno.com.br\/noticias\/nosso-federal-reserve-nao-age-trump-corte-juros\/#breadcrumb"},"inLanguage":"pt-BR","potentialAction":[{"@type":"ReadAction","target":["https:\/\/www.suno.com.br\/noticias\/nosso-federal-reserve-nao-age-trump-corte-juros\/"]}]},{"@type":"ImageObject","inLanguage":"pt-BR","@id":"https:\/\/www.suno.com.br\/noticias\/nosso-federal-reserve-nao-age-trump-corte-juros\/#primaryimage","url":"https:\/\/files.sunoresearch.com.br\/n\/uploads\/2019\/02\/3a7fd482-acordo-comercial-jpg.webp","contentUrl":"https:\/\/files.sunoresearch.com.br\/n\/uploads\/2019\/02\/3a7fd482-acordo-comercial-jpg.webp","width":1000,"height":541,"caption":"Donald Trump: Pelosi indica deputados para seguir com impeachment"},{"@type":"BreadcrumbList","@id":"https:\/\/www.suno.com.br\/noticias\/nosso-federal-reserve-nao-age-trump-corte-juros\/#breadcrumb","itemListElement":[{"@type":"ListItem","position":1,"name":"Not\u00edcias","item":"https:\/\/www.suno.com.br\/noticias\/"},{"@type":"ListItem","position":2,"name":"Internacional","item":"https:\/\/www.suno.com.br\/noticias\/internacional\/"},{"@type":"ListItem","position":3,"name":"&#8216;Nosso Federal Reserve n\u00e3o age&#8217;, diz Trump sobre corte de juros"}]},{"@type":"WebSite","@id":"https:\/\/www.suno.com.br\/noticias\/#website","url":"https:\/\/www.suno.com.br\/noticias\/","name":"Suno Not\u00edcias","description":"Seu portal de informa\u00e7\u00e3o sobre o mundo dos investimentos","publisher":{"@id":"https:\/\/www.suno.com.br\/noticias\/#organization"},"potentialAction":[{"@type":"SearchAction","target":{"@type":"EntryPoint","urlTemplate":"https:\/\/www.suno.com.br\/noticias\/?s={search_term_string}"},"query-input":{"@type":"PropertyValueSpecification","valueRequired":true,"valueName":"search_term_string"}}],"inLanguage":"pt-BR"},{"@type":"Organization","@id":"https:\/\/www.suno.com.br\/noticias\/#organization","name":"Suno Not\u00edcias","url":"https:\/\/www.suno.com.br\/noticias\/","logo":{"@type":"ImageObject","inLanguage":"pt-BR","@id":"https:\/\/www.suno.com.br\/noticias\/#\/schema\/logo\/image\/","url":"https:\/\/files.sunoresearch.com.br\/n\/uploads\/2021\/09\/suno-logo.png","contentUrl":"https:\/\/files.sunoresearch.com.br\/n\/uploads\/2021\/09\/suno-logo.png","width":180,"height":180,"caption":"Suno Not\u00edcias"},"image":{"@id":"https:\/\/www.suno.com.br\/noticias\/#\/schema\/logo\/image\/"},"sameAs":["https:\/\/facebook.com\/sunoresearch","https:\/\/x.com\/sunoresearch","https:\/\/www.instagram.com\/suno","https:\/\/www.linkedin.com\/company\/suno-research\/","https:\/\/www.youtube.com\/c\/sunoresearch"]},{"@type":"Person","@id":"https:\/\/www.suno.com.br\/noticias\/#\/schema\/person\/1db762f78ffd8919a648a63e425953e3","name":"Juliano Passaro","image":{"@type":"ImageObject","inLanguage":"pt-BR","@id":"https:\/\/www.suno.com.br\/noticias\/#\/schema\/person\/image\/","url":"https:\/\/secure.gravatar.com\/avatar\/743d4df28eebf6dcc46b4ad03c319e92?s=96&r=g","contentUrl":"https:\/\/secure.gravatar.com\/avatar\/743d4df28eebf6dcc46b4ad03c319e92?s=96&r=g","caption":"Juliano Passaro"},"description":"Juliano Passaro escreve sobre pol\u00edtica, economia e neg\u00f3cios para o portal da Suno Research. Antes da Suno, trabalhou no Portal da Band. \u00c9 formado em jornalismo pela Universidade Presbiteriana Mackenzie.","url":"https:\/\/www.suno.com.br\/noticias\/author\/juliano\/"}]}},"default_loop_html":"<div class=\"cardsPage__listCard__boxs\"><div class=\"cardsPage__listCard__boxs__img\"><a href=\"https:\/\/www.suno.com.br\/noticias\/nosso-federal-reserve-nao-age-trump-corte-juros\/\"><img class=\"mask\" src=\"https:\/\/www.suno.com.br\/noticias\/wp-content\/themes\/suno\/resources\/images\/spotlight\/spotlight1img\/bg-mask.png\" alt=\"Image Mask\"\/><img src=\"https:\/\/files.sunoresearch.com.br\/n\/uploads\/2019\/02\/3a7fd482-acordo-comercial-400x200.webp\" alt=\"&#8216;Nosso Federal Reserve n\u00e3o age&#8217;, diz Trump sobre corte de juros\"\/><\/a><span class=\"spotlightCategory\"><a href=\"https:\/\/www.suno.com.br\/noticias\/internacional\/\">Internacional<\/a><\/span><\/div><div class=\"cardsPage__listCard__boxs__content\"><a href=\"https:\/\/www.suno.com.br\/noticias\/nosso-federal-reserve-nao-age-trump-corte-juros\/\"><h2 class=\"content__title\">&#8216;Nosso Federal Reserve n\u00e3o age&#8217;, diz Trump sobre corte de juros<\/h2><\/a><div class=\"newsContent__article__meta\"><div class=\"newsContent__article__meta__authorBox\"><a href=\"https:\/\/www.suno.com.br\/noticias\/author\/juliano\/\" class=\"authorBox__avatar noMobi\"><img src=\"https:\/\/files.sunoresearch.com.br\/n\/uploads\/2019\/06\/7cc3efea-whatsapp-image-2019-07-18-at-21.59.33-e1563499821209-150x150.webp\" alt=\"Juliano Passaro\"><\/a><div class=\"authorBox__name\"><span>por\n\t\t\t<a href=\"https:\/\/www.suno.com.br\/noticias\/author\/juliano\/\"><span itemprop=\"author\">Juliano Passaro<\/span><\/a><\/span><time datetime=\"2019-09-03T13:46:41-03:00\" itemprop=\"datePublished\">03\/09\/2019 13:46<\/time><\/div><\/div><\/div><\/div><\/div>","single_layout":"posts","amp_enabled":true,"_links":{"self":[{"href":"https:\/\/www.suno.com.br\/noticias\/wp-json\/wp\/v2\/posts\/36276"}],"collection":[{"href":"https:\/\/www.suno.com.br\/noticias\/wp-json\/wp\/v2\/posts"}],"about":[{"href":"https:\/\/www.suno.com.br\/noticias\/wp-json\/wp\/v2\/types\/post"}],"author":[{"embeddable":true,"href":"https:\/\/www.suno.com.br\/noticias\/wp-json\/wp\/v2\/users\/19"}],"replies":[{"embeddable":true,"href":"https:\/\/www.suno.com.br\/noticias\/wp-json\/wp\/v2\/comments?post=36276"}],"version-history":[{"count":1,"href":"https:\/\/www.suno.com.br\/noticias\/wp-json\/wp\/v2\/posts\/36276\/revisions"}],"predecessor-version":[{"id":157281,"href":"https:\/\/www.suno.com.br\/noticias\/wp-json\/wp\/v2\/posts\/36276\/revisions\/157281"}],"wp:featuredmedia":[{"embeddable":true,"href":"https:\/\/www.suno.com.br\/noticias\/wp-json\/wp\/v2\/media\/15071"}],"wp:attachment":[{"href":"https:\/\/www.suno.com.br\/noticias\/wp-json\/wp\/v2\/media?parent=36276"}],"wp:term":[{"taxonomy":"category","embeddable":true,"href":"https:\/\/www.suno.com.br\/noticias\/wp-json\/wp\/v2\/categories?post=36276"},{"taxonomy":"post_tag","embeddable":true,"href":"https:\/\/www.suno.com.br\/noticias\/wp-json\/wp\/v2\/tags?post=36276"},{"taxonomy":"suno_strategy","embeddable":true,"href":"https:\/\/www.suno.com.br\/noticias\/wp-json\/wp\/v2\/suno_strategy?post=36276"}],"curies":[{"name":"wp","href":"https:\/\/api.w.org\/{rel}","templated":true}]}}