{"id":362662,"date":"2023-02-15T10:00:00","date_gmt":"2023-02-15T13:00:00","guid":{"rendered":"https:\/\/www.suno.com.br\/noticias\/?p=362662"},"modified":"2023-04-19T16:02:09","modified_gmt":"2023-04-19T19:02:09","slug":"fi-infra-o-que-esperar-2023","status":"publish","type":"post","link":"https:\/\/www.suno.com.br\/noticias\/fi-infra-o-que-esperar-2023\/","title":{"rendered":"O que esperar dos FI-Infra em 2023?"},"content":{"rendered":"<p>Com as primeiras semanas do governo de Luiz In\u00e1cio Lula da Silva, investidores em Fundo Incentivado de Investimento em Infraestrutura (<strong>FI-Infra<\/strong>) passam a se perguntar qual a perspectiva para o ativo neste novo ano. Fizemos essa pergunta a especialistas &#8211; e as respostas s\u00e3o promissoras.<\/p>\t<div class=\"wrapper-featured-image\">\n\t\t<figure class=\"spotlightImg\">\n\n\t\t\t<picture>\n\t\t\t\t<source media=\"(max-width: 768px)\" srcset=\"https:\/\/files.sunoresearch.com.br\/n\/uploads\/2022\/06\/abraham-barrera-8Nn49K7Snow-unsplash-400x200.jpg\">\n\t\t\t\t<img loading=\"lazy\" decoding=\"async\" class=\"newsContent__article__imgCapa lazyloadDisabled \" src=\"https:\/\/files.sunoresearch.com.br\/n\/uploads\/2022\/06\/abraham-barrera-8Nn49K7Snow-unsplash-800x450.jpg\" width=\"800\" height=\"450\" alt=\"O que esperar dos FI-Infra em 2023?\" fetchpriority=high \/>\n\t\t\t<\/picture>\n\n\t\t\t<figcaption class=\"wp-caption-text wp-caption-text--show\">Fundo de Infraestrutura. Foto: Unsplash<\/figcaption>\n\t\t<\/figure>\n\t<\/div>\n\n\n\n\n\n\n\n\n<p>Os Fi-Infra s\u00e3o <a class=\"suno-keyword\" data-force=\"no\" data-priority=\"1\" href=\"https:\/\/www.suno.com.br\/artigos\/fundos-de-renda-fixa\/\" target=\"_blank\" rel=\"noopener\"><strong>fundos de renda fixa<\/strong><\/a> que aplicam em <a class=\"suno-keyword\" data-force=\"no\" data-priority=\"1\" href=\"https:\/\/www.suno.com.br\/artigos\/debentures-incentivadas\/\" target=\"_blank\" rel=\"noopener\"><strong>deb\u00eantures incentivadas<\/strong><\/a> &#8211; <a class=\"suno-keyword\" data-force=\"no\" data-priority=\"1\" href=\"https:\/\/www.suno.com.br\/artigos\/titulos-de-credito\/\" target=\"_blank\" rel=\"noopener\">t\u00edtulos de cr\u00e9dito<\/a> privado, diz Gabriel Esteca, cofundador e Head de Investimentos em Infraestrutura da Bocaina Capital, em entrevista ao Suno Not\u00edcias.<\/p>\n\n\n\n<p>O FI-Infra atua como debenturista das emiss\u00f5es que integram parte do portf\u00f3lio, recebendo pagamentos de principal e juros realizados pelas deb\u00eantures.<\/p>\n\n\n\n<p>Entre os <strong>benef\u00edcios dos FI-Infra<\/strong>, est\u00e1 a isen\u00e7\u00e3o de Imposto de Renda Fixa para <a class=\"suno-keyword\" data-force=\"no\" data-priority=\"1\" href=\"https:\/\/www.suno.com.br\/artigos\/pessoa-fisica\/\" target=\"_blank\" rel=\"noopener\">pessoa f\u00edsica<\/a>. Esse benef\u00edcio fiscal vale tanto para o rendimento quanto para o <a class=\"suno-keyword\" data-force=\"no\" data-priority=\"1\" href=\"https:\/\/www.suno.com.br\/artigos\/ganho-de-capital\/\" target=\"_blank\" rel=\"noopener\">ganho de capital<\/a>.<\/p>\n\n\n\n<p>Os investimentos em infraestrutura s\u00e3o o tema desta semana de 13 a 17 de fevereiro no Suno Not\u00edcias, e voc\u00ea <a href=\"https:\/\/www.suno.com.br\/noticias\/tags\/semana-tematica\/\">pode acompanhar todo o conte\u00fado da semana neste link. <\/a><\/p>\n\n\n\n<h2 class=\"wp-block-heading\" id=\"h-fi-infra-em-2023\">FI-Infra em 2023<\/h2>\n\n\n\n<p>Ao Suno Not\u00edcias, Diogo Arantes, consultor CVM e especialista em fundos fechados e s\u00f3cio do FI F\u00e1cil Investimentos, comenta que as <strong>perspectivas sobre os Fi-Infra<\/strong> s\u00e3o de \u201ccrescimento\u201d.<\/p>\n\n\n\n<p>Diz Arantes: &#8220;\u00c9 um mercado que a gente sabe que o governo tinha feito um plano de 50 anos muito interessante, que envolvia um investimento alto. Esse governo atual \u00e9 desenvolvimentista, e ele deve querer trabalhar junto com a <a class=\"suno-keyword\" data-force=\"no\" data-priority=\"1\" href=\"https:\/\/www.suno.com.br\/artigos\/iniciativa-privada\/\" target=\"_blank\" rel=\"noopener\">iniciativa privada<\/a> para fazer os investimentos\u201d.<\/p>\n\n\n\n<p>Gabriel, da Bocaina Capital, explica que o <strong>setor de infraestrutura<\/strong> sempre demanda muitos recursos. Isso porque \u201cos projetos s\u00e3o intensivos em capital\u201d.<\/p>\n\n\n\n<p>O especialista acredita que, neste ano, devem continuar relevantes os <strong>investimentos em saneamento<\/strong>, energia, ilumina\u00e7\u00e3o p\u00fablica, transportes e log\u00edstica, telecomunica\u00e7\u00f5es, entre outros.<\/p>\n\n\n\n<p>Na vis\u00e3o de Gabriel, no final de 2022 e come\u00e7o de 2023, a din\u00e2mica macroecon\u00f4mica tem \u201cpermitido boas aloca\u00e7\u00f5es em termos de taxas nominais\u201d.<\/p>\n\n\n\n<p>\u201cA \u00faltima aloca\u00e7\u00e3o que fizemos no <strong>BODB11<\/strong> foi em uma <strong>deb\u00eanture incentivada<\/strong> com taxa de IPCA+9,83%. Este tipo de taxa \u00e9 viabilizado neste momento principalmente devido \u00e0 <a class=\"suno-keyword\" data-force=\"no\" data-priority=\"1\" href=\"https:\/\/www.suno.com.br\/artigos\/curva-de-juros\/\" target=\"_blank\" rel=\"noopener\">curva de juros<\/a> reais (determinada pelas NTNBs, que s\u00e3o os <a class=\"suno-keyword\" data-force=\"no\" data-priority=\"1\" href=\"https:\/\/www.suno.com.br\/artigos\/titulos-publicos\/\" target=\"_blank\" rel=\"noopener\">t\u00edtulos p\u00fablicos<\/a> atrelados \u00e0 infla\u00e7\u00e3o), que apresenta yields em n\u00edveis altos, da ordem de 6%\u201d, comenta.<\/p>\n\n\n\n<p>O especialista considera esse fator como importante, j\u00e1 que, \u201cao se <strong>investir em FI-Infras<\/strong> com boas taxas de rentabilidade como o BODB11, o investidor ganha exposi\u00e7\u00e3o a essa <a class=\"suno-keyword\" data-force=\"no\" data-priority=\"1\" href=\"https:\/\/www.suno.com.br\/artigos\/curva-de-juros\/\" target=\"_blank\" rel=\"noopener\">curva de juros<\/a> reais e a um potencial ganho futuro de capital quando houver aprecia\u00e7\u00e3o do portf\u00f3lio em um cen\u00e1rio de juros mais baixos ou de infla\u00e7\u00e3o mais alta\u201d.<\/p>\n\n\n\n\n\n<h2 class=\"wp-block-heading\" id=\"h-as-diferencas-para-2022\">As diferen\u00e7as para 2022<\/h2>\n\n\n\n<p>Para Gabriel, da Bocaina Capital, 2023 se inicia com um panorama macroecon\u00f4mico com maior incerteza sob a \u00f3tica fiscal.<\/p>\n\n\n\n<p>Ele considera que isso \u201cque traz um pouco mais de volatilidade no mercado de juros e que tende a ser uma oportunidade de aloca\u00e7\u00e3o de capital a taxas superiores \u00e0s do ano passado\u201d.<\/p>\n\n\n\n<p>Gabriel comenta que a din\u00e2mica do novo governo e a atua\u00e7\u00e3o do <a class=\"suno-keyword\" target=\"_blank\" data-force=\"no\" data-priority=\"2\" href=\"https:\/\/www.suno.com.br\/artigos\/bndes\/\" rel=\"noopener\">Banco Nacional de Desenvolvimento Econ\u00f4mico e Social (BNDES)<\/a> ainda n\u00e3o est\u00e3o totalmente definidas.<\/p>\n\n\n\n<p>\u201cNo entanto, pelo hist\u00f3rico de governos do PT no passado, acreditamos que infraestrutura ir\u00e1 permanecer como tema priorit\u00e1rio na agenda\u201d.<\/p>\n\n\n\n<p>O especialista ainda destaca \u201cque foram em gest\u00f5es do partido que se criaram mecanismos como as deb\u00eantures incentivadas (2011) e os FIP-IE (2007). E o desenvolvimento de <strong>obras de infraestrutura<\/strong> tamb\u00e9m \u00e9 um fator gerador de empregos e atividade econ\u00f4mica\u201d.<\/p>\n\n\n\n<p>Diogo, do FI-F\u00e1cil Investimentos, lembra que quase todas as regras de alguns produtos e FI-Infras foram criados em governos petistas. Diante disso, ele declara que \u201ca tend\u00eancia \u00e9 continuar com esse movimento\u201d.<\/p>\n\n\n\n<p>De qualquer modo, o especialista destaca que \u201cos FI-Infras, em si, foram definidos no governo Bolsonaro\u201d.<\/p>\n\n\n\n<p>\u201cEnt\u00e3o, teve mudan\u00e7as positivas, tamb\u00e9m, p\u00f3s-governo do PT que devem continuar\u201d, prossegue.<\/p>\n\n\n\n<p>Diogo acredita que 2023 deve ser um ano em que o governo dar\u00e1 in\u00edcio aos desenvolvimentos. Por causa disso, ele considera que, \u201cdo ponto de vista de n\u00fameros de deb\u00eantures, o setor n\u00e3o deve crescer tanto\u201d.<\/p>\n\n\n\n<p>Isso porque, segundo ele, primeiro s\u00e3o realizados os investimentos e, depois que o projeto come\u00e7a a \u2018andar\u2019 um pouco mais, uma empresa j\u00e1 come\u00e7a a rodar, antes de fazer emiss\u00e3o da deb\u00eanture incentivada\u201d.<\/p>\n\n\n\n<p>Na an\u00e1lise do especialista, provavelmente, as deb\u00eantures que est\u00e3o saindo este ano ainda s\u00e3o \u201creflexo dos investimentos do ano passado\u201d.<\/p>\n\n\n\n<p>\u201cOs investimentos do ano passado foram maiores. Tem muita deb\u00eanture que vai sair do <strong>mercado de saneamento<\/strong>, o que teve uma regula\u00e7\u00e3o que saiu recentemente no governo Bolsonaro\u201d, prossegue.<\/p>\n\n\n\n<p>Diogo comenta que \u00e9 esperado, em 2023, um aumento de deb\u00eantures. Diz a expectativa de que alguns segmentos se tornem \u201cmais fortes, mais interessantes e, depois, \u00e9 s\u00f3 esperar para ver como esse governo novo vai come\u00e7ar e vai tratar isso\u201d.<\/p>\n\n\n\n<p>De acordo com Arantes, o consultor da CVM, a vantagem do FI-Infra \u00e9 que, independentemente do governo, os contratos dos ativos s\u00e3o longos.<\/p>\n\n\n\n\n\n<h2 class=\"wp-block-heading\" id=\"h-valorizacao-em-2023\">Valoriza\u00e7\u00e3o em 2023?<\/h2>\n\n\n\n<p>Diogo, da Fi-F\u00e1cil, explica que esses fundos s\u00e3o como um <strong>t\u00edtulo de deb\u00eanture<\/strong>. Segundo ele, em \u201cdeb\u00eanture, voc\u00ea sabe quanto voc\u00ea vai ganhar at\u00e9 o final. S\u00f3 que esses t\u00edtulos t\u00eam uma <a class=\"suno-keyword\" data-force=\"no\" data-priority=\"1\" href=\"https:\/\/www.suno.com.br\/artigos\/marcacao-mercado\/\" target=\"_blank\" rel=\"noopener\">marca\u00e7\u00e3o a mercado<\/a>, que pode desvalorizar ou valorizar o t\u00edtulo\u201d.<\/p>\n\n\n\n<p>Diante disso, ele comenta que pode haver uma marca\u00e7\u00e3o positiva. \u201cSe a gente fez um ativo com uma taxa IPCA+8%, e o mercado derruba essa taxa para 6-5%, parte dessa antecipa\u00e7\u00e3o entra no resultado do fundo e tem uma valoriza\u00e7\u00e3o\u201d, diz ele<\/p>\n\n\n\n<p>\u201cEnt\u00e3o, sim, esses fundos s\u00e3o poss\u00edveis de valorizar, mas n\u00e3o porque o ativo,&nbsp; em si, vale mais. E, sim, porque existe um fechamento de curva. Ent\u00e3o, eles funcionam como se fossem ativos de renda fixa\u201d.<\/p>\n\n\n\n<p>Diogo explica: \u201cO que acontece n\u00e3o \u00e9, por exemplo, um im\u00f3vel que se valorizou, [&#8230;] mas, sim, a taxa que voc\u00ea comprou, hoje, est\u00e1 com pr\u00eamio t\u00e3o alto e n\u00e3o precisa desse risco todo. O investidor paga muito mais por uma taxa menor. Essa diferen\u00e7a de fluxo entra no seu bolso com valoriza\u00e7\u00e3o, apesar de ser um <strong>t\u00edtulo de renda fixa<\/strong>\u201d.<\/p>\n\n\n\n<p>O especialista explica que os FI-Infra funcionam como um conjunto de deb\u00eantures, que podem ser marcados positiva ou negativamente\u201d.<\/p>\n\n\n\n<p>\u201cEm momentos em que a <a class=\"suno-keyword\" data-force=\"no\" data-priority=\"2\" href=\"https:\/\/www.suno.com.br\/artigos\/juros\/\" target=\"_blank\" rel=\"noopener\">taxa de juros<\/a> est\u00e1 subindo, o que aconteceu no ano passado, o risco subiu um pouco e a taxa foi elvada para acompanhar. Quando se fez isso, os VPs [valores patrimoniais] dos ativos ca\u00edram\u201d, comenta.<\/p>\n\n\n\n<p>Segundo ele, j\u00e1 neste ano, a proje\u00e7\u00e3o \u00e9 de queda nas taxas. Ent\u00e3o o que a gente vai come\u00e7ar a ver \u00e9 um pouco de valoriza\u00e7\u00e3o desses VPs\u201d. &nbsp;&nbsp;<\/p>\n\n\n\n<p>Para Gabriel, o n\u00edvel de <strong>desempenho do Fi-Infra<\/strong> sempre depende de um conjunto de fatores.<\/p>\n\n\n\n<p>\u201cNa nossa opini\u00e3o, acreditamos que os n\u00edveis atuais de taxas de \u2018carrego\u2019 representam uma boa rentabilidade\u201d, afirma.<\/p>\n\n\n\n<p>\u201cConsiderando o pre\u00e7o de cota ao final de dezembro de 2022, o BODB11, por exemplo, apresenta uma TIR de IPCA+8.3% aproximadamente, l\u00edquida de taxas e de imposto de renda para pessoa f\u00edsica. Esta taxa n\u00e3o considera potenciais ganhos de capital futuros em compress\u00e3o de yields, por exemplo\u201d, complementa.<\/p>\n\n\n\n<p>\u201cSe tomarmos o par\u00e2metro de 2022, o <strong>FI-Infra<\/strong> BODB11 entregou na sua cota patrimonial um retorno equivalente \u00e0 NTNB 2030 + 4.7%, bastante superior ao seu objetivo de rentabilidade de NTNB+1.5% a 2.5%\u201d, finaliza.<\/p>\n\n\n","protected":false},"excerpt":{"rendered":"<p>Com as primeiras semanas do governo de Luiz In\u00e1cio Lula da Silva, investidores em Fundo Incentivado de Investimento em Infraestrutura (FI-Infra) passam a se perguntar qual a perspectiva para o ativo neste novo ano. Fizemos essa pergunta a especialistas &#8211; e as respostas s\u00e3o promissoras. Fundo de Infraestrutura. Foto: Unsplash Os Fi-Infra s\u00e3o fundos de [&hellip;]<\/p>\n","protected":false},"author":224,"featured_media":271082,"comment_status":"closed","ping_status":"closed","sticky":false,"template":"","format":"standard","meta":[],"categories":[64],"tags":[1560,106962],"suno_strategy":[],"class_list":["post-362662","post","type-post","status-publish","format-standard","has-post-thumbnail","hentry","category-negocios","tag-debentures-incentivadas","tag-semana-tematica"],"yoast_head":"<!-- This site is optimized with the Yoast SEO plugin v24.4 - https:\/\/yoast.com\/wordpress\/plugins\/seo\/ -->\n<title>O que esperar dos FI-Infra em 2023?<\/title>\n<meta name=\"description\" content=\"Investidores em FI-Infra passam a se perguntar qual a perspectiva para o ativo neste novo ano - e as respostas s\u00e3o promissoras\" \/>\n<meta name=\"robots\" content=\"index, follow, max-snippet:-1, max-image-preview:large, max-video-preview:-1\" \/>\n<link rel=\"canonical\" href=\"https:\/\/www.suno.com.br\/noticias\/fi-infra-o-que-esperar-2023\/\" \/>\n<meta property=\"og:locale\" content=\"pt_BR\" \/>\n<meta property=\"og:type\" content=\"article\" \/>\n<meta property=\"og:title\" content=\"O que esperar dos FI-Infra em 2023?\" \/>\n<meta property=\"og:description\" content=\"Investidores em FI-Infra passam a se perguntar qual a perspectiva para o ativo neste novo ano - e as respostas s\u00e3o promissoras\" \/>\n<meta property=\"og:url\" content=\"https:\/\/www.suno.com.br\/noticias\/fi-infra-o-que-esperar-2023\/\" \/>\n<meta property=\"og:site_name\" content=\"Suno Not\u00edcias\" \/>\n<meta property=\"article:publisher\" content=\"https:\/\/facebook.com\/sunoresearch\" \/>\n<meta property=\"og:image\" content=\"https:\/\/files.sunoresearch.com.br\/n\/uploads\/2022\/06\/abraham-barrera-8Nn49K7Snow-unsplash-scaled.jpg\" \/>\n\t<meta property=\"og:image:width\" content=\"2560\" \/>\n\t<meta property=\"og:image:height\" content=\"1919\" \/>\n\t<meta property=\"og:image:type\" content=\"image\/jpeg\" \/>\n<meta name=\"author\" content=\"Silvio Suehiro\" \/>\n<meta name=\"twitter:card\" content=\"summary_large_image\" \/>\n<meta name=\"twitter:creator\" content=\"@sunoresearch\" \/>\n<meta name=\"twitter:site\" content=\"@sunoresearch\" \/>\n<meta name=\"twitter:label1\" content=\"Escrito por\" \/>\n\t<meta name=\"twitter:data1\" content=\"Silvio Suehiro\" \/>\n\t<meta name=\"twitter:label2\" content=\"Est. tempo de leitura\" \/>\n\t<meta name=\"twitter:data2\" content=\"7 minutos\" \/>\n<script type=\"application\/ld+json\" class=\"yoast-schema-graph\">{\"@context\":\"https:\/\/schema.org\",\"@graph\":[{\"@type\":\"NewsArticle\",\"@id\":\"https:\/\/www.suno.com.br\/noticias\/fi-infra-o-que-esperar-2023\/#article\",\"isPartOf\":{\"@id\":\"https:\/\/www.suno.com.br\/noticias\/fi-infra-o-que-esperar-2023\/\"},\"author\":{\"name\":\"Silvio Suehiro\",\"@id\":\"https:\/\/www.suno.com.br\/noticias\/#\/schema\/person\/c94f387eeb0598ad381eac3e47a8686c\"},\"headline\":\"O que esperar dos FI-Infra em 2023?\",\"datePublished\":\"2023-02-15T13:00:00+00:00\",\"dateModified\":\"2023-04-19T19:02:09+00:00\",\"mainEntityOfPage\":{\"@id\":\"https:\/\/www.suno.com.br\/noticias\/fi-infra-o-que-esperar-2023\/\"},\"wordCount\":1277,\"publisher\":{\"@id\":\"https:\/\/www.suno.com.br\/noticias\/#organization\"},\"image\":{\"@id\":\"https:\/\/www.suno.com.br\/noticias\/fi-infra-o-que-esperar-2023\/#primaryimage\"},\"thumbnailUrl\":\"https:\/\/files.sunoresearch.com.br\/n\/uploads\/2022\/06\/abraham-barrera-8Nn49K7Snow-unsplash-scaled.jpg\",\"keywords\":[\"deb\u00eantures incentivadas\",\"semana tem\u00e1tica\"],\"articleSection\":[\"Neg\u00f3cios\"],\"inLanguage\":\"pt-BR\"},{\"@type\":\"WebPage\",\"@id\":\"https:\/\/www.suno.com.br\/noticias\/fi-infra-o-que-esperar-2023\/\",\"url\":\"https:\/\/www.suno.com.br\/noticias\/fi-infra-o-que-esperar-2023\/\",\"name\":\"O que esperar dos FI-Infra em 2023?\",\"isPartOf\":{\"@id\":\"https:\/\/www.suno.com.br\/noticias\/#website\"},\"primaryImageOfPage\":{\"@id\":\"https:\/\/www.suno.com.br\/noticias\/fi-infra-o-que-esperar-2023\/#primaryimage\"},\"image\":{\"@id\":\"https:\/\/www.suno.com.br\/noticias\/fi-infra-o-que-esperar-2023\/#primaryimage\"},\"thumbnailUrl\":\"https:\/\/files.sunoresearch.com.br\/n\/uploads\/2022\/06\/abraham-barrera-8Nn49K7Snow-unsplash-scaled.jpg\",\"datePublished\":\"2023-02-15T13:00:00+00:00\",\"dateModified\":\"2023-04-19T19:02:09+00:00\",\"description\":\"Investidores em FI-Infra passam a se perguntar qual a perspectiva para o ativo neste novo ano - e as respostas s\u00e3o promissoras\",\"breadcrumb\":{\"@id\":\"https:\/\/www.suno.com.br\/noticias\/fi-infra-o-que-esperar-2023\/#breadcrumb\"},\"inLanguage\":\"pt-BR\",\"potentialAction\":[{\"@type\":\"ReadAction\",\"target\":[\"https:\/\/www.suno.com.br\/noticias\/fi-infra-o-que-esperar-2023\/\"]}]},{\"@type\":\"ImageObject\",\"inLanguage\":\"pt-BR\",\"@id\":\"https:\/\/www.suno.com.br\/noticias\/fi-infra-o-que-esperar-2023\/#primaryimage\",\"url\":\"https:\/\/files.sunoresearch.com.br\/n\/uploads\/2022\/06\/abraham-barrera-8Nn49K7Snow-unsplash-scaled.jpg\",\"contentUrl\":\"https:\/\/files.sunoresearch.com.br\/n\/uploads\/2022\/06\/abraham-barrera-8Nn49K7Snow-unsplash-scaled.jpg\",\"width\":2560,\"height\":1919,\"caption\":\"Fundo de Infraestrutura. Foto: Unsplash\"},{\"@type\":\"BreadcrumbList\",\"@id\":\"https:\/\/www.suno.com.br\/noticias\/fi-infra-o-que-esperar-2023\/#breadcrumb\",\"itemListElement\":[{\"@type\":\"ListItem\",\"position\":1,\"name\":\"Not\u00edcias\",\"item\":\"https:\/\/www.suno.com.br\/noticias\/\"},{\"@type\":\"ListItem\",\"position\":2,\"name\":\"Neg\u00f3cios\",\"item\":\"https:\/\/www.suno.com.br\/noticias\/negocios\/\"},{\"@type\":\"ListItem\",\"position\":3,\"name\":\"O que esperar dos FI-Infra em 2023?\"}]},{\"@type\":\"WebSite\",\"@id\":\"https:\/\/www.suno.com.br\/noticias\/#website\",\"url\":\"https:\/\/www.suno.com.br\/noticias\/\",\"name\":\"Suno Not\u00edcias\",\"description\":\"Seu portal de informa\u00e7\u00e3o sobre o mundo dos investimentos\",\"publisher\":{\"@id\":\"https:\/\/www.suno.com.br\/noticias\/#organization\"},\"potentialAction\":[{\"@type\":\"SearchAction\",\"target\":{\"@type\":\"EntryPoint\",\"urlTemplate\":\"https:\/\/www.suno.com.br\/noticias\/?s={search_term_string}\"},\"query-input\":{\"@type\":\"PropertyValueSpecification\",\"valueRequired\":true,\"valueName\":\"search_term_string\"}}],\"inLanguage\":\"pt-BR\"},{\"@type\":\"Organization\",\"@id\":\"https:\/\/www.suno.com.br\/noticias\/#organization\",\"name\":\"Suno Not\u00edcias\",\"url\":\"https:\/\/www.suno.com.br\/noticias\/\",\"logo\":{\"@type\":\"ImageObject\",\"inLanguage\":\"pt-BR\",\"@id\":\"https:\/\/www.suno.com.br\/noticias\/#\/schema\/logo\/image\/\",\"url\":\"https:\/\/files.sunoresearch.com.br\/n\/uploads\/2021\/09\/suno-logo.png\",\"contentUrl\":\"https:\/\/files.sunoresearch.com.br\/n\/uploads\/2021\/09\/suno-logo.png\",\"width\":180,\"height\":180,\"caption\":\"Suno Not\u00edcias\"},\"image\":{\"@id\":\"https:\/\/www.suno.com.br\/noticias\/#\/schema\/logo\/image\/\"},\"sameAs\":[\"https:\/\/facebook.com\/sunoresearch\",\"https:\/\/x.com\/sunoresearch\",\"https:\/\/www.instagram.com\/suno\",\"https:\/\/www.linkedin.com\/company\/suno-research\/\",\"https:\/\/www.youtube.com\/c\/sunoresearch\"]},{\"@type\":\"Person\",\"@id\":\"https:\/\/www.suno.com.br\/noticias\/#\/schema\/person\/c94f387eeb0598ad381eac3e47a8686c\",\"name\":\"Silvio Suehiro\",\"image\":{\"@type\":\"ImageObject\",\"inLanguage\":\"pt-BR\",\"@id\":\"https:\/\/www.suno.com.br\/noticias\/#\/schema\/person\/image\/\",\"url\":\"https:\/\/secure.gravatar.com\/avatar\/06585eb21140975c6be6bb79a07edac1?s=96&r=g\",\"contentUrl\":\"https:\/\/secure.gravatar.com\/avatar\/06585eb21140975c6be6bb79a07edac1?s=96&r=g\",\"caption\":\"Silvio Suehiro\"},\"description\":\"Redator freelancer, com experi\u00eancia na produ\u00e7\u00e3o de not\u00edcias e artigos para as \u00e1reas de economia, finan\u00e7as e investimentos. Graduado em Comunica\u00e7\u00e3o Social - Jornalismo pela Universidade de Mogi das Cruzes (UMC), e p\u00f3s-graduado em Produ\u00e7\u00e3o Audiovisual Multiplataforma pela Universidade Anhembi Morumbi (UAM).\",\"url\":\"https:\/\/www.suno.com.br\/noticias\/author\/silvio-suehiro\/\"}]}<\/script>\n<!-- \/ Yoast SEO plugin. -->","yoast_head_json":{"title":"O que esperar dos FI-Infra em 2023?","description":"Investidores em FI-Infra passam a se perguntar qual a perspectiva para o ativo neste novo ano - e as respostas s\u00e3o promissoras","robots":{"index":"index","follow":"follow","max-snippet":"max-snippet:-1","max-image-preview":"max-image-preview:large","max-video-preview":"max-video-preview:-1"},"canonical":"https:\/\/www.suno.com.br\/noticias\/fi-infra-o-que-esperar-2023\/","og_locale":"pt_BR","og_type":"article","og_title":"O que esperar dos FI-Infra em 2023?","og_description":"Investidores em FI-Infra passam a se perguntar qual a perspectiva para o ativo neste novo ano - e as respostas s\u00e3o promissoras","og_url":"https:\/\/www.suno.com.br\/noticias\/fi-infra-o-que-esperar-2023\/","og_site_name":"Suno Not\u00edcias","article_publisher":"https:\/\/facebook.com\/sunoresearch","og_image":[{"width":2560,"height":1919,"url":"https:\/\/files.sunoresearch.com.br\/n\/uploads\/2022\/06\/abraham-barrera-8Nn49K7Snow-unsplash-scaled.jpg","type":"image\/jpeg"}],"author":"Silvio Suehiro","twitter_card":"summary_large_image","twitter_creator":"@sunoresearch","twitter_site":"@sunoresearch","twitter_misc":{"Escrito por":"Silvio Suehiro","Est. tempo de leitura":"7 minutos"},"schema":{"@context":"https:\/\/schema.org","@graph":[{"@type":"NewsArticle","@id":"https:\/\/www.suno.com.br\/noticias\/fi-infra-o-que-esperar-2023\/#article","isPartOf":{"@id":"https:\/\/www.suno.com.br\/noticias\/fi-infra-o-que-esperar-2023\/"},"author":{"name":"Silvio Suehiro","@id":"https:\/\/www.suno.com.br\/noticias\/#\/schema\/person\/c94f387eeb0598ad381eac3e47a8686c"},"headline":"O que esperar dos FI-Infra em 2023?","datePublished":"2023-02-15T13:00:00+00:00","dateModified":"2023-04-19T19:02:09+00:00","mainEntityOfPage":{"@id":"https:\/\/www.suno.com.br\/noticias\/fi-infra-o-que-esperar-2023\/"},"wordCount":1277,"publisher":{"@id":"https:\/\/www.suno.com.br\/noticias\/#organization"},"image":{"@id":"https:\/\/www.suno.com.br\/noticias\/fi-infra-o-que-esperar-2023\/#primaryimage"},"thumbnailUrl":"https:\/\/files.sunoresearch.com.br\/n\/uploads\/2022\/06\/abraham-barrera-8Nn49K7Snow-unsplash-scaled.jpg","keywords":["deb\u00eantures incentivadas","semana tem\u00e1tica"],"articleSection":["Neg\u00f3cios"],"inLanguage":"pt-BR"},{"@type":"WebPage","@id":"https:\/\/www.suno.com.br\/noticias\/fi-infra-o-que-esperar-2023\/","url":"https:\/\/www.suno.com.br\/noticias\/fi-infra-o-que-esperar-2023\/","name":"O que esperar dos FI-Infra em 2023?","isPartOf":{"@id":"https:\/\/www.suno.com.br\/noticias\/#website"},"primaryImageOfPage":{"@id":"https:\/\/www.suno.com.br\/noticias\/fi-infra-o-que-esperar-2023\/#primaryimage"},"image":{"@id":"https:\/\/www.suno.com.br\/noticias\/fi-infra-o-que-esperar-2023\/#primaryimage"},"thumbnailUrl":"https:\/\/files.sunoresearch.com.br\/n\/uploads\/2022\/06\/abraham-barrera-8Nn49K7Snow-unsplash-scaled.jpg","datePublished":"2023-02-15T13:00:00+00:00","dateModified":"2023-04-19T19:02:09+00:00","description":"Investidores em FI-Infra passam a se perguntar qual a perspectiva para o ativo neste novo ano - e as respostas s\u00e3o promissoras","breadcrumb":{"@id":"https:\/\/www.suno.com.br\/noticias\/fi-infra-o-que-esperar-2023\/#breadcrumb"},"inLanguage":"pt-BR","potentialAction":[{"@type":"ReadAction","target":["https:\/\/www.suno.com.br\/noticias\/fi-infra-o-que-esperar-2023\/"]}]},{"@type":"ImageObject","inLanguage":"pt-BR","@id":"https:\/\/www.suno.com.br\/noticias\/fi-infra-o-que-esperar-2023\/#primaryimage","url":"https:\/\/files.sunoresearch.com.br\/n\/uploads\/2022\/06\/abraham-barrera-8Nn49K7Snow-unsplash-scaled.jpg","contentUrl":"https:\/\/files.sunoresearch.com.br\/n\/uploads\/2022\/06\/abraham-barrera-8Nn49K7Snow-unsplash-scaled.jpg","width":2560,"height":1919,"caption":"Fundo de Infraestrutura. Foto: Unsplash"},{"@type":"BreadcrumbList","@id":"https:\/\/www.suno.com.br\/noticias\/fi-infra-o-que-esperar-2023\/#breadcrumb","itemListElement":[{"@type":"ListItem","position":1,"name":"Not\u00edcias","item":"https:\/\/www.suno.com.br\/noticias\/"},{"@type":"ListItem","position":2,"name":"Neg\u00f3cios","item":"https:\/\/www.suno.com.br\/noticias\/negocios\/"},{"@type":"ListItem","position":3,"name":"O que esperar dos FI-Infra em 2023?"}]},{"@type":"WebSite","@id":"https:\/\/www.suno.com.br\/noticias\/#website","url":"https:\/\/www.suno.com.br\/noticias\/","name":"Suno Not\u00edcias","description":"Seu portal de informa\u00e7\u00e3o sobre o mundo dos investimentos","publisher":{"@id":"https:\/\/www.suno.com.br\/noticias\/#organization"},"potentialAction":[{"@type":"SearchAction","target":{"@type":"EntryPoint","urlTemplate":"https:\/\/www.suno.com.br\/noticias\/?s={search_term_string}"},"query-input":{"@type":"PropertyValueSpecification","valueRequired":true,"valueName":"search_term_string"}}],"inLanguage":"pt-BR"},{"@type":"Organization","@id":"https:\/\/www.suno.com.br\/noticias\/#organization","name":"Suno Not\u00edcias","url":"https:\/\/www.suno.com.br\/noticias\/","logo":{"@type":"ImageObject","inLanguage":"pt-BR","@id":"https:\/\/www.suno.com.br\/noticias\/#\/schema\/logo\/image\/","url":"https:\/\/files.sunoresearch.com.br\/n\/uploads\/2021\/09\/suno-logo.png","contentUrl":"https:\/\/files.sunoresearch.com.br\/n\/uploads\/2021\/09\/suno-logo.png","width":180,"height":180,"caption":"Suno Not\u00edcias"},"image":{"@id":"https:\/\/www.suno.com.br\/noticias\/#\/schema\/logo\/image\/"},"sameAs":["https:\/\/facebook.com\/sunoresearch","https:\/\/x.com\/sunoresearch","https:\/\/www.instagram.com\/suno","https:\/\/www.linkedin.com\/company\/suno-research\/","https:\/\/www.youtube.com\/c\/sunoresearch"]},{"@type":"Person","@id":"https:\/\/www.suno.com.br\/noticias\/#\/schema\/person\/c94f387eeb0598ad381eac3e47a8686c","name":"Silvio Suehiro","image":{"@type":"ImageObject","inLanguage":"pt-BR","@id":"https:\/\/www.suno.com.br\/noticias\/#\/schema\/person\/image\/","url":"https:\/\/secure.gravatar.com\/avatar\/06585eb21140975c6be6bb79a07edac1?s=96&r=g","contentUrl":"https:\/\/secure.gravatar.com\/avatar\/06585eb21140975c6be6bb79a07edac1?s=96&r=g","caption":"Silvio Suehiro"},"description":"Redator freelancer, com experi\u00eancia na produ\u00e7\u00e3o de not\u00edcias e artigos para as \u00e1reas de economia, finan\u00e7as e investimentos. Graduado em Comunica\u00e7\u00e3o Social - Jornalismo pela Universidade de Mogi das Cruzes (UMC), e p\u00f3s-graduado em Produ\u00e7\u00e3o Audiovisual Multiplataforma pela Universidade Anhembi Morumbi (UAM).","url":"https:\/\/www.suno.com.br\/noticias\/author\/silvio-suehiro\/"}]}},"default_loop_html":"<div class=\"cardsPage__listCard__boxs\"><div class=\"cardsPage__listCard__boxs__img\"><a href=\"https:\/\/www.suno.com.br\/noticias\/fi-infra-o-que-esperar-2023\/\"><img class=\"mask\" src=\"https:\/\/www.suno.com.br\/noticias\/wp-content\/themes\/suno\/resources\/images\/spotlight\/spotlight1img\/bg-mask.png\" alt=\"Image Mask\"\/><img src=\"https:\/\/files.sunoresearch.com.br\/n\/uploads\/2022\/06\/abraham-barrera-8Nn49K7Snow-unsplash-400x200.jpg\" alt=\"O que esperar dos FI-Infra em 2023?\"\/><\/a><span class=\"spotlightCategory\"><a href=\"https:\/\/www.suno.com.br\/noticias\/negocios\/\">Neg\u00f3cios<\/a><\/span><\/div><div class=\"cardsPage__listCard__boxs__content\"><a href=\"https:\/\/www.suno.com.br\/noticias\/fi-infra-o-que-esperar-2023\/\"><h2 class=\"content__title\">O que esperar dos FI-Infra em 2023?<\/h2><\/a><div class=\"newsContent__article__meta\"><div class=\"newsContent__article__meta__authorBox\"><a href=\"https:\/\/www.suno.com.br\/noticias\/author\/silvio-suehiro\/\" class=\"authorBox__avatar noMobi\"><img src=\"https:\/\/secure.gravatar.com\/avatar\/06585eb21140975c6be6bb79a07edac1?s=96&#038;r=g\" alt=\"Silvio Suehiro\"><\/a><div class=\"authorBox__name\"><span>por\n\t\t\t<a href=\"https:\/\/www.suno.com.br\/noticias\/author\/silvio-suehiro\/\"><span itemprop=\"author\">Silvio Suehiro<\/span><\/a><\/span><time datetime=\"2023-02-15T10:00:00-03:00\" itemprop=\"datePublished\">15\/02\/2023 10:00<\/time><\/div><\/div><\/div><\/div><\/div>","single_layout":"posts","amp_enabled":true,"_links":{"self":[{"href":"https:\/\/www.suno.com.br\/noticias\/wp-json\/wp\/v2\/posts\/362662"}],"collection":[{"href":"https:\/\/www.suno.com.br\/noticias\/wp-json\/wp\/v2\/posts"}],"about":[{"href":"https:\/\/www.suno.com.br\/noticias\/wp-json\/wp\/v2\/types\/post"}],"author":[{"embeddable":true,"href":"https:\/\/www.suno.com.br\/noticias\/wp-json\/wp\/v2\/users\/224"}],"replies":[{"embeddable":true,"href":"https:\/\/www.suno.com.br\/noticias\/wp-json\/wp\/v2\/comments?post=362662"}],"version-history":[{"count":3,"href":"https:\/\/www.suno.com.br\/noticias\/wp-json\/wp\/v2\/posts\/362662\/revisions"}],"predecessor-version":[{"id":391954,"href":"https:\/\/www.suno.com.br\/noticias\/wp-json\/wp\/v2\/posts\/362662\/revisions\/391954"}],"wp:featuredmedia":[{"embeddable":true,"href":"https:\/\/www.suno.com.br\/noticias\/wp-json\/wp\/v2\/media\/271082"}],"wp:attachment":[{"href":"https:\/\/www.suno.com.br\/noticias\/wp-json\/wp\/v2\/media?parent=362662"}],"wp:term":[{"taxonomy":"category","embeddable":true,"href":"https:\/\/www.suno.com.br\/noticias\/wp-json\/wp\/v2\/categories?post=362662"},{"taxonomy":"post_tag","embeddable":true,"href":"https:\/\/www.suno.com.br\/noticias\/wp-json\/wp\/v2\/tags?post=362662"},{"taxonomy":"suno_strategy","embeddable":true,"href":"https:\/\/www.suno.com.br\/noticias\/wp-json\/wp\/v2\/suno_strategy?post=362662"}],"curies":[{"name":"wp","href":"https:\/\/api.w.org\/{rel}","templated":true}]}}