{"id":362345,"date":"2023-02-10T18:27:46","date_gmt":"2023-02-10T21:27:46","guid":{"rendered":"https:\/\/www.suno.com.br\/noticias\/?p=362345"},"modified":"2023-02-10T18:27:53","modified_gmt":"2023-02-10T21:27:53","slug":"dolar-nuvens-politicas-baguncam-cotacao-2023","status":"publish","type":"post","link":"https:\/\/www.suno.com.br\/noticias\/dolar-nuvens-politicas-baguncam-cotacao-2023\/","title":{"rendered":"Nuvens pol\u00edticas de Bras\u00edlia bagun\u00e7am d\u00f3lar: moeda vai ficar abaixo dos R$ 5 de novo?"},"content":{"rendered":"<p>O <strong>d\u00f3lar<\/strong> ficou <a href=\"https:\/\/www.suno.com.br\/noticias\/dolar-abaixo-rs5-analises\/\" target=\"_blank\" rel=\"noreferrer noopener\">abaixo dos R$ 5 por alguns momentos neste m\u00eas<\/a> e a expectativa do mercado \u00e9 de que esse cen\u00e1rio vol\u00e1til seja a regra de 2023. Uma das respostas para essa instabilidade s\u00e3o as nuvens pol\u00edticas que pairam sobre Bras\u00edlia na esfera da <a class=\"suno-keyword\" data-force=\"no\" data-priority=\"1\" href=\"https:\/\/www.suno.com.br\/artigos\/politica-economica\/\" target=\"_blank\" rel=\"noopener\">pol\u00edtica econ\u00f4mica<\/a>.<\/p>\t<div class=\"wrapper-featured-image\">\n\t\t<figure class=\"spotlightImg\">\n\n\t\t\t<picture>\n\t\t\t\t<source media=\"(max-width: 768px)\" srcset=\"https:\/\/files.sunoresearch.com.br\/n\/uploads\/2023\/02\/dolar-nota-fernando-haddad-incertezas-politicas-400x200.jpg\">\n\t\t\t\t<img loading=\"lazy\" decoding=\"async\" class=\"newsContent__article__imgCapa lazyloadDisabled \" src=\"https:\/\/files.sunoresearch.com.br\/n\/uploads\/2023\/02\/dolar-nota-fernando-haddad-incertezas-politicas-800x450.jpg\" width=\"800\" height=\"450\" alt=\"Nuvens pol\u00edticas de Bras\u00edlia bagun\u00e7am d\u00f3lar: moeda vai ficar abaixo dos R$ 5 de novo?\" fetchpriority=high \/>\n\t\t\t<\/picture>\n\n\t\t\t<figcaption class=\"wp-caption-text wp-caption-text--show\">Fernando Haddad em c\u00e9dulas de d\u00f3lar. Foto: Montagem\/Suno Not\u00edcias<\/figcaption>\n\t\t<\/figure>\n\t<\/div>\n\n\n\n\n\n\t<p>\n\t\t<a href=\"\" target=\"_blank\" data-element=\"shortcode-suno-banner\" title=\"Banner SUNO, clique e saiba mais\">\n\t\t\t<picture>\n\t\t\t\t<source media=\"(max-width: 500px)\" srcset=\"\">\n\t\t\t\t<img class=\"newsContent__article__imgCapa newsContent__article__imgCapa--banner\"\n\t\t\t\t\tsrc=\"\"\n\t\t\t\t\tdata-promo-id=\"240038\"\t\t\t\t\t\t\t\t\t\t\t\t\t\t\talt=\"\"\n\t\t\t\t>\n\t\t\t<\/picture>\n\t\t<\/a>\n\t<\/p>\n\n\n\n\n\n<p>&#8220;A <strong>conjuntura dom\u00e9stica<\/strong> ainda \u00e9 povoada por incertezas em rela\u00e7\u00e3o ao rumo da economia, desta vez com as instabilidades tocando n\u00e3o s\u00f3 a <a class=\"suno-keyword\" data-force=\"no\" data-priority=\"1\" href=\"https:\/\/www.suno.com.br\/artigos\/politica-fiscal\/\" target=\"_blank\" rel=\"noopener\">pol\u00edtica fiscal<\/a>, como tamb\u00e9m a pol\u00edtica monet\u00e1ria&#8221;, ressaltaram os analistas do BTG Pactual Leonardo Paiva e Arthur Mota.<\/p>\n\n\n\n<p>Em relat\u00f3rio divulgado pelo banco ap\u00f3s as<a href=\"https:\/\/www.suno.com.br\/noticias\/lula-banco-central-entenda-atritos-consequencias\/\" target=\"_blank\" rel=\"noreferrer noopener\"> farpas disparadas pelo presidente Luiz In\u00e1cio Lula da Silva (PT) ao presidente do Banco Central, Roberto Campos Neto<\/a>, os analistas destacaram que &#8220;o contexto de incerteza acima do usual deve resultar na taxa negociando em patamar mais depreciado&#8221;. Assim, a expectativa do banco \u00e9 de que a <strong>cota\u00e7\u00e3o do d\u00f3lar<\/strong> feche 2023 em R$ 5,30.<\/p>\n\n\n\t<p>\n\t\t<a href=\"\" target=\"_blank\" data-element=\"shortcode-suno-banner\" title=\"Banner SUNO, clique e saiba mais\">\n\t\t\t<picture>\n\t\t\t\t<source media=\"(max-width: 500px)\" srcset=\"\">\n\t\t\t\t<img class=\"newsContent__article__imgCapa newsContent__article__imgCapa--banner\"\n\t\t\t\t\tsrc=\"\"\n\t\t\t\t\tdata-promo-id=\"274968\"\t\t\t\t\t\t\t\t\t\t\t\t\t\t\talt=\"\"\n\t\t\t\t>\n\t\t\t<\/picture>\n\t\t<\/a>\n\t<\/p>\n\n\n\n\n\n<p>Os especialistas ouvidos pelo Suno Not\u00edcias tamb\u00e9m apontam fatores internos que causaram <strong>oscila\u00e7\u00f5es no d\u00f3lar<\/strong> nas \u00faltimas semanas.<\/p>\n\n\n\n<p>\u201cTivemos uma&nbsp;<strong>puxada do d\u00f3lar<\/strong>&nbsp;com as falas do presidente Lula, principalmente sobre as al\u00edquotas do&nbsp;<a href=\"https:\/\/www.suno.com.br\/guias\/imposto-de-renda-guia\/\" target=\"_blank\" rel=\"noreferrer noopener\">imposto de renda<\/a>&nbsp;e a moeda \u00fanica Brasil e Argentina. Isso puxou o d\u00f3lar para o patamar em torno de R$ 5,20, R$ 5,25\u2033, destacou Fabrizio Velloni, economista-chefe da Frente Corretora.<\/p>\n\n\n\n<p>Enquanto a PEC da Transi\u00e7\u00e3o assustou os agentes econ\u00f4micos no final do ano passado, as atuais discuss\u00f5es sobre o arcabou\u00e7o fiscal que substituir\u00e1 o <a class=\"suno-keyword\" data-force=\"no\" data-priority=\"1\" href=\"https:\/\/www.suno.com.br\/artigos\/teto-de-gastos\/\" target=\"_blank\" rel=\"noopener\">teto de gastos<\/a> e a\u00a0<a href=\"https:\/\/www.suno.com.br\/noticias\/copom-selic-decisao-juros-fevereiro-2023\/\" target=\"_blank\" rel=\"noreferrer noopener\">manuten\u00e7\u00e3o da taxa b\u00e1sica de juros em 13,75%<\/a>\u00a0j\u00e1 come\u00e7aram a trazer um certo al\u00edvio.<\/p>\n\n\n\n<p>\u201cOs sinais fiscais, que eram ruins na virada do ano, ficaram um pouco melhores. Acho que isso diminuiu um pouco o pr\u00eamio da parte fiscal em torno do&nbsp;<strong>c\u00e2mbio<\/strong>\u201c, comentou Luciano Costa, economista-chefe e s\u00f3cio da Monte Bravo Investimentos.<\/p>\n\n\n\n<blockquote class=\"wp-block-quote is-layout-flow wp-block-quote-is-layout-flow\">\n<p>O que mais cria uma for\u00e7a contr\u00e1ria a essa aprecia\u00e7\u00e3o global que, teoricamente, as moedas est\u00e3o tendo frente ao d\u00f3lar, \u00e9 exatamente a quest\u00e3o fiscal.<\/p>\n<\/blockquote>\n\n\n\n<p>\u201cO cen\u00e1rio deu uma arrefecida com a fala do [Fernando] Haddad sobre a volta do imposto dos combust\u00edveis e tudo ainda que move arrecada\u00e7\u00e3o a cobrir o rombo do d\u00e9ficit publico. O mercado v\u00ea com bons olhos e acaba tirando um pouco de press\u00e3o em cima do d\u00f3lar\u201d, ressaltou Velloni.<\/p>\n\n\n\t<p>\n\t\t<a href=\"https:\/\/lp.suno.com.br\/planilha-controle-gastos\/\" target=\"_blank\" data-element=\"shortcode-suno-banner\" title=\"Banner SUNO, clique e saiba mais\">\n\t\t\t<picture>\n\t\t\t\t<source media=\"(max-width: 500px)\" srcset=\"https:\/\/files.sunoresearch.com.br\/n\/uploads\/2023\/03\/400x300-Planilha-controle-de-gastos.png\">\n\t\t\t\t<img class=\"newsContent__article__imgCapa newsContent__article__imgCapa--banner\"\n\t\t\t\t\tsrc=\"https:\/\/files.sunoresearch.com.br\/n\/uploads\/2023\/03\/1420x240-Planilha-controle-de-gastos.png\"\n\t\t\t\t\tdata-promo-id=\"101751\"\t\t\t\t\t\t\t\t\t\twidth='1420' height='240'\t\t\t\t\talt=\"https:\/\/files.sunoresearch.com.br\/n\/uploads\/2023\/03\/1420x240-Planilha-controle-de-gastos.png\"\n\t\t\t\t>\n\t\t\t<\/picture>\n\t\t<\/a>\n\t<\/p>\n\n\n\n\n\n<h2 class=\"wp-block-heading\" id=\"h-dolar-em-2023-cenario-externo-tambem-impacta-na-cotacao\">D\u00f3lar em 2023: cen\u00e1rio externo tamb\u00e9m impacta na cota\u00e7\u00e3o<\/h2>\n\n\n\n<p>Al\u00e9m dos ru\u00eddos internos brasileiros, o que ocorre fora do Pa\u00eds tamb\u00e9m mexe com o cen\u00e1rio do <strong>d\u00f3lar vs real<\/strong>. <\/p>\n\n\n\n<p>Os analistas do BTG Pactual argumentaram que a decis\u00e3o do <strong>Federal Reserve (Fed)<\/strong> de <a href=\"https:\/\/www.suno.com.br\/noticias\/fed-juros-eua-fevereiro\/\" target=\"_blank\" rel=\"noreferrer noopener\">desacelerar a alta dos juros nos Estados Unidos<\/a> &#8220;reduziu a possibilidade de encerramento do ciclo em mar\u00e7o, sinalizando que [os l\u00edderes econ\u00f4micos norte-americanos] ainda n\u00e3o atingiram o patamar suficientemente restritivo necess\u00e1rio para a desacelera\u00e7\u00e3o da infla\u00e7\u00e3o&#8221;.<\/p>\n\n\n\n<blockquote class=\"wp-block-quote is-layout-flow wp-block-quote-is-layout-flow\">\n<p>O [Jerome] Powell foi novamente questionado sobre a precifica\u00e7\u00e3o na curva futura de uma redu\u00e7\u00e3o de juros no pr\u00f3ximo semestre e refor\u00e7ou, assim como j\u00e1 tinha feito em outras apari\u00e7\u00f5es, que cortes na taxa n\u00e3o ser\u00e3o apropriados para este ano. A consolida\u00e7\u00e3o deste cen\u00e1rio deve pesar negativamente sobre o real.<\/p>\n<\/blockquote>\n\n\n\t<p>\n\t\t<a href=\"https:\/\/lp.suno.com.br\/planilha-da-vida-financeira\/\" target=\"_blank\" data-element=\"shortcode-suno-banner\" title=\"Banner SUNO, clique e saiba mais\">\n\t\t\t<picture>\n\t\t\t\t<source media=\"(max-width: 500px)\" srcset=\"https:\/\/files.sunoresearch.com.br\/n\/uploads\/2023\/04\/400x300-Planilha-vida-financeira-true.png\">\n\t\t\t\t<img class=\"newsContent__article__imgCapa newsContent__article__imgCapa--banner\"\n\t\t\t\t\tsrc=\"https:\/\/files.sunoresearch.com.br\/n\/uploads\/2023\/04\/1420x240-Planilha-vida-financeira-true.png\"\n\t\t\t\t\tdata-promo-id=\"106682\"\t\t\t\t\t\t\t\t\t\twidth='1420' height='240'\t\t\t\t\talt=\"https:\/\/files.sunoresearch.com.br\/n\/uploads\/2023\/04\/1420x240-Planilha-vida-financeira-true.png\"\n\t\t\t\t>\n\t\t\t<\/picture>\n\t\t<\/a>\n\t<\/p>\n\n\n\n\n\n<p>\u201cO d\u00f3lar j\u00e1 estava em tend\u00eancia de desacelera\u00e7\u00e3o, perdendo for\u00e7a, continuou desacelerando, ficando sem ritmo frente \u00e0s principais moedas. Provavelmente, a\u00a0<strong>baixa do d\u00f3lar<\/strong>\u00a0\u00e9 reflexo da percep\u00e7\u00e3o do mercado de que a\u00a0<a href=\"https:\/\/www.suno.com.br\/artigos\/politica-monetaria\/\" target=\"_blank\" rel=\"noreferrer noopener\">pol\u00edtica monet\u00e1ria<\/a>\u00a0j\u00e1 est\u00e1 chegando perto do teto de aperto\u201d, destacou Costa.<\/p>\n\n\n\n<p>Em uma economia globalizada, a&nbsp;<strong>moeda americana<\/strong>&nbsp;tamb\u00e9m \u00e9 afetada pela reabertura econ\u00f4mica da China, que est\u00e1 sendo mais r\u00e1pida do que o projetado inicialmente.<\/p>\n\n\n\n<p>\u201cO cen\u00e1rio internacional foi mudando um pouquinho, at\u00e9 com a&nbsp;retomada da China&nbsp;e o aumento dos pre\u00e7os das commodities, o que foi arrefecendo o <strong>d\u00f3lar<\/strong>&#8220;, complementou Velloni.<\/p>\n\n\n\t<p>\n\t\t<a href=\"https:\/\/lp.suno.com.br\/ebook-como-analisar-uma-acao\/\" target=\"_blank\" data-element=\"shortcode-suno-banner\" title=\"Banner SUNO, clique e saiba mais\">\n\t\t\t<picture>\n\t\t\t\t<source media=\"(max-width: 500px)\" srcset=\"https:\/\/files.sunoresearch.com.br\/n\/uploads\/2023\/03\/Ebook-Acoes-Mobile-1.jpg\">\n\t\t\t\t<img class=\"newsContent__article__imgCapa newsContent__article__imgCapa--banner\"\n\t\t\t\t\tsrc=\"https:\/\/files.sunoresearch.com.br\/n\/uploads\/2023\/03\/Ebook-Acoes-Desktop-1.jpg\"\n\t\t\t\t\tdata-promo-id=\"171998\"\t\t\t\t\t\t\t\t\t\twidth='1420' height='286'\t\t\t\t\talt=\"https:\/\/files.sunoresearch.com.br\/n\/uploads\/2023\/03\/Ebook-Acoes-Desktop-1.jpg\"\n\t\t\t\t>\n\t\t\t<\/picture>\n\t\t<\/a>\n\t<\/p>\n\n\n","protected":false},"excerpt":{"rendered":"<p>O d\u00f3lar ficou abaixo dos R$ 5 por alguns momentos neste m\u00eas e a expectativa do mercado \u00e9 de que esse cen\u00e1rio vol\u00e1til seja a regra de 2023. Uma das respostas para essa instabilidade s\u00e3o as nuvens pol\u00edticas que pairam sobre Bras\u00edlia na esfera da pol\u00edtica econ\u00f4mica. Fernando Haddad em c\u00e9dulas de d\u00f3lar. Foto: Montagem\/Suno [&hellip;]<\/p>\n","protected":false},"author":232,"featured_media":362383,"comment_status":"closed","ping_status":"closed","sticky":false,"template":"","format":"standard","meta":[],"categories":[62],"tags":[326,105816,716],"suno_strategy":[],"class_list":["post-362345","post","type-post","status-publish","format-standard","has-post-thumbnail","hentry","category-economia","tag-dolar","tag-especialistas","tag-fernando-haddad"],"yoast_head":"<!-- This site is optimized with the Yoast SEO plugin v24.4 - https:\/\/yoast.com\/wordpress\/plugins\/seo\/ -->\n<title>D\u00f3lar: nuvens pol\u00edticas em Bras\u00edlia bagun\u00e7am cota\u00e7\u00e3o da moeda<\/title>\n<meta name=\"description\" content=\"O d\u00f3lar ficou abaixo dos R$ 5 por alguns momentos e a expectativa do mercado \u00e9 de que esse cen\u00e1rio vol\u00e1til seja a regra de 2023. Entenda!\" \/>\n<meta name=\"robots\" content=\"index, follow, max-snippet:-1, max-image-preview:large, max-video-preview:-1\" \/>\n<link rel=\"canonical\" href=\"https:\/\/www.suno.com.br\/noticias\/dolar-nuvens-politicas-baguncam-cotacao-2023\/\" \/>\n<meta property=\"og:locale\" content=\"pt_BR\" \/>\n<meta property=\"og:type\" content=\"article\" \/>\n<meta property=\"og:title\" content=\"D\u00f3lar: nuvens pol\u00edticas em Bras\u00edlia bagun\u00e7am cota\u00e7\u00e3o da moeda\" \/>\n<meta property=\"og:description\" content=\"O d\u00f3lar ficou abaixo dos R$ 5 por alguns momentos e a expectativa do mercado \u00e9 de que esse cen\u00e1rio vol\u00e1til seja a regra de 2023. Entenda!\" \/>\n<meta property=\"og:url\" content=\"https:\/\/www.suno.com.br\/noticias\/dolar-nuvens-politicas-baguncam-cotacao-2023\/\" \/>\n<meta property=\"og:site_name\" content=\"Suno Not\u00edcias\" \/>\n<meta property=\"article:publisher\" content=\"https:\/\/facebook.com\/sunoresearch\" \/>\n<meta property=\"og:image\" content=\"https:\/\/files.sunoresearch.com.br\/n\/uploads\/2023\/02\/dolar-nota-fernando-haddad-incertezas-politicas.jpg\" \/>\n\t<meta property=\"og:image:width\" content=\"1200\" \/>\n\t<meta property=\"og:image:height\" content=\"675\" \/>\n\t<meta property=\"og:image:type\" content=\"image\/jpeg\" \/>\n<meta name=\"author\" content=\"Erick Matheus Nery\" \/>\n<meta name=\"twitter:card\" content=\"summary_large_image\" \/>\n<meta name=\"twitter:creator\" content=\"@sunoresearch\" \/>\n<meta name=\"twitter:site\" content=\"@sunoresearch\" \/>\n<meta name=\"twitter:label1\" content=\"Escrito por\" \/>\n\t<meta name=\"twitter:data1\" content=\"Erick Matheus Nery\" \/>\n\t<meta name=\"twitter:label2\" content=\"Est. tempo de leitura\" \/>\n\t<meta name=\"twitter:data2\" content=\"4 minutos\" \/>\n<script type=\"application\/ld+json\" class=\"yoast-schema-graph\">{\"@context\":\"https:\/\/schema.org\",\"@graph\":[{\"@type\":\"NewsArticle\",\"@id\":\"https:\/\/www.suno.com.br\/noticias\/dolar-nuvens-politicas-baguncam-cotacao-2023\/#article\",\"isPartOf\":{\"@id\":\"https:\/\/www.suno.com.br\/noticias\/dolar-nuvens-politicas-baguncam-cotacao-2023\/\"},\"author\":{\"name\":\"Erick Matheus Nery\",\"@id\":\"https:\/\/www.suno.com.br\/noticias\/#\/schema\/person\/6899bc3f19d1a7315f807131c2c013a0\"},\"headline\":\"Nuvens pol\u00edticas de Bras\u00edlia bagun\u00e7am d\u00f3lar: moeda vai ficar abaixo dos R$ 5 de novo?\",\"datePublished\":\"2023-02-10T21:27:46+00:00\",\"dateModified\":\"2023-02-10T21:27:53+00:00\",\"mainEntityOfPage\":{\"@id\":\"https:\/\/www.suno.com.br\/noticias\/dolar-nuvens-politicas-baguncam-cotacao-2023\/\"},\"wordCount\":720,\"publisher\":{\"@id\":\"https:\/\/www.suno.com.br\/noticias\/#organization\"},\"image\":{\"@id\":\"https:\/\/www.suno.com.br\/noticias\/dolar-nuvens-politicas-baguncam-cotacao-2023\/#primaryimage\"},\"thumbnailUrl\":\"https:\/\/files.sunoresearch.com.br\/n\/uploads\/2023\/02\/dolar-nota-fernando-haddad-incertezas-politicas.jpg\",\"keywords\":[\"d\u00f3lar\",\"Especialistas\",\"Fernando Haddad\"],\"articleSection\":[\"Economia\"],\"inLanguage\":\"pt-BR\"},{\"@type\":\"WebPage\",\"@id\":\"https:\/\/www.suno.com.br\/noticias\/dolar-nuvens-politicas-baguncam-cotacao-2023\/\",\"url\":\"https:\/\/www.suno.com.br\/noticias\/dolar-nuvens-politicas-baguncam-cotacao-2023\/\",\"name\":\"D\u00f3lar: nuvens pol\u00edticas em Bras\u00edlia bagun\u00e7am cota\u00e7\u00e3o da moeda\",\"isPartOf\":{\"@id\":\"https:\/\/www.suno.com.br\/noticias\/#website\"},\"primaryImageOfPage\":{\"@id\":\"https:\/\/www.suno.com.br\/noticias\/dolar-nuvens-politicas-baguncam-cotacao-2023\/#primaryimage\"},\"image\":{\"@id\":\"https:\/\/www.suno.com.br\/noticias\/dolar-nuvens-politicas-baguncam-cotacao-2023\/#primaryimage\"},\"thumbnailUrl\":\"https:\/\/files.sunoresearch.com.br\/n\/uploads\/2023\/02\/dolar-nota-fernando-haddad-incertezas-politicas.jpg\",\"datePublished\":\"2023-02-10T21:27:46+00:00\",\"dateModified\":\"2023-02-10T21:27:53+00:00\",\"description\":\"O d\u00f3lar ficou abaixo dos R$ 5 por alguns momentos e a expectativa do mercado \u00e9 de que esse cen\u00e1rio vol\u00e1til seja a regra de 2023. Entenda!\",\"breadcrumb\":{\"@id\":\"https:\/\/www.suno.com.br\/noticias\/dolar-nuvens-politicas-baguncam-cotacao-2023\/#breadcrumb\"},\"inLanguage\":\"pt-BR\",\"potentialAction\":[{\"@type\":\"ReadAction\",\"target\":[\"https:\/\/www.suno.com.br\/noticias\/dolar-nuvens-politicas-baguncam-cotacao-2023\/\"]}]},{\"@type\":\"ImageObject\",\"inLanguage\":\"pt-BR\",\"@id\":\"https:\/\/www.suno.com.br\/noticias\/dolar-nuvens-politicas-baguncam-cotacao-2023\/#primaryimage\",\"url\":\"https:\/\/files.sunoresearch.com.br\/n\/uploads\/2023\/02\/dolar-nota-fernando-haddad-incertezas-politicas.jpg\",\"contentUrl\":\"https:\/\/files.sunoresearch.com.br\/n\/uploads\/2023\/02\/dolar-nota-fernando-haddad-incertezas-politicas.jpg\",\"width\":1200,\"height\":675,\"caption\":\"Fernando Haddad em c\u00e9dulas de d\u00f3lar. Foto: Montagem\/Suno Not\u00edcias\"},{\"@type\":\"BreadcrumbList\",\"@id\":\"https:\/\/www.suno.com.br\/noticias\/dolar-nuvens-politicas-baguncam-cotacao-2023\/#breadcrumb\",\"itemListElement\":[{\"@type\":\"ListItem\",\"position\":1,\"name\":\"Not\u00edcias\",\"item\":\"https:\/\/www.suno.com.br\/noticias\/\"},{\"@type\":\"ListItem\",\"position\":2,\"name\":\"Economia\",\"item\":\"https:\/\/www.suno.com.br\/noticias\/economia\/\"},{\"@type\":\"ListItem\",\"position\":3,\"name\":\"Nuvens pol\u00edticas de Bras\u00edlia bagun\u00e7am d\u00f3lar: moeda vai ficar abaixo dos R$ 5 de novo?\"}]},{\"@type\":\"WebSite\",\"@id\":\"https:\/\/www.suno.com.br\/noticias\/#website\",\"url\":\"https:\/\/www.suno.com.br\/noticias\/\",\"name\":\"Suno Not\u00edcias\",\"description\":\"Seu portal de informa\u00e7\u00e3o sobre o mundo dos investimentos\",\"publisher\":{\"@id\":\"https:\/\/www.suno.com.br\/noticias\/#organization\"},\"potentialAction\":[{\"@type\":\"SearchAction\",\"target\":{\"@type\":\"EntryPoint\",\"urlTemplate\":\"https:\/\/www.suno.com.br\/noticias\/?s={search_term_string}\"},\"query-input\":{\"@type\":\"PropertyValueSpecification\",\"valueRequired\":true,\"valueName\":\"search_term_string\"}}],\"inLanguage\":\"pt-BR\"},{\"@type\":\"Organization\",\"@id\":\"https:\/\/www.suno.com.br\/noticias\/#organization\",\"name\":\"Suno Not\u00edcias\",\"url\":\"https:\/\/www.suno.com.br\/noticias\/\",\"logo\":{\"@type\":\"ImageObject\",\"inLanguage\":\"pt-BR\",\"@id\":\"https:\/\/www.suno.com.br\/noticias\/#\/schema\/logo\/image\/\",\"url\":\"https:\/\/files.sunoresearch.com.br\/n\/uploads\/2021\/09\/suno-logo.png\",\"contentUrl\":\"https:\/\/files.sunoresearch.com.br\/n\/uploads\/2021\/09\/suno-logo.png\",\"width\":180,\"height\":180,\"caption\":\"Suno Not\u00edcias\"},\"image\":{\"@id\":\"https:\/\/www.suno.com.br\/noticias\/#\/schema\/logo\/image\/\"},\"sameAs\":[\"https:\/\/facebook.com\/sunoresearch\",\"https:\/\/x.com\/sunoresearch\",\"https:\/\/www.instagram.com\/suno\",\"https:\/\/www.linkedin.com\/company\/suno-research\/\",\"https:\/\/www.youtube.com\/c\/sunoresearch\"]},{\"@type\":\"Person\",\"@id\":\"https:\/\/www.suno.com.br\/noticias\/#\/schema\/person\/6899bc3f19d1a7315f807131c2c013a0\",\"name\":\"Erick Matheus Nery\",\"image\":{\"@type\":\"ImageObject\",\"inLanguage\":\"pt-BR\",\"@id\":\"https:\/\/www.suno.com.br\/noticias\/#\/schema\/person\/image\/\",\"url\":\"https:\/\/secure.gravatar.com\/avatar\/518ddffe438ccb767782d372a66304d2?s=96&r=g\",\"contentUrl\":\"https:\/\/secure.gravatar.com\/avatar\/518ddffe438ccb767782d372a66304d2?s=96&r=g\",\"caption\":\"Erick Matheus Nery\"},\"description\":\"Formado em Jornalismo pela Universidade Federal do Par\u00e1 (UFPA), conta com extens\u00e3o em Jornalismo Econ\u00f4mico pela Funda\u00e7\u00e3o Get\u00falio Vargas (FGV). No Suno Not\u00edcias, atua como rep\u00f3rter de Mercado, com foco nos setores de telecomunica\u00e7\u00f5es, varejo, alimentos e renda fixa. Conta com passagens pelo jornal O Estado de S\u00e3o Paulo, como trainee de Jornalismo Econ\u00f4mico, e pelo site Not\u00edcias da TV.\",\"url\":\"https:\/\/www.suno.com.br\/noticias\/author\/erick-nery\/\"}]}<\/script>\n<!-- \/ Yoast SEO plugin. -->","yoast_head_json":{"title":"D\u00f3lar: nuvens pol\u00edticas em Bras\u00edlia bagun\u00e7am cota\u00e7\u00e3o da moeda","description":"O d\u00f3lar ficou abaixo dos R$ 5 por alguns momentos e a expectativa do mercado \u00e9 de que esse cen\u00e1rio vol\u00e1til seja a regra de 2023. Entenda!","robots":{"index":"index","follow":"follow","max-snippet":"max-snippet:-1","max-image-preview":"max-image-preview:large","max-video-preview":"max-video-preview:-1"},"canonical":"https:\/\/www.suno.com.br\/noticias\/dolar-nuvens-politicas-baguncam-cotacao-2023\/","og_locale":"pt_BR","og_type":"article","og_title":"D\u00f3lar: nuvens pol\u00edticas em Bras\u00edlia bagun\u00e7am cota\u00e7\u00e3o da moeda","og_description":"O d\u00f3lar ficou abaixo dos R$ 5 por alguns momentos e a expectativa do mercado \u00e9 de que esse cen\u00e1rio vol\u00e1til seja a regra de 2023. Entenda!","og_url":"https:\/\/www.suno.com.br\/noticias\/dolar-nuvens-politicas-baguncam-cotacao-2023\/","og_site_name":"Suno Not\u00edcias","article_publisher":"https:\/\/facebook.com\/sunoresearch","og_image":[{"width":1200,"height":675,"url":"https:\/\/files.sunoresearch.com.br\/n\/uploads\/2023\/02\/dolar-nota-fernando-haddad-incertezas-politicas.jpg","type":"image\/jpeg"}],"author":"Erick Matheus Nery","twitter_card":"summary_large_image","twitter_creator":"@sunoresearch","twitter_site":"@sunoresearch","twitter_misc":{"Escrito por":"Erick Matheus Nery","Est. tempo de leitura":"4 minutos"},"schema":{"@context":"https:\/\/schema.org","@graph":[{"@type":"NewsArticle","@id":"https:\/\/www.suno.com.br\/noticias\/dolar-nuvens-politicas-baguncam-cotacao-2023\/#article","isPartOf":{"@id":"https:\/\/www.suno.com.br\/noticias\/dolar-nuvens-politicas-baguncam-cotacao-2023\/"},"author":{"name":"Erick Matheus Nery","@id":"https:\/\/www.suno.com.br\/noticias\/#\/schema\/person\/6899bc3f19d1a7315f807131c2c013a0"},"headline":"Nuvens pol\u00edticas de Bras\u00edlia bagun\u00e7am d\u00f3lar: moeda vai ficar abaixo dos R$ 5 de novo?","datePublished":"2023-02-10T21:27:46+00:00","dateModified":"2023-02-10T21:27:53+00:00","mainEntityOfPage":{"@id":"https:\/\/www.suno.com.br\/noticias\/dolar-nuvens-politicas-baguncam-cotacao-2023\/"},"wordCount":720,"publisher":{"@id":"https:\/\/www.suno.com.br\/noticias\/#organization"},"image":{"@id":"https:\/\/www.suno.com.br\/noticias\/dolar-nuvens-politicas-baguncam-cotacao-2023\/#primaryimage"},"thumbnailUrl":"https:\/\/files.sunoresearch.com.br\/n\/uploads\/2023\/02\/dolar-nota-fernando-haddad-incertezas-politicas.jpg","keywords":["d\u00f3lar","Especialistas","Fernando Haddad"],"articleSection":["Economia"],"inLanguage":"pt-BR"},{"@type":"WebPage","@id":"https:\/\/www.suno.com.br\/noticias\/dolar-nuvens-politicas-baguncam-cotacao-2023\/","url":"https:\/\/www.suno.com.br\/noticias\/dolar-nuvens-politicas-baguncam-cotacao-2023\/","name":"D\u00f3lar: nuvens pol\u00edticas em Bras\u00edlia bagun\u00e7am cota\u00e7\u00e3o da moeda","isPartOf":{"@id":"https:\/\/www.suno.com.br\/noticias\/#website"},"primaryImageOfPage":{"@id":"https:\/\/www.suno.com.br\/noticias\/dolar-nuvens-politicas-baguncam-cotacao-2023\/#primaryimage"},"image":{"@id":"https:\/\/www.suno.com.br\/noticias\/dolar-nuvens-politicas-baguncam-cotacao-2023\/#primaryimage"},"thumbnailUrl":"https:\/\/files.sunoresearch.com.br\/n\/uploads\/2023\/02\/dolar-nota-fernando-haddad-incertezas-politicas.jpg","datePublished":"2023-02-10T21:27:46+00:00","dateModified":"2023-02-10T21:27:53+00:00","description":"O d\u00f3lar ficou abaixo dos R$ 5 por alguns momentos e a expectativa do mercado \u00e9 de que esse cen\u00e1rio vol\u00e1til seja a regra de 2023. Entenda!","breadcrumb":{"@id":"https:\/\/www.suno.com.br\/noticias\/dolar-nuvens-politicas-baguncam-cotacao-2023\/#breadcrumb"},"inLanguage":"pt-BR","potentialAction":[{"@type":"ReadAction","target":["https:\/\/www.suno.com.br\/noticias\/dolar-nuvens-politicas-baguncam-cotacao-2023\/"]}]},{"@type":"ImageObject","inLanguage":"pt-BR","@id":"https:\/\/www.suno.com.br\/noticias\/dolar-nuvens-politicas-baguncam-cotacao-2023\/#primaryimage","url":"https:\/\/files.sunoresearch.com.br\/n\/uploads\/2023\/02\/dolar-nota-fernando-haddad-incertezas-politicas.jpg","contentUrl":"https:\/\/files.sunoresearch.com.br\/n\/uploads\/2023\/02\/dolar-nota-fernando-haddad-incertezas-politicas.jpg","width":1200,"height":675,"caption":"Fernando Haddad em c\u00e9dulas de d\u00f3lar. Foto: Montagem\/Suno Not\u00edcias"},{"@type":"BreadcrumbList","@id":"https:\/\/www.suno.com.br\/noticias\/dolar-nuvens-politicas-baguncam-cotacao-2023\/#breadcrumb","itemListElement":[{"@type":"ListItem","position":1,"name":"Not\u00edcias","item":"https:\/\/www.suno.com.br\/noticias\/"},{"@type":"ListItem","position":2,"name":"Economia","item":"https:\/\/www.suno.com.br\/noticias\/economia\/"},{"@type":"ListItem","position":3,"name":"Nuvens pol\u00edticas de Bras\u00edlia bagun\u00e7am d\u00f3lar: moeda vai ficar abaixo dos R$ 5 de novo?"}]},{"@type":"WebSite","@id":"https:\/\/www.suno.com.br\/noticias\/#website","url":"https:\/\/www.suno.com.br\/noticias\/","name":"Suno Not\u00edcias","description":"Seu portal de informa\u00e7\u00e3o sobre o mundo dos investimentos","publisher":{"@id":"https:\/\/www.suno.com.br\/noticias\/#organization"},"potentialAction":[{"@type":"SearchAction","target":{"@type":"EntryPoint","urlTemplate":"https:\/\/www.suno.com.br\/noticias\/?s={search_term_string}"},"query-input":{"@type":"PropertyValueSpecification","valueRequired":true,"valueName":"search_term_string"}}],"inLanguage":"pt-BR"},{"@type":"Organization","@id":"https:\/\/www.suno.com.br\/noticias\/#organization","name":"Suno Not\u00edcias","url":"https:\/\/www.suno.com.br\/noticias\/","logo":{"@type":"ImageObject","inLanguage":"pt-BR","@id":"https:\/\/www.suno.com.br\/noticias\/#\/schema\/logo\/image\/","url":"https:\/\/files.sunoresearch.com.br\/n\/uploads\/2021\/09\/suno-logo.png","contentUrl":"https:\/\/files.sunoresearch.com.br\/n\/uploads\/2021\/09\/suno-logo.png","width":180,"height":180,"caption":"Suno Not\u00edcias"},"image":{"@id":"https:\/\/www.suno.com.br\/noticias\/#\/schema\/logo\/image\/"},"sameAs":["https:\/\/facebook.com\/sunoresearch","https:\/\/x.com\/sunoresearch","https:\/\/www.instagram.com\/suno","https:\/\/www.linkedin.com\/company\/suno-research\/","https:\/\/www.youtube.com\/c\/sunoresearch"]},{"@type":"Person","@id":"https:\/\/www.suno.com.br\/noticias\/#\/schema\/person\/6899bc3f19d1a7315f807131c2c013a0","name":"Erick Matheus Nery","image":{"@type":"ImageObject","inLanguage":"pt-BR","@id":"https:\/\/www.suno.com.br\/noticias\/#\/schema\/person\/image\/","url":"https:\/\/secure.gravatar.com\/avatar\/518ddffe438ccb767782d372a66304d2?s=96&r=g","contentUrl":"https:\/\/secure.gravatar.com\/avatar\/518ddffe438ccb767782d372a66304d2?s=96&r=g","caption":"Erick Matheus Nery"},"description":"Formado em Jornalismo pela Universidade Federal do Par\u00e1 (UFPA), conta com extens\u00e3o em Jornalismo Econ\u00f4mico pela Funda\u00e7\u00e3o Get\u00falio Vargas (FGV). No Suno Not\u00edcias, atua como rep\u00f3rter de Mercado, com foco nos setores de telecomunica\u00e7\u00f5es, varejo, alimentos e renda fixa. Conta com passagens pelo jornal O Estado de S\u00e3o Paulo, como trainee de Jornalismo Econ\u00f4mico, e pelo site Not\u00edcias da TV.","url":"https:\/\/www.suno.com.br\/noticias\/author\/erick-nery\/"}]}},"default_loop_html":"<div class=\"cardsPage__listCard__boxs\"><div class=\"cardsPage__listCard__boxs__img\"><a href=\"https:\/\/www.suno.com.br\/noticias\/dolar-nuvens-politicas-baguncam-cotacao-2023\/\"><img class=\"mask\" src=\"https:\/\/www.suno.com.br\/noticias\/wp-content\/themes\/suno\/resources\/images\/spotlight\/spotlight1img\/bg-mask.png\" alt=\"Image Mask\"\/><img src=\"https:\/\/files.sunoresearch.com.br\/n\/uploads\/2023\/02\/dolar-nota-fernando-haddad-incertezas-politicas-400x200.jpg\" alt=\"Nuvens pol\u00edticas de Bras\u00edlia bagun\u00e7am d\u00f3lar: moeda vai ficar abaixo dos R$ 5 de novo?\"\/><\/a><span class=\"spotlightCategory\"><a href=\"https:\/\/www.suno.com.br\/noticias\/economia\/\">Economia<\/a><\/span><\/div><div class=\"cardsPage__listCard__boxs__content\"><a href=\"https:\/\/www.suno.com.br\/noticias\/dolar-nuvens-politicas-baguncam-cotacao-2023\/\"><h2 class=\"content__title\">Nuvens pol\u00edticas de Bras\u00edlia bagun\u00e7am d\u00f3lar: moeda vai ficar abaixo dos R$ 5 de novo?<\/h2><\/a><div class=\"newsContent__article__meta\"><div class=\"newsContent__article__meta__authorBox\"><a href=\"https:\/\/www.suno.com.br\/noticias\/author\/erick-nery\/\" class=\"authorBox__avatar noMobi\"><img src=\"https:\/\/secure.gravatar.com\/avatar\/518ddffe438ccb767782d372a66304d2?s=96&#038;r=g\" alt=\"Erick Matheus Nery\"><\/a><div class=\"authorBox__name\"><span>por\n\t\t\t<a href=\"https:\/\/www.suno.com.br\/noticias\/author\/erick-nery\/\"><span itemprop=\"author\">Erick Matheus Nery<\/span><\/a><\/span><time datetime=\"2023-02-10T18:27:46-03:00\" itemprop=\"datePublished\">10\/02\/2023 18:27<\/time><\/div><\/div><\/div><\/div><\/div>","single_layout":"posts","amp_enabled":true,"_links":{"self":[{"href":"https:\/\/www.suno.com.br\/noticias\/wp-json\/wp\/v2\/posts\/362345"}],"collection":[{"href":"https:\/\/www.suno.com.br\/noticias\/wp-json\/wp\/v2\/posts"}],"about":[{"href":"https:\/\/www.suno.com.br\/noticias\/wp-json\/wp\/v2\/types\/post"}],"author":[{"embeddable":true,"href":"https:\/\/www.suno.com.br\/noticias\/wp-json\/wp\/v2\/users\/232"}],"replies":[{"embeddable":true,"href":"https:\/\/www.suno.com.br\/noticias\/wp-json\/wp\/v2\/comments?post=362345"}],"version-history":[{"count":3,"href":"https:\/\/www.suno.com.br\/noticias\/wp-json\/wp\/v2\/posts\/362345\/revisions"}],"predecessor-version":[{"id":379475,"href":"https:\/\/www.suno.com.br\/noticias\/wp-json\/wp\/v2\/posts\/362345\/revisions\/379475"}],"wp:featuredmedia":[{"embeddable":true,"href":"https:\/\/www.suno.com.br\/noticias\/wp-json\/wp\/v2\/media\/362383"}],"wp:attachment":[{"href":"https:\/\/www.suno.com.br\/noticias\/wp-json\/wp\/v2\/media?parent=362345"}],"wp:term":[{"taxonomy":"category","embeddable":true,"href":"https:\/\/www.suno.com.br\/noticias\/wp-json\/wp\/v2\/categories?post=362345"},{"taxonomy":"post_tag","embeddable":true,"href":"https:\/\/www.suno.com.br\/noticias\/wp-json\/wp\/v2\/tags?post=362345"},{"taxonomy":"suno_strategy","embeddable":true,"href":"https:\/\/www.suno.com.br\/noticias\/wp-json\/wp\/v2\/suno_strategy?post=362345"}],"curies":[{"name":"wp","href":"https:\/\/api.w.org\/{rel}","templated":true}]}}