{"id":362130,"date":"2023-02-10T12:54:27","date_gmt":"2023-02-10T15:54:27","guid":{"rendered":"https:\/\/www.suno.com.br\/noticias\/?p=362130"},"modified":"2023-02-10T17:01:14","modified_gmt":"2023-02-10T20:01:14","slug":"bradesco-bbdc4-resultado-analistas-mancha-ruim","status":"publish","type":"post","link":"https:\/\/www.suno.com.br\/noticias\/bradesco-bbdc4-resultado-analistas-mancha-ruim\/","title":{"rendered":"Bradesco (BBDC4) sofre com &#8220;mancha vermelha&#8221; no 4T22 e est\u00e1 &#8220;ruim at\u00e9 para pessimistas&#8221;, dizem analistas"},"content":{"rendered":"<p>Ap\u00f3s reportar seu resultado trimestral referente ao quarto trimestre de 2022 (4T22), o <strong>Bradesco <\/strong>(<a href=\"https:\/\/www.suno.com.br\/acoes\/bbdc4\" target=\"_blank\" rel=\"noreferrer noopener\">BBDC4<\/a>) figura dentre as maiores quedas da bolsa de valores, com retra\u00e7\u00e3o de 7,6% por volta das 11h50.<\/p><div class=\"videoFull \">\n\t\t\t<div class=\"videoWrapper yt-lazyload center\"\n\t\t\t\tdata-width=\"960\"\n\t\t\t\tdata-height=\"540\"\n\t\t\t\tdata-id=\"hQQBsJhl7QE\"\n\t\t\t\tdata-alt=\"V\u00eddeo do YouTube - clique para reproduzir\"\n\t\t\t\tdata-logo=\"3\"\n\t\t\t\tdata-imagequality=\"maxres\">\n\t\t\t<\/div>\n\t\t<\/div><script type=\"application\/ld+json\">{\"@context\":\"https:\/\/schema.org\",\"@type\":\"VideoObject\",\"name\":\"Bradesco (BBDC4): lucro cai 75% |  Americanas (AMER3) vai captar R$ 2 bi | Meta de infla\u00e7\u00e3o mudar\u00e1?\",\"description\":\"\ud83e\udd73 \ud835\udc04 \ud835\udc29\ud835\udc1a\ud835\udc2b\ud835\udc1a \ud835\udc1c\ud835\udc1e\ud835\udc25\ud835\udc1e\ud835\udc1b\ud835\udc2b\ud835\udc1a\ud835\udc2b, \ud835\udc28\ud835\udc2c \ud835\udfd4 \ud835\udc1a\ud835\udc27\ud835\udc28\ud835\udc2c \ud835\udc1d\ud835\udc1e \ud835\udc2d\ud835\udc2b\ud835\udc1a\ud835\udc27\ud835\udc2c\ud835\udc1f\ud835\udc28\ud835\udc2b\ud835\udc26\ud835\udc1a\u00e7\u00e3\ud835\udc28 \ud835\udc1f\ud835\udc22\ud835\udc27\ud835\udc1a\ud835\udc27\ud835\udc1c\ud835\udc1e\ud835\udc22\ud835\udc2b\ud835\udc1a \ud835\udc1d\ud835\udc1a \ud835\udc12\ud835\udc2e\ud835\udc27\ud835\udc28, \ud835\udc2d\ud835\udc1e\ud835\udc26\ud835\udc28\ud835\udc2c \ud835\udc2e\ud835\udc26\ud835\udc1a \ud835\udc29\ud835\udc2b\ud835\udc28\ud835\udc26\ud835\udc28\u00e7\u00e3\ud835\udc28 \ud835\udc22\ud835\udc26\ud835\udc29\ud835\udc1e\ud835\udc2b\ud835\udc1d\u00ed\ud835\udc2f\ud835\udc1e\ud835\udc25: \ud835\udc1a\ud835\udc2c\ud835\udc2c\ud835\udc22\ud835\udc27\ud835\udc1a\ud835\udc2d\ud835\udc2e\ud835\udc2b\ud835\udc1a\ud835\udc2c \ud835\udc1c\ud835\udc28\ud835\udc26 \ud835\udc29\ud835\udc2b\ud835\udc1e\u00e7\ud835\udc28 \ud835\udc1d\ud835\udc1e \ud835\udfd1 \ud835\udc29\ud835\udc28\ud835\udc2b \ud835\udfd0. \ud83e\udd11\ud83e\udd13 \u00c9 \ud835\udc22\ud835\udc2c\ud835\udc2c\ud835\udc28 \ud835\udc26\ud835\udc1e\ud835\udc2c\ud835\udc26\ud835\udc28: \ud835\udc1c\ud835\udc28\ud835\udc26\ud835\udc29\ud835\udc2b\ud835\udc1e \ud835\udfd0 \ud835\udc1a\ud835\udc27\ud835\udc28\ud835\udc2c \ud835\udc1e \ud835\udc20\ud835\udc1a\ud835\udc27\ud835\udc21\ud835\udc1e \ud835\udfcf \ud835\udc1d\ud835\udc1e \ud835\udc20\ud835\udc2b\ud835\udc1a\u00e7\ud835\udc1a! \ud835\udc02\ud835\udc25\ud835\udc22\ud835\udc2a\ud835\udc2e\ud835\udc1e \ud835\udc27\ud835\udc28 \ud835\udc25\ud835\udc22\ud835\udc27\ud835\udc24 \ud835\udc1e \ud835\udc27\u00e3\ud835\udc28 \ud835\udc29\ud835\udc1e\ud835\udc2b\ud835\udc1c\ud835\udc1a \ud835\udc1e\ud835\udc2c\ud835\udc2d\ud835\udc1a \ud835\udc28\ud835\udc29\ud835\udc28\ud835\udc2b\ud835\udc2d\ud835\udc2e\ud835\udc27\ud835\udc22\ud835\udc1d\ud835\udc1a\ud835\udc1d\ud835\udc1e \ud835\udc1d\ud835\udc1e \ud835\udc22\ud835\udc27\ud835\udc2f\ud835\udc1e\ud835\udc2c\ud835\udc2d\ud835\udc22\ud835\udc2b \ud835\udc1e\ud835\udc26 \ud835\udc2c\ud835\udc2e\ud835\udc1a \ud835\udc2f\ud835\udc22\ud835\udc1d\ud835\udc1a \ud835\udc1f\ud835\udc22\ud835\udc27\ud835\udc1a\ud835\udc27\ud835\udc1c\ud835\udc1e\ud835\udc22\ud835\udc2b\ud835\udc1a. \ud83d\udc47 https:\/\/lp.suno.com.br\/pv\/aniversario-suno-6-anos\/?utm_source=youtube.noticias&utm_medium=live&utm_campaign=RS.ANV23.ns.20230209&utm_content=noticias.morning.10022023 \ud83d\udd0e \ud83d\udcca[\ud835\uddf2\ud835\uddd5\ud835\uddfc\ud835\uddfc\ud835\uddf8 \ud835\uddda\ud835\udde5\ud835\uddd4\ud835\udde7\ud835\udde8\ud835\udddc\ud835\udde7\ud835\udde2] \ud835\uddd4\ud835\uddfd\ud835\uddff\ud835\uddf2\ud835\uddfb\ud835\uddf1\ud835\uddee\u2026\",\"duration\":\"PT37M\",\"embedUrl\":\"https:\/\/www.youtube.com\/embed\/hQQBsJhl7QE\",\"regionsAllowed\":\"pt-BR\",\"interactionStatistic\":{\"@type\":\"InteractionCounter\",\"interactionType\":{\"@type\":\"WatchAction\"},\"userInteractionCount\":12341},\"thumbnailUrl\":\"https:\/\/i.ytimg.com\/vi\/hQQBsJhl7QE\/default.jpg\",\"uploadDate\":\"2023-02-10T12:44:13Z\"}<\/script>\n\n\n\n\n\t<p>\n\t\t<a href=\"\" target=\"_blank\" data-element=\"shortcode-suno-banner\" title=\"Banner SUNO, clique e saiba mais\">\n\t\t\t<picture>\n\t\t\t\t<source media=\"(max-width: 500px)\" srcset=\"\">\n\t\t\t\t<img class=\"newsContent__article__imgCapa newsContent__article__imgCapa--banner\"\n\t\t\t\t\tsrc=\"\"\n\t\t\t\t\tdata-promo-id=\"138420\"\t\t\t\t\t\t\t\t\t\t\t\t\t\t\talt=\"\"\n\t\t\t\t>\n\t\t\t<\/picture>\n\t\t<\/a>\n\t<\/p>\n\n\n\n\n\n<p>\u00c9 a segunda vez consecutiva que os <a href=\"https:\/\/www.suno.com.br\/noticias\/bradesco-bbdc4-resultado-4t22\/\" target=\"_blank\" rel=\"noreferrer noopener\"><strong>resultados do Bradesco<\/strong> <\/a>impactam intensa e negativamente as <a href=\"https:\/\/statusinvest.com.br\/acoes\/bbdc4\" target=\"_blank\" rel=\"noreferrer noopener\">a\u00e7\u00f5es <\/a>&#8211; no trimestre anterior, a inadimpl\u00eancia fez os pap\u00e9is derreterem mais de 15% com uma inadimpl\u00eancia acima do esperado no balan\u00e7o.<\/p>\n\n\n\n<p>O <strong>lucro do Bradesco<\/strong> foi de R$ 1,59 bilh\u00e3o. O consenso Bloomberg projetava R$ 4,46 bilh\u00f5es, quase tr\u00eas vezes mais.<\/p>\n\n\n\n<p>Em an\u00e1lises sobre os n\u00fameros do banco privado, especialistas de mercado descrevem o resultado como &#8220;manchados em tinta vermelha&#8221; e &#8220;ruim at\u00e9 para pessimistas&#8221;. Na primeira descri\u00e7\u00e3o, h\u00e1 uma clara associa\u00e7\u00e3o com o aumento do provisionamento, que muito provavelmente est\u00e1 associado \u00e0 <a href=\"https:\/\/www.suno.com.br\/acoes\/amer3\" target=\"_blank\" rel=\"noreferrer noopener\">Americanas (AMER3)<\/a>.<\/p>\n\n\n\n<p>&#8220;Vemos os resultados do 4T22 do Bradesco como fracos em grande parte devido \u00e0 consider\u00e1vel provis\u00e3o relacionada a um evento subsequente (provavelmente o caso da Americanas), que arrastou seu <a class=\"suno-keyword\" target=\"_blank\" data-force=\"no\" data-priority=\"1\" href=\"https:\/\/www.suno.com.br\/artigos\/lucro-liquido\/\" rel=\"noopener\">lucro l\u00edquido<\/a> para R$ 1,6 bilh\u00e3o (62% abaixo de nossa proje\u00e7\u00e3o) , implicando um ROAE de 3,9% no quarto trimestre. Al\u00e9m disso, sua inadimpl\u00eancia continuou crescendo e pressionando seus <a class=\"suno-keyword\" target=\"_blank\" data-force=\"no\" data-priority=\"1\" href=\"https:\/\/www.suno.com.br\/artigos\/resultados-trimestrais\/\" rel=\"noopener\">resultados trimestrais<\/a>&#8220;, dizem os analistas da XP Investimentos, os que citaram a &#8220;mancha vermelha&#8221;.<\/p>\n\n\n\n<p>O \u00fanico fator positivo, segundo a casa, \u00e9 de que isso j\u00e1 est\u00e1 100% provisionado e &#8216;limpa&#8217; o balan\u00e7o do banco para o ano de 2023, poupando mais impactos no resultado trimestral referente ao in\u00edcio deste ano.<\/p>\n\n\n\n<p>&#8220;Adicionalmente, sua <a class=\"suno-keyword\" target=\"_blank\" data-force=\"no\" data-priority=\"1\" href=\"https:\/\/www.suno.com.br\/artigos\/margem-de-lucro\/\" rel=\"noopener\">margem de lucro<\/a> de mercado apresentou alguma melhora na base trimestral e os resultados de seu segmento de seguros melhoraram consideravelmente&#8221;, acrescenta a XP.<\/p>\n\n\n\t<p>\n\t\t<a href=\"https:\/\/lp.suno.com.br\/planilha-controle-gastos\/\" target=\"_blank\" data-element=\"shortcode-suno-banner\" title=\"Banner SUNO, clique e saiba mais\">\n\t\t\t<picture>\n\t\t\t\t<source media=\"(max-width: 500px)\" srcset=\"https:\/\/files.sunoresearch.com.br\/n\/uploads\/2023\/03\/400x300-Planilha-controle-de-gastos.png\">\n\t\t\t\t<img class=\"newsContent__article__imgCapa newsContent__article__imgCapa--banner\"\n\t\t\t\t\tsrc=\"https:\/\/files.sunoresearch.com.br\/n\/uploads\/2023\/03\/1420x240-Planilha-controle-de-gastos.png\"\n\t\t\t\t\tdata-promo-id=\"101751\"\t\t\t\t\t\t\t\t\t\twidth='1420' height='240'\t\t\t\t\talt=\"https:\/\/files.sunoresearch.com.br\/n\/uploads\/2023\/03\/1420x240-Planilha-controle-de-gastos.png\"\n\t\t\t\t>\n\t\t\t<\/picture>\n\t\t<\/a>\n\t<\/p>\n\n\n\n\n\n<p>Analistas do BB Investimentos foram categ\u00f3ricos, citando um &#8220;agravamento das tend\u00eancias negativas&#8221; do banco.<\/p>\n\n\n\n<p>Mas foram al\u00e9m, citando que o impacto da varejista que pediu recupera\u00e7\u00e3o judicial recentemente n\u00e3o \u00e9 o \u00fanico &#8216;culpado&#8217; pelo trimestre ruim.<\/p>\n\n\n\n<p>&#8220;O resultado do 4T22 n\u00e3o apenas acentuou algumas tend\u00eancias negativas mais claramente vistas ao longo do segundo semestre do ano passado, em especial da qualidade de cr\u00e9dito, mas tamb\u00e9m conteve um evento de impacto consider\u00e1vel \u2013 o da Americanas \u2013 ao qual o Bradesco possui exposi\u00e7\u00e3o relevante&#8221;, diz a casa.<\/p>\n\n\n\n<p>&#8220;Mesmo isolando o provisionamento massivo de Americanas \u2013 j\u00e1 que, ao contr\u00e1rio de Ita\u00fa e ABC, o Bradesco optou por transitar por completo na DRE \u2013, vimos escalada significativa nas despesas com provis\u00f5es, resultante de \u00edndices de inadimpl\u00eancia que evidenciam piora em praticamente todos os segmentos, mas com mais \u00edmpeto em Pequenas e M\u00e9dias Empresas, que se juntam ao j\u00e1 pressionado segmento de <a class=\"suno-keyword\" data-force=\"no\" data-priority=\"2\" href=\"https:\/\/www.suno.com.br\/artigos\/pessoa-fisica\/\" target=\"_blank\" rel=\"noopener\">Pessoas F\u00edsicas<\/a>, formando um quadro que mostra deteriora\u00e7\u00e3o preocupantemente acima de demais representantes do setor banc\u00e1rio&#8221;, acrescenta.<\/p>\n\n\n\n<p>O BB tamb\u00e9m destaca que os \u00edndices de atrasos antecedentes de 15 e 90 dias que estavam est\u00e1veis nos resultados anteriores passaram a piorar agora.<\/p>\n\n\n\t<p>\n\t\t<a href=\"https:\/\/lp.suno.com.br\/planilha-da-vida-financeira\/\" target=\"_blank\" data-element=\"shortcode-suno-banner\" title=\"Banner SUNO, clique e saiba mais\">\n\t\t\t<picture>\n\t\t\t\t<source media=\"(max-width: 500px)\" srcset=\"https:\/\/files.sunoresearch.com.br\/n\/uploads\/2023\/04\/400x300-Planilha-vida-financeira-true.png\">\n\t\t\t\t<img class=\"newsContent__article__imgCapa newsContent__article__imgCapa--banner\"\n\t\t\t\t\tsrc=\"https:\/\/files.sunoresearch.com.br\/n\/uploads\/2023\/04\/1420x240-Planilha-vida-financeira-true.png\"\n\t\t\t\t\tdata-promo-id=\"106682\"\t\t\t\t\t\t\t\t\t\twidth='1420' height='240'\t\t\t\t\talt=\"https:\/\/files.sunoresearch.com.br\/n\/uploads\/2023\/04\/1420x240-Planilha-vida-financeira-true.png\"\n\t\t\t\t>\n\t\t\t<\/picture>\n\t\t<\/a>\n\t<\/p>\n\n\n\n\n\n<h2 class=\"wp-block-heading\" id=\"h-futuro-do-bradesco\">Futuro do Bradesco<\/h2>\n\n\n\n<p>Junto com o resultado, o Bradesco divulgou seu guidance para 2023, com n\u00fameros vistos como &#8220;t\u00edmidos&#8221; por analistas da XP.<\/p>\n\n\n\n<p>As proje\u00e7\u00f5es do banco para 2023 s\u00e3o:<\/p>\n\n\n\n<ul class=\"wp-block-list\">\n<li>Crescimento da carteira de cr\u00e9dito total entre 6,5%-9,5%<\/li>\n\n\n\n<li>NII de clientes com crescimento entre 7,0%-11%<\/li>\n\n\n\n<li>Crescimento das Receitas de Seguros entre 6,0%-10,0%<\/li>\n\n\n\n<li>Custo do cr\u00e9dito entre R$ 36,5-39,5 bilh\u00f5es<\/li>\n<\/ul>\n\n\n\n<p>Analistas do UBS-BB projetam, a priori, que o lucro do banco, neste ano de 2023, deve girar em torno R$ 20 bilh\u00f5es, podendo variar para R$ 16 bilh\u00f5es em um cen\u00e1rio negativo e R$ 24 bilh\u00f5es em um cen\u00e1rio positivo.<\/p>\n\n\n\n<p>Al\u00e9m disso, destacam que o <strong>Bradesco<\/strong> pode sofrer com impactos fiscais negativos por causa da lucratividade menor.<\/p>\n\n\n\t<p>\n\t\t<a href=\"https:\/\/lp.suno.com.br\/ebook-como-analisar-uma-acao\/\" target=\"_blank\" data-element=\"shortcode-suno-banner\" title=\"Banner SUNO, clique e saiba mais\">\n\t\t\t<picture>\n\t\t\t\t<source media=\"(max-width: 500px)\" srcset=\"https:\/\/files.sunoresearch.com.br\/n\/uploads\/2023\/03\/Ebook-Acoes-Mobile-1.jpg\">\n\t\t\t\t<img class=\"newsContent__article__imgCapa newsContent__article__imgCapa--banner\"\n\t\t\t\t\tsrc=\"https:\/\/files.sunoresearch.com.br\/n\/uploads\/2023\/03\/Ebook-Acoes-Desktop-1.jpg\"\n\t\t\t\t\tdata-promo-id=\"171998\"\t\t\t\t\t\t\t\t\t\twidth='1420' height='286'\t\t\t\t\talt=\"https:\/\/files.sunoresearch.com.br\/n\/uploads\/2023\/03\/Ebook-Acoes-Desktop-1.jpg\"\n\t\t\t\t>\n\t\t\t<\/picture>\n\t\t<\/a>\n\t<\/p>\n\n\n","protected":false},"excerpt":{"rendered":"<p>Ap\u00f3s reportar seu resultado trimestral referente ao quarto trimestre de 2022 (4T22), o Bradesco (BBDC4) figura dentre as maiores quedas da bolsa de valores, com retra\u00e7\u00e3o de 7,6% por volta das 11h50. \u00c9 a segunda vez consecutiva que os resultados do Bradesco impactam intensa e negativamente as a\u00e7\u00f5es &#8211; no trimestre anterior, a inadimpl\u00eancia fez [&hellip;]<\/p>\n","protected":false},"author":73,"featured_media":118916,"comment_status":"closed","ping_status":"closed","sticky":false,"template":"","format":"standard","meta":[],"categories":[64],"tags":[286,392,105816],"suno_strategy":[],"class_list":["post-362130","post","type-post","status-publish","format-standard","has-post-thumbnail","hentry","category-negocios","tag-acoes","tag-bradesco-bbdc3-bbdc4","tag-especialistas"],"yoast_head":"<!-- This site is optimized with the Yoast SEO plugin v24.4 - https:\/\/yoast.com\/wordpress\/plugins\/seo\/ -->\n<title>Bradesco (BBDC4) sofre no 4T22: &quot;Ruim at\u00e9 para pessimistas&quot;<\/title>\n<meta name=\"description\" content=\"Ao ver o resultado do 4T22 do Bradesco, analistas reiteraram sua vis\u00e3o negativa com n\u00fameros do banco. Clique e confira!\" \/>\n<meta name=\"robots\" content=\"index, follow, max-snippet:-1, max-image-preview:large, max-video-preview:-1\" \/>\n<link rel=\"canonical\" href=\"https:\/\/www.suno.com.br\/noticias\/bradesco-bbdc4-resultado-analistas-mancha-ruim\/\" \/>\n<meta property=\"og:locale\" content=\"pt_BR\" \/>\n<meta property=\"og:type\" content=\"article\" \/>\n<meta property=\"og:title\" content=\"Bradesco (BBDC4) sofre no 4T22: &quot;Ruim at\u00e9 para pessimistas&quot;\" \/>\n<meta property=\"og:description\" content=\"Ao ver o resultado do 4T22 do Bradesco, analistas reiteraram sua vis\u00e3o negativa com n\u00fameros do banco. Clique e confira!\" \/>\n<meta property=\"og:url\" content=\"https:\/\/www.suno.com.br\/noticias\/bradesco-bbdc4-resultado-analistas-mancha-ruim\/\" \/>\n<meta property=\"og:site_name\" content=\"Suno Not\u00edcias\" \/>\n<meta property=\"article:publisher\" content=\"https:\/\/facebook.com\/sunoresearch\" \/>\n<meta property=\"og:image\" content=\"https:\/\/files.sunoresearch.com.br\/n\/uploads\/2021\/02\/a52b280e-230615fachadas14.jpg\" \/>\n\t<meta property=\"og:image:width\" content=\"1200\" \/>\n\t<meta property=\"og:image:height\" content=\"797\" \/>\n\t<meta property=\"og:image:type\" content=\"image\/jpeg\" \/>\n<meta name=\"author\" content=\"Eduardo Vargas\" \/>\n<meta name=\"twitter:card\" content=\"summary_large_image\" \/>\n<meta name=\"twitter:creator\" content=\"@sunoresearch\" \/>\n<meta name=\"twitter:site\" content=\"@sunoresearch\" \/>\n<meta name=\"twitter:label1\" content=\"Escrito por\" \/>\n\t<meta name=\"twitter:data1\" content=\"Eduardo Vargas\" \/>\n\t<meta name=\"twitter:label2\" content=\"Est. tempo de leitura\" \/>\n\t<meta name=\"twitter:data2\" content=\"4 minutos\" \/>\n<script type=\"application\/ld+json\" class=\"yoast-schema-graph\">{\"@context\":\"https:\/\/schema.org\",\"@graph\":[{\"@type\":\"NewsArticle\",\"@id\":\"https:\/\/www.suno.com.br\/noticias\/bradesco-bbdc4-resultado-analistas-mancha-ruim\/#article\",\"isPartOf\":{\"@id\":\"https:\/\/www.suno.com.br\/noticias\/bradesco-bbdc4-resultado-analistas-mancha-ruim\/\"},\"author\":{\"name\":\"Eduardo Vargas\",\"@id\":\"https:\/\/www.suno.com.br\/noticias\/#\/schema\/person\/7f4d362bf3518e76090143ae77bb49a5\"},\"headline\":\"Bradesco (BBDC4) sofre com &#8220;mancha vermelha&#8221; no 4T22 e est\u00e1 &#8220;ruim at\u00e9 para pessimistas&#8221;, dizem analistas\",\"datePublished\":\"2023-02-10T15:54:27+00:00\",\"dateModified\":\"2023-02-10T20:01:14+00:00\",\"mainEntityOfPage\":{\"@id\":\"https:\/\/www.suno.com.br\/noticias\/bradesco-bbdc4-resultado-analistas-mancha-ruim\/\"},\"wordCount\":631,\"publisher\":{\"@id\":\"https:\/\/www.suno.com.br\/noticias\/#organization\"},\"image\":{\"@id\":\"https:\/\/www.suno.com.br\/noticias\/bradesco-bbdc4-resultado-analistas-mancha-ruim\/#primaryimage\"},\"thumbnailUrl\":\"https:\/\/files.sunoresearch.com.br\/n\/uploads\/2021\/02\/a52b280e-230615fachadas14-jpg.webp\",\"keywords\":[\"A\u00e7\u00f5es\",\"Bradesco (BBDC3\/BBDC4)\",\"Especialistas\"],\"articleSection\":[\"Neg\u00f3cios\"],\"inLanguage\":\"pt-BR\"},{\"@type\":\"WebPage\",\"@id\":\"https:\/\/www.suno.com.br\/noticias\/bradesco-bbdc4-resultado-analistas-mancha-ruim\/\",\"url\":\"https:\/\/www.suno.com.br\/noticias\/bradesco-bbdc4-resultado-analistas-mancha-ruim\/\",\"name\":\"Bradesco (BBDC4) sofre no 4T22: \\\"Ruim at\u00e9 para pessimistas\\\"\",\"isPartOf\":{\"@id\":\"https:\/\/www.suno.com.br\/noticias\/#website\"},\"primaryImageOfPage\":{\"@id\":\"https:\/\/www.suno.com.br\/noticias\/bradesco-bbdc4-resultado-analistas-mancha-ruim\/#primaryimage\"},\"image\":{\"@id\":\"https:\/\/www.suno.com.br\/noticias\/bradesco-bbdc4-resultado-analistas-mancha-ruim\/#primaryimage\"},\"thumbnailUrl\":\"https:\/\/files.sunoresearch.com.br\/n\/uploads\/2021\/02\/a52b280e-230615fachadas14-jpg.webp\",\"datePublished\":\"2023-02-10T15:54:27+00:00\",\"dateModified\":\"2023-02-10T20:01:14+00:00\",\"description\":\"Ao ver o resultado do 4T22 do Bradesco, analistas reiteraram sua vis\u00e3o negativa com n\u00fameros do banco. Clique e confira!\",\"breadcrumb\":{\"@id\":\"https:\/\/www.suno.com.br\/noticias\/bradesco-bbdc4-resultado-analistas-mancha-ruim\/#breadcrumb\"},\"inLanguage\":\"pt-BR\",\"potentialAction\":[{\"@type\":\"ReadAction\",\"target\":[\"https:\/\/www.suno.com.br\/noticias\/bradesco-bbdc4-resultado-analistas-mancha-ruim\/\"]}]},{\"@type\":\"ImageObject\",\"inLanguage\":\"pt-BR\",\"@id\":\"https:\/\/www.suno.com.br\/noticias\/bradesco-bbdc4-resultado-analistas-mancha-ruim\/#primaryimage\",\"url\":\"https:\/\/files.sunoresearch.com.br\/n\/uploads\/2021\/02\/a52b280e-230615fachadas14-jpg.webp\",\"contentUrl\":\"https:\/\/files.sunoresearch.com.br\/n\/uploads\/2021\/02\/a52b280e-230615fachadas14-jpg.webp\",\"width\":1200,\"height\":797,\"caption\":\"Bradesco (BBDC4). Foto: divulga\u00e7\u00e3o\"},{\"@type\":\"BreadcrumbList\",\"@id\":\"https:\/\/www.suno.com.br\/noticias\/bradesco-bbdc4-resultado-analistas-mancha-ruim\/#breadcrumb\",\"itemListElement\":[{\"@type\":\"ListItem\",\"position\":1,\"name\":\"Not\u00edcias\",\"item\":\"https:\/\/www.suno.com.br\/noticias\/\"},{\"@type\":\"ListItem\",\"position\":2,\"name\":\"Neg\u00f3cios\",\"item\":\"https:\/\/www.suno.com.br\/noticias\/negocios\/\"},{\"@type\":\"ListItem\",\"position\":3,\"name\":\"Bradesco (BBDC4) sofre com &#8220;mancha vermelha&#8221; no 4T22 e est\u00e1 &#8220;ruim at\u00e9 para pessimistas&#8221;, dizem analistas\"}]},{\"@type\":\"WebSite\",\"@id\":\"https:\/\/www.suno.com.br\/noticias\/#website\",\"url\":\"https:\/\/www.suno.com.br\/noticias\/\",\"name\":\"Suno Not\u00edcias\",\"description\":\"Seu portal de informa\u00e7\u00e3o sobre o mundo dos investimentos\",\"publisher\":{\"@id\":\"https:\/\/www.suno.com.br\/noticias\/#organization\"},\"potentialAction\":[{\"@type\":\"SearchAction\",\"target\":{\"@type\":\"EntryPoint\",\"urlTemplate\":\"https:\/\/www.suno.com.br\/noticias\/?s={search_term_string}\"},\"query-input\":{\"@type\":\"PropertyValueSpecification\",\"valueRequired\":true,\"valueName\":\"search_term_string\"}}],\"inLanguage\":\"pt-BR\"},{\"@type\":\"Organization\",\"@id\":\"https:\/\/www.suno.com.br\/noticias\/#organization\",\"name\":\"Suno Not\u00edcias\",\"url\":\"https:\/\/www.suno.com.br\/noticias\/\",\"logo\":{\"@type\":\"ImageObject\",\"inLanguage\":\"pt-BR\",\"@id\":\"https:\/\/www.suno.com.br\/noticias\/#\/schema\/logo\/image\/\",\"url\":\"https:\/\/files.sunoresearch.com.br\/n\/uploads\/2021\/09\/suno-logo.png\",\"contentUrl\":\"https:\/\/files.sunoresearch.com.br\/n\/uploads\/2021\/09\/suno-logo.png\",\"width\":180,\"height\":180,\"caption\":\"Suno Not\u00edcias\"},\"image\":{\"@id\":\"https:\/\/www.suno.com.br\/noticias\/#\/schema\/logo\/image\/\"},\"sameAs\":[\"https:\/\/facebook.com\/sunoresearch\",\"https:\/\/x.com\/sunoresearch\",\"https:\/\/www.instagram.com\/suno\",\"https:\/\/www.linkedin.com\/company\/suno-research\/\",\"https:\/\/www.youtube.com\/c\/sunoresearch\"]},{\"@type\":\"Person\",\"@id\":\"https:\/\/www.suno.com.br\/noticias\/#\/schema\/person\/7f4d362bf3518e76090143ae77bb49a5\",\"name\":\"Eduardo Vargas\",\"image\":{\"@type\":\"ImageObject\",\"inLanguage\":\"pt-BR\",\"@id\":\"https:\/\/www.suno.com.br\/noticias\/#\/schema\/person\/image\/\",\"url\":\"https:\/\/secure.gravatar.com\/avatar\/dac340933427a22924c9f99d1eb2e3f2?s=96&r=g\",\"contentUrl\":\"https:\/\/secure.gravatar.com\/avatar\/dac340933427a22924c9f99d1eb2e3f2?s=96&r=g\",\"caption\":\"Eduardo Vargas\"},\"description\":\"Jornalista formado pela UFSC, cobre macroeconomia, neg\u00f3cios e startups para o Suno Not\u00edcias, escrevendo principalmente not\u00edcias sobre o mercado financeiro e a bolsa de valores. No YouTube e no Instagram, \u00e9 respons\u00e1vel pela produ\u00e7\u00e3o de Reels e Shorts do Suno Not\u00edcias. Anteriormente, trabalhou cobrindo economia e cotidiano no ND+ e para o ND, maior jornal impresso de Santa Catarina. Cursou um semestre letivo de Estudos de M\u00eddia na Universidad de Buenos Aires.\",\"url\":\"https:\/\/www.suno.com.br\/noticias\/author\/eduardo-vargas\/\"}]}<\/script>\n<!-- \/ Yoast SEO plugin. -->","yoast_head_json":{"title":"Bradesco (BBDC4) sofre no 4T22: \"Ruim at\u00e9 para pessimistas\"","description":"Ao ver o resultado do 4T22 do Bradesco, analistas reiteraram sua vis\u00e3o negativa com n\u00fameros do banco. Clique e confira!","robots":{"index":"index","follow":"follow","max-snippet":"max-snippet:-1","max-image-preview":"max-image-preview:large","max-video-preview":"max-video-preview:-1"},"canonical":"https:\/\/www.suno.com.br\/noticias\/bradesco-bbdc4-resultado-analistas-mancha-ruim\/","og_locale":"pt_BR","og_type":"article","og_title":"Bradesco (BBDC4) sofre no 4T22: \"Ruim at\u00e9 para pessimistas\"","og_description":"Ao ver o resultado do 4T22 do Bradesco, analistas reiteraram sua vis\u00e3o negativa com n\u00fameros do banco. Clique e confira!","og_url":"https:\/\/www.suno.com.br\/noticias\/bradesco-bbdc4-resultado-analistas-mancha-ruim\/","og_site_name":"Suno Not\u00edcias","article_publisher":"https:\/\/facebook.com\/sunoresearch","og_image":[{"width":1200,"height":797,"url":"https:\/\/files.sunoresearch.com.br\/n\/uploads\/2021\/02\/a52b280e-230615fachadas14.jpg","type":"image\/jpeg"}],"author":"Eduardo Vargas","twitter_card":"summary_large_image","twitter_creator":"@sunoresearch","twitter_site":"@sunoresearch","twitter_misc":{"Escrito por":"Eduardo Vargas","Est. tempo de leitura":"4 minutos"},"schema":{"@context":"https:\/\/schema.org","@graph":[{"@type":"NewsArticle","@id":"https:\/\/www.suno.com.br\/noticias\/bradesco-bbdc4-resultado-analistas-mancha-ruim\/#article","isPartOf":{"@id":"https:\/\/www.suno.com.br\/noticias\/bradesco-bbdc4-resultado-analistas-mancha-ruim\/"},"author":{"name":"Eduardo Vargas","@id":"https:\/\/www.suno.com.br\/noticias\/#\/schema\/person\/7f4d362bf3518e76090143ae77bb49a5"},"headline":"Bradesco (BBDC4) sofre com &#8220;mancha vermelha&#8221; no 4T22 e est\u00e1 &#8220;ruim at\u00e9 para pessimistas&#8221;, dizem analistas","datePublished":"2023-02-10T15:54:27+00:00","dateModified":"2023-02-10T20:01:14+00:00","mainEntityOfPage":{"@id":"https:\/\/www.suno.com.br\/noticias\/bradesco-bbdc4-resultado-analistas-mancha-ruim\/"},"wordCount":631,"publisher":{"@id":"https:\/\/www.suno.com.br\/noticias\/#organization"},"image":{"@id":"https:\/\/www.suno.com.br\/noticias\/bradesco-bbdc4-resultado-analistas-mancha-ruim\/#primaryimage"},"thumbnailUrl":"https:\/\/files.sunoresearch.com.br\/n\/uploads\/2021\/02\/a52b280e-230615fachadas14-jpg.webp","keywords":["A\u00e7\u00f5es","Bradesco (BBDC3\/BBDC4)","Especialistas"],"articleSection":["Neg\u00f3cios"],"inLanguage":"pt-BR"},{"@type":"WebPage","@id":"https:\/\/www.suno.com.br\/noticias\/bradesco-bbdc4-resultado-analistas-mancha-ruim\/","url":"https:\/\/www.suno.com.br\/noticias\/bradesco-bbdc4-resultado-analistas-mancha-ruim\/","name":"Bradesco (BBDC4) sofre no 4T22: \"Ruim at\u00e9 para pessimistas\"","isPartOf":{"@id":"https:\/\/www.suno.com.br\/noticias\/#website"},"primaryImageOfPage":{"@id":"https:\/\/www.suno.com.br\/noticias\/bradesco-bbdc4-resultado-analistas-mancha-ruim\/#primaryimage"},"image":{"@id":"https:\/\/www.suno.com.br\/noticias\/bradesco-bbdc4-resultado-analistas-mancha-ruim\/#primaryimage"},"thumbnailUrl":"https:\/\/files.sunoresearch.com.br\/n\/uploads\/2021\/02\/a52b280e-230615fachadas14-jpg.webp","datePublished":"2023-02-10T15:54:27+00:00","dateModified":"2023-02-10T20:01:14+00:00","description":"Ao ver o resultado do 4T22 do Bradesco, analistas reiteraram sua vis\u00e3o negativa com n\u00fameros do banco. Clique e confira!","breadcrumb":{"@id":"https:\/\/www.suno.com.br\/noticias\/bradesco-bbdc4-resultado-analistas-mancha-ruim\/#breadcrumb"},"inLanguage":"pt-BR","potentialAction":[{"@type":"ReadAction","target":["https:\/\/www.suno.com.br\/noticias\/bradesco-bbdc4-resultado-analistas-mancha-ruim\/"]}]},{"@type":"ImageObject","inLanguage":"pt-BR","@id":"https:\/\/www.suno.com.br\/noticias\/bradesco-bbdc4-resultado-analistas-mancha-ruim\/#primaryimage","url":"https:\/\/files.sunoresearch.com.br\/n\/uploads\/2021\/02\/a52b280e-230615fachadas14-jpg.webp","contentUrl":"https:\/\/files.sunoresearch.com.br\/n\/uploads\/2021\/02\/a52b280e-230615fachadas14-jpg.webp","width":1200,"height":797,"caption":"Bradesco (BBDC4). Foto: divulga\u00e7\u00e3o"},{"@type":"BreadcrumbList","@id":"https:\/\/www.suno.com.br\/noticias\/bradesco-bbdc4-resultado-analistas-mancha-ruim\/#breadcrumb","itemListElement":[{"@type":"ListItem","position":1,"name":"Not\u00edcias","item":"https:\/\/www.suno.com.br\/noticias\/"},{"@type":"ListItem","position":2,"name":"Neg\u00f3cios","item":"https:\/\/www.suno.com.br\/noticias\/negocios\/"},{"@type":"ListItem","position":3,"name":"Bradesco (BBDC4) sofre com &#8220;mancha vermelha&#8221; no 4T22 e est\u00e1 &#8220;ruim at\u00e9 para pessimistas&#8221;, dizem analistas"}]},{"@type":"WebSite","@id":"https:\/\/www.suno.com.br\/noticias\/#website","url":"https:\/\/www.suno.com.br\/noticias\/","name":"Suno Not\u00edcias","description":"Seu portal de informa\u00e7\u00e3o sobre o mundo dos investimentos","publisher":{"@id":"https:\/\/www.suno.com.br\/noticias\/#organization"},"potentialAction":[{"@type":"SearchAction","target":{"@type":"EntryPoint","urlTemplate":"https:\/\/www.suno.com.br\/noticias\/?s={search_term_string}"},"query-input":{"@type":"PropertyValueSpecification","valueRequired":true,"valueName":"search_term_string"}}],"inLanguage":"pt-BR"},{"@type":"Organization","@id":"https:\/\/www.suno.com.br\/noticias\/#organization","name":"Suno Not\u00edcias","url":"https:\/\/www.suno.com.br\/noticias\/","logo":{"@type":"ImageObject","inLanguage":"pt-BR","@id":"https:\/\/www.suno.com.br\/noticias\/#\/schema\/logo\/image\/","url":"https:\/\/files.sunoresearch.com.br\/n\/uploads\/2021\/09\/suno-logo.png","contentUrl":"https:\/\/files.sunoresearch.com.br\/n\/uploads\/2021\/09\/suno-logo.png","width":180,"height":180,"caption":"Suno Not\u00edcias"},"image":{"@id":"https:\/\/www.suno.com.br\/noticias\/#\/schema\/logo\/image\/"},"sameAs":["https:\/\/facebook.com\/sunoresearch","https:\/\/x.com\/sunoresearch","https:\/\/www.instagram.com\/suno","https:\/\/www.linkedin.com\/company\/suno-research\/","https:\/\/www.youtube.com\/c\/sunoresearch"]},{"@type":"Person","@id":"https:\/\/www.suno.com.br\/noticias\/#\/schema\/person\/7f4d362bf3518e76090143ae77bb49a5","name":"Eduardo Vargas","image":{"@type":"ImageObject","inLanguage":"pt-BR","@id":"https:\/\/www.suno.com.br\/noticias\/#\/schema\/person\/image\/","url":"https:\/\/secure.gravatar.com\/avatar\/dac340933427a22924c9f99d1eb2e3f2?s=96&r=g","contentUrl":"https:\/\/secure.gravatar.com\/avatar\/dac340933427a22924c9f99d1eb2e3f2?s=96&r=g","caption":"Eduardo Vargas"},"description":"Jornalista formado pela UFSC, cobre macroeconomia, neg\u00f3cios e startups para o Suno Not\u00edcias, escrevendo principalmente not\u00edcias sobre o mercado financeiro e a bolsa de valores. No YouTube e no Instagram, \u00e9 respons\u00e1vel pela produ\u00e7\u00e3o de Reels e Shorts do Suno Not\u00edcias. Anteriormente, trabalhou cobrindo economia e cotidiano no ND+ e para o ND, maior jornal impresso de Santa Catarina. Cursou um semestre letivo de Estudos de M\u00eddia na Universidad de Buenos Aires.","url":"https:\/\/www.suno.com.br\/noticias\/author\/eduardo-vargas\/"}]}},"default_loop_html":"<div class=\"cardsPage__listCard__boxs\"><div class=\"cardsPage__listCard__boxs__img\"><a href=\"https:\/\/www.suno.com.br\/noticias\/bradesco-bbdc4-resultado-analistas-mancha-ruim\/\"><img class=\"mask\" src=\"https:\/\/www.suno.com.br\/noticias\/wp-content\/themes\/suno\/resources\/images\/spotlight\/spotlight1img\/bg-mask.png\" alt=\"Image Mask\"\/><img src=\"https:\/\/files.sunoresearch.com.br\/n\/uploads\/2021\/02\/a52b280e-230615fachadas14-400x200.webp\" alt=\"Bradesco (BBDC4) sofre com &#8220;mancha vermelha&#8221; no 4T22 e est\u00e1 &#8220;ruim at\u00e9 para pessimistas&#8221;, dizem analistas\"\/><\/a><span class=\"spotlightCategory\"><a href=\"https:\/\/www.suno.com.br\/noticias\/negocios\/\">Neg\u00f3cios<\/a><\/span><\/div><div class=\"cardsPage__listCard__boxs__content\"><a href=\"https:\/\/www.suno.com.br\/noticias\/bradesco-bbdc4-resultado-analistas-mancha-ruim\/\"><h2 class=\"content__title\">Bradesco (BBDC4) sofre com &#8220;mancha vermelha&#8221; no 4T22 e est\u00e1 &#8220;ruim at\u00e9 para pessimistas&#8221;, dizem analistas<\/h2><\/a><div class=\"newsContent__article__meta\"><div class=\"newsContent__article__meta__authorBox\"><a href=\"https:\/\/www.suno.com.br\/noticias\/author\/eduardo-vargas\/\" class=\"authorBox__avatar noMobi\"><img src=\"https:\/\/secure.gravatar.com\/avatar\/dac340933427a22924c9f99d1eb2e3f2?s=96&#038;r=g\" alt=\"Eduardo Vargas\"><\/a><div class=\"authorBox__name\"><span>por\n\t\t\t<a href=\"https:\/\/www.suno.com.br\/noticias\/author\/eduardo-vargas\/\"><span itemprop=\"author\">Eduardo Vargas<\/span><\/a><\/span><time datetime=\"2023-02-10T12:54:27-03:00\" itemprop=\"datePublished\">10\/02\/2023 12:54<\/time><\/div><\/div><\/div><\/div><\/div>","single_layout":"posts","amp_enabled":true,"_links":{"self":[{"href":"https:\/\/www.suno.com.br\/noticias\/wp-json\/wp\/v2\/posts\/362130"}],"collection":[{"href":"https:\/\/www.suno.com.br\/noticias\/wp-json\/wp\/v2\/posts"}],"about":[{"href":"https:\/\/www.suno.com.br\/noticias\/wp-json\/wp\/v2\/types\/post"}],"author":[{"embeddable":true,"href":"https:\/\/www.suno.com.br\/noticias\/wp-json\/wp\/v2\/users\/73"}],"replies":[{"embeddable":true,"href":"https:\/\/www.suno.com.br\/noticias\/wp-json\/wp\/v2\/comments?post=362130"}],"version-history":[{"count":3,"href":"https:\/\/www.suno.com.br\/noticias\/wp-json\/wp\/v2\/posts\/362130\/revisions"}],"predecessor-version":[{"id":362394,"href":"https:\/\/www.suno.com.br\/noticias\/wp-json\/wp\/v2\/posts\/362130\/revisions\/362394"}],"wp:featuredmedia":[{"embeddable":true,"href":"https:\/\/www.suno.com.br\/noticias\/wp-json\/wp\/v2\/media\/118916"}],"wp:attachment":[{"href":"https:\/\/www.suno.com.br\/noticias\/wp-json\/wp\/v2\/media?parent=362130"}],"wp:term":[{"taxonomy":"category","embeddable":true,"href":"https:\/\/www.suno.com.br\/noticias\/wp-json\/wp\/v2\/categories?post=362130"},{"taxonomy":"post_tag","embeddable":true,"href":"https:\/\/www.suno.com.br\/noticias\/wp-json\/wp\/v2\/tags?post=362130"},{"taxonomy":"suno_strategy","embeddable":true,"href":"https:\/\/www.suno.com.br\/noticias\/wp-json\/wp\/v2\/suno_strategy?post=362130"}],"curies":[{"name":"wp","href":"https:\/\/api.w.org\/{rel}","templated":true}]}}