{"id":36205,"date":"2019-09-03T08:03:15","date_gmt":"2019-09-03T11:03:15","guid":{"rendered":"https:\/\/www.suno.com.br\/noticias\/?p=36205"},"modified":"2019-09-03T19:14:11","modified_gmt":"2019-09-03T22:14:11","slug":"grupo-caoa-deve-comprar-fabrica-ford","status":"publish","type":"post","link":"https:\/\/www.suno.com.br\/noticias\/grupo-caoa-deve-comprar-fabrica-ford\/","title":{"rendered":"Grupo Caoa deve anunciar compra da f\u00e1brica da Ford"},"content":{"rendered":"<p>O Grupo Caoa deve anunciar a compra da f\u00e1brica da <strong>Ford<\/strong> em S\u00e3o Bernardo do Campo, no <strong>ABC paulista,<\/strong> nesta ter\u00e7a-feira (3). \u00c0s 15h, em um evento no Pal\u00e1cio dos Bandeirantes, o governador de S\u00e3o Paulo, <strong>Jo\u00e3o D\u00f3ria<\/strong>, e os representantes das duas empresas dever\u00e3o sacramentar o neg\u00f3cio.<\/p>\t<div class=\"wrapper-featured-image\">\n\t\t<figure class=\"spotlightImg\">\n\n\t\t\t<picture>\n\t\t\t\t<source media=\"(max-width: 768px)\" srcset=\"https:\/\/files.sunoresearch.com.br\/n\/uploads\/2019\/09\/051bb40b-fabrica-ford-400x200.webp\">\n\t\t\t\t<img loading=\"lazy\" decoding=\"async\" class=\"newsContent__article__imgCapa lazyloadDisabled newsContent__article__imgCapa--noCaption\" src=\"https:\/\/files.sunoresearch.com.br\/n\/uploads\/2019\/09\/051bb40b-fabrica-ford-800x450.webp\" width=\"800\" height=\"450\" alt=\"Grupo Caoa deve anunciar compra da f\u00e1brica da Ford\" fetchpriority=high \/>\n\t\t\t<\/picture>\n\n\t\t\t<figcaption class=\"wp-caption-text wp-caption-text--hide\">Grupo Caoa deve anunciar compra da f\u00e1brica da Ford<\/figcaption>\n\t\t<\/figure>\n\t<\/div>\n\n\n<p>N\u00e3o h\u00e1 detalhes sobre o neg\u00f3cio, no entanto, fontes afirmam que o investimento total do <strong>Grupo Caoa<\/strong> \u00e9 de cerca de R$ 1 bilh\u00e3o.<\/p>\n\n<p>No in\u00edcio deste ano, a Ford anunciou que encerraria a opera\u00e7\u00e3o da planta do ABC. A decis\u00e3o segue a estrat\u00e9gia da empresa em sair do mercado de caminh\u00f5es e parar de produzir o Fiesta, j\u00e1 que esses eram as duas vertentes produtivas da f\u00e1brica em S\u00e3o Bernardo.<\/p>\n<p>A montadora permanecer\u00e1 no <strong>Brasil<\/strong> com uma f\u00e1brica de motores em Taubat\u00e9, no interior de S\u00e3o Paulo, e em Cama\u00e7ari, na Bahia. No nordeste brasileiro, a montadora norte-americana produz o Ka e o EcoSport.<\/p>\n<p><a href=\"https:\/\/www.suno.com.br\/noticias\/vendas-automoveis-registram-alta-11-agosto\/\">Veja tamb\u00e9m: Vendas de autom\u00f3veis registram alta de 11% at\u00e9 agosto<\/a><\/p>\n<p>No dia 7 de agosto, o presidente da Ford na Am\u00e9rica Latina, <strong>Lyle Watters<\/strong>, disse \u00e0 imprensa que as negocia\u00e7\u00f5es terminariam &#8220;em algumas semanas&#8221;.<\/p>\n<h2>Caoa negocia com sindicatos<\/h2>\n<p>Na \u00faltima segunda-feira (2), o <strong>Sindicato dos Metal\u00fargicos<\/strong> do ABC publicou uma foto em sua p\u00e1gina oficial, na sede da Caoa, em S\u00e3o Paulo.<\/p>\n<p>\u201cOs metal\u00fargicos do ABC discutiram com a dire\u00e7\u00e3o da empresa condi\u00e7\u00f5es trabalhistas para a contrata\u00e7\u00e3o de trabalhadores impactados pelo fechamento da unidade da Ford, caso a aquisi\u00e7\u00e3o da planta de S\u00e3o Bernardo seja efetivada. As negocia\u00e7\u00f5es est\u00e3o avan\u00e7adas&#8221;, disse o sindicato.<\/p>\n\t<p>\n\t\t<a href=\"https:\/\/lp.suno.com.br\/asset\/suno-fundo-de-fundos-snff11\/\" target=\"_blank\" data-element=\"shortcode-suno-banner\" title=\"Banner SUNO, clique e saiba mais\">\n\t\t\t<picture>\n\t\t\t\t<source media=\"(max-width: 500px)\" srcset=\"https:\/\/files.sunoresearch.com.br\/n\/uploads\/2024\/01\/400x300-Mobile-Artigos-3-SNFF-AO.png\">\n\t\t\t\t<img class=\"newsContent__article__imgCapa newsContent__article__imgCapa--banner\"\n\t\t\t\t\tsrc=\"https:\/\/files.sunoresearch.com.br\/n\/uploads\/2024\/01\/1420x240-Banner-Artigos-1-_-Banner-Materias-1-SNFF-AO.png\"\n\t\t\t\t\tdata-promo-id=\"364418\"\t\t\t\t\t\t\t\t\t\twidth='1420' height='240'\t\t\t\t\talt=\"https:\/\/files.sunoresearch.com.br\/n\/uploads\/2024\/01\/1420x240-Banner-Artigos-1-_-Banner-Materias-1-SNFF-AO.png\"\n\t\t\t\t>\n\t\t\t<\/picture>\n\t\t<\/a>\n\t<\/p>\n\n\n<p>Rafael Marques, ex-presidente do sindicato, publicou a mesma foto e disse que a reuni\u00e3o serviu para \u201cacertar as quest\u00f5es trabalhistas para as futuras contrata\u00e7\u00f5es advindas do an\u00fancio (que est\u00e1 pr\u00f3ximo) da aquisi\u00e7\u00e3o da planta da Ford em <strong>S\u00e3o Bernardo do Campo<\/strong> (pelo Grupo Caoa)\u201d.<\/p>\n<p>Os executivos do Grupo Caoa n\u00e3o quiseram comentar sobre a negocia\u00e7\u00e3o. Entretanto, fontes ligadas \u00e0s conversas confirmara que o acordo foi selado.<\/p>\n<p>Segundo o &#8220;Estado de S\u00e3o Paulo&#8221;, a Caoa deve utilizar a planta para produzir autom\u00f3veis chineses. O grupo j\u00e1 produz modelos da <strong>Chery<\/strong> no Brasil em duas unidades, em Jacare\u00ed, em S\u00e3o Paulo, e outra em An\u00e1polis, Goi\u00e2nia.<\/p>\n<p>Alguns dos modelos que o Grupo fabrica s\u00e3o:<\/p>\n<ul>\n<li>Tiggo 2 (Chery)<\/li>\n<li>Tiggo 7 (Chery)<\/li>\n<li>IX35 (Hyundai)<\/li>\n<li>New Tucson (Hyundai)<\/li>\n<\/ul>\n<p>Al\u00e9m diso, a Caoa tamb\u00e9m representa a <strong>Subaru<\/strong> no Pa\u00eds.<\/p>\n<p>O presidente da Caoa, Carlos Alberto de Oliveira, chegou a comentar sobre a possibilidade de utilizar as instala\u00e7\u00f5es da Ford em SBC. Na \u00e9poca, entretanto, disse que tudo dependia da <strong>reforma da Previd\u00eancia<\/strong>.<\/p>\n<p><a href=\"https:\/\/www.suno.com.br\/noticias\/relatorio-reforma-previdencia-entregue-alcolumbre-alteracoes\/\">Saiba mais: Relat\u00f3rio da reforma da Previd\u00eancia \u00e9 entregue a Alcolumbre com altera\u00e7\u00f5es<\/a><\/p>\n<p>\u201cS\u00f3 queremos que o governo resolva a Previd\u00eancia e a crise fiscal para voltarmos a investir.\u201d<\/p>\n<p>A f\u00e1brica da Ford, que deve ser assumida pelo <strong>Grupo Caoa<\/strong>, iniciou as atividades em 1967, ap\u00f3s ser comprada da Willys Overland. A unidade produziu ve\u00edculos como Corcel, Meverick, Del Rey, Escort e Fiesta.<\/p>\n","protected":false},"excerpt":{"rendered":"<p>O Grupo Caoa deve anunciar a compra da f\u00e1brica da Ford em S\u00e3o Bernardo do Campo, no ABC paulista, nesta ter\u00e7a-feira (3). \u00c0s 15h, em um evento no Pal\u00e1cio dos Bandeirantes, o governador de S\u00e3o Paulo, Jo\u00e3o D\u00f3ria, e os representantes das duas empresas dever\u00e3o sacramentar o neg\u00f3cio. Grupo Caoa deve anunciar compra da f\u00e1brica [&hellip;]<\/p>\n","protected":false},"author":24,"featured_media":36210,"comment_status":"closed","ping_status":"closed","sticky":false,"template":"","format":"standard","meta":[],"categories":[64],"tags":[935,870,1211],"suno_strategy":[],"class_list":["post-36205","post","type-post","status-publish","format-standard","has-post-thumbnail","hentry","category-negocios","tag-caoa-chery","tag-ford-fdmo34","tag-sindicatos"],"yoast_head":"<!-- This site is optimized with the Yoast SEO plugin v24.4 - https:\/\/yoast.com\/wordpress\/plugins\/seo\/ -->\n<title>Caoa deve anunciar compra da f\u00e1brica da Ford - Suno Not\u00edcias<\/title>\n<meta name=\"description\" content=\"O Grupo Caoa deve anunciar a compra da f\u00e1brica da Ford em S\u00e3o Bernardo do Campo, no ABC paulista, nesta ter\u00e7a-feira (3). Saiba mais.\" \/>\n<meta name=\"robots\" content=\"index, follow, max-snippet:-1, max-image-preview:large, max-video-preview:-1\" \/>\n<link rel=\"canonical\" href=\"https:\/\/www.suno.com.br\/noticias\/grupo-caoa-deve-comprar-fabrica-ford\/\" \/>\n<meta property=\"og:locale\" content=\"pt_BR\" \/>\n<meta property=\"og:type\" content=\"article\" \/>\n<meta property=\"og:title\" content=\"Caoa deve anunciar compra da f\u00e1brica da Ford - Suno Not\u00edcias\" \/>\n<meta property=\"og:description\" content=\"O Grupo Caoa deve anunciar a compra da f\u00e1brica da Ford em S\u00e3o Bernardo do Campo, no ABC paulista, nesta ter\u00e7a-feira (3). Saiba mais.\" \/>\n<meta property=\"og:url\" content=\"https:\/\/www.suno.com.br\/noticias\/grupo-caoa-deve-comprar-fabrica-ford\/\" \/>\n<meta property=\"og:site_name\" content=\"Suno Not\u00edcias\" \/>\n<meta property=\"article:publisher\" content=\"https:\/\/facebook.com\/sunoresearch\" \/>\n<meta property=\"og:image\" content=\"https:\/\/files.sunoresearch.com.br\/n\/uploads\/2019\/09\/051bb40b-fabrica-ford.jpg\" \/>\n\t<meta property=\"og:image:width\" content=\"1335\" \/>\n\t<meta property=\"og:image:height\" content=\"853\" \/>\n\t<meta property=\"og:image:type\" content=\"image\/jpeg\" \/>\n<meta name=\"author\" content=\"Jader Lazarini\" \/>\n<meta name=\"twitter:card\" content=\"summary_large_image\" \/>\n<meta name=\"twitter:creator\" content=\"@sunoresearch\" \/>\n<meta name=\"twitter:site\" content=\"@sunoresearch\" \/>\n<meta name=\"twitter:label1\" content=\"Escrito por\" \/>\n\t<meta name=\"twitter:data1\" content=\"Jader Lazarini\" \/>\n\t<meta name=\"twitter:label2\" content=\"Est. tempo de leitura\" \/>\n\t<meta name=\"twitter:data2\" content=\"3 minutos\" \/>\n<script type=\"application\/ld+json\" class=\"yoast-schema-graph\">{\"@context\":\"https:\/\/schema.org\",\"@graph\":[{\"@type\":\"NewsArticle\",\"@id\":\"https:\/\/www.suno.com.br\/noticias\/grupo-caoa-deve-comprar-fabrica-ford\/#article\",\"isPartOf\":{\"@id\":\"https:\/\/www.suno.com.br\/noticias\/grupo-caoa-deve-comprar-fabrica-ford\/\"},\"author\":{\"name\":\"Jader Lazarini\",\"@id\":\"https:\/\/www.suno.com.br\/noticias\/#\/schema\/person\/918d79de1f0281f01599b93f9ea6e23f\"},\"headline\":\"Grupo Caoa deve anunciar compra da f\u00e1brica da Ford\",\"datePublished\":\"2019-09-03T11:03:15+00:00\",\"dateModified\":\"2019-09-03T22:14:11+00:00\",\"mainEntityOfPage\":{\"@id\":\"https:\/\/www.suno.com.br\/noticias\/grupo-caoa-deve-comprar-fabrica-ford\/\"},\"wordCount\":555,\"publisher\":{\"@id\":\"https:\/\/www.suno.com.br\/noticias\/#organization\"},\"image\":{\"@id\":\"https:\/\/www.suno.com.br\/noticias\/grupo-caoa-deve-comprar-fabrica-ford\/#primaryimage\"},\"thumbnailUrl\":\"https:\/\/files.sunoresearch.com.br\/n\/uploads\/2019\/09\/051bb40b-fabrica-ford-jpg.webp\",\"keywords\":[\"Caoa Chery\",\"Ford (FDMO34)\",\"sindicatos\"],\"articleSection\":[\"Neg\u00f3cios\"],\"inLanguage\":\"pt-BR\"},{\"@type\":\"WebPage\",\"@id\":\"https:\/\/www.suno.com.br\/noticias\/grupo-caoa-deve-comprar-fabrica-ford\/\",\"url\":\"https:\/\/www.suno.com.br\/noticias\/grupo-caoa-deve-comprar-fabrica-ford\/\",\"name\":\"Caoa deve anunciar compra da f\u00e1brica da Ford - Suno Not\u00edcias\",\"isPartOf\":{\"@id\":\"https:\/\/www.suno.com.br\/noticias\/#website\"},\"primaryImageOfPage\":{\"@id\":\"https:\/\/www.suno.com.br\/noticias\/grupo-caoa-deve-comprar-fabrica-ford\/#primaryimage\"},\"image\":{\"@id\":\"https:\/\/www.suno.com.br\/noticias\/grupo-caoa-deve-comprar-fabrica-ford\/#primaryimage\"},\"thumbnailUrl\":\"https:\/\/files.sunoresearch.com.br\/n\/uploads\/2019\/09\/051bb40b-fabrica-ford-jpg.webp\",\"datePublished\":\"2019-09-03T11:03:15+00:00\",\"dateModified\":\"2019-09-03T22:14:11+00:00\",\"description\":\"O Grupo Caoa deve anunciar a compra da f\u00e1brica da Ford em S\u00e3o Bernardo do Campo, no ABC paulista, nesta ter\u00e7a-feira (3). Saiba mais.\",\"breadcrumb\":{\"@id\":\"https:\/\/www.suno.com.br\/noticias\/grupo-caoa-deve-comprar-fabrica-ford\/#breadcrumb\"},\"inLanguage\":\"pt-BR\",\"potentialAction\":[{\"@type\":\"ReadAction\",\"target\":[\"https:\/\/www.suno.com.br\/noticias\/grupo-caoa-deve-comprar-fabrica-ford\/\"]}]},{\"@type\":\"ImageObject\",\"inLanguage\":\"pt-BR\",\"@id\":\"https:\/\/www.suno.com.br\/noticias\/grupo-caoa-deve-comprar-fabrica-ford\/#primaryimage\",\"url\":\"https:\/\/files.sunoresearch.com.br\/n\/uploads\/2019\/09\/051bb40b-fabrica-ford-jpg.webp\",\"contentUrl\":\"https:\/\/files.sunoresearch.com.br\/n\/uploads\/2019\/09\/051bb40b-fabrica-ford-jpg.webp\",\"width\":1335,\"height\":853,\"caption\":\"Grupo Caoa deve anunciar compra da f\u00e1brica da Ford\"},{\"@type\":\"BreadcrumbList\",\"@id\":\"https:\/\/www.suno.com.br\/noticias\/grupo-caoa-deve-comprar-fabrica-ford\/#breadcrumb\",\"itemListElement\":[{\"@type\":\"ListItem\",\"position\":1,\"name\":\"Not\u00edcias\",\"item\":\"https:\/\/www.suno.com.br\/noticias\/\"},{\"@type\":\"ListItem\",\"position\":2,\"name\":\"Neg\u00f3cios\",\"item\":\"https:\/\/www.suno.com.br\/noticias\/negocios\/\"},{\"@type\":\"ListItem\",\"position\":3,\"name\":\"Grupo Caoa deve anunciar compra da f\u00e1brica da Ford\"}]},{\"@type\":\"WebSite\",\"@id\":\"https:\/\/www.suno.com.br\/noticias\/#website\",\"url\":\"https:\/\/www.suno.com.br\/noticias\/\",\"name\":\"Suno Not\u00edcias\",\"description\":\"Seu portal de informa\u00e7\u00e3o sobre o mundo dos investimentos\",\"publisher\":{\"@id\":\"https:\/\/www.suno.com.br\/noticias\/#organization\"},\"potentialAction\":[{\"@type\":\"SearchAction\",\"target\":{\"@type\":\"EntryPoint\",\"urlTemplate\":\"https:\/\/www.suno.com.br\/noticias\/?s={search_term_string}\"},\"query-input\":{\"@type\":\"PropertyValueSpecification\",\"valueRequired\":true,\"valueName\":\"search_term_string\"}}],\"inLanguage\":\"pt-BR\"},{\"@type\":\"Organization\",\"@id\":\"https:\/\/www.suno.com.br\/noticias\/#organization\",\"name\":\"Suno Not\u00edcias\",\"url\":\"https:\/\/www.suno.com.br\/noticias\/\",\"logo\":{\"@type\":\"ImageObject\",\"inLanguage\":\"pt-BR\",\"@id\":\"https:\/\/www.suno.com.br\/noticias\/#\/schema\/logo\/image\/\",\"url\":\"https:\/\/files.sunoresearch.com.br\/n\/uploads\/2021\/09\/suno-logo.png\",\"contentUrl\":\"https:\/\/files.sunoresearch.com.br\/n\/uploads\/2021\/09\/suno-logo.png\",\"width\":180,\"height\":180,\"caption\":\"Suno Not\u00edcias\"},\"image\":{\"@id\":\"https:\/\/www.suno.com.br\/noticias\/#\/schema\/logo\/image\/\"},\"sameAs\":[\"https:\/\/facebook.com\/sunoresearch\",\"https:\/\/x.com\/sunoresearch\",\"https:\/\/www.instagram.com\/suno\",\"https:\/\/www.linkedin.com\/company\/suno-research\/\",\"https:\/\/www.youtube.com\/c\/sunoresearch\"]},{\"@type\":\"Person\",\"@id\":\"https:\/\/www.suno.com.br\/noticias\/#\/schema\/person\/918d79de1f0281f01599b93f9ea6e23f\",\"name\":\"Jader Lazarini\",\"image\":{\"@type\":\"ImageObject\",\"inLanguage\":\"pt-BR\",\"@id\":\"https:\/\/www.suno.com.br\/noticias\/#\/schema\/person\/image\/\",\"url\":\"https:\/\/secure.gravatar.com\/avatar\/3c1ad8caa51589841baeb923fcddea97?s=96&r=g\",\"contentUrl\":\"https:\/\/secure.gravatar.com\/avatar\/3c1ad8caa51589841baeb923fcddea97?s=96&r=g\",\"caption\":\"Jader Lazarini\"},\"description\":\"Jader Lazarini escreve sobre investimentos, finan\u00e7as, economia e neg\u00f3cios. \u00c9 bacharel em Rela\u00e7\u00f5es Internacionais e analista CNPI (2619).\",\"url\":\"https:\/\/www.suno.com.br\/noticias\/author\/jader-lazarini\/\"}]}<\/script>\n<!-- \/ Yoast SEO plugin. -->","yoast_head_json":{"title":"Caoa deve anunciar compra da f\u00e1brica da Ford - Suno Not\u00edcias","description":"O Grupo Caoa deve anunciar a compra da f\u00e1brica da Ford em S\u00e3o Bernardo do Campo, no ABC paulista, nesta ter\u00e7a-feira (3). Saiba mais.","robots":{"index":"index","follow":"follow","max-snippet":"max-snippet:-1","max-image-preview":"max-image-preview:large","max-video-preview":"max-video-preview:-1"},"canonical":"https:\/\/www.suno.com.br\/noticias\/grupo-caoa-deve-comprar-fabrica-ford\/","og_locale":"pt_BR","og_type":"article","og_title":"Caoa deve anunciar compra da f\u00e1brica da Ford - Suno Not\u00edcias","og_description":"O Grupo Caoa deve anunciar a compra da f\u00e1brica da Ford em S\u00e3o Bernardo do Campo, no ABC paulista, nesta ter\u00e7a-feira (3). Saiba mais.","og_url":"https:\/\/www.suno.com.br\/noticias\/grupo-caoa-deve-comprar-fabrica-ford\/","og_site_name":"Suno Not\u00edcias","article_publisher":"https:\/\/facebook.com\/sunoresearch","og_image":[{"width":1335,"height":853,"url":"https:\/\/files.sunoresearch.com.br\/n\/uploads\/2019\/09\/051bb40b-fabrica-ford.jpg","type":"image\/jpeg"}],"author":"Jader Lazarini","twitter_card":"summary_large_image","twitter_creator":"@sunoresearch","twitter_site":"@sunoresearch","twitter_misc":{"Escrito por":"Jader Lazarini","Est. tempo de leitura":"3 minutos"},"schema":{"@context":"https:\/\/schema.org","@graph":[{"@type":"NewsArticle","@id":"https:\/\/www.suno.com.br\/noticias\/grupo-caoa-deve-comprar-fabrica-ford\/#article","isPartOf":{"@id":"https:\/\/www.suno.com.br\/noticias\/grupo-caoa-deve-comprar-fabrica-ford\/"},"author":{"name":"Jader Lazarini","@id":"https:\/\/www.suno.com.br\/noticias\/#\/schema\/person\/918d79de1f0281f01599b93f9ea6e23f"},"headline":"Grupo Caoa deve anunciar compra da f\u00e1brica da Ford","datePublished":"2019-09-03T11:03:15+00:00","dateModified":"2019-09-03T22:14:11+00:00","mainEntityOfPage":{"@id":"https:\/\/www.suno.com.br\/noticias\/grupo-caoa-deve-comprar-fabrica-ford\/"},"wordCount":555,"publisher":{"@id":"https:\/\/www.suno.com.br\/noticias\/#organization"},"image":{"@id":"https:\/\/www.suno.com.br\/noticias\/grupo-caoa-deve-comprar-fabrica-ford\/#primaryimage"},"thumbnailUrl":"https:\/\/files.sunoresearch.com.br\/n\/uploads\/2019\/09\/051bb40b-fabrica-ford-jpg.webp","keywords":["Caoa Chery","Ford (FDMO34)","sindicatos"],"articleSection":["Neg\u00f3cios"],"inLanguage":"pt-BR"},{"@type":"WebPage","@id":"https:\/\/www.suno.com.br\/noticias\/grupo-caoa-deve-comprar-fabrica-ford\/","url":"https:\/\/www.suno.com.br\/noticias\/grupo-caoa-deve-comprar-fabrica-ford\/","name":"Caoa deve anunciar compra da f\u00e1brica da Ford - Suno Not\u00edcias","isPartOf":{"@id":"https:\/\/www.suno.com.br\/noticias\/#website"},"primaryImageOfPage":{"@id":"https:\/\/www.suno.com.br\/noticias\/grupo-caoa-deve-comprar-fabrica-ford\/#primaryimage"},"image":{"@id":"https:\/\/www.suno.com.br\/noticias\/grupo-caoa-deve-comprar-fabrica-ford\/#primaryimage"},"thumbnailUrl":"https:\/\/files.sunoresearch.com.br\/n\/uploads\/2019\/09\/051bb40b-fabrica-ford-jpg.webp","datePublished":"2019-09-03T11:03:15+00:00","dateModified":"2019-09-03T22:14:11+00:00","description":"O Grupo Caoa deve anunciar a compra da f\u00e1brica da Ford em S\u00e3o Bernardo do Campo, no ABC paulista, nesta ter\u00e7a-feira (3). Saiba mais.","breadcrumb":{"@id":"https:\/\/www.suno.com.br\/noticias\/grupo-caoa-deve-comprar-fabrica-ford\/#breadcrumb"},"inLanguage":"pt-BR","potentialAction":[{"@type":"ReadAction","target":["https:\/\/www.suno.com.br\/noticias\/grupo-caoa-deve-comprar-fabrica-ford\/"]}]},{"@type":"ImageObject","inLanguage":"pt-BR","@id":"https:\/\/www.suno.com.br\/noticias\/grupo-caoa-deve-comprar-fabrica-ford\/#primaryimage","url":"https:\/\/files.sunoresearch.com.br\/n\/uploads\/2019\/09\/051bb40b-fabrica-ford-jpg.webp","contentUrl":"https:\/\/files.sunoresearch.com.br\/n\/uploads\/2019\/09\/051bb40b-fabrica-ford-jpg.webp","width":1335,"height":853,"caption":"Grupo Caoa deve anunciar compra da f\u00e1brica da Ford"},{"@type":"BreadcrumbList","@id":"https:\/\/www.suno.com.br\/noticias\/grupo-caoa-deve-comprar-fabrica-ford\/#breadcrumb","itemListElement":[{"@type":"ListItem","position":1,"name":"Not\u00edcias","item":"https:\/\/www.suno.com.br\/noticias\/"},{"@type":"ListItem","position":2,"name":"Neg\u00f3cios","item":"https:\/\/www.suno.com.br\/noticias\/negocios\/"},{"@type":"ListItem","position":3,"name":"Grupo Caoa deve anunciar compra da f\u00e1brica da Ford"}]},{"@type":"WebSite","@id":"https:\/\/www.suno.com.br\/noticias\/#website","url":"https:\/\/www.suno.com.br\/noticias\/","name":"Suno Not\u00edcias","description":"Seu portal de informa\u00e7\u00e3o sobre o mundo dos investimentos","publisher":{"@id":"https:\/\/www.suno.com.br\/noticias\/#organization"},"potentialAction":[{"@type":"SearchAction","target":{"@type":"EntryPoint","urlTemplate":"https:\/\/www.suno.com.br\/noticias\/?s={search_term_string}"},"query-input":{"@type":"PropertyValueSpecification","valueRequired":true,"valueName":"search_term_string"}}],"inLanguage":"pt-BR"},{"@type":"Organization","@id":"https:\/\/www.suno.com.br\/noticias\/#organization","name":"Suno Not\u00edcias","url":"https:\/\/www.suno.com.br\/noticias\/","logo":{"@type":"ImageObject","inLanguage":"pt-BR","@id":"https:\/\/www.suno.com.br\/noticias\/#\/schema\/logo\/image\/","url":"https:\/\/files.sunoresearch.com.br\/n\/uploads\/2021\/09\/suno-logo.png","contentUrl":"https:\/\/files.sunoresearch.com.br\/n\/uploads\/2021\/09\/suno-logo.png","width":180,"height":180,"caption":"Suno Not\u00edcias"},"image":{"@id":"https:\/\/www.suno.com.br\/noticias\/#\/schema\/logo\/image\/"},"sameAs":["https:\/\/facebook.com\/sunoresearch","https:\/\/x.com\/sunoresearch","https:\/\/www.instagram.com\/suno","https:\/\/www.linkedin.com\/company\/suno-research\/","https:\/\/www.youtube.com\/c\/sunoresearch"]},{"@type":"Person","@id":"https:\/\/www.suno.com.br\/noticias\/#\/schema\/person\/918d79de1f0281f01599b93f9ea6e23f","name":"Jader Lazarini","image":{"@type":"ImageObject","inLanguage":"pt-BR","@id":"https:\/\/www.suno.com.br\/noticias\/#\/schema\/person\/image\/","url":"https:\/\/secure.gravatar.com\/avatar\/3c1ad8caa51589841baeb923fcddea97?s=96&r=g","contentUrl":"https:\/\/secure.gravatar.com\/avatar\/3c1ad8caa51589841baeb923fcddea97?s=96&r=g","caption":"Jader Lazarini"},"description":"Jader Lazarini escreve sobre investimentos, finan\u00e7as, economia e neg\u00f3cios. \u00c9 bacharel em Rela\u00e7\u00f5es Internacionais e analista CNPI (2619).","url":"https:\/\/www.suno.com.br\/noticias\/author\/jader-lazarini\/"}]}},"default_loop_html":"<div class=\"cardsPage__listCard__boxs\"><div class=\"cardsPage__listCard__boxs__img\"><a href=\"https:\/\/www.suno.com.br\/noticias\/grupo-caoa-deve-comprar-fabrica-ford\/\"><img class=\"mask\" src=\"https:\/\/www.suno.com.br\/noticias\/wp-content\/themes\/suno\/resources\/images\/spotlight\/spotlight1img\/bg-mask.png\" alt=\"Image Mask\"\/><img src=\"https:\/\/files.sunoresearch.com.br\/n\/uploads\/2019\/09\/051bb40b-fabrica-ford-400x200.webp\" alt=\"Grupo Caoa deve anunciar compra da f\u00e1brica da Ford\"\/><\/a><span class=\"spotlightCategory\"><a href=\"https:\/\/www.suno.com.br\/noticias\/negocios\/\">Neg\u00f3cios<\/a><\/span><\/div><div class=\"cardsPage__listCard__boxs__content\"><a href=\"https:\/\/www.suno.com.br\/noticias\/grupo-caoa-deve-comprar-fabrica-ford\/\"><h2 class=\"content__title\">Grupo Caoa deve anunciar compra da f\u00e1brica da Ford<\/h2><\/a><div class=\"newsContent__article__meta\"><div class=\"newsContent__article__meta__authorBox\"><a href=\"https:\/\/www.suno.com.br\/noticias\/author\/jader-lazarini\/\" class=\"authorBox__avatar noMobi\"><img src=\"https:\/\/files.sunoresearch.com.br\/n\/uploads\/2021\/01\/178e6598-foto-perfil-2-150x150.jpg\" alt=\"Jader Lazarini\"><\/a><div class=\"authorBox__name\"><span>por\n\t\t\t<a href=\"https:\/\/www.suno.com.br\/noticias\/author\/jader-lazarini\/\"><span itemprop=\"author\">Jader Lazarini<\/span><\/a><\/span><time datetime=\"2019-09-03T08:03:15-03:00\" itemprop=\"datePublished\">03\/09\/2019 08:03<\/time><\/div><\/div><\/div><\/div><\/div>","single_layout":"posts","amp_enabled":true,"_links":{"self":[{"href":"https:\/\/www.suno.com.br\/noticias\/wp-json\/wp\/v2\/posts\/36205"}],"collection":[{"href":"https:\/\/www.suno.com.br\/noticias\/wp-json\/wp\/v2\/posts"}],"about":[{"href":"https:\/\/www.suno.com.br\/noticias\/wp-json\/wp\/v2\/types\/post"}],"author":[{"embeddable":true,"href":"https:\/\/www.suno.com.br\/noticias\/wp-json\/wp\/v2\/users\/24"}],"replies":[{"embeddable":true,"href":"https:\/\/www.suno.com.br\/noticias\/wp-json\/wp\/v2\/comments?post=36205"}],"version-history":[{"count":0,"href":"https:\/\/www.suno.com.br\/noticias\/wp-json\/wp\/v2\/posts\/36205\/revisions"}],"wp:featuredmedia":[{"embeddable":true,"href":"https:\/\/www.suno.com.br\/noticias\/wp-json\/wp\/v2\/media\/36210"}],"wp:attachment":[{"href":"https:\/\/www.suno.com.br\/noticias\/wp-json\/wp\/v2\/media?parent=36205"}],"wp:term":[{"taxonomy":"category","embeddable":true,"href":"https:\/\/www.suno.com.br\/noticias\/wp-json\/wp\/v2\/categories?post=36205"},{"taxonomy":"post_tag","embeddable":true,"href":"https:\/\/www.suno.com.br\/noticias\/wp-json\/wp\/v2\/tags?post=36205"},{"taxonomy":"suno_strategy","embeddable":true,"href":"https:\/\/www.suno.com.br\/noticias\/wp-json\/wp\/v2\/suno_strategy?post=36205"}],"curies":[{"name":"wp","href":"https:\/\/api.w.org\/{rel}","templated":true}]}}