{"id":36199,"date":"2019-09-02T20:28:05","date_gmt":"2019-09-02T23:28:05","guid":{"rendered":"https:\/\/www.suno.com.br\/noticias\/?p=36199"},"modified":"2019-09-02T20:28:05","modified_gmt":"2019-09-02T23:28:05","slug":"vendas-automoveis-registram-alta-11-agosto","status":"publish","type":"post","link":"https:\/\/www.suno.com.br\/noticias\/vendas-automoveis-registram-alta-11-agosto\/","title":{"rendered":"Vendas de autom\u00f3veis registram alta de 11% at\u00e9 agosto"},"content":{"rendered":"<p><strong>A Federa\u00e7\u00e3o Nacional da Distribui\u00e7\u00e3o de Ve\u00edculos Automotores (FENABRAVE)<\/strong> divulgou nesta segunda-feira (02) dados que apresentam um crescimento na venda de autom\u00f3veis entre janeiro e agosto em compara\u00e7\u00e3o ao mesmo per\u00edodo do ano anterior.<\/p>\t<div class=\"wrapper-featured-image\">\n\t\t<figure class=\"spotlightImg\">\n\n\t\t\t<picture>\n\t\t\t\t<source media=\"(max-width: 768px)\" srcset=\"https:\/\/files.sunoresearch.com.br\/n\/uploads\/2019\/03\/e3bda5d9-venda-de-ve\u00edculos-400x200.webp\">\n\t\t\t\t<img loading=\"lazy\" decoding=\"async\" class=\"newsContent__article__imgCapa lazyloadDisabled newsContent__article__imgCapa--noCaption\" src=\"https:\/\/files.sunoresearch.com.br\/n\/uploads\/2019\/03\/e3bda5d9-venda-de-ve\u00edculos.jpg\" width=\"800\" height=\"450\" alt=\"Vendas de autom\u00f3veis registram alta de 11% at\u00e9 agosto\" fetchpriority=high \/>\n\t\t\t<\/picture>\n\n\t\t\t<figcaption class=\"wp-caption-text wp-caption-text--hide\">Mercado de ve\u00edculos tem aumento de 3,89%, aponta Fenabrave<\/figcaption>\n\t\t<\/figure>\n\t<\/div>\n\n\n\n<p>O aumento registrado foi de 11,27%, com 2.615.519 emplacamentos, levando em conta <strong>autom\u00f3veis<\/strong> como:<\/p>\n<ul>\n<li>caminh\u00f5es;<\/li>\n<li>comerciais leves;<\/li>\n<li>\u00f4nibus;<\/li>\n<li>autom\u00f3veis;<\/li>\n<li>motocicletas;<\/li>\n<li>implementos rodovi\u00e1rios.<\/li>\n<\/ul>\n<p>De acordo com Alarico Assump\u00e7\u00e3o J\u00fanior, <strong>presidente da FENABRAVE,<\/strong> o aumento segue relacionado \u00e0s <strong>Vendas Diretas:<\/strong> &#8220;No acumulado de janeiro a agosto, as Vendas Diretas representaram fatia de 45,12% dos emplacamentos de Autom\u00f3veis e Comerciais Leves, contra 41,51% no mesmo per\u00edodo de 2018. O varejo cresceu 2,57% nesse per\u00edodo, enquanto as Vendas Diretas avan\u00e7aram 17,23%\u201d.<\/p>\n<p>J\u00e1 o resultado mensal do mercado total apresentou leve queda, 341.091 unidades vendidas em agosto representaram retra\u00e7\u00e3o de 0,67% em rela\u00e7\u00e3o \u00e0 julho, e 1,5% sobre agosto de 2018.<\/p>\n<p>\u201cO mercado tem se mantido est\u00e1vel, nos \u00faltimos meses. A varia\u00e7\u00e3o negativa, observada em agosto, est\u00e1 relacionada ao menor n\u00famero de dias \u00fateis (22 dias em agosto contra 23 dias em julho). Nessa compara\u00e7\u00e3o, a m\u00e9dia di\u00e1ria registrou crescimento de 3,91%\u201d, declarou Assump\u00e7\u00e3o J\u00fanior.<\/p>\n\t<p>\n\t\t<a href=\"https:\/\/lp.suno.com.br\/planilha-controle-gastos\/\" target=\"_blank\" data-element=\"shortcode-suno-banner\" title=\"Banner SUNO, clique e saiba mais\">\n\t\t\t<picture>\n\t\t\t\t<source media=\"(max-width: 500px)\" srcset=\"https:\/\/files.sunoresearch.com.br\/n\/uploads\/2023\/03\/400x300-Planilha-controle-de-gastos.png\">\n\t\t\t\t<img class=\"newsContent__article__imgCapa newsContent__article__imgCapa--banner\"\n\t\t\t\t\tsrc=\"https:\/\/files.sunoresearch.com.br\/n\/uploads\/2023\/03\/1420x240-Planilha-controle-de-gastos.png\"\n\t\t\t\t\tdata-promo-id=\"102417\"\t\t\t\t\t\t\t\t\t\twidth='1420' height='240'\t\t\t\t\talt=\"https:\/\/files.sunoresearch.com.br\/n\/uploads\/2023\/03\/1420x240-Planilha-controle-de-gastos.png\"\n\t\t\t\t>\n\t\t\t<\/picture>\n\t\t<\/a>\n\t<\/p>\n\n\n<p>\u201cEnquanto n\u00e3o forem aprovadas as Reformas necess\u00e1rias, tanto os consumidores quanto os empres\u00e1rios estar\u00e3o em compasso de espera para fazerem investimentos. Este sentimento n\u00e3o \u00e9 s\u00f3 com a Distribui\u00e7\u00e3o de Ve\u00edculos. Todos os setores da economia est\u00e3o vivendo a mesma situa\u00e7\u00e3o\u201d, completou o presidente.<\/p>\n<p>J\u00e1 na categoria de Autom\u00f3veis e Comerciais Leves obteve-se alta de 8,71%, somando 1.711.797 unidades em compara\u00e7\u00e3o aos primeiros oito meses de 2018.<\/p>\n\t<p>\n\t\t<a href=\"https:\/\/www.suno.com.br\/asset\/fundos\/suno-acoes-xp-seg-prev\/\" target=\"_blank\" data-element=\"shortcode-suno-banner\" title=\"Banner SUNO, clique e saiba mais\">\n\t\t\t<picture>\n\t\t\t\t<source media=\"(max-width: 500px)\" srcset=\"https:\/\/files.sunoresearch.com.br\/n\/uploads\/2023\/10\/SUNOPREV-v2-400x300-Mobile-Artigos-3.png\">\n\t\t\t\t<img class=\"newsContent__article__imgCapa newsContent__article__imgCapa--banner\"\n\t\t\t\t\tsrc=\"https:\/\/files.sunoresearch.com.br\/n\/uploads\/2023\/10\/SUNOPREV-v2-1420x240-Banner-Artigos-1-_-Banner-Materias-1.png\"\n\t\t\t\t\tdata-promo-id=\"476311\"\t\t\t\t\t\t\t\t\t\twidth='1420' height='240'\t\t\t\t\talt=\"https:\/\/files.sunoresearch.com.br\/n\/uploads\/2023\/10\/SUNOPREV-v2-1420x240-Banner-Artigos-1-_-Banner-Materias-1.png\"\n\t\t\t\t>\n\t\t\t<\/picture>\n\t\t<\/a>\n\t<\/p>\n\n\n<p>O mercado de caminh\u00f5es apresentou eleva\u00e7\u00e3o de 40,92%, com 65.446 unidades. Em rela\u00e7\u00e3o aos implementos rodovi\u00e1rios, observou-se um aumento de 51%, com 42,5 mil unidades vendidas.<\/p>\n<p>As motocicletas obtiveram alta de 13,95%, num total de 708.871 unidades.<\/p>\n<h2>Vendas de autom\u00f3veis cresceram 11% no 1S19<\/h2>\n<p>De acordo com dados da <strong>FENABRAVE ,<\/strong> divulgados em julho deste ano, o mercado automotivo teve um grande progresso. As vendas subiram 11,2% no primeiro semestre.<\/p>\n<p><a href=\"https:\/\/www.suno.com.br\/noticias\/vendas-de-automoveis-crescem-11-no-primeiro-trimestre\/\">Saiba mais: Vendas de autom\u00f3veis crescem 11% no primeiro semestre<\/a><\/p>\n<p>Em rela\u00e7\u00e3o ao mesmo per\u00edodo de 2018, a alta foi de 12%. Entretanto, o m\u00eas de junho n\u00e3o foi t\u00e3o produtivo para o setor. As vendas de <strong>autom\u00f3veis <\/strong>diminu\u00edram 9% ante maio.<\/p>\n","protected":false},"excerpt":{"rendered":"<p>A Federa\u00e7\u00e3o Nacional da Distribui\u00e7\u00e3o de Ve\u00edculos Automotores (FENABRAVE) divulgou nesta segunda-feira (02) dados que apresentam um crescimento na venda de autom\u00f3veis entre janeiro e agosto em compara\u00e7\u00e3o ao mesmo per\u00edodo do ano anterior. Mercado de ve\u00edculos tem aumento de 3,89%, aponta Fenabrave O aumento registrado foi de 11,27%, com 2.615.519 emplacamentos, levando em conta [&hellip;]<\/p>\n","protected":false},"author":23,"featured_media":17049,"comment_status":"closed","ping_status":"closed","sticky":false,"template":"","format":"standard","meta":[],"categories":[60],"tags":[918],"suno_strategy":[],"class_list":["post-36199","post","type-post","status-publish","format-standard","has-post-thumbnail","hentry","category-mercado","tag-fenabrave"],"yoast_head":"<!-- This site is optimized with the Yoast SEO plugin v24.4 - https:\/\/yoast.com\/wordpress\/plugins\/seo\/ -->\n<title>Vendas de autom\u00f3veis registram alta de 11% at\u00e9 agosto<\/title>\n<meta name=\"description\" content=\"A FENABRAVE divulgou dados que apresentam um crescimento na venda de autom\u00f3veis entre janeiro e agosto de 2019. Clique aqui para saber mais.\" \/>\n<meta name=\"robots\" content=\"index, follow, max-snippet:-1, max-image-preview:large, max-video-preview:-1\" \/>\n<link rel=\"canonical\" href=\"https:\/\/www.suno.com.br\/noticias\/vendas-automoveis-registram-alta-11-agosto\/\" \/>\n<meta property=\"og:locale\" content=\"pt_BR\" \/>\n<meta property=\"og:type\" content=\"article\" \/>\n<meta property=\"og:title\" content=\"Vendas de autom\u00f3veis registram alta de 11% at\u00e9 agosto\" \/>\n<meta property=\"og:description\" content=\"A FENABRAVE divulgou dados que apresentam um crescimento na venda de autom\u00f3veis entre janeiro e agosto de 2019. Clique aqui para saber mais.\" \/>\n<meta property=\"og:url\" content=\"https:\/\/www.suno.com.br\/noticias\/vendas-automoveis-registram-alta-11-agosto\/\" \/>\n<meta property=\"og:site_name\" content=\"Suno Not\u00edcias\" \/>\n<meta property=\"article:publisher\" content=\"https:\/\/facebook.com\/sunoresearch\" \/>\n<meta property=\"og:image\" content=\"https:\/\/files.sunoresearch.com.br\/n\/uploads\/2019\/03\/e3bda5d9-venda-de-ve\u00edculos.jpg\" \/>\n\t<meta property=\"og:image:width\" content=\"1100\" \/>\n\t<meta property=\"og:image:height\" content=\"370\" \/>\n\t<meta property=\"og:image:type\" content=\"image\/jpeg\" \/>\n<meta name=\"author\" content=\"Rafael Lara\" \/>\n<meta name=\"twitter:card\" content=\"summary_large_image\" \/>\n<meta name=\"twitter:creator\" content=\"@sunoresearch\" \/>\n<meta name=\"twitter:site\" content=\"@sunoresearch\" \/>\n<meta name=\"twitter:label1\" content=\"Escrito por\" \/>\n\t<meta name=\"twitter:data1\" content=\"Rafael Lara\" \/>\n\t<meta name=\"twitter:label2\" content=\"Est. tempo de leitura\" \/>\n\t<meta name=\"twitter:data2\" content=\"2 minutos\" \/>\n<script type=\"application\/ld+json\" class=\"yoast-schema-graph\">{\"@context\":\"https:\/\/schema.org\",\"@graph\":[{\"@type\":\"NewsArticle\",\"@id\":\"https:\/\/www.suno.com.br\/noticias\/vendas-automoveis-registram-alta-11-agosto\/#article\",\"isPartOf\":{\"@id\":\"https:\/\/www.suno.com.br\/noticias\/vendas-automoveis-registram-alta-11-agosto\/\"},\"author\":{\"name\":\"Rafael Lara\",\"@id\":\"https:\/\/www.suno.com.br\/noticias\/#\/schema\/person\/098743caeed97b37f51315c9576c4078\"},\"headline\":\"Vendas de autom\u00f3veis registram alta de 11% at\u00e9 agosto\",\"datePublished\":\"2019-09-02T23:28:05+00:00\",\"mainEntityOfPage\":{\"@id\":\"https:\/\/www.suno.com.br\/noticias\/vendas-automoveis-registram-alta-11-agosto\/\"},\"wordCount\":397,\"publisher\":{\"@id\":\"https:\/\/www.suno.com.br\/noticias\/#organization\"},\"image\":{\"@id\":\"https:\/\/www.suno.com.br\/noticias\/vendas-automoveis-registram-alta-11-agosto\/#primaryimage\"},\"thumbnailUrl\":\"https:\/\/files.sunoresearch.com.br\/n\/uploads\/2019\/03\/e3bda5d9-venda-de-ve\u00edculos.jpg\",\"keywords\":[\"Fenabrave\"],\"articleSection\":[\"Mercado\"],\"inLanguage\":\"pt-BR\"},{\"@type\":\"WebPage\",\"@id\":\"https:\/\/www.suno.com.br\/noticias\/vendas-automoveis-registram-alta-11-agosto\/\",\"url\":\"https:\/\/www.suno.com.br\/noticias\/vendas-automoveis-registram-alta-11-agosto\/\",\"name\":\"Vendas de autom\u00f3veis registram alta de 11% at\u00e9 agosto\",\"isPartOf\":{\"@id\":\"https:\/\/www.suno.com.br\/noticias\/#website\"},\"primaryImageOfPage\":{\"@id\":\"https:\/\/www.suno.com.br\/noticias\/vendas-automoveis-registram-alta-11-agosto\/#primaryimage\"},\"image\":{\"@id\":\"https:\/\/www.suno.com.br\/noticias\/vendas-automoveis-registram-alta-11-agosto\/#primaryimage\"},\"thumbnailUrl\":\"https:\/\/files.sunoresearch.com.br\/n\/uploads\/2019\/03\/e3bda5d9-venda-de-ve\u00edculos.jpg\",\"datePublished\":\"2019-09-02T23:28:05+00:00\",\"description\":\"A FENABRAVE divulgou dados que apresentam um crescimento na venda de autom\u00f3veis entre janeiro e agosto de 2019. Clique aqui para saber mais.\",\"breadcrumb\":{\"@id\":\"https:\/\/www.suno.com.br\/noticias\/vendas-automoveis-registram-alta-11-agosto\/#breadcrumb\"},\"inLanguage\":\"pt-BR\",\"potentialAction\":[{\"@type\":\"ReadAction\",\"target\":[\"https:\/\/www.suno.com.br\/noticias\/vendas-automoveis-registram-alta-11-agosto\/\"]}]},{\"@type\":\"ImageObject\",\"inLanguage\":\"pt-BR\",\"@id\":\"https:\/\/www.suno.com.br\/noticias\/vendas-automoveis-registram-alta-11-agosto\/#primaryimage\",\"url\":\"https:\/\/files.sunoresearch.com.br\/n\/uploads\/2019\/03\/e3bda5d9-venda-de-ve\u00edculos.jpg\",\"contentUrl\":\"https:\/\/files.sunoresearch.com.br\/n\/uploads\/2019\/03\/e3bda5d9-venda-de-ve\u00edculos.jpg\",\"width\":1100,\"height\":370,\"caption\":\"Mercado de ve\u00edculos tem aumento de 3,89%, aponta Fenabrave\"},{\"@type\":\"BreadcrumbList\",\"@id\":\"https:\/\/www.suno.com.br\/noticias\/vendas-automoveis-registram-alta-11-agosto\/#breadcrumb\",\"itemListElement\":[{\"@type\":\"ListItem\",\"position\":1,\"name\":\"Not\u00edcias\",\"item\":\"https:\/\/www.suno.com.br\/noticias\/\"},{\"@type\":\"ListItem\",\"position\":2,\"name\":\"Mercado\",\"item\":\"https:\/\/www.suno.com.br\/noticias\/mercado\/\"},{\"@type\":\"ListItem\",\"position\":3,\"name\":\"Vendas de autom\u00f3veis registram alta de 11% at\u00e9 agosto\"}]},{\"@type\":\"WebSite\",\"@id\":\"https:\/\/www.suno.com.br\/noticias\/#website\",\"url\":\"https:\/\/www.suno.com.br\/noticias\/\",\"name\":\"Suno Not\u00edcias\",\"description\":\"Seu portal de informa\u00e7\u00e3o sobre o mundo dos investimentos\",\"publisher\":{\"@id\":\"https:\/\/www.suno.com.br\/noticias\/#organization\"},\"potentialAction\":[{\"@type\":\"SearchAction\",\"target\":{\"@type\":\"EntryPoint\",\"urlTemplate\":\"https:\/\/www.suno.com.br\/noticias\/?s={search_term_string}\"},\"query-input\":{\"@type\":\"PropertyValueSpecification\",\"valueRequired\":true,\"valueName\":\"search_term_string\"}}],\"inLanguage\":\"pt-BR\"},{\"@type\":\"Organization\",\"@id\":\"https:\/\/www.suno.com.br\/noticias\/#organization\",\"name\":\"Suno Not\u00edcias\",\"url\":\"https:\/\/www.suno.com.br\/noticias\/\",\"logo\":{\"@type\":\"ImageObject\",\"inLanguage\":\"pt-BR\",\"@id\":\"https:\/\/www.suno.com.br\/noticias\/#\/schema\/logo\/image\/\",\"url\":\"https:\/\/files.sunoresearch.com.br\/n\/uploads\/2021\/09\/suno-logo.png\",\"contentUrl\":\"https:\/\/files.sunoresearch.com.br\/n\/uploads\/2021\/09\/suno-logo.png\",\"width\":180,\"height\":180,\"caption\":\"Suno Not\u00edcias\"},\"image\":{\"@id\":\"https:\/\/www.suno.com.br\/noticias\/#\/schema\/logo\/image\/\"},\"sameAs\":[\"https:\/\/facebook.com\/sunoresearch\",\"https:\/\/x.com\/sunoresearch\",\"https:\/\/www.instagram.com\/suno\",\"https:\/\/www.linkedin.com\/company\/suno-research\/\",\"https:\/\/www.youtube.com\/c\/sunoresearch\"]},{\"@type\":\"Person\",\"@id\":\"https:\/\/www.suno.com.br\/noticias\/#\/schema\/person\/098743caeed97b37f51315c9576c4078\",\"name\":\"Rafael Lara\",\"image\":{\"@type\":\"ImageObject\",\"inLanguage\":\"pt-BR\",\"@id\":\"https:\/\/www.suno.com.br\/noticias\/#\/schema\/person\/image\/\",\"url\":\"https:\/\/secure.gravatar.com\/avatar\/dfc254ab9bb2ea1895d98b9e9dae4bdd?s=96&r=g\",\"contentUrl\":\"https:\/\/secure.gravatar.com\/avatar\/dfc254ab9bb2ea1895d98b9e9dae4bdd?s=96&r=g\",\"caption\":\"Rafael Lara\"},\"description\":\"Rafael Lara cursa jornalismo na Faculdade C\u00e1sper L\u00edbero. Escreve sobre pol\u00edtica, economia e neg\u00f3cios para o portal Suno Not\u00edcias. Antes, colaborou na TV Gazeta na produ\u00e7\u00e3o do programa Edi\u00e7\u00e3o Extra.\",\"url\":\"https:\/\/www.suno.com.br\/noticias\/author\/rafael\/\"}]}<\/script>\n<!-- \/ Yoast SEO plugin. -->","yoast_head_json":{"title":"Vendas de autom\u00f3veis registram alta de 11% at\u00e9 agosto","description":"A FENABRAVE divulgou dados que apresentam um crescimento na venda de autom\u00f3veis entre janeiro e agosto de 2019. Clique aqui para saber mais.","robots":{"index":"index","follow":"follow","max-snippet":"max-snippet:-1","max-image-preview":"max-image-preview:large","max-video-preview":"max-video-preview:-1"},"canonical":"https:\/\/www.suno.com.br\/noticias\/vendas-automoveis-registram-alta-11-agosto\/","og_locale":"pt_BR","og_type":"article","og_title":"Vendas de autom\u00f3veis registram alta de 11% at\u00e9 agosto","og_description":"A FENABRAVE divulgou dados que apresentam um crescimento na venda de autom\u00f3veis entre janeiro e agosto de 2019. Clique aqui para saber mais.","og_url":"https:\/\/www.suno.com.br\/noticias\/vendas-automoveis-registram-alta-11-agosto\/","og_site_name":"Suno Not\u00edcias","article_publisher":"https:\/\/facebook.com\/sunoresearch","og_image":[{"width":1100,"height":370,"url":"https:\/\/files.sunoresearch.com.br\/n\/uploads\/2019\/03\/e3bda5d9-venda-de-ve\u00edculos.jpg","type":"image\/jpeg"}],"author":"Rafael Lara","twitter_card":"summary_large_image","twitter_creator":"@sunoresearch","twitter_site":"@sunoresearch","twitter_misc":{"Escrito por":"Rafael Lara","Est. tempo de leitura":"2 minutos"},"schema":{"@context":"https:\/\/schema.org","@graph":[{"@type":"NewsArticle","@id":"https:\/\/www.suno.com.br\/noticias\/vendas-automoveis-registram-alta-11-agosto\/#article","isPartOf":{"@id":"https:\/\/www.suno.com.br\/noticias\/vendas-automoveis-registram-alta-11-agosto\/"},"author":{"name":"Rafael Lara","@id":"https:\/\/www.suno.com.br\/noticias\/#\/schema\/person\/098743caeed97b37f51315c9576c4078"},"headline":"Vendas de autom\u00f3veis registram alta de 11% at\u00e9 agosto","datePublished":"2019-09-02T23:28:05+00:00","mainEntityOfPage":{"@id":"https:\/\/www.suno.com.br\/noticias\/vendas-automoveis-registram-alta-11-agosto\/"},"wordCount":397,"publisher":{"@id":"https:\/\/www.suno.com.br\/noticias\/#organization"},"image":{"@id":"https:\/\/www.suno.com.br\/noticias\/vendas-automoveis-registram-alta-11-agosto\/#primaryimage"},"thumbnailUrl":"https:\/\/files.sunoresearch.com.br\/n\/uploads\/2019\/03\/e3bda5d9-venda-de-ve\u00edculos.jpg","keywords":["Fenabrave"],"articleSection":["Mercado"],"inLanguage":"pt-BR"},{"@type":"WebPage","@id":"https:\/\/www.suno.com.br\/noticias\/vendas-automoveis-registram-alta-11-agosto\/","url":"https:\/\/www.suno.com.br\/noticias\/vendas-automoveis-registram-alta-11-agosto\/","name":"Vendas de autom\u00f3veis registram alta de 11% at\u00e9 agosto","isPartOf":{"@id":"https:\/\/www.suno.com.br\/noticias\/#website"},"primaryImageOfPage":{"@id":"https:\/\/www.suno.com.br\/noticias\/vendas-automoveis-registram-alta-11-agosto\/#primaryimage"},"image":{"@id":"https:\/\/www.suno.com.br\/noticias\/vendas-automoveis-registram-alta-11-agosto\/#primaryimage"},"thumbnailUrl":"https:\/\/files.sunoresearch.com.br\/n\/uploads\/2019\/03\/e3bda5d9-venda-de-ve\u00edculos.jpg","datePublished":"2019-09-02T23:28:05+00:00","description":"A FENABRAVE divulgou dados que apresentam um crescimento na venda de autom\u00f3veis entre janeiro e agosto de 2019. Clique aqui para saber mais.","breadcrumb":{"@id":"https:\/\/www.suno.com.br\/noticias\/vendas-automoveis-registram-alta-11-agosto\/#breadcrumb"},"inLanguage":"pt-BR","potentialAction":[{"@type":"ReadAction","target":["https:\/\/www.suno.com.br\/noticias\/vendas-automoveis-registram-alta-11-agosto\/"]}]},{"@type":"ImageObject","inLanguage":"pt-BR","@id":"https:\/\/www.suno.com.br\/noticias\/vendas-automoveis-registram-alta-11-agosto\/#primaryimage","url":"https:\/\/files.sunoresearch.com.br\/n\/uploads\/2019\/03\/e3bda5d9-venda-de-ve\u00edculos.jpg","contentUrl":"https:\/\/files.sunoresearch.com.br\/n\/uploads\/2019\/03\/e3bda5d9-venda-de-ve\u00edculos.jpg","width":1100,"height":370,"caption":"Mercado de ve\u00edculos tem aumento de 3,89%, aponta Fenabrave"},{"@type":"BreadcrumbList","@id":"https:\/\/www.suno.com.br\/noticias\/vendas-automoveis-registram-alta-11-agosto\/#breadcrumb","itemListElement":[{"@type":"ListItem","position":1,"name":"Not\u00edcias","item":"https:\/\/www.suno.com.br\/noticias\/"},{"@type":"ListItem","position":2,"name":"Mercado","item":"https:\/\/www.suno.com.br\/noticias\/mercado\/"},{"@type":"ListItem","position":3,"name":"Vendas de autom\u00f3veis registram alta de 11% at\u00e9 agosto"}]},{"@type":"WebSite","@id":"https:\/\/www.suno.com.br\/noticias\/#website","url":"https:\/\/www.suno.com.br\/noticias\/","name":"Suno Not\u00edcias","description":"Seu portal de informa\u00e7\u00e3o sobre o mundo dos investimentos","publisher":{"@id":"https:\/\/www.suno.com.br\/noticias\/#organization"},"potentialAction":[{"@type":"SearchAction","target":{"@type":"EntryPoint","urlTemplate":"https:\/\/www.suno.com.br\/noticias\/?s={search_term_string}"},"query-input":{"@type":"PropertyValueSpecification","valueRequired":true,"valueName":"search_term_string"}}],"inLanguage":"pt-BR"},{"@type":"Organization","@id":"https:\/\/www.suno.com.br\/noticias\/#organization","name":"Suno Not\u00edcias","url":"https:\/\/www.suno.com.br\/noticias\/","logo":{"@type":"ImageObject","inLanguage":"pt-BR","@id":"https:\/\/www.suno.com.br\/noticias\/#\/schema\/logo\/image\/","url":"https:\/\/files.sunoresearch.com.br\/n\/uploads\/2021\/09\/suno-logo.png","contentUrl":"https:\/\/files.sunoresearch.com.br\/n\/uploads\/2021\/09\/suno-logo.png","width":180,"height":180,"caption":"Suno Not\u00edcias"},"image":{"@id":"https:\/\/www.suno.com.br\/noticias\/#\/schema\/logo\/image\/"},"sameAs":["https:\/\/facebook.com\/sunoresearch","https:\/\/x.com\/sunoresearch","https:\/\/www.instagram.com\/suno","https:\/\/www.linkedin.com\/company\/suno-research\/","https:\/\/www.youtube.com\/c\/sunoresearch"]},{"@type":"Person","@id":"https:\/\/www.suno.com.br\/noticias\/#\/schema\/person\/098743caeed97b37f51315c9576c4078","name":"Rafael Lara","image":{"@type":"ImageObject","inLanguage":"pt-BR","@id":"https:\/\/www.suno.com.br\/noticias\/#\/schema\/person\/image\/","url":"https:\/\/secure.gravatar.com\/avatar\/dfc254ab9bb2ea1895d98b9e9dae4bdd?s=96&r=g","contentUrl":"https:\/\/secure.gravatar.com\/avatar\/dfc254ab9bb2ea1895d98b9e9dae4bdd?s=96&r=g","caption":"Rafael Lara"},"description":"Rafael Lara cursa jornalismo na Faculdade C\u00e1sper L\u00edbero. Escreve sobre pol\u00edtica, economia e neg\u00f3cios para o portal Suno Not\u00edcias. Antes, colaborou na TV Gazeta na produ\u00e7\u00e3o do programa Edi\u00e7\u00e3o Extra.","url":"https:\/\/www.suno.com.br\/noticias\/author\/rafael\/"}]}},"default_loop_html":"<div class=\"cardsPage__listCard__boxs\"><div class=\"cardsPage__listCard__boxs__img\"><a href=\"https:\/\/www.suno.com.br\/noticias\/vendas-automoveis-registram-alta-11-agosto\/\"><img class=\"mask\" src=\"https:\/\/www.suno.com.br\/noticias\/wp-content\/themes\/suno\/resources\/images\/spotlight\/spotlight1img\/bg-mask.png\" alt=\"Image Mask\"\/><img src=\"https:\/\/files.sunoresearch.com.br\/n\/uploads\/2019\/03\/e3bda5d9-venda-de-ve\u00edculos-400x200.webp\" alt=\"Vendas de autom\u00f3veis registram alta de 11% at\u00e9 agosto\"\/><\/a><span class=\"spotlightCategory\"><a href=\"https:\/\/www.suno.com.br\/noticias\/mercado\/\">Mercado<\/a><\/span><\/div><div class=\"cardsPage__listCard__boxs__content\"><a href=\"https:\/\/www.suno.com.br\/noticias\/vendas-automoveis-registram-alta-11-agosto\/\"><h2 class=\"content__title\">Vendas de autom\u00f3veis registram alta de 11% at\u00e9 agosto<\/h2><\/a><div class=\"newsContent__article__meta\"><div class=\"newsContent__article__meta__authorBox\"><a href=\"https:\/\/www.suno.com.br\/noticias\/author\/rafael\/\" class=\"authorBox__avatar noMobi\"><img src=\"https:\/\/secure.gravatar.com\/avatar\/dfc254ab9bb2ea1895d98b9e9dae4bdd?s=96&#038;r=g\" alt=\"Rafael Lara\"><\/a><div class=\"authorBox__name\"><span>por\n\t\t\t<a href=\"https:\/\/www.suno.com.br\/noticias\/author\/rafael\/\"><span itemprop=\"author\">Rafael Lara<\/span><\/a><\/span><time datetime=\"2019-09-02T20:28:05-03:00\" itemprop=\"datePublished\">02\/09\/2019 20:28<\/time><\/div><\/div><\/div><\/div><\/div>","single_layout":"posts","amp_enabled":true,"_links":{"self":[{"href":"https:\/\/www.suno.com.br\/noticias\/wp-json\/wp\/v2\/posts\/36199"}],"collection":[{"href":"https:\/\/www.suno.com.br\/noticias\/wp-json\/wp\/v2\/posts"}],"about":[{"href":"https:\/\/www.suno.com.br\/noticias\/wp-json\/wp\/v2\/types\/post"}],"author":[{"embeddable":true,"href":"https:\/\/www.suno.com.br\/noticias\/wp-json\/wp\/v2\/users\/23"}],"replies":[{"embeddable":true,"href":"https:\/\/www.suno.com.br\/noticias\/wp-json\/wp\/v2\/comments?post=36199"}],"version-history":[{"count":0,"href":"https:\/\/www.suno.com.br\/noticias\/wp-json\/wp\/v2\/posts\/36199\/revisions"}],"wp:featuredmedia":[{"embeddable":true,"href":"https:\/\/www.suno.com.br\/noticias\/wp-json\/wp\/v2\/media\/17049"}],"wp:attachment":[{"href":"https:\/\/www.suno.com.br\/noticias\/wp-json\/wp\/v2\/media?parent=36199"}],"wp:term":[{"taxonomy":"category","embeddable":true,"href":"https:\/\/www.suno.com.br\/noticias\/wp-json\/wp\/v2\/categories?post=36199"},{"taxonomy":"post_tag","embeddable":true,"href":"https:\/\/www.suno.com.br\/noticias\/wp-json\/wp\/v2\/tags?post=36199"},{"taxonomy":"suno_strategy","embeddable":true,"href":"https:\/\/www.suno.com.br\/noticias\/wp-json\/wp\/v2\/suno_strategy?post=36199"}],"curies":[{"name":"wp","href":"https:\/\/api.w.org\/{rel}","templated":true}]}}