{"id":36172,"date":"2019-09-02T17:10:23","date_gmt":"2019-09-02T20:10:23","guid":{"rendered":"https:\/\/www.suno.com.br\/noticias\/?p=36172"},"modified":"2019-09-02T17:10:23","modified_gmt":"2019-09-02T20:10:23","slug":"magazine-luiza-apresenta-novos-diretores-marketing","status":"publish","type":"post","link":"https:\/\/www.suno.com.br\/noticias\/magazine-luiza-apresenta-novos-diretores-marketing\/","title":{"rendered":"Magazine Luiza apresenta novos diretores de marketing"},"content":{"rendered":"<p>A Magazine Luiza (MGLU3) anunciou nesta segunda-feira (02) seus dois <strong>novos diretores<\/strong> de <strong>marketing.<\/strong> Os veteranos, <strong>Ana Paula Rodrigues<\/strong> e <strong>Rafael Montalv\u00e3o,<\/strong> assumir\u00e3o a \u00e1rea e desenvolver uma nova estrutura com marketing e e-commerce.<\/p>\t<div class=\"wrapper-featured-image\">\n\t\t<figure class=\"spotlightImg\">\n\n\t\t\t<picture>\n\t\t\t\t<source media=\"(max-width: 768px)\" srcset=\"https:\/\/files.sunoresearch.com.br\/n\/uploads\/2019\/05\/69f39918-whatsapp-image-2019-05-06-at-12.34.59-400x200.webp\">\n\t\t\t\t<img loading=\"lazy\" decoding=\"async\" class=\"newsContent__article__imgCapa lazyloadDisabled newsContent__article__imgCapa--noCaption\" src=\"https:\/\/files.sunoresearch.com.br\/n\/uploads\/2019\/05\/69f39918-whatsapp-image-2019-05-06-at-12.34.59-800x450.webp\" width=\"800\" height=\"450\" alt=\"Magazine Luiza apresenta novos diretores de marketing\" fetchpriority=high \/>\n\t\t\t<\/picture>\n\n\t\t\t<figcaption class=\"wp-caption-text wp-caption-text--hide\">Confira 5 a\u00e7\u00f5es que mais valorizaram no m\u00eas de outubro<\/figcaption>\n\t\t<\/figure>\n\t<\/div>\n\n\n\n<p>A nova diretora da <strong>Magazine Luiza<\/strong> declarou que sua &#8220;maior miss\u00e3o \u00e9 materializar nosso posicionamento de marca e construir a imagem de plataforma digital, com pontos f\u00edsicos e calor humano, al\u00e9m de garantir a unidade e a sinergia entre todos os pontos de contato com o consumidor, em ambos os canais\u201d.<\/p>\n<p>J\u00e1 <strong>Montalv\u00e3o<\/strong> afirmou que: \u201cOs desafios s\u00e3o manter o Magalu como o e-commerce com maior crescimento em audi\u00eancia e faturamento e fortalecer nosso posicionamento como superapp. O consumidor j\u00e1 entendeu que nosso app \u00e9 refer\u00eancia em grandes datas do varejo. Vamos ampliar isso para outras categorias e momentos, mantendo a comunica\u00e7\u00e3o #Temtudonomagalu\u201d.<\/p>\n<h2>Amazon X Magazine Luiza<\/h2>\n<p>O <strong>diretor executivo<\/strong> do <strong>MagazineLuiza,<\/strong> Frederico Trajano, afirmou que a Amazon ir\u00e1 enfrentar complica\u00e7\u00f5es no Brasil para conseguir se estabelecer. Isso porque o CEO acredita que o modelo utilizado pela empresa em outros lugares do mundo n\u00e3o daria certo no Pa\u00eds. As informa\u00e7\u00f5es s\u00e3o do podcast do site &#8220;InfoMoney&#8221;.<\/p>\n<p><a href=\"https:\/\/www.suno.com.br\/noticias\/ceo-magazine-luiza-amazon-nao-oferece-perigo-a-sua-empresa\/\">Saiba mais: CEO da Magazine Luiza diz que Amazon n\u00e3o oferece perigo a sua empresa<\/a><\/p>\n<p>Dessa forma, Trajano diz que a Amazon teria que comprar uma empresa com mais dom\u00ednio do cen\u00e1rio nacional. Contudo, o CEO do Magazine Luiza afirmou que \u00e9 f\u00e3 da empresa de Jeff Bezos.<\/p>\n<p>Mesmo assim, Trajano diz que o sistema da companhia de Bezzos tende a n\u00e3o dar certo em pa\u00edses emergentes. &#8220;A Amazon praticamente saiu do mercado na China e est\u00e1 tendo dificuldade na \u00cdndia tamb\u00e9m, depois de colocar US$ 5 bilh\u00f5es no mercado&#8221;, destacou o CEO da Magalu.<\/p>\n\t<p>\n\t\t<a href=\"https:\/\/lp.suno.com.br\/ebook-como-analisar-uma-acao\/\" target=\"_blank\" data-element=\"shortcode-suno-banner\" title=\"Banner SUNO, clique e saiba mais\">\n\t\t\t<picture>\n\t\t\t\t<source media=\"(max-width: 500px)\" srcset=\"https:\/\/files.sunoresearch.com.br\/n\/uploads\/2023\/12\/Ebook-Acoes-Mobile.jpg\">\n\t\t\t\t<img class=\"newsContent__article__imgCapa newsContent__article__imgCapa--banner\"\n\t\t\t\t\tsrc=\"https:\/\/files.sunoresearch.com.br\/n\/uploads\/2023\/12\/Ebook-Acoes-Desktop.webp\"\n\t\t\t\t\tdata-promo-id=\"311260\"\t\t\t\t\t\t\t\t\t\twidth='1420' height='286'\t\t\t\t\talt=\"https:\/\/files.sunoresearch.com.br\/n\/uploads\/2023\/12\/Ebook-Acoes-Desktop.webp\"\n\t\t\t\t>\n\t\t\t<\/picture>\n\t\t<\/a>\n\t<\/p>\n\n\n<p>Trajano salienta, por\u00e9m, que a Amazon se d\u00e1 muito bem em pa\u00edses mais desenvolvidos, onde n\u00e3o \u00e9 preciso ajustar seus modelos de neg\u00f3cios para conseguir atrair o p\u00fablico. &#8220;Ela foi bem em todos os pa\u00edses desenvolvidos, onde a log\u00edstica era muito boa, os juros eram muito baixos, os impostos eram simples para que sistemas fossem configurados&#8221;, afirma o CEO da <strong>Magazine Luiza.<\/strong><\/p>\n","protected":false},"excerpt":{"rendered":"<p>A Magazine Luiza (MGLU3) anunciou nesta segunda-feira (02) seus dois novos diretores de marketing. Os veteranos, Ana Paula Rodrigues e Rafael Montalv\u00e3o, assumir\u00e3o a \u00e1rea e desenvolver uma nova estrutura com marketing e e-commerce. Confira 5 a\u00e7\u00f5es que mais valorizaram no m\u00eas de outubro A nova diretora da Magazine Luiza declarou que sua &#8220;maior miss\u00e3o [&hellip;]<\/p>\n","protected":false},"author":23,"featured_media":23415,"comment_status":"closed","ping_status":"closed","sticky":false,"template":"","format":"standard","meta":[],"categories":[64],"tags":[694,548],"suno_strategy":[],"class_list":["post-36172","post","type-post","status-publish","format-standard","has-post-thumbnail","hentry","category-negocios","tag-amazon-amzo34","tag-magazine-luiza-mglu3"],"yoast_head":"<!-- This site is optimized with the Yoast SEO plugin v24.4 - https:\/\/yoast.com\/wordpress\/plugins\/seo\/ -->\n<title>Magazine Luiza apresenta novos diretores de marketing<\/title>\n<meta name=\"description\" content=\"A Magazine Luiza anunciou seus dois novos diretores de marketing da varejista. Clique aqui para saber mais.\" \/>\n<meta name=\"robots\" content=\"index, follow, max-snippet:-1, max-image-preview:large, max-video-preview:-1\" \/>\n<link rel=\"canonical\" href=\"https:\/\/www.suno.com.br\/noticias\/magazine-luiza-apresenta-novos-diretores-marketing\/\" \/>\n<meta property=\"og:locale\" content=\"pt_BR\" \/>\n<meta property=\"og:type\" content=\"article\" \/>\n<meta property=\"og:title\" content=\"Magazine Luiza apresenta novos diretores de marketing\" \/>\n<meta property=\"og:description\" content=\"A Magazine Luiza anunciou seus dois novos diretores de marketing da varejista. Clique aqui para saber mais.\" \/>\n<meta property=\"og:url\" content=\"https:\/\/www.suno.com.br\/noticias\/magazine-luiza-apresenta-novos-diretores-marketing\/\" \/>\n<meta property=\"og:site_name\" content=\"Suno Not\u00edcias\" \/>\n<meta property=\"article:publisher\" content=\"https:\/\/facebook.com\/sunoresearch\" \/>\n<meta property=\"og:image\" content=\"https:\/\/files.sunoresearch.com.br\/n\/uploads\/2019\/05\/69f39918-whatsapp-image-2019-05-06-at-12.34.59.jpeg\" \/>\n\t<meta property=\"og:image:width\" content=\"940\" \/>\n\t<meta property=\"og:image:height\" content=\"523\" \/>\n\t<meta property=\"og:image:type\" content=\"image\/jpeg\" \/>\n<meta name=\"author\" content=\"Rafael Lara\" \/>\n<meta name=\"twitter:card\" content=\"summary_large_image\" \/>\n<meta name=\"twitter:creator\" content=\"@sunoresearch\" \/>\n<meta name=\"twitter:site\" content=\"@sunoresearch\" \/>\n<meta name=\"twitter:label1\" content=\"Escrito por\" \/>\n\t<meta name=\"twitter:data1\" content=\"Rafael Lara\" \/>\n\t<meta name=\"twitter:label2\" content=\"Est. tempo de leitura\" \/>\n\t<meta name=\"twitter:data2\" content=\"2 minutos\" \/>\n<script type=\"application\/ld+json\" class=\"yoast-schema-graph\">{\"@context\":\"https:\/\/schema.org\",\"@graph\":[{\"@type\":\"NewsArticle\",\"@id\":\"https:\/\/www.suno.com.br\/noticias\/magazine-luiza-apresenta-novos-diretores-marketing\/#article\",\"isPartOf\":{\"@id\":\"https:\/\/www.suno.com.br\/noticias\/magazine-luiza-apresenta-novos-diretores-marketing\/\"},\"author\":{\"name\":\"Rafael Lara\",\"@id\":\"https:\/\/www.suno.com.br\/noticias\/#\/schema\/person\/098743caeed97b37f51315c9576c4078\"},\"headline\":\"Magazine Luiza apresenta novos diretores de marketing\",\"datePublished\":\"2019-09-02T20:10:23+00:00\",\"mainEntityOfPage\":{\"@id\":\"https:\/\/www.suno.com.br\/noticias\/magazine-luiza-apresenta-novos-diretores-marketing\/\"},\"wordCount\":382,\"publisher\":{\"@id\":\"https:\/\/www.suno.com.br\/noticias\/#organization\"},\"image\":{\"@id\":\"https:\/\/www.suno.com.br\/noticias\/magazine-luiza-apresenta-novos-diretores-marketing\/#primaryimage\"},\"thumbnailUrl\":\"https:\/\/files.sunoresearch.com.br\/n\/uploads\/2019\/05\/69f39918-whatsapp-image-2019-05-06-at-12.34.59-jpeg.webp\",\"keywords\":[\"Amazon (AMZO34)\",\"Magazine Luiza (MGLU3)\"],\"articleSection\":[\"Neg\u00f3cios\"],\"inLanguage\":\"pt-BR\"},{\"@type\":\"WebPage\",\"@id\":\"https:\/\/www.suno.com.br\/noticias\/magazine-luiza-apresenta-novos-diretores-marketing\/\",\"url\":\"https:\/\/www.suno.com.br\/noticias\/magazine-luiza-apresenta-novos-diretores-marketing\/\",\"name\":\"Magazine Luiza apresenta novos diretores de marketing\",\"isPartOf\":{\"@id\":\"https:\/\/www.suno.com.br\/noticias\/#website\"},\"primaryImageOfPage\":{\"@id\":\"https:\/\/www.suno.com.br\/noticias\/magazine-luiza-apresenta-novos-diretores-marketing\/#primaryimage\"},\"image\":{\"@id\":\"https:\/\/www.suno.com.br\/noticias\/magazine-luiza-apresenta-novos-diretores-marketing\/#primaryimage\"},\"thumbnailUrl\":\"https:\/\/files.sunoresearch.com.br\/n\/uploads\/2019\/05\/69f39918-whatsapp-image-2019-05-06-at-12.34.59-jpeg.webp\",\"datePublished\":\"2019-09-02T20:10:23+00:00\",\"description\":\"A Magazine Luiza anunciou seus dois novos diretores de marketing da varejista. Clique aqui para saber mais.\",\"breadcrumb\":{\"@id\":\"https:\/\/www.suno.com.br\/noticias\/magazine-luiza-apresenta-novos-diretores-marketing\/#breadcrumb\"},\"inLanguage\":\"pt-BR\",\"potentialAction\":[{\"@type\":\"ReadAction\",\"target\":[\"https:\/\/www.suno.com.br\/noticias\/magazine-luiza-apresenta-novos-diretores-marketing\/\"]}]},{\"@type\":\"ImageObject\",\"inLanguage\":\"pt-BR\",\"@id\":\"https:\/\/www.suno.com.br\/noticias\/magazine-luiza-apresenta-novos-diretores-marketing\/#primaryimage\",\"url\":\"https:\/\/files.sunoresearch.com.br\/n\/uploads\/2019\/05\/69f39918-whatsapp-image-2019-05-06-at-12.34.59-jpeg.webp\",\"contentUrl\":\"https:\/\/files.sunoresearch.com.br\/n\/uploads\/2019\/05\/69f39918-whatsapp-image-2019-05-06-at-12.34.59-jpeg.webp\",\"width\":940,\"height\":523,\"caption\":\"Confira 5 a\u00e7\u00f5es que mais valorizaram no m\u00eas de outubro\"},{\"@type\":\"BreadcrumbList\",\"@id\":\"https:\/\/www.suno.com.br\/noticias\/magazine-luiza-apresenta-novos-diretores-marketing\/#breadcrumb\",\"itemListElement\":[{\"@type\":\"ListItem\",\"position\":1,\"name\":\"Not\u00edcias\",\"item\":\"https:\/\/www.suno.com.br\/noticias\/\"},{\"@type\":\"ListItem\",\"position\":2,\"name\":\"Neg\u00f3cios\",\"item\":\"https:\/\/www.suno.com.br\/noticias\/negocios\/\"},{\"@type\":\"ListItem\",\"position\":3,\"name\":\"Magazine Luiza apresenta novos diretores de marketing\"}]},{\"@type\":\"WebSite\",\"@id\":\"https:\/\/www.suno.com.br\/noticias\/#website\",\"url\":\"https:\/\/www.suno.com.br\/noticias\/\",\"name\":\"Suno Not\u00edcias\",\"description\":\"Seu portal de informa\u00e7\u00e3o sobre o mundo dos investimentos\",\"publisher\":{\"@id\":\"https:\/\/www.suno.com.br\/noticias\/#organization\"},\"potentialAction\":[{\"@type\":\"SearchAction\",\"target\":{\"@type\":\"EntryPoint\",\"urlTemplate\":\"https:\/\/www.suno.com.br\/noticias\/?s={search_term_string}\"},\"query-input\":{\"@type\":\"PropertyValueSpecification\",\"valueRequired\":true,\"valueName\":\"search_term_string\"}}],\"inLanguage\":\"pt-BR\"},{\"@type\":\"Organization\",\"@id\":\"https:\/\/www.suno.com.br\/noticias\/#organization\",\"name\":\"Suno Not\u00edcias\",\"url\":\"https:\/\/www.suno.com.br\/noticias\/\",\"logo\":{\"@type\":\"ImageObject\",\"inLanguage\":\"pt-BR\",\"@id\":\"https:\/\/www.suno.com.br\/noticias\/#\/schema\/logo\/image\/\",\"url\":\"https:\/\/files.sunoresearch.com.br\/n\/uploads\/2021\/09\/suno-logo.png\",\"contentUrl\":\"https:\/\/files.sunoresearch.com.br\/n\/uploads\/2021\/09\/suno-logo.png\",\"width\":180,\"height\":180,\"caption\":\"Suno Not\u00edcias\"},\"image\":{\"@id\":\"https:\/\/www.suno.com.br\/noticias\/#\/schema\/logo\/image\/\"},\"sameAs\":[\"https:\/\/facebook.com\/sunoresearch\",\"https:\/\/x.com\/sunoresearch\",\"https:\/\/www.instagram.com\/suno\",\"https:\/\/www.linkedin.com\/company\/suno-research\/\",\"https:\/\/www.youtube.com\/c\/sunoresearch\"]},{\"@type\":\"Person\",\"@id\":\"https:\/\/www.suno.com.br\/noticias\/#\/schema\/person\/098743caeed97b37f51315c9576c4078\",\"name\":\"Rafael Lara\",\"image\":{\"@type\":\"ImageObject\",\"inLanguage\":\"pt-BR\",\"@id\":\"https:\/\/www.suno.com.br\/noticias\/#\/schema\/person\/image\/\",\"url\":\"https:\/\/secure.gravatar.com\/avatar\/dfc254ab9bb2ea1895d98b9e9dae4bdd?s=96&r=g\",\"contentUrl\":\"https:\/\/secure.gravatar.com\/avatar\/dfc254ab9bb2ea1895d98b9e9dae4bdd?s=96&r=g\",\"caption\":\"Rafael Lara\"},\"description\":\"Rafael Lara cursa jornalismo na Faculdade C\u00e1sper L\u00edbero. Escreve sobre pol\u00edtica, economia e neg\u00f3cios para o portal Suno Not\u00edcias. Antes, colaborou na TV Gazeta na produ\u00e7\u00e3o do programa Edi\u00e7\u00e3o Extra.\",\"url\":\"https:\/\/www.suno.com.br\/noticias\/author\/rafael\/\"}]}<\/script>\n<!-- \/ Yoast SEO plugin. -->","yoast_head_json":{"title":"Magazine Luiza apresenta novos diretores de marketing","description":"A Magazine Luiza anunciou seus dois novos diretores de marketing da varejista. Clique aqui para saber mais.","robots":{"index":"index","follow":"follow","max-snippet":"max-snippet:-1","max-image-preview":"max-image-preview:large","max-video-preview":"max-video-preview:-1"},"canonical":"https:\/\/www.suno.com.br\/noticias\/magazine-luiza-apresenta-novos-diretores-marketing\/","og_locale":"pt_BR","og_type":"article","og_title":"Magazine Luiza apresenta novos diretores de marketing","og_description":"A Magazine Luiza anunciou seus dois novos diretores de marketing da varejista. Clique aqui para saber mais.","og_url":"https:\/\/www.suno.com.br\/noticias\/magazine-luiza-apresenta-novos-diretores-marketing\/","og_site_name":"Suno Not\u00edcias","article_publisher":"https:\/\/facebook.com\/sunoresearch","og_image":[{"width":940,"height":523,"url":"https:\/\/files.sunoresearch.com.br\/n\/uploads\/2019\/05\/69f39918-whatsapp-image-2019-05-06-at-12.34.59.jpeg","type":"image\/jpeg"}],"author":"Rafael Lara","twitter_card":"summary_large_image","twitter_creator":"@sunoresearch","twitter_site":"@sunoresearch","twitter_misc":{"Escrito por":"Rafael Lara","Est. tempo de leitura":"2 minutos"},"schema":{"@context":"https:\/\/schema.org","@graph":[{"@type":"NewsArticle","@id":"https:\/\/www.suno.com.br\/noticias\/magazine-luiza-apresenta-novos-diretores-marketing\/#article","isPartOf":{"@id":"https:\/\/www.suno.com.br\/noticias\/magazine-luiza-apresenta-novos-diretores-marketing\/"},"author":{"name":"Rafael Lara","@id":"https:\/\/www.suno.com.br\/noticias\/#\/schema\/person\/098743caeed97b37f51315c9576c4078"},"headline":"Magazine Luiza apresenta novos diretores de marketing","datePublished":"2019-09-02T20:10:23+00:00","mainEntityOfPage":{"@id":"https:\/\/www.suno.com.br\/noticias\/magazine-luiza-apresenta-novos-diretores-marketing\/"},"wordCount":382,"publisher":{"@id":"https:\/\/www.suno.com.br\/noticias\/#organization"},"image":{"@id":"https:\/\/www.suno.com.br\/noticias\/magazine-luiza-apresenta-novos-diretores-marketing\/#primaryimage"},"thumbnailUrl":"https:\/\/files.sunoresearch.com.br\/n\/uploads\/2019\/05\/69f39918-whatsapp-image-2019-05-06-at-12.34.59-jpeg.webp","keywords":["Amazon (AMZO34)","Magazine Luiza (MGLU3)"],"articleSection":["Neg\u00f3cios"],"inLanguage":"pt-BR"},{"@type":"WebPage","@id":"https:\/\/www.suno.com.br\/noticias\/magazine-luiza-apresenta-novos-diretores-marketing\/","url":"https:\/\/www.suno.com.br\/noticias\/magazine-luiza-apresenta-novos-diretores-marketing\/","name":"Magazine Luiza apresenta novos diretores de marketing","isPartOf":{"@id":"https:\/\/www.suno.com.br\/noticias\/#website"},"primaryImageOfPage":{"@id":"https:\/\/www.suno.com.br\/noticias\/magazine-luiza-apresenta-novos-diretores-marketing\/#primaryimage"},"image":{"@id":"https:\/\/www.suno.com.br\/noticias\/magazine-luiza-apresenta-novos-diretores-marketing\/#primaryimage"},"thumbnailUrl":"https:\/\/files.sunoresearch.com.br\/n\/uploads\/2019\/05\/69f39918-whatsapp-image-2019-05-06-at-12.34.59-jpeg.webp","datePublished":"2019-09-02T20:10:23+00:00","description":"A Magazine Luiza anunciou seus dois novos diretores de marketing da varejista. Clique aqui para saber mais.","breadcrumb":{"@id":"https:\/\/www.suno.com.br\/noticias\/magazine-luiza-apresenta-novos-diretores-marketing\/#breadcrumb"},"inLanguage":"pt-BR","potentialAction":[{"@type":"ReadAction","target":["https:\/\/www.suno.com.br\/noticias\/magazine-luiza-apresenta-novos-diretores-marketing\/"]}]},{"@type":"ImageObject","inLanguage":"pt-BR","@id":"https:\/\/www.suno.com.br\/noticias\/magazine-luiza-apresenta-novos-diretores-marketing\/#primaryimage","url":"https:\/\/files.sunoresearch.com.br\/n\/uploads\/2019\/05\/69f39918-whatsapp-image-2019-05-06-at-12.34.59-jpeg.webp","contentUrl":"https:\/\/files.sunoresearch.com.br\/n\/uploads\/2019\/05\/69f39918-whatsapp-image-2019-05-06-at-12.34.59-jpeg.webp","width":940,"height":523,"caption":"Confira 5 a\u00e7\u00f5es que mais valorizaram no m\u00eas de outubro"},{"@type":"BreadcrumbList","@id":"https:\/\/www.suno.com.br\/noticias\/magazine-luiza-apresenta-novos-diretores-marketing\/#breadcrumb","itemListElement":[{"@type":"ListItem","position":1,"name":"Not\u00edcias","item":"https:\/\/www.suno.com.br\/noticias\/"},{"@type":"ListItem","position":2,"name":"Neg\u00f3cios","item":"https:\/\/www.suno.com.br\/noticias\/negocios\/"},{"@type":"ListItem","position":3,"name":"Magazine Luiza apresenta novos diretores de marketing"}]},{"@type":"WebSite","@id":"https:\/\/www.suno.com.br\/noticias\/#website","url":"https:\/\/www.suno.com.br\/noticias\/","name":"Suno Not\u00edcias","description":"Seu portal de informa\u00e7\u00e3o sobre o mundo dos investimentos","publisher":{"@id":"https:\/\/www.suno.com.br\/noticias\/#organization"},"potentialAction":[{"@type":"SearchAction","target":{"@type":"EntryPoint","urlTemplate":"https:\/\/www.suno.com.br\/noticias\/?s={search_term_string}"},"query-input":{"@type":"PropertyValueSpecification","valueRequired":true,"valueName":"search_term_string"}}],"inLanguage":"pt-BR"},{"@type":"Organization","@id":"https:\/\/www.suno.com.br\/noticias\/#organization","name":"Suno Not\u00edcias","url":"https:\/\/www.suno.com.br\/noticias\/","logo":{"@type":"ImageObject","inLanguage":"pt-BR","@id":"https:\/\/www.suno.com.br\/noticias\/#\/schema\/logo\/image\/","url":"https:\/\/files.sunoresearch.com.br\/n\/uploads\/2021\/09\/suno-logo.png","contentUrl":"https:\/\/files.sunoresearch.com.br\/n\/uploads\/2021\/09\/suno-logo.png","width":180,"height":180,"caption":"Suno Not\u00edcias"},"image":{"@id":"https:\/\/www.suno.com.br\/noticias\/#\/schema\/logo\/image\/"},"sameAs":["https:\/\/facebook.com\/sunoresearch","https:\/\/x.com\/sunoresearch","https:\/\/www.instagram.com\/suno","https:\/\/www.linkedin.com\/company\/suno-research\/","https:\/\/www.youtube.com\/c\/sunoresearch"]},{"@type":"Person","@id":"https:\/\/www.suno.com.br\/noticias\/#\/schema\/person\/098743caeed97b37f51315c9576c4078","name":"Rafael Lara","image":{"@type":"ImageObject","inLanguage":"pt-BR","@id":"https:\/\/www.suno.com.br\/noticias\/#\/schema\/person\/image\/","url":"https:\/\/secure.gravatar.com\/avatar\/dfc254ab9bb2ea1895d98b9e9dae4bdd?s=96&r=g","contentUrl":"https:\/\/secure.gravatar.com\/avatar\/dfc254ab9bb2ea1895d98b9e9dae4bdd?s=96&r=g","caption":"Rafael Lara"},"description":"Rafael Lara cursa jornalismo na Faculdade C\u00e1sper L\u00edbero. Escreve sobre pol\u00edtica, economia e neg\u00f3cios para o portal Suno Not\u00edcias. Antes, colaborou na TV Gazeta na produ\u00e7\u00e3o do programa Edi\u00e7\u00e3o Extra.","url":"https:\/\/www.suno.com.br\/noticias\/author\/rafael\/"}]}},"default_loop_html":"<div class=\"cardsPage__listCard__boxs\"><div class=\"cardsPage__listCard__boxs__img\"><a href=\"https:\/\/www.suno.com.br\/noticias\/magazine-luiza-apresenta-novos-diretores-marketing\/\"><img class=\"mask\" src=\"https:\/\/www.suno.com.br\/noticias\/wp-content\/themes\/suno\/resources\/images\/spotlight\/spotlight1img\/bg-mask.png\" alt=\"Image Mask\"\/><img src=\"https:\/\/files.sunoresearch.com.br\/n\/uploads\/2019\/05\/69f39918-whatsapp-image-2019-05-06-at-12.34.59-400x200.webp\" alt=\"Magazine Luiza apresenta novos diretores de marketing\"\/><\/a><span class=\"spotlightCategory\"><a href=\"https:\/\/www.suno.com.br\/noticias\/negocios\/\">Neg\u00f3cios<\/a><\/span><\/div><div class=\"cardsPage__listCard__boxs__content\"><a href=\"https:\/\/www.suno.com.br\/noticias\/magazine-luiza-apresenta-novos-diretores-marketing\/\"><h2 class=\"content__title\">Magazine Luiza apresenta novos diretores de marketing<\/h2><\/a><div class=\"newsContent__article__meta\"><div class=\"newsContent__article__meta__authorBox\"><a href=\"https:\/\/www.suno.com.br\/noticias\/author\/rafael\/\" class=\"authorBox__avatar noMobi\"><img src=\"https:\/\/secure.gravatar.com\/avatar\/dfc254ab9bb2ea1895d98b9e9dae4bdd?s=96&#038;r=g\" alt=\"Rafael Lara\"><\/a><div class=\"authorBox__name\"><span>por\n\t\t\t<a href=\"https:\/\/www.suno.com.br\/noticias\/author\/rafael\/\"><span itemprop=\"author\">Rafael Lara<\/span><\/a><\/span><time datetime=\"2019-09-02T17:10:23-03:00\" itemprop=\"datePublished\">02\/09\/2019 17:10<\/time><\/div><\/div><\/div><\/div><\/div>","single_layout":"posts","amp_enabled":true,"_links":{"self":[{"href":"https:\/\/www.suno.com.br\/noticias\/wp-json\/wp\/v2\/posts\/36172"}],"collection":[{"href":"https:\/\/www.suno.com.br\/noticias\/wp-json\/wp\/v2\/posts"}],"about":[{"href":"https:\/\/www.suno.com.br\/noticias\/wp-json\/wp\/v2\/types\/post"}],"author":[{"embeddable":true,"href":"https:\/\/www.suno.com.br\/noticias\/wp-json\/wp\/v2\/users\/23"}],"replies":[{"embeddable":true,"href":"https:\/\/www.suno.com.br\/noticias\/wp-json\/wp\/v2\/comments?post=36172"}],"version-history":[{"count":0,"href":"https:\/\/www.suno.com.br\/noticias\/wp-json\/wp\/v2\/posts\/36172\/revisions"}],"wp:featuredmedia":[{"embeddable":true,"href":"https:\/\/www.suno.com.br\/noticias\/wp-json\/wp\/v2\/media\/23415"}],"wp:attachment":[{"href":"https:\/\/www.suno.com.br\/noticias\/wp-json\/wp\/v2\/media?parent=36172"}],"wp:term":[{"taxonomy":"category","embeddable":true,"href":"https:\/\/www.suno.com.br\/noticias\/wp-json\/wp\/v2\/categories?post=36172"},{"taxonomy":"post_tag","embeddable":true,"href":"https:\/\/www.suno.com.br\/noticias\/wp-json\/wp\/v2\/tags?post=36172"},{"taxonomy":"suno_strategy","embeddable":true,"href":"https:\/\/www.suno.com.br\/noticias\/wp-json\/wp\/v2\/suno_strategy?post=36172"}],"curies":[{"name":"wp","href":"https:\/\/api.w.org\/{rel}","templated":true}]}}