{"id":36155,"date":"2019-09-02T15:32:15","date_gmt":"2019-09-02T18:32:15","guid":{"rendered":"https:\/\/www.suno.com.br\/noticias\/?p=36155"},"modified":"2021-06-13T23:42:03","modified_gmt":"2021-06-14T02:42:03","slug":"guerra-comercial-china-omc-tarifas-estados-unidos","status":"publish","type":"post","link":"https:\/\/www.suno.com.br\/noticias\/guerra-comercial-china-omc-tarifas-estados-unidos\/","title":{"rendered":"Guerra comercial: China aciona OMC contra tarifas dos Estados Unidos"},"content":{"rendered":"<p>A <strong>China<\/strong> entrar\u00e1 com um processo na <a href=\"https:\/\/www.suno.com.br\/artigos\/omc-organizacao-mundial-do-comercio\/\"><strong>Organiza\u00e7\u00e3o Mundial do Com\u00e9rcio (OMC)<\/strong><\/a> contra as tarifas impostas pelos <strong>Estados Unidos,<\/strong> na <a href=\"https:\/\/www.suno.com.br\/artigos\/a-guerra-comercial\/\">guerra comercial<\/a>. A informa\u00e7\u00e3o foi divulgada nesta segunda-feira (2) por meio de um comunicado do Minist\u00e9rio do Com\u00e9rcio chin\u00eas.<\/p>\t<div class=\"wrapper-featured-image\">\n\t\t<figure class=\"spotlightImg\">\n\n\t\t\t<picture>\n\t\t\t\t<source media=\"(max-width: 768px)\" srcset=\"https:\/\/files.sunoresearch.com.br\/n\/uploads\/2019\/06\/5270b6b5-pib-400x200.webp\">\n\t\t\t\t<img loading=\"lazy\" decoding=\"async\" class=\"newsContent__article__imgCapa lazyloadDisabled newsContent__article__imgCapa--noCaption\" src=\"https:\/\/files.sunoresearch.com.br\/n\/uploads\/2019\/06\/5270b6b5-pib-800x450.webp\" width=\"800\" height=\"450\" alt=\"Guerra comercial: China aciona OMC contra tarifas dos Estados Unidos\" fetchpriority=high \/>\n\t\t\t<\/picture>\n\n\t\t\t<figcaption class=\"wp-caption-text wp-caption-text--hide\">Por que o PIB da China vai ser o \u00fanico a crescer em 2020<\/figcaption>\n\t\t<\/figure>\n\t<\/div>\n\n\n<p>As novas tarifas, de US$ 300 bilh\u00f5es sobre produtos chineses, impostas pelo governo norte-americano entraram em vigor no \u00faltimo domingo (1). A OMC dever\u00e1 analisar o pedido da China com base no contexto da <strong>guerra comercial<\/strong>.<\/p>\n\n<p>\u201cEm acordo com as regras relevantes da OMC, a China vai salvaguardar firmemente os seus direitos e interesses leg\u00edtimos e defender resolutamente o sistema de com\u00e9rcio multilateral e a ordem internacional do com\u00e9rcio&#8221;, diz o comunicado divulgado pelo pa\u00eds asi\u00e1tico.<\/p>\n<p>O pa\u00eds ressalta ainda que as tarifas violam o acordo realizado entre o presidente norte-americano, Donald Trump, e o presidente chin\u00eas, Xi Jinping, em Osaka. Os dois mandat\u00e1rios se encontraram no Jap\u00e3o durante a c\u00fapula do G20, no dia 29 de junho.<\/p>\n<h2>Retalia\u00e7\u00e3o da China<\/h2>\n<p>Em resposta \u00e0s novas tarifas impostas pelo governo de Donald Trump sobre produtos chineses, o pa\u00eds asi\u00e1tico ir\u00e1 impor tarifas adicionais sobre US$ 75 bilh\u00f5es de produtos norte-americanos.<\/p>\n\t<p>\n\t\t<a href=\"https:\/\/lp.suno.com.br\/asset\/fundos\/suno-fic-fia\/\" target=\"_blank\" data-element=\"shortcode-suno-banner\" title=\"Banner SUNO, clique e saiba mais\">\n\t\t\t<picture>\n\t\t\t\t<source media=\"(max-width: 500px)\" srcset=\"https:\/\/files.sunoresearch.com.br\/n\/uploads\/2023\/10\/SUNO-FIC-FIA-400x300-Mobile-Artigos-5.png\">\n\t\t\t\t<img class=\"newsContent__article__imgCapa newsContent__article__imgCapa--banner\"\n\t\t\t\t\tsrc=\"https:\/\/files.sunoresearch.com.br\/n\/uploads\/2023\/10\/SUNO-FIC-FIA-1420x240-Banner-Artigos-1-_-Banner-Materias-4.png\"\n\t\t\t\t\tdata-promo-id=\"478742\"\t\t\t\t\t\t\t\t\t\twidth='2840' height='480'\t\t\t\t\talt=\"https:\/\/files.sunoresearch.com.br\/n\/uploads\/2023\/10\/SUNO-FIC-FIA-1420x240-Banner-Artigos-1-_-Banner-Materias-4.png\"\n\t\t\t\t>\n\t\t\t<\/picture>\n\t\t<\/a>\n\t<\/p>\n\n\n<p>O minist\u00e9rio de Economia da China informou que as taxas entre 5% e 25%, atingindo principalmente os autom\u00f3veis. A implementa\u00e7\u00e3o deve ocorrer em duas etapas. A primeira teve in\u00edcio no \u00faltimo domingo (1) e a pr\u00f3xima valer\u00e1 a partir de 15 de dezembro.<\/p>\n<p>As datas anunciadas pelo governo da China s\u00e3o as mesmas que <a href=\"https:\/\/www.suno.com.br\/tudo-sobre\/donald-trump\/\">Donald Trump<\/a> escolheu para as tarifas dos Estados Unidos sobre os produtos chineses.<\/p>\n<h2>Acordo para acabar com a guerra comercial<\/h2>\n<p>Na \u00faltima segunda-feira (26), o presidente Donald Trump afirmou que pretende concluir o acordo comercial com a China.<\/p>\n<p><a href=\"https:\/\/www.suno.com.br\/noticias\/trump-china-guerra-comercial-eua\/\">Saiba mais: Acordo comercial com China retornar\u00e1 em breve, diz Trump<\/a><\/p>\n<p>&#8220;A China ligou ontem \u00e0 noite para o nosso principal representante e disse: &#8216;voltemos \u00e0 mesa&#8217;, ent\u00e3o voltaremos \u00e0 mesa. Acho que eles querem fazer alguma coisa. Acho que vamos ter um acordo&#8221;, disse Trump.<\/p>\n<p>Al\u00e9m disso, o vice-premi\u00ea da China, Liu He, afirmou estar disposto a resolver a <strong>guerra comercial<\/strong> com calma por meio de consultas e coopera\u00e7\u00e3o.<\/p>\n","protected":false},"excerpt":{"rendered":"<p>A China entrar\u00e1 com um processo na Organiza\u00e7\u00e3o Mundial do Com\u00e9rcio (OMC) contra as tarifas impostas pelos Estados Unidos, na guerra comercial. A informa\u00e7\u00e3o foi divulgada nesta segunda-feira (2) por meio de um comunicado do Minist\u00e9rio do Com\u00e9rcio chin\u00eas. Por que o PIB da China vai ser o \u00fanico a crescer em 2020 As novas [&hellip;]<\/p>\n","protected":false},"author":18,"featured_media":27281,"comment_status":"closed","ping_status":"closed","sticky":false,"template":"","format":"standard","meta":[],"categories":[63],"tags":[711,793,980,1944],"suno_strategy":[],"class_list":["post-36155","post","type-post","status-publish","format-standard","has-post-thumbnail","hentry","category-internacional","tag-china","tag-estados-unidos-eua","tag-guerra-comercial","tag-organizacao-mundial-do-comercio-omc"],"yoast_head":"<!-- This site is optimized with the Yoast SEO plugin v24.4 - https:\/\/yoast.com\/wordpress\/plugins\/seo\/ -->\n<title>Guerra comercial: China aciona OMC contra tarifas dos Estados Unidos<\/title>\n<meta name=\"description\" content=\"A China entrar\u00e1 com um processo na OMC contra as tarifas impostas pelos Estados Unidos, na guerra comercial. Clique para saber mais.\" \/>\n<meta name=\"robots\" content=\"index, follow, max-snippet:-1, max-image-preview:large, max-video-preview:-1\" \/>\n<link rel=\"canonical\" href=\"https:\/\/www.suno.com.br\/noticias\/guerra-comercial-china-omc-tarifas-estados-unidos\/\" \/>\n<meta property=\"og:locale\" content=\"pt_BR\" \/>\n<meta property=\"og:type\" content=\"article\" \/>\n<meta property=\"og:title\" content=\"Guerra comercial: China aciona OMC contra tarifas dos Estados Unidos\" \/>\n<meta property=\"og:description\" content=\"A China entrar\u00e1 com um processo na OMC contra as tarifas impostas pelos Estados Unidos, na guerra comercial. Clique para saber mais.\" \/>\n<meta property=\"og:url\" content=\"https:\/\/www.suno.com.br\/noticias\/guerra-comercial-china-omc-tarifas-estados-unidos\/\" \/>\n<meta property=\"og:site_name\" content=\"Suno Not\u00edcias\" \/>\n<meta property=\"article:publisher\" content=\"https:\/\/facebook.com\/sunoresearch\" \/>\n<meta property=\"og:image\" content=\"https:\/\/files.sunoresearch.com.br\/n\/uploads\/2019\/06\/5270b6b5-pib.jpg\" \/>\n\t<meta property=\"og:image:width\" content=\"1024\" \/>\n\t<meta property=\"og:image:height\" content=\"768\" \/>\n\t<meta property=\"og:image:type\" content=\"image\/jpeg\" \/>\n<meta name=\"author\" content=\"Giovanna Oliveira\" \/>\n<meta name=\"twitter:card\" content=\"summary_large_image\" \/>\n<meta name=\"twitter:creator\" content=\"@sunoresearch\" \/>\n<meta name=\"twitter:site\" content=\"@sunoresearch\" \/>\n<meta name=\"twitter:label1\" content=\"Escrito por\" \/>\n\t<meta name=\"twitter:data1\" content=\"Giovanna Oliveira\" \/>\n\t<meta name=\"twitter:label2\" content=\"Est. tempo de leitura\" \/>\n\t<meta name=\"twitter:data2\" content=\"2 minutos\" \/>\n<script type=\"application\/ld+json\" class=\"yoast-schema-graph\">{\"@context\":\"https:\/\/schema.org\",\"@graph\":[{\"@type\":\"NewsArticle\",\"@id\":\"https:\/\/www.suno.com.br\/noticias\/guerra-comercial-china-omc-tarifas-estados-unidos\/#article\",\"isPartOf\":{\"@id\":\"https:\/\/www.suno.com.br\/noticias\/guerra-comercial-china-omc-tarifas-estados-unidos\/\"},\"author\":{\"name\":\"Giovanna Oliveira\",\"@id\":\"https:\/\/www.suno.com.br\/noticias\/#\/schema\/person\/4e19e3d2575736e5283d58eb3199d120\"},\"headline\":\"Guerra comercial: China aciona OMC contra tarifas dos Estados Unidos\",\"datePublished\":\"2019-09-02T18:32:15+00:00\",\"dateModified\":\"2021-06-14T02:42:03+00:00\",\"mainEntityOfPage\":{\"@id\":\"https:\/\/www.suno.com.br\/noticias\/guerra-comercial-china-omc-tarifas-estados-unidos\/\"},\"wordCount\":382,\"publisher\":{\"@id\":\"https:\/\/www.suno.com.br\/noticias\/#organization\"},\"image\":{\"@id\":\"https:\/\/www.suno.com.br\/noticias\/guerra-comercial-china-omc-tarifas-estados-unidos\/#primaryimage\"},\"thumbnailUrl\":\"https:\/\/files.sunoresearch.com.br\/n\/uploads\/2019\/06\/5270b6b5-pib-jpg.webp\",\"keywords\":[\"China\",\"Estados Unidos (EUA)\",\"guerra comercial\",\"Organiza\u00e7\u00e3o Mundial do Com\u00e9rcio (OMC)\"],\"articleSection\":[\"Internacional\"],\"inLanguage\":\"pt-BR\"},{\"@type\":\"WebPage\",\"@id\":\"https:\/\/www.suno.com.br\/noticias\/guerra-comercial-china-omc-tarifas-estados-unidos\/\",\"url\":\"https:\/\/www.suno.com.br\/noticias\/guerra-comercial-china-omc-tarifas-estados-unidos\/\",\"name\":\"Guerra comercial: China aciona OMC contra tarifas dos Estados Unidos\",\"isPartOf\":{\"@id\":\"https:\/\/www.suno.com.br\/noticias\/#website\"},\"primaryImageOfPage\":{\"@id\":\"https:\/\/www.suno.com.br\/noticias\/guerra-comercial-china-omc-tarifas-estados-unidos\/#primaryimage\"},\"image\":{\"@id\":\"https:\/\/www.suno.com.br\/noticias\/guerra-comercial-china-omc-tarifas-estados-unidos\/#primaryimage\"},\"thumbnailUrl\":\"https:\/\/files.sunoresearch.com.br\/n\/uploads\/2019\/06\/5270b6b5-pib-jpg.webp\",\"datePublished\":\"2019-09-02T18:32:15+00:00\",\"dateModified\":\"2021-06-14T02:42:03+00:00\",\"description\":\"A China entrar\u00e1 com um processo na OMC contra as tarifas impostas pelos Estados Unidos, na guerra comercial. Clique para saber mais.\",\"breadcrumb\":{\"@id\":\"https:\/\/www.suno.com.br\/noticias\/guerra-comercial-china-omc-tarifas-estados-unidos\/#breadcrumb\"},\"inLanguage\":\"pt-BR\",\"potentialAction\":[{\"@type\":\"ReadAction\",\"target\":[\"https:\/\/www.suno.com.br\/noticias\/guerra-comercial-china-omc-tarifas-estados-unidos\/\"]}]},{\"@type\":\"ImageObject\",\"inLanguage\":\"pt-BR\",\"@id\":\"https:\/\/www.suno.com.br\/noticias\/guerra-comercial-china-omc-tarifas-estados-unidos\/#primaryimage\",\"url\":\"https:\/\/files.sunoresearch.com.br\/n\/uploads\/2019\/06\/5270b6b5-pib-jpg.webp\",\"contentUrl\":\"https:\/\/files.sunoresearch.com.br\/n\/uploads\/2019\/06\/5270b6b5-pib-jpg.webp\",\"width\":1024,\"height\":768,\"caption\":\"Por que o PIB da China vai ser o \u00fanico a crescer em 2020\"},{\"@type\":\"BreadcrumbList\",\"@id\":\"https:\/\/www.suno.com.br\/noticias\/guerra-comercial-china-omc-tarifas-estados-unidos\/#breadcrumb\",\"itemListElement\":[{\"@type\":\"ListItem\",\"position\":1,\"name\":\"Not\u00edcias\",\"item\":\"https:\/\/www.suno.com.br\/noticias\/\"},{\"@type\":\"ListItem\",\"position\":2,\"name\":\"Internacional\",\"item\":\"https:\/\/www.suno.com.br\/noticias\/internacional\/\"},{\"@type\":\"ListItem\",\"position\":3,\"name\":\"Guerra comercial: China aciona OMC contra tarifas dos Estados Unidos\"}]},{\"@type\":\"WebSite\",\"@id\":\"https:\/\/www.suno.com.br\/noticias\/#website\",\"url\":\"https:\/\/www.suno.com.br\/noticias\/\",\"name\":\"Suno Not\u00edcias\",\"description\":\"Seu portal de informa\u00e7\u00e3o sobre o mundo dos investimentos\",\"publisher\":{\"@id\":\"https:\/\/www.suno.com.br\/noticias\/#organization\"},\"potentialAction\":[{\"@type\":\"SearchAction\",\"target\":{\"@type\":\"EntryPoint\",\"urlTemplate\":\"https:\/\/www.suno.com.br\/noticias\/?s={search_term_string}\"},\"query-input\":{\"@type\":\"PropertyValueSpecification\",\"valueRequired\":true,\"valueName\":\"search_term_string\"}}],\"inLanguage\":\"pt-BR\"},{\"@type\":\"Organization\",\"@id\":\"https:\/\/www.suno.com.br\/noticias\/#organization\",\"name\":\"Suno Not\u00edcias\",\"url\":\"https:\/\/www.suno.com.br\/noticias\/\",\"logo\":{\"@type\":\"ImageObject\",\"inLanguage\":\"pt-BR\",\"@id\":\"https:\/\/www.suno.com.br\/noticias\/#\/schema\/logo\/image\/\",\"url\":\"https:\/\/files.sunoresearch.com.br\/n\/uploads\/2021\/09\/suno-logo.png\",\"contentUrl\":\"https:\/\/files.sunoresearch.com.br\/n\/uploads\/2021\/09\/suno-logo.png\",\"width\":180,\"height\":180,\"caption\":\"Suno Not\u00edcias\"},\"image\":{\"@id\":\"https:\/\/www.suno.com.br\/noticias\/#\/schema\/logo\/image\/\"},\"sameAs\":[\"https:\/\/facebook.com\/sunoresearch\",\"https:\/\/x.com\/sunoresearch\",\"https:\/\/www.instagram.com\/suno\",\"https:\/\/www.linkedin.com\/company\/suno-research\/\",\"https:\/\/www.youtube.com\/c\/sunoresearch\"]},{\"@type\":\"Person\",\"@id\":\"https:\/\/www.suno.com.br\/noticias\/#\/schema\/person\/4e19e3d2575736e5283d58eb3199d120\",\"name\":\"Giovanna Oliveira\",\"image\":{\"@type\":\"ImageObject\",\"inLanguage\":\"pt-BR\",\"@id\":\"https:\/\/www.suno.com.br\/noticias\/#\/schema\/person\/image\/\",\"url\":\"https:\/\/secure.gravatar.com\/avatar\/9a37b3ae208962ac568992d0ffdbc2eb?s=96&r=g\",\"contentUrl\":\"https:\/\/secure.gravatar.com\/avatar\/9a37b3ae208962ac568992d0ffdbc2eb?s=96&r=g\",\"caption\":\"Giovanna Oliveira\"},\"description\":\"Giovanna Oliveira escreve sobre economia e pol\u00edtica. Foi rep\u00f3rter do portal de jornalismo da ESPM-SP e produziu conte\u00fado para a Corinthians TV. \u00c9 estudante da ESPM.\",\"url\":\"https:\/\/www.suno.com.br\/noticias\/author\/giovanna\/\"}]}<\/script>\n<!-- \/ Yoast SEO plugin. -->","yoast_head_json":{"title":"Guerra comercial: China aciona OMC contra tarifas dos Estados Unidos","description":"A China entrar\u00e1 com um processo na OMC contra as tarifas impostas pelos Estados Unidos, na guerra comercial. Clique para saber mais.","robots":{"index":"index","follow":"follow","max-snippet":"max-snippet:-1","max-image-preview":"max-image-preview:large","max-video-preview":"max-video-preview:-1"},"canonical":"https:\/\/www.suno.com.br\/noticias\/guerra-comercial-china-omc-tarifas-estados-unidos\/","og_locale":"pt_BR","og_type":"article","og_title":"Guerra comercial: China aciona OMC contra tarifas dos Estados Unidos","og_description":"A China entrar\u00e1 com um processo na OMC contra as tarifas impostas pelos Estados Unidos, na guerra comercial. Clique para saber mais.","og_url":"https:\/\/www.suno.com.br\/noticias\/guerra-comercial-china-omc-tarifas-estados-unidos\/","og_site_name":"Suno Not\u00edcias","article_publisher":"https:\/\/facebook.com\/sunoresearch","og_image":[{"width":1024,"height":768,"url":"https:\/\/files.sunoresearch.com.br\/n\/uploads\/2019\/06\/5270b6b5-pib.jpg","type":"image\/jpeg"}],"author":"Giovanna Oliveira","twitter_card":"summary_large_image","twitter_creator":"@sunoresearch","twitter_site":"@sunoresearch","twitter_misc":{"Escrito por":"Giovanna Oliveira","Est. tempo de leitura":"2 minutos"},"schema":{"@context":"https:\/\/schema.org","@graph":[{"@type":"NewsArticle","@id":"https:\/\/www.suno.com.br\/noticias\/guerra-comercial-china-omc-tarifas-estados-unidos\/#article","isPartOf":{"@id":"https:\/\/www.suno.com.br\/noticias\/guerra-comercial-china-omc-tarifas-estados-unidos\/"},"author":{"name":"Giovanna Oliveira","@id":"https:\/\/www.suno.com.br\/noticias\/#\/schema\/person\/4e19e3d2575736e5283d58eb3199d120"},"headline":"Guerra comercial: China aciona OMC contra tarifas dos Estados Unidos","datePublished":"2019-09-02T18:32:15+00:00","dateModified":"2021-06-14T02:42:03+00:00","mainEntityOfPage":{"@id":"https:\/\/www.suno.com.br\/noticias\/guerra-comercial-china-omc-tarifas-estados-unidos\/"},"wordCount":382,"publisher":{"@id":"https:\/\/www.suno.com.br\/noticias\/#organization"},"image":{"@id":"https:\/\/www.suno.com.br\/noticias\/guerra-comercial-china-omc-tarifas-estados-unidos\/#primaryimage"},"thumbnailUrl":"https:\/\/files.sunoresearch.com.br\/n\/uploads\/2019\/06\/5270b6b5-pib-jpg.webp","keywords":["China","Estados Unidos (EUA)","guerra comercial","Organiza\u00e7\u00e3o Mundial do Com\u00e9rcio (OMC)"],"articleSection":["Internacional"],"inLanguage":"pt-BR"},{"@type":"WebPage","@id":"https:\/\/www.suno.com.br\/noticias\/guerra-comercial-china-omc-tarifas-estados-unidos\/","url":"https:\/\/www.suno.com.br\/noticias\/guerra-comercial-china-omc-tarifas-estados-unidos\/","name":"Guerra comercial: China aciona OMC contra tarifas dos Estados Unidos","isPartOf":{"@id":"https:\/\/www.suno.com.br\/noticias\/#website"},"primaryImageOfPage":{"@id":"https:\/\/www.suno.com.br\/noticias\/guerra-comercial-china-omc-tarifas-estados-unidos\/#primaryimage"},"image":{"@id":"https:\/\/www.suno.com.br\/noticias\/guerra-comercial-china-omc-tarifas-estados-unidos\/#primaryimage"},"thumbnailUrl":"https:\/\/files.sunoresearch.com.br\/n\/uploads\/2019\/06\/5270b6b5-pib-jpg.webp","datePublished":"2019-09-02T18:32:15+00:00","dateModified":"2021-06-14T02:42:03+00:00","description":"A China entrar\u00e1 com um processo na OMC contra as tarifas impostas pelos Estados Unidos, na guerra comercial. Clique para saber mais.","breadcrumb":{"@id":"https:\/\/www.suno.com.br\/noticias\/guerra-comercial-china-omc-tarifas-estados-unidos\/#breadcrumb"},"inLanguage":"pt-BR","potentialAction":[{"@type":"ReadAction","target":["https:\/\/www.suno.com.br\/noticias\/guerra-comercial-china-omc-tarifas-estados-unidos\/"]}]},{"@type":"ImageObject","inLanguage":"pt-BR","@id":"https:\/\/www.suno.com.br\/noticias\/guerra-comercial-china-omc-tarifas-estados-unidos\/#primaryimage","url":"https:\/\/files.sunoresearch.com.br\/n\/uploads\/2019\/06\/5270b6b5-pib-jpg.webp","contentUrl":"https:\/\/files.sunoresearch.com.br\/n\/uploads\/2019\/06\/5270b6b5-pib-jpg.webp","width":1024,"height":768,"caption":"Por que o PIB da China vai ser o \u00fanico a crescer em 2020"},{"@type":"BreadcrumbList","@id":"https:\/\/www.suno.com.br\/noticias\/guerra-comercial-china-omc-tarifas-estados-unidos\/#breadcrumb","itemListElement":[{"@type":"ListItem","position":1,"name":"Not\u00edcias","item":"https:\/\/www.suno.com.br\/noticias\/"},{"@type":"ListItem","position":2,"name":"Internacional","item":"https:\/\/www.suno.com.br\/noticias\/internacional\/"},{"@type":"ListItem","position":3,"name":"Guerra comercial: China aciona OMC contra tarifas dos Estados Unidos"}]},{"@type":"WebSite","@id":"https:\/\/www.suno.com.br\/noticias\/#website","url":"https:\/\/www.suno.com.br\/noticias\/","name":"Suno Not\u00edcias","description":"Seu portal de informa\u00e7\u00e3o sobre o mundo dos investimentos","publisher":{"@id":"https:\/\/www.suno.com.br\/noticias\/#organization"},"potentialAction":[{"@type":"SearchAction","target":{"@type":"EntryPoint","urlTemplate":"https:\/\/www.suno.com.br\/noticias\/?s={search_term_string}"},"query-input":{"@type":"PropertyValueSpecification","valueRequired":true,"valueName":"search_term_string"}}],"inLanguage":"pt-BR"},{"@type":"Organization","@id":"https:\/\/www.suno.com.br\/noticias\/#organization","name":"Suno Not\u00edcias","url":"https:\/\/www.suno.com.br\/noticias\/","logo":{"@type":"ImageObject","inLanguage":"pt-BR","@id":"https:\/\/www.suno.com.br\/noticias\/#\/schema\/logo\/image\/","url":"https:\/\/files.sunoresearch.com.br\/n\/uploads\/2021\/09\/suno-logo.png","contentUrl":"https:\/\/files.sunoresearch.com.br\/n\/uploads\/2021\/09\/suno-logo.png","width":180,"height":180,"caption":"Suno Not\u00edcias"},"image":{"@id":"https:\/\/www.suno.com.br\/noticias\/#\/schema\/logo\/image\/"},"sameAs":["https:\/\/facebook.com\/sunoresearch","https:\/\/x.com\/sunoresearch","https:\/\/www.instagram.com\/suno","https:\/\/www.linkedin.com\/company\/suno-research\/","https:\/\/www.youtube.com\/c\/sunoresearch"]},{"@type":"Person","@id":"https:\/\/www.suno.com.br\/noticias\/#\/schema\/person\/4e19e3d2575736e5283d58eb3199d120","name":"Giovanna Oliveira","image":{"@type":"ImageObject","inLanguage":"pt-BR","@id":"https:\/\/www.suno.com.br\/noticias\/#\/schema\/person\/image\/","url":"https:\/\/secure.gravatar.com\/avatar\/9a37b3ae208962ac568992d0ffdbc2eb?s=96&r=g","contentUrl":"https:\/\/secure.gravatar.com\/avatar\/9a37b3ae208962ac568992d0ffdbc2eb?s=96&r=g","caption":"Giovanna Oliveira"},"description":"Giovanna Oliveira escreve sobre economia e pol\u00edtica. Foi rep\u00f3rter do portal de jornalismo da ESPM-SP e produziu conte\u00fado para a Corinthians TV. \u00c9 estudante da ESPM.","url":"https:\/\/www.suno.com.br\/noticias\/author\/giovanna\/"}]}},"default_loop_html":"<div class=\"cardsPage__listCard__boxs\"><div class=\"cardsPage__listCard__boxs__img\"><a href=\"https:\/\/www.suno.com.br\/noticias\/guerra-comercial-china-omc-tarifas-estados-unidos\/\"><img class=\"mask\" src=\"https:\/\/www.suno.com.br\/noticias\/wp-content\/themes\/suno\/resources\/images\/spotlight\/spotlight1img\/bg-mask.png\" alt=\"Image Mask\"\/><img src=\"https:\/\/files.sunoresearch.com.br\/n\/uploads\/2019\/06\/5270b6b5-pib-400x200.webp\" alt=\"Guerra comercial: China aciona OMC contra tarifas dos Estados Unidos\"\/><\/a><span class=\"spotlightCategory\"><a href=\"https:\/\/www.suno.com.br\/noticias\/internacional\/\">Internacional<\/a><\/span><\/div><div class=\"cardsPage__listCard__boxs__content\"><a href=\"https:\/\/www.suno.com.br\/noticias\/guerra-comercial-china-omc-tarifas-estados-unidos\/\"><h2 class=\"content__title\">Guerra comercial: China aciona OMC contra tarifas dos Estados Unidos<\/h2><\/a><div class=\"newsContent__article__meta\"><div class=\"newsContent__article__meta__authorBox\"><a href=\"https:\/\/www.suno.com.br\/noticias\/author\/giovanna\/\" class=\"authorBox__avatar noMobi\"><img src=\"https:\/\/files.sunoresearch.com.br\/n\/uploads\/2019\/06\/952a89ca-screenshot_20190608-171507-150x150.webp\" alt=\"Giovanna Oliveira\"><\/a><div class=\"authorBox__name\"><span>por\n\t\t\t<a href=\"https:\/\/www.suno.com.br\/noticias\/author\/giovanna\/\"><span itemprop=\"author\">Giovanna Oliveira<\/span><\/a><\/span><time datetime=\"2019-09-02T15:32:15-03:00\" itemprop=\"datePublished\">02\/09\/2019 15:32<\/time><\/div><\/div><\/div><\/div><\/div>","single_layout":"posts","amp_enabled":true,"_links":{"self":[{"href":"https:\/\/www.suno.com.br\/noticias\/wp-json\/wp\/v2\/posts\/36155"}],"collection":[{"href":"https:\/\/www.suno.com.br\/noticias\/wp-json\/wp\/v2\/posts"}],"about":[{"href":"https:\/\/www.suno.com.br\/noticias\/wp-json\/wp\/v2\/types\/post"}],"author":[{"embeddable":true,"href":"https:\/\/www.suno.com.br\/noticias\/wp-json\/wp\/v2\/users\/18"}],"replies":[{"embeddable":true,"href":"https:\/\/www.suno.com.br\/noticias\/wp-json\/wp\/v2\/comments?post=36155"}],"version-history":[{"count":1,"href":"https:\/\/www.suno.com.br\/noticias\/wp-json\/wp\/v2\/posts\/36155\/revisions"}],"predecessor-version":[{"id":157283,"href":"https:\/\/www.suno.com.br\/noticias\/wp-json\/wp\/v2\/posts\/36155\/revisions\/157283"}],"wp:featuredmedia":[{"embeddable":true,"href":"https:\/\/www.suno.com.br\/noticias\/wp-json\/wp\/v2\/media\/27281"}],"wp:attachment":[{"href":"https:\/\/www.suno.com.br\/noticias\/wp-json\/wp\/v2\/media?parent=36155"}],"wp:term":[{"taxonomy":"category","embeddable":true,"href":"https:\/\/www.suno.com.br\/noticias\/wp-json\/wp\/v2\/categories?post=36155"},{"taxonomy":"post_tag","embeddable":true,"href":"https:\/\/www.suno.com.br\/noticias\/wp-json\/wp\/v2\/tags?post=36155"},{"taxonomy":"suno_strategy","embeddable":true,"href":"https:\/\/www.suno.com.br\/noticias\/wp-json\/wp\/v2\/suno_strategy?post=36155"}],"curies":[{"name":"wp","href":"https:\/\/api.w.org\/{rel}","templated":true}]}}