{"id":36121,"date":"2019-09-02T12:02:24","date_gmt":"2019-09-02T15:02:24","guid":{"rendered":"https:\/\/www.suno.com.br\/noticias\/?p=36121"},"modified":"2019-09-03T17:01:09","modified_gmt":"2019-09-03T20:01:09","slug":"itau-bolsa-continua-sendo-nossa-recomendacao","status":"publish","type":"post","link":"https:\/\/www.suno.com.br\/noticias\/itau-bolsa-continua-sendo-nossa-recomendacao\/","title":{"rendered":"Ita\u00fa diz que a &#8216;Bolsa continua sendo nossa principal recomenda\u00e7\u00e3o&#8217;"},"content":{"rendered":"<p>Cl\u00e1udio Sanchez, diretor de investimentos do Ita\u00fa Unibanco, ainda aposta na <a href=\"https:\/\/www.suno.com.br\/artigos\/b3\/\"><strong>Bolsa de Valores<\/strong><\/a> como principal recomenda\u00e7\u00e3o.<\/p>\t<div class=\"wrapper-featured-image\">\n\t\t<figure class=\"spotlightImg\">\n\n\t\t\t<picture>\n\t\t\t\t<source media=\"(max-width: 768px)\" srcset=\"https:\/\/files.sunoresearch.com.br\/n\/uploads\/2019\/09\/a3037451-claudio-sanche-e1567436582281-400x200.webp\">\n\t\t\t\t<img loading=\"lazy\" decoding=\"async\" class=\"newsContent__article__imgCapa lazyloadDisabled newsContent__article__imgCapa--noCaption\" src=\"https:\/\/files.sunoresearch.com.br\/n\/uploads\/2019\/09\/a3037451-claudio-sanche-e1567436582281-800x450.webp\" width=\"800\" height=\"450\" alt=\"Ita\u00fa diz que a &#8216;Bolsa continua sendo nossa principal recomenda\u00e7\u00e3o&#8217;\" fetchpriority=high \/>\n\t\t\t<\/picture>\n\n\t\t\t<figcaption class=\"wp-caption-text wp-caption-text--hide\">Ita\u00fa diz que a &#039;Bolsa continua sendo nossa principal recomenda\u00e7\u00e3o&#039;<\/figcaption>\n\t\t<\/figure>\n\t<\/div>\n\n\n<p>O executivo do <strong>Ita\u00fa Unibanco<\/strong>, que vem recomendando o investimento acion\u00e1rio desde o come\u00e7o do ano, diz que as a\u00e7\u00f5es t\u00eam muito o que se beneficiar de um cen\u00e1rio interno favor\u00e1vel, que tende a ficar ainda mais prop\u00edcio caso o mundo, de fato, tenha um crescimento menor nos pr\u00f3ximos anos.<\/p>\n\n<p>Em entrevista ao &#8220;Estado de S\u00e3o Paulo&#8221;, quando perguntado se o <strong>ouro<\/strong> ainda \u00e9 uma boa op\u00e7\u00e3o, <strong>Sanchez<\/strong> disse esse \u00e9 um tipo de ativo que os investidores procuram quando tudo est\u00e1 muito ruim.<\/p>\n<p>&#8220;Acho que investir diretamente em contratos de ouro \u00e9 para aquele cliente agressivo e que acompanha muito bem mercado. Se o mercado de a\u00e7\u00f5es \u00e9 complexo, o mercado de <strong>commodity<\/strong> \u00e9 ainda mais complexo.&#8221;<\/p>\n<p><iframe loading=\"lazy\" title=\"?Oi negocia financiamento com bancos; B3 atualiza Ibovespa e Ita\u00fa aposta na Bolsa\" width=\"200\" height=\"113\" src=\"https:\/\/www.youtube.com\/embed\/DiXuBKAW7yY?feature=oembed\" frameborder=\"0\" allow=\"accelerometer; autoplay; encrypted-media; gyroscope; picture-in-picture\" allowfullscreen><\/iframe><\/p>\n<h2>Ita\u00fa acredita que a Bolsa continua atrativa<\/h2>\n<p>Sanchez foi perguntado se esperam o <strong>Ibovespa<\/strong> com 130 mil pontos neste ano. &#8220;Diria que hoje estejamos mais com 120 mil do que 130 mil pontos (o relat\u00f3rio mais recente do banco projeta a Bolsa a 125 mil pontos no final do ano).&#8221;<\/p>\n<p>Na entrevista, o &#8220;Estado de S\u00e3o Paulo&#8221; perguntou ao executivo quais s\u00e3o os impactos da pol\u00edtica econ\u00f4mica do atual governo. Sanchez disse que a <strong>infla\u00e7\u00e3o<\/strong> sob controle e a <strong>taxa de juros<\/strong> b\u00e1sica \u00e9 muito positivo.<\/p>\n<p>&#8220;Estamos falando de um poss\u00edvel juro real de 1%. Com isso, o cliente ter\u00e1 de tomar risco e o que est\u00e1 acontecendo agora \u00e9 uma transforma\u00e7\u00e3o dos clientes para buscar esse risco&#8221;, afirma Sanchez.<\/p>\n\t<p>\n\t\t<a href=\"https:\/\/www.seculus.com.br\/blackfriday\" target=\"_blank\" data-element=\"shortcode-suno-banner\" title=\"Banner SUNO, clique e saiba mais\">\n\t\t\t<picture>\n\t\t\t\t<source media=\"(max-width: 500px)\" srcset=\"https:\/\/files.sunoresearch.com.br\/n\/uploads\/2023\/11\/seculus_suno_mobile_2.jpg\">\n\t\t\t\t<img class=\"newsContent__article__imgCapa newsContent__article__imgCapa--banner\"\n\t\t\t\t\tsrc=\"https:\/\/files.sunoresearch.com.br\/n\/uploads\/2023\/11\/seculus_suno_desktop_2.jpg\"\n\t\t\t\t\tdata-promo-id=\"474123\"\t\t\t\t\t\t\t\t\t\twidth='1420' height='240'\t\t\t\t\talt=\"https:\/\/files.sunoresearch.com.br\/n\/uploads\/2023\/11\/seculus_suno_desktop_2.jpg\"\n\t\t\t\t>\n\t\t\t<\/picture>\n\t\t<\/a>\n\t<\/p>\n\n\n<p>&#8220;A economia precisa crescer. O Brasil n\u00e3o tem uma quantidade de ativos suficientes para atender a toda a demanda que possa surgir. O crescimento far\u00e1 as empresas emitirem deb\u00eantures, trar\u00e1 mais a\u00e7\u00f5es ao mercado. Se isso n\u00e3o acontecer, n\u00e3o vamos conseguir gerar produtos que entreguem rentabilidade com risco adequado&#8221;, afirmou Sanchez sobre o que pode atrapalhar esse cen\u00e1rio positivo.<\/p>\n<p>Sanchez, entretanto, salientou que um cen\u00e1rio internacional de muito estresse, que ultrapasse as negocia\u00e7\u00f5es entre <strong>EUA<\/strong> e <strong>China<\/strong> na <a href=\"https:\/\/www.suno.com.br\/artigos\/a-guerra-comercial\/\">guerra comercial<\/a>, para se tornar algo real de fato, pode impactar o mercado interno.<\/p>\n<p><a href=\"https:\/\/www.suno.com.br\/noticias\/itau-ticket-ratificam-parceria-aval-cade-bc\/\">Veja tamb\u00e9m: Ita\u00fa e Ticket ratificam parceria depois de aval do Cade e BC<\/a><\/p>\n<p>Questionado se esse impacto exterior pode ser associado \u00e0 declara\u00e7\u00e3o da morat\u00f3ria argentina ao <a href=\"https:\/\/www.suno.com.br\/artigos\/fmi\/\"><strong>Fundo Monet\u00e1rio Internacional (FMI)<\/strong><\/a>, Sanchez disse que, por hora, n\u00e3o.<\/p>\n<p>&#8220;Um eventual impacto na economia brasileira pode ocorrer caso a crise na Argentina aumente a percep\u00e7\u00e3o de risco sobre os mercados emergentes em geral, mas esse n\u00e3o \u00e9 o nosso cen\u00e1rio base&#8221;, disse o diretor do <strong>Ita\u00fa Unibanco<\/strong>.<\/p>\n","protected":false},"excerpt":{"rendered":"<p>Cl\u00e1udio Sanchez, diretor de investimentos do Ita\u00fa Unibanco, ainda aposta na Bolsa de Valores como principal recomenda\u00e7\u00e3o. Ita\u00fa diz que a &#039;Bolsa continua sendo nossa principal recomenda\u00e7\u00e3o&#039; O executivo do Ita\u00fa Unibanco, que vem recomendando o investimento acion\u00e1rio desde o come\u00e7o do ano, diz que as a\u00e7\u00f5es t\u00eam muito o que se beneficiar de um [&hellip;]<\/p>\n","protected":false},"author":24,"featured_media":36131,"comment_status":"closed","ping_status":"closed","sticky":false,"template":"","format":"standard","meta":[],"categories":[60],"tags":[699,309,721,519],"suno_strategy":[],"class_list":["post-36121","post","type-post","status-publish","format-standard","has-post-thumbnail","hentry","category-mercado","tag-argentina","tag-bolsa-de-valores","tag-ibovespa","tag-itau-unibanco-itub3-itub4"],"yoast_head":"<!-- This site is optimized with the Yoast SEO plugin v24.4 - https:\/\/yoast.com\/wordpress\/plugins\/seo\/ -->\n<title>Ita\u00fa diz que a &#039;Bolsa continua sendo nossa principal recomenda\u00e7\u00e3o&#039;<\/title>\n<meta name=\"description\" content=\"Cl\u00e1udio Sanchez, diretor de investimentos do Ita\u00fa Unibanco, ainda tem a Bolsa de Valores como principal recomenda\u00e7\u00e3o.\" \/>\n<meta name=\"robots\" content=\"index, follow, max-snippet:-1, max-image-preview:large, max-video-preview:-1\" \/>\n<link rel=\"canonical\" href=\"https:\/\/www.suno.com.br\/noticias\/itau-bolsa-continua-sendo-nossa-recomendacao\/\" \/>\n<meta property=\"og:locale\" content=\"pt_BR\" \/>\n<meta property=\"og:type\" content=\"article\" \/>\n<meta property=\"og:title\" content=\"Ita\u00fa diz que a &#039;Bolsa continua sendo nossa principal recomenda\u00e7\u00e3o&#039;\" \/>\n<meta property=\"og:description\" content=\"Cl\u00e1udio Sanchez, diretor de investimentos do Ita\u00fa Unibanco, ainda tem a Bolsa de Valores como principal recomenda\u00e7\u00e3o.\" \/>\n<meta property=\"og:url\" content=\"https:\/\/www.suno.com.br\/noticias\/itau-bolsa-continua-sendo-nossa-recomendacao\/\" \/>\n<meta property=\"og:site_name\" content=\"Suno Not\u00edcias\" \/>\n<meta property=\"article:publisher\" content=\"https:\/\/facebook.com\/sunoresearch\" \/>\n<meta property=\"og:image\" content=\"https:\/\/files.sunoresearch.com.br\/n\/uploads\/2019\/09\/a3037451-claudio-sanche-e1567436582281.jpg\" \/>\n\t<meta property=\"og:image:width\" content=\"3300\" \/>\n\t<meta property=\"og:image:height\" content=\"2153\" \/>\n\t<meta property=\"og:image:type\" content=\"image\/jpeg\" \/>\n<meta name=\"author\" content=\"Jader Lazarini\" \/>\n<meta name=\"twitter:card\" content=\"summary_large_image\" \/>\n<meta name=\"twitter:creator\" content=\"@sunoresearch\" \/>\n<meta name=\"twitter:site\" content=\"@sunoresearch\" \/>\n<meta name=\"twitter:label1\" content=\"Escrito por\" \/>\n\t<meta name=\"twitter:data1\" content=\"Jader Lazarini\" \/>\n\t<meta name=\"twitter:label2\" content=\"Est. tempo de leitura\" \/>\n\t<meta name=\"twitter:data2\" content=\"2 minutos\" \/>\n<script type=\"application\/ld+json\" class=\"yoast-schema-graph\">{\"@context\":\"https:\/\/schema.org\",\"@graph\":[{\"@type\":\"NewsArticle\",\"@id\":\"https:\/\/www.suno.com.br\/noticias\/itau-bolsa-continua-sendo-nossa-recomendacao\/#article\",\"isPartOf\":{\"@id\":\"https:\/\/www.suno.com.br\/noticias\/itau-bolsa-continua-sendo-nossa-recomendacao\/\"},\"author\":{\"name\":\"Jader Lazarini\",\"@id\":\"https:\/\/www.suno.com.br\/noticias\/#\/schema\/person\/918d79de1f0281f01599b93f9ea6e23f\"},\"headline\":\"Ita\u00fa diz que a &#8216;Bolsa continua sendo nossa principal recomenda\u00e7\u00e3o&#8217;\",\"datePublished\":\"2019-09-02T15:02:24+00:00\",\"dateModified\":\"2019-09-03T20:01:09+00:00\",\"mainEntityOfPage\":{\"@id\":\"https:\/\/www.suno.com.br\/noticias\/itau-bolsa-continua-sendo-nossa-recomendacao\/\"},\"wordCount\":474,\"publisher\":{\"@id\":\"https:\/\/www.suno.com.br\/noticias\/#organization\"},\"image\":{\"@id\":\"https:\/\/www.suno.com.br\/noticias\/itau-bolsa-continua-sendo-nossa-recomendacao\/#primaryimage\"},\"thumbnailUrl\":\"https:\/\/files.sunoresearch.com.br\/n\/uploads\/2019\/09\/a3037451-claudio-sanche-e1567436582281-scaled.webp\",\"keywords\":[\"Argentina\",\"Bolsa de Valores\",\"Ibovespa\",\"Ita\u00fa Unibanco (ITUB3\/ITUB4)\"],\"articleSection\":[\"Mercado\"],\"inLanguage\":\"pt-BR\"},{\"@type\":\"WebPage\",\"@id\":\"https:\/\/www.suno.com.br\/noticias\/itau-bolsa-continua-sendo-nossa-recomendacao\/\",\"url\":\"https:\/\/www.suno.com.br\/noticias\/itau-bolsa-continua-sendo-nossa-recomendacao\/\",\"name\":\"Ita\u00fa diz que a 'Bolsa continua sendo nossa principal recomenda\u00e7\u00e3o'\",\"isPartOf\":{\"@id\":\"https:\/\/www.suno.com.br\/noticias\/#website\"},\"primaryImageOfPage\":{\"@id\":\"https:\/\/www.suno.com.br\/noticias\/itau-bolsa-continua-sendo-nossa-recomendacao\/#primaryimage\"},\"image\":{\"@id\":\"https:\/\/www.suno.com.br\/noticias\/itau-bolsa-continua-sendo-nossa-recomendacao\/#primaryimage\"},\"thumbnailUrl\":\"https:\/\/files.sunoresearch.com.br\/n\/uploads\/2019\/09\/a3037451-claudio-sanche-e1567436582281-scaled.webp\",\"datePublished\":\"2019-09-02T15:02:24+00:00\",\"dateModified\":\"2019-09-03T20:01:09+00:00\",\"description\":\"Cl\u00e1udio Sanchez, diretor de investimentos do Ita\u00fa Unibanco, ainda tem a Bolsa de Valores como principal recomenda\u00e7\u00e3o.\",\"breadcrumb\":{\"@id\":\"https:\/\/www.suno.com.br\/noticias\/itau-bolsa-continua-sendo-nossa-recomendacao\/#breadcrumb\"},\"inLanguage\":\"pt-BR\",\"potentialAction\":[{\"@type\":\"ReadAction\",\"target\":[\"https:\/\/www.suno.com.br\/noticias\/itau-bolsa-continua-sendo-nossa-recomendacao\/\"]}]},{\"@type\":\"ImageObject\",\"inLanguage\":\"pt-BR\",\"@id\":\"https:\/\/www.suno.com.br\/noticias\/itau-bolsa-continua-sendo-nossa-recomendacao\/#primaryimage\",\"url\":\"https:\/\/files.sunoresearch.com.br\/n\/uploads\/2019\/09\/a3037451-claudio-sanche-e1567436582281-scaled.webp\",\"contentUrl\":\"https:\/\/files.sunoresearch.com.br\/n\/uploads\/2019\/09\/a3037451-claudio-sanche-e1567436582281-scaled.webp\",\"width\":2560,\"height\":1670,\"caption\":\"Ita\u00fa diz que a 'Bolsa continua sendo nossa principal recomenda\u00e7\u00e3o'\"},{\"@type\":\"BreadcrumbList\",\"@id\":\"https:\/\/www.suno.com.br\/noticias\/itau-bolsa-continua-sendo-nossa-recomendacao\/#breadcrumb\",\"itemListElement\":[{\"@type\":\"ListItem\",\"position\":1,\"name\":\"Not\u00edcias\",\"item\":\"https:\/\/www.suno.com.br\/noticias\/\"},{\"@type\":\"ListItem\",\"position\":2,\"name\":\"Mercado\",\"item\":\"https:\/\/www.suno.com.br\/noticias\/mercado\/\"},{\"@type\":\"ListItem\",\"position\":3,\"name\":\"Ita\u00fa diz que a &#8216;Bolsa continua sendo nossa principal recomenda\u00e7\u00e3o&#8217;\"}]},{\"@type\":\"WebSite\",\"@id\":\"https:\/\/www.suno.com.br\/noticias\/#website\",\"url\":\"https:\/\/www.suno.com.br\/noticias\/\",\"name\":\"Suno Not\u00edcias\",\"description\":\"Seu portal de informa\u00e7\u00e3o sobre o mundo dos investimentos\",\"publisher\":{\"@id\":\"https:\/\/www.suno.com.br\/noticias\/#organization\"},\"potentialAction\":[{\"@type\":\"SearchAction\",\"target\":{\"@type\":\"EntryPoint\",\"urlTemplate\":\"https:\/\/www.suno.com.br\/noticias\/?s={search_term_string}\"},\"query-input\":{\"@type\":\"PropertyValueSpecification\",\"valueRequired\":true,\"valueName\":\"search_term_string\"}}],\"inLanguage\":\"pt-BR\"},{\"@type\":\"Organization\",\"@id\":\"https:\/\/www.suno.com.br\/noticias\/#organization\",\"name\":\"Suno Not\u00edcias\",\"url\":\"https:\/\/www.suno.com.br\/noticias\/\",\"logo\":{\"@type\":\"ImageObject\",\"inLanguage\":\"pt-BR\",\"@id\":\"https:\/\/www.suno.com.br\/noticias\/#\/schema\/logo\/image\/\",\"url\":\"https:\/\/files.sunoresearch.com.br\/n\/uploads\/2021\/09\/suno-logo.png\",\"contentUrl\":\"https:\/\/files.sunoresearch.com.br\/n\/uploads\/2021\/09\/suno-logo.png\",\"width\":180,\"height\":180,\"caption\":\"Suno Not\u00edcias\"},\"image\":{\"@id\":\"https:\/\/www.suno.com.br\/noticias\/#\/schema\/logo\/image\/\"},\"sameAs\":[\"https:\/\/facebook.com\/sunoresearch\",\"https:\/\/x.com\/sunoresearch\",\"https:\/\/www.instagram.com\/suno\",\"https:\/\/www.linkedin.com\/company\/suno-research\/\",\"https:\/\/www.youtube.com\/c\/sunoresearch\"]},{\"@type\":\"Person\",\"@id\":\"https:\/\/www.suno.com.br\/noticias\/#\/schema\/person\/918d79de1f0281f01599b93f9ea6e23f\",\"name\":\"Jader Lazarini\",\"image\":{\"@type\":\"ImageObject\",\"inLanguage\":\"pt-BR\",\"@id\":\"https:\/\/www.suno.com.br\/noticias\/#\/schema\/person\/image\/\",\"url\":\"https:\/\/secure.gravatar.com\/avatar\/3c1ad8caa51589841baeb923fcddea97?s=96&r=g\",\"contentUrl\":\"https:\/\/secure.gravatar.com\/avatar\/3c1ad8caa51589841baeb923fcddea97?s=96&r=g\",\"caption\":\"Jader Lazarini\"},\"description\":\"Jader Lazarini escreve sobre investimentos, finan\u00e7as, economia e neg\u00f3cios. \u00c9 bacharel em Rela\u00e7\u00f5es Internacionais e analista CNPI (2619).\",\"url\":\"https:\/\/www.suno.com.br\/noticias\/author\/jader-lazarini\/\"}]}<\/script>\n<!-- \/ Yoast SEO plugin. -->","yoast_head_json":{"title":"Ita\u00fa diz que a 'Bolsa continua sendo nossa principal recomenda\u00e7\u00e3o'","description":"Cl\u00e1udio Sanchez, diretor de investimentos do Ita\u00fa Unibanco, ainda tem a Bolsa de Valores como principal recomenda\u00e7\u00e3o.","robots":{"index":"index","follow":"follow","max-snippet":"max-snippet:-1","max-image-preview":"max-image-preview:large","max-video-preview":"max-video-preview:-1"},"canonical":"https:\/\/www.suno.com.br\/noticias\/itau-bolsa-continua-sendo-nossa-recomendacao\/","og_locale":"pt_BR","og_type":"article","og_title":"Ita\u00fa diz que a 'Bolsa continua sendo nossa principal recomenda\u00e7\u00e3o'","og_description":"Cl\u00e1udio Sanchez, diretor de investimentos do Ita\u00fa Unibanco, ainda tem a Bolsa de Valores como principal recomenda\u00e7\u00e3o.","og_url":"https:\/\/www.suno.com.br\/noticias\/itau-bolsa-continua-sendo-nossa-recomendacao\/","og_site_name":"Suno Not\u00edcias","article_publisher":"https:\/\/facebook.com\/sunoresearch","og_image":[{"width":3300,"height":2153,"url":"https:\/\/files.sunoresearch.com.br\/n\/uploads\/2019\/09\/a3037451-claudio-sanche-e1567436582281.jpg","type":"image\/jpeg"}],"author":"Jader Lazarini","twitter_card":"summary_large_image","twitter_creator":"@sunoresearch","twitter_site":"@sunoresearch","twitter_misc":{"Escrito por":"Jader Lazarini","Est. tempo de leitura":"2 minutos"},"schema":{"@context":"https:\/\/schema.org","@graph":[{"@type":"NewsArticle","@id":"https:\/\/www.suno.com.br\/noticias\/itau-bolsa-continua-sendo-nossa-recomendacao\/#article","isPartOf":{"@id":"https:\/\/www.suno.com.br\/noticias\/itau-bolsa-continua-sendo-nossa-recomendacao\/"},"author":{"name":"Jader Lazarini","@id":"https:\/\/www.suno.com.br\/noticias\/#\/schema\/person\/918d79de1f0281f01599b93f9ea6e23f"},"headline":"Ita\u00fa diz que a &#8216;Bolsa continua sendo nossa principal recomenda\u00e7\u00e3o&#8217;","datePublished":"2019-09-02T15:02:24+00:00","dateModified":"2019-09-03T20:01:09+00:00","mainEntityOfPage":{"@id":"https:\/\/www.suno.com.br\/noticias\/itau-bolsa-continua-sendo-nossa-recomendacao\/"},"wordCount":474,"publisher":{"@id":"https:\/\/www.suno.com.br\/noticias\/#organization"},"image":{"@id":"https:\/\/www.suno.com.br\/noticias\/itau-bolsa-continua-sendo-nossa-recomendacao\/#primaryimage"},"thumbnailUrl":"https:\/\/files.sunoresearch.com.br\/n\/uploads\/2019\/09\/a3037451-claudio-sanche-e1567436582281-scaled.webp","keywords":["Argentina","Bolsa de Valores","Ibovespa","Ita\u00fa Unibanco (ITUB3\/ITUB4)"],"articleSection":["Mercado"],"inLanguage":"pt-BR"},{"@type":"WebPage","@id":"https:\/\/www.suno.com.br\/noticias\/itau-bolsa-continua-sendo-nossa-recomendacao\/","url":"https:\/\/www.suno.com.br\/noticias\/itau-bolsa-continua-sendo-nossa-recomendacao\/","name":"Ita\u00fa diz que a 'Bolsa continua sendo nossa principal recomenda\u00e7\u00e3o'","isPartOf":{"@id":"https:\/\/www.suno.com.br\/noticias\/#website"},"primaryImageOfPage":{"@id":"https:\/\/www.suno.com.br\/noticias\/itau-bolsa-continua-sendo-nossa-recomendacao\/#primaryimage"},"image":{"@id":"https:\/\/www.suno.com.br\/noticias\/itau-bolsa-continua-sendo-nossa-recomendacao\/#primaryimage"},"thumbnailUrl":"https:\/\/files.sunoresearch.com.br\/n\/uploads\/2019\/09\/a3037451-claudio-sanche-e1567436582281-scaled.webp","datePublished":"2019-09-02T15:02:24+00:00","dateModified":"2019-09-03T20:01:09+00:00","description":"Cl\u00e1udio Sanchez, diretor de investimentos do Ita\u00fa Unibanco, ainda tem a Bolsa de Valores como principal recomenda\u00e7\u00e3o.","breadcrumb":{"@id":"https:\/\/www.suno.com.br\/noticias\/itau-bolsa-continua-sendo-nossa-recomendacao\/#breadcrumb"},"inLanguage":"pt-BR","potentialAction":[{"@type":"ReadAction","target":["https:\/\/www.suno.com.br\/noticias\/itau-bolsa-continua-sendo-nossa-recomendacao\/"]}]},{"@type":"ImageObject","inLanguage":"pt-BR","@id":"https:\/\/www.suno.com.br\/noticias\/itau-bolsa-continua-sendo-nossa-recomendacao\/#primaryimage","url":"https:\/\/files.sunoresearch.com.br\/n\/uploads\/2019\/09\/a3037451-claudio-sanche-e1567436582281-scaled.webp","contentUrl":"https:\/\/files.sunoresearch.com.br\/n\/uploads\/2019\/09\/a3037451-claudio-sanche-e1567436582281-scaled.webp","width":2560,"height":1670,"caption":"Ita\u00fa diz que a 'Bolsa continua sendo nossa principal recomenda\u00e7\u00e3o'"},{"@type":"BreadcrumbList","@id":"https:\/\/www.suno.com.br\/noticias\/itau-bolsa-continua-sendo-nossa-recomendacao\/#breadcrumb","itemListElement":[{"@type":"ListItem","position":1,"name":"Not\u00edcias","item":"https:\/\/www.suno.com.br\/noticias\/"},{"@type":"ListItem","position":2,"name":"Mercado","item":"https:\/\/www.suno.com.br\/noticias\/mercado\/"},{"@type":"ListItem","position":3,"name":"Ita\u00fa diz que a &#8216;Bolsa continua sendo nossa principal recomenda\u00e7\u00e3o&#8217;"}]},{"@type":"WebSite","@id":"https:\/\/www.suno.com.br\/noticias\/#website","url":"https:\/\/www.suno.com.br\/noticias\/","name":"Suno Not\u00edcias","description":"Seu portal de informa\u00e7\u00e3o sobre o mundo dos investimentos","publisher":{"@id":"https:\/\/www.suno.com.br\/noticias\/#organization"},"potentialAction":[{"@type":"SearchAction","target":{"@type":"EntryPoint","urlTemplate":"https:\/\/www.suno.com.br\/noticias\/?s={search_term_string}"},"query-input":{"@type":"PropertyValueSpecification","valueRequired":true,"valueName":"search_term_string"}}],"inLanguage":"pt-BR"},{"@type":"Organization","@id":"https:\/\/www.suno.com.br\/noticias\/#organization","name":"Suno Not\u00edcias","url":"https:\/\/www.suno.com.br\/noticias\/","logo":{"@type":"ImageObject","inLanguage":"pt-BR","@id":"https:\/\/www.suno.com.br\/noticias\/#\/schema\/logo\/image\/","url":"https:\/\/files.sunoresearch.com.br\/n\/uploads\/2021\/09\/suno-logo.png","contentUrl":"https:\/\/files.sunoresearch.com.br\/n\/uploads\/2021\/09\/suno-logo.png","width":180,"height":180,"caption":"Suno Not\u00edcias"},"image":{"@id":"https:\/\/www.suno.com.br\/noticias\/#\/schema\/logo\/image\/"},"sameAs":["https:\/\/facebook.com\/sunoresearch","https:\/\/x.com\/sunoresearch","https:\/\/www.instagram.com\/suno","https:\/\/www.linkedin.com\/company\/suno-research\/","https:\/\/www.youtube.com\/c\/sunoresearch"]},{"@type":"Person","@id":"https:\/\/www.suno.com.br\/noticias\/#\/schema\/person\/918d79de1f0281f01599b93f9ea6e23f","name":"Jader Lazarini","image":{"@type":"ImageObject","inLanguage":"pt-BR","@id":"https:\/\/www.suno.com.br\/noticias\/#\/schema\/person\/image\/","url":"https:\/\/secure.gravatar.com\/avatar\/3c1ad8caa51589841baeb923fcddea97?s=96&r=g","contentUrl":"https:\/\/secure.gravatar.com\/avatar\/3c1ad8caa51589841baeb923fcddea97?s=96&r=g","caption":"Jader Lazarini"},"description":"Jader Lazarini escreve sobre investimentos, finan\u00e7as, economia e neg\u00f3cios. \u00c9 bacharel em Rela\u00e7\u00f5es Internacionais e analista CNPI (2619).","url":"https:\/\/www.suno.com.br\/noticias\/author\/jader-lazarini\/"}]}},"default_loop_html":"<div class=\"cardsPage__listCard__boxs\"><div class=\"cardsPage__listCard__boxs__img\"><a href=\"https:\/\/www.suno.com.br\/noticias\/itau-bolsa-continua-sendo-nossa-recomendacao\/\"><img class=\"mask\" src=\"https:\/\/www.suno.com.br\/noticias\/wp-content\/themes\/suno\/resources\/images\/spotlight\/spotlight1img\/bg-mask.png\" alt=\"Image Mask\"\/><img src=\"https:\/\/files.sunoresearch.com.br\/n\/uploads\/2019\/09\/a3037451-claudio-sanche-e1567436582281-400x200.webp\" alt=\"Ita\u00fa diz que a &#8216;Bolsa continua sendo nossa principal recomenda\u00e7\u00e3o&#8217;\"\/><\/a><span class=\"spotlightCategory\"><a href=\"https:\/\/www.suno.com.br\/noticias\/mercado\/\">Mercado<\/a><\/span><\/div><div class=\"cardsPage__listCard__boxs__content\"><a href=\"https:\/\/www.suno.com.br\/noticias\/itau-bolsa-continua-sendo-nossa-recomendacao\/\"><h2 class=\"content__title\">Ita\u00fa diz que a &#8216;Bolsa continua sendo nossa principal recomenda\u00e7\u00e3o&#8217;<\/h2><\/a><div class=\"newsContent__article__meta\"><div class=\"newsContent__article__meta__authorBox\"><a href=\"https:\/\/www.suno.com.br\/noticias\/author\/jader-lazarini\/\" class=\"authorBox__avatar noMobi\"><img src=\"https:\/\/files.sunoresearch.com.br\/n\/uploads\/2021\/01\/178e6598-foto-perfil-2-150x150.jpg\" alt=\"Jader Lazarini\"><\/a><div class=\"authorBox__name\"><span>por\n\t\t\t<a href=\"https:\/\/www.suno.com.br\/noticias\/author\/jader-lazarini\/\"><span itemprop=\"author\">Jader Lazarini<\/span><\/a><\/span><time datetime=\"2019-09-02T12:02:24-03:00\" itemprop=\"datePublished\">02\/09\/2019 12:02<\/time><\/div><\/div><\/div><\/div><\/div>","single_layout":"posts","amp_enabled":true,"_links":{"self":[{"href":"https:\/\/www.suno.com.br\/noticias\/wp-json\/wp\/v2\/posts\/36121"}],"collection":[{"href":"https:\/\/www.suno.com.br\/noticias\/wp-json\/wp\/v2\/posts"}],"about":[{"href":"https:\/\/www.suno.com.br\/noticias\/wp-json\/wp\/v2\/types\/post"}],"author":[{"embeddable":true,"href":"https:\/\/www.suno.com.br\/noticias\/wp-json\/wp\/v2\/users\/24"}],"replies":[{"embeddable":true,"href":"https:\/\/www.suno.com.br\/noticias\/wp-json\/wp\/v2\/comments?post=36121"}],"version-history":[{"count":0,"href":"https:\/\/www.suno.com.br\/noticias\/wp-json\/wp\/v2\/posts\/36121\/revisions"}],"wp:featuredmedia":[{"embeddable":true,"href":"https:\/\/www.suno.com.br\/noticias\/wp-json\/wp\/v2\/media\/36131"}],"wp:attachment":[{"href":"https:\/\/www.suno.com.br\/noticias\/wp-json\/wp\/v2\/media?parent=36121"}],"wp:term":[{"taxonomy":"category","embeddable":true,"href":"https:\/\/www.suno.com.br\/noticias\/wp-json\/wp\/v2\/categories?post=36121"},{"taxonomy":"post_tag","embeddable":true,"href":"https:\/\/www.suno.com.br\/noticias\/wp-json\/wp\/v2\/tags?post=36121"},{"taxonomy":"suno_strategy","embeddable":true,"href":"https:\/\/www.suno.com.br\/noticias\/wp-json\/wp\/v2\/suno_strategy?post=36121"}],"curies":[{"name":"wp","href":"https:\/\/api.w.org\/{rel}","templated":true}]}}