{"id":36120,"date":"2019-09-08T14:18:19","date_gmt":"2019-09-08T17:18:19","guid":{"rendered":"https:\/\/www.suno.com.br\/noticias\/?p=36120"},"modified":"2020-02-05T16:49:50","modified_gmt":"2020-02-05T18:49:50","slug":"trump-corte-juros-fed","status":"publish","type":"post","link":"https:\/\/www.suno.com.br\/noticias\/trump-corte-juros-fed\/","title":{"rendered":"Por que Trump quer que o Fed corte mais as taxas de juros?"},"content":{"rendered":"<p>Na \u00faltima semana o presidente dos <strong>Estados Unidos, <a href=\"https:\/\/www.suno.com.br\/tudo-sobre\/donald-trump\/\">Donald Trump<\/a>,<\/strong> se queixou mais uma vez que o <a href=\"https:\/\/www.suno.com.br\/artigos\/fed\/\"><strong>Federal Reserve<\/strong> (Fed)<\/a> n\u00e3o est\u00e1 dando sinais sobre poss\u00edveis futuros cortes de juros.<\/p>\t<div class=\"wrapper-featured-image\">\n\t\t<figure class=\"spotlightImg\">\n\n\t\t\t<picture>\n\t\t\t\t<source media=\"(max-width: 768px)\" srcset=\"https:\/\/files.sunoresearch.com.br\/n\/uploads\/2019\/07\/93ab0416-fed-400x200.webp\">\n\t\t\t\t<img loading=\"lazy\" decoding=\"async\" class=\"newsContent__article__imgCapa lazyloadDisabled newsContent__article__imgCapa--noCaption\" src=\"https:\/\/files.sunoresearch.com.br\/n\/uploads\/2019\/07\/93ab0416-fed-jpg.webp\" width=\"800\" height=\"450\" alt=\"Por que Trump quer que o Fed corte mais as taxas de juros?\" fetchpriority=high \/>\n\t\t\t<\/picture>\n\n\t\t\t<figcaption class=\"wp-caption-text wp-caption-text--hide\">Kaplan informou que o Fed n\u00e3o planeja aumentar taxa de juros<\/figcaption>\n\t\t<\/figure>\n\t<\/div>\n\n\n\n<p>Essa \u00e9 somente a \u00faltima de uma longa serie de reclama\u00e7\u00f5es do mandat\u00e1rio norte-americano com o <strong>Fed.<\/strong> Mas a de <strong>Trump<\/strong> n\u00e3o \u00e9 uma obsess\u00e3o: o <strong>d\u00f3lar<\/strong> est\u00e1 de fato ganhando muita for\u00e7a em rela\u00e7\u00e3o a moedas do mundo todo. N&#8217;ao somente de moedas de pa\u00edses emergentes, como o Brasil, mas tamb\u00e9m de moedas de pa\u00edses ou blocos desenvolvidos, como o euro. E um cambio elevado demais poderia ser um fator prejudicial para a economia dos <strong>EUA.<\/strong><\/p>\n<p>Basta pensar no famoso &#8220;Big Mac Index&#8221;, um indicador realizado pela revista brit\u00e2nica &#8220;The Economist&#8221; que, a partir dos anos 1980, compara os pre\u00e7os de diferentes pa\u00edses para entender a <strong>taxa de c\u00e2mbio<\/strong> real.<\/p>\n<p><a href=\"https:\/\/www.suno.com.br\/noticias\/trump-fed-taxa-de-juros-eua-economia\/\">Saiba mais: Trump retorna a criticar Fed por n\u00e3o colaborar com a economia americana\u00a0<\/a><\/p>\n<p>Atualmente, nos <strong>EUA,<\/strong> o sandu\u00edche do McDonald&#8217;s custa 5,74 d\u00f3lares, na zona do euro 4,08 euros. Em apenas seis meses, a diferen\u00e7a aumentou 17%. Se as duas moedas fossem comparadas, o euro deveria ser negociado a mais de 1,40 d\u00f3lar.<\/p>\n<p>Entretanto, o c\u00e2mbio atual \u00e9 consideravelmente menor: 1,1 <strong>d\u00f3lares<\/strong>\u00a0 Isso significa que a moeda americana est\u00e1 significativamente supervalorizada em compara\u00e7\u00e3o com a moeda europ\u00e9ia. Um problema para as empresas dos <strong>EUA.<\/strong><\/p>\n<h2>D\u00f3lar forte \u00e9 prejudicial<\/h2>\n<p>Um d\u00f3lar forte penaliza as exporta\u00e7\u00f5es e torna o sistema econ\u00f4mico pouco competitivo. A isso se acrescenta o fato de que, nos \u00faltimos anos &#8211; at\u00e9 o final de julho de 2019 &#8211; o <strong>Fed<\/strong> levou adiante um aumento constante das taxas de juros, enquanto o <a href=\"https:\/\/www.suno.com.br\/artigos\/bce\/\"><strong>Banco Central Europeu (BCE)<\/strong><\/a> produziu uma s\u00e9rie de est\u00edmulos monet\u00e1rios para incentivar a retomada econ\u00f4mica e tentar alcan\u00e7ar a meta de infla\u00e7\u00e3o, fixada por volta de 2% ao ano.<\/p>\n<p><a href=\"https:\/\/www.suno.com.br\/noticias\/nosso-federal-reserve-nao-age-trump-corte-juros\/\">Saiba mais: \u2018Nosso Federal Reserve n\u00e3o age\u2019, diz Trump sobre corte de juros\u00a0<\/a><\/p>\n<p>Dessa forma, e tamb\u00e9m gra\u00e7as a uma economia norte-americana que continua registrando h\u00e1 mais de 121 meses resultados positivos, o <strong>d\u00f3lar<\/strong> se refor\u00e7ou e o euro se depreciou. Ao contr\u00e1rio, a <a href=\"https:\/\/www.suno.com.br\/artigos\/uniao-europeia\/\"><strong>Uni\u00e3o Europeia<\/strong><\/a> continua com um crescimento pr\u00f3ximo do zero, ou at\u00e9 negativo, como o caso da Alemanha nos \u00faltimos trimestres.<\/p>\n<p>A pol\u00edtica monet\u00e1ria ultra acomodat\u00edcia do <strong>BCE<\/strong> levou <strong>Trump<\/strong> a declarar que, por cula do <strong>Fed,<\/strong> o <strong>d\u00f3lar<\/strong> se tornou &#8220;forte demais&#8221;.<\/p>\n<p>Em v\u00e1rias ocasi\u00f5es, o presidente dos <strong>EUA,<\/strong> usando como sempre express\u00f5es coloridas, insistiu para que o <strong>Fed<\/strong> a atuasse reduzindo a taxa de juros para apoiar a moeda norte-americana e impedir sua excessiva aprecia\u00e7\u00e3o.<\/p>\n<p>Segundo alguns analistas, o presidente n\u00e3o est\u00e1 totalmente errado: assim que o <strong>Fed<\/strong> realizou o primeiro corte dos juros no final de julho, o BCE come\u00e7ou a dar sinais sobre uma ulterior flexibiliza\u00e7\u00e3o monet\u00e1ria e, em perspectiva, um novo <strong><a href=\"https:\/\/www.suno.com.br\/artigos\/quantitative-easing\/\">Quantitative Easing<\/a>.<\/strong><\/p>\n<p>N\u00e3o \u00e9 coincid\u00eancia: se o euro se valorizasse em rela\u00e7\u00e3o ao d\u00f3lar, a economia do Velho Continente sofreria uma rea\u00e7\u00e3o negativa. Isso pois a Europa n\u00e3o \u00e9 t\u00e3o economicamente s\u00f3lida quanto os <strong>EUA.<\/strong><\/p>\n<p>O temor da pol\u00edtica europeia \u00e9 que um colapso nas exporta\u00e7\u00f5es teria efeitos devastadores, levando para um per\u00edodo de estagna\u00e7\u00e3o total. E dessa vez nem mesmo a alavanca fiscal, que n\u00e3o pode ser usada pelos governos dos pa\u00edses membros da <strong>UE<\/strong> e praticamente n\u00e3o existe em n\u00edvel central, poderia vir em socorro.<\/p>\n\t<p>\n\t\t<a href=\"https:\/\/lp.suno.com.br\/planilha-controle-gastos\/\" target=\"_blank\" data-element=\"shortcode-suno-banner\" title=\"Banner SUNO, clique e saiba mais\">\n\t\t\t<picture>\n\t\t\t\t<source media=\"(max-width: 500px)\" srcset=\"https:\/\/files.sunoresearch.com.br\/n\/uploads\/2023\/03\/400x300-Planilha-controle-de-gastos.png\">\n\t\t\t\t<img class=\"newsContent__article__imgCapa newsContent__article__imgCapa--banner\"\n\t\t\t\t\tsrc=\"https:\/\/files.sunoresearch.com.br\/n\/uploads\/2023\/03\/1420x240-Planilha-controle-de-gastos.png\"\n\t\t\t\t\tdata-promo-id=\"101751\"\t\t\t\t\t\t\t\t\t\twidth='1420' height='240'\t\t\t\t\talt=\"https:\/\/files.sunoresearch.com.br\/n\/uploads\/2023\/03\/1420x240-Planilha-controle-de-gastos.png\"\n\t\t\t\t>\n\t\t\t<\/picture>\n\t\t<\/a>\n\t<\/p>\n\n\n<p>Enquanto isso, <strong>Trump<\/strong> amea\u00e7a impor impostos alfandeg\u00e1rios sobre mercadorias europeias, come\u00e7ando pelos carros. Dessa forma, o presidente dos <strong>EUA<\/strong> quer contornar o problema da taxa de c\u00e2mbio euro-d\u00f3lar.<\/p>\n<h2>Trump critica BCE e Fed<\/h2>\n<p>Al\u00e9m disso, ele n\u00e3o poupa cr\u00edticas duras ao <strong>BCE.<\/strong> A culpa do Banco Central Europeu<strong>,<\/strong> para <strong>Trump,<\/strong> seria usar a pol\u00edtica monet\u00e1ria para tornar a economia da zona do euro mais competitiva \u00e0s custas dos Estados Unidos.<\/p>\n<p>O corte de 0,25 pontos percentuais realizado pelo <strong>Fed<\/strong> no final de julho n\u00e3o foi suficiente para mudar esse cen\u00e1rio. Os analistas esperavam um corte de at\u00e9 0,50 pontos percentuais, que teria levado o c\u00e2mbio at\u00e9 1,20 d\u00f3lares no m\u00e9dio prazo.<\/p>\n<p><a href=\"https:\/\/www.suno.com.br\/noticias\/trump-fed-queda-euro-dolar\/\">Saiba mais: Trump culpa Fed por forte queda do euro em rela\u00e7\u00e3o ao d\u00f3lar\u00a0<\/a><\/p>\n<p>Eis mais cr\u00edticas de <strong>Trump<\/strong> contra o presidente do <strong>Fed, Jerome Powell.<\/strong> Mesmo se foi o pr\u00f3prio presidente dos que indicou o banqueiro central no come\u00e7o de seu mandato.<\/p>\n<p>Em resumo, os pr\u00f3ximos passos a que o <strong>Fed<\/strong> e o <strong>BCE<\/strong> tomar\u00e1 ser\u00e3o decisivos para o equil\u00edbrio entre as duas moedas mais importantes do mundo.<\/p>\n<p>Entretanto, alguns analistas j\u00e1 est\u00e3o falando a esse respeito de uma &#8220;guerra secreta&#8221; entre os <strong>Bancos Centrais.<\/strong> Um conflito que tem como objetivo transformar as taxas de c\u00e2mbio, e que, obviamente, se reflete tamb\u00e9m entre as duas maiores economias do planeta, <strong>EUA<\/strong> e <strong>Uni\u00e3o Europeia.<\/strong><\/p>\n<p>E os mercados n\u00e3o est\u00e3o apenas observando: isso \u00e9 demonstrado pelas \u00faltimas declara\u00e7\u00f5es ent\u00e3o presidente do <strong>BCE, <a href=\"https:\/\/www.suno.com.br\/tudo-sobre\/mario-draghi\/\">Mario Draghi<\/a>,<\/strong> que exp\u00f4s explicitamente a hip\u00f3tese de uma nova inje\u00e7\u00e3o de liquidez no sistema monet\u00e1rio europeu. Frases que tiveram efeito imediato na taxa de c\u00e2mbio euro\/d\u00f3lar.<\/p>\n\t<p>\n\t\t<a href=\"https:\/\/lp2.suno.com.br\/cl\/black-friday-2025\/?utm_campaign=_SNCDF0E4858_\" target=\"_blank\" data-element=\"shortcode-suno-banner\" title=\"Banner SUNO, clique e saiba mais\">\n\t\t\t<picture>\n\t\t\t\t<source media=\"(max-width: 500px)\" srcset=\"https:\/\/files.sunoresearch.com.br\/n\/uploads\/2025\/10\/Artigos-e-Noticias-Banner-Home-artigos-01-Mobile_-400x300-1-png.webp\">\n\t\t\t\t<img class=\"newsContent__article__imgCapa newsContent__article__imgCapa--banner\"\n\t\t\t\t\tsrc=\"https:\/\/files.sunoresearch.com.br\/n\/uploads\/2025\/10\/Artigos-e-Noticias-Banner-Home-artigos-01-Desktop_-1420x240-1-png.webp\"\n\t\t\t\t\tdata-promo-id=\"311259\"\t\t\t\t\t\t\t\t\t\twidth='1420' height='240'\t\t\t\t\talt=\"https:\/\/files.sunoresearch.com.br\/n\/uploads\/2025\/10\/Artigos-e-Noticias-Banner-Home-artigos-01-Desktop_-1420x240-1-png.webp\"\n\t\t\t\t>\n\t\t\t<\/picture>\n\t\t<\/a>\n\t<\/p>\n\n\n<p>Al\u00e9m disso, guerra cambial a parte, uma interven\u00e7\u00e3o do <strong>Fed<\/strong> com um corte nas nas taxas agora parece inevit\u00e1vel \u00e0 luz da desacelera\u00e7\u00e3o da economia americana. Muitos analistas acredita que o banco central dos <strong>EUA,<\/strong> dada a mudan\u00e7a no contexto macroecon\u00f4mico, dever\u00e1 mudar de rumo e voltar a uma pol\u00edtica monet\u00e1ria expansiva que inevitavelmente levar\u00e1 a uma desvaloriza\u00e7\u00e3o do <strong>d\u00f3lar.<\/strong><\/p>\n","protected":false},"excerpt":{"rendered":"<p>Na \u00faltima semana o presidente dos Estados Unidos, Donald Trump, se queixou mais uma vez que o Federal Reserve (Fed) n\u00e3o est\u00e1 dando sinais sobre poss\u00edveis futuros cortes de juros. Kaplan informou que o Fed n\u00e3o planeja aumentar taxa de juros Essa \u00e9 somente a \u00faltima de uma longa serie de reclama\u00e7\u00f5es do mandat\u00e1rio norte-americano [&hellip;]<\/p>\n","protected":false},"author":9,"featured_media":31324,"comment_status":"closed","ping_status":"closed","sticky":false,"template":"","format":"standard","meta":[],"categories":[63],"tags":[1842,863,326,724,776],"suno_strategy":[],"class_list":["post-36120","post","type-post","status-publish","format-standard","has-post-thumbnail","hentry","category-internacional","tag-banco-central-bc","tag-banco-central-europeu-bce","tag-dolar","tag-donald-trump","tag-federal-reseve-fed"],"yoast_head":"<!-- This site is optimized with the Yoast SEO plugin v24.4 - https:\/\/yoast.com\/wordpress\/plugins\/seo\/ -->\n<title>Por que Trump quer que o Fed corte mais as taxas de juros<\/title>\n<meta name=\"description\" content=\"Trump se queixou mais uma vez que o Fed est\u00e1 dando sinais sobre futuros cortes de juros. Clique aqui e entenda as raz\u00f5es dessa briga.\" \/>\n<meta name=\"robots\" content=\"index, follow, max-snippet:-1, max-image-preview:large, max-video-preview:-1\" \/>\n<link rel=\"canonical\" href=\"https:\/\/www.suno.com.br\/noticias\/trump-corte-juros-fed\/\" \/>\n<meta property=\"og:locale\" content=\"pt_BR\" \/>\n<meta property=\"og:type\" content=\"article\" \/>\n<meta property=\"og:title\" content=\"Por que Trump quer que o Fed corte mais as taxas de juros\" \/>\n<meta property=\"og:description\" content=\"Trump se queixou mais uma vez que o Fed est\u00e1 dando sinais sobre futuros cortes de juros. Clique aqui e entenda as raz\u00f5es dessa briga.\" \/>\n<meta property=\"og:url\" content=\"https:\/\/www.suno.com.br\/noticias\/trump-corte-juros-fed\/\" \/>\n<meta property=\"og:site_name\" content=\"Suno Not\u00edcias\" \/>\n<meta property=\"article:publisher\" content=\"https:\/\/facebook.com\/sunoresearch\" \/>\n<meta property=\"og:image\" content=\"https:\/\/files.sunoresearch.com.br\/n\/uploads\/2019\/07\/93ab0416-fed.jpg\" \/>\n\t<meta property=\"og:image:width\" content=\"640\" \/>\n\t<meta property=\"og:image:height\" content=\"512\" \/>\n\t<meta property=\"og:image:type\" content=\"image\/jpeg\" \/>\n<meta name=\"author\" content=\"Carlo Cauti\" \/>\n<meta name=\"twitter:card\" content=\"summary_large_image\" \/>\n<meta name=\"twitter:creator\" content=\"@sunoresearch\" \/>\n<meta name=\"twitter:site\" content=\"@sunoresearch\" \/>\n<meta name=\"twitter:label1\" content=\"Escrito por\" \/>\n\t<meta name=\"twitter:data1\" content=\"Carlo Cauti\" \/>\n\t<meta name=\"twitter:label2\" content=\"Est. tempo de leitura\" \/>\n\t<meta name=\"twitter:data2\" content=\"5 minutos\" \/>\n<script type=\"application\/ld+json\" class=\"yoast-schema-graph\">{\"@context\":\"https:\/\/schema.org\",\"@graph\":[{\"@type\":\"NewsArticle\",\"@id\":\"https:\/\/www.suno.com.br\/noticias\/trump-corte-juros-fed\/#article\",\"isPartOf\":{\"@id\":\"https:\/\/www.suno.com.br\/noticias\/trump-corte-juros-fed\/\"},\"author\":{\"name\":\"Carlo Cauti\",\"@id\":\"https:\/\/www.suno.com.br\/noticias\/#\/schema\/person\/e6e0f723cc177805027f4566c1d5e0c8\"},\"headline\":\"Por que Trump quer que o Fed corte mais as taxas de juros?\",\"datePublished\":\"2019-09-08T17:18:19+00:00\",\"dateModified\":\"2020-02-05T18:49:50+00:00\",\"mainEntityOfPage\":{\"@id\":\"https:\/\/www.suno.com.br\/noticias\/trump-corte-juros-fed\/\"},\"wordCount\":1001,\"publisher\":{\"@id\":\"https:\/\/www.suno.com.br\/noticias\/#organization\"},\"image\":{\"@id\":\"https:\/\/www.suno.com.br\/noticias\/trump-corte-juros-fed\/#primaryimage\"},\"thumbnailUrl\":\"https:\/\/files.sunoresearch.com.br\/n\/uploads\/2019\/07\/93ab0416-fed-jpg.webp\",\"keywords\":[\"Banco Central (BC)\",\"Banco Central Europeu (BCE)\",\"d\u00f3lar\",\"Donald Trump\",\"Federal Reserve (FED)\"],\"articleSection\":[\"Internacional\"],\"inLanguage\":\"pt-BR\"},{\"@type\":\"WebPage\",\"@id\":\"https:\/\/www.suno.com.br\/noticias\/trump-corte-juros-fed\/\",\"url\":\"https:\/\/www.suno.com.br\/noticias\/trump-corte-juros-fed\/\",\"name\":\"Por que Trump quer que o Fed corte mais as taxas de juros\",\"isPartOf\":{\"@id\":\"https:\/\/www.suno.com.br\/noticias\/#website\"},\"primaryImageOfPage\":{\"@id\":\"https:\/\/www.suno.com.br\/noticias\/trump-corte-juros-fed\/#primaryimage\"},\"image\":{\"@id\":\"https:\/\/www.suno.com.br\/noticias\/trump-corte-juros-fed\/#primaryimage\"},\"thumbnailUrl\":\"https:\/\/files.sunoresearch.com.br\/n\/uploads\/2019\/07\/93ab0416-fed-jpg.webp\",\"datePublished\":\"2019-09-08T17:18:19+00:00\",\"dateModified\":\"2020-02-05T18:49:50+00:00\",\"description\":\"Trump se queixou mais uma vez que o Fed est\u00e1 dando sinais sobre futuros cortes de juros. Clique aqui e entenda as raz\u00f5es dessa briga.\",\"breadcrumb\":{\"@id\":\"https:\/\/www.suno.com.br\/noticias\/trump-corte-juros-fed\/#breadcrumb\"},\"inLanguage\":\"pt-BR\",\"potentialAction\":[{\"@type\":\"ReadAction\",\"target\":[\"https:\/\/www.suno.com.br\/noticias\/trump-corte-juros-fed\/\"]}]},{\"@type\":\"ImageObject\",\"inLanguage\":\"pt-BR\",\"@id\":\"https:\/\/www.suno.com.br\/noticias\/trump-corte-juros-fed\/#primaryimage\",\"url\":\"https:\/\/files.sunoresearch.com.br\/n\/uploads\/2019\/07\/93ab0416-fed-jpg.webp\",\"contentUrl\":\"https:\/\/files.sunoresearch.com.br\/n\/uploads\/2019\/07\/93ab0416-fed-jpg.webp\",\"width\":640,\"height\":512,\"caption\":\"Kaplan informou que o Fed n\u00e3o planeja aumentar taxa de juros\"},{\"@type\":\"BreadcrumbList\",\"@id\":\"https:\/\/www.suno.com.br\/noticias\/trump-corte-juros-fed\/#breadcrumb\",\"itemListElement\":[{\"@type\":\"ListItem\",\"position\":1,\"name\":\"Not\u00edcias\",\"item\":\"https:\/\/www.suno.com.br\/noticias\/\"},{\"@type\":\"ListItem\",\"position\":2,\"name\":\"Internacional\",\"item\":\"https:\/\/www.suno.com.br\/noticias\/internacional\/\"},{\"@type\":\"ListItem\",\"position\":3,\"name\":\"Por que Trump quer que o Fed corte mais as taxas de juros?\"}]},{\"@type\":\"WebSite\",\"@id\":\"https:\/\/www.suno.com.br\/noticias\/#website\",\"url\":\"https:\/\/www.suno.com.br\/noticias\/\",\"name\":\"Suno Not\u00edcias\",\"description\":\"Seu portal de informa\u00e7\u00e3o sobre o mundo dos investimentos\",\"publisher\":{\"@id\":\"https:\/\/www.suno.com.br\/noticias\/#organization\"},\"potentialAction\":[{\"@type\":\"SearchAction\",\"target\":{\"@type\":\"EntryPoint\",\"urlTemplate\":\"https:\/\/www.suno.com.br\/noticias\/?s={search_term_string}\"},\"query-input\":{\"@type\":\"PropertyValueSpecification\",\"valueRequired\":true,\"valueName\":\"search_term_string\"}}],\"inLanguage\":\"pt-BR\"},{\"@type\":\"Organization\",\"@id\":\"https:\/\/www.suno.com.br\/noticias\/#organization\",\"name\":\"Suno Not\u00edcias\",\"url\":\"https:\/\/www.suno.com.br\/noticias\/\",\"logo\":{\"@type\":\"ImageObject\",\"inLanguage\":\"pt-BR\",\"@id\":\"https:\/\/www.suno.com.br\/noticias\/#\/schema\/logo\/image\/\",\"url\":\"https:\/\/files.sunoresearch.com.br\/n\/uploads\/2021\/09\/suno-logo.png\",\"contentUrl\":\"https:\/\/files.sunoresearch.com.br\/n\/uploads\/2021\/09\/suno-logo.png\",\"width\":180,\"height\":180,\"caption\":\"Suno Not\u00edcias\"},\"image\":{\"@id\":\"https:\/\/www.suno.com.br\/noticias\/#\/schema\/logo\/image\/\"},\"sameAs\":[\"https:\/\/facebook.com\/sunoresearch\",\"https:\/\/x.com\/sunoresearch\",\"https:\/\/www.instagram.com\/suno\",\"https:\/\/www.linkedin.com\/company\/suno-research\/\",\"https:\/\/www.youtube.com\/c\/sunoresearch\"]},{\"@type\":\"Person\",\"@id\":\"https:\/\/www.suno.com.br\/noticias\/#\/schema\/person\/e6e0f723cc177805027f4566c1d5e0c8\",\"name\":\"Carlo Cauti\",\"image\":{\"@type\":\"ImageObject\",\"inLanguage\":\"pt-BR\",\"@id\":\"https:\/\/www.suno.com.br\/noticias\/#\/schema\/person\/image\/\",\"url\":\"https:\/\/secure.gravatar.com\/avatar\/3ada9e0bd164c23abd4792a9606d583c?s=96&r=g\",\"contentUrl\":\"https:\/\/secure.gravatar.com\/avatar\/3ada9e0bd164c23abd4792a9606d583c?s=96&r=g\",\"caption\":\"Carlo Cauti\"},\"description\":\"Editor multim\u00eddia do SUNO Not\u00edcias. Italiano, formado em Ci\u00eancias Pol\u00edticas pela universidade LUISS G. Carli de Roma e mestre cum laude em Rela\u00e7\u00f5es Internacionais, Jornalismo Internacional e de Guerra e em Economia Internacional. Concluiu tamb\u00e9m um MBA em Finan\u00e7as na B3. No Brasil, teve passagem por ve\u00edculos como Estad\u00e3o, Globo, Veja e EXAME. e nas ag\u00eancias de not\u00edcias italianas ANSA e NOVA.\",\"url\":\"https:\/\/www.suno.com.br\/noticias\/author\/carlo-cauti\/\"}]}<\/script>\n<!-- \/ Yoast SEO plugin. -->","yoast_head_json":{"title":"Por que Trump quer que o Fed corte mais as taxas de juros","description":"Trump se queixou mais uma vez que o Fed est\u00e1 dando sinais sobre futuros cortes de juros. Clique aqui e entenda as raz\u00f5es dessa briga.","robots":{"index":"index","follow":"follow","max-snippet":"max-snippet:-1","max-image-preview":"max-image-preview:large","max-video-preview":"max-video-preview:-1"},"canonical":"https:\/\/www.suno.com.br\/noticias\/trump-corte-juros-fed\/","og_locale":"pt_BR","og_type":"article","og_title":"Por que Trump quer que o Fed corte mais as taxas de juros","og_description":"Trump se queixou mais uma vez que o Fed est\u00e1 dando sinais sobre futuros cortes de juros. Clique aqui e entenda as raz\u00f5es dessa briga.","og_url":"https:\/\/www.suno.com.br\/noticias\/trump-corte-juros-fed\/","og_site_name":"Suno Not\u00edcias","article_publisher":"https:\/\/facebook.com\/sunoresearch","og_image":[{"width":640,"height":512,"url":"https:\/\/files.sunoresearch.com.br\/n\/uploads\/2019\/07\/93ab0416-fed.jpg","type":"image\/jpeg"}],"author":"Carlo Cauti","twitter_card":"summary_large_image","twitter_creator":"@sunoresearch","twitter_site":"@sunoresearch","twitter_misc":{"Escrito por":"Carlo Cauti","Est. tempo de leitura":"5 minutos"},"schema":{"@context":"https:\/\/schema.org","@graph":[{"@type":"NewsArticle","@id":"https:\/\/www.suno.com.br\/noticias\/trump-corte-juros-fed\/#article","isPartOf":{"@id":"https:\/\/www.suno.com.br\/noticias\/trump-corte-juros-fed\/"},"author":{"name":"Carlo Cauti","@id":"https:\/\/www.suno.com.br\/noticias\/#\/schema\/person\/e6e0f723cc177805027f4566c1d5e0c8"},"headline":"Por que Trump quer que o Fed corte mais as taxas de juros?","datePublished":"2019-09-08T17:18:19+00:00","dateModified":"2020-02-05T18:49:50+00:00","mainEntityOfPage":{"@id":"https:\/\/www.suno.com.br\/noticias\/trump-corte-juros-fed\/"},"wordCount":1001,"publisher":{"@id":"https:\/\/www.suno.com.br\/noticias\/#organization"},"image":{"@id":"https:\/\/www.suno.com.br\/noticias\/trump-corte-juros-fed\/#primaryimage"},"thumbnailUrl":"https:\/\/files.sunoresearch.com.br\/n\/uploads\/2019\/07\/93ab0416-fed-jpg.webp","keywords":["Banco Central (BC)","Banco Central Europeu (BCE)","d\u00f3lar","Donald Trump","Federal Reserve (FED)"],"articleSection":["Internacional"],"inLanguage":"pt-BR"},{"@type":"WebPage","@id":"https:\/\/www.suno.com.br\/noticias\/trump-corte-juros-fed\/","url":"https:\/\/www.suno.com.br\/noticias\/trump-corte-juros-fed\/","name":"Por que Trump quer que o Fed corte mais as taxas de juros","isPartOf":{"@id":"https:\/\/www.suno.com.br\/noticias\/#website"},"primaryImageOfPage":{"@id":"https:\/\/www.suno.com.br\/noticias\/trump-corte-juros-fed\/#primaryimage"},"image":{"@id":"https:\/\/www.suno.com.br\/noticias\/trump-corte-juros-fed\/#primaryimage"},"thumbnailUrl":"https:\/\/files.sunoresearch.com.br\/n\/uploads\/2019\/07\/93ab0416-fed-jpg.webp","datePublished":"2019-09-08T17:18:19+00:00","dateModified":"2020-02-05T18:49:50+00:00","description":"Trump se queixou mais uma vez que o Fed est\u00e1 dando sinais sobre futuros cortes de juros. Clique aqui e entenda as raz\u00f5es dessa briga.","breadcrumb":{"@id":"https:\/\/www.suno.com.br\/noticias\/trump-corte-juros-fed\/#breadcrumb"},"inLanguage":"pt-BR","potentialAction":[{"@type":"ReadAction","target":["https:\/\/www.suno.com.br\/noticias\/trump-corte-juros-fed\/"]}]},{"@type":"ImageObject","inLanguage":"pt-BR","@id":"https:\/\/www.suno.com.br\/noticias\/trump-corte-juros-fed\/#primaryimage","url":"https:\/\/files.sunoresearch.com.br\/n\/uploads\/2019\/07\/93ab0416-fed-jpg.webp","contentUrl":"https:\/\/files.sunoresearch.com.br\/n\/uploads\/2019\/07\/93ab0416-fed-jpg.webp","width":640,"height":512,"caption":"Kaplan informou que o Fed n\u00e3o planeja aumentar taxa de juros"},{"@type":"BreadcrumbList","@id":"https:\/\/www.suno.com.br\/noticias\/trump-corte-juros-fed\/#breadcrumb","itemListElement":[{"@type":"ListItem","position":1,"name":"Not\u00edcias","item":"https:\/\/www.suno.com.br\/noticias\/"},{"@type":"ListItem","position":2,"name":"Internacional","item":"https:\/\/www.suno.com.br\/noticias\/internacional\/"},{"@type":"ListItem","position":3,"name":"Por que Trump quer que o Fed corte mais as taxas de juros?"}]},{"@type":"WebSite","@id":"https:\/\/www.suno.com.br\/noticias\/#website","url":"https:\/\/www.suno.com.br\/noticias\/","name":"Suno Not\u00edcias","description":"Seu portal de informa\u00e7\u00e3o sobre o mundo dos investimentos","publisher":{"@id":"https:\/\/www.suno.com.br\/noticias\/#organization"},"potentialAction":[{"@type":"SearchAction","target":{"@type":"EntryPoint","urlTemplate":"https:\/\/www.suno.com.br\/noticias\/?s={search_term_string}"},"query-input":{"@type":"PropertyValueSpecification","valueRequired":true,"valueName":"search_term_string"}}],"inLanguage":"pt-BR"},{"@type":"Organization","@id":"https:\/\/www.suno.com.br\/noticias\/#organization","name":"Suno Not\u00edcias","url":"https:\/\/www.suno.com.br\/noticias\/","logo":{"@type":"ImageObject","inLanguage":"pt-BR","@id":"https:\/\/www.suno.com.br\/noticias\/#\/schema\/logo\/image\/","url":"https:\/\/files.sunoresearch.com.br\/n\/uploads\/2021\/09\/suno-logo.png","contentUrl":"https:\/\/files.sunoresearch.com.br\/n\/uploads\/2021\/09\/suno-logo.png","width":180,"height":180,"caption":"Suno Not\u00edcias"},"image":{"@id":"https:\/\/www.suno.com.br\/noticias\/#\/schema\/logo\/image\/"},"sameAs":["https:\/\/facebook.com\/sunoresearch","https:\/\/x.com\/sunoresearch","https:\/\/www.instagram.com\/suno","https:\/\/www.linkedin.com\/company\/suno-research\/","https:\/\/www.youtube.com\/c\/sunoresearch"]},{"@type":"Person","@id":"https:\/\/www.suno.com.br\/noticias\/#\/schema\/person\/e6e0f723cc177805027f4566c1d5e0c8","name":"Carlo Cauti","image":{"@type":"ImageObject","inLanguage":"pt-BR","@id":"https:\/\/www.suno.com.br\/noticias\/#\/schema\/person\/image\/","url":"https:\/\/secure.gravatar.com\/avatar\/3ada9e0bd164c23abd4792a9606d583c?s=96&r=g","contentUrl":"https:\/\/secure.gravatar.com\/avatar\/3ada9e0bd164c23abd4792a9606d583c?s=96&r=g","caption":"Carlo Cauti"},"description":"Editor multim\u00eddia do SUNO Not\u00edcias. Italiano, formado em Ci\u00eancias Pol\u00edticas pela universidade LUISS G. Carli de Roma e mestre cum laude em Rela\u00e7\u00f5es Internacionais, Jornalismo Internacional e de Guerra e em Economia Internacional. Concluiu tamb\u00e9m um MBA em Finan\u00e7as na B3. No Brasil, teve passagem por ve\u00edculos como Estad\u00e3o, Globo, Veja e EXAME. e nas ag\u00eancias de not\u00edcias italianas ANSA e NOVA.","url":"https:\/\/www.suno.com.br\/noticias\/author\/carlo-cauti\/"}]}},"default_loop_html":"<div class=\"cardsPage__listCard__boxs\"><div class=\"cardsPage__listCard__boxs__img\"><a href=\"https:\/\/www.suno.com.br\/noticias\/trump-corte-juros-fed\/\"><img class=\"mask\" src=\"https:\/\/www.suno.com.br\/noticias\/wp-content\/themes\/suno\/resources\/images\/spotlight\/spotlight1img\/bg-mask.png\" alt=\"Image Mask\"\/><img src=\"https:\/\/files.sunoresearch.com.br\/n\/uploads\/2019\/07\/93ab0416-fed-400x200.webp\" alt=\"Por que Trump quer que o Fed corte mais as taxas de juros?\"\/><\/a><span class=\"spotlightCategory\"><a href=\"https:\/\/www.suno.com.br\/noticias\/internacional\/\">Internacional<\/a><\/span><\/div><div class=\"cardsPage__listCard__boxs__content\"><a href=\"https:\/\/www.suno.com.br\/noticias\/trump-corte-juros-fed\/\"><h2 class=\"content__title\">Por que Trump quer que o Fed corte mais as taxas de juros?<\/h2><\/a><div class=\"newsContent__article__meta\"><div class=\"newsContent__article__meta__authorBox\"><a href=\"https:\/\/www.suno.com.br\/noticias\/author\/carlo-cauti\/\" class=\"authorBox__avatar noMobi\"><img src=\"https:\/\/files.sunoresearch.com.br\/n\/uploads\/2020\/08\/e3745f9a-perfil-carlo-cauti-150x150.webp\" alt=\"Carlo Cauti\"><\/a><div class=\"authorBox__name\"><span>por\n\t\t\t<a href=\"https:\/\/www.suno.com.br\/noticias\/author\/carlo-cauti\/\"><span itemprop=\"author\">Carlo Cauti<\/span><\/a><\/span><time datetime=\"2019-09-08T14:18:19-03:00\" itemprop=\"datePublished\">08\/09\/2019 14:18<\/time><\/div><\/div><\/div><\/div><\/div>","single_layout":"posts","amp_enabled":true,"_links":{"self":[{"href":"https:\/\/www.suno.com.br\/noticias\/wp-json\/wp\/v2\/posts\/36120"}],"collection":[{"href":"https:\/\/www.suno.com.br\/noticias\/wp-json\/wp\/v2\/posts"}],"about":[{"href":"https:\/\/www.suno.com.br\/noticias\/wp-json\/wp\/v2\/types\/post"}],"author":[{"embeddable":true,"href":"https:\/\/www.suno.com.br\/noticias\/wp-json\/wp\/v2\/users\/9"}],"replies":[{"embeddable":true,"href":"https:\/\/www.suno.com.br\/noticias\/wp-json\/wp\/v2\/comments?post=36120"}],"version-history":[{"count":0,"href":"https:\/\/www.suno.com.br\/noticias\/wp-json\/wp\/v2\/posts\/36120\/revisions"}],"wp:featuredmedia":[{"embeddable":true,"href":"https:\/\/www.suno.com.br\/noticias\/wp-json\/wp\/v2\/media\/31324"}],"wp:attachment":[{"href":"https:\/\/www.suno.com.br\/noticias\/wp-json\/wp\/v2\/media?parent=36120"}],"wp:term":[{"taxonomy":"category","embeddable":true,"href":"https:\/\/www.suno.com.br\/noticias\/wp-json\/wp\/v2\/categories?post=36120"},{"taxonomy":"post_tag","embeddable":true,"href":"https:\/\/www.suno.com.br\/noticias\/wp-json\/wp\/v2\/tags?post=36120"},{"taxonomy":"suno_strategy","embeddable":true,"href":"https:\/\/www.suno.com.br\/noticias\/wp-json\/wp\/v2\/suno_strategy?post=36120"}],"curies":[{"name":"wp","href":"https:\/\/api.w.org\/{rel}","templated":true}]}}