{"id":36091,"date":"2019-09-02T09:58:35","date_gmt":"2019-09-02T12:58:35","guid":{"rendered":"https:\/\/www.suno.com.br\/noticias\/?p=36091"},"modified":"2019-09-02T09:58:35","modified_gmt":"2019-09-02T12:58:35","slug":"trisul-oferta-publica-distribuicao-acoes","status":"publish","type":"post","link":"https:\/\/www.suno.com.br\/noticias\/trisul-oferta-publica-distribuicao-acoes\/","title":{"rendered":"Trisul anuncia oferta p\u00fablica de distribui\u00e7\u00e3o de a\u00e7\u00f5es"},"content":{"rendered":"<p>A Trisul <strong>(TRIS3)<\/strong> informou ao mercado e seus acionistas, por meio de fato relevante, nesta segunda-feira (2), que sua <strong>oferta<\/strong> <strong>p\u00fablica<\/strong> <strong>de<\/strong> <strong>distribui\u00e7\u00e3o<\/strong> <strong>prim\u00e1ria<\/strong> <strong>de<\/strong> <strong>a\u00e7\u00f5es<\/strong> ordin\u00e1rias foi aprovada. De acordo com a construtora, 30 milh\u00f5es de a\u00e7\u00f5es ser\u00e3o distribu\u00eddas inicialmente.<\/p>\t<div class=\"wrapper-featured-image\">\n\t\t<figure class=\"spotlightImg\">\n\n\t\t\t<picture>\n\t\t\t\t<source media=\"(max-width: 768px)\" srcset=\"https:\/\/files.sunoresearch.com.br\/n\/uploads\/2019\/09\/de26c458-trisul-400x200.webp\">\n\t\t\t\t<img loading=\"lazy\" decoding=\"async\" class=\"newsContent__article__imgCapa lazyloadDisabled newsContent__article__imgCapa--noCaption\" src=\"https:\/\/files.sunoresearch.com.br\/n\/uploads\/2019\/09\/de26c458-trisul-jpg.webp\" width=\"800\" height=\"450\" alt=\"Trisul anuncia oferta p\u00fablica de distribui\u00e7\u00e3o de a\u00e7\u00f5es\" fetchpriority=high \/>\n\t\t\t<\/picture>\n\n\t\t\t<figcaption class=\"wp-caption-text wp-caption-text--hide\">Trisul (TRIS3)<\/figcaption>\n\t\t<\/figure>\n\t<\/div>\n\n\n\n<p>A <strong>Trisul<\/strong> comunica que &#8220;o pre\u00e7o por a\u00e7\u00e3o, o efetivo aumento de capital da Companhia, dentro do limite do capital autorizado previsto em seu estatuto social, e a homologa\u00e7\u00e3o do aumento de capital ser\u00e3o aprovados em reuni\u00e3o do Conselho de Administra\u00e7\u00e3o da Companhia a ser realizada ap\u00f3s a conclus\u00e3o do Procedimento de Bookbuilding&#8221;, em que a ata ser\u00e1 arquivada na JUCESP e publicada no Di\u00e1rio Comercial.<\/p>\n<p>At\u00e9 a data final do procedimento de <a href=\"https:\/\/www.suno.com.br\/artigos\/bookbuilding\/\"><strong>Bookbuilding<\/strong><\/a>, a quantidade de a\u00e7\u00f5es inicialmente ofertada poder\u00e1 ser ampliada em at\u00e9 35%, ou seja, ela pode chegar a 10 milh\u00f5es e 500 mil a\u00e7\u00f5es ordin\u00e1rias de emiss\u00e3o da empresa, nas mesmas condi\u00e7\u00f5es e pre\u00e7o das a\u00e7\u00f5es inicialmente ofertadas (\u201cA\u00e7\u00f5es Adicionais\u201d). Isso deve ocorrer a crit\u00e9rio da empresa, em comum acordo com coordenadores da oferta.<\/p>\n\t<p>\n\t\t<a href=\"https:\/\/www.suno.com.br\/asset\/fundos\/suno-acoes-xp-seg-prev\/\" target=\"_blank\" data-element=\"shortcode-suno-banner\" title=\"Banner SUNO, clique e saiba mais\">\n\t\t\t<picture>\n\t\t\t\t<source media=\"(max-width: 500px)\" srcset=\"https:\/\/files.sunoresearch.com.br\/n\/uploads\/2023\/10\/SUNOPREV-400x300-Mobile-Artigos-3.png\">\n\t\t\t\t<img class=\"newsContent__article__imgCapa newsContent__article__imgCapa--banner\"\n\t\t\t\t\tsrc=\"https:\/\/files.sunoresearch.com.br\/n\/uploads\/2023\/10\/SUNOPREV-1420x240-Banner-Artigos-1-_-Banner-Materias-1.png\"\n\t\t\t\t\tdata-promo-id=\"476310\"\t\t\t\t\t\t\t\t\t\twidth='1420' height='240'\t\t\t\t\talt=\"https:\/\/files.sunoresearch.com.br\/n\/uploads\/2023\/10\/SUNOPREV-1420x240-Banner-Artigos-1-_-Banner-Materias-1.png\"\n\t\t\t\t>\n\t\t\t<\/picture>\n\t\t<\/a>\n\t<\/p>\n\n\n<p>A empresa salienta em seu relat\u00f3rio que o investimento nas a\u00e7\u00f5es \u00e9 um risco, j\u00e1 que &#8220;\u00e9 um investimento em renda vari\u00e1vel restrita, pela regulamenta\u00e7\u00e3o aplic\u00e1vel, a um n\u00famero limitado de investidores profissionais e, assim, os investidores profissionais que pretendam investir nas a\u00e7\u00f5es est\u00e3o sujeitos a perdas patrimoniais e riscos.<\/p>\n<h2>Oferta<\/h2>\n<p>De acordo com o fato relevante publicado pela empresa, a emiss\u00e3o das A\u00e7\u00f5es (considerando as a\u00e7\u00f5es adicionais) pela <strong>Trisul<\/strong> ser\u00e1 realizada com a elimina\u00e7\u00e3o do direito de prefer\u00eancia dos seus atuais acionistas, nos termos do artigo 172, inciso I, da Lei das Sociedades por A\u00e7\u00f5es e do par\u00e1grafo 3\u00ba do Artigo 6\u00ba do estatuto social da companhia, e esta emiss\u00e3o ser\u00e1 realizada &#8220;dentro do limite de capital autorizado previsto em seu estatuto social&#8221;.<\/p>\n<p><a href=\"https:\/\/www.suno.com.br\/noticias\/multiplus-justica-disputa-clientes-pontos-fidelidade\/\">Veja tamb\u00e9m: Justi\u00e7a exige que Multiplus restabele\u00e7a acesso a pontos por cliente\u00a0<\/a><\/p>\n<h2>Restri\u00e7\u00f5es<\/h2>\n<p>Segundo declarado no comunicado da construtora Trisul, a oferta n\u00e3o \u00e9 permitida a investidores que n\u00e3o sejam Investidores Institucionais, com exce\u00e7\u00e3o dos Acionistas, no \u00e2mbito da Oferta Priorit\u00e1ria.<\/p>\n","protected":false},"excerpt":{"rendered":"<p>A Trisul (TRIS3) informou ao mercado e seus acionistas, por meio de fato relevante, nesta segunda-feira (2), que sua oferta p\u00fablica de distribui\u00e7\u00e3o prim\u00e1ria de a\u00e7\u00f5es ordin\u00e1rias foi aprovada. De acordo com a construtora, 30 milh\u00f5es de a\u00e7\u00f5es ser\u00e3o distribu\u00eddas inicialmente. Trisul (TRIS3) A Trisul comunica que &#8220;o pre\u00e7o por a\u00e7\u00e3o, o efetivo aumento de [&hellip;]<\/p>\n","protected":false},"author":19,"featured_media":36099,"comment_status":"closed","ping_status":"closed","sticky":false,"template":"","format":"standard","meta":[],"categories":[64],"tags":[668],"suno_strategy":[],"class_list":["post-36091","post","type-post","status-publish","format-standard","has-post-thumbnail","hentry","category-negocios","tag-trisul-tris3"],"yoast_head":"<!-- This site is optimized with the Yoast SEO plugin v24.4 - https:\/\/yoast.com\/wordpress\/plugins\/seo\/ -->\n<title>Trisul anuncia oferta p\u00fablica de distribui\u00e7\u00e3o de a\u00e7\u00f5es<\/title>\n<meta name=\"description\" content=\"A Trisul informou ao mercado que sua oferta p\u00fablica de distribui\u00e7\u00e3o prim\u00e1ria de a\u00e7\u00f5es ordin\u00e1rias foi aprovada. Clique e saiba mais.\" \/>\n<meta name=\"robots\" content=\"index, follow, max-snippet:-1, max-image-preview:large, max-video-preview:-1\" \/>\n<link rel=\"canonical\" href=\"https:\/\/www.suno.com.br\/noticias\/trisul-oferta-publica-distribuicao-acoes\/\" \/>\n<meta property=\"og:locale\" content=\"pt_BR\" \/>\n<meta property=\"og:type\" content=\"article\" \/>\n<meta property=\"og:title\" content=\"Trisul anuncia oferta p\u00fablica de distribui\u00e7\u00e3o de a\u00e7\u00f5es\" \/>\n<meta property=\"og:description\" content=\"A Trisul informou ao mercado que sua oferta p\u00fablica de distribui\u00e7\u00e3o prim\u00e1ria de a\u00e7\u00f5es ordin\u00e1rias foi aprovada. Clique e saiba mais.\" \/>\n<meta property=\"og:url\" content=\"https:\/\/www.suno.com.br\/noticias\/trisul-oferta-publica-distribuicao-acoes\/\" \/>\n<meta property=\"og:site_name\" content=\"Suno Not\u00edcias\" \/>\n<meta property=\"article:publisher\" content=\"https:\/\/facebook.com\/sunoresearch\" \/>\n<meta property=\"og:image\" content=\"https:\/\/files.sunoresearch.com.br\/n\/uploads\/2019\/09\/de26c458-trisul.jpg\" \/>\n\t<meta property=\"og:image:width\" content=\"785\" \/>\n\t<meta property=\"og:image:height\" content=\"810\" \/>\n\t<meta property=\"og:image:type\" content=\"image\/jpeg\" \/>\n<meta name=\"author\" content=\"Juliano Passaro\" \/>\n<meta name=\"twitter:card\" content=\"summary_large_image\" \/>\n<meta name=\"twitter:creator\" content=\"@sunoresearch\" \/>\n<meta name=\"twitter:site\" content=\"@sunoresearch\" \/>\n<meta name=\"twitter:label1\" content=\"Escrito por\" \/>\n\t<meta name=\"twitter:data1\" content=\"Juliano Passaro\" \/>\n\t<meta name=\"twitter:label2\" content=\"Est. tempo de leitura\" \/>\n\t<meta name=\"twitter:data2\" content=\"2 minutos\" \/>\n<script type=\"application\/ld+json\" class=\"yoast-schema-graph\">{\"@context\":\"https:\/\/schema.org\",\"@graph\":[{\"@type\":\"NewsArticle\",\"@id\":\"https:\/\/www.suno.com.br\/noticias\/trisul-oferta-publica-distribuicao-acoes\/#article\",\"isPartOf\":{\"@id\":\"https:\/\/www.suno.com.br\/noticias\/trisul-oferta-publica-distribuicao-acoes\/\"},\"author\":{\"name\":\"Juliano Passaro\",\"@id\":\"https:\/\/www.suno.com.br\/noticias\/#\/schema\/person\/1db762f78ffd8919a648a63e425953e3\"},\"headline\":\"Trisul anuncia oferta p\u00fablica de distribui\u00e7\u00e3o de a\u00e7\u00f5es\",\"datePublished\":\"2019-09-02T12:58:35+00:00\",\"mainEntityOfPage\":{\"@id\":\"https:\/\/www.suno.com.br\/noticias\/trisul-oferta-publica-distribuicao-acoes\/\"},\"wordCount\":391,\"publisher\":{\"@id\":\"https:\/\/www.suno.com.br\/noticias\/#organization\"},\"image\":{\"@id\":\"https:\/\/www.suno.com.br\/noticias\/trisul-oferta-publica-distribuicao-acoes\/#primaryimage\"},\"thumbnailUrl\":\"https:\/\/files.sunoresearch.com.br\/n\/uploads\/2019\/09\/de26c458-trisul-jpg.webp\",\"keywords\":[\"Trisul (TRIS3)\"],\"articleSection\":[\"Neg\u00f3cios\"],\"inLanguage\":\"pt-BR\"},{\"@type\":\"WebPage\",\"@id\":\"https:\/\/www.suno.com.br\/noticias\/trisul-oferta-publica-distribuicao-acoes\/\",\"url\":\"https:\/\/www.suno.com.br\/noticias\/trisul-oferta-publica-distribuicao-acoes\/\",\"name\":\"Trisul anuncia oferta p\u00fablica de distribui\u00e7\u00e3o de a\u00e7\u00f5es\",\"isPartOf\":{\"@id\":\"https:\/\/www.suno.com.br\/noticias\/#website\"},\"primaryImageOfPage\":{\"@id\":\"https:\/\/www.suno.com.br\/noticias\/trisul-oferta-publica-distribuicao-acoes\/#primaryimage\"},\"image\":{\"@id\":\"https:\/\/www.suno.com.br\/noticias\/trisul-oferta-publica-distribuicao-acoes\/#primaryimage\"},\"thumbnailUrl\":\"https:\/\/files.sunoresearch.com.br\/n\/uploads\/2019\/09\/de26c458-trisul-jpg.webp\",\"datePublished\":\"2019-09-02T12:58:35+00:00\",\"description\":\"A Trisul informou ao mercado que sua oferta p\u00fablica de distribui\u00e7\u00e3o prim\u00e1ria de a\u00e7\u00f5es ordin\u00e1rias foi aprovada. Clique e saiba mais.\",\"breadcrumb\":{\"@id\":\"https:\/\/www.suno.com.br\/noticias\/trisul-oferta-publica-distribuicao-acoes\/#breadcrumb\"},\"inLanguage\":\"pt-BR\",\"potentialAction\":[{\"@type\":\"ReadAction\",\"target\":[\"https:\/\/www.suno.com.br\/noticias\/trisul-oferta-publica-distribuicao-acoes\/\"]}]},{\"@type\":\"ImageObject\",\"inLanguage\":\"pt-BR\",\"@id\":\"https:\/\/www.suno.com.br\/noticias\/trisul-oferta-publica-distribuicao-acoes\/#primaryimage\",\"url\":\"https:\/\/files.sunoresearch.com.br\/n\/uploads\/2019\/09\/de26c458-trisul-jpg.webp\",\"contentUrl\":\"https:\/\/files.sunoresearch.com.br\/n\/uploads\/2019\/09\/de26c458-trisul-jpg.webp\",\"width\":785,\"height\":810,\"caption\":\"Trisul (TRIS3)\"},{\"@type\":\"BreadcrumbList\",\"@id\":\"https:\/\/www.suno.com.br\/noticias\/trisul-oferta-publica-distribuicao-acoes\/#breadcrumb\",\"itemListElement\":[{\"@type\":\"ListItem\",\"position\":1,\"name\":\"Not\u00edcias\",\"item\":\"https:\/\/www.suno.com.br\/noticias\/\"},{\"@type\":\"ListItem\",\"position\":2,\"name\":\"Neg\u00f3cios\",\"item\":\"https:\/\/www.suno.com.br\/noticias\/negocios\/\"},{\"@type\":\"ListItem\",\"position\":3,\"name\":\"Trisul anuncia oferta p\u00fablica de distribui\u00e7\u00e3o de a\u00e7\u00f5es\"}]},{\"@type\":\"WebSite\",\"@id\":\"https:\/\/www.suno.com.br\/noticias\/#website\",\"url\":\"https:\/\/www.suno.com.br\/noticias\/\",\"name\":\"Suno Not\u00edcias\",\"description\":\"Seu portal de informa\u00e7\u00e3o sobre o mundo dos investimentos\",\"publisher\":{\"@id\":\"https:\/\/www.suno.com.br\/noticias\/#organization\"},\"potentialAction\":[{\"@type\":\"SearchAction\",\"target\":{\"@type\":\"EntryPoint\",\"urlTemplate\":\"https:\/\/www.suno.com.br\/noticias\/?s={search_term_string}\"},\"query-input\":{\"@type\":\"PropertyValueSpecification\",\"valueRequired\":true,\"valueName\":\"search_term_string\"}}],\"inLanguage\":\"pt-BR\"},{\"@type\":\"Organization\",\"@id\":\"https:\/\/www.suno.com.br\/noticias\/#organization\",\"name\":\"Suno Not\u00edcias\",\"url\":\"https:\/\/www.suno.com.br\/noticias\/\",\"logo\":{\"@type\":\"ImageObject\",\"inLanguage\":\"pt-BR\",\"@id\":\"https:\/\/www.suno.com.br\/noticias\/#\/schema\/logo\/image\/\",\"url\":\"https:\/\/files.sunoresearch.com.br\/n\/uploads\/2021\/09\/suno-logo.png\",\"contentUrl\":\"https:\/\/files.sunoresearch.com.br\/n\/uploads\/2021\/09\/suno-logo.png\",\"width\":180,\"height\":180,\"caption\":\"Suno Not\u00edcias\"},\"image\":{\"@id\":\"https:\/\/www.suno.com.br\/noticias\/#\/schema\/logo\/image\/\"},\"sameAs\":[\"https:\/\/facebook.com\/sunoresearch\",\"https:\/\/x.com\/sunoresearch\",\"https:\/\/www.instagram.com\/suno\",\"https:\/\/www.linkedin.com\/company\/suno-research\/\",\"https:\/\/www.youtube.com\/c\/sunoresearch\"]},{\"@type\":\"Person\",\"@id\":\"https:\/\/www.suno.com.br\/noticias\/#\/schema\/person\/1db762f78ffd8919a648a63e425953e3\",\"name\":\"Juliano Passaro\",\"image\":{\"@type\":\"ImageObject\",\"inLanguage\":\"pt-BR\",\"@id\":\"https:\/\/www.suno.com.br\/noticias\/#\/schema\/person\/image\/\",\"url\":\"https:\/\/secure.gravatar.com\/avatar\/743d4df28eebf6dcc46b4ad03c319e92?s=96&r=g\",\"contentUrl\":\"https:\/\/secure.gravatar.com\/avatar\/743d4df28eebf6dcc46b4ad03c319e92?s=96&r=g\",\"caption\":\"Juliano Passaro\"},\"description\":\"Juliano Passaro escreve sobre pol\u00edtica, economia e neg\u00f3cios para o portal da Suno Research. Antes da Suno, trabalhou no Portal da Band. \u00c9 formado em jornalismo pela Universidade Presbiteriana Mackenzie.\",\"url\":\"https:\/\/www.suno.com.br\/noticias\/author\/juliano\/\"}]}<\/script>\n<!-- \/ Yoast SEO plugin. -->","yoast_head_json":{"title":"Trisul anuncia oferta p\u00fablica de distribui\u00e7\u00e3o de a\u00e7\u00f5es","description":"A Trisul informou ao mercado que sua oferta p\u00fablica de distribui\u00e7\u00e3o prim\u00e1ria de a\u00e7\u00f5es ordin\u00e1rias foi aprovada. Clique e saiba mais.","robots":{"index":"index","follow":"follow","max-snippet":"max-snippet:-1","max-image-preview":"max-image-preview:large","max-video-preview":"max-video-preview:-1"},"canonical":"https:\/\/www.suno.com.br\/noticias\/trisul-oferta-publica-distribuicao-acoes\/","og_locale":"pt_BR","og_type":"article","og_title":"Trisul anuncia oferta p\u00fablica de distribui\u00e7\u00e3o de a\u00e7\u00f5es","og_description":"A Trisul informou ao mercado que sua oferta p\u00fablica de distribui\u00e7\u00e3o prim\u00e1ria de a\u00e7\u00f5es ordin\u00e1rias foi aprovada. Clique e saiba mais.","og_url":"https:\/\/www.suno.com.br\/noticias\/trisul-oferta-publica-distribuicao-acoes\/","og_site_name":"Suno Not\u00edcias","article_publisher":"https:\/\/facebook.com\/sunoresearch","og_image":[{"width":785,"height":810,"url":"https:\/\/files.sunoresearch.com.br\/n\/uploads\/2019\/09\/de26c458-trisul.jpg","type":"image\/jpeg"}],"author":"Juliano Passaro","twitter_card":"summary_large_image","twitter_creator":"@sunoresearch","twitter_site":"@sunoresearch","twitter_misc":{"Escrito por":"Juliano Passaro","Est. tempo de leitura":"2 minutos"},"schema":{"@context":"https:\/\/schema.org","@graph":[{"@type":"NewsArticle","@id":"https:\/\/www.suno.com.br\/noticias\/trisul-oferta-publica-distribuicao-acoes\/#article","isPartOf":{"@id":"https:\/\/www.suno.com.br\/noticias\/trisul-oferta-publica-distribuicao-acoes\/"},"author":{"name":"Juliano Passaro","@id":"https:\/\/www.suno.com.br\/noticias\/#\/schema\/person\/1db762f78ffd8919a648a63e425953e3"},"headline":"Trisul anuncia oferta p\u00fablica de distribui\u00e7\u00e3o de a\u00e7\u00f5es","datePublished":"2019-09-02T12:58:35+00:00","mainEntityOfPage":{"@id":"https:\/\/www.suno.com.br\/noticias\/trisul-oferta-publica-distribuicao-acoes\/"},"wordCount":391,"publisher":{"@id":"https:\/\/www.suno.com.br\/noticias\/#organization"},"image":{"@id":"https:\/\/www.suno.com.br\/noticias\/trisul-oferta-publica-distribuicao-acoes\/#primaryimage"},"thumbnailUrl":"https:\/\/files.sunoresearch.com.br\/n\/uploads\/2019\/09\/de26c458-trisul-jpg.webp","keywords":["Trisul (TRIS3)"],"articleSection":["Neg\u00f3cios"],"inLanguage":"pt-BR"},{"@type":"WebPage","@id":"https:\/\/www.suno.com.br\/noticias\/trisul-oferta-publica-distribuicao-acoes\/","url":"https:\/\/www.suno.com.br\/noticias\/trisul-oferta-publica-distribuicao-acoes\/","name":"Trisul anuncia oferta p\u00fablica de distribui\u00e7\u00e3o de a\u00e7\u00f5es","isPartOf":{"@id":"https:\/\/www.suno.com.br\/noticias\/#website"},"primaryImageOfPage":{"@id":"https:\/\/www.suno.com.br\/noticias\/trisul-oferta-publica-distribuicao-acoes\/#primaryimage"},"image":{"@id":"https:\/\/www.suno.com.br\/noticias\/trisul-oferta-publica-distribuicao-acoes\/#primaryimage"},"thumbnailUrl":"https:\/\/files.sunoresearch.com.br\/n\/uploads\/2019\/09\/de26c458-trisul-jpg.webp","datePublished":"2019-09-02T12:58:35+00:00","description":"A Trisul informou ao mercado que sua oferta p\u00fablica de distribui\u00e7\u00e3o prim\u00e1ria de a\u00e7\u00f5es ordin\u00e1rias foi aprovada. Clique e saiba mais.","breadcrumb":{"@id":"https:\/\/www.suno.com.br\/noticias\/trisul-oferta-publica-distribuicao-acoes\/#breadcrumb"},"inLanguage":"pt-BR","potentialAction":[{"@type":"ReadAction","target":["https:\/\/www.suno.com.br\/noticias\/trisul-oferta-publica-distribuicao-acoes\/"]}]},{"@type":"ImageObject","inLanguage":"pt-BR","@id":"https:\/\/www.suno.com.br\/noticias\/trisul-oferta-publica-distribuicao-acoes\/#primaryimage","url":"https:\/\/files.sunoresearch.com.br\/n\/uploads\/2019\/09\/de26c458-trisul-jpg.webp","contentUrl":"https:\/\/files.sunoresearch.com.br\/n\/uploads\/2019\/09\/de26c458-trisul-jpg.webp","width":785,"height":810,"caption":"Trisul (TRIS3)"},{"@type":"BreadcrumbList","@id":"https:\/\/www.suno.com.br\/noticias\/trisul-oferta-publica-distribuicao-acoes\/#breadcrumb","itemListElement":[{"@type":"ListItem","position":1,"name":"Not\u00edcias","item":"https:\/\/www.suno.com.br\/noticias\/"},{"@type":"ListItem","position":2,"name":"Neg\u00f3cios","item":"https:\/\/www.suno.com.br\/noticias\/negocios\/"},{"@type":"ListItem","position":3,"name":"Trisul anuncia oferta p\u00fablica de distribui\u00e7\u00e3o de a\u00e7\u00f5es"}]},{"@type":"WebSite","@id":"https:\/\/www.suno.com.br\/noticias\/#website","url":"https:\/\/www.suno.com.br\/noticias\/","name":"Suno Not\u00edcias","description":"Seu portal de informa\u00e7\u00e3o sobre o mundo dos investimentos","publisher":{"@id":"https:\/\/www.suno.com.br\/noticias\/#organization"},"potentialAction":[{"@type":"SearchAction","target":{"@type":"EntryPoint","urlTemplate":"https:\/\/www.suno.com.br\/noticias\/?s={search_term_string}"},"query-input":{"@type":"PropertyValueSpecification","valueRequired":true,"valueName":"search_term_string"}}],"inLanguage":"pt-BR"},{"@type":"Organization","@id":"https:\/\/www.suno.com.br\/noticias\/#organization","name":"Suno Not\u00edcias","url":"https:\/\/www.suno.com.br\/noticias\/","logo":{"@type":"ImageObject","inLanguage":"pt-BR","@id":"https:\/\/www.suno.com.br\/noticias\/#\/schema\/logo\/image\/","url":"https:\/\/files.sunoresearch.com.br\/n\/uploads\/2021\/09\/suno-logo.png","contentUrl":"https:\/\/files.sunoresearch.com.br\/n\/uploads\/2021\/09\/suno-logo.png","width":180,"height":180,"caption":"Suno Not\u00edcias"},"image":{"@id":"https:\/\/www.suno.com.br\/noticias\/#\/schema\/logo\/image\/"},"sameAs":["https:\/\/facebook.com\/sunoresearch","https:\/\/x.com\/sunoresearch","https:\/\/www.instagram.com\/suno","https:\/\/www.linkedin.com\/company\/suno-research\/","https:\/\/www.youtube.com\/c\/sunoresearch"]},{"@type":"Person","@id":"https:\/\/www.suno.com.br\/noticias\/#\/schema\/person\/1db762f78ffd8919a648a63e425953e3","name":"Juliano Passaro","image":{"@type":"ImageObject","inLanguage":"pt-BR","@id":"https:\/\/www.suno.com.br\/noticias\/#\/schema\/person\/image\/","url":"https:\/\/secure.gravatar.com\/avatar\/743d4df28eebf6dcc46b4ad03c319e92?s=96&r=g","contentUrl":"https:\/\/secure.gravatar.com\/avatar\/743d4df28eebf6dcc46b4ad03c319e92?s=96&r=g","caption":"Juliano Passaro"},"description":"Juliano Passaro escreve sobre pol\u00edtica, economia e neg\u00f3cios para o portal da Suno Research. Antes da Suno, trabalhou no Portal da Band. \u00c9 formado em jornalismo pela Universidade Presbiteriana Mackenzie.","url":"https:\/\/www.suno.com.br\/noticias\/author\/juliano\/"}]}},"default_loop_html":"<div class=\"cardsPage__listCard__boxs\"><div class=\"cardsPage__listCard__boxs__img\"><a href=\"https:\/\/www.suno.com.br\/noticias\/trisul-oferta-publica-distribuicao-acoes\/\"><img class=\"mask\" src=\"https:\/\/www.suno.com.br\/noticias\/wp-content\/themes\/suno\/resources\/images\/spotlight\/spotlight1img\/bg-mask.png\" alt=\"Image Mask\"\/><img src=\"https:\/\/files.sunoresearch.com.br\/n\/uploads\/2019\/09\/de26c458-trisul-400x200.webp\" alt=\"Trisul anuncia oferta p\u00fablica de distribui\u00e7\u00e3o de a\u00e7\u00f5es\"\/><\/a><span class=\"spotlightCategory\"><a href=\"https:\/\/www.suno.com.br\/noticias\/negocios\/\">Neg\u00f3cios<\/a><\/span><\/div><div class=\"cardsPage__listCard__boxs__content\"><a href=\"https:\/\/www.suno.com.br\/noticias\/trisul-oferta-publica-distribuicao-acoes\/\"><h2 class=\"content__title\">Trisul anuncia oferta p\u00fablica de distribui\u00e7\u00e3o de a\u00e7\u00f5es<\/h2><\/a><div class=\"newsContent__article__meta\"><div class=\"newsContent__article__meta__authorBox\"><a href=\"https:\/\/www.suno.com.br\/noticias\/author\/juliano\/\" class=\"authorBox__avatar noMobi\"><img src=\"https:\/\/files.sunoresearch.com.br\/n\/uploads\/2019\/06\/7cc3efea-whatsapp-image-2019-07-18-at-21.59.33-e1563499821209-150x150.webp\" alt=\"Juliano Passaro\"><\/a><div class=\"authorBox__name\"><span>por\n\t\t\t<a href=\"https:\/\/www.suno.com.br\/noticias\/author\/juliano\/\"><span itemprop=\"author\">Juliano Passaro<\/span><\/a><\/span><time datetime=\"2019-09-02T09:58:35-03:00\" itemprop=\"datePublished\">02\/09\/2019 09:58<\/time><\/div><\/div><\/div><\/div><\/div>","single_layout":"posts","amp_enabled":true,"_links":{"self":[{"href":"https:\/\/www.suno.com.br\/noticias\/wp-json\/wp\/v2\/posts\/36091"}],"collection":[{"href":"https:\/\/www.suno.com.br\/noticias\/wp-json\/wp\/v2\/posts"}],"about":[{"href":"https:\/\/www.suno.com.br\/noticias\/wp-json\/wp\/v2\/types\/post"}],"author":[{"embeddable":true,"href":"https:\/\/www.suno.com.br\/noticias\/wp-json\/wp\/v2\/users\/19"}],"replies":[{"embeddable":true,"href":"https:\/\/www.suno.com.br\/noticias\/wp-json\/wp\/v2\/comments?post=36091"}],"version-history":[{"count":0,"href":"https:\/\/www.suno.com.br\/noticias\/wp-json\/wp\/v2\/posts\/36091\/revisions"}],"wp:featuredmedia":[{"embeddable":true,"href":"https:\/\/www.suno.com.br\/noticias\/wp-json\/wp\/v2\/media\/36099"}],"wp:attachment":[{"href":"https:\/\/www.suno.com.br\/noticias\/wp-json\/wp\/v2\/media?parent=36091"}],"wp:term":[{"taxonomy":"category","embeddable":true,"href":"https:\/\/www.suno.com.br\/noticias\/wp-json\/wp\/v2\/categories?post=36091"},{"taxonomy":"post_tag","embeddable":true,"href":"https:\/\/www.suno.com.br\/noticias\/wp-json\/wp\/v2\/tags?post=36091"},{"taxonomy":"suno_strategy","embeddable":true,"href":"https:\/\/www.suno.com.br\/noticias\/wp-json\/wp\/v2\/suno_strategy?post=36091"}],"curies":[{"name":"wp","href":"https:\/\/api.w.org\/{rel}","templated":true}]}}