{"id":36084,"date":"2019-09-02T09:22:05","date_gmt":"2019-09-02T12:22:05","guid":{"rendered":"https:\/\/www.suno.com.br\/noticias\/?p=36084"},"modified":"2019-09-02T09:22:05","modified_gmt":"2019-09-02T12:22:05","slug":"multiplus-justica-disputa-clientes-pontos-fidelidade","status":"publish","type":"post","link":"https:\/\/www.suno.com.br\/noticias\/multiplus-justica-disputa-clientes-pontos-fidelidade\/","title":{"rendered":"Justi\u00e7a exige que Multiplus restabele\u00e7a acesso a pontos por cliente"},"content":{"rendered":"<p>Clientes da rede de <strong>fidelidade<\/strong> da <strong>Latam<\/strong>, Multiplus, ganham disputa contra a empresa na <strong>Justi\u00e7a de S\u00e3o Paulo<\/strong>.<\/p>\t<div class=\"wrapper-featured-image\">\n\t\t<figure class=\"spotlightImg\">\n\n\t\t\t<picture>\n\t\t\t\t<source media=\"(max-width: 768px)\" srcset=\"https:\/\/files.sunoresearch.com.br\/n\/uploads\/2018\/09\/3be3da53-multiplus-novo-ceo-400x200.webp\">\n\t\t\t\t<img loading=\"lazy\" decoding=\"async\" class=\"newsContent__article__imgCapa lazyloadDisabled newsContent__article__imgCapa--noCaption\" src=\"https:\/\/files.sunoresearch.com.br\/n\/uploads\/2018\/09\/3be3da53-multiplus-novo-ceo-800x450.webp\" width=\"800\" height=\"450\" alt=\"Justi\u00e7a exige que Multiplus restabele\u00e7a acesso a pontos por cliente\" fetchpriority=high \/>\n\t\t\t<\/picture>\n\n\t\t\t<figcaption class=\"wp-caption-text wp-caption-text--hide\">Justi\u00e7a exige que Multiplus restabele\u00e7a acesso a pontos por cliente<\/figcaption>\n\t\t<\/figure>\n\t<\/div>\n\n\n<p>Os ju\u00edzes concederam liminares que exigem que a <strong>Multiplus<\/strong> restabele\u00e7a o acesso a pontos por consumidores que foram bloqueados. Os 15 milh\u00f5es de participantes do programa de fidelidade foram proibidos de resgatar passagens para 25 benefici\u00e1rios ou mais em um per\u00edodo de 12 meses.<\/p>\n\n<p>O regulamento foi imposto em maio do ano passado, al\u00e9m de bloquear os consumidores, o resgate poderia ser suspenso ou exclu\u00eddo definitivamente do programa.<\/p>\n<p>Os clientes alegaram \u00e0 Justi\u00e7a que o novo regulamento n\u00e3o poderia alterar um contrato pr\u00e9-existente. Ademais, os consumidores informaram que as cl\u00e1usulas impostas s\u00e3o abusivas.<\/p>\n<h2>Leil\u00e3o de ofertas da Multiplus movimentou R$ 1,023 bi<\/h2>\n<p>O leil\u00e3o da oferta p\u00fablica de aquisi\u00e7\u00e3o (OPA) da Multiplus, realizada no dia primeiro de abril, movimentou R$ 1.023.039.640. A Latam adquiriu 38,116.231 a\u00e7\u00f5es, a R$ 26,84, em 1.114 neg\u00f3cios.<\/p>\n<p>O resultado foi positivo, visto que se\u00a0esperava conseguir um m\u00ednimo de 29 milh\u00f5es de a\u00e7\u00f5es vendidas na OPA. Foram habilitadas 41.012.056 a\u00e7\u00f5es. Desse total, foram registradas 38.663.744 a\u00e7\u00f5es, em 1.863 ofertas.<\/p>\n\t<p>\n\t\t<a href=\"https:\/\/lp.suno.com.br\/ebook-investindo-em-dividendos\/\" target=\"_blank\" data-element=\"shortcode-suno-banner\" title=\"Banner SUNO, clique e saiba mais\">\n\t\t\t<picture>\n\t\t\t\t<source media=\"(max-width: 500px)\" srcset=\"https:\/\/files.sunoresearch.com.br\/n\/uploads\/2023\/03\/400x300-Dividendos.png\">\n\t\t\t\t<img class=\"newsContent__article__imgCapa newsContent__article__imgCapa--banner\"\n\t\t\t\t\tsrc=\"https:\/\/files.sunoresearch.com.br\/n\/uploads\/2023\/03\/1420x240-Dividendos.png\"\n\t\t\t\t\tdata-promo-id=\"383163\"\t\t\t\t\t\t\t\t\t\twidth='1420' height='240'\t\t\t\t\talt=\"https:\/\/files.sunoresearch.com.br\/n\/uploads\/2023\/03\/1420x240-Dividendos.png\"\n\t\t\t\t>\n\t\t\t<\/picture>\n\t\t<\/a>\n\t<\/p>\n\n\n<p>O edital da OPA seguiu \u00e0 concess\u00e3o de registro pela <strong><a href=\"https:\/\/www.suno.com.br\/artigos\/cvm\/\">Comiss\u00e3o de Valores Mobili\u00e1rios (CVM)<\/a><\/strong> da oferta. A LATAM tinha inicialmente anunciado a opera\u00e7\u00e3o em setembro de 2018.<\/p>\n<p>O edital indicava que o pre\u00e7o fixado por cada a\u00e7\u00e3o era de R$ 26,84, ap\u00f3s ajustes por pagamento de dividendos (de R$ 0,36 por a\u00e7\u00e3o) e juros sobre capital (R$ 0,02 por a\u00e7\u00e3o). O valor \u00e9 superior a faixa de pre\u00e7o indicada na avalia\u00e7\u00e3o do banco Credit Suisse. Segundo o banco su\u00ed\u00e7o, pela metodologia de fluxo de<a href=\"https:\/\/www.suno.com.br\/artigos\/divo11\/\"><strong> dividendos<\/strong><\/a> descontados, o pre\u00e7o deveria ser de R$ 15,99 por a\u00e7\u00e3o.<\/p>\n<p><a href=\"\/\/www.suno.com.br\/noticias\/multiplus-lucro-milhoes-trimestre\/\">Confira Tamb\u00e9m: Multiplus tem lucro de R$ 119,5 milh\u00f5es no trimestre; alta foi de 26,5%<\/a><\/p>\n<p>A opera\u00e7\u00e3o foi lan\u00e7ada pela controladora, a Latam. O objetivo era cancelar o registro da <strong>Multiplus<\/strong> na <strong><a href=\"https:\/\/www.suno.com.br\/artigos\/b3\/\">B3<\/a><\/strong> e retirar a empresa de rede de fidelidade do segmento <strong><a href=\"https:\/\/www.suno.com.br\/artigos\/novo-mercado\/\">Novo Mercado<\/a><\/strong>.<\/p>\n","protected":false},"excerpt":{"rendered":"<p>Clientes da rede de fidelidade da Latam, Multiplus, ganham disputa contra a empresa na Justi\u00e7a de S\u00e3o Paulo. Justi\u00e7a exige que Multiplus restabele\u00e7a acesso a pontos por cliente Os ju\u00edzes concederam liminares que exigem que a Multiplus restabele\u00e7a o acesso a pontos por consumidores que foram bloqueados. Os 15 milh\u00f5es de participantes do programa de [&hellip;]<\/p>\n","protected":false},"author":15,"featured_media":3542,"comment_status":"closed","ping_status":"closed","sticky":false,"template":"","format":"standard","meta":[],"categories":[64],"tags":[571,1926],"suno_strategy":[],"class_list":["post-36084","post","type-post","status-publish","format-standard","has-post-thumbnail","hentry","category-negocios","tag-multiplus","tag-programa-de-fidelidade"],"yoast_head":"<!-- This site is optimized with the Yoast SEO plugin v24.4 - https:\/\/yoast.com\/wordpress\/plugins\/seo\/ -->\n<title>Justi\u00e7a exige que Multiplus restabele\u00e7a acesso a pontos por cliente<\/title>\n<meta name=\"description\" content=\"A Justi\u00e7a concedeu liminares que exigem que a Multiplus restabele\u00e7a o acesso aos pontos por consumidores que foram bloqueados. Saiba mais aqui\" \/>\n<meta name=\"robots\" content=\"index, follow, max-snippet:-1, max-image-preview:large, max-video-preview:-1\" \/>\n<link rel=\"canonical\" href=\"https:\/\/www.suno.com.br\/noticias\/multiplus-justica-disputa-clientes-pontos-fidelidade\/\" \/>\n<meta property=\"og:locale\" content=\"pt_BR\" \/>\n<meta property=\"og:type\" content=\"article\" \/>\n<meta property=\"og:title\" content=\"Justi\u00e7a exige que Multiplus restabele\u00e7a acesso a pontos por cliente\" \/>\n<meta property=\"og:description\" content=\"A Justi\u00e7a concedeu liminares que exigem que a Multiplus restabele\u00e7a o acesso aos pontos por consumidores que foram bloqueados. Saiba mais aqui\" \/>\n<meta property=\"og:url\" content=\"https:\/\/www.suno.com.br\/noticias\/multiplus-justica-disputa-clientes-pontos-fidelidade\/\" \/>\n<meta property=\"og:site_name\" content=\"Suno Not\u00edcias\" \/>\n<meta property=\"article:publisher\" content=\"https:\/\/facebook.com\/sunoresearch\" \/>\n<meta property=\"og:image\" content=\"https:\/\/files.sunoresearch.com.br\/n\/uploads\/2018\/09\/3be3da53-multiplus-novo-ceo.jpg\" \/>\n\t<meta property=\"og:image:width\" content=\"1200\" \/>\n\t<meta property=\"og:image:height\" content=\"800\" \/>\n\t<meta property=\"og:image:type\" content=\"image\/jpeg\" \/>\n<meta name=\"author\" content=\"Poliana Santos\" \/>\n<meta name=\"twitter:card\" content=\"summary_large_image\" \/>\n<meta name=\"twitter:creator\" content=\"@sunoresearch\" \/>\n<meta name=\"twitter:site\" content=\"@sunoresearch\" \/>\n<meta name=\"twitter:label1\" content=\"Escrito por\" \/>\n\t<meta name=\"twitter:data1\" content=\"Poliana Santos\" \/>\n\t<meta name=\"twitter:label2\" content=\"Est. tempo de leitura\" \/>\n\t<meta name=\"twitter:data2\" content=\"2 minutos\" \/>\n<script type=\"application\/ld+json\" class=\"yoast-schema-graph\">{\"@context\":\"https:\/\/schema.org\",\"@graph\":[{\"@type\":\"NewsArticle\",\"@id\":\"https:\/\/www.suno.com.br\/noticias\/multiplus-justica-disputa-clientes-pontos-fidelidade\/#article\",\"isPartOf\":{\"@id\":\"https:\/\/www.suno.com.br\/noticias\/multiplus-justica-disputa-clientes-pontos-fidelidade\/\"},\"author\":{\"name\":\"Poliana Santos\",\"@id\":\"https:\/\/www.suno.com.br\/noticias\/#\/schema\/person\/02ec1f752758247878a2bf4abee1aeda\"},\"headline\":\"Justi\u00e7a exige que Multiplus restabele\u00e7a acesso a pontos por cliente\",\"datePublished\":\"2019-09-02T12:22:05+00:00\",\"mainEntityOfPage\":{\"@id\":\"https:\/\/www.suno.com.br\/noticias\/multiplus-justica-disputa-clientes-pontos-fidelidade\/\"},\"wordCount\":361,\"publisher\":{\"@id\":\"https:\/\/www.suno.com.br\/noticias\/#organization\"},\"image\":{\"@id\":\"https:\/\/www.suno.com.br\/noticias\/multiplus-justica-disputa-clientes-pontos-fidelidade\/#primaryimage\"},\"thumbnailUrl\":\"https:\/\/files.sunoresearch.com.br\/n\/uploads\/2018\/09\/3be3da53-multiplus-novo-ceo-jpg.webp\",\"keywords\":[\"Multiplus\",\"programa de\u00a0fidelidade\"],\"articleSection\":[\"Neg\u00f3cios\"],\"inLanguage\":\"pt-BR\"},{\"@type\":\"WebPage\",\"@id\":\"https:\/\/www.suno.com.br\/noticias\/multiplus-justica-disputa-clientes-pontos-fidelidade\/\",\"url\":\"https:\/\/www.suno.com.br\/noticias\/multiplus-justica-disputa-clientes-pontos-fidelidade\/\",\"name\":\"Justi\u00e7a exige que Multiplus restabele\u00e7a acesso a pontos por cliente\",\"isPartOf\":{\"@id\":\"https:\/\/www.suno.com.br\/noticias\/#website\"},\"primaryImageOfPage\":{\"@id\":\"https:\/\/www.suno.com.br\/noticias\/multiplus-justica-disputa-clientes-pontos-fidelidade\/#primaryimage\"},\"image\":{\"@id\":\"https:\/\/www.suno.com.br\/noticias\/multiplus-justica-disputa-clientes-pontos-fidelidade\/#primaryimage\"},\"thumbnailUrl\":\"https:\/\/files.sunoresearch.com.br\/n\/uploads\/2018\/09\/3be3da53-multiplus-novo-ceo-jpg.webp\",\"datePublished\":\"2019-09-02T12:22:05+00:00\",\"description\":\"A Justi\u00e7a concedeu liminares que exigem que a Multiplus restabele\u00e7a o acesso aos pontos por consumidores que foram bloqueados. Saiba mais aqui\",\"breadcrumb\":{\"@id\":\"https:\/\/www.suno.com.br\/noticias\/multiplus-justica-disputa-clientes-pontos-fidelidade\/#breadcrumb\"},\"inLanguage\":\"pt-BR\",\"potentialAction\":[{\"@type\":\"ReadAction\",\"target\":[\"https:\/\/www.suno.com.br\/noticias\/multiplus-justica-disputa-clientes-pontos-fidelidade\/\"]}]},{\"@type\":\"ImageObject\",\"inLanguage\":\"pt-BR\",\"@id\":\"https:\/\/www.suno.com.br\/noticias\/multiplus-justica-disputa-clientes-pontos-fidelidade\/#primaryimage\",\"url\":\"https:\/\/files.sunoresearch.com.br\/n\/uploads\/2018\/09\/3be3da53-multiplus-novo-ceo-jpg.webp\",\"contentUrl\":\"https:\/\/files.sunoresearch.com.br\/n\/uploads\/2018\/09\/3be3da53-multiplus-novo-ceo-jpg.webp\",\"width\":1200,\"height\":800,\"caption\":\"Justi\u00e7a exige que Multiplus restabele\u00e7a acesso a pontos por cliente\"},{\"@type\":\"BreadcrumbList\",\"@id\":\"https:\/\/www.suno.com.br\/noticias\/multiplus-justica-disputa-clientes-pontos-fidelidade\/#breadcrumb\",\"itemListElement\":[{\"@type\":\"ListItem\",\"position\":1,\"name\":\"Not\u00edcias\",\"item\":\"https:\/\/www.suno.com.br\/noticias\/\"},{\"@type\":\"ListItem\",\"position\":2,\"name\":\"Neg\u00f3cios\",\"item\":\"https:\/\/www.suno.com.br\/noticias\/negocios\/\"},{\"@type\":\"ListItem\",\"position\":3,\"name\":\"Justi\u00e7a exige que Multiplus restabele\u00e7a acesso a pontos por cliente\"}]},{\"@type\":\"WebSite\",\"@id\":\"https:\/\/www.suno.com.br\/noticias\/#website\",\"url\":\"https:\/\/www.suno.com.br\/noticias\/\",\"name\":\"Suno Not\u00edcias\",\"description\":\"Seu portal de informa\u00e7\u00e3o sobre o mundo dos investimentos\",\"publisher\":{\"@id\":\"https:\/\/www.suno.com.br\/noticias\/#organization\"},\"potentialAction\":[{\"@type\":\"SearchAction\",\"target\":{\"@type\":\"EntryPoint\",\"urlTemplate\":\"https:\/\/www.suno.com.br\/noticias\/?s={search_term_string}\"},\"query-input\":{\"@type\":\"PropertyValueSpecification\",\"valueRequired\":true,\"valueName\":\"search_term_string\"}}],\"inLanguage\":\"pt-BR\"},{\"@type\":\"Organization\",\"@id\":\"https:\/\/www.suno.com.br\/noticias\/#organization\",\"name\":\"Suno Not\u00edcias\",\"url\":\"https:\/\/www.suno.com.br\/noticias\/\",\"logo\":{\"@type\":\"ImageObject\",\"inLanguage\":\"pt-BR\",\"@id\":\"https:\/\/www.suno.com.br\/noticias\/#\/schema\/logo\/image\/\",\"url\":\"https:\/\/files.sunoresearch.com.br\/n\/uploads\/2021\/09\/suno-logo.png\",\"contentUrl\":\"https:\/\/files.sunoresearch.com.br\/n\/uploads\/2021\/09\/suno-logo.png\",\"width\":180,\"height\":180,\"caption\":\"Suno Not\u00edcias\"},\"image\":{\"@id\":\"https:\/\/www.suno.com.br\/noticias\/#\/schema\/logo\/image\/\"},\"sameAs\":[\"https:\/\/facebook.com\/sunoresearch\",\"https:\/\/x.com\/sunoresearch\",\"https:\/\/www.instagram.com\/suno\",\"https:\/\/www.linkedin.com\/company\/suno-research\/\",\"https:\/\/www.youtube.com\/c\/sunoresearch\"]},{\"@type\":\"Person\",\"@id\":\"https:\/\/www.suno.com.br\/noticias\/#\/schema\/person\/02ec1f752758247878a2bf4abee1aeda\",\"name\":\"Poliana Santos\",\"image\":{\"@type\":\"ImageObject\",\"inLanguage\":\"pt-BR\",\"@id\":\"https:\/\/www.suno.com.br\/noticias\/#\/schema\/person\/image\/\",\"url\":\"https:\/\/secure.gravatar.com\/avatar\/0645bd32f23d87b2130f2b2dff1d3f8d?s=96&r=g\",\"contentUrl\":\"https:\/\/secure.gravatar.com\/avatar\/0645bd32f23d87b2130f2b2dff1d3f8d?s=96&r=g\",\"caption\":\"Poliana Santos\"},\"description\":\"Rep\u00f3rter no Suno Not\u00edcias, com cobertura em mercado financeiro, economia, finan\u00e7as pessoais, renda fixa e varejo. Jornalista formada pela Faculdade C\u00e1sper L\u00edbero e possui passagem na R\u00e1dio Gazeta AM com a produ\u00e7\u00e3o de conte\u00fado sobre economia, pol\u00edtica, sa\u00fade, moda e m\u00fasica. Possui certificado de conclus\u00e3o do curso de An\u00e1lise de Balan\u00e7os pela Funda\u00e7\u00e3o Bradesco, Agenda Brasil pela FAAP, Educa\u00e7\u00e3o Pol\u00edtica por Alexandre Garcia e do Tesouro Direto e Mercado de A\u00e7\u00f5es pela B3.\",\"url\":\"https:\/\/www.suno.com.br\/noticias\/author\/poliana-santos\/\"}]}<\/script>\n<!-- \/ Yoast SEO plugin. -->","yoast_head_json":{"title":"Justi\u00e7a exige que Multiplus restabele\u00e7a acesso a pontos por cliente","description":"A Justi\u00e7a concedeu liminares que exigem que a Multiplus restabele\u00e7a o acesso aos pontos por consumidores que foram bloqueados. Saiba mais aqui","robots":{"index":"index","follow":"follow","max-snippet":"max-snippet:-1","max-image-preview":"max-image-preview:large","max-video-preview":"max-video-preview:-1"},"canonical":"https:\/\/www.suno.com.br\/noticias\/multiplus-justica-disputa-clientes-pontos-fidelidade\/","og_locale":"pt_BR","og_type":"article","og_title":"Justi\u00e7a exige que Multiplus restabele\u00e7a acesso a pontos por cliente","og_description":"A Justi\u00e7a concedeu liminares que exigem que a Multiplus restabele\u00e7a o acesso aos pontos por consumidores que foram bloqueados. Saiba mais aqui","og_url":"https:\/\/www.suno.com.br\/noticias\/multiplus-justica-disputa-clientes-pontos-fidelidade\/","og_site_name":"Suno Not\u00edcias","article_publisher":"https:\/\/facebook.com\/sunoresearch","og_image":[{"width":1200,"height":800,"url":"https:\/\/files.sunoresearch.com.br\/n\/uploads\/2018\/09\/3be3da53-multiplus-novo-ceo.jpg","type":"image\/jpeg"}],"author":"Poliana Santos","twitter_card":"summary_large_image","twitter_creator":"@sunoresearch","twitter_site":"@sunoresearch","twitter_misc":{"Escrito por":"Poliana Santos","Est. tempo de leitura":"2 minutos"},"schema":{"@context":"https:\/\/schema.org","@graph":[{"@type":"NewsArticle","@id":"https:\/\/www.suno.com.br\/noticias\/multiplus-justica-disputa-clientes-pontos-fidelidade\/#article","isPartOf":{"@id":"https:\/\/www.suno.com.br\/noticias\/multiplus-justica-disputa-clientes-pontos-fidelidade\/"},"author":{"name":"Poliana Santos","@id":"https:\/\/www.suno.com.br\/noticias\/#\/schema\/person\/02ec1f752758247878a2bf4abee1aeda"},"headline":"Justi\u00e7a exige que Multiplus restabele\u00e7a acesso a pontos por cliente","datePublished":"2019-09-02T12:22:05+00:00","mainEntityOfPage":{"@id":"https:\/\/www.suno.com.br\/noticias\/multiplus-justica-disputa-clientes-pontos-fidelidade\/"},"wordCount":361,"publisher":{"@id":"https:\/\/www.suno.com.br\/noticias\/#organization"},"image":{"@id":"https:\/\/www.suno.com.br\/noticias\/multiplus-justica-disputa-clientes-pontos-fidelidade\/#primaryimage"},"thumbnailUrl":"https:\/\/files.sunoresearch.com.br\/n\/uploads\/2018\/09\/3be3da53-multiplus-novo-ceo-jpg.webp","keywords":["Multiplus","programa de\u00a0fidelidade"],"articleSection":["Neg\u00f3cios"],"inLanguage":"pt-BR"},{"@type":"WebPage","@id":"https:\/\/www.suno.com.br\/noticias\/multiplus-justica-disputa-clientes-pontos-fidelidade\/","url":"https:\/\/www.suno.com.br\/noticias\/multiplus-justica-disputa-clientes-pontos-fidelidade\/","name":"Justi\u00e7a exige que Multiplus restabele\u00e7a acesso a pontos por cliente","isPartOf":{"@id":"https:\/\/www.suno.com.br\/noticias\/#website"},"primaryImageOfPage":{"@id":"https:\/\/www.suno.com.br\/noticias\/multiplus-justica-disputa-clientes-pontos-fidelidade\/#primaryimage"},"image":{"@id":"https:\/\/www.suno.com.br\/noticias\/multiplus-justica-disputa-clientes-pontos-fidelidade\/#primaryimage"},"thumbnailUrl":"https:\/\/files.sunoresearch.com.br\/n\/uploads\/2018\/09\/3be3da53-multiplus-novo-ceo-jpg.webp","datePublished":"2019-09-02T12:22:05+00:00","description":"A Justi\u00e7a concedeu liminares que exigem que a Multiplus restabele\u00e7a o acesso aos pontos por consumidores que foram bloqueados. Saiba mais aqui","breadcrumb":{"@id":"https:\/\/www.suno.com.br\/noticias\/multiplus-justica-disputa-clientes-pontos-fidelidade\/#breadcrumb"},"inLanguage":"pt-BR","potentialAction":[{"@type":"ReadAction","target":["https:\/\/www.suno.com.br\/noticias\/multiplus-justica-disputa-clientes-pontos-fidelidade\/"]}]},{"@type":"ImageObject","inLanguage":"pt-BR","@id":"https:\/\/www.suno.com.br\/noticias\/multiplus-justica-disputa-clientes-pontos-fidelidade\/#primaryimage","url":"https:\/\/files.sunoresearch.com.br\/n\/uploads\/2018\/09\/3be3da53-multiplus-novo-ceo-jpg.webp","contentUrl":"https:\/\/files.sunoresearch.com.br\/n\/uploads\/2018\/09\/3be3da53-multiplus-novo-ceo-jpg.webp","width":1200,"height":800,"caption":"Justi\u00e7a exige que Multiplus restabele\u00e7a acesso a pontos por cliente"},{"@type":"BreadcrumbList","@id":"https:\/\/www.suno.com.br\/noticias\/multiplus-justica-disputa-clientes-pontos-fidelidade\/#breadcrumb","itemListElement":[{"@type":"ListItem","position":1,"name":"Not\u00edcias","item":"https:\/\/www.suno.com.br\/noticias\/"},{"@type":"ListItem","position":2,"name":"Neg\u00f3cios","item":"https:\/\/www.suno.com.br\/noticias\/negocios\/"},{"@type":"ListItem","position":3,"name":"Justi\u00e7a exige que Multiplus restabele\u00e7a acesso a pontos por cliente"}]},{"@type":"WebSite","@id":"https:\/\/www.suno.com.br\/noticias\/#website","url":"https:\/\/www.suno.com.br\/noticias\/","name":"Suno Not\u00edcias","description":"Seu portal de informa\u00e7\u00e3o sobre o mundo dos investimentos","publisher":{"@id":"https:\/\/www.suno.com.br\/noticias\/#organization"},"potentialAction":[{"@type":"SearchAction","target":{"@type":"EntryPoint","urlTemplate":"https:\/\/www.suno.com.br\/noticias\/?s={search_term_string}"},"query-input":{"@type":"PropertyValueSpecification","valueRequired":true,"valueName":"search_term_string"}}],"inLanguage":"pt-BR"},{"@type":"Organization","@id":"https:\/\/www.suno.com.br\/noticias\/#organization","name":"Suno Not\u00edcias","url":"https:\/\/www.suno.com.br\/noticias\/","logo":{"@type":"ImageObject","inLanguage":"pt-BR","@id":"https:\/\/www.suno.com.br\/noticias\/#\/schema\/logo\/image\/","url":"https:\/\/files.sunoresearch.com.br\/n\/uploads\/2021\/09\/suno-logo.png","contentUrl":"https:\/\/files.sunoresearch.com.br\/n\/uploads\/2021\/09\/suno-logo.png","width":180,"height":180,"caption":"Suno Not\u00edcias"},"image":{"@id":"https:\/\/www.suno.com.br\/noticias\/#\/schema\/logo\/image\/"},"sameAs":["https:\/\/facebook.com\/sunoresearch","https:\/\/x.com\/sunoresearch","https:\/\/www.instagram.com\/suno","https:\/\/www.linkedin.com\/company\/suno-research\/","https:\/\/www.youtube.com\/c\/sunoresearch"]},{"@type":"Person","@id":"https:\/\/www.suno.com.br\/noticias\/#\/schema\/person\/02ec1f752758247878a2bf4abee1aeda","name":"Poliana Santos","image":{"@type":"ImageObject","inLanguage":"pt-BR","@id":"https:\/\/www.suno.com.br\/noticias\/#\/schema\/person\/image\/","url":"https:\/\/secure.gravatar.com\/avatar\/0645bd32f23d87b2130f2b2dff1d3f8d?s=96&r=g","contentUrl":"https:\/\/secure.gravatar.com\/avatar\/0645bd32f23d87b2130f2b2dff1d3f8d?s=96&r=g","caption":"Poliana Santos"},"description":"Rep\u00f3rter no Suno Not\u00edcias, com cobertura em mercado financeiro, economia, finan\u00e7as pessoais, renda fixa e varejo. Jornalista formada pela Faculdade C\u00e1sper L\u00edbero e possui passagem na R\u00e1dio Gazeta AM com a produ\u00e7\u00e3o de conte\u00fado sobre economia, pol\u00edtica, sa\u00fade, moda e m\u00fasica. Possui certificado de conclus\u00e3o do curso de An\u00e1lise de Balan\u00e7os pela Funda\u00e7\u00e3o Bradesco, Agenda Brasil pela FAAP, Educa\u00e7\u00e3o Pol\u00edtica por Alexandre Garcia e do Tesouro Direto e Mercado de A\u00e7\u00f5es pela B3.","url":"https:\/\/www.suno.com.br\/noticias\/author\/poliana-santos\/"}]}},"default_loop_html":"<div class=\"cardsPage__listCard__boxs\"><div class=\"cardsPage__listCard__boxs__img\"><a href=\"https:\/\/www.suno.com.br\/noticias\/multiplus-justica-disputa-clientes-pontos-fidelidade\/\"><img class=\"mask\" src=\"https:\/\/www.suno.com.br\/noticias\/wp-content\/themes\/suno\/resources\/images\/spotlight\/spotlight1img\/bg-mask.png\" alt=\"Image Mask\"\/><img src=\"https:\/\/files.sunoresearch.com.br\/n\/uploads\/2018\/09\/3be3da53-multiplus-novo-ceo-400x200.webp\" alt=\"Justi\u00e7a exige que Multiplus restabele\u00e7a acesso a pontos por cliente\"\/><\/a><span class=\"spotlightCategory\"><a href=\"https:\/\/www.suno.com.br\/noticias\/negocios\/\">Neg\u00f3cios<\/a><\/span><\/div><div class=\"cardsPage__listCard__boxs__content\"><a href=\"https:\/\/www.suno.com.br\/noticias\/multiplus-justica-disputa-clientes-pontos-fidelidade\/\"><h2 class=\"content__title\">Justi\u00e7a exige que Multiplus restabele\u00e7a acesso a pontos por cliente<\/h2><\/a><div class=\"newsContent__article__meta\"><div class=\"newsContent__article__meta__authorBox\"><a href=\"https:\/\/www.suno.com.br\/noticias\/author\/poliana-santos\/\" class=\"authorBox__avatar noMobi\"><img src=\"https:\/\/files.sunoresearch.com.br\/n\/uploads\/2020\/08\/7ef34026-whatsapp-image-2020-08-03-at-12.37.57-150x150.webp\" alt=\"Poliana Santos\"><\/a><div class=\"authorBox__name\"><span>por\n\t\t\t<a href=\"https:\/\/www.suno.com.br\/noticias\/author\/poliana-santos\/\"><span itemprop=\"author\">Poliana Santos<\/span><\/a><\/span><time datetime=\"2019-09-02T09:22:05-03:00\" itemprop=\"datePublished\">02\/09\/2019 09:22<\/time><\/div><\/div><\/div><\/div><\/div>","single_layout":"posts","amp_enabled":true,"_links":{"self":[{"href":"https:\/\/www.suno.com.br\/noticias\/wp-json\/wp\/v2\/posts\/36084"}],"collection":[{"href":"https:\/\/www.suno.com.br\/noticias\/wp-json\/wp\/v2\/posts"}],"about":[{"href":"https:\/\/www.suno.com.br\/noticias\/wp-json\/wp\/v2\/types\/post"}],"author":[{"embeddable":true,"href":"https:\/\/www.suno.com.br\/noticias\/wp-json\/wp\/v2\/users\/15"}],"replies":[{"embeddable":true,"href":"https:\/\/www.suno.com.br\/noticias\/wp-json\/wp\/v2\/comments?post=36084"}],"version-history":[{"count":0,"href":"https:\/\/www.suno.com.br\/noticias\/wp-json\/wp\/v2\/posts\/36084\/revisions"}],"wp:featuredmedia":[{"embeddable":true,"href":"https:\/\/www.suno.com.br\/noticias\/wp-json\/wp\/v2\/media\/3542"}],"wp:attachment":[{"href":"https:\/\/www.suno.com.br\/noticias\/wp-json\/wp\/v2\/media?parent=36084"}],"wp:term":[{"taxonomy":"category","embeddable":true,"href":"https:\/\/www.suno.com.br\/noticias\/wp-json\/wp\/v2\/categories?post=36084"},{"taxonomy":"post_tag","embeddable":true,"href":"https:\/\/www.suno.com.br\/noticias\/wp-json\/wp\/v2\/tags?post=36084"},{"taxonomy":"suno_strategy","embeddable":true,"href":"https:\/\/www.suno.com.br\/noticias\/wp-json\/wp\/v2\/suno_strategy?post=36084"}],"curies":[{"name":"wp","href":"https:\/\/api.w.org\/{rel}","templated":true}]}}