{"id":36069,"date":"2019-09-02T08:04:34","date_gmt":"2019-09-02T11:04:34","guid":{"rendered":"https:\/\/www.suno.com.br\/noticias\/?p=36069"},"modified":"2019-09-02T17:27:20","modified_gmt":"2019-09-02T20:27:20","slug":"nestle-esta-repensando-compra-produtos-amazonia","status":"publish","type":"post","link":"https:\/\/www.suno.com.br\/noticias\/nestle-esta-repensando-compra-produtos-amazonia\/","title":{"rendered":"Nestl\u00e9 est\u00e1 repensando a compra de produtos da regi\u00e3o amaz\u00f4nica"},"content":{"rendered":"<p>A l\u00edder mundial do segmento agro-alimentar, Nestl\u00e9, informou que est\u00e1 repensando a compra de subprodutos de carne e cacau da regi\u00e3o amaz\u00f4nica. A empresa afirma estar &#8220;profundamente preocupada&#8221; com os <strong>inc\u00eandios<\/strong> na floresta.<\/p>\t<div class=\"wrapper-featured-image\">\n\t\t<figure class=\"spotlightImg\">\n\n\t\t\t<picture>\n\t\t\t\t<source media=\"(max-width: 768px)\" srcset=\"https:\/\/files.sunoresearch.com.br\/n\/uploads\/2019\/09\/d528a046-nestl\u00e9-400x200.webp\">\n\t\t\t\t<img loading=\"lazy\" decoding=\"async\" class=\"newsContent__article__imgCapa lazyloadDisabled newsContent__article__imgCapa--noCaption\" src=\"https:\/\/files.sunoresearch.com.br\/n\/uploads\/2019\/09\/d528a046-nestl\u00e9-800x450.webp\" width=\"800\" height=\"450\" alt=\"Nestl\u00e9 est\u00e1 repensando a compra de produtos da regi\u00e3o amaz\u00f4nica\" fetchpriority=high \/>\n\t\t\t<\/picture>\n\n\t\t\t<figcaption class=\"wp-caption-text wp-caption-text--hide\">Nestl\u00e9 est\u00e1 repensando a  compra de produtos da regi\u00e3o amaz\u00f4nica<\/figcaption>\n\t\t<\/figure>\n\t<\/div>\n\n\n<p>A <strong>Nestl\u00e9<\/strong> compra \u00f3leo de palma, soja, carne e cacau de estados localizados no bioma Amaz\u00f4nia .A multinacional su\u00ed\u00e7a procura se precaver de uma imagem negativa que poderia ocorrer com uma eventual suspeita de que contribui para o desmatamento.<\/p>\n\n<h2>Nestl\u00e9 quer se desmarcar de imagem prejudicial<\/h2>\n<p>Em meio a essa possibilidade, a matriz da empresa, em Vevey, na Su\u00ed\u00e7a, reitera que a aquisi\u00e7\u00e3o do \u00f3leo de palma \u00e9 certificada pelo Padr\u00e3o de Fornecimento Respons\u00e1vel da <strong>Nestl\u00e9<\/strong> (RSPO, na sigla em ingl\u00eas), estruturado pela empresa.<\/p>\n<p>Em rela\u00e7\u00e3o \u00e0 compra da <strong>soja<\/strong> brasileira, a companhia afirma ter a certifica\u00e7\u00e3o ou verifica\u00e7\u00e3o Proterra da Profortest para a compra da <strong>commodity<\/strong>.<\/p>\n\t<p>\n\t\t<a href=\"https:\/\/lp.suno.com.br\/minicurso-investindo-fiis\/\" target=\"_blank\" data-element=\"shortcode-suno-banner\" title=\"Banner SUNO, clique e saiba mais\">\n\t\t\t<picture>\n\t\t\t\t<source media=\"(max-width: 500px)\" srcset=\"https:\/\/files.sunoresearch.com.br\/n\/uploads\/2023\/03\/400x300-Minicurso-FIIS.png\">\n\t\t\t\t<img class=\"newsContent__article__imgCapa newsContent__article__imgCapa--banner\"\n\t\t\t\t\tsrc=\"https:\/\/files.sunoresearch.com.br\/n\/uploads\/2023\/03\/1420x240-Minicurso-FIIS.png\"\n\t\t\t\t\tdata-promo-id=\"383125\"\t\t\t\t\t\t\t\t\t\twidth='1420' height='240'\t\t\t\t\talt=\"https:\/\/files.sunoresearch.com.br\/n\/uploads\/2023\/03\/1420x240-Minicurso-FIIS.png\"\n\t\t\t\t>\n\t\t\t<\/picture>\n\t\t<\/a>\n\t<\/p>\n\n\n<p>A companhia diz que se comprometeu com a Morat\u00f3ria da Soja Amaz\u00f4nica, acordo de 2006 que prop\u00f5e que comerciantes n\u00e3o adquiram soja cultivada em terras desmatadas da Amaz\u00f4nia.<\/p>\n<p>\u201cAgora estamos analisando nossas compras de subprodutos de carne e cacau da regi\u00e3o para garantir que estejam alinhados com nosso Padr\u00e3o de Fornecimento Respons\u00e1vel e para tomar a\u00e7\u00f5es corretivas onde for necess\u00e1rio\u201d, comunica a <strong>Nestl\u00e9<\/strong>.<\/p>\n<p>A companhia diz que em 2010 assumiu um compromisso ambiental, de forma que seus produtos n\u00e3o sejam ligados ao desmatamento ou qualquer outra degrada\u00e7\u00e3o ao <strong>meio ambiente<\/strong>.<\/p>\n<p>\u201cSe forem identificadas lacunas, colaboramos com os fornecedores para entregar planos de mitiga\u00e7\u00e3o e rastrear a efic\u00e1cia das a\u00e7\u00f5es tomadas\u201d, afirmaram.<\/p>\n<p><a href=\"https:\/\/www.suno.com.br\/noticias\/declaracao-macron-amazonia-oportunista-tereza-cristina\/\">Veja tamb\u00e9m: Declara\u00e7\u00e3o de Macron sobre Amaz\u00f4nia foi oportunista, diz Tereza Cristina<\/a><\/p>\n<p>Para alcan\u00e7ar esse objetivo, a empresa diz utilizar uma combina\u00e7\u00e3o de ferramentas, incluindo mapeamento da cadeia de suprimentos, certifica\u00e7\u00e3o, monitoramento por sat\u00e9lite e verifica\u00e7\u00e3o na regi\u00e3o.<\/p>\n<p>Em um caso similar, a empresa Boa-Franc, do Canad\u00e1, comunicou a suspens\u00e3o definitiva da compra de madeira oriunda da <strong>Amaz\u00f4nia<\/strong>, segundo o jornal &#8220;Journal de Montreal&#8221;. A companhia de Quebec foi acusada de ter importado 257 toneladas de madeira da Tradelink Madeiras, no Brasil.<\/p>\n<p>Essa empresa teria sido incriminada de violar regulamenta\u00e7\u00f5es locais relacionadas ao desmatamento. A den\u00fancia foi feita em abril pela <strong>ONG Amazon Watch<\/strong>, da Calif\u00f3rnia, nos Estados Unidos. Al\u00e9m de cumprir com o seu papel com o meio ambiente, \u00e9 isso que a <strong>Nestl\u00e9<\/strong> tamb\u00e9m quer evitar.<\/p>\n","protected":false},"excerpt":{"rendered":"<p>A l\u00edder mundial do segmento agro-alimentar, Nestl\u00e9, informou que est\u00e1 repensando a compra de subprodutos de carne e cacau da regi\u00e3o amaz\u00f4nica. A empresa afirma estar &#8220;profundamente preocupada&#8221; com os inc\u00eandios na floresta. Nestl\u00e9 est\u00e1 repensando a compra de produtos da regi\u00e3o amaz\u00f4nica A Nestl\u00e9 compra \u00f3leo de palma, soja, carne e cacau de estados [&hellip;]<\/p>\n","protected":false},"author":24,"featured_media":36074,"comment_status":"closed","ping_status":"closed","sticky":false,"template":"","format":"standard","meta":[],"categories":[64],"tags":[358,1159],"suno_strategy":[],"class_list":["post-36069","post","type-post","status-publish","format-standard","has-post-thumbnail","hentry","category-negocios","tag-amazonia","tag-nestle"],"yoast_head":"<!-- This site is optimized with the Yoast SEO plugin v24.4 - https:\/\/yoast.com\/wordpress\/plugins\/seo\/ -->\n<title>Nestl\u00e9 est\u00e1 repensando a compra de produtos da regi\u00e3o amaz\u00f4nica<\/title>\n<meta name=\"description\" content=\"A Nestl\u00e9, informou em comunicado que est\u00e1 repensando a compra de subprodutos de carne e cacau da regi\u00e3o amaz\u00f4nica. Saiba mais.\" \/>\n<meta name=\"robots\" content=\"index, follow, max-snippet:-1, max-image-preview:large, max-video-preview:-1\" \/>\n<link rel=\"canonical\" href=\"https:\/\/www.suno.com.br\/noticias\/nestle-esta-repensando-compra-produtos-amazonia\/\" \/>\n<meta property=\"og:locale\" content=\"pt_BR\" \/>\n<meta property=\"og:type\" content=\"article\" \/>\n<meta property=\"og:title\" content=\"Nestl\u00e9 est\u00e1 repensando a compra de produtos da regi\u00e3o amaz\u00f4nica\" \/>\n<meta property=\"og:description\" content=\"A Nestl\u00e9, informou em comunicado que est\u00e1 repensando a compra de subprodutos de carne e cacau da regi\u00e3o amaz\u00f4nica. Saiba mais.\" \/>\n<meta property=\"og:url\" content=\"https:\/\/www.suno.com.br\/noticias\/nestle-esta-repensando-compra-produtos-amazonia\/\" \/>\n<meta property=\"og:site_name\" content=\"Suno Not\u00edcias\" \/>\n<meta property=\"article:publisher\" content=\"https:\/\/facebook.com\/sunoresearch\" \/>\n<meta property=\"og:image\" content=\"https:\/\/files.sunoresearch.com.br\/n\/uploads\/2019\/09\/d528a046-nestl\u00e9.jpg\" \/>\n\t<meta property=\"og:image:width\" content=\"1800\" \/>\n\t<meta property=\"og:image:height\" content=\"1200\" \/>\n\t<meta property=\"og:image:type\" content=\"image\/jpeg\" \/>\n<meta name=\"author\" content=\"Jader Lazarini\" \/>\n<meta name=\"twitter:card\" content=\"summary_large_image\" \/>\n<meta name=\"twitter:creator\" content=\"@sunoresearch\" \/>\n<meta name=\"twitter:site\" content=\"@sunoresearch\" \/>\n<meta name=\"twitter:label1\" content=\"Escrito por\" \/>\n\t<meta name=\"twitter:data1\" content=\"Jader Lazarini\" \/>\n\t<meta name=\"twitter:label2\" content=\"Est. tempo de leitura\" \/>\n\t<meta name=\"twitter:data2\" content=\"2 minutos\" \/>\n<script type=\"application\/ld+json\" class=\"yoast-schema-graph\">{\"@context\":\"https:\/\/schema.org\",\"@graph\":[{\"@type\":\"NewsArticle\",\"@id\":\"https:\/\/www.suno.com.br\/noticias\/nestle-esta-repensando-compra-produtos-amazonia\/#article\",\"isPartOf\":{\"@id\":\"https:\/\/www.suno.com.br\/noticias\/nestle-esta-repensando-compra-produtos-amazonia\/\"},\"author\":{\"name\":\"Jader Lazarini\",\"@id\":\"https:\/\/www.suno.com.br\/noticias\/#\/schema\/person\/918d79de1f0281f01599b93f9ea6e23f\"},\"headline\":\"Nestl\u00e9 est\u00e1 repensando a compra de produtos da regi\u00e3o amaz\u00f4nica\",\"datePublished\":\"2019-09-02T11:04:34+00:00\",\"dateModified\":\"2019-09-02T20:27:20+00:00\",\"mainEntityOfPage\":{\"@id\":\"https:\/\/www.suno.com.br\/noticias\/nestle-esta-repensando-compra-produtos-amazonia\/\"},\"wordCount\":435,\"publisher\":{\"@id\":\"https:\/\/www.suno.com.br\/noticias\/#organization\"},\"image\":{\"@id\":\"https:\/\/www.suno.com.br\/noticias\/nestle-esta-repensando-compra-produtos-amazonia\/#primaryimage\"},\"thumbnailUrl\":\"https:\/\/files.sunoresearch.com.br\/n\/uploads\/2019\/09\/d528a046-nestl\u00e9-jpg.webp\",\"keywords\":[\"Amazonia\",\"Nestl\u00e9\"],\"articleSection\":[\"Neg\u00f3cios\"],\"inLanguage\":\"pt-BR\"},{\"@type\":\"WebPage\",\"@id\":\"https:\/\/www.suno.com.br\/noticias\/nestle-esta-repensando-compra-produtos-amazonia\/\",\"url\":\"https:\/\/www.suno.com.br\/noticias\/nestle-esta-repensando-compra-produtos-amazonia\/\",\"name\":\"Nestl\u00e9 est\u00e1 repensando a compra de produtos da regi\u00e3o amaz\u00f4nica\",\"isPartOf\":{\"@id\":\"https:\/\/www.suno.com.br\/noticias\/#website\"},\"primaryImageOfPage\":{\"@id\":\"https:\/\/www.suno.com.br\/noticias\/nestle-esta-repensando-compra-produtos-amazonia\/#primaryimage\"},\"image\":{\"@id\":\"https:\/\/www.suno.com.br\/noticias\/nestle-esta-repensando-compra-produtos-amazonia\/#primaryimage\"},\"thumbnailUrl\":\"https:\/\/files.sunoresearch.com.br\/n\/uploads\/2019\/09\/d528a046-nestl\u00e9-jpg.webp\",\"datePublished\":\"2019-09-02T11:04:34+00:00\",\"dateModified\":\"2019-09-02T20:27:20+00:00\",\"description\":\"A Nestl\u00e9, informou em comunicado que est\u00e1 repensando a compra de subprodutos de carne e cacau da regi\u00e3o amaz\u00f4nica. Saiba mais.\",\"breadcrumb\":{\"@id\":\"https:\/\/www.suno.com.br\/noticias\/nestle-esta-repensando-compra-produtos-amazonia\/#breadcrumb\"},\"inLanguage\":\"pt-BR\",\"potentialAction\":[{\"@type\":\"ReadAction\",\"target\":[\"https:\/\/www.suno.com.br\/noticias\/nestle-esta-repensando-compra-produtos-amazonia\/\"]}]},{\"@type\":\"ImageObject\",\"inLanguage\":\"pt-BR\",\"@id\":\"https:\/\/www.suno.com.br\/noticias\/nestle-esta-repensando-compra-produtos-amazonia\/#primaryimage\",\"url\":\"https:\/\/files.sunoresearch.com.br\/n\/uploads\/2019\/09\/d528a046-nestl\u00e9-jpg.webp\",\"contentUrl\":\"https:\/\/files.sunoresearch.com.br\/n\/uploads\/2019\/09\/d528a046-nestl\u00e9-jpg.webp\",\"width\":1800,\"height\":1200,\"caption\":\"Nestl\u00e9 est\u00e1 repensando a compra de produtos da regi\u00e3o amaz\u00f4nica\"},{\"@type\":\"BreadcrumbList\",\"@id\":\"https:\/\/www.suno.com.br\/noticias\/nestle-esta-repensando-compra-produtos-amazonia\/#breadcrumb\",\"itemListElement\":[{\"@type\":\"ListItem\",\"position\":1,\"name\":\"Not\u00edcias\",\"item\":\"https:\/\/www.suno.com.br\/noticias\/\"},{\"@type\":\"ListItem\",\"position\":2,\"name\":\"Neg\u00f3cios\",\"item\":\"https:\/\/www.suno.com.br\/noticias\/negocios\/\"},{\"@type\":\"ListItem\",\"position\":3,\"name\":\"Nestl\u00e9 est\u00e1 repensando a compra de produtos da regi\u00e3o amaz\u00f4nica\"}]},{\"@type\":\"WebSite\",\"@id\":\"https:\/\/www.suno.com.br\/noticias\/#website\",\"url\":\"https:\/\/www.suno.com.br\/noticias\/\",\"name\":\"Suno Not\u00edcias\",\"description\":\"Seu portal de informa\u00e7\u00e3o sobre o mundo dos investimentos\",\"publisher\":{\"@id\":\"https:\/\/www.suno.com.br\/noticias\/#organization\"},\"potentialAction\":[{\"@type\":\"SearchAction\",\"target\":{\"@type\":\"EntryPoint\",\"urlTemplate\":\"https:\/\/www.suno.com.br\/noticias\/?s={search_term_string}\"},\"query-input\":{\"@type\":\"PropertyValueSpecification\",\"valueRequired\":true,\"valueName\":\"search_term_string\"}}],\"inLanguage\":\"pt-BR\"},{\"@type\":\"Organization\",\"@id\":\"https:\/\/www.suno.com.br\/noticias\/#organization\",\"name\":\"Suno Not\u00edcias\",\"url\":\"https:\/\/www.suno.com.br\/noticias\/\",\"logo\":{\"@type\":\"ImageObject\",\"inLanguage\":\"pt-BR\",\"@id\":\"https:\/\/www.suno.com.br\/noticias\/#\/schema\/logo\/image\/\",\"url\":\"https:\/\/files.sunoresearch.com.br\/n\/uploads\/2021\/09\/suno-logo.png\",\"contentUrl\":\"https:\/\/files.sunoresearch.com.br\/n\/uploads\/2021\/09\/suno-logo.png\",\"width\":180,\"height\":180,\"caption\":\"Suno Not\u00edcias\"},\"image\":{\"@id\":\"https:\/\/www.suno.com.br\/noticias\/#\/schema\/logo\/image\/\"},\"sameAs\":[\"https:\/\/facebook.com\/sunoresearch\",\"https:\/\/x.com\/sunoresearch\",\"https:\/\/www.instagram.com\/suno\",\"https:\/\/www.linkedin.com\/company\/suno-research\/\",\"https:\/\/www.youtube.com\/c\/sunoresearch\"]},{\"@type\":\"Person\",\"@id\":\"https:\/\/www.suno.com.br\/noticias\/#\/schema\/person\/918d79de1f0281f01599b93f9ea6e23f\",\"name\":\"Jader Lazarini\",\"image\":{\"@type\":\"ImageObject\",\"inLanguage\":\"pt-BR\",\"@id\":\"https:\/\/www.suno.com.br\/noticias\/#\/schema\/person\/image\/\",\"url\":\"https:\/\/secure.gravatar.com\/avatar\/3c1ad8caa51589841baeb923fcddea97?s=96&r=g\",\"contentUrl\":\"https:\/\/secure.gravatar.com\/avatar\/3c1ad8caa51589841baeb923fcddea97?s=96&r=g\",\"caption\":\"Jader Lazarini\"},\"description\":\"Jader Lazarini escreve sobre investimentos, finan\u00e7as, economia e neg\u00f3cios. \u00c9 bacharel em Rela\u00e7\u00f5es Internacionais e analista CNPI (2619).\",\"url\":\"https:\/\/www.suno.com.br\/noticias\/author\/jader-lazarini\/\"}]}<\/script>\n<!-- \/ Yoast SEO plugin. -->","yoast_head_json":{"title":"Nestl\u00e9 est\u00e1 repensando a compra de produtos da regi\u00e3o amaz\u00f4nica","description":"A Nestl\u00e9, informou em comunicado que est\u00e1 repensando a compra de subprodutos de carne e cacau da regi\u00e3o amaz\u00f4nica. Saiba mais.","robots":{"index":"index","follow":"follow","max-snippet":"max-snippet:-1","max-image-preview":"max-image-preview:large","max-video-preview":"max-video-preview:-1"},"canonical":"https:\/\/www.suno.com.br\/noticias\/nestle-esta-repensando-compra-produtos-amazonia\/","og_locale":"pt_BR","og_type":"article","og_title":"Nestl\u00e9 est\u00e1 repensando a compra de produtos da regi\u00e3o amaz\u00f4nica","og_description":"A Nestl\u00e9, informou em comunicado que est\u00e1 repensando a compra de subprodutos de carne e cacau da regi\u00e3o amaz\u00f4nica. Saiba mais.","og_url":"https:\/\/www.suno.com.br\/noticias\/nestle-esta-repensando-compra-produtos-amazonia\/","og_site_name":"Suno Not\u00edcias","article_publisher":"https:\/\/facebook.com\/sunoresearch","og_image":[{"width":1800,"height":1200,"url":"https:\/\/files.sunoresearch.com.br\/n\/uploads\/2019\/09\/d528a046-nestl\u00e9.jpg","type":"image\/jpeg"}],"author":"Jader Lazarini","twitter_card":"summary_large_image","twitter_creator":"@sunoresearch","twitter_site":"@sunoresearch","twitter_misc":{"Escrito por":"Jader Lazarini","Est. tempo de leitura":"2 minutos"},"schema":{"@context":"https:\/\/schema.org","@graph":[{"@type":"NewsArticle","@id":"https:\/\/www.suno.com.br\/noticias\/nestle-esta-repensando-compra-produtos-amazonia\/#article","isPartOf":{"@id":"https:\/\/www.suno.com.br\/noticias\/nestle-esta-repensando-compra-produtos-amazonia\/"},"author":{"name":"Jader Lazarini","@id":"https:\/\/www.suno.com.br\/noticias\/#\/schema\/person\/918d79de1f0281f01599b93f9ea6e23f"},"headline":"Nestl\u00e9 est\u00e1 repensando a compra de produtos da regi\u00e3o amaz\u00f4nica","datePublished":"2019-09-02T11:04:34+00:00","dateModified":"2019-09-02T20:27:20+00:00","mainEntityOfPage":{"@id":"https:\/\/www.suno.com.br\/noticias\/nestle-esta-repensando-compra-produtos-amazonia\/"},"wordCount":435,"publisher":{"@id":"https:\/\/www.suno.com.br\/noticias\/#organization"},"image":{"@id":"https:\/\/www.suno.com.br\/noticias\/nestle-esta-repensando-compra-produtos-amazonia\/#primaryimage"},"thumbnailUrl":"https:\/\/files.sunoresearch.com.br\/n\/uploads\/2019\/09\/d528a046-nestl\u00e9-jpg.webp","keywords":["Amazonia","Nestl\u00e9"],"articleSection":["Neg\u00f3cios"],"inLanguage":"pt-BR"},{"@type":"WebPage","@id":"https:\/\/www.suno.com.br\/noticias\/nestle-esta-repensando-compra-produtos-amazonia\/","url":"https:\/\/www.suno.com.br\/noticias\/nestle-esta-repensando-compra-produtos-amazonia\/","name":"Nestl\u00e9 est\u00e1 repensando a compra de produtos da regi\u00e3o amaz\u00f4nica","isPartOf":{"@id":"https:\/\/www.suno.com.br\/noticias\/#website"},"primaryImageOfPage":{"@id":"https:\/\/www.suno.com.br\/noticias\/nestle-esta-repensando-compra-produtos-amazonia\/#primaryimage"},"image":{"@id":"https:\/\/www.suno.com.br\/noticias\/nestle-esta-repensando-compra-produtos-amazonia\/#primaryimage"},"thumbnailUrl":"https:\/\/files.sunoresearch.com.br\/n\/uploads\/2019\/09\/d528a046-nestl\u00e9-jpg.webp","datePublished":"2019-09-02T11:04:34+00:00","dateModified":"2019-09-02T20:27:20+00:00","description":"A Nestl\u00e9, informou em comunicado que est\u00e1 repensando a compra de subprodutos de carne e cacau da regi\u00e3o amaz\u00f4nica. Saiba mais.","breadcrumb":{"@id":"https:\/\/www.suno.com.br\/noticias\/nestle-esta-repensando-compra-produtos-amazonia\/#breadcrumb"},"inLanguage":"pt-BR","potentialAction":[{"@type":"ReadAction","target":["https:\/\/www.suno.com.br\/noticias\/nestle-esta-repensando-compra-produtos-amazonia\/"]}]},{"@type":"ImageObject","inLanguage":"pt-BR","@id":"https:\/\/www.suno.com.br\/noticias\/nestle-esta-repensando-compra-produtos-amazonia\/#primaryimage","url":"https:\/\/files.sunoresearch.com.br\/n\/uploads\/2019\/09\/d528a046-nestl\u00e9-jpg.webp","contentUrl":"https:\/\/files.sunoresearch.com.br\/n\/uploads\/2019\/09\/d528a046-nestl\u00e9-jpg.webp","width":1800,"height":1200,"caption":"Nestl\u00e9 est\u00e1 repensando a compra de produtos da regi\u00e3o amaz\u00f4nica"},{"@type":"BreadcrumbList","@id":"https:\/\/www.suno.com.br\/noticias\/nestle-esta-repensando-compra-produtos-amazonia\/#breadcrumb","itemListElement":[{"@type":"ListItem","position":1,"name":"Not\u00edcias","item":"https:\/\/www.suno.com.br\/noticias\/"},{"@type":"ListItem","position":2,"name":"Neg\u00f3cios","item":"https:\/\/www.suno.com.br\/noticias\/negocios\/"},{"@type":"ListItem","position":3,"name":"Nestl\u00e9 est\u00e1 repensando a compra de produtos da regi\u00e3o amaz\u00f4nica"}]},{"@type":"WebSite","@id":"https:\/\/www.suno.com.br\/noticias\/#website","url":"https:\/\/www.suno.com.br\/noticias\/","name":"Suno Not\u00edcias","description":"Seu portal de informa\u00e7\u00e3o sobre o mundo dos investimentos","publisher":{"@id":"https:\/\/www.suno.com.br\/noticias\/#organization"},"potentialAction":[{"@type":"SearchAction","target":{"@type":"EntryPoint","urlTemplate":"https:\/\/www.suno.com.br\/noticias\/?s={search_term_string}"},"query-input":{"@type":"PropertyValueSpecification","valueRequired":true,"valueName":"search_term_string"}}],"inLanguage":"pt-BR"},{"@type":"Organization","@id":"https:\/\/www.suno.com.br\/noticias\/#organization","name":"Suno Not\u00edcias","url":"https:\/\/www.suno.com.br\/noticias\/","logo":{"@type":"ImageObject","inLanguage":"pt-BR","@id":"https:\/\/www.suno.com.br\/noticias\/#\/schema\/logo\/image\/","url":"https:\/\/files.sunoresearch.com.br\/n\/uploads\/2021\/09\/suno-logo.png","contentUrl":"https:\/\/files.sunoresearch.com.br\/n\/uploads\/2021\/09\/suno-logo.png","width":180,"height":180,"caption":"Suno Not\u00edcias"},"image":{"@id":"https:\/\/www.suno.com.br\/noticias\/#\/schema\/logo\/image\/"},"sameAs":["https:\/\/facebook.com\/sunoresearch","https:\/\/x.com\/sunoresearch","https:\/\/www.instagram.com\/suno","https:\/\/www.linkedin.com\/company\/suno-research\/","https:\/\/www.youtube.com\/c\/sunoresearch"]},{"@type":"Person","@id":"https:\/\/www.suno.com.br\/noticias\/#\/schema\/person\/918d79de1f0281f01599b93f9ea6e23f","name":"Jader Lazarini","image":{"@type":"ImageObject","inLanguage":"pt-BR","@id":"https:\/\/www.suno.com.br\/noticias\/#\/schema\/person\/image\/","url":"https:\/\/secure.gravatar.com\/avatar\/3c1ad8caa51589841baeb923fcddea97?s=96&r=g","contentUrl":"https:\/\/secure.gravatar.com\/avatar\/3c1ad8caa51589841baeb923fcddea97?s=96&r=g","caption":"Jader Lazarini"},"description":"Jader Lazarini escreve sobre investimentos, finan\u00e7as, economia e neg\u00f3cios. \u00c9 bacharel em Rela\u00e7\u00f5es Internacionais e analista CNPI (2619).","url":"https:\/\/www.suno.com.br\/noticias\/author\/jader-lazarini\/"}]}},"default_loop_html":"<div class=\"cardsPage__listCard__boxs\"><div class=\"cardsPage__listCard__boxs__img\"><a href=\"https:\/\/www.suno.com.br\/noticias\/nestle-esta-repensando-compra-produtos-amazonia\/\"><img class=\"mask\" src=\"https:\/\/www.suno.com.br\/noticias\/wp-content\/themes\/suno\/resources\/images\/spotlight\/spotlight1img\/bg-mask.png\" alt=\"Image Mask\"\/><img src=\"https:\/\/files.sunoresearch.com.br\/n\/uploads\/2019\/09\/d528a046-nestl\u00e9-400x200.webp\" alt=\"Nestl\u00e9 est\u00e1 repensando a compra de produtos da regi\u00e3o amaz\u00f4nica\"\/><\/a><span class=\"spotlightCategory\"><a href=\"https:\/\/www.suno.com.br\/noticias\/negocios\/\">Neg\u00f3cios<\/a><\/span><\/div><div class=\"cardsPage__listCard__boxs__content\"><a href=\"https:\/\/www.suno.com.br\/noticias\/nestle-esta-repensando-compra-produtos-amazonia\/\"><h2 class=\"content__title\">Nestl\u00e9 est\u00e1 repensando a compra de produtos da regi\u00e3o amaz\u00f4nica<\/h2><\/a><div class=\"newsContent__article__meta\"><div class=\"newsContent__article__meta__authorBox\"><a href=\"https:\/\/www.suno.com.br\/noticias\/author\/jader-lazarini\/\" class=\"authorBox__avatar noMobi\"><img src=\"https:\/\/files.sunoresearch.com.br\/n\/uploads\/2021\/01\/178e6598-foto-perfil-2-150x150.jpg\" alt=\"Jader Lazarini\"><\/a><div class=\"authorBox__name\"><span>por\n\t\t\t<a href=\"https:\/\/www.suno.com.br\/noticias\/author\/jader-lazarini\/\"><span itemprop=\"author\">Jader Lazarini<\/span><\/a><\/span><time datetime=\"2019-09-02T08:04:34-03:00\" itemprop=\"datePublished\">02\/09\/2019 08:04<\/time><\/div><\/div><\/div><\/div><\/div>","single_layout":"posts","amp_enabled":true,"_links":{"self":[{"href":"https:\/\/www.suno.com.br\/noticias\/wp-json\/wp\/v2\/posts\/36069"}],"collection":[{"href":"https:\/\/www.suno.com.br\/noticias\/wp-json\/wp\/v2\/posts"}],"about":[{"href":"https:\/\/www.suno.com.br\/noticias\/wp-json\/wp\/v2\/types\/post"}],"author":[{"embeddable":true,"href":"https:\/\/www.suno.com.br\/noticias\/wp-json\/wp\/v2\/users\/24"}],"replies":[{"embeddable":true,"href":"https:\/\/www.suno.com.br\/noticias\/wp-json\/wp\/v2\/comments?post=36069"}],"version-history":[{"count":0,"href":"https:\/\/www.suno.com.br\/noticias\/wp-json\/wp\/v2\/posts\/36069\/revisions"}],"wp:featuredmedia":[{"embeddable":true,"href":"https:\/\/www.suno.com.br\/noticias\/wp-json\/wp\/v2\/media\/36074"}],"wp:attachment":[{"href":"https:\/\/www.suno.com.br\/noticias\/wp-json\/wp\/v2\/media?parent=36069"}],"wp:term":[{"taxonomy":"category","embeddable":true,"href":"https:\/\/www.suno.com.br\/noticias\/wp-json\/wp\/v2\/categories?post=36069"},{"taxonomy":"post_tag","embeddable":true,"href":"https:\/\/www.suno.com.br\/noticias\/wp-json\/wp\/v2\/tags?post=36069"},{"taxonomy":"suno_strategy","embeddable":true,"href":"https:\/\/www.suno.com.br\/noticias\/wp-json\/wp\/v2\/suno_strategy?post=36069"}],"curies":[{"name":"wp","href":"https:\/\/api.w.org\/{rel}","templated":true}]}}