{"id":360209,"date":"2023-02-07T22:46:36","date_gmt":"2023-02-08T01:46:36","guid":{"rendered":"https:\/\/www.suno.com.br\/noticias\/?p=360209"},"modified":"2023-02-07T22:46:53","modified_gmt":"2023-02-08T01:46:53","slug":"radar-itau-itub4-cogna-cogn3-eletrobras-elet3","status":"publish","type":"post","link":"https:\/\/www.suno.com.br\/noticias\/radar-itau-itub4-cogna-cogn3-eletrobras-elet3\/","title":{"rendered":"Radar: lucro do Ita\u00fa (ITUB4) salta no 4T22, a\u00e7\u00f5es da Cogna (COGN3) devem subir e governo quer que Justi\u00e7a avalie privatiza\u00e7\u00e3o da Eletrobras (ELET3)"},"content":{"rendered":"<p>Nesta ter\u00e7a-feira (7), o <a class=\"suno-keyword\" data-force=\"yes\" data-priority=\"2\" href=\"https:\/\/www.suno.com.br\/acoes\/ITUB4\/\" target=\"_blank\" rel=\"noopener\"><strong>Ita\u00fa (<\/strong>ITUB4)<\/a> atualizou a data de pagamento do <a class=\"suno-keyword\" data-force=\"no\" data-priority=\"1\" href=\"https:\/\/www.suno.com.br\/artigos\/entenda-o-jcp\/\" target=\"_blank\" rel=\"noopener\">Juros sobre capital pr\u00f3prio<\/a> (JCP) anunciado em novembro do ano passado, em R$ 0,48618 por a\u00e7\u00e3o, que seria pago at\u00e9 dia 28 de abril de 2023. Com a atualiza\u00e7\u00e3o, o Ita\u00fa pagar\u00e1 os JCP em 10 de mar\u00e7o. <\/p>\t<div class=\"wrapper-featured-image\">\n\t\t<figure class=\"spotlightImg\">\n\n\t\t\t<picture>\n\t\t\t\t<source media=\"(max-width: 768px)\" srcset=\"https:\/\/files.sunoresearch.com.br\/n\/uploads\/2022\/06\/IMAGEM_NOTICIA_0-400x200.jpg\">\n\t\t\t\t<img loading=\"lazy\" decoding=\"async\" class=\"newsContent__article__imgCapa lazyloadDisabled \" src=\"https:\/\/files.sunoresearch.com.br\/n\/uploads\/2022\/06\/IMAGEM_NOTICIA_0-800x450.jpg\" width=\"800\" height=\"450\" alt=\"Radar: lucro do Ita\u00fa (ITUB4) salta no 4T22, a\u00e7\u00f5es da Cogna (COGN3) devem subir e governo quer que Justi\u00e7a avalie privatiza\u00e7\u00e3o da Eletrobras (ELET3)\" fetchpriority=high \/>\n\t\t\t<\/picture>\n\n\t\t\t<figcaption class=\"wp-caption-text wp-caption-text--show\">Temporada de balan\u00e7os. Foto: Ag\u00eancia Brasil.<\/figcaption>\n\t\t<\/figure>\n\t<\/div>\n\n\n\n\n\n\t<p>\n\t\t<a href=\"\" target=\"_blank\" data-element=\"shortcode-suno-banner\" title=\"Banner SUNO, clique e saiba mais\">\n\t\t\t<picture>\n\t\t\t\t<source media=\"(max-width: 500px)\" srcset=\"\">\n\t\t\t\t<img class=\"newsContent__article__imgCapa newsContent__article__imgCapa--banner\"\n\t\t\t\t\tsrc=\"\"\n\t\t\t\t\tdata-promo-id=\"138420\"\t\t\t\t\t\t\t\t\t\t\t\t\t\t\talt=\"\"\n\t\t\t\t>\n\t\t\t<\/picture>\n\t\t<\/a>\n\t<\/p>\n\n\n\n\n\n<p>Sobre os<strong>&nbsp;<a target=\"_blank\" href=\"https:\/\/www.suno.com.br\/artigos\/entenda-o-jcp\/\" rel=\"noreferrer noopener\">juros sobre o capital pr\u00f3prio<\/a>&nbsp;do Ita\u00fa<\/strong>, haver\u00e1 a reten\u00e7\u00e3o de 15% de imposto de renda na fonte, resultando em um rendimento l\u00edquido de R$ 0,413253 por a\u00e7\u00e3o.<\/p>\n\n\n\n<p>A exce\u00e7\u00e3o do pagamento de imposto de renda sobre os&nbsp;<strong>JCP do Ita\u00fa<\/strong>&nbsp;s\u00e3o os acionistas pessoas jur\u00eddicas que estiverem comprovadamente imunes ou isentos.<\/p>\n\n\n\n<p>Os<strong>&nbsp;proventos do Ita\u00fa<\/strong>&nbsp;ser\u00e3o destinados aos investidores com posi\u00e7\u00e3o acion\u00e1ria at\u00e9 o final da sess\u00e3o de 8 de dezembro de 2022.<\/p>\n\n\n\n<p>A partir de 9 de dezembro de 2022, as&nbsp;<strong>a\u00e7\u00f5es do Ita\u00fa&nbsp;<\/strong>s\u00e3o negociadas sem o direito de recebimento dos juros sobre o capital pr\u00f3prio.<\/p>\n\n\n\n<h2 class=\"wp-block-heading\" id=\"h-jcp-do-itau\"><strong>JCP do Ita\u00fa <\/strong><\/h2>\n\n\n\n<ul class=\"wp-block-list\">\n<li><strong>Valor por a\u00e7\u00e3o:<\/strong> R$ 0,48618<\/li>\n\n\n\n<li><strong>Data de corte:<\/strong> 8\/12\/2022<\/li>\n\n\n\n<li><strong>Data do pagamento:<\/strong> 10\/03\/2023<\/li>\n\n\n\n<li><strong>Rendimento (dividend yield):<\/strong> 4,15%<\/li>\n<\/ul>\n\n\n\n<h2 class=\"wp-block-heading\">Ita\u00fa (ITUB4): lucro l\u00edquido cresce 7% e chega aos R$ 7,6 bi em no 4T22<\/h2>\n\n\n\n<p>O&nbsp;Ita\u00fa&nbsp;Unibanco (ITUB4) registrou um&nbsp;<a href=\"https:\/\/www.suno.com.br\/artigos\/lucro-liquido\/\" target=\"_blank\" rel=\"noreferrer noopener\">lucro l\u00edquido<\/a>&nbsp;gerencial na ordem de R$ 7,668 bilh\u00f5es no quarto trimestre. O valor representa uma alta de 7% na compara\u00e7\u00e3o com mesmo per\u00edodo do ano passado, por\u00e9m um recuo de 5,1% em rela\u00e7\u00e3o ao terceiro trimestre. No acumulado do ano, o Ita\u00fa lucrou R$ 30,78 bilh\u00f5es \u2014 alta de 14,5% em rela\u00e7\u00e3o a 2021.<\/p>\n\n\n\n<p>Conforme o balan\u00e7o financeiro divulgado ao mercado nesta quarta-feira (07), o&nbsp;<strong>lucro l\u00edquido cont\u00e1bil do Ita\u00fa<\/strong>&nbsp;ficou em R$ 7,3 bilh\u00f5es, uma alta 18% em rela\u00e7\u00e3o ao 4T21. Na compara\u00e7\u00e3o com o mesmo per\u00edodo do ano passado, a margem financeira foi de R$ 24,975 bilh\u00f5es, alta de 17,8%.<\/p>\n\n\n\n<p>Apesar disso, entre setembro e dezembro, o Ita\u00fa registrou um retorno recorrente gerencial sobre&nbsp;<a target=\"_blank\" href=\"https:\/\/www.suno.com.br\/artigos\/patrimonio-liquido\/\" rel=\"noreferrer noopener\">patrim\u00f4nio l\u00edquido<\/a>&nbsp;(<strong>ROE<\/strong>) de 19,3%. Isso representa um recuo de 0,9 ponto percentual ante ao mesmo per\u00edodo de 2021.<\/p>\n\n\n\n<p>Entre os&nbsp;ativos totais, foram R$ 2,469 trilh\u00f5es no quarto trimestre, uma alta de 1,39% em 12 meses. J\u00e1 a carteira de cr\u00e9dito somou R$ 1,141 trilh\u00f5es, aumento de 11,1% em rela\u00e7\u00e3o ao 4T21.<\/p>\n\n\n\n<p>J\u00e1 a margem com mercado, que reflete o&nbsp;<strong>r<\/strong>esultado da tesouraria do<strong> Ita\u00fa<\/strong>, caiu 42,5% em um ano, mas subiu 44,9% em tr\u00eas meses, para R$ 748 milh\u00f5es. J\u00e1 o spread (diferen\u00e7a entre custo de capta\u00e7\u00e3o e os juros cobrados dos clientes) foi de 8,7%.<\/p>\n\n\n\n<p><em>Al\u00e9m d<\/em>o<strong>&nbsp;<em>Ita\u00fa<\/em><\/strong><em>, confira outros destaques desta ter\u00e7a-feira:<\/em><\/p>\n\n\n\t<p>\n\t\t<a href=\"https:\/\/lp.suno.com.br\/planilha-controle-gastos\/\" target=\"_blank\" data-element=\"shortcode-suno-banner\" title=\"Banner SUNO, clique e saiba mais\">\n\t\t\t<picture>\n\t\t\t\t<source media=\"(max-width: 500px)\" srcset=\"https:\/\/files.sunoresearch.com.br\/n\/uploads\/2023\/03\/400x300-Planilha-controle-de-gastos.png\">\n\t\t\t\t<img class=\"newsContent__article__imgCapa newsContent__article__imgCapa--banner\"\n\t\t\t\t\tsrc=\"https:\/\/files.sunoresearch.com.br\/n\/uploads\/2023\/03\/1420x240-Planilha-controle-de-gastos.png\"\n\t\t\t\t\tdata-promo-id=\"101751\"\t\t\t\t\t\t\t\t\t\twidth='1420' height='240'\t\t\t\t\talt=\"https:\/\/files.sunoresearch.com.br\/n\/uploads\/2023\/03\/1420x240-Planilha-controle-de-gastos.png\"\n\t\t\t\t>\n\t\t\t<\/picture>\n\t\t<\/a>\n\t<\/p>\n\n\n\n\n\n<h2 class=\"wp-block-heading\">Cogna (COGN3): pr\u00f3ximos meses ser\u00e3o positivos para a\u00e7\u00f5es de educa\u00e7\u00e3o, dizem analistas<\/h2>\n\n\n\n<ul class=\"wp-block-list\">\n<li>A XP Investimentos prev\u00ea que as empresas de educa\u00e7\u00e3o listadas na Bolsa, <a class=\"suno-keyword\" data-force=\"yes\" data-priority=\"2\" href=\"https:\/\/www.suno.com.br\/acoes\/COGN3\/\" target=\"_blank\" rel=\"noopener\"><strong>Cogna<\/strong> (COGN3)<\/a>, \u00c2nima (ANIM3), <a class=\"suno-keyword\" data-force=\"yes\" data-priority=\"2\" href=\"https:\/\/www.suno.com.br\/acoes\/yduq3\/\" target=\"_blank\" rel=\"noopener\">Yduqs (YDUQ3)<\/a>, <a class=\"suno-keyword\" data-force=\"yes\" data-priority=\"2\" href=\"https:\/\/www.suno.com.br\/acoes\/SEER3\/\" target=\"_blank\" rel=\"noopener\">Ser Educacional (SEER3)<\/a> e Cruzeiro do Sul (CSED3), ter\u00e3o resultados neutros no 4T22 e n\u00fameros positivos de capta\u00e7\u00f5es para o 1S23 (primeiro semestre) nos pr\u00f3ximos meses, o que pode refletir positivamente nas a\u00e7\u00f5es.<\/li>\n\n\n\n<li>A XP explica que o quarto trimestre costuma apresentar capta\u00e7\u00f5es fracas de alunos. &#8220;Acreditamos que este trimestre deva refletir as capta\u00e7\u00f5es de 2022, com alguns resultados mistos em termos de descontos de ticket, mas n\u00e3o impactando os resultados do 1S23&#8221;, complementam os analistas.  <\/li>\n\n\n\n<li>Os analistas observam tamb\u00e9m que a concorr\u00eancia no <strong>setor de educa\u00e7\u00e3o<\/strong> segue acirrada no segmento digital, com menos espa\u00e7o para aumentos de pre\u00e7os. <\/li>\n\n\n\n<li>No primeiro semestre de 2023 as empresas devem apresentar n\u00fameros favor\u00e1veis de capta\u00e7\u00f5es, o que pode refletir positivamente nas a\u00e7\u00f5es, na avalia\u00e7\u00e3o da XP.<\/li>\n\n\n\n<li><strong>Cogna (COGN3): recomenda\u00e7\u00e3o neutra<\/strong><\/li>\n\n\n\n<li>A XP prev\u00ea que a Cogna entregue resultados ligeiramente positivos no 4T22, impulsionados pelo bom desempenho da Vasta, compensando uma performance negativa da Saber. <\/li>\n\n\n\n<li>Os analistas da XP t\u00eam recomenda\u00e7\u00e3o &#8220;neutra&#8221; para as <strong>a\u00e7\u00f5es da Cogna,<\/strong> com pre\u00e7o-alvo de R$ 3,10, que representa um potencial de valoriza\u00e7\u00e3o de 39,6%. <\/li>\n\n\n\n<li>Para Yduqs, a recomenda\u00e7\u00e3o \u00e9 de &#8220;compra&#8221;, com o pre\u00e7o-alvo de R$ 33,7. Para \u00c2nima a vis\u00e3o \u00e9 de &#8220;compra&#8221;, com o pre\u00e7o-alvo de R$ 11,2 e para Ser e Cruzeiro do Sul tamb\u00e9m \u00e9 &#8220;compra&#8221;, com os pre\u00e7os-alvos, respectivamente, de R$ 18,2 e R$ 11,4. <\/li>\n\n\n\n<li>O maior potencial de valoriza\u00e7\u00e3o \u00e9 para a Ser, de 346%.<\/li>\n\n\n\n<li>A Cogna tem previs\u00e3o de divulgar seu balan\u00e7o do 4T22 dia 23 de mar\u00e7o, ap\u00f3s a <a class=\"suno-keyword\" data-force=\"no\" data-priority=\"1\" href=\"https:\/\/www.suno.com.br\/artigos\/abertura-do-mercado\/\" target=\"_blank\" rel=\"noopener\">abertura do mercado<\/a>, enquanto a Yduqs pretende liberar seus resultados dia 15 de mar\u00e7o, depois do fechamento. <\/li>\n\n\n\n<li>A Ser deve divulgar o balan\u00e7o dia 24 de mar\u00e7o, antes da abertura, a Cruzeiro do Sul, dia 28 de mar\u00e7o, ap\u00f3s o fechamento, e a \u00c2nima, dia 27 de mar\u00e7o, antes do preg\u00e3o na B3. <\/li>\n\n\n\n<li><strong>Cota\u00e7\u00e3o<\/strong><\/li>\n\n\n\n<li>As a\u00e7\u00f5es da <strong>Cogna<\/strong> ca\u00edram 2,25% nesta ter\u00e7a-feira (7), cotadas a R$ 2,17.<\/li>\n<\/ul>\n\n\n\t<p>\n\t\t<a href=\"https:\/\/lp.suno.com.br\/planilha-da-vida-financeira\/\" target=\"_blank\" data-element=\"shortcode-suno-banner\" title=\"Banner SUNO, clique e saiba mais\">\n\t\t\t<picture>\n\t\t\t\t<source media=\"(max-width: 500px)\" srcset=\"https:\/\/files.sunoresearch.com.br\/n\/uploads\/2023\/04\/400x300-Planilha-vida-financeira-true.png\">\n\t\t\t\t<img class=\"newsContent__article__imgCapa newsContent__article__imgCapa--banner\"\n\t\t\t\t\tsrc=\"https:\/\/files.sunoresearch.com.br\/n\/uploads\/2023\/04\/1420x240-Planilha-vida-financeira-true.png\"\n\t\t\t\t\tdata-promo-id=\"106682\"\t\t\t\t\t\t\t\t\t\twidth='1420' height='240'\t\t\t\t\talt=\"https:\/\/files.sunoresearch.com.br\/n\/uploads\/2023\/04\/1420x240-Planilha-vida-financeira-true.png\"\n\t\t\t\t>\n\t\t\t<\/picture>\n\t\t<\/a>\n\t<\/p>\n\n\n\n\n\n<h2 class=\"wp-block-heading\">Eletrobras (ELET3): AGU entrar\u00e1 na Justi\u00e7a contra cl\u00e1usulas da privatiza\u00e7\u00e3o, diz Lula<\/h2>\n\n\n\n<ul class=\"wp-block-list\">\n<li>O presidente da Rep\u00fablica, Luiz In\u00e1cio <strong>Lula<\/strong> da Silva, afirmou que a Advocacia-Geral da Uni\u00e3o (AGU) vai entrar na Justi\u00e7a contra cl\u00e1usulas do <a class=\"suno-keyword\" target=\"_blank\" data-force=\"no\" data-priority=\"2\" href=\"https:\/\/www.suno.com.br\/artigos\/privatizacao\/\" rel=\"noopener\">processo de privatiza\u00e7\u00e3o<\/a> da <a class=\"suno-keyword\" target=\"_blank\" data-force=\"yes\" data-priority=\"2\" href=\"https:\/\/www.suno.com.br\/acoes\/ELET3\/\" rel=\"noopener\">Eletrobras (ELET3)<\/a>, chamado por ele de &#8220;leonino&#8221;. <\/li>\n\n\n\n<li>Lula citou a trava para <strong>reestatiza\u00e7\u00e3o da empresa<\/strong> que exige o pagamento do triplo da maior cota\u00e7\u00e3o do papel alcan\u00e7ada em dois anos para fazer uma <strong>oferta pelas a\u00e7\u00f5es ordin\u00e1rias<\/strong>.<\/li>\n\n\n\n<li>&#8220;Se amanh\u00e3 o governo tiver interesse de <strong>comprar as a\u00e7\u00f5es<\/strong>, as a\u00e7\u00f5es para o governo valem tr\u00eas vezes mais do que o valor normal para outro candidato. Foi feita uma quase bandidagem para que o governo n\u00e3o volte a adquirir <strong>maioria na Eletrobras<\/strong>&#8220;, afirmou Lula em encontro com a &#8220;m\u00eddia independente&#8221;. &#8220;Isso \u00e9 uma coisa irracional, maquiav\u00e9lica que n\u00f3s n\u00e3o podemos aceitar.&#8221;<\/li>\n\n\n\n<li>Ainda assim, Lula ressaltou que n\u00e3o vai comprar <strong>a\u00e7\u00f5es da Eletrobras<\/strong> nesse momento. &#8220;At\u00e9 porque o pouco dinheiro que a gente tiver n\u00f3s vamos ter que cuidar dos benef\u00edcios que o povo est\u00e1 precisando que a gente fa\u00e7a&#8221;, disse o petista. &#8220;Se a gente conseguir fazer a economia crescer e as coisas forem bem, e a gente puder comprar mais a\u00e7\u00f5es, a gente vai comprar&#8221;, acrescentou.<\/li>\n\n\n\n<li>&#8220;O que posso dizer \u00e9 que foi um processo err\u00e1tico. Foi um processo leonino contra os interesses do povo brasileiro. Foi uma privatiza\u00e7\u00e3o lesa-p\u00e1tria. A come\u00e7ar pelo sal\u00e1rio dos diretores, sal\u00e1rio dos conselheiros e a come\u00e7ar pelo fato que governo s\u00f3 tem 10% da participa\u00e7\u00e3o quando tem 40% das a\u00e7\u00f5es&#8221;, declarou Lula, que cobrou participa\u00e7\u00e3o na dire\u00e7\u00e3o da empresa.<\/li>\n\n\n\n<li>Para Lula, o Brasil precisa &#8220;ler&#8221; sobre a <strong>privatiza\u00e7\u00e3o da Eletrobras<\/strong>. &#8220;Os diretores aumentaram o sal\u00e1rio de R$ 60 mil para R$ 360 mil. Voc\u00ea sabe quanto ganha um <strong>conselheiro da Eletrobras<\/strong>? R$ 200 mil por m\u00eas para ir numa reuni\u00e3o por m\u00eas&#8221;, disparou o presidente.<\/li>\n\n\n\n<li><strong>Lula volta a se contrapor a mercado e chama privatiza\u00e7\u00f5es de &#8216;irresponsabilidade&#8217;<\/strong><\/li>\n\n\n\n<li>O <strong>presidente da Rep\u00fablica<\/strong> refor\u00e7ou nesta ter\u00e7a-feira, 7, suas diferen\u00e7as com <a class=\"suno-keyword\" target=\"_blank\" data-force=\"no\" data-priority=\"1\" href=\"https:\/\/www.suno.com.br\/artigos\/agentes-do-mercado\/\" rel=\"noopener\">agentes do mercado<\/a> financeiro. Em caf\u00e9 da manh\u00e3 com comunicadores de esquerda, ele ainda chamou as privatiza\u00e7\u00f5es de &#8220;irresponsabilidade&#8221;.<\/li>\n\n\n\n<li>&#8220;Nunca tive ningu\u00e9m do mercado elogiando as minhas pol\u00edticas sociais. Sinceramente acho que quando falo de responsabilidade social, responsabilidade fiscal, estou chamando a responsabilidade do mercado para que eles compreendam que esse Pa\u00eds n\u00e3o pode continuar passando fome, que as pessoas n\u00e3o podem ficar sofrendo dormindo nas ruas&#8221;, declarou o petista.<\/li>\n\n\n\n<li>Lula voltou a dizer que o mercado silenciou sobre a <strong>crise com a Americanas (AMER3)<\/strong>. O mercado financeiro, por\u00e9m, reagiu com <strong>liquida\u00e7\u00e3o das a\u00e7\u00f5es da Americanas<\/strong>, com impacto sobre o Ibovespa. A B3 excluiu os pap\u00e9is da empresa do \u00edndice ap\u00f3s a empresa entrar em <a class=\"suno-keyword\" target=\"_blank\" data-force=\"no\" data-priority=\"2\" href=\"https:\/\/www.suno.com.br\/artigos\/recuperacao-judicial\/\" rel=\"noopener\">recupera\u00e7\u00e3o judicial<\/a>.<\/li>\n\n\n\n<li>O presidente afirmou que o mercado n\u00e3o tem a mesma sensibilidade que ele, que n\u00e3o pretende concordar com agentes financeiros. Refor\u00e7ou, ainda, que o desenvolvimento social \u00e9 bom tamb\u00e9m para o mercado.<\/li>\n\n\n\n<li>&#8220;O mercado precisa ter sensibilidade. N\u00e3o \u00e9 s\u00f3 para ganhar dinheiro. \u00c9 para permitir que os outros possam ganhar alguma coisa. Eu n\u00e3o sei se o mercado \u00e0s vezes fica esperando que a gente se fa\u00e7a confiar. Muitas vezes parece que a gente tem que pedir para o mercado goste de mim, me deixe governar, me deixe fazer as coisas pela qual eu fui eleito&#8230; Eu n\u00e3o acho que a gente tem que pedir, acho que a gente tem que fazer&#8221;, seguiu o presidente. &#8220;N\u00f3s temos que construir uma narrativa contr\u00e1ria \u00e0quela do mercado&#8221;.<\/li>\n\n\n\n<li>Para Lula, privatiza\u00e7\u00f5es s\u00e3o uma &#8220;irresponsabilidade&#8221;. &#8220;Gasto \u00e9 quando voc\u00ea privatiza uma empresa como a Eletrobras e pega o dinheiro para fazer o qu\u00ea? Para pagar juros da d\u00edvida? Isso \u00e9 gasto. Quando voc\u00ea investe na comida do povo, sa\u00fade do povo, na educa\u00e7\u00e3o do povo, isso n\u00e3o \u00e9 gasto. Chama-se investimento. \u00c9 esse tipo de investimento que quero fazer.&#8221;<\/li>\n\n\n\n<li>O presidente afirmou ainda que vai tentar construir uma maioria no Congresso para aprovar pautas de interesse do governo, como a <strong>reforma tribut\u00e1ria<\/strong>.<\/li>\n\n\n\n<li>&#8220;Queremos que o Congresso nos ajude&#8221;, disse o presidente em caf\u00e9 da manh\u00e3 com comunicadores de esquerda. &#8220;Vamos tentar construir maioria que permita que a gente tenha capacidade de aprovar as coisas que precisamos aprovar no Congresso Nacional para bem melhorar a vida do nosso povo. A\u00ed entra a quest\u00e3o de uma nova pol\u00edtica tribut\u00e1ria nesse Pa\u00eds&#8221;, acrescentou Lula.<\/li>\n\n\n\n<li><em>Com Estad\u00e3o Conte\u00fado<\/em><\/li>\n<\/ul>\n\n\n\t<p>\n\t\t<a href=\"https:\/\/lp.suno.com.br\/ebook-como-analisar-uma-acao\/\" target=\"_blank\" data-element=\"shortcode-suno-banner\" title=\"Banner SUNO, clique e saiba mais\">\n\t\t\t<picture>\n\t\t\t\t<source media=\"(max-width: 500px)\" srcset=\"https:\/\/files.sunoresearch.com.br\/n\/uploads\/2023\/03\/Ebook-Acoes-Mobile-1.jpg\">\n\t\t\t\t<img class=\"newsContent__article__imgCapa newsContent__article__imgCapa--banner\"\n\t\t\t\t\tsrc=\"https:\/\/files.sunoresearch.com.br\/n\/uploads\/2023\/03\/Ebook-Acoes-Desktop-1.jpg\"\n\t\t\t\t\tdata-promo-id=\"171998\"\t\t\t\t\t\t\t\t\t\twidth='1420' height='286'\t\t\t\t\talt=\"https:\/\/files.sunoresearch.com.br\/n\/uploads\/2023\/03\/Ebook-Acoes-Desktop-1.jpg\"\n\t\t\t\t>\n\t\t\t<\/picture>\n\t\t<\/a>\n\t<\/p>\n\n\n\n\n\n<h2 class=\"wp-block-heading\">Light (LIGT3)&nbsp;nega recupera\u00e7\u00e3o judicial, mas confirma contrata\u00e7\u00e3o de assessoria financeira<\/h2>\n\n\n\n<ul class=\"wp-block-list\">\n<li>Ap\u00f3s a repercuss\u00e3o de uma <a href=\"https:\/\/www.suno.com.br\/noticias\/light-ligt3-deve-pedir-recuperacao-judicial\/\" target=\"_blank\" rel=\"noreferrer noopener\">poss\u00edvel recupera\u00e7\u00e3o judicial<\/a> \u2014 e a <a href=\"https:\/\/www.suno.com.br\/noticias\/light-ligt3-amarga-derrocada-intensa-acoes\/\" target=\"_blank\" rel=\"noreferrer noopener\">forte queda de suas a\u00e7\u00f5es<\/a> no preg\u00e3o desta ter\u00e7a \u2014, a<strong> Light<\/strong> (LIGT3) negou que tenha dado entrada no pedido. Em fato relevante publicado na noite de hoje, a geradora e distribuidora de eneragia el\u00e9trica voltou a dizer que a informa\u00e7\u00e3o n\u00e3o procede, embora tenha contratado uma assessoria financeira.<\/li>\n\n\n\n<li>Ontem, o jornalista Lauro Jardim, do O Globo, publicou uma nota dizendo que a <strong>Light entraria com o pedido de recupera\u00e7\u00e3o judicial<\/strong> ainda nesta semana. Isso porque a precisaria de um financiamento de R$ 3,3 bilh\u00f5es nos pr\u00f3ximos dois anos.<\/li>\n\n\n\n<li>Respons\u00e1vel pela energia el\u00e9trica na regi\u00e3o metropolitana do Rio de Janeiro, a empresa reportou uma d\u00edvida l\u00edquida de R$ 8,7 bilh\u00f5es no terceiro trimestre de 2022. \u00c9 diante desse cen\u00e1rio que a Light confirmou a contrata\u00e7\u00e3o de uma assessoria financeira.<\/li>\n\n\n\n<li>&#8220;Conforme j\u00e1 divulgado em 31 de janeiro, a companhia contratou a <strong>Laplace Finan\u00e7as<\/strong> para assessor\u00e1-la na avalia\u00e7\u00e3o de estrat\u00e9gias financeiras que viabilizem a melhoria de sua estrutura de capital e de alternativas para tanto&#8221; destaca a Light no fato relevante.<\/li>\n\n\n\n<li>No entanto, a empresa esclarece que n\u00e3o procede a informa\u00e7\u00e3o de que estaria &#8220;na imin\u00eancia de pedir recupera\u00e7\u00e3o judicial&#8221;, conforme foi noticiado entre ontem e hoje em ve\u00edculos especializados.<\/li>\n\n\n\n<li><strong>A\u00e7\u00f5es da Light desabam<\/strong><\/li>\n\n\n\n<li>As a\u00e7\u00f5es da Light figuraram entre os destaques negativos do preg\u00e3o desta ter\u00e7a-feira (7), fechando o dia com queda de 14,19%, cotadas a R$ 2,66.<\/li>\n\n\n\n<li>Al\u00e9m disso, de acordo com o mapeamento do Status Invest, a Light registra neste m\u00eas uma queda de 19,08% na bolsa de valores. Nos \u00faltimos doze meses, as&nbsp;<strong>a\u00e7\u00f5es da Light<\/strong>&nbsp;ca\u00edram 73,10%.<\/li>\n\n\n\n<li>As&nbsp;a\u00e7\u00f5es da<strong> Light<\/strong>&nbsp;tamb\u00e9m despencaram na \u00faltima semana ap\u00f3s a Fitch, uma das maiores ag\u00eancias de risco do mundo, rebaixar drasticamente a classifica\u00e7\u00e3o da companhia, de \u201cBB-\u201d para \u201cCCC+\u201d.<\/li>\n<\/ul>\n\n\n\n<h2 class=\"wp-block-heading\">Oi (OIBR3): CEO defende viabilidade operacional e diz que foco \u00e9 reestruturar d\u00edvida<\/h2>\n\n\n\n<ul class=\"wp-block-list\">\n<li>O CEO da <a class=\"suno-keyword\" data-force=\"yes\" data-priority=\"2\" href=\"https:\/\/www.suno.com.br\/acoes\/OIBR3\/\" target=\"_blank\" rel=\"noopener\"><strong>Oi <\/strong>(OIBR3)<\/a>, Rodrigo Abreu, defendeu na manh\u00e3 desta ter\u00e7a-feira (7) que a companhia \u00e9 sustent\u00e1vel do ponto de vista de estrat\u00e9gia e opera\u00e7\u00e3o e que a reestrutura\u00e7\u00e3o da d\u00edvida financeira da empresa n\u00e3o ir\u00e1 afetar as atividades. <\/li>\n\n\n\n<li>&#8220;Ela carrega d\u00edvida do passado. N\u00e3o tem nada a ver com a <strong>opera\u00e7\u00e3o atual da Oi<\/strong>&#8220;, disse Abreu. As declara\u00e7\u00f5es foram dadas ap\u00f3s os executivos da empresa sa\u00edrem de reuni\u00e3o em Bras\u00edlia com a Ag\u00eancia Nacional de Telecomunica\u00e7\u00f5es (Anatel).<\/li>\n\n\n\n<li>De acordo com Abreu, o encontro teve car\u00e1ter de &#8220;acompanhamento de status&#8221; da Oi, em que ela prestou contas e mostrou seus planos e passos para a sustentabilidade futura da tele. &#8220;Se n\u00e3o acredit\u00e1ssemos na sustentabilidade n\u00e3o estar\u00edamos fazendo todo o plano que estamos fazendo h\u00e1 bastante tempo&#8221;, disse a jornalistas. &#8220;A <strong>Anatel<\/strong> tem dever de of\u00edcio de acompanhar concess\u00e3o.&#8221;<\/li>\n\n\n\n<li>A reuni\u00e3o aconteceu ap\u00f3s a Oi precisar buscar na Justi\u00e7a prote\u00e7\u00e3o contra seus credores, pouco mais de um m\u00eas ap\u00f3s ter decretado o fim de seu processo de <strong><a class=\"suno-keyword\" data-force=\"no\" data-priority=\"2\" href=\"https:\/\/www.suno.com.br\/artigos\/recuperacao-judicial\/\" target=\"_blank\" rel=\"noopener\">recupera\u00e7\u00e3o judicial<\/a> da Oi.<\/strong> Nesse contexto, Abreu dividiu o plano da empresa em tr\u00eas blocos de atua\u00e7\u00e3o. <\/li>\n\n\n\n<li>O primeiro, &#8220;operacional&#8221;, relativo \u00e0 continuidade do processo de reconstru\u00e7\u00e3o da Oi, focada no neg\u00f3cio de fibra. &#8220;Fizemos aposta estrat\u00e9gica de investimento em fibra, j\u00e1 agora h\u00e1 pouco mais de tr\u00eas anos. E de fato se n\u00e3o tivesse sido feito a companhia n\u00e3o teria perspectiva para futuro, ela tem aspira\u00e7\u00e3o de se tornar maior empresa de fibra do Pa\u00eds, do ponto de vista de banda larga&#8221;, afirmou o Executivo.<\/li>\n\n\n\n<li>O segundo pilar \u00e9 o de<strong> <a class=\"suno-keyword\" data-force=\"no\" data-priority=\"1\" href=\"https:\/\/www.suno.com.br\/artigos\/reestruturacao-de-divida\/\" target=\"_blank\" rel=\"noopener\">reestrutura\u00e7\u00e3o de d\u00edvida<\/a> da Oi<\/strong>. Defendendo que a opera\u00e7\u00e3o da Oi \u00e9 vi\u00e1vel e que o problema da d\u00edvida passada foi parcialmente resolvido com a primeira recupera\u00e7\u00e3o judicial, Abreu destacou que se &#8220;nada for feito&#8221;, a d\u00edvida que a tele carrega n\u00e3o \u00e9 compat\u00edvel com a capacidade de gera\u00e7\u00e3o de resultados futuros. \u00c9 por isso, segundo ele, que a empresa est\u00e1 focada na reestrutura\u00e7\u00e3o desse passivo, &#8220;primordialmente&#8221; o financeiro.<\/li>\n\n\n\n<li>&#8220;Renegocia\u00e7\u00e3o de d\u00edvidas financeiras, e esse \u00e9 o foco de todo nosso processo atual de medida, cautelar, de poss\u00edvel entrada de um plano pr\u00e9-acordado para poder registrar e formalizar negocia\u00e7\u00e3o. O pedido de tutela faz parte, n\u00e3o \u00e9 medida ex\u00f3tica&#8221;, diz ele.<\/li>\n\n\n\n<li>&#8220;Esperamos resolver o mais r\u00e1pido poss\u00edvel. Portanto, foi feito pedido para que possamos chegar a acordo de reestrutura\u00e7\u00e3o de d\u00edvida&#8221;, acrescentou o executivo. &#8220;N\u00e3o existe inten\u00e7\u00e3o de causar impacto em qualquer outro tipo de obriga\u00e7\u00e3o. Primordial \u00e9 a d\u00edvida financeira&#8221;.<\/li>\n\n\n\n<li>J\u00e1 o terceiro pilar de <strong>atua\u00e7\u00e3o da Oi<\/strong> se volta \u00e0 resolu\u00e7\u00e3o em torno do contrato de concess\u00e3o de telefonia fixa, que acaba em 2025. &#8220;Concess\u00e3o \u00e9 deficit\u00e1ria, na nossa vis\u00e3o, e h\u00e1 muito tempo temos discutido isso&#8221;, afirmou Abreu, que n\u00e3o quis entrar em mais detalhes sobre esse tema, que \u00e9 tratado junto \u00e0 Anatel. &#8220;N\u00e3o temos inten\u00e7\u00e3o de rever nenhum tipo de acordo e negocia\u00e7\u00e3o de transa\u00e7\u00e3o de cr\u00e9dito de Anatel, ou qualquer outro tipo de obriga\u00e7\u00e3o que j\u00e1 tenha sido transacionada. Isso j\u00e1 foi deixado claro&#8221;, afirmou.<\/li>\n\n\n\n<li>&#8220;Temos convic\u00e7\u00e3o de que, se n\u00e3o tivesse tomado todos os passo de reestrutura\u00e7\u00e3o de companhia, de venda de ativos, de cria\u00e7\u00e3o de opera\u00e7\u00f5es, a companhia hoje n\u00e3o existiria&#8221;, afirmou Abreu.<\/li>\n\n\n\n<li>Questionado sobre como enfrentar o endividamento atual sem os ativos que ajudaram a Oi  a sair da primeira recupera\u00e7\u00e3o judicial, o executivo respondeu que o processo de renegocia\u00e7\u00e3o est\u00e1 sendo discutido com credores e que a companhia &#8220;tem sim ativos&#8221;, citando a V.tal.<\/li>\n\n\n\n<li><strong>A Oi vai pedir recupera\u00e7\u00e3o judicial de novo?<\/strong><\/li>\n\n\n\n<li>Enquanto a&nbsp;<strong>Oi<\/strong>&nbsp;(<a href=\"https:\/\/suno.com.br\/acoes\/oibr3\/\" target=\"_blank\" rel=\"noreferrer noopener\">OIBR3<\/a>) n\u00e3o decide se entrar\u00e1 novamente em&nbsp;<a href=\"https:\/\/www.suno.com.br\/artigos\/recuperacao-judicial\/\" target=\"_blank\" rel=\"noreferrer noopener\">recupera\u00e7\u00e3o judicial<\/a>, a empresa estendeu o per\u00edodo de negocia\u00e7\u00e3o com os seus credores em uma tutela de urg\u00eancia. De acordo com informa\u00e7\u00f5es divulgadas nesta ter\u00e7a (7), a companhia tem 30 dias para definir qual ser\u00e1 o seu pr\u00f3ximo caminho.<\/li>\n\n\n\n<li>Segundo a apura\u00e7\u00e3o do Estad\u00e3o\/Broadcast, o&nbsp;<strong>alto escal\u00e3o da Oi<\/strong>&nbsp;ainda n\u00e3o definiu o momento em que encaminhar\u00e1 o pedido \u00e0 Justi\u00e7a.<\/li>\n\n\n\n<li>A empresa de telecomunica\u00e7\u00f5es tem buscado manter as negocia\u00e7\u00f5es com os credores para conseguir chegar a um acordo de refinanciamento das d\u00edvidas. O desenrolar dessas conversas ser\u00e1 o term\u00f4metro dos&nbsp;<strong>pr\u00f3ximos passos da Oi<\/strong>.<\/li>\n\n\n\n<li>Na \u00faltima semana, a empresa conseguiu uma prote\u00e7\u00e3o jur\u00eddica que suspende pagamentos a credores e impede execu\u00e7\u00f5es de cobran\u00e7a por um prazo de 30 dias. Na peti\u00e7\u00e3o, os advogados classificaram a situa\u00e7\u00e3o financeira da Oi como \u201cinsustent\u00e1vel\u201d.<a href=\"https:\/\/lps.suno.com.br\/cl\/6-anos-suno-quem-ganha-e-voce\/\" target=\"_blank\" rel=\"noreferrer noopener\"><\/a><\/li>\n\n\n\n<li>A<a href=\"https:\/\/www.suno.com.br\/noticias\/oi-oibr3-lista-credores-divida-27-bilhoes\/\" target=\"_blank\" rel=\"noreferrer noopener\">&nbsp;companhia tem R$ 29,7 bilh\u00f5es em d\u00edvidas financeiras<\/a>. Caso n\u00e3o haja um acordo entre os credores, a Oi n\u00e3o ter\u00e1 alternativa a n\u00e3o ser pedir um segundo processo de&nbsp;<strong>recupera\u00e7\u00e3o judicial<\/strong>.<\/li>\n\n\n\n<li>&#8220;Essa tutela basicamente protegia a a\u00e7\u00e3o dos credores da Oi. Ou seja os credores n\u00e3o poderiam cobrar nesse momento&#8221;,  resume Rafael Maluly Bombini, assessor da DOM Investimentos. Na vis\u00e3o do especialista, a perspectiva atual de recupera\u00e7\u00e3o judicial \u00e9 uma not\u00edcia &#8220;ruim&#8221; para as a\u00e7\u00f5es da companhia.<\/li>\n\n\n\n<li>&#8220;A reestrutura\u00e7\u00e3o financeira \u00e9 uma medida crucial para garantir o <strong>futuro da Oi<\/strong> e o comprometimento da empresa com esta a\u00e7\u00e3o mostra sua determina\u00e7\u00e3o em se recuperar. Al\u00e9m disso, a solu\u00e7\u00e3o para o contrato de telefonia fixa pode ser uma oportunidade para a Oi, permitindo a empresa alocar recursos em \u00e1reas mais estrat\u00e9gicas e rent\u00e1veis, o que pode ter um impacto positivo nas receitas e lucratividade futuras da empresa&#8221;, diz Fabr\u00edcio Gon\u00e7alvez CEO da Box Asset Management. <\/li>\n\n\n\n<li>Gon\u00e7alvez explica que, no curto prazo, as declara\u00e7\u00f5es do CEO da Oi podem ter um impacto positivo na <strong>cota\u00e7\u00e3o da OIBR3,<\/strong> transmitindo confian\u00e7a aos investidores sobre o futuro da empresa. No m\u00e9dio e longo prazo, as a\u00e7\u00f5es da Oi poder\u00e3o ser positivamente impactadas se a empresa cumprir suas metas financeiras, completa. &#8220;\u00c9 importante destacar que ainda h\u00e1 muito trabalho a ser feito, mas as declara\u00e7\u00f5es de Abreu transmitem otimismo e determina\u00e7\u00e3o em superar as dificuldades e garantir o futuro da empresa.&#8221;<\/li>\n\n\n\n<li>As a\u00e7\u00f5es da <strong>Oi <\/strong>subiam 6,4% \u00e0s 14h20 desta ter\u00e7a-feira (7), cotadas a R$ 1,33.<\/li>\n\n\n\n<li><em>Com informa\u00e7\u00f5es do Estad\u00e3o Conte\u00fado<\/em><\/li>\n<\/ul>\n\n\n\n<p><em>Do&nbsp;<\/em><strong><em>Ita\u00fa<\/em><\/strong><em>&nbsp;a Oi, essas foram as empresas que se destacaram hoje. Para ler todas as mat\u00e9rias&nbsp;<\/em><a href=\"https:\/\/www.suno.com.br\/noticias\/todos\/\" target=\"_blank\" rel=\"noreferrer noopener\">clique aqui.<\/a><a href=\"https:\/\/lps.suno.com.br\/cl\/6-anos-suno-quem-ganha-e-voce\/\" target=\"_blank\" rel=\"noreferrer noopener\"><\/a><\/p>\n\n\n\t<p>\n\t\t<a href=\"https:\/\/lp.suno.com.br\/planilha-de-controle-de-investimentos\/\" target=\"_blank\" data-element=\"shortcode-suno-banner\" title=\"Banner SUNO, clique e saiba mais\">\n\t\t\t<picture>\n\t\t\t\t<source media=\"(max-width: 500px)\" srcset=\"https:\/\/files.sunoresearch.com.br\/n\/uploads\/2023\/03\/400x300-Controle-de-Investimentos.png\">\n\t\t\t\t<img class=\"newsContent__article__imgCapa newsContent__article__imgCapa--banner\"\n\t\t\t\t\tsrc=\"https:\/\/files.sunoresearch.com.br\/n\/uploads\/2023\/03\/1420x240-Controle-de-Investimentos.png\"\n\t\t\t\t\tdata-promo-id=\"75934\"\t\t\t\t\t\t\t\t\t\twidth='1420' height='240'\t\t\t\t\talt=\"https:\/\/files.sunoresearch.com.br\/n\/uploads\/2023\/03\/1420x240-Controle-de-Investimentos.png\"\n\t\t\t\t>\n\t\t\t<\/picture>\n\t\t<\/a>\n\t<\/p>\n\n\n","protected":false},"excerpt":{"rendered":"<p>Nesta ter\u00e7a-feira (7), o Ita\u00fa (ITUB4) atualizou a data de pagamento do Juros sobre capital pr\u00f3prio (JCP) anunciado em novembro do ano passado, em R$ 0,48618 por a\u00e7\u00e3o, que seria pago at\u00e9 dia 28 de abril de 2023. Com a atualiza\u00e7\u00e3o, o Ita\u00fa pagar\u00e1 os JCP em 10 de mar\u00e7o. Temporada de balan\u00e7os. Foto: Ag\u00eancia [&hellip;]<\/p>\n","protected":false},"author":194,"featured_media":266005,"comment_status":"closed","ping_status":"closed","sticky":false,"template":"","format":"standard","meta":[],"categories":[64],"tags":[2257,455,519,41531,584],"suno_strategy":[],"class_list":["post-360209","post","type-post","status-publish","format-standard","has-post-thumbnail","hentry","category-negocios","tag-cogna-cogn3","tag-eletrobras-elet3-elet5-elet6","tag-itau-unibanco-itub3-itub4","tag-light-ligt3","tag-oi-oibr3-oibr4"],"yoast_head":"<!-- This site is optimized with the Yoast SEO plugin v24.4 - https:\/\/yoast.com\/wordpress\/plugins\/seo\/ -->\n<title>Radar: lucro do Ita\u00fa (ITUB4) salta no 4T22, a\u00e7\u00f5es da Cogna (COGN3) devem subir e governo quer que Justi\u00e7a avalie privatiza\u00e7\u00e3o da Eletrobras (ELET3)<\/title>\n<meta name=\"description\" content=\"Ita\u00fa pagar\u00e1 JCP em abril, Cogna pode se beneficiar de bons meses para educa\u00e7\u00e3o e privatiza\u00e7\u00e3o da Eletrobras segue em discuss\u00e3o. Saiba mais.\" \/>\n<meta name=\"robots\" content=\"index, follow, max-snippet:-1, max-image-preview:large, max-video-preview:-1\" \/>\n<link rel=\"canonical\" href=\"https:\/\/www.suno.com.br\/noticias\/radar-itau-itub4-cogna-cogn3-eletrobras-elet3\/\" \/>\n<meta property=\"og:locale\" content=\"pt_BR\" \/>\n<meta property=\"og:type\" content=\"article\" \/>\n<meta property=\"og:title\" content=\"Radar: lucro do Ita\u00fa (ITUB4) salta no 4T22, a\u00e7\u00f5es da Cogna (COGN3) devem subir e governo quer que Justi\u00e7a avalie privatiza\u00e7\u00e3o da Eletrobras (ELET3)\" \/>\n<meta property=\"og:description\" content=\"Ita\u00fa pagar\u00e1 JCP em abril, Cogna pode se beneficiar de bons meses para educa\u00e7\u00e3o e privatiza\u00e7\u00e3o da Eletrobras segue em discuss\u00e3o. Saiba mais.\" \/>\n<meta property=\"og:url\" content=\"https:\/\/www.suno.com.br\/noticias\/radar-itau-itub4-cogna-cogn3-eletrobras-elet3\/\" \/>\n<meta property=\"og:site_name\" content=\"Suno Not\u00edcias\" \/>\n<meta property=\"article:publisher\" content=\"https:\/\/facebook.com\/sunoresearch\" \/>\n<meta property=\"og:image\" content=\"https:\/\/files.sunoresearch.com.br\/n\/uploads\/2022\/06\/IMAGEM_NOTICIA_0.jpg\" \/>\n\t<meta property=\"og:image:width\" content=\"1200\" \/>\n\t<meta property=\"og:image:height\" content=\"800\" \/>\n\t<meta property=\"og:image:type\" content=\"image\/jpeg\" \/>\n<meta name=\"author\" content=\"Isabella Taglapietra\" \/>\n<meta name=\"twitter:card\" content=\"summary_large_image\" \/>\n<meta name=\"twitter:creator\" content=\"@sunoresearch\" \/>\n<meta name=\"twitter:site\" content=\"@sunoresearch\" \/>\n<meta name=\"twitter:label1\" content=\"Escrito por\" \/>\n\t<meta name=\"twitter:data1\" content=\"Isabella Taglapietra\" \/>\n\t<meta name=\"twitter:label2\" content=\"Est. tempo de leitura\" \/>\n\t<meta name=\"twitter:data2\" content=\"16 minutos\" \/>\n<script type=\"application\/ld+json\" class=\"yoast-schema-graph\">{\"@context\":\"https:\/\/schema.org\",\"@graph\":[{\"@type\":\"NewsArticle\",\"@id\":\"https:\/\/www.suno.com.br\/noticias\/radar-itau-itub4-cogna-cogn3-eletrobras-elet3\/#article\",\"isPartOf\":{\"@id\":\"https:\/\/www.suno.com.br\/noticias\/radar-itau-itub4-cogna-cogn3-eletrobras-elet3\/\"},\"author\":{\"name\":\"Isabella Taglapietra\",\"@id\":\"https:\/\/www.suno.com.br\/noticias\/#\/schema\/person\/a0be106724f6f5d705d70f04333cb249\"},\"headline\":\"Radar: lucro do Ita\u00fa (ITUB4) salta no 4T22, a\u00e7\u00f5es da Cogna (COGN3) devem subir e governo quer que Justi\u00e7a avalie privatiza\u00e7\u00e3o da Eletrobras (ELET3)\",\"datePublished\":\"2023-02-08T01:46:36+00:00\",\"dateModified\":\"2023-02-08T01:46:53+00:00\",\"mainEntityOfPage\":{\"@id\":\"https:\/\/www.suno.com.br\/noticias\/radar-itau-itub4-cogna-cogn3-eletrobras-elet3\/\"},\"wordCount\":3148,\"publisher\":{\"@id\":\"https:\/\/www.suno.com.br\/noticias\/#organization\"},\"image\":{\"@id\":\"https:\/\/www.suno.com.br\/noticias\/radar-itau-itub4-cogna-cogn3-eletrobras-elet3\/#primaryimage\"},\"thumbnailUrl\":\"https:\/\/files.sunoresearch.com.br\/n\/uploads\/2022\/06\/IMAGEM_NOTICIA_0.jpg\",\"keywords\":[\"Cogna (COGN3)\",\"Eletrobras (ELET3\/ELET5\/ELET6)\",\"Ita\u00fa Unibanco (ITUB3\/ITUB4)\",\"Light (LIGT3)\",\"Oi (OIBR3\/OIBR4)\"],\"articleSection\":[\"Neg\u00f3cios\"],\"inLanguage\":\"pt-BR\"},{\"@type\":\"WebPage\",\"@id\":\"https:\/\/www.suno.com.br\/noticias\/radar-itau-itub4-cogna-cogn3-eletrobras-elet3\/\",\"url\":\"https:\/\/www.suno.com.br\/noticias\/radar-itau-itub4-cogna-cogn3-eletrobras-elet3\/\",\"name\":\"Radar: lucro do Ita\u00fa (ITUB4) salta no 4T22, a\u00e7\u00f5es da Cogna (COGN3) devem subir e governo quer que Justi\u00e7a avalie privatiza\u00e7\u00e3o da Eletrobras (ELET3)\",\"isPartOf\":{\"@id\":\"https:\/\/www.suno.com.br\/noticias\/#website\"},\"primaryImageOfPage\":{\"@id\":\"https:\/\/www.suno.com.br\/noticias\/radar-itau-itub4-cogna-cogn3-eletrobras-elet3\/#primaryimage\"},\"image\":{\"@id\":\"https:\/\/www.suno.com.br\/noticias\/radar-itau-itub4-cogna-cogn3-eletrobras-elet3\/#primaryimage\"},\"thumbnailUrl\":\"https:\/\/files.sunoresearch.com.br\/n\/uploads\/2022\/06\/IMAGEM_NOTICIA_0.jpg\",\"datePublished\":\"2023-02-08T01:46:36+00:00\",\"dateModified\":\"2023-02-08T01:46:53+00:00\",\"description\":\"Ita\u00fa pagar\u00e1 JCP em abril, Cogna pode se beneficiar de bons meses para educa\u00e7\u00e3o e privatiza\u00e7\u00e3o da Eletrobras segue em discuss\u00e3o. Saiba mais.\",\"breadcrumb\":{\"@id\":\"https:\/\/www.suno.com.br\/noticias\/radar-itau-itub4-cogna-cogn3-eletrobras-elet3\/#breadcrumb\"},\"inLanguage\":\"pt-BR\",\"potentialAction\":[{\"@type\":\"ReadAction\",\"target\":[\"https:\/\/www.suno.com.br\/noticias\/radar-itau-itub4-cogna-cogn3-eletrobras-elet3\/\"]}]},{\"@type\":\"ImageObject\",\"inLanguage\":\"pt-BR\",\"@id\":\"https:\/\/www.suno.com.br\/noticias\/radar-itau-itub4-cogna-cogn3-eletrobras-elet3\/#primaryimage\",\"url\":\"https:\/\/files.sunoresearch.com.br\/n\/uploads\/2022\/06\/IMAGEM_NOTICIA_0.jpg\",\"contentUrl\":\"https:\/\/files.sunoresearch.com.br\/n\/uploads\/2022\/06\/IMAGEM_NOTICIA_0.jpg\",\"width\":1200,\"height\":800,\"caption\":\"Temporada de balan\u00e7os. Foto: Ag\u00eancia Brasil.\"},{\"@type\":\"BreadcrumbList\",\"@id\":\"https:\/\/www.suno.com.br\/noticias\/radar-itau-itub4-cogna-cogn3-eletrobras-elet3\/#breadcrumb\",\"itemListElement\":[{\"@type\":\"ListItem\",\"position\":1,\"name\":\"Not\u00edcias\",\"item\":\"https:\/\/www.suno.com.br\/noticias\/\"},{\"@type\":\"ListItem\",\"position\":2,\"name\":\"Neg\u00f3cios\",\"item\":\"https:\/\/www.suno.com.br\/noticias\/negocios\/\"},{\"@type\":\"ListItem\",\"position\":3,\"name\":\"Radar: lucro do Ita\u00fa (ITUB4) salta no 4T22, a\u00e7\u00f5es da Cogna (COGN3) devem subir e governo quer que Justi\u00e7a avalie privatiza\u00e7\u00e3o da Eletrobras (ELET3)\"}]},{\"@type\":\"WebSite\",\"@id\":\"https:\/\/www.suno.com.br\/noticias\/#website\",\"url\":\"https:\/\/www.suno.com.br\/noticias\/\",\"name\":\"Suno Not\u00edcias\",\"description\":\"Seu portal de informa\u00e7\u00e3o sobre o mundo dos investimentos\",\"publisher\":{\"@id\":\"https:\/\/www.suno.com.br\/noticias\/#organization\"},\"potentialAction\":[{\"@type\":\"SearchAction\",\"target\":{\"@type\":\"EntryPoint\",\"urlTemplate\":\"https:\/\/www.suno.com.br\/noticias\/?s={search_term_string}\"},\"query-input\":{\"@type\":\"PropertyValueSpecification\",\"valueRequired\":true,\"valueName\":\"search_term_string\"}}],\"inLanguage\":\"pt-BR\"},{\"@type\":\"Organization\",\"@id\":\"https:\/\/www.suno.com.br\/noticias\/#organization\",\"name\":\"Suno Not\u00edcias\",\"url\":\"https:\/\/www.suno.com.br\/noticias\/\",\"logo\":{\"@type\":\"ImageObject\",\"inLanguage\":\"pt-BR\",\"@id\":\"https:\/\/www.suno.com.br\/noticias\/#\/schema\/logo\/image\/\",\"url\":\"https:\/\/files.sunoresearch.com.br\/n\/uploads\/2021\/09\/suno-logo.png\",\"contentUrl\":\"https:\/\/files.sunoresearch.com.br\/n\/uploads\/2021\/09\/suno-logo.png\",\"width\":180,\"height\":180,\"caption\":\"Suno Not\u00edcias\"},\"image\":{\"@id\":\"https:\/\/www.suno.com.br\/noticias\/#\/schema\/logo\/image\/\"},\"sameAs\":[\"https:\/\/facebook.com\/sunoresearch\",\"https:\/\/x.com\/sunoresearch\",\"https:\/\/www.instagram.com\/suno\",\"https:\/\/www.linkedin.com\/company\/suno-research\/\",\"https:\/\/www.youtube.com\/c\/sunoresearch\"]},{\"@type\":\"Person\",\"@id\":\"https:\/\/www.suno.com.br\/noticias\/#\/schema\/person\/a0be106724f6f5d705d70f04333cb249\",\"name\":\"Isabella Taglapietra\",\"image\":{\"@type\":\"ImageObject\",\"inLanguage\":\"pt-BR\",\"@id\":\"https:\/\/www.suno.com.br\/noticias\/#\/schema\/person\/image\/\",\"url\":\"https:\/\/secure.gravatar.com\/avatar\/089c9e06b71de293117116aaf339e22f?s=96&r=g\",\"contentUrl\":\"https:\/\/secure.gravatar.com\/avatar\/089c9e06b71de293117116aaf339e22f?s=96&r=g\",\"caption\":\"Isabella Taglapietra\"},\"description\":\"Rep\u00f3rter freelancer no Suno Not\u00edcias, cobre not\u00edcias di\u00e1rias sobre economia, balan\u00e7os trimestrais e pesquisas. Formada em jornalismo pela Faculdade C\u00e1sper L\u00edbero e p\u00f3s-graduanda em mercado de capitais pela Fecap, atuou como rep\u00f3rter de economia e finan\u00e7as no portal CRC!News e Elas que Lucrem, al\u00e9m de social media para empresas do mercado financeiro.\",\"url\":\"https:\/\/www.suno.com.br\/noticias\/author\/isabella-taglapietra\/\"}]}<\/script>\n<!-- \/ Yoast SEO plugin. -->","yoast_head_json":{"title":"Radar: lucro do Ita\u00fa (ITUB4) salta no 4T22, a\u00e7\u00f5es da Cogna (COGN3) devem subir e governo quer que Justi\u00e7a avalie privatiza\u00e7\u00e3o da Eletrobras (ELET3)","description":"Ita\u00fa pagar\u00e1 JCP em abril, Cogna pode se beneficiar de bons meses para educa\u00e7\u00e3o e privatiza\u00e7\u00e3o da Eletrobras segue em discuss\u00e3o. Saiba mais.","robots":{"index":"index","follow":"follow","max-snippet":"max-snippet:-1","max-image-preview":"max-image-preview:large","max-video-preview":"max-video-preview:-1"},"canonical":"https:\/\/www.suno.com.br\/noticias\/radar-itau-itub4-cogna-cogn3-eletrobras-elet3\/","og_locale":"pt_BR","og_type":"article","og_title":"Radar: lucro do Ita\u00fa (ITUB4) salta no 4T22, a\u00e7\u00f5es da Cogna (COGN3) devem subir e governo quer que Justi\u00e7a avalie privatiza\u00e7\u00e3o da Eletrobras (ELET3)","og_description":"Ita\u00fa pagar\u00e1 JCP em abril, Cogna pode se beneficiar de bons meses para educa\u00e7\u00e3o e privatiza\u00e7\u00e3o da Eletrobras segue em discuss\u00e3o. Saiba mais.","og_url":"https:\/\/www.suno.com.br\/noticias\/radar-itau-itub4-cogna-cogn3-eletrobras-elet3\/","og_site_name":"Suno Not\u00edcias","article_publisher":"https:\/\/facebook.com\/sunoresearch","og_image":[{"width":1200,"height":800,"url":"https:\/\/files.sunoresearch.com.br\/n\/uploads\/2022\/06\/IMAGEM_NOTICIA_0.jpg","type":"image\/jpeg"}],"author":"Isabella Taglapietra","twitter_card":"summary_large_image","twitter_creator":"@sunoresearch","twitter_site":"@sunoresearch","twitter_misc":{"Escrito por":"Isabella Taglapietra","Est. tempo de leitura":"16 minutos"},"schema":{"@context":"https:\/\/schema.org","@graph":[{"@type":"NewsArticle","@id":"https:\/\/www.suno.com.br\/noticias\/radar-itau-itub4-cogna-cogn3-eletrobras-elet3\/#article","isPartOf":{"@id":"https:\/\/www.suno.com.br\/noticias\/radar-itau-itub4-cogna-cogn3-eletrobras-elet3\/"},"author":{"name":"Isabella Taglapietra","@id":"https:\/\/www.suno.com.br\/noticias\/#\/schema\/person\/a0be106724f6f5d705d70f04333cb249"},"headline":"Radar: lucro do Ita\u00fa (ITUB4) salta no 4T22, a\u00e7\u00f5es da Cogna (COGN3) devem subir e governo quer que Justi\u00e7a avalie privatiza\u00e7\u00e3o da Eletrobras (ELET3)","datePublished":"2023-02-08T01:46:36+00:00","dateModified":"2023-02-08T01:46:53+00:00","mainEntityOfPage":{"@id":"https:\/\/www.suno.com.br\/noticias\/radar-itau-itub4-cogna-cogn3-eletrobras-elet3\/"},"wordCount":3148,"publisher":{"@id":"https:\/\/www.suno.com.br\/noticias\/#organization"},"image":{"@id":"https:\/\/www.suno.com.br\/noticias\/radar-itau-itub4-cogna-cogn3-eletrobras-elet3\/#primaryimage"},"thumbnailUrl":"https:\/\/files.sunoresearch.com.br\/n\/uploads\/2022\/06\/IMAGEM_NOTICIA_0.jpg","keywords":["Cogna (COGN3)","Eletrobras (ELET3\/ELET5\/ELET6)","Ita\u00fa Unibanco (ITUB3\/ITUB4)","Light (LIGT3)","Oi (OIBR3\/OIBR4)"],"articleSection":["Neg\u00f3cios"],"inLanguage":"pt-BR"},{"@type":"WebPage","@id":"https:\/\/www.suno.com.br\/noticias\/radar-itau-itub4-cogna-cogn3-eletrobras-elet3\/","url":"https:\/\/www.suno.com.br\/noticias\/radar-itau-itub4-cogna-cogn3-eletrobras-elet3\/","name":"Radar: lucro do Ita\u00fa (ITUB4) salta no 4T22, a\u00e7\u00f5es da Cogna (COGN3) devem subir e governo quer que Justi\u00e7a avalie privatiza\u00e7\u00e3o da Eletrobras (ELET3)","isPartOf":{"@id":"https:\/\/www.suno.com.br\/noticias\/#website"},"primaryImageOfPage":{"@id":"https:\/\/www.suno.com.br\/noticias\/radar-itau-itub4-cogna-cogn3-eletrobras-elet3\/#primaryimage"},"image":{"@id":"https:\/\/www.suno.com.br\/noticias\/radar-itau-itub4-cogna-cogn3-eletrobras-elet3\/#primaryimage"},"thumbnailUrl":"https:\/\/files.sunoresearch.com.br\/n\/uploads\/2022\/06\/IMAGEM_NOTICIA_0.jpg","datePublished":"2023-02-08T01:46:36+00:00","dateModified":"2023-02-08T01:46:53+00:00","description":"Ita\u00fa pagar\u00e1 JCP em abril, Cogna pode se beneficiar de bons meses para educa\u00e7\u00e3o e privatiza\u00e7\u00e3o da Eletrobras segue em discuss\u00e3o. Saiba mais.","breadcrumb":{"@id":"https:\/\/www.suno.com.br\/noticias\/radar-itau-itub4-cogna-cogn3-eletrobras-elet3\/#breadcrumb"},"inLanguage":"pt-BR","potentialAction":[{"@type":"ReadAction","target":["https:\/\/www.suno.com.br\/noticias\/radar-itau-itub4-cogna-cogn3-eletrobras-elet3\/"]}]},{"@type":"ImageObject","inLanguage":"pt-BR","@id":"https:\/\/www.suno.com.br\/noticias\/radar-itau-itub4-cogna-cogn3-eletrobras-elet3\/#primaryimage","url":"https:\/\/files.sunoresearch.com.br\/n\/uploads\/2022\/06\/IMAGEM_NOTICIA_0.jpg","contentUrl":"https:\/\/files.sunoresearch.com.br\/n\/uploads\/2022\/06\/IMAGEM_NOTICIA_0.jpg","width":1200,"height":800,"caption":"Temporada de balan\u00e7os. Foto: Ag\u00eancia Brasil."},{"@type":"BreadcrumbList","@id":"https:\/\/www.suno.com.br\/noticias\/radar-itau-itub4-cogna-cogn3-eletrobras-elet3\/#breadcrumb","itemListElement":[{"@type":"ListItem","position":1,"name":"Not\u00edcias","item":"https:\/\/www.suno.com.br\/noticias\/"},{"@type":"ListItem","position":2,"name":"Neg\u00f3cios","item":"https:\/\/www.suno.com.br\/noticias\/negocios\/"},{"@type":"ListItem","position":3,"name":"Radar: lucro do Ita\u00fa (ITUB4) salta no 4T22, a\u00e7\u00f5es da Cogna (COGN3) devem subir e governo quer que Justi\u00e7a avalie privatiza\u00e7\u00e3o da Eletrobras (ELET3)"}]},{"@type":"WebSite","@id":"https:\/\/www.suno.com.br\/noticias\/#website","url":"https:\/\/www.suno.com.br\/noticias\/","name":"Suno Not\u00edcias","description":"Seu portal de informa\u00e7\u00e3o sobre o mundo dos investimentos","publisher":{"@id":"https:\/\/www.suno.com.br\/noticias\/#organization"},"potentialAction":[{"@type":"SearchAction","target":{"@type":"EntryPoint","urlTemplate":"https:\/\/www.suno.com.br\/noticias\/?s={search_term_string}"},"query-input":{"@type":"PropertyValueSpecification","valueRequired":true,"valueName":"search_term_string"}}],"inLanguage":"pt-BR"},{"@type":"Organization","@id":"https:\/\/www.suno.com.br\/noticias\/#organization","name":"Suno Not\u00edcias","url":"https:\/\/www.suno.com.br\/noticias\/","logo":{"@type":"ImageObject","inLanguage":"pt-BR","@id":"https:\/\/www.suno.com.br\/noticias\/#\/schema\/logo\/image\/","url":"https:\/\/files.sunoresearch.com.br\/n\/uploads\/2021\/09\/suno-logo.png","contentUrl":"https:\/\/files.sunoresearch.com.br\/n\/uploads\/2021\/09\/suno-logo.png","width":180,"height":180,"caption":"Suno Not\u00edcias"},"image":{"@id":"https:\/\/www.suno.com.br\/noticias\/#\/schema\/logo\/image\/"},"sameAs":["https:\/\/facebook.com\/sunoresearch","https:\/\/x.com\/sunoresearch","https:\/\/www.instagram.com\/suno","https:\/\/www.linkedin.com\/company\/suno-research\/","https:\/\/www.youtube.com\/c\/sunoresearch"]},{"@type":"Person","@id":"https:\/\/www.suno.com.br\/noticias\/#\/schema\/person\/a0be106724f6f5d705d70f04333cb249","name":"Isabella Taglapietra","image":{"@type":"ImageObject","inLanguage":"pt-BR","@id":"https:\/\/www.suno.com.br\/noticias\/#\/schema\/person\/image\/","url":"https:\/\/secure.gravatar.com\/avatar\/089c9e06b71de293117116aaf339e22f?s=96&r=g","contentUrl":"https:\/\/secure.gravatar.com\/avatar\/089c9e06b71de293117116aaf339e22f?s=96&r=g","caption":"Isabella Taglapietra"},"description":"Rep\u00f3rter freelancer no Suno Not\u00edcias, cobre not\u00edcias di\u00e1rias sobre economia, balan\u00e7os trimestrais e pesquisas. Formada em jornalismo pela Faculdade C\u00e1sper L\u00edbero e p\u00f3s-graduanda em mercado de capitais pela Fecap, atuou como rep\u00f3rter de economia e finan\u00e7as no portal CRC!News e Elas que Lucrem, al\u00e9m de social media para empresas do mercado financeiro.","url":"https:\/\/www.suno.com.br\/noticias\/author\/isabella-taglapietra\/"}]}},"default_loop_html":"<div class=\"cardsPage__listCard__boxs\"><div class=\"cardsPage__listCard__boxs__img\"><a href=\"https:\/\/www.suno.com.br\/noticias\/radar-itau-itub4-cogna-cogn3-eletrobras-elet3\/\"><img class=\"mask\" src=\"https:\/\/www.suno.com.br\/noticias\/wp-content\/themes\/suno\/resources\/images\/spotlight\/spotlight1img\/bg-mask.png\" alt=\"Image Mask\"\/><img src=\"https:\/\/files.sunoresearch.com.br\/n\/uploads\/2022\/06\/IMAGEM_NOTICIA_0-400x200.jpg\" alt=\"Radar: lucro do Ita\u00fa (ITUB4) salta no 4T22, a\u00e7\u00f5es da Cogna (COGN3) devem subir e governo quer que Justi\u00e7a avalie privatiza\u00e7\u00e3o da Eletrobras (ELET3)\"\/><\/a><span class=\"spotlightCategory\"><a href=\"https:\/\/www.suno.com.br\/noticias\/negocios\/\">Neg\u00f3cios<\/a><\/span><\/div><div class=\"cardsPage__listCard__boxs__content\"><a href=\"https:\/\/www.suno.com.br\/noticias\/radar-itau-itub4-cogna-cogn3-eletrobras-elet3\/\"><h2 class=\"content__title\">Radar: lucro do Ita\u00fa (ITUB4) salta no 4T22, a\u00e7\u00f5es da Cogna (COGN3) devem subir e governo quer que Justi\u00e7a avalie privatiza\u00e7\u00e3o da Eletrobras (ELET3)<\/h2><\/a><div class=\"newsContent__article__meta\"><div class=\"newsContent__article__meta__authorBox\"><a href=\"https:\/\/www.suno.com.br\/noticias\/author\/isabella-taglapietra\/\" class=\"authorBox__avatar noMobi\"><img src=\"https:\/\/files.sunoresearch.com.br\/n\/uploads\/2022\/08\/WhatsApp-Image-2022-08-04-at-12.40.27-150x150.jpeg\" alt=\"Isabella Taglapietra\"><\/a><div class=\"authorBox__name\"><span>por\n\t\t\t<a href=\"https:\/\/www.suno.com.br\/noticias\/author\/isabella-taglapietra\/\"><span itemprop=\"author\">Isabella Taglapietra<\/span><\/a><\/span><time datetime=\"2023-02-07T22:46:36-03:00\" itemprop=\"datePublished\">07\/02\/2023 22:46<\/time><\/div><\/div><\/div><\/div><\/div>","single_layout":"posts","amp_enabled":true,"_links":{"self":[{"href":"https:\/\/www.suno.com.br\/noticias\/wp-json\/wp\/v2\/posts\/360209"}],"collection":[{"href":"https:\/\/www.suno.com.br\/noticias\/wp-json\/wp\/v2\/posts"}],"about":[{"href":"https:\/\/www.suno.com.br\/noticias\/wp-json\/wp\/v2\/types\/post"}],"author":[{"embeddable":true,"href":"https:\/\/www.suno.com.br\/noticias\/wp-json\/wp\/v2\/users\/194"}],"replies":[{"embeddable":true,"href":"https:\/\/www.suno.com.br\/noticias\/wp-json\/wp\/v2\/comments?post=360209"}],"version-history":[{"count":2,"href":"https:\/\/www.suno.com.br\/noticias\/wp-json\/wp\/v2\/posts\/360209\/revisions"}],"predecessor-version":[{"id":360254,"href":"https:\/\/www.suno.com.br\/noticias\/wp-json\/wp\/v2\/posts\/360209\/revisions\/360254"}],"wp:featuredmedia":[{"embeddable":true,"href":"https:\/\/www.suno.com.br\/noticias\/wp-json\/wp\/v2\/media\/266005"}],"wp:attachment":[{"href":"https:\/\/www.suno.com.br\/noticias\/wp-json\/wp\/v2\/media?parent=360209"}],"wp:term":[{"taxonomy":"category","embeddable":true,"href":"https:\/\/www.suno.com.br\/noticias\/wp-json\/wp\/v2\/categories?post=360209"},{"taxonomy":"post_tag","embeddable":true,"href":"https:\/\/www.suno.com.br\/noticias\/wp-json\/wp\/v2\/tags?post=360209"},{"taxonomy":"suno_strategy","embeddable":true,"href":"https:\/\/www.suno.com.br\/noticias\/wp-json\/wp\/v2\/suno_strategy?post=360209"}],"curies":[{"name":"wp","href":"https:\/\/api.w.org\/{rel}","templated":true}]}}