{"id":36006,"date":"2019-08-30T20:21:23","date_gmt":"2019-08-30T23:21:23","guid":{"rendered":"https:\/\/www.suno.com.br\/noticias\/?p=36006"},"modified":"2021-05-11T20:45:53","modified_gmt":"2021-05-11T23:45:53","slug":"fitch-rebaixa-rating-argentina-default-restrito","status":"publish","type":"post","link":"https:\/\/www.suno.com.br\/noticias\/fitch-rebaixa-rating-argentina-default-restrito\/","title":{"rendered":"Fitch rebaixa rating da Argentina para &#8220;default restrito&#8221;"},"content":{"rendered":"<p>Nesta sexta-feira (30), a ag\u00eancia de risco <strong>Fitch<\/strong> rebaixou o rating da Argentina para &#8220;default restrito&#8221;. \u00c9 a segunda empresa a falar no default nesta sexta-feira (30), a <strong>Standard &amp; Poors<\/strong> rebaixou a Argentina para &#8220;CCC-&#8220;.<\/p>\t<div class=\"wrapper-featured-image\">\n\t\t<figure class=\"spotlightImg\">\n\n\t\t\t<picture>\n\t\t\t\t<source media=\"(max-width: 768px)\" srcset=\"https:\/\/files.sunoresearch.com.br\/n\/uploads\/2018\/11\/80e4fee1-rating-da-argentina-400x200.webp\">\n\t\t\t\t<img loading=\"lazy\" decoding=\"async\" class=\"newsContent__article__imgCapa lazyloadDisabled newsContent__article__imgCapa--noCaption\" src=\"https:\/\/files.sunoresearch.com.br\/n\/uploads\/2018\/11\/80e4fee1-rating-da-argentina-800x450.webp\" width=\"800\" height=\"450\" alt=\"Fitch rebaixa rating da Argentina para &#8220;default restrito&#8221;\" fetchpriority=high \/>\n\t\t\t<\/picture>\n\n\t\t\t<figcaption class=\"wp-caption-text wp-caption-text--hide\">Argentina diz precisar de acordo dentro sua capacidade<\/figcaption>\n\t\t<\/figure>\n\t<\/div>\n\n\n\n<p>Ap\u00f3s o decreto de morat\u00f3ria realizado, na \u00faltima quarta-feira (30), pelo governo da <strong>Argentina<\/strong> aos t\u00edtulos de curto prazo em posse de investidores institucionais locais, como fundos de investimentos e de pens\u00e3o, a <strong>Fitch<\/strong> tomou a decis\u00e3o do rebaixamento da nota.<\/p>\n<p>A nota da d\u00edvida de curto e longo prazo em moeda estrangeira caiu de &#8220;CCC&#8221; para &#8220;RD&#8221;. J\u00e1 a d\u00edvida em moeda local sofreu uma queda de &#8220;C&#8221; para &#8220;RD&#8221;. A altera\u00e7\u00e3o indica uma mais alta probabilidade de falha no pagamento ou default.<\/p>\n<h2>S&amp;P reviu eleva\u00e7\u00e3o do rating da Argentina de &#8220;SD&#8221; para &#8220;CCC-&#8220;<\/h2>\n<p>Nesta sexta, a ag\u00eancia de classifica\u00e7\u00e3o de risco, <strong>S&amp;P Global Ratings<\/strong> (S&amp;PGR), revisou positivamente o rating da Argentina. A nota de cr\u00e9dito a longo prazo do pa\u00eds vizinho, passou de &#8220;SD&#8221; para &#8220;CCC-&#8221; com perspectiva negativa.<\/p>\n<p>A medida da ag\u00eancia de classifica\u00e7\u00e3o de risco volta atr\u00e1s \u00e0 anunciada na \u00faltima quinta-feira (29), em que a ag\u00eancia havia rebaixado o rating da Argentina de &#8220;B-&#8221; para &#8220;SD&#8221;. O grau \u00e0 curto prazo do pa\u00eds tamb\u00e9m foi elevado, passando de &#8220;SD&#8221; para &#8220;C&#8221;, nesta sexta.<\/p>\n\t<p>\n\t\t<a href=\"https:\/\/lp2.suno.com.br\/onde-investir-2026?utm_campaign=_SNC094D2575_rs.ein26&#038;utm_source=suno.com.br&#038;utm_medium=banner.noticias\" target=\"_blank\" data-element=\"shortcode-suno-banner\" title=\"Banner SUNO, clique e saiba mais\">\n\t\t\t<picture>\n\t\t\t\t<source media=\"(max-width: 500px)\" srcset=\"https:\/\/files.sunoresearch.com.br\/n\/uploads\/2026\/01\/Banner-Materias-01-Mbl_-400x300-1-png.webp\">\n\t\t\t\t<img class=\"newsContent__article__imgCapa newsContent__article__imgCapa--banner\"\n\t\t\t\t\tsrc=\"https:\/\/files.sunoresearch.com.br\/n\/uploads\/2026\/01\/Banner-Materias-01-Dkp_-1420x240-1-png.webp\"\n\t\t\t\t\tdata-promo-id=\"638391\"\t\t\t\t\t\t\t\t\t\twidth='1420' height='240'\t\t\t\t\talt=\"https:\/\/files.sunoresearch.com.br\/n\/uploads\/2026\/01\/Banner-Materias-01-Dkp_-1420x240-1-png.webp\"\n\t\t\t\t>\n\t\t\t<\/picture>\n\t\t<\/a>\n\t<\/p>\n\n\n<p>Para a ag\u00eancia, a morat\u00f3ria decretada na \u00faltima quarta-feira (30) pelo pa\u00eds sobre \u00e0 d\u00edvida do <a href=\"https:\/\/www.suno.com.br\/artigos\/fmi\/\">Fundo Monet\u00e1rio Internacional (FMI)<\/a> constitu\u00eda um default seguindo os crit\u00e9rios da S&amp;PGR, o que justificaria o rebaixamento. O montante de US$ 56 bilh\u00f5es deveria inciar a ser devolvido pelo pa\u00eds vizinho no final de 2019 at\u00e9 2021.<\/p>\n<p>Entretanto, a emenda de termos e condi\u00e7\u00f5es, que entrou em efeito imediatamente, teria resolvido o problema do default da <strong>Argentina<\/strong> e feito com que a <strong>S&amp;P<\/strong> revisasse o rating do pa\u00eds vizinho, enquanto a nota de cr\u00e9dito continuar\u00e1 com a\u00a0 perspectiva negativa.<\/p>\n","protected":false},"excerpt":{"rendered":"<p>Nesta sexta-feira (30), a ag\u00eancia de risco Fitch rebaixou o rating da Argentina para &#8220;default restrito&#8221;. \u00c9 a segunda empresa a falar no default nesta sexta-feira (30), a Standard &amp; Poors rebaixou a Argentina para &#8220;CCC-&#8220;. Argentina diz precisar de acordo dentro sua capacidade Ap\u00f3s o decreto de morat\u00f3ria realizado, na \u00faltima quarta-feira (30), pelo [&hellip;]<\/p>\n","protected":false},"author":23,"featured_media":6306,"comment_status":"closed","ping_status":"closed","sticky":false,"template":"","format":"standard","meta":[],"categories":[63],"tags":[699,1277,806,2337],"suno_strategy":[],"class_list":["post-36006","post","type-post","status-publish","format-standard","has-post-thumbnail","hentry","category-internacional","tag-argentina","tag-fitch","tag-fundo-monetario-internacional-fmi","tag-standard-poors-sp"],"yoast_head":"<!-- This site is optimized with the Yoast SEO plugin v24.4 - https:\/\/yoast.com\/wordpress\/plugins\/seo\/ -->\n<title>Fitch rebaixa rating da Argentina para &quot;default restrito&quot;<\/title>\n<meta name=\"description\" content=\"A Fitch rebaixou o rating da Argentina para &quot;default restrito&quot;. A S&amp;P tamb\u00e9m revisou para &quot;CCC-&quot;.Clique aqui para saber mais.\" \/>\n<meta name=\"robots\" content=\"index, follow, max-snippet:-1, max-image-preview:large, max-video-preview:-1\" \/>\n<link rel=\"canonical\" href=\"https:\/\/www.suno.com.br\/noticias\/fitch-rebaixa-rating-argentina-default-restrito\/\" \/>\n<meta property=\"og:locale\" content=\"pt_BR\" \/>\n<meta property=\"og:type\" content=\"article\" \/>\n<meta property=\"og:title\" content=\"Fitch rebaixa rating da Argentina para &quot;default restrito&quot;\" \/>\n<meta property=\"og:description\" content=\"A Fitch rebaixou o rating da Argentina para &quot;default restrito&quot;. A S&amp;P tamb\u00e9m revisou para &quot;CCC-&quot;.Clique aqui para saber mais.\" \/>\n<meta property=\"og:url\" content=\"https:\/\/www.suno.com.br\/noticias\/fitch-rebaixa-rating-argentina-default-restrito\/\" \/>\n<meta property=\"og:site_name\" content=\"Suno Not\u00edcias\" \/>\n<meta property=\"article:publisher\" content=\"https:\/\/facebook.com\/sunoresearch\" \/>\n<meta property=\"og:image\" content=\"https:\/\/files.sunoresearch.com.br\/n\/uploads\/2018\/11\/80e4fee1-rating-da-argentina.jpg\" \/>\n\t<meta property=\"og:image:width\" content=\"1920\" \/>\n\t<meta property=\"og:image:height\" content=\"1440\" \/>\n\t<meta property=\"og:image:type\" content=\"image\/jpeg\" \/>\n<meta name=\"author\" content=\"Rafael Lara\" \/>\n<meta name=\"twitter:card\" content=\"summary_large_image\" \/>\n<meta name=\"twitter:creator\" content=\"@sunoresearch\" \/>\n<meta name=\"twitter:site\" content=\"@sunoresearch\" \/>\n<meta name=\"twitter:label1\" content=\"Escrito por\" \/>\n\t<meta name=\"twitter:data1\" content=\"Rafael Lara\" \/>\n\t<meta name=\"twitter:label2\" content=\"Est. tempo de leitura\" \/>\n\t<meta name=\"twitter:data2\" content=\"2 minutos\" \/>\n<script type=\"application\/ld+json\" class=\"yoast-schema-graph\">{\"@context\":\"https:\/\/schema.org\",\"@graph\":[{\"@type\":\"NewsArticle\",\"@id\":\"https:\/\/www.suno.com.br\/noticias\/fitch-rebaixa-rating-argentina-default-restrito\/#article\",\"isPartOf\":{\"@id\":\"https:\/\/www.suno.com.br\/noticias\/fitch-rebaixa-rating-argentina-default-restrito\/\"},\"author\":{\"name\":\"Rafael Lara\",\"@id\":\"https:\/\/www.suno.com.br\/noticias\/#\/schema\/person\/098743caeed97b37f51315c9576c4078\"},\"headline\":\"Fitch rebaixa rating da Argentina para &#8220;default restrito&#8221;\",\"datePublished\":\"2019-08-30T23:21:23+00:00\",\"dateModified\":\"2021-05-11T23:45:53+00:00\",\"mainEntityOfPage\":{\"@id\":\"https:\/\/www.suno.com.br\/noticias\/fitch-rebaixa-rating-argentina-default-restrito\/\"},\"wordCount\":352,\"publisher\":{\"@id\":\"https:\/\/www.suno.com.br\/noticias\/#organization\"},\"image\":{\"@id\":\"https:\/\/www.suno.com.br\/noticias\/fitch-rebaixa-rating-argentina-default-restrito\/#primaryimage\"},\"thumbnailUrl\":\"https:\/\/files.sunoresearch.com.br\/n\/uploads\/2018\/11\/80e4fee1-rating-da-argentina-jpg.webp\",\"keywords\":[\"Argentina\",\"Fitch\",\"Fundo Monet\u00e1rio Internacional (FMI)\",\"Standard &amp; Poor's (S&amp;P)\"],\"articleSection\":[\"Internacional\"],\"inLanguage\":\"pt-BR\"},{\"@type\":\"WebPage\",\"@id\":\"https:\/\/www.suno.com.br\/noticias\/fitch-rebaixa-rating-argentina-default-restrito\/\",\"url\":\"https:\/\/www.suno.com.br\/noticias\/fitch-rebaixa-rating-argentina-default-restrito\/\",\"name\":\"Fitch rebaixa rating da Argentina para \\\"default restrito\\\"\",\"isPartOf\":{\"@id\":\"https:\/\/www.suno.com.br\/noticias\/#website\"},\"primaryImageOfPage\":{\"@id\":\"https:\/\/www.suno.com.br\/noticias\/fitch-rebaixa-rating-argentina-default-restrito\/#primaryimage\"},\"image\":{\"@id\":\"https:\/\/www.suno.com.br\/noticias\/fitch-rebaixa-rating-argentina-default-restrito\/#primaryimage\"},\"thumbnailUrl\":\"https:\/\/files.sunoresearch.com.br\/n\/uploads\/2018\/11\/80e4fee1-rating-da-argentina-jpg.webp\",\"datePublished\":\"2019-08-30T23:21:23+00:00\",\"dateModified\":\"2021-05-11T23:45:53+00:00\",\"description\":\"A Fitch rebaixou o rating da Argentina para \\\"default restrito\\\". A S&P tamb\u00e9m revisou para \\\"CCC-\\\".Clique aqui para saber mais.\",\"breadcrumb\":{\"@id\":\"https:\/\/www.suno.com.br\/noticias\/fitch-rebaixa-rating-argentina-default-restrito\/#breadcrumb\"},\"inLanguage\":\"pt-BR\",\"potentialAction\":[{\"@type\":\"ReadAction\",\"target\":[\"https:\/\/www.suno.com.br\/noticias\/fitch-rebaixa-rating-argentina-default-restrito\/\"]}]},{\"@type\":\"ImageObject\",\"inLanguage\":\"pt-BR\",\"@id\":\"https:\/\/www.suno.com.br\/noticias\/fitch-rebaixa-rating-argentina-default-restrito\/#primaryimage\",\"url\":\"https:\/\/files.sunoresearch.com.br\/n\/uploads\/2018\/11\/80e4fee1-rating-da-argentina-jpg.webp\",\"contentUrl\":\"https:\/\/files.sunoresearch.com.br\/n\/uploads\/2018\/11\/80e4fee1-rating-da-argentina-jpg.webp\",\"width\":1920,\"height\":1440,\"caption\":\"Argentina diz precisar de acordo dentro sua capacidade\"},{\"@type\":\"BreadcrumbList\",\"@id\":\"https:\/\/www.suno.com.br\/noticias\/fitch-rebaixa-rating-argentina-default-restrito\/#breadcrumb\",\"itemListElement\":[{\"@type\":\"ListItem\",\"position\":1,\"name\":\"Not\u00edcias\",\"item\":\"https:\/\/www.suno.com.br\/noticias\/\"},{\"@type\":\"ListItem\",\"position\":2,\"name\":\"Internacional\",\"item\":\"https:\/\/www.suno.com.br\/noticias\/internacional\/\"},{\"@type\":\"ListItem\",\"position\":3,\"name\":\"Fitch rebaixa rating da Argentina para &#8220;default restrito&#8221;\"}]},{\"@type\":\"WebSite\",\"@id\":\"https:\/\/www.suno.com.br\/noticias\/#website\",\"url\":\"https:\/\/www.suno.com.br\/noticias\/\",\"name\":\"Suno Not\u00edcias\",\"description\":\"Seu portal de informa\u00e7\u00e3o sobre o mundo dos investimentos\",\"publisher\":{\"@id\":\"https:\/\/www.suno.com.br\/noticias\/#organization\"},\"potentialAction\":[{\"@type\":\"SearchAction\",\"target\":{\"@type\":\"EntryPoint\",\"urlTemplate\":\"https:\/\/www.suno.com.br\/noticias\/?s={search_term_string}\"},\"query-input\":{\"@type\":\"PropertyValueSpecification\",\"valueRequired\":true,\"valueName\":\"search_term_string\"}}],\"inLanguage\":\"pt-BR\"},{\"@type\":\"Organization\",\"@id\":\"https:\/\/www.suno.com.br\/noticias\/#organization\",\"name\":\"Suno Not\u00edcias\",\"url\":\"https:\/\/www.suno.com.br\/noticias\/\",\"logo\":{\"@type\":\"ImageObject\",\"inLanguage\":\"pt-BR\",\"@id\":\"https:\/\/www.suno.com.br\/noticias\/#\/schema\/logo\/image\/\",\"url\":\"https:\/\/files.sunoresearch.com.br\/n\/uploads\/2021\/09\/suno-logo.png\",\"contentUrl\":\"https:\/\/files.sunoresearch.com.br\/n\/uploads\/2021\/09\/suno-logo.png\",\"width\":180,\"height\":180,\"caption\":\"Suno Not\u00edcias\"},\"image\":{\"@id\":\"https:\/\/www.suno.com.br\/noticias\/#\/schema\/logo\/image\/\"},\"sameAs\":[\"https:\/\/facebook.com\/sunoresearch\",\"https:\/\/x.com\/sunoresearch\",\"https:\/\/www.instagram.com\/suno\",\"https:\/\/www.linkedin.com\/company\/suno-research\/\",\"https:\/\/www.youtube.com\/c\/sunoresearch\"]},{\"@type\":\"Person\",\"@id\":\"https:\/\/www.suno.com.br\/noticias\/#\/schema\/person\/098743caeed97b37f51315c9576c4078\",\"name\":\"Rafael Lara\",\"image\":{\"@type\":\"ImageObject\",\"inLanguage\":\"pt-BR\",\"@id\":\"https:\/\/www.suno.com.br\/noticias\/#\/schema\/person\/image\/\",\"url\":\"https:\/\/secure.gravatar.com\/avatar\/dfc254ab9bb2ea1895d98b9e9dae4bdd?s=96&r=g\",\"contentUrl\":\"https:\/\/secure.gravatar.com\/avatar\/dfc254ab9bb2ea1895d98b9e9dae4bdd?s=96&r=g\",\"caption\":\"Rafael Lara\"},\"description\":\"Rafael Lara cursa jornalismo na Faculdade C\u00e1sper L\u00edbero. Escreve sobre pol\u00edtica, economia e neg\u00f3cios para o portal Suno Not\u00edcias. Antes, colaborou na TV Gazeta na produ\u00e7\u00e3o do programa Edi\u00e7\u00e3o Extra.\",\"url\":\"https:\/\/www.suno.com.br\/noticias\/author\/rafael\/\"}]}<\/script>\n<!-- \/ Yoast SEO plugin. -->","yoast_head_json":{"title":"Fitch rebaixa rating da Argentina para \"default restrito\"","description":"A Fitch rebaixou o rating da Argentina para \"default restrito\". A S&P tamb\u00e9m revisou para \"CCC-\".Clique aqui para saber mais.","robots":{"index":"index","follow":"follow","max-snippet":"max-snippet:-1","max-image-preview":"max-image-preview:large","max-video-preview":"max-video-preview:-1"},"canonical":"https:\/\/www.suno.com.br\/noticias\/fitch-rebaixa-rating-argentina-default-restrito\/","og_locale":"pt_BR","og_type":"article","og_title":"Fitch rebaixa rating da Argentina para \"default restrito\"","og_description":"A Fitch rebaixou o rating da Argentina para \"default restrito\". A S&P tamb\u00e9m revisou para \"CCC-\".Clique aqui para saber mais.","og_url":"https:\/\/www.suno.com.br\/noticias\/fitch-rebaixa-rating-argentina-default-restrito\/","og_site_name":"Suno Not\u00edcias","article_publisher":"https:\/\/facebook.com\/sunoresearch","og_image":[{"width":1920,"height":1440,"url":"https:\/\/files.sunoresearch.com.br\/n\/uploads\/2018\/11\/80e4fee1-rating-da-argentina.jpg","type":"image\/jpeg"}],"author":"Rafael Lara","twitter_card":"summary_large_image","twitter_creator":"@sunoresearch","twitter_site":"@sunoresearch","twitter_misc":{"Escrito por":"Rafael Lara","Est. tempo de leitura":"2 minutos"},"schema":{"@context":"https:\/\/schema.org","@graph":[{"@type":"NewsArticle","@id":"https:\/\/www.suno.com.br\/noticias\/fitch-rebaixa-rating-argentina-default-restrito\/#article","isPartOf":{"@id":"https:\/\/www.suno.com.br\/noticias\/fitch-rebaixa-rating-argentina-default-restrito\/"},"author":{"name":"Rafael Lara","@id":"https:\/\/www.suno.com.br\/noticias\/#\/schema\/person\/098743caeed97b37f51315c9576c4078"},"headline":"Fitch rebaixa rating da Argentina para &#8220;default restrito&#8221;","datePublished":"2019-08-30T23:21:23+00:00","dateModified":"2021-05-11T23:45:53+00:00","mainEntityOfPage":{"@id":"https:\/\/www.suno.com.br\/noticias\/fitch-rebaixa-rating-argentina-default-restrito\/"},"wordCount":352,"publisher":{"@id":"https:\/\/www.suno.com.br\/noticias\/#organization"},"image":{"@id":"https:\/\/www.suno.com.br\/noticias\/fitch-rebaixa-rating-argentina-default-restrito\/#primaryimage"},"thumbnailUrl":"https:\/\/files.sunoresearch.com.br\/n\/uploads\/2018\/11\/80e4fee1-rating-da-argentina-jpg.webp","keywords":["Argentina","Fitch","Fundo Monet\u00e1rio Internacional (FMI)","Standard &amp; Poor's (S&amp;P)"],"articleSection":["Internacional"],"inLanguage":"pt-BR"},{"@type":"WebPage","@id":"https:\/\/www.suno.com.br\/noticias\/fitch-rebaixa-rating-argentina-default-restrito\/","url":"https:\/\/www.suno.com.br\/noticias\/fitch-rebaixa-rating-argentina-default-restrito\/","name":"Fitch rebaixa rating da Argentina para \"default restrito\"","isPartOf":{"@id":"https:\/\/www.suno.com.br\/noticias\/#website"},"primaryImageOfPage":{"@id":"https:\/\/www.suno.com.br\/noticias\/fitch-rebaixa-rating-argentina-default-restrito\/#primaryimage"},"image":{"@id":"https:\/\/www.suno.com.br\/noticias\/fitch-rebaixa-rating-argentina-default-restrito\/#primaryimage"},"thumbnailUrl":"https:\/\/files.sunoresearch.com.br\/n\/uploads\/2018\/11\/80e4fee1-rating-da-argentina-jpg.webp","datePublished":"2019-08-30T23:21:23+00:00","dateModified":"2021-05-11T23:45:53+00:00","description":"A Fitch rebaixou o rating da Argentina para \"default restrito\". A S&P tamb\u00e9m revisou para \"CCC-\".Clique aqui para saber mais.","breadcrumb":{"@id":"https:\/\/www.suno.com.br\/noticias\/fitch-rebaixa-rating-argentina-default-restrito\/#breadcrumb"},"inLanguage":"pt-BR","potentialAction":[{"@type":"ReadAction","target":["https:\/\/www.suno.com.br\/noticias\/fitch-rebaixa-rating-argentina-default-restrito\/"]}]},{"@type":"ImageObject","inLanguage":"pt-BR","@id":"https:\/\/www.suno.com.br\/noticias\/fitch-rebaixa-rating-argentina-default-restrito\/#primaryimage","url":"https:\/\/files.sunoresearch.com.br\/n\/uploads\/2018\/11\/80e4fee1-rating-da-argentina-jpg.webp","contentUrl":"https:\/\/files.sunoresearch.com.br\/n\/uploads\/2018\/11\/80e4fee1-rating-da-argentina-jpg.webp","width":1920,"height":1440,"caption":"Argentina diz precisar de acordo dentro sua capacidade"},{"@type":"BreadcrumbList","@id":"https:\/\/www.suno.com.br\/noticias\/fitch-rebaixa-rating-argentina-default-restrito\/#breadcrumb","itemListElement":[{"@type":"ListItem","position":1,"name":"Not\u00edcias","item":"https:\/\/www.suno.com.br\/noticias\/"},{"@type":"ListItem","position":2,"name":"Internacional","item":"https:\/\/www.suno.com.br\/noticias\/internacional\/"},{"@type":"ListItem","position":3,"name":"Fitch rebaixa rating da Argentina para &#8220;default restrito&#8221;"}]},{"@type":"WebSite","@id":"https:\/\/www.suno.com.br\/noticias\/#website","url":"https:\/\/www.suno.com.br\/noticias\/","name":"Suno Not\u00edcias","description":"Seu portal de informa\u00e7\u00e3o sobre o mundo dos investimentos","publisher":{"@id":"https:\/\/www.suno.com.br\/noticias\/#organization"},"potentialAction":[{"@type":"SearchAction","target":{"@type":"EntryPoint","urlTemplate":"https:\/\/www.suno.com.br\/noticias\/?s={search_term_string}"},"query-input":{"@type":"PropertyValueSpecification","valueRequired":true,"valueName":"search_term_string"}}],"inLanguage":"pt-BR"},{"@type":"Organization","@id":"https:\/\/www.suno.com.br\/noticias\/#organization","name":"Suno Not\u00edcias","url":"https:\/\/www.suno.com.br\/noticias\/","logo":{"@type":"ImageObject","inLanguage":"pt-BR","@id":"https:\/\/www.suno.com.br\/noticias\/#\/schema\/logo\/image\/","url":"https:\/\/files.sunoresearch.com.br\/n\/uploads\/2021\/09\/suno-logo.png","contentUrl":"https:\/\/files.sunoresearch.com.br\/n\/uploads\/2021\/09\/suno-logo.png","width":180,"height":180,"caption":"Suno Not\u00edcias"},"image":{"@id":"https:\/\/www.suno.com.br\/noticias\/#\/schema\/logo\/image\/"},"sameAs":["https:\/\/facebook.com\/sunoresearch","https:\/\/x.com\/sunoresearch","https:\/\/www.instagram.com\/suno","https:\/\/www.linkedin.com\/company\/suno-research\/","https:\/\/www.youtube.com\/c\/sunoresearch"]},{"@type":"Person","@id":"https:\/\/www.suno.com.br\/noticias\/#\/schema\/person\/098743caeed97b37f51315c9576c4078","name":"Rafael Lara","image":{"@type":"ImageObject","inLanguage":"pt-BR","@id":"https:\/\/www.suno.com.br\/noticias\/#\/schema\/person\/image\/","url":"https:\/\/secure.gravatar.com\/avatar\/dfc254ab9bb2ea1895d98b9e9dae4bdd?s=96&r=g","contentUrl":"https:\/\/secure.gravatar.com\/avatar\/dfc254ab9bb2ea1895d98b9e9dae4bdd?s=96&r=g","caption":"Rafael Lara"},"description":"Rafael Lara cursa jornalismo na Faculdade C\u00e1sper L\u00edbero. Escreve sobre pol\u00edtica, economia e neg\u00f3cios para o portal Suno Not\u00edcias. Antes, colaborou na TV Gazeta na produ\u00e7\u00e3o do programa Edi\u00e7\u00e3o Extra.","url":"https:\/\/www.suno.com.br\/noticias\/author\/rafael\/"}]}},"default_loop_html":"<div class=\"cardsPage__listCard__boxs\"><div class=\"cardsPage__listCard__boxs__img\"><a href=\"https:\/\/www.suno.com.br\/noticias\/fitch-rebaixa-rating-argentina-default-restrito\/\"><img class=\"mask\" src=\"https:\/\/www.suno.com.br\/noticias\/wp-content\/themes\/suno\/resources\/images\/spotlight\/spotlight1img\/bg-mask.png\" alt=\"Image Mask\"\/><img src=\"https:\/\/files.sunoresearch.com.br\/n\/uploads\/2018\/11\/80e4fee1-rating-da-argentina-400x200.webp\" alt=\"Fitch rebaixa rating da Argentina para &#8220;default restrito&#8221;\"\/><\/a><span class=\"spotlightCategory\"><a href=\"https:\/\/www.suno.com.br\/noticias\/internacional\/\">Internacional<\/a><\/span><\/div><div class=\"cardsPage__listCard__boxs__content\"><a href=\"https:\/\/www.suno.com.br\/noticias\/fitch-rebaixa-rating-argentina-default-restrito\/\"><h2 class=\"content__title\">Fitch rebaixa rating da Argentina para &#8220;default restrito&#8221;<\/h2><\/a><div class=\"newsContent__article__meta\"><div class=\"newsContent__article__meta__authorBox\"><a href=\"https:\/\/www.suno.com.br\/noticias\/author\/rafael\/\" class=\"authorBox__avatar noMobi\"><img src=\"https:\/\/secure.gravatar.com\/avatar\/dfc254ab9bb2ea1895d98b9e9dae4bdd?s=96&#038;r=g\" alt=\"Rafael Lara\"><\/a><div class=\"authorBox__name\"><span>por\n\t\t\t<a href=\"https:\/\/www.suno.com.br\/noticias\/author\/rafael\/\"><span itemprop=\"author\">Rafael Lara<\/span><\/a><\/span><time datetime=\"2019-08-30T20:21:23-03:00\" itemprop=\"datePublished\">30\/08\/2019 20:21<\/time><\/div><\/div><\/div><\/div><\/div>","single_layout":"posts","amp_enabled":true,"_links":{"self":[{"href":"https:\/\/www.suno.com.br\/noticias\/wp-json\/wp\/v2\/posts\/36006"}],"collection":[{"href":"https:\/\/www.suno.com.br\/noticias\/wp-json\/wp\/v2\/posts"}],"about":[{"href":"https:\/\/www.suno.com.br\/noticias\/wp-json\/wp\/v2\/types\/post"}],"author":[{"embeddable":true,"href":"https:\/\/www.suno.com.br\/noticias\/wp-json\/wp\/v2\/users\/23"}],"replies":[{"embeddable":true,"href":"https:\/\/www.suno.com.br\/noticias\/wp-json\/wp\/v2\/comments?post=36006"}],"version-history":[{"count":1,"href":"https:\/\/www.suno.com.br\/noticias\/wp-json\/wp\/v2\/posts\/36006\/revisions"}],"predecessor-version":[{"id":147315,"href":"https:\/\/www.suno.com.br\/noticias\/wp-json\/wp\/v2\/posts\/36006\/revisions\/147315"}],"wp:featuredmedia":[{"embeddable":true,"href":"https:\/\/www.suno.com.br\/noticias\/wp-json\/wp\/v2\/media\/6306"}],"wp:attachment":[{"href":"https:\/\/www.suno.com.br\/noticias\/wp-json\/wp\/v2\/media?parent=36006"}],"wp:term":[{"taxonomy":"category","embeddable":true,"href":"https:\/\/www.suno.com.br\/noticias\/wp-json\/wp\/v2\/categories?post=36006"},{"taxonomy":"post_tag","embeddable":true,"href":"https:\/\/www.suno.com.br\/noticias\/wp-json\/wp\/v2\/tags?post=36006"},{"taxonomy":"suno_strategy","embeddable":true,"href":"https:\/\/www.suno.com.br\/noticias\/wp-json\/wp\/v2\/suno_strategy?post=36006"}],"curies":[{"name":"wp","href":"https:\/\/api.w.org\/{rel}","templated":true}]}}