{"id":35989,"date":"2019-08-30T18:06:39","date_gmt":"2019-08-30T21:06:39","guid":{"rendered":"https:\/\/www.suno.com.br\/noticias\/?p=35989"},"modified":"2019-08-30T20:17:04","modified_gmt":"2019-08-30T23:17:04","slug":"ibovespa-fecha-alta-061-queda-desemprego-brasil-30082019","status":"publish","type":"post","link":"https:\/\/www.suno.com.br\/noticias\/ibovespa-fecha-alta-061-queda-desemprego-brasil-30082019\/","title":{"rendered":"Ibovespa fecha em alta de 0,61% com queda do desemprego no Brasil"},"content":{"rendered":"<p>O <a href=\"https:\/\/www.suno.com.br\/artigos\/b3\/\">Ibovespa <\/a>fechou esta sexta-feira (30) em alta impulsionado pela <strong>queda do desemprego<\/strong> no <strong>Brasil<\/strong> para 11,8%, caindo pelo quarto m\u00eas seguido.<\/p>\t<div class=\"wrapper-featured-image\">\n\t\t<figure class=\"spotlightImg\">\n\n\t\t\t<picture>\n\t\t\t\t<source media=\"(max-width: 768px)\" srcset=\"https:\/\/files.sunoresearch.com.br\/n\/uploads\/2018\/12\/90955461-ibovespa-400x200.webp\">\n\t\t\t\t<img loading=\"lazy\" decoding=\"async\" class=\"newsContent__article__imgCapa lazyloadDisabled newsContent__article__imgCapa--noCaption\" src=\"https:\/\/files.sunoresearch.com.br\/n\/uploads\/2018\/12\/90955461-ibovespa-jpg.webp\" width=\"800\" height=\"450\" alt=\"Ibovespa fecha em alta de 0,61% com queda do desemprego no Brasil\" fetchpriority=high \/>\n\t\t\t<\/picture>\n\n\t\t\t<figcaption class=\"wp-caption-text wp-caption-text--hide\">O Ibovespa iniciou essa quinta-feira (6) em leve alta com as assuntos nacionais no radar.<\/figcaption>\n\t\t<\/figure>\n\t<\/div>\n\n\n\n<p>O <strong>Ibovespa<\/strong> encerrou o dia em alta de +0,61% a 101.134,609 pontos. No total do m\u00eas de agosto, finalizou com leve queda de 0,67%.<\/p>\n<p>Tamb\u00e9m contribu\u00edram para o resultado desta sexta do <strong><a href=\"https:\/\/www.suno.com.br\/artigos\/b3\/\">principal \u00edndice da Bolsa de Valores de S\u00e3o Paulo (B3)<\/a><\/strong>:<\/p>\n<ul>\n<li>o aviso da <strong>Oi<\/strong> \u00e0 <strong>Comiss\u00e3o de Valores Mobili\u00e1rios (CVM)<\/strong> de que n\u00e3o sabe o motivo das oscila\u00e7\u00f5es de suas a\u00e7\u00f5es,<\/li>\n<li>a afirma\u00e7\u00e3o da el\u00e9trica mineira <strong>Cemig<\/strong> de que n\u00e3o considera a capitaliza\u00e7\u00e3o via oferta de a\u00e7\u00f5es,<\/li>\n<li>\u00a0o an\u00fancio do banco <strong>Bradesco<\/strong> de que seu Programa de Desligamento Volunt\u00e1rio come\u00e7ar\u00e1 na pr\u00f3xima segunda-feira (2).<\/li>\n<\/ul>\n<h2>Desemprego cai para 11,8% em julho<\/h2>\n<p>A taxa de <strong>desemprego<\/strong> no <strong>Pa\u00eds<\/strong> retraiu para 11,8% no per\u00edodo encerrado em julho. De acordo com os dados divulgados pelo Instituto Brasileiro de Geografia e Estat\u00edstica <strong>(IBGE)<\/strong> nesta sexta-feira (30).<\/p>\n<p>O <strong>desemprego<\/strong> apresenta queda pelo quarto m\u00eas seguido em compara\u00e7\u00e3o com os meses anteriores. Na compara\u00e7\u00e3o anual, tamb\u00e9m foi visto um recuo, quando a taxa foi de 12,3%.<\/p>\n<p><a href=\"https:\/\/www.suno.com.br\/noticias\/desemprego-cai-retraindo-pelo-quarto-mes-seguido\/\">Saiba mais: Desemprego cai para 11,8%, retraindo pelo quarto m\u00eas seguido<\/a><\/p>\n<p>O n\u00famero de desempregados diminuiu 4,6% (menos 609 mil pessoas) em 90 dias, e caiu 2% (menos 258 mil pessoas) em rela\u00e7\u00e3o igual per\u00edodo do ano passado.<\/p>\n<h2>Oi n\u00e3o sabe o motivo das oscila\u00e7\u00f5es das a\u00e7\u00f5es<\/h2>\n<p>A operadora <strong>Oi<\/strong> (OIBR3) (OIBR4) informou \u00e0 Comiss\u00e3o de Valores Mobili\u00e1rios (CVM), na \u00faltima quinta-feira (29), que n\u00e3o h\u00e1 fatos ou atos que possam justificar as oscila\u00e7\u00f5es nas a\u00e7\u00f5es da empresa.<\/p>\n<p>&#8220;A <strong>Oi<\/strong> esclarece que n\u00e3o h\u00e1 fatos ou atos que em seu entendimento possam justificar as oscila\u00e7\u00f5es verificadas nas a\u00e7\u00f5es da companhia, no n\u00famero de neg\u00f3cios e na quantidade negociada, al\u00e9m daqueles amplamente j\u00e1 divulgados pela Companhia&#8221;, informa a operadora.<\/p>\n<p><a href=\"https:\/\/www.suno.com.br\/noticias\/oi-acao-acoes-cvm-oscilacao\/\">Saiba mais: Oi informa \u00e0 CVM que n\u00e3o sabe o motivo das oscila\u00e7\u00f5es das a\u00e7\u00f5es<\/a><\/p>\n<p>Al\u00e9m disso, a empresa reitera que h\u00e1 possibilidade de que as oscila\u00e7\u00f5es estejam relacionadas com mat\u00e9rias jornal\u00edsticas que tem vinculado informa\u00e7\u00f5es do mercado de telefonias no Brasil e o nome da empresa.<\/p>\n<h2>Cemig desconsidera capitaliza\u00e7\u00e3o via oferta de a\u00e7\u00f5es<\/h2>\n<p>A el\u00e9trica mineira <strong>Cemig<\/strong> (CMIG4) afirmou que desconsidera a capitaliza\u00e7\u00e3o via oferta de a\u00e7\u00f5es.<\/p>\n<p><a href=\"https:\/\/www.suno.com.br\/noticias\/cemig-desconsidera-capitalizacao-via-oferta-de-acoes\/\">Saiba mais: Cemig desconsidera capitaliza\u00e7\u00e3o via oferta de a\u00e7\u00f5es<\/a><\/p>\n<p>Nesta sexta-feira (30), a <strong>Cemig<\/strong> esclareceu a investidores que n\u00e3o est\u00e1 considerando uma arrecada\u00e7\u00e3o de capital atrav\u00e9s de uma oferta secund\u00e1ria de a\u00e7\u00f5es (follow on).<\/p>\n<p>A companhia acrescentou que permanece &#8220;permanentemente avaliando op\u00e7\u00f5es para otimizar seu fluxo de caixa e gerir sua d\u00edvida, com foco em desalavancagem, redu\u00e7\u00e3o do custo m\u00e9dio da d\u00edvida e alongamento do prazo m\u00e9dio de pagamento&#8221;.<\/p>\n<h2>Bradesco iniciar\u00e1 PDV na pr\u00f3xima segunda-feira<\/h2>\n<p>O banco <strong>Bradesco<\/strong> anunciou que o Programa de Desligamento Volunt\u00e1rio (PDV) iniciar\u00e1 na pr\u00f3xima segunda-feira (2) e terminar\u00e1 dia 16 de outubro. O comunicado foi divulgado ao mercado na \u00faltima quinta-feira (29).<\/p>\n\t<p>\n\t\t<a href=\"https:\/\/www.suno.com.br\/asset\/fundos\/suno-acoes-xp-seg-prev\/\" target=\"_blank\" data-element=\"shortcode-suno-banner\" title=\"Banner SUNO, clique e saiba mais\">\n\t\t\t<picture>\n\t\t\t\t<source media=\"(max-width: 500px)\" srcset=\"https:\/\/files.sunoresearch.com.br\/n\/uploads\/2023\/10\/SUNOPREV-400x300-Mobile-Artigos-3.png\">\n\t\t\t\t<img class=\"newsContent__article__imgCapa newsContent__article__imgCapa--banner\"\n\t\t\t\t\tsrc=\"https:\/\/files.sunoresearch.com.br\/n\/uploads\/2023\/10\/SUNOPREV-1420x240-Banner-Artigos-1-_-Banner-Materias-1.png\"\n\t\t\t\t\tdata-promo-id=\"476310\"\t\t\t\t\t\t\t\t\t\twidth='1420' height='240'\t\t\t\t\talt=\"https:\/\/files.sunoresearch.com.br\/n\/uploads\/2023\/10\/SUNOPREV-1420x240-Banner-Artigos-1-_-Banner-Materias-1.png\"\n\t\t\t\t>\n\t\t\t<\/picture>\n\t\t<\/a>\n\t<\/p>\n\n\n<p>&#8220;O objetivo do <strong>PDV<\/strong> \u00e9 no fundo a adequa\u00e7\u00e3o do quadro do banco \u00e0 uma nova realidade em termos de processos e tecnologia que estamos investindo h\u00e1 bastante tempo e tem levado o banco a uma produtividade maior&#8221;, disse o vice-presidente do Bradesco, Andr\u00e9 Cano, ao jornal &#8220;Estado de S.Paulo&#8221;.<\/p>\n<p><a href=\"https:\/\/www.suno.com.br\/noticias\/bradesco-demissao-voluntaria-programa-delisgamento\/\">Saiba mais: Programa de Desligamento Volunt\u00e1rio do Bradesco inicia na pr\u00f3xima segunda-feira<\/a><\/p>\n<p>Dessa forma, o principal intuito da institui\u00e7\u00e3o \u00e9 adequar todos os colaboradores ao avan\u00e7o da tecnologia com a finalidade de aumento de produtividade e diminui\u00e7\u00e3o a exig\u00eancia pessoal. O banco fechou nesta sexta em +1,54% a R$ 32,95<\/p>\n<h2>\u00daltima cota\u00e7\u00e3o do Ibovespa<\/h2>\n<p>Na \u00faltima sess\u00e3o, na quinta-feira (29), o <strong>Ibovespa<\/strong> encerrou o preg\u00e3o em alta de 2,37%, chegando a 100.524 pontos.<\/p>\n","protected":false},"excerpt":{"rendered":"<p>O Ibovespa fechou esta sexta-feira (30) em alta impulsionado pela queda do desemprego no Brasil para 11,8%, caindo pelo quarto m\u00eas seguido. O Ibovespa iniciou essa quinta-feira (6) em leve alta com as assuntos nacionais no radar. O Ibovespa encerrou o dia em alta de +0,61% a 101.134,609 pontos. No total do m\u00eas de agosto, [&hellip;]<\/p>\n","protected":false},"author":23,"featured_media":8393,"comment_status":"closed","ping_status":"closed","sticky":false,"template":"","format":"standard","meta":[],"categories":[60],"tags":[392,420,821,721,584],"suno_strategy":[],"class_list":["post-35989","post","type-post","status-publish","format-standard","has-post-thumbnail","hentry","category-mercado","tag-bradesco-bbdc3-bbdc4","tag-cemig-cmig3-cmig4","tag-ibge","tag-ibovespa","tag-oi-oibr3-oibr4"],"yoast_head":"<!-- This site is optimized with the Yoast SEO plugin v24.4 - https:\/\/yoast.com\/wordpress\/plugins\/seo\/ -->\n<title>Ibovespa fecha em alta de 0,61% com queda do desemprego no Brasil<\/title>\n<meta name=\"description\" content=\"O Ibovespa fechou em alta impulsionado pela queda do desemprego no Brasil para 11,8%, caindo pelo quarto m\u00eas seguido. Clique para mais.\" \/>\n<meta name=\"robots\" content=\"index, follow, max-snippet:-1, max-image-preview:large, max-video-preview:-1\" \/>\n<link rel=\"canonical\" href=\"https:\/\/www.suno.com.br\/noticias\/ibovespa-fecha-alta-061-queda-desemprego-brasil-30082019\/\" \/>\n<meta property=\"og:locale\" content=\"pt_BR\" \/>\n<meta property=\"og:type\" content=\"article\" \/>\n<meta property=\"og:title\" content=\"Ibovespa fecha em alta de 0,61% com queda do desemprego no Brasil\" \/>\n<meta property=\"og:description\" content=\"O Ibovespa fechou em alta impulsionado pela queda do desemprego no Brasil para 11,8%, caindo pelo quarto m\u00eas seguido. Clique para mais.\" \/>\n<meta property=\"og:url\" content=\"https:\/\/www.suno.com.br\/noticias\/ibovespa-fecha-alta-061-queda-desemprego-brasil-30082019\/\" \/>\n<meta property=\"og:site_name\" content=\"Suno Not\u00edcias\" \/>\n<meta property=\"article:publisher\" content=\"https:\/\/facebook.com\/sunoresearch\" \/>\n<meta property=\"og:image\" content=\"https:\/\/files.sunoresearch.com.br\/n\/uploads\/2018\/12\/90955461-ibovespa.jpg\" \/>\n\t<meta property=\"og:image:width\" content=\"960\" \/>\n\t<meta property=\"og:image:height\" content=\"400\" \/>\n\t<meta property=\"og:image:type\" content=\"image\/jpeg\" \/>\n<meta name=\"author\" content=\"Rafael Lara\" \/>\n<meta name=\"twitter:card\" content=\"summary_large_image\" \/>\n<meta name=\"twitter:creator\" content=\"@sunoresearch\" \/>\n<meta name=\"twitter:site\" content=\"@sunoresearch\" \/>\n<meta name=\"twitter:label1\" content=\"Escrito por\" \/>\n\t<meta name=\"twitter:data1\" content=\"Rafael Lara\" \/>\n\t<meta name=\"twitter:label2\" content=\"Est. tempo de leitura\" \/>\n\t<meta name=\"twitter:data2\" content=\"3 minutos\" \/>\n<script type=\"application\/ld+json\" class=\"yoast-schema-graph\">{\"@context\":\"https:\/\/schema.org\",\"@graph\":[{\"@type\":\"NewsArticle\",\"@id\":\"https:\/\/www.suno.com.br\/noticias\/ibovespa-fecha-alta-061-queda-desemprego-brasil-30082019\/#article\",\"isPartOf\":{\"@id\":\"https:\/\/www.suno.com.br\/noticias\/ibovespa-fecha-alta-061-queda-desemprego-brasil-30082019\/\"},\"author\":{\"name\":\"Rafael Lara\",\"@id\":\"https:\/\/www.suno.com.br\/noticias\/#\/schema\/person\/098743caeed97b37f51315c9576c4078\"},\"headline\":\"Ibovespa fecha em alta de 0,61% com queda do desemprego no Brasil\",\"datePublished\":\"2019-08-30T21:06:39+00:00\",\"dateModified\":\"2019-08-30T23:17:04+00:00\",\"mainEntityOfPage\":{\"@id\":\"https:\/\/www.suno.com.br\/noticias\/ibovespa-fecha-alta-061-queda-desemprego-brasil-30082019\/\"},\"wordCount\":667,\"publisher\":{\"@id\":\"https:\/\/www.suno.com.br\/noticias\/#organization\"},\"image\":{\"@id\":\"https:\/\/www.suno.com.br\/noticias\/ibovespa-fecha-alta-061-queda-desemprego-brasil-30082019\/#primaryimage\"},\"thumbnailUrl\":\"https:\/\/files.sunoresearch.com.br\/n\/uploads\/2018\/12\/90955461-ibovespa-jpg.webp\",\"keywords\":[\"Bradesco (BBDC3\/BBDC4)\",\"Cemig (CMIG3\/CMIG4)\",\"IBGE\",\"Ibovespa\",\"Oi (OIBR3\/OIBR4)\"],\"articleSection\":[\"Mercado\"],\"inLanguage\":\"pt-BR\"},{\"@type\":\"WebPage\",\"@id\":\"https:\/\/www.suno.com.br\/noticias\/ibovespa-fecha-alta-061-queda-desemprego-brasil-30082019\/\",\"url\":\"https:\/\/www.suno.com.br\/noticias\/ibovespa-fecha-alta-061-queda-desemprego-brasil-30082019\/\",\"name\":\"Ibovespa fecha em alta de 0,61% com queda do desemprego no Brasil\",\"isPartOf\":{\"@id\":\"https:\/\/www.suno.com.br\/noticias\/#website\"},\"primaryImageOfPage\":{\"@id\":\"https:\/\/www.suno.com.br\/noticias\/ibovespa-fecha-alta-061-queda-desemprego-brasil-30082019\/#primaryimage\"},\"image\":{\"@id\":\"https:\/\/www.suno.com.br\/noticias\/ibovespa-fecha-alta-061-queda-desemprego-brasil-30082019\/#primaryimage\"},\"thumbnailUrl\":\"https:\/\/files.sunoresearch.com.br\/n\/uploads\/2018\/12\/90955461-ibovespa-jpg.webp\",\"datePublished\":\"2019-08-30T21:06:39+00:00\",\"dateModified\":\"2019-08-30T23:17:04+00:00\",\"description\":\"O Ibovespa fechou em alta impulsionado pela queda do desemprego no Brasil para 11,8%, caindo pelo quarto m\u00eas seguido. Clique para mais.\",\"breadcrumb\":{\"@id\":\"https:\/\/www.suno.com.br\/noticias\/ibovespa-fecha-alta-061-queda-desemprego-brasil-30082019\/#breadcrumb\"},\"inLanguage\":\"pt-BR\",\"potentialAction\":[{\"@type\":\"ReadAction\",\"target\":[\"https:\/\/www.suno.com.br\/noticias\/ibovespa-fecha-alta-061-queda-desemprego-brasil-30082019\/\"]}]},{\"@type\":\"ImageObject\",\"inLanguage\":\"pt-BR\",\"@id\":\"https:\/\/www.suno.com.br\/noticias\/ibovespa-fecha-alta-061-queda-desemprego-brasil-30082019\/#primaryimage\",\"url\":\"https:\/\/files.sunoresearch.com.br\/n\/uploads\/2018\/12\/90955461-ibovespa-jpg.webp\",\"contentUrl\":\"https:\/\/files.sunoresearch.com.br\/n\/uploads\/2018\/12\/90955461-ibovespa-jpg.webp\",\"width\":960,\"height\":400,\"caption\":\"O Ibovespa iniciou essa quinta-feira (6) em leve alta com as assuntos nacionais no radar.\"},{\"@type\":\"BreadcrumbList\",\"@id\":\"https:\/\/www.suno.com.br\/noticias\/ibovespa-fecha-alta-061-queda-desemprego-brasil-30082019\/#breadcrumb\",\"itemListElement\":[{\"@type\":\"ListItem\",\"position\":1,\"name\":\"Not\u00edcias\",\"item\":\"https:\/\/www.suno.com.br\/noticias\/\"},{\"@type\":\"ListItem\",\"position\":2,\"name\":\"Mercado\",\"item\":\"https:\/\/www.suno.com.br\/noticias\/mercado\/\"},{\"@type\":\"ListItem\",\"position\":3,\"name\":\"Ibovespa fecha em alta de 0,61% com queda do desemprego no Brasil\"}]},{\"@type\":\"WebSite\",\"@id\":\"https:\/\/www.suno.com.br\/noticias\/#website\",\"url\":\"https:\/\/www.suno.com.br\/noticias\/\",\"name\":\"Suno Not\u00edcias\",\"description\":\"Seu portal de informa\u00e7\u00e3o sobre o mundo dos investimentos\",\"publisher\":{\"@id\":\"https:\/\/www.suno.com.br\/noticias\/#organization\"},\"potentialAction\":[{\"@type\":\"SearchAction\",\"target\":{\"@type\":\"EntryPoint\",\"urlTemplate\":\"https:\/\/www.suno.com.br\/noticias\/?s={search_term_string}\"},\"query-input\":{\"@type\":\"PropertyValueSpecification\",\"valueRequired\":true,\"valueName\":\"search_term_string\"}}],\"inLanguage\":\"pt-BR\"},{\"@type\":\"Organization\",\"@id\":\"https:\/\/www.suno.com.br\/noticias\/#organization\",\"name\":\"Suno Not\u00edcias\",\"url\":\"https:\/\/www.suno.com.br\/noticias\/\",\"logo\":{\"@type\":\"ImageObject\",\"inLanguage\":\"pt-BR\",\"@id\":\"https:\/\/www.suno.com.br\/noticias\/#\/schema\/logo\/image\/\",\"url\":\"https:\/\/files.sunoresearch.com.br\/n\/uploads\/2021\/09\/suno-logo.png\",\"contentUrl\":\"https:\/\/files.sunoresearch.com.br\/n\/uploads\/2021\/09\/suno-logo.png\",\"width\":180,\"height\":180,\"caption\":\"Suno Not\u00edcias\"},\"image\":{\"@id\":\"https:\/\/www.suno.com.br\/noticias\/#\/schema\/logo\/image\/\"},\"sameAs\":[\"https:\/\/facebook.com\/sunoresearch\",\"https:\/\/x.com\/sunoresearch\",\"https:\/\/www.instagram.com\/suno\",\"https:\/\/www.linkedin.com\/company\/suno-research\/\",\"https:\/\/www.youtube.com\/c\/sunoresearch\"]},{\"@type\":\"Person\",\"@id\":\"https:\/\/www.suno.com.br\/noticias\/#\/schema\/person\/098743caeed97b37f51315c9576c4078\",\"name\":\"Rafael Lara\",\"image\":{\"@type\":\"ImageObject\",\"inLanguage\":\"pt-BR\",\"@id\":\"https:\/\/www.suno.com.br\/noticias\/#\/schema\/person\/image\/\",\"url\":\"https:\/\/secure.gravatar.com\/avatar\/dfc254ab9bb2ea1895d98b9e9dae4bdd?s=96&r=g\",\"contentUrl\":\"https:\/\/secure.gravatar.com\/avatar\/dfc254ab9bb2ea1895d98b9e9dae4bdd?s=96&r=g\",\"caption\":\"Rafael Lara\"},\"description\":\"Rafael Lara cursa jornalismo na Faculdade C\u00e1sper L\u00edbero. Escreve sobre pol\u00edtica, economia e neg\u00f3cios para o portal Suno Not\u00edcias. Antes, colaborou na TV Gazeta na produ\u00e7\u00e3o do programa Edi\u00e7\u00e3o Extra.\",\"url\":\"https:\/\/www.suno.com.br\/noticias\/author\/rafael\/\"}]}<\/script>\n<!-- \/ Yoast SEO plugin. -->","yoast_head_json":{"title":"Ibovespa fecha em alta de 0,61% com queda do desemprego no Brasil","description":"O Ibovespa fechou em alta impulsionado pela queda do desemprego no Brasil para 11,8%, caindo pelo quarto m\u00eas seguido. Clique para mais.","robots":{"index":"index","follow":"follow","max-snippet":"max-snippet:-1","max-image-preview":"max-image-preview:large","max-video-preview":"max-video-preview:-1"},"canonical":"https:\/\/www.suno.com.br\/noticias\/ibovespa-fecha-alta-061-queda-desemprego-brasil-30082019\/","og_locale":"pt_BR","og_type":"article","og_title":"Ibovespa fecha em alta de 0,61% com queda do desemprego no Brasil","og_description":"O Ibovespa fechou em alta impulsionado pela queda do desemprego no Brasil para 11,8%, caindo pelo quarto m\u00eas seguido. Clique para mais.","og_url":"https:\/\/www.suno.com.br\/noticias\/ibovespa-fecha-alta-061-queda-desemprego-brasil-30082019\/","og_site_name":"Suno Not\u00edcias","article_publisher":"https:\/\/facebook.com\/sunoresearch","og_image":[{"width":960,"height":400,"url":"https:\/\/files.sunoresearch.com.br\/n\/uploads\/2018\/12\/90955461-ibovespa.jpg","type":"image\/jpeg"}],"author":"Rafael Lara","twitter_card":"summary_large_image","twitter_creator":"@sunoresearch","twitter_site":"@sunoresearch","twitter_misc":{"Escrito por":"Rafael Lara","Est. tempo de leitura":"3 minutos"},"schema":{"@context":"https:\/\/schema.org","@graph":[{"@type":"NewsArticle","@id":"https:\/\/www.suno.com.br\/noticias\/ibovespa-fecha-alta-061-queda-desemprego-brasil-30082019\/#article","isPartOf":{"@id":"https:\/\/www.suno.com.br\/noticias\/ibovespa-fecha-alta-061-queda-desemprego-brasil-30082019\/"},"author":{"name":"Rafael Lara","@id":"https:\/\/www.suno.com.br\/noticias\/#\/schema\/person\/098743caeed97b37f51315c9576c4078"},"headline":"Ibovespa fecha em alta de 0,61% com queda do desemprego no Brasil","datePublished":"2019-08-30T21:06:39+00:00","dateModified":"2019-08-30T23:17:04+00:00","mainEntityOfPage":{"@id":"https:\/\/www.suno.com.br\/noticias\/ibovespa-fecha-alta-061-queda-desemprego-brasil-30082019\/"},"wordCount":667,"publisher":{"@id":"https:\/\/www.suno.com.br\/noticias\/#organization"},"image":{"@id":"https:\/\/www.suno.com.br\/noticias\/ibovespa-fecha-alta-061-queda-desemprego-brasil-30082019\/#primaryimage"},"thumbnailUrl":"https:\/\/files.sunoresearch.com.br\/n\/uploads\/2018\/12\/90955461-ibovespa-jpg.webp","keywords":["Bradesco (BBDC3\/BBDC4)","Cemig (CMIG3\/CMIG4)","IBGE","Ibovespa","Oi (OIBR3\/OIBR4)"],"articleSection":["Mercado"],"inLanguage":"pt-BR"},{"@type":"WebPage","@id":"https:\/\/www.suno.com.br\/noticias\/ibovespa-fecha-alta-061-queda-desemprego-brasil-30082019\/","url":"https:\/\/www.suno.com.br\/noticias\/ibovespa-fecha-alta-061-queda-desemprego-brasil-30082019\/","name":"Ibovespa fecha em alta de 0,61% com queda do desemprego no Brasil","isPartOf":{"@id":"https:\/\/www.suno.com.br\/noticias\/#website"},"primaryImageOfPage":{"@id":"https:\/\/www.suno.com.br\/noticias\/ibovespa-fecha-alta-061-queda-desemprego-brasil-30082019\/#primaryimage"},"image":{"@id":"https:\/\/www.suno.com.br\/noticias\/ibovespa-fecha-alta-061-queda-desemprego-brasil-30082019\/#primaryimage"},"thumbnailUrl":"https:\/\/files.sunoresearch.com.br\/n\/uploads\/2018\/12\/90955461-ibovespa-jpg.webp","datePublished":"2019-08-30T21:06:39+00:00","dateModified":"2019-08-30T23:17:04+00:00","description":"O Ibovespa fechou em alta impulsionado pela queda do desemprego no Brasil para 11,8%, caindo pelo quarto m\u00eas seguido. Clique para mais.","breadcrumb":{"@id":"https:\/\/www.suno.com.br\/noticias\/ibovespa-fecha-alta-061-queda-desemprego-brasil-30082019\/#breadcrumb"},"inLanguage":"pt-BR","potentialAction":[{"@type":"ReadAction","target":["https:\/\/www.suno.com.br\/noticias\/ibovespa-fecha-alta-061-queda-desemprego-brasil-30082019\/"]}]},{"@type":"ImageObject","inLanguage":"pt-BR","@id":"https:\/\/www.suno.com.br\/noticias\/ibovespa-fecha-alta-061-queda-desemprego-brasil-30082019\/#primaryimage","url":"https:\/\/files.sunoresearch.com.br\/n\/uploads\/2018\/12\/90955461-ibovespa-jpg.webp","contentUrl":"https:\/\/files.sunoresearch.com.br\/n\/uploads\/2018\/12\/90955461-ibovespa-jpg.webp","width":960,"height":400,"caption":"O Ibovespa iniciou essa quinta-feira (6) em leve alta com as assuntos nacionais no radar."},{"@type":"BreadcrumbList","@id":"https:\/\/www.suno.com.br\/noticias\/ibovespa-fecha-alta-061-queda-desemprego-brasil-30082019\/#breadcrumb","itemListElement":[{"@type":"ListItem","position":1,"name":"Not\u00edcias","item":"https:\/\/www.suno.com.br\/noticias\/"},{"@type":"ListItem","position":2,"name":"Mercado","item":"https:\/\/www.suno.com.br\/noticias\/mercado\/"},{"@type":"ListItem","position":3,"name":"Ibovespa fecha em alta de 0,61% com queda do desemprego no Brasil"}]},{"@type":"WebSite","@id":"https:\/\/www.suno.com.br\/noticias\/#website","url":"https:\/\/www.suno.com.br\/noticias\/","name":"Suno Not\u00edcias","description":"Seu portal de informa\u00e7\u00e3o sobre o mundo dos investimentos","publisher":{"@id":"https:\/\/www.suno.com.br\/noticias\/#organization"},"potentialAction":[{"@type":"SearchAction","target":{"@type":"EntryPoint","urlTemplate":"https:\/\/www.suno.com.br\/noticias\/?s={search_term_string}"},"query-input":{"@type":"PropertyValueSpecification","valueRequired":true,"valueName":"search_term_string"}}],"inLanguage":"pt-BR"},{"@type":"Organization","@id":"https:\/\/www.suno.com.br\/noticias\/#organization","name":"Suno Not\u00edcias","url":"https:\/\/www.suno.com.br\/noticias\/","logo":{"@type":"ImageObject","inLanguage":"pt-BR","@id":"https:\/\/www.suno.com.br\/noticias\/#\/schema\/logo\/image\/","url":"https:\/\/files.sunoresearch.com.br\/n\/uploads\/2021\/09\/suno-logo.png","contentUrl":"https:\/\/files.sunoresearch.com.br\/n\/uploads\/2021\/09\/suno-logo.png","width":180,"height":180,"caption":"Suno Not\u00edcias"},"image":{"@id":"https:\/\/www.suno.com.br\/noticias\/#\/schema\/logo\/image\/"},"sameAs":["https:\/\/facebook.com\/sunoresearch","https:\/\/x.com\/sunoresearch","https:\/\/www.instagram.com\/suno","https:\/\/www.linkedin.com\/company\/suno-research\/","https:\/\/www.youtube.com\/c\/sunoresearch"]},{"@type":"Person","@id":"https:\/\/www.suno.com.br\/noticias\/#\/schema\/person\/098743caeed97b37f51315c9576c4078","name":"Rafael Lara","image":{"@type":"ImageObject","inLanguage":"pt-BR","@id":"https:\/\/www.suno.com.br\/noticias\/#\/schema\/person\/image\/","url":"https:\/\/secure.gravatar.com\/avatar\/dfc254ab9bb2ea1895d98b9e9dae4bdd?s=96&r=g","contentUrl":"https:\/\/secure.gravatar.com\/avatar\/dfc254ab9bb2ea1895d98b9e9dae4bdd?s=96&r=g","caption":"Rafael Lara"},"description":"Rafael Lara cursa jornalismo na Faculdade C\u00e1sper L\u00edbero. Escreve sobre pol\u00edtica, economia e neg\u00f3cios para o portal Suno Not\u00edcias. Antes, colaborou na TV Gazeta na produ\u00e7\u00e3o do programa Edi\u00e7\u00e3o Extra.","url":"https:\/\/www.suno.com.br\/noticias\/author\/rafael\/"}]}},"default_loop_html":"<div class=\"cardsPage__listCard__boxs\"><div class=\"cardsPage__listCard__boxs__img\"><a href=\"https:\/\/www.suno.com.br\/noticias\/ibovespa-fecha-alta-061-queda-desemprego-brasil-30082019\/\"><img class=\"mask\" src=\"https:\/\/www.suno.com.br\/noticias\/wp-content\/themes\/suno\/resources\/images\/spotlight\/spotlight1img\/bg-mask.png\" alt=\"Image Mask\"\/><img src=\"https:\/\/files.sunoresearch.com.br\/n\/uploads\/2018\/12\/90955461-ibovespa-400x200.webp\" alt=\"Ibovespa fecha em alta de 0,61% com queda do desemprego no Brasil\"\/><\/a><span class=\"spotlightCategory\"><a href=\"https:\/\/www.suno.com.br\/noticias\/mercado\/\">Mercado<\/a><\/span><\/div><div class=\"cardsPage__listCard__boxs__content\"><a href=\"https:\/\/www.suno.com.br\/noticias\/ibovespa-fecha-alta-061-queda-desemprego-brasil-30082019\/\"><h2 class=\"content__title\">Ibovespa fecha em alta de 0,61% com queda do desemprego no Brasil<\/h2><\/a><div class=\"newsContent__article__meta\"><div class=\"newsContent__article__meta__authorBox\"><a href=\"https:\/\/www.suno.com.br\/noticias\/author\/rafael\/\" class=\"authorBox__avatar noMobi\"><img src=\"https:\/\/secure.gravatar.com\/avatar\/dfc254ab9bb2ea1895d98b9e9dae4bdd?s=96&#038;r=g\" alt=\"Rafael Lara\"><\/a><div class=\"authorBox__name\"><span>por\n\t\t\t<a href=\"https:\/\/www.suno.com.br\/noticias\/author\/rafael\/\"><span itemprop=\"author\">Rafael Lara<\/span><\/a><\/span><time datetime=\"2019-08-30T18:06:39-03:00\" itemprop=\"datePublished\">30\/08\/2019 18:06<\/time><\/div><\/div><\/div><\/div><\/div>","single_layout":"posts","amp_enabled":true,"_links":{"self":[{"href":"https:\/\/www.suno.com.br\/noticias\/wp-json\/wp\/v2\/posts\/35989"}],"collection":[{"href":"https:\/\/www.suno.com.br\/noticias\/wp-json\/wp\/v2\/posts"}],"about":[{"href":"https:\/\/www.suno.com.br\/noticias\/wp-json\/wp\/v2\/types\/post"}],"author":[{"embeddable":true,"href":"https:\/\/www.suno.com.br\/noticias\/wp-json\/wp\/v2\/users\/23"}],"replies":[{"embeddable":true,"href":"https:\/\/www.suno.com.br\/noticias\/wp-json\/wp\/v2\/comments?post=35989"}],"version-history":[{"count":0,"href":"https:\/\/www.suno.com.br\/noticias\/wp-json\/wp\/v2\/posts\/35989\/revisions"}],"wp:featuredmedia":[{"embeddable":true,"href":"https:\/\/www.suno.com.br\/noticias\/wp-json\/wp\/v2\/media\/8393"}],"wp:attachment":[{"href":"https:\/\/www.suno.com.br\/noticias\/wp-json\/wp\/v2\/media?parent=35989"}],"wp:term":[{"taxonomy":"category","embeddable":true,"href":"https:\/\/www.suno.com.br\/noticias\/wp-json\/wp\/v2\/categories?post=35989"},{"taxonomy":"post_tag","embeddable":true,"href":"https:\/\/www.suno.com.br\/noticias\/wp-json\/wp\/v2\/tags?post=35989"},{"taxonomy":"suno_strategy","embeddable":true,"href":"https:\/\/www.suno.com.br\/noticias\/wp-json\/wp\/v2\/suno_strategy?post=35989"}],"curies":[{"name":"wp","href":"https:\/\/api.w.org\/{rel}","templated":true}]}}