{"id":35980,"date":"2019-08-30T16:58:28","date_gmt":"2019-08-30T19:58:28","guid":{"rendered":"https:\/\/www.suno.com.br\/noticias\/?p=35980"},"modified":"2019-08-30T20:02:47","modified_gmt":"2019-08-30T23:02:47","slug":"sp-anuncia-elevacao-rating-argentina-sd-ccc","status":"publish","type":"post","link":"https:\/\/www.suno.com.br\/noticias\/sp-anuncia-elevacao-rating-argentina-sd-ccc\/","title":{"rendered":"S&#038;P rev\u00ea rating da Argentina de &#8220;SD&#8221; para &#8220;CCC-&#8220;"},"content":{"rendered":"<p>Nesta sexta-feira (30) a ag\u00eancia de classifica\u00e7\u00e3o de risco, <strong>S&amp;P Global Ratings<\/strong> (S&amp;PGR), revisou positivamente o rating da Argentina. A nota de cr\u00e9dito a longo prazo do pa\u00eds vizinho, passou de &#8220;SD&#8221; para &#8220;CCC-&#8221; com perspectiva negativa.<\/p>\t<div class=\"wrapper-featured-image\">\n\t\t<figure class=\"spotlightImg\">\n\n\t\t\t<picture>\n\t\t\t\t<source media=\"(max-width: 768px)\" srcset=\"https:\/\/files.sunoresearch.com.br\/n\/uploads\/2019\/08\/57ff3775-argentina-400x200.webp\">\n\t\t\t\t<img loading=\"lazy\" decoding=\"async\" class=\"newsContent__article__imgCapa lazyloadDisabled newsContent__article__imgCapa--noCaption\" src=\"https:\/\/files.sunoresearch.com.br\/n\/uploads\/2019\/08\/57ff3775-argentina-800x450.webp\" width=\"800\" height=\"450\" alt=\"S&#038;P rev\u00ea rating da Argentina de &#8220;SD&#8221; para &#8220;CCC-&#8220;\" fetchpriority=high \/>\n\t\t\t<\/picture>\n\n\t\t\t<figcaption class=\"wp-caption-text wp-caption-text--hide\">Argentina pode dar calote nas pr\u00f3ximas 24 horas; entenda<\/figcaption>\n\t\t<\/figure>\n\t<\/div>\n\n\n<p>A medida volta atr\u00e1s \u00e0 anunciada na \u00faltima quinta-feira (29), em que a ag\u00eancia havia rebaixado o rating da <strong>Argentina<\/strong> de &#8220;B-&#8221; para &#8220;SD&#8221;. O grau \u00e0 curto prazo tamb\u00e9m foi elevado, passando de &#8220;SD&#8221; para &#8220;C&#8221;, nesta sexta.<\/p>\n\n<p>Para a ag\u00eancia, a morat\u00f3ria decretada na \u00faltima quarta-feira (30) pelo pa\u00eds sobre \u00e0 d\u00edvida do <a href=\"https:\/\/www.suno.com.br\/artigos\/fmi\/\">Fundo Monet\u00e1rio Internacional (<strong>FMI<\/strong>)<\/a> constitu\u00eda um <strong>default<\/strong> seguindo os crit\u00e9rios da S&amp;PGR, o que justificaria o rebaixamento. O montante de US$ 56 bilh\u00f5es deveria inciar a ser devolvido do final de 2019 at\u00e9 2021.<\/p>\n<p>Entretanto, a emenda de termos e condi\u00e7\u00f5es, que entrou em efeito imediatamente, teria resolvido o problema do default e feito com que a S&amp;P revisasse o rating do pa\u00eds vizinho, enquanto a nota de cr\u00e9dito continuar\u00e1 com a\u00a0 perspectiva negativa.<\/p>\n<p><a href=\"https:\/\/www.suno.com.br\/noticias\/argentina-requisita-moratoria-vencimentos-divida-fmi\/\">Confira Tamb\u00e9m: Pacote de 4 medidas para a extens\u00e3o da d\u00edvida da Argentina<\/a><\/p>\n<p>Al\u00e9m disso, o fato da administra\u00e7\u00e3o de <strong>Macri<\/strong> estar encaminhando uma legisla\u00e7\u00e3o para reestruturar o perfil da d\u00edvida comercial de longo prazo ao FMI faz com que os riscos de um poss\u00edvel default se elevem mas sejam reclassificados para &#8220;CCC-&#8220;.<\/p>\n\t<p>\n\t\t<a href=\"https:\/\/lp.suno.com.br\/ebook-como-analisar-uma-acao\/\" target=\"_blank\" data-element=\"shortcode-suno-banner\" title=\"Banner SUNO, clique e saiba mais\">\n\t\t\t<picture>\n\t\t\t\t<source media=\"(max-width: 500px)\" srcset=\"https:\/\/files.sunoresearch.com.br\/n\/uploads\/2023\/12\/Ebook-Acoes-Mobile.jpg\">\n\t\t\t\t<img class=\"newsContent__article__imgCapa newsContent__article__imgCapa--banner\"\n\t\t\t\t\tsrc=\"https:\/\/files.sunoresearch.com.br\/n\/uploads\/2023\/12\/Ebook-Acoes-Desktop.webp\"\n\t\t\t\t\tdata-promo-id=\"311260\"\t\t\t\t\t\t\t\t\t\twidth='1420' height='286'\t\t\t\t\talt=\"https:\/\/files.sunoresearch.com.br\/n\/uploads\/2023\/12\/Ebook-Acoes-Desktop.webp\"\n\t\t\t\t>\n\t\t\t<\/picture>\n\t\t<\/a>\n\t<\/p>\n\n\n<p>Segundo a ag\u00eancia a perspectiva negativa \u00e9 reflexo do risco de que as turbul\u00eancias no mercado financeiro, e no \u00e2mbito pol\u00edtico, possam comprometer o pagamento da d\u00edvida pelo atual governo e pelo pr\u00f3ximo.<\/p>\n<h2>Downgrade da Argentina de &#8220;B-&#8221; para &#8220;SD&#8221;<\/h2>\n<p>A <strong>S&amp;P<\/strong> havia rebaixado na \u00faltima quinta-feira (29) o rating da Argentina. A nota sobre a d\u00edvida soberana do pa\u00eds vizinho passou de B- para SD (default seletivo).<\/p>\n<p><a href=\"https:\/\/www.suno.com.br\/noticias\/sp-rebaixa-rating-argentina-default\/\">Saiba mais: S&amp;P rebaixa rating da Argentina para default seletivo<\/a><\/p>\n<p>Segundo o ministro da Fazenda do pa\u00eds vizinho<strong>,<\/strong> Hern\u00e1n Lacunza, a &#8220;Argentina prop\u00f4s [ao FMI] iniciar o di\u00e1logo para reperfilar os vencimentos da d\u00edvida&#8221;.<\/p>\n<h2>Fundos de investimento do pa\u00eds vizinho tem saques bloqueados<\/h2>\n<p>Na \u00faltima quinta-feira (29), o presidente <strong>Macri,<\/strong> anunciou que investidores de t\u00edtulos locais precisariam aceitar vencimentos mais longos. Esta seria parte de uma s\u00e9rie de medidas destinadas a estancar as sa\u00eddas de capital e controlar o peso em meio \u00e0 crise financeira.<\/p>\n<p><a href=\"https:\/\/www.suno.com.br\/noticias\/argentina-fundos-de-investimento-tem-saques-bloqueados\/\">Saiba mais: Argentina: fundos de investimento tem saques bloqueados<\/a><\/p>\n<p>A corrida pelos saques foi t\u00e3o intensa que alguns &#8216;fundos m\u00fatuos&#8217; da <strong>Argentina<\/strong> suspenderam temporariamente as retiradas.<\/p>\n","protected":false},"excerpt":{"rendered":"<p>Nesta sexta-feira (30) a ag\u00eancia de classifica\u00e7\u00e3o de risco, S&amp;P Global Ratings (S&amp;PGR), revisou positivamente o rating da Argentina. A nota de cr\u00e9dito a longo prazo do pa\u00eds vizinho, passou de &#8220;SD&#8221; para &#8220;CCC-&#8221; com perspectiva negativa. Argentina pode dar calote nas pr\u00f3ximas 24 horas; entenda A medida volta atr\u00e1s \u00e0 anunciada na \u00faltima quinta-feira [&hellip;]<\/p>\n","protected":false},"author":23,"featured_media":35956,"comment_status":"closed","ping_status":"closed","sticky":false,"template":"","format":"standard","meta":[],"categories":[63],"tags":[699,1034,806,987],"suno_strategy":[],"class_list":["post-35980","post","type-post","status-publish","format-standard","has-post-thumbnail","hentry","category-internacional","tag-argentina","tag-classificacao-de-risco-rating","tag-fundo-monetario-internacional-fmi","tag-mauricio-macri"],"yoast_head":"<!-- This site is optimized with the Yoast SEO plugin v24.4 - https:\/\/yoast.com\/wordpress\/plugins\/seo\/ -->\n<title>S&amp;P anuncia eleva\u00e7\u00e3o do rating da Argentina de &quot;SD&quot; para &quot;CCC-&quot;<\/title>\n<meta name=\"description\" content=\"A S&amp;P Global Ratings mudou positivamente o rating de cr\u00e9dito da Argentina a longo prazo, passando de &quot;SD&quot; para &quot;CCC-&quot;. Clique para mais.\" \/>\n<meta name=\"robots\" content=\"index, follow, max-snippet:-1, max-image-preview:large, max-video-preview:-1\" \/>\n<link rel=\"canonical\" href=\"https:\/\/www.suno.com.br\/noticias\/sp-anuncia-elevacao-rating-argentina-sd-ccc\/\" \/>\n<meta property=\"og:locale\" content=\"pt_BR\" \/>\n<meta property=\"og:type\" content=\"article\" \/>\n<meta property=\"og:title\" content=\"S&amp;P anuncia eleva\u00e7\u00e3o do rating da Argentina de &quot;SD&quot; para &quot;CCC-&quot;\" \/>\n<meta property=\"og:description\" content=\"A S&amp;P Global Ratings mudou positivamente o rating de cr\u00e9dito da Argentina a longo prazo, passando de &quot;SD&quot; para &quot;CCC-&quot;. Clique para mais.\" \/>\n<meta property=\"og:url\" content=\"https:\/\/www.suno.com.br\/noticias\/sp-anuncia-elevacao-rating-argentina-sd-ccc\/\" \/>\n<meta property=\"og:site_name\" content=\"Suno Not\u00edcias\" \/>\n<meta property=\"article:publisher\" content=\"https:\/\/facebook.com\/sunoresearch\" \/>\n<meta property=\"og:image\" content=\"https:\/\/files.sunoresearch.com.br\/n\/uploads\/2019\/08\/57ff3775-argentina.jpg\" \/>\n\t<meta property=\"og:image:width\" content=\"2560\" \/>\n\t<meta property=\"og:image:height\" content=\"1683\" \/>\n\t<meta property=\"og:image:type\" content=\"image\/jpeg\" \/>\n<meta name=\"author\" content=\"Rafael Lara\" \/>\n<meta name=\"twitter:card\" content=\"summary_large_image\" \/>\n<meta name=\"twitter:creator\" content=\"@sunoresearch\" \/>\n<meta name=\"twitter:site\" content=\"@sunoresearch\" \/>\n<meta name=\"twitter:label1\" content=\"Escrito por\" \/>\n\t<meta name=\"twitter:data1\" content=\"Rafael Lara\" \/>\n\t<meta name=\"twitter:label2\" content=\"Est. tempo de leitura\" \/>\n\t<meta name=\"twitter:data2\" content=\"2 minutos\" \/>\n<script type=\"application\/ld+json\" class=\"yoast-schema-graph\">{\"@context\":\"https:\/\/schema.org\",\"@graph\":[{\"@type\":\"NewsArticle\",\"@id\":\"https:\/\/www.suno.com.br\/noticias\/sp-anuncia-elevacao-rating-argentina-sd-ccc\/#article\",\"isPartOf\":{\"@id\":\"https:\/\/www.suno.com.br\/noticias\/sp-anuncia-elevacao-rating-argentina-sd-ccc\/\"},\"author\":{\"name\":\"Rafael Lara\",\"@id\":\"https:\/\/www.suno.com.br\/noticias\/#\/schema\/person\/098743caeed97b37f51315c9576c4078\"},\"headline\":\"S&#038;P rev\u00ea rating da Argentina de &#8220;SD&#8221; para &#8220;CCC-&#8220;\",\"datePublished\":\"2019-08-30T19:58:28+00:00\",\"dateModified\":\"2019-08-30T23:02:47+00:00\",\"mainEntityOfPage\":{\"@id\":\"https:\/\/www.suno.com.br\/noticias\/sp-anuncia-elevacao-rating-argentina-sd-ccc\/\"},\"wordCount\":455,\"publisher\":{\"@id\":\"https:\/\/www.suno.com.br\/noticias\/#organization\"},\"image\":{\"@id\":\"https:\/\/www.suno.com.br\/noticias\/sp-anuncia-elevacao-rating-argentina-sd-ccc\/#primaryimage\"},\"thumbnailUrl\":\"https:\/\/files.sunoresearch.com.br\/n\/uploads\/2019\/08\/57ff3775-argentina-jpg.webp\",\"keywords\":[\"Argentina\",\"Classifica\u00e7\u00e3o de Risco (Rating)\",\"Fundo Monet\u00e1rio Internacional (FMI)\",\"Mauricio Macri\"],\"articleSection\":[\"Internacional\"],\"inLanguage\":\"pt-BR\"},{\"@type\":\"WebPage\",\"@id\":\"https:\/\/www.suno.com.br\/noticias\/sp-anuncia-elevacao-rating-argentina-sd-ccc\/\",\"url\":\"https:\/\/www.suno.com.br\/noticias\/sp-anuncia-elevacao-rating-argentina-sd-ccc\/\",\"name\":\"S&P anuncia eleva\u00e7\u00e3o do rating da Argentina de \\\"SD\\\" para \\\"CCC-\\\"\",\"isPartOf\":{\"@id\":\"https:\/\/www.suno.com.br\/noticias\/#website\"},\"primaryImageOfPage\":{\"@id\":\"https:\/\/www.suno.com.br\/noticias\/sp-anuncia-elevacao-rating-argentina-sd-ccc\/#primaryimage\"},\"image\":{\"@id\":\"https:\/\/www.suno.com.br\/noticias\/sp-anuncia-elevacao-rating-argentina-sd-ccc\/#primaryimage\"},\"thumbnailUrl\":\"https:\/\/files.sunoresearch.com.br\/n\/uploads\/2019\/08\/57ff3775-argentina-jpg.webp\",\"datePublished\":\"2019-08-30T19:58:28+00:00\",\"dateModified\":\"2019-08-30T23:02:47+00:00\",\"description\":\"A S&P Global Ratings mudou positivamente o rating de cr\u00e9dito da Argentina a longo prazo, passando de \\\"SD\\\" para \\\"CCC-\\\". Clique para mais.\",\"breadcrumb\":{\"@id\":\"https:\/\/www.suno.com.br\/noticias\/sp-anuncia-elevacao-rating-argentina-sd-ccc\/#breadcrumb\"},\"inLanguage\":\"pt-BR\",\"potentialAction\":[{\"@type\":\"ReadAction\",\"target\":[\"https:\/\/www.suno.com.br\/noticias\/sp-anuncia-elevacao-rating-argentina-sd-ccc\/\"]}]},{\"@type\":\"ImageObject\",\"inLanguage\":\"pt-BR\",\"@id\":\"https:\/\/www.suno.com.br\/noticias\/sp-anuncia-elevacao-rating-argentina-sd-ccc\/#primaryimage\",\"url\":\"https:\/\/files.sunoresearch.com.br\/n\/uploads\/2019\/08\/57ff3775-argentina-jpg.webp\",\"contentUrl\":\"https:\/\/files.sunoresearch.com.br\/n\/uploads\/2019\/08\/57ff3775-argentina-jpg.webp\",\"width\":2560,\"height\":1683,\"caption\":\"Argentina pode dar calote nas pr\u00f3ximas 24 horas; entenda\"},{\"@type\":\"BreadcrumbList\",\"@id\":\"https:\/\/www.suno.com.br\/noticias\/sp-anuncia-elevacao-rating-argentina-sd-ccc\/#breadcrumb\",\"itemListElement\":[{\"@type\":\"ListItem\",\"position\":1,\"name\":\"Not\u00edcias\",\"item\":\"https:\/\/www.suno.com.br\/noticias\/\"},{\"@type\":\"ListItem\",\"position\":2,\"name\":\"Internacional\",\"item\":\"https:\/\/www.suno.com.br\/noticias\/internacional\/\"},{\"@type\":\"ListItem\",\"position\":3,\"name\":\"S&#038;P rev\u00ea rating da Argentina de &#8220;SD&#8221; para &#8220;CCC-&#8220;\"}]},{\"@type\":\"WebSite\",\"@id\":\"https:\/\/www.suno.com.br\/noticias\/#website\",\"url\":\"https:\/\/www.suno.com.br\/noticias\/\",\"name\":\"Suno Not\u00edcias\",\"description\":\"Seu portal de informa\u00e7\u00e3o sobre o mundo dos investimentos\",\"publisher\":{\"@id\":\"https:\/\/www.suno.com.br\/noticias\/#organization\"},\"potentialAction\":[{\"@type\":\"SearchAction\",\"target\":{\"@type\":\"EntryPoint\",\"urlTemplate\":\"https:\/\/www.suno.com.br\/noticias\/?s={search_term_string}\"},\"query-input\":{\"@type\":\"PropertyValueSpecification\",\"valueRequired\":true,\"valueName\":\"search_term_string\"}}],\"inLanguage\":\"pt-BR\"},{\"@type\":\"Organization\",\"@id\":\"https:\/\/www.suno.com.br\/noticias\/#organization\",\"name\":\"Suno Not\u00edcias\",\"url\":\"https:\/\/www.suno.com.br\/noticias\/\",\"logo\":{\"@type\":\"ImageObject\",\"inLanguage\":\"pt-BR\",\"@id\":\"https:\/\/www.suno.com.br\/noticias\/#\/schema\/logo\/image\/\",\"url\":\"https:\/\/files.sunoresearch.com.br\/n\/uploads\/2021\/09\/suno-logo.png\",\"contentUrl\":\"https:\/\/files.sunoresearch.com.br\/n\/uploads\/2021\/09\/suno-logo.png\",\"width\":180,\"height\":180,\"caption\":\"Suno Not\u00edcias\"},\"image\":{\"@id\":\"https:\/\/www.suno.com.br\/noticias\/#\/schema\/logo\/image\/\"},\"sameAs\":[\"https:\/\/facebook.com\/sunoresearch\",\"https:\/\/x.com\/sunoresearch\",\"https:\/\/www.instagram.com\/suno\",\"https:\/\/www.linkedin.com\/company\/suno-research\/\",\"https:\/\/www.youtube.com\/c\/sunoresearch\"]},{\"@type\":\"Person\",\"@id\":\"https:\/\/www.suno.com.br\/noticias\/#\/schema\/person\/098743caeed97b37f51315c9576c4078\",\"name\":\"Rafael Lara\",\"image\":{\"@type\":\"ImageObject\",\"inLanguage\":\"pt-BR\",\"@id\":\"https:\/\/www.suno.com.br\/noticias\/#\/schema\/person\/image\/\",\"url\":\"https:\/\/secure.gravatar.com\/avatar\/dfc254ab9bb2ea1895d98b9e9dae4bdd?s=96&r=g\",\"contentUrl\":\"https:\/\/secure.gravatar.com\/avatar\/dfc254ab9bb2ea1895d98b9e9dae4bdd?s=96&r=g\",\"caption\":\"Rafael Lara\"},\"description\":\"Rafael Lara cursa jornalismo na Faculdade C\u00e1sper L\u00edbero. Escreve sobre pol\u00edtica, economia e neg\u00f3cios para o portal Suno Not\u00edcias. Antes, colaborou na TV Gazeta na produ\u00e7\u00e3o do programa Edi\u00e7\u00e3o Extra.\",\"url\":\"https:\/\/www.suno.com.br\/noticias\/author\/rafael\/\"}]}<\/script>\n<!-- \/ Yoast SEO plugin. -->","yoast_head_json":{"title":"S&P anuncia eleva\u00e7\u00e3o do rating da Argentina de \"SD\" para \"CCC-\"","description":"A S&P Global Ratings mudou positivamente o rating de cr\u00e9dito da Argentina a longo prazo, passando de \"SD\" para \"CCC-\". Clique para mais.","robots":{"index":"index","follow":"follow","max-snippet":"max-snippet:-1","max-image-preview":"max-image-preview:large","max-video-preview":"max-video-preview:-1"},"canonical":"https:\/\/www.suno.com.br\/noticias\/sp-anuncia-elevacao-rating-argentina-sd-ccc\/","og_locale":"pt_BR","og_type":"article","og_title":"S&P anuncia eleva\u00e7\u00e3o do rating da Argentina de \"SD\" para \"CCC-\"","og_description":"A S&P Global Ratings mudou positivamente o rating de cr\u00e9dito da Argentina a longo prazo, passando de \"SD\" para \"CCC-\". Clique para mais.","og_url":"https:\/\/www.suno.com.br\/noticias\/sp-anuncia-elevacao-rating-argentina-sd-ccc\/","og_site_name":"Suno Not\u00edcias","article_publisher":"https:\/\/facebook.com\/sunoresearch","og_image":[{"width":2560,"height":1683,"url":"https:\/\/files.sunoresearch.com.br\/n\/uploads\/2019\/08\/57ff3775-argentina.jpg","type":"image\/jpeg"}],"author":"Rafael Lara","twitter_card":"summary_large_image","twitter_creator":"@sunoresearch","twitter_site":"@sunoresearch","twitter_misc":{"Escrito por":"Rafael Lara","Est. tempo de leitura":"2 minutos"},"schema":{"@context":"https:\/\/schema.org","@graph":[{"@type":"NewsArticle","@id":"https:\/\/www.suno.com.br\/noticias\/sp-anuncia-elevacao-rating-argentina-sd-ccc\/#article","isPartOf":{"@id":"https:\/\/www.suno.com.br\/noticias\/sp-anuncia-elevacao-rating-argentina-sd-ccc\/"},"author":{"name":"Rafael Lara","@id":"https:\/\/www.suno.com.br\/noticias\/#\/schema\/person\/098743caeed97b37f51315c9576c4078"},"headline":"S&#038;P rev\u00ea rating da Argentina de &#8220;SD&#8221; para &#8220;CCC-&#8220;","datePublished":"2019-08-30T19:58:28+00:00","dateModified":"2019-08-30T23:02:47+00:00","mainEntityOfPage":{"@id":"https:\/\/www.suno.com.br\/noticias\/sp-anuncia-elevacao-rating-argentina-sd-ccc\/"},"wordCount":455,"publisher":{"@id":"https:\/\/www.suno.com.br\/noticias\/#organization"},"image":{"@id":"https:\/\/www.suno.com.br\/noticias\/sp-anuncia-elevacao-rating-argentina-sd-ccc\/#primaryimage"},"thumbnailUrl":"https:\/\/files.sunoresearch.com.br\/n\/uploads\/2019\/08\/57ff3775-argentina-jpg.webp","keywords":["Argentina","Classifica\u00e7\u00e3o de Risco (Rating)","Fundo Monet\u00e1rio Internacional (FMI)","Mauricio Macri"],"articleSection":["Internacional"],"inLanguage":"pt-BR"},{"@type":"WebPage","@id":"https:\/\/www.suno.com.br\/noticias\/sp-anuncia-elevacao-rating-argentina-sd-ccc\/","url":"https:\/\/www.suno.com.br\/noticias\/sp-anuncia-elevacao-rating-argentina-sd-ccc\/","name":"S&P anuncia eleva\u00e7\u00e3o do rating da Argentina de \"SD\" para \"CCC-\"","isPartOf":{"@id":"https:\/\/www.suno.com.br\/noticias\/#website"},"primaryImageOfPage":{"@id":"https:\/\/www.suno.com.br\/noticias\/sp-anuncia-elevacao-rating-argentina-sd-ccc\/#primaryimage"},"image":{"@id":"https:\/\/www.suno.com.br\/noticias\/sp-anuncia-elevacao-rating-argentina-sd-ccc\/#primaryimage"},"thumbnailUrl":"https:\/\/files.sunoresearch.com.br\/n\/uploads\/2019\/08\/57ff3775-argentina-jpg.webp","datePublished":"2019-08-30T19:58:28+00:00","dateModified":"2019-08-30T23:02:47+00:00","description":"A S&P Global Ratings mudou positivamente o rating de cr\u00e9dito da Argentina a longo prazo, passando de \"SD\" para \"CCC-\". Clique para mais.","breadcrumb":{"@id":"https:\/\/www.suno.com.br\/noticias\/sp-anuncia-elevacao-rating-argentina-sd-ccc\/#breadcrumb"},"inLanguage":"pt-BR","potentialAction":[{"@type":"ReadAction","target":["https:\/\/www.suno.com.br\/noticias\/sp-anuncia-elevacao-rating-argentina-sd-ccc\/"]}]},{"@type":"ImageObject","inLanguage":"pt-BR","@id":"https:\/\/www.suno.com.br\/noticias\/sp-anuncia-elevacao-rating-argentina-sd-ccc\/#primaryimage","url":"https:\/\/files.sunoresearch.com.br\/n\/uploads\/2019\/08\/57ff3775-argentina-jpg.webp","contentUrl":"https:\/\/files.sunoresearch.com.br\/n\/uploads\/2019\/08\/57ff3775-argentina-jpg.webp","width":2560,"height":1683,"caption":"Argentina pode dar calote nas pr\u00f3ximas 24 horas; entenda"},{"@type":"BreadcrumbList","@id":"https:\/\/www.suno.com.br\/noticias\/sp-anuncia-elevacao-rating-argentina-sd-ccc\/#breadcrumb","itemListElement":[{"@type":"ListItem","position":1,"name":"Not\u00edcias","item":"https:\/\/www.suno.com.br\/noticias\/"},{"@type":"ListItem","position":2,"name":"Internacional","item":"https:\/\/www.suno.com.br\/noticias\/internacional\/"},{"@type":"ListItem","position":3,"name":"S&#038;P rev\u00ea rating da Argentina de &#8220;SD&#8221; para &#8220;CCC-&#8220;"}]},{"@type":"WebSite","@id":"https:\/\/www.suno.com.br\/noticias\/#website","url":"https:\/\/www.suno.com.br\/noticias\/","name":"Suno Not\u00edcias","description":"Seu portal de informa\u00e7\u00e3o sobre o mundo dos investimentos","publisher":{"@id":"https:\/\/www.suno.com.br\/noticias\/#organization"},"potentialAction":[{"@type":"SearchAction","target":{"@type":"EntryPoint","urlTemplate":"https:\/\/www.suno.com.br\/noticias\/?s={search_term_string}"},"query-input":{"@type":"PropertyValueSpecification","valueRequired":true,"valueName":"search_term_string"}}],"inLanguage":"pt-BR"},{"@type":"Organization","@id":"https:\/\/www.suno.com.br\/noticias\/#organization","name":"Suno Not\u00edcias","url":"https:\/\/www.suno.com.br\/noticias\/","logo":{"@type":"ImageObject","inLanguage":"pt-BR","@id":"https:\/\/www.suno.com.br\/noticias\/#\/schema\/logo\/image\/","url":"https:\/\/files.sunoresearch.com.br\/n\/uploads\/2021\/09\/suno-logo.png","contentUrl":"https:\/\/files.sunoresearch.com.br\/n\/uploads\/2021\/09\/suno-logo.png","width":180,"height":180,"caption":"Suno Not\u00edcias"},"image":{"@id":"https:\/\/www.suno.com.br\/noticias\/#\/schema\/logo\/image\/"},"sameAs":["https:\/\/facebook.com\/sunoresearch","https:\/\/x.com\/sunoresearch","https:\/\/www.instagram.com\/suno","https:\/\/www.linkedin.com\/company\/suno-research\/","https:\/\/www.youtube.com\/c\/sunoresearch"]},{"@type":"Person","@id":"https:\/\/www.suno.com.br\/noticias\/#\/schema\/person\/098743caeed97b37f51315c9576c4078","name":"Rafael Lara","image":{"@type":"ImageObject","inLanguage":"pt-BR","@id":"https:\/\/www.suno.com.br\/noticias\/#\/schema\/person\/image\/","url":"https:\/\/secure.gravatar.com\/avatar\/dfc254ab9bb2ea1895d98b9e9dae4bdd?s=96&r=g","contentUrl":"https:\/\/secure.gravatar.com\/avatar\/dfc254ab9bb2ea1895d98b9e9dae4bdd?s=96&r=g","caption":"Rafael Lara"},"description":"Rafael Lara cursa jornalismo na Faculdade C\u00e1sper L\u00edbero. Escreve sobre pol\u00edtica, economia e neg\u00f3cios para o portal Suno Not\u00edcias. Antes, colaborou na TV Gazeta na produ\u00e7\u00e3o do programa Edi\u00e7\u00e3o Extra.","url":"https:\/\/www.suno.com.br\/noticias\/author\/rafael\/"}]}},"default_loop_html":"<div class=\"cardsPage__listCard__boxs\"><div class=\"cardsPage__listCard__boxs__img\"><a href=\"https:\/\/www.suno.com.br\/noticias\/sp-anuncia-elevacao-rating-argentina-sd-ccc\/\"><img class=\"mask\" src=\"https:\/\/www.suno.com.br\/noticias\/wp-content\/themes\/suno\/resources\/images\/spotlight\/spotlight1img\/bg-mask.png\" alt=\"Image Mask\"\/><img src=\"https:\/\/files.sunoresearch.com.br\/n\/uploads\/2019\/08\/57ff3775-argentina-400x200.webp\" alt=\"S&#038;P rev\u00ea rating da Argentina de &#8220;SD&#8221; para &#8220;CCC-&#8220;\"\/><\/a><span class=\"spotlightCategory\"><a href=\"https:\/\/www.suno.com.br\/noticias\/internacional\/\">Internacional<\/a><\/span><\/div><div class=\"cardsPage__listCard__boxs__content\"><a href=\"https:\/\/www.suno.com.br\/noticias\/sp-anuncia-elevacao-rating-argentina-sd-ccc\/\"><h2 class=\"content__title\">S&#038;P rev\u00ea rating da Argentina de &#8220;SD&#8221; para &#8220;CCC-&#8220;<\/h2><\/a><div class=\"newsContent__article__meta\"><div class=\"newsContent__article__meta__authorBox\"><a href=\"https:\/\/www.suno.com.br\/noticias\/author\/rafael\/\" class=\"authorBox__avatar noMobi\"><img src=\"https:\/\/secure.gravatar.com\/avatar\/dfc254ab9bb2ea1895d98b9e9dae4bdd?s=96&#038;r=g\" alt=\"Rafael Lara\"><\/a><div class=\"authorBox__name\"><span>por\n\t\t\t<a href=\"https:\/\/www.suno.com.br\/noticias\/author\/rafael\/\"><span itemprop=\"author\">Rafael Lara<\/span><\/a><\/span><time datetime=\"2019-08-30T16:58:28-03:00\" itemprop=\"datePublished\">30\/08\/2019 16:58<\/time><\/div><\/div><\/div><\/div><\/div>","single_layout":"posts","amp_enabled":true,"_links":{"self":[{"href":"https:\/\/www.suno.com.br\/noticias\/wp-json\/wp\/v2\/posts\/35980"}],"collection":[{"href":"https:\/\/www.suno.com.br\/noticias\/wp-json\/wp\/v2\/posts"}],"about":[{"href":"https:\/\/www.suno.com.br\/noticias\/wp-json\/wp\/v2\/types\/post"}],"author":[{"embeddable":true,"href":"https:\/\/www.suno.com.br\/noticias\/wp-json\/wp\/v2\/users\/23"}],"replies":[{"embeddable":true,"href":"https:\/\/www.suno.com.br\/noticias\/wp-json\/wp\/v2\/comments?post=35980"}],"version-history":[{"count":0,"href":"https:\/\/www.suno.com.br\/noticias\/wp-json\/wp\/v2\/posts\/35980\/revisions"}],"wp:featuredmedia":[{"embeddable":true,"href":"https:\/\/www.suno.com.br\/noticias\/wp-json\/wp\/v2\/media\/35956"}],"wp:attachment":[{"href":"https:\/\/www.suno.com.br\/noticias\/wp-json\/wp\/v2\/media?parent=35980"}],"wp:term":[{"taxonomy":"category","embeddable":true,"href":"https:\/\/www.suno.com.br\/noticias\/wp-json\/wp\/v2\/categories?post=35980"},{"taxonomy":"post_tag","embeddable":true,"href":"https:\/\/www.suno.com.br\/noticias\/wp-json\/wp\/v2\/tags?post=35980"},{"taxonomy":"suno_strategy","embeddable":true,"href":"https:\/\/www.suno.com.br\/noticias\/wp-json\/wp\/v2\/suno_strategy?post=35980"}],"curies":[{"name":"wp","href":"https:\/\/api.w.org\/{rel}","templated":true}]}}