{"id":35979,"date":"2019-08-30T17:29:14","date_gmt":"2019-08-30T20:29:14","guid":{"rendered":"https:\/\/www.suno.com.br\/noticias\/?p=35979"},"modified":"2019-08-30T17:29:14","modified_gmt":"2019-08-30T20:29:14","slug":"governo-reduz-previsao-salario-minimo-2020","status":"publish","type":"post","link":"https:\/\/www.suno.com.br\/noticias\/governo-reduz-previsao-salario-minimo-2020\/","title":{"rendered":"Governo reduz para R$ 1.039 a previs\u00e3o de sal\u00e1rio m\u00ednimo para 2020"},"content":{"rendered":"<p>O <strong>governo federal<\/strong> diminuiu para R$ 1.039 a previs\u00e3o de sal\u00e1rio m\u00ednimo para 2020. O novo valor foi divulgado pelo <strong>minist\u00e9rio da Economia<\/strong> nesta sexta-feira (30) atrav\u00e9s do Projeto de Lei Or\u00e7ament\u00e1ria Anual (Ploa).<\/p>\t<div class=\"wrapper-featured-image\">\n\t\t<figure class=\"spotlightImg\">\n\n\t\t\t<picture>\n\t\t\t\t<source media=\"(max-width: 768px)\" srcset=\"https:\/\/files.sunoresearch.com.br\/n\/uploads\/2019\/08\/7258062f-carteira-de-trabalhooo-400x200.webp\">\n\t\t\t\t<img loading=\"lazy\" decoding=\"async\" class=\"newsContent__article__imgCapa lazyloadDisabled newsContent__article__imgCapa--noCaption\" src=\"https:\/\/files.sunoresearch.com.br\/n\/uploads\/2019\/08\/7258062f-carteira-de-trabalhooo-jpg.webp\" width=\"800\" height=\"450\" alt=\"Governo reduz para R$ 1.039 a previs\u00e3o de sal\u00e1rio m\u00ednimo para 2020\" fetchpriority=high \/>\n\t\t\t<\/picture>\n\n\t\t\t<figcaption class=\"wp-caption-text wp-caption-text--hide\">Brasil cria 131 mil vagas de trabalho em julho, mostra Caged<\/figcaption>\n\t\t<\/figure>\n\t<\/div>\n\n\n<p>Na previs\u00e3o anterior, o governo havia informado, por meio do <a href=\"https:\/\/www.suno.com.br\/artigos\/lei-orcamentaria-anual\/\">Projeto de Lei de Diretrizes Or\u00e7ament\u00e1ria (PLDO)<\/a>, que o <strong>sal\u00e1rio m\u00ednimo<\/strong> no pr\u00f3ximo ano seria de R$ 1.040.<\/p>\n\n<p>Segundo a equipe econ\u00f4mica, a redu\u00e7\u00e3o ocorreu por conta da varia\u00e7\u00e3o do INPC (\u00cdndice Nacional de Pre\u00e7os ao Consumidor). A estimativa era de que o indicador fosse de 4,19% neste ano, no entanto, passou para 4,02%.<\/p>\n<p>Essa \u00e9 a primeira vez no Pa\u00eds em que o sal\u00e1rio m\u00ednimo ultrapassa a casa de R$ 1 mil.<\/p>\n<p>&#8220;O que est\u00e1 colocado no PLOA 2020 em rela\u00e7\u00e3o ao sal\u00e1rio m\u00ednimo \u00e9 o valor do ano passado corrigido pelo INPC. N\u00f3s n\u00e3o temos, no PLOA, uma pol\u00edtica de sal\u00e1rio m\u00ednimo. Ela tem at\u00e9 o prazo de dezembro para ser anunciada pelo governo&#8221;, afirmou o secret\u00e1rio especial da Fazenda, Waldery Rodrigues.<\/p>\n<p>Al\u00e9m disso, o governo revisou ainda a expectativa de crescimento para o <a href=\"https:\/\/www.suno.com.br\/artigos\/o-produto-interno-bruto-pib\/\">Produto Interno Bruto (PIB)<\/a>.<\/p>\n<p><a href=\"https:\/\/www.suno.com.br\/noticias\/pib-segundo-trimestre-cresce-supera-expectativas\/\">Leia tamb\u00e9m: PIB do segundo trimestre cresce 0,4% e supera expectativas<\/a><\/p>\n<p>A previs\u00e3o anterior era de um aumento de 2,74% para este ano. Contudo, o novo indicador aponta uma expans\u00e3o de 2,17%.<\/p>\n<h2>N\u00e3o houve aumento real no sal\u00e1rio m\u00ednimo<\/h2>\n<p>Tanto o sal\u00e1rio previsto anteriormente quanto o anunciado nesta sexta-feira, n\u00e3o representam<strong> aumento real<\/strong> ante o valor atual de R$ 998.<\/p>\n<p>Para que houvesse ganho real, o valor deveria aumentar acima da <a href=\"https:\/\/www.suno.com.br\/artigos\/indices-de-inflacao\/\"><strong>infla\u00e7\u00e3o<\/strong><\/a>. Dessa forma, a popula\u00e7\u00e3o poderia manter o n\u00edvel socioecon\u00f4mico mesmo com maior custo de vida.<\/p>\n\t<p>\n\t\t<a href=\"https:\/\/lp.suno.com.br\/ebook-como-analisar-uma-acao\/\" target=\"_blank\" data-element=\"shortcode-suno-banner\" title=\"Banner SUNO, clique e saiba mais\">\n\t\t\t<picture>\n\t\t\t\t<source media=\"(max-width: 500px)\" srcset=\"https:\/\/files.sunoresearch.com.br\/n\/uploads\/2023\/03\/Ebook-Acoes-Mobile-1.jpg\">\n\t\t\t\t<img class=\"newsContent__article__imgCapa newsContent__article__imgCapa--banner\"\n\t\t\t\t\tsrc=\"https:\/\/files.sunoresearch.com.br\/n\/uploads\/2023\/03\/Ebook-Acoes-Desktop-1.jpg\"\n\t\t\t\t\tdata-promo-id=\"171998\"\t\t\t\t\t\t\t\t\t\twidth='1420' height='286'\t\t\t\t\talt=\"https:\/\/files.sunoresearch.com.br\/n\/uploads\/2023\/03\/Ebook-Acoes-Desktop-1.jpg\"\n\t\t\t\t>\n\t\t\t<\/picture>\n\t\t<\/a>\n\t<\/p>\n\n\n<p>Em maio, o ministro da Economia, <a href=\"https:\/\/www.suno.com.br\/tudo-sobre\/paulo-guedes\/\">Paulo Guedes<\/a>, havia ressaltado que o valor s\u00f3 voltaria a apresentar alta real com a aprova\u00e7\u00e3o de reformas, como a da Previd\u00eancia e a tribut\u00e1ria, por exemplo.<\/p>\n<p>O <strong>sal\u00e1rio m\u00ednimo<\/strong> voltou a ter alta real em 2019 ap\u00f3s dois anos abaixo da infla\u00e7\u00e3o. Em 2017 e 2018, o valor ficou negativo em -0,1% e 0,25%, respectivamente, quando comparado ao \u00edndice inflacion\u00e1rio.\u00a0Entre os anos de 2003 e 2017, foram registrados aumentos reais.<\/p>\n","protected":false},"excerpt":{"rendered":"<p>O governo federal diminuiu para R$ 1.039 a previs\u00e3o de sal\u00e1rio m\u00ednimo para 2020. O novo valor foi divulgado pelo minist\u00e9rio da Economia nesta sexta-feira (30) atrav\u00e9s do Projeto de Lei Or\u00e7ament\u00e1ria Anual (Ploa). Brasil cria 131 mil vagas de trabalho em julho, mostra Caged Na previs\u00e3o anterior, o governo havia informado, por meio do [&hellip;]<\/p>\n","protected":false},"author":18,"featured_media":35981,"comment_status":"closed","ping_status":"closed","sticky":false,"template":"","format":"standard","meta":[],"categories":[62],"tags":[1556,850,909,1824],"suno_strategy":[],"class_list":["post-35979","post","type-post","status-publish","format-standard","has-post-thumbnail","hentry","category-economia","tag-governo-federal","tag-inflacao","tag-ministerio-da-economia","tag-salario-minimo"],"yoast_head":"<!-- This site is optimized with the Yoast SEO plugin v24.4 - https:\/\/yoast.com\/wordpress\/plugins\/seo\/ -->\n<title>Governo reduz para R$ 1.039 a previs\u00e3o de sal\u00e1rio m\u00ednimo para 2020<\/title>\n<meta name=\"description\" content=\"O governo federal diminuiu para R$ 1.039 a previs\u00e3o de sal\u00e1rio m\u00ednimo para 2020, a redu\u00e7\u00e3o foi de R$ 1. Clique para saber mais.\" \/>\n<meta name=\"robots\" content=\"index, follow, max-snippet:-1, max-image-preview:large, max-video-preview:-1\" \/>\n<link rel=\"canonical\" href=\"https:\/\/www.suno.com.br\/noticias\/governo-reduz-previsao-salario-minimo-2020\/\" \/>\n<meta property=\"og:locale\" content=\"pt_BR\" \/>\n<meta property=\"og:type\" content=\"article\" \/>\n<meta property=\"og:title\" content=\"Governo reduz para R$ 1.039 a previs\u00e3o de sal\u00e1rio m\u00ednimo para 2020\" \/>\n<meta property=\"og:description\" content=\"O governo federal diminuiu para R$ 1.039 a previs\u00e3o de sal\u00e1rio m\u00ednimo para 2020, a redu\u00e7\u00e3o foi de R$ 1. Clique para saber mais.\" \/>\n<meta property=\"og:url\" content=\"https:\/\/www.suno.com.br\/noticias\/governo-reduz-previsao-salario-minimo-2020\/\" \/>\n<meta property=\"og:site_name\" content=\"Suno Not\u00edcias\" \/>\n<meta property=\"article:publisher\" content=\"https:\/\/facebook.com\/sunoresearch\" \/>\n<meta property=\"og:image\" content=\"https:\/\/files.sunoresearch.com.br\/n\/uploads\/2019\/08\/7258062f-carteira-de-trabalhooo.jpg\" \/>\n\t<meta property=\"og:image:width\" content=\"750\" \/>\n\t<meta property=\"og:image:height\" content=\"507\" \/>\n\t<meta property=\"og:image:type\" content=\"image\/jpeg\" \/>\n<meta name=\"author\" content=\"Giovanna Oliveira\" \/>\n<meta name=\"twitter:card\" content=\"summary_large_image\" \/>\n<meta name=\"twitter:creator\" content=\"@sunoresearch\" \/>\n<meta name=\"twitter:site\" content=\"@sunoresearch\" \/>\n<meta name=\"twitter:label1\" content=\"Escrito por\" \/>\n\t<meta name=\"twitter:data1\" content=\"Giovanna Oliveira\" \/>\n\t<meta name=\"twitter:label2\" content=\"Est. tempo de leitura\" \/>\n\t<meta name=\"twitter:data2\" content=\"2 minutos\" \/>\n<script type=\"application\/ld+json\" class=\"yoast-schema-graph\">{\"@context\":\"https:\/\/schema.org\",\"@graph\":[{\"@type\":\"NewsArticle\",\"@id\":\"https:\/\/www.suno.com.br\/noticias\/governo-reduz-previsao-salario-minimo-2020\/#article\",\"isPartOf\":{\"@id\":\"https:\/\/www.suno.com.br\/noticias\/governo-reduz-previsao-salario-minimo-2020\/\"},\"author\":{\"name\":\"Giovanna Oliveira\",\"@id\":\"https:\/\/www.suno.com.br\/noticias\/#\/schema\/person\/4e19e3d2575736e5283d58eb3199d120\"},\"headline\":\"Governo reduz para R$ 1.039 a previs\u00e3o de sal\u00e1rio m\u00ednimo para 2020\",\"datePublished\":\"2019-08-30T20:29:14+00:00\",\"mainEntityOfPage\":{\"@id\":\"https:\/\/www.suno.com.br\/noticias\/governo-reduz-previsao-salario-minimo-2020\/\"},\"wordCount\":397,\"publisher\":{\"@id\":\"https:\/\/www.suno.com.br\/noticias\/#organization\"},\"image\":{\"@id\":\"https:\/\/www.suno.com.br\/noticias\/governo-reduz-previsao-salario-minimo-2020\/#primaryimage\"},\"thumbnailUrl\":\"https:\/\/files.sunoresearch.com.br\/n\/uploads\/2019\/08\/7258062f-carteira-de-trabalhooo-jpg.webp\",\"keywords\":[\"governo federal\",\"infla\u00e7\u00e3o\",\"Minist\u00e9rio da Economia\",\"sal\u00e1rio m\u00ednimo\"],\"articleSection\":[\"Economia\"],\"inLanguage\":\"pt-BR\"},{\"@type\":\"WebPage\",\"@id\":\"https:\/\/www.suno.com.br\/noticias\/governo-reduz-previsao-salario-minimo-2020\/\",\"url\":\"https:\/\/www.suno.com.br\/noticias\/governo-reduz-previsao-salario-minimo-2020\/\",\"name\":\"Governo reduz para R$ 1.039 a previs\u00e3o de sal\u00e1rio m\u00ednimo para 2020\",\"isPartOf\":{\"@id\":\"https:\/\/www.suno.com.br\/noticias\/#website\"},\"primaryImageOfPage\":{\"@id\":\"https:\/\/www.suno.com.br\/noticias\/governo-reduz-previsao-salario-minimo-2020\/#primaryimage\"},\"image\":{\"@id\":\"https:\/\/www.suno.com.br\/noticias\/governo-reduz-previsao-salario-minimo-2020\/#primaryimage\"},\"thumbnailUrl\":\"https:\/\/files.sunoresearch.com.br\/n\/uploads\/2019\/08\/7258062f-carteira-de-trabalhooo-jpg.webp\",\"datePublished\":\"2019-08-30T20:29:14+00:00\",\"description\":\"O governo federal diminuiu para R$ 1.039 a previs\u00e3o de sal\u00e1rio m\u00ednimo para 2020, a redu\u00e7\u00e3o foi de R$ 1. Clique para saber mais.\",\"breadcrumb\":{\"@id\":\"https:\/\/www.suno.com.br\/noticias\/governo-reduz-previsao-salario-minimo-2020\/#breadcrumb\"},\"inLanguage\":\"pt-BR\",\"potentialAction\":[{\"@type\":\"ReadAction\",\"target\":[\"https:\/\/www.suno.com.br\/noticias\/governo-reduz-previsao-salario-minimo-2020\/\"]}]},{\"@type\":\"ImageObject\",\"inLanguage\":\"pt-BR\",\"@id\":\"https:\/\/www.suno.com.br\/noticias\/governo-reduz-previsao-salario-minimo-2020\/#primaryimage\",\"url\":\"https:\/\/files.sunoresearch.com.br\/n\/uploads\/2019\/08\/7258062f-carteira-de-trabalhooo-jpg.webp\",\"contentUrl\":\"https:\/\/files.sunoresearch.com.br\/n\/uploads\/2019\/08\/7258062f-carteira-de-trabalhooo-jpg.webp\",\"width\":750,\"height\":507,\"caption\":\"Brasil cria 131 mil vagas de trabalho em julho, mostra Caged\"},{\"@type\":\"BreadcrumbList\",\"@id\":\"https:\/\/www.suno.com.br\/noticias\/governo-reduz-previsao-salario-minimo-2020\/#breadcrumb\",\"itemListElement\":[{\"@type\":\"ListItem\",\"position\":1,\"name\":\"Not\u00edcias\",\"item\":\"https:\/\/www.suno.com.br\/noticias\/\"},{\"@type\":\"ListItem\",\"position\":2,\"name\":\"Economia\",\"item\":\"https:\/\/www.suno.com.br\/noticias\/economia\/\"},{\"@type\":\"ListItem\",\"position\":3,\"name\":\"Governo reduz para R$ 1.039 a previs\u00e3o de sal\u00e1rio m\u00ednimo para 2020\"}]},{\"@type\":\"WebSite\",\"@id\":\"https:\/\/www.suno.com.br\/noticias\/#website\",\"url\":\"https:\/\/www.suno.com.br\/noticias\/\",\"name\":\"Suno Not\u00edcias\",\"description\":\"Seu portal de informa\u00e7\u00e3o sobre o mundo dos investimentos\",\"publisher\":{\"@id\":\"https:\/\/www.suno.com.br\/noticias\/#organization\"},\"potentialAction\":[{\"@type\":\"SearchAction\",\"target\":{\"@type\":\"EntryPoint\",\"urlTemplate\":\"https:\/\/www.suno.com.br\/noticias\/?s={search_term_string}\"},\"query-input\":{\"@type\":\"PropertyValueSpecification\",\"valueRequired\":true,\"valueName\":\"search_term_string\"}}],\"inLanguage\":\"pt-BR\"},{\"@type\":\"Organization\",\"@id\":\"https:\/\/www.suno.com.br\/noticias\/#organization\",\"name\":\"Suno Not\u00edcias\",\"url\":\"https:\/\/www.suno.com.br\/noticias\/\",\"logo\":{\"@type\":\"ImageObject\",\"inLanguage\":\"pt-BR\",\"@id\":\"https:\/\/www.suno.com.br\/noticias\/#\/schema\/logo\/image\/\",\"url\":\"https:\/\/files.sunoresearch.com.br\/n\/uploads\/2021\/09\/suno-logo.png\",\"contentUrl\":\"https:\/\/files.sunoresearch.com.br\/n\/uploads\/2021\/09\/suno-logo.png\",\"width\":180,\"height\":180,\"caption\":\"Suno Not\u00edcias\"},\"image\":{\"@id\":\"https:\/\/www.suno.com.br\/noticias\/#\/schema\/logo\/image\/\"},\"sameAs\":[\"https:\/\/facebook.com\/sunoresearch\",\"https:\/\/x.com\/sunoresearch\",\"https:\/\/www.instagram.com\/suno\",\"https:\/\/www.linkedin.com\/company\/suno-research\/\",\"https:\/\/www.youtube.com\/c\/sunoresearch\"]},{\"@type\":\"Person\",\"@id\":\"https:\/\/www.suno.com.br\/noticias\/#\/schema\/person\/4e19e3d2575736e5283d58eb3199d120\",\"name\":\"Giovanna Oliveira\",\"image\":{\"@type\":\"ImageObject\",\"inLanguage\":\"pt-BR\",\"@id\":\"https:\/\/www.suno.com.br\/noticias\/#\/schema\/person\/image\/\",\"url\":\"https:\/\/secure.gravatar.com\/avatar\/9a37b3ae208962ac568992d0ffdbc2eb?s=96&r=g\",\"contentUrl\":\"https:\/\/secure.gravatar.com\/avatar\/9a37b3ae208962ac568992d0ffdbc2eb?s=96&r=g\",\"caption\":\"Giovanna Oliveira\"},\"description\":\"Giovanna Oliveira escreve sobre economia e pol\u00edtica. Foi rep\u00f3rter do portal de jornalismo da ESPM-SP e produziu conte\u00fado para a Corinthians TV. \u00c9 estudante da ESPM.\",\"url\":\"https:\/\/www.suno.com.br\/noticias\/author\/giovanna\/\"}]}<\/script>\n<!-- \/ Yoast SEO plugin. -->","yoast_head_json":{"title":"Governo reduz para R$ 1.039 a previs\u00e3o de sal\u00e1rio m\u00ednimo para 2020","description":"O governo federal diminuiu para R$ 1.039 a previs\u00e3o de sal\u00e1rio m\u00ednimo para 2020, a redu\u00e7\u00e3o foi de R$ 1. Clique para saber mais.","robots":{"index":"index","follow":"follow","max-snippet":"max-snippet:-1","max-image-preview":"max-image-preview:large","max-video-preview":"max-video-preview:-1"},"canonical":"https:\/\/www.suno.com.br\/noticias\/governo-reduz-previsao-salario-minimo-2020\/","og_locale":"pt_BR","og_type":"article","og_title":"Governo reduz para R$ 1.039 a previs\u00e3o de sal\u00e1rio m\u00ednimo para 2020","og_description":"O governo federal diminuiu para R$ 1.039 a previs\u00e3o de sal\u00e1rio m\u00ednimo para 2020, a redu\u00e7\u00e3o foi de R$ 1. Clique para saber mais.","og_url":"https:\/\/www.suno.com.br\/noticias\/governo-reduz-previsao-salario-minimo-2020\/","og_site_name":"Suno Not\u00edcias","article_publisher":"https:\/\/facebook.com\/sunoresearch","og_image":[{"width":750,"height":507,"url":"https:\/\/files.sunoresearch.com.br\/n\/uploads\/2019\/08\/7258062f-carteira-de-trabalhooo.jpg","type":"image\/jpeg"}],"author":"Giovanna Oliveira","twitter_card":"summary_large_image","twitter_creator":"@sunoresearch","twitter_site":"@sunoresearch","twitter_misc":{"Escrito por":"Giovanna Oliveira","Est. tempo de leitura":"2 minutos"},"schema":{"@context":"https:\/\/schema.org","@graph":[{"@type":"NewsArticle","@id":"https:\/\/www.suno.com.br\/noticias\/governo-reduz-previsao-salario-minimo-2020\/#article","isPartOf":{"@id":"https:\/\/www.suno.com.br\/noticias\/governo-reduz-previsao-salario-minimo-2020\/"},"author":{"name":"Giovanna Oliveira","@id":"https:\/\/www.suno.com.br\/noticias\/#\/schema\/person\/4e19e3d2575736e5283d58eb3199d120"},"headline":"Governo reduz para R$ 1.039 a previs\u00e3o de sal\u00e1rio m\u00ednimo para 2020","datePublished":"2019-08-30T20:29:14+00:00","mainEntityOfPage":{"@id":"https:\/\/www.suno.com.br\/noticias\/governo-reduz-previsao-salario-minimo-2020\/"},"wordCount":397,"publisher":{"@id":"https:\/\/www.suno.com.br\/noticias\/#organization"},"image":{"@id":"https:\/\/www.suno.com.br\/noticias\/governo-reduz-previsao-salario-minimo-2020\/#primaryimage"},"thumbnailUrl":"https:\/\/files.sunoresearch.com.br\/n\/uploads\/2019\/08\/7258062f-carteira-de-trabalhooo-jpg.webp","keywords":["governo federal","infla\u00e7\u00e3o","Minist\u00e9rio da Economia","sal\u00e1rio m\u00ednimo"],"articleSection":["Economia"],"inLanguage":"pt-BR"},{"@type":"WebPage","@id":"https:\/\/www.suno.com.br\/noticias\/governo-reduz-previsao-salario-minimo-2020\/","url":"https:\/\/www.suno.com.br\/noticias\/governo-reduz-previsao-salario-minimo-2020\/","name":"Governo reduz para R$ 1.039 a previs\u00e3o de sal\u00e1rio m\u00ednimo para 2020","isPartOf":{"@id":"https:\/\/www.suno.com.br\/noticias\/#website"},"primaryImageOfPage":{"@id":"https:\/\/www.suno.com.br\/noticias\/governo-reduz-previsao-salario-minimo-2020\/#primaryimage"},"image":{"@id":"https:\/\/www.suno.com.br\/noticias\/governo-reduz-previsao-salario-minimo-2020\/#primaryimage"},"thumbnailUrl":"https:\/\/files.sunoresearch.com.br\/n\/uploads\/2019\/08\/7258062f-carteira-de-trabalhooo-jpg.webp","datePublished":"2019-08-30T20:29:14+00:00","description":"O governo federal diminuiu para R$ 1.039 a previs\u00e3o de sal\u00e1rio m\u00ednimo para 2020, a redu\u00e7\u00e3o foi de R$ 1. Clique para saber mais.","breadcrumb":{"@id":"https:\/\/www.suno.com.br\/noticias\/governo-reduz-previsao-salario-minimo-2020\/#breadcrumb"},"inLanguage":"pt-BR","potentialAction":[{"@type":"ReadAction","target":["https:\/\/www.suno.com.br\/noticias\/governo-reduz-previsao-salario-minimo-2020\/"]}]},{"@type":"ImageObject","inLanguage":"pt-BR","@id":"https:\/\/www.suno.com.br\/noticias\/governo-reduz-previsao-salario-minimo-2020\/#primaryimage","url":"https:\/\/files.sunoresearch.com.br\/n\/uploads\/2019\/08\/7258062f-carteira-de-trabalhooo-jpg.webp","contentUrl":"https:\/\/files.sunoresearch.com.br\/n\/uploads\/2019\/08\/7258062f-carteira-de-trabalhooo-jpg.webp","width":750,"height":507,"caption":"Brasil cria 131 mil vagas de trabalho em julho, mostra Caged"},{"@type":"BreadcrumbList","@id":"https:\/\/www.suno.com.br\/noticias\/governo-reduz-previsao-salario-minimo-2020\/#breadcrumb","itemListElement":[{"@type":"ListItem","position":1,"name":"Not\u00edcias","item":"https:\/\/www.suno.com.br\/noticias\/"},{"@type":"ListItem","position":2,"name":"Economia","item":"https:\/\/www.suno.com.br\/noticias\/economia\/"},{"@type":"ListItem","position":3,"name":"Governo reduz para R$ 1.039 a previs\u00e3o de sal\u00e1rio m\u00ednimo para 2020"}]},{"@type":"WebSite","@id":"https:\/\/www.suno.com.br\/noticias\/#website","url":"https:\/\/www.suno.com.br\/noticias\/","name":"Suno Not\u00edcias","description":"Seu portal de informa\u00e7\u00e3o sobre o mundo dos investimentos","publisher":{"@id":"https:\/\/www.suno.com.br\/noticias\/#organization"},"potentialAction":[{"@type":"SearchAction","target":{"@type":"EntryPoint","urlTemplate":"https:\/\/www.suno.com.br\/noticias\/?s={search_term_string}"},"query-input":{"@type":"PropertyValueSpecification","valueRequired":true,"valueName":"search_term_string"}}],"inLanguage":"pt-BR"},{"@type":"Organization","@id":"https:\/\/www.suno.com.br\/noticias\/#organization","name":"Suno Not\u00edcias","url":"https:\/\/www.suno.com.br\/noticias\/","logo":{"@type":"ImageObject","inLanguage":"pt-BR","@id":"https:\/\/www.suno.com.br\/noticias\/#\/schema\/logo\/image\/","url":"https:\/\/files.sunoresearch.com.br\/n\/uploads\/2021\/09\/suno-logo.png","contentUrl":"https:\/\/files.sunoresearch.com.br\/n\/uploads\/2021\/09\/suno-logo.png","width":180,"height":180,"caption":"Suno Not\u00edcias"},"image":{"@id":"https:\/\/www.suno.com.br\/noticias\/#\/schema\/logo\/image\/"},"sameAs":["https:\/\/facebook.com\/sunoresearch","https:\/\/x.com\/sunoresearch","https:\/\/www.instagram.com\/suno","https:\/\/www.linkedin.com\/company\/suno-research\/","https:\/\/www.youtube.com\/c\/sunoresearch"]},{"@type":"Person","@id":"https:\/\/www.suno.com.br\/noticias\/#\/schema\/person\/4e19e3d2575736e5283d58eb3199d120","name":"Giovanna Oliveira","image":{"@type":"ImageObject","inLanguage":"pt-BR","@id":"https:\/\/www.suno.com.br\/noticias\/#\/schema\/person\/image\/","url":"https:\/\/secure.gravatar.com\/avatar\/9a37b3ae208962ac568992d0ffdbc2eb?s=96&r=g","contentUrl":"https:\/\/secure.gravatar.com\/avatar\/9a37b3ae208962ac568992d0ffdbc2eb?s=96&r=g","caption":"Giovanna Oliveira"},"description":"Giovanna Oliveira escreve sobre economia e pol\u00edtica. Foi rep\u00f3rter do portal de jornalismo da ESPM-SP e produziu conte\u00fado para a Corinthians TV. \u00c9 estudante da ESPM.","url":"https:\/\/www.suno.com.br\/noticias\/author\/giovanna\/"}]}},"default_loop_html":"<div class=\"cardsPage__listCard__boxs\"><div class=\"cardsPage__listCard__boxs__img\"><a href=\"https:\/\/www.suno.com.br\/noticias\/governo-reduz-previsao-salario-minimo-2020\/\"><img class=\"mask\" src=\"https:\/\/www.suno.com.br\/noticias\/wp-content\/themes\/suno\/resources\/images\/spotlight\/spotlight1img\/bg-mask.png\" alt=\"Image Mask\"\/><img src=\"https:\/\/files.sunoresearch.com.br\/n\/uploads\/2019\/08\/7258062f-carteira-de-trabalhooo-400x200.webp\" alt=\"Governo reduz para R$ 1.039 a previs\u00e3o de sal\u00e1rio m\u00ednimo para 2020\"\/><\/a><span class=\"spotlightCategory\"><a href=\"https:\/\/www.suno.com.br\/noticias\/economia\/\">Economia<\/a><\/span><\/div><div class=\"cardsPage__listCard__boxs__content\"><a href=\"https:\/\/www.suno.com.br\/noticias\/governo-reduz-previsao-salario-minimo-2020\/\"><h2 class=\"content__title\">Governo reduz para R$ 1.039 a previs\u00e3o de sal\u00e1rio m\u00ednimo para 2020<\/h2><\/a><div class=\"newsContent__article__meta\"><div class=\"newsContent__article__meta__authorBox\"><a href=\"https:\/\/www.suno.com.br\/noticias\/author\/giovanna\/\" class=\"authorBox__avatar noMobi\"><img src=\"https:\/\/files.sunoresearch.com.br\/n\/uploads\/2019\/06\/952a89ca-screenshot_20190608-171507-150x150.webp\" alt=\"Giovanna Oliveira\"><\/a><div class=\"authorBox__name\"><span>por\n\t\t\t<a href=\"https:\/\/www.suno.com.br\/noticias\/author\/giovanna\/\"><span itemprop=\"author\">Giovanna Oliveira<\/span><\/a><\/span><time datetime=\"2019-08-30T17:29:14-03:00\" itemprop=\"datePublished\">30\/08\/2019 17:29<\/time><\/div><\/div><\/div><\/div><\/div>","single_layout":"posts","amp_enabled":true,"_links":{"self":[{"href":"https:\/\/www.suno.com.br\/noticias\/wp-json\/wp\/v2\/posts\/35979"}],"collection":[{"href":"https:\/\/www.suno.com.br\/noticias\/wp-json\/wp\/v2\/posts"}],"about":[{"href":"https:\/\/www.suno.com.br\/noticias\/wp-json\/wp\/v2\/types\/post"}],"author":[{"embeddable":true,"href":"https:\/\/www.suno.com.br\/noticias\/wp-json\/wp\/v2\/users\/18"}],"replies":[{"embeddable":true,"href":"https:\/\/www.suno.com.br\/noticias\/wp-json\/wp\/v2\/comments?post=35979"}],"version-history":[{"count":0,"href":"https:\/\/www.suno.com.br\/noticias\/wp-json\/wp\/v2\/posts\/35979\/revisions"}],"wp:featuredmedia":[{"embeddable":true,"href":"https:\/\/www.suno.com.br\/noticias\/wp-json\/wp\/v2\/media\/35981"}],"wp:attachment":[{"href":"https:\/\/www.suno.com.br\/noticias\/wp-json\/wp\/v2\/media?parent=35979"}],"wp:term":[{"taxonomy":"category","embeddable":true,"href":"https:\/\/www.suno.com.br\/noticias\/wp-json\/wp\/v2\/categories?post=35979"},{"taxonomy":"post_tag","embeddable":true,"href":"https:\/\/www.suno.com.br\/noticias\/wp-json\/wp\/v2\/tags?post=35979"},{"taxonomy":"suno_strategy","embeddable":true,"href":"https:\/\/www.suno.com.br\/noticias\/wp-json\/wp\/v2\/suno_strategy?post=35979"}],"curies":[{"name":"wp","href":"https:\/\/api.w.org\/{rel}","templated":true}]}}