{"id":359755,"date":"2023-02-07T14:54:51","date_gmt":"2023-02-07T17:54:51","guid":{"rendered":"https:\/\/www.suno.com.br\/noticias\/?p=359755"},"modified":"2023-02-07T15:12:03","modified_gmt":"2023-02-07T18:12:03","slug":"fundos-previdencia-beneficios-imposto","status":"publish","type":"post","link":"https:\/\/www.suno.com.br\/noticias\/fundos-previdencia-beneficios-imposto\/","title":{"rendered":"Fundos de previd\u00eancia n\u00e3o pagam imposto? Entenda"},"content":{"rendered":"<p>Os fundos de <strong>previd\u00eancia<\/strong> s\u00e3o costumeiramente procurados por investidores por causa de uma din\u00e2mica de vantagens distinta de outros fundos, como de investimento em a\u00e7\u00f5es e <a class=\"suno-keyword\" data-force=\"no\" data-priority=\"2\" href=\"https:\/\/www.suno.com.br\/guias\/investimento-renda-fixa\/\" target=\"_blank\" rel=\"noopener\">renda fixa<\/a>.<\/p><div class=\"videoFull \">\n\t\t\t<div class=\"videoWrapper yt-lazyload center\"\n\t\t\t\tdata-width=\"960\"\n\t\t\t\tdata-height=\"540\"\n\t\t\t\tdata-id=\"Y8b_o4uVYlU\"\n\t\t\t\tdata-alt=\"V\u00eddeo do YouTube - clique para reproduzir\"\n\t\t\t\tdata-logo=\"3\"\n\t\t\t\tdata-imagequality=\"maxres\">\n\t\t\t<\/div>\n\t\t<\/div><script type=\"application\/ld+json\">{\"@context\":\"https:\/\/schema.org\",\"@type\":\"VideoObject\",\"name\":\"Ata do Copom | Oi (OIBR3) tem d\u00edvidas de R$ 27 bilh\u00f5es | Lula volta a criticar Banco Central\",\"description\":\"\ud83d\udd0e \ud83d\udcca[\ud835\uddf2\ud835\uddd5\ud835\uddfc\ud835\uddfc\ud835\uddf8 \ud835\uddda\ud835\udde5\ud835\uddd4\ud835\udde7\ud835\udde8\ud835\udddc\ud835\udde7\ud835\udde2] \ud835\uddd4\ud835\uddfd\ud835\uddff\ud835\uddf2\ud835\uddfb\ud835\uddf1\ud835\uddee \ud835\uddf0\ud835\uddfc\ud835\uddfa\ud835\uddfc \ud835\uddee\ud835\uddfb\ud835\uddee\ud835\uddf9\ud835\uddf6\ud835\ude00\ud835\uddee\ud835\uddff \ud835\ude02\ud835\uddfa\ud835\uddee \ud835\uddee\u00e7\u00e3\ud835\uddfc\u200b \ud83d\udc47 https:\/\/lp.suno.com.br\/ebook-como-analisar-uma-acao\/?utm_source=youtube.noticias&utm_medium=live&utm_campaign=ebookcomoanalisarumaacao.20230206&utm_content=ytnoticias.morning.07022023 #morningcall #Not\u00edcias #investimentos #mercadofinanceiro #amer3 #americanas #oibr3 #oi #recupera\u00e7\u00e3ojudicial #d\u00edvidas #ibovespa #ibovespahoje #lula #pol\u00edtica #bancocentral #bb \ud83d\udd34\ud835\udc08\ud835\udc0d\ud835\udc12\ud835\udc02\ud835\udc11\ud835\udc04\ud835\udc15\ud835\udc00-\ud835\udc12\ud835\udc04 \ud835\udc0d\ud835\udc0e \ud835\udc02\ud835\udc00\ud835\udc0d\ud835\udc00\ud835\udc0b \ud835\udc04 \ud835\udc00\ud835\udc13\ud835\udc08\ud835\udc15\ud835\udc04 \ud835\udc0e \ud835\udc12\ud835\udc08\ud835\udc0d\ud835\udc0e \ud83d\udc47 https:\/\/bit.ly\/INSCREVA-SEATIVEOSINO \ud83d\udea8\ud83d\udcda\ud83d\udcb8\ud835\udc01\ud835\udc1a\ud835\udc22\ud835\udc31\ud835\udc1e \ud835\udc28 \ud835\udc1e\ud835\udc01\ud835\udc28\ud835\udc28\ud835\udc24: \ud835\udc06\ud835\udc2e\ud835\udc22\ud835\udc1a \ud835\udc02\ud835\udc28\ud835\udc26\ud835\udc29\ud835\udc25\ud835\udc1e\ud835\udc2d\ud835\udc28 \ud835\udc1d\ud835\udc28 \ud835\udc08\ud835\udc27\ud835\udc2f\ud835\udc1e\ud835\udc2c\ud835\udc2d\ud835\udc22\ud835\udc1d\ud835\udc28\ud835\udc2b \ud835\udc08\ud835\udc27\ud835\udc22\ud835\udc1c\ud835\udc22\ud835\udc1a\ud835\udc27\ud835\udc2d\ud835\udc1e \ud835\udc27\ud835\udc28 \ud835\udc25\ud835\udc22\ud835\udc27\ud835\udc24 \ud83d\udc47 http:\/\/bit.ly\/3Dnk2xT \ud83d\udcda \ud835\udfcf\ud835\udfce \ud835\udc0b\ud835\udc22\ud835\udc2f\ud835\udc2b\ud835\udc28\ud835\udc2c \ud835\udc2a\ud835\udc2e\ud835\udc1e \ud835\udc13\ud835\udc28\ud835\udc1d\ud835\udc28 \ud835\udc08\ud835\udc27\ud835\udc2f\ud835\udc1e\ud835\udc2c\ud835\udc2d\ud835\udc22\ud835\udc1d\ud835\udc28\ud835\udc2b \ud835\udc1d\ud835\udc1e\ud835\udc2f\ud835\udc1e\ud835\udc2b\ud835\udc22\ud835\udc1a \ud835\udc0b\ud835\udc1e\ud835\udc2b\ud83d\udc47\u2026\",\"duration\":\"PT41M2S\",\"embedUrl\":\"https:\/\/www.youtube.com\/embed\/Y8b_o4uVYlU\",\"regionsAllowed\":\"pt-BR\",\"interactionStatistic\":{\"@type\":\"InteractionCounter\",\"interactionType\":{\"@type\":\"WatchAction\"},\"userInteractionCount\":2371},\"thumbnailUrl\":\"https:\/\/i.ytimg.com\/vi\/Y8b_o4uVYlU\/default.jpg\",\"uploadDate\":\"2023-02-07T12:52:44Z\"}<\/script>\n\n\n\n\n\t<p>\n\t\t<a href=\"\" target=\"_blank\" data-element=\"shortcode-suno-banner\" title=\"Banner SUNO, clique e saiba mais\">\n\t\t\t<picture>\n\t\t\t\t<source media=\"(max-width: 500px)\" srcset=\"\">\n\t\t\t\t<img class=\"newsContent__article__imgCapa newsContent__article__imgCapa--banner\"\n\t\t\t\t\tsrc=\"\"\n\t\t\t\t\tdata-promo-id=\"138420\"\t\t\t\t\t\t\t\t\t\t\t\t\t\t\talt=\"\"\n\t\t\t\t>\n\t\t\t<\/picture>\n\t\t<\/a>\n\t<\/p>\n\n\n\n\n\n<p>Um desses benef\u00edcios \u00e9 o n\u00edvel de &#8216;isen\u00e7\u00e3o&#8217; tribut\u00e1ria dos <strong>fundos de previd\u00eancia<\/strong>, que n\u00e3o sofrem incid\u00eancia do <a href=\"https:\/\/www.suno.com.br\/artigos\/come-cotas\/\" target=\"_blank\" rel=\"noreferrer noopener\">come-cotas<\/a> &#8211; uma cobran\u00e7a autom\u00e1tica de Imposto de Renda em <strong>fundos de investimento<\/strong>, feita de forma semestral.<\/p>\n\n\n\n<p>Rodrigo Mendon\u00e7a, gestor da Valora Investimentos, explica que, al\u00e9m disso, h\u00e1 uma s\u00e9rie de vantagens nessa classe de ativo, especialmente olhando para investidores <a class=\"suno-keyword\" data-force=\"no\" data-priority=\"1\" href=\"https:\/\/www.suno.com.br\/artigos\/pessoa-fisica\/\" target=\"_blank\" rel=\"noopener\">pessoa f\u00edsica<\/a>. A declara\u00e7\u00e3o se deu durante o <a class=\"suno-keyword\" data-force=\"no\" data-priority=\"1\" href=\"https:\/\/www.suno.com.br\/artigos\/gestao-ativa\/\" target=\"_blank\" rel=\"noopener\">Gest\u00e3o Ativa<\/a>, quadro semanal do <strong><a href=\"https:\/\/www.youtube.com\/@SunoNoticias\" target=\"_blank\" rel=\"noreferrer noopener\">YouTube do Suno Not\u00edcias<\/a><\/strong>. <\/p>\n\n\n\n<p>&#8220;Isso talvez seja um dos pontos mais importantes, a din\u00e2mica de tributa\u00e7\u00e3o no final, em vez do come-cotas semestral. Esse ponto \u00e9 um dos principais em termos de benef\u00edcio. O segundo benef\u00edcio \u00e9 conseguir deduzir da base de Imposto de Renda esse investimento em <a class=\"suno-keyword\" target=\"_blank\" data-force=\"no\" data-priority=\"1\" href=\"https:\/\/www.suno.com.br\/artigos\/fundo-previdencia\/\" rel=\"noopener\">fundo de previd\u00eancia<\/a>, reduzindo a base e eventualmente pagando menos impostos na declara\u00e7\u00e3o&#8221;, explica o gestor.<\/p>\n\n\n\n<p>&#8220;Outro ponto \u00e9 a din\u00e2mica sucess\u00f3ria. S\u00e3o produtos que voc\u00ea sequer precisa colocar no invent\u00e1rio em uma quest\u00e3o sucess\u00f3ria. \u00c9 muito mais simples e f\u00e1cil se comparado com outro fundo, como um de renda fixa&#8221;, completa.<\/p>\n\n\n\t<p>\n\t\t<a href=\"https:\/\/lp.suno.com.br\/planilha-controle-gastos\/\" target=\"_blank\" data-element=\"shortcode-suno-banner\" title=\"Banner SUNO, clique e saiba mais\">\n\t\t\t<picture>\n\t\t\t\t<source media=\"(max-width: 500px)\" srcset=\"https:\/\/files.sunoresearch.com.br\/n\/uploads\/2023\/03\/400x300-Planilha-controle-de-gastos.png\">\n\t\t\t\t<img class=\"newsContent__article__imgCapa newsContent__article__imgCapa--banner\"\n\t\t\t\t\tsrc=\"https:\/\/files.sunoresearch.com.br\/n\/uploads\/2023\/03\/1420x240-Planilha-controle-de-gastos.png\"\n\t\t\t\t\tdata-promo-id=\"101751\"\t\t\t\t\t\t\t\t\t\twidth='1420' height='240'\t\t\t\t\talt=\"https:\/\/files.sunoresearch.com.br\/n\/uploads\/2023\/03\/1420x240-Planilha-controle-de-gastos.png\"\n\t\t\t\t>\n\t\t\t<\/picture>\n\t\t<\/a>\n\t<\/p>\n\n\n\n\n\n<h2 class=\"wp-block-heading\" id=\"h-menos-custos-e-mais-desempenho-nos-fundos-de-previdencia\">Menos custos e mais desempenho nos fundos de previd\u00eancia<\/h2>\n\n\n\n<p>Vale lembrar que o <strong>mercado de previd\u00eancia<\/strong> era at\u00e9 ent\u00e3o dominado por grandes bancos, cujas taxas tendem a ser relativamente altas, e o desempenho muitas vezes n\u00e3o fica acima de um dos principais benchmarks, o <a href=\"https:\/\/www.suno.com.br\/guias\/cdi\/\" target=\"_blank\" rel=\"noreferrer noopener\">CDI<\/a>.<\/p>\n\n\n\n<p>CDI  que, ali\u00e1s, \u00e9 facilmente &#8216;invest\u00edvel&#8217; por meio da maioria dos bancos, n\u00e3o apresenta riscos e \u00e9 geralmente o investimento recomendado para <a href=\"https:\/\/www.suno.com.br\/artigos\/reserva-de-emergencia\/\" target=\"_blank\" rel=\"noreferrer noopener\">reserva de emerg\u00eancia<\/a>.<\/p>\n\n\n\n<p>&#8220;Acho que esse foi um dos grandes problemas dos <strong>fundos <\/strong>de previd\u00eancia dos \u00faltimos anos. Foi um mercado muito dominado pela din\u00e2mica dos grandes bancos. O grande problema \u00e9 que t\u00ednhamos grandes produtos com altas taxas e a din\u00e2mica de gest\u00e3o era muito \u00f3bvia, com carteiras <a class=\"suno-keyword\" data-force=\"no\" data-priority=\"1\" href=\"https:\/\/www.suno.com.br\/artigos\/titulos-publicos\/\" target=\"_blank\" rel=\"noopener\">t\u00edtulos p\u00fablicos<\/a> com taxas de 1% ou 1,5%&#8221;, explica Mendon\u00e7a, da Valora.<\/p>\n\n\n\n<p>&#8220;Um ponto que acho relevante \u00e9 de que, se l\u00e1 atr\u00e1s t\u00ednhamos fundos de t\u00edtulos p\u00fablicos, hoje temos uma din\u00e2mica mais ativa, com fundos que cobram menos e correm mais risco, com uma din\u00e2mica de retorno diferenciada, com deb\u00eanture, equity (a\u00e7\u00f5es), CRIs ou CRAs. Tem produtos mais baratos e mais competitivos&#8221;, segue.<\/p>\n\n\n\n<p>O gestor explica que, na Valora, as taxas ficam de 0,8% a 1,1% no ano, com uma aplica\u00e7\u00e3o m\u00ednima considerada acess\u00edvel, de R$ 1 mil, justamente visando investidores de varejo.<\/p>\n\n\n\n<p>Al\u00e9m disso, diz que o mercado de fundos de <strong>previd\u00eancia<\/strong> de um modo geral, em outras gestoras, segue uma din\u00e2mica de custos semelhante.<\/p>\n\n\n\t<p>\n\t\t<a href=\"https:\/\/lp.suno.com.br\/planilha-da-vida-financeira\/\" target=\"_blank\" data-element=\"shortcode-suno-banner\" title=\"Banner SUNO, clique e saiba mais\">\n\t\t\t<picture>\n\t\t\t\t<source media=\"(max-width: 500px)\" srcset=\"https:\/\/files.sunoresearch.com.br\/n\/uploads\/2023\/04\/400x300-Planilha-vida-financeira-true.png\">\n\t\t\t\t<img class=\"newsContent__article__imgCapa newsContent__article__imgCapa--banner\"\n\t\t\t\t\tsrc=\"https:\/\/files.sunoresearch.com.br\/n\/uploads\/2023\/04\/1420x240-Planilha-vida-financeira-true.png\"\n\t\t\t\t\tdata-promo-id=\"106682\"\t\t\t\t\t\t\t\t\t\twidth='1420' height='240'\t\t\t\t\talt=\"https:\/\/files.sunoresearch.com.br\/n\/uploads\/2023\/04\/1420x240-Planilha-vida-financeira-true.png\"\n\t\t\t\t>\n\t\t\t<\/picture>\n\t\t<\/a>\n\t<\/p>\n\n\n","protected":false},"excerpt":{"rendered":"<p>Os fundos de previd\u00eancia s\u00e3o costumeiramente procurados por investidores por causa de uma din\u00e2mica de vantagens distinta de outros fundos, como de investimento em a\u00e7\u00f5es e renda fixa. Um desses benef\u00edcios \u00e9 o n\u00edvel de &#8216;isen\u00e7\u00e3o&#8217; tribut\u00e1ria dos fundos de previd\u00eancia, que n\u00e3o sofrem incid\u00eancia do come-cotas &#8211; uma cobran\u00e7a autom\u00e1tica de Imposto de Renda [&hellip;]<\/p>\n","protected":false},"author":73,"featured_media":266387,"comment_status":"closed","ping_status":"closed","sticky":false,"template":"","format":"standard","meta":[],"categories":[60],"tags":[105816,313,106895,322],"suno_strategy":[],"class_list":["post-359755","post","type-post","status-publish","format-standard","has-post-thumbnail","hentry","category-mercado","tag-especialistas","tag-fundos-de-investimento","tag-previdencia","tag-previdencia-social"],"yoast_head":"<!-- This site is optimized with the Yoast SEO plugin v24.4 - https:\/\/yoast.com\/wordpress\/plugins\/seo\/ -->\n<title>Fundos de previd\u00eancia n\u00e3o pagam imposto? Entenda<\/title>\n<meta name=\"description\" content=\"Gestor da Valora Investimentos explica como funcionam os benef\u00edcios tribut\u00e1rios dos fundos de previd\u00eancia. Clique e confira!\" \/>\n<meta name=\"robots\" content=\"index, follow, max-snippet:-1, max-image-preview:large, max-video-preview:-1\" \/>\n<link rel=\"canonical\" href=\"https:\/\/www.suno.com.br\/noticias\/fundos-previdencia-beneficios-imposto\/\" \/>\n<meta property=\"og:locale\" content=\"pt_BR\" \/>\n<meta property=\"og:type\" content=\"article\" \/>\n<meta property=\"og:title\" content=\"Fundos de previd\u00eancia n\u00e3o pagam imposto? Entenda\" \/>\n<meta property=\"og:description\" content=\"Gestor da Valora Investimentos explica como funcionam os benef\u00edcios tribut\u00e1rios dos fundos de previd\u00eancia. Clique e confira!\" \/>\n<meta property=\"og:url\" content=\"https:\/\/www.suno.com.br\/noticias\/fundos-previdencia-beneficios-imposto\/\" \/>\n<meta property=\"og:site_name\" content=\"Suno Not\u00edcias\" \/>\n<meta property=\"article:publisher\" content=\"https:\/\/facebook.com\/sunoresearch\" \/>\n<meta property=\"og:image\" content=\"https:\/\/files.sunoresearch.com.br\/n\/uploads\/2022\/06\/senior-g552be502d_1920.jpg\" \/>\n\t<meta property=\"og:image:width\" content=\"1920\" \/>\n\t<meta property=\"og:image:height\" content=\"1440\" \/>\n\t<meta property=\"og:image:type\" content=\"image\/jpeg\" \/>\n<meta name=\"author\" content=\"Eduardo Vargas\" \/>\n<meta name=\"twitter:card\" content=\"summary_large_image\" \/>\n<meta name=\"twitter:creator\" content=\"@sunoresearch\" \/>\n<meta name=\"twitter:site\" content=\"@sunoresearch\" \/>\n<meta name=\"twitter:label1\" content=\"Escrito por\" \/>\n\t<meta name=\"twitter:data1\" content=\"Eduardo Vargas\" \/>\n\t<meta name=\"twitter:label2\" content=\"Est. tempo de leitura\" \/>\n\t<meta name=\"twitter:data2\" content=\"3 minutos\" \/>\n<script type=\"application\/ld+json\" class=\"yoast-schema-graph\">{\"@context\":\"https:\/\/schema.org\",\"@graph\":[{\"@type\":\"NewsArticle\",\"@id\":\"https:\/\/www.suno.com.br\/noticias\/fundos-previdencia-beneficios-imposto\/#article\",\"isPartOf\":{\"@id\":\"https:\/\/www.suno.com.br\/noticias\/fundos-previdencia-beneficios-imposto\/\"},\"author\":{\"name\":\"Eduardo Vargas\",\"@id\":\"https:\/\/www.suno.com.br\/noticias\/#\/schema\/person\/7f4d362bf3518e76090143ae77bb49a5\"},\"headline\":\"Fundos de previd\u00eancia n\u00e3o pagam imposto? Entenda\",\"datePublished\":\"2023-02-07T17:54:51+00:00\",\"dateModified\":\"2023-02-07T18:12:03+00:00\",\"mainEntityOfPage\":{\"@id\":\"https:\/\/www.suno.com.br\/noticias\/fundos-previdencia-beneficios-imposto\/\"},\"wordCount\":499,\"publisher\":{\"@id\":\"https:\/\/www.suno.com.br\/noticias\/#organization\"},\"image\":{\"@id\":\"https:\/\/www.suno.com.br\/noticias\/fundos-previdencia-beneficios-imposto\/#primaryimage\"},\"thumbnailUrl\":\"https:\/\/files.sunoresearch.com.br\/n\/uploads\/2022\/06\/senior-g552be502d_1920.jpg\",\"keywords\":[\"Especialistas\",\"Fundos de investimento\",\"Previd\u00eancia\",\"Previd\u00eancia Social\"],\"articleSection\":[\"Mercado\"],\"inLanguage\":\"pt-BR\"},{\"@type\":\"WebPage\",\"@id\":\"https:\/\/www.suno.com.br\/noticias\/fundos-previdencia-beneficios-imposto\/\",\"url\":\"https:\/\/www.suno.com.br\/noticias\/fundos-previdencia-beneficios-imposto\/\",\"name\":\"Fundos de previd\u00eancia n\u00e3o pagam imposto? Entenda\",\"isPartOf\":{\"@id\":\"https:\/\/www.suno.com.br\/noticias\/#website\"},\"primaryImageOfPage\":{\"@id\":\"https:\/\/www.suno.com.br\/noticias\/fundos-previdencia-beneficios-imposto\/#primaryimage\"},\"image\":{\"@id\":\"https:\/\/www.suno.com.br\/noticias\/fundos-previdencia-beneficios-imposto\/#primaryimage\"},\"thumbnailUrl\":\"https:\/\/files.sunoresearch.com.br\/n\/uploads\/2022\/06\/senior-g552be502d_1920.jpg\",\"datePublished\":\"2023-02-07T17:54:51+00:00\",\"dateModified\":\"2023-02-07T18:12:03+00:00\",\"description\":\"Gestor da Valora Investimentos explica como funcionam os benef\u00edcios tribut\u00e1rios dos fundos de previd\u00eancia. Clique e confira!\",\"breadcrumb\":{\"@id\":\"https:\/\/www.suno.com.br\/noticias\/fundos-previdencia-beneficios-imposto\/#breadcrumb\"},\"inLanguage\":\"pt-BR\",\"potentialAction\":[{\"@type\":\"ReadAction\",\"target\":[\"https:\/\/www.suno.com.br\/noticias\/fundos-previdencia-beneficios-imposto\/\"]}]},{\"@type\":\"ImageObject\",\"inLanguage\":\"pt-BR\",\"@id\":\"https:\/\/www.suno.com.br\/noticias\/fundos-previdencia-beneficios-imposto\/#primaryimage\",\"url\":\"https:\/\/files.sunoresearch.com.br\/n\/uploads\/2022\/06\/senior-g552be502d_1920.jpg\",\"contentUrl\":\"https:\/\/files.sunoresearch.com.br\/n\/uploads\/2022\/06\/senior-g552be502d_1920.jpg\",\"width\":1920,\"height\":1440,\"caption\":\"Previd\u00eancia Privada. Foto: Pixabay\"},{\"@type\":\"BreadcrumbList\",\"@id\":\"https:\/\/www.suno.com.br\/noticias\/fundos-previdencia-beneficios-imposto\/#breadcrumb\",\"itemListElement\":[{\"@type\":\"ListItem\",\"position\":1,\"name\":\"Not\u00edcias\",\"item\":\"https:\/\/www.suno.com.br\/noticias\/\"},{\"@type\":\"ListItem\",\"position\":2,\"name\":\"Mercado\",\"item\":\"https:\/\/www.suno.com.br\/noticias\/mercado\/\"},{\"@type\":\"ListItem\",\"position\":3,\"name\":\"Fundos de previd\u00eancia n\u00e3o pagam imposto? Entenda\"}]},{\"@type\":\"WebSite\",\"@id\":\"https:\/\/www.suno.com.br\/noticias\/#website\",\"url\":\"https:\/\/www.suno.com.br\/noticias\/\",\"name\":\"Suno Not\u00edcias\",\"description\":\"Seu portal de informa\u00e7\u00e3o sobre o mundo dos investimentos\",\"publisher\":{\"@id\":\"https:\/\/www.suno.com.br\/noticias\/#organization\"},\"potentialAction\":[{\"@type\":\"SearchAction\",\"target\":{\"@type\":\"EntryPoint\",\"urlTemplate\":\"https:\/\/www.suno.com.br\/noticias\/?s={search_term_string}\"},\"query-input\":{\"@type\":\"PropertyValueSpecification\",\"valueRequired\":true,\"valueName\":\"search_term_string\"}}],\"inLanguage\":\"pt-BR\"},{\"@type\":\"Organization\",\"@id\":\"https:\/\/www.suno.com.br\/noticias\/#organization\",\"name\":\"Suno Not\u00edcias\",\"url\":\"https:\/\/www.suno.com.br\/noticias\/\",\"logo\":{\"@type\":\"ImageObject\",\"inLanguage\":\"pt-BR\",\"@id\":\"https:\/\/www.suno.com.br\/noticias\/#\/schema\/logo\/image\/\",\"url\":\"https:\/\/files.sunoresearch.com.br\/n\/uploads\/2021\/09\/suno-logo.png\",\"contentUrl\":\"https:\/\/files.sunoresearch.com.br\/n\/uploads\/2021\/09\/suno-logo.png\",\"width\":180,\"height\":180,\"caption\":\"Suno Not\u00edcias\"},\"image\":{\"@id\":\"https:\/\/www.suno.com.br\/noticias\/#\/schema\/logo\/image\/\"},\"sameAs\":[\"https:\/\/facebook.com\/sunoresearch\",\"https:\/\/x.com\/sunoresearch\",\"https:\/\/www.instagram.com\/suno\",\"https:\/\/www.linkedin.com\/company\/suno-research\/\",\"https:\/\/www.youtube.com\/c\/sunoresearch\"]},{\"@type\":\"Person\",\"@id\":\"https:\/\/www.suno.com.br\/noticias\/#\/schema\/person\/7f4d362bf3518e76090143ae77bb49a5\",\"name\":\"Eduardo Vargas\",\"image\":{\"@type\":\"ImageObject\",\"inLanguage\":\"pt-BR\",\"@id\":\"https:\/\/www.suno.com.br\/noticias\/#\/schema\/person\/image\/\",\"url\":\"https:\/\/secure.gravatar.com\/avatar\/dac340933427a22924c9f99d1eb2e3f2?s=96&r=g\",\"contentUrl\":\"https:\/\/secure.gravatar.com\/avatar\/dac340933427a22924c9f99d1eb2e3f2?s=96&r=g\",\"caption\":\"Eduardo Vargas\"},\"description\":\"Jornalista formado pela UFSC, cobre macroeconomia, neg\u00f3cios e startups para o Suno Not\u00edcias, escrevendo principalmente not\u00edcias sobre o mercado financeiro e a bolsa de valores. No YouTube e no Instagram, \u00e9 respons\u00e1vel pela produ\u00e7\u00e3o de Reels e Shorts do Suno Not\u00edcias. Anteriormente, trabalhou cobrindo economia e cotidiano no ND+ e para o ND, maior jornal impresso de Santa Catarina. Cursou um semestre letivo de Estudos de M\u00eddia na Universidad de Buenos Aires.\",\"url\":\"https:\/\/www.suno.com.br\/noticias\/author\/eduardo-vargas\/\"}]}<\/script>\n<!-- \/ Yoast SEO plugin. -->","yoast_head_json":{"title":"Fundos de previd\u00eancia n\u00e3o pagam imposto? Entenda","description":"Gestor da Valora Investimentos explica como funcionam os benef\u00edcios tribut\u00e1rios dos fundos de previd\u00eancia. Clique e confira!","robots":{"index":"index","follow":"follow","max-snippet":"max-snippet:-1","max-image-preview":"max-image-preview:large","max-video-preview":"max-video-preview:-1"},"canonical":"https:\/\/www.suno.com.br\/noticias\/fundos-previdencia-beneficios-imposto\/","og_locale":"pt_BR","og_type":"article","og_title":"Fundos de previd\u00eancia n\u00e3o pagam imposto? Entenda","og_description":"Gestor da Valora Investimentos explica como funcionam os benef\u00edcios tribut\u00e1rios dos fundos de previd\u00eancia. Clique e confira!","og_url":"https:\/\/www.suno.com.br\/noticias\/fundos-previdencia-beneficios-imposto\/","og_site_name":"Suno Not\u00edcias","article_publisher":"https:\/\/facebook.com\/sunoresearch","og_image":[{"width":1920,"height":1440,"url":"https:\/\/files.sunoresearch.com.br\/n\/uploads\/2022\/06\/senior-g552be502d_1920.jpg","type":"image\/jpeg"}],"author":"Eduardo Vargas","twitter_card":"summary_large_image","twitter_creator":"@sunoresearch","twitter_site":"@sunoresearch","twitter_misc":{"Escrito por":"Eduardo Vargas","Est. tempo de leitura":"3 minutos"},"schema":{"@context":"https:\/\/schema.org","@graph":[{"@type":"NewsArticle","@id":"https:\/\/www.suno.com.br\/noticias\/fundos-previdencia-beneficios-imposto\/#article","isPartOf":{"@id":"https:\/\/www.suno.com.br\/noticias\/fundos-previdencia-beneficios-imposto\/"},"author":{"name":"Eduardo Vargas","@id":"https:\/\/www.suno.com.br\/noticias\/#\/schema\/person\/7f4d362bf3518e76090143ae77bb49a5"},"headline":"Fundos de previd\u00eancia n\u00e3o pagam imposto? Entenda","datePublished":"2023-02-07T17:54:51+00:00","dateModified":"2023-02-07T18:12:03+00:00","mainEntityOfPage":{"@id":"https:\/\/www.suno.com.br\/noticias\/fundos-previdencia-beneficios-imposto\/"},"wordCount":499,"publisher":{"@id":"https:\/\/www.suno.com.br\/noticias\/#organization"},"image":{"@id":"https:\/\/www.suno.com.br\/noticias\/fundos-previdencia-beneficios-imposto\/#primaryimage"},"thumbnailUrl":"https:\/\/files.sunoresearch.com.br\/n\/uploads\/2022\/06\/senior-g552be502d_1920.jpg","keywords":["Especialistas","Fundos de investimento","Previd\u00eancia","Previd\u00eancia Social"],"articleSection":["Mercado"],"inLanguage":"pt-BR"},{"@type":"WebPage","@id":"https:\/\/www.suno.com.br\/noticias\/fundos-previdencia-beneficios-imposto\/","url":"https:\/\/www.suno.com.br\/noticias\/fundos-previdencia-beneficios-imposto\/","name":"Fundos de previd\u00eancia n\u00e3o pagam imposto? Entenda","isPartOf":{"@id":"https:\/\/www.suno.com.br\/noticias\/#website"},"primaryImageOfPage":{"@id":"https:\/\/www.suno.com.br\/noticias\/fundos-previdencia-beneficios-imposto\/#primaryimage"},"image":{"@id":"https:\/\/www.suno.com.br\/noticias\/fundos-previdencia-beneficios-imposto\/#primaryimage"},"thumbnailUrl":"https:\/\/files.sunoresearch.com.br\/n\/uploads\/2022\/06\/senior-g552be502d_1920.jpg","datePublished":"2023-02-07T17:54:51+00:00","dateModified":"2023-02-07T18:12:03+00:00","description":"Gestor da Valora Investimentos explica como funcionam os benef\u00edcios tribut\u00e1rios dos fundos de previd\u00eancia. Clique e confira!","breadcrumb":{"@id":"https:\/\/www.suno.com.br\/noticias\/fundos-previdencia-beneficios-imposto\/#breadcrumb"},"inLanguage":"pt-BR","potentialAction":[{"@type":"ReadAction","target":["https:\/\/www.suno.com.br\/noticias\/fundos-previdencia-beneficios-imposto\/"]}]},{"@type":"ImageObject","inLanguage":"pt-BR","@id":"https:\/\/www.suno.com.br\/noticias\/fundos-previdencia-beneficios-imposto\/#primaryimage","url":"https:\/\/files.sunoresearch.com.br\/n\/uploads\/2022\/06\/senior-g552be502d_1920.jpg","contentUrl":"https:\/\/files.sunoresearch.com.br\/n\/uploads\/2022\/06\/senior-g552be502d_1920.jpg","width":1920,"height":1440,"caption":"Previd\u00eancia Privada. Foto: Pixabay"},{"@type":"BreadcrumbList","@id":"https:\/\/www.suno.com.br\/noticias\/fundos-previdencia-beneficios-imposto\/#breadcrumb","itemListElement":[{"@type":"ListItem","position":1,"name":"Not\u00edcias","item":"https:\/\/www.suno.com.br\/noticias\/"},{"@type":"ListItem","position":2,"name":"Mercado","item":"https:\/\/www.suno.com.br\/noticias\/mercado\/"},{"@type":"ListItem","position":3,"name":"Fundos de previd\u00eancia n\u00e3o pagam imposto? Entenda"}]},{"@type":"WebSite","@id":"https:\/\/www.suno.com.br\/noticias\/#website","url":"https:\/\/www.suno.com.br\/noticias\/","name":"Suno Not\u00edcias","description":"Seu portal de informa\u00e7\u00e3o sobre o mundo dos investimentos","publisher":{"@id":"https:\/\/www.suno.com.br\/noticias\/#organization"},"potentialAction":[{"@type":"SearchAction","target":{"@type":"EntryPoint","urlTemplate":"https:\/\/www.suno.com.br\/noticias\/?s={search_term_string}"},"query-input":{"@type":"PropertyValueSpecification","valueRequired":true,"valueName":"search_term_string"}}],"inLanguage":"pt-BR"},{"@type":"Organization","@id":"https:\/\/www.suno.com.br\/noticias\/#organization","name":"Suno Not\u00edcias","url":"https:\/\/www.suno.com.br\/noticias\/","logo":{"@type":"ImageObject","inLanguage":"pt-BR","@id":"https:\/\/www.suno.com.br\/noticias\/#\/schema\/logo\/image\/","url":"https:\/\/files.sunoresearch.com.br\/n\/uploads\/2021\/09\/suno-logo.png","contentUrl":"https:\/\/files.sunoresearch.com.br\/n\/uploads\/2021\/09\/suno-logo.png","width":180,"height":180,"caption":"Suno Not\u00edcias"},"image":{"@id":"https:\/\/www.suno.com.br\/noticias\/#\/schema\/logo\/image\/"},"sameAs":["https:\/\/facebook.com\/sunoresearch","https:\/\/x.com\/sunoresearch","https:\/\/www.instagram.com\/suno","https:\/\/www.linkedin.com\/company\/suno-research\/","https:\/\/www.youtube.com\/c\/sunoresearch"]},{"@type":"Person","@id":"https:\/\/www.suno.com.br\/noticias\/#\/schema\/person\/7f4d362bf3518e76090143ae77bb49a5","name":"Eduardo Vargas","image":{"@type":"ImageObject","inLanguage":"pt-BR","@id":"https:\/\/www.suno.com.br\/noticias\/#\/schema\/person\/image\/","url":"https:\/\/secure.gravatar.com\/avatar\/dac340933427a22924c9f99d1eb2e3f2?s=96&r=g","contentUrl":"https:\/\/secure.gravatar.com\/avatar\/dac340933427a22924c9f99d1eb2e3f2?s=96&r=g","caption":"Eduardo Vargas"},"description":"Jornalista formado pela UFSC, cobre macroeconomia, neg\u00f3cios e startups para o Suno Not\u00edcias, escrevendo principalmente not\u00edcias sobre o mercado financeiro e a bolsa de valores. No YouTube e no Instagram, \u00e9 respons\u00e1vel pela produ\u00e7\u00e3o de Reels e Shorts do Suno Not\u00edcias. Anteriormente, trabalhou cobrindo economia e cotidiano no ND+ e para o ND, maior jornal impresso de Santa Catarina. Cursou um semestre letivo de Estudos de M\u00eddia na Universidad de Buenos Aires.","url":"https:\/\/www.suno.com.br\/noticias\/author\/eduardo-vargas\/"}]}},"default_loop_html":"<div class=\"cardsPage__listCard__boxs\"><div class=\"cardsPage__listCard__boxs__img\"><a href=\"https:\/\/www.suno.com.br\/noticias\/fundos-previdencia-beneficios-imposto\/\"><img class=\"mask\" src=\"https:\/\/www.suno.com.br\/noticias\/wp-content\/themes\/suno\/resources\/images\/spotlight\/spotlight1img\/bg-mask.png\" alt=\"Image Mask\"\/><img src=\"https:\/\/files.sunoresearch.com.br\/n\/uploads\/2022\/06\/senior-g552be502d_1920-400x200.jpg\" alt=\"Fundos de previd\u00eancia n\u00e3o pagam imposto? Entenda\"\/><\/a><span class=\"spotlightCategory\"><a href=\"https:\/\/www.suno.com.br\/noticias\/mercado\/\">Mercado<\/a><\/span><\/div><div class=\"cardsPage__listCard__boxs__content\"><a href=\"https:\/\/www.suno.com.br\/noticias\/fundos-previdencia-beneficios-imposto\/\"><h2 class=\"content__title\">Fundos de previd\u00eancia n\u00e3o pagam imposto? Entenda<\/h2><\/a><div class=\"newsContent__article__meta\"><div class=\"newsContent__article__meta__authorBox\"><a href=\"https:\/\/www.suno.com.br\/noticias\/author\/eduardo-vargas\/\" class=\"authorBox__avatar noMobi\"><img src=\"https:\/\/secure.gravatar.com\/avatar\/dac340933427a22924c9f99d1eb2e3f2?s=96&#038;r=g\" alt=\"Eduardo Vargas\"><\/a><div class=\"authorBox__name\"><span>por\n\t\t\t<a href=\"https:\/\/www.suno.com.br\/noticias\/author\/eduardo-vargas\/\"><span itemprop=\"author\">Eduardo Vargas<\/span><\/a><\/span><time datetime=\"2023-02-07T14:54:51-03:00\" itemprop=\"datePublished\">07\/02\/2023 14:54<\/time><\/div><\/div><\/div><\/div><\/div>","single_layout":"posts","amp_enabled":true,"_links":{"self":[{"href":"https:\/\/www.suno.com.br\/noticias\/wp-json\/wp\/v2\/posts\/359755"}],"collection":[{"href":"https:\/\/www.suno.com.br\/noticias\/wp-json\/wp\/v2\/posts"}],"about":[{"href":"https:\/\/www.suno.com.br\/noticias\/wp-json\/wp\/v2\/types\/post"}],"author":[{"embeddable":true,"href":"https:\/\/www.suno.com.br\/noticias\/wp-json\/wp\/v2\/users\/73"}],"replies":[{"embeddable":true,"href":"https:\/\/www.suno.com.br\/noticias\/wp-json\/wp\/v2\/comments?post=359755"}],"version-history":[{"count":2,"href":"https:\/\/www.suno.com.br\/noticias\/wp-json\/wp\/v2\/posts\/359755\/revisions"}],"predecessor-version":[{"id":359814,"href":"https:\/\/www.suno.com.br\/noticias\/wp-json\/wp\/v2\/posts\/359755\/revisions\/359814"}],"wp:featuredmedia":[{"embeddable":true,"href":"https:\/\/www.suno.com.br\/noticias\/wp-json\/wp\/v2\/media\/266387"}],"wp:attachment":[{"href":"https:\/\/www.suno.com.br\/noticias\/wp-json\/wp\/v2\/media?parent=359755"}],"wp:term":[{"taxonomy":"category","embeddable":true,"href":"https:\/\/www.suno.com.br\/noticias\/wp-json\/wp\/v2\/categories?post=359755"},{"taxonomy":"post_tag","embeddable":true,"href":"https:\/\/www.suno.com.br\/noticias\/wp-json\/wp\/v2\/tags?post=359755"},{"taxonomy":"suno_strategy","embeddable":true,"href":"https:\/\/www.suno.com.br\/noticias\/wp-json\/wp\/v2\/suno_strategy?post=359755"}],"curies":[{"name":"wp","href":"https:\/\/api.w.org\/{rel}","templated":true}]}}