{"id":35971,"date":"2019-08-30T14:47:42","date_gmt":"2019-08-30T17:47:42","guid":{"rendered":"https:\/\/www.suno.com.br\/noticias\/?p=35971"},"modified":"2019-08-30T19:46:27","modified_gmt":"2019-08-30T22:46:27","slug":"br-distribuidora-lojas-americanas-parceria","status":"publish","type":"post","link":"https:\/\/www.suno.com.br\/noticias\/br-distribuidora-lojas-americanas-parceria\/","title":{"rendered":"BR Distribuidora e Lojas Americanas estudam parceria"},"content":{"rendered":"<p>A <strong>Lojas Americanas<\/strong> (LAME4) e a BR Distribuidora (BRDT3) est\u00e3o estudando uma <strong>parceria<\/strong> estrat\u00e9gica. As informa\u00e7\u00f5es sobre o acordo foram divulgadas nesta sexta-feira (30) pelas duas companhias.<\/p>\t<div class=\"wrapper-featured-image\">\n\t\t<figure class=\"spotlightImg\">\n\n\t\t\t<picture>\n\t\t\t\t<source media=\"(max-width: 768px)\" srcset=\"https:\/\/files.sunoresearch.com.br\/n\/uploads\/2019\/08\/4cc94088-br-400x200.webp\">\n\t\t\t\t<img loading=\"lazy\" decoding=\"async\" class=\"newsContent__article__imgCapa lazyloadDisabled newsContent__article__imgCapa--noCaption\" src=\"https:\/\/files.sunoresearch.com.br\/n\/uploads\/2019\/08\/4cc94088-br-800x450.webp\" width=\"800\" height=\"450\" alt=\"BR Distribuidora e Lojas Americanas estudam parceria\" fetchpriority=high \/>\n\t\t\t<\/picture>\n\n\t\t\t<figcaption class=\"wp-caption-text wp-caption-text--hide\">BR Distribuidora (BRDT3)<\/figcaption>\n\t\t<\/figure>\n\t<\/div>\n\n\n<p>O termo assinado \u00e9 referente \u00e0 gest\u00e3o das lojas de conveni\u00eancia da <strong>BR Distribuidora <\/strong>por parte da Lojas Americanas. O documento \u00e9 um termo que permitir\u00e1 o in\u00edcio de estudos sobre uma parceria estrat\u00e9gica.\u00a0No entanto, para que o acordo possa ser confirmado, ser\u00e1 necess\u00e1ria a autoriza\u00e7\u00e3o dos representantes da duas empresas.<\/p>\n\n<p>&#8220;A assinatura desse memorando representa mais uma etapa no processo de defini\u00e7\u00e3o do novo modelo de neg\u00f3cio de conveni\u00eancia e da poss\u00edvel parceria, que tem como objetivo promover a expans\u00e3o da BR neste segmento e maximizar a gera\u00e7\u00e3o de valor para a companhia, bem como para seus revendedores&#8221;, explicou a companhia de distribui\u00e7\u00e3o.<\/p>\n<p>A estrutura do projeto, os valores e o prazo ainda n\u00e3o foram definidos pela <strong>BR Distribuidora<\/strong> e pela Lojas Americanas, visto que o acordo ainda est\u00e1 em est\u00e1gio preliminar.<\/p>\n<p>Conforme o comunicado divulgado pela distribuidora de combust\u00edveis, a <strong>BR Partners<\/strong> \u00e9 respons\u00e1vel por conduzir o processo competitivo que definir\u00e1 o acordo. Al\u00e9m das <strong>Lojas Americanas<\/strong>, outras empresas tamb\u00e9m s\u00e3o potenciais candidatos.<\/p>\n<h2>Cota\u00e7\u00e3o das empresas na B3<\/h2>\n<p>As <strong>a\u00e7\u00f5es<\/strong> da BR Distribuidora est\u00e3o operando em queda de 1,04%, por volta das 14h40, na <a href=\"https:\/\/www.suno.com.br\/artigos\/bovespa-precedente-b3\/\"><strong>Bolsa de Valores de S\u00e3o Paulo (B3)<\/strong><\/a>. Os <a href=\"https:\/\/www.suno.com.br\/artigos\/o-que-sao-acoes-ordinarias-preferenciais-e-units\/\">pap\u00e9is ordin\u00e1rios<\/a> da empresa est\u00e3o cotados em R$ 28,50.<\/p>\n\t<p>\n\t\t<a href=\"https:\/\/lp2.suno.com.br\/pv\/bolsa-para-iniciantes?utm_campaign=_SNC757A2733_rs.mpr26---meu-primeiro-rendimento---venda---not\u00edcias&#038;utm_source=suno-not\u00edcias&#038;utm_medium=banner.noticias\" target=\"_blank\" data-element=\"shortcode-suno-banner\" title=\"Banner SUNO, clique e saiba mais\">\n\t\t\t<picture>\n\t\t\t\t<source media=\"(max-width: 500px)\" srcset=\"https:\/\/files.sunoresearch.com.br\/n\/uploads\/2026\/04\/400x300-Banner-Materias-01-png.webp\">\n\t\t\t\t<img class=\"newsContent__article__imgCapa newsContent__article__imgCapa--banner\"\n\t\t\t\t\tsrc=\"https:\/\/files.sunoresearch.com.br\/n\/uploads\/2026\/04\/1420x240-Banner-Materias-01-png.webp\"\n\t\t\t\t\tdata-promo-id=\"647482\"\t\t\t\t\t\t\t\t\t\twidth='1420' height='240'\t\t\t\t\talt=\"https:\/\/files.sunoresearch.com.br\/n\/uploads\/2026\/04\/1420x240-Banner-Materias-01-png.webp\"\n\t\t\t\t>\n\t\t\t<\/picture>\n\t\t<\/a>\n\t<\/p>\n\n\n<p>Em contrapartida, a Lojas Americanas (LAME4) opera em alta de 2,28%, tamb\u00e9m por volta das 14h40. As <strong>a\u00e7\u00f5es preferenciais<\/strong> da varejista est\u00e3o negociadas a R$ 18,42.<\/p>\n<h2>Novo conselho administrativo da BR Distribuidora<\/h2>\n<p>Nesta semana, a companhia de distribui\u00e7\u00e3o de combust\u00edvel informou os nomes dos candidatos ao novo conselho de administra\u00e7\u00e3o da empresa. A elei\u00e7\u00e3o acontecer\u00e1 na Assembleia Geral Extraordin\u00e1ria (AGE) da companhia no dia 18 de setembro, com nove membros e um do conselho fiscal.<\/p>\n<p><a href=\"https:\/\/www.suno.com.br\/noticias\/br-distribuidora-novo-conselho-administracao-setembro\/\">Saiba mais: BR Distribuidora divulgar\u00e1 novo conselho de administra\u00e7\u00e3o em 18 de setembro<\/a><\/p>\n<p>A troca no conselho administrativo ocorre ap\u00f3s a privatiza\u00e7\u00e3o da empresa, que aconteceu no dia 24 de julho. A desestatiza\u00e7\u00e3o aconteceu por conta da venda de 30% das suas a\u00e7\u00f5es pela ex-controladora, a <strong>Petrobras<\/strong>.<\/p>\n<p>&#8220;Os candidatos indicados pelos acionistas com mais de 1% de participa\u00e7\u00e3o no capital social da companhia t\u00eam perfis complementares e aderentes aos desafios que se apresentam nesta nova etapa (&#8230;)&#8221;, informou a <strong>BR Distribuidora<\/strong> em comunicado.<\/p>\n","protected":false},"excerpt":{"rendered":"<p>A Lojas Americanas (LAME4) e a BR Distribuidora (BRDT3) est\u00e3o estudando uma parceria estrat\u00e9gica. As informa\u00e7\u00f5es sobre o acordo foram divulgadas nesta sexta-feira (30) pelas duas companhias. BR Distribuidora (BRDT3) O termo assinado \u00e9 referente \u00e0 gest\u00e3o das lojas de conveni\u00eancia da BR Distribuidora por parte da Lojas Americanas. O documento \u00e9 um termo que [&hellip;]<\/p>\n","protected":false},"author":18,"featured_media":32957,"comment_status":"closed","ping_status":"closed","sticky":false,"template":"","format":"standard","meta":[],"categories":[64],"tags":[1595,1596,539,596],"suno_strategy":[],"class_list":["post-35971","post","type-post","status-publish","format-standard","has-post-thumbnail","hentry","category-negocios","tag-acoes-ordinarias","tag-acoes-preferenciais","tag-lojas-americanas-lame3-lame4","tag-vibra-energia-vbbr3"],"yoast_head":"<!-- This site is optimized with the Yoast SEO plugin v24.4 - https:\/\/yoast.com\/wordpress\/plugins\/seo\/ -->\n<title>BR Distribuidora e Lojas Americanas estudam parceria<\/title>\n<meta name=\"description\" content=\"A Lojas Americanas e a BR Distribuidora assinaram um termo que permitir\u00e1 o in\u00edcio de estudos sobre uma parceria. Clique para saber mais.\" \/>\n<meta name=\"robots\" content=\"index, follow, max-snippet:-1, max-image-preview:large, max-video-preview:-1\" \/>\n<link rel=\"canonical\" href=\"https:\/\/www.suno.com.br\/noticias\/br-distribuidora-lojas-americanas-parceria\/\" \/>\n<meta property=\"og:locale\" content=\"pt_BR\" \/>\n<meta property=\"og:type\" content=\"article\" \/>\n<meta property=\"og:title\" content=\"BR Distribuidora e Lojas Americanas estudam parceria\" \/>\n<meta property=\"og:description\" content=\"A Lojas Americanas e a BR Distribuidora assinaram um termo que permitir\u00e1 o in\u00edcio de estudos sobre uma parceria. Clique para saber mais.\" \/>\n<meta property=\"og:url\" content=\"https:\/\/www.suno.com.br\/noticias\/br-distribuidora-lojas-americanas-parceria\/\" \/>\n<meta property=\"og:site_name\" content=\"Suno Not\u00edcias\" \/>\n<meta property=\"article:publisher\" content=\"https:\/\/facebook.com\/sunoresearch\" \/>\n<meta property=\"og:image\" content=\"https:\/\/files.sunoresearch.com.br\/n\/uploads\/2019\/08\/4cc94088-br.jpeg\" \/>\n\t<meta property=\"og:image:width\" content=\"1000\" \/>\n\t<meta property=\"og:image:height\" content=\"667\" \/>\n\t<meta property=\"og:image:type\" content=\"image\/jpeg\" \/>\n<meta name=\"author\" content=\"Giovanna Oliveira\" \/>\n<meta name=\"twitter:card\" content=\"summary_large_image\" \/>\n<meta name=\"twitter:creator\" content=\"@sunoresearch\" \/>\n<meta name=\"twitter:site\" content=\"@sunoresearch\" \/>\n<meta name=\"twitter:label1\" content=\"Escrito por\" \/>\n\t<meta name=\"twitter:data1\" content=\"Giovanna Oliveira\" \/>\n\t<meta name=\"twitter:label2\" content=\"Est. tempo de leitura\" \/>\n\t<meta name=\"twitter:data2\" content=\"2 minutos\" \/>\n<script type=\"application\/ld+json\" class=\"yoast-schema-graph\">{\"@context\":\"https:\/\/schema.org\",\"@graph\":[{\"@type\":\"NewsArticle\",\"@id\":\"https:\/\/www.suno.com.br\/noticias\/br-distribuidora-lojas-americanas-parceria\/#article\",\"isPartOf\":{\"@id\":\"https:\/\/www.suno.com.br\/noticias\/br-distribuidora-lojas-americanas-parceria\/\"},\"author\":{\"name\":\"Giovanna Oliveira\",\"@id\":\"https:\/\/www.suno.com.br\/noticias\/#\/schema\/person\/4e19e3d2575736e5283d58eb3199d120\"},\"headline\":\"BR Distribuidora e Lojas Americanas estudam parceria\",\"datePublished\":\"2019-08-30T17:47:42+00:00\",\"dateModified\":\"2019-08-30T22:46:27+00:00\",\"mainEntityOfPage\":{\"@id\":\"https:\/\/www.suno.com.br\/noticias\/br-distribuidora-lojas-americanas-parceria\/\"},\"wordCount\":431,\"publisher\":{\"@id\":\"https:\/\/www.suno.com.br\/noticias\/#organization\"},\"image\":{\"@id\":\"https:\/\/www.suno.com.br\/noticias\/br-distribuidora-lojas-americanas-parceria\/#primaryimage\"},\"thumbnailUrl\":\"https:\/\/files.sunoresearch.com.br\/n\/uploads\/2019\/08\/4cc94088-br-jpeg.webp\",\"keywords\":[\"a\u00e7\u00f5es ordin\u00e1rias\",\"a\u00e7\u00f5es preferenciais\",\"Lojas Americanas (LAME3\/LAME4)\",\"Vibra Energia (VBBR3)\"],\"articleSection\":[\"Neg\u00f3cios\"],\"inLanguage\":\"pt-BR\"},{\"@type\":\"WebPage\",\"@id\":\"https:\/\/www.suno.com.br\/noticias\/br-distribuidora-lojas-americanas-parceria\/\",\"url\":\"https:\/\/www.suno.com.br\/noticias\/br-distribuidora-lojas-americanas-parceria\/\",\"name\":\"BR Distribuidora e Lojas Americanas estudam parceria\",\"isPartOf\":{\"@id\":\"https:\/\/www.suno.com.br\/noticias\/#website\"},\"primaryImageOfPage\":{\"@id\":\"https:\/\/www.suno.com.br\/noticias\/br-distribuidora-lojas-americanas-parceria\/#primaryimage\"},\"image\":{\"@id\":\"https:\/\/www.suno.com.br\/noticias\/br-distribuidora-lojas-americanas-parceria\/#primaryimage\"},\"thumbnailUrl\":\"https:\/\/files.sunoresearch.com.br\/n\/uploads\/2019\/08\/4cc94088-br-jpeg.webp\",\"datePublished\":\"2019-08-30T17:47:42+00:00\",\"dateModified\":\"2019-08-30T22:46:27+00:00\",\"description\":\"A Lojas Americanas e a BR Distribuidora assinaram um termo que permitir\u00e1 o in\u00edcio de estudos sobre uma parceria. Clique para saber mais.\",\"breadcrumb\":{\"@id\":\"https:\/\/www.suno.com.br\/noticias\/br-distribuidora-lojas-americanas-parceria\/#breadcrumb\"},\"inLanguage\":\"pt-BR\",\"potentialAction\":[{\"@type\":\"ReadAction\",\"target\":[\"https:\/\/www.suno.com.br\/noticias\/br-distribuidora-lojas-americanas-parceria\/\"]}]},{\"@type\":\"ImageObject\",\"inLanguage\":\"pt-BR\",\"@id\":\"https:\/\/www.suno.com.br\/noticias\/br-distribuidora-lojas-americanas-parceria\/#primaryimage\",\"url\":\"https:\/\/files.sunoresearch.com.br\/n\/uploads\/2019\/08\/4cc94088-br-jpeg.webp\",\"contentUrl\":\"https:\/\/files.sunoresearch.com.br\/n\/uploads\/2019\/08\/4cc94088-br-jpeg.webp\",\"width\":1000,\"height\":667,\"caption\":\"BR Distribuidora (BRDT3)\"},{\"@type\":\"BreadcrumbList\",\"@id\":\"https:\/\/www.suno.com.br\/noticias\/br-distribuidora-lojas-americanas-parceria\/#breadcrumb\",\"itemListElement\":[{\"@type\":\"ListItem\",\"position\":1,\"name\":\"Not\u00edcias\",\"item\":\"https:\/\/www.suno.com.br\/noticias\/\"},{\"@type\":\"ListItem\",\"position\":2,\"name\":\"Neg\u00f3cios\",\"item\":\"https:\/\/www.suno.com.br\/noticias\/negocios\/\"},{\"@type\":\"ListItem\",\"position\":3,\"name\":\"BR Distribuidora e Lojas Americanas estudam parceria\"}]},{\"@type\":\"WebSite\",\"@id\":\"https:\/\/www.suno.com.br\/noticias\/#website\",\"url\":\"https:\/\/www.suno.com.br\/noticias\/\",\"name\":\"Suno Not\u00edcias\",\"description\":\"Seu portal de informa\u00e7\u00e3o sobre o mundo dos investimentos\",\"publisher\":{\"@id\":\"https:\/\/www.suno.com.br\/noticias\/#organization\"},\"potentialAction\":[{\"@type\":\"SearchAction\",\"target\":{\"@type\":\"EntryPoint\",\"urlTemplate\":\"https:\/\/www.suno.com.br\/noticias\/?s={search_term_string}\"},\"query-input\":{\"@type\":\"PropertyValueSpecification\",\"valueRequired\":true,\"valueName\":\"search_term_string\"}}],\"inLanguage\":\"pt-BR\"},{\"@type\":\"Organization\",\"@id\":\"https:\/\/www.suno.com.br\/noticias\/#organization\",\"name\":\"Suno Not\u00edcias\",\"url\":\"https:\/\/www.suno.com.br\/noticias\/\",\"logo\":{\"@type\":\"ImageObject\",\"inLanguage\":\"pt-BR\",\"@id\":\"https:\/\/www.suno.com.br\/noticias\/#\/schema\/logo\/image\/\",\"url\":\"https:\/\/files.sunoresearch.com.br\/n\/uploads\/2021\/09\/suno-logo.png\",\"contentUrl\":\"https:\/\/files.sunoresearch.com.br\/n\/uploads\/2021\/09\/suno-logo.png\",\"width\":180,\"height\":180,\"caption\":\"Suno Not\u00edcias\"},\"image\":{\"@id\":\"https:\/\/www.suno.com.br\/noticias\/#\/schema\/logo\/image\/\"},\"sameAs\":[\"https:\/\/facebook.com\/sunoresearch\",\"https:\/\/x.com\/sunoresearch\",\"https:\/\/www.instagram.com\/suno\",\"https:\/\/www.linkedin.com\/company\/suno-research\/\",\"https:\/\/www.youtube.com\/c\/sunoresearch\"]},{\"@type\":\"Person\",\"@id\":\"https:\/\/www.suno.com.br\/noticias\/#\/schema\/person\/4e19e3d2575736e5283d58eb3199d120\",\"name\":\"Giovanna Oliveira\",\"image\":{\"@type\":\"ImageObject\",\"inLanguage\":\"pt-BR\",\"@id\":\"https:\/\/www.suno.com.br\/noticias\/#\/schema\/person\/image\/\",\"url\":\"https:\/\/secure.gravatar.com\/avatar\/9a37b3ae208962ac568992d0ffdbc2eb?s=96&r=g\",\"contentUrl\":\"https:\/\/secure.gravatar.com\/avatar\/9a37b3ae208962ac568992d0ffdbc2eb?s=96&r=g\",\"caption\":\"Giovanna Oliveira\"},\"description\":\"Giovanna Oliveira escreve sobre economia e pol\u00edtica. Foi rep\u00f3rter do portal de jornalismo da ESPM-SP e produziu conte\u00fado para a Corinthians TV. \u00c9 estudante da ESPM.\",\"url\":\"https:\/\/www.suno.com.br\/noticias\/author\/giovanna\/\"}]}<\/script>\n<!-- \/ Yoast SEO plugin. -->","yoast_head_json":{"title":"BR Distribuidora e Lojas Americanas estudam parceria","description":"A Lojas Americanas e a BR Distribuidora assinaram um termo que permitir\u00e1 o in\u00edcio de estudos sobre uma parceria. Clique para saber mais.","robots":{"index":"index","follow":"follow","max-snippet":"max-snippet:-1","max-image-preview":"max-image-preview:large","max-video-preview":"max-video-preview:-1"},"canonical":"https:\/\/www.suno.com.br\/noticias\/br-distribuidora-lojas-americanas-parceria\/","og_locale":"pt_BR","og_type":"article","og_title":"BR Distribuidora e Lojas Americanas estudam parceria","og_description":"A Lojas Americanas e a BR Distribuidora assinaram um termo que permitir\u00e1 o in\u00edcio de estudos sobre uma parceria. Clique para saber mais.","og_url":"https:\/\/www.suno.com.br\/noticias\/br-distribuidora-lojas-americanas-parceria\/","og_site_name":"Suno Not\u00edcias","article_publisher":"https:\/\/facebook.com\/sunoresearch","og_image":[{"width":1000,"height":667,"url":"https:\/\/files.sunoresearch.com.br\/n\/uploads\/2019\/08\/4cc94088-br.jpeg","type":"image\/jpeg"}],"author":"Giovanna Oliveira","twitter_card":"summary_large_image","twitter_creator":"@sunoresearch","twitter_site":"@sunoresearch","twitter_misc":{"Escrito por":"Giovanna Oliveira","Est. tempo de leitura":"2 minutos"},"schema":{"@context":"https:\/\/schema.org","@graph":[{"@type":"NewsArticle","@id":"https:\/\/www.suno.com.br\/noticias\/br-distribuidora-lojas-americanas-parceria\/#article","isPartOf":{"@id":"https:\/\/www.suno.com.br\/noticias\/br-distribuidora-lojas-americanas-parceria\/"},"author":{"name":"Giovanna Oliveira","@id":"https:\/\/www.suno.com.br\/noticias\/#\/schema\/person\/4e19e3d2575736e5283d58eb3199d120"},"headline":"BR Distribuidora e Lojas Americanas estudam parceria","datePublished":"2019-08-30T17:47:42+00:00","dateModified":"2019-08-30T22:46:27+00:00","mainEntityOfPage":{"@id":"https:\/\/www.suno.com.br\/noticias\/br-distribuidora-lojas-americanas-parceria\/"},"wordCount":431,"publisher":{"@id":"https:\/\/www.suno.com.br\/noticias\/#organization"},"image":{"@id":"https:\/\/www.suno.com.br\/noticias\/br-distribuidora-lojas-americanas-parceria\/#primaryimage"},"thumbnailUrl":"https:\/\/files.sunoresearch.com.br\/n\/uploads\/2019\/08\/4cc94088-br-jpeg.webp","keywords":["a\u00e7\u00f5es ordin\u00e1rias","a\u00e7\u00f5es preferenciais","Lojas Americanas (LAME3\/LAME4)","Vibra Energia (VBBR3)"],"articleSection":["Neg\u00f3cios"],"inLanguage":"pt-BR"},{"@type":"WebPage","@id":"https:\/\/www.suno.com.br\/noticias\/br-distribuidora-lojas-americanas-parceria\/","url":"https:\/\/www.suno.com.br\/noticias\/br-distribuidora-lojas-americanas-parceria\/","name":"BR Distribuidora e Lojas Americanas estudam parceria","isPartOf":{"@id":"https:\/\/www.suno.com.br\/noticias\/#website"},"primaryImageOfPage":{"@id":"https:\/\/www.suno.com.br\/noticias\/br-distribuidora-lojas-americanas-parceria\/#primaryimage"},"image":{"@id":"https:\/\/www.suno.com.br\/noticias\/br-distribuidora-lojas-americanas-parceria\/#primaryimage"},"thumbnailUrl":"https:\/\/files.sunoresearch.com.br\/n\/uploads\/2019\/08\/4cc94088-br-jpeg.webp","datePublished":"2019-08-30T17:47:42+00:00","dateModified":"2019-08-30T22:46:27+00:00","description":"A Lojas Americanas e a BR Distribuidora assinaram um termo que permitir\u00e1 o in\u00edcio de estudos sobre uma parceria. Clique para saber mais.","breadcrumb":{"@id":"https:\/\/www.suno.com.br\/noticias\/br-distribuidora-lojas-americanas-parceria\/#breadcrumb"},"inLanguage":"pt-BR","potentialAction":[{"@type":"ReadAction","target":["https:\/\/www.suno.com.br\/noticias\/br-distribuidora-lojas-americanas-parceria\/"]}]},{"@type":"ImageObject","inLanguage":"pt-BR","@id":"https:\/\/www.suno.com.br\/noticias\/br-distribuidora-lojas-americanas-parceria\/#primaryimage","url":"https:\/\/files.sunoresearch.com.br\/n\/uploads\/2019\/08\/4cc94088-br-jpeg.webp","contentUrl":"https:\/\/files.sunoresearch.com.br\/n\/uploads\/2019\/08\/4cc94088-br-jpeg.webp","width":1000,"height":667,"caption":"BR Distribuidora (BRDT3)"},{"@type":"BreadcrumbList","@id":"https:\/\/www.suno.com.br\/noticias\/br-distribuidora-lojas-americanas-parceria\/#breadcrumb","itemListElement":[{"@type":"ListItem","position":1,"name":"Not\u00edcias","item":"https:\/\/www.suno.com.br\/noticias\/"},{"@type":"ListItem","position":2,"name":"Neg\u00f3cios","item":"https:\/\/www.suno.com.br\/noticias\/negocios\/"},{"@type":"ListItem","position":3,"name":"BR Distribuidora e Lojas Americanas estudam parceria"}]},{"@type":"WebSite","@id":"https:\/\/www.suno.com.br\/noticias\/#website","url":"https:\/\/www.suno.com.br\/noticias\/","name":"Suno Not\u00edcias","description":"Seu portal de informa\u00e7\u00e3o sobre o mundo dos investimentos","publisher":{"@id":"https:\/\/www.suno.com.br\/noticias\/#organization"},"potentialAction":[{"@type":"SearchAction","target":{"@type":"EntryPoint","urlTemplate":"https:\/\/www.suno.com.br\/noticias\/?s={search_term_string}"},"query-input":{"@type":"PropertyValueSpecification","valueRequired":true,"valueName":"search_term_string"}}],"inLanguage":"pt-BR"},{"@type":"Organization","@id":"https:\/\/www.suno.com.br\/noticias\/#organization","name":"Suno Not\u00edcias","url":"https:\/\/www.suno.com.br\/noticias\/","logo":{"@type":"ImageObject","inLanguage":"pt-BR","@id":"https:\/\/www.suno.com.br\/noticias\/#\/schema\/logo\/image\/","url":"https:\/\/files.sunoresearch.com.br\/n\/uploads\/2021\/09\/suno-logo.png","contentUrl":"https:\/\/files.sunoresearch.com.br\/n\/uploads\/2021\/09\/suno-logo.png","width":180,"height":180,"caption":"Suno Not\u00edcias"},"image":{"@id":"https:\/\/www.suno.com.br\/noticias\/#\/schema\/logo\/image\/"},"sameAs":["https:\/\/facebook.com\/sunoresearch","https:\/\/x.com\/sunoresearch","https:\/\/www.instagram.com\/suno","https:\/\/www.linkedin.com\/company\/suno-research\/","https:\/\/www.youtube.com\/c\/sunoresearch"]},{"@type":"Person","@id":"https:\/\/www.suno.com.br\/noticias\/#\/schema\/person\/4e19e3d2575736e5283d58eb3199d120","name":"Giovanna Oliveira","image":{"@type":"ImageObject","inLanguage":"pt-BR","@id":"https:\/\/www.suno.com.br\/noticias\/#\/schema\/person\/image\/","url":"https:\/\/secure.gravatar.com\/avatar\/9a37b3ae208962ac568992d0ffdbc2eb?s=96&r=g","contentUrl":"https:\/\/secure.gravatar.com\/avatar\/9a37b3ae208962ac568992d0ffdbc2eb?s=96&r=g","caption":"Giovanna Oliveira"},"description":"Giovanna Oliveira escreve sobre economia e pol\u00edtica. Foi rep\u00f3rter do portal de jornalismo da ESPM-SP e produziu conte\u00fado para a Corinthians TV. \u00c9 estudante da ESPM.","url":"https:\/\/www.suno.com.br\/noticias\/author\/giovanna\/"}]}},"default_loop_html":"<div class=\"cardsPage__listCard__boxs\"><div class=\"cardsPage__listCard__boxs__img\"><a href=\"https:\/\/www.suno.com.br\/noticias\/br-distribuidora-lojas-americanas-parceria\/\"><img class=\"mask\" src=\"https:\/\/www.suno.com.br\/noticias\/wp-content\/themes\/suno\/resources\/images\/spotlight\/spotlight1img\/bg-mask.png\" alt=\"Image Mask\"\/><img src=\"https:\/\/files.sunoresearch.com.br\/n\/uploads\/2019\/08\/4cc94088-br-400x200.webp\" alt=\"BR Distribuidora e Lojas Americanas estudam parceria\"\/><\/a><span class=\"spotlightCategory\"><a href=\"https:\/\/www.suno.com.br\/noticias\/negocios\/\">Neg\u00f3cios<\/a><\/span><\/div><div class=\"cardsPage__listCard__boxs__content\"><a href=\"https:\/\/www.suno.com.br\/noticias\/br-distribuidora-lojas-americanas-parceria\/\"><h2 class=\"content__title\">BR Distribuidora e Lojas Americanas estudam parceria<\/h2><\/a><div class=\"newsContent__article__meta\"><div class=\"newsContent__article__meta__authorBox\"><a href=\"https:\/\/www.suno.com.br\/noticias\/author\/giovanna\/\" class=\"authorBox__avatar noMobi\"><img src=\"https:\/\/files.sunoresearch.com.br\/n\/uploads\/2019\/06\/952a89ca-screenshot_20190608-171507-150x150.webp\" alt=\"Giovanna Oliveira\"><\/a><div class=\"authorBox__name\"><span>por\n\t\t\t<a href=\"https:\/\/www.suno.com.br\/noticias\/author\/giovanna\/\"><span itemprop=\"author\">Giovanna Oliveira<\/span><\/a><\/span><time datetime=\"2019-08-30T14:47:42-03:00\" itemprop=\"datePublished\">30\/08\/2019 14:47<\/time><\/div><\/div><\/div><\/div><\/div>","single_layout":"posts","amp_enabled":true,"_links":{"self":[{"href":"https:\/\/www.suno.com.br\/noticias\/wp-json\/wp\/v2\/posts\/35971"}],"collection":[{"href":"https:\/\/www.suno.com.br\/noticias\/wp-json\/wp\/v2\/posts"}],"about":[{"href":"https:\/\/www.suno.com.br\/noticias\/wp-json\/wp\/v2\/types\/post"}],"author":[{"embeddable":true,"href":"https:\/\/www.suno.com.br\/noticias\/wp-json\/wp\/v2\/users\/18"}],"replies":[{"embeddable":true,"href":"https:\/\/www.suno.com.br\/noticias\/wp-json\/wp\/v2\/comments?post=35971"}],"version-history":[{"count":0,"href":"https:\/\/www.suno.com.br\/noticias\/wp-json\/wp\/v2\/posts\/35971\/revisions"}],"wp:featuredmedia":[{"embeddable":true,"href":"https:\/\/www.suno.com.br\/noticias\/wp-json\/wp\/v2\/media\/32957"}],"wp:attachment":[{"href":"https:\/\/www.suno.com.br\/noticias\/wp-json\/wp\/v2\/media?parent=35971"}],"wp:term":[{"taxonomy":"category","embeddable":true,"href":"https:\/\/www.suno.com.br\/noticias\/wp-json\/wp\/v2\/categories?post=35971"},{"taxonomy":"post_tag","embeddable":true,"href":"https:\/\/www.suno.com.br\/noticias\/wp-json\/wp\/v2\/tags?post=35971"},{"taxonomy":"suno_strategy","embeddable":true,"href":"https:\/\/www.suno.com.br\/noticias\/wp-json\/wp\/v2\/suno_strategy?post=35971"}],"curies":[{"name":"wp","href":"https:\/\/api.w.org\/{rel}","templated":true}]}}