{"id":359695,"date":"2023-02-07T15:37:32","date_gmt":"2023-02-07T18:37:32","guid":{"rendered":"https:\/\/www.suno.com.br\/noticias\/?p=359695"},"modified":"2023-02-07T15:37:38","modified_gmt":"2023-02-07T18:37:38","slug":"oi-oibr3-ceo-divida-reestruturacao","status":"publish","type":"post","link":"https:\/\/www.suno.com.br\/noticias\/oi-oibr3-ceo-divida-reestruturacao\/","title":{"rendered":"Oi (OIBR3): CEO defende viabilidade operacional e diz que foco \u00e9 reestruturar d\u00edvida"},"content":{"rendered":"<p>O CEO da <a class=\"suno-keyword\" data-force=\"yes\" data-priority=\"2\" href=\"https:\/\/www.suno.com.br\/acoes\/OIBR3\/\" target=\"_blank\" rel=\"noopener\"><strong>Oi <\/strong>(OIBR3)<\/a>, Rodrigo Abreu, defendeu na manh\u00e3 desta ter\u00e7a-feira (7) que a companhia \u00e9 sustent\u00e1vel do ponto de vista de estrat\u00e9gia e opera\u00e7\u00e3o e que a reestrutura\u00e7\u00e3o da d\u00edvida financeira da empresa n\u00e3o ir\u00e1 afetar as atividades. <\/p>\t<div class=\"wrapper-featured-image\">\n\t\t<figure class=\"spotlightImg\">\n\n\t\t\t<picture>\n\t\t\t\t<source media=\"(max-width: 768px)\" srcset=\"https:\/\/files.sunoresearch.com.br\/n\/uploads\/2022\/11\/oi-acoes-fecham-em-queda-400x200.jpg\">\n\t\t\t\t<img loading=\"lazy\" decoding=\"async\" class=\"newsContent__article__imgCapa lazyloadDisabled \" src=\"https:\/\/files.sunoresearch.com.br\/n\/uploads\/2022\/11\/oi-acoes-fecham-em-queda-800x450.jpg\" width=\"800\" height=\"450\" alt=\"Oi (OIBR3): CEO defende viabilidade operacional e diz que foco \u00e9 reestruturar d\u00edvida\" fetchpriority=high \/>\n\t\t\t<\/picture>\n\n\t\t\t<figcaption class=\"wp-caption-text wp-caption-text--show\">Oi (OIBR3). Foto: Divulga\u00e7\u00e3o<\/figcaption>\n\t\t<\/figure>\n\t<\/div>\n\n\n\n\n\n\t<p>\n\t\t<a href=\"\" target=\"_blank\" data-element=\"shortcode-suno-banner\" title=\"Banner SUNO, clique e saiba mais\">\n\t\t\t<picture>\n\t\t\t\t<source media=\"(max-width: 500px)\" srcset=\"\">\n\t\t\t\t<img class=\"newsContent__article__imgCapa newsContent__article__imgCapa--banner\"\n\t\t\t\t\tsrc=\"\"\n\t\t\t\t\tdata-promo-id=\"138420\"\t\t\t\t\t\t\t\t\t\t\t\t\t\t\talt=\"\"\n\t\t\t\t>\n\t\t\t<\/picture>\n\t\t<\/a>\n\t<\/p>\n\n\n\n\n\n<p>&#8220;Ela carrega d\u00edvida do passado. N\u00e3o tem nada a ver com a <strong>opera\u00e7\u00e3o atual da Oi<\/strong>&#8220;, disse Abreu. As declara\u00e7\u00f5es foram dadas ap\u00f3s os executivos da empresa sa\u00edrem de reuni\u00e3o em Bras\u00edlia com a Ag\u00eancia Nacional de Telecomunica\u00e7\u00f5es (Anatel).<\/p>\n\n\n\n<p>De acordo com Abreu, o encontro teve car\u00e1ter de &#8220;acompanhamento de status&#8221; da Oi, em que ela prestou contas e mostrou seus planos e passos para a sustentabilidade futura da tele. &#8220;Se n\u00e3o acredit\u00e1ssemos na sustentabilidade n\u00e3o estar\u00edamos fazendo todo o plano que estamos fazendo h\u00e1 bastante tempo&#8221;, disse a jornalistas. &#8220;A <strong>Anatel<\/strong> tem dever de of\u00edcio de acompanhar concess\u00e3o.&#8221;<\/p>\n\n\n\n<p>A reuni\u00e3o aconteceu ap\u00f3s a Oi precisar buscar na Justi\u00e7a prote\u00e7\u00e3o contra seus credores, pouco mais de um m\u00eas ap\u00f3s ter decretado o fim de seu processo de <strong><a class=\"suno-keyword\" data-force=\"no\" data-priority=\"2\" href=\"https:\/\/www.suno.com.br\/artigos\/recuperacao-judicial\/\" target=\"_blank\" rel=\"noopener\">recupera\u00e7\u00e3o judicial<\/a> da Oi.<\/strong> Nesse contexto, Abreu dividiu o plano da empresa em tr\u00eas blocos de atua\u00e7\u00e3o. <\/p>\n\n\n\n<p>O primeiro, &#8220;operacional&#8221;, relativo \u00e0 continuidade do processo de reconstru\u00e7\u00e3o da Oi, focada no neg\u00f3cio de fibra. &#8220;Fizemos aposta estrat\u00e9gica de investimento em fibra, j\u00e1 agora h\u00e1 pouco mais de tr\u00eas anos. E de fato se n\u00e3o tivesse sido feito a companhia n\u00e3o teria perspectiva para futuro, ela tem aspira\u00e7\u00e3o de se tornar maior empresa de fibra do Pa\u00eds, do ponto de vista de banda larga&#8221;, afirmou o Executivo.<\/p>\n\n\n\t<p>\n\t\t<a href=\"https:\/\/lp.suno.com.br\/planilha-controle-gastos\/\" target=\"_blank\" data-element=\"shortcode-suno-banner\" title=\"Banner SUNO, clique e saiba mais\">\n\t\t\t<picture>\n\t\t\t\t<source media=\"(max-width: 500px)\" srcset=\"https:\/\/files.sunoresearch.com.br\/n\/uploads\/2023\/03\/400x300-Planilha-controle-de-gastos.png\">\n\t\t\t\t<img class=\"newsContent__article__imgCapa newsContent__article__imgCapa--banner\"\n\t\t\t\t\tsrc=\"https:\/\/files.sunoresearch.com.br\/n\/uploads\/2023\/03\/1420x240-Planilha-controle-de-gastos.png\"\n\t\t\t\t\tdata-promo-id=\"101751\"\t\t\t\t\t\t\t\t\t\twidth='1420' height='240'\t\t\t\t\talt=\"https:\/\/files.sunoresearch.com.br\/n\/uploads\/2023\/03\/1420x240-Planilha-controle-de-gastos.png\"\n\t\t\t\t>\n\t\t\t<\/picture>\n\t\t<\/a>\n\t<\/p>\n\n\n\n\n\n<p>O segundo pilar \u00e9 o de<strong> <a class=\"suno-keyword\" data-force=\"no\" data-priority=\"1\" href=\"https:\/\/www.suno.com.br\/artigos\/reestruturacao-de-divida\/\" target=\"_blank\" rel=\"noopener\">reestrutura\u00e7\u00e3o de d\u00edvida<\/a> da Oi<\/strong>. Defendendo que a opera\u00e7\u00e3o da Oi \u00e9 vi\u00e1vel e que o problema da d\u00edvida passada foi parcialmente resolvido com a primeira recupera\u00e7\u00e3o judicial, Abreu destacou que se &#8220;nada for feito&#8221;, a d\u00edvida que a tele carrega n\u00e3o \u00e9 compat\u00edvel com a capacidade de gera\u00e7\u00e3o de resultados futuros. \u00c9 por isso, segundo ele, que a empresa est\u00e1 focada na reestrutura\u00e7\u00e3o desse passivo, &#8220;primordialmente&#8221; o financeiro.<\/p>\n\n\n\n<p>&#8220;Renegocia\u00e7\u00e3o de d\u00edvidas financeiras, e esse \u00e9 o foco de todo nosso processo atual de medida, cautelar, de poss\u00edvel entrada de um plano pr\u00e9-acordado para poder registrar e formalizar negocia\u00e7\u00e3o. O pedido de tutela faz parte, n\u00e3o \u00e9 medida ex\u00f3tica&#8221;, diz ele.<\/p>\n\n\n\n<p>&#8220;Esperamos resolver o mais r\u00e1pido poss\u00edvel. Portanto, foi feito pedido para que possamos chegar a acordo de reestrutura\u00e7\u00e3o de d\u00edvida&#8221;, acrescentou o executivo. &#8220;N\u00e3o existe inten\u00e7\u00e3o de causar impacto em qualquer outro tipo de obriga\u00e7\u00e3o. Primordial \u00e9 a d\u00edvida financeira&#8221;.<\/p>\n\n\n\n<p>J\u00e1 o terceiro pilar de <strong>atua\u00e7\u00e3o da Oi<\/strong> se volta \u00e0 resolu\u00e7\u00e3o em torno do contrato de concess\u00e3o de telefonia fixa, que acaba em 2025. &#8220;Concess\u00e3o \u00e9 deficit\u00e1ria, na nossa vis\u00e3o, e h\u00e1 muito tempo temos discutido isso&#8221;, afirmou Abreu, que n\u00e3o quis entrar em mais detalhes sobre esse tema, que \u00e9 tratado junto \u00e0 Anatel. &#8220;N\u00e3o temos inten\u00e7\u00e3o de rever nenhum tipo de acordo e negocia\u00e7\u00e3o de transa\u00e7\u00e3o de cr\u00e9dito de Anatel, ou qualquer outro tipo de obriga\u00e7\u00e3o que j\u00e1 tenha sido transacionada. Isso j\u00e1 foi deixado claro&#8221;, afirmou.<\/p>\n\n\n\n<p>&#8220;Temos convic\u00e7\u00e3o de que, se n\u00e3o tivesse tomado todos os passo de reestrutura\u00e7\u00e3o de companhia, de venda de ativos, de cria\u00e7\u00e3o de opera\u00e7\u00f5es, a companhia hoje n\u00e3o existiria&#8221;, afirmou Abreu.<\/p>\n\n\n\n<p>Questionado sobre como enfrentar o endividamento atual sem os ativos que ajudaram a Oi  a sair da primeira recupera\u00e7\u00e3o judicial, o executivo respondeu que o processo de renegocia\u00e7\u00e3o est\u00e1 sendo discutido com credores e que a companhia &#8220;tem sim ativos&#8221;, citando a V.tal.<\/p>\n\n\n\n<h2 class=\"wp-block-heading\" id=\"h-a-oi-vai-pedir-recuperacao-judicial-de-novo\"><strong>A Oi vai pedir recupera\u00e7\u00e3o judicial de novo?<\/strong><\/h2>\n\n\n\n<p>Enquanto a&nbsp;<strong>Oi<\/strong>&nbsp;(<a href=\"https:\/\/suno.com.br\/acoes\/oibr3\/\" target=\"_blank\" rel=\"noreferrer noopener\">OIBR3<\/a>) n\u00e3o decide se entrar\u00e1 novamente em&nbsp;<a href=\"https:\/\/www.suno.com.br\/artigos\/recuperacao-judicial\/\" target=\"_blank\" rel=\"noreferrer noopener\">recupera\u00e7\u00e3o judicial<\/a>, a empresa estendeu o per\u00edodo de negocia\u00e7\u00e3o com os seus credores em uma tutela de urg\u00eancia. De acordo com informa\u00e7\u00f5es divulgadas nesta ter\u00e7a (7), a companhia tem 30 dias para definir qual ser\u00e1 o seu pr\u00f3ximo caminho.<\/p>\n\n\n\n<p>Segundo a apura\u00e7\u00e3o do Estad\u00e3o\/Broadcast, o&nbsp;<strong>alto escal\u00e3o da Oi<\/strong>&nbsp;ainda n\u00e3o definiu o momento em que encaminhar\u00e1 o pedido \u00e0 Justi\u00e7a.<\/p>\n\n\n\n<p>A empresa de telecomunica\u00e7\u00f5es tem buscado manter as negocia\u00e7\u00f5es com os credores para conseguir chegar a um acordo de refinanciamento das d\u00edvidas. O desenrolar dessas conversas ser\u00e1 o term\u00f4metro dos&nbsp;<strong>pr\u00f3ximos passos da Oi<\/strong>.<\/p>\n\n\n\n<p>Na \u00faltima semana, a empresa conseguiu uma prote\u00e7\u00e3o jur\u00eddica que suspende pagamentos a credores e impede execu\u00e7\u00f5es de cobran\u00e7a por um prazo de 30 dias. Na peti\u00e7\u00e3o, os advogados classificaram a situa\u00e7\u00e3o financeira da Oi como \u201cinsustent\u00e1vel\u201d.<a href=\"https:\/\/lps.suno.com.br\/cl\/6-anos-suno-quem-ganha-e-voce\/\" target=\"_blank\" rel=\"noreferrer noopener\"><\/a><\/p>\n\n\n\n<p>A<a href=\"https:\/\/www.suno.com.br\/noticias\/oi-oibr3-lista-credores-divida-27-bilhoes\/\" target=\"_blank\" rel=\"noreferrer noopener\">&nbsp;companhia tem R$ 29,7 bilh\u00f5es em d\u00edvidas financeiras<\/a>. Caso n\u00e3o haja um acordo entre os credores, a Oi n\u00e3o ter\u00e1 alternativa a n\u00e3o ser pedir um segundo processo de&nbsp;<strong>recupera\u00e7\u00e3o judicial<\/strong>.<\/p>\n\n\n\n<p>&#8220;Essa tutela basicamente protegia a a\u00e7\u00e3o dos credores da Oi. Ou seja os credores n\u00e3o poderiam cobrar nesse momento&#8221;,  resume Rafael Maluly Bombini, assessor da DOM Investimentos. Na vis\u00e3o do especialista, a perspectiva atual de recupera\u00e7\u00e3o judicial \u00e9 uma not\u00edcia &#8220;ruim&#8221; para as a\u00e7\u00f5es da companhia.<\/p>\n\n\n\n<p>&#8220;A reestrutura\u00e7\u00e3o financeira \u00e9 uma medida crucial para garantir o <strong>futuro da Oi<\/strong> e o comprometimento da empresa com esta a\u00e7\u00e3o mostra sua determina\u00e7\u00e3o em se recuperar. Al\u00e9m disso, a solu\u00e7\u00e3o para o contrato de telefonia fixa pode ser uma oportunidade para a Oi, permitindo a empresa alocar recursos em \u00e1reas mais estrat\u00e9gicas e rent\u00e1veis, o que pode ter um impacto positivo nas receitas e lucratividade futuras da empresa&#8221;, diz Fabr\u00edcio Gon\u00e7alvez CEO da Box Asset Management. <\/p>\n\n\n\n<p>Gon\u00e7alvez explica que, no curto prazo, as declara\u00e7\u00f5es do CEO da Oi podem ter um impacto positivo na <strong>cota\u00e7\u00e3o da OIBR3,<\/strong> transmitindo confian\u00e7a aos investidores sobre o futuro da empresa. No m\u00e9dio e longo prazo, as a\u00e7\u00f5es da Oi poder\u00e3o ser positivamente impactadas se a empresa cumprir suas metas financeiras, completa. &#8220;\u00c9 importante destacar que ainda h\u00e1 muito trabalho a ser feito, mas as declara\u00e7\u00f5es de Abreu transmitem otimismo e determina\u00e7\u00e3o em superar as dificuldades e garantir o futuro da empresa.&#8221;<\/p>\n\n\n\n<p>As a\u00e7\u00f5es da <strong>Oi <\/strong>subiam 6,4% \u00e0s 14h20 desta ter\u00e7a-feira (7), cotadas a R$ 1,33.<\/p>\n\n\n\n<p><em>Com informa\u00e7\u00f5es do Estad\u00e3o Conte\u00fado<\/em><\/p>\n\n\n\t<div data-element=\"shortcode-read-more\" class=\"knowMore\">\n\t\t\t\t<span class=\"knowMore__title\">Leia mais<\/span>\n\t\t\t\t<a class=\"knowMore__link\" href=\"https:\/\/www.suno.com.br\/noticias\/oi-oibr3-recuperacao-judicial-bater-martelo\/\">\n\t\t\tOi (OIBR3) vai pedir recupera\u00e7\u00e3o judicial de novo? Empresa estende negocia\u00e7\u00f5es antes de bater o martelo\t\t<\/a>\n\t<\/div>\n\n\n\n\t<p>\n\t\t<a href=\"https:\/\/lp.suno.com.br\/planilha-de-controle-de-investimentos\/\" target=\"_blank\" data-element=\"shortcode-suno-banner\" title=\"Banner SUNO, clique e saiba mais\">\n\t\t\t<picture>\n\t\t\t\t<source media=\"(max-width: 500px)\" srcset=\"https:\/\/files.sunoresearch.com.br\/n\/uploads\/2023\/03\/400x300-Controle-de-Investimentos.png\">\n\t\t\t\t<img class=\"newsContent__article__imgCapa newsContent__article__imgCapa--banner\"\n\t\t\t\t\tsrc=\"https:\/\/files.sunoresearch.com.br\/n\/uploads\/2023\/03\/1420x240-Controle-de-Investimentos.png\"\n\t\t\t\t\tdata-promo-id=\"75934\"\t\t\t\t\t\t\t\t\t\twidth='1420' height='240'\t\t\t\t\talt=\"https:\/\/files.sunoresearch.com.br\/n\/uploads\/2023\/03\/1420x240-Controle-de-Investimentos.png\"\n\t\t\t\t>\n\t\t\t<\/picture>\n\t\t<\/a>\n\t<\/p>\n\n\n","protected":false},"excerpt":{"rendered":"<p>O CEO da Oi (OIBR3), Rodrigo Abreu, defendeu na manh\u00e3 desta ter\u00e7a-feira (7) que a companhia \u00e9 sustent\u00e1vel do ponto de vista de estrat\u00e9gia e opera\u00e7\u00e3o e que a reestrutura\u00e7\u00e3o da d\u00edvida financeira da empresa n\u00e3o ir\u00e1 afetar as atividades. Oi (OIBR3). Foto: Divulga\u00e7\u00e3o &#8220;Ela carrega d\u00edvida do passado. N\u00e3o tem nada a ver com [&hellip;]<\/p>\n","protected":false},"author":195,"featured_media":321709,"comment_status":"closed","ping_status":"closed","sticky":false,"template":"","format":"standard","meta":[],"categories":[64],"tags":[286,584],"suno_strategy":[],"class_list":["post-359695","post","type-post","status-publish","format-standard","has-post-thumbnail","hentry","category-negocios","tag-acoes","tag-oi-oibr3-oibr4"],"yoast_head":"<!-- This site is optimized with the Yoast SEO plugin v24.4 - https:\/\/yoast.com\/wordpress\/plugins\/seo\/ -->\n<title>Oi (OIBR3): CEO diz que foco \u00e9 reestruturar d\u00edvida<\/title>\n<meta name=\"description\" content=\"O CEO da Oi (OIBR3) defendeu na manh\u00e3 desta ter\u00e7a-feira, 7, que a companhia \u00e9 sustent\u00e1vel do ponto de vista de estrat\u00e9gia e opera\u00e7\u00e3o.\" \/>\n<meta name=\"robots\" content=\"index, follow, max-snippet:-1, max-image-preview:large, max-video-preview:-1\" \/>\n<link rel=\"canonical\" href=\"https:\/\/www.suno.com.br\/noticias\/oi-oibr3-ceo-divida-reestruturacao\/\" \/>\n<meta property=\"og:locale\" content=\"pt_BR\" \/>\n<meta property=\"og:type\" content=\"article\" \/>\n<meta property=\"og:title\" content=\"Oi (OIBR3): CEO diz que foco \u00e9 reestruturar d\u00edvida\" \/>\n<meta property=\"og:description\" content=\"O CEO da Oi (OIBR3) defendeu na manh\u00e3 desta ter\u00e7a-feira, 7, que a companhia \u00e9 sustent\u00e1vel do ponto de vista de estrat\u00e9gia e opera\u00e7\u00e3o.\" \/>\n<meta property=\"og:url\" content=\"https:\/\/www.suno.com.br\/noticias\/oi-oibr3-ceo-divida-reestruturacao\/\" \/>\n<meta property=\"og:site_name\" content=\"Suno Not\u00edcias\" \/>\n<meta property=\"article:publisher\" content=\"https:\/\/facebook.com\/sunoresearch\" \/>\n<meta property=\"og:image\" content=\"https:\/\/files.sunoresearch.com.br\/n\/uploads\/2022\/11\/oi-acoes-fecham-em-queda.jpg\" \/>\n\t<meta property=\"og:image:width\" content=\"1500\" \/>\n\t<meta property=\"og:image:height\" content=\"1000\" \/>\n\t<meta property=\"og:image:type\" content=\"image\/jpeg\" \/>\n<meta name=\"author\" content=\"Ana Clara Macedo\" \/>\n<meta name=\"twitter:card\" content=\"summary_large_image\" \/>\n<meta name=\"twitter:creator\" content=\"@sunoresearch\" \/>\n<meta name=\"twitter:site\" content=\"@sunoresearch\" \/>\n<meta name=\"twitter:label1\" content=\"Escrito por\" \/>\n\t<meta name=\"twitter:data1\" content=\"Ana Clara Macedo\" \/>\n\t<meta name=\"twitter:label2\" content=\"Est. tempo de leitura\" \/>\n\t<meta name=\"twitter:data2\" content=\"6 minutos\" \/>\n<script type=\"application\/ld+json\" class=\"yoast-schema-graph\">{\"@context\":\"https:\/\/schema.org\",\"@graph\":[{\"@type\":\"NewsArticle\",\"@id\":\"https:\/\/www.suno.com.br\/noticias\/oi-oibr3-ceo-divida-reestruturacao\/#article\",\"isPartOf\":{\"@id\":\"https:\/\/www.suno.com.br\/noticias\/oi-oibr3-ceo-divida-reestruturacao\/\"},\"author\":{\"name\":\"Ana Clara Macedo\",\"@id\":\"https:\/\/www.suno.com.br\/noticias\/#\/schema\/person\/a70f3c52ef8c814d62ed63b30bb30176\"},\"headline\":\"Oi (OIBR3): CEO defende viabilidade operacional e diz que foco \u00e9 reestruturar d\u00edvida\",\"datePublished\":\"2023-02-07T18:37:32+00:00\",\"dateModified\":\"2023-02-07T18:37:38+00:00\",\"mainEntityOfPage\":{\"@id\":\"https:\/\/www.suno.com.br\/noticias\/oi-oibr3-ceo-divida-reestruturacao\/\"},\"wordCount\":1134,\"publisher\":{\"@id\":\"https:\/\/www.suno.com.br\/noticias\/#organization\"},\"image\":{\"@id\":\"https:\/\/www.suno.com.br\/noticias\/oi-oibr3-ceo-divida-reestruturacao\/#primaryimage\"},\"thumbnailUrl\":\"https:\/\/files.sunoresearch.com.br\/n\/uploads\/2022\/11\/oi-acoes-fecham-em-queda.jpg\",\"keywords\":[\"A\u00e7\u00f5es\",\"Oi (OIBR3\/OIBR4)\"],\"articleSection\":[\"Neg\u00f3cios\"],\"inLanguage\":\"pt-BR\"},{\"@type\":\"WebPage\",\"@id\":\"https:\/\/www.suno.com.br\/noticias\/oi-oibr3-ceo-divida-reestruturacao\/\",\"url\":\"https:\/\/www.suno.com.br\/noticias\/oi-oibr3-ceo-divida-reestruturacao\/\",\"name\":\"Oi (OIBR3): CEO diz que foco \u00e9 reestruturar d\u00edvida\",\"isPartOf\":{\"@id\":\"https:\/\/www.suno.com.br\/noticias\/#website\"},\"primaryImageOfPage\":{\"@id\":\"https:\/\/www.suno.com.br\/noticias\/oi-oibr3-ceo-divida-reestruturacao\/#primaryimage\"},\"image\":{\"@id\":\"https:\/\/www.suno.com.br\/noticias\/oi-oibr3-ceo-divida-reestruturacao\/#primaryimage\"},\"thumbnailUrl\":\"https:\/\/files.sunoresearch.com.br\/n\/uploads\/2022\/11\/oi-acoes-fecham-em-queda.jpg\",\"datePublished\":\"2023-02-07T18:37:32+00:00\",\"dateModified\":\"2023-02-07T18:37:38+00:00\",\"description\":\"O CEO da Oi (OIBR3) defendeu na manh\u00e3 desta ter\u00e7a-feira, 7, que a companhia \u00e9 sustent\u00e1vel do ponto de vista de estrat\u00e9gia e opera\u00e7\u00e3o.\",\"breadcrumb\":{\"@id\":\"https:\/\/www.suno.com.br\/noticias\/oi-oibr3-ceo-divida-reestruturacao\/#breadcrumb\"},\"inLanguage\":\"pt-BR\",\"potentialAction\":[{\"@type\":\"ReadAction\",\"target\":[\"https:\/\/www.suno.com.br\/noticias\/oi-oibr3-ceo-divida-reestruturacao\/\"]}]},{\"@type\":\"ImageObject\",\"inLanguage\":\"pt-BR\",\"@id\":\"https:\/\/www.suno.com.br\/noticias\/oi-oibr3-ceo-divida-reestruturacao\/#primaryimage\",\"url\":\"https:\/\/files.sunoresearch.com.br\/n\/uploads\/2022\/11\/oi-acoes-fecham-em-queda.jpg\",\"contentUrl\":\"https:\/\/files.sunoresearch.com.br\/n\/uploads\/2022\/11\/oi-acoes-fecham-em-queda.jpg\",\"width\":1500,\"height\":1000,\"caption\":\"Oi (OIBR3). Foto: Divulga\u00e7\u00e3o\"},{\"@type\":\"BreadcrumbList\",\"@id\":\"https:\/\/www.suno.com.br\/noticias\/oi-oibr3-ceo-divida-reestruturacao\/#breadcrumb\",\"itemListElement\":[{\"@type\":\"ListItem\",\"position\":1,\"name\":\"Not\u00edcias\",\"item\":\"https:\/\/www.suno.com.br\/noticias\/\"},{\"@type\":\"ListItem\",\"position\":2,\"name\":\"Neg\u00f3cios\",\"item\":\"https:\/\/www.suno.com.br\/noticias\/negocios\/\"},{\"@type\":\"ListItem\",\"position\":3,\"name\":\"Oi (OIBR3): CEO defende viabilidade operacional e diz que foco \u00e9 reestruturar d\u00edvida\"}]},{\"@type\":\"WebSite\",\"@id\":\"https:\/\/www.suno.com.br\/noticias\/#website\",\"url\":\"https:\/\/www.suno.com.br\/noticias\/\",\"name\":\"Suno Not\u00edcias\",\"description\":\"Seu portal de informa\u00e7\u00e3o sobre o mundo dos investimentos\",\"publisher\":{\"@id\":\"https:\/\/www.suno.com.br\/noticias\/#organization\"},\"potentialAction\":[{\"@type\":\"SearchAction\",\"target\":{\"@type\":\"EntryPoint\",\"urlTemplate\":\"https:\/\/www.suno.com.br\/noticias\/?s={search_term_string}\"},\"query-input\":{\"@type\":\"PropertyValueSpecification\",\"valueRequired\":true,\"valueName\":\"search_term_string\"}}],\"inLanguage\":\"pt-BR\"},{\"@type\":\"Organization\",\"@id\":\"https:\/\/www.suno.com.br\/noticias\/#organization\",\"name\":\"Suno Not\u00edcias\",\"url\":\"https:\/\/www.suno.com.br\/noticias\/\",\"logo\":{\"@type\":\"ImageObject\",\"inLanguage\":\"pt-BR\",\"@id\":\"https:\/\/www.suno.com.br\/noticias\/#\/schema\/logo\/image\/\",\"url\":\"https:\/\/files.sunoresearch.com.br\/n\/uploads\/2021\/09\/suno-logo.png\",\"contentUrl\":\"https:\/\/files.sunoresearch.com.br\/n\/uploads\/2021\/09\/suno-logo.png\",\"width\":180,\"height\":180,\"caption\":\"Suno Not\u00edcias\"},\"image\":{\"@id\":\"https:\/\/www.suno.com.br\/noticias\/#\/schema\/logo\/image\/\"},\"sameAs\":[\"https:\/\/facebook.com\/sunoresearch\",\"https:\/\/x.com\/sunoresearch\",\"https:\/\/www.instagram.com\/suno\",\"https:\/\/www.linkedin.com\/company\/suno-research\/\",\"https:\/\/www.youtube.com\/c\/sunoresearch\"]},{\"@type\":\"Person\",\"@id\":\"https:\/\/www.suno.com.br\/noticias\/#\/schema\/person\/a70f3c52ef8c814d62ed63b30bb30176\",\"name\":\"Ana Clara Macedo\",\"image\":{\"@type\":\"ImageObject\",\"inLanguage\":\"pt-BR\",\"@id\":\"https:\/\/www.suno.com.br\/noticias\/#\/schema\/person\/image\/\",\"url\":\"https:\/\/secure.gravatar.com\/avatar\/40810da86786bd5619f8cd594b0f44ef?s=96&r=g\",\"contentUrl\":\"https:\/\/secure.gravatar.com\/avatar\/40810da86786bd5619f8cd594b0f44ef?s=96&r=g\",\"caption\":\"Ana Clara Macedo\"},\"description\":\"Rep\u00f3rter no Suno Not\u00edcias, cobrindo acontecimentos sobre neg\u00f3cios, mercado financeiro e economia. Anteriormente trabalhou como Rep\u00f3rter no Mercado News e produziu relat\u00f3rios e artigos sobre empresas de capital aberto.\",\"url\":\"https:\/\/www.suno.com.br\/noticias\/author\/ana-clara-macedo\/\"}]}<\/script>\n<!-- \/ Yoast SEO plugin. -->","yoast_head_json":{"title":"Oi (OIBR3): CEO diz que foco \u00e9 reestruturar d\u00edvida","description":"O CEO da Oi (OIBR3) defendeu na manh\u00e3 desta ter\u00e7a-feira, 7, que a companhia \u00e9 sustent\u00e1vel do ponto de vista de estrat\u00e9gia e opera\u00e7\u00e3o.","robots":{"index":"index","follow":"follow","max-snippet":"max-snippet:-1","max-image-preview":"max-image-preview:large","max-video-preview":"max-video-preview:-1"},"canonical":"https:\/\/www.suno.com.br\/noticias\/oi-oibr3-ceo-divida-reestruturacao\/","og_locale":"pt_BR","og_type":"article","og_title":"Oi (OIBR3): CEO diz que foco \u00e9 reestruturar d\u00edvida","og_description":"O CEO da Oi (OIBR3) defendeu na manh\u00e3 desta ter\u00e7a-feira, 7, que a companhia \u00e9 sustent\u00e1vel do ponto de vista de estrat\u00e9gia e opera\u00e7\u00e3o.","og_url":"https:\/\/www.suno.com.br\/noticias\/oi-oibr3-ceo-divida-reestruturacao\/","og_site_name":"Suno Not\u00edcias","article_publisher":"https:\/\/facebook.com\/sunoresearch","og_image":[{"width":1500,"height":1000,"url":"https:\/\/files.sunoresearch.com.br\/n\/uploads\/2022\/11\/oi-acoes-fecham-em-queda.jpg","type":"image\/jpeg"}],"author":"Ana Clara Macedo","twitter_card":"summary_large_image","twitter_creator":"@sunoresearch","twitter_site":"@sunoresearch","twitter_misc":{"Escrito por":"Ana Clara Macedo","Est. tempo de leitura":"6 minutos"},"schema":{"@context":"https:\/\/schema.org","@graph":[{"@type":"NewsArticle","@id":"https:\/\/www.suno.com.br\/noticias\/oi-oibr3-ceo-divida-reestruturacao\/#article","isPartOf":{"@id":"https:\/\/www.suno.com.br\/noticias\/oi-oibr3-ceo-divida-reestruturacao\/"},"author":{"name":"Ana Clara Macedo","@id":"https:\/\/www.suno.com.br\/noticias\/#\/schema\/person\/a70f3c52ef8c814d62ed63b30bb30176"},"headline":"Oi (OIBR3): CEO defende viabilidade operacional e diz que foco \u00e9 reestruturar d\u00edvida","datePublished":"2023-02-07T18:37:32+00:00","dateModified":"2023-02-07T18:37:38+00:00","mainEntityOfPage":{"@id":"https:\/\/www.suno.com.br\/noticias\/oi-oibr3-ceo-divida-reestruturacao\/"},"wordCount":1134,"publisher":{"@id":"https:\/\/www.suno.com.br\/noticias\/#organization"},"image":{"@id":"https:\/\/www.suno.com.br\/noticias\/oi-oibr3-ceo-divida-reestruturacao\/#primaryimage"},"thumbnailUrl":"https:\/\/files.sunoresearch.com.br\/n\/uploads\/2022\/11\/oi-acoes-fecham-em-queda.jpg","keywords":["A\u00e7\u00f5es","Oi (OIBR3\/OIBR4)"],"articleSection":["Neg\u00f3cios"],"inLanguage":"pt-BR"},{"@type":"WebPage","@id":"https:\/\/www.suno.com.br\/noticias\/oi-oibr3-ceo-divida-reestruturacao\/","url":"https:\/\/www.suno.com.br\/noticias\/oi-oibr3-ceo-divida-reestruturacao\/","name":"Oi (OIBR3): CEO diz que foco \u00e9 reestruturar d\u00edvida","isPartOf":{"@id":"https:\/\/www.suno.com.br\/noticias\/#website"},"primaryImageOfPage":{"@id":"https:\/\/www.suno.com.br\/noticias\/oi-oibr3-ceo-divida-reestruturacao\/#primaryimage"},"image":{"@id":"https:\/\/www.suno.com.br\/noticias\/oi-oibr3-ceo-divida-reestruturacao\/#primaryimage"},"thumbnailUrl":"https:\/\/files.sunoresearch.com.br\/n\/uploads\/2022\/11\/oi-acoes-fecham-em-queda.jpg","datePublished":"2023-02-07T18:37:32+00:00","dateModified":"2023-02-07T18:37:38+00:00","description":"O CEO da Oi (OIBR3) defendeu na manh\u00e3 desta ter\u00e7a-feira, 7, que a companhia \u00e9 sustent\u00e1vel do ponto de vista de estrat\u00e9gia e opera\u00e7\u00e3o.","breadcrumb":{"@id":"https:\/\/www.suno.com.br\/noticias\/oi-oibr3-ceo-divida-reestruturacao\/#breadcrumb"},"inLanguage":"pt-BR","potentialAction":[{"@type":"ReadAction","target":["https:\/\/www.suno.com.br\/noticias\/oi-oibr3-ceo-divida-reestruturacao\/"]}]},{"@type":"ImageObject","inLanguage":"pt-BR","@id":"https:\/\/www.suno.com.br\/noticias\/oi-oibr3-ceo-divida-reestruturacao\/#primaryimage","url":"https:\/\/files.sunoresearch.com.br\/n\/uploads\/2022\/11\/oi-acoes-fecham-em-queda.jpg","contentUrl":"https:\/\/files.sunoresearch.com.br\/n\/uploads\/2022\/11\/oi-acoes-fecham-em-queda.jpg","width":1500,"height":1000,"caption":"Oi (OIBR3). Foto: Divulga\u00e7\u00e3o"},{"@type":"BreadcrumbList","@id":"https:\/\/www.suno.com.br\/noticias\/oi-oibr3-ceo-divida-reestruturacao\/#breadcrumb","itemListElement":[{"@type":"ListItem","position":1,"name":"Not\u00edcias","item":"https:\/\/www.suno.com.br\/noticias\/"},{"@type":"ListItem","position":2,"name":"Neg\u00f3cios","item":"https:\/\/www.suno.com.br\/noticias\/negocios\/"},{"@type":"ListItem","position":3,"name":"Oi (OIBR3): CEO defende viabilidade operacional e diz que foco \u00e9 reestruturar d\u00edvida"}]},{"@type":"WebSite","@id":"https:\/\/www.suno.com.br\/noticias\/#website","url":"https:\/\/www.suno.com.br\/noticias\/","name":"Suno Not\u00edcias","description":"Seu portal de informa\u00e7\u00e3o sobre o mundo dos investimentos","publisher":{"@id":"https:\/\/www.suno.com.br\/noticias\/#organization"},"potentialAction":[{"@type":"SearchAction","target":{"@type":"EntryPoint","urlTemplate":"https:\/\/www.suno.com.br\/noticias\/?s={search_term_string}"},"query-input":{"@type":"PropertyValueSpecification","valueRequired":true,"valueName":"search_term_string"}}],"inLanguage":"pt-BR"},{"@type":"Organization","@id":"https:\/\/www.suno.com.br\/noticias\/#organization","name":"Suno Not\u00edcias","url":"https:\/\/www.suno.com.br\/noticias\/","logo":{"@type":"ImageObject","inLanguage":"pt-BR","@id":"https:\/\/www.suno.com.br\/noticias\/#\/schema\/logo\/image\/","url":"https:\/\/files.sunoresearch.com.br\/n\/uploads\/2021\/09\/suno-logo.png","contentUrl":"https:\/\/files.sunoresearch.com.br\/n\/uploads\/2021\/09\/suno-logo.png","width":180,"height":180,"caption":"Suno Not\u00edcias"},"image":{"@id":"https:\/\/www.suno.com.br\/noticias\/#\/schema\/logo\/image\/"},"sameAs":["https:\/\/facebook.com\/sunoresearch","https:\/\/x.com\/sunoresearch","https:\/\/www.instagram.com\/suno","https:\/\/www.linkedin.com\/company\/suno-research\/","https:\/\/www.youtube.com\/c\/sunoresearch"]},{"@type":"Person","@id":"https:\/\/www.suno.com.br\/noticias\/#\/schema\/person\/a70f3c52ef8c814d62ed63b30bb30176","name":"Ana Clara Macedo","image":{"@type":"ImageObject","inLanguage":"pt-BR","@id":"https:\/\/www.suno.com.br\/noticias\/#\/schema\/person\/image\/","url":"https:\/\/secure.gravatar.com\/avatar\/40810da86786bd5619f8cd594b0f44ef?s=96&r=g","contentUrl":"https:\/\/secure.gravatar.com\/avatar\/40810da86786bd5619f8cd594b0f44ef?s=96&r=g","caption":"Ana Clara Macedo"},"description":"Rep\u00f3rter no Suno Not\u00edcias, cobrindo acontecimentos sobre neg\u00f3cios, mercado financeiro e economia. Anteriormente trabalhou como Rep\u00f3rter no Mercado News e produziu relat\u00f3rios e artigos sobre empresas de capital aberto.","url":"https:\/\/www.suno.com.br\/noticias\/author\/ana-clara-macedo\/"}]}},"default_loop_html":"<div class=\"cardsPage__listCard__boxs\"><div class=\"cardsPage__listCard__boxs__img\"><a href=\"https:\/\/www.suno.com.br\/noticias\/oi-oibr3-ceo-divida-reestruturacao\/\"><img class=\"mask\" src=\"https:\/\/www.suno.com.br\/noticias\/wp-content\/themes\/suno\/resources\/images\/spotlight\/spotlight1img\/bg-mask.png\" alt=\"Image Mask\"\/><img src=\"https:\/\/files.sunoresearch.com.br\/n\/uploads\/2022\/11\/oi-acoes-fecham-em-queda-400x200.jpg\" alt=\"Oi (OIBR3): CEO defende viabilidade operacional e diz que foco \u00e9 reestruturar d\u00edvida\"\/><\/a><span class=\"spotlightCategory\"><a href=\"https:\/\/www.suno.com.br\/noticias\/negocios\/\">Neg\u00f3cios<\/a><\/span><\/div><div class=\"cardsPage__listCard__boxs__content\"><a href=\"https:\/\/www.suno.com.br\/noticias\/oi-oibr3-ceo-divida-reestruturacao\/\"><h2 class=\"content__title\">Oi (OIBR3): CEO defende viabilidade operacional e diz que foco \u00e9 reestruturar d\u00edvida<\/h2><\/a><div class=\"newsContent__article__meta\"><div class=\"newsContent__article__meta__authorBox\"><a href=\"https:\/\/www.suno.com.br\/noticias\/author\/ana-clara-macedo\/\" class=\"authorBox__avatar noMobi\"><img src=\"https:\/\/secure.gravatar.com\/avatar\/40810da86786bd5619f8cd594b0f44ef?s=96&#038;r=g\" alt=\"Ana Clara Macedo\"><\/a><div class=\"authorBox__name\"><span>por\n\t\t\t<a href=\"https:\/\/www.suno.com.br\/noticias\/author\/ana-clara-macedo\/\"><span itemprop=\"author\">Ana Clara Macedo<\/span><\/a><\/span><time datetime=\"2023-02-07T15:37:32-03:00\" itemprop=\"datePublished\">07\/02\/2023 15:37<\/time><\/div><\/div><\/div><\/div><\/div>","single_layout":"posts","amp_enabled":true,"_links":{"self":[{"href":"https:\/\/www.suno.com.br\/noticias\/wp-json\/wp\/v2\/posts\/359695"}],"collection":[{"href":"https:\/\/www.suno.com.br\/noticias\/wp-json\/wp\/v2\/posts"}],"about":[{"href":"https:\/\/www.suno.com.br\/noticias\/wp-json\/wp\/v2\/types\/post"}],"author":[{"embeddable":true,"href":"https:\/\/www.suno.com.br\/noticias\/wp-json\/wp\/v2\/users\/195"}],"replies":[{"embeddable":true,"href":"https:\/\/www.suno.com.br\/noticias\/wp-json\/wp\/v2\/comments?post=359695"}],"version-history":[{"count":2,"href":"https:\/\/www.suno.com.br\/noticias\/wp-json\/wp\/v2\/posts\/359695\/revisions"}],"predecessor-version":[{"id":359854,"href":"https:\/\/www.suno.com.br\/noticias\/wp-json\/wp\/v2\/posts\/359695\/revisions\/359854"}],"wp:featuredmedia":[{"embeddable":true,"href":"https:\/\/www.suno.com.br\/noticias\/wp-json\/wp\/v2\/media\/321709"}],"wp:attachment":[{"href":"https:\/\/www.suno.com.br\/noticias\/wp-json\/wp\/v2\/media?parent=359695"}],"wp:term":[{"taxonomy":"category","embeddable":true,"href":"https:\/\/www.suno.com.br\/noticias\/wp-json\/wp\/v2\/categories?post=359695"},{"taxonomy":"post_tag","embeddable":true,"href":"https:\/\/www.suno.com.br\/noticias\/wp-json\/wp\/v2\/tags?post=359695"},{"taxonomy":"suno_strategy","embeddable":true,"href":"https:\/\/www.suno.com.br\/noticias\/wp-json\/wp\/v2\/suno_strategy?post=359695"}],"curies":[{"name":"wp","href":"https:\/\/api.w.org\/{rel}","templated":true}]}}