{"id":35969,"date":"2019-08-30T14:06:33","date_gmt":"2019-08-30T17:06:33","guid":{"rendered":"https:\/\/www.suno.com.br\/noticias\/?p=35969"},"modified":"2021-02-17T22:54:55","modified_gmt":"2021-02-18T01:54:55","slug":"trump-fed-queda-euro-dolar","status":"publish","type":"post","link":"https:\/\/www.suno.com.br\/noticias\/trump-fed-queda-euro-dolar\/","title":{"rendered":"Trump culpa Fed por forte queda do euro em rela\u00e7\u00e3o ao d\u00f3lar"},"content":{"rendered":"<p>Em mais um ataque do presidente dos <strong>Estados<\/strong> <strong>Unidos<\/strong>, Donald Trump, ao <strong>Federal<\/strong> <strong>Reserve<\/strong> <strong>(Fed),<\/strong> o mandat\u00e1rio norte-americano culpou o banco central dos EUA por n\u00e3o ter a\u00e7\u00e3o sobre a forte queda do euro frente ao d\u00f3lar. As acusa\u00e7\u00f5es foram feitas nesta sexta-feira (30), via Twitter.<\/p>\t<div class=\"wrapper-featured-image\">\n\t\t<figure class=\"spotlightImg\">\n\n\t\t\t<picture>\n\t\t\t\t<source media=\"(max-width: 768px)\" srcset=\"https:\/\/files.sunoresearch.com.br\/n\/uploads\/2019\/08\/2a7fe21e-trump-400x200.webp\">\n\t\t\t\t<img loading=\"lazy\" decoding=\"async\" class=\"newsContent__article__imgCapa lazyloadDisabled newsContent__article__imgCapa--noCaption\" src=\"https:\/\/files.sunoresearch.com.br\/n\/uploads\/2019\/08\/2a7fe21e-trump-800x450.webp\" width=\"800\" height=\"450\" alt=\"Trump culpa Fed por forte queda do euro em rela\u00e7\u00e3o ao d\u00f3lar\" fetchpriority=high \/>\n\t\t\t<\/picture>\n\n\t\t\t<figcaption class=\"wp-caption-text wp-caption-text--hide\">Coronav\u00edrus: Trump considera a possibilidade de vetar voos com o Brasil<\/figcaption>\n\t\t<\/figure>\n\t<\/div>\n\n\n\n<p>&#8220;O euro est\u00e1 caindo &#8216;loucamente&#8217; contra o d\u00f3lar, dando a eles uma grande vantagem em exporta\u00e7\u00e3o e manufatura&#8230; e o Fed n\u00e3o faz NADA!&#8221;, afirmou o presidente <strong>Trump<\/strong> em sua rede social.<\/p>\n<p>Para ele, os pa\u00edses europeus possuem uma vantagem comercial por conta da moeda no momento. &#8220;N\u00e3o temos um problema tarif\u00e1rio (estamos reinando em meio a maus e\/ou injustos jogadores), temos um problema com o Fed. Eles n\u00e3o t\u00eam no\u00e7\u00e3o!&#8221;, afirmou o presidente norte-americano, que h\u00e1 algum tempo cr\u00edtica as decis\u00f5es de <strong>Jerome<\/strong> <strong>Powell<\/strong>, presidente do Federal Reserve.<\/p>\n<p>O presidente ainda salientou a sua vontade em ter taxas b\u00e1sicas de juros mais baixas. &#8220;Se o Fed cortasse [a taxa de juros], ter\u00edamos um dos maiores aumentos do mercado de a\u00e7\u00f5es em muito tempo. Empresas mal administradas e fracas est\u00e3o culpando essas tarifas de maneira inteligente, e n\u00e3o elas mesmas, pela m\u00e1 administra\u00e7\u00e3o &#8230; e quem pode realmente culp\u00e1-las por fazer isso? Desculpas!&#8221;, afirmou Trump.<\/p>\n<h2>Declara\u00e7\u00f5es anteriores de Trump<\/h2>\n<p>Nesta ter\u00e7a-feira (27), o presidente dos <strong>Estados Unidos,<\/strong> Donald Trump, disse por meio de sua conta no Twitter que o <a href=\"https:\/\/www.suno.com.br\/artigos\/fed\/\"><strong>Federal Reserve (Fed)<\/strong><\/a> estaria trabalhando para privilegiar pa\u00edses concorrentes.<\/p>\n\t<p>\n\t\t<a href=\"https:\/\/lp.suno.com.br\/ao\/sessao-estrategica-consultoria-c\/?utm_source=suno-noticias&#038;utm_medium=banner&#038;utm_campaing=dividendos-taxacao-pl\" target=\"_blank\" data-element=\"shortcode-suno-banner\" title=\"Banner SUNO, clique e saiba mais\">\n\t\t\t<picture>\n\t\t\t\t<source media=\"(max-width: 500px)\" srcset=\"https:\/\/files.sunoresearch.com.br\/n\/uploads\/2025\/09\/300x400.webp\">\n\t\t\t\t<img class=\"newsContent__article__imgCapa newsContent__article__imgCapa--banner\"\n\t\t\t\t\tsrc=\"https:\/\/files.sunoresearch.com.br\/n\/uploads\/2025\/09\/SN-DT-1420x240-1.webp\"\n\t\t\t\t\tdata-promo-id=\"628283\"\t\t\t\t\t\t\t\t\t\twidth='1420' height='240'\t\t\t\t\talt=\"https:\/\/files.sunoresearch.com.br\/n\/uploads\/2025\/09\/SN-DT-1420x240-1.webp\"\n\t\t\t\t>\n\t\t\t<\/picture>\n\t\t<\/a>\n\t<\/p>\n\n\n<p>\u201cO Federal Reserve adora ver nossos fabricantes lutarem com suas exporta\u00e7\u00f5es para o benef\u00edcio de outras partes do mundo. Algu\u00e9m j\u00e1 viu o que quase todos os outros pa\u00edses est\u00e3o fazendo para tirar proveito dos bons e velhos Estados Unidos da Am\u00e9rica? Nosso Fed est\u00e1 fazendo errado por muito tempo\u201d, salientou o presidente norte-americano.<\/p>\n<p><strong>Powell<\/strong> afirmou, no dia 23 de agosto, que a economia dos Estados Unidos est\u00e1 em uma posi\u00e7\u00e3o favor\u00e1vel. Ap\u00f3s o discurso do economista, o presidente norte-americano, <strong>Donald<\/strong> <strong>Trump<\/strong>, criticou o banco central.<\/p>\n<p>&#8220;Como de costume, o <strong>Fed<\/strong> n\u00e3o fez NADA! \u00c9 incr\u00edvel que eles possam \u201cfalar\u201d sem saber ou perguntar o que estou fazendo, que ser\u00e1 anunciado em breve. Temos um d\u00f3lar muito forte e um Fed muito fraco&#8221;, escreveu <strong>Trump.<\/strong><\/p>\n","protected":false},"excerpt":{"rendered":"<p>Em mais um ataque do presidente dos Estados Unidos, Donald Trump, ao Federal Reserve (Fed), o mandat\u00e1rio norte-americano culpou o banco central dos EUA por n\u00e3o ter a\u00e7\u00e3o sobre a forte queda do euro frente ao d\u00f3lar. As acusa\u00e7\u00f5es foram feitas nesta sexta-feira (30), via Twitter. Coronav\u00edrus: Trump considera a possibilidade de vetar voos com [&hellip;]<\/p>\n","protected":false},"author":19,"featured_media":35972,"comment_status":"closed","ping_status":"closed","sticky":false,"template":"","format":"standard","meta":[],"categories":[63],"tags":[724,776],"suno_strategy":[],"class_list":["post-35969","post","type-post","status-publish","format-standard","has-post-thumbnail","hentry","category-internacional","tag-donald-trump","tag-federal-reseve-fed"],"yoast_head":"<!-- This site is optimized with the Yoast SEO plugin v24.4 - https:\/\/yoast.com\/wordpress\/plugins\/seo\/ -->\n<title>Trump culpa Fed por forte queda do euro em rela\u00e7\u00e3o ao d\u00f3lar<\/title>\n<meta name=\"description\" content=\"Donald Trump culpou o Banco Central dos EUA por n\u00e3o ter a\u00e7\u00e3o sobre a forte queda do euro frente ao d\u00f3lar. Clique e saiba mais.\" \/>\n<meta name=\"robots\" content=\"index, follow, max-snippet:-1, max-image-preview:large, max-video-preview:-1\" \/>\n<link rel=\"canonical\" href=\"https:\/\/www.suno.com.br\/noticias\/trump-fed-queda-euro-dolar\/\" \/>\n<meta property=\"og:locale\" content=\"pt_BR\" \/>\n<meta property=\"og:type\" content=\"article\" \/>\n<meta property=\"og:title\" content=\"Trump culpa Fed por forte queda do euro em rela\u00e7\u00e3o ao d\u00f3lar\" \/>\n<meta property=\"og:description\" content=\"Donald Trump culpou o Banco Central dos EUA por n\u00e3o ter a\u00e7\u00e3o sobre a forte queda do euro frente ao d\u00f3lar. Clique e saiba mais.\" \/>\n<meta property=\"og:url\" content=\"https:\/\/www.suno.com.br\/noticias\/trump-fed-queda-euro-dolar\/\" \/>\n<meta property=\"og:site_name\" content=\"Suno Not\u00edcias\" \/>\n<meta property=\"article:publisher\" content=\"https:\/\/facebook.com\/sunoresearch\" \/>\n<meta property=\"og:image\" content=\"https:\/\/files.sunoresearch.com.br\/n\/uploads\/2019\/08\/2a7fe21e-trump.jpg\" \/>\n\t<meta property=\"og:image:width\" content=\"1140\" \/>\n\t<meta property=\"og:image:height\" content=\"760\" \/>\n\t<meta property=\"og:image:type\" content=\"image\/jpeg\" \/>\n<meta name=\"author\" content=\"Juliano Passaro\" \/>\n<meta name=\"twitter:card\" content=\"summary_large_image\" \/>\n<meta name=\"twitter:creator\" content=\"@sunoresearch\" \/>\n<meta name=\"twitter:site\" content=\"@sunoresearch\" \/>\n<meta name=\"twitter:label1\" content=\"Escrito por\" \/>\n\t<meta name=\"twitter:data1\" content=\"Juliano Passaro\" \/>\n\t<meta name=\"twitter:label2\" content=\"Est. tempo de leitura\" \/>\n\t<meta name=\"twitter:data2\" content=\"2 minutos\" \/>\n<script type=\"application\/ld+json\" class=\"yoast-schema-graph\">{\"@context\":\"https:\/\/schema.org\",\"@graph\":[{\"@type\":\"NewsArticle\",\"@id\":\"https:\/\/www.suno.com.br\/noticias\/trump-fed-queda-euro-dolar\/#article\",\"isPartOf\":{\"@id\":\"https:\/\/www.suno.com.br\/noticias\/trump-fed-queda-euro-dolar\/\"},\"author\":{\"name\":\"Juliano Passaro\",\"@id\":\"https:\/\/www.suno.com.br\/noticias\/#\/schema\/person\/1db762f78ffd8919a648a63e425953e3\"},\"headline\":\"Trump culpa Fed por forte queda do euro em rela\u00e7\u00e3o ao d\u00f3lar\",\"datePublished\":\"2019-08-30T17:06:33+00:00\",\"dateModified\":\"2021-02-18T01:54:55+00:00\",\"mainEntityOfPage\":{\"@id\":\"https:\/\/www.suno.com.br\/noticias\/trump-fed-queda-euro-dolar\/\"},\"wordCount\":412,\"publisher\":{\"@id\":\"https:\/\/www.suno.com.br\/noticias\/#organization\"},\"image\":{\"@id\":\"https:\/\/www.suno.com.br\/noticias\/trump-fed-queda-euro-dolar\/#primaryimage\"},\"thumbnailUrl\":\"https:\/\/files.sunoresearch.com.br\/n\/uploads\/2019\/08\/2a7fe21e-trump-jpg.webp\",\"keywords\":[\"Donald Trump\",\"Federal Reserve (FED)\"],\"articleSection\":[\"Internacional\"],\"inLanguage\":\"pt-BR\"},{\"@type\":\"WebPage\",\"@id\":\"https:\/\/www.suno.com.br\/noticias\/trump-fed-queda-euro-dolar\/\",\"url\":\"https:\/\/www.suno.com.br\/noticias\/trump-fed-queda-euro-dolar\/\",\"name\":\"Trump culpa Fed por forte queda do euro em rela\u00e7\u00e3o ao d\u00f3lar\",\"isPartOf\":{\"@id\":\"https:\/\/www.suno.com.br\/noticias\/#website\"},\"primaryImageOfPage\":{\"@id\":\"https:\/\/www.suno.com.br\/noticias\/trump-fed-queda-euro-dolar\/#primaryimage\"},\"image\":{\"@id\":\"https:\/\/www.suno.com.br\/noticias\/trump-fed-queda-euro-dolar\/#primaryimage\"},\"thumbnailUrl\":\"https:\/\/files.sunoresearch.com.br\/n\/uploads\/2019\/08\/2a7fe21e-trump-jpg.webp\",\"datePublished\":\"2019-08-30T17:06:33+00:00\",\"dateModified\":\"2021-02-18T01:54:55+00:00\",\"description\":\"Donald Trump culpou o Banco Central dos EUA por n\u00e3o ter a\u00e7\u00e3o sobre a forte queda do euro frente ao d\u00f3lar. Clique e saiba mais.\",\"breadcrumb\":{\"@id\":\"https:\/\/www.suno.com.br\/noticias\/trump-fed-queda-euro-dolar\/#breadcrumb\"},\"inLanguage\":\"pt-BR\",\"potentialAction\":[{\"@type\":\"ReadAction\",\"target\":[\"https:\/\/www.suno.com.br\/noticias\/trump-fed-queda-euro-dolar\/\"]}]},{\"@type\":\"ImageObject\",\"inLanguage\":\"pt-BR\",\"@id\":\"https:\/\/www.suno.com.br\/noticias\/trump-fed-queda-euro-dolar\/#primaryimage\",\"url\":\"https:\/\/files.sunoresearch.com.br\/n\/uploads\/2019\/08\/2a7fe21e-trump-jpg.webp\",\"contentUrl\":\"https:\/\/files.sunoresearch.com.br\/n\/uploads\/2019\/08\/2a7fe21e-trump-jpg.webp\",\"width\":1140,\"height\":760,\"caption\":\"Coronav\u00edrus: Trump considera a possibilidade de vetar voos com o Brasil\"},{\"@type\":\"BreadcrumbList\",\"@id\":\"https:\/\/www.suno.com.br\/noticias\/trump-fed-queda-euro-dolar\/#breadcrumb\",\"itemListElement\":[{\"@type\":\"ListItem\",\"position\":1,\"name\":\"Not\u00edcias\",\"item\":\"https:\/\/www.suno.com.br\/noticias\/\"},{\"@type\":\"ListItem\",\"position\":2,\"name\":\"Internacional\",\"item\":\"https:\/\/www.suno.com.br\/noticias\/internacional\/\"},{\"@type\":\"ListItem\",\"position\":3,\"name\":\"Trump culpa Fed por forte queda do euro em rela\u00e7\u00e3o ao d\u00f3lar\"}]},{\"@type\":\"WebSite\",\"@id\":\"https:\/\/www.suno.com.br\/noticias\/#website\",\"url\":\"https:\/\/www.suno.com.br\/noticias\/\",\"name\":\"Suno Not\u00edcias\",\"description\":\"Seu portal de informa\u00e7\u00e3o sobre o mundo dos investimentos\",\"publisher\":{\"@id\":\"https:\/\/www.suno.com.br\/noticias\/#organization\"},\"potentialAction\":[{\"@type\":\"SearchAction\",\"target\":{\"@type\":\"EntryPoint\",\"urlTemplate\":\"https:\/\/www.suno.com.br\/noticias\/?s={search_term_string}\"},\"query-input\":{\"@type\":\"PropertyValueSpecification\",\"valueRequired\":true,\"valueName\":\"search_term_string\"}}],\"inLanguage\":\"pt-BR\"},{\"@type\":\"Organization\",\"@id\":\"https:\/\/www.suno.com.br\/noticias\/#organization\",\"name\":\"Suno Not\u00edcias\",\"url\":\"https:\/\/www.suno.com.br\/noticias\/\",\"logo\":{\"@type\":\"ImageObject\",\"inLanguage\":\"pt-BR\",\"@id\":\"https:\/\/www.suno.com.br\/noticias\/#\/schema\/logo\/image\/\",\"url\":\"https:\/\/files.sunoresearch.com.br\/n\/uploads\/2021\/09\/suno-logo.png\",\"contentUrl\":\"https:\/\/files.sunoresearch.com.br\/n\/uploads\/2021\/09\/suno-logo.png\",\"width\":180,\"height\":180,\"caption\":\"Suno Not\u00edcias\"},\"image\":{\"@id\":\"https:\/\/www.suno.com.br\/noticias\/#\/schema\/logo\/image\/\"},\"sameAs\":[\"https:\/\/facebook.com\/sunoresearch\",\"https:\/\/x.com\/sunoresearch\",\"https:\/\/www.instagram.com\/suno\",\"https:\/\/www.linkedin.com\/company\/suno-research\/\",\"https:\/\/www.youtube.com\/c\/sunoresearch\"]},{\"@type\":\"Person\",\"@id\":\"https:\/\/www.suno.com.br\/noticias\/#\/schema\/person\/1db762f78ffd8919a648a63e425953e3\",\"name\":\"Juliano Passaro\",\"image\":{\"@type\":\"ImageObject\",\"inLanguage\":\"pt-BR\",\"@id\":\"https:\/\/www.suno.com.br\/noticias\/#\/schema\/person\/image\/\",\"url\":\"https:\/\/secure.gravatar.com\/avatar\/743d4df28eebf6dcc46b4ad03c319e92?s=96&r=g\",\"contentUrl\":\"https:\/\/secure.gravatar.com\/avatar\/743d4df28eebf6dcc46b4ad03c319e92?s=96&r=g\",\"caption\":\"Juliano Passaro\"},\"description\":\"Juliano Passaro escreve sobre pol\u00edtica, economia e neg\u00f3cios para o portal da Suno Research. Antes da Suno, trabalhou no Portal da Band. \u00c9 formado em jornalismo pela Universidade Presbiteriana Mackenzie.\",\"url\":\"https:\/\/www.suno.com.br\/noticias\/author\/juliano\/\"}]}<\/script>\n<!-- \/ Yoast SEO plugin. -->","yoast_head_json":{"title":"Trump culpa Fed por forte queda do euro em rela\u00e7\u00e3o ao d\u00f3lar","description":"Donald Trump culpou o Banco Central dos EUA por n\u00e3o ter a\u00e7\u00e3o sobre a forte queda do euro frente ao d\u00f3lar. Clique e saiba mais.","robots":{"index":"index","follow":"follow","max-snippet":"max-snippet:-1","max-image-preview":"max-image-preview:large","max-video-preview":"max-video-preview:-1"},"canonical":"https:\/\/www.suno.com.br\/noticias\/trump-fed-queda-euro-dolar\/","og_locale":"pt_BR","og_type":"article","og_title":"Trump culpa Fed por forte queda do euro em rela\u00e7\u00e3o ao d\u00f3lar","og_description":"Donald Trump culpou o Banco Central dos EUA por n\u00e3o ter a\u00e7\u00e3o sobre a forte queda do euro frente ao d\u00f3lar. Clique e saiba mais.","og_url":"https:\/\/www.suno.com.br\/noticias\/trump-fed-queda-euro-dolar\/","og_site_name":"Suno Not\u00edcias","article_publisher":"https:\/\/facebook.com\/sunoresearch","og_image":[{"width":1140,"height":760,"url":"https:\/\/files.sunoresearch.com.br\/n\/uploads\/2019\/08\/2a7fe21e-trump.jpg","type":"image\/jpeg"}],"author":"Juliano Passaro","twitter_card":"summary_large_image","twitter_creator":"@sunoresearch","twitter_site":"@sunoresearch","twitter_misc":{"Escrito por":"Juliano Passaro","Est. tempo de leitura":"2 minutos"},"schema":{"@context":"https:\/\/schema.org","@graph":[{"@type":"NewsArticle","@id":"https:\/\/www.suno.com.br\/noticias\/trump-fed-queda-euro-dolar\/#article","isPartOf":{"@id":"https:\/\/www.suno.com.br\/noticias\/trump-fed-queda-euro-dolar\/"},"author":{"name":"Juliano Passaro","@id":"https:\/\/www.suno.com.br\/noticias\/#\/schema\/person\/1db762f78ffd8919a648a63e425953e3"},"headline":"Trump culpa Fed por forte queda do euro em rela\u00e7\u00e3o ao d\u00f3lar","datePublished":"2019-08-30T17:06:33+00:00","dateModified":"2021-02-18T01:54:55+00:00","mainEntityOfPage":{"@id":"https:\/\/www.suno.com.br\/noticias\/trump-fed-queda-euro-dolar\/"},"wordCount":412,"publisher":{"@id":"https:\/\/www.suno.com.br\/noticias\/#organization"},"image":{"@id":"https:\/\/www.suno.com.br\/noticias\/trump-fed-queda-euro-dolar\/#primaryimage"},"thumbnailUrl":"https:\/\/files.sunoresearch.com.br\/n\/uploads\/2019\/08\/2a7fe21e-trump-jpg.webp","keywords":["Donald Trump","Federal Reserve (FED)"],"articleSection":["Internacional"],"inLanguage":"pt-BR"},{"@type":"WebPage","@id":"https:\/\/www.suno.com.br\/noticias\/trump-fed-queda-euro-dolar\/","url":"https:\/\/www.suno.com.br\/noticias\/trump-fed-queda-euro-dolar\/","name":"Trump culpa Fed por forte queda do euro em rela\u00e7\u00e3o ao d\u00f3lar","isPartOf":{"@id":"https:\/\/www.suno.com.br\/noticias\/#website"},"primaryImageOfPage":{"@id":"https:\/\/www.suno.com.br\/noticias\/trump-fed-queda-euro-dolar\/#primaryimage"},"image":{"@id":"https:\/\/www.suno.com.br\/noticias\/trump-fed-queda-euro-dolar\/#primaryimage"},"thumbnailUrl":"https:\/\/files.sunoresearch.com.br\/n\/uploads\/2019\/08\/2a7fe21e-trump-jpg.webp","datePublished":"2019-08-30T17:06:33+00:00","dateModified":"2021-02-18T01:54:55+00:00","description":"Donald Trump culpou o Banco Central dos EUA por n\u00e3o ter a\u00e7\u00e3o sobre a forte queda do euro frente ao d\u00f3lar. Clique e saiba mais.","breadcrumb":{"@id":"https:\/\/www.suno.com.br\/noticias\/trump-fed-queda-euro-dolar\/#breadcrumb"},"inLanguage":"pt-BR","potentialAction":[{"@type":"ReadAction","target":["https:\/\/www.suno.com.br\/noticias\/trump-fed-queda-euro-dolar\/"]}]},{"@type":"ImageObject","inLanguage":"pt-BR","@id":"https:\/\/www.suno.com.br\/noticias\/trump-fed-queda-euro-dolar\/#primaryimage","url":"https:\/\/files.sunoresearch.com.br\/n\/uploads\/2019\/08\/2a7fe21e-trump-jpg.webp","contentUrl":"https:\/\/files.sunoresearch.com.br\/n\/uploads\/2019\/08\/2a7fe21e-trump-jpg.webp","width":1140,"height":760,"caption":"Coronav\u00edrus: Trump considera a possibilidade de vetar voos com o Brasil"},{"@type":"BreadcrumbList","@id":"https:\/\/www.suno.com.br\/noticias\/trump-fed-queda-euro-dolar\/#breadcrumb","itemListElement":[{"@type":"ListItem","position":1,"name":"Not\u00edcias","item":"https:\/\/www.suno.com.br\/noticias\/"},{"@type":"ListItem","position":2,"name":"Internacional","item":"https:\/\/www.suno.com.br\/noticias\/internacional\/"},{"@type":"ListItem","position":3,"name":"Trump culpa Fed por forte queda do euro em rela\u00e7\u00e3o ao d\u00f3lar"}]},{"@type":"WebSite","@id":"https:\/\/www.suno.com.br\/noticias\/#website","url":"https:\/\/www.suno.com.br\/noticias\/","name":"Suno Not\u00edcias","description":"Seu portal de informa\u00e7\u00e3o sobre o mundo dos investimentos","publisher":{"@id":"https:\/\/www.suno.com.br\/noticias\/#organization"},"potentialAction":[{"@type":"SearchAction","target":{"@type":"EntryPoint","urlTemplate":"https:\/\/www.suno.com.br\/noticias\/?s={search_term_string}"},"query-input":{"@type":"PropertyValueSpecification","valueRequired":true,"valueName":"search_term_string"}}],"inLanguage":"pt-BR"},{"@type":"Organization","@id":"https:\/\/www.suno.com.br\/noticias\/#organization","name":"Suno Not\u00edcias","url":"https:\/\/www.suno.com.br\/noticias\/","logo":{"@type":"ImageObject","inLanguage":"pt-BR","@id":"https:\/\/www.suno.com.br\/noticias\/#\/schema\/logo\/image\/","url":"https:\/\/files.sunoresearch.com.br\/n\/uploads\/2021\/09\/suno-logo.png","contentUrl":"https:\/\/files.sunoresearch.com.br\/n\/uploads\/2021\/09\/suno-logo.png","width":180,"height":180,"caption":"Suno Not\u00edcias"},"image":{"@id":"https:\/\/www.suno.com.br\/noticias\/#\/schema\/logo\/image\/"},"sameAs":["https:\/\/facebook.com\/sunoresearch","https:\/\/x.com\/sunoresearch","https:\/\/www.instagram.com\/suno","https:\/\/www.linkedin.com\/company\/suno-research\/","https:\/\/www.youtube.com\/c\/sunoresearch"]},{"@type":"Person","@id":"https:\/\/www.suno.com.br\/noticias\/#\/schema\/person\/1db762f78ffd8919a648a63e425953e3","name":"Juliano Passaro","image":{"@type":"ImageObject","inLanguage":"pt-BR","@id":"https:\/\/www.suno.com.br\/noticias\/#\/schema\/person\/image\/","url":"https:\/\/secure.gravatar.com\/avatar\/743d4df28eebf6dcc46b4ad03c319e92?s=96&r=g","contentUrl":"https:\/\/secure.gravatar.com\/avatar\/743d4df28eebf6dcc46b4ad03c319e92?s=96&r=g","caption":"Juliano Passaro"},"description":"Juliano Passaro escreve sobre pol\u00edtica, economia e neg\u00f3cios para o portal da Suno Research. Antes da Suno, trabalhou no Portal da Band. \u00c9 formado em jornalismo pela Universidade Presbiteriana Mackenzie.","url":"https:\/\/www.suno.com.br\/noticias\/author\/juliano\/"}]}},"default_loop_html":"<div class=\"cardsPage__listCard__boxs\"><div class=\"cardsPage__listCard__boxs__img\"><a href=\"https:\/\/www.suno.com.br\/noticias\/trump-fed-queda-euro-dolar\/\"><img class=\"mask\" src=\"https:\/\/www.suno.com.br\/noticias\/wp-content\/themes\/suno\/resources\/images\/spotlight\/spotlight1img\/bg-mask.png\" alt=\"Image Mask\"\/><img src=\"https:\/\/files.sunoresearch.com.br\/n\/uploads\/2019\/08\/2a7fe21e-trump-400x200.webp\" alt=\"Trump culpa Fed por forte queda do euro em rela\u00e7\u00e3o ao d\u00f3lar\"\/><\/a><span class=\"spotlightCategory\"><a href=\"https:\/\/www.suno.com.br\/noticias\/internacional\/\">Internacional<\/a><\/span><\/div><div class=\"cardsPage__listCard__boxs__content\"><a href=\"https:\/\/www.suno.com.br\/noticias\/trump-fed-queda-euro-dolar\/\"><h2 class=\"content__title\">Trump culpa Fed por forte queda do euro em rela\u00e7\u00e3o ao d\u00f3lar<\/h2><\/a><div class=\"newsContent__article__meta\"><div class=\"newsContent__article__meta__authorBox\"><a href=\"https:\/\/www.suno.com.br\/noticias\/author\/juliano\/\" class=\"authorBox__avatar noMobi\"><img src=\"https:\/\/files.sunoresearch.com.br\/n\/uploads\/2019\/06\/7cc3efea-whatsapp-image-2019-07-18-at-21.59.33-e1563499821209-150x150.webp\" alt=\"Juliano Passaro\"><\/a><div class=\"authorBox__name\"><span>por\n\t\t\t<a href=\"https:\/\/www.suno.com.br\/noticias\/author\/juliano\/\"><span itemprop=\"author\">Juliano Passaro<\/span><\/a><\/span><time datetime=\"2019-08-30T14:06:33-03:00\" itemprop=\"datePublished\">30\/08\/2019 14:06<\/time><\/div><\/div><\/div><\/div><\/div>","single_layout":"posts","amp_enabled":true,"_links":{"self":[{"href":"https:\/\/www.suno.com.br\/noticias\/wp-json\/wp\/v2\/posts\/35969"}],"collection":[{"href":"https:\/\/www.suno.com.br\/noticias\/wp-json\/wp\/v2\/posts"}],"about":[{"href":"https:\/\/www.suno.com.br\/noticias\/wp-json\/wp\/v2\/types\/post"}],"author":[{"embeddable":true,"href":"https:\/\/www.suno.com.br\/noticias\/wp-json\/wp\/v2\/users\/19"}],"replies":[{"embeddable":true,"href":"https:\/\/www.suno.com.br\/noticias\/wp-json\/wp\/v2\/comments?post=35969"}],"version-history":[{"count":0,"href":"https:\/\/www.suno.com.br\/noticias\/wp-json\/wp\/v2\/posts\/35969\/revisions"}],"wp:featuredmedia":[{"embeddable":true,"href":"https:\/\/www.suno.com.br\/noticias\/wp-json\/wp\/v2\/media\/35972"}],"wp:attachment":[{"href":"https:\/\/www.suno.com.br\/noticias\/wp-json\/wp\/v2\/media?parent=35969"}],"wp:term":[{"taxonomy":"category","embeddable":true,"href":"https:\/\/www.suno.com.br\/noticias\/wp-json\/wp\/v2\/categories?post=35969"},{"taxonomy":"post_tag","embeddable":true,"href":"https:\/\/www.suno.com.br\/noticias\/wp-json\/wp\/v2\/tags?post=35969"},{"taxonomy":"suno_strategy","embeddable":true,"href":"https:\/\/www.suno.com.br\/noticias\/wp-json\/wp\/v2\/suno_strategy?post=35969"}],"curies":[{"name":"wp","href":"https:\/\/api.w.org\/{rel}","templated":true}]}}