{"id":359595,"date":"2023-02-07T13:33:12","date_gmt":"2023-02-07T16:33:12","guid":{"rendered":"https:\/\/www.suno.com.br\/noticias\/?p=359595"},"modified":"2023-02-07T13:33:17","modified_gmt":"2023-02-07T16:33:17","slug":"oi-oibr3-recuperacao-judicial-bater-martelo","status":"publish","type":"post","link":"https:\/\/www.suno.com.br\/noticias\/oi-oibr3-recuperacao-judicial-bater-martelo\/","title":{"rendered":"Oi (OIBR3) vai pedir recupera\u00e7\u00e3o judicial de novo? Empresa estende negocia\u00e7\u00f5es antes de bater o martelo"},"content":{"rendered":"<p>Enquanto a <strong>Oi<\/strong> (<a href=\"https:\/\/suno.com.br\/acoes\/oibr3\/\" target=\"_blank\" rel=\"noreferrer noopener\">OIBR3<\/a>) n\u00e3o decide se entrar\u00e1 novamente em <a class=\"suno-keyword\" data-force=\"no\" data-priority=\"2\" href=\"https:\/\/www.suno.com.br\/artigos\/recuperacao-judicial\/\" target=\"_blank\" rel=\"noopener\">recupera\u00e7\u00e3o judicial<\/a>, a empresa estendeu o per\u00edodo de negocia\u00e7\u00e3o com os seus credores. De acordo com informa\u00e7\u00f5es divulgadas nesta ter\u00e7a (7), a companhia tem 30 dias para definir qual ser\u00e1 o seu pr\u00f3ximo caminho.<\/p><div class=\"videoFull \">\n\t\t\t<div class=\"videoWrapper yt-lazyload center\"\n\t\t\t\tdata-width=\"960\"\n\t\t\t\tdata-height=\"540\"\n\t\t\t\tdata-id=\"tkFIw3zZJtc\"\n\t\t\t\tdata-alt=\"V\u00eddeo do YouTube - clique para reproduzir\"\n\t\t\t\tdata-logo=\"3\"\n\t\t\t\tdata-imagequality=\"maxres\">\n\t\t\t<\/div>\n\t\t<\/div><script type=\"application\/ld+json\">{\"@context\":\"https:\/\/schema.org\",\"@type\":\"VideoObject\",\"name\":\"Oi (OIBR3) deve R$ 29 bilh\u00f5es; mercado espera nova recupera\u00e7\u00e3o judicial | Suno Not\u00edcias\",\"description\":\"\ud83d\udd0e \ud83d\udcca[\ud835\uddf2\ud835\uddd5\ud835\uddfc\ud835\uddfc\ud835\uddf8 \ud835\uddda\ud835\udde5\ud835\uddd4\ud835\udde7\ud835\udde8\ud835\udddc\ud835\udde7\ud835\udde2] \ud835\uddd4\ud835\uddfd\ud835\uddff\ud835\uddf2\ud835\uddfb\ud835\uddf1\ud835\uddee \ud835\uddf0\ud835\uddfc\ud835\uddfa\ud835\uddfc \ud835\uddee\ud835\uddfb\ud835\uddee\ud835\uddf9\ud835\uddf6\ud835\ude00\ud835\uddee\ud835\uddff \ud835\ude02\ud835\uddfa\ud835\uddee \ud835\uddee\u00e7\u00e3\ud835\uddfc\u200b \ud83d\udc47 https:\/\/lp.suno.com.br\/ebook-como-analisar-uma-acao\/?utm_source=youtube.noticias&utm_medium=live&utm_campaign=ebookcomoanalisarumaacao.20230202&utm_content=ytnoticias.live19.02022023 #oibr3 #crise #anatel #ita\u00fa #cortes \ud83d\udd34\ud835\udc08\ud835\udc0d\ud835\udc12\ud835\udc02\ud835\udc11\ud835\udc04\ud835\udc15\ud835\udc00-\ud835\udc12\ud835\udc04 \ud835\udc0d\ud835\udc0e \ud835\udc02\ud835\udc00\ud835\udc0d\ud835\udc00\ud835\udc0b \ud835\udc04 \ud835\udc00\ud835\udc13\ud835\udc08\ud835\udc15\ud835\udc04 \ud835\udc0e \ud835\udc12\ud835\udc08\ud835\udc0d\ud835\udc0e \ud83d\udc47 https:\/\/bit.ly\/INSCREVA-SEATIVEOSINO A Oi #oibr3 concentra R$ 27 bilh\u00f5es dos R$ 29 bilh\u00f5es para 14 institui\u00e7\u00f5es financeiras, sendo que o Ita\u00fa BBA \u00e9 o mais exposto. Agora, o mercado espera a empresa apresentar\u2026\",\"duration\":\"PT3M42S\",\"embedUrl\":\"https:\/\/www.youtube.com\/embed\/tkFIw3zZJtc\",\"regionsAllowed\":\"pt-BR\",\"interactionStatistic\":{\"@type\":\"InteractionCounter\",\"interactionType\":{\"@type\":\"WatchAction\"},\"userInteractionCount\":1621},\"thumbnailUrl\":\"https:\/\/i.ytimg.com\/vi\/tkFIw3zZJtc\/default.jpg\",\"uploadDate\":\"2023-02-07T16:00:25Z\"}<\/script>\n\n\n\n\n\t<p>\n\t\t<a href=\"\" target=\"_blank\" data-element=\"shortcode-suno-banner\" title=\"Banner SUNO, clique e saiba mais\">\n\t\t\t<picture>\n\t\t\t\t<source media=\"(max-width: 500px)\" srcset=\"\">\n\t\t\t\t<img class=\"newsContent__article__imgCapa newsContent__article__imgCapa--banner\"\n\t\t\t\t\tsrc=\"\"\n\t\t\t\t\tdata-promo-id=\"250705\"\t\t\t\t\t\t\t\t\t\t\t\t\t\t\talt=\"\"\n\t\t\t\t>\n\t\t\t<\/picture>\n\t\t<\/a>\n\t<\/p>\n\n\n\n\n\n<p>Segundo a apura\u00e7\u00e3o do Estad\u00e3o\/Broadcast, o <strong>alto escal\u00e3o da Oi<\/strong> ainda n\u00e3o definiu o momento em que encaminhar\u00e1 o pedido \u00e0 Justi\u00e7a.<\/p>\n\n\n\n<p>A empresa de telecomunica\u00e7\u00f5es tem buscado manter as negocia\u00e7\u00f5es com os credores para conseguir chegar a um acordo de refinanciamento das d\u00edvidas. O desenrolar dessas conversas ser\u00e1 o term\u00f4metro dos <strong>pr\u00f3ximos passos da Oi<\/strong>.<\/p>\n\n\n\n<p>Na \u00faltima semana, a empresa conseguiu uma prote\u00e7\u00e3o jur\u00eddica que suspende pagamentos a credores e impede execu\u00e7\u00f5es de cobran\u00e7a por um prazo de 30 dias. Na peti\u00e7\u00e3o, os advogados classificaram a situa\u00e7\u00e3o financeira da Oi como &#8220;insustent\u00e1vel&#8221;.<\/p>\n\n\n\n\t<div data-element=\"shortcode-read-more\" class=\"readToo\">\n\t\t\t\t<span class=\"readToo__title\">Leia mais<\/span>\n\t\t\t\t<ul class=\"readToo__list\">\n\t\t\t<li><a href=\"https:\/\/www.suno.com.br\/noticias\/oi-oibr3-fitch-nota-reduzida\/\">Oi (OIBR3) \u00e9 rebaixada pela Fitch e nota pode piorar ainda mais; entenda<\/a><\/li><li><a href=\"https:\/\/www.suno.com.br\/noticias\/oi-oibr3-intervencao-anatel-divida-rs35bi\/\">Com d\u00edvida de R$ 35 bilh\u00f5es, Oi (OIBR3) pode sofrer interven\u00e7\u00e3o da Anatel<\/a><\/li>\t\t<\/ul>\n\t<\/div>\n\n\n\n\n<p>A<a href=\"https:\/\/www.suno.com.br\/noticias\/oi-oibr3-lista-credores-divida-27-bilhoes\/\" target=\"_blank\" rel=\"noreferrer noopener\"> companhia tem R$ 29,7 bilh\u00f5es em d\u00edvidas financeiras<\/a>. Caso n\u00e3o haja um acordo entre os credores, a Oi n\u00e3o ter\u00e1 alternativa a n\u00e3o ser pedir um segundo processo de <strong>recupera\u00e7\u00e3o judicial<\/strong>. <\/p>\n\n\n\n<p>A <strong>recupera\u00e7\u00e3o judicial da Oi<\/strong> foi finalizada em dezembro, mas n\u00e3o conseguiu sanar os problemas financeiros da companhia.<\/p>\n\n\n\t<p>\n\t\t<a href=\"https:\/\/lp.suno.com.br\/planilha-controle-gastos\/\" target=\"_blank\" data-element=\"shortcode-suno-banner\" title=\"Banner SUNO, clique e saiba mais\">\n\t\t\t<picture>\n\t\t\t\t<source media=\"(max-width: 500px)\" srcset=\"https:\/\/files.sunoresearch.com.br\/n\/uploads\/2023\/03\/400x300-Planilha-controle-de-gastos.png\">\n\t\t\t\t<img class=\"newsContent__article__imgCapa newsContent__article__imgCapa--banner\"\n\t\t\t\t\tsrc=\"https:\/\/files.sunoresearch.com.br\/n\/uploads\/2023\/03\/1420x240-Planilha-controle-de-gastos.png\"\n\t\t\t\t\tdata-promo-id=\"101751\"\t\t\t\t\t\t\t\t\t\twidth='1420' height='240'\t\t\t\t\talt=\"https:\/\/files.sunoresearch.com.br\/n\/uploads\/2023\/03\/1420x240-Planilha-controle-de-gastos.png\"\n\t\t\t\t>\n\t\t\t<\/picture>\n\t\t<\/a>\n\t<\/p>\n\n\n\n\n\n<h2 class=\"wp-block-heading\" id=\"h-crise-na-oi\">Crise na Oi<\/h2>\n\n\n\n<p>Al\u00e9m da prote\u00e7\u00e3o jur\u00eddica contra os credores, a tele protagoniza outro imbr\u00f3glio atualmente. A pedido dos acionistas Templo Capital, Victor Adler e VIC DTVM, foi convocada uma assembleia geral extraordin\u00e1ria para 6 de mar\u00e7o.<\/p>\n\n\n\n<p>Entre as pautas da assembleia, est\u00e3o pedidos para a destitui\u00e7\u00e3o do atual\u00a0<a href=\"https:\/\/www.suno.com.br\/artigos\/conselho-administracao\/\" target=\"_blank\" rel=\"noreferrer noopener\">Conselho de Administra\u00e7\u00e3o<\/a>\u00a0companhia e a mudan\u00e7a no n\u00famero de integrantes desta equipe do alto escal\u00e3o: de sete para nove membros titulares.<\/p>\n\n\n\t<p>\n\t\t<a href=\"https:\/\/lp.suno.com.br\/ebook-como-analisar-uma-acao\/\" target=\"_blank\" data-element=\"shortcode-suno-banner\" title=\"Banner SUNO, clique e saiba mais\">\n\t\t\t<picture>\n\t\t\t\t<source media=\"(max-width: 500px)\" srcset=\"https:\/\/files.sunoresearch.com.br\/n\/uploads\/2023\/03\/Ebook-Acoes-Mobile-1.jpg\">\n\t\t\t\t<img class=\"newsContent__article__imgCapa newsContent__article__imgCapa--banner\"\n\t\t\t\t\tsrc=\"https:\/\/files.sunoresearch.com.br\/n\/uploads\/2023\/03\/Ebook-Acoes-Desktop-1.jpg\"\n\t\t\t\t\tdata-promo-id=\"171998\"\t\t\t\t\t\t\t\t\t\twidth='1420' height='286'\t\t\t\t\talt=\"https:\/\/files.sunoresearch.com.br\/n\/uploads\/2023\/03\/Ebook-Acoes-Desktop-1.jpg\"\n\t\t\t\t>\n\t\t\t<\/picture>\n\t\t<\/a>\n\t<\/p>\n\n\n\n\n\n<p>No&nbsp;<strong>Ibovespa hoje<\/strong>&nbsp;desta ter\u00e7a (7), as <strong>a\u00e7\u00f5es da Oi<\/strong> eram negociados em alta de 4%, ao pre\u00e7o de R$ 1,30, por volta das 13h.<\/p>\n\n\n\n<p>Mesmo ap\u00f3s o grupamento, como o valor das a\u00e7\u00f5es da&nbsp;<strong>Oi&nbsp;<\/strong>\u00e9 baixo, qualquer varia\u00e7\u00e3o positiva ou negativa torna-se acentuada em valores percentuais.<\/p>\n\n\n\t<p>\n\t\t<a href=\"https:\/\/lp.suno.com.br\/planilha-de-controle-de-investimentos\/\" target=\"_blank\" data-element=\"shortcode-suno-banner\" title=\"Banner SUNO, clique e saiba mais\">\n\t\t\t<picture>\n\t\t\t\t<source media=\"(max-width: 500px)\" srcset=\"https:\/\/files.sunoresearch.com.br\/n\/uploads\/2023\/03\/400x300-Controle-de-Investimentos.png\">\n\t\t\t\t<img class=\"newsContent__article__imgCapa newsContent__article__imgCapa--banner\"\n\t\t\t\t\tsrc=\"https:\/\/files.sunoresearch.com.br\/n\/uploads\/2023\/03\/1420x240-Controle-de-Investimentos.png\"\n\t\t\t\t\tdata-promo-id=\"75934\"\t\t\t\t\t\t\t\t\t\twidth='1420' height='240'\t\t\t\t\talt=\"https:\/\/files.sunoresearch.com.br\/n\/uploads\/2023\/03\/1420x240-Controle-de-Investimentos.png\"\n\t\t\t\t>\n\t\t\t<\/picture>\n\t\t<\/a>\n\t<\/p>\n\n\n","protected":false},"excerpt":{"rendered":"<p>Enquanto a Oi (OIBR3) n\u00e3o decide se entrar\u00e1 novamente em recupera\u00e7\u00e3o judicial, a empresa estendeu o per\u00edodo de negocia\u00e7\u00e3o com os seus credores. De acordo com informa\u00e7\u00f5es divulgadas nesta ter\u00e7a (7), a companhia tem 30 dias para definir qual ser\u00e1 o seu pr\u00f3ximo caminho. Segundo a apura\u00e7\u00e3o do Estad\u00e3o\/Broadcast, o alto escal\u00e3o da Oi ainda [&hellip;]<\/p>\n","protected":false},"author":232,"featured_media":323633,"comment_status":"closed","ping_status":"closed","sticky":false,"template":"","format":"standard","meta":[],"categories":[64],"tags":[286,584],"suno_strategy":[],"class_list":["post-359595","post","type-post","status-publish","format-standard","has-post-thumbnail","hentry","category-negocios","tag-acoes","tag-oi-oibr3-oibr4"],"yoast_head":"<!-- This site is optimized with the Yoast SEO plugin v24.4 - https:\/\/yoast.com\/wordpress\/plugins\/seo\/ -->\n<title>Oi (OIBR3) vai pedir recupera\u00e7\u00e3o judicial de novo? Entenda<\/title>\n<meta name=\"description\" content=\"Enquanto a Oi (OIBR3) n\u00e3o decide se entrar\u00e1 novamente em recupera\u00e7\u00e3o judicial, a empresa estendeu negocia\u00e7\u00f5es com credores. Saiba mais!\" \/>\n<meta name=\"robots\" content=\"index, follow, max-snippet:-1, max-image-preview:large, max-video-preview:-1\" \/>\n<link rel=\"canonical\" href=\"https:\/\/www.suno.com.br\/noticias\/oi-oibr3-recuperacao-judicial-bater-martelo\/\" \/>\n<meta property=\"og:locale\" content=\"pt_BR\" \/>\n<meta property=\"og:type\" content=\"article\" \/>\n<meta property=\"og:title\" content=\"Oi (OIBR3) vai pedir recupera\u00e7\u00e3o judicial de novo? Entenda\" \/>\n<meta property=\"og:description\" content=\"Enquanto a Oi (OIBR3) n\u00e3o decide se entrar\u00e1 novamente em recupera\u00e7\u00e3o judicial, a empresa estendeu negocia\u00e7\u00f5es com credores. Saiba mais!\" \/>\n<meta property=\"og:url\" content=\"https:\/\/www.suno.com.br\/noticias\/oi-oibr3-recuperacao-judicial-bater-martelo\/\" \/>\n<meta property=\"og:site_name\" content=\"Suno Not\u00edcias\" \/>\n<meta property=\"article:publisher\" content=\"https:\/\/facebook.com\/sunoresearch\" \/>\n<meta property=\"og:image\" content=\"https:\/\/files.sunoresearch.com.br\/n\/uploads\/2022\/11\/oi-oibr3-recuperacao-judicial-foto-rafael-henrique-getty-images.jpg\" \/>\n\t<meta property=\"og:image:width\" content=\"1200\" \/>\n\t<meta property=\"og:image:height\" content=\"675\" \/>\n\t<meta property=\"og:image:type\" content=\"image\/jpeg\" \/>\n<meta name=\"author\" content=\"Erick Matheus Nery\" \/>\n<meta name=\"twitter:card\" content=\"summary_large_image\" \/>\n<meta name=\"twitter:creator\" content=\"@sunoresearch\" \/>\n<meta name=\"twitter:site\" content=\"@sunoresearch\" \/>\n<meta name=\"twitter:label1\" content=\"Escrito por\" \/>\n\t<meta name=\"twitter:data1\" content=\"Erick Matheus Nery\" \/>\n\t<meta name=\"twitter:label2\" content=\"Est. tempo de leitura\" \/>\n\t<meta name=\"twitter:data2\" content=\"2 minutos\" \/>\n<script type=\"application\/ld+json\" class=\"yoast-schema-graph\">{\"@context\":\"https:\/\/schema.org\",\"@graph\":[{\"@type\":\"NewsArticle\",\"@id\":\"https:\/\/www.suno.com.br\/noticias\/oi-oibr3-recuperacao-judicial-bater-martelo\/#article\",\"isPartOf\":{\"@id\":\"https:\/\/www.suno.com.br\/noticias\/oi-oibr3-recuperacao-judicial-bater-martelo\/\"},\"author\":{\"name\":\"Erick Matheus Nery\",\"@id\":\"https:\/\/www.suno.com.br\/noticias\/#\/schema\/person\/6899bc3f19d1a7315f807131c2c013a0\"},\"headline\":\"Oi (OIBR3) vai pedir recupera\u00e7\u00e3o judicial de novo? Empresa estende negocia\u00e7\u00f5es antes de bater o martelo\",\"datePublished\":\"2023-02-07T16:33:12+00:00\",\"dateModified\":\"2023-02-07T16:33:17+00:00\",\"mainEntityOfPage\":{\"@id\":\"https:\/\/www.suno.com.br\/noticias\/oi-oibr3-recuperacao-judicial-bater-martelo\/\"},\"wordCount\":381,\"publisher\":{\"@id\":\"https:\/\/www.suno.com.br\/noticias\/#organization\"},\"image\":{\"@id\":\"https:\/\/www.suno.com.br\/noticias\/oi-oibr3-recuperacao-judicial-bater-martelo\/#primaryimage\"},\"thumbnailUrl\":\"https:\/\/files.sunoresearch.com.br\/n\/uploads\/2022\/11\/oi-oibr3-recuperacao-judicial-foto-rafael-henrique-getty-images.jpg\",\"keywords\":[\"A\u00e7\u00f5es\",\"Oi (OIBR3\/OIBR4)\"],\"articleSection\":[\"Neg\u00f3cios\"],\"inLanguage\":\"pt-BR\"},{\"@type\":\"WebPage\",\"@id\":\"https:\/\/www.suno.com.br\/noticias\/oi-oibr3-recuperacao-judicial-bater-martelo\/\",\"url\":\"https:\/\/www.suno.com.br\/noticias\/oi-oibr3-recuperacao-judicial-bater-martelo\/\",\"name\":\"Oi (OIBR3) vai pedir recupera\u00e7\u00e3o judicial de novo? Entenda\",\"isPartOf\":{\"@id\":\"https:\/\/www.suno.com.br\/noticias\/#website\"},\"primaryImageOfPage\":{\"@id\":\"https:\/\/www.suno.com.br\/noticias\/oi-oibr3-recuperacao-judicial-bater-martelo\/#primaryimage\"},\"image\":{\"@id\":\"https:\/\/www.suno.com.br\/noticias\/oi-oibr3-recuperacao-judicial-bater-martelo\/#primaryimage\"},\"thumbnailUrl\":\"https:\/\/files.sunoresearch.com.br\/n\/uploads\/2022\/11\/oi-oibr3-recuperacao-judicial-foto-rafael-henrique-getty-images.jpg\",\"datePublished\":\"2023-02-07T16:33:12+00:00\",\"dateModified\":\"2023-02-07T16:33:17+00:00\",\"description\":\"Enquanto a Oi (OIBR3) n\u00e3o decide se entrar\u00e1 novamente em recupera\u00e7\u00e3o judicial, a empresa estendeu negocia\u00e7\u00f5es com credores. Saiba mais!\",\"breadcrumb\":{\"@id\":\"https:\/\/www.suno.com.br\/noticias\/oi-oibr3-recuperacao-judicial-bater-martelo\/#breadcrumb\"},\"inLanguage\":\"pt-BR\",\"potentialAction\":[{\"@type\":\"ReadAction\",\"target\":[\"https:\/\/www.suno.com.br\/noticias\/oi-oibr3-recuperacao-judicial-bater-martelo\/\"]}]},{\"@type\":\"ImageObject\",\"inLanguage\":\"pt-BR\",\"@id\":\"https:\/\/www.suno.com.br\/noticias\/oi-oibr3-recuperacao-judicial-bater-martelo\/#primaryimage\",\"url\":\"https:\/\/files.sunoresearch.com.br\/n\/uploads\/2022\/11\/oi-oibr3-recuperacao-judicial-foto-rafael-henrique-getty-images.jpg\",\"contentUrl\":\"https:\/\/files.sunoresearch.com.br\/n\/uploads\/2022\/11\/oi-oibr3-recuperacao-judicial-foto-rafael-henrique-getty-images.jpg\",\"width\":1200,\"height\":675,\"caption\":\"Oi (OIBR3). Foto: Rafael Henrique\/Getty Images\"},{\"@type\":\"BreadcrumbList\",\"@id\":\"https:\/\/www.suno.com.br\/noticias\/oi-oibr3-recuperacao-judicial-bater-martelo\/#breadcrumb\",\"itemListElement\":[{\"@type\":\"ListItem\",\"position\":1,\"name\":\"Not\u00edcias\",\"item\":\"https:\/\/www.suno.com.br\/noticias\/\"},{\"@type\":\"ListItem\",\"position\":2,\"name\":\"Neg\u00f3cios\",\"item\":\"https:\/\/www.suno.com.br\/noticias\/negocios\/\"},{\"@type\":\"ListItem\",\"position\":3,\"name\":\"Oi (OIBR3) vai pedir recupera\u00e7\u00e3o judicial de novo? Empresa estende negocia\u00e7\u00f5es antes de bater o martelo\"}]},{\"@type\":\"WebSite\",\"@id\":\"https:\/\/www.suno.com.br\/noticias\/#website\",\"url\":\"https:\/\/www.suno.com.br\/noticias\/\",\"name\":\"Suno Not\u00edcias\",\"description\":\"Seu portal de informa\u00e7\u00e3o sobre o mundo dos investimentos\",\"publisher\":{\"@id\":\"https:\/\/www.suno.com.br\/noticias\/#organization\"},\"potentialAction\":[{\"@type\":\"SearchAction\",\"target\":{\"@type\":\"EntryPoint\",\"urlTemplate\":\"https:\/\/www.suno.com.br\/noticias\/?s={search_term_string}\"},\"query-input\":{\"@type\":\"PropertyValueSpecification\",\"valueRequired\":true,\"valueName\":\"search_term_string\"}}],\"inLanguage\":\"pt-BR\"},{\"@type\":\"Organization\",\"@id\":\"https:\/\/www.suno.com.br\/noticias\/#organization\",\"name\":\"Suno Not\u00edcias\",\"url\":\"https:\/\/www.suno.com.br\/noticias\/\",\"logo\":{\"@type\":\"ImageObject\",\"inLanguage\":\"pt-BR\",\"@id\":\"https:\/\/www.suno.com.br\/noticias\/#\/schema\/logo\/image\/\",\"url\":\"https:\/\/files.sunoresearch.com.br\/n\/uploads\/2021\/09\/suno-logo.png\",\"contentUrl\":\"https:\/\/files.sunoresearch.com.br\/n\/uploads\/2021\/09\/suno-logo.png\",\"width\":180,\"height\":180,\"caption\":\"Suno Not\u00edcias\"},\"image\":{\"@id\":\"https:\/\/www.suno.com.br\/noticias\/#\/schema\/logo\/image\/\"},\"sameAs\":[\"https:\/\/facebook.com\/sunoresearch\",\"https:\/\/x.com\/sunoresearch\",\"https:\/\/www.instagram.com\/suno\",\"https:\/\/www.linkedin.com\/company\/suno-research\/\",\"https:\/\/www.youtube.com\/c\/sunoresearch\"]},{\"@type\":\"Person\",\"@id\":\"https:\/\/www.suno.com.br\/noticias\/#\/schema\/person\/6899bc3f19d1a7315f807131c2c013a0\",\"name\":\"Erick Matheus Nery\",\"image\":{\"@type\":\"ImageObject\",\"inLanguage\":\"pt-BR\",\"@id\":\"https:\/\/www.suno.com.br\/noticias\/#\/schema\/person\/image\/\",\"url\":\"https:\/\/secure.gravatar.com\/avatar\/518ddffe438ccb767782d372a66304d2?s=96&r=g\",\"contentUrl\":\"https:\/\/secure.gravatar.com\/avatar\/518ddffe438ccb767782d372a66304d2?s=96&r=g\",\"caption\":\"Erick Matheus Nery\"},\"description\":\"Formado em Jornalismo pela Universidade Federal do Par\u00e1 (UFPA), conta com extens\u00e3o em Jornalismo Econ\u00f4mico pela Funda\u00e7\u00e3o Get\u00falio Vargas (FGV). No Suno Not\u00edcias, atua como rep\u00f3rter de Mercado, com foco nos setores de telecomunica\u00e7\u00f5es, varejo, alimentos e renda fixa. Conta com passagens pelo jornal O Estado de S\u00e3o Paulo, como trainee de Jornalismo Econ\u00f4mico, e pelo site Not\u00edcias da TV.\",\"url\":\"https:\/\/www.suno.com.br\/noticias\/author\/erick-nery\/\"}]}<\/script>\n<!-- \/ Yoast SEO plugin. -->","yoast_head_json":{"title":"Oi (OIBR3) vai pedir recupera\u00e7\u00e3o judicial de novo? Entenda","description":"Enquanto a Oi (OIBR3) n\u00e3o decide se entrar\u00e1 novamente em recupera\u00e7\u00e3o judicial, a empresa estendeu negocia\u00e7\u00f5es com credores. Saiba mais!","robots":{"index":"index","follow":"follow","max-snippet":"max-snippet:-1","max-image-preview":"max-image-preview:large","max-video-preview":"max-video-preview:-1"},"canonical":"https:\/\/www.suno.com.br\/noticias\/oi-oibr3-recuperacao-judicial-bater-martelo\/","og_locale":"pt_BR","og_type":"article","og_title":"Oi (OIBR3) vai pedir recupera\u00e7\u00e3o judicial de novo? Entenda","og_description":"Enquanto a Oi (OIBR3) n\u00e3o decide se entrar\u00e1 novamente em recupera\u00e7\u00e3o judicial, a empresa estendeu negocia\u00e7\u00f5es com credores. Saiba mais!","og_url":"https:\/\/www.suno.com.br\/noticias\/oi-oibr3-recuperacao-judicial-bater-martelo\/","og_site_name":"Suno Not\u00edcias","article_publisher":"https:\/\/facebook.com\/sunoresearch","og_image":[{"width":1200,"height":675,"url":"https:\/\/files.sunoresearch.com.br\/n\/uploads\/2022\/11\/oi-oibr3-recuperacao-judicial-foto-rafael-henrique-getty-images.jpg","type":"image\/jpeg"}],"author":"Erick Matheus Nery","twitter_card":"summary_large_image","twitter_creator":"@sunoresearch","twitter_site":"@sunoresearch","twitter_misc":{"Escrito por":"Erick Matheus Nery","Est. tempo de leitura":"2 minutos"},"schema":{"@context":"https:\/\/schema.org","@graph":[{"@type":"NewsArticle","@id":"https:\/\/www.suno.com.br\/noticias\/oi-oibr3-recuperacao-judicial-bater-martelo\/#article","isPartOf":{"@id":"https:\/\/www.suno.com.br\/noticias\/oi-oibr3-recuperacao-judicial-bater-martelo\/"},"author":{"name":"Erick Matheus Nery","@id":"https:\/\/www.suno.com.br\/noticias\/#\/schema\/person\/6899bc3f19d1a7315f807131c2c013a0"},"headline":"Oi (OIBR3) vai pedir recupera\u00e7\u00e3o judicial de novo? Empresa estende negocia\u00e7\u00f5es antes de bater o martelo","datePublished":"2023-02-07T16:33:12+00:00","dateModified":"2023-02-07T16:33:17+00:00","mainEntityOfPage":{"@id":"https:\/\/www.suno.com.br\/noticias\/oi-oibr3-recuperacao-judicial-bater-martelo\/"},"wordCount":381,"publisher":{"@id":"https:\/\/www.suno.com.br\/noticias\/#organization"},"image":{"@id":"https:\/\/www.suno.com.br\/noticias\/oi-oibr3-recuperacao-judicial-bater-martelo\/#primaryimage"},"thumbnailUrl":"https:\/\/files.sunoresearch.com.br\/n\/uploads\/2022\/11\/oi-oibr3-recuperacao-judicial-foto-rafael-henrique-getty-images.jpg","keywords":["A\u00e7\u00f5es","Oi (OIBR3\/OIBR4)"],"articleSection":["Neg\u00f3cios"],"inLanguage":"pt-BR"},{"@type":"WebPage","@id":"https:\/\/www.suno.com.br\/noticias\/oi-oibr3-recuperacao-judicial-bater-martelo\/","url":"https:\/\/www.suno.com.br\/noticias\/oi-oibr3-recuperacao-judicial-bater-martelo\/","name":"Oi (OIBR3) vai pedir recupera\u00e7\u00e3o judicial de novo? Entenda","isPartOf":{"@id":"https:\/\/www.suno.com.br\/noticias\/#website"},"primaryImageOfPage":{"@id":"https:\/\/www.suno.com.br\/noticias\/oi-oibr3-recuperacao-judicial-bater-martelo\/#primaryimage"},"image":{"@id":"https:\/\/www.suno.com.br\/noticias\/oi-oibr3-recuperacao-judicial-bater-martelo\/#primaryimage"},"thumbnailUrl":"https:\/\/files.sunoresearch.com.br\/n\/uploads\/2022\/11\/oi-oibr3-recuperacao-judicial-foto-rafael-henrique-getty-images.jpg","datePublished":"2023-02-07T16:33:12+00:00","dateModified":"2023-02-07T16:33:17+00:00","description":"Enquanto a Oi (OIBR3) n\u00e3o decide se entrar\u00e1 novamente em recupera\u00e7\u00e3o judicial, a empresa estendeu negocia\u00e7\u00f5es com credores. Saiba mais!","breadcrumb":{"@id":"https:\/\/www.suno.com.br\/noticias\/oi-oibr3-recuperacao-judicial-bater-martelo\/#breadcrumb"},"inLanguage":"pt-BR","potentialAction":[{"@type":"ReadAction","target":["https:\/\/www.suno.com.br\/noticias\/oi-oibr3-recuperacao-judicial-bater-martelo\/"]}]},{"@type":"ImageObject","inLanguage":"pt-BR","@id":"https:\/\/www.suno.com.br\/noticias\/oi-oibr3-recuperacao-judicial-bater-martelo\/#primaryimage","url":"https:\/\/files.sunoresearch.com.br\/n\/uploads\/2022\/11\/oi-oibr3-recuperacao-judicial-foto-rafael-henrique-getty-images.jpg","contentUrl":"https:\/\/files.sunoresearch.com.br\/n\/uploads\/2022\/11\/oi-oibr3-recuperacao-judicial-foto-rafael-henrique-getty-images.jpg","width":1200,"height":675,"caption":"Oi (OIBR3). Foto: Rafael Henrique\/Getty Images"},{"@type":"BreadcrumbList","@id":"https:\/\/www.suno.com.br\/noticias\/oi-oibr3-recuperacao-judicial-bater-martelo\/#breadcrumb","itemListElement":[{"@type":"ListItem","position":1,"name":"Not\u00edcias","item":"https:\/\/www.suno.com.br\/noticias\/"},{"@type":"ListItem","position":2,"name":"Neg\u00f3cios","item":"https:\/\/www.suno.com.br\/noticias\/negocios\/"},{"@type":"ListItem","position":3,"name":"Oi (OIBR3) vai pedir recupera\u00e7\u00e3o judicial de novo? Empresa estende negocia\u00e7\u00f5es antes de bater o martelo"}]},{"@type":"WebSite","@id":"https:\/\/www.suno.com.br\/noticias\/#website","url":"https:\/\/www.suno.com.br\/noticias\/","name":"Suno Not\u00edcias","description":"Seu portal de informa\u00e7\u00e3o sobre o mundo dos investimentos","publisher":{"@id":"https:\/\/www.suno.com.br\/noticias\/#organization"},"potentialAction":[{"@type":"SearchAction","target":{"@type":"EntryPoint","urlTemplate":"https:\/\/www.suno.com.br\/noticias\/?s={search_term_string}"},"query-input":{"@type":"PropertyValueSpecification","valueRequired":true,"valueName":"search_term_string"}}],"inLanguage":"pt-BR"},{"@type":"Organization","@id":"https:\/\/www.suno.com.br\/noticias\/#organization","name":"Suno Not\u00edcias","url":"https:\/\/www.suno.com.br\/noticias\/","logo":{"@type":"ImageObject","inLanguage":"pt-BR","@id":"https:\/\/www.suno.com.br\/noticias\/#\/schema\/logo\/image\/","url":"https:\/\/files.sunoresearch.com.br\/n\/uploads\/2021\/09\/suno-logo.png","contentUrl":"https:\/\/files.sunoresearch.com.br\/n\/uploads\/2021\/09\/suno-logo.png","width":180,"height":180,"caption":"Suno Not\u00edcias"},"image":{"@id":"https:\/\/www.suno.com.br\/noticias\/#\/schema\/logo\/image\/"},"sameAs":["https:\/\/facebook.com\/sunoresearch","https:\/\/x.com\/sunoresearch","https:\/\/www.instagram.com\/suno","https:\/\/www.linkedin.com\/company\/suno-research\/","https:\/\/www.youtube.com\/c\/sunoresearch"]},{"@type":"Person","@id":"https:\/\/www.suno.com.br\/noticias\/#\/schema\/person\/6899bc3f19d1a7315f807131c2c013a0","name":"Erick Matheus Nery","image":{"@type":"ImageObject","inLanguage":"pt-BR","@id":"https:\/\/www.suno.com.br\/noticias\/#\/schema\/person\/image\/","url":"https:\/\/secure.gravatar.com\/avatar\/518ddffe438ccb767782d372a66304d2?s=96&r=g","contentUrl":"https:\/\/secure.gravatar.com\/avatar\/518ddffe438ccb767782d372a66304d2?s=96&r=g","caption":"Erick Matheus Nery"},"description":"Formado em Jornalismo pela Universidade Federal do Par\u00e1 (UFPA), conta com extens\u00e3o em Jornalismo Econ\u00f4mico pela Funda\u00e7\u00e3o Get\u00falio Vargas (FGV). No Suno Not\u00edcias, atua como rep\u00f3rter de Mercado, com foco nos setores de telecomunica\u00e7\u00f5es, varejo, alimentos e renda fixa. Conta com passagens pelo jornal O Estado de S\u00e3o Paulo, como trainee de Jornalismo Econ\u00f4mico, e pelo site Not\u00edcias da TV.","url":"https:\/\/www.suno.com.br\/noticias\/author\/erick-nery\/"}]}},"default_loop_html":"<div class=\"cardsPage__listCard__boxs\"><div class=\"cardsPage__listCard__boxs__img\"><a href=\"https:\/\/www.suno.com.br\/noticias\/oi-oibr3-recuperacao-judicial-bater-martelo\/\"><img class=\"mask\" src=\"https:\/\/www.suno.com.br\/noticias\/wp-content\/themes\/suno\/resources\/images\/spotlight\/spotlight1img\/bg-mask.png\" alt=\"Image Mask\"\/><img src=\"https:\/\/files.sunoresearch.com.br\/n\/uploads\/2022\/11\/oi-oibr3-recuperacao-judicial-foto-rafael-henrique-getty-images-400x200.jpg\" alt=\"Oi (OIBR3) vai pedir recupera\u00e7\u00e3o judicial de novo? Empresa estende negocia\u00e7\u00f5es antes de bater o martelo\"\/><\/a><span class=\"spotlightCategory\"><a href=\"https:\/\/www.suno.com.br\/noticias\/negocios\/\">Neg\u00f3cios<\/a><\/span><\/div><div class=\"cardsPage__listCard__boxs__content\"><a href=\"https:\/\/www.suno.com.br\/noticias\/oi-oibr3-recuperacao-judicial-bater-martelo\/\"><h2 class=\"content__title\">Oi (OIBR3) vai pedir recupera\u00e7\u00e3o judicial de novo? Empresa estende negocia\u00e7\u00f5es antes de bater o martelo<\/h2><\/a><div class=\"newsContent__article__meta\"><div class=\"newsContent__article__meta__authorBox\"><a href=\"https:\/\/www.suno.com.br\/noticias\/author\/erick-nery\/\" class=\"authorBox__avatar noMobi\"><img src=\"https:\/\/secure.gravatar.com\/avatar\/518ddffe438ccb767782d372a66304d2?s=96&#038;r=g\" alt=\"Erick Matheus Nery\"><\/a><div class=\"authorBox__name\"><span>por\n\t\t\t<a href=\"https:\/\/www.suno.com.br\/noticias\/author\/erick-nery\/\"><span itemprop=\"author\">Erick Matheus Nery<\/span><\/a><\/span><time datetime=\"2023-02-07T13:33:12-03:00\" itemprop=\"datePublished\">07\/02\/2023 13:33<\/time><\/div><\/div><\/div><\/div><\/div>","single_layout":"posts","amp_enabled":true,"_links":{"self":[{"href":"https:\/\/www.suno.com.br\/noticias\/wp-json\/wp\/v2\/posts\/359595"}],"collection":[{"href":"https:\/\/www.suno.com.br\/noticias\/wp-json\/wp\/v2\/posts"}],"about":[{"href":"https:\/\/www.suno.com.br\/noticias\/wp-json\/wp\/v2\/types\/post"}],"author":[{"embeddable":true,"href":"https:\/\/www.suno.com.br\/noticias\/wp-json\/wp\/v2\/users\/232"}],"replies":[{"embeddable":true,"href":"https:\/\/www.suno.com.br\/noticias\/wp-json\/wp\/v2\/comments?post=359595"}],"version-history":[{"count":2,"href":"https:\/\/www.suno.com.br\/noticias\/wp-json\/wp\/v2\/posts\/359595\/revisions"}],"predecessor-version":[{"id":359651,"href":"https:\/\/www.suno.com.br\/noticias\/wp-json\/wp\/v2\/posts\/359595\/revisions\/359651"}],"wp:featuredmedia":[{"embeddable":true,"href":"https:\/\/www.suno.com.br\/noticias\/wp-json\/wp\/v2\/media\/323633"}],"wp:attachment":[{"href":"https:\/\/www.suno.com.br\/noticias\/wp-json\/wp\/v2\/media?parent=359595"}],"wp:term":[{"taxonomy":"category","embeddable":true,"href":"https:\/\/www.suno.com.br\/noticias\/wp-json\/wp\/v2\/categories?post=359595"},{"taxonomy":"post_tag","embeddable":true,"href":"https:\/\/www.suno.com.br\/noticias\/wp-json\/wp\/v2\/tags?post=359595"},{"taxonomy":"suno_strategy","embeddable":true,"href":"https:\/\/www.suno.com.br\/noticias\/wp-json\/wp\/v2\/suno_strategy?post=359595"}],"curies":[{"name":"wp","href":"https:\/\/api.w.org\/{rel}","templated":true}]}}