{"id":359389,"date":"2023-02-06T22:30:10","date_gmt":"2023-02-07T01:30:10","guid":{"rendered":"https:\/\/www.suno.com.br\/noticias\/?p=359389"},"modified":"2023-02-06T22:30:24","modified_gmt":"2023-02-07T01:30:24","slug":"radar-oi-oibr3-qualicorp-qual3-light-ligt3","status":"publish","type":"post","link":"https:\/\/www.suno.com.br\/noticias\/radar-oi-oibr3-qualicorp-qual3-light-ligt3\/","title":{"rendered":"Radar: Oi (OIBR3) tem d\u00edvidas de R$ 27 bi e 14 credores, a\u00e7\u00f5es da Qualicorp (QUAL3) despencam e Light (LIGT3) deve pedir recupera\u00e7\u00e3o judicial"},"content":{"rendered":"<p><a href=\"https:\/\/www.suno.com.br\/noticias\/oi-oibr3-justica-defere-tutela-urgencia-credores\/\" target=\"_blank\" rel=\"noreferrer noopener\">Ap\u00f3s conseguir a prote\u00e7\u00e3o na Justi\u00e7a<\/a>, a <strong>Oi<\/strong> (OIBR3) divulgou nesta segunda-feira (6) a lista de credores. Com uma d\u00edvida total de R$ 29,751 bilh\u00f5es, a empresa de telefonia tem valores pendentes com 14 institui\u00e7\u00f5es financeiras, conforme aponta o documento apresentado \u00e0 7\u00aa Vara Empresarial do Rio de Janeiro.<\/p>\t<div class=\"wrapper-featured-image\">\n\t\t<figure class=\"spotlightImg\">\n\n\t\t\t<picture>\n\t\t\t\t<source media=\"(max-width: 768px)\" srcset=\"https:\/\/files.sunoresearch.com.br\/n\/uploads\/2022\/12\/oi-oibr3-oibr4-400x200.jpg\">\n\t\t\t\t<img loading=\"lazy\" decoding=\"async\" class=\"newsContent__article__imgCapa lazyloadDisabled \" src=\"https:\/\/files.sunoresearch.com.br\/n\/uploads\/2022\/12\/oi-oibr3-oibr4-800x450.jpg\" width=\"800\" height=\"450\" alt=\"Radar: Oi (OIBR3) tem d\u00edvidas de R$ 27 bi e 14 credores, a\u00e7\u00f5es da Qualicorp (QUAL3) despencam e Light (LIGT3) deve pedir recupera\u00e7\u00e3o judicial\" fetchpriority=high \/>\n\t\t\t<\/picture>\n\n\t\t\t<figcaption class=\"wp-caption-text wp-caption-text--show\">Oi (OIBR3). Foto: Divulga\u00e7\u00e3o<\/figcaption>\n\t\t<\/figure>\n\t<\/div>\n\n\n\n\n\n\t<p>\n\t\t<a href=\"\" target=\"_blank\" data-element=\"shortcode-suno-banner\" title=\"Banner SUNO, clique e saiba mais\">\n\t\t\t<picture>\n\t\t\t\t<source media=\"(max-width: 500px)\" srcset=\"\">\n\t\t\t\t<img class=\"newsContent__article__imgCapa newsContent__article__imgCapa--banner\"\n\t\t\t\t\tsrc=\"\"\n\t\t\t\t\tdata-promo-id=\"138420\"\t\t\t\t\t\t\t\t\t\t\t\t\t\t\talt=\"\"\n\t\t\t\t>\n\t\t\t<\/picture>\n\t\t<\/a>\n\t<\/p>\n\n\n\n\n\n<p>Segundo o documento, o maior <strong>credor da Oi<\/strong> \u00e9 o Bank of New York Mellon com um montante de US$ 1,73 bilh\u00e3o (R$ 9 bilh\u00f5es). Nesse caso, a institui\u00e7\u00e3o administra <strong>t\u00edtulos de d\u00edvida da Oi<\/strong> adquiridos por investidores. Em seguida aparece o agente fiduci\u00e1rio GDC Partners com montante de R$ 8,26 bilh\u00f5es.<\/p>\n\n\n\n<p>Entre os credores brasileiros, o banco com maior exposi\u00e7\u00e3o \u00e9 o Ita\u00fa BBA, para o qual a Oi tem uma d\u00edvida de R$ 2 bilh\u00f5es.<\/p>\n\n\n\n<p>Confira abaixo a <strong>lista dos credores da Oi<\/strong>, segundo o documento enviado \u00e0 Justi\u00e7a: <\/p>\n\n\n\n<ul class=\"wp-block-list\">\n<li>BNY Mellon (US$ 1,73 bilh\u00e3o ou R$ 9 bilh\u00f5es)<\/li>\n\n\n\n<li>GDC Partners (R$ 8,26 bilh\u00f5es)<\/li>\n\n\n\n<li>Wilmington (US$ 1,03 bilh\u00e3o ou R$ 5,36 bilh\u00f5es)<\/li>\n\n\n\n<li>China Development Bank (US$ 731,97 milh\u00f5es ou R$ 3,82 bilh\u00f5es)<\/li>\n\n\n\n<li>Ita\u00fa BBA (R$ 2 bilh\u00f5es)<\/li>\n\n\n\n<li>Funda\u00e7\u00e3o Atl\u00e2ntico de Seguridade Social (R$ 948,12 milh\u00f5es)<\/li>\n\n\n\n<li>Banco do Nordeste do Brasil (R$ 156,4 milh\u00f5es).<\/li>\n\n\n\n<li>Banco da Amaz\u00f4nia (R$ 100 milh\u00f5es)<\/li>\n\n\n\n<li>Bradesco (R$ 34,4 milh\u00f5es)<\/li>\n\n\n\n<li>ABC Brasil (R$ 2,5 milh\u00f5es)<\/li>\n\n\n\n<li>Santander (R$ 2,2 milh\u00f5es)<\/li>\n\n\n\n<li>BNP Paribas (R$ 675 mil)<\/li>\n\n\n\n<li>Fibra (R$ 29 mil) <\/li>\n\n\n\n<li>Modal (R$ 25 mil)<\/li>\n<\/ul>\n\n\n\n\t<div data-element=\"shortcode-read-more\" class=\"readToo\">\n\t\t\t\t<span class=\"readToo__title\">Leia mais<\/span>\n\t\t\t\t<ul class=\"readToo__list\">\n\t\t\t<li><a href=\"https:\/\/www.suno.com.br\/noticias\/oi-oibr3-fitch-nota-reduzida\/\">Oi (OIBR3) \u00e9 rebaixada pela Fitch e nota pode piorar ainda mais; entenda<\/a><\/li><li><a href=\"https:\/\/www.suno.com.br\/noticias\/oi-oibr3-intervencao-anatel-divida-rs35bi\/\">Com d\u00edvida de R$ 35 bilh\u00f5es, Oi (OIBR3) pode sofrer interven\u00e7\u00e3o da Anatel<\/a><\/li><li><a href=\"https:\/\/www.suno.com.br\/noticias\/destaques-03-02-2023-oibr3-abev3-petr4-elet3\/\">Oi (OIBR3), Ambev (ABEV3), Petrobras (PETR4) e Eletrobras (ELET3) s\u00e3o destaques do mercado financeiro<\/a><\/li>\t\t<\/ul>\n\t<\/div>\n\n\n\n\n<h2 class=\"wp-block-heading\" id=\"h-justica-aceita-pedido-as-pressas-da-oi\">Justi\u00e7a aceita pedido \u00e0s pressas da Oi<\/h2>\n\n\n\n<p>A Justi\u00e7a deferiu o pedido de tutela de urg\u00eancia solicitado pela&nbsp;<strong>Oi<\/strong> contra seus credores. <\/p>\n\n\n\n<p><a href=\"https:\/\/www.suno.com.br\/noticias\/oi-oibr3-justica-defere-tutela-urgencia-credores\/\" target=\"_blank\" rel=\"noreferrer noopener\">Na sexta (3)<\/a>, a companhia informou ao mercado que uma das caracter\u00edsticas dessa prote\u00e7\u00e3o jur\u00eddica \u00e9 a suspens\u00e3o dos efeitos de inadimplemento das d\u00edvidas avaliadas em cerca de R$ 29 bilh\u00f5es.<\/p>\n\n\n\n<p>No documento enviado \u00e0&nbsp;<a href=\"https:\/\/www.suno.com.br\/artigos\/cvm\/\" target=\"_blank\" rel=\"noreferrer noopener\">Comiss\u00e3o de Valores Mobili\u00e1rios (CVM)<\/a>, a&nbsp;<strong>empresa de telecomunica\u00e7\u00f5es<\/strong>&nbsp;argumentou que a tutela de urg\u00eancia \u201cconfigura a medida mais adequada, neste momento, para proteger a companhia e suas subsidi\u00e1rias contra execu\u00e7\u00e3o\/exigibilidade de cr\u00e9ditos e de excuss\u00e3o de garantias\u201d.<\/p>\n\n\n\n<h2 class=\"wp-block-heading\" id=\"h-oi-nova-recuperacao-judicial\">Oi: Nova recupera\u00e7\u00e3o judicial?<\/h2>\n\n\n\n<p>No documento, a empresa admitiu que pode pedir mais uma&nbsp;<a target=\"_blank\" href=\"https:\/\/www.suno.com.br\/artigos\/recuperacao-judicial\/\" rel=\"noreferrer noopener\">recupera\u00e7\u00e3o judicial<\/a>&nbsp;devido a&nbsp;<strong>d\u00edvida bilion\u00e1ria<\/strong>.<\/p>\n\n\n\n<p>Segundo informa\u00e7\u00f5es divulgadas pelo jornal Valor Econ\u00f4mico e pela ag\u00eancia Reuters na quarta (1\u00ba), o pedido de&nbsp;<strong>prote\u00e7\u00e3o contra credores da Oi<\/strong>&nbsp;foi feito porque a empresa disse que n\u00e3o conseguiu chegar a um acordo para quitar as d\u00edvidas.&nbsp;<\/p>\n\n\n\n<p>Simultaneamente ao imbr\u00f3glio jur\u00eddico, a Oi vive outra confus\u00e3o: a pedido dos acionistas Templo Capital, Victor Adler e VIC DTVM, foi convocado uma assembleia geral extraordin\u00e1ria para 6 de mar\u00e7o.<\/p>\n\n\n\n<p>Em meio a esse caos, as&nbsp;a\u00e7\u00f5es da <strong>Oi<\/strong>&nbsp;operam o preg\u00e3o desta segunda (6) em queda de 20,13%, ao pre\u00e7o de R$ 1,27, de acordo com o mapeamento do Status Invest.<\/p>\n\n\n\n<p><em>Al\u00e9m d<\/em>a<strong>&nbsp;<em>Oi<\/em><\/strong><em>, confira outros destaques desta segunda-feira:<\/em><a href=\"https:\/\/lp.suno.com.br\/planilha-controle-gastos\/\" target=\"_blank\" rel=\"noreferrer noopener\"><\/a><a href=\"https:\/\/lp.suno.com.br\/planilha-controle-gastos\/\" target=\"_blank\" rel=\"noreferrer noopener\"><\/a><a href=\"https:\/\/lp.suno.com.br\/planilha-controle-gastos\/\" target=\"_blank\" rel=\"noreferrer noopener\"><\/a><a href=\"https:\/\/lp.suno.com.br\/planilha-controle-gastos\/\" target=\"_blank\" rel=\"noreferrer noopener\"><\/a><a href=\"https:\/\/lp.suno.com.br\/asset\/suno-fundo-infra-estrutura-snid11\/\" target=\"_blank\" rel=\"noreferrer noopener\"><\/a><a href=\"https:\/\/lps.suno.com.br\/cl\/6-anos-suno-quem-ganha-e-voce\/\" target=\"_blank\" rel=\"noreferrer noopener\"><\/a><a href=\"https:\/\/lp.suno.com.br\/planilha-controle-gastos\/\" target=\"_blank\" rel=\"noreferrer noopener\"><\/a><a href=\"https:\/\/lp.suno.com.br\/5-amostras-suno-research\/\" target=\"_blank\" rel=\"noreferrer noopener\"><\/a><\/p>\n\n\n\t<p>\n\t\t<a href=\"https:\/\/lp.suno.com.br\/planilha-controle-gastos\/\" target=\"_blank\" data-element=\"shortcode-suno-banner\" title=\"Banner SUNO, clique e saiba mais\">\n\t\t\t<picture>\n\t\t\t\t<source media=\"(max-width: 500px)\" srcset=\"https:\/\/files.sunoresearch.com.br\/n\/uploads\/2023\/03\/400x300-Planilha-controle-de-gastos.png\">\n\t\t\t\t<img class=\"newsContent__article__imgCapa newsContent__article__imgCapa--banner\"\n\t\t\t\t\tsrc=\"https:\/\/files.sunoresearch.com.br\/n\/uploads\/2023\/03\/1420x240-Planilha-controle-de-gastos.png\"\n\t\t\t\t\tdata-promo-id=\"101751\"\t\t\t\t\t\t\t\t\t\twidth='1420' height='240'\t\t\t\t\talt=\"https:\/\/files.sunoresearch.com.br\/n\/uploads\/2023\/03\/1420x240-Planilha-controle-de-gastos.png\"\n\t\t\t\t>\n\t\t\t<\/picture>\n\t\t<\/a>\n\t<\/p>\n\n\n\n\n\n<h2 class=\"wp-block-heading\">Qualicorp (QUAL3) despenca 5% no Ibovespa: o que aconteceu?<\/h2>\n\n\n\n<ul class=\"wp-block-list\">\n<li>As a\u00e7\u00f5es da <a class=\"suno-keyword\" data-force=\"yes\" data-priority=\"2\" href=\"https:\/\/www.suno.com.br\/acoes\/QUAL3\/\" target=\"_blank\" rel=\"noopener\"><strong>Qualicorp <\/strong>(QUAL3)<\/a> fecharam em queda de 5,06% na tarde desta segunda-feira (6), ficando entre as maiores quedas do Ibovespa. O que est\u00e1 acontecendo com os pap\u00e9is da Qualicorp?<\/li>\n\n\n\n<li>A analista Caritsa Moreira, da VG Research, ressalta que, recentemente, a Qualicorp n\u00e3o divulgou nenhum <a class=\"suno-keyword\" data-force=\"no\" data-priority=\"1\" href=\"https:\/\/www.suno.com.br\/artigos\/fato-relevante\/\" target=\"_blank\" rel=\"noopener\">fato relevante<\/a> ou comunicado que altere os seus fundamentos. <\/li>\n\n\n\n<li>Moreira considera que pode estar acontecendo a<strong> realiza\u00e7\u00e3o de lucros<\/strong> por<strong> investidores da Qualicorp<\/strong>, vendendo as a\u00e7\u00f5es ap\u00f3s um desempenho melhor no in\u00edcio de janeiro.<\/li>\n\n\n\n<li>Al\u00e9m disso, nas \u00faltimas semanas de janeiro, a especialista visualizou <a class=\"suno-keyword\" data-force=\"no\" data-priority=\"1\" href=\"https:\/\/www.suno.com.br\/artigos\/instituicoes-financeiras\/\" target=\"_blank\" rel=\"noopener\">institui\u00e7\u00f5es financeiras<\/a> reduzindo a sua participa\u00e7\u00e3o na companhia, recomendando a&#8221; venda&#8221; da <strong>a\u00e7\u00e3o da Qualicorp<\/strong> e cortando o pre\u00e7o-alvo. Veja mais abaixo:<\/li>\n\n\n\n<li>Segundo Moreira, no in\u00edcio de janeiro, com a troca da diretoria, as <strong>a\u00e7\u00f5es da Qualicorp <\/strong>subiram mais de 18%. <\/li>\n\n\n\n<li>&#8220;Em termos operacionais e de resultados, a Qualicorp tem muito trabalho a fazer para destravar valor. \u00c9 uma empresa em crescimento e \u00e9 impactada pelo cen\u00e1rio macroecon\u00f4mico desafiador&#8221;, complementa. <\/li>\n\n\n\n<li><strong>O que aconteceu com a Qualicorp desde o in\u00edcio de 2023<\/strong><\/li>\n\n\n\n<li>Dia 2 de janeiro, a companhia comunicou que recebeu as cartas de ren\u00fancia dos membros do <a class=\"suno-keyword\" data-force=\"no\" data-priority=\"1\" href=\"https:\/\/www.suno.com.br\/artigos\/conselho-administracao\/\" target=\"_blank\" rel=\"noopener\">conselho de administra\u00e7\u00e3o<\/a> Her\u00e1clito de Brito Gomes J\u00fanior, Presidente do Conselho; Mauro Teixeira Sampaio; Martha Maria Soares Savedra; e tamb\u00e9m do Diretor Presidente da Quali, Bruno Blatt.<\/li>\n\n\n\n<li>Na mesma data, a empresa recebeu ainda a correspond\u00eancia anexa da acionista <strong>Rede D\u2019Or <\/strong>(RDOR3), informando a realiza\u00e7\u00e3o de uma reorganiza\u00e7\u00e3o de sua estrutura de investimento na empresa.<\/li>\n\n\n\n<li>A Rede D\u2019Or contratou a Prisma Capital para gerir de forma profissional e discricion\u00e1ria sua participa\u00e7\u00e3o de 19,85% como investidora de <a class=\"suno-keyword\" data-force=\"no\" data-priority=\"1\" href=\"https:\/\/www.suno.com.br\/artigos\/longo-prazo\/\" target=\"_blank\" rel=\"noopener\">longo prazo<\/a> na Qualicorp, \u201cde forma a maximizar valor para a companhia\u201d.<\/li>\n\n\n\n<li>Uma nova sociedade, chamada de PrismaQuali <a class=\"suno-keyword\" data-force=\"no\" data-priority=\"1\" href=\"https:\/\/www.suno.com.br\/artigos\/gestao-ativa\/\" target=\"_blank\" rel=\"noopener\">Gest\u00e3o Ativa<\/a> de Participa\u00e7\u00f5es, ser\u00e1 a detentora de a\u00e7\u00f5es da Qualicorp representativas de 19,85% do seu capital. A Rede D\u2019Or seguir\u00e1 como acionista direta de <a class=\"suno-keyword\" data-force=\"no\" data-priority=\"1\" href=\"https:\/\/www.suno.com.br\/artigos\/longo-prazo\/\" target=\"_blank\" rel=\"noopener\">longo prazo<\/a> da empresa, com a\u00e7\u00f5es representativas de aproximadamente 6% do seu capital social.<\/li>\n\n\n\n<li>A Rede D&#8217;Or fez a mudan\u00e7a de gest\u00e3o ap\u00f3s passar por uma fus\u00e3o de opera\u00e7\u00f5es com a SulAm\u00e9rica, o que fez que a ANS (Ag\u00eancia Nacional de Sa\u00fade Suplementar) colocasse diversas restri\u00e7\u00f5es com rela\u00e7\u00e3o \u00e0 <strong>Qualicorp<\/strong>. Antes disso, a Rede D&#8217;Or possu\u00eda cerca de 30% das a\u00e7\u00f5es da Qualicorp. <\/li>\n<\/ul>\n\n\n\t<p>\n\t\t<a href=\"https:\/\/lp.suno.com.br\/planilha-da-vida-financeira\/\" target=\"_blank\" data-element=\"shortcode-suno-banner\" title=\"Banner SUNO, clique e saiba mais\">\n\t\t\t<picture>\n\t\t\t\t<source media=\"(max-width: 500px)\" srcset=\"https:\/\/files.sunoresearch.com.br\/n\/uploads\/2023\/04\/400x300-Planilha-vida-financeira-true.png\">\n\t\t\t\t<img class=\"newsContent__article__imgCapa newsContent__article__imgCapa--banner\"\n\t\t\t\t\tsrc=\"https:\/\/files.sunoresearch.com.br\/n\/uploads\/2023\/04\/1420x240-Planilha-vida-financeira-true.png\"\n\t\t\t\t\tdata-promo-id=\"106682\"\t\t\t\t\t\t\t\t\t\twidth='1420' height='240'\t\t\t\t\talt=\"https:\/\/files.sunoresearch.com.br\/n\/uploads\/2023\/04\/1420x240-Planilha-vida-financeira-true.png\"\n\t\t\t\t>\n\t\t\t<\/picture>\n\t\t<\/a>\n\t<\/p>\n\n\n\n\n\n<h2 class=\"wp-block-heading\">Fim do Uber (U1BE34) no Brasil? Ministro de Lula ironiza e diz que pode &#8220;chamar os Correios&#8221; para substituir app<\/h2>\n\n\n\n<ul class=\"wp-block-list\">\n<li>Ministro do Trabalho do governo do presidente Luiz In\u00e1cio Lula da Silva (PT), Luiz Marinho ironizou uma poss\u00edvel sa\u00edda do <strong>Uber<\/strong> (<a href=\"https:\/\/www.suno.com.br\/bdrs\/u1be34\/\" target=\"_blank\" rel=\"noreferrer noopener\">U1BE34<\/a>) do Brasil caso seja aprovada alguma regulamenta\u00e7\u00e3o do trabalho por aplicativos. Nesta segunda (6), Marinho disse que pode &#8220;chamar os Correios&#8221; para pensar em uma solu\u00e7\u00e3o que substitua o servi\u00e7o de carros via aplicativo.<\/li>\n\n\n\n<li>&#8220;As empresas est\u00e3o dispostas a discutir. Na Espanha, no processo de regula\u00e7\u00e3o, o Uber e mais algu\u00e9m disseram que iam sair. Esta rebeldia durou 72 horas. Me falaram: &#8216;E Se o Uber sair?&#8221;. Problema do Uber. N\u00e3o estou preocupado&#8221;, disse <strong>Luiz Marinho<\/strong> em entrevista ao jornal Valor Econ\u00f4mico.<\/li>\n\n\n\n<li>Em seguida, o<strong> ministro de Lula<\/strong> foi questionado sobre um poss\u00edvel problema econ\u00f4mico caso o Uber saia do pa\u00eds, e o pol\u00edtico rebateu: &#8220;Cria outro [aplicativo]. Posso chamar os Correios, que \u00e9 uma empresa de log\u00edstica e dizer para criar um aplicativo e substituir&#8221;.<\/li>\n\n\n\n<li>&#8220;Aplicativo h\u00e1 aos montes no mercado. N\u00e3o queremos regular no m\u00ednimo detalhe. Ningu\u00e9m gosta de correr muito risco, especialmente os capitalistas brasileiros. Mas qual a regula\u00e7\u00e3o para prote\u00e7\u00e3o do trabalho e das pessoas?&#8221;<\/li>\n\n\n\n<li>Segundo dados divulgados pelo aplicativo em outubro de 2022, o Uber gerou R$ 36 bilh\u00f5es de valor para a economia nacional em 2021, o que representa 0,4% do PIB (Produto Interno Bruto).<\/li>\n\n\n\n<li><strong>Sal\u00e1rio m\u00ednimo e fim do saque-anivers\u00e1rio do FGTS<\/strong><\/li>\n\n\n\n<li>Na entrevista, Marinho tamb\u00e9m voltou a comentar sobre a sua ideia de acabar com o <strong>saque-anivers\u00e1rio do FGTS<\/strong>. Segundo o ministro, &#8220;certamente haver\u00e1 mudan\u00e7as&#8221; no tema.<\/li>\n\n\n\n<li>&#8220;N\u00e3o descarto que acabe, podendo at\u00e9 ser mantido. Vamos decidir, n\u00e3o tem canetada. Eu acho um erro, mas estou aberto a refletir&#8221;, destacou ele.<\/li>\n\n\n\n<li>Sobre o<strong> sal\u00e1rio m\u00ednimo<\/strong>, o ministro disse que o governo analisa se haver\u00e1 mudan\u00e7as ainda este ano &#8212; a expectativa \u00e9 de que um reajuste seja apresentado em maio, durante as comemora\u00e7\u00f5es do Dia do Trabalho.<\/li>\n\n\n\n<li>De acordo com os dados do Status Invest, as <a class=\"suno-keyword\" data-force=\"yes\" data-priority=\"2\" href=\"https:\/\/www.suno.com.br\/bdrs\/\" target=\"_blank\" rel=\"noopener\">BDRs<\/a> do<strong> Uber<\/strong> est\u00e3o sendo operadas no Ibovespa hoje em alta de 2,90%, ao valor de R$ 43,60. Neste m\u00eas, os pap\u00e9is j\u00e1 se valorizaram 8,86%.<\/li>\n<\/ul>\n\n\n\t<p>\n\t\t<a href=\"https:\/\/lp.suno.com.br\/ebook-como-analisar-uma-acao\/\" target=\"_blank\" data-element=\"shortcode-suno-banner\" title=\"Banner SUNO, clique e saiba mais\">\n\t\t\t<picture>\n\t\t\t\t<source media=\"(max-width: 500px)\" srcset=\"https:\/\/files.sunoresearch.com.br\/n\/uploads\/2023\/03\/Ebook-Acoes-Mobile-1.jpg\">\n\t\t\t\t<img class=\"newsContent__article__imgCapa newsContent__article__imgCapa--banner\"\n\t\t\t\t\tsrc=\"https:\/\/files.sunoresearch.com.br\/n\/uploads\/2023\/03\/Ebook-Acoes-Desktop-1.jpg\"\n\t\t\t\t\tdata-promo-id=\"171998\"\t\t\t\t\t\t\t\t\t\twidth='1420' height='286'\t\t\t\t\talt=\"https:\/\/files.sunoresearch.com.br\/n\/uploads\/2023\/03\/Ebook-Acoes-Desktop-1.jpg\"\n\t\t\t\t>\n\t\t\t<\/picture>\n\t\t<\/a>\n\t<\/p>\n\n\n\n\n\n<h2 class=\"wp-block-heading\">Verde Asset se diz &#8220;v\u00edtima de fraude&#8221; da Americanas (AMER3) e critica Lemann, Sicupira e Telles<\/h2>\n\n\n\n<ul class=\"wp-block-list\">\n<li>Nem mesmo a Verde Asset, gestora de <a href=\"https:\/\/www.suno.com.br\/tudo-sobre\/luis-stuhlberger\/\">Luis Stuhlberger<\/a>, passou imune pela crise da <strong>Americanas <\/strong>(AMER3). Em carta mensal enviado a clientes nesta segunda (6), o fundo classificou o epis\u00f3dio como a \u201cmaior fraude da hist\u00f3ria corporativa do Brasil\u201d. Apesar de n\u00e3o citar diretamente os nomes de Jorge Paulo Lemann, Beto Sicupira e Marcel Telles, criticou acionistas da varejista.<\/li>\n\n\n\n<li>O fundo tinha <strong>deb\u00eantures das Lojas Americanas<\/strong> em seu portf\u00f3lio. \u201cAo fim do m\u00eas, a posi\u00e7\u00e3o do fundo estava marcada em torno de 13% do valor de face e trouxe uma perda de aproximadamente -14 bps (pontos base) na cota\u201d, afirma a <strong>carta mensal da Verde Asset<\/strong>.<\/li>\n\n\n\n<li>O documento vai al\u00e9m e, apesar de n\u00e3o citar nomes, criticou Lemann, Sucupira e Telles em meio \u00e0 <strong>crise da Americanas<\/strong>. <\/li>\n\n\n\n<li>&#8220;Os tr\u00eas controladores, diante da escolha entre aportes para reparar um peda\u00e7o substancial da fraude, ou preservar sua reputa\u00e7\u00e3o\/legado, t\u00eam ficado silentes, mas claramente escolheram a op\u00e7\u00e3o financeira.&#8221; <\/li>\n\n\n\n<li>A Verde Asset disse ainda que foi &#8220;v\u00edtima de uma fraude&#8221; e sublinhou que a Americanas levou mais de tr\u00eas semanas para, finalmente, <a href=\"https:\/\/www.suno.com.br\/noticias\/americanas-amer3-afastamento-diretores\/\" target=\"_blank\" rel=\"noreferrer noopener\">afastar diretores e executivos durante a investiga\u00e7\u00e3o<\/a> do rombo bilion\u00e1rio.<\/li>\n\n\n\n<li>\u201cBeira o inacredit\u00e1vel que somente 23 dias ap\u00f3s o fato relevante algu\u00e9m da companhia, seja na \u00e1rea financeira, seja na alta gest\u00e3o, tenha sido afastado. Temos a maior fraude da hist\u00f3ria corporativa do Brasil, um buraco de mais de R$ 20 bilh\u00f5es, e a gest\u00e3o financeira da companhia continuou sendo feita pelas mesmas pessoas durante todo o per\u00edodo seguinte\u201d.<\/li>\n\n\n\n<li><strong>Deb\u00eantures da Americanas<\/strong><\/li>\n\n\n\n<li>A gestora informou ainda que o investimento na Americanas teve in\u00edcio em 2020, quando a varejista emitiu deb\u00eantures com rentabilidade de CDI +3% ao ano. Em seguida, outros dois aportes foram feitos, sendo que o terceiro foi nos t\u00edtulos que geraram o preju\u00edzo com a recupera\u00e7\u00e3o judicial.<\/li>\n\n\n\n<li>O investimento foi feito em junho de 2022, e segundo o Verde Asset o aporte respondia por cerca de 0,15 ponto porcentual do capital do fundo, com cerca de 10% de exposi\u00e7\u00e3o a cr\u00e9dito.<\/li>\n\n\n\n<li>\u201cComo em todo investimento de cr\u00e9dito do fundo, analisamos o balan\u00e7o da companhia (que mostrava um endividamento l\u00edquido de menos de tr\u00eas vezes o <a href=\"https:\/\/www.suno.com.br\/guias\/ebitda\/#:~:text=Ebitda%20(em%20ingl%C3%AAs%2C%20Earnings%20Before,mercado%20de%20bolsa%20de%20valores.\">Ebitda<\/a>), o hist\u00f3rico da companhia, seus acionistas controladores, time de gest\u00e3o e as perspectivas do neg\u00f3cio\u201d, relata a carta.<\/li>\n\n\n\n<li><strong>Lemann, Telles e Sicupira prop\u00f5em emprestar R$ 1 bilh\u00e3o<\/strong><\/li>\n\n\n\n<li><a href=\"https:\/\/www.suno.com.br\/tudo-sobre\/jorge-paulo-lemann\/\" target=\"_blank\" rel=\"noreferrer noopener\">Jorge Paulo&nbsp;<strong>Lemann<\/strong><\/a>,&nbsp;<a href=\"https:\/\/www.suno.com.br\/tudo-sobre\/marcel-herrmann-telles\/\" target=\"_blank\" rel=\"noreferrer noopener\">Marcel Telles<\/a>&nbsp;e&nbsp;<a href=\"https:\/\/www.suno.com.br\/tudo-sobre\/carlos-alberto-sicupira\/\" target=\"_blank\" rel=\"noreferrer noopener\">Carlos Alberto Sicupira<\/a>&nbsp;decidiram emprestar R$ 1 bilh\u00e3o para a Americanas. <\/li>\n\n\n\n<li>Segundo informa\u00e7\u00f5es divulgadas nesta segunda (6), os acionistas de refer\u00eancia da varejista devem protocolar essa movimenta\u00e7\u00e3o na 4\u00ba Vara Empresarial do Rio de Janeiro ainda hoje.<\/li>\n\n\n\n<li>De acordo com a coluna do jornalista Lauro Jardim, do jornal O Globo, o dinheiro deve ser utilizado pela&nbsp;<strong>Americanas<\/strong>&nbsp;como capital de giro. Assim, as lojas seguir\u00e3o em funcionamento, incluindo o pagamento dos fornecedores.<\/li>\n<\/ul>\n\n\n\n<h2 class=\"wp-block-heading\">&#8220;Efeito Americanas (AMER3)&#8221;? Light (LIGT3) deve pedir recupera\u00e7\u00e3o judicial, diz jornal<\/h2>\n\n\n\n<ul class=\"wp-block-list\">\n<li>A <strong>Light<\/strong> (LIGT3) pode estar prestes a pedir <a class=\"suno-keyword\" target=\"_blank\" data-force=\"no\" data-priority=\"2\" href=\"https:\/\/www.suno.com.br\/artigos\/recuperacao-judicial\/\" rel=\"noopener\">recupera\u00e7\u00e3o judicial<\/a>. Segundo informa\u00e7\u00f5es do jornalista Lauro Jardim, do O Globo, a empresa, que tem na composi\u00e7\u00e3o Ronaldo Cezar Coelho (20%) e Beto Sicupira (10%), que tamb\u00e9m \u00e9 acionista refer\u00eancia da Americanas (AMER3), precisaria de um financiamento de R$ 3,3 bilh\u00f5es nos pr\u00f3ximos dois anos. Procurada pelo Suno Not\u00edcias, a empresa n\u00e3o retornou contato at\u00e9 o fechamento desta mat\u00e9ria.<\/li>\n\n\n\n<li>Respons\u00e1vel pela gera\u00e7\u00e3o, distribui\u00e7\u00e3o, comercializa\u00e7\u00e3o de energia el\u00e9trica na regi\u00e3o metropolitana do Rio de Janeiro, a empresa reportou uma <a class=\"suno-keyword\" target=\"_blank\" data-force=\"no\" data-priority=\"1\" href=\"https:\/\/www.suno.com.br\/artigos\/divida-liquida\/\" rel=\"noopener\">d\u00edvida l\u00edquida<\/a> de R$ 8,7 bilh\u00f5es no terceiro trimestre de 2022. <\/li>\n\n\n\n<li>No contexto cont\u00e1bil atual, isso representa cerca de tr\u00eas vezes o Ebitda (Lucros antes de juros, impostos, <a class=\"suno-keyword\" target=\"_blank\" data-force=\"no\" data-priority=\"1\" href=\"https:\/\/www.suno.com.br\/artigos\/depreciacao-amortizacao\/\" rel=\"noopener\">deprecia\u00e7\u00e3o e amortiza\u00e7\u00e3o<\/a>) da empresa. Com isso, o&nbsp;<strong><a href=\"https:\/\/www.suno.com.br\/artigos\/valor-de-mercado\/\" target=\"_blank\" rel=\"noreferrer noopener\">valor de mercado<\/a>&nbsp;da Light<\/strong> foi reduzido a R$ 1,22 bilh\u00e3o.<\/li>\n\n\n\n<li>Entre os <strong>acionistas da<\/strong>&nbsp;<strong>Light&nbsp;<\/strong>est\u00e3o o fundo Samambaia Master FIA (20% do capital), o fundo Santander PB Fundo de Investimentos em A\u00e7\u00f5es (10%) e a BlackRock (9,2%).<\/li>\n\n\n\n<li><strong>Light sofre rebaixamento<\/strong><\/li>\n\n\n\n<li>As&nbsp;<strong>a\u00e7\u00f5es da Light<\/strong>&nbsp;despencaram na \u00faltima semana, ap\u00f3s a Fitch, uma das maiores ag\u00eancias de risco do mundo, rebaixar drasticamente a classifica\u00e7\u00e3o da companhia. <\/li>\n\n\n\n<li>A ag\u00eancia viu um aumento do&nbsp;<strong>risco de calote<\/strong>&nbsp;da companhia, diminuindo seu rating referente \u00e0s Issuer Default Ratings (ou IDRs) em Moedas Local e Estrangeira.<\/li>\n\n\n\n<li>Os especialistas, ali\u00e1s, citam nominalmente a&nbsp;<a href=\"https:\/\/www.suno.com.br\/acoes\/amer3\/\" target=\"_blank\" rel=\"noreferrer noopener\">Americanas (AMER3)<\/a>&nbsp;\u2013 piv\u00f4 de um ceticismo quanto \u00e0&nbsp;<a href=\"https:\/\/www.suno.com.br\/artigos\/saude-financeira\/\" target=\"_blank\" rel=\"noreferrer noopener\">sa\u00fade financeira<\/a>&nbsp;de outras empresas que t\u00eam como s\u00f3cios&nbsp;<strong>Lemann<\/strong>,&nbsp;<strong>Sicupira<\/strong>, ou&nbsp;<strong>Marcel Telles<\/strong>.<\/li>\n\n\n\n<li>\u201cO rebaixamento reflete um&nbsp;<a target=\"_blank\" href=\"https:\/\/www.suno.com.br\/artigos\/risco-de-credito\/\" rel=\"noreferrer noopener\">risco de cr\u00e9dito<\/a>&nbsp;substancial para a Light no pagamento pontual de principal e juros de suas obriga\u00e7\u00f5es ap\u00f3s o an\u00fancio de que havia contratado a Laplace Finan\u00e7as com o objetivo de melhorar sua&nbsp;<a target=\"_blank\" href=\"https:\/\/www.suno.com.br\/artigos\/indicadores-estrutura-capital\/\" rel=\"noreferrer noopener\">estrutura de capital<\/a>, e a estrat\u00e9gia no mercado de cr\u00e9dito mais restritivo, devido \u00e0 inadimpl\u00eancia da Americanas\u201d, diz a Fitch.<\/li>\n\n\n\n<li>A nova classifica\u00e7\u00e3o da Light \u00e9 de \u201cCCC+\u201d \u2013 antes a classifica\u00e7\u00e3o era de \u201cBB-\u201c. Dentro das descri\u00e7\u00f5es da Fitch sobre cada r\u00f3tulo, agora a Light tem um&nbsp;<a href=\"https:\/\/www.suno.com.br\/artigos\/risco-de-credito\/\" target=\"_blank\" rel=\"noreferrer noopener\">risco de cr\u00e9dito<\/a>&nbsp;que representa um \u201cGrau Extremamente Especulativo\u201d, a 6\u00aa pior classifica\u00e7\u00e3o dentre 22 r\u00f3tulos poss\u00edveis.<\/li>\n\n\n\n<li><strong>Cota\u00e7\u00e3o<\/strong><\/li>\n\n\n\n<li>As a\u00e7\u00f5es da <strong>Light<\/strong> fecharam o preg\u00e3o desta segunda-feira em queda de -1,90%, cotadas a R$ 3,10. No acumulado dos \u00faltimos 12 meses, os pap\u00e9is da empresa tiveram uma desvaloriza\u00e7\u00e3o de 69,93%.<\/li>\n<\/ul>\n\n\n\n<p><em>Da&nbsp;<\/em><strong><em>Oi<\/em><\/strong><em>&nbsp;a Light, essas foram as empresas que se destacaram hoje. Para ler todas as mat\u00e9rias&nbsp;<\/em><a href=\"https:\/\/www.suno.com.br\/noticias\/todos\/\" target=\"_blank\" rel=\"noreferrer noopener\">clique aqui.<\/a><a href=\"https:\/\/lp.suno.com.br\/planilha-de-controle-de-investimentos\/\" target=\"_blank\" rel=\"noreferrer noopener\"><\/a><a href=\"https:\/\/lp.suno.com.br\/planilha-de-controle-de-investimentos\/\" target=\"_blank\" rel=\"noreferrer noopener\"><\/a><a href=\"https:\/\/lp.suno.com.br\/planilha-de-controle-de-investimentos\/\" target=\"_blank\" rel=\"noreferrer noopener\"><\/a><a href=\"https:\/\/lp.suno.com.br\/planilha-de-controle-de-investimentos\/\" target=\"_blank\" rel=\"noreferrer noopener\"><\/a><a href=\"https:\/\/lp.suno.com.br\/planilha-de-controle-de-investimentos\/\" target=\"_blank\" rel=\"noreferrer noopener\"><\/a><a href=\"https:\/\/lp.suno.com.br\/planilha-de-controle-de-investimentos\/\" target=\"_blank\" rel=\"noreferrer noopener\"><\/a><a href=\"https:\/\/lp.suno.com.br\/planilha-de-controle-de-investimentos\/\" target=\"_blank\" rel=\"noreferrer noopener\"><\/a><\/p>\n\n\n\t<p>\n\t\t<a href=\"https:\/\/lp.suno.com.br\/planilha-de-controle-de-investimentos\/\" target=\"_blank\" data-element=\"shortcode-suno-banner\" title=\"Banner SUNO, clique e saiba mais\">\n\t\t\t<picture>\n\t\t\t\t<source media=\"(max-width: 500px)\" srcset=\"https:\/\/files.sunoresearch.com.br\/n\/uploads\/2023\/03\/400x300-Controle-de-Investimentos.png\">\n\t\t\t\t<img class=\"newsContent__article__imgCapa newsContent__article__imgCapa--banner\"\n\t\t\t\t\tsrc=\"https:\/\/files.sunoresearch.com.br\/n\/uploads\/2023\/03\/1420x240-Controle-de-Investimentos.png\"\n\t\t\t\t\tdata-promo-id=\"75934\"\t\t\t\t\t\t\t\t\t\twidth='1420' height='240'\t\t\t\t\talt=\"https:\/\/files.sunoresearch.com.br\/n\/uploads\/2023\/03\/1420x240-Controle-de-Investimentos.png\"\n\t\t\t\t>\n\t\t\t<\/picture>\n\t\t<\/a>\n\t<\/p>\n\n\n","protected":false},"excerpt":{"rendered":"<p>Ap\u00f3s conseguir a prote\u00e7\u00e3o na Justi\u00e7a, a Oi (OIBR3) divulgou nesta segunda-feira (6) a lista de credores. Com uma d\u00edvida total de R$ 29,751 bilh\u00f5es, a empresa de telefonia tem valores pendentes com 14 institui\u00e7\u00f5es financeiras, conforme aponta o documento apresentado \u00e0 7\u00aa Vara Empresarial do Rio de Janeiro. Oi (OIBR3). Foto: Divulga\u00e7\u00e3o Segundo o [&hellip;]<\/p>\n","protected":false},"author":194,"featured_media":328501,"comment_status":"closed","ping_status":"closed","sticky":false,"template":"","format":"standard","meta":[],"categories":[64],"tags":[106605,41531,584,611,954],"suno_strategy":[],"class_list":["post-359389","post","type-post","status-publish","format-standard","has-post-thumbnail","hentry","category-negocios","tag-americanas-s-a-amer3","tag-light-ligt3","tag-oi-oibr3-oibr4","tag-qualicorp-qual3","tag-uber-u1be34"],"yoast_head":"<!-- This site is optimized with the Yoast SEO plugin v24.4 - https:\/\/yoast.com\/wordpress\/plugins\/seo\/ -->\n<title>Radar: Oi (OIBR3) tem d\u00edvidas de R$ 27 bi e 14 credores, a\u00e7\u00f5es da Qualicorp (QUAL3) despencam e Light (LIGT3) deve pedir recupera\u00e7\u00e3o judicial<\/title>\n<meta name=\"description\" content=\"Em recupera\u00e7\u00e3o judicial, Oi apresenta d\u00edvidas para credores, Qualicorp derrete e Light \u00e9 mais uma empresa que pode pedir recupera\u00e7\u00e3o judicial.\" \/>\n<meta name=\"robots\" content=\"index, follow, max-snippet:-1, max-image-preview:large, max-video-preview:-1\" \/>\n<link rel=\"canonical\" href=\"https:\/\/www.suno.com.br\/noticias\/radar-oi-oibr3-qualicorp-qual3-light-ligt3\/\" \/>\n<meta property=\"og:locale\" content=\"pt_BR\" \/>\n<meta property=\"og:type\" content=\"article\" \/>\n<meta property=\"og:title\" content=\"Radar: Oi (OIBR3) tem d\u00edvidas de R$ 27 bi e 14 credores, a\u00e7\u00f5es da Qualicorp (QUAL3) despencam e Light (LIGT3) deve pedir recupera\u00e7\u00e3o judicial\" \/>\n<meta property=\"og:description\" content=\"Em recupera\u00e7\u00e3o judicial, Oi apresenta d\u00edvidas para credores, Qualicorp derrete e Light \u00e9 mais uma empresa que pode pedir recupera\u00e7\u00e3o judicial.\" \/>\n<meta property=\"og:url\" content=\"https:\/\/www.suno.com.br\/noticias\/radar-oi-oibr3-qualicorp-qual3-light-ligt3\/\" \/>\n<meta property=\"og:site_name\" content=\"Suno Not\u00edcias\" \/>\n<meta property=\"article:publisher\" content=\"https:\/\/facebook.com\/sunoresearch\" \/>\n<meta property=\"og:image\" content=\"https:\/\/files.sunoresearch.com.br\/n\/uploads\/2022\/12\/oi-oibr3-oibr4.jpg\" \/>\n\t<meta property=\"og:image:width\" content=\"1200\" \/>\n\t<meta property=\"og:image:height\" content=\"800\" \/>\n\t<meta property=\"og:image:type\" content=\"image\/jpeg\" \/>\n<meta name=\"author\" content=\"Isabella Taglapietra\" \/>\n<meta name=\"twitter:card\" content=\"summary_large_image\" \/>\n<meta name=\"twitter:creator\" content=\"@sunoresearch\" \/>\n<meta name=\"twitter:site\" content=\"@sunoresearch\" \/>\n<meta name=\"twitter:label1\" content=\"Escrito por\" \/>\n\t<meta name=\"twitter:data1\" content=\"Isabella Taglapietra\" \/>\n\t<meta name=\"twitter:label2\" content=\"Est. tempo de leitura\" \/>\n\t<meta name=\"twitter:data2\" content=\"12 minutos\" \/>\n<script type=\"application\/ld+json\" class=\"yoast-schema-graph\">{\"@context\":\"https:\/\/schema.org\",\"@graph\":[{\"@type\":\"NewsArticle\",\"@id\":\"https:\/\/www.suno.com.br\/noticias\/radar-oi-oibr3-qualicorp-qual3-light-ligt3\/#article\",\"isPartOf\":{\"@id\":\"https:\/\/www.suno.com.br\/noticias\/radar-oi-oibr3-qualicorp-qual3-light-ligt3\/\"},\"author\":{\"name\":\"Isabella Taglapietra\",\"@id\":\"https:\/\/www.suno.com.br\/noticias\/#\/schema\/person\/a0be106724f6f5d705d70f04333cb249\"},\"headline\":\"Radar: Oi (OIBR3) tem d\u00edvidas de R$ 27 bi e 14 credores, a\u00e7\u00f5es da Qualicorp (QUAL3) despencam e Light (LIGT3) deve pedir recupera\u00e7\u00e3o judicial\",\"datePublished\":\"2023-02-07T01:30:10+00:00\",\"dateModified\":\"2023-02-07T01:30:24+00:00\",\"mainEntityOfPage\":{\"@id\":\"https:\/\/www.suno.com.br\/noticias\/radar-oi-oibr3-qualicorp-qual3-light-ligt3\/\"},\"wordCount\":2328,\"publisher\":{\"@id\":\"https:\/\/www.suno.com.br\/noticias\/#organization\"},\"image\":{\"@id\":\"https:\/\/www.suno.com.br\/noticias\/radar-oi-oibr3-qualicorp-qual3-light-ligt3\/#primaryimage\"},\"thumbnailUrl\":\"https:\/\/files.sunoresearch.com.br\/n\/uploads\/2022\/12\/oi-oibr3-oibr4.jpg\",\"keywords\":[\"Americanas (AMER3)\",\"Light (LIGT3)\",\"Oi (OIBR3\/OIBR4)\",\"Qualicorp (QUAL3)\",\"Uber (U1BE34)\"],\"articleSection\":[\"Neg\u00f3cios\"],\"inLanguage\":\"pt-BR\"},{\"@type\":\"WebPage\",\"@id\":\"https:\/\/www.suno.com.br\/noticias\/radar-oi-oibr3-qualicorp-qual3-light-ligt3\/\",\"url\":\"https:\/\/www.suno.com.br\/noticias\/radar-oi-oibr3-qualicorp-qual3-light-ligt3\/\",\"name\":\"Radar: Oi (OIBR3) tem d\u00edvidas de R$ 27 bi e 14 credores, a\u00e7\u00f5es da Qualicorp (QUAL3) despencam e Light (LIGT3) deve pedir recupera\u00e7\u00e3o judicial\",\"isPartOf\":{\"@id\":\"https:\/\/www.suno.com.br\/noticias\/#website\"},\"primaryImageOfPage\":{\"@id\":\"https:\/\/www.suno.com.br\/noticias\/radar-oi-oibr3-qualicorp-qual3-light-ligt3\/#primaryimage\"},\"image\":{\"@id\":\"https:\/\/www.suno.com.br\/noticias\/radar-oi-oibr3-qualicorp-qual3-light-ligt3\/#primaryimage\"},\"thumbnailUrl\":\"https:\/\/files.sunoresearch.com.br\/n\/uploads\/2022\/12\/oi-oibr3-oibr4.jpg\",\"datePublished\":\"2023-02-07T01:30:10+00:00\",\"dateModified\":\"2023-02-07T01:30:24+00:00\",\"description\":\"Em recupera\u00e7\u00e3o judicial, Oi apresenta d\u00edvidas para credores, Qualicorp derrete e Light \u00e9 mais uma empresa que pode pedir recupera\u00e7\u00e3o judicial.\",\"breadcrumb\":{\"@id\":\"https:\/\/www.suno.com.br\/noticias\/radar-oi-oibr3-qualicorp-qual3-light-ligt3\/#breadcrumb\"},\"inLanguage\":\"pt-BR\",\"potentialAction\":[{\"@type\":\"ReadAction\",\"target\":[\"https:\/\/www.suno.com.br\/noticias\/radar-oi-oibr3-qualicorp-qual3-light-ligt3\/\"]}]},{\"@type\":\"ImageObject\",\"inLanguage\":\"pt-BR\",\"@id\":\"https:\/\/www.suno.com.br\/noticias\/radar-oi-oibr3-qualicorp-qual3-light-ligt3\/#primaryimage\",\"url\":\"https:\/\/files.sunoresearch.com.br\/n\/uploads\/2022\/12\/oi-oibr3-oibr4.jpg\",\"contentUrl\":\"https:\/\/files.sunoresearch.com.br\/n\/uploads\/2022\/12\/oi-oibr3-oibr4.jpg\",\"width\":1200,\"height\":800,\"caption\":\"Oi (OIBR3). Foto: Divulga\u00e7\u00e3o\"},{\"@type\":\"BreadcrumbList\",\"@id\":\"https:\/\/www.suno.com.br\/noticias\/radar-oi-oibr3-qualicorp-qual3-light-ligt3\/#breadcrumb\",\"itemListElement\":[{\"@type\":\"ListItem\",\"position\":1,\"name\":\"Not\u00edcias\",\"item\":\"https:\/\/www.suno.com.br\/noticias\/\"},{\"@type\":\"ListItem\",\"position\":2,\"name\":\"Neg\u00f3cios\",\"item\":\"https:\/\/www.suno.com.br\/noticias\/negocios\/\"},{\"@type\":\"ListItem\",\"position\":3,\"name\":\"Radar: Oi (OIBR3) tem d\u00edvidas de R$ 27 bi e 14 credores, a\u00e7\u00f5es da Qualicorp (QUAL3) despencam e Light (LIGT3) deve pedir recupera\u00e7\u00e3o judicial\"}]},{\"@type\":\"WebSite\",\"@id\":\"https:\/\/www.suno.com.br\/noticias\/#website\",\"url\":\"https:\/\/www.suno.com.br\/noticias\/\",\"name\":\"Suno Not\u00edcias\",\"description\":\"Seu portal de informa\u00e7\u00e3o sobre o mundo dos investimentos\",\"publisher\":{\"@id\":\"https:\/\/www.suno.com.br\/noticias\/#organization\"},\"potentialAction\":[{\"@type\":\"SearchAction\",\"target\":{\"@type\":\"EntryPoint\",\"urlTemplate\":\"https:\/\/www.suno.com.br\/noticias\/?s={search_term_string}\"},\"query-input\":{\"@type\":\"PropertyValueSpecification\",\"valueRequired\":true,\"valueName\":\"search_term_string\"}}],\"inLanguage\":\"pt-BR\"},{\"@type\":\"Organization\",\"@id\":\"https:\/\/www.suno.com.br\/noticias\/#organization\",\"name\":\"Suno Not\u00edcias\",\"url\":\"https:\/\/www.suno.com.br\/noticias\/\",\"logo\":{\"@type\":\"ImageObject\",\"inLanguage\":\"pt-BR\",\"@id\":\"https:\/\/www.suno.com.br\/noticias\/#\/schema\/logo\/image\/\",\"url\":\"https:\/\/files.sunoresearch.com.br\/n\/uploads\/2021\/09\/suno-logo.png\",\"contentUrl\":\"https:\/\/files.sunoresearch.com.br\/n\/uploads\/2021\/09\/suno-logo.png\",\"width\":180,\"height\":180,\"caption\":\"Suno Not\u00edcias\"},\"image\":{\"@id\":\"https:\/\/www.suno.com.br\/noticias\/#\/schema\/logo\/image\/\"},\"sameAs\":[\"https:\/\/facebook.com\/sunoresearch\",\"https:\/\/x.com\/sunoresearch\",\"https:\/\/www.instagram.com\/suno\",\"https:\/\/www.linkedin.com\/company\/suno-research\/\",\"https:\/\/www.youtube.com\/c\/sunoresearch\"]},{\"@type\":\"Person\",\"@id\":\"https:\/\/www.suno.com.br\/noticias\/#\/schema\/person\/a0be106724f6f5d705d70f04333cb249\",\"name\":\"Isabella Taglapietra\",\"image\":{\"@type\":\"ImageObject\",\"inLanguage\":\"pt-BR\",\"@id\":\"https:\/\/www.suno.com.br\/noticias\/#\/schema\/person\/image\/\",\"url\":\"https:\/\/secure.gravatar.com\/avatar\/089c9e06b71de293117116aaf339e22f?s=96&r=g\",\"contentUrl\":\"https:\/\/secure.gravatar.com\/avatar\/089c9e06b71de293117116aaf339e22f?s=96&r=g\",\"caption\":\"Isabella Taglapietra\"},\"description\":\"Rep\u00f3rter freelancer no Suno Not\u00edcias, cobre not\u00edcias di\u00e1rias sobre economia, balan\u00e7os trimestrais e pesquisas. Formada em jornalismo pela Faculdade C\u00e1sper L\u00edbero e p\u00f3s-graduanda em mercado de capitais pela Fecap, atuou como rep\u00f3rter de economia e finan\u00e7as no portal CRC!News e Elas que Lucrem, al\u00e9m de social media para empresas do mercado financeiro.\",\"url\":\"https:\/\/www.suno.com.br\/noticias\/author\/isabella-taglapietra\/\"}]}<\/script>\n<!-- \/ Yoast SEO plugin. -->","yoast_head_json":{"title":"Radar: Oi (OIBR3) tem d\u00edvidas de R$ 27 bi e 14 credores, a\u00e7\u00f5es da Qualicorp (QUAL3) despencam e Light (LIGT3) deve pedir recupera\u00e7\u00e3o judicial","description":"Em recupera\u00e7\u00e3o judicial, Oi apresenta d\u00edvidas para credores, Qualicorp derrete e Light \u00e9 mais uma empresa que pode pedir recupera\u00e7\u00e3o judicial.","robots":{"index":"index","follow":"follow","max-snippet":"max-snippet:-1","max-image-preview":"max-image-preview:large","max-video-preview":"max-video-preview:-1"},"canonical":"https:\/\/www.suno.com.br\/noticias\/radar-oi-oibr3-qualicorp-qual3-light-ligt3\/","og_locale":"pt_BR","og_type":"article","og_title":"Radar: Oi (OIBR3) tem d\u00edvidas de R$ 27 bi e 14 credores, a\u00e7\u00f5es da Qualicorp (QUAL3) despencam e Light (LIGT3) deve pedir recupera\u00e7\u00e3o judicial","og_description":"Em recupera\u00e7\u00e3o judicial, Oi apresenta d\u00edvidas para credores, Qualicorp derrete e Light \u00e9 mais uma empresa que pode pedir recupera\u00e7\u00e3o judicial.","og_url":"https:\/\/www.suno.com.br\/noticias\/radar-oi-oibr3-qualicorp-qual3-light-ligt3\/","og_site_name":"Suno Not\u00edcias","article_publisher":"https:\/\/facebook.com\/sunoresearch","og_image":[{"width":1200,"height":800,"url":"https:\/\/files.sunoresearch.com.br\/n\/uploads\/2022\/12\/oi-oibr3-oibr4.jpg","type":"image\/jpeg"}],"author":"Isabella Taglapietra","twitter_card":"summary_large_image","twitter_creator":"@sunoresearch","twitter_site":"@sunoresearch","twitter_misc":{"Escrito por":"Isabella Taglapietra","Est. tempo de leitura":"12 minutos"},"schema":{"@context":"https:\/\/schema.org","@graph":[{"@type":"NewsArticle","@id":"https:\/\/www.suno.com.br\/noticias\/radar-oi-oibr3-qualicorp-qual3-light-ligt3\/#article","isPartOf":{"@id":"https:\/\/www.suno.com.br\/noticias\/radar-oi-oibr3-qualicorp-qual3-light-ligt3\/"},"author":{"name":"Isabella Taglapietra","@id":"https:\/\/www.suno.com.br\/noticias\/#\/schema\/person\/a0be106724f6f5d705d70f04333cb249"},"headline":"Radar: Oi (OIBR3) tem d\u00edvidas de R$ 27 bi e 14 credores, a\u00e7\u00f5es da Qualicorp (QUAL3) despencam e Light (LIGT3) deve pedir recupera\u00e7\u00e3o judicial","datePublished":"2023-02-07T01:30:10+00:00","dateModified":"2023-02-07T01:30:24+00:00","mainEntityOfPage":{"@id":"https:\/\/www.suno.com.br\/noticias\/radar-oi-oibr3-qualicorp-qual3-light-ligt3\/"},"wordCount":2328,"publisher":{"@id":"https:\/\/www.suno.com.br\/noticias\/#organization"},"image":{"@id":"https:\/\/www.suno.com.br\/noticias\/radar-oi-oibr3-qualicorp-qual3-light-ligt3\/#primaryimage"},"thumbnailUrl":"https:\/\/files.sunoresearch.com.br\/n\/uploads\/2022\/12\/oi-oibr3-oibr4.jpg","keywords":["Americanas (AMER3)","Light (LIGT3)","Oi (OIBR3\/OIBR4)","Qualicorp (QUAL3)","Uber (U1BE34)"],"articleSection":["Neg\u00f3cios"],"inLanguage":"pt-BR"},{"@type":"WebPage","@id":"https:\/\/www.suno.com.br\/noticias\/radar-oi-oibr3-qualicorp-qual3-light-ligt3\/","url":"https:\/\/www.suno.com.br\/noticias\/radar-oi-oibr3-qualicorp-qual3-light-ligt3\/","name":"Radar: Oi (OIBR3) tem d\u00edvidas de R$ 27 bi e 14 credores, a\u00e7\u00f5es da Qualicorp (QUAL3) despencam e Light (LIGT3) deve pedir recupera\u00e7\u00e3o judicial","isPartOf":{"@id":"https:\/\/www.suno.com.br\/noticias\/#website"},"primaryImageOfPage":{"@id":"https:\/\/www.suno.com.br\/noticias\/radar-oi-oibr3-qualicorp-qual3-light-ligt3\/#primaryimage"},"image":{"@id":"https:\/\/www.suno.com.br\/noticias\/radar-oi-oibr3-qualicorp-qual3-light-ligt3\/#primaryimage"},"thumbnailUrl":"https:\/\/files.sunoresearch.com.br\/n\/uploads\/2022\/12\/oi-oibr3-oibr4.jpg","datePublished":"2023-02-07T01:30:10+00:00","dateModified":"2023-02-07T01:30:24+00:00","description":"Em recupera\u00e7\u00e3o judicial, Oi apresenta d\u00edvidas para credores, Qualicorp derrete e Light \u00e9 mais uma empresa que pode pedir recupera\u00e7\u00e3o judicial.","breadcrumb":{"@id":"https:\/\/www.suno.com.br\/noticias\/radar-oi-oibr3-qualicorp-qual3-light-ligt3\/#breadcrumb"},"inLanguage":"pt-BR","potentialAction":[{"@type":"ReadAction","target":["https:\/\/www.suno.com.br\/noticias\/radar-oi-oibr3-qualicorp-qual3-light-ligt3\/"]}]},{"@type":"ImageObject","inLanguage":"pt-BR","@id":"https:\/\/www.suno.com.br\/noticias\/radar-oi-oibr3-qualicorp-qual3-light-ligt3\/#primaryimage","url":"https:\/\/files.sunoresearch.com.br\/n\/uploads\/2022\/12\/oi-oibr3-oibr4.jpg","contentUrl":"https:\/\/files.sunoresearch.com.br\/n\/uploads\/2022\/12\/oi-oibr3-oibr4.jpg","width":1200,"height":800,"caption":"Oi (OIBR3). Foto: Divulga\u00e7\u00e3o"},{"@type":"BreadcrumbList","@id":"https:\/\/www.suno.com.br\/noticias\/radar-oi-oibr3-qualicorp-qual3-light-ligt3\/#breadcrumb","itemListElement":[{"@type":"ListItem","position":1,"name":"Not\u00edcias","item":"https:\/\/www.suno.com.br\/noticias\/"},{"@type":"ListItem","position":2,"name":"Neg\u00f3cios","item":"https:\/\/www.suno.com.br\/noticias\/negocios\/"},{"@type":"ListItem","position":3,"name":"Radar: Oi (OIBR3) tem d\u00edvidas de R$ 27 bi e 14 credores, a\u00e7\u00f5es da Qualicorp (QUAL3) despencam e Light (LIGT3) deve pedir recupera\u00e7\u00e3o judicial"}]},{"@type":"WebSite","@id":"https:\/\/www.suno.com.br\/noticias\/#website","url":"https:\/\/www.suno.com.br\/noticias\/","name":"Suno Not\u00edcias","description":"Seu portal de informa\u00e7\u00e3o sobre o mundo dos investimentos","publisher":{"@id":"https:\/\/www.suno.com.br\/noticias\/#organization"},"potentialAction":[{"@type":"SearchAction","target":{"@type":"EntryPoint","urlTemplate":"https:\/\/www.suno.com.br\/noticias\/?s={search_term_string}"},"query-input":{"@type":"PropertyValueSpecification","valueRequired":true,"valueName":"search_term_string"}}],"inLanguage":"pt-BR"},{"@type":"Organization","@id":"https:\/\/www.suno.com.br\/noticias\/#organization","name":"Suno Not\u00edcias","url":"https:\/\/www.suno.com.br\/noticias\/","logo":{"@type":"ImageObject","inLanguage":"pt-BR","@id":"https:\/\/www.suno.com.br\/noticias\/#\/schema\/logo\/image\/","url":"https:\/\/files.sunoresearch.com.br\/n\/uploads\/2021\/09\/suno-logo.png","contentUrl":"https:\/\/files.sunoresearch.com.br\/n\/uploads\/2021\/09\/suno-logo.png","width":180,"height":180,"caption":"Suno Not\u00edcias"},"image":{"@id":"https:\/\/www.suno.com.br\/noticias\/#\/schema\/logo\/image\/"},"sameAs":["https:\/\/facebook.com\/sunoresearch","https:\/\/x.com\/sunoresearch","https:\/\/www.instagram.com\/suno","https:\/\/www.linkedin.com\/company\/suno-research\/","https:\/\/www.youtube.com\/c\/sunoresearch"]},{"@type":"Person","@id":"https:\/\/www.suno.com.br\/noticias\/#\/schema\/person\/a0be106724f6f5d705d70f04333cb249","name":"Isabella Taglapietra","image":{"@type":"ImageObject","inLanguage":"pt-BR","@id":"https:\/\/www.suno.com.br\/noticias\/#\/schema\/person\/image\/","url":"https:\/\/secure.gravatar.com\/avatar\/089c9e06b71de293117116aaf339e22f?s=96&r=g","contentUrl":"https:\/\/secure.gravatar.com\/avatar\/089c9e06b71de293117116aaf339e22f?s=96&r=g","caption":"Isabella Taglapietra"},"description":"Rep\u00f3rter freelancer no Suno Not\u00edcias, cobre not\u00edcias di\u00e1rias sobre economia, balan\u00e7os trimestrais e pesquisas. Formada em jornalismo pela Faculdade C\u00e1sper L\u00edbero e p\u00f3s-graduanda em mercado de capitais pela Fecap, atuou como rep\u00f3rter de economia e finan\u00e7as no portal CRC!News e Elas que Lucrem, al\u00e9m de social media para empresas do mercado financeiro.","url":"https:\/\/www.suno.com.br\/noticias\/author\/isabella-taglapietra\/"}]}},"default_loop_html":"<div class=\"cardsPage__listCard__boxs\"><div class=\"cardsPage__listCard__boxs__img\"><a href=\"https:\/\/www.suno.com.br\/noticias\/radar-oi-oibr3-qualicorp-qual3-light-ligt3\/\"><img class=\"mask\" src=\"https:\/\/www.suno.com.br\/noticias\/wp-content\/themes\/suno\/resources\/images\/spotlight\/spotlight1img\/bg-mask.png\" alt=\"Image Mask\"\/><img src=\"https:\/\/files.sunoresearch.com.br\/n\/uploads\/2022\/12\/oi-oibr3-oibr4-400x200.jpg\" alt=\"Radar: Oi (OIBR3) tem d\u00edvidas de R$ 27 bi e 14 credores, a\u00e7\u00f5es da Qualicorp (QUAL3) despencam e Light (LIGT3) deve pedir recupera\u00e7\u00e3o judicial\"\/><\/a><span class=\"spotlightCategory\"><a href=\"https:\/\/www.suno.com.br\/noticias\/negocios\/\">Neg\u00f3cios<\/a><\/span><\/div><div class=\"cardsPage__listCard__boxs__content\"><a href=\"https:\/\/www.suno.com.br\/noticias\/radar-oi-oibr3-qualicorp-qual3-light-ligt3\/\"><h2 class=\"content__title\">Radar: Oi (OIBR3) tem d\u00edvidas de R$ 27 bi e 14 credores, a\u00e7\u00f5es da Qualicorp (QUAL3) despencam e Light (LIGT3) deve pedir recupera\u00e7\u00e3o judicial<\/h2><\/a><div class=\"newsContent__article__meta\"><div class=\"newsContent__article__meta__authorBox\"><a href=\"https:\/\/www.suno.com.br\/noticias\/author\/silvio-suehiro\/\" class=\"authorBox__avatar noMobi\"><img src=\"https:\/\/secure.gravatar.com\/avatar\/06585eb21140975c6be6bb79a07edac1?s=96&#038;r=g\" alt=\"Silvio Suehiro\"><\/a><div class=\"authorBox__name\"><span>por\n\t\t\t<a href=\"https:\/\/www.suno.com.br\/noticias\/author\/silvio-suehiro\/\"><span itemprop=\"author\">Silvio Suehiro<\/span><\/a><\/span><time datetime=\"2023-02-06T22:30:10-03:00\" itemprop=\"datePublished\">06\/02\/2023 22:30<\/time><\/div><\/div><\/div><\/div><\/div>","single_layout":"posts","amp_enabled":true,"_links":{"self":[{"href":"https:\/\/www.suno.com.br\/noticias\/wp-json\/wp\/v2\/posts\/359389"}],"collection":[{"href":"https:\/\/www.suno.com.br\/noticias\/wp-json\/wp\/v2\/posts"}],"about":[{"href":"https:\/\/www.suno.com.br\/noticias\/wp-json\/wp\/v2\/types\/post"}],"author":[{"embeddable":true,"href":"https:\/\/www.suno.com.br\/noticias\/wp-json\/wp\/v2\/users\/194"}],"replies":[{"embeddable":true,"href":"https:\/\/www.suno.com.br\/noticias\/wp-json\/wp\/v2\/comments?post=359389"}],"version-history":[{"count":2,"href":"https:\/\/www.suno.com.br\/noticias\/wp-json\/wp\/v2\/posts\/359389\/revisions"}],"predecessor-version":[{"id":359420,"href":"https:\/\/www.suno.com.br\/noticias\/wp-json\/wp\/v2\/posts\/359389\/revisions\/359420"}],"wp:featuredmedia":[{"embeddable":true,"href":"https:\/\/www.suno.com.br\/noticias\/wp-json\/wp\/v2\/media\/328501"}],"wp:attachment":[{"href":"https:\/\/www.suno.com.br\/noticias\/wp-json\/wp\/v2\/media?parent=359389"}],"wp:term":[{"taxonomy":"category","embeddable":true,"href":"https:\/\/www.suno.com.br\/noticias\/wp-json\/wp\/v2\/categories?post=359389"},{"taxonomy":"post_tag","embeddable":true,"href":"https:\/\/www.suno.com.br\/noticias\/wp-json\/wp\/v2\/tags?post=359389"},{"taxonomy":"suno_strategy","embeddable":true,"href":"https:\/\/www.suno.com.br\/noticias\/wp-json\/wp\/v2\/suno_strategy?post=359389"}],"curies":[{"name":"wp","href":"https:\/\/api.w.org\/{rel}","templated":true}]}}