{"id":35882,"date":"2019-08-30T09:00:10","date_gmt":"2019-08-30T12:00:10","guid":{"rendered":"https:\/\/www.suno.com.br\/noticias\/?p=35882"},"modified":"2019-08-30T09:00:10","modified_gmt":"2019-08-30T12:00:10","slug":"braskem-perde-mais-50-valor-de-mercado-6-meses","status":"publish","type":"post","link":"https:\/\/www.suno.com.br\/noticias\/braskem-perde-mais-50-valor-de-mercado-6-meses\/","title":{"rendered":"Braskem perde mais de 50% do valor de mercado em 6 meses"},"content":{"rendered":"<p>Levando em considera\u00e7\u00e3o o ponto mais alto de 2019, a Braskem (<strong>BRKM5<\/strong>) j\u00e1 perdeu mais de matade do seu <a href=\"https:\/\/www.suno.com.br\/artigos\/valor-de-mercado\/\"><strong>valor de mercado<\/strong><\/a>.<\/p>\t<div class=\"wrapper-featured-image\">\n\t\t<figure class=\"spotlightImg\">\n\n\t\t\t<picture>\n\t\t\t\t<source media=\"(max-width: 768px)\" srcset=\"https:\/\/files.sunoresearch.com.br\/n\/uploads\/2018\/11\/4e7d1f59-balanco-da-braskem-400x200.webp\">\n\t\t\t\t<img loading=\"lazy\" decoding=\"async\" class=\"newsContent__article__imgCapa lazyloadDisabled newsContent__article__imgCapa--noCaption\" src=\"https:\/\/files.sunoresearch.com.br\/n\/uploads\/2018\/11\/4e7d1f59-balanco-da-braskem-800x450.webp\" width=\"800\" height=\"450\" alt=\"Braskem perde mais de 50% do valor de mercado em 6 meses\" fetchpriority=high \/>\n\t\t\t<\/picture>\n\n\t\t\t<figcaption class=\"wp-caption-text wp-caption-text--hide\">A Braskem (BRKM5) informou que a taxa de utiliza\u00e7\u00e3o de suas unidades industriais nos Estados Unidos voltou \u00e0 normalidade. <\/figcaption>\n\t\t<\/figure>\n\t<\/div>\n\n\n<p>A <strong>Braskem<\/strong>, que em fevereiro atingiu R$ 45 bilh\u00f5es em fevereiro deste ano, esta semana viu sua menor avalia\u00e7\u00e3o, de R$ 21,6 bilh\u00f5es, desde dezembro de 2016, quando aconteceram as dela\u00e7\u00f5es da controladora da Odebrecht.<\/p>\n\n<p>A perda se acentua ainda mais quando somada ao baixo desenvolvimento do setor petroqu\u00edmico neste per\u00edodo.<\/p>\n<h2>Valor de mercado e dividendos n\u00e3o pagam as d\u00edvidas da Braskem<\/h2>\n<p>Conforme fontes ouvidas pelo &#8220;Valor Econ\u00f4mico&#8221;, a redu\u00e7\u00e3o do valor da empresa tem deixado os bancos credores preocupados com o futuro da <strong>Odebrecht<\/strong> e suas parceiras.<\/p>\n<p>Grandes institui\u00e7\u00f5es banc\u00e1rias t\u00eam participa\u00e7\u00f5es em a\u00e7\u00f5es da companhia desde julho de 2016, considerando tamb\u00e9m seus dividendos como garantia. No entanto, o pre\u00e7o em bolsa n\u00e3o cobre a <a href=\"https:\/\/www.suno.com.br\/artigos\/endividamento\/\">d\u00edvida<\/a> que possui, que est\u00e1 em quase R$ 13 bilh\u00f5es. Os bancos s\u00e3o:<\/p>\n<ul>\n<li>Ita\u00fa Unibanco<\/li>\n<li>Bradesco<\/li>\n<li>Banco do Brasil<\/li>\n<li>Santander<\/li>\n<li>BNDES<\/li>\n<\/ul>\n<p>A quest\u00e3o fica mais preocupante quando, somada a queda no pre\u00e7o das a\u00e7\u00f5es da empresa, o ciclo de baixa do segmento petroqu\u00edmico tem se prolongado mais que o esperado. Isso impacta os pr\u00f3prios <a href=\"https:\/\/www.suno.com.br\/artigos\/estrategia-de-dividendos\/\"><strong>dividendos<\/strong><\/a>, que eram uma marca da empresa.<\/p>\n\t<p>\n\t\t<a href=\"https:\/\/lp.suno.com.br\/ao\/cadastro-whatsapp\/?utm_source=sunoresearch&#038;utm_medium=banner.sidebar&#038;utm_campaign=_SNC1787C4C9_\" target=\"_blank\" data-element=\"shortcode-suno-banner\" title=\"Banner SUNO, clique e saiba mais\">\n\t\t\t<picture>\n\t\t\t\t<source media=\"(max-width: 500px)\" srcset=\"https:\/\/files.sunoresearch.com.br\/n\/uploads\/2024\/09\/wpp-suno.png\">\n\t\t\t\t<img class=\"newsContent__article__imgCapa newsContent__article__imgCapa--banner\"\n\t\t\t\t\tsrc=\"https:\/\/files.sunoresearch.com.br\/n\/uploads\/2024\/09\/wpp-suno.png\"\n\t\t\t\t\tdata-promo-id=\"574195\"\t\t\t\t\t\t\t\t\t\twidth='360' height='98'\t\t\t\t\talt=\"https:\/\/files.sunoresearch.com.br\/n\/uploads\/2024\/09\/wpp-suno.png\"\n\t\t\t\t>\n\t\t\t<\/picture>\n\t\t<\/a>\n\t<\/p>\n\n\n<p>Entre 2015 e 2017, a <strong>Braskem<\/strong> se tornou uma companhia que pagava dividendos bilion\u00e1rios, tendo distribu\u00eddo R$ 4,5 bilh\u00f5es aos seu acionistas.<\/p>\n<p>J\u00e1 em 2018, no entanto, a distribui\u00e7\u00e3o de R$ 2,67 bilh\u00f5es em dividendos, aprovada pelo conselho de administra\u00e7\u00e3o da empresa, foi barrada pela Justi\u00e7a.<\/p>\n<p>Segundo \u00f3rg\u00e3os p\u00fablicos de Alagoas, a <strong>Braskem<\/strong> \u00e9 respons\u00e1vel por uma s\u00e9rie de danos estruturais em Macei\u00f3 que podem levar ao afundamento de tr\u00eas bairros da cidade, devido \u00e0 explora\u00e7\u00e3o de minas de sal-gema.<\/p>\n<p>Em junho, a <strong>Justi\u00e7a de Alagoas<\/strong> solicitou o bloqueio de R$ 6,7 bilh\u00f5es da empresa para indenizar as pessoas que foram afetadas pelos danos causados pela companhia.<\/p>\n<p>No momento, a expectativa \u00e9 de que a dire\u00e7\u00e3o da Braskem tenha os pagamentos sejam liberados, por\u00e9m, no m\u00ednimo legal de 25% sobre o lucro da companhia. Esse valor deve cair para aproximadamente R$ 650 milh\u00f5es.<\/p>\n<p><a href=\"https:\/\/www.suno.com.br\/noticias\/pagamento-dividendos-braskem-voltara-a-discussao\/\">Saiba mais: Pagamento de dividendos da Braskem voltar\u00e1 a ser discutido<\/a><\/p>\n<p>O mau momento do segmento, inflacionado pela <a href=\"https:\/\/www.suno.com.br\/artigos\/a-guerra-comercial\/\">guerra comercial<\/a> entre EUA e China, impactou diretamente o balan\u00e7o do segundo trimestre da empresa.<\/p>\n<p>A receita l\u00edquida caiu 3% na compara\u00e7\u00e3o com o mesmo per\u00edodo do ano passado, chegando a R$ 13,3 bilh\u00f5es. O <a href=\"https:\/\/www.suno.com.br\/artigos\/o-que-e-ebitda\/\">Ebitda<\/a> (resultado antes de juros, impostos, deprecia\u00e7\u00e3o e amortiza\u00e7\u00e3o) diminuiu 49%, a R$ 1,6 bilh\u00e3o.<\/p>\n<p>O lucro l\u00edquido atribu\u00eddo aos acionistas caiu 76%, chegando a R$ 129 milh\u00f5es.<\/p>\n<p>No fechamento da \u00faltima sess\u00e3o, na \u00faltima quinta-feira (29), as a\u00e7\u00f5es da <strong>Braskem<\/strong> apresentaram alta de 4,10%, sendo negociadas a R$ 28,94 na <a href=\"https:\/\/www.suno.com.br\/artigos\/b3\/\">B3<\/a>.<\/p>\n","protected":false},"excerpt":{"rendered":"<p>Levando em considera\u00e7\u00e3o o ponto mais alto de 2019, a Braskem (BRKM5) j\u00e1 perdeu mais de matade do seu valor de mercado. A Braskem (BRKM5) informou que a taxa de utiliza\u00e7\u00e3o de suas unidades industriais nos Estados Unidos voltou \u00e0 normalidade. A Braskem, que em fevereiro atingiu R$ 45 bilh\u00f5es em fevereiro deste ano, esta [&hellip;]<\/p>\n","protected":false},"author":24,"featured_media":6278,"comment_status":"closed","ping_status":"closed","sticky":false,"template":"","format":"standard","meta":[],"categories":[64],"tags":[395,295,783],"suno_strategy":[],"class_list":["post-35882","post","type-post","status-publish","format-standard","has-post-thumbnail","hentry","category-negocios","tag-braskem-brkm3-brkm5-brkm6","tag-dividendos","tag-odebrecht"],"yoast_head":"<!-- This site is optimized with the Yoast SEO plugin v24.4 - https:\/\/yoast.com\/wordpress\/plugins\/seo\/ -->\n<title>Braskem perde mais de 50% do valor de mercado em 6 meses<\/title>\n<meta name=\"description\" content=\"Levando em considera\u00e7\u00e3o o ponto mais alto de 2019, a Braskem j\u00e1 perdeu mais de matade do seu valor de mercado. Clique e saiba mais.\" \/>\n<meta name=\"robots\" content=\"index, follow, max-snippet:-1, max-image-preview:large, max-video-preview:-1\" \/>\n<link rel=\"canonical\" href=\"https:\/\/www.suno.com.br\/noticias\/braskem-perde-mais-50-valor-de-mercado-6-meses\/\" \/>\n<meta property=\"og:locale\" content=\"pt_BR\" \/>\n<meta property=\"og:type\" content=\"article\" \/>\n<meta property=\"og:title\" content=\"Braskem perde mais de 50% do valor de mercado em 6 meses\" \/>\n<meta property=\"og:description\" content=\"Levando em considera\u00e7\u00e3o o ponto mais alto de 2019, a Braskem j\u00e1 perdeu mais de matade do seu valor de mercado. Clique e saiba mais.\" \/>\n<meta property=\"og:url\" content=\"https:\/\/www.suno.com.br\/noticias\/braskem-perde-mais-50-valor-de-mercado-6-meses\/\" \/>\n<meta property=\"og:site_name\" content=\"Suno Not\u00edcias\" \/>\n<meta property=\"article:publisher\" content=\"https:\/\/facebook.com\/sunoresearch\" \/>\n<meta property=\"og:image\" content=\"https:\/\/files.sunoresearch.com.br\/n\/uploads\/2018\/11\/4e7d1f59-balanco-da-braskem.jpg\" \/>\n\t<meta property=\"og:image:width\" content=\"1920\" \/>\n\t<meta property=\"og:image:height\" content=\"1280\" \/>\n\t<meta property=\"og:image:type\" content=\"image\/jpeg\" \/>\n<meta name=\"author\" content=\"Jader Lazarini\" \/>\n<meta name=\"twitter:card\" content=\"summary_large_image\" \/>\n<meta name=\"twitter:creator\" content=\"@sunoresearch\" \/>\n<meta name=\"twitter:site\" content=\"@sunoresearch\" \/>\n<meta name=\"twitter:label1\" content=\"Escrito por\" \/>\n\t<meta name=\"twitter:data1\" content=\"Jader Lazarini\" \/>\n\t<meta name=\"twitter:label2\" content=\"Est. tempo de leitura\" \/>\n\t<meta name=\"twitter:data2\" content=\"2 minutos\" \/>\n<script type=\"application\/ld+json\" class=\"yoast-schema-graph\">{\"@context\":\"https:\/\/schema.org\",\"@graph\":[{\"@type\":\"NewsArticle\",\"@id\":\"https:\/\/www.suno.com.br\/noticias\/braskem-perde-mais-50-valor-de-mercado-6-meses\/#article\",\"isPartOf\":{\"@id\":\"https:\/\/www.suno.com.br\/noticias\/braskem-perde-mais-50-valor-de-mercado-6-meses\/\"},\"author\":{\"name\":\"Jader Lazarini\",\"@id\":\"https:\/\/www.suno.com.br\/noticias\/#\/schema\/person\/918d79de1f0281f01599b93f9ea6e23f\"},\"headline\":\"Braskem perde mais de 50% do valor de mercado em 6 meses\",\"datePublished\":\"2019-08-30T12:00:10+00:00\",\"mainEntityOfPage\":{\"@id\":\"https:\/\/www.suno.com.br\/noticias\/braskem-perde-mais-50-valor-de-mercado-6-meses\/\"},\"wordCount\":495,\"publisher\":{\"@id\":\"https:\/\/www.suno.com.br\/noticias\/#organization\"},\"image\":{\"@id\":\"https:\/\/www.suno.com.br\/noticias\/braskem-perde-mais-50-valor-de-mercado-6-meses\/#primaryimage\"},\"thumbnailUrl\":\"https:\/\/files.sunoresearch.com.br\/n\/uploads\/2018\/11\/4e7d1f59-balanco-da-braskem-jpg.webp\",\"keywords\":[\"Braskem (BRKM3\/BRKM5\/BRKM6)\",\"dividendos\",\"Odebrecht\"],\"articleSection\":[\"Neg\u00f3cios\"],\"inLanguage\":\"pt-BR\"},{\"@type\":\"WebPage\",\"@id\":\"https:\/\/www.suno.com.br\/noticias\/braskem-perde-mais-50-valor-de-mercado-6-meses\/\",\"url\":\"https:\/\/www.suno.com.br\/noticias\/braskem-perde-mais-50-valor-de-mercado-6-meses\/\",\"name\":\"Braskem perde mais de 50% do valor de mercado em 6 meses\",\"isPartOf\":{\"@id\":\"https:\/\/www.suno.com.br\/noticias\/#website\"},\"primaryImageOfPage\":{\"@id\":\"https:\/\/www.suno.com.br\/noticias\/braskem-perde-mais-50-valor-de-mercado-6-meses\/#primaryimage\"},\"image\":{\"@id\":\"https:\/\/www.suno.com.br\/noticias\/braskem-perde-mais-50-valor-de-mercado-6-meses\/#primaryimage\"},\"thumbnailUrl\":\"https:\/\/files.sunoresearch.com.br\/n\/uploads\/2018\/11\/4e7d1f59-balanco-da-braskem-jpg.webp\",\"datePublished\":\"2019-08-30T12:00:10+00:00\",\"description\":\"Levando em considera\u00e7\u00e3o o ponto mais alto de 2019, a Braskem j\u00e1 perdeu mais de matade do seu valor de mercado. Clique e saiba mais.\",\"breadcrumb\":{\"@id\":\"https:\/\/www.suno.com.br\/noticias\/braskem-perde-mais-50-valor-de-mercado-6-meses\/#breadcrumb\"},\"inLanguage\":\"pt-BR\",\"potentialAction\":[{\"@type\":\"ReadAction\",\"target\":[\"https:\/\/www.suno.com.br\/noticias\/braskem-perde-mais-50-valor-de-mercado-6-meses\/\"]}]},{\"@type\":\"ImageObject\",\"inLanguage\":\"pt-BR\",\"@id\":\"https:\/\/www.suno.com.br\/noticias\/braskem-perde-mais-50-valor-de-mercado-6-meses\/#primaryimage\",\"url\":\"https:\/\/files.sunoresearch.com.br\/n\/uploads\/2018\/11\/4e7d1f59-balanco-da-braskem-jpg.webp\",\"contentUrl\":\"https:\/\/files.sunoresearch.com.br\/n\/uploads\/2018\/11\/4e7d1f59-balanco-da-braskem-jpg.webp\",\"width\":1920,\"height\":1280,\"caption\":\"A Braskem (BRKM5) informou que a taxa de utiliza\u00e7\u00e3o de suas unidades industriais nos Estados Unidos voltou \u00e0 normalidade.\"},{\"@type\":\"BreadcrumbList\",\"@id\":\"https:\/\/www.suno.com.br\/noticias\/braskem-perde-mais-50-valor-de-mercado-6-meses\/#breadcrumb\",\"itemListElement\":[{\"@type\":\"ListItem\",\"position\":1,\"name\":\"Not\u00edcias\",\"item\":\"https:\/\/www.suno.com.br\/noticias\/\"},{\"@type\":\"ListItem\",\"position\":2,\"name\":\"Neg\u00f3cios\",\"item\":\"https:\/\/www.suno.com.br\/noticias\/negocios\/\"},{\"@type\":\"ListItem\",\"position\":3,\"name\":\"Braskem perde mais de 50% do valor de mercado em 6 meses\"}]},{\"@type\":\"WebSite\",\"@id\":\"https:\/\/www.suno.com.br\/noticias\/#website\",\"url\":\"https:\/\/www.suno.com.br\/noticias\/\",\"name\":\"Suno Not\u00edcias\",\"description\":\"Seu portal de informa\u00e7\u00e3o sobre o mundo dos investimentos\",\"publisher\":{\"@id\":\"https:\/\/www.suno.com.br\/noticias\/#organization\"},\"potentialAction\":[{\"@type\":\"SearchAction\",\"target\":{\"@type\":\"EntryPoint\",\"urlTemplate\":\"https:\/\/www.suno.com.br\/noticias\/?s={search_term_string}\"},\"query-input\":{\"@type\":\"PropertyValueSpecification\",\"valueRequired\":true,\"valueName\":\"search_term_string\"}}],\"inLanguage\":\"pt-BR\"},{\"@type\":\"Organization\",\"@id\":\"https:\/\/www.suno.com.br\/noticias\/#organization\",\"name\":\"Suno Not\u00edcias\",\"url\":\"https:\/\/www.suno.com.br\/noticias\/\",\"logo\":{\"@type\":\"ImageObject\",\"inLanguage\":\"pt-BR\",\"@id\":\"https:\/\/www.suno.com.br\/noticias\/#\/schema\/logo\/image\/\",\"url\":\"https:\/\/files.sunoresearch.com.br\/n\/uploads\/2021\/09\/suno-logo.png\",\"contentUrl\":\"https:\/\/files.sunoresearch.com.br\/n\/uploads\/2021\/09\/suno-logo.png\",\"width\":180,\"height\":180,\"caption\":\"Suno Not\u00edcias\"},\"image\":{\"@id\":\"https:\/\/www.suno.com.br\/noticias\/#\/schema\/logo\/image\/\"},\"sameAs\":[\"https:\/\/facebook.com\/sunoresearch\",\"https:\/\/x.com\/sunoresearch\",\"https:\/\/www.instagram.com\/suno\",\"https:\/\/www.linkedin.com\/company\/suno-research\/\",\"https:\/\/www.youtube.com\/c\/sunoresearch\"]},{\"@type\":\"Person\",\"@id\":\"https:\/\/www.suno.com.br\/noticias\/#\/schema\/person\/918d79de1f0281f01599b93f9ea6e23f\",\"name\":\"Jader Lazarini\",\"image\":{\"@type\":\"ImageObject\",\"inLanguage\":\"pt-BR\",\"@id\":\"https:\/\/www.suno.com.br\/noticias\/#\/schema\/person\/image\/\",\"url\":\"https:\/\/secure.gravatar.com\/avatar\/3c1ad8caa51589841baeb923fcddea97?s=96&r=g\",\"contentUrl\":\"https:\/\/secure.gravatar.com\/avatar\/3c1ad8caa51589841baeb923fcddea97?s=96&r=g\",\"caption\":\"Jader Lazarini\"},\"description\":\"Jader Lazarini escreve sobre investimentos, finan\u00e7as, economia e neg\u00f3cios. \u00c9 bacharel em Rela\u00e7\u00f5es Internacionais e analista CNPI (2619).\",\"url\":\"https:\/\/www.suno.com.br\/noticias\/author\/jader-lazarini\/\"}]}<\/script>\n<!-- \/ Yoast SEO plugin. -->","yoast_head_json":{"title":"Braskem perde mais de 50% do valor de mercado em 6 meses","description":"Levando em considera\u00e7\u00e3o o ponto mais alto de 2019, a Braskem j\u00e1 perdeu mais de matade do seu valor de mercado. Clique e saiba mais.","robots":{"index":"index","follow":"follow","max-snippet":"max-snippet:-1","max-image-preview":"max-image-preview:large","max-video-preview":"max-video-preview:-1"},"canonical":"https:\/\/www.suno.com.br\/noticias\/braskem-perde-mais-50-valor-de-mercado-6-meses\/","og_locale":"pt_BR","og_type":"article","og_title":"Braskem perde mais de 50% do valor de mercado em 6 meses","og_description":"Levando em considera\u00e7\u00e3o o ponto mais alto de 2019, a Braskem j\u00e1 perdeu mais de matade do seu valor de mercado. Clique e saiba mais.","og_url":"https:\/\/www.suno.com.br\/noticias\/braskem-perde-mais-50-valor-de-mercado-6-meses\/","og_site_name":"Suno Not\u00edcias","article_publisher":"https:\/\/facebook.com\/sunoresearch","og_image":[{"width":1920,"height":1280,"url":"https:\/\/files.sunoresearch.com.br\/n\/uploads\/2018\/11\/4e7d1f59-balanco-da-braskem.jpg","type":"image\/jpeg"}],"author":"Jader Lazarini","twitter_card":"summary_large_image","twitter_creator":"@sunoresearch","twitter_site":"@sunoresearch","twitter_misc":{"Escrito por":"Jader Lazarini","Est. tempo de leitura":"2 minutos"},"schema":{"@context":"https:\/\/schema.org","@graph":[{"@type":"NewsArticle","@id":"https:\/\/www.suno.com.br\/noticias\/braskem-perde-mais-50-valor-de-mercado-6-meses\/#article","isPartOf":{"@id":"https:\/\/www.suno.com.br\/noticias\/braskem-perde-mais-50-valor-de-mercado-6-meses\/"},"author":{"name":"Jader Lazarini","@id":"https:\/\/www.suno.com.br\/noticias\/#\/schema\/person\/918d79de1f0281f01599b93f9ea6e23f"},"headline":"Braskem perde mais de 50% do valor de mercado em 6 meses","datePublished":"2019-08-30T12:00:10+00:00","mainEntityOfPage":{"@id":"https:\/\/www.suno.com.br\/noticias\/braskem-perde-mais-50-valor-de-mercado-6-meses\/"},"wordCount":495,"publisher":{"@id":"https:\/\/www.suno.com.br\/noticias\/#organization"},"image":{"@id":"https:\/\/www.suno.com.br\/noticias\/braskem-perde-mais-50-valor-de-mercado-6-meses\/#primaryimage"},"thumbnailUrl":"https:\/\/files.sunoresearch.com.br\/n\/uploads\/2018\/11\/4e7d1f59-balanco-da-braskem-jpg.webp","keywords":["Braskem (BRKM3\/BRKM5\/BRKM6)","dividendos","Odebrecht"],"articleSection":["Neg\u00f3cios"],"inLanguage":"pt-BR"},{"@type":"WebPage","@id":"https:\/\/www.suno.com.br\/noticias\/braskem-perde-mais-50-valor-de-mercado-6-meses\/","url":"https:\/\/www.suno.com.br\/noticias\/braskem-perde-mais-50-valor-de-mercado-6-meses\/","name":"Braskem perde mais de 50% do valor de mercado em 6 meses","isPartOf":{"@id":"https:\/\/www.suno.com.br\/noticias\/#website"},"primaryImageOfPage":{"@id":"https:\/\/www.suno.com.br\/noticias\/braskem-perde-mais-50-valor-de-mercado-6-meses\/#primaryimage"},"image":{"@id":"https:\/\/www.suno.com.br\/noticias\/braskem-perde-mais-50-valor-de-mercado-6-meses\/#primaryimage"},"thumbnailUrl":"https:\/\/files.sunoresearch.com.br\/n\/uploads\/2018\/11\/4e7d1f59-balanco-da-braskem-jpg.webp","datePublished":"2019-08-30T12:00:10+00:00","description":"Levando em considera\u00e7\u00e3o o ponto mais alto de 2019, a Braskem j\u00e1 perdeu mais de matade do seu valor de mercado. Clique e saiba mais.","breadcrumb":{"@id":"https:\/\/www.suno.com.br\/noticias\/braskem-perde-mais-50-valor-de-mercado-6-meses\/#breadcrumb"},"inLanguage":"pt-BR","potentialAction":[{"@type":"ReadAction","target":["https:\/\/www.suno.com.br\/noticias\/braskem-perde-mais-50-valor-de-mercado-6-meses\/"]}]},{"@type":"ImageObject","inLanguage":"pt-BR","@id":"https:\/\/www.suno.com.br\/noticias\/braskem-perde-mais-50-valor-de-mercado-6-meses\/#primaryimage","url":"https:\/\/files.sunoresearch.com.br\/n\/uploads\/2018\/11\/4e7d1f59-balanco-da-braskem-jpg.webp","contentUrl":"https:\/\/files.sunoresearch.com.br\/n\/uploads\/2018\/11\/4e7d1f59-balanco-da-braskem-jpg.webp","width":1920,"height":1280,"caption":"A Braskem (BRKM5) informou que a taxa de utiliza\u00e7\u00e3o de suas unidades industriais nos Estados Unidos voltou \u00e0 normalidade."},{"@type":"BreadcrumbList","@id":"https:\/\/www.suno.com.br\/noticias\/braskem-perde-mais-50-valor-de-mercado-6-meses\/#breadcrumb","itemListElement":[{"@type":"ListItem","position":1,"name":"Not\u00edcias","item":"https:\/\/www.suno.com.br\/noticias\/"},{"@type":"ListItem","position":2,"name":"Neg\u00f3cios","item":"https:\/\/www.suno.com.br\/noticias\/negocios\/"},{"@type":"ListItem","position":3,"name":"Braskem perde mais de 50% do valor de mercado em 6 meses"}]},{"@type":"WebSite","@id":"https:\/\/www.suno.com.br\/noticias\/#website","url":"https:\/\/www.suno.com.br\/noticias\/","name":"Suno Not\u00edcias","description":"Seu portal de informa\u00e7\u00e3o sobre o mundo dos investimentos","publisher":{"@id":"https:\/\/www.suno.com.br\/noticias\/#organization"},"potentialAction":[{"@type":"SearchAction","target":{"@type":"EntryPoint","urlTemplate":"https:\/\/www.suno.com.br\/noticias\/?s={search_term_string}"},"query-input":{"@type":"PropertyValueSpecification","valueRequired":true,"valueName":"search_term_string"}}],"inLanguage":"pt-BR"},{"@type":"Organization","@id":"https:\/\/www.suno.com.br\/noticias\/#organization","name":"Suno Not\u00edcias","url":"https:\/\/www.suno.com.br\/noticias\/","logo":{"@type":"ImageObject","inLanguage":"pt-BR","@id":"https:\/\/www.suno.com.br\/noticias\/#\/schema\/logo\/image\/","url":"https:\/\/files.sunoresearch.com.br\/n\/uploads\/2021\/09\/suno-logo.png","contentUrl":"https:\/\/files.sunoresearch.com.br\/n\/uploads\/2021\/09\/suno-logo.png","width":180,"height":180,"caption":"Suno Not\u00edcias"},"image":{"@id":"https:\/\/www.suno.com.br\/noticias\/#\/schema\/logo\/image\/"},"sameAs":["https:\/\/facebook.com\/sunoresearch","https:\/\/x.com\/sunoresearch","https:\/\/www.instagram.com\/suno","https:\/\/www.linkedin.com\/company\/suno-research\/","https:\/\/www.youtube.com\/c\/sunoresearch"]},{"@type":"Person","@id":"https:\/\/www.suno.com.br\/noticias\/#\/schema\/person\/918d79de1f0281f01599b93f9ea6e23f","name":"Jader Lazarini","image":{"@type":"ImageObject","inLanguage":"pt-BR","@id":"https:\/\/www.suno.com.br\/noticias\/#\/schema\/person\/image\/","url":"https:\/\/secure.gravatar.com\/avatar\/3c1ad8caa51589841baeb923fcddea97?s=96&r=g","contentUrl":"https:\/\/secure.gravatar.com\/avatar\/3c1ad8caa51589841baeb923fcddea97?s=96&r=g","caption":"Jader Lazarini"},"description":"Jader Lazarini escreve sobre investimentos, finan\u00e7as, economia e neg\u00f3cios. \u00c9 bacharel em Rela\u00e7\u00f5es Internacionais e analista CNPI (2619).","url":"https:\/\/www.suno.com.br\/noticias\/author\/jader-lazarini\/"}]}},"default_loop_html":"<div class=\"cardsPage__listCard__boxs\"><div class=\"cardsPage__listCard__boxs__img\"><a href=\"https:\/\/www.suno.com.br\/noticias\/braskem-perde-mais-50-valor-de-mercado-6-meses\/\"><img class=\"mask\" src=\"https:\/\/www.suno.com.br\/noticias\/wp-content\/themes\/suno\/resources\/images\/spotlight\/spotlight1img\/bg-mask.png\" alt=\"Image Mask\"\/><img src=\"https:\/\/files.sunoresearch.com.br\/n\/uploads\/2018\/11\/4e7d1f59-balanco-da-braskem-400x200.webp\" alt=\"Braskem perde mais de 50% do valor de mercado em 6 meses\"\/><\/a><span class=\"spotlightCategory\"><a href=\"https:\/\/www.suno.com.br\/noticias\/negocios\/\">Neg\u00f3cios<\/a><\/span><\/div><div class=\"cardsPage__listCard__boxs__content\"><a href=\"https:\/\/www.suno.com.br\/noticias\/braskem-perde-mais-50-valor-de-mercado-6-meses\/\"><h2 class=\"content__title\">Braskem perde mais de 50% do valor de mercado em 6 meses<\/h2><\/a><div class=\"newsContent__article__meta\"><div class=\"newsContent__article__meta__authorBox\"><a href=\"https:\/\/www.suno.com.br\/noticias\/author\/jader-lazarini\/\" class=\"authorBox__avatar noMobi\"><img src=\"https:\/\/files.sunoresearch.com.br\/n\/uploads\/2021\/01\/178e6598-foto-perfil-2-150x150.jpg\" alt=\"Jader Lazarini\"><\/a><div class=\"authorBox__name\"><span>por\n\t\t\t<a href=\"https:\/\/www.suno.com.br\/noticias\/author\/jader-lazarini\/\"><span itemprop=\"author\">Jader Lazarini<\/span><\/a><\/span><time datetime=\"2019-08-30T09:00:10-03:00\" itemprop=\"datePublished\">30\/08\/2019 09:00<\/time><\/div><\/div><\/div><\/div><\/div>","single_layout":"posts","amp_enabled":true,"_links":{"self":[{"href":"https:\/\/www.suno.com.br\/noticias\/wp-json\/wp\/v2\/posts\/35882"}],"collection":[{"href":"https:\/\/www.suno.com.br\/noticias\/wp-json\/wp\/v2\/posts"}],"about":[{"href":"https:\/\/www.suno.com.br\/noticias\/wp-json\/wp\/v2\/types\/post"}],"author":[{"embeddable":true,"href":"https:\/\/www.suno.com.br\/noticias\/wp-json\/wp\/v2\/users\/24"}],"replies":[{"embeddable":true,"href":"https:\/\/www.suno.com.br\/noticias\/wp-json\/wp\/v2\/comments?post=35882"}],"version-history":[{"count":0,"href":"https:\/\/www.suno.com.br\/noticias\/wp-json\/wp\/v2\/posts\/35882\/revisions"}],"wp:featuredmedia":[{"embeddable":true,"href":"https:\/\/www.suno.com.br\/noticias\/wp-json\/wp\/v2\/media\/6278"}],"wp:attachment":[{"href":"https:\/\/www.suno.com.br\/noticias\/wp-json\/wp\/v2\/media?parent=35882"}],"wp:term":[{"taxonomy":"category","embeddable":true,"href":"https:\/\/www.suno.com.br\/noticias\/wp-json\/wp\/v2\/categories?post=35882"},{"taxonomy":"post_tag","embeddable":true,"href":"https:\/\/www.suno.com.br\/noticias\/wp-json\/wp\/v2\/tags?post=35882"},{"taxonomy":"suno_strategy","embeddable":true,"href":"https:\/\/www.suno.com.br\/noticias\/wp-json\/wp\/v2\/suno_strategy?post=35882"}],"curies":[{"name":"wp","href":"https:\/\/api.w.org\/{rel}","templated":true}]}}