{"id":35879,"date":"2019-08-30T08:48:03","date_gmt":"2019-08-30T11:48:03","guid":{"rendered":"https:\/\/www.suno.com.br\/noticias\/?p=35879"},"modified":"2019-08-30T09:19:05","modified_gmt":"2019-08-30T12:19:05","slug":"agenda-do-dia-300819-argentina-nubank-bradesco-bc-braskem","status":"publish","type":"post","link":"https:\/\/www.suno.com.br\/noticias\/agenda-do-dia-300819-argentina-nubank-bradesco-bc-braskem\/","title":{"rendered":"Agenda do Dia: Argentina; Nubank; Bradesco; Banco Central e Braskem"},"content":{"rendered":"<p>Os assuntos da Agenda do Dia desta sexta-feira (30) prometem agitar o mercado interno e externo.<\/p>\t<div class=\"wrapper-featured-image\">\n\t\t<figure class=\"spotlightImg\">\n\n\t\t\t<picture>\n\t\t\t\t<source media=\"(max-width: 768px)\" srcset=\"https:\/\/files.sunoresearch.com.br\/n\/uploads\/2019\/08\/6e90d21d-macri-e1566158956228-400x200.webp\">\n\t\t\t\t<img loading=\"lazy\" decoding=\"async\" class=\"newsContent__article__imgCapa lazyloadDisabled newsContent__article__imgCapa--noCaption\" src=\"https:\/\/files.sunoresearch.com.br\/n\/uploads\/2019\/08\/6e90d21d-macri-e1566158956228-800x450.webp\" width=\"800\" height=\"450\" alt=\"Agenda do Dia: Argentina; Nubank; Bradesco; Banco Central e Braskem\" fetchpriority=high \/>\n\t\t\t<\/picture>\n\n\t\t\t<figcaption class=\"wp-caption-text wp-caption-text--hide\">Argentina busca conter o uso do termo &quot;morat\u00f3ria&quot; <\/figcaption>\n\t\t<\/figure>\n\t<\/div>\n\n\n\n<p>A <strong>Argentina<\/strong> permanece nos destaques di\u00e1rios com a crise e seu governo busca conter o uso do termo &#8220;morat\u00f3ria&#8221;. A <strong>Nubank<\/strong> reportou seu preju\u00edzo de R$ 139 milh\u00f5es no 1\u00ba semestre. Estas e outras not\u00edcias fazem parte da <strong style=\"font-size: 1.21429rem;\">Agenda<\/strong> <strong style=\"font-size: 1.21429rem;\">do<\/strong> <strong style=\"font-size: 1.21429rem;\">Dia <\/strong> desta sexta.<\/p>\n<p>A Agenda do Dia conta tamb\u00e9m com a not\u00edcia sobre o <strong>Banco<\/strong> <strong>Central<\/strong>, que anunciou seu lucro do primeiro semestre.<\/p>\n<p>Confira os principais pontos da Agenda do Dia:<\/p>\n<h2>Argentina evita falar no termo &#8220;morat\u00f3ria&#8221;<\/h2>\n<p>O jornal &#8220;Clar\u00edn&#8221;, da <strong>Argentina<\/strong>, publicou na \u00faltima quinta-feira (29) que <strong>Mauricio Macri<\/strong> teria feito um pedido para os membros de seu governo evitarem as palavras &#8220;default&#8221; e &#8220;morat\u00f3ria&#8221; no momento.<\/p>\n<p>Ap\u00f3s o an\u00fancio do governo argentino de Mauricio Macri sobre a declara\u00e7\u00e3o de morat\u00f3ria, houve uma intensa mudan\u00e7a no mercado global.<\/p>\n<p>O an\u00fancio foi feito, na \u00faltima quarta-feira (28), pelo ministro da Fazenda da Argentina, Hern\u00e1n Lacunza, que afirmou que apenas 15% das d\u00edvidas de curto prazo seriam quitadas no per\u00edodo combinado. Dessa forma, os outros 85% de investidores instituicionais e pessoas jur\u00eddicas ter\u00e3o o pagamento atrasado em at\u00e9 seis meses.<\/p>\n<p><a href=\"https:\/\/www.suno.com.br\/noticias\/forever-21-recuperacao-judicial-diz-site\/\">Veja tamb\u00e9m: Forever 21 est\u00e1 se preparando para recupera\u00e7\u00e3o judicial, diz site\u00a0<\/a><\/p>\n<h2>Preju\u00edzo da Nubank \u00e9 de R$ 139 milh\u00f5es no 1\u00ba semestre<\/h2>\n<p>O <strong>Nubank<\/strong> apresentou seu resultado financeiro para os primeiros seis meses deste ano. A <b>fintech <\/b>viu sua base de clientes aumentar em 150% na compara\u00e7\u00e3o anual, considerando a <strong>NuConta<\/strong> e o cart\u00e3o de cr\u00e9dito.<\/p>\n<p>O faturamento do Nubank foi a R$ 1 bilh\u00e3o, em compara\u00e7\u00e3o com o mesmo per\u00edodo de 2018, a alta foi de quase 100%, quando reportou R$ 503 milh\u00f5es de faturamento. Em 2017, o faturamento do primeiro semestre foi de R$ 236,8 milh\u00f5es, ou seja, o faturamento da companhia est\u00e1 quase dobrando ano ap\u00f3s ano.<\/p>\n<p><a href=\"https:\/\/www.suno.com.br\/noticias\/brasil-recessao-economica-recuperacao\/\">Veja tamb\u00e9m: Brasil recuperou somente 30% dos R$486 bi perdidos na \u00faltima recess\u00e3o<\/a><\/p>\n<h2>Bradesco anuncia plano de desligamento volunt\u00e1rio<\/h2>\n<p>O banco <strong>Bradesco<\/strong> anunciou que o <strong>Programa de Desligamento Volunt\u00e1rio<\/strong> (PDV) ter\u00e1 in\u00edcio na pr\u00f3xima segunda-feira (2) e terminar\u00e1 dia 16 de outubro. O comunicado foi divulgado ao mercado na noite da \u00faltima quinta-feira (29).<\/p>\n<p>Segundo o Bradesco, &#8220;o <strong>PDV<\/strong> 2019 permitir\u00e1 o pagamento de todas as verbas rescis\u00f3rias&#8221;.<\/p>\n<h2>Banco Central reporta lucro do primeiro semestre<\/h2>\n<p>O <strong>Banco<\/strong> <strong>Central<\/strong> <strong>(BC)<\/strong> divulgou seu lucro semestral de 2019 na tarde da \u00faltima quinta-feira (29). O valor ficou em R$ 21,1 bilh\u00f5es nos meses de janeiro a junho deste ano.<\/p>\n<p>De acordo com o mandat\u00e1rio do departamento de contabilidade do Banco Central, o resultado j\u00e1 foi autorizado para ser transferido ao Tesouro Nacional no m\u00eas que vem.<\/p>\n<h2>Braskem perde valor e influ\u00eancia negativamente nas conversas da Odebrecht<\/h2>\n<p>A <strong>Braskem<\/strong> chegou ao valor de mercado de R$ 45 bilh\u00f5es em fevereiro deste ano, por\u00e9m nesta semana a empresa foi avaliada em R$ 21,6 bilh\u00f5es.<\/p>\n<p>Desde as dela\u00e7\u00f5es da <strong>Odebrecht<\/strong>, que controla a Braskem, esse foi o valor mais baixo registrado pela empresa petroqu\u00edmica. Com a desacelera\u00e7\u00e3o da Braskem em seu valor de mercado, a Odebrecht tamb\u00e9m perde em seu processo de recupera\u00e7\u00e3o judicial.<\/p>\n<p>A <strong style=\"font-size: 1.21429rem;\">Agenda<\/strong> <strong style=\"font-size: 1.21429rem;\">do<\/strong> <strong style=\"font-size: 1.21429rem;\">Dia<\/strong> da <a href=\"https:\/\/www.youtube.com\/watch?v=JbSMALUrig4\"><strong>Suno<\/strong><strong>\u00a0<\/strong><\/a>mostra os principais acontecimentos que prometem movimentar o mercado durante o dia.<\/p>\n","protected":false},"excerpt":{"rendered":"<p>Os assuntos da Agenda do Dia desta sexta-feira (30) prometem agitar o mercado interno e externo. Argentina busca conter o uso do termo &quot;morat\u00f3ria&quot; A Argentina permanece nos destaques di\u00e1rios com a crise e seu governo busca conter o uso do termo &#8220;morat\u00f3ria&#8221;. A Nubank reportou seu preju\u00edzo de R$ 139 milh\u00f5es no 1\u00ba semestre. [&hellip;]<\/p>\n","protected":false},"author":19,"featured_media":34499,"comment_status":"closed","ping_status":"closed","sticky":false,"template":"","format":"standard","meta":[],"categories":[64],"tags":[699,1842,392,395,848,783],"suno_strategy":[],"class_list":["post-35879","post","type-post","status-publish","format-standard","has-post-thumbnail","hentry","category-negocios","tag-argentina","tag-banco-central-bc","tag-bradesco-bbdc3-bbdc4","tag-braskem-brkm3-brkm5-brkm6","tag-nubank","tag-odebrecht"],"yoast_head":"<!-- This site is optimized with the Yoast SEO plugin v24.4 - https:\/\/yoast.com\/wordpress\/plugins\/seo\/ -->\n<title>Agenda do Dia: Argentina; Nubank; Bradesco; Banco Central e Braskem<\/title>\n<meta name=\"description\" content=\"Agenda do Dia: Argentina; Nubank; Bradesco; Banco Central e Braskem devem movimentar o mercado nesta sexta-feira (30). Clique e saiba mais.\" \/>\n<meta name=\"robots\" content=\"index, follow, max-snippet:-1, max-image-preview:large, max-video-preview:-1\" \/>\n<link rel=\"canonical\" href=\"https:\/\/www.suno.com.br\/noticias\/agenda-do-dia-300819-argentina-nubank-bradesco-bc-braskem\/\" \/>\n<meta property=\"og:locale\" content=\"pt_BR\" \/>\n<meta property=\"og:type\" content=\"article\" \/>\n<meta property=\"og:title\" content=\"Agenda do Dia: Argentina; Nubank; Bradesco; Banco Central e Braskem\" \/>\n<meta property=\"og:description\" content=\"Agenda do Dia: Argentina; Nubank; Bradesco; Banco Central e Braskem devem movimentar o mercado nesta sexta-feira (30). Clique e saiba mais.\" \/>\n<meta property=\"og:url\" content=\"https:\/\/www.suno.com.br\/noticias\/agenda-do-dia-300819-argentina-nubank-bradesco-bc-braskem\/\" \/>\n<meta property=\"og:site_name\" content=\"Suno Not\u00edcias\" \/>\n<meta property=\"article:publisher\" content=\"https:\/\/facebook.com\/sunoresearch\" \/>\n<meta property=\"og:image\" content=\"https:\/\/files.sunoresearch.com.br\/n\/uploads\/2019\/08\/6e90d21d-macri-e1566158956228.jpg\" \/>\n\t<meta property=\"og:image:width\" content=\"1140\" \/>\n\t<meta property=\"og:image:height\" content=\"664\" \/>\n\t<meta property=\"og:image:type\" content=\"image\/jpeg\" \/>\n<meta name=\"author\" content=\"Juliano Passaro\" \/>\n<meta name=\"twitter:card\" content=\"summary_large_image\" \/>\n<meta name=\"twitter:creator\" content=\"@sunoresearch\" \/>\n<meta name=\"twitter:site\" content=\"@sunoresearch\" \/>\n<meta name=\"twitter:label1\" content=\"Escrito por\" \/>\n\t<meta name=\"twitter:data1\" content=\"Juliano Passaro\" \/>\n\t<meta name=\"twitter:label2\" content=\"Est. tempo de leitura\" \/>\n\t<meta name=\"twitter:data2\" content=\"3 minutos\" \/>\n<script type=\"application\/ld+json\" class=\"yoast-schema-graph\">{\"@context\":\"https:\/\/schema.org\",\"@graph\":[{\"@type\":\"NewsArticle\",\"@id\":\"https:\/\/www.suno.com.br\/noticias\/agenda-do-dia-300819-argentina-nubank-bradesco-bc-braskem\/#article\",\"isPartOf\":{\"@id\":\"https:\/\/www.suno.com.br\/noticias\/agenda-do-dia-300819-argentina-nubank-bradesco-bc-braskem\/\"},\"author\":{\"name\":\"Juliano Passaro\",\"@id\":\"https:\/\/www.suno.com.br\/noticias\/#\/schema\/person\/1db762f78ffd8919a648a63e425953e3\"},\"headline\":\"Agenda do Dia: Argentina; Nubank; Bradesco; Banco Central e Braskem\",\"datePublished\":\"2019-08-30T11:48:03+00:00\",\"dateModified\":\"2019-08-30T12:19:05+00:00\",\"mainEntityOfPage\":{\"@id\":\"https:\/\/www.suno.com.br\/noticias\/agenda-do-dia-300819-argentina-nubank-bradesco-bc-braskem\/\"},\"wordCount\":569,\"publisher\":{\"@id\":\"https:\/\/www.suno.com.br\/noticias\/#organization\"},\"image\":{\"@id\":\"https:\/\/www.suno.com.br\/noticias\/agenda-do-dia-300819-argentina-nubank-bradesco-bc-braskem\/#primaryimage\"},\"thumbnailUrl\":\"https:\/\/files.sunoresearch.com.br\/n\/uploads\/2019\/08\/6e90d21d-macri-e1566158956228-jpg.webp\",\"keywords\":[\"Argentina\",\"Banco Central (BC)\",\"Bradesco (BBDC3\/BBDC4)\",\"Braskem (BRKM3\/BRKM5\/BRKM6)\",\"Nubank (NUBR33)\",\"Odebrecht\"],\"articleSection\":[\"Neg\u00f3cios\"],\"inLanguage\":\"pt-BR\"},{\"@type\":\"WebPage\",\"@id\":\"https:\/\/www.suno.com.br\/noticias\/agenda-do-dia-300819-argentina-nubank-bradesco-bc-braskem\/\",\"url\":\"https:\/\/www.suno.com.br\/noticias\/agenda-do-dia-300819-argentina-nubank-bradesco-bc-braskem\/\",\"name\":\"Agenda do Dia: Argentina; Nubank; Bradesco; Banco Central e Braskem\",\"isPartOf\":{\"@id\":\"https:\/\/www.suno.com.br\/noticias\/#website\"},\"primaryImageOfPage\":{\"@id\":\"https:\/\/www.suno.com.br\/noticias\/agenda-do-dia-300819-argentina-nubank-bradesco-bc-braskem\/#primaryimage\"},\"image\":{\"@id\":\"https:\/\/www.suno.com.br\/noticias\/agenda-do-dia-300819-argentina-nubank-bradesco-bc-braskem\/#primaryimage\"},\"thumbnailUrl\":\"https:\/\/files.sunoresearch.com.br\/n\/uploads\/2019\/08\/6e90d21d-macri-e1566158956228-jpg.webp\",\"datePublished\":\"2019-08-30T11:48:03+00:00\",\"dateModified\":\"2019-08-30T12:19:05+00:00\",\"description\":\"Agenda do Dia: Argentina; Nubank; Bradesco; Banco Central e Braskem devem movimentar o mercado nesta sexta-feira (30). Clique e saiba mais.\",\"breadcrumb\":{\"@id\":\"https:\/\/www.suno.com.br\/noticias\/agenda-do-dia-300819-argentina-nubank-bradesco-bc-braskem\/#breadcrumb\"},\"inLanguage\":\"pt-BR\",\"potentialAction\":[{\"@type\":\"ReadAction\",\"target\":[\"https:\/\/www.suno.com.br\/noticias\/agenda-do-dia-300819-argentina-nubank-bradesco-bc-braskem\/\"]}]},{\"@type\":\"ImageObject\",\"inLanguage\":\"pt-BR\",\"@id\":\"https:\/\/www.suno.com.br\/noticias\/agenda-do-dia-300819-argentina-nubank-bradesco-bc-braskem\/#primaryimage\",\"url\":\"https:\/\/files.sunoresearch.com.br\/n\/uploads\/2019\/08\/6e90d21d-macri-e1566158956228-jpg.webp\",\"contentUrl\":\"https:\/\/files.sunoresearch.com.br\/n\/uploads\/2019\/08\/6e90d21d-macri-e1566158956228-jpg.webp\",\"width\":1140,\"height\":664,\"caption\":\"Argentina busca conter o uso do termo \\\"morat\u00f3ria\\\"\"},{\"@type\":\"BreadcrumbList\",\"@id\":\"https:\/\/www.suno.com.br\/noticias\/agenda-do-dia-300819-argentina-nubank-bradesco-bc-braskem\/#breadcrumb\",\"itemListElement\":[{\"@type\":\"ListItem\",\"position\":1,\"name\":\"Not\u00edcias\",\"item\":\"https:\/\/www.suno.com.br\/noticias\/\"},{\"@type\":\"ListItem\",\"position\":2,\"name\":\"Neg\u00f3cios\",\"item\":\"https:\/\/www.suno.com.br\/noticias\/negocios\/\"},{\"@type\":\"ListItem\",\"position\":3,\"name\":\"Agenda do Dia: Argentina; Nubank; Bradesco; Banco Central e Braskem\"}]},{\"@type\":\"WebSite\",\"@id\":\"https:\/\/www.suno.com.br\/noticias\/#website\",\"url\":\"https:\/\/www.suno.com.br\/noticias\/\",\"name\":\"Suno Not\u00edcias\",\"description\":\"Seu portal de informa\u00e7\u00e3o sobre o mundo dos investimentos\",\"publisher\":{\"@id\":\"https:\/\/www.suno.com.br\/noticias\/#organization\"},\"potentialAction\":[{\"@type\":\"SearchAction\",\"target\":{\"@type\":\"EntryPoint\",\"urlTemplate\":\"https:\/\/www.suno.com.br\/noticias\/?s={search_term_string}\"},\"query-input\":{\"@type\":\"PropertyValueSpecification\",\"valueRequired\":true,\"valueName\":\"search_term_string\"}}],\"inLanguage\":\"pt-BR\"},{\"@type\":\"Organization\",\"@id\":\"https:\/\/www.suno.com.br\/noticias\/#organization\",\"name\":\"Suno Not\u00edcias\",\"url\":\"https:\/\/www.suno.com.br\/noticias\/\",\"logo\":{\"@type\":\"ImageObject\",\"inLanguage\":\"pt-BR\",\"@id\":\"https:\/\/www.suno.com.br\/noticias\/#\/schema\/logo\/image\/\",\"url\":\"https:\/\/files.sunoresearch.com.br\/n\/uploads\/2021\/09\/suno-logo.png\",\"contentUrl\":\"https:\/\/files.sunoresearch.com.br\/n\/uploads\/2021\/09\/suno-logo.png\",\"width\":180,\"height\":180,\"caption\":\"Suno Not\u00edcias\"},\"image\":{\"@id\":\"https:\/\/www.suno.com.br\/noticias\/#\/schema\/logo\/image\/\"},\"sameAs\":[\"https:\/\/facebook.com\/sunoresearch\",\"https:\/\/x.com\/sunoresearch\",\"https:\/\/www.instagram.com\/suno\",\"https:\/\/www.linkedin.com\/company\/suno-research\/\",\"https:\/\/www.youtube.com\/c\/sunoresearch\"]},{\"@type\":\"Person\",\"@id\":\"https:\/\/www.suno.com.br\/noticias\/#\/schema\/person\/1db762f78ffd8919a648a63e425953e3\",\"name\":\"Juliano Passaro\",\"image\":{\"@type\":\"ImageObject\",\"inLanguage\":\"pt-BR\",\"@id\":\"https:\/\/www.suno.com.br\/noticias\/#\/schema\/person\/image\/\",\"url\":\"https:\/\/secure.gravatar.com\/avatar\/743d4df28eebf6dcc46b4ad03c319e92?s=96&r=g\",\"contentUrl\":\"https:\/\/secure.gravatar.com\/avatar\/743d4df28eebf6dcc46b4ad03c319e92?s=96&r=g\",\"caption\":\"Juliano Passaro\"},\"description\":\"Juliano Passaro escreve sobre pol\u00edtica, economia e neg\u00f3cios para o portal da Suno Research. Antes da Suno, trabalhou no Portal da Band. \u00c9 formado em jornalismo pela Universidade Presbiteriana Mackenzie.\",\"url\":\"https:\/\/www.suno.com.br\/noticias\/author\/juliano\/\"}]}<\/script>\n<!-- \/ Yoast SEO plugin. -->","yoast_head_json":{"title":"Agenda do Dia: Argentina; Nubank; Bradesco; Banco Central e Braskem","description":"Agenda do Dia: Argentina; Nubank; Bradesco; Banco Central e Braskem devem movimentar o mercado nesta sexta-feira (30). Clique e saiba mais.","robots":{"index":"index","follow":"follow","max-snippet":"max-snippet:-1","max-image-preview":"max-image-preview:large","max-video-preview":"max-video-preview:-1"},"canonical":"https:\/\/www.suno.com.br\/noticias\/agenda-do-dia-300819-argentina-nubank-bradesco-bc-braskem\/","og_locale":"pt_BR","og_type":"article","og_title":"Agenda do Dia: Argentina; Nubank; Bradesco; Banco Central e Braskem","og_description":"Agenda do Dia: Argentina; Nubank; Bradesco; Banco Central e Braskem devem movimentar o mercado nesta sexta-feira (30). Clique e saiba mais.","og_url":"https:\/\/www.suno.com.br\/noticias\/agenda-do-dia-300819-argentina-nubank-bradesco-bc-braskem\/","og_site_name":"Suno Not\u00edcias","article_publisher":"https:\/\/facebook.com\/sunoresearch","og_image":[{"width":1140,"height":664,"url":"https:\/\/files.sunoresearch.com.br\/n\/uploads\/2019\/08\/6e90d21d-macri-e1566158956228.jpg","type":"image\/jpeg"}],"author":"Juliano Passaro","twitter_card":"summary_large_image","twitter_creator":"@sunoresearch","twitter_site":"@sunoresearch","twitter_misc":{"Escrito por":"Juliano Passaro","Est. tempo de leitura":"3 minutos"},"schema":{"@context":"https:\/\/schema.org","@graph":[{"@type":"NewsArticle","@id":"https:\/\/www.suno.com.br\/noticias\/agenda-do-dia-300819-argentina-nubank-bradesco-bc-braskem\/#article","isPartOf":{"@id":"https:\/\/www.suno.com.br\/noticias\/agenda-do-dia-300819-argentina-nubank-bradesco-bc-braskem\/"},"author":{"name":"Juliano Passaro","@id":"https:\/\/www.suno.com.br\/noticias\/#\/schema\/person\/1db762f78ffd8919a648a63e425953e3"},"headline":"Agenda do Dia: Argentina; Nubank; Bradesco; Banco Central e Braskem","datePublished":"2019-08-30T11:48:03+00:00","dateModified":"2019-08-30T12:19:05+00:00","mainEntityOfPage":{"@id":"https:\/\/www.suno.com.br\/noticias\/agenda-do-dia-300819-argentina-nubank-bradesco-bc-braskem\/"},"wordCount":569,"publisher":{"@id":"https:\/\/www.suno.com.br\/noticias\/#organization"},"image":{"@id":"https:\/\/www.suno.com.br\/noticias\/agenda-do-dia-300819-argentina-nubank-bradesco-bc-braskem\/#primaryimage"},"thumbnailUrl":"https:\/\/files.sunoresearch.com.br\/n\/uploads\/2019\/08\/6e90d21d-macri-e1566158956228-jpg.webp","keywords":["Argentina","Banco Central (BC)","Bradesco (BBDC3\/BBDC4)","Braskem (BRKM3\/BRKM5\/BRKM6)","Nubank (NUBR33)","Odebrecht"],"articleSection":["Neg\u00f3cios"],"inLanguage":"pt-BR"},{"@type":"WebPage","@id":"https:\/\/www.suno.com.br\/noticias\/agenda-do-dia-300819-argentina-nubank-bradesco-bc-braskem\/","url":"https:\/\/www.suno.com.br\/noticias\/agenda-do-dia-300819-argentina-nubank-bradesco-bc-braskem\/","name":"Agenda do Dia: Argentina; Nubank; Bradesco; Banco Central e Braskem","isPartOf":{"@id":"https:\/\/www.suno.com.br\/noticias\/#website"},"primaryImageOfPage":{"@id":"https:\/\/www.suno.com.br\/noticias\/agenda-do-dia-300819-argentina-nubank-bradesco-bc-braskem\/#primaryimage"},"image":{"@id":"https:\/\/www.suno.com.br\/noticias\/agenda-do-dia-300819-argentina-nubank-bradesco-bc-braskem\/#primaryimage"},"thumbnailUrl":"https:\/\/files.sunoresearch.com.br\/n\/uploads\/2019\/08\/6e90d21d-macri-e1566158956228-jpg.webp","datePublished":"2019-08-30T11:48:03+00:00","dateModified":"2019-08-30T12:19:05+00:00","description":"Agenda do Dia: Argentina; Nubank; Bradesco; Banco Central e Braskem devem movimentar o mercado nesta sexta-feira (30). Clique e saiba mais.","breadcrumb":{"@id":"https:\/\/www.suno.com.br\/noticias\/agenda-do-dia-300819-argentina-nubank-bradesco-bc-braskem\/#breadcrumb"},"inLanguage":"pt-BR","potentialAction":[{"@type":"ReadAction","target":["https:\/\/www.suno.com.br\/noticias\/agenda-do-dia-300819-argentina-nubank-bradesco-bc-braskem\/"]}]},{"@type":"ImageObject","inLanguage":"pt-BR","@id":"https:\/\/www.suno.com.br\/noticias\/agenda-do-dia-300819-argentina-nubank-bradesco-bc-braskem\/#primaryimage","url":"https:\/\/files.sunoresearch.com.br\/n\/uploads\/2019\/08\/6e90d21d-macri-e1566158956228-jpg.webp","contentUrl":"https:\/\/files.sunoresearch.com.br\/n\/uploads\/2019\/08\/6e90d21d-macri-e1566158956228-jpg.webp","width":1140,"height":664,"caption":"Argentina busca conter o uso do termo \"morat\u00f3ria\""},{"@type":"BreadcrumbList","@id":"https:\/\/www.suno.com.br\/noticias\/agenda-do-dia-300819-argentina-nubank-bradesco-bc-braskem\/#breadcrumb","itemListElement":[{"@type":"ListItem","position":1,"name":"Not\u00edcias","item":"https:\/\/www.suno.com.br\/noticias\/"},{"@type":"ListItem","position":2,"name":"Neg\u00f3cios","item":"https:\/\/www.suno.com.br\/noticias\/negocios\/"},{"@type":"ListItem","position":3,"name":"Agenda do Dia: Argentina; Nubank; Bradesco; Banco Central e Braskem"}]},{"@type":"WebSite","@id":"https:\/\/www.suno.com.br\/noticias\/#website","url":"https:\/\/www.suno.com.br\/noticias\/","name":"Suno Not\u00edcias","description":"Seu portal de informa\u00e7\u00e3o sobre o mundo dos investimentos","publisher":{"@id":"https:\/\/www.suno.com.br\/noticias\/#organization"},"potentialAction":[{"@type":"SearchAction","target":{"@type":"EntryPoint","urlTemplate":"https:\/\/www.suno.com.br\/noticias\/?s={search_term_string}"},"query-input":{"@type":"PropertyValueSpecification","valueRequired":true,"valueName":"search_term_string"}}],"inLanguage":"pt-BR"},{"@type":"Organization","@id":"https:\/\/www.suno.com.br\/noticias\/#organization","name":"Suno Not\u00edcias","url":"https:\/\/www.suno.com.br\/noticias\/","logo":{"@type":"ImageObject","inLanguage":"pt-BR","@id":"https:\/\/www.suno.com.br\/noticias\/#\/schema\/logo\/image\/","url":"https:\/\/files.sunoresearch.com.br\/n\/uploads\/2021\/09\/suno-logo.png","contentUrl":"https:\/\/files.sunoresearch.com.br\/n\/uploads\/2021\/09\/suno-logo.png","width":180,"height":180,"caption":"Suno Not\u00edcias"},"image":{"@id":"https:\/\/www.suno.com.br\/noticias\/#\/schema\/logo\/image\/"},"sameAs":["https:\/\/facebook.com\/sunoresearch","https:\/\/x.com\/sunoresearch","https:\/\/www.instagram.com\/suno","https:\/\/www.linkedin.com\/company\/suno-research\/","https:\/\/www.youtube.com\/c\/sunoresearch"]},{"@type":"Person","@id":"https:\/\/www.suno.com.br\/noticias\/#\/schema\/person\/1db762f78ffd8919a648a63e425953e3","name":"Juliano Passaro","image":{"@type":"ImageObject","inLanguage":"pt-BR","@id":"https:\/\/www.suno.com.br\/noticias\/#\/schema\/person\/image\/","url":"https:\/\/secure.gravatar.com\/avatar\/743d4df28eebf6dcc46b4ad03c319e92?s=96&r=g","contentUrl":"https:\/\/secure.gravatar.com\/avatar\/743d4df28eebf6dcc46b4ad03c319e92?s=96&r=g","caption":"Juliano Passaro"},"description":"Juliano Passaro escreve sobre pol\u00edtica, economia e neg\u00f3cios para o portal da Suno Research. Antes da Suno, trabalhou no Portal da Band. \u00c9 formado em jornalismo pela Universidade Presbiteriana Mackenzie.","url":"https:\/\/www.suno.com.br\/noticias\/author\/juliano\/"}]}},"default_loop_html":"<div class=\"cardsPage__listCard__boxs\"><div class=\"cardsPage__listCard__boxs__img\"><a href=\"https:\/\/www.suno.com.br\/noticias\/agenda-do-dia-300819-argentina-nubank-bradesco-bc-braskem\/\"><img class=\"mask\" src=\"https:\/\/www.suno.com.br\/noticias\/wp-content\/themes\/suno\/resources\/images\/spotlight\/spotlight1img\/bg-mask.png\" alt=\"Image Mask\"\/><img src=\"https:\/\/files.sunoresearch.com.br\/n\/uploads\/2019\/08\/6e90d21d-macri-e1566158956228-400x200.webp\" alt=\"Agenda do Dia: Argentina; Nubank; Bradesco; Banco Central e Braskem\"\/><\/a><span class=\"spotlightCategory\"><a href=\"https:\/\/www.suno.com.br\/noticias\/negocios\/\">Neg\u00f3cios<\/a><\/span><\/div><div class=\"cardsPage__listCard__boxs__content\"><a href=\"https:\/\/www.suno.com.br\/noticias\/agenda-do-dia-300819-argentina-nubank-bradesco-bc-braskem\/\"><h2 class=\"content__title\">Agenda do Dia: Argentina; Nubank; Bradesco; Banco Central e Braskem<\/h2><\/a><div class=\"newsContent__article__meta\"><div class=\"newsContent__article__meta__authorBox\"><a href=\"https:\/\/www.suno.com.br\/noticias\/author\/juliano\/\" class=\"authorBox__avatar noMobi\"><img src=\"https:\/\/files.sunoresearch.com.br\/n\/uploads\/2019\/06\/7cc3efea-whatsapp-image-2019-07-18-at-21.59.33-e1563499821209-150x150.webp\" alt=\"Juliano Passaro\"><\/a><div class=\"authorBox__name\"><span>por\n\t\t\t<a href=\"https:\/\/www.suno.com.br\/noticias\/author\/juliano\/\"><span itemprop=\"author\">Juliano Passaro<\/span><\/a><\/span><time datetime=\"2019-08-30T08:48:03-03:00\" itemprop=\"datePublished\">30\/08\/2019 08:48<\/time><\/div><\/div><\/div><\/div><\/div>","single_layout":"posts","amp_enabled":true,"_links":{"self":[{"href":"https:\/\/www.suno.com.br\/noticias\/wp-json\/wp\/v2\/posts\/35879"}],"collection":[{"href":"https:\/\/www.suno.com.br\/noticias\/wp-json\/wp\/v2\/posts"}],"about":[{"href":"https:\/\/www.suno.com.br\/noticias\/wp-json\/wp\/v2\/types\/post"}],"author":[{"embeddable":true,"href":"https:\/\/www.suno.com.br\/noticias\/wp-json\/wp\/v2\/users\/19"}],"replies":[{"embeddable":true,"href":"https:\/\/www.suno.com.br\/noticias\/wp-json\/wp\/v2\/comments?post=35879"}],"version-history":[{"count":0,"href":"https:\/\/www.suno.com.br\/noticias\/wp-json\/wp\/v2\/posts\/35879\/revisions"}],"wp:featuredmedia":[{"embeddable":true,"href":"https:\/\/www.suno.com.br\/noticias\/wp-json\/wp\/v2\/media\/34499"}],"wp:attachment":[{"href":"https:\/\/www.suno.com.br\/noticias\/wp-json\/wp\/v2\/media?parent=35879"}],"wp:term":[{"taxonomy":"category","embeddable":true,"href":"https:\/\/www.suno.com.br\/noticias\/wp-json\/wp\/v2\/categories?post=35879"},{"taxonomy":"post_tag","embeddable":true,"href":"https:\/\/www.suno.com.br\/noticias\/wp-json\/wp\/v2\/tags?post=35879"},{"taxonomy":"suno_strategy","embeddable":true,"href":"https:\/\/www.suno.com.br\/noticias\/wp-json\/wp\/v2\/suno_strategy?post=35879"}],"curies":[{"name":"wp","href":"https:\/\/api.w.org\/{rel}","templated":true}]}}