{"id":35878,"date":"2019-08-30T08:20:23","date_gmt":"2019-08-30T11:20:23","guid":{"rendered":"https:\/\/www.suno.com.br\/noticias\/?p=35878"},"modified":"2021-02-17T19:05:56","modified_gmt":"2021-02-17T22:05:56","slug":"bradesco-demissao-voluntaria-programa-delisgamento","status":"publish","type":"post","link":"https:\/\/www.suno.com.br\/noticias\/bradesco-demissao-voluntaria-programa-delisgamento\/","title":{"rendered":"Programa de Desligamento Volunt\u00e1rio do Bradesco inicia na pr\u00f3xima segunda-feira"},"content":{"rendered":"<p>O banco Bradesco anunciou que o <strong>Programa de Desligamento Volunt\u00e1rio<\/strong> (PVD) iniciar\u00e1 na pr\u00f3xima segunda-feira (2) e terminar\u00e1 dia 16 de outubro. O comunicado foi divulgado ao mercado na \u00faltima quinta-feira (29).<\/p>\t<div class=\"wrapper-featured-image\">\n\t\t<figure class=\"spotlightImg\">\n\n\t\t\t<picture>\n\t\t\t\t<source media=\"(max-width: 768px)\" srcset=\"https:\/\/files.sunoresearch.com.br\/n\/uploads\/2019\/05\/Bradesco-400x200.webp\">\n\t\t\t\t<img loading=\"lazy\" decoding=\"async\" class=\"newsContent__article__imgCapa lazyloadDisabled newsContent__article__imgCapa--noCaption\" src=\"https:\/\/files.sunoresearch.com.br\/n\/uploads\/2019\/05\/Bradesco-800x450.webp\" width=\"800\" height=\"450\" alt=\"Programa de Desligamento Volunt\u00e1rio do Bradesco inicia na pr\u00f3xima segunda-feira\" fetchpriority=high \/>\n\t\t\t<\/picture>\n\n\t\t\t<figcaption class=\"wp-caption-text wp-caption-text--hide\">Programa de Desligamento Volunt\u00e1rio do Bradesco inicia na pr\u00f3xima segunda-feira<\/figcaption>\n\t\t<\/figure>\n\t<\/div>\n\n\n<p>&#8220;O objetivo do PDV \u00e9 no fundo a adequa\u00e7\u00e3o do quadro do banco \u00e0 uma nova realidade em termos de processos e tecnologia que estamos investindo h\u00e1 bastante tempo e tem levado o banco a uma produtividade maior&#8221;, disse o vice-presidente do <strong>Bradesco<\/strong>, <strong>Andr\u00e9 Cano<\/strong>, ao jornal &#8220;Estado de S.Paulo&#8221;.<\/p>\n\n<p>Dessa forma, o principal intuito da institui\u00e7\u00e3o \u00e9 adequar todos os colaboradores ao avan\u00e7o da tecnologia com a finalidade de aumento de produtividade e diminui\u00e7\u00e3o a exig\u00eancia pessoal.<\/p>\n<p><a href=\"\/\/www.suno.com.br\/noticias\/bradesco-afirma-possibilidade-de-credito-imobiliario-com-ipca-mas-alerta-riscos\/\">Confira Tamb\u00e9m: Bradesco poder\u00e1 oferecer tamb\u00e9m cr\u00e9dito imobili\u00e1rio com IPCA<\/a><\/p>\n<p>O vice-presidente informou que com a digitaliza\u00e7\u00e3o os clientes tem ido cada vez menos as ag\u00eancias, desse modo, o banco pretende fechar 100 pontos f\u00edsicos.<\/p>\n<p>&#8220;N\u00e3o temos nenhum plano massivo de encerramento de ag\u00eancias. Se h\u00e1 uma oportunidade por proximidade ou incorpora\u00e7\u00e3o de ag\u00eancias, vamos faz\u00ea-la&#8221;, disse Cano.<\/p>\n<p>O plano &#8220;massivo de encerramento de ag\u00eancias&#8221;, \u00e9 em refer\u00eancia a primeira vez que o banco anunciou seu projeto de desligamento de funcion\u00e1rio em 2017.\u00a0 No primeiro programa, o banco reduziu 565 ag\u00eancias. Desse modo, trata-se do segundo lan\u00e7amento do PDV.<\/p>\n<p>Questionado se a concorr\u00eancia dos bancos digitais tem influ\u00eancia, o executivo afirma que as fintechs n\u00e3o tem rela\u00e7\u00e3o nenhuma com o programa. &#8220;N\u00e3o \u00e9 isso ainda. Tem naturalmente uma vis\u00e3o permanente de controle de custos&#8221;, reitera Cano.<\/p>\n<p>De acordo com o Bradesco, &#8220;o PDV 2019 permitir\u00e1 o pagamento de todas as verbas rescis\u00f3rias, bem como os seguintes incentivos especias:&#8221;<\/p>\n<ul>\n<li>pagamento, em parcela \u00fanica, de 60% do sal\u00e1rio fixo do m\u00eas, base setembro 2019, por ano completo trabalhado, limitado a 12 sal\u00e1rios;<\/li>\n<li>manuten\u00e7\u00e3o do plano de sa\u00fade e odontol\u00f3gico por 18 meses<\/li>\n<li>pagamento de valor equivalente a 6 meses de vale alimenta\u00e7\u00e3o, base setembro de 2019.<\/li>\n<\/ul>\n<h2>Bradesco registra lucro l\u00edquido de R$ 6,5 bi no 2T19<\/h2>\n<p>Banco Bradesco divulgou seu balan\u00e7o do segundo trimestre deste ano. A institui\u00e7\u00e3o registrou aumento de 25,2% em seu<a href=\"https:\/\/www.suno.com.br\/artigos\/lucro-liquido\/\"> <strong>lucro l\u00edquido<\/strong><\/a> em compara\u00e7\u00e3o com o mesmo per\u00edodo no ano anterior. Esse valor \u00e9 equivalente a R$ 6,5 bilh\u00f5es.<\/p>\n<p>A rentabilidade sobre o <a href=\"https:\/\/www.suno.com.br\/artigos\/roe-utilidade\/\">patrim\u00f4nio l\u00edquido<\/a> m\u00e9dio (ROAE) atingiu 20,6%, a mais elevada dos \u00faltimos dezesseis trimestres. Conforme a institui\u00e7\u00e3o esse desempenho \u00e9 reflexo do resultado operacional, que registrou aumento de 11,1% em compara\u00e7\u00e3o com ano passado.<\/p>\n\t<p>\n\t\t<a href=\"https:\/\/lp.suno.com.br\/asset\/suno-fundo-infra-estrutura-snid11\/\" target=\"_blank\" data-element=\"shortcode-suno-banner\" title=\"Banner SUNO, clique e saiba mais\">\n\t\t\t<picture>\n\t\t\t\t<source media=\"(max-width: 500px)\" srcset=\"https:\/\/files.sunoresearch.com.br\/n\/uploads\/2024\/01\/400x300-Banner-Home-1-SNID-AO.png\">\n\t\t\t\t<img class=\"newsContent__article__imgCapa newsContent__article__imgCapa--banner\"\n\t\t\t\t\tsrc=\"https:\/\/files.sunoresearch.com.br\/n\/uploads\/2024\/01\/1420x240-Banner-Home-1-SNID-AO.png\"\n\t\t\t\t\tdata-promo-id=\"364419\"\t\t\t\t\t\t\t\t\t\twidth='1420' height='240'\t\t\t\t\talt=\"https:\/\/files.sunoresearch.com.br\/n\/uploads\/2024\/01\/1420x240-Banner-Home-1-SNID-AO.png\"\n\t\t\t\t>\n\t\t\t<\/picture>\n\t\t<\/a>\n\t<\/p>\n\n\n<p>&#8220;Esta evolu\u00e7\u00e3o tem como origens principais: a maior margem financeira, as menores despesas com PDD (expandida), as maiores receitas de presta\u00e7\u00e3o de servi\u00e7os e a contribui\u00e7\u00e3o de nossas opera\u00e7\u00f5es de seguros, previd\u00eancia e capitaliza\u00e7\u00e3o&#8221;, informou o <strong>Bradesco<\/strong>.<\/p>\n","protected":false},"excerpt":{"rendered":"<p>O banco Bradesco anunciou que o Programa de Desligamento Volunt\u00e1rio (PVD) iniciar\u00e1 na pr\u00f3xima segunda-feira (2) e terminar\u00e1 dia 16 de outubro. O comunicado foi divulgado ao mercado na \u00faltima quinta-feira (29). Programa de Desligamento Volunt\u00e1rio do Bradesco inicia na pr\u00f3xima segunda-feira &#8220;O objetivo do PDV \u00e9 no fundo a adequa\u00e7\u00e3o do quadro do banco [&hellip;]<\/p>\n","protected":false},"author":15,"featured_media":23373,"comment_status":"closed","ping_status":"closed","sticky":false,"template":"","format":"standard","meta":[],"categories":[64],"tags":[392,2059],"suno_strategy":[],"class_list":["post-35878","post","type-post","status-publish","format-standard","has-post-thumbnail","hentry","category-negocios","tag-bradesco-bbdc3-bbdc4","tag-programa-de-demissao-voluntaria-pdv"],"yoast_head":"<!-- This site is optimized with the Yoast SEO plugin v24.4 - https:\/\/yoast.com\/wordpress\/plugins\/seo\/ -->\n<title>Programa de Desligamento Volunt\u00e1rio do Bradesco inicia na segunda-feira<\/title>\n<meta name=\"description\" content=\"Bradesco anunciou que o Programa de Desligamento Volunt\u00e1rio (PVD) iniciar\u00e1 na pr\u00f3xima segunda (2) e terminar\u00e1 dia 16 de outubro. Clique aqui\" \/>\n<meta name=\"robots\" content=\"index, follow, max-snippet:-1, max-image-preview:large, max-video-preview:-1\" \/>\n<link rel=\"canonical\" href=\"https:\/\/www.suno.com.br\/noticias\/bradesco-demissao-voluntaria-programa-delisgamento\/\" \/>\n<meta property=\"og:locale\" content=\"pt_BR\" \/>\n<meta property=\"og:type\" content=\"article\" \/>\n<meta property=\"og:title\" content=\"Programa de Desligamento Volunt\u00e1rio do Bradesco inicia na segunda-feira\" \/>\n<meta property=\"og:description\" content=\"Bradesco anunciou que o Programa de Desligamento Volunt\u00e1rio (PVD) iniciar\u00e1 na pr\u00f3xima segunda (2) e terminar\u00e1 dia 16 de outubro. Clique aqui\" \/>\n<meta property=\"og:url\" content=\"https:\/\/www.suno.com.br\/noticias\/bradesco-demissao-voluntaria-programa-delisgamento\/\" \/>\n<meta property=\"og:site_name\" content=\"Suno Not\u00edcias\" \/>\n<meta property=\"article:publisher\" content=\"https:\/\/facebook.com\/sunoresearch\" \/>\n<meta property=\"og:image\" content=\"https:\/\/files.sunoresearch.com.br\/n\/uploads\/2019\/05\/Bradesco.jpg\" \/>\n\t<meta property=\"og:image:width\" content=\"800\" \/>\n\t<meta property=\"og:image:height\" content=\"463\" \/>\n\t<meta property=\"og:image:type\" content=\"image\/jpeg\" \/>\n<meta name=\"author\" content=\"Poliana Santos\" \/>\n<meta name=\"twitter:card\" content=\"summary_large_image\" \/>\n<meta name=\"twitter:creator\" content=\"@sunoresearch\" \/>\n<meta name=\"twitter:site\" content=\"@sunoresearch\" \/>\n<meta name=\"twitter:label1\" content=\"Escrito por\" \/>\n\t<meta name=\"twitter:data1\" content=\"Poliana Santos\" \/>\n\t<meta name=\"twitter:label2\" content=\"Est. tempo de leitura\" \/>\n\t<meta name=\"twitter:data2\" content=\"2 minutos\" \/>\n<script type=\"application\/ld+json\" class=\"yoast-schema-graph\">{\"@context\":\"https:\/\/schema.org\",\"@graph\":[{\"@type\":\"NewsArticle\",\"@id\":\"https:\/\/www.suno.com.br\/noticias\/bradesco-demissao-voluntaria-programa-delisgamento\/#article\",\"isPartOf\":{\"@id\":\"https:\/\/www.suno.com.br\/noticias\/bradesco-demissao-voluntaria-programa-delisgamento\/\"},\"author\":{\"name\":\"Poliana Santos\",\"@id\":\"https:\/\/www.suno.com.br\/noticias\/#\/schema\/person\/02ec1f752758247878a2bf4abee1aeda\"},\"headline\":\"Programa de Desligamento Volunt\u00e1rio do Bradesco inicia na pr\u00f3xima segunda-feira\",\"datePublished\":\"2019-08-30T11:20:23+00:00\",\"dateModified\":\"2021-02-17T22:05:56+00:00\",\"mainEntityOfPage\":{\"@id\":\"https:\/\/www.suno.com.br\/noticias\/bradesco-demissao-voluntaria-programa-delisgamento\/\"},\"wordCount\":485,\"publisher\":{\"@id\":\"https:\/\/www.suno.com.br\/noticias\/#organization\"},\"image\":{\"@id\":\"https:\/\/www.suno.com.br\/noticias\/bradesco-demissao-voluntaria-programa-delisgamento\/#primaryimage\"},\"thumbnailUrl\":\"https:\/\/files.sunoresearch.com.br\/n\/uploads\/2019\/05\/Bradesco-jpg.webp\",\"keywords\":[\"Bradesco (BBDC3\/BBDC4)\",\"Programa de demiss\u00e3o volunt\u00e1ria (PDV)\"],\"articleSection\":[\"Neg\u00f3cios\"],\"inLanguage\":\"pt-BR\"},{\"@type\":\"WebPage\",\"@id\":\"https:\/\/www.suno.com.br\/noticias\/bradesco-demissao-voluntaria-programa-delisgamento\/\",\"url\":\"https:\/\/www.suno.com.br\/noticias\/bradesco-demissao-voluntaria-programa-delisgamento\/\",\"name\":\"Programa de Desligamento Volunt\u00e1rio do Bradesco inicia na segunda-feira\",\"isPartOf\":{\"@id\":\"https:\/\/www.suno.com.br\/noticias\/#website\"},\"primaryImageOfPage\":{\"@id\":\"https:\/\/www.suno.com.br\/noticias\/bradesco-demissao-voluntaria-programa-delisgamento\/#primaryimage\"},\"image\":{\"@id\":\"https:\/\/www.suno.com.br\/noticias\/bradesco-demissao-voluntaria-programa-delisgamento\/#primaryimage\"},\"thumbnailUrl\":\"https:\/\/files.sunoresearch.com.br\/n\/uploads\/2019\/05\/Bradesco-jpg.webp\",\"datePublished\":\"2019-08-30T11:20:23+00:00\",\"dateModified\":\"2021-02-17T22:05:56+00:00\",\"description\":\"Bradesco anunciou que o Programa de Desligamento Volunt\u00e1rio (PVD) iniciar\u00e1 na pr\u00f3xima segunda (2) e terminar\u00e1 dia 16 de outubro. Clique aqui\",\"breadcrumb\":{\"@id\":\"https:\/\/www.suno.com.br\/noticias\/bradesco-demissao-voluntaria-programa-delisgamento\/#breadcrumb\"},\"inLanguage\":\"pt-BR\",\"potentialAction\":[{\"@type\":\"ReadAction\",\"target\":[\"https:\/\/www.suno.com.br\/noticias\/bradesco-demissao-voluntaria-programa-delisgamento\/\"]}]},{\"@type\":\"ImageObject\",\"inLanguage\":\"pt-BR\",\"@id\":\"https:\/\/www.suno.com.br\/noticias\/bradesco-demissao-voluntaria-programa-delisgamento\/#primaryimage\",\"url\":\"https:\/\/files.sunoresearch.com.br\/n\/uploads\/2019\/05\/Bradesco-jpg.webp\",\"contentUrl\":\"https:\/\/files.sunoresearch.com.br\/n\/uploads\/2019\/05\/Bradesco-jpg.webp\",\"width\":800,\"height\":463,\"caption\":\"Programa de Desligamento Volunt\u00e1rio do Bradesco inicia na pr\u00f3xima segunda-feira\"},{\"@type\":\"BreadcrumbList\",\"@id\":\"https:\/\/www.suno.com.br\/noticias\/bradesco-demissao-voluntaria-programa-delisgamento\/#breadcrumb\",\"itemListElement\":[{\"@type\":\"ListItem\",\"position\":1,\"name\":\"Not\u00edcias\",\"item\":\"https:\/\/www.suno.com.br\/noticias\/\"},{\"@type\":\"ListItem\",\"position\":2,\"name\":\"Neg\u00f3cios\",\"item\":\"https:\/\/www.suno.com.br\/noticias\/negocios\/\"},{\"@type\":\"ListItem\",\"position\":3,\"name\":\"Programa de Desligamento Volunt\u00e1rio do Bradesco inicia na pr\u00f3xima segunda-feira\"}]},{\"@type\":\"WebSite\",\"@id\":\"https:\/\/www.suno.com.br\/noticias\/#website\",\"url\":\"https:\/\/www.suno.com.br\/noticias\/\",\"name\":\"Suno Not\u00edcias\",\"description\":\"Seu portal de informa\u00e7\u00e3o sobre o mundo dos investimentos\",\"publisher\":{\"@id\":\"https:\/\/www.suno.com.br\/noticias\/#organization\"},\"potentialAction\":[{\"@type\":\"SearchAction\",\"target\":{\"@type\":\"EntryPoint\",\"urlTemplate\":\"https:\/\/www.suno.com.br\/noticias\/?s={search_term_string}\"},\"query-input\":{\"@type\":\"PropertyValueSpecification\",\"valueRequired\":true,\"valueName\":\"search_term_string\"}}],\"inLanguage\":\"pt-BR\"},{\"@type\":\"Organization\",\"@id\":\"https:\/\/www.suno.com.br\/noticias\/#organization\",\"name\":\"Suno Not\u00edcias\",\"url\":\"https:\/\/www.suno.com.br\/noticias\/\",\"logo\":{\"@type\":\"ImageObject\",\"inLanguage\":\"pt-BR\",\"@id\":\"https:\/\/www.suno.com.br\/noticias\/#\/schema\/logo\/image\/\",\"url\":\"https:\/\/files.sunoresearch.com.br\/n\/uploads\/2021\/09\/suno-logo.png\",\"contentUrl\":\"https:\/\/files.sunoresearch.com.br\/n\/uploads\/2021\/09\/suno-logo.png\",\"width\":180,\"height\":180,\"caption\":\"Suno Not\u00edcias\"},\"image\":{\"@id\":\"https:\/\/www.suno.com.br\/noticias\/#\/schema\/logo\/image\/\"},\"sameAs\":[\"https:\/\/facebook.com\/sunoresearch\",\"https:\/\/x.com\/sunoresearch\",\"https:\/\/www.instagram.com\/suno\",\"https:\/\/www.linkedin.com\/company\/suno-research\/\",\"https:\/\/www.youtube.com\/c\/sunoresearch\"]},{\"@type\":\"Person\",\"@id\":\"https:\/\/www.suno.com.br\/noticias\/#\/schema\/person\/02ec1f752758247878a2bf4abee1aeda\",\"name\":\"Poliana Santos\",\"image\":{\"@type\":\"ImageObject\",\"inLanguage\":\"pt-BR\",\"@id\":\"https:\/\/www.suno.com.br\/noticias\/#\/schema\/person\/image\/\",\"url\":\"https:\/\/secure.gravatar.com\/avatar\/0645bd32f23d87b2130f2b2dff1d3f8d?s=96&r=g\",\"contentUrl\":\"https:\/\/secure.gravatar.com\/avatar\/0645bd32f23d87b2130f2b2dff1d3f8d?s=96&r=g\",\"caption\":\"Poliana Santos\"},\"description\":\"Rep\u00f3rter no Suno Not\u00edcias, com cobertura em mercado financeiro, economia, finan\u00e7as pessoais, renda fixa e varejo. Jornalista formada pela Faculdade C\u00e1sper L\u00edbero e possui passagem na R\u00e1dio Gazeta AM com a produ\u00e7\u00e3o de conte\u00fado sobre economia, pol\u00edtica, sa\u00fade, moda e m\u00fasica. Possui certificado de conclus\u00e3o do curso de An\u00e1lise de Balan\u00e7os pela Funda\u00e7\u00e3o Bradesco, Agenda Brasil pela FAAP, Educa\u00e7\u00e3o Pol\u00edtica por Alexandre Garcia e do Tesouro Direto e Mercado de A\u00e7\u00f5es pela B3.\",\"url\":\"https:\/\/www.suno.com.br\/noticias\/author\/poliana-santos\/\"}]}<\/script>\n<!-- \/ Yoast SEO plugin. -->","yoast_head_json":{"title":"Programa de Desligamento Volunt\u00e1rio do Bradesco inicia na segunda-feira","description":"Bradesco anunciou que o Programa de Desligamento Volunt\u00e1rio (PVD) iniciar\u00e1 na pr\u00f3xima segunda (2) e terminar\u00e1 dia 16 de outubro. Clique aqui","robots":{"index":"index","follow":"follow","max-snippet":"max-snippet:-1","max-image-preview":"max-image-preview:large","max-video-preview":"max-video-preview:-1"},"canonical":"https:\/\/www.suno.com.br\/noticias\/bradesco-demissao-voluntaria-programa-delisgamento\/","og_locale":"pt_BR","og_type":"article","og_title":"Programa de Desligamento Volunt\u00e1rio do Bradesco inicia na segunda-feira","og_description":"Bradesco anunciou que o Programa de Desligamento Volunt\u00e1rio (PVD) iniciar\u00e1 na pr\u00f3xima segunda (2) e terminar\u00e1 dia 16 de outubro. Clique aqui","og_url":"https:\/\/www.suno.com.br\/noticias\/bradesco-demissao-voluntaria-programa-delisgamento\/","og_site_name":"Suno Not\u00edcias","article_publisher":"https:\/\/facebook.com\/sunoresearch","og_image":[{"width":800,"height":463,"url":"https:\/\/files.sunoresearch.com.br\/n\/uploads\/2019\/05\/Bradesco.jpg","type":"image\/jpeg"}],"author":"Poliana Santos","twitter_card":"summary_large_image","twitter_creator":"@sunoresearch","twitter_site":"@sunoresearch","twitter_misc":{"Escrito por":"Poliana Santos","Est. tempo de leitura":"2 minutos"},"schema":{"@context":"https:\/\/schema.org","@graph":[{"@type":"NewsArticle","@id":"https:\/\/www.suno.com.br\/noticias\/bradesco-demissao-voluntaria-programa-delisgamento\/#article","isPartOf":{"@id":"https:\/\/www.suno.com.br\/noticias\/bradesco-demissao-voluntaria-programa-delisgamento\/"},"author":{"name":"Poliana Santos","@id":"https:\/\/www.suno.com.br\/noticias\/#\/schema\/person\/02ec1f752758247878a2bf4abee1aeda"},"headline":"Programa de Desligamento Volunt\u00e1rio do Bradesco inicia na pr\u00f3xima segunda-feira","datePublished":"2019-08-30T11:20:23+00:00","dateModified":"2021-02-17T22:05:56+00:00","mainEntityOfPage":{"@id":"https:\/\/www.suno.com.br\/noticias\/bradesco-demissao-voluntaria-programa-delisgamento\/"},"wordCount":485,"publisher":{"@id":"https:\/\/www.suno.com.br\/noticias\/#organization"},"image":{"@id":"https:\/\/www.suno.com.br\/noticias\/bradesco-demissao-voluntaria-programa-delisgamento\/#primaryimage"},"thumbnailUrl":"https:\/\/files.sunoresearch.com.br\/n\/uploads\/2019\/05\/Bradesco-jpg.webp","keywords":["Bradesco (BBDC3\/BBDC4)","Programa de demiss\u00e3o volunt\u00e1ria (PDV)"],"articleSection":["Neg\u00f3cios"],"inLanguage":"pt-BR"},{"@type":"WebPage","@id":"https:\/\/www.suno.com.br\/noticias\/bradesco-demissao-voluntaria-programa-delisgamento\/","url":"https:\/\/www.suno.com.br\/noticias\/bradesco-demissao-voluntaria-programa-delisgamento\/","name":"Programa de Desligamento Volunt\u00e1rio do Bradesco inicia na segunda-feira","isPartOf":{"@id":"https:\/\/www.suno.com.br\/noticias\/#website"},"primaryImageOfPage":{"@id":"https:\/\/www.suno.com.br\/noticias\/bradesco-demissao-voluntaria-programa-delisgamento\/#primaryimage"},"image":{"@id":"https:\/\/www.suno.com.br\/noticias\/bradesco-demissao-voluntaria-programa-delisgamento\/#primaryimage"},"thumbnailUrl":"https:\/\/files.sunoresearch.com.br\/n\/uploads\/2019\/05\/Bradesco-jpg.webp","datePublished":"2019-08-30T11:20:23+00:00","dateModified":"2021-02-17T22:05:56+00:00","description":"Bradesco anunciou que o Programa de Desligamento Volunt\u00e1rio (PVD) iniciar\u00e1 na pr\u00f3xima segunda (2) e terminar\u00e1 dia 16 de outubro. Clique aqui","breadcrumb":{"@id":"https:\/\/www.suno.com.br\/noticias\/bradesco-demissao-voluntaria-programa-delisgamento\/#breadcrumb"},"inLanguage":"pt-BR","potentialAction":[{"@type":"ReadAction","target":["https:\/\/www.suno.com.br\/noticias\/bradesco-demissao-voluntaria-programa-delisgamento\/"]}]},{"@type":"ImageObject","inLanguage":"pt-BR","@id":"https:\/\/www.suno.com.br\/noticias\/bradesco-demissao-voluntaria-programa-delisgamento\/#primaryimage","url":"https:\/\/files.sunoresearch.com.br\/n\/uploads\/2019\/05\/Bradesco-jpg.webp","contentUrl":"https:\/\/files.sunoresearch.com.br\/n\/uploads\/2019\/05\/Bradesco-jpg.webp","width":800,"height":463,"caption":"Programa de Desligamento Volunt\u00e1rio do Bradesco inicia na pr\u00f3xima segunda-feira"},{"@type":"BreadcrumbList","@id":"https:\/\/www.suno.com.br\/noticias\/bradesco-demissao-voluntaria-programa-delisgamento\/#breadcrumb","itemListElement":[{"@type":"ListItem","position":1,"name":"Not\u00edcias","item":"https:\/\/www.suno.com.br\/noticias\/"},{"@type":"ListItem","position":2,"name":"Neg\u00f3cios","item":"https:\/\/www.suno.com.br\/noticias\/negocios\/"},{"@type":"ListItem","position":3,"name":"Programa de Desligamento Volunt\u00e1rio do Bradesco inicia na pr\u00f3xima segunda-feira"}]},{"@type":"WebSite","@id":"https:\/\/www.suno.com.br\/noticias\/#website","url":"https:\/\/www.suno.com.br\/noticias\/","name":"Suno Not\u00edcias","description":"Seu portal de informa\u00e7\u00e3o sobre o mundo dos investimentos","publisher":{"@id":"https:\/\/www.suno.com.br\/noticias\/#organization"},"potentialAction":[{"@type":"SearchAction","target":{"@type":"EntryPoint","urlTemplate":"https:\/\/www.suno.com.br\/noticias\/?s={search_term_string}"},"query-input":{"@type":"PropertyValueSpecification","valueRequired":true,"valueName":"search_term_string"}}],"inLanguage":"pt-BR"},{"@type":"Organization","@id":"https:\/\/www.suno.com.br\/noticias\/#organization","name":"Suno Not\u00edcias","url":"https:\/\/www.suno.com.br\/noticias\/","logo":{"@type":"ImageObject","inLanguage":"pt-BR","@id":"https:\/\/www.suno.com.br\/noticias\/#\/schema\/logo\/image\/","url":"https:\/\/files.sunoresearch.com.br\/n\/uploads\/2021\/09\/suno-logo.png","contentUrl":"https:\/\/files.sunoresearch.com.br\/n\/uploads\/2021\/09\/suno-logo.png","width":180,"height":180,"caption":"Suno Not\u00edcias"},"image":{"@id":"https:\/\/www.suno.com.br\/noticias\/#\/schema\/logo\/image\/"},"sameAs":["https:\/\/facebook.com\/sunoresearch","https:\/\/x.com\/sunoresearch","https:\/\/www.instagram.com\/suno","https:\/\/www.linkedin.com\/company\/suno-research\/","https:\/\/www.youtube.com\/c\/sunoresearch"]},{"@type":"Person","@id":"https:\/\/www.suno.com.br\/noticias\/#\/schema\/person\/02ec1f752758247878a2bf4abee1aeda","name":"Poliana Santos","image":{"@type":"ImageObject","inLanguage":"pt-BR","@id":"https:\/\/www.suno.com.br\/noticias\/#\/schema\/person\/image\/","url":"https:\/\/secure.gravatar.com\/avatar\/0645bd32f23d87b2130f2b2dff1d3f8d?s=96&r=g","contentUrl":"https:\/\/secure.gravatar.com\/avatar\/0645bd32f23d87b2130f2b2dff1d3f8d?s=96&r=g","caption":"Poliana Santos"},"description":"Rep\u00f3rter no Suno Not\u00edcias, com cobertura em mercado financeiro, economia, finan\u00e7as pessoais, renda fixa e varejo. Jornalista formada pela Faculdade C\u00e1sper L\u00edbero e possui passagem na R\u00e1dio Gazeta AM com a produ\u00e7\u00e3o de conte\u00fado sobre economia, pol\u00edtica, sa\u00fade, moda e m\u00fasica. Possui certificado de conclus\u00e3o do curso de An\u00e1lise de Balan\u00e7os pela Funda\u00e7\u00e3o Bradesco, Agenda Brasil pela FAAP, Educa\u00e7\u00e3o Pol\u00edtica por Alexandre Garcia e do Tesouro Direto e Mercado de A\u00e7\u00f5es pela B3.","url":"https:\/\/www.suno.com.br\/noticias\/author\/poliana-santos\/"}]}},"default_loop_html":"<div class=\"cardsPage__listCard__boxs\"><div class=\"cardsPage__listCard__boxs__img\"><a href=\"https:\/\/www.suno.com.br\/noticias\/bradesco-demissao-voluntaria-programa-delisgamento\/\"><img class=\"mask\" src=\"https:\/\/www.suno.com.br\/noticias\/wp-content\/themes\/suno\/resources\/images\/spotlight\/spotlight1img\/bg-mask.png\" alt=\"Image Mask\"\/><img src=\"https:\/\/files.sunoresearch.com.br\/n\/uploads\/2019\/05\/Bradesco-400x200.webp\" alt=\"Programa de Desligamento Volunt\u00e1rio do Bradesco inicia na pr\u00f3xima segunda-feira\"\/><\/a><span class=\"spotlightCategory\"><a href=\"https:\/\/www.suno.com.br\/noticias\/negocios\/\">Neg\u00f3cios<\/a><\/span><\/div><div class=\"cardsPage__listCard__boxs__content\"><a href=\"https:\/\/www.suno.com.br\/noticias\/bradesco-demissao-voluntaria-programa-delisgamento\/\"><h2 class=\"content__title\">Programa de Desligamento Volunt\u00e1rio do Bradesco inicia na pr\u00f3xima segunda-feira<\/h2><\/a><div class=\"newsContent__article__meta\"><div class=\"newsContent__article__meta__authorBox\"><a href=\"https:\/\/www.suno.com.br\/noticias\/author\/poliana-santos\/\" class=\"authorBox__avatar noMobi\"><img src=\"https:\/\/files.sunoresearch.com.br\/n\/uploads\/2020\/08\/7ef34026-whatsapp-image-2020-08-03-at-12.37.57-150x150.webp\" alt=\"Poliana Santos\"><\/a><div class=\"authorBox__name\"><span>por\n\t\t\t<a href=\"https:\/\/www.suno.com.br\/noticias\/author\/poliana-santos\/\"><span itemprop=\"author\">Poliana Santos<\/span><\/a><\/span><time datetime=\"2019-08-30T08:20:23-03:00\" itemprop=\"datePublished\">30\/08\/2019 08:20<\/time><\/div><\/div><\/div><\/div><\/div>","single_layout":"posts","amp_enabled":true,"_links":{"self":[{"href":"https:\/\/www.suno.com.br\/noticias\/wp-json\/wp\/v2\/posts\/35878"}],"collection":[{"href":"https:\/\/www.suno.com.br\/noticias\/wp-json\/wp\/v2\/posts"}],"about":[{"href":"https:\/\/www.suno.com.br\/noticias\/wp-json\/wp\/v2\/types\/post"}],"author":[{"embeddable":true,"href":"https:\/\/www.suno.com.br\/noticias\/wp-json\/wp\/v2\/users\/15"}],"replies":[{"embeddable":true,"href":"https:\/\/www.suno.com.br\/noticias\/wp-json\/wp\/v2\/comments?post=35878"}],"version-history":[{"count":0,"href":"https:\/\/www.suno.com.br\/noticias\/wp-json\/wp\/v2\/posts\/35878\/revisions"}],"wp:featuredmedia":[{"embeddable":true,"href":"https:\/\/www.suno.com.br\/noticias\/wp-json\/wp\/v2\/media\/23373"}],"wp:attachment":[{"href":"https:\/\/www.suno.com.br\/noticias\/wp-json\/wp\/v2\/media?parent=35878"}],"wp:term":[{"taxonomy":"category","embeddable":true,"href":"https:\/\/www.suno.com.br\/noticias\/wp-json\/wp\/v2\/categories?post=35878"},{"taxonomy":"post_tag","embeddable":true,"href":"https:\/\/www.suno.com.br\/noticias\/wp-json\/wp\/v2\/tags?post=35878"},{"taxonomy":"suno_strategy","embeddable":true,"href":"https:\/\/www.suno.com.br\/noticias\/wp-json\/wp\/v2\/suno_strategy?post=35878"}],"curies":[{"name":"wp","href":"https:\/\/api.w.org\/{rel}","templated":true}]}}