{"id":35872,"date":"2019-08-29T20:28:10","date_gmt":"2019-08-29T23:28:10","guid":{"rendered":"https:\/\/www.suno.com.br\/noticias\/?p=35872"},"modified":"2019-08-30T16:46:40","modified_gmt":"2019-08-30T19:46:40","slug":"sp-rebaixa-rating-argentina-default","status":"publish","type":"post","link":"https:\/\/www.suno.com.br\/noticias\/sp-rebaixa-rating-argentina-default\/","title":{"rendered":"S&#038;P rebaixa rating da Argentina para default seletivo"},"content":{"rendered":"<p>A ag\u00eancia de classifica\u00e7\u00e3o de risco <strong>Standard &amp; Poor&#8217;s<\/strong> rebaixou nesta quinta-feira (29) o rating da Argentina. A nota sobre a d\u00edvida soberana do pa\u00eds vizinho passou de B- para SD (default seletivo).<\/p>\t<div class=\"wrapper-featured-image\">\n\t\t<figure class=\"spotlightImg\">\n\n\t\t\t<picture>\n\t\t\t\t<source media=\"(max-width: 768px)\" srcset=\"https:\/\/files.sunoresearch.com.br\/n\/uploads\/2019\/08\/7b1f5034-argentina-400x200.webp\">\n\t\t\t\t<img loading=\"lazy\" decoding=\"async\" class=\"newsContent__article__imgCapa lazyloadDisabled newsContent__article__imgCapa--noCaption\" src=\"https:\/\/files.sunoresearch.com.br\/n\/uploads\/2019\/08\/7b1f5034-argentina-800x450.webp\" width=\"800\" height=\"450\" alt=\"S&#038;P rebaixa rating da Argentina para default seletivo\" fetchpriority=high \/>\n\t\t\t<\/picture>\n\n\t\t\t<figcaption class=\"wp-caption-text wp-caption-text--hide\">A Argentina informou que reestruturou mais de US$ 40 bilh\u00f5es em d\u00edvida emitida sob a legisla\u00e7\u00e3o local<\/figcaption>\n\t\t<\/figure>\n\t<\/div>\n\n\n\n<p>Na \u00faltima quarta-feira (28), o presidente da <strong>Argentina, Mauricio Macri,<\/strong> decretou <a href=\"https:\/\/www.suno.com.br\/artigos\/moratoria\/\">morat\u00f3ria<\/a> da d\u00edvida junto ao <a href=\"https:\/\/www.suno.com.br\/artigos\/fmi\/\"><strong>Fundo Monet\u00e1rio Internacional<\/strong> <\/a><strong><a href=\"https:\/\/www.suno.com.br\/artigos\/fmi\/\">(FMI<\/a>)<\/strong>. O montante de US$ 56 bilh\u00f5es deveria inciar a ser devolvido do final de 2019 at\u00e9 2021.<\/p>\n<p><a href=\"https:\/\/www.suno.com.br\/noticias\/argentina-requisita-moratoria-vencimentos-divida-fmi\/\">Confira Tamb\u00e9m: Pacote de 4 medidas para a extens\u00e3o da d\u00edvida da Argentina<\/a><\/p>\n<p>Segundo o ministro da Fazenda de Buenos Aires, <strong>Hern\u00e1n Lacunza,<\/strong> a &#8220;<strong><a href=\"https:\/\/www.suno.com.br\/artigos\/crise-argentina\/\">Argentina<\/a><\/strong> prop\u00f4s [ao FMI] iniciar o di\u00e1logo para reperfilar os vencimentos da d\u00edvida&#8221;.<\/p>\n<h2>Objetivo de aliviar press\u00e3o sobre reservas<\/h2>\n<p>De acordo com Lacunza, a revis\u00e3o do pagamento da d\u00edvida junto ao <strong>FMI<\/strong> tem como objetivo aliviar as press\u00e3o sobre as reservas internacionais e &#8220;preservar&#8221; a moeda argentina.<\/p>\n\t<p>\n\t\t<a href=\"https:\/\/lp2.suno.com.br\/onde-investir-2026?utm_campaign=_SNC094D2575_rs.ein26&#038;utm_source=suno.com.br&#038;utm_medium=banner.noticias\" target=\"_blank\" data-element=\"shortcode-suno-banner\" title=\"Banner SUNO, clique e saiba mais\">\n\t\t\t<picture>\n\t\t\t\t<source media=\"(max-width: 500px)\" srcset=\"https:\/\/files.sunoresearch.com.br\/n\/uploads\/2026\/01\/Banner-Materias-01-Mbl_-400x300-1-png.webp\">\n\t\t\t\t<img class=\"newsContent__article__imgCapa newsContent__article__imgCapa--banner\"\n\t\t\t\t\tsrc=\"https:\/\/files.sunoresearch.com.br\/n\/uploads\/2026\/01\/Banner-Materias-01-Dkp_-1420x240-1-png.webp\"\n\t\t\t\t\tdata-promo-id=\"638391\"\t\t\t\t\t\t\t\t\t\twidth='1420' height='240'\t\t\t\t\talt=\"https:\/\/files.sunoresearch.com.br\/n\/uploads\/2026\/01\/Banner-Materias-01-Dkp_-1420x240-1-png.webp\"\n\t\t\t\t>\n\t\t\t<\/picture>\n\t\t<\/a>\n\t<\/p>\n\n\n<p>Desde o come\u00e7o do ano o pa\u00eds vizinho passa por fortes turbul\u00eancias financeiras. O peso se depreciou mais de 20% e o \u00edndice de risco pa\u00eds subiu mais que 2.000 pontos. Uma trajet\u00f3ria que piorou ap\u00f3s a derrota de <strong>Macri<\/strong> para o candidato de centro-esquerda Alberto Fern\u00e1ndez nas elei\u00e7\u00f5es prim\u00e1rias no dia 11 de agosto.<\/p>\n<p><a href=\"\/\/www.suno.com.br\/noticias\/argentina-moratoria-dolar-reserva\/\">Confira tamb\u00e9m: Economistas analisam que Argentina poder\u00e1 zerar reservas de d\u00f3lares<\/a><\/p>\n<p>Nesta quinta-feira (28) o peso argentino chegou a registrar queda de 3% no c\u00e2mbio com o d\u00f3lar. Al\u00e9m disso, o risco-pa\u00eds avan\u00e7ou para o patamar mais alto desde 2005, chegando a 2.037 pontos. O principal \u00edndice da Bolsa de Valores de <strong>Buenos Aires,<\/strong> o Merval, caiu 5,79%, fechando em 23.984,83 pontos.<\/p>\n<h2>Fuga de capitais da Argentina<\/h2>\n<p>Mesmo com a morat\u00f3ria, muitos economistas e analistas iniciam a prever que o pa\u00eds possa ficar sem reservas de d\u00f3lares muito em breve. A demanda interna da moeda norte-americana<strong>\u00a0<\/strong>dever\u00e1 aumentar nos pr\u00f3ximos meses devido \u00e0s incertezas pol\u00edticas e monet\u00e1rias.<\/p>\n\t<p>\n\t\t<a href=\"https:\/\/lp.suno.com.br\/ebook-como-analisar-uma-acao\/\" target=\"_blank\" data-element=\"shortcode-suno-banner\" title=\"Banner SUNO, clique e saiba mais\">\n\t\t\t<picture>\n\t\t\t\t<source media=\"(max-width: 500px)\" srcset=\"https:\/\/files.sunoresearch.com.br\/n\/uploads\/2023\/12\/Ebook-Acoes-Mobile.jpg\">\n\t\t\t\t<img class=\"newsContent__article__imgCapa newsContent__article__imgCapa--banner\"\n\t\t\t\t\tsrc=\"https:\/\/files.sunoresearch.com.br\/n\/uploads\/2023\/12\/Ebook-Acoes-Mobile.jpg\"\n\t\t\t\t\tdata-promo-id=\"101750\"\t\t\t\t\t\t\t\t\t\twidth='400' height='300'\t\t\t\t\talt=\"https:\/\/files.sunoresearch.com.br\/n\/uploads\/2023\/12\/Ebook-Acoes-Mobile.jpg\"\n\t\t\t\t>\n\t\t\t<\/picture>\n\t\t<\/a>\n\t<\/p>\n\n\n<p>Dessa forma, o aumento da demanda fomentar\u00e1 ainda mais a turbul\u00eancia no <strong><a href=\"https:\/\/www.suno.com.br\/artigos\/mercado-de-cambio\/\">mercado cambial<\/a><\/strong>.\u00a0A fuga de capitais da <strong>Argentina<\/strong> chegou a US$ 13 bilh\u00f5es em 2019.<\/p>\n","protected":false},"excerpt":{"rendered":"<p>A ag\u00eancia de classifica\u00e7\u00e3o de risco Standard &amp; Poor&#8217;s rebaixou nesta quinta-feira (29) o rating da Argentina. A nota sobre a d\u00edvida soberana do pa\u00eds vizinho passou de B- para SD (default seletivo). A Argentina informou que reestruturou mais de US$ 40 bilh\u00f5es em d\u00edvida emitida sob a legisla\u00e7\u00e3o local Na \u00faltima quarta-feira (28), o [&hellip;]<\/p>\n","protected":false},"author":9,"featured_media":33758,"comment_status":"closed","ping_status":"closed","sticky":false,"template":"","format":"standard","meta":[],"categories":[63],"tags":[699,806],"suno_strategy":[],"class_list":["post-35872","post","type-post","status-publish","format-standard","has-post-thumbnail","hentry","category-internacional","tag-argentina","tag-fundo-monetario-internacional-fmi"],"yoast_head":"<!-- This site is optimized with the Yoast SEO plugin v24.4 - https:\/\/yoast.com\/wordpress\/plugins\/seo\/ -->\n<title>S&amp;P rebaixa rating da Argentina para default seletivo<\/title>\n<meta name=\"description\" content=\"A ag\u00eancia de classifica\u00e7\u00e3o de risco Standard &amp; Poor&#039;s rebaixou nesta quinta o rating da Argentina. Clique aqui para saber mais.\" \/>\n<meta name=\"robots\" content=\"index, follow, max-snippet:-1, max-image-preview:large, max-video-preview:-1\" \/>\n<link rel=\"canonical\" href=\"https:\/\/www.suno.com.br\/noticias\/sp-rebaixa-rating-argentina-default\/\" \/>\n<meta property=\"og:locale\" content=\"pt_BR\" \/>\n<meta property=\"og:type\" content=\"article\" \/>\n<meta property=\"og:title\" content=\"S&amp;P rebaixa rating da Argentina para default seletivo\" \/>\n<meta property=\"og:description\" content=\"A ag\u00eancia de classifica\u00e7\u00e3o de risco Standard &amp; Poor&#039;s rebaixou nesta quinta o rating da Argentina. Clique aqui para saber mais.\" \/>\n<meta property=\"og:url\" content=\"https:\/\/www.suno.com.br\/noticias\/sp-rebaixa-rating-argentina-default\/\" \/>\n<meta property=\"og:site_name\" content=\"Suno Not\u00edcias\" \/>\n<meta property=\"article:publisher\" content=\"https:\/\/facebook.com\/sunoresearch\" \/>\n<meta property=\"og:image\" content=\"https:\/\/files.sunoresearch.com.br\/n\/uploads\/2019\/08\/7b1f5034-argentina.jpg\" \/>\n\t<meta property=\"og:image:width\" content=\"1000\" \/>\n\t<meta property=\"og:image:height\" content=\"541\" \/>\n\t<meta property=\"og:image:type\" content=\"image\/jpeg\" \/>\n<meta name=\"author\" content=\"Carlo Cauti\" \/>\n<meta name=\"twitter:card\" content=\"summary_large_image\" \/>\n<meta name=\"twitter:creator\" content=\"@sunoresearch\" \/>\n<meta name=\"twitter:site\" content=\"@sunoresearch\" \/>\n<meta name=\"twitter:label1\" content=\"Escrito por\" \/>\n\t<meta name=\"twitter:data1\" content=\"Carlo Cauti\" \/>\n\t<meta name=\"twitter:label2\" content=\"Est. tempo de leitura\" \/>\n\t<meta name=\"twitter:data2\" content=\"2 minutos\" \/>\n<script type=\"application\/ld+json\" class=\"yoast-schema-graph\">{\"@context\":\"https:\/\/schema.org\",\"@graph\":[{\"@type\":\"NewsArticle\",\"@id\":\"https:\/\/www.suno.com.br\/noticias\/sp-rebaixa-rating-argentina-default\/#article\",\"isPartOf\":{\"@id\":\"https:\/\/www.suno.com.br\/noticias\/sp-rebaixa-rating-argentina-default\/\"},\"author\":{\"name\":\"Carlo Cauti\",\"@id\":\"https:\/\/www.suno.com.br\/noticias\/#\/schema\/person\/e6e0f723cc177805027f4566c1d5e0c8\"},\"headline\":\"S&#038;P rebaixa rating da Argentina para default seletivo\",\"datePublished\":\"2019-08-29T23:28:10+00:00\",\"dateModified\":\"2019-08-30T19:46:40+00:00\",\"mainEntityOfPage\":{\"@id\":\"https:\/\/www.suno.com.br\/noticias\/sp-rebaixa-rating-argentina-default\/\"},\"wordCount\":374,\"publisher\":{\"@id\":\"https:\/\/www.suno.com.br\/noticias\/#organization\"},\"image\":{\"@id\":\"https:\/\/www.suno.com.br\/noticias\/sp-rebaixa-rating-argentina-default\/#primaryimage\"},\"thumbnailUrl\":\"https:\/\/files.sunoresearch.com.br\/n\/uploads\/2019\/08\/7b1f5034-argentina-jpg.webp\",\"keywords\":[\"Argentina\",\"Fundo Monet\u00e1rio Internacional (FMI)\"],\"articleSection\":[\"Internacional\"],\"inLanguage\":\"pt-BR\"},{\"@type\":\"WebPage\",\"@id\":\"https:\/\/www.suno.com.br\/noticias\/sp-rebaixa-rating-argentina-default\/\",\"url\":\"https:\/\/www.suno.com.br\/noticias\/sp-rebaixa-rating-argentina-default\/\",\"name\":\"S&P rebaixa rating da Argentina para default seletivo\",\"isPartOf\":{\"@id\":\"https:\/\/www.suno.com.br\/noticias\/#website\"},\"primaryImageOfPage\":{\"@id\":\"https:\/\/www.suno.com.br\/noticias\/sp-rebaixa-rating-argentina-default\/#primaryimage\"},\"image\":{\"@id\":\"https:\/\/www.suno.com.br\/noticias\/sp-rebaixa-rating-argentina-default\/#primaryimage\"},\"thumbnailUrl\":\"https:\/\/files.sunoresearch.com.br\/n\/uploads\/2019\/08\/7b1f5034-argentina-jpg.webp\",\"datePublished\":\"2019-08-29T23:28:10+00:00\",\"dateModified\":\"2019-08-30T19:46:40+00:00\",\"description\":\"A ag\u00eancia de classifica\u00e7\u00e3o de risco Standard & Poor's rebaixou nesta quinta o rating da Argentina. Clique aqui para saber mais.\",\"breadcrumb\":{\"@id\":\"https:\/\/www.suno.com.br\/noticias\/sp-rebaixa-rating-argentina-default\/#breadcrumb\"},\"inLanguage\":\"pt-BR\",\"potentialAction\":[{\"@type\":\"ReadAction\",\"target\":[\"https:\/\/www.suno.com.br\/noticias\/sp-rebaixa-rating-argentina-default\/\"]}]},{\"@type\":\"ImageObject\",\"inLanguage\":\"pt-BR\",\"@id\":\"https:\/\/www.suno.com.br\/noticias\/sp-rebaixa-rating-argentina-default\/#primaryimage\",\"url\":\"https:\/\/files.sunoresearch.com.br\/n\/uploads\/2019\/08\/7b1f5034-argentina-jpg.webp\",\"contentUrl\":\"https:\/\/files.sunoresearch.com.br\/n\/uploads\/2019\/08\/7b1f5034-argentina-jpg.webp\",\"width\":1000,\"height\":541,\"caption\":\"A Argentina informou que reestruturou mais de US$ 40 bilh\u00f5es em d\u00edvida emitida sob a legisla\u00e7\u00e3o local\"},{\"@type\":\"BreadcrumbList\",\"@id\":\"https:\/\/www.suno.com.br\/noticias\/sp-rebaixa-rating-argentina-default\/#breadcrumb\",\"itemListElement\":[{\"@type\":\"ListItem\",\"position\":1,\"name\":\"Not\u00edcias\",\"item\":\"https:\/\/www.suno.com.br\/noticias\/\"},{\"@type\":\"ListItem\",\"position\":2,\"name\":\"Internacional\",\"item\":\"https:\/\/www.suno.com.br\/noticias\/internacional\/\"},{\"@type\":\"ListItem\",\"position\":3,\"name\":\"S&#038;P rebaixa rating da Argentina para default seletivo\"}]},{\"@type\":\"WebSite\",\"@id\":\"https:\/\/www.suno.com.br\/noticias\/#website\",\"url\":\"https:\/\/www.suno.com.br\/noticias\/\",\"name\":\"Suno Not\u00edcias\",\"description\":\"Seu portal de informa\u00e7\u00e3o sobre o mundo dos investimentos\",\"publisher\":{\"@id\":\"https:\/\/www.suno.com.br\/noticias\/#organization\"},\"potentialAction\":[{\"@type\":\"SearchAction\",\"target\":{\"@type\":\"EntryPoint\",\"urlTemplate\":\"https:\/\/www.suno.com.br\/noticias\/?s={search_term_string}\"},\"query-input\":{\"@type\":\"PropertyValueSpecification\",\"valueRequired\":true,\"valueName\":\"search_term_string\"}}],\"inLanguage\":\"pt-BR\"},{\"@type\":\"Organization\",\"@id\":\"https:\/\/www.suno.com.br\/noticias\/#organization\",\"name\":\"Suno Not\u00edcias\",\"url\":\"https:\/\/www.suno.com.br\/noticias\/\",\"logo\":{\"@type\":\"ImageObject\",\"inLanguage\":\"pt-BR\",\"@id\":\"https:\/\/www.suno.com.br\/noticias\/#\/schema\/logo\/image\/\",\"url\":\"https:\/\/files.sunoresearch.com.br\/n\/uploads\/2021\/09\/suno-logo.png\",\"contentUrl\":\"https:\/\/files.sunoresearch.com.br\/n\/uploads\/2021\/09\/suno-logo.png\",\"width\":180,\"height\":180,\"caption\":\"Suno Not\u00edcias\"},\"image\":{\"@id\":\"https:\/\/www.suno.com.br\/noticias\/#\/schema\/logo\/image\/\"},\"sameAs\":[\"https:\/\/facebook.com\/sunoresearch\",\"https:\/\/x.com\/sunoresearch\",\"https:\/\/www.instagram.com\/suno\",\"https:\/\/www.linkedin.com\/company\/suno-research\/\",\"https:\/\/www.youtube.com\/c\/sunoresearch\"]},{\"@type\":\"Person\",\"@id\":\"https:\/\/www.suno.com.br\/noticias\/#\/schema\/person\/e6e0f723cc177805027f4566c1d5e0c8\",\"name\":\"Carlo Cauti\",\"image\":{\"@type\":\"ImageObject\",\"inLanguage\":\"pt-BR\",\"@id\":\"https:\/\/www.suno.com.br\/noticias\/#\/schema\/person\/image\/\",\"url\":\"https:\/\/secure.gravatar.com\/avatar\/3ada9e0bd164c23abd4792a9606d583c?s=96&r=g\",\"contentUrl\":\"https:\/\/secure.gravatar.com\/avatar\/3ada9e0bd164c23abd4792a9606d583c?s=96&r=g\",\"caption\":\"Carlo Cauti\"},\"description\":\"Editor multim\u00eddia do SUNO Not\u00edcias. Italiano, formado em Ci\u00eancias Pol\u00edticas pela universidade LUISS G. Carli de Roma e mestre cum laude em Rela\u00e7\u00f5es Internacionais, Jornalismo Internacional e de Guerra e em Economia Internacional. Concluiu tamb\u00e9m um MBA em Finan\u00e7as na B3. No Brasil, teve passagem por ve\u00edculos como Estad\u00e3o, Globo, Veja e EXAME. e nas ag\u00eancias de not\u00edcias italianas ANSA e NOVA.\",\"url\":\"https:\/\/www.suno.com.br\/noticias\/author\/carlo-cauti\/\"}]}<\/script>\n<!-- \/ Yoast SEO plugin. -->","yoast_head_json":{"title":"S&P rebaixa rating da Argentina para default seletivo","description":"A ag\u00eancia de classifica\u00e7\u00e3o de risco Standard & Poor's rebaixou nesta quinta o rating da Argentina. Clique aqui para saber mais.","robots":{"index":"index","follow":"follow","max-snippet":"max-snippet:-1","max-image-preview":"max-image-preview:large","max-video-preview":"max-video-preview:-1"},"canonical":"https:\/\/www.suno.com.br\/noticias\/sp-rebaixa-rating-argentina-default\/","og_locale":"pt_BR","og_type":"article","og_title":"S&P rebaixa rating da Argentina para default seletivo","og_description":"A ag\u00eancia de classifica\u00e7\u00e3o de risco Standard & Poor's rebaixou nesta quinta o rating da Argentina. Clique aqui para saber mais.","og_url":"https:\/\/www.suno.com.br\/noticias\/sp-rebaixa-rating-argentina-default\/","og_site_name":"Suno Not\u00edcias","article_publisher":"https:\/\/facebook.com\/sunoresearch","og_image":[{"width":1000,"height":541,"url":"https:\/\/files.sunoresearch.com.br\/n\/uploads\/2019\/08\/7b1f5034-argentina.jpg","type":"image\/jpeg"}],"author":"Carlo Cauti","twitter_card":"summary_large_image","twitter_creator":"@sunoresearch","twitter_site":"@sunoresearch","twitter_misc":{"Escrito por":"Carlo Cauti","Est. tempo de leitura":"2 minutos"},"schema":{"@context":"https:\/\/schema.org","@graph":[{"@type":"NewsArticle","@id":"https:\/\/www.suno.com.br\/noticias\/sp-rebaixa-rating-argentina-default\/#article","isPartOf":{"@id":"https:\/\/www.suno.com.br\/noticias\/sp-rebaixa-rating-argentina-default\/"},"author":{"name":"Carlo Cauti","@id":"https:\/\/www.suno.com.br\/noticias\/#\/schema\/person\/e6e0f723cc177805027f4566c1d5e0c8"},"headline":"S&#038;P rebaixa rating da Argentina para default seletivo","datePublished":"2019-08-29T23:28:10+00:00","dateModified":"2019-08-30T19:46:40+00:00","mainEntityOfPage":{"@id":"https:\/\/www.suno.com.br\/noticias\/sp-rebaixa-rating-argentina-default\/"},"wordCount":374,"publisher":{"@id":"https:\/\/www.suno.com.br\/noticias\/#organization"},"image":{"@id":"https:\/\/www.suno.com.br\/noticias\/sp-rebaixa-rating-argentina-default\/#primaryimage"},"thumbnailUrl":"https:\/\/files.sunoresearch.com.br\/n\/uploads\/2019\/08\/7b1f5034-argentina-jpg.webp","keywords":["Argentina","Fundo Monet\u00e1rio Internacional (FMI)"],"articleSection":["Internacional"],"inLanguage":"pt-BR"},{"@type":"WebPage","@id":"https:\/\/www.suno.com.br\/noticias\/sp-rebaixa-rating-argentina-default\/","url":"https:\/\/www.suno.com.br\/noticias\/sp-rebaixa-rating-argentina-default\/","name":"S&P rebaixa rating da Argentina para default seletivo","isPartOf":{"@id":"https:\/\/www.suno.com.br\/noticias\/#website"},"primaryImageOfPage":{"@id":"https:\/\/www.suno.com.br\/noticias\/sp-rebaixa-rating-argentina-default\/#primaryimage"},"image":{"@id":"https:\/\/www.suno.com.br\/noticias\/sp-rebaixa-rating-argentina-default\/#primaryimage"},"thumbnailUrl":"https:\/\/files.sunoresearch.com.br\/n\/uploads\/2019\/08\/7b1f5034-argentina-jpg.webp","datePublished":"2019-08-29T23:28:10+00:00","dateModified":"2019-08-30T19:46:40+00:00","description":"A ag\u00eancia de classifica\u00e7\u00e3o de risco Standard & Poor's rebaixou nesta quinta o rating da Argentina. Clique aqui para saber mais.","breadcrumb":{"@id":"https:\/\/www.suno.com.br\/noticias\/sp-rebaixa-rating-argentina-default\/#breadcrumb"},"inLanguage":"pt-BR","potentialAction":[{"@type":"ReadAction","target":["https:\/\/www.suno.com.br\/noticias\/sp-rebaixa-rating-argentina-default\/"]}]},{"@type":"ImageObject","inLanguage":"pt-BR","@id":"https:\/\/www.suno.com.br\/noticias\/sp-rebaixa-rating-argentina-default\/#primaryimage","url":"https:\/\/files.sunoresearch.com.br\/n\/uploads\/2019\/08\/7b1f5034-argentina-jpg.webp","contentUrl":"https:\/\/files.sunoresearch.com.br\/n\/uploads\/2019\/08\/7b1f5034-argentina-jpg.webp","width":1000,"height":541,"caption":"A Argentina informou que reestruturou mais de US$ 40 bilh\u00f5es em d\u00edvida emitida sob a legisla\u00e7\u00e3o local"},{"@type":"BreadcrumbList","@id":"https:\/\/www.suno.com.br\/noticias\/sp-rebaixa-rating-argentina-default\/#breadcrumb","itemListElement":[{"@type":"ListItem","position":1,"name":"Not\u00edcias","item":"https:\/\/www.suno.com.br\/noticias\/"},{"@type":"ListItem","position":2,"name":"Internacional","item":"https:\/\/www.suno.com.br\/noticias\/internacional\/"},{"@type":"ListItem","position":3,"name":"S&#038;P rebaixa rating da Argentina para default seletivo"}]},{"@type":"WebSite","@id":"https:\/\/www.suno.com.br\/noticias\/#website","url":"https:\/\/www.suno.com.br\/noticias\/","name":"Suno Not\u00edcias","description":"Seu portal de informa\u00e7\u00e3o sobre o mundo dos investimentos","publisher":{"@id":"https:\/\/www.suno.com.br\/noticias\/#organization"},"potentialAction":[{"@type":"SearchAction","target":{"@type":"EntryPoint","urlTemplate":"https:\/\/www.suno.com.br\/noticias\/?s={search_term_string}"},"query-input":{"@type":"PropertyValueSpecification","valueRequired":true,"valueName":"search_term_string"}}],"inLanguage":"pt-BR"},{"@type":"Organization","@id":"https:\/\/www.suno.com.br\/noticias\/#organization","name":"Suno Not\u00edcias","url":"https:\/\/www.suno.com.br\/noticias\/","logo":{"@type":"ImageObject","inLanguage":"pt-BR","@id":"https:\/\/www.suno.com.br\/noticias\/#\/schema\/logo\/image\/","url":"https:\/\/files.sunoresearch.com.br\/n\/uploads\/2021\/09\/suno-logo.png","contentUrl":"https:\/\/files.sunoresearch.com.br\/n\/uploads\/2021\/09\/suno-logo.png","width":180,"height":180,"caption":"Suno Not\u00edcias"},"image":{"@id":"https:\/\/www.suno.com.br\/noticias\/#\/schema\/logo\/image\/"},"sameAs":["https:\/\/facebook.com\/sunoresearch","https:\/\/x.com\/sunoresearch","https:\/\/www.instagram.com\/suno","https:\/\/www.linkedin.com\/company\/suno-research\/","https:\/\/www.youtube.com\/c\/sunoresearch"]},{"@type":"Person","@id":"https:\/\/www.suno.com.br\/noticias\/#\/schema\/person\/e6e0f723cc177805027f4566c1d5e0c8","name":"Carlo Cauti","image":{"@type":"ImageObject","inLanguage":"pt-BR","@id":"https:\/\/www.suno.com.br\/noticias\/#\/schema\/person\/image\/","url":"https:\/\/secure.gravatar.com\/avatar\/3ada9e0bd164c23abd4792a9606d583c?s=96&r=g","contentUrl":"https:\/\/secure.gravatar.com\/avatar\/3ada9e0bd164c23abd4792a9606d583c?s=96&r=g","caption":"Carlo Cauti"},"description":"Editor multim\u00eddia do SUNO Not\u00edcias. Italiano, formado em Ci\u00eancias Pol\u00edticas pela universidade LUISS G. Carli de Roma e mestre cum laude em Rela\u00e7\u00f5es Internacionais, Jornalismo Internacional e de Guerra e em Economia Internacional. Concluiu tamb\u00e9m um MBA em Finan\u00e7as na B3. No Brasil, teve passagem por ve\u00edculos como Estad\u00e3o, Globo, Veja e EXAME. e nas ag\u00eancias de not\u00edcias italianas ANSA e NOVA.","url":"https:\/\/www.suno.com.br\/noticias\/author\/carlo-cauti\/"}]}},"default_loop_html":"<div class=\"cardsPage__listCard__boxs\"><div class=\"cardsPage__listCard__boxs__img\"><a href=\"https:\/\/www.suno.com.br\/noticias\/sp-rebaixa-rating-argentina-default\/\"><img class=\"mask\" src=\"https:\/\/www.suno.com.br\/noticias\/wp-content\/themes\/suno\/resources\/images\/spotlight\/spotlight1img\/bg-mask.png\" alt=\"Image Mask\"\/><img src=\"https:\/\/files.sunoresearch.com.br\/n\/uploads\/2019\/08\/7b1f5034-argentina-400x200.webp\" alt=\"S&#038;P rebaixa rating da Argentina para default seletivo\"\/><\/a><span class=\"spotlightCategory\"><a href=\"https:\/\/www.suno.com.br\/noticias\/internacional\/\">Internacional<\/a><\/span><\/div><div class=\"cardsPage__listCard__boxs__content\"><a href=\"https:\/\/www.suno.com.br\/noticias\/sp-rebaixa-rating-argentina-default\/\"><h2 class=\"content__title\">S&#038;P rebaixa rating da Argentina para default seletivo<\/h2><\/a><div class=\"newsContent__article__meta\"><div class=\"newsContent__article__meta__authorBox\"><a href=\"https:\/\/www.suno.com.br\/noticias\/author\/carlo-cauti\/\" class=\"authorBox__avatar noMobi\"><img src=\"https:\/\/files.sunoresearch.com.br\/n\/uploads\/2020\/08\/e3745f9a-perfil-carlo-cauti-150x150.webp\" alt=\"Carlo Cauti\"><\/a><div class=\"authorBox__name\"><span>por\n\t\t\t<a href=\"https:\/\/www.suno.com.br\/noticias\/author\/carlo-cauti\/\"><span itemprop=\"author\">Carlo Cauti<\/span><\/a><\/span><time datetime=\"2019-08-29T20:28:10-03:00\" itemprop=\"datePublished\">29\/08\/2019 20:28<\/time><\/div><\/div><\/div><\/div><\/div>","single_layout":"posts","amp_enabled":true,"_links":{"self":[{"href":"https:\/\/www.suno.com.br\/noticias\/wp-json\/wp\/v2\/posts\/35872"}],"collection":[{"href":"https:\/\/www.suno.com.br\/noticias\/wp-json\/wp\/v2\/posts"}],"about":[{"href":"https:\/\/www.suno.com.br\/noticias\/wp-json\/wp\/v2\/types\/post"}],"author":[{"embeddable":true,"href":"https:\/\/www.suno.com.br\/noticias\/wp-json\/wp\/v2\/users\/9"}],"replies":[{"embeddable":true,"href":"https:\/\/www.suno.com.br\/noticias\/wp-json\/wp\/v2\/comments?post=35872"}],"version-history":[{"count":0,"href":"https:\/\/www.suno.com.br\/noticias\/wp-json\/wp\/v2\/posts\/35872\/revisions"}],"wp:featuredmedia":[{"embeddable":true,"href":"https:\/\/www.suno.com.br\/noticias\/wp-json\/wp\/v2\/media\/33758"}],"wp:attachment":[{"href":"https:\/\/www.suno.com.br\/noticias\/wp-json\/wp\/v2\/media?parent=35872"}],"wp:term":[{"taxonomy":"category","embeddable":true,"href":"https:\/\/www.suno.com.br\/noticias\/wp-json\/wp\/v2\/categories?post=35872"},{"taxonomy":"post_tag","embeddable":true,"href":"https:\/\/www.suno.com.br\/noticias\/wp-json\/wp\/v2\/tags?post=35872"},{"taxonomy":"suno_strategy","embeddable":true,"href":"https:\/\/www.suno.com.br\/noticias\/wp-json\/wp\/v2\/suno_strategy?post=35872"}],"curies":[{"name":"wp","href":"https:\/\/api.w.org\/{rel}","templated":true}]}}