{"id":358029,"date":"2023-02-03T14:45:22","date_gmt":"2023-02-03T17:45:22","guid":{"rendered":"https:\/\/www.suno.com.br\/noticias\/?p=358029"},"modified":"2023-02-03T16:26:38","modified_gmt":"2023-02-03T19:26:38","slug":"light-ligt-sicupira-lemann-bolsa-acoes-fitch","status":"publish","type":"post","link":"https:\/\/www.suno.com.br\/noticias\/light-ligt-sicupira-lemann-bolsa-acoes-fitch\/","title":{"rendered":"Light (LIGT3), de s\u00f3cio de Lemann, sofre rebaixamento, cai na bolsa e sofre &#8216;efeito Americanas&#8217;"},"content":{"rendered":"<p>A <a class=\"suno-keyword\" data-force=\"yes\" data-priority=\"2\" href=\"https:\/\/www.suno.com.br\/acoes\/LIGT3\/\" target=\"_blank\" rel=\"noopener\"><strong>Light <\/strong>(LIGT3)<\/a>, cuja composi\u00e7\u00e3o societ\u00e1ria \u00e9 integrada por Carlos Alberto Sicupira, foi mais uma das empresas vinculadas a algu\u00e9m do &#8216;trio&#8217; a passar por escrut\u00ednio nesta sexta-feira (3).<\/p>\t<div class=\"wrapper-featured-image\">\n\t\t<figure class=\"spotlightImg\">\n\n\t\t\t<picture>\n\t\t\t\t<source media=\"(max-width: 768px)\" srcset=\"https:\/\/files.sunoresearch.com.br\/n\/uploads\/2023\/01\/lemann-telles-e-sicupira-400x200.jpg\">\n\t\t\t\t<img loading=\"lazy\" decoding=\"async\" class=\"newsContent__article__imgCapa lazyloadDisabled \" src=\"https:\/\/files.sunoresearch.com.br\/n\/uploads\/2023\/01\/lemann-telles-e-sicupira-800x450.jpg\" width=\"800\" height=\"450\" alt=\"Light (LIGT3), de s\u00f3cio de Lemann, sofre rebaixamento, cai na bolsa e sofre &#8216;efeito Americanas&#8217;\" fetchpriority=high \/>\n\t\t\t<\/picture>\n\n\t\t\t<figcaption class=\"wp-caption-text wp-caption-text--show\">Americanas (AMER3): Lemann, Telles e Sicupira. Foto: Divulga\u00e7\u00e3o<\/figcaption>\n\t\t<\/figure>\n\t<\/div>\n\n\n\n\n\n\t<p>\n\t\t<a href=\"\" target=\"_blank\" data-element=\"shortcode-suno-banner\" title=\"Banner SUNO, clique e saiba mais\">\n\t\t\t<picture>\n\t\t\t\t<source media=\"(max-width: 500px)\" srcset=\"\">\n\t\t\t\t<img class=\"newsContent__article__imgCapa newsContent__article__imgCapa--banner\"\n\t\t\t\t\tsrc=\"\"\n\t\t\t\t\tdata-promo-id=\"138420\"\t\t\t\t\t\t\t\t\t\t\t\t\t\t\talt=\"\"\n\t\t\t\t>\n\t\t\t<\/picture>\n\t\t<\/a>\n\t<\/p>\n\n\n\n\n\n<p>As <strong>a\u00e7\u00f5es da Light<\/strong> chegaram a despencar 8% em somente uma hora de preg\u00e3o, a R$ 3 por a\u00e7\u00e3o ordin\u00e1ria ap\u00f3s a Fitch, uma das maiores ag\u00eancias de risco do mundo, rebaixar drasticamente a classifica\u00e7\u00e3o da companhia. \u00c0s 16h, as a\u00e7\u00f5es ca\u00edam 1,5%, a R$ 2,42,<\/p>\n\n\n\n<p>Em suma, a ag\u00eancia viu um aumento do <strong>risco de calote<\/strong> da companhia, diminuindo seu rating referente \u00e0s Issuer Default Ratings (ou IDRs) em Moedas Local e Estrangeira.<\/p>\n\n\n\n<p>Os especialistas, ali\u00e1s, citam nominalmente a <a href=\"https:\/\/www.suno.com.br\/acoes\/amer3\/\" target=\"_blank\" rel=\"noreferrer noopener\">Americanas (AMER3)<\/a> &#8211; piv\u00f4 de um ceticismo quanto \u00e0 <a class=\"suno-keyword\" data-force=\"no\" data-priority=\"1\" href=\"https:\/\/www.suno.com.br\/artigos\/saude-financeira\/\" target=\"_blank\" rel=\"noopener\">sa\u00fade financeira<\/a> de outras empresas que t\u00eam como s\u00f3cios <strong>Lemann<\/strong>, <strong>Sicupira<\/strong>, ou <strong>Marcel Telles<\/strong>.<\/p>\n\n\n\n<p>&#8220;O rebaixamento reflete um <a class=\"suno-keyword\" target=\"_blank\" data-force=\"no\" data-priority=\"1\" href=\"https:\/\/www.suno.com.br\/artigos\/risco-de-credito\/\" rel=\"noopener\">risco de cr\u00e9dito<\/a> substancial para a Light no pagamento pontual de principal e juros de suas obriga\u00e7\u00f5es ap\u00f3s o an\u00fancio de que havia contratado a Laplace Finan\u00e7as com o objetivo de melhorar sua <a class=\"suno-keyword\" target=\"_blank\" data-force=\"no\" data-priority=\"1\" href=\"https:\/\/www.suno.com.br\/artigos\/indicadores-estrutura-capital\/\" rel=\"noopener\">estrutura de capital<\/a>, e a estrat\u00e9gia no mercado de cr\u00e9dito mais restritivo, devido \u00e0 inadimpl\u00eancia da Americanas&#8221;, diz a Fitch.<\/p>\n\n\n\n<p>A nova classifica\u00e7\u00e3o da Light \u00e9 de &#8220;CCC+&#8221; &#8211; antes a classifica\u00e7\u00e3o era de &#8220;BB-&#8220;. Dentro das descri\u00e7\u00f5es da Fitch sobre cada r\u00f3tulo, agora a Light tem um <a class=\"suno-keyword\" data-force=\"no\" data-priority=\"1\" href=\"https:\/\/www.suno.com.br\/artigos\/risco-de-credito\/\" target=\"_blank\" rel=\"noopener\">risco de cr\u00e9dito<\/a> que representa um &#8220;Grau Extremamente Especulativo&#8221;,  a 6\u00aa pior classifica\u00e7\u00e3o dentre 22 r\u00f3tulos poss\u00edveis.<\/p>\n\n\n\n\t<div data-element=\"shortcode-read-more\" class=\"readToo\">\n\t\t\t\t<span class=\"readToo__title\">Leia mais<\/span>\n\t\t\t\t<ul class=\"readToo__list\">\n\t\t\t<li><a href=\"https:\/\/www.suno.com.br\/noticias\/bancos-resultados-temporada-4t22-balancos-ibovespa-acoes\/\">Bancos ver\u00e3o gl\u00f3ria ou tempestade nos resultados do 4T22?<\/a><\/li><li><a href=\"https:\/\/www.suno.com.br\/noticias\/americanas-amer3-lemann-responsabilizado-entenda\/\">Lemann ser\u00e1 responsabilizado por crise na Americanas (AMER3)? Decis\u00e3o pode estar nos EUA; entenda<\/a><\/li><li><a href=\"https:\/\/www.suno.com.br\/noticias\/banco-do-brasil-bbas3-gestor-suno\/\">Banco do Brasil (BBAS3) \u00e9 um dos &#8220;protagonistas&#8221; dos fundos, diz gestor da Suno<\/a><\/li><li><a href=\"https:\/\/www.suno.com.br\/noticias\/americanas-amer3-lemann-sicupira-telles-cvm\/\">Lemann, Sicupira e Telles entram na mira da CVM ap\u00f3s esc\u00e2ndalo na Americanas (AMER3)<\/a><\/li>\t\t<\/ul>\n\t<\/div>\n\n\n\n\n<p>&#8220;Para evitar uma reestrutura\u00e7\u00e3o em meio a um cen\u00e1rio desafiador, a Light precisar\u00e1 manter o acesso a financiamentos banc\u00e1rios ou do <a class=\"suno-keyword\" data-force=\"no\" data-priority=\"1\" href=\"https:\/\/www.suno.com.br\/artigos\/mercado-de-capitais-conceito\/\" target=\"_blank\" rel=\"noopener\">mercado de capitais<\/a>. Na aus\u00eancia de financiamento adicional, a empresa precisar\u00e1 de alguma combina\u00e7\u00e3o de venda de ativos, uma oferta subsequente de a\u00e7\u00f5es ou mais clareza sobre a renova\u00e7\u00e3o da concess\u00e3o da Light Sesa, principal subsidi\u00e1ria da empresa&#8221;, diz a ag\u00eancia.<\/p>\n\n\n\n<p>&#8220;A Fitch acredita que a contrata\u00e7\u00e3o da Laplace, que assessora v\u00e1rias empresas que reestruturaram d\u00edvidas no Brasil, reduz significativamente a disposi\u00e7\u00e3o de os credores fornecerem novos financiamentos ao grupo para cobrir suas necessidades de financiamento de 2023 e 2024&#8221;, completa.<\/p>\n\n\n\t<p>\n\t\t<a href=\"https:\/\/lp.suno.com.br\/planilha-controle-gastos\/\" target=\"_blank\" data-element=\"shortcode-suno-banner\" title=\"Banner SUNO, clique e saiba mais\">\n\t\t\t<picture>\n\t\t\t\t<source media=\"(max-width: 500px)\" srcset=\"https:\/\/files.sunoresearch.com.br\/n\/uploads\/2023\/03\/400x300-Planilha-controle-de-gastos.png\">\n\t\t\t\t<img class=\"newsContent__article__imgCapa newsContent__article__imgCapa--banner\"\n\t\t\t\t\tsrc=\"https:\/\/files.sunoresearch.com.br\/n\/uploads\/2023\/03\/1420x240-Planilha-controle-de-gastos.png\"\n\t\t\t\t\tdata-promo-id=\"101751\"\t\t\t\t\t\t\t\t\t\twidth='1420' height='240'\t\t\t\t\talt=\"https:\/\/files.sunoresearch.com.br\/n\/uploads\/2023\/03\/1420x240-Planilha-controle-de-gastos.png\"\n\t\t\t\t>\n\t\t\t<\/picture>\n\t\t<\/a>\n\t<\/p>\n\n\n\n\n\n<h2 class=\"wp-block-heading\" id=\"h-situacao-atual-da-light\">Situa\u00e7\u00e3o atual da Light<\/h2>\n\n\n\n<p>A companhia, em seu \u00faltimo resultado trimestral &#8211; referente ao terceiro trimestre de 2022 -, reportou uma <a class=\"suno-keyword\" data-force=\"no\" data-priority=\"1\" href=\"https:\/\/www.suno.com.br\/artigos\/divida-liquida\/\" target=\"_blank\" rel=\"noopener\">d\u00edvida l\u00edquida<\/a> de R$ 8,7 bilh\u00f5es. No contexto cont\u00e1bil atual, isso representa cerca de tr\u00eas vezes o <a href=\"https:\/\/www.suno.com.br\/guias\/ebitda\/#:~:text=Ebitda%20(em%20ingl%C3%AAs%2C%20Earnings%20Before,mercado%20de%20bolsa%20de%20valores.\">Ebitda <\/a>(Lucros antes de juros, impostos, deprecia\u00e7\u00e3o e amortiza\u00e7\u00e3o) da empresa.<\/p>\n\n\n\n<p>Nos \u00faltimos 12 meses, <a href=\"https:\/\/statusinvest.com.br\/acoes\/ligt3\" target=\"_blank\" rel=\"noreferrer noopener\">segundo dados do Status Invest<\/a>, a empresa caiu cerca de 70% na bolsa de valores.<\/p>\n\n\n\n<p>Com isso, teve seu <a class=\"suno-keyword\" target=\"_blank\" data-force=\"no\" data-priority=\"1\" href=\"https:\/\/www.suno.com.br\/artigos\/valor-de-mercado\/\" rel=\"noopener\">valor de mercado<\/a> reduzido a R$ 1,22 bilh\u00e3o. <\/p>\n\n\n\n<p>Dentre os acionistas da <strong>Light <\/strong>est\u00e3o o fundo Samambaia Master FIA (20% do capital), o fundo Santander PB Fundo de Investimentos em A\u00e7\u00f5es (10%) e a BlackRock (9,2%).<\/p>\n\n\n\t<p>\n\t\t<a href=\"https:\/\/lp.suno.com.br\/planilha-da-vida-financeira\/\" target=\"_blank\" data-element=\"shortcode-suno-banner\" title=\"Banner SUNO, clique e saiba mais\">\n\t\t\t<picture>\n\t\t\t\t<source media=\"(max-width: 500px)\" srcset=\"https:\/\/files.sunoresearch.com.br\/n\/uploads\/2023\/04\/400x300-Planilha-vida-financeira-true.png\">\n\t\t\t\t<img class=\"newsContent__article__imgCapa newsContent__article__imgCapa--banner\"\n\t\t\t\t\tsrc=\"https:\/\/files.sunoresearch.com.br\/n\/uploads\/2023\/04\/1420x240-Planilha-vida-financeira-true.png\"\n\t\t\t\t\tdata-promo-id=\"106682\"\t\t\t\t\t\t\t\t\t\twidth='1420' height='240'\t\t\t\t\talt=\"https:\/\/files.sunoresearch.com.br\/n\/uploads\/2023\/04\/1420x240-Planilha-vida-financeira-true.png\"\n\t\t\t\t>\n\t\t\t<\/picture>\n\t\t<\/a>\n\t<\/p>\n\n\n","protected":false},"excerpt":{"rendered":"<p>A Light (LIGT3), cuja composi\u00e7\u00e3o societ\u00e1ria \u00e9 integrada por Carlos Alberto Sicupira, foi mais uma das empresas vinculadas a algu\u00e9m do &#8216;trio&#8217; a passar por escrut\u00ednio nesta sexta-feira (3). Americanas (AMER3): Lemann, Telles e Sicupira. Foto: Divulga\u00e7\u00e3o As a\u00e7\u00f5es da Light chegaram a despencar 8% em somente uma hora de preg\u00e3o, a R$ 3 por [&hellip;]<\/p>\n","protected":false},"author":73,"featured_media":351186,"comment_status":"closed","ping_status":"closed","sticky":false,"template":"","format":"standard","meta":[],"categories":[64],"tags":[286,104842,105816,41531],"suno_strategy":[],"class_list":["post-358029","post","type-post","status-publish","format-standard","has-post-thumbnail","hentry","category-negocios","tag-acoes","tag-carlos-alberto-sicupira","tag-especialistas","tag-light-ligt3"],"yoast_head":"<!-- This site is optimized with the Yoast SEO plugin v24.4 - https:\/\/yoast.com\/wordpress\/plugins\/seo\/ -->\n<title>Light (LIGT3), de s\u00f3cio de Lemann, sofre rebaixamento e cai na bolsa<\/title>\n<meta name=\"description\" content=\"A Fitch rebaixou a classifica\u00e7\u00e3o da Light, percebendo um maior risco de calote da empresa de Sicupira. Clique e saiba mais!\" \/>\n<meta name=\"robots\" content=\"index, follow, max-snippet:-1, max-image-preview:large, max-video-preview:-1\" \/>\n<link rel=\"canonical\" href=\"https:\/\/www.suno.com.br\/noticias\/light-ligt-sicupira-lemann-bolsa-acoes-fitch\/\" \/>\n<meta property=\"og:locale\" content=\"pt_BR\" \/>\n<meta property=\"og:type\" content=\"article\" \/>\n<meta property=\"og:title\" content=\"Light (LIGT3), de s\u00f3cio de Lemann, sofre rebaixamento e cai na bolsa\" \/>\n<meta property=\"og:description\" content=\"A Fitch rebaixou a classifica\u00e7\u00e3o da Light, percebendo um maior risco de calote da empresa de Sicupira. Clique e saiba mais!\" \/>\n<meta property=\"og:url\" content=\"https:\/\/www.suno.com.br\/noticias\/light-ligt-sicupira-lemann-bolsa-acoes-fitch\/\" \/>\n<meta property=\"og:site_name\" content=\"Suno Not\u00edcias\" \/>\n<meta property=\"article:publisher\" content=\"https:\/\/facebook.com\/sunoresearch\" \/>\n<meta property=\"og:image\" content=\"https:\/\/files.sunoresearch.com.br\/n\/uploads\/2023\/01\/lemann-telles-e-sicupira.jpg\" \/>\n\t<meta property=\"og:image:width\" content=\"1889\" \/>\n\t<meta property=\"og:image:height\" content=\"1759\" \/>\n\t<meta property=\"og:image:type\" content=\"image\/jpeg\" \/>\n<meta name=\"author\" content=\"Eduardo Vargas\" \/>\n<meta name=\"twitter:card\" content=\"summary_large_image\" \/>\n<meta name=\"twitter:creator\" content=\"@sunoresearch\" \/>\n<meta name=\"twitter:site\" content=\"@sunoresearch\" \/>\n<meta name=\"twitter:label1\" content=\"Escrito por\" \/>\n\t<meta name=\"twitter:data1\" content=\"Eduardo Vargas\" \/>\n\t<meta name=\"twitter:label2\" content=\"Est. tempo de leitura\" \/>\n\t<meta name=\"twitter:data2\" content=\"3 minutos\" \/>\n<script type=\"application\/ld+json\" class=\"yoast-schema-graph\">{\"@context\":\"https:\/\/schema.org\",\"@graph\":[{\"@type\":\"NewsArticle\",\"@id\":\"https:\/\/www.suno.com.br\/noticias\/light-ligt-sicupira-lemann-bolsa-acoes-fitch\/#article\",\"isPartOf\":{\"@id\":\"https:\/\/www.suno.com.br\/noticias\/light-ligt-sicupira-lemann-bolsa-acoes-fitch\/\"},\"author\":{\"name\":\"Eduardo Vargas\",\"@id\":\"https:\/\/www.suno.com.br\/noticias\/#\/schema\/person\/7f4d362bf3518e76090143ae77bb49a5\"},\"headline\":\"Light (LIGT3), de s\u00f3cio de Lemann, sofre rebaixamento, cai na bolsa e sofre &#8216;efeito Americanas&#8217;\",\"datePublished\":\"2023-02-03T17:45:22+00:00\",\"dateModified\":\"2023-02-03T19:26:38+00:00\",\"mainEntityOfPage\":{\"@id\":\"https:\/\/www.suno.com.br\/noticias\/light-ligt-sicupira-lemann-bolsa-acoes-fitch\/\"},\"wordCount\":507,\"publisher\":{\"@id\":\"https:\/\/www.suno.com.br\/noticias\/#organization\"},\"image\":{\"@id\":\"https:\/\/www.suno.com.br\/noticias\/light-ligt-sicupira-lemann-bolsa-acoes-fitch\/#primaryimage\"},\"thumbnailUrl\":\"https:\/\/files.sunoresearch.com.br\/n\/uploads\/2023\/01\/lemann-telles-e-sicupira.jpg\",\"keywords\":[\"A\u00e7\u00f5es\",\"Carlos Alberto Sicupira\",\"Especialistas\",\"Light (LIGT3)\"],\"articleSection\":[\"Neg\u00f3cios\"],\"inLanguage\":\"pt-BR\"},{\"@type\":\"WebPage\",\"@id\":\"https:\/\/www.suno.com.br\/noticias\/light-ligt-sicupira-lemann-bolsa-acoes-fitch\/\",\"url\":\"https:\/\/www.suno.com.br\/noticias\/light-ligt-sicupira-lemann-bolsa-acoes-fitch\/\",\"name\":\"Light (LIGT3), de s\u00f3cio de Lemann, sofre rebaixamento e cai na bolsa\",\"isPartOf\":{\"@id\":\"https:\/\/www.suno.com.br\/noticias\/#website\"},\"primaryImageOfPage\":{\"@id\":\"https:\/\/www.suno.com.br\/noticias\/light-ligt-sicupira-lemann-bolsa-acoes-fitch\/#primaryimage\"},\"image\":{\"@id\":\"https:\/\/www.suno.com.br\/noticias\/light-ligt-sicupira-lemann-bolsa-acoes-fitch\/#primaryimage\"},\"thumbnailUrl\":\"https:\/\/files.sunoresearch.com.br\/n\/uploads\/2023\/01\/lemann-telles-e-sicupira.jpg\",\"datePublished\":\"2023-02-03T17:45:22+00:00\",\"dateModified\":\"2023-02-03T19:26:38+00:00\",\"description\":\"A Fitch rebaixou a classifica\u00e7\u00e3o da Light, percebendo um maior risco de calote da empresa de Sicupira. Clique e saiba mais!\",\"breadcrumb\":{\"@id\":\"https:\/\/www.suno.com.br\/noticias\/light-ligt-sicupira-lemann-bolsa-acoes-fitch\/#breadcrumb\"},\"inLanguage\":\"pt-BR\",\"potentialAction\":[{\"@type\":\"ReadAction\",\"target\":[\"https:\/\/www.suno.com.br\/noticias\/light-ligt-sicupira-lemann-bolsa-acoes-fitch\/\"]}]},{\"@type\":\"ImageObject\",\"inLanguage\":\"pt-BR\",\"@id\":\"https:\/\/www.suno.com.br\/noticias\/light-ligt-sicupira-lemann-bolsa-acoes-fitch\/#primaryimage\",\"url\":\"https:\/\/files.sunoresearch.com.br\/n\/uploads\/2023\/01\/lemann-telles-e-sicupira.jpg\",\"contentUrl\":\"https:\/\/files.sunoresearch.com.br\/n\/uploads\/2023\/01\/lemann-telles-e-sicupira.jpg\",\"width\":1889,\"height\":1759,\"caption\":\"Americanas (AMER3): Lemann, Telles e Sicupira. Foto: Divulga\u00e7\u00e3o\"},{\"@type\":\"BreadcrumbList\",\"@id\":\"https:\/\/www.suno.com.br\/noticias\/light-ligt-sicupira-lemann-bolsa-acoes-fitch\/#breadcrumb\",\"itemListElement\":[{\"@type\":\"ListItem\",\"position\":1,\"name\":\"Not\u00edcias\",\"item\":\"https:\/\/www.suno.com.br\/noticias\/\"},{\"@type\":\"ListItem\",\"position\":2,\"name\":\"Neg\u00f3cios\",\"item\":\"https:\/\/www.suno.com.br\/noticias\/negocios\/\"},{\"@type\":\"ListItem\",\"position\":3,\"name\":\"Light (LIGT3), de s\u00f3cio de Lemann, sofre rebaixamento, cai na bolsa e sofre &#8216;efeito Americanas&#8217;\"}]},{\"@type\":\"WebSite\",\"@id\":\"https:\/\/www.suno.com.br\/noticias\/#website\",\"url\":\"https:\/\/www.suno.com.br\/noticias\/\",\"name\":\"Suno Not\u00edcias\",\"description\":\"Seu portal de informa\u00e7\u00e3o sobre o mundo dos investimentos\",\"publisher\":{\"@id\":\"https:\/\/www.suno.com.br\/noticias\/#organization\"},\"potentialAction\":[{\"@type\":\"SearchAction\",\"target\":{\"@type\":\"EntryPoint\",\"urlTemplate\":\"https:\/\/www.suno.com.br\/noticias\/?s={search_term_string}\"},\"query-input\":{\"@type\":\"PropertyValueSpecification\",\"valueRequired\":true,\"valueName\":\"search_term_string\"}}],\"inLanguage\":\"pt-BR\"},{\"@type\":\"Organization\",\"@id\":\"https:\/\/www.suno.com.br\/noticias\/#organization\",\"name\":\"Suno Not\u00edcias\",\"url\":\"https:\/\/www.suno.com.br\/noticias\/\",\"logo\":{\"@type\":\"ImageObject\",\"inLanguage\":\"pt-BR\",\"@id\":\"https:\/\/www.suno.com.br\/noticias\/#\/schema\/logo\/image\/\",\"url\":\"https:\/\/files.sunoresearch.com.br\/n\/uploads\/2021\/09\/suno-logo.png\",\"contentUrl\":\"https:\/\/files.sunoresearch.com.br\/n\/uploads\/2021\/09\/suno-logo.png\",\"width\":180,\"height\":180,\"caption\":\"Suno Not\u00edcias\"},\"image\":{\"@id\":\"https:\/\/www.suno.com.br\/noticias\/#\/schema\/logo\/image\/\"},\"sameAs\":[\"https:\/\/facebook.com\/sunoresearch\",\"https:\/\/x.com\/sunoresearch\",\"https:\/\/www.instagram.com\/suno\",\"https:\/\/www.linkedin.com\/company\/suno-research\/\",\"https:\/\/www.youtube.com\/c\/sunoresearch\"]},{\"@type\":\"Person\",\"@id\":\"https:\/\/www.suno.com.br\/noticias\/#\/schema\/person\/7f4d362bf3518e76090143ae77bb49a5\",\"name\":\"Eduardo Vargas\",\"image\":{\"@type\":\"ImageObject\",\"inLanguage\":\"pt-BR\",\"@id\":\"https:\/\/www.suno.com.br\/noticias\/#\/schema\/person\/image\/\",\"url\":\"https:\/\/secure.gravatar.com\/avatar\/dac340933427a22924c9f99d1eb2e3f2?s=96&r=g\",\"contentUrl\":\"https:\/\/secure.gravatar.com\/avatar\/dac340933427a22924c9f99d1eb2e3f2?s=96&r=g\",\"caption\":\"Eduardo Vargas\"},\"description\":\"Jornalista formado pela UFSC, cobre macroeconomia, neg\u00f3cios e startups para o Suno Not\u00edcias, escrevendo principalmente not\u00edcias sobre o mercado financeiro e a bolsa de valores. No YouTube e no Instagram, \u00e9 respons\u00e1vel pela produ\u00e7\u00e3o de Reels e Shorts do Suno Not\u00edcias. Anteriormente, trabalhou cobrindo economia e cotidiano no ND+ e para o ND, maior jornal impresso de Santa Catarina. Cursou um semestre letivo de Estudos de M\u00eddia na Universidad de Buenos Aires.\",\"url\":\"https:\/\/www.suno.com.br\/noticias\/author\/eduardo-vargas\/\"}]}<\/script>\n<!-- \/ Yoast SEO plugin. -->","yoast_head_json":{"title":"Light (LIGT3), de s\u00f3cio de Lemann, sofre rebaixamento e cai na bolsa","description":"A Fitch rebaixou a classifica\u00e7\u00e3o da Light, percebendo um maior risco de calote da empresa de Sicupira. Clique e saiba mais!","robots":{"index":"index","follow":"follow","max-snippet":"max-snippet:-1","max-image-preview":"max-image-preview:large","max-video-preview":"max-video-preview:-1"},"canonical":"https:\/\/www.suno.com.br\/noticias\/light-ligt-sicupira-lemann-bolsa-acoes-fitch\/","og_locale":"pt_BR","og_type":"article","og_title":"Light (LIGT3), de s\u00f3cio de Lemann, sofre rebaixamento e cai na bolsa","og_description":"A Fitch rebaixou a classifica\u00e7\u00e3o da Light, percebendo um maior risco de calote da empresa de Sicupira. Clique e saiba mais!","og_url":"https:\/\/www.suno.com.br\/noticias\/light-ligt-sicupira-lemann-bolsa-acoes-fitch\/","og_site_name":"Suno Not\u00edcias","article_publisher":"https:\/\/facebook.com\/sunoresearch","og_image":[{"width":1889,"height":1759,"url":"https:\/\/files.sunoresearch.com.br\/n\/uploads\/2023\/01\/lemann-telles-e-sicupira.jpg","type":"image\/jpeg"}],"author":"Eduardo Vargas","twitter_card":"summary_large_image","twitter_creator":"@sunoresearch","twitter_site":"@sunoresearch","twitter_misc":{"Escrito por":"Eduardo Vargas","Est. tempo de leitura":"3 minutos"},"schema":{"@context":"https:\/\/schema.org","@graph":[{"@type":"NewsArticle","@id":"https:\/\/www.suno.com.br\/noticias\/light-ligt-sicupira-lemann-bolsa-acoes-fitch\/#article","isPartOf":{"@id":"https:\/\/www.suno.com.br\/noticias\/light-ligt-sicupira-lemann-bolsa-acoes-fitch\/"},"author":{"name":"Eduardo Vargas","@id":"https:\/\/www.suno.com.br\/noticias\/#\/schema\/person\/7f4d362bf3518e76090143ae77bb49a5"},"headline":"Light (LIGT3), de s\u00f3cio de Lemann, sofre rebaixamento, cai na bolsa e sofre &#8216;efeito Americanas&#8217;","datePublished":"2023-02-03T17:45:22+00:00","dateModified":"2023-02-03T19:26:38+00:00","mainEntityOfPage":{"@id":"https:\/\/www.suno.com.br\/noticias\/light-ligt-sicupira-lemann-bolsa-acoes-fitch\/"},"wordCount":507,"publisher":{"@id":"https:\/\/www.suno.com.br\/noticias\/#organization"},"image":{"@id":"https:\/\/www.suno.com.br\/noticias\/light-ligt-sicupira-lemann-bolsa-acoes-fitch\/#primaryimage"},"thumbnailUrl":"https:\/\/files.sunoresearch.com.br\/n\/uploads\/2023\/01\/lemann-telles-e-sicupira.jpg","keywords":["A\u00e7\u00f5es","Carlos Alberto Sicupira","Especialistas","Light (LIGT3)"],"articleSection":["Neg\u00f3cios"],"inLanguage":"pt-BR"},{"@type":"WebPage","@id":"https:\/\/www.suno.com.br\/noticias\/light-ligt-sicupira-lemann-bolsa-acoes-fitch\/","url":"https:\/\/www.suno.com.br\/noticias\/light-ligt-sicupira-lemann-bolsa-acoes-fitch\/","name":"Light (LIGT3), de s\u00f3cio de Lemann, sofre rebaixamento e cai na bolsa","isPartOf":{"@id":"https:\/\/www.suno.com.br\/noticias\/#website"},"primaryImageOfPage":{"@id":"https:\/\/www.suno.com.br\/noticias\/light-ligt-sicupira-lemann-bolsa-acoes-fitch\/#primaryimage"},"image":{"@id":"https:\/\/www.suno.com.br\/noticias\/light-ligt-sicupira-lemann-bolsa-acoes-fitch\/#primaryimage"},"thumbnailUrl":"https:\/\/files.sunoresearch.com.br\/n\/uploads\/2023\/01\/lemann-telles-e-sicupira.jpg","datePublished":"2023-02-03T17:45:22+00:00","dateModified":"2023-02-03T19:26:38+00:00","description":"A Fitch rebaixou a classifica\u00e7\u00e3o da Light, percebendo um maior risco de calote da empresa de Sicupira. Clique e saiba mais!","breadcrumb":{"@id":"https:\/\/www.suno.com.br\/noticias\/light-ligt-sicupira-lemann-bolsa-acoes-fitch\/#breadcrumb"},"inLanguage":"pt-BR","potentialAction":[{"@type":"ReadAction","target":["https:\/\/www.suno.com.br\/noticias\/light-ligt-sicupira-lemann-bolsa-acoes-fitch\/"]}]},{"@type":"ImageObject","inLanguage":"pt-BR","@id":"https:\/\/www.suno.com.br\/noticias\/light-ligt-sicupira-lemann-bolsa-acoes-fitch\/#primaryimage","url":"https:\/\/files.sunoresearch.com.br\/n\/uploads\/2023\/01\/lemann-telles-e-sicupira.jpg","contentUrl":"https:\/\/files.sunoresearch.com.br\/n\/uploads\/2023\/01\/lemann-telles-e-sicupira.jpg","width":1889,"height":1759,"caption":"Americanas (AMER3): Lemann, Telles e Sicupira. Foto: Divulga\u00e7\u00e3o"},{"@type":"BreadcrumbList","@id":"https:\/\/www.suno.com.br\/noticias\/light-ligt-sicupira-lemann-bolsa-acoes-fitch\/#breadcrumb","itemListElement":[{"@type":"ListItem","position":1,"name":"Not\u00edcias","item":"https:\/\/www.suno.com.br\/noticias\/"},{"@type":"ListItem","position":2,"name":"Neg\u00f3cios","item":"https:\/\/www.suno.com.br\/noticias\/negocios\/"},{"@type":"ListItem","position":3,"name":"Light (LIGT3), de s\u00f3cio de Lemann, sofre rebaixamento, cai na bolsa e sofre &#8216;efeito Americanas&#8217;"}]},{"@type":"WebSite","@id":"https:\/\/www.suno.com.br\/noticias\/#website","url":"https:\/\/www.suno.com.br\/noticias\/","name":"Suno Not\u00edcias","description":"Seu portal de informa\u00e7\u00e3o sobre o mundo dos investimentos","publisher":{"@id":"https:\/\/www.suno.com.br\/noticias\/#organization"},"potentialAction":[{"@type":"SearchAction","target":{"@type":"EntryPoint","urlTemplate":"https:\/\/www.suno.com.br\/noticias\/?s={search_term_string}"},"query-input":{"@type":"PropertyValueSpecification","valueRequired":true,"valueName":"search_term_string"}}],"inLanguage":"pt-BR"},{"@type":"Organization","@id":"https:\/\/www.suno.com.br\/noticias\/#organization","name":"Suno Not\u00edcias","url":"https:\/\/www.suno.com.br\/noticias\/","logo":{"@type":"ImageObject","inLanguage":"pt-BR","@id":"https:\/\/www.suno.com.br\/noticias\/#\/schema\/logo\/image\/","url":"https:\/\/files.sunoresearch.com.br\/n\/uploads\/2021\/09\/suno-logo.png","contentUrl":"https:\/\/files.sunoresearch.com.br\/n\/uploads\/2021\/09\/suno-logo.png","width":180,"height":180,"caption":"Suno Not\u00edcias"},"image":{"@id":"https:\/\/www.suno.com.br\/noticias\/#\/schema\/logo\/image\/"},"sameAs":["https:\/\/facebook.com\/sunoresearch","https:\/\/x.com\/sunoresearch","https:\/\/www.instagram.com\/suno","https:\/\/www.linkedin.com\/company\/suno-research\/","https:\/\/www.youtube.com\/c\/sunoresearch"]},{"@type":"Person","@id":"https:\/\/www.suno.com.br\/noticias\/#\/schema\/person\/7f4d362bf3518e76090143ae77bb49a5","name":"Eduardo Vargas","image":{"@type":"ImageObject","inLanguage":"pt-BR","@id":"https:\/\/www.suno.com.br\/noticias\/#\/schema\/person\/image\/","url":"https:\/\/secure.gravatar.com\/avatar\/dac340933427a22924c9f99d1eb2e3f2?s=96&r=g","contentUrl":"https:\/\/secure.gravatar.com\/avatar\/dac340933427a22924c9f99d1eb2e3f2?s=96&r=g","caption":"Eduardo Vargas"},"description":"Jornalista formado pela UFSC, cobre macroeconomia, neg\u00f3cios e startups para o Suno Not\u00edcias, escrevendo principalmente not\u00edcias sobre o mercado financeiro e a bolsa de valores. No YouTube e no Instagram, \u00e9 respons\u00e1vel pela produ\u00e7\u00e3o de Reels e Shorts do Suno Not\u00edcias. Anteriormente, trabalhou cobrindo economia e cotidiano no ND+ e para o ND, maior jornal impresso de Santa Catarina. Cursou um semestre letivo de Estudos de M\u00eddia na Universidad de Buenos Aires.","url":"https:\/\/www.suno.com.br\/noticias\/author\/eduardo-vargas\/"}]}},"default_loop_html":"<div class=\"cardsPage__listCard__boxs\"><div class=\"cardsPage__listCard__boxs__img\"><a href=\"https:\/\/www.suno.com.br\/noticias\/light-ligt-sicupira-lemann-bolsa-acoes-fitch\/\"><img class=\"mask\" src=\"https:\/\/www.suno.com.br\/noticias\/wp-content\/themes\/suno\/resources\/images\/spotlight\/spotlight1img\/bg-mask.png\" alt=\"Image Mask\"\/><img src=\"https:\/\/files.sunoresearch.com.br\/n\/uploads\/2023\/01\/lemann-telles-e-sicupira-400x200.jpg\" alt=\"Light (LIGT3), de s\u00f3cio de Lemann, sofre rebaixamento, cai na bolsa e sofre &#8216;efeito Americanas&#8217;\"\/><\/a><span class=\"spotlightCategory\"><a href=\"https:\/\/www.suno.com.br\/noticias\/negocios\/\">Neg\u00f3cios<\/a><\/span><\/div><div class=\"cardsPage__listCard__boxs__content\"><a href=\"https:\/\/www.suno.com.br\/noticias\/light-ligt-sicupira-lemann-bolsa-acoes-fitch\/\"><h2 class=\"content__title\">Light (LIGT3), de s\u00f3cio de Lemann, sofre rebaixamento, cai na bolsa e sofre &#8216;efeito Americanas&#8217;<\/h2><\/a><div class=\"newsContent__article__meta\"><div class=\"newsContent__article__meta__authorBox\"><a href=\"https:\/\/www.suno.com.br\/noticias\/author\/erick-nery\/\" class=\"authorBox__avatar noMobi\"><img src=\"https:\/\/secure.gravatar.com\/avatar\/518ddffe438ccb767782d372a66304d2?s=96&#038;r=g\" alt=\"Erick Matheus Nery\"><\/a><div class=\"authorBox__name\"><span>por\n\t\t\t<a href=\"https:\/\/www.suno.com.br\/noticias\/author\/erick-nery\/\"><span itemprop=\"author\">Erick Matheus Nery<\/span><\/a><\/span><time datetime=\"2023-02-03T14:45:22-03:00\" itemprop=\"datePublished\">03\/02\/2023 14:45<\/time><\/div><\/div><\/div><\/div><\/div>","single_layout":"posts","amp_enabled":true,"_links":{"self":[{"href":"https:\/\/www.suno.com.br\/noticias\/wp-json\/wp\/v2\/posts\/358029"}],"collection":[{"href":"https:\/\/www.suno.com.br\/noticias\/wp-json\/wp\/v2\/posts"}],"about":[{"href":"https:\/\/www.suno.com.br\/noticias\/wp-json\/wp\/v2\/types\/post"}],"author":[{"embeddable":true,"href":"https:\/\/www.suno.com.br\/noticias\/wp-json\/wp\/v2\/users\/73"}],"replies":[{"embeddable":true,"href":"https:\/\/www.suno.com.br\/noticias\/wp-json\/wp\/v2\/comments?post=358029"}],"version-history":[{"count":2,"href":"https:\/\/www.suno.com.br\/noticias\/wp-json\/wp\/v2\/posts\/358029\/revisions"}],"predecessor-version":[{"id":358218,"href":"https:\/\/www.suno.com.br\/noticias\/wp-json\/wp\/v2\/posts\/358029\/revisions\/358218"}],"wp:featuredmedia":[{"embeddable":true,"href":"https:\/\/www.suno.com.br\/noticias\/wp-json\/wp\/v2\/media\/351186"}],"wp:attachment":[{"href":"https:\/\/www.suno.com.br\/noticias\/wp-json\/wp\/v2\/media?parent=358029"}],"wp:term":[{"taxonomy":"category","embeddable":true,"href":"https:\/\/www.suno.com.br\/noticias\/wp-json\/wp\/v2\/categories?post=358029"},{"taxonomy":"post_tag","embeddable":true,"href":"https:\/\/www.suno.com.br\/noticias\/wp-json\/wp\/v2\/tags?post=358029"},{"taxonomy":"suno_strategy","embeddable":true,"href":"https:\/\/www.suno.com.br\/noticias\/wp-json\/wp\/v2\/suno_strategy?post=358029"}],"curies":[{"name":"wp","href":"https:\/\/api.w.org\/{rel}","templated":true}]}}