{"id":357945,"date":"2023-02-03T11:33:19","date_gmt":"2023-02-03T14:33:19","guid":{"rendered":"https:\/\/www.suno.com.br\/noticias\/?p=357945"},"modified":"2023-02-03T14:45:58","modified_gmt":"2023-02-03T17:45:58","slug":"oi-oibr3-intervencao-anatel-divida-rs35bi","status":"publish","type":"post","link":"https:\/\/www.suno.com.br\/noticias\/oi-oibr3-intervencao-anatel-divida-rs35bi\/","title":{"rendered":"Com d\u00edvida de R$ 35 bilh\u00f5es, Oi (OIBR3) pode sofrer interven\u00e7\u00e3o da Anatel"},"content":{"rendered":"<p>A <a class=\"suno-keyword\" data-force=\"no\" data-priority=\"2\" href=\"https:\/\/www.suno.com.br\/artigos\/recuperacao-judicial\/\" target=\"_blank\" rel=\"noopener\">recupera\u00e7\u00e3o judicial<\/a> da <strong>Oi<\/strong> (<a href=\"https:\/\/suno.com.br\/acoes\/oibr3\/\" target=\"_blank\" rel=\"noreferrer noopener\">OIBR3<\/a>) n\u00e3o foi suficiente para tir\u00e1-la do caos financeiros. Segundo informa\u00e7\u00f5es divulgadas nesta sexta (3), a empresa soma d\u00edvidas de R$ 35 bilh\u00f5es e pode sofrer uma interven\u00e7\u00e3o direta da Ag\u00eancia Nacional de Telecomunica\u00e7\u00f5es (Anatel).<\/p><div class=\"videoFull \">\n\t\t\t<div class=\"videoWrapper yt-lazyload center\"\n\t\t\t\tdata-width=\"960\"\n\t\t\t\tdata-height=\"540\"\n\t\t\t\tdata-id=\"7xywqvZt5F0\"\n\t\t\t\tdata-alt=\"V\u00eddeo do YouTube - clique para reproduzir\"\n\t\t\t\tdata-logo=\"3\"\n\t\t\t\tdata-imagequality=\"maxres\">\n\t\t\t<\/div>\n\t\t<\/div><script type=\"application\/ld+json\">{\"@context\":\"https:\/\/schema.org\",\"@type\":\"VideoObject\",\"name\":\"APPLE (AAPL34), AMAZON (AMZO34), GOOGLE (GOGL34): Big techs decepcionam | Lula volta a criticar BC\",\"description\":\"\ud83d\udd0e \ud83d\udcca[\ud835\uddf2\ud835\uddd5\ud835\uddfc\ud835\uddfc\ud835\uddf8 \ud835\uddda\ud835\udde5\ud835\uddd4\ud835\udde7\ud835\udde8\ud835\udddc\ud835\udde7\ud835\udde2] \ud835\uddd4\ud835\uddfd\ud835\uddff\ud835\uddf2\ud835\uddfb\ud835\uddf1\ud835\uddee \ud835\uddf0\ud835\uddfc\ud835\uddfa\ud835\uddfc \ud835\uddee\ud835\uddfb\ud835\uddee\ud835\uddf9\ud835\uddf6\ud835\ude00\ud835\uddee\ud835\uddff \ud835\ude02\ud835\uddfa\ud835\uddee \ud835\uddee\u00e7\u00e3\ud835\uddfc\u200b \ud83d\udc47 https:\/\/lp.suno.com.br\/ebook-como-analisar-uma-acao\/?utm_source=youtube.noticias&utm_medium=live&utm_campaign=ebookcomoanalisarumaacao.20230201&utm_content=ytnoticias.morning.02022023 #morningcall #Not\u00edcias #investimentos #bigtechs #mercadofinanceiro #bolsadevalores #ibovespa #bb #apple #amazon #google #alphabet #aapl34 #amzo34 #gogl34 #balan\u00e7os #lula #bancocentral #selic #infla\u00e7\u00e3o \ud83d\udd34\ud835\udc08\ud835\udc0d\ud835\udc12\ud835\udc02\ud835\udc11\ud835\udc04\ud835\udc15\ud835\udc00-\ud835\udc12\ud835\udc04 \ud835\udc0d\ud835\udc0e \ud835\udc02\ud835\udc00\ud835\udc0d\ud835\udc00\ud835\udc0b \ud835\udc04 \ud835\udc00\ud835\udc13\ud835\udc08\ud835\udc15\ud835\udc04 \ud835\udc0e \ud835\udc12\ud835\udc08\ud835\udc0d\ud835\udc0e \ud83d\udc47 https:\/\/bit.ly\/INSCREVA-SEATIVEOSINO \ud83d\udea8\ud83d\udcb8\ud835\udc01\ud835\udc1a\ud835\udc22\ud835\udc31\ud835\udc1e \ud835\udc28 \ud835\udc20\ud835\udc2e\ud835\udc22\ud835\udc1a \"\ud835\udc02\ud835\udc28\ud835\udc26\ud835\udc28 \ud835\udc22\ud835\udc27\ud835\udc2f\ud835\udc1e\ud835\udc2c\ud835\udc2d\ud835\udc22\ud835\udc2b \ud835\udc1e\ud835\udc26 \ud835\udfd0\ud835\udfce\ud835\udfd0\ud835\udfd1\" \ud835\udc27\ud835\udc28 \ud835\udc25\ud835\udc22\ud835\udc27\ud835\udc24 \ud83d\udc47 https:\/\/lp.suno.com.br\/cl\/sr-guia-como-investir-em-2023\/?utm_source=youtube.noticias&utm_medium=live&utm_campaign=N\/A.ns.20230109&utm_content=ytnoticias.livedas19h.13012023 \ud83d\udcda \ud835\udfcf\ud835\udfce \ud835\udc0b\ud835\udc22\ud835\udc2f\ud835\udc2b\ud835\udc28\ud835\udc2c \ud835\udc2a\ud835\udc2e\ud835\udc1e \ud835\udc13\ud835\udc28\ud835\udc1d\ud835\udc28\u2026\",\"duration\":\"PT36M12S\",\"embedUrl\":\"https:\/\/www.youtube.com\/embed\/7xywqvZt5F0\",\"regionsAllowed\":\"pt-BR\",\"interactionStatistic\":{\"@type\":\"InteractionCounter\",\"interactionType\":{\"@type\":\"WatchAction\"},\"userInteractionCount\":2331},\"thumbnailUrl\":\"https:\/\/i.ytimg.com\/vi\/7xywqvZt5F0\/default.jpg\",\"uploadDate\":\"2023-02-03T12:47:00Z\"}<\/script>\n\n\n\n\n\t<p>\n\t\t<a href=\"\" target=\"_blank\" data-element=\"shortcode-suno-banner\" title=\"Banner SUNO, clique e saiba mais\">\n\t\t\t<picture>\n\t\t\t\t<source media=\"(max-width: 500px)\" srcset=\"\">\n\t\t\t\t<img class=\"newsContent__article__imgCapa newsContent__article__imgCapa--banner\"\n\t\t\t\t\tsrc=\"\"\n\t\t\t\t\tdata-promo-id=\"250705\"\t\t\t\t\t\t\t\t\t\t\t\t\t\t\talt=\"\"\n\t\t\t\t>\n\t\t\t<\/picture>\n\t\t<\/a>\n\t<\/p>\n\n\n\n\n\n<p>De acordo com o jornal O Estado de S\u00e3o Paulo, caso a interven\u00e7\u00e3o ocorra, a ag\u00eancia assumiria o <strong>comando da Oi<\/strong> e toda a diretoria da empresa seria afastada.<\/p>\n\n\n\n<p>Uma fonte da alta c\u00fapula da <strong>Anatel<\/strong> disse ao Estad\u00e3o que, em uma escala de zero a dez, a chance hoje dessa interven\u00e7\u00e3o \u00e9 de &#8220;seis&#8221;. Rodrigo de Abreu, presidente de Oi, deve ser chamado pela ag\u00eancia para prestar esclarecimentos nos pr\u00f3ximos dias. <\/p>\n\n\n\n\t<div data-element=\"shortcode-read-more\" class=\"readToo\">\n\t\t\t\t<span class=\"readToo__title\">Leia mais<\/span>\n\t\t\t\t<ul class=\"readToo__list\">\n\t\t\t<li><a href=\"https:\/\/www.suno.com.br\/noticias\/oi-oibr3-justica-defere-tutela-urgencia-credores\/\">Justi\u00e7a aceita pedido \u00e0s pressas da Oi (OIBR3) e defere tutela de urg\u00eancia contra credores<\/a><\/li><li><a href=\"https:\/\/www.suno.com.br\/noticias\/oi-oibr3-acoes-desabam-25-020223\/\">Oi (OIBR3): a\u00e7\u00f5es caem 27% com imbr\u00f3glio jur\u00eddico e assembleia para mudar tudo<\/a><\/li>\t\t<\/ul>\n\t<\/div>\n\n\n\n\n<p>A Anatel quer entender qual \u00e9 o objetivo da Oi com a <strong>tutela de urg\u00eancia<\/strong> cautelar concedida pela Justi\u00e7a nas \u00faltimas horas. <\/p>\n\n\n\n<p>No documento, a <strong>empresa de telecomunica\u00e7\u00f5es<\/strong> argumentou que tentou chegar a um acordo com os credores para refinanciar as d\u00edvidas de R$ 29 bilh\u00f5es, mas n\u00e3o obteve sucesso at\u00e9 o momento. Na pr\u00e1tica, a empresa visa evitar o bloqueio das contas e bens para a quita\u00e7\u00e3o de d\u00edvidas. Procurada pelo Estad\u00e3o, a Oi preferiu n\u00e3o se manifestar.<\/p>\n\n\n\t<p>\n\t\t<a href=\"https:\/\/lp.suno.com.br\/planilha-controle-gastos\/\" target=\"_blank\" data-element=\"shortcode-suno-banner\" title=\"Banner SUNO, clique e saiba mais\">\n\t\t\t<picture>\n\t\t\t\t<source media=\"(max-width: 500px)\" srcset=\"https:\/\/files.sunoresearch.com.br\/n\/uploads\/2023\/03\/400x300-Planilha-controle-de-gastos.png\">\n\t\t\t\t<img class=\"newsContent__article__imgCapa newsContent__article__imgCapa--banner\"\n\t\t\t\t\tsrc=\"https:\/\/files.sunoresearch.com.br\/n\/uploads\/2023\/03\/1420x240-Planilha-controle-de-gastos.png\"\n\t\t\t\t\tdata-promo-id=\"101751\"\t\t\t\t\t\t\t\t\t\twidth='1420' height='240'\t\t\t\t\talt=\"https:\/\/files.sunoresearch.com.br\/n\/uploads\/2023\/03\/1420x240-Planilha-controle-de-gastos.png\"\n\t\t\t\t>\n\t\t\t<\/picture>\n\t\t<\/a>\n\t<\/p>\n\n\n\n\n\n<h2 class=\"wp-block-heading\" id=\"h-oi-o-que-esta-acontecendo\">Oi: O que est\u00e1 acontecendo?<\/h2>\n\n\n\n<p>No documento enviado \u00e0&nbsp;<a href=\"https:\/\/www.suno.com.br\/artigos\/cvm\/\" target=\"_blank\" rel=\"noreferrer noopener\">Comiss\u00e3o de Valores Mobili\u00e1rios (CVM)<\/a>, a&nbsp;Oi&nbsp;argumentou que a tutela de urg\u00eancia \u201cconfigura a medida mais adequada, neste momento, para proteger a companhia e suas subsidi\u00e1rias contra execu\u00e7\u00e3o\/exigibilidade de cr\u00e9ditos e de excuss\u00e3o de garantias\u201d.<\/p>\n\n\n\n<p>Um dos questionamentos feitos pela autarquia foi sobre o&nbsp;<strong>endividamento da Oi<\/strong>, que concluiu seu processo de&nbsp;recupera\u00e7\u00e3o judicial&nbsp;no final do ano passado. Contudo, a mudan\u00e7a estrat\u00e9gica do neg\u00f3cio rumo ao setor de fibra \u00f3tica n\u00e3o foi suficiente para quitar todos os d\u00e9bitos.<\/p>\n\n\n\n<blockquote class=\"wp-block-quote is-layout-flow wp-block-quote-is-layout-flow\">\n<p>O resultado gerado pelo neg\u00f3cio de fibra \u00f3tica, em que pese o crescimento que tem sido experimentado, ainda n\u00e3o \u00e9 suficiente para permitir o equacionamento de obriga\u00e7\u00f5es pecuni\u00e1rias anteriores, o que imp\u00f5e a necessidade de se reestruturar a&nbsp;<a href=\"https:\/\/www.suno.com.br\/artigos\/indicadores-estrutura-capital\/\" target=\"_blank\" rel=\"noreferrer noopener\">estrutura de capital<\/a>&nbsp;da companhia.<\/p>\n<\/blockquote>\n\n\n\n<p>No documento, a empresa admitiu que pode pedir mais uma&nbsp;recupera\u00e7\u00e3o judicial&nbsp;devido a&nbsp;<strong>d\u00edvida bilion\u00e1ria<\/strong>.<\/p>\n\n\n\n<p>Simultaneamente ao imbr\u00f3glio jur\u00eddico, a Oi vive outra confus\u00e3o: a pedido dos acionistas Templo Capital, <strong>Victor Adler<\/strong> e VIC DTVM, foi convocado uma assembleia geral extraordin\u00e1ria para 6 de mar\u00e7o.<\/p>\n\n\n\n<p>Entre as pautas da assembleia, est\u00e3o pedidos para a destitui\u00e7\u00e3o do atual&nbsp;<a href=\"https:\/\/www.suno.com.br\/artigos\/conselho-administracao\/\" target=\"_blank\" rel=\"noreferrer noopener\">Conselho de Administra\u00e7\u00e3o<\/a>&nbsp;da Oi e a mudan\u00e7a no n\u00famero de integrantes desta equipe do alto escal\u00e3o: de sete para nove membros titulares<\/p>\n\n\n\t<p>\n\t\t<a href=\"https:\/\/lp.suno.com.br\/ebook-como-analisar-uma-acao\/\" target=\"_blank\" data-element=\"shortcode-suno-banner\" title=\"Banner SUNO, clique e saiba mais\">\n\t\t\t<picture>\n\t\t\t\t<source media=\"(max-width: 500px)\" srcset=\"https:\/\/files.sunoresearch.com.br\/n\/uploads\/2023\/03\/Ebook-Acoes-Mobile-1.jpg\">\n\t\t\t\t<img class=\"newsContent__article__imgCapa newsContent__article__imgCapa--banner\"\n\t\t\t\t\tsrc=\"https:\/\/files.sunoresearch.com.br\/n\/uploads\/2023\/03\/Ebook-Acoes-Desktop-1.jpg\"\n\t\t\t\t\tdata-promo-id=\"171998\"\t\t\t\t\t\t\t\t\t\twidth='1420' height='286'\t\t\t\t\talt=\"https:\/\/files.sunoresearch.com.br\/n\/uploads\/2023\/03\/Ebook-Acoes-Desktop-1.jpg\"\n\t\t\t\t>\n\t\t\t<\/picture>\n\t\t<\/a>\n\t<\/p>\n\n\n\n\n\n<h2 class=\"wp-block-heading\">A\u00e7\u00f5es da Oi<\/h2>\n\n\n\n<p>Em meio a esse caos, as&nbsp;<strong>a\u00e7\u00f5es da Oi<\/strong>&nbsp;fecharam o preg\u00e3o de quinta (2) em queda de 31,78%, ao pre\u00e7o de R$ 1,61, de acordo com o mapeamento do Status Invest. <\/p>\n\n\n\n<p>Por volta das 11h20 do <strong>Ibovespa hoje<\/strong> desta sexta, as a\u00e7\u00f5es eram operadas em alta de 2,48%, ao pre\u00e7o de R$ 1,65.<\/p>\n\n\n\n<p>Na quarta (1\u00ba), os pap\u00e9is da&nbsp;<strong>Oi<\/strong>&nbsp;valiam R$ 2,36. Mesmo ap\u00f3s o grupamento, como o valor das a\u00e7\u00f5es \u00e9 baixo, qualquer varia\u00e7\u00e3o positiva ou negativa torna-se acentuada em valores percentuais.<\/p>\n\n\n\t<p>\n\t\t<a href=\"https:\/\/lp.suno.com.br\/planilha-de-controle-de-investimentos\/\" target=\"_blank\" data-element=\"shortcode-suno-banner\" title=\"Banner SUNO, clique e saiba mais\">\n\t\t\t<picture>\n\t\t\t\t<source media=\"(max-width: 500px)\" srcset=\"https:\/\/files.sunoresearch.com.br\/n\/uploads\/2023\/03\/400x300-Controle-de-Investimentos.png\">\n\t\t\t\t<img class=\"newsContent__article__imgCapa newsContent__article__imgCapa--banner\"\n\t\t\t\t\tsrc=\"https:\/\/files.sunoresearch.com.br\/n\/uploads\/2023\/03\/1420x240-Controle-de-Investimentos.png\"\n\t\t\t\t\tdata-promo-id=\"75934\"\t\t\t\t\t\t\t\t\t\twidth='1420' height='240'\t\t\t\t\talt=\"https:\/\/files.sunoresearch.com.br\/n\/uploads\/2023\/03\/1420x240-Controle-de-Investimentos.png\"\n\t\t\t\t>\n\t\t\t<\/picture>\n\t\t<\/a>\n\t<\/p>\n\n\n","protected":false},"excerpt":{"rendered":"<p>A recupera\u00e7\u00e3o judicial da Oi (OIBR3) n\u00e3o foi suficiente para tir\u00e1-la do caos financeiros. Segundo informa\u00e7\u00f5es divulgadas nesta sexta (3), a empresa soma d\u00edvidas de R$ 35 bilh\u00f5es e pode sofrer uma interven\u00e7\u00e3o direta da Ag\u00eancia Nacional de Telecomunica\u00e7\u00f5es (Anatel). De acordo com o jornal O Estado de S\u00e3o Paulo, caso a interven\u00e7\u00e3o ocorra, a [&hellip;]<\/p>\n","protected":false},"author":232,"featured_media":357961,"comment_status":"closed","ping_status":"closed","sticky":false,"template":"","format":"standard","meta":[],"categories":[60],"tags":[286,584],"suno_strategy":[],"class_list":["post-357945","post","type-post","status-publish","format-standard","has-post-thumbnail","hentry","category-mercado","tag-acoes","tag-oi-oibr3-oibr4"],"yoast_head":"<!-- This site is optimized with the Yoast SEO plugin v24.4 - https:\/\/yoast.com\/wordpress\/plugins\/seo\/ -->\n<title>Com d\u00edvida de R$ 35 bi, Oi (OIBR3) pode sofrer interven\u00e7\u00e3o da Anatel<\/title>\n<meta name=\"description\" content=\"A recupera\u00e7\u00e3o judicial da Oi (OIBR3) n\u00e3o foi suficiente para tir\u00e1-la do caos financeiros. A empresa pode passar por uma interven\u00e7\u00e3o da Anatel!\" \/>\n<meta name=\"robots\" content=\"index, follow, max-snippet:-1, max-image-preview:large, max-video-preview:-1\" \/>\n<link rel=\"canonical\" href=\"https:\/\/www.suno.com.br\/noticias\/oi-oibr3-intervencao-anatel-divida-rs35bi\/\" \/>\n<meta property=\"og:locale\" content=\"pt_BR\" \/>\n<meta property=\"og:type\" content=\"article\" \/>\n<meta property=\"og:title\" content=\"Com d\u00edvida de R$ 35 bi, Oi (OIBR3) pode sofrer interven\u00e7\u00e3o da Anatel\" \/>\n<meta property=\"og:description\" content=\"A recupera\u00e7\u00e3o judicial da Oi (OIBR3) n\u00e3o foi suficiente para tir\u00e1-la do caos financeiros. A empresa pode passar por uma interven\u00e7\u00e3o da Anatel!\" \/>\n<meta property=\"og:url\" content=\"https:\/\/www.suno.com.br\/noticias\/oi-oibr3-intervencao-anatel-divida-rs35bi\/\" \/>\n<meta property=\"og:site_name\" content=\"Suno Not\u00edcias\" \/>\n<meta property=\"article:publisher\" content=\"https:\/\/facebook.com\/sunoresearch\" \/>\n<meta property=\"og:image\" content=\"https:\/\/files.sunoresearch.com.br\/n\/uploads\/2023\/02\/oi-oibr3-dividas-intervencao-anatel-foto-divulgacao.jpg\" \/>\n\t<meta property=\"og:image:width\" content=\"1200\" \/>\n\t<meta property=\"og:image:height\" content=\"675\" \/>\n\t<meta property=\"og:image:type\" content=\"image\/jpeg\" \/>\n<meta name=\"author\" content=\"Erick Matheus Nery\" \/>\n<meta name=\"twitter:card\" content=\"summary_large_image\" \/>\n<meta name=\"twitter:creator\" content=\"@sunoresearch\" \/>\n<meta name=\"twitter:site\" content=\"@sunoresearch\" \/>\n<meta name=\"twitter:label1\" content=\"Escrito por\" \/>\n\t<meta name=\"twitter:data1\" content=\"Erick Matheus Nery\" \/>\n\t<meta name=\"twitter:label2\" content=\"Est. tempo de leitura\" \/>\n\t<meta name=\"twitter:data2\" content=\"3 minutos\" \/>\n<script type=\"application\/ld+json\" class=\"yoast-schema-graph\">{\"@context\":\"https:\/\/schema.org\",\"@graph\":[{\"@type\":\"NewsArticle\",\"@id\":\"https:\/\/www.suno.com.br\/noticias\/oi-oibr3-intervencao-anatel-divida-rs35bi\/#article\",\"isPartOf\":{\"@id\":\"https:\/\/www.suno.com.br\/noticias\/oi-oibr3-intervencao-anatel-divida-rs35bi\/\"},\"author\":{\"name\":\"Erick Matheus Nery\",\"@id\":\"https:\/\/www.suno.com.br\/noticias\/#\/schema\/person\/6899bc3f19d1a7315f807131c2c013a0\"},\"headline\":\"Com d\u00edvida de R$ 35 bilh\u00f5es, Oi (OIBR3) pode sofrer interven\u00e7\u00e3o da Anatel\",\"datePublished\":\"2023-02-03T14:33:19+00:00\",\"dateModified\":\"2023-02-03T17:45:58+00:00\",\"mainEntityOfPage\":{\"@id\":\"https:\/\/www.suno.com.br\/noticias\/oi-oibr3-intervencao-anatel-divida-rs35bi\/\"},\"wordCount\":591,\"publisher\":{\"@id\":\"https:\/\/www.suno.com.br\/noticias\/#organization\"},\"image\":{\"@id\":\"https:\/\/www.suno.com.br\/noticias\/oi-oibr3-intervencao-anatel-divida-rs35bi\/#primaryimage\"},\"thumbnailUrl\":\"https:\/\/files.sunoresearch.com.br\/n\/uploads\/2023\/02\/oi-oibr3-dividas-intervencao-anatel-foto-divulgacao.jpg\",\"keywords\":[\"A\u00e7\u00f5es\",\"Oi (OIBR3\/OIBR4)\"],\"articleSection\":[\"Mercado\"],\"inLanguage\":\"pt-BR\"},{\"@type\":\"WebPage\",\"@id\":\"https:\/\/www.suno.com.br\/noticias\/oi-oibr3-intervencao-anatel-divida-rs35bi\/\",\"url\":\"https:\/\/www.suno.com.br\/noticias\/oi-oibr3-intervencao-anatel-divida-rs35bi\/\",\"name\":\"Com d\u00edvida de R$ 35 bi, Oi (OIBR3) pode sofrer interven\u00e7\u00e3o da Anatel\",\"isPartOf\":{\"@id\":\"https:\/\/www.suno.com.br\/noticias\/#website\"},\"primaryImageOfPage\":{\"@id\":\"https:\/\/www.suno.com.br\/noticias\/oi-oibr3-intervencao-anatel-divida-rs35bi\/#primaryimage\"},\"image\":{\"@id\":\"https:\/\/www.suno.com.br\/noticias\/oi-oibr3-intervencao-anatel-divida-rs35bi\/#primaryimage\"},\"thumbnailUrl\":\"https:\/\/files.sunoresearch.com.br\/n\/uploads\/2023\/02\/oi-oibr3-dividas-intervencao-anatel-foto-divulgacao.jpg\",\"datePublished\":\"2023-02-03T14:33:19+00:00\",\"dateModified\":\"2023-02-03T17:45:58+00:00\",\"description\":\"A recupera\u00e7\u00e3o judicial da Oi (OIBR3) n\u00e3o foi suficiente para tir\u00e1-la do caos financeiros. A empresa pode passar por uma interven\u00e7\u00e3o da Anatel!\",\"breadcrumb\":{\"@id\":\"https:\/\/www.suno.com.br\/noticias\/oi-oibr3-intervencao-anatel-divida-rs35bi\/#breadcrumb\"},\"inLanguage\":\"pt-BR\",\"potentialAction\":[{\"@type\":\"ReadAction\",\"target\":[\"https:\/\/www.suno.com.br\/noticias\/oi-oibr3-intervencao-anatel-divida-rs35bi\/\"]}]},{\"@type\":\"ImageObject\",\"inLanguage\":\"pt-BR\",\"@id\":\"https:\/\/www.suno.com.br\/noticias\/oi-oibr3-intervencao-anatel-divida-rs35bi\/#primaryimage\",\"url\":\"https:\/\/files.sunoresearch.com.br\/n\/uploads\/2023\/02\/oi-oibr3-dividas-intervencao-anatel-foto-divulgacao.jpg\",\"contentUrl\":\"https:\/\/files.sunoresearch.com.br\/n\/uploads\/2023\/02\/oi-oibr3-dividas-intervencao-anatel-foto-divulgacao.jpg\",\"width\":1200,\"height\":675,\"caption\":\"Oi (OIBR3). Foto: Divulga\u00e7\u00e3o.\"},{\"@type\":\"BreadcrumbList\",\"@id\":\"https:\/\/www.suno.com.br\/noticias\/oi-oibr3-intervencao-anatel-divida-rs35bi\/#breadcrumb\",\"itemListElement\":[{\"@type\":\"ListItem\",\"position\":1,\"name\":\"Not\u00edcias\",\"item\":\"https:\/\/www.suno.com.br\/noticias\/\"},{\"@type\":\"ListItem\",\"position\":2,\"name\":\"Mercado\",\"item\":\"https:\/\/www.suno.com.br\/noticias\/mercado\/\"},{\"@type\":\"ListItem\",\"position\":3,\"name\":\"Com d\u00edvida de R$ 35 bilh\u00f5es, Oi (OIBR3) pode sofrer interven\u00e7\u00e3o da Anatel\"}]},{\"@type\":\"WebSite\",\"@id\":\"https:\/\/www.suno.com.br\/noticias\/#website\",\"url\":\"https:\/\/www.suno.com.br\/noticias\/\",\"name\":\"Suno Not\u00edcias\",\"description\":\"Seu portal de informa\u00e7\u00e3o sobre o mundo dos investimentos\",\"publisher\":{\"@id\":\"https:\/\/www.suno.com.br\/noticias\/#organization\"},\"potentialAction\":[{\"@type\":\"SearchAction\",\"target\":{\"@type\":\"EntryPoint\",\"urlTemplate\":\"https:\/\/www.suno.com.br\/noticias\/?s={search_term_string}\"},\"query-input\":{\"@type\":\"PropertyValueSpecification\",\"valueRequired\":true,\"valueName\":\"search_term_string\"}}],\"inLanguage\":\"pt-BR\"},{\"@type\":\"Organization\",\"@id\":\"https:\/\/www.suno.com.br\/noticias\/#organization\",\"name\":\"Suno Not\u00edcias\",\"url\":\"https:\/\/www.suno.com.br\/noticias\/\",\"logo\":{\"@type\":\"ImageObject\",\"inLanguage\":\"pt-BR\",\"@id\":\"https:\/\/www.suno.com.br\/noticias\/#\/schema\/logo\/image\/\",\"url\":\"https:\/\/files.sunoresearch.com.br\/n\/uploads\/2021\/09\/suno-logo.png\",\"contentUrl\":\"https:\/\/files.sunoresearch.com.br\/n\/uploads\/2021\/09\/suno-logo.png\",\"width\":180,\"height\":180,\"caption\":\"Suno Not\u00edcias\"},\"image\":{\"@id\":\"https:\/\/www.suno.com.br\/noticias\/#\/schema\/logo\/image\/\"},\"sameAs\":[\"https:\/\/facebook.com\/sunoresearch\",\"https:\/\/x.com\/sunoresearch\",\"https:\/\/www.instagram.com\/suno\",\"https:\/\/www.linkedin.com\/company\/suno-research\/\",\"https:\/\/www.youtube.com\/c\/sunoresearch\"]},{\"@type\":\"Person\",\"@id\":\"https:\/\/www.suno.com.br\/noticias\/#\/schema\/person\/6899bc3f19d1a7315f807131c2c013a0\",\"name\":\"Erick Matheus Nery\",\"image\":{\"@type\":\"ImageObject\",\"inLanguage\":\"pt-BR\",\"@id\":\"https:\/\/www.suno.com.br\/noticias\/#\/schema\/person\/image\/\",\"url\":\"https:\/\/secure.gravatar.com\/avatar\/518ddffe438ccb767782d372a66304d2?s=96&r=g\",\"contentUrl\":\"https:\/\/secure.gravatar.com\/avatar\/518ddffe438ccb767782d372a66304d2?s=96&r=g\",\"caption\":\"Erick Matheus Nery\"},\"description\":\"Formado em Jornalismo pela Universidade Federal do Par\u00e1 (UFPA), conta com extens\u00e3o em Jornalismo Econ\u00f4mico pela Funda\u00e7\u00e3o Get\u00falio Vargas (FGV). No Suno Not\u00edcias, atua como rep\u00f3rter de Mercado, com foco nos setores de telecomunica\u00e7\u00f5es, varejo, alimentos e renda fixa. Conta com passagens pelo jornal O Estado de S\u00e3o Paulo, como trainee de Jornalismo Econ\u00f4mico, e pelo site Not\u00edcias da TV.\",\"url\":\"https:\/\/www.suno.com.br\/noticias\/author\/erick-nery\/\"}]}<\/script>\n<!-- \/ Yoast SEO plugin. -->","yoast_head_json":{"title":"Com d\u00edvida de R$ 35 bi, Oi (OIBR3) pode sofrer interven\u00e7\u00e3o da Anatel","description":"A recupera\u00e7\u00e3o judicial da Oi (OIBR3) n\u00e3o foi suficiente para tir\u00e1-la do caos financeiros. A empresa pode passar por uma interven\u00e7\u00e3o da Anatel!","robots":{"index":"index","follow":"follow","max-snippet":"max-snippet:-1","max-image-preview":"max-image-preview:large","max-video-preview":"max-video-preview:-1"},"canonical":"https:\/\/www.suno.com.br\/noticias\/oi-oibr3-intervencao-anatel-divida-rs35bi\/","og_locale":"pt_BR","og_type":"article","og_title":"Com d\u00edvida de R$ 35 bi, Oi (OIBR3) pode sofrer interven\u00e7\u00e3o da Anatel","og_description":"A recupera\u00e7\u00e3o judicial da Oi (OIBR3) n\u00e3o foi suficiente para tir\u00e1-la do caos financeiros. A empresa pode passar por uma interven\u00e7\u00e3o da Anatel!","og_url":"https:\/\/www.suno.com.br\/noticias\/oi-oibr3-intervencao-anatel-divida-rs35bi\/","og_site_name":"Suno Not\u00edcias","article_publisher":"https:\/\/facebook.com\/sunoresearch","og_image":[{"width":1200,"height":675,"url":"https:\/\/files.sunoresearch.com.br\/n\/uploads\/2023\/02\/oi-oibr3-dividas-intervencao-anatel-foto-divulgacao.jpg","type":"image\/jpeg"}],"author":"Erick Matheus Nery","twitter_card":"summary_large_image","twitter_creator":"@sunoresearch","twitter_site":"@sunoresearch","twitter_misc":{"Escrito por":"Erick Matheus Nery","Est. tempo de leitura":"3 minutos"},"schema":{"@context":"https:\/\/schema.org","@graph":[{"@type":"NewsArticle","@id":"https:\/\/www.suno.com.br\/noticias\/oi-oibr3-intervencao-anatel-divida-rs35bi\/#article","isPartOf":{"@id":"https:\/\/www.suno.com.br\/noticias\/oi-oibr3-intervencao-anatel-divida-rs35bi\/"},"author":{"name":"Erick Matheus Nery","@id":"https:\/\/www.suno.com.br\/noticias\/#\/schema\/person\/6899bc3f19d1a7315f807131c2c013a0"},"headline":"Com d\u00edvida de R$ 35 bilh\u00f5es, Oi (OIBR3) pode sofrer interven\u00e7\u00e3o da Anatel","datePublished":"2023-02-03T14:33:19+00:00","dateModified":"2023-02-03T17:45:58+00:00","mainEntityOfPage":{"@id":"https:\/\/www.suno.com.br\/noticias\/oi-oibr3-intervencao-anatel-divida-rs35bi\/"},"wordCount":591,"publisher":{"@id":"https:\/\/www.suno.com.br\/noticias\/#organization"},"image":{"@id":"https:\/\/www.suno.com.br\/noticias\/oi-oibr3-intervencao-anatel-divida-rs35bi\/#primaryimage"},"thumbnailUrl":"https:\/\/files.sunoresearch.com.br\/n\/uploads\/2023\/02\/oi-oibr3-dividas-intervencao-anatel-foto-divulgacao.jpg","keywords":["A\u00e7\u00f5es","Oi (OIBR3\/OIBR4)"],"articleSection":["Mercado"],"inLanguage":"pt-BR"},{"@type":"WebPage","@id":"https:\/\/www.suno.com.br\/noticias\/oi-oibr3-intervencao-anatel-divida-rs35bi\/","url":"https:\/\/www.suno.com.br\/noticias\/oi-oibr3-intervencao-anatel-divida-rs35bi\/","name":"Com d\u00edvida de R$ 35 bi, Oi (OIBR3) pode sofrer interven\u00e7\u00e3o da Anatel","isPartOf":{"@id":"https:\/\/www.suno.com.br\/noticias\/#website"},"primaryImageOfPage":{"@id":"https:\/\/www.suno.com.br\/noticias\/oi-oibr3-intervencao-anatel-divida-rs35bi\/#primaryimage"},"image":{"@id":"https:\/\/www.suno.com.br\/noticias\/oi-oibr3-intervencao-anatel-divida-rs35bi\/#primaryimage"},"thumbnailUrl":"https:\/\/files.sunoresearch.com.br\/n\/uploads\/2023\/02\/oi-oibr3-dividas-intervencao-anatel-foto-divulgacao.jpg","datePublished":"2023-02-03T14:33:19+00:00","dateModified":"2023-02-03T17:45:58+00:00","description":"A recupera\u00e7\u00e3o judicial da Oi (OIBR3) n\u00e3o foi suficiente para tir\u00e1-la do caos financeiros. A empresa pode passar por uma interven\u00e7\u00e3o da Anatel!","breadcrumb":{"@id":"https:\/\/www.suno.com.br\/noticias\/oi-oibr3-intervencao-anatel-divida-rs35bi\/#breadcrumb"},"inLanguage":"pt-BR","potentialAction":[{"@type":"ReadAction","target":["https:\/\/www.suno.com.br\/noticias\/oi-oibr3-intervencao-anatel-divida-rs35bi\/"]}]},{"@type":"ImageObject","inLanguage":"pt-BR","@id":"https:\/\/www.suno.com.br\/noticias\/oi-oibr3-intervencao-anatel-divida-rs35bi\/#primaryimage","url":"https:\/\/files.sunoresearch.com.br\/n\/uploads\/2023\/02\/oi-oibr3-dividas-intervencao-anatel-foto-divulgacao.jpg","contentUrl":"https:\/\/files.sunoresearch.com.br\/n\/uploads\/2023\/02\/oi-oibr3-dividas-intervencao-anatel-foto-divulgacao.jpg","width":1200,"height":675,"caption":"Oi (OIBR3). Foto: Divulga\u00e7\u00e3o."},{"@type":"BreadcrumbList","@id":"https:\/\/www.suno.com.br\/noticias\/oi-oibr3-intervencao-anatel-divida-rs35bi\/#breadcrumb","itemListElement":[{"@type":"ListItem","position":1,"name":"Not\u00edcias","item":"https:\/\/www.suno.com.br\/noticias\/"},{"@type":"ListItem","position":2,"name":"Mercado","item":"https:\/\/www.suno.com.br\/noticias\/mercado\/"},{"@type":"ListItem","position":3,"name":"Com d\u00edvida de R$ 35 bilh\u00f5es, Oi (OIBR3) pode sofrer interven\u00e7\u00e3o da Anatel"}]},{"@type":"WebSite","@id":"https:\/\/www.suno.com.br\/noticias\/#website","url":"https:\/\/www.suno.com.br\/noticias\/","name":"Suno Not\u00edcias","description":"Seu portal de informa\u00e7\u00e3o sobre o mundo dos investimentos","publisher":{"@id":"https:\/\/www.suno.com.br\/noticias\/#organization"},"potentialAction":[{"@type":"SearchAction","target":{"@type":"EntryPoint","urlTemplate":"https:\/\/www.suno.com.br\/noticias\/?s={search_term_string}"},"query-input":{"@type":"PropertyValueSpecification","valueRequired":true,"valueName":"search_term_string"}}],"inLanguage":"pt-BR"},{"@type":"Organization","@id":"https:\/\/www.suno.com.br\/noticias\/#organization","name":"Suno Not\u00edcias","url":"https:\/\/www.suno.com.br\/noticias\/","logo":{"@type":"ImageObject","inLanguage":"pt-BR","@id":"https:\/\/www.suno.com.br\/noticias\/#\/schema\/logo\/image\/","url":"https:\/\/files.sunoresearch.com.br\/n\/uploads\/2021\/09\/suno-logo.png","contentUrl":"https:\/\/files.sunoresearch.com.br\/n\/uploads\/2021\/09\/suno-logo.png","width":180,"height":180,"caption":"Suno Not\u00edcias"},"image":{"@id":"https:\/\/www.suno.com.br\/noticias\/#\/schema\/logo\/image\/"},"sameAs":["https:\/\/facebook.com\/sunoresearch","https:\/\/x.com\/sunoresearch","https:\/\/www.instagram.com\/suno","https:\/\/www.linkedin.com\/company\/suno-research\/","https:\/\/www.youtube.com\/c\/sunoresearch"]},{"@type":"Person","@id":"https:\/\/www.suno.com.br\/noticias\/#\/schema\/person\/6899bc3f19d1a7315f807131c2c013a0","name":"Erick Matheus Nery","image":{"@type":"ImageObject","inLanguage":"pt-BR","@id":"https:\/\/www.suno.com.br\/noticias\/#\/schema\/person\/image\/","url":"https:\/\/secure.gravatar.com\/avatar\/518ddffe438ccb767782d372a66304d2?s=96&r=g","contentUrl":"https:\/\/secure.gravatar.com\/avatar\/518ddffe438ccb767782d372a66304d2?s=96&r=g","caption":"Erick Matheus Nery"},"description":"Formado em Jornalismo pela Universidade Federal do Par\u00e1 (UFPA), conta com extens\u00e3o em Jornalismo Econ\u00f4mico pela Funda\u00e7\u00e3o Get\u00falio Vargas (FGV). No Suno Not\u00edcias, atua como rep\u00f3rter de Mercado, com foco nos setores de telecomunica\u00e7\u00f5es, varejo, alimentos e renda fixa. Conta com passagens pelo jornal O Estado de S\u00e3o Paulo, como trainee de Jornalismo Econ\u00f4mico, e pelo site Not\u00edcias da TV.","url":"https:\/\/www.suno.com.br\/noticias\/author\/erick-nery\/"}]}},"default_loop_html":"<div class=\"cardsPage__listCard__boxs\"><div class=\"cardsPage__listCard__boxs__img\"><a href=\"https:\/\/www.suno.com.br\/noticias\/oi-oibr3-intervencao-anatel-divida-rs35bi\/\"><img class=\"mask\" src=\"https:\/\/www.suno.com.br\/noticias\/wp-content\/themes\/suno\/resources\/images\/spotlight\/spotlight1img\/bg-mask.png\" alt=\"Image Mask\"\/><img src=\"https:\/\/files.sunoresearch.com.br\/n\/uploads\/2023\/02\/oi-oibr3-dividas-intervencao-anatel-foto-divulgacao-400x200.jpg\" alt=\"Com d\u00edvida de R$ 35 bilh\u00f5es, Oi (OIBR3) pode sofrer interven\u00e7\u00e3o da Anatel\"\/><\/a><span class=\"spotlightCategory\"><a href=\"https:\/\/www.suno.com.br\/noticias\/mercado\/\">Mercado<\/a><\/span><\/div><div class=\"cardsPage__listCard__boxs__content\"><a href=\"https:\/\/www.suno.com.br\/noticias\/oi-oibr3-intervencao-anatel-divida-rs35bi\/\"><h2 class=\"content__title\">Com d\u00edvida de R$ 35 bilh\u00f5es, Oi (OIBR3) pode sofrer interven\u00e7\u00e3o da Anatel<\/h2><\/a><div class=\"newsContent__article__meta\"><div class=\"newsContent__article__meta__authorBox\"><a href=\"https:\/\/www.suno.com.br\/noticias\/author\/erick-nery\/\" class=\"authorBox__avatar noMobi\"><img src=\"https:\/\/secure.gravatar.com\/avatar\/518ddffe438ccb767782d372a66304d2?s=96&#038;r=g\" alt=\"Erick Matheus Nery\"><\/a><div class=\"authorBox__name\"><span>por\n\t\t\t<a href=\"https:\/\/www.suno.com.br\/noticias\/author\/erick-nery\/\"><span itemprop=\"author\">Erick Matheus Nery<\/span><\/a><\/span><time datetime=\"2023-02-03T11:33:19-03:00\" itemprop=\"datePublished\">03\/02\/2023 11:33<\/time><\/div><\/div><\/div><\/div><\/div>","single_layout":"posts","amp_enabled":true,"_links":{"self":[{"href":"https:\/\/www.suno.com.br\/noticias\/wp-json\/wp\/v2\/posts\/357945"}],"collection":[{"href":"https:\/\/www.suno.com.br\/noticias\/wp-json\/wp\/v2\/posts"}],"about":[{"href":"https:\/\/www.suno.com.br\/noticias\/wp-json\/wp\/v2\/types\/post"}],"author":[{"embeddable":true,"href":"https:\/\/www.suno.com.br\/noticias\/wp-json\/wp\/v2\/users\/232"}],"replies":[{"embeddable":true,"href":"https:\/\/www.suno.com.br\/noticias\/wp-json\/wp\/v2\/comments?post=357945"}],"version-history":[{"count":2,"href":"https:\/\/www.suno.com.br\/noticias\/wp-json\/wp\/v2\/posts\/357945\/revisions"}],"predecessor-version":[{"id":358087,"href":"https:\/\/www.suno.com.br\/noticias\/wp-json\/wp\/v2\/posts\/357945\/revisions\/358087"}],"wp:featuredmedia":[{"embeddable":true,"href":"https:\/\/www.suno.com.br\/noticias\/wp-json\/wp\/v2\/media\/357961"}],"wp:attachment":[{"href":"https:\/\/www.suno.com.br\/noticias\/wp-json\/wp\/v2\/media?parent=357945"}],"wp:term":[{"taxonomy":"category","embeddable":true,"href":"https:\/\/www.suno.com.br\/noticias\/wp-json\/wp\/v2\/categories?post=357945"},{"taxonomy":"post_tag","embeddable":true,"href":"https:\/\/www.suno.com.br\/noticias\/wp-json\/wp\/v2\/tags?post=357945"},{"taxonomy":"suno_strategy","embeddable":true,"href":"https:\/\/www.suno.com.br\/noticias\/wp-json\/wp\/v2\/suno_strategy?post=357945"}],"curies":[{"name":"wp","href":"https:\/\/api.w.org\/{rel}","templated":true}]}}